{"id":1068,"date":"2018-09-03T13:01:12","date_gmt":"2018-09-03T11:01:12","guid":{"rendered":"https:\/\/www.mojekonferencje.pl\/blog\/?p=1068"},"modified":"2026-04-27T17:49:42","modified_gmt":"2026-04-27T15:49:42","slug":"zorganizowac-perfekcyjna-konferencje","status":"publish","type":"post","link":"https:\/\/www.mojekonferencje.pl\/blog\/zorganizowac-perfekcyjna-konferencje\/","title":{"rendered":"Jak zorganizowa\u0107 perfekcyjn\u0105 konferencj\u0119?"},"content":{"rendered":"\n<p><strong>To pytanie zadaje sobie wiele os\u00f3b mierz\u0105cych si\u0119 z tym nie\u0142atwym zadaniem. Na co zwr\u00f3ci\u0107 uwag\u0119? Jak sprosta\u0107 oczekiwaniom uczestnik\u00f3w? Jak nie uton\u0105\u0107 pod fal\u0105 negatywnych opinii po sko\u0144czonej konferencji? <\/strong><\/p>\n\n\n\n<p>Spokojnie! Organizuj\u0105c konferencj\u0119 pierwszy raz, zapominamy o wielu kluczowych kwestiach. Dla pocieszenia zdradzimy, \u017ce im wi\u0119cej zorganizowanych event\u00f3w, tym bardziej perfekcyjne konferencje udaje si\u0119 zorganizowa\u0107. Ka\u017cdy z nas pope\u0142nia b\u0142\u0119dy. Warto jednak pami\u0119ta\u0107, by uczy\u0107 si\u0119 na nich i wyci\u0105ga\u0107 wnioski. Stara prawda m\u00f3wi: najlepiej uczy\u0107 si\u0119 na w\u0142asnych b\u0142\u0119dach.<\/p>\n\n\n\n<figure class=\"wp-block-image\"><img loading=\"lazy\" decoding=\"async\" width=\"1024\" height=\"683\" src=\"https:\/\/www.mojekonferencje.pl\/blog\/wp-content\/uploads\/2018\/09\/281-1024x683.jpg\" alt=\"\" class=\"wp-image-1071 lazyload\" data-srcset=\"https:\/\/www.mojekonferencje.pl\/blog\/wp-content\/uploads\/2018\/09\/281-1024x683.jpg 1024w, https:\/\/www.mojekonferencje.pl\/blog\/wp-content\/uploads\/2018\/09\/281-300x200.jpg 300w, https:\/\/www.mojekonferencje.pl\/blog\/wp-content\/uploads\/2018\/09\/281-768x512.jpg 768w, https:\/\/www.mojekonferencje.pl\/blog\/wp-content\/uploads\/2018\/09\/281-150x100.jpg 150w, https:\/\/www.mojekonferencje.pl\/blog\/wp-content\/uploads\/2018\/09\/281-700x467.jpg 700w, https:\/\/www.mojekonferencje.pl\/blog\/wp-content\/uploads\/2018\/09\/281-1080x720.jpg 1080w\" sizes=\"auto\" \/><\/figure>\n\n\n\n<p><\/p>\n\n\n\n<p>Jest jednak kilka wa\u017cnych spraw, kt\u00f3re pomog\u0105 zorganizowa\u0107 perfekcyjn\u0105 konferencj\u0119 i przybli\u017c\u0105 nas do sukcesu.<\/p>\n\n\n\n<p>Po pierwsze zastan\u00f3wmy si\u0119 jaki jest cel naszego spotkania. Zdefiniujmy powody jego organizacji. Nale\u017cy zada\u0107 sobie kilka bardzo wa\u017cnych pyta\u0144:<\/p>\n\n\n\n<p><strong>Po co organizujemy konferencj\u0119?<\/strong><br>\n<strong>Kto jest nasz\u0105 grup\u0105 odbiorc\u00f3w i potencjalnych zainteresowanych?<\/strong><br>\n<strong>Jakie informacje chcemy przekaza\u0107 uczestnikom spotkania?<\/strong><br>\n<strong>Jakie maj\u0105 potrzeby i czy uda nam si\u0119 je zrealizowa\u0107?<\/strong><\/p>\n\n\n\n<p>Je\u015bli ju\u017c za\u0142o\u017cymy, \u017ce jeste\u015bmy w stanie spe\u0142ni\u0107 potrzeby uczestnik\u00f3w i mamy wystarczaj\u0105cy bud\u017cet, musimy przemy\u015ble\u0107, jaki termin b\u0119dzie najbardziej odpowiedni. Kiedy najwi\u0119cej os\u00f3b znajdzie czas, \u017ceby wys\u0142ucha\u0107, co mamy do powiedzenia. Od dobrego terminu zale\u017cy frekwencja podczas naszego spotkania.<\/p>\n\n\n\n<p><strong>Organizatorzy konferencji musz\u0105 przejrze\u0107 kalendarz podobnych do niej wydarze\u0144.<\/strong> Czy nie b\u0119dzie ona kolidowa\u0107 z innymi atrakcyjnymi eventami, zmuszaj\u0105c zainteresowane osoby do wyboru mi\u0119dzy kilkoma eventami. Nie mo\u017cemy by\u0107 zbyt pewni siebie &#8211; nie zak\u0142adajmy, \u017ce nasza konferencja na pewno b\u0119dzie ciekawsza od innych. Nie musi tak wcale by\u0107. A przede wszystkim uczestnicy jeszcze o tym nie wiedz\u0105. <strong>Wa\u017cna jest te\u017c pora dnia.<\/strong> Kto marzy o konferencji w pi\u0105tkowe popo\u0142udnie, kiedy wszyscy ju\u017c w g\u0142owie planuj\u0105 weekend? Poniedzia\u0142kowy poranek tak\u017ce nie nale\u017cy do najlepszych termin\u00f3w. Wszyscy wiedz\u0105 dlaczego.<\/p>\n\n\n\n<h2 class=\"wp-block-heading\">Perfekcyjna konferencja nie mo\u017ce oby\u0107 si\u0119 bez odpowiedniej publiczno\u015bci<\/h2>\n\n\n\n<p>Przed wyborem miejsca konferencyjnego nale\u017cy najpierw <strong>ustali\u0107 liczb\u0119 go\u015bci<\/strong>. My\u015blmy przede wszystkim o osobach, kt\u00f3re realnie s\u0105 zainteresowane tematyk\u0105 konferencji. Organizatorzy spotka\u0144 biznesowych cz\u0119sto bujaj\u0105 w ob\u0142okach, maj\u0105c nadziej\u0119, \u017ce wszystkie zaproszone osoby pojawi\u0105 na ich wydarzeniu. W tej kwestii <strong>organizacja konferencji przypomina troch\u0119 organizacj\u0119 wesela<\/strong>. Zawsze jaki\u015b procent go\u015bci si\u0119 nie zjawi. Musimy to zaakceptowa\u0107 i poprosi\u0107 zapraszane przez nas osoby o potwierdzenie przybycia przynajmniej miesi\u0105c przed konferencj\u0105. Pomo\u017ce to nam lepiej zaplanowa\u0107 catering i zakwaterowanie go\u015bci.<\/p>\n\n\n\n<p>Zdarza si\u0119 jednak, \u017ce niekt\u00f3re osoby zrezygnuj\u0105 w ten sam dzie\u0144 z r\u00f3\u017cnych powod\u00f3w lub b\u0119d\u0105 mog\u0142y jednak si\u0119 pojawi\u0107 mimo wcze\u015bniejszej negatywnej odpowiedzi. Warto ustali\u0107 wcze\u015bniej z w\u0142a\u015bcicielami obiektu, w kt\u00f3rym organizujemy nasz event, \u017ce ewentualne zmiany liczby go\u015bci nie b\u0119d\u0105 wi\u0105za\u0107 si\u0119 z dodatkowymi kosztami. Dobrze jest zapozna\u0107 si\u0119 z mo\u017cliwo\u015bciami obiektu, czyli ile oferuje on pokoi, jaka jest wielko\u015b\u0107 sali &#8211; ile najwi\u0119cej, a ile najmniej mo\u017ce pomie\u015bci\u0107 uczestnik\u00f3w.<\/p>\n\n\n<div class=\"wp-block-image\">\n<figure class=\"aligncenter\"><img loading=\"lazy\" decoding=\"async\" width=\"1024\" height=\"578\" src=\"https:\/\/www.mojekonferencje.pl\/blog\/wp-content\/uploads\/2018\/09\/manager-308474_1280-1024x578.png\" alt=\"\" class=\"wp-image-1072 lazyload\" data-srcset=\"https:\/\/www.mojekonferencje.pl\/blog\/wp-content\/uploads\/2018\/09\/manager-308474_1280-1024x578.png 1024w, https:\/\/www.mojekonferencje.pl\/blog\/wp-content\/uploads\/2018\/09\/manager-308474_1280-300x169.png 300w, https:\/\/www.mojekonferencje.pl\/blog\/wp-content\/uploads\/2018\/09\/manager-308474_1280-768x433.png 768w, https:\/\/www.mojekonferencje.pl\/blog\/wp-content\/uploads\/2018\/09\/manager-308474_1280-700x395.png 700w, https:\/\/www.mojekonferencje.pl\/blog\/wp-content\/uploads\/2018\/09\/manager-308474_1280-1080x609.png 1080w, https:\/\/www.mojekonferencje.pl\/blog\/wp-content\/uploads\/2018\/09\/manager-308474_1280.png 1280w\" sizes=\"auto\" \/><\/figure>\n<\/div>\n\n\n<p><\/p>\n\n\n\n<h2 class=\"wp-block-heading\">Teoretycy czy praktycy? Czyli kogo wybra\u0107 na prelegenta naszej konferencji<\/h2>\n\n\n\n<p>Lista go\u015bci dotyczy r\u00f3wnie\u017c prelegent\u00f3w. Musimy zaprosi\u0107 osoby, kt\u00f3re s\u0105 nie tylko merytorycznie przygotowane do wypowiadania si\u0119 na naszej konferencji, ale r\u00f3wnie\u017c kt\u00f3re s\u0105 <strong>komunikatywne i b\u0119d\u0105 umia\u0142y nawi\u0105za\u0107 kontakt z publiczno\u015bci\u0105<\/strong>. Jest wielu m\u0105drych teoretyk\u00f3w, kt\u00f3rzy maj\u0105 du\u017co do powiedzenia w swojej dziedzinie. Niestety podczas tak du\u017cego zgromadzenia, jakim jest konferencja, osoba stoj\u0105ca na m\u00f3wnicy nie mo\u017ce tylko wymawia\u0107 m\u0105drych s\u0142\u00f3w, ale r\u00f3wnie\u017c zainteresowa\u0107 tematem uczestnik\u00f3w wydarzenia. Inaczej z organizacji perfekcyjnej konferencji wyjdzie nam organizacja nudnej konferencji. <strong>Warto wybiera\u0107 praktyk\u00f3w, kt\u00f3rzy posiadaj\u0105 wieloletnie do\u015bwiadczenie w swoim fachu.<\/strong> Tacy ludzie nie tylko s\u0105 bardziej komunikatywni od teoretyk\u00f3w, ale r\u00f3wnie\u017c <strong>zdradz\u0105 publiczno\u015bci ciekawe triki<\/strong>, kt\u00f3re przydadz\u0105 si\u0119 podczas wykonywania r\u00f3\u017cnego rodzaju czynno\u015bci.<\/p>\n\n\n<div class=\"wp-block-image\">\n<figure class=\"aligncenter\"><img loading=\"lazy\" decoding=\"async\" width=\"1024\" height=\"1024\" src=\"https:\/\/www.mojekonferencje.pl\/blog\/wp-content\/uploads\/2018\/09\/435-1024x1024.jpg\" alt=\"\" class=\"wp-image-1069 lazyload\"\/><\/figure>\n<\/div>\n\n\n<p><\/p>\n\n\n\n<p>Sporz\u0105dzaj\u0105c program przebiegu konferencji, uwzgl\u0119dnij kolejno\u015b\u0107, w jakiej b\u0119d\u0105 wyst\u0119powa\u0107 prelegenci, jaki b\u0119dzie podzia\u0142 r\u00f3l i kto zajmie si\u0119 odpowiadaniem na pytania go\u015bci. <strong>Upewnij si\u0119, \u017ce prelegenci s\u0105 doskonale przygotowani do prowadzenia spotkania<\/strong> i znaj\u0105 szczeg\u00f3\u0142owy plan organizowanego przez Ciebie wydarzenia.<\/p>\n\n\n\n<h2 class=\"wp-block-heading\">Miejsce na konferencje &#8211; na co zwr\u00f3ci\u0107 uwag\u0119<\/h2>\n\n\n\n<p>Wyb\u00f3r odpowiedniego miejsca na konferencj\u0119 r\u00f3wnie\u017c nie nale\u017cy do naj\u0142atwiejszych spraw. Trzeba wzi\u0105\u0107 pod uwag\u0119 wiele kluczowych spraw, jak na przyk\u0142ad to, czy obiekt ma sal\u0119 konferencyjn\u0105, a je\u015bli ma &#8211; to ile os\u00f3b si\u0119 w niej zmie\u015bci? <strong>Czy w sali znajduje si\u0119 sprz\u0119t do przeprowadzenia prezentacji multimedialnej?<\/strong> Je\u015bli tak, to jaki? Czy jest uwzgl\u0119dniony w cenie wynajmu sali, czy trzeba ponie\u015b\u0107 dodatkowe koszty? Czy spe\u0142nia on nasze wymagania? Wa\u017cne jest r\u00f3wnie\u017c zwr\u00f3cenie uwagi na wygodne krzes\u0142a dla go\u015bci i dobr\u0105 akustyk\u0119 pomieszczenia.<\/p>\n\n\n\n<figure class=\"wp-block-image\"><img loading=\"lazy\" decoding=\"async\" width=\"1024\" height=\"668\" src=\"https:\/\/www.mojekonferencje.pl\/blog\/wp-content\/uploads\/2018\/09\/5303-1024x668.jpg\" alt=\"\" class=\"wp-image-1070 lazyload\" data-srcset=\"https:\/\/www.mojekonferencje.pl\/blog\/wp-content\/uploads\/2018\/09\/5303-1024x668.jpg 1024w, https:\/\/www.mojekonferencje.pl\/blog\/wp-content\/uploads\/2018\/09\/5303-300x196.jpg 300w, https:\/\/www.mojekonferencje.pl\/blog\/wp-content\/uploads\/2018\/09\/5303-768x501.jpg 768w, https:\/\/www.mojekonferencje.pl\/blog\/wp-content\/uploads\/2018\/09\/5303-700x457.jpg 700w, https:\/\/www.mojekonferencje.pl\/blog\/wp-content\/uploads\/2018\/09\/5303-1080x705.jpg 1080w\" sizes=\"auto\" \/><\/figure>\n\n\n\n<p><\/p>\n\n\n\n<p>Elementy, kt\u00f3re nale\u017cy tak\u017ce uwzgl\u0119dni\u0107, podczas wybierania PERFEKCYJNEGO miejsca na nasz\u0105 konferencj\u0119 to: dojazd, miejsca parkingowe, otoczenie, standard wn\u0119trz, obs\u0142uga. <strong>Lokalizacja w centrum du\u017cego miasta czy ukrytym w lesie pa\u0142acu?<\/strong> My\u015bl\u0105c nad wyborem miejsca, bierzemy pod uwag\u0119 przede wszystkim cel organizowanego przez nas eventu. Kilkugodzinn\u0105 konferencj\u0119 w \u015brodku tygodnia lepiej zorganizowa\u0107 w centrum miasta, gdzie ka\u017cdy uczestnik mo\u017ce szybko dojecha\u0107 zar\u00f3wno swoich samochodem, jak i \u015brodkami komunikacji miejskiej. Je\u015bli chcemy, by nasza konferencja by\u0142a tylko jednym z element\u00f3w organizowanego przez nas wydarzenia (obok np. bankietu, kolacji, warsztat\u00f3w czy integracji) warto wybra\u0107 <strong>miejsce bardziej atrakcyjne dla samych uczestnik\u00f3w.<\/strong> Zabytkowy zamek, agroturystyka lub pensjonat nad jeziorem daj\u0105 wiele mo\u017cliwo\u015bci organizacji wolnego czasu dla naszych go\u015bci.<\/p>\n\n\n\n<h2 class=\"wp-block-heading\">Nie b\u00f3j si\u0119 prosi\u0107 o pomoc<\/h2>\n\n\n\n<p>Jak zorganizowa\u0107 perfekcyjn\u0105 konferencj\u0119, je\u015bli nie mamy du\u017cego do\u015bwiadczenia w organizacji biznesowych wydarze\u0144? <strong>Z pomoc\u0105 przychodzi nam tzw. opiekun wydarzenia.<\/strong> Ch\u0119tnie doradzi i podpowie na co zwr\u00f3ci\u0107 uwag\u0119, co poprawi\u0107, co si\u0119 sprawdzi, a co nie. Pomo\u017ce nam wyeliminowa\u0107 b\u0142\u0119dy organizacyjne. Zaproponuje r\u00f3wnie\u017c kilka wariant\u00f3w urozmaicenia wydarzenia i zorganizowania uczestnikom czasu pomi\u0119dzy poszczeg\u00f3lnymi panelami konferencji i po jej zako\u0144czeniu. <strong>Wszystko po to, by nasza konferencja zapad\u0142a w pami\u0119\u0107 wszystkich uczestnik\u00f3w &#8211; oczywi\u015bcie pozytywnie, a nie negatywnie!<\/strong><\/p>\n\n\n<div class=\"wp-block-image\">\n<figure class=\"aligncenter\"><img loading=\"lazy\" decoding=\"async\" width=\"1024\" height=\"983\" src=\"https:\/\/www.mojekonferencje.pl\/blog\/wp-content\/uploads\/2018\/09\/presentation-1600942_1280-1024x983.png\" alt=\"\" class=\"wp-image-1073 lazyload\" data-srcset=\"https:\/\/www.mojekonferencje.pl\/blog\/wp-content\/uploads\/2018\/09\/presentation-1600942_1280-1024x983.png 1024w, https:\/\/www.mojekonferencje.pl\/blog\/wp-content\/uploads\/2018\/09\/presentation-1600942_1280-300x288.png 300w, https:\/\/www.mojekonferencje.pl\/blog\/wp-content\/uploads\/2018\/09\/presentation-1600942_1280-768x737.png 768w, https:\/\/www.mojekonferencje.pl\/blog\/wp-content\/uploads\/2018\/09\/presentation-1600942_1280-700x672.png 700w, https:\/\/www.mojekonferencje.pl\/blog\/wp-content\/uploads\/2018\/09\/presentation-1600942_1280-1080x1037.png 1080w, https:\/\/www.mojekonferencje.pl\/blog\/wp-content\/uploads\/2018\/09\/presentation-1600942_1280.png 1280w\" sizes=\"auto\" \/><\/figure>\n<\/div>\n\n\n<p>Nikt nie m\u00f3wi\u0142, \u017ce b\u0119dzie \u0142atwo.<\/p>\n\n\n\n<p>Organizacja perfekcyjnej konferencji to du\u017ce wyzwanie logistyczne, kt\u00f3re wymaga zaanga\u017cowania, precyzji i dobrej koordynacji wielu element\u00f3w. Aby wszystkie dzia\u0142ania prze\u0142o\u017cy\u0142y si\u0119 na sukces wydarzenia, warto dok\u0142adnie przemy\u015ble\u0107 ka\u017cdy etap planowania i zadba\u0107 o odpowiedni\u0105 organizacj\u0119 ju\u017c od samego pocz\u0105tku.<\/p>\n\n\n\n<p>\u017byczymy powodzenia w organizacji perfekcyjnych konferencji. Planuj\u0105c kolejne wydarzenie, warto skorzysta\u0107 ze wsparcia event concierge oraz bazy sprawdzonych <a href=\"https:\/\/www.mojekonferencje.pl\/obiekt-konferencyjny\" type=\"link\" id=\"https:\/\/www.mojekonferencje.pl\/obiekt-konferencyjny\">obiekt\u00f3w konferencyjnych<\/a> dost\u0119pnych na <a href=\"https:\/\/www.mojekonferencje.pl\/\" type=\"link\" id=\"https:\/\/www.mojekonferencje.pl\/\">Mojekonferencje.pl<\/a> i wybra\u0107 miejsce idealnie dopasowane do potrzeb organizowanego eventu.<\/p>\n\n\n\n<p><\/p>\n","protected":false},"excerpt":{"rendered":"<p>Organizuj\u0105c konferencj\u0119 ka\u017cdy chce, by jego wydarzenie by\u0142o perfekcyjne, a ca\u0142o\u015b\u0107 okaza\u0142a si\u0119 du\u017cym sukcesem, o kt\u00f3rym b\u0119dzie si\u0119 m\u00f3wi\u0107 na biznesowym rynku. Niestety nie zawsze tak jest. Organizacja perfekcyjnej konferencji to ci\u0119\u017cki kawa\u0142ek chleba do zgryzienia. Podpowiadamy, jak przybli\u017cy\u0107 si\u0119 do idea\u0142u.<\/p>\n","protected":false},"author":19,"featured_media":1069,"comment_status":"closed","ping_status":"closed","sticky":false,"template":"","format":"standard","meta":{"_acf_changed":false,"footnotes":""},"categories":[12,9,8],"tags":[],"class_list":["post-1068","post","type-post","status-publish","format-standard","has-post-thumbnail","hentry","category-nietypowe-konferencje","category-glowne-punkty-konferencyjne","category-porady"],"acf":[],"yoast_head":"<!-- This site is optimized with the Yoast SEO plugin v27.1.1 - https:\/\/yoast.com\/product\/yoast-seo-wordpress\/ -->\n<title>Jak zorganizowa\u0107 perfekcyjn\u0105 konferencj\u0119? - blog | MojeKonferencje.pl<\/title>\n<meta name=\"description\" content=\"Jak zorganizowa\u0107 perfekcyjn\u0105 konferencj\u0119? - blog | MojeKonferencje.pl\" \/>\n<meta name=\"robots\" content=\"index, follow, max-snippet:-1, max-image-preview:large, max-video-preview:-1\" \/>\n<link rel=\"canonical\" href=\"https:\/\/www.mojekonferencje.pl\/blog\/zorganizowac-perfekcyjna-konferencje\/\" \/>\n<meta property=\"og:locale\" content=\"pl_PL\" \/>\n<meta property=\"og:type\" content=\"article\" \/>\n<meta property=\"og:title\" content=\"Jak zorganizowa\u0107 perfekcyjn\u0105 konferencj\u0119? - blog | MojeKonferencje.pl\" \/>\n<meta property=\"og:description\" content=\"Jak zorganizowa\u0107 perfekcyjn\u0105 konferencj\u0119? - blog | MojeKonferencje.pl\" \/>\n<meta property=\"og:url\" content=\"https:\/\/www.mojekonferencje.pl\/blog\/zorganizowac-perfekcyjna-konferencje\/\" \/>\n<meta property=\"og:site_name\" content=\"MojeKonferencje.pl\" \/>\n<meta property=\"article:published_time\" content=\"2018-09-03T11:01:12+00:00\" \/>\n<meta property=\"article:modified_time\" content=\"2026-04-27T15:49:42+00:00\" \/>\n<meta property=\"og:image\" content=\"https:\/\/www.mojekonferencje.pl\/blog\/wp-content\/uploads\/2018\/09\/435-e1559213634139.jpg\" \/>\n\t<meta property=\"og:image:width\" content=\"1000\" \/>\n\t<meta property=\"og:image:height\" content=\"1000\" \/>\n\t<meta property=\"og:image:type\" content=\"image\/jpeg\" \/>\n<meta name=\"author\" content=\"Dariusz\" \/>\n<meta name=\"twitter:card\" content=\"summary_large_image\" \/>\n<meta name=\"twitter:label1\" content=\"Napisane przez\" \/>\n\t<meta name=\"twitter:data1\" content=\"Dariusz\" \/>\n\t<meta name=\"twitter:label2\" content=\"Szacowany czas czytania\" \/>\n\t<meta name=\"twitter:data2\" content=\"7 minut\" \/>\n<script type=\"application\/ld+json\" class=\"yoast-schema-graph\">{\"@context\":\"https:\/\/schema.org\",\"@graph\":[{\"@type\":\"Article\",\"@id\":\"https:\/\/www.mojekonferencje.pl\/blog\/zorganizowac-perfekcyjna-konferencje\/#article\",\"isPartOf\":{\"@id\":\"https:\/\/www.mojekonferencje.pl\/blog\/zorganizowac-perfekcyjna-konferencje\/\"},\"author\":{\"name\":\"Dariusz\",\"@id\":\"https:\/\/www.mojekonferencje.pl\/blog\/#\/schema\/person\/f6a9852e382cc622bf711fb66bca5b94\"},\"headline\":\"Jak zorganizowa\u0107 perfekcyjn\u0105 konferencj\u0119?\",\"datePublished\":\"2018-09-03T11:01:12+00:00\",\"dateModified\":\"2026-04-27T15:49:42+00:00\",\"mainEntityOfPage\":{\"@id\":\"https:\/\/www.mojekonferencje.pl\/blog\/zorganizowac-perfekcyjna-konferencje\/\"},\"wordCount\":1155,\"image\":{\"@id\":\"https:\/\/www.mojekonferencje.pl\/blog\/zorganizowac-perfekcyjna-konferencje\/#primaryimage\"},\"thumbnailUrl\":\"https:\/\/www.mojekonferencje.pl\/blog\/wp-content\/uploads\/2018\/09\/435-e1559213634139.jpg\",\"articleSection\":[\"(Nie)typowe konferencje\",\"G\u0142\u00f3wne punkty konferencyjne\",\"Porady\"],\"inLanguage\":\"pl-PL\"},{\"@type\":\"WebPage\",\"@id\":\"https:\/\/www.mojekonferencje.pl\/blog\/zorganizowac-perfekcyjna-konferencje\/\",\"url\":\"https:\/\/www.mojekonferencje.pl\/blog\/zorganizowac-perfekcyjna-konferencje\/\",\"name\":\"Jak zorganizowa\u0107 perfekcyjn\u0105 konferencj\u0119? - blog | MojeKonferencje.pl\",\"isPartOf\":{\"@id\":\"https:\/\/www.mojekonferencje.pl\/blog\/#website\"},\"primaryImageOfPage\":{\"@id\":\"https:\/\/www.mojekonferencje.pl\/blog\/zorganizowac-perfekcyjna-konferencje\/#primaryimage\"},\"image\":{\"@id\":\"https:\/\/www.mojekonferencje.pl\/blog\/zorganizowac-perfekcyjna-konferencje\/#primaryimage\"},\"thumbnailUrl\":\"https:\/\/www.mojekonferencje.pl\/blog\/wp-content\/uploads\/2018\/09\/435-e1559213634139.jpg\",\"datePublished\":\"2018-09-03T11:01:12+00:00\",\"dateModified\":\"2026-04-27T15:49:42+00:00\",\"author\":{\"@id\":\"https:\/\/www.mojekonferencje.pl\/blog\/#\/schema\/person\/f6a9852e382cc622bf711fb66bca5b94\"},\"description\":\"Jak zorganizowa\u0107 perfekcyjn\u0105 konferencj\u0119? - blog | MojeKonferencje.pl\",\"breadcrumb\":{\"@id\":\"https:\/\/www.mojekonferencje.pl\/blog\/zorganizowac-perfekcyjna-konferencje\/#breadcrumb\"},\"inLanguage\":\"pl-PL\",\"potentialAction\":[{\"@type\":\"ReadAction\",\"target\":[\"https:\/\/www.mojekonferencje.pl\/blog\/zorganizowac-perfekcyjna-konferencje\/\"]}]},{\"@type\":\"ImageObject\",\"inLanguage\":\"pl-PL\",\"@id\":\"https:\/\/www.mojekonferencje.pl\/blog\/zorganizowac-perfekcyjna-konferencje\/#primaryimage\",\"url\":\"https:\/\/www.mojekonferencje.pl\/blog\/wp-content\/uploads\/2018\/09\/435-e1559213634139.jpg\",\"contentUrl\":\"https:\/\/www.mojekonferencje.pl\/blog\/wp-content\/uploads\/2018\/09\/435-e1559213634139.jpg\",\"width\":1000,\"height\":1000},{\"@type\":\"BreadcrumbList\",\"@id\":\"https:\/\/www.mojekonferencje.pl\/blog\/zorganizowac-perfekcyjna-konferencje\/#breadcrumb\",\"itemListElement\":[{\"@type\":\"ListItem\",\"position\":1,\"name\":\"Strona g\u0142\u00f3wna\",\"item\":\"https:\/\/www.mojekonferencje.pl\/blog\/\"},{\"@type\":\"ListItem\",\"position\":2,\"name\":\"Jak zorganizowa\u0107 perfekcyjn\u0105 konferencj\u0119?\"}]},{\"@type\":\"WebSite\",\"@id\":\"https:\/\/www.mojekonferencje.pl\/blog\/#website\",\"url\":\"https:\/\/www.mojekonferencje.pl\/blog\/\",\"name\":\"MojeKonferencje.pl\",\"description\":\"Blog bran\u017cy szkoleniowo-konferencyjnej. W\u0142\u0105cz si\u0119 do dyskusji o obiektach konferencyjnych i nowo\u015bciach z bran\u017cy! Poznaj porady odno\u015bnie organizacji konferencji, szkole\u0144 i event\u00f3w firmowych! Zach\u0119camy do wyra\u017cania opinii oraz komentarzy.\",\"potentialAction\":[{\"@type\":\"SearchAction\",\"target\":{\"@type\":\"EntryPoint\",\"urlTemplate\":\"https:\/\/www.mojekonferencje.pl\/blog\/?s={search_term_string}\"},\"query-input\":{\"@type\":\"PropertyValueSpecification\",\"valueRequired\":true,\"valueName\":\"search_term_string\"}}],\"inLanguage\":\"pl-PL\"},{\"@type\":\"Person\",\"@id\":\"https:\/\/www.mojekonferencje.pl\/blog\/#\/schema\/person\/f6a9852e382cc622bf711fb66bca5b94\",\"name\":\"Dariusz\",\"url\":\"https:\/\/www.mojekonferencje.pl\/blog\/author\/dareko\/\"}]}<\/script>\n<!-- \/ Yoast SEO plugin. -->","yoast_head_json":{"title":"Jak zorganizowa\u0107 perfekcyjn\u0105 konferencj\u0119? - blog | MojeKonferencje.pl","description":"Jak zorganizowa\u0107 perfekcyjn\u0105 konferencj\u0119? - blog | MojeKonferencje.pl","robots":{"index":"index","follow":"follow","max-snippet":"max-snippet:-1","max-image-preview":"max-image-preview:large","max-video-preview":"max-video-preview:-1"},"canonical":"https:\/\/www.mojekonferencje.pl\/blog\/zorganizowac-perfekcyjna-konferencje\/","og_locale":"pl_PL","og_type":"article","og_title":"Jak zorganizowa\u0107 perfekcyjn\u0105 konferencj\u0119? - blog | MojeKonferencje.pl","og_description":"Jak zorganizowa\u0107 perfekcyjn\u0105 konferencj\u0119? - blog | MojeKonferencje.pl","og_url":"https:\/\/www.mojekonferencje.pl\/blog\/zorganizowac-perfekcyjna-konferencje\/","og_site_name":"MojeKonferencje.pl","article_published_time":"2018-09-03T11:01:12+00:00","article_modified_time":"2026-04-27T15:49:42+00:00","og_image":[{"width":1000,"height":1000,"url":"https:\/\/www.mojekonferencje.pl\/blog\/wp-content\/uploads\/2018\/09\/435-e1559213634139.jpg","type":"image\/jpeg"}],"author":"Dariusz","twitter_card":"summary_large_image","twitter_misc":{"Napisane przez":"Dariusz","Szacowany czas czytania":"7 minut"},"schema":{"@context":"https:\/\/schema.org","@graph":[{"@type":"Article","@id":"https:\/\/www.mojekonferencje.pl\/blog\/zorganizowac-perfekcyjna-konferencje\/#article","isPartOf":{"@id":"https:\/\/www.mojekonferencje.pl\/blog\/zorganizowac-perfekcyjna-konferencje\/"},"author":{"name":"Dariusz","@id":"https:\/\/www.mojekonferencje.pl\/blog\/#\/schema\/person\/f6a9852e382cc622bf711fb66bca5b94"},"headline":"Jak zorganizowa\u0107 perfekcyjn\u0105 konferencj\u0119?","datePublished":"2018-09-03T11:01:12+00:00","dateModified":"2026-04-27T15:49:42+00:00","mainEntityOfPage":{"@id":"https:\/\/www.mojekonferencje.pl\/blog\/zorganizowac-perfekcyjna-konferencje\/"},"wordCount":1155,"image":{"@id":"https:\/\/www.mojekonferencje.pl\/blog\/zorganizowac-perfekcyjna-konferencje\/#primaryimage"},"thumbnailUrl":"https:\/\/www.mojekonferencje.pl\/blog\/wp-content\/uploads\/2018\/09\/435-e1559213634139.jpg","articleSection":["(Nie)typowe konferencje","G\u0142\u00f3wne punkty konferencyjne","Porady"],"inLanguage":"pl-PL"},{"@type":"WebPage","@id":"https:\/\/www.mojekonferencje.pl\/blog\/zorganizowac-perfekcyjna-konferencje\/","url":"https:\/\/www.mojekonferencje.pl\/blog\/zorganizowac-perfekcyjna-konferencje\/","name":"Jak zorganizowa\u0107 perfekcyjn\u0105 konferencj\u0119? - blog | MojeKonferencje.pl","isPartOf":{"@id":"https:\/\/www.mojekonferencje.pl\/blog\/#website"},"primaryImageOfPage":{"@id":"https:\/\/www.mojekonferencje.pl\/blog\/zorganizowac-perfekcyjna-konferencje\/#primaryimage"},"image":{"@id":"https:\/\/www.mojekonferencje.pl\/blog\/zorganizowac-perfekcyjna-konferencje\/#primaryimage"},"thumbnailUrl":"https:\/\/www.mojekonferencje.pl\/blog\/wp-content\/uploads\/2018\/09\/435-e1559213634139.jpg","datePublished":"2018-09-03T11:01:12+00:00","dateModified":"2026-04-27T15:49:42+00:00","author":{"@id":"https:\/\/www.mojekonferencje.pl\/blog\/#\/schema\/person\/f6a9852e382cc622bf711fb66bca5b94"},"description":"Jak zorganizowa\u0107 perfekcyjn\u0105 konferencj\u0119? - blog | MojeKonferencje.pl","breadcrumb":{"@id":"https:\/\/www.mojekonferencje.pl\/blog\/zorganizowac-perfekcyjna-konferencje\/#breadcrumb"},"inLanguage":"pl-PL","potentialAction":[{"@type":"ReadAction","target":["https:\/\/www.mojekonferencje.pl\/blog\/zorganizowac-perfekcyjna-konferencje\/"]}]},{"@type":"ImageObject","inLanguage":"pl-PL","@id":"https:\/\/www.mojekonferencje.pl\/blog\/zorganizowac-perfekcyjna-konferencje\/#primaryimage","url":"https:\/\/www.mojekonferencje.pl\/blog\/wp-content\/uploads\/2018\/09\/435-e1559213634139.jpg","contentUrl":"https:\/\/www.mojekonferencje.pl\/blog\/wp-content\/uploads\/2018\/09\/435-e1559213634139.jpg","width":1000,"height":1000},{"@type":"BreadcrumbList","@id":"https:\/\/www.mojekonferencje.pl\/blog\/zorganizowac-perfekcyjna-konferencje\/#breadcrumb","itemListElement":[{"@type":"ListItem","position":1,"name":"Strona g\u0142\u00f3wna","item":"https:\/\/www.mojekonferencje.pl\/blog\/"},{"@type":"ListItem","position":2,"name":"Jak zorganizowa\u0107 perfekcyjn\u0105 konferencj\u0119?"}]},{"@type":"WebSite","@id":"https:\/\/www.mojekonferencje.pl\/blog\/#website","url":"https:\/\/www.mojekonferencje.pl\/blog\/","name":"MojeKonferencje.pl","description":"Blog bran\u017cy szkoleniowo-konferencyjnej. W\u0142\u0105cz si\u0119 do dyskusji o obiektach konferencyjnych i nowo\u015bciach z bran\u017cy! Poznaj porady odno\u015bnie organizacji konferencji, szkole\u0144 i event\u00f3w firmowych! Zach\u0119camy do wyra\u017cania opinii oraz komentarzy.","potentialAction":[{"@type":"SearchAction","target":{"@type":"EntryPoint","urlTemplate":"https:\/\/www.mojekonferencje.pl\/blog\/?s={search_term_string}"},"query-input":{"@type":"PropertyValueSpecification","valueRequired":true,"valueName":"search_term_string"}}],"inLanguage":"pl-PL"},{"@type":"Person","@id":"https:\/\/www.mojekonferencje.pl\/blog\/#\/schema\/person\/f6a9852e382cc622bf711fb66bca5b94","name":"Dariusz","url":"https:\/\/www.mojekonferencje.pl\/blog\/author\/dareko\/"}]}},"_links":{"self":[{"href":"https:\/\/www.mojekonferencje.pl\/blog\/wp-json\/wp\/v2\/posts\/1068","targetHints":{"allow":["GET"]}}],"collection":[{"href":"https:\/\/www.mojekonferencje.pl\/blog\/wp-json\/wp\/v2\/posts"}],"about":[{"href":"https:\/\/www.mojekonferencje.pl\/blog\/wp-json\/wp\/v2\/types\/post"}],"author":[{"embeddable":true,"href":"https:\/\/www.mojekonferencje.pl\/blog\/wp-json\/wp\/v2\/users\/19"}],"replies":[{"embeddable":true,"href":"https:\/\/www.mojekonferencje.pl\/blog\/wp-json\/wp\/v2\/comments?post=1068"}],"version-history":[{"count":13,"href":"https:\/\/www.mojekonferencje.pl\/blog\/wp-json\/wp\/v2\/posts\/1068\/revisions"}],"predecessor-version":[{"id":9650,"href":"https:\/\/www.mojekonferencje.pl\/blog\/wp-json\/wp\/v2\/posts\/1068\/revisions\/9650"}],"wp:featuredmedia":[{"embeddable":true,"href":"https:\/\/www.mojekonferencje.pl\/blog\/wp-json\/wp\/v2\/media\/1069"}],"wp:attachment":[{"href":"https:\/\/www.mojekonferencje.pl\/blog\/wp-json\/wp\/v2\/media?parent=1068"}],"wp:term":[{"taxonomy":"category","embeddable":true,"href":"https:\/\/www.mojekonferencje.pl\/blog\/wp-json\/wp\/v2\/categories?post=1068"},{"taxonomy":"post_tag","embeddable":true,"href":"https:\/\/www.mojekonferencje.pl\/blog\/wp-json\/wp\/v2\/tags?post=1068"}],"curies":[{"name":"wp","href":"https:\/\/api.w.org\/{rel}","templated":true}]}}