{"id":1132,"date":"2018-10-18T12:40:22","date_gmt":"2018-10-18T10:40:22","guid":{"rendered":"https:\/\/www.mojekonferencje.pl\/blog\/?p=1132"},"modified":"2026-04-27T17:49:13","modified_gmt":"2026-04-27T15:49:13","slug":"harmonogram-organizacji-konferencji","status":"publish","type":"post","link":"https:\/\/www.mojekonferencje.pl\/blog\/harmonogram-organizacji-konferencji\/","title":{"rendered":"Harmonogram organizacji konferencji"},"content":{"rendered":"\n<p>Organizuj\u0105c konferencj\u0119 warto pami\u0119ta\u0107 o tym, \u017ce o sukcesie wydarzenia decyduj\u0105 jego uczestnicy. Aby jednak wszystko przebiega\u0142o sprawnie, nie mo\u017cna pomin\u0105\u0107 \u017cadnej istotnej kwestii. Czasem nawet to, co z pozoru wydaje si\u0119 drobiazgiem, mo\u017ce zadecydowa\u0107 o zadowoleniu kt\u00f3rego\u015b z go\u015bci. Warto wi\u0119c wcze\u015bniej przygotowa\u0107 sobie profesjonalny i szczeg\u00f3\u0142owy harmonogram organizacji konferencji. Dzi\u0119ki niemu b\u0119dziemy mie\u0107 pewno\u015b\u0107, \u017ce zd\u0105\u017cymy z ka\u017cd\u0105 rzecz\u0105&nbsp; na czas.<\/p>\n\n\n\n<h3 class=\"wp-block-heading\">Wyb\u00f3r miejsca na konferencj\u0119<\/h3>\n\n\n\n<p><strong>W pierwszej kolejno\u015bci musimy przygotowa\u0107 list\u0119 obiekt\u00f3w konferencyjnych, jakie spe\u0142niaj\u0105 warunki naszego wydarzenia. Powinni\u015bmy wzi\u0105\u0107 pod uwag\u0119 przewidywan\u0105 liczb\u0119 uczestnik\u00f3w i czas trwania eventu.<\/strong> S\u0105 to podstawowe wytyczne, kt\u00f3re pozwalaj\u0105 nam wyodr\u0119bni\u0107 lokalizacj\u0119 do\u015b\u0107 du\u017ce i maj\u0105ce wolne terminy. Zadecydujmy o sprz\u0119cie, jaki jest niezb\u0119dny, aby wszystko przebiega\u0142o na wysokim poziomie technicznym. Je\u015bli potrzebujemy ekranu, rzutnika czy m\u00f3wnicy, upewnijmy si\u0119, \u017ce sala konferencyjna posiada je na wyposa\u017ceniu i czy nale\u017cy za nie umie\u015bci\u0107 dodatkow\u0105 op\u0142at\u0119. Warto tak\u017ce zastanowi\u0107 si\u0119, czy b\u0119dzie wymagany catering. To pocz\u0105tkowa faza przygotowa\u0144, jednak musimy mie\u0107 og\u00f3lny zarys wydarzenia, aby wiedzie\u0107, czego powinni\u015bmy szuka\u0107.<\/p>\n\n\n<div class=\"wp-block-image\">\n<figure class=\"aligncenter\"><img loading=\"lazy\" decoding=\"async\" width=\"1024\" height=\"631\" src=\"https:\/\/www.mojekonferencje.pl\/blog\/wp-content\/uploads\/2018\/10\/architecture-buildings-business-14621-1024x631.jpg\" alt=\"Warszawa konferencja\" class=\"wp-image-1139 lazyload\" data-srcset=\"https:\/\/www.mojekonferencje.pl\/blog\/wp-content\/uploads\/2018\/10\/architecture-buildings-business-14621-1024x631.jpg 1024w, https:\/\/www.mojekonferencje.pl\/blog\/wp-content\/uploads\/2018\/10\/architecture-buildings-business-14621-300x185.jpg 300w, https:\/\/www.mojekonferencje.pl\/blog\/wp-content\/uploads\/2018\/10\/architecture-buildings-business-14621-768x473.jpg 768w, https:\/\/www.mojekonferencje.pl\/blog\/wp-content\/uploads\/2018\/10\/architecture-buildings-business-14621-700x431.jpg 700w, https:\/\/www.mojekonferencje.pl\/blog\/wp-content\/uploads\/2018\/10\/architecture-buildings-business-14621-1080x665.jpg 1080w\" sizes=\"auto\" \/><\/figure>\n<\/div>\n\n\n<p><\/p>\n\n\n\n<p>Wyodr\u0119bnieniem obiekt\u00f3w konferencyjnych mo\u017cemy zaj\u0105\u0107 si\u0119 osobi\u015bcie b\u0105d\u017a zleci\u0107 to zadanie naszym ekspertom, kt\u00f3rzy mog\u0105 bezp\u0142atnie przygotowa\u0107 zestawienie miejsc znajduj\u0105cych si\u0119 w bazie <a href=\"https:\/\/www.mojekonferencje.pl\/\"><strong>MojeKonferencje.pl<\/strong><\/a><em><strong><a href=\"https:\/\/www.mojekonferencje.pl\/\">.<\/a><\/strong><\/em> Z listy, kt\u00f3ra zostaje dostosowana do indywidualnych potrzeb, klient podejmuje ostateczn\u0105 decyzj\u0119. <strong>Takie rozwi\u0105zanie jest dobrym sposobem, aby zaoszcz\u0119dzi\u0107 w\u0142asny czas. Jednocze\u015bnie mo\u017cemy bazowa\u0107 na do\u015bwiadczeniu os\u00f3b, kt\u00f3re doskonale znaj\u0105 polecane obiekty i ich spos\u00f3b obs\u0142ugiwania wydarze\u0144.<\/strong><\/p>\n\n\n\n<p>Po sprawdzeniu oferty i wybraniu najlepszego obiektu, nale\u017cy dokona\u0107 rezerwacji i najlepiej od razu um\u00f3wi\u0107 si\u0119 na podpisanie umowy. Zazwyczaj ustalony zostaje termin w ci\u0105gu najbli\u017cszego miesi\u0105ca. Warto mie\u0107 na uwadze, \u017ce w trakcie sezonu konferencyjnego dokonanie rezerwacji z trzymiesi\u0119cznym wyprzedzeniem mo\u017ce nie wystarczy\u0107.<strong>Przy naprawd\u0119 du\u017cych eventach, planowanie powinno zacz\u0105\u0107 si\u0119 nawet p\u00f3\u0142 roku lub rok wcze\u015bniej.<\/strong> Jest to szczeg\u00f3lnie wa\u017cne, gdy zale\u017cy nam na presti\u017cowych i obleganych punktach w centrum <a href=\"https:\/\/www.mojekonferencje.pl\/sale-konferencyjne-warszawa\">Warszawy<\/a>, <a href=\"https:\/\/www.mojekonferencje.pl\/sale-konferencyjne-wroclaw\">Wroc\u0142awia<\/a>, <a href=\"https:\/\/www.mojekonferencje.pl\/sale-konferencyjne-krakow\">Krakowa<\/a> czy<strong> <\/strong><a href=\"https:\/\/www.mojekonferencje.pl\/sale-konferencyjne-poznan\">Poznania<\/a>.<\/p>\n\n\n<div class=\"wp-block-image\">\n<figure class=\"aligncenter\"><img loading=\"lazy\" decoding=\"async\" width=\"1024\" height=\"683\" src=\"https:\/\/www.mojekonferencje.pl\/blog\/wp-content\/uploads\/2018\/10\/alone-bills-calculator-1253591-1024x683.jpg\" alt=\"bud\u017cet konferencji\" class=\"wp-image-1142 lazyload\" data-srcset=\"https:\/\/www.mojekonferencje.pl\/blog\/wp-content\/uploads\/2018\/10\/alone-bills-calculator-1253591-1024x683.jpg 1024w, https:\/\/www.mojekonferencje.pl\/blog\/wp-content\/uploads\/2018\/10\/alone-bills-calculator-1253591-300x200.jpg 300w, https:\/\/www.mojekonferencje.pl\/blog\/wp-content\/uploads\/2018\/10\/alone-bills-calculator-1253591-768x512.jpg 768w, https:\/\/www.mojekonferencje.pl\/blog\/wp-content\/uploads\/2018\/10\/alone-bills-calculator-1253591-150x100.jpg 150w, https:\/\/www.mojekonferencje.pl\/blog\/wp-content\/uploads\/2018\/10\/alone-bills-calculator-1253591-700x467.jpg 700w, https:\/\/www.mojekonferencje.pl\/blog\/wp-content\/uploads\/2018\/10\/alone-bills-calculator-1253591-1080x720.jpg 1080w\" sizes=\"auto\" \/><\/figure>\n<\/div>\n\n\n<p><\/p>\n\n\n\n<h3 class=\"wp-block-heading\">Ustal bud\u017cet konferencji<\/h3>\n\n\n\n<p><strong>Po dokonaniu rezerwacji sali konferencyjnej, musimy ustali\u0107 kompletny bud\u017cet wydarzenia. <\/strong>Znamy ju\u017c najwa\u017cniejszy kosztorys, czyli cen\u0119 miejsca i cateringu. Gdy musimy poszuka\u0107 zewn\u0119trznej firmy cateringowej, nale\u017cy wzi\u0105\u0107 pod uwag\u0119 tak\u017ce cen\u0119 ewentualnej obs\u0142ugi kelnerskiej. Musimy porozmawia\u0107 z osobami wyst\u0119puj\u0105cymi, profesorami, trenerami, coachami oraz podpisa\u0107 stosowne umowy z nale\u017cnym honorarium. Gdy planujemy atrakcje dodatkowe, musimy op\u0142aci\u0107 tak\u017ce artyst\u00f3w. <strong>W przypadku kilkudniowych wydarze\u0144 biznesowych, konieczny oka\u017ce si\u0119 nocleg. Mo\u017ce on znajdowa\u0107 si\u0119 w tym samym miejscu, co konferencja b\u0105d\u017a w zaprzyja\u017anionym hotelu.<\/strong> Je\u015bli zrzeszamy cz\u0142onk\u00f3w naszej firmy z r\u00f3\u017cnych miast, nale\u017cy zapewni\u0107 im dojazd wynaj\u0119tymi autokarami.<\/p>\n\n\n\n<p><\/p>\n\n\n\n<h3 class=\"wp-block-heading\">Zapewnij opraw\u0119 merytoryczn\u0105 i wizualn\u0105<\/h3>\n\n\n\n<p><strong>Powoli wy\u0142ania si\u0119 ju\u017c ca\u0142okszta\u0142t konferencji, wi\u0119c nale\u017cy teraz zapewni\u0107 jej odpowiedni\u0105 opraw\u0119.<\/strong> Zle\u0107my zaprojektowanie identyfikacji wizualnej wydarzenia. Musimy mie\u0107 rozpoznawalny logotyp, zaproszenia dla uczestnik\u00f3w, plakaty promuj\u0105ce oraz identyfikatory dla os\u00f3b bior\u0105cych udzia\u0142 w spotkaniu. <strong>W ci\u0105gu ca\u0142ego procesu planowania, warto zachowywa\u0107 sta\u0142y kontakt z mediami. Potwierd\u017amy list\u0119 prelegent\u00f3w i ustalmy kolejno\u015b\u0107 ich wyst\u0119powania.<\/strong> Odpowiednie nazwiska na banerach reklamowych zawsze przyci\u0105gaj\u0105 wi\u0119ksz\u0105 liczb\u0119 uczestnik\u00f3w, dlatego warto podejmowa\u0107 staranne decyzj\u0119 i ustali\u0107 niekonwencjonaln\u0105, a zarazem wa\u017cn\u0105 dla bran\u017cy tematyk\u0119.<\/p>\n\n\n<div class=\"wp-block-image\">\n<figure class=\"aligncenter\"><img loading=\"lazy\" decoding=\"async\" width=\"1024\" height=\"665\" src=\"https:\/\/www.mojekonferencje.pl\/blog\/wp-content\/uploads\/2018\/10\/brainstorming-computer-graphic-1321693-1024x665.jpg\" alt=\"logotyp harmonogram konferencji\" class=\"wp-image-1140 lazyload\" data-srcset=\"https:\/\/www.mojekonferencje.pl\/blog\/wp-content\/uploads\/2018\/10\/brainstorming-computer-graphic-1321693-1024x665.jpg 1024w, https:\/\/www.mojekonferencje.pl\/blog\/wp-content\/uploads\/2018\/10\/brainstorming-computer-graphic-1321693-300x195.jpg 300w, https:\/\/www.mojekonferencje.pl\/blog\/wp-content\/uploads\/2018\/10\/brainstorming-computer-graphic-1321693-768x499.jpg 768w, https:\/\/www.mojekonferencje.pl\/blog\/wp-content\/uploads\/2018\/10\/brainstorming-computer-graphic-1321693-700x455.jpg 700w, https:\/\/www.mojekonferencje.pl\/blog\/wp-content\/uploads\/2018\/10\/brainstorming-computer-graphic-1321693-1080x701.jpg 1080w\" sizes=\"auto\" \/><\/figure>\n<\/div>\n\n\n<h3 class=\"wp-block-heading\"><\/h3>\n\n\n\n<h3 class=\"wp-block-heading\">Okre\u015bl zasady rejestracji<\/h3>\n\n\n\n<p><strong>Wraz z wys\u0142aniem zaprosze\u0144 na konferencj\u0119, powinni\u015bmy uruchomi\u0107 system rejestracji. Mo\u017cna w tym celu wykorzysta\u0107 stron\u0119 internetow\u0105 po\u015bwi\u0119con\u0105 wydarzeniu.<\/strong> Dodatkowo pe\u0142ni ona rol\u0119 reklamow\u0105 i informacyjn\u0105. Udost\u0119pniamy na niej szczeg\u00f3\u0142owy plan programu z uwzgl\u0119dnieniem na poszczeg\u00f3lne godziny oraz cen\u0119 wej\u015bci\u00f3wek. Warto tak\u017ce okre\u015bli\u0107 liczb\u0119 miejsc parkingowych w okolicy, punkt\u00f3w przesiadkowych oraz lokalizacj\u0119 poszczeg\u00f3lnych wej\u015b\u0107. Zapewnimy tym sposobem \u0142atwiejsze poruszanie si\u0119 go\u015bci. Dodatkowo mo\u017cna na bie\u017c\u0105co informowa\u0107 o podejmowanych dzia\u0142aniach organizacyjnych. Limit miejsc na konferencj\u0119 zawsze okre\u015bla si\u0119 mo\u017cliwo\u015bciami rozlokowania w sali konferencyjnej.<\/p>\n\n\n\n<h3 class=\"wp-block-heading\"><\/h3>\n\n\n\n<h3 class=\"wp-block-heading\">Zaplanowuj szczeg\u00f3\u0142y konferencji<\/h3>\n\n\n\n<p>Gdy pozostaje miesi\u0105c do eventu, mo\u017cna ponowi\u0107 zaproszenia do os\u00f3b, kt\u00f3re otrzyma\u0142y je wcze\u015bniej, lecz nie udzieli\u0142y pewnej odpowiedzi. Nale\u017cy upewni\u0107 si\u0119, \u017ce wszystko przebiega poprawnie u podwykonawc\u00f3w. Mo\u017cna stworzy\u0107 plan dodatkowy dla uczestnik\u00f3w konferencji. S\u0105 to zazwyczaj atrakcje sportowe, spektakle teatralne lub imprezy integracyjne z zespo\u0142em muzycznym. <strong>Musimy tak\u017ce pami\u0119ta\u0107 o zam\u00f3wieniu materia\u0142\u00f3w biurowych i promocyjnych, takich jak: teczki, d\u0142ugopisy i drobne upominki. Nale\u017cy przygotowa\u0107 i wydrukowa\u0107 ankiety podsumowuj\u0105ce, kt\u00f3re pozwol\u0105 nam zebra\u0107 opini\u0119 od uczestnik\u00f3w na temat wydarzenia.<\/strong> Gdy termin konferencji zbli\u017ca si\u0119 coraz bardziej, skontrolujmy sal\u0119 i sprz\u0119t. Jednocze\u015bnie warto sprawdzi\u0107 dost\u0119p do gniazdek elektrycznych, jako\u015b\u0107 toalet i szatni. Tydzie\u0144 b\u0105d\u017a dwa przed wydarzeniem, powinni\u015bmy ponowi\u0107 informacj\u0119 w prasie oraz wys\u0142a\u0107 przypomnienia dla go\u015bci.<\/p>\n\n\n<div class=\"wp-block-image\">\n<figure class=\"aligncenter\"><img loading=\"lazy\" decoding=\"async\" width=\"1024\" height=\"682\" src=\"https:\/\/www.mojekonferencje.pl\/blog\/wp-content\/uploads\/2018\/10\/men-1979261_1280-1024x682.jpg\" alt=\"\" class=\"wp-image-1143 lazyload\" data-srcset=\"https:\/\/www.mojekonferencje.pl\/blog\/wp-content\/uploads\/2018\/10\/men-1979261_1280-1024x682.jpg 1024w, https:\/\/www.mojekonferencje.pl\/blog\/wp-content\/uploads\/2018\/10\/men-1979261_1280-300x200.jpg 300w, https:\/\/www.mojekonferencje.pl\/blog\/wp-content\/uploads\/2018\/10\/men-1979261_1280-768x512.jpg 768w, https:\/\/www.mojekonferencje.pl\/blog\/wp-content\/uploads\/2018\/10\/men-1979261_1280-150x100.jpg 150w, https:\/\/www.mojekonferencje.pl\/blog\/wp-content\/uploads\/2018\/10\/men-1979261_1280-700x466.jpg 700w, https:\/\/www.mojekonferencje.pl\/blog\/wp-content\/uploads\/2018\/10\/men-1979261_1280-1080x720.jpg 1080w, https:\/\/www.mojekonferencje.pl\/blog\/wp-content\/uploads\/2018\/10\/men-1979261_1280.jpg 1280w\" sizes=\"auto\" \/><\/figure>\n<\/div>\n\n\n<p>Cho\u0107 pracujemy nad konferencj\u0105 ca\u0142e miesi\u0105ce, wykonujemy setki telefon\u00f3w i wysy\u0142amy tysi\u0105ce e-maili, ostateczna weryfikacja dokonuje si\u0119 dopiero w dniu wydarzenia. Warto mie\u0107 pewno\u015b\u0107, \u017ce o niczym nie zapomnieli\u015bmy. Dobrym zwyczajem jest wysy\u0142anie podzi\u0119kowa\u0144 dla m\u00f3wc\u00f3w, obs\u0142ugi, a tak\u017ce wszystkich uczestnik\u00f3w spotkania. Warto pozna\u0107 opini\u0119 lud\u017ami, z kt\u00f3rymi wsp\u00f3\u0142pracowali\u015bmy i budowa\u0107 baz\u0119 kontakt\u00f3w. <\/p>\n\n\n\n<p><strong>Nie powinni\u015bmy przejmowa\u0107 si\u0119 niepowodzeniami, bo w ko\u0144cu najwa\u017cniejsze jest to, aby bez przerwy si\u0119 uczy\u0107 i rozwija\u0107. Dobrze przygotowany harmonogram konferencji zdecydowanie nada w\u0142a\u015bciwy kierunek naszej pracy i nakieruje nas na odpowiednie&nbsp;tory.&nbsp;<\/strong><\/p>\n\n\n\n<p>Aby znale\u017a\u0107 miejsce najlepiej dopasowane do charakteru wydarzenia, warto odwiedzi\u0107 baz\u0119 <a href=\"https:\/\/www.mojekonferencje.pl\/\" type=\"link\" id=\"https:\/\/www.mojekonferencje.pl\/\">Mojekonferencje.pl<\/a> i skorzysta\u0107 z us\u0142ugi event concierge, kt\u00f3ra pomaga w doborze odpowiedniego obiektu konferencyjnego, dopasowanego do potrzeb organizatora, specyfiki wydarzenia oraz oczekiwa\u0144 uczestnik\u00f3w.<\/p>\n","protected":false},"excerpt":{"rendered":"<p>Organizacja konferencji to trudne i odpowiedzialne zadanie. Nale\u017cy wzi\u0105\u0107 po uwag\u0119 wiele mniejszych i wi\u0119kszych czynnik\u00f3w, kt\u00f3re ostatecznie sk\u0142adaj\u0105 si\u0119 na sukces wydarzenia. Warto wi\u0119c u\u0142atwia\u0107 swoj\u0105 prac\u0119 poprzez przygotowanie profesjonalnego harmonogramu konferencji. Dzi\u0119ki odpowiedniemu  planowi, nie pogubimy si\u0119 w g\u0105szczu szczeg\u00f3\u0142\u00f3w i nie zapomnimy o wa\u017cnych elementach, a nasze wydarzenie odniesie prawdziwy sukces. <\/p>\n","protected":false},"author":6,"featured_media":1135,"comment_status":"closed","ping_status":"closed","sticky":false,"template":"","format":"standard","meta":{"_acf_changed":false,"footnotes":""},"categories":[8,175],"tags":[14,13,19,20],"class_list":["post-1132","post","type-post","status-publish","format-standard","has-post-thumbnail","hentry","category-porady","category-wybieranie-miejsca-konferencyjnego","tag-sale-biznesowe","tag-sale-konferencjne","tag-sale-szkoleniowe","tag-spotkania-biznesowe"],"acf":[],"yoast_head":"<!-- This site is optimized with the Yoast SEO plugin v27.1.1 - https:\/\/yoast.com\/product\/yoast-seo-wordpress\/ -->\n<title>Harmonogram organizacji konferencji - blog | MojeKonferencje.pl<\/title>\n<meta name=\"description\" content=\"Harmonogram organizacji konferencji - blog | MojeKonferencje.pl\" \/>\n<meta name=\"robots\" content=\"index, follow, max-snippet:-1, max-image-preview:large, max-video-preview:-1\" \/>\n<link rel=\"canonical\" href=\"https:\/\/www.mojekonferencje.pl\/blog\/harmonogram-organizacji-konferencji\/\" \/>\n<meta property=\"og:locale\" content=\"pl_PL\" \/>\n<meta property=\"og:type\" content=\"article\" \/>\n<meta property=\"og:title\" content=\"Harmonogram organizacji konferencji - blog | MojeKonferencje.pl\" \/>\n<meta property=\"og:description\" content=\"Harmonogram organizacji konferencji - blog | MojeKonferencje.pl\" \/>\n<meta property=\"og:url\" content=\"https:\/\/www.mojekonferencje.pl\/blog\/harmonogram-organizacji-konferencji\/\" \/>\n<meta property=\"og:site_name\" content=\"MojeKonferencje.pl\" \/>\n<meta property=\"article:published_time\" content=\"2018-10-18T10:40:22+00:00\" \/>\n<meta property=\"article:modified_time\" content=\"2026-04-27T15:49:13+00:00\" \/>\n<meta property=\"og:image\" content=\"https:\/\/www.mojekonferencje.pl\/blog\/wp-content\/uploads\/2018\/10\/tie-690084_1280.jpg\" \/>\n\t<meta property=\"og:image:width\" content=\"1280\" \/>\n\t<meta property=\"og:image:height\" content=\"854\" \/>\n\t<meta property=\"og:image:type\" content=\"image\/jpeg\" \/>\n<meta name=\"author\" content=\"Kamila R\u00f3wi\u0144ska\" \/>\n<meta name=\"twitter:card\" content=\"summary_large_image\" \/>\n<meta name=\"twitter:label1\" content=\"Napisane przez\" \/>\n\t<meta name=\"twitter:data1\" content=\"Kamila R\u00f3wi\u0144ska\" \/>\n\t<meta name=\"twitter:label2\" content=\"Szacowany czas czytania\" \/>\n\t<meta name=\"twitter:data2\" content=\"6 minut\" \/>\n<script type=\"application\/ld+json\" class=\"yoast-schema-graph\">{\"@context\":\"https:\/\/schema.org\",\"@graph\":[{\"@type\":\"Article\",\"@id\":\"https:\/\/www.mojekonferencje.pl\/blog\/harmonogram-organizacji-konferencji\/#article\",\"isPartOf\":{\"@id\":\"https:\/\/www.mojekonferencje.pl\/blog\/harmonogram-organizacji-konferencji\/\"},\"author\":{\"name\":\"Kamila R\u00f3wi\u0144ska\",\"@id\":\"https:\/\/www.mojekonferencje.pl\/blog\/#\/schema\/person\/8efb521724c064d26da2045111fce99e\"},\"headline\":\"Harmonogram organizacji konferencji\",\"datePublished\":\"2018-10-18T10:40:22+00:00\",\"dateModified\":\"2026-04-27T15:49:13+00:00\",\"mainEntityOfPage\":{\"@id\":\"https:\/\/www.mojekonferencje.pl\/blog\/harmonogram-organizacji-konferencji\/\"},\"wordCount\":1012,\"image\":{\"@id\":\"https:\/\/www.mojekonferencje.pl\/blog\/harmonogram-organizacji-konferencji\/#primaryimage\"},\"thumbnailUrl\":\"https:\/\/www.mojekonferencje.pl\/blog\/wp-content\/uploads\/2018\/10\/tie-690084_1280.jpg\",\"keywords\":[\"sale biznesowe\",\"sale konferencjne\",\"sale szkoleniowe\",\"spotkania biznesowe\"],\"articleSection\":[\"Porady\",\"Wybieranie miejsca konferencyjnego\"],\"inLanguage\":\"pl-PL\"},{\"@type\":\"WebPage\",\"@id\":\"https:\/\/www.mojekonferencje.pl\/blog\/harmonogram-organizacji-konferencji\/\",\"url\":\"https:\/\/www.mojekonferencje.pl\/blog\/harmonogram-organizacji-konferencji\/\",\"name\":\"Harmonogram organizacji konferencji - blog | MojeKonferencje.pl\",\"isPartOf\":{\"@id\":\"https:\/\/www.mojekonferencje.pl\/blog\/#website\"},\"primaryImageOfPage\":{\"@id\":\"https:\/\/www.mojekonferencje.pl\/blog\/harmonogram-organizacji-konferencji\/#primaryimage\"},\"image\":{\"@id\":\"https:\/\/www.mojekonferencje.pl\/blog\/harmonogram-organizacji-konferencji\/#primaryimage\"},\"thumbnailUrl\":\"https:\/\/www.mojekonferencje.pl\/blog\/wp-content\/uploads\/2018\/10\/tie-690084_1280.jpg\",\"datePublished\":\"2018-10-18T10:40:22+00:00\",\"dateModified\":\"2026-04-27T15:49:13+00:00\",\"author\":{\"@id\":\"https:\/\/www.mojekonferencje.pl\/blog\/#\/schema\/person\/8efb521724c064d26da2045111fce99e\"},\"description\":\"Harmonogram organizacji konferencji - blog | MojeKonferencje.pl\",\"breadcrumb\":{\"@id\":\"https:\/\/www.mojekonferencje.pl\/blog\/harmonogram-organizacji-konferencji\/#breadcrumb\"},\"inLanguage\":\"pl-PL\",\"potentialAction\":[{\"@type\":\"ReadAction\",\"target\":[\"https:\/\/www.mojekonferencje.pl\/blog\/harmonogram-organizacji-konferencji\/\"]}]},{\"@type\":\"ImageObject\",\"inLanguage\":\"pl-PL\",\"@id\":\"https:\/\/www.mojekonferencje.pl\/blog\/harmonogram-organizacji-konferencji\/#primaryimage\",\"url\":\"https:\/\/www.mojekonferencje.pl\/blog\/wp-content\/uploads\/2018\/10\/tie-690084_1280.jpg\",\"contentUrl\":\"https:\/\/www.mojekonferencje.pl\/blog\/wp-content\/uploads\/2018\/10\/tie-690084_1280.jpg\",\"width\":1280,\"height\":854,\"caption\":\"harmonogram konferencji\"},{\"@type\":\"BreadcrumbList\",\"@id\":\"https:\/\/www.mojekonferencje.pl\/blog\/harmonogram-organizacji-konferencji\/#breadcrumb\",\"itemListElement\":[{\"@type\":\"ListItem\",\"position\":1,\"name\":\"Strona g\u0142\u00f3wna\",\"item\":\"https:\/\/www.mojekonferencje.pl\/blog\/\"},{\"@type\":\"ListItem\",\"position\":2,\"name\":\"Harmonogram organizacji konferencji\"}]},{\"@type\":\"WebSite\",\"@id\":\"https:\/\/www.mojekonferencje.pl\/blog\/#website\",\"url\":\"https:\/\/www.mojekonferencje.pl\/blog\/\",\"name\":\"MojeKonferencje.pl\",\"description\":\"Blog bran\u017cy szkoleniowo-konferencyjnej. W\u0142\u0105cz si\u0119 do dyskusji o obiektach konferencyjnych i nowo\u015bciach z bran\u017cy! Poznaj porady odno\u015bnie organizacji konferencji, szkole\u0144 i event\u00f3w firmowych! Zach\u0119camy do wyra\u017cania opinii oraz komentarzy.\",\"potentialAction\":[{\"@type\":\"SearchAction\",\"target\":{\"@type\":\"EntryPoint\",\"urlTemplate\":\"https:\/\/www.mojekonferencje.pl\/blog\/?s={search_term_string}\"},\"query-input\":{\"@type\":\"PropertyValueSpecification\",\"valueRequired\":true,\"valueName\":\"search_term_string\"}}],\"inLanguage\":\"pl-PL\"},{\"@type\":\"Person\",\"@id\":\"https:\/\/www.mojekonferencje.pl\/blog\/#\/schema\/person\/8efb521724c064d26da2045111fce99e\",\"name\":\"Kamila R\u00f3wi\u0144ska\",\"description\":\"Autor i redaktor tre\u015bci portale MojeKonferencje.pl Na co dzie\u0144 zajmuje si\u0119 copywritingiem. Specjalista content marketingu i dziennikarstwa. Od ponad roku dzia\u0142a w bran\u017cy konferencyjnej.\",\"url\":\"https:\/\/www.mojekonferencje.pl\/blog\/author\/kamila\/\"}]}<\/script>\n<!-- \/ Yoast SEO plugin. -->","yoast_head_json":{"title":"Harmonogram organizacji konferencji - blog | MojeKonferencje.pl","description":"Harmonogram organizacji konferencji - blog | MojeKonferencje.pl","robots":{"index":"index","follow":"follow","max-snippet":"max-snippet:-1","max-image-preview":"max-image-preview:large","max-video-preview":"max-video-preview:-1"},"canonical":"https:\/\/www.mojekonferencje.pl\/blog\/harmonogram-organizacji-konferencji\/","og_locale":"pl_PL","og_type":"article","og_title":"Harmonogram organizacji konferencji - blog | MojeKonferencje.pl","og_description":"Harmonogram organizacji konferencji - blog | MojeKonferencje.pl","og_url":"https:\/\/www.mojekonferencje.pl\/blog\/harmonogram-organizacji-konferencji\/","og_site_name":"MojeKonferencje.pl","article_published_time":"2018-10-18T10:40:22+00:00","article_modified_time":"2026-04-27T15:49:13+00:00","og_image":[{"width":1280,"height":854,"url":"https:\/\/www.mojekonferencje.pl\/blog\/wp-content\/uploads\/2018\/10\/tie-690084_1280.jpg","type":"image\/jpeg"}],"author":"Kamila R\u00f3wi\u0144ska","twitter_card":"summary_large_image","twitter_misc":{"Napisane przez":"Kamila R\u00f3wi\u0144ska","Szacowany czas czytania":"6 minut"},"schema":{"@context":"https:\/\/schema.org","@graph":[{"@type":"Article","@id":"https:\/\/www.mojekonferencje.pl\/blog\/harmonogram-organizacji-konferencji\/#article","isPartOf":{"@id":"https:\/\/www.mojekonferencje.pl\/blog\/harmonogram-organizacji-konferencji\/"},"author":{"name":"Kamila R\u00f3wi\u0144ska","@id":"https:\/\/www.mojekonferencje.pl\/blog\/#\/schema\/person\/8efb521724c064d26da2045111fce99e"},"headline":"Harmonogram organizacji konferencji","datePublished":"2018-10-18T10:40:22+00:00","dateModified":"2026-04-27T15:49:13+00:00","mainEntityOfPage":{"@id":"https:\/\/www.mojekonferencje.pl\/blog\/harmonogram-organizacji-konferencji\/"},"wordCount":1012,"image":{"@id":"https:\/\/www.mojekonferencje.pl\/blog\/harmonogram-organizacji-konferencji\/#primaryimage"},"thumbnailUrl":"https:\/\/www.mojekonferencje.pl\/blog\/wp-content\/uploads\/2018\/10\/tie-690084_1280.jpg","keywords":["sale biznesowe","sale konferencjne","sale szkoleniowe","spotkania biznesowe"],"articleSection":["Porady","Wybieranie miejsca konferencyjnego"],"inLanguage":"pl-PL"},{"@type":"WebPage","@id":"https:\/\/www.mojekonferencje.pl\/blog\/harmonogram-organizacji-konferencji\/","url":"https:\/\/www.mojekonferencje.pl\/blog\/harmonogram-organizacji-konferencji\/","name":"Harmonogram organizacji konferencji - blog | MojeKonferencje.pl","isPartOf":{"@id":"https:\/\/www.mojekonferencje.pl\/blog\/#website"},"primaryImageOfPage":{"@id":"https:\/\/www.mojekonferencje.pl\/blog\/harmonogram-organizacji-konferencji\/#primaryimage"},"image":{"@id":"https:\/\/www.mojekonferencje.pl\/blog\/harmonogram-organizacji-konferencji\/#primaryimage"},"thumbnailUrl":"https:\/\/www.mojekonferencje.pl\/blog\/wp-content\/uploads\/2018\/10\/tie-690084_1280.jpg","datePublished":"2018-10-18T10:40:22+00:00","dateModified":"2026-04-27T15:49:13+00:00","author":{"@id":"https:\/\/www.mojekonferencje.pl\/blog\/#\/schema\/person\/8efb521724c064d26da2045111fce99e"},"description":"Harmonogram organizacji konferencji - blog | MojeKonferencje.pl","breadcrumb":{"@id":"https:\/\/www.mojekonferencje.pl\/blog\/harmonogram-organizacji-konferencji\/#breadcrumb"},"inLanguage":"pl-PL","potentialAction":[{"@type":"ReadAction","target":["https:\/\/www.mojekonferencje.pl\/blog\/harmonogram-organizacji-konferencji\/"]}]},{"@type":"ImageObject","inLanguage":"pl-PL","@id":"https:\/\/www.mojekonferencje.pl\/blog\/harmonogram-organizacji-konferencji\/#primaryimage","url":"https:\/\/www.mojekonferencje.pl\/blog\/wp-content\/uploads\/2018\/10\/tie-690084_1280.jpg","contentUrl":"https:\/\/www.mojekonferencje.pl\/blog\/wp-content\/uploads\/2018\/10\/tie-690084_1280.jpg","width":1280,"height":854,"caption":"harmonogram konferencji"},{"@type":"BreadcrumbList","@id":"https:\/\/www.mojekonferencje.pl\/blog\/harmonogram-organizacji-konferencji\/#breadcrumb","itemListElement":[{"@type":"ListItem","position":1,"name":"Strona g\u0142\u00f3wna","item":"https:\/\/www.mojekonferencje.pl\/blog\/"},{"@type":"ListItem","position":2,"name":"Harmonogram organizacji konferencji"}]},{"@type":"WebSite","@id":"https:\/\/www.mojekonferencje.pl\/blog\/#website","url":"https:\/\/www.mojekonferencje.pl\/blog\/","name":"MojeKonferencje.pl","description":"Blog bran\u017cy szkoleniowo-konferencyjnej. W\u0142\u0105cz si\u0119 do dyskusji o obiektach konferencyjnych i nowo\u015bciach z bran\u017cy! Poznaj porady odno\u015bnie organizacji konferencji, szkole\u0144 i event\u00f3w firmowych! Zach\u0119camy do wyra\u017cania opinii oraz komentarzy.","potentialAction":[{"@type":"SearchAction","target":{"@type":"EntryPoint","urlTemplate":"https:\/\/www.mojekonferencje.pl\/blog\/?s={search_term_string}"},"query-input":{"@type":"PropertyValueSpecification","valueRequired":true,"valueName":"search_term_string"}}],"inLanguage":"pl-PL"},{"@type":"Person","@id":"https:\/\/www.mojekonferencje.pl\/blog\/#\/schema\/person\/8efb521724c064d26da2045111fce99e","name":"Kamila R\u00f3wi\u0144ska","description":"Autor i redaktor tre\u015bci portale MojeKonferencje.pl Na co dzie\u0144 zajmuje si\u0119 copywritingiem. Specjalista content marketingu i dziennikarstwa. Od ponad roku dzia\u0142a w bran\u017cy konferencyjnej.","url":"https:\/\/www.mojekonferencje.pl\/blog\/author\/kamila\/"}]}},"_links":{"self":[{"href":"https:\/\/www.mojekonferencje.pl\/blog\/wp-json\/wp\/v2\/posts\/1132","targetHints":{"allow":["GET"]}}],"collection":[{"href":"https:\/\/www.mojekonferencje.pl\/blog\/wp-json\/wp\/v2\/posts"}],"about":[{"href":"https:\/\/www.mojekonferencje.pl\/blog\/wp-json\/wp\/v2\/types\/post"}],"author":[{"embeddable":true,"href":"https:\/\/www.mojekonferencje.pl\/blog\/wp-json\/wp\/v2\/users\/6"}],"replies":[{"embeddable":true,"href":"https:\/\/www.mojekonferencje.pl\/blog\/wp-json\/wp\/v2\/comments?post=1132"}],"version-history":[{"count":16,"href":"https:\/\/www.mojekonferencje.pl\/blog\/wp-json\/wp\/v2\/posts\/1132\/revisions"}],"predecessor-version":[{"id":9654,"href":"https:\/\/www.mojekonferencje.pl\/blog\/wp-json\/wp\/v2\/posts\/1132\/revisions\/9654"}],"wp:featuredmedia":[{"embeddable":true,"href":"https:\/\/www.mojekonferencje.pl\/blog\/wp-json\/wp\/v2\/media\/1135"}],"wp:attachment":[{"href":"https:\/\/www.mojekonferencje.pl\/blog\/wp-json\/wp\/v2\/media?parent=1132"}],"wp:term":[{"taxonomy":"category","embeddable":true,"href":"https:\/\/www.mojekonferencje.pl\/blog\/wp-json\/wp\/v2\/categories?post=1132"},{"taxonomy":"post_tag","embeddable":true,"href":"https:\/\/www.mojekonferencje.pl\/blog\/wp-json\/wp\/v2\/tags?post=1132"}],"curies":[{"name":"wp","href":"https:\/\/api.w.org\/{rel}","templated":true}]}}