{"id":1177,"date":"2018-11-26T17:32:14","date_gmt":"2018-11-26T15:32:14","guid":{"rendered":"https:\/\/www.mojekonferencje.pl\/blog\/?p=1177"},"modified":"2026-04-27T08:24:48","modified_gmt":"2026-04-27T06:24:48","slug":"naglosnienie-konferencji-czyli-musisz-wiedziec-wybierajac-najlepszy-system-naglosnienia","status":"publish","type":"post","link":"https:\/\/www.mojekonferencje.pl\/blog\/naglosnienie-konferencji-czyli-musisz-wiedziec-wybierajac-najlepszy-system-naglosnienia\/","title":{"rendered":"Nag\u0142o\u015bnienie konferencji &#8211; Czyli co musisz wiedzie\u0107 wybieraj\u0105c najlepszy system nag\u0142o\u015bnienia?"},"content":{"rendered":"\n<p>Dob\u00f3r nag\u0142o\u015bnienia sali konferencyjnej ma kluczowe znaczenie dla odpowiedniego przebiegu ca\u0142ego wydarzenia. Decyduje to o tym, na ile publiczno\u015b\u0107 zrozumie wyk\u0142ad czy prelekcj\u0119. Rodzaj\u00f3w sprz\u0119tu jest jednak bardzo du\u017co. Dostosowane s\u0105 do r\u00f3\u017cnych pomieszcze\u0144 i cel\u00f3w. <strong>Jakie wiec jest najlepsze nag\u0142o\u015bnienie konferencji? Czym si\u0119 kierowa\u0107 dobieraj\u0105c g\u0142o\u015bniki i mikrofony? Kiedy warto wynaj\u0105\u0107 firm\u0119 a kiedy mo\u017cemy sami zaopatrzy\u0107 si\u0119 w sprz\u0119t do nag\u0142o\u015bnienia sali?<\/strong><\/p>\n\n\n\n<h2 class=\"wp-block-heading\">Dlaczego nag\u0142o\u015bnienie konferencji jest wa\u017cne?<\/h2>\n\n\n\n<p>Podczas organizacji wydarze\u0144 biznesowych dob\u00f3r odpowiednio mocnych g\u0142o\u015bnik\u00f3w i dopasowanych mikrofon\u00f3w jest czym\u015b, czego nie mo\u017cna lekcewa\u017cy\u0107. Nietrudno wyobrazi\u0107 sobie sytuacj\u0119, w kt\u00f3rej uczestnicy siadaj\u0105 na swoich miejscach, prelegent podchodzi do g\u0142o\u015bnika, po czym okazuje si\u0119, \u017ce sprz\u0119t nie dzia\u0142a. Chcemy uruchomi\u0107 film promocyjny, ale nie s\u0142ycha\u0107 d\u017awi\u0119ku. Co\u015b szumi i klekocze. Czasem mo\u017cna szybko wymieni\u0107 sprz\u0119t na inny, ale co w sytuacji, gdy w\u0142a\u015bnie trawa presti\u017cowa konferencja mi\u0119dzynarodowa? Ci\u0119\u017cko o gorszy PR w takiej sytuacji. <strong>Problemy techniczne mog\u0105 zepsu\u0107 humor ka\u017cdemu. Nawet je\u015bli problem zostanie rozwi\u0105zany, publiczno\u015b\u0107 b\u0119dzie pami\u0119ta\u0107, \u017ce w og\u00f3le mia\u0142 miejsce.<\/strong> <b>Dlatego w biznesie dob\u00f3r odpowiedniego systemu nag\u0142o\u015bnieniowego ma ogromne znaczenie nie tylko na powadzenie&nbsp;wydarzenia, ale tak\u017ce jego wizerunek.&nbsp;<\/b><\/p>\n\n\n<div class=\"wp-block-image\">\n<figure class=\"aligncenter\"><img loading=\"lazy\" decoding=\"async\" width=\"1920\" height=\"1285\" src=\"https:\/\/www.mojekonferencje.pl\/blog\/wp-content\/uploads\/2018\/11\/speaker-820005_1920.jpg\" alt=\"\" class=\"wp-image-1184 lazyload\" data-srcset=\"https:\/\/www.mojekonferencje.pl\/blog\/wp-content\/uploads\/2018\/11\/speaker-820005_1920.jpg 1920w, https:\/\/www.mojekonferencje.pl\/blog\/wp-content\/uploads\/2018\/11\/speaker-820005_1920-300x201.jpg 300w, https:\/\/www.mojekonferencje.pl\/blog\/wp-content\/uploads\/2018\/11\/speaker-820005_1920-768x514.jpg 768w, https:\/\/www.mojekonferencje.pl\/blog\/wp-content\/uploads\/2018\/11\/speaker-820005_1920-1024x685.jpg 1024w, https:\/\/www.mojekonferencje.pl\/blog\/wp-content\/uploads\/2018\/11\/speaker-820005_1920-1200x803.jpg 1200w, https:\/\/www.mojekonferencje.pl\/blog\/wp-content\/uploads\/2018\/11\/speaker-820005_1920-299x200.jpg 299w, https:\/\/www.mojekonferencje.pl\/blog\/wp-content\/uploads\/2018\/11\/speaker-820005_1920-635x425.jpg 635w\" sizes=\"auto\" \/><\/figure>\n<\/div>\n\n\n<p><\/p>\n\n\n\n<p>Dobrej jako\u015bci g\u0142o\u015bniki i mikrofony przek\u0142adaj\u0105 si\u0119 na sukces przedsi\u0119wzi\u0119cia w dwojaki spos\u00f3b. Po pierwsze widownia wszystko s\u0142yszy, a po drugie- wszystko rozumie. Dzi\u0119ki tym dw\u00f3m podstawowym elementom mo\u017ce powsta\u0107 zainteresowanie i interakcja z ich strony. <strong>Odpowiednie nag\u0142o\u015bnienie sali konferencyjnej sprawia, \u017ce przekazana wiedza zostaje lepiej przyswojona. Prowadzone szkolenia czy warsztaty daj\u0105 lepsze efekty, co ma bezpo\u015brednie prze\u0142o\u017cenie na jako\u015b\u0107 pracy i oczywi\u015bcie, zyski firmy.<\/strong><\/p>\n\n\n\n<h2 class=\"wp-block-heading\">Jak dobra\u0107 nag\u0142o\u015bnienie sali konferencyjnej?<\/h2>\n\n\n\n<p><strong>W&nbsp;zale\u017cno\u015bci od charakteru spotkania istniej\u0105 r\u00f3\u017cne&nbsp;typy nag\u0142o\u015bnienia. W\u015br\u00f3d najcz\u0119\u015bciej wybieranych znajduj\u0105 si\u0119: <\/strong><\/p>\n\n\n\n<ul class=\"wp-block-list\">\n<li><strong>nag\u0142o\u015bnienie kinowe, <\/strong><\/li>\n\n\n\n<li><strong>nag\u0142o\u015bnienie konferencyjne,<\/strong><\/li>\n\n\n\n<li><strong>nag\u0142o\u015bnienie eventowe.<\/strong><\/li>\n<\/ul>\n\n\n\n<p>Czym si\u0119 dok\u0142adnie r\u00f3\u017cni\u0105 mi\u0119dzy sob\u0105? Ot\u00f3\u017c, nale\u017cy mie\u0107 na uwadze, \u017ce d\u017awi\u0119k jest jest fal\u0105, kt\u00f3ra rozchodzi si\u0119 inaczej zale\u017cnie od otoczenia. Wystarczy pomy\u015ble\u0107 o zjawisku echa lub pr\u00f3bach m\u00f3wienia pod wod\u0105. <strong>Powinni\u015bmy dobra\u0107 odpowiednie nag\u0142o\u015bnienie sali konferencyjnej do jej wielko\u015bci i specyfikacji.<\/strong> Zupe\u0142nie inaczej wygl\u0105da\u0107 b\u0119dzie system nag\u0142o\u015bnieniowy w uk\u0142adzie teatralnym, a inaczej dla os\u00f3b siedz\u0105cych przy sto\u0142ach w tzw. podkow\u0119.<\/p>\n\n\n\n<p><strong>Gdy <a href=\"https:\/\/www.mojekonferencje.pl\/sala-konferencyjna\" type=\"link\" id=\"https:\/\/www.mojekonferencje.pl\/sala-konferencyjna\">sala konferencyjna <\/a>oferuje uk\u0142ad w podkow\u0119, stosuje si\u0119 zazwyczaj multifony, kt\u00f3re umo\u017cliwiaj\u0105 prowadzenie swobodnej dyskusji. Gdy mamy do czynienia z sal\u0105 konferencyjn\u0105 o uk\u0142adzie teatralnym potrzebujemy ca\u0142ych zestaw\u00f3w g\u0142o\u015bnik\u00f3w.<\/strong> S\u0105 one rozlokowane w r\u00f3\u017cnych miejscach i po\u0142\u0105czone ze sob\u0105 w skomplikowany system. Prelegenci potrzebuj\u0105 tak\u017ce mikrofon\u00f3w bezprzewodowych, je\u015bli chcemy zapewni\u0107 im swobod\u0119 poruszania si\u0119. Natomiast je\u015bli osoba wyst\u0119puj\u0105ca b\u0119dzie sta\u0107 w jednym miejscu, dobieraj\u0105c nag\u0142o\u015bnienie konferencyjne mo\u017cna u\u017cy\u0107 mikrofonu przewodowego, prezydium lub m\u00f3wnicy.<\/p>\n\n\n<div class=\"wp-block-image\">\n<figure class=\"aligncenter\"><img loading=\"lazy\" decoding=\"async\" width=\"1280\" height=\"720\" src=\"https:\/\/www.mojekonferencje.pl\/blog\/wp-content\/uploads\/2018\/11\/plug-672231_1280.jpg\" alt=\"\" class=\"wp-image-1180 lazyload\" data-srcset=\"https:\/\/www.mojekonferencje.pl\/blog\/wp-content\/uploads\/2018\/11\/plug-672231_1280.jpg 1280w, https:\/\/www.mojekonferencje.pl\/blog\/wp-content\/uploads\/2018\/11\/plug-672231_1280-300x169.jpg 300w, https:\/\/www.mojekonferencje.pl\/blog\/wp-content\/uploads\/2018\/11\/plug-672231_1280-768x432.jpg 768w, https:\/\/www.mojekonferencje.pl\/blog\/wp-content\/uploads\/2018\/11\/plug-672231_1280-1024x576.jpg 1024w, https:\/\/www.mojekonferencje.pl\/blog\/wp-content\/uploads\/2018\/11\/plug-672231_1280-1200x675.jpg 1200w, https:\/\/www.mojekonferencje.pl\/blog\/wp-content\/uploads\/2018\/11\/plug-672231_1280-345x194.jpg 345w, https:\/\/www.mojekonferencje.pl\/blog\/wp-content\/uploads\/2018\/11\/plug-672231_1280-756x425.jpg 756w\" sizes=\"auto\" \/><\/figure>\n<\/div>\n\n\n<p><\/p>\n\n\n\n<p>Nag\u0142o\u015bnienie kinowe, jak sama nazwa wskazuje, odnosi si\u0119 do sprz\u0119tu zbli\u017conego do tego, jaki jest wykorzystywany w kinach, salach koncertowych i teatrach. Chodzi o odpowiednio rozlokowane i wsp\u00f3\u0142graj\u0105ce ze sob\u0105 g\u0142o\u015bniki, kt\u00f3re roznosz\u0105 d\u017awi\u0119k r\u00f3wnomiernie po pomieszczeniu. Dzi\u0119ki nim ka\u017cda melodia brzmi g\u0142\u0119boko, a s\u0142owa s\u0105 idealnie zrozumia\u0142e niezale\u017cnie od rz\u0119du, w kt\u00f3rym siedzi widz. <strong>Nag\u0142o\u015bnienie kinowe odnajdziemy w du\u017cych obiektach jak <a href=\"https:\/\/www.mojekonferencje.pl\/centrum-szkoleniowo--konferencyjne\">centra konferencje<\/a>, <a href=\"https:\/\/www.mojekonferencje.pl\/centrum-targowe\" type=\"link\" id=\"https:\/\/www.mojekonferencje.pl\/centrum-targowe\">centa targowe<\/a> oraz obiektach przeznaczonych do rozrywki du\u017cych grup ludzi.<\/strong><\/p>\n\n\n\n<p><strong>Nag\u0142o\u015bnienie eventowe stosowane jest podczas wszelkiego rodzaju wydarze\u0144 plenerowych, od piknik\u00f3w po koncerty.<\/strong> Jest to bardzo wymagaj\u0105cy i drogi sprz\u0119t, kt\u00f3ry musi dostosowa\u0107 si\u0119 do zewn\u0119trznych warunk\u00f3w pogodowych i dzia\u0142a\u0107 w r\u00f3\u017cnych przestrzeniach. G\u0142\u00f3wn\u0105 r\u00f3\u017cnic\u0105 mi\u0119dzy tym systemem, a wersj\u0105 kinow\u0105 jest to, \u017ce ca\u0142o\u015b\u0107 musi by\u0107 na tyle mobilna, aby mo\u017cna by\u0142o j\u0105 z\u0142o\u017cy\u0107 i przetransportowa\u0107. Potrzebne s\u0105 nie tylko dodatkowe samochody ale tak\u017ce osoby, kt\u00f3re b\u0119d\u0105 odpowiedzialne za pod\u0142\u0105czenie sprz\u0119tu. O tyle, o ile w salach konferencyjnych mo\u017cemy liczy\u0107 na gotowe nag\u0142o\u015bnienie, w przypadku imprez plenerowych, musimy je dostarczy\u0107 na miejsce.<\/p>\n\n\n\n<h2 class=\"wp-block-heading\">W\u0142asny sprz\u0119t czy wynajem firmy audiowizualnej? <\/h2>\n\n\n\n<p>Wypo\u017cyczenie sprz\u0119tu nag\u0142a\u015bniaj\u0105cego to wci\u0105\u017c nie wszystko, poniewa\u017c trzeba tak\u017ce odpowiednio nim operowa\u0107. W przypadku imprez plenerowych mo\u017ce pojawi\u0107 si\u0119 konieczno\u015b\u0107 si\u0119gni\u0119cia po wsparcie osoby wykwalifikowanej.&nbsp;<strong>Firmy audiowizualne s\u0105 w stanie zaprojektowa\u0107 i wykona\u0107 optymalny system nag\u0142o\u015bnieniowy, kt\u00f3ry b\u0119dzie dostosowany do warunk\u00f3w elektroakustycznych otoczenia<\/strong>. Mo\u017cemy wi\u0119c by\u0107 spokojni o najwy\u017csz\u0105 jako\u015b\u0107 d\u017awi\u0119ku i niezawodno\u015b\u0107 sprz\u0119tu.<\/p>\n\n\n\n<p>W przypadku kameralnych szkole\u0144 czy warsztat\u00f3w zazwyczaj poradzimy sobie, bazuj\u0105c na komputerze i klasycznych g\u0142o\u015bnikach pokojowych. Problem zaczyna rosn\u0105\u0107 wraz ze zwi\u0119kszaj\u0105c\u0105 si\u0119 liczb\u0105 uczestnik\u00f3w wydarzenia. <strong>W wielu <a href=\"https:\/\/www.mojekonferencje.pl\/obiekt-konferencyjny\">obiektach konferencyjnych<\/a> s\u0105 osoby odpowiedzialne za sprz\u0119t, jednak nie jest to standardem.<\/strong> Gdy jednak mamy tak\u0105 mo\u017cliwo\u015b\u0107, powinni\u015bmy skorzysta\u0107 z kompleksowej obs\u0142ugi audiowizualnej, poniewa\u017c zapewnia to oszcz\u0119dno\u015b\u0107 czasu i stresu. Podzia\u0142 obowi\u0105zk\u00f3w jest kluczem do dobrej organizacji konferencji.<\/p>\n\n\n<div class=\"wp-block-image\">\n<figure class=\"aligncenter\"><img loading=\"lazy\" decoding=\"async\" width=\"1280\" height=\"853\" src=\"https:\/\/www.mojekonferencje.pl\/blog\/wp-content\/uploads\/2018\/11\/microphone-2130806_1280.jpg\" alt=\"\" class=\"wp-image-1181 lazyload\" data-srcset=\"https:\/\/www.mojekonferencje.pl\/blog\/wp-content\/uploads\/2018\/11\/microphone-2130806_1280.jpg 1280w, https:\/\/www.mojekonferencje.pl\/blog\/wp-content\/uploads\/2018\/11\/microphone-2130806_1280-300x200.jpg 300w, https:\/\/www.mojekonferencje.pl\/blog\/wp-content\/uploads\/2018\/11\/microphone-2130806_1280-768x512.jpg 768w, https:\/\/www.mojekonferencje.pl\/blog\/wp-content\/uploads\/2018\/11\/microphone-2130806_1280-1024x682.jpg 1024w, https:\/\/www.mojekonferencje.pl\/blog\/wp-content\/uploads\/2018\/11\/microphone-2130806_1280-1200x800.jpg 1200w, https:\/\/www.mojekonferencje.pl\/blog\/wp-content\/uploads\/2018\/11\/microphone-2130806_1280-638x425.jpg 638w\" sizes=\"auto\" \/><\/figure>\n<\/div>\n\n\n<p>Organizuj\u0105c spotkanie biznesowe, nale\u017cy zawsze pami\u0119ta\u0107 o odpowiednim nag\u0142o\u015bnieniu sali konferencyjnej. Dobry system, g\u0142o\u015bniki, wzmacniacze i mikrofony zapewniaj\u0105 pe\u0142n\u0105 s\u0142yszalno\u015b\u0107 m\u00f3wc\u00f3w, wi\u0119c nic nie umknie naszej uwadze. Powinni\u015bmy mie\u0107 podstawow\u0105 wiedz\u0119 na ten temat, a w przypadku prawdziwych wyzwa\u0144 si\u0119gn\u0105\u0107 po pomoc specjalist\u00f3w. Wsp\u00f3\u0142czesne czasy daj\u0105 nam szeroki wachlarz innowacyjnych, mobilnych systemy oraz wiele nietypowych rozwi\u0105za\u0144, dzi\u0119ki kt\u00f3rym nawet najbardziej nietypowa przestrze\u0144 zostanie idealnie nag\u0142o\u015bniona, wi\u0119c warto z tego skorzysta\u0107. <\/p>\n\n\n\n<p>Na <a href=\"https:\/\/www.mojekonferencje.pl\/\" type=\"link\" id=\"https:\/\/www.mojekonferencje.pl\/\">Mojekonferejnce.pl<\/a> znajduj\u0105 si\u0119 sale, kt\u00f3re posiadaj\u0105 sal\u0119 z doskona\u0142ym nag\u0142o\u015bnieniem. Sprawd\u017a i znajd\u017a idealne miejsce na konferencj\u0119. <\/p>\n","protected":false},"excerpt":{"rendered":"<p>Systemy nag\u0142o\u015bnieniowe to temat niemal r\u00f3wnie g\u0142\u0119boki jak sam d\u017awi\u0119k. Na rynku znajduje si\u0119 wiele marek i rodzaj\u00f3w g\u0142o\u015bnik\u00f3w, wzmacniaczy, mikrofon\u00f3w i wszelkiego rodzaju sprz\u0119tu udoskonalaj\u0105cego brzemi\u0119. Dob\u00f3r odpowiedniego nag\u0142o\u015bnienia sali konferencyjnej nie jest wi\u0119c taki prosty. Nie zawsze wystarcz\u0105 proste g\u0142o\u015bniki komputerowe. Na co wi\u0119c zwr\u00f3ci\u0107 szczeg\u00f3ln\u0105 uwag\u0119? Co musimy wiedzie\u0107, wybieraj\u0105c nag\u0142o\u015bnienie konferencyjne? Jakie s\u0105 jego rodzaje?<\/p>\n","protected":false},"author":6,"featured_media":1178,"comment_status":"closed","ping_status":"closed","sticky":false,"template":"","format":"standard","meta":{"_acf_changed":false,"footnotes":""},"categories":[8,175],"tags":[688,354,14,19,20],"class_list":["post-1177","post","type-post","status-publish","format-standard","has-post-thumbnail","hentry","category-porady","category-wybieranie-miejsca-konferencyjnego","tag-naglosnienie-konferencji","tag-organizacja-wydarzen","tag-sale-biznesowe","tag-sale-szkoleniowe","tag-spotkania-biznesowe"],"acf":[],"yoast_head":"<!-- This site is optimized with the Yoast SEO plugin v27.1.1 - https:\/\/yoast.com\/product\/yoast-seo-wordpress\/ -->\n<title>Nag\u0142o\u015bnienie konferencji - Czyli co musisz wiedzie\u0107 wybieraj\u0105c najlepszy system nag\u0142o\u015bnienia? - blog | MojeKonferencje.pl<\/title>\n<meta name=\"description\" content=\"Nag\u0142o\u015bnienie konferencji - Czyli co musisz wiedzie\u0107 wybieraj\u0105c najlepszy system nag\u0142o\u015bnienia? - blog | MojeKonferencje.pl\" \/>\n<meta name=\"robots\" content=\"index, follow, max-snippet:-1, max-image-preview:large, max-video-preview:-1\" \/>\n<link rel=\"canonical\" href=\"https:\/\/www.mojekonferencje.pl\/blog\/naglosnienie-konferencji-czyli-musisz-wiedziec-wybierajac-najlepszy-system-naglosnienia\/\" \/>\n<meta property=\"og:locale\" content=\"pl_PL\" \/>\n<meta property=\"og:type\" content=\"article\" \/>\n<meta property=\"og:title\" content=\"Nag\u0142o\u015bnienie konferencji - Czyli co musisz wiedzie\u0107 wybieraj\u0105c najlepszy system nag\u0142o\u015bnienia? - blog | MojeKonferencje.pl\" \/>\n<meta property=\"og:description\" content=\"Nag\u0142o\u015bnienie konferencji - Czyli co musisz wiedzie\u0107 wybieraj\u0105c najlepszy system nag\u0142o\u015bnienia? - blog | MojeKonferencje.pl\" \/>\n<meta property=\"og:url\" content=\"https:\/\/www.mojekonferencje.pl\/blog\/naglosnienie-konferencji-czyli-musisz-wiedziec-wybierajac-najlepszy-system-naglosnienia\/\" \/>\n<meta property=\"og:site_name\" content=\"MojeKonferencje.pl\" \/>\n<meta property=\"article:published_time\" content=\"2018-11-26T15:32:14+00:00\" \/>\n<meta property=\"article:modified_time\" content=\"2026-04-27T06:24:48+00:00\" \/>\n<meta property=\"og:image\" content=\"https:\/\/www.mojekonferencje.pl\/blog\/wp-content\/uploads\/2018\/11\/microphone-704255_1280.jpg\" \/>\n\t<meta property=\"og:image:width\" content=\"1280\" \/>\n\t<meta property=\"og:image:height\" content=\"853\" \/>\n\t<meta property=\"og:image:type\" content=\"image\/jpeg\" \/>\n<meta name=\"author\" content=\"Kamila R\u00f3wi\u0144ska\" \/>\n<meta name=\"twitter:card\" content=\"summary_large_image\" \/>\n<meta name=\"twitter:label1\" content=\"Napisane przez\" \/>\n\t<meta name=\"twitter:data1\" content=\"Kamila R\u00f3wi\u0144ska\" \/>\n\t<meta name=\"twitter:label2\" content=\"Szacowany czas czytania\" \/>\n\t<meta name=\"twitter:data2\" content=\"6 minut\" \/>\n<script type=\"application\/ld+json\" class=\"yoast-schema-graph\">{\"@context\":\"https:\/\/schema.org\",\"@graph\":[{\"@type\":\"Article\",\"@id\":\"https:\/\/www.mojekonferencje.pl\/blog\/naglosnienie-konferencji-czyli-musisz-wiedziec-wybierajac-najlepszy-system-naglosnienia\/#article\",\"isPartOf\":{\"@id\":\"https:\/\/www.mojekonferencje.pl\/blog\/naglosnienie-konferencji-czyli-musisz-wiedziec-wybierajac-najlepszy-system-naglosnienia\/\"},\"author\":{\"name\":\"Kamila R\u00f3wi\u0144ska\",\"@id\":\"https:\/\/www.mojekonferencje.pl\/blog\/#\/schema\/person\/8efb521724c064d26da2045111fce99e\"},\"headline\":\"Nag\u0142o\u015bnienie konferencji &#8211; Czyli co musisz wiedzie\u0107 wybieraj\u0105c najlepszy system nag\u0142o\u015bnienia?\",\"datePublished\":\"2018-11-26T15:32:14+00:00\",\"dateModified\":\"2026-04-27T06:24:48+00:00\",\"mainEntityOfPage\":{\"@id\":\"https:\/\/www.mojekonferencje.pl\/blog\/naglosnienie-konferencji-czyli-musisz-wiedziec-wybierajac-najlepszy-system-naglosnienia\/\"},\"wordCount\":1061,\"image\":{\"@id\":\"https:\/\/www.mojekonferencje.pl\/blog\/naglosnienie-konferencji-czyli-musisz-wiedziec-wybierajac-najlepszy-system-naglosnienia\/#primaryimage\"},\"thumbnailUrl\":\"https:\/\/www.mojekonferencje.pl\/blog\/wp-content\/uploads\/2018\/11\/microphone-704255_1280.jpg\",\"keywords\":[\"nag\u0142o\u015bnienie konferencji\",\"organizacja wydarze\u0144\",\"sale biznesowe\",\"sale szkoleniowe\",\"spotkania biznesowe\"],\"articleSection\":[\"Porady\",\"Wybieranie miejsca konferencyjnego\"],\"inLanguage\":\"pl-PL\"},{\"@type\":\"WebPage\",\"@id\":\"https:\/\/www.mojekonferencje.pl\/blog\/naglosnienie-konferencji-czyli-musisz-wiedziec-wybierajac-najlepszy-system-naglosnienia\/\",\"url\":\"https:\/\/www.mojekonferencje.pl\/blog\/naglosnienie-konferencji-czyli-musisz-wiedziec-wybierajac-najlepszy-system-naglosnienia\/\",\"name\":\"Nag\u0142o\u015bnienie konferencji - Czyli co musisz wiedzie\u0107 wybieraj\u0105c najlepszy system nag\u0142o\u015bnienia? - blog | MojeKonferencje.pl\",\"isPartOf\":{\"@id\":\"https:\/\/www.mojekonferencje.pl\/blog\/#website\"},\"primaryImageOfPage\":{\"@id\":\"https:\/\/www.mojekonferencje.pl\/blog\/naglosnienie-konferencji-czyli-musisz-wiedziec-wybierajac-najlepszy-system-naglosnienia\/#primaryimage\"},\"image\":{\"@id\":\"https:\/\/www.mojekonferencje.pl\/blog\/naglosnienie-konferencji-czyli-musisz-wiedziec-wybierajac-najlepszy-system-naglosnienia\/#primaryimage\"},\"thumbnailUrl\":\"https:\/\/www.mojekonferencje.pl\/blog\/wp-content\/uploads\/2018\/11\/microphone-704255_1280.jpg\",\"datePublished\":\"2018-11-26T15:32:14+00:00\",\"dateModified\":\"2026-04-27T06:24:48+00:00\",\"author\":{\"@id\":\"https:\/\/www.mojekonferencje.pl\/blog\/#\/schema\/person\/8efb521724c064d26da2045111fce99e\"},\"description\":\"Nag\u0142o\u015bnienie konferencji - Czyli co musisz wiedzie\u0107 wybieraj\u0105c najlepszy system nag\u0142o\u015bnienia? - blog | MojeKonferencje.pl\",\"breadcrumb\":{\"@id\":\"https:\/\/www.mojekonferencje.pl\/blog\/naglosnienie-konferencji-czyli-musisz-wiedziec-wybierajac-najlepszy-system-naglosnienia\/#breadcrumb\"},\"inLanguage\":\"pl-PL\",\"potentialAction\":[{\"@type\":\"ReadAction\",\"target\":[\"https:\/\/www.mojekonferencje.pl\/blog\/naglosnienie-konferencji-czyli-musisz-wiedziec-wybierajac-najlepszy-system-naglosnienia\/\"]}]},{\"@type\":\"ImageObject\",\"inLanguage\":\"pl-PL\",\"@id\":\"https:\/\/www.mojekonferencje.pl\/blog\/naglosnienie-konferencji-czyli-musisz-wiedziec-wybierajac-najlepszy-system-naglosnienia\/#primaryimage\",\"url\":\"https:\/\/www.mojekonferencje.pl\/blog\/wp-content\/uploads\/2018\/11\/microphone-704255_1280.jpg\",\"contentUrl\":\"https:\/\/www.mojekonferencje.pl\/blog\/wp-content\/uploads\/2018\/11\/microphone-704255_1280.jpg\",\"width\":1280,\"height\":853},{\"@type\":\"BreadcrumbList\",\"@id\":\"https:\/\/www.mojekonferencje.pl\/blog\/naglosnienie-konferencji-czyli-musisz-wiedziec-wybierajac-najlepszy-system-naglosnienia\/#breadcrumb\",\"itemListElement\":[{\"@type\":\"ListItem\",\"position\":1,\"name\":\"Strona g\u0142\u00f3wna\",\"item\":\"https:\/\/www.mojekonferencje.pl\/blog\/\"},{\"@type\":\"ListItem\",\"position\":2,\"name\":\"Nag\u0142o\u015bnienie konferencji &#8211; Czyli co musisz wiedzie\u0107 wybieraj\u0105c najlepszy system nag\u0142o\u015bnienia?\"}]},{\"@type\":\"WebSite\",\"@id\":\"https:\/\/www.mojekonferencje.pl\/blog\/#website\",\"url\":\"https:\/\/www.mojekonferencje.pl\/blog\/\",\"name\":\"MojeKonferencje.pl\",\"description\":\"Blog bran\u017cy szkoleniowo-konferencyjnej. W\u0142\u0105cz si\u0119 do dyskusji o obiektach konferencyjnych i nowo\u015bciach z bran\u017cy! Poznaj porady odno\u015bnie organizacji konferencji, szkole\u0144 i event\u00f3w firmowych! Zach\u0119camy do wyra\u017cania opinii oraz komentarzy.\",\"potentialAction\":[{\"@type\":\"SearchAction\",\"target\":{\"@type\":\"EntryPoint\",\"urlTemplate\":\"https:\/\/www.mojekonferencje.pl\/blog\/?s={search_term_string}\"},\"query-input\":{\"@type\":\"PropertyValueSpecification\",\"valueRequired\":true,\"valueName\":\"search_term_string\"}}],\"inLanguage\":\"pl-PL\"},{\"@type\":\"Person\",\"@id\":\"https:\/\/www.mojekonferencje.pl\/blog\/#\/schema\/person\/8efb521724c064d26da2045111fce99e\",\"name\":\"Kamila R\u00f3wi\u0144ska\",\"description\":\"Autor i redaktor tre\u015bci portale MojeKonferencje.pl Na co dzie\u0144 zajmuje si\u0119 copywritingiem. Specjalista content marketingu i dziennikarstwa. Od ponad roku dzia\u0142a w bran\u017cy konferencyjnej.\",\"url\":\"https:\/\/www.mojekonferencje.pl\/blog\/author\/kamila\/\"}]}<\/script>\n<!-- \/ Yoast SEO plugin. -->","yoast_head_json":{"title":"Nag\u0142o\u015bnienie konferencji - Czyli co musisz wiedzie\u0107 wybieraj\u0105c najlepszy system nag\u0142o\u015bnienia? - blog | MojeKonferencje.pl","description":"Nag\u0142o\u015bnienie konferencji - Czyli co musisz wiedzie\u0107 wybieraj\u0105c najlepszy system nag\u0142o\u015bnienia? - blog | MojeKonferencje.pl","robots":{"index":"index","follow":"follow","max-snippet":"max-snippet:-1","max-image-preview":"max-image-preview:large","max-video-preview":"max-video-preview:-1"},"canonical":"https:\/\/www.mojekonferencje.pl\/blog\/naglosnienie-konferencji-czyli-musisz-wiedziec-wybierajac-najlepszy-system-naglosnienia\/","og_locale":"pl_PL","og_type":"article","og_title":"Nag\u0142o\u015bnienie konferencji - Czyli co musisz wiedzie\u0107 wybieraj\u0105c najlepszy system nag\u0142o\u015bnienia? - blog | MojeKonferencje.pl","og_description":"Nag\u0142o\u015bnienie konferencji - Czyli co musisz wiedzie\u0107 wybieraj\u0105c najlepszy system nag\u0142o\u015bnienia? - blog | MojeKonferencje.pl","og_url":"https:\/\/www.mojekonferencje.pl\/blog\/naglosnienie-konferencji-czyli-musisz-wiedziec-wybierajac-najlepszy-system-naglosnienia\/","og_site_name":"MojeKonferencje.pl","article_published_time":"2018-11-26T15:32:14+00:00","article_modified_time":"2026-04-27T06:24:48+00:00","og_image":[{"width":1280,"height":853,"url":"https:\/\/www.mojekonferencje.pl\/blog\/wp-content\/uploads\/2018\/11\/microphone-704255_1280.jpg","type":"image\/jpeg"}],"author":"Kamila R\u00f3wi\u0144ska","twitter_card":"summary_large_image","twitter_misc":{"Napisane przez":"Kamila R\u00f3wi\u0144ska","Szacowany czas czytania":"6 minut"},"schema":{"@context":"https:\/\/schema.org","@graph":[{"@type":"Article","@id":"https:\/\/www.mojekonferencje.pl\/blog\/naglosnienie-konferencji-czyli-musisz-wiedziec-wybierajac-najlepszy-system-naglosnienia\/#article","isPartOf":{"@id":"https:\/\/www.mojekonferencje.pl\/blog\/naglosnienie-konferencji-czyli-musisz-wiedziec-wybierajac-najlepszy-system-naglosnienia\/"},"author":{"name":"Kamila R\u00f3wi\u0144ska","@id":"https:\/\/www.mojekonferencje.pl\/blog\/#\/schema\/person\/8efb521724c064d26da2045111fce99e"},"headline":"Nag\u0142o\u015bnienie konferencji &#8211; Czyli co musisz wiedzie\u0107 wybieraj\u0105c najlepszy system nag\u0142o\u015bnienia?","datePublished":"2018-11-26T15:32:14+00:00","dateModified":"2026-04-27T06:24:48+00:00","mainEntityOfPage":{"@id":"https:\/\/www.mojekonferencje.pl\/blog\/naglosnienie-konferencji-czyli-musisz-wiedziec-wybierajac-najlepszy-system-naglosnienia\/"},"wordCount":1061,"image":{"@id":"https:\/\/www.mojekonferencje.pl\/blog\/naglosnienie-konferencji-czyli-musisz-wiedziec-wybierajac-najlepszy-system-naglosnienia\/#primaryimage"},"thumbnailUrl":"https:\/\/www.mojekonferencje.pl\/blog\/wp-content\/uploads\/2018\/11\/microphone-704255_1280.jpg","keywords":["nag\u0142o\u015bnienie konferencji","organizacja wydarze\u0144","sale biznesowe","sale szkoleniowe","spotkania biznesowe"],"articleSection":["Porady","Wybieranie miejsca konferencyjnego"],"inLanguage":"pl-PL"},{"@type":"WebPage","@id":"https:\/\/www.mojekonferencje.pl\/blog\/naglosnienie-konferencji-czyli-musisz-wiedziec-wybierajac-najlepszy-system-naglosnienia\/","url":"https:\/\/www.mojekonferencje.pl\/blog\/naglosnienie-konferencji-czyli-musisz-wiedziec-wybierajac-najlepszy-system-naglosnienia\/","name":"Nag\u0142o\u015bnienie konferencji - Czyli co musisz wiedzie\u0107 wybieraj\u0105c najlepszy system nag\u0142o\u015bnienia? - blog | MojeKonferencje.pl","isPartOf":{"@id":"https:\/\/www.mojekonferencje.pl\/blog\/#website"},"primaryImageOfPage":{"@id":"https:\/\/www.mojekonferencje.pl\/blog\/naglosnienie-konferencji-czyli-musisz-wiedziec-wybierajac-najlepszy-system-naglosnienia\/#primaryimage"},"image":{"@id":"https:\/\/www.mojekonferencje.pl\/blog\/naglosnienie-konferencji-czyli-musisz-wiedziec-wybierajac-najlepszy-system-naglosnienia\/#primaryimage"},"thumbnailUrl":"https:\/\/www.mojekonferencje.pl\/blog\/wp-content\/uploads\/2018\/11\/microphone-704255_1280.jpg","datePublished":"2018-11-26T15:32:14+00:00","dateModified":"2026-04-27T06:24:48+00:00","author":{"@id":"https:\/\/www.mojekonferencje.pl\/blog\/#\/schema\/person\/8efb521724c064d26da2045111fce99e"},"description":"Nag\u0142o\u015bnienie konferencji - Czyli co musisz wiedzie\u0107 wybieraj\u0105c najlepszy system nag\u0142o\u015bnienia? - blog | MojeKonferencje.pl","breadcrumb":{"@id":"https:\/\/www.mojekonferencje.pl\/blog\/naglosnienie-konferencji-czyli-musisz-wiedziec-wybierajac-najlepszy-system-naglosnienia\/#breadcrumb"},"inLanguage":"pl-PL","potentialAction":[{"@type":"ReadAction","target":["https:\/\/www.mojekonferencje.pl\/blog\/naglosnienie-konferencji-czyli-musisz-wiedziec-wybierajac-najlepszy-system-naglosnienia\/"]}]},{"@type":"ImageObject","inLanguage":"pl-PL","@id":"https:\/\/www.mojekonferencje.pl\/blog\/naglosnienie-konferencji-czyli-musisz-wiedziec-wybierajac-najlepszy-system-naglosnienia\/#primaryimage","url":"https:\/\/www.mojekonferencje.pl\/blog\/wp-content\/uploads\/2018\/11\/microphone-704255_1280.jpg","contentUrl":"https:\/\/www.mojekonferencje.pl\/blog\/wp-content\/uploads\/2018\/11\/microphone-704255_1280.jpg","width":1280,"height":853},{"@type":"BreadcrumbList","@id":"https:\/\/www.mojekonferencje.pl\/blog\/naglosnienie-konferencji-czyli-musisz-wiedziec-wybierajac-najlepszy-system-naglosnienia\/#breadcrumb","itemListElement":[{"@type":"ListItem","position":1,"name":"Strona g\u0142\u00f3wna","item":"https:\/\/www.mojekonferencje.pl\/blog\/"},{"@type":"ListItem","position":2,"name":"Nag\u0142o\u015bnienie konferencji &#8211; Czyli co musisz wiedzie\u0107 wybieraj\u0105c najlepszy system nag\u0142o\u015bnienia?"}]},{"@type":"WebSite","@id":"https:\/\/www.mojekonferencje.pl\/blog\/#website","url":"https:\/\/www.mojekonferencje.pl\/blog\/","name":"MojeKonferencje.pl","description":"Blog bran\u017cy szkoleniowo-konferencyjnej. W\u0142\u0105cz si\u0119 do dyskusji o obiektach konferencyjnych i nowo\u015bciach z bran\u017cy! Poznaj porady odno\u015bnie organizacji konferencji, szkole\u0144 i event\u00f3w firmowych! Zach\u0119camy do wyra\u017cania opinii oraz komentarzy.","potentialAction":[{"@type":"SearchAction","target":{"@type":"EntryPoint","urlTemplate":"https:\/\/www.mojekonferencje.pl\/blog\/?s={search_term_string}"},"query-input":{"@type":"PropertyValueSpecification","valueRequired":true,"valueName":"search_term_string"}}],"inLanguage":"pl-PL"},{"@type":"Person","@id":"https:\/\/www.mojekonferencje.pl\/blog\/#\/schema\/person\/8efb521724c064d26da2045111fce99e","name":"Kamila R\u00f3wi\u0144ska","description":"Autor i redaktor tre\u015bci portale MojeKonferencje.pl Na co dzie\u0144 zajmuje si\u0119 copywritingiem. Specjalista content marketingu i dziennikarstwa. Od ponad roku dzia\u0142a w bran\u017cy konferencyjnej.","url":"https:\/\/www.mojekonferencje.pl\/blog\/author\/kamila\/"}]}},"_links":{"self":[{"href":"https:\/\/www.mojekonferencje.pl\/blog\/wp-json\/wp\/v2\/posts\/1177","targetHints":{"allow":["GET"]}}],"collection":[{"href":"https:\/\/www.mojekonferencje.pl\/blog\/wp-json\/wp\/v2\/posts"}],"about":[{"href":"https:\/\/www.mojekonferencje.pl\/blog\/wp-json\/wp\/v2\/types\/post"}],"author":[{"embeddable":true,"href":"https:\/\/www.mojekonferencje.pl\/blog\/wp-json\/wp\/v2\/users\/6"}],"replies":[{"embeddable":true,"href":"https:\/\/www.mojekonferencje.pl\/blog\/wp-json\/wp\/v2\/comments?post=1177"}],"version-history":[{"count":13,"href":"https:\/\/www.mojekonferencje.pl\/blog\/wp-json\/wp\/v2\/posts\/1177\/revisions"}],"predecessor-version":[{"id":9633,"href":"https:\/\/www.mojekonferencje.pl\/blog\/wp-json\/wp\/v2\/posts\/1177\/revisions\/9633"}],"wp:featuredmedia":[{"embeddable":true,"href":"https:\/\/www.mojekonferencje.pl\/blog\/wp-json\/wp\/v2\/media\/1178"}],"wp:attachment":[{"href":"https:\/\/www.mojekonferencje.pl\/blog\/wp-json\/wp\/v2\/media?parent=1177"}],"wp:term":[{"taxonomy":"category","embeddable":true,"href":"https:\/\/www.mojekonferencje.pl\/blog\/wp-json\/wp\/v2\/categories?post=1177"},{"taxonomy":"post_tag","embeddable":true,"href":"https:\/\/www.mojekonferencje.pl\/blog\/wp-json\/wp\/v2\/tags?post=1177"}],"curies":[{"name":"wp","href":"https:\/\/api.w.org\/{rel}","templated":true}]}}