{"id":1287,"date":"2019-02-25T17:29:00","date_gmt":"2019-02-25T15:29:00","guid":{"rendered":"https:\/\/www.mojekonferencje.pl\/blog\/?p=1287"},"modified":"2024-05-07T11:51:53","modified_gmt":"2024-05-07T09:51:53","slug":"organizacja-imprez-firmowych-a-budzet","status":"publish","type":"post","link":"https:\/\/www.mojekonferencje.pl\/blog\/organizacja-imprez-firmowych-a-budzet\/","title":{"rendered":"Organizacja imprez firmowych a bud\u017cet"},"content":{"rendered":"<h3 align=\"JUSTIFY\"><b>Czy organizowali\u015bcie kiedy\u015b imprez\u0119 urodzinow\u0105 dla siebie, dziecka lub znajomego? To wcale nie jest takie proste zadanie, prawda? Ci\u0119\u017cko ustali\u0107 odpowiedni termin, wybra\u0107 posi\u0142ki, kt\u00f3re ka\u017cdemu przypadn\u0105 do gustu, dopilnowa\u0107, aby ka\u017cdy bezpiecznie dojecha\u0142 na miejsce spotkania, a i tak nie mo\u017cna dogodzi\u0107 ka\u017cdemu. Gdy wi\u0119c zamiast dwudziestu os\u00f3b, na nasze wydarzenie przyjdzie ich kilka tysi\u0119cy, nie ka\u017cdy jest w stanie sobie poradzi\u0107. Od tego s\u0105 event managerowie. Czasem jednak zdarza si\u0119, \u017ce nasza firma oddeleguje nas specjalnie do tego zadania. <\/b><\/h3>\n<h3 align=\"JUSTIFY\"><b>Organizacja imprez firmowych posiada kilka element\u00f3w, z kt\u00f3ry najbardziej problematycznym jest bud\u017cet.<\/b><\/h3>\n<p>&nbsp;<\/p>\n<p align=\"JUSTIFY\">Je\u015bli nie wiecie, jak si\u0119 za to wszystko zabra\u0107, mo\u017cecie wspom\u00f3c si\u0119 naszymi poradnikami: <em><strong><a href=\"https:\/\/www.mojekonferencje.pl\/blog\/zorganizowac-perfekcyjna-konferencje\/\">Jak zorganizowa\u0107 perfekcyjn\u0105 konferencj\u0119?<\/a><\/strong><\/em> <em><strong><a href=\"https:\/\/www.mojekonferencje.pl\/blog\/harmonogram-organizacji-konferencji\/\">Harmonogram organizacji konferencji<\/a><\/strong><\/em> lub <em><strong><a href=\"https:\/\/www.mojekonferencje.pl\/blog\/organizowac-konferencje-krok-kroku\/\">Jak zorganizowa\u0107 konferencj\u0119 krok po kroku?<\/a><\/strong><\/em> Znajdziecie tam kilka przydatnych wskaz\u00f3wek, a tak\u017ce og\u00f3lne, jak i bardziej szczeg\u00f3\u0142owe om\u00f3wienie tematu. Dzi\u0119ki temu organizacja imprez firmowych nie b\u0119dzie ju\u017c taka straszna!<\/p>\n<p align=\"JUSTIFY\"><strong>Pono\u0107 najlepiej si\u0119 jednak uczy\u0107 na b\u0142\u0119dach innych, dlatego w\u0142a\u015bnie przygotowali\u015bmy specjalny zbi\u00f3r wpadek zwi\u0105zanych z bud\u017cetem.<\/strong><\/p>\n<p align=\"JUSTIFY\">Najcz\u0119\u015bciej zdarzaj\u0105 dwie sytuacje, gdzie problemem staje si\u0119 bud\u017cet imprezy. Pod koniec wydarzenie, zaczyna nam brakowa\u0107 \u015brodk\u00f3w na jego organizacj\u0119 b\u0105d\u017a po zako\u0144czeniu imprezy okazuje si\u0119, \u017ce kosztowa\u0142a nas wi\u0119cej ni\u017c zak\u0142adali\u015bmy. <strong>Obie wersje zdecydowanie nie spodobaj\u0105 si\u0119 prze\u0142o\u017conym. Co gorsze, mog\u0105 doprowadzi\u0107 do odwo\u0142ania eventu, a to jest scenariusz, kt\u00f3rego zdecydowanie musimy unikn\u0105\u0107, jako organizatorzy imprezy.<\/strong><\/p>\n<h2 align=\"JUSTIFY\">Ustalenie bud\u017cetu imprezy firmowej<\/h2>\n<p align=\"JUSTIFY\">Problem z bud\u017cetem imprezy zaczyna si\u0119 ju\u017c w momencie ustalenia go. Gdy musimy zawczasu obliczy\u0107 ewentualne koszty,\u00a0 nale\u017cy by\u0107 bardzo szczeg\u00f3\u0142owym i konkretnie zbada\u0107 rynek us\u0142ug, kt\u00f3re chcemy zapewni\u0107 na swoim wydarzeniu. <strong>Warto zadzwoni\u0107 i dopyta\u0107 si\u0119 o kosztorys od samej firmy multimedialnej czy cateringowej.<\/strong> Dobry organizator imprez wie, \u017ce zawsze mo\u017ce pojawi\u0107 si\u0119 dop\u0142ata, kt\u00f3r\u0105 nie uwzgl\u0119dniono na pierwszej stronie oferty, a na samym jej ko\u0144cu.<\/p>\n<p align=\"JUSTIFY\"><img loading=\"lazy\" decoding=\"async\" class=\"aligncenter wp-image-1296 size-full lazyload\" src=\"https:\/\/www.mojekonferencje.pl\/blog\/wp-content\/uploads\/2019\/02\/adult-blur-boys-935981.jpg\" alt=\"\" width=\"2048\" height=\"1365\" data-srcset=\"https:\/\/www.mojekonferencje.pl\/blog\/wp-content\/uploads\/2019\/02\/adult-blur-boys-935981.jpg 2048w, https:\/\/www.mojekonferencje.pl\/blog\/wp-content\/uploads\/2019\/02\/adult-blur-boys-935981-300x200.jpg 300w, https:\/\/www.mojekonferencje.pl\/blog\/wp-content\/uploads\/2019\/02\/adult-blur-boys-935981-768x512.jpg 768w, https:\/\/www.mojekonferencje.pl\/blog\/wp-content\/uploads\/2019\/02\/adult-blur-boys-935981-1024x683.jpg 1024w, https:\/\/www.mojekonferencje.pl\/blog\/wp-content\/uploads\/2019\/02\/adult-blur-boys-935981-1200x800.jpg 1200w, https:\/\/www.mojekonferencje.pl\/blog\/wp-content\/uploads\/2019\/02\/adult-blur-boys-935981-638x425.jpg 638w\" sizes=\"auto\" \/><\/p>\n<p align=\"JUSTIFY\">Oczywi\u015bcie im wi\u0119ksze fundusze, tym mo\u017cemy by\u0107 spokojniejsi, a impreza b\u0119dzie ciekawsza. <strong>Przy du\u017cych \u015brodkach mo\u017cemy sobie pozwoli\u0107 na efektown\u0105 opraw\u0119 wizualn\u0105, muzyczn\u0105 czy druk specjalistycznych materia\u0142\u00f3w.<\/strong> Wi\u0119kszy bud\u017cet to tak\u017ce wi\u0119ksze bezpiecze\u0144stwo finansowe i \u0142atwo\u015b\u0107 ratowania sytuacji, gdy powinie nam si\u0119 noga. Bardzo cz\u0119sto jednak kwota, jak\u0105 mo\u017cemy wyda\u0107 jest z g\u00f3ry ustalana. Wtedy warto wykaza\u0107 si\u0119 kreatywno\u015bci\u0105.<\/p>\n<h2 align=\"JUSTIFY\">Organizacja imprezy o niewielkich kosztach<\/h2>\n<p align=\"JUSTIFY\">Organizacja imprezy o niewielkich kosztach jest jak najbardziej mo\u017cliwa. <strong>Je\u015bli termin imprezy firmowej przypada w sezonie ferii lub wakacji, nale\u017cy liczy\u0107 si\u0119 z podniesieniem cen.<\/strong>\u00a0Wtedy dobrym sposobem oszcz\u0119dno\u015bci jest zatrudnianie wolontariuszy. Natomiast gdy stawiamy na specjalist\u00f3w, mo\u017cemy mie\u0107 pewno\u015b\u0107, \u017ce posiadaj\u0105 nie tylko wiedz\u0119, ale i do\u015bwiadczenie, z kt\u00f3rego mamy prawo korzysta\u0107.<\/p>\n<p align=\"JUSTIFY\"><strong>Warto negocjowa\u0107 cen\u0119, oferowa\u0107 zni\u017cki na w\u0142asne produkty i us\u0142ugi, a tak\u017ce wsp\u00f3\u0142pracowa\u0107 ze sta\u0142ymi podwykonawcami.<\/strong> Mo\u017cna w ten spos\u00f3b zminimalizowa\u0107 wydatki, nie trac\u0105c na profesjonalizmie imprezy firmowej.<\/p>\n<p align=\"JUSTIFY\"><img loading=\"lazy\" decoding=\"async\" class=\"aligncenter wp-image-1297 size-full lazyload\" src=\"https:\/\/www.mojekonferencje.pl\/blog\/wp-content\/uploads\/2019\/02\/arms-bonding-closeness-1645634.jpg\" alt=\"\" width=\"7000\" height=\"4667\" data-srcset=\"https:\/\/www.mojekonferencje.pl\/blog\/wp-content\/uploads\/2019\/02\/arms-bonding-closeness-1645634.jpg 7000w, https:\/\/www.mojekonferencje.pl\/blog\/wp-content\/uploads\/2019\/02\/arms-bonding-closeness-1645634-300x200.jpg 300w, https:\/\/www.mojekonferencje.pl\/blog\/wp-content\/uploads\/2019\/02\/arms-bonding-closeness-1645634-768x512.jpg 768w, https:\/\/www.mojekonferencje.pl\/blog\/wp-content\/uploads\/2019\/02\/arms-bonding-closeness-1645634-1024x683.jpg 1024w, https:\/\/www.mojekonferencje.pl\/blog\/wp-content\/uploads\/2019\/02\/arms-bonding-closeness-1645634-1200x800.jpg 1200w, https:\/\/www.mojekonferencje.pl\/blog\/wp-content\/uploads\/2019\/02\/arms-bonding-closeness-1645634-637x425.jpg 637w\" sizes=\"auto\" \/><\/p>\n<p align=\"JUSTIFY\">Nie zawsze wszelkie koszty musimy ponosi\u0107 sami. Mo\u017cna uda\u0107 si\u0119 po pomoc ze strony w\u0142adz miasta lub <a href=\"https:\/\/www.mojekonferencje.pl\/obiekt-konferencyjny\">obiektu<\/a>, w jakim odbywa si\u0119 impreza firmowa. Aby obie strony by\u0142y zadowolone, nale\u017cy szuka\u0107 kompromisu, daj\u0105c r\u00f3wnie\u017c co\u015b od siebie.<strong> W ten spos\u00f3b organizator ponosi mniejsze koszta, a miasto lub obiekt otrzymuje dodatkow\u0105 promocj\u0119<\/strong>.<\/p>\n<p align=\"JUSTIFY\"><strong>Warto tak\u017ce pami\u0119ta\u0107, \u017ce imprezy masowe tworz\u0105 du\u017cy obieg pieni\u0119dzy.<\/strong> Uczestnicy piknik\u00f3w, koncert\u00f3w czy wydarze\u0144 sportowych korzystaj\u0105 nie tylko z naszego miejsca, ale tak\u017ce okolicznych <a href=\"https:\/\/www.mojekonferencje.pl\/szukaj?name=&amp;city=&amp;venue_type%5B%5D=26&amp;venue_type%5B%5D=1&amp;venue_type%5B%5D=3&amp;venue_type%5B%5D=12&amp;participants=&amp;beds=\">hoteli<\/a>, <a href=\"https:\/\/www.mojekonferencje.pl\/restauracja\">restauracji<\/a>, sklep\u00f3w i parking\u00f3w, co daje zarobek ich w\u0142a\u015bcicielom i mieszka\u0144com.<\/p>\n<p align=\"JUSTIFY\"><img loading=\"lazy\" decoding=\"async\" class=\"aligncenter wp-image-1288 size-full lazyload\" src=\"https:\/\/www.mojekonferencje.pl\/blog\/wp-content\/uploads\/2019\/02\/adult-boy-child-325521.jpg\" alt=\"\" width=\"2048\" height=\"1366\" data-srcset=\"https:\/\/www.mojekonferencje.pl\/blog\/wp-content\/uploads\/2019\/02\/adult-boy-child-325521.jpg 2048w, https:\/\/www.mojekonferencje.pl\/blog\/wp-content\/uploads\/2019\/02\/adult-boy-child-325521-300x200.jpg 300w, https:\/\/www.mojekonferencje.pl\/blog\/wp-content\/uploads\/2019\/02\/adult-boy-child-325521-768x512.jpg 768w, https:\/\/www.mojekonferencje.pl\/blog\/wp-content\/uploads\/2019\/02\/adult-boy-child-325521-1024x683.jpg 1024w, https:\/\/www.mojekonferencje.pl\/blog\/wp-content\/uploads\/2019\/02\/adult-boy-child-325521-1200x800.jpg 1200w, https:\/\/www.mojekonferencje.pl\/blog\/wp-content\/uploads\/2019\/02\/adult-boy-child-325521-637x425.jpg 637w\" sizes=\"auto\" \/><\/p>\n<p align=\"JUSTIFY\">W zale\u017cno\u015bci od charakteru planowanej imprezy, mo\u017cna postara\u0107 si\u0119 o refundacj\u0119 koszt\u00f3w z fundusz\u00f3w miejskich lub unijnych.\u00a0Dotyczy to szczeg\u00f3lnie organizacji o charterze non-profit. <strong>Nie mo\u017cna r\u00f3wnie\u017c zapomnie\u0107 o kwestiach prawnych. Organizacja imprez firmowych wymaga zabezpieczenia ze strony medycznej i administracyjnej.<\/strong> Mo\u017ce zdarzy\u0107 si\u0119 sytuacja, gdy konieczne b\u0119dzie zapewnienie\u00a0 woz\u00f3w stra\u017cackich lub ambulans\u00f3w. Je\u015bli nie dopilnujemy kwestii bezpiecze\u0144stwa, mog\u0105 czeka\u0107 nas surowe kary.<\/p>\n<h3 align=\"JUSTIFY\"><b>Minimalizowanie koszt\u00f3w podczas organizacji imprez firmowych to jednoczesne ograniczanie zwi\u0105zanego z tym ryzyka. Najwa\u017cniejsze ostatecznie jest to, aby bud\u017cet uda\u0142o si\u0119 zamkn\u0105\u0107, a wydarzenie odnios\u0142o sukces. Aby to by\u0142o mo\u017cliwe, nale\u017cy mie\u0107 pe\u0142n\u0105 kontrol\u0119 nad bud\u017cetem imprezy i reagowa\u0107 na bie\u017c\u0105co podczas ewentualnych w\u0105tpliwo\u015bci co do wyceny us\u0142ug i produkt\u00f3w. Dzi\u0119ki przezorno\u015bci i wizjonerstwu, organizacja imprez firmowych stanie si\u0119 czynno\u015bci\u0105 prost\u0105 i przyjemn\u0105. <\/b><\/h3>\n","protected":false},"excerpt":{"rendered":"<p>Co sprawia, \u017ce impreza firmowa jest niewypa\u0142em? Dlaczego niekt\u00f3re imprezy masowe robi\u0105 furor\u0119 w social mediach, a inne odchodz\u0105 w zapomnienie lub co gorsze, w og\u00f3le do nich nie dochodzi? Gdy nie wiadomo o co chodzi to zawsze chodzi o pieni\u0105dze, a najcz\u0119\u015bciej te \u017ale policzone. Oto zbi\u00f3r najcz\u0119stszych b\u0142\u0119d\u00f3w zwi\u0105zanych z bud\u017cetem.<\/p>\n","protected":false},"author":6,"featured_media":1295,"comment_status":"closed","ping_status":"closed","sticky":false,"template":"","format":"standard","meta":{"_acf_changed":false,"footnotes":""},"categories":[8,7],"tags":[16,26],"class_list":["post-1287","post","type-post","status-publish","format-standard","has-post-thumbnail","hentry","category-porady","category-wydarzenia","tag-weekendy-integracyjne","tag-wypady-integracyjne"],"acf":[],"yoast_head":"<!-- This site is optimized with the Yoast SEO plugin v27.1.1 - https:\/\/yoast.com\/product\/yoast-seo-wordpress\/ -->\n<title>Organizacja imprez firmowych a bud\u017cet - blog | MojeKonferencje.pl<\/title>\n<meta name=\"description\" content=\"Organizacja imprez firmowych a bud\u017cet - blog | MojeKonferencje.pl\" \/>\n<meta name=\"robots\" content=\"index, follow, max-snippet:-1, max-image-preview:large, max-video-preview:-1\" \/>\n<link rel=\"canonical\" href=\"https:\/\/www.mojekonferencje.pl\/blog\/organizacja-imprez-firmowych-a-budzet\/\" \/>\n<meta property=\"og:locale\" content=\"pl_PL\" \/>\n<meta property=\"og:type\" content=\"article\" \/>\n<meta property=\"og:title\" content=\"Organizacja imprez firmowych a bud\u017cet - blog | MojeKonferencje.pl\" \/>\n<meta property=\"og:description\" content=\"Organizacja imprez firmowych a bud\u017cet - blog | MojeKonferencje.pl\" \/>\n<meta property=\"og:url\" content=\"https:\/\/www.mojekonferencje.pl\/blog\/organizacja-imprez-firmowych-a-budzet\/\" \/>\n<meta property=\"og:site_name\" content=\"MojeKonferencje.pl\" \/>\n<meta property=\"article:published_time\" content=\"2019-02-25T15:29:00+00:00\" \/>\n<meta property=\"article:modified_time\" content=\"2024-05-07T09:51:53+00:00\" \/>\n<meta property=\"og:image\" content=\"https:\/\/www.mojekonferencje.pl\/blog\/wp-content\/uploads\/2019\/02\/activity-beach-bonfire-1531683.jpg\" \/>\n\t<meta property=\"og:image:width\" content=\"5040\" \/>\n\t<meta property=\"og:image:height\" content=\"3360\" \/>\n\t<meta property=\"og:image:type\" content=\"image\/jpeg\" \/>\n<meta name=\"author\" content=\"Kamila R\u00f3wi\u0144ska\" \/>\n<meta name=\"twitter:card\" content=\"summary_large_image\" \/>\n<meta name=\"twitter:label1\" content=\"Napisane przez\" \/>\n\t<meta name=\"twitter:data1\" content=\"Kamila R\u00f3wi\u0144ska\" \/>\n\t<meta name=\"twitter:label2\" content=\"Szacowany czas czytania\" \/>\n\t<meta name=\"twitter:data2\" content=\"4 minuty\" \/>\n<script type=\"application\/ld+json\" class=\"yoast-schema-graph\">{\"@context\":\"https:\/\/schema.org\",\"@graph\":[{\"@type\":\"Article\",\"@id\":\"https:\/\/www.mojekonferencje.pl\/blog\/organizacja-imprez-firmowych-a-budzet\/#article\",\"isPartOf\":{\"@id\":\"https:\/\/www.mojekonferencje.pl\/blog\/organizacja-imprez-firmowych-a-budzet\/\"},\"author\":{\"name\":\"Kamila R\u00f3wi\u0144ska\",\"@id\":\"https:\/\/www.mojekonferencje.pl\/blog\/#\/schema\/person\/8efb521724c064d26da2045111fce99e\"},\"headline\":\"Organizacja imprez firmowych a bud\u017cet\",\"datePublished\":\"2019-02-25T15:29:00+00:00\",\"dateModified\":\"2024-05-07T09:51:53+00:00\",\"mainEntityOfPage\":{\"@id\":\"https:\/\/www.mojekonferencje.pl\/blog\/organizacja-imprez-firmowych-a-budzet\/\"},\"wordCount\":799,\"image\":{\"@id\":\"https:\/\/www.mojekonferencje.pl\/blog\/organizacja-imprez-firmowych-a-budzet\/#primaryimage\"},\"thumbnailUrl\":\"https:\/\/www.mojekonferencje.pl\/blog\/wp-content\/uploads\/2019\/02\/activity-beach-bonfire-1531683.jpg\",\"keywords\":[\"weekendy integracyjne\",\"wypady integracyjne\"],\"articleSection\":[\"Porady\",\"Wydarzenia\"],\"inLanguage\":\"pl-PL\"},{\"@type\":\"WebPage\",\"@id\":\"https:\/\/www.mojekonferencje.pl\/blog\/organizacja-imprez-firmowych-a-budzet\/\",\"url\":\"https:\/\/www.mojekonferencje.pl\/blog\/organizacja-imprez-firmowych-a-budzet\/\",\"name\":\"Organizacja imprez firmowych a bud\u017cet - blog | MojeKonferencje.pl\",\"isPartOf\":{\"@id\":\"https:\/\/www.mojekonferencje.pl\/blog\/#website\"},\"primaryImageOfPage\":{\"@id\":\"https:\/\/www.mojekonferencje.pl\/blog\/organizacja-imprez-firmowych-a-budzet\/#primaryimage\"},\"image\":{\"@id\":\"https:\/\/www.mojekonferencje.pl\/blog\/organizacja-imprez-firmowych-a-budzet\/#primaryimage\"},\"thumbnailUrl\":\"https:\/\/www.mojekonferencje.pl\/blog\/wp-content\/uploads\/2019\/02\/activity-beach-bonfire-1531683.jpg\",\"datePublished\":\"2019-02-25T15:29:00+00:00\",\"dateModified\":\"2024-05-07T09:51:53+00:00\",\"author\":{\"@id\":\"https:\/\/www.mojekonferencje.pl\/blog\/#\/schema\/person\/8efb521724c064d26da2045111fce99e\"},\"description\":\"Organizacja imprez firmowych a bud\u017cet - blog | MojeKonferencje.pl\",\"breadcrumb\":{\"@id\":\"https:\/\/www.mojekonferencje.pl\/blog\/organizacja-imprez-firmowych-a-budzet\/#breadcrumb\"},\"inLanguage\":\"pl-PL\",\"potentialAction\":[{\"@type\":\"ReadAction\",\"target\":[\"https:\/\/www.mojekonferencje.pl\/blog\/organizacja-imprez-firmowych-a-budzet\/\"]}]},{\"@type\":\"ImageObject\",\"inLanguage\":\"pl-PL\",\"@id\":\"https:\/\/www.mojekonferencje.pl\/blog\/organizacja-imprez-firmowych-a-budzet\/#primaryimage\",\"url\":\"https:\/\/www.mojekonferencje.pl\/blog\/wp-content\/uploads\/2019\/02\/activity-beach-bonfire-1531683.jpg\",\"contentUrl\":\"https:\/\/www.mojekonferencje.pl\/blog\/wp-content\/uploads\/2019\/02\/activity-beach-bonfire-1531683.jpg\",\"width\":5040,\"height\":3360},{\"@type\":\"BreadcrumbList\",\"@id\":\"https:\/\/www.mojekonferencje.pl\/blog\/organizacja-imprez-firmowych-a-budzet\/#breadcrumb\",\"itemListElement\":[{\"@type\":\"ListItem\",\"position\":1,\"name\":\"Strona g\u0142\u00f3wna\",\"item\":\"https:\/\/www.mojekonferencje.pl\/blog\/\"},{\"@type\":\"ListItem\",\"position\":2,\"name\":\"Organizacja imprez firmowych a bud\u017cet\"}]},{\"@type\":\"WebSite\",\"@id\":\"https:\/\/www.mojekonferencje.pl\/blog\/#website\",\"url\":\"https:\/\/www.mojekonferencje.pl\/blog\/\",\"name\":\"MojeKonferencje.pl\",\"description\":\"Blog bran\u017cy szkoleniowo-konferencyjnej. W\u0142\u0105cz si\u0119 do dyskusji o obiektach konferencyjnych i nowo\u015bciach z bran\u017cy! Poznaj porady odno\u015bnie organizacji konferencji, szkole\u0144 i event\u00f3w firmowych! Zach\u0119camy do wyra\u017cania opinii oraz komentarzy.\",\"potentialAction\":[{\"@type\":\"SearchAction\",\"target\":{\"@type\":\"EntryPoint\",\"urlTemplate\":\"https:\/\/www.mojekonferencje.pl\/blog\/?s={search_term_string}\"},\"query-input\":{\"@type\":\"PropertyValueSpecification\",\"valueRequired\":true,\"valueName\":\"search_term_string\"}}],\"inLanguage\":\"pl-PL\"},{\"@type\":\"Person\",\"@id\":\"https:\/\/www.mojekonferencje.pl\/blog\/#\/schema\/person\/8efb521724c064d26da2045111fce99e\",\"name\":\"Kamila R\u00f3wi\u0144ska\",\"description\":\"Autor i redaktor tre\u015bci portale MojeKonferencje.pl Na co dzie\u0144 zajmuje si\u0119 copywritingiem. Specjalista content marketingu i dziennikarstwa. Od ponad roku dzia\u0142a w bran\u017cy konferencyjnej.\",\"url\":\"https:\/\/www.mojekonferencje.pl\/blog\/author\/kamila\/\"}]}<\/script>\n<!-- \/ Yoast SEO plugin. -->","yoast_head_json":{"title":"Organizacja imprez firmowych a bud\u017cet - blog | MojeKonferencje.pl","description":"Organizacja imprez firmowych a bud\u017cet - blog | MojeKonferencje.pl","robots":{"index":"index","follow":"follow","max-snippet":"max-snippet:-1","max-image-preview":"max-image-preview:large","max-video-preview":"max-video-preview:-1"},"canonical":"https:\/\/www.mojekonferencje.pl\/blog\/organizacja-imprez-firmowych-a-budzet\/","og_locale":"pl_PL","og_type":"article","og_title":"Organizacja imprez firmowych a bud\u017cet - blog | MojeKonferencje.pl","og_description":"Organizacja imprez firmowych a bud\u017cet - blog | MojeKonferencje.pl","og_url":"https:\/\/www.mojekonferencje.pl\/blog\/organizacja-imprez-firmowych-a-budzet\/","og_site_name":"MojeKonferencje.pl","article_published_time":"2019-02-25T15:29:00+00:00","article_modified_time":"2024-05-07T09:51:53+00:00","og_image":[{"width":5040,"height":3360,"url":"https:\/\/www.mojekonferencje.pl\/blog\/wp-content\/uploads\/2019\/02\/activity-beach-bonfire-1531683.jpg","type":"image\/jpeg"}],"author":"Kamila R\u00f3wi\u0144ska","twitter_card":"summary_large_image","twitter_misc":{"Napisane przez":"Kamila R\u00f3wi\u0144ska","Szacowany czas czytania":"4 minuty"},"schema":{"@context":"https:\/\/schema.org","@graph":[{"@type":"Article","@id":"https:\/\/www.mojekonferencje.pl\/blog\/organizacja-imprez-firmowych-a-budzet\/#article","isPartOf":{"@id":"https:\/\/www.mojekonferencje.pl\/blog\/organizacja-imprez-firmowych-a-budzet\/"},"author":{"name":"Kamila R\u00f3wi\u0144ska","@id":"https:\/\/www.mojekonferencje.pl\/blog\/#\/schema\/person\/8efb521724c064d26da2045111fce99e"},"headline":"Organizacja imprez firmowych a bud\u017cet","datePublished":"2019-02-25T15:29:00+00:00","dateModified":"2024-05-07T09:51:53+00:00","mainEntityOfPage":{"@id":"https:\/\/www.mojekonferencje.pl\/blog\/organizacja-imprez-firmowych-a-budzet\/"},"wordCount":799,"image":{"@id":"https:\/\/www.mojekonferencje.pl\/blog\/organizacja-imprez-firmowych-a-budzet\/#primaryimage"},"thumbnailUrl":"https:\/\/www.mojekonferencje.pl\/blog\/wp-content\/uploads\/2019\/02\/activity-beach-bonfire-1531683.jpg","keywords":["weekendy integracyjne","wypady integracyjne"],"articleSection":["Porady","Wydarzenia"],"inLanguage":"pl-PL"},{"@type":"WebPage","@id":"https:\/\/www.mojekonferencje.pl\/blog\/organizacja-imprez-firmowych-a-budzet\/","url":"https:\/\/www.mojekonferencje.pl\/blog\/organizacja-imprez-firmowych-a-budzet\/","name":"Organizacja imprez firmowych a bud\u017cet - blog | MojeKonferencje.pl","isPartOf":{"@id":"https:\/\/www.mojekonferencje.pl\/blog\/#website"},"primaryImageOfPage":{"@id":"https:\/\/www.mojekonferencje.pl\/blog\/organizacja-imprez-firmowych-a-budzet\/#primaryimage"},"image":{"@id":"https:\/\/www.mojekonferencje.pl\/blog\/organizacja-imprez-firmowych-a-budzet\/#primaryimage"},"thumbnailUrl":"https:\/\/www.mojekonferencje.pl\/blog\/wp-content\/uploads\/2019\/02\/activity-beach-bonfire-1531683.jpg","datePublished":"2019-02-25T15:29:00+00:00","dateModified":"2024-05-07T09:51:53+00:00","author":{"@id":"https:\/\/www.mojekonferencje.pl\/blog\/#\/schema\/person\/8efb521724c064d26da2045111fce99e"},"description":"Organizacja imprez firmowych a bud\u017cet - blog | MojeKonferencje.pl","breadcrumb":{"@id":"https:\/\/www.mojekonferencje.pl\/blog\/organizacja-imprez-firmowych-a-budzet\/#breadcrumb"},"inLanguage":"pl-PL","potentialAction":[{"@type":"ReadAction","target":["https:\/\/www.mojekonferencje.pl\/blog\/organizacja-imprez-firmowych-a-budzet\/"]}]},{"@type":"ImageObject","inLanguage":"pl-PL","@id":"https:\/\/www.mojekonferencje.pl\/blog\/organizacja-imprez-firmowych-a-budzet\/#primaryimage","url":"https:\/\/www.mojekonferencje.pl\/blog\/wp-content\/uploads\/2019\/02\/activity-beach-bonfire-1531683.jpg","contentUrl":"https:\/\/www.mojekonferencje.pl\/blog\/wp-content\/uploads\/2019\/02\/activity-beach-bonfire-1531683.jpg","width":5040,"height":3360},{"@type":"BreadcrumbList","@id":"https:\/\/www.mojekonferencje.pl\/blog\/organizacja-imprez-firmowych-a-budzet\/#breadcrumb","itemListElement":[{"@type":"ListItem","position":1,"name":"Strona g\u0142\u00f3wna","item":"https:\/\/www.mojekonferencje.pl\/blog\/"},{"@type":"ListItem","position":2,"name":"Organizacja imprez firmowych a bud\u017cet"}]},{"@type":"WebSite","@id":"https:\/\/www.mojekonferencje.pl\/blog\/#website","url":"https:\/\/www.mojekonferencje.pl\/blog\/","name":"MojeKonferencje.pl","description":"Blog bran\u017cy szkoleniowo-konferencyjnej. W\u0142\u0105cz si\u0119 do dyskusji o obiektach konferencyjnych i nowo\u015bciach z bran\u017cy! Poznaj porady odno\u015bnie organizacji konferencji, szkole\u0144 i event\u00f3w firmowych! Zach\u0119camy do wyra\u017cania opinii oraz komentarzy.","potentialAction":[{"@type":"SearchAction","target":{"@type":"EntryPoint","urlTemplate":"https:\/\/www.mojekonferencje.pl\/blog\/?s={search_term_string}"},"query-input":{"@type":"PropertyValueSpecification","valueRequired":true,"valueName":"search_term_string"}}],"inLanguage":"pl-PL"},{"@type":"Person","@id":"https:\/\/www.mojekonferencje.pl\/blog\/#\/schema\/person\/8efb521724c064d26da2045111fce99e","name":"Kamila R\u00f3wi\u0144ska","description":"Autor i redaktor tre\u015bci portale MojeKonferencje.pl Na co dzie\u0144 zajmuje si\u0119 copywritingiem. Specjalista content marketingu i dziennikarstwa. Od ponad roku dzia\u0142a w bran\u017cy konferencyjnej.","url":"https:\/\/www.mojekonferencje.pl\/blog\/author\/kamila\/"}]}},"_links":{"self":[{"href":"https:\/\/www.mojekonferencje.pl\/blog\/wp-json\/wp\/v2\/posts\/1287","targetHints":{"allow":["GET"]}}],"collection":[{"href":"https:\/\/www.mojekonferencje.pl\/blog\/wp-json\/wp\/v2\/posts"}],"about":[{"href":"https:\/\/www.mojekonferencje.pl\/blog\/wp-json\/wp\/v2\/types\/post"}],"author":[{"embeddable":true,"href":"https:\/\/www.mojekonferencje.pl\/blog\/wp-json\/wp\/v2\/users\/6"}],"replies":[{"embeddable":true,"href":"https:\/\/www.mojekonferencje.pl\/blog\/wp-json\/wp\/v2\/comments?post=1287"}],"version-history":[{"count":13,"href":"https:\/\/www.mojekonferencje.pl\/blog\/wp-json\/wp\/v2\/posts\/1287\/revisions"}],"predecessor-version":[{"id":1402,"href":"https:\/\/www.mojekonferencje.pl\/blog\/wp-json\/wp\/v2\/posts\/1287\/revisions\/1402"}],"wp:featuredmedia":[{"embeddable":true,"href":"https:\/\/www.mojekonferencje.pl\/blog\/wp-json\/wp\/v2\/media\/1295"}],"wp:attachment":[{"href":"https:\/\/www.mojekonferencje.pl\/blog\/wp-json\/wp\/v2\/media?parent=1287"}],"wp:term":[{"taxonomy":"category","embeddable":true,"href":"https:\/\/www.mojekonferencje.pl\/blog\/wp-json\/wp\/v2\/categories?post=1287"},{"taxonomy":"post_tag","embeddable":true,"href":"https:\/\/www.mojekonferencje.pl\/blog\/wp-json\/wp\/v2\/tags?post=1287"}],"curies":[{"name":"wp","href":"https:\/\/api.w.org\/{rel}","templated":true}]}}