{"id":1341,"date":"2019-05-29T14:01:05","date_gmt":"2019-05-29T12:01:05","guid":{"rendered":"https:\/\/www.mojekonferencje.pl\/blog\/?p=1341"},"modified":"2026-04-30T08:20:09","modified_gmt":"2026-04-30T06:20:09","slug":"jak-wybrac-catering-dla-firm","status":"publish","type":"post","link":"https:\/\/www.mojekonferencje.pl\/blog\/jak-wybrac-catering-dla-firm\/","title":{"rendered":"Jak wybra\u0107 catering dla firm?"},"content":{"rendered":"\n<p>Catering dla firm staje si\u0119 coraz popularniejszy. Powod\u00f3w tego zjawiska jest kilka. W ci\u0105gu roku firmy organizuj\u0105 liczne imprezy okoliczno\u015bciowe, przyj\u0119cia, wigilie firmowe, pikniki i integracje. Podnoszenie kwalifikacji nast\u0119puje natomiast na szkoleniach, warsztatach i konferencjach. Ci\u0119\u017cko skupi\u0107 si\u0119 na pracy, gdy jeste\u015bmy g\u0142odni.\u00a0Bardzo cz\u0119sto wi\u0119c to w\u0142a\u015bnie catering decyduje o udanym wydarzeniu. Jak wybra\u0107 najlepsz\u0105 firm\u0119 cateringow\u0105? Na co zwr\u00f3ci\u0107 uwag\u0119 w proponowanej nam ofercie cateringowej? Jak dobra\u0107 menu do rodzaju imprezy? <\/p>\n\n\n\n<p>Wyb\u00f3r cateringu dla firmy nie jest prosty, poniewa\u017c musi on pasowa\u0107 do charakteru wydarzenia. <strong>Czasem mo\u017cna liczy\u0107 na menu komponowane przez obiekt konferencyjny, restauracj\u0119 lub hotel, w kt\u00f3rym planujemy spotkanie. Niekiedy jednak musimy zapewni\u0107 zewn\u0119trzn\u0105 firm\u0119 cateringow\u0105, kt\u00f3ra dostarczy lunch na sal\u0119 konferencyjn\u0105.<\/strong> Za ka\u017cdym razem musimy podj\u0105\u0107 konkretne decyzj\u0119 przy wyborze pakietu przerwy kawowej lub jeste\u015bmy proszeni o wskazanie najlepszych pozycji z menu. No co warto zwr\u00f3ci\u0107 uwag\u0119 przed podj\u0119ciem wsp\u00f3\u0142pracy z firm\u0105 ateringow\u0105?<\/p>\n\n\n\n<h2 class=\"wp-block-heading\">Catering dla firm a wielko\u015b\u0107 imprezy<\/h2>\n\n\n\n<p>Odesz\u0142y czasy, w kt\u00f3rych na ka\u017cd\u0105 okoliczno\u015bci trzeba by\u0142o przygotowa\u0107 posi\u0142ek samodzielnie. Podczas komunii, wesela, a nawet imprezy rodzinnej pojawiaj\u0105 si\u0119 posi\u0142ki&nbsp; i ciasta zam\u00f3wione ze specjalistycznej firmy cateringowej. Powodem tego jest coraz szybsze t\u0119po \u017cycia oraz coraz wi\u0119ksze wymagania odno\u015bnie sk\u0142adu, jako\u015bci i wygl\u0105du posi\u0142k\u00f3w. <strong>Przy wyborze najlepszej firmy cateringowej nale\u017cy sprawdzi\u0107, dla jakiego rodzaju imprez najcz\u0119\u015bciej wykonuje zlecenia.<\/strong> Zupe\u0142nie inaczej przygotowuje si\u0119 catering dla firm a inaczej na wesele.<\/p>\n\n\n<div class=\"wp-block-image\">\n<figure class=\"aligncenter\"><img loading=\"lazy\" decoding=\"async\" width=\"6000\" height=\"4000\" src=\"https:\/\/www.mojekonferencje.pl\/blog\/wp-content\/uploads\/2019\/05\/blur-bread-breakfast-1647163.jpg\" alt=\"\" class=\"wp-image-1351 lazyload\" data-srcset=\"https:\/\/www.mojekonferencje.pl\/blog\/wp-content\/uploads\/2019\/05\/blur-bread-breakfast-1647163.jpg 6000w, https:\/\/www.mojekonferencje.pl\/blog\/wp-content\/uploads\/2019\/05\/blur-bread-breakfast-1647163-300x200.jpg 300w, https:\/\/www.mojekonferencje.pl\/blog\/wp-content\/uploads\/2019\/05\/blur-bread-breakfast-1647163-768x512.jpg 768w, https:\/\/www.mojekonferencje.pl\/blog\/wp-content\/uploads\/2019\/05\/blur-bread-breakfast-1647163-1024x683.jpg 1024w, https:\/\/www.mojekonferencje.pl\/blog\/wp-content\/uploads\/2019\/05\/blur-bread-breakfast-1647163-1200x800.jpg 1200w, https:\/\/www.mojekonferencje.pl\/blog\/wp-content\/uploads\/2019\/05\/blur-bread-breakfast-1647163-638x425.jpg 638w\" sizes=\"auto\" \/><\/figure>\n<\/div>\n\n\n<p><\/p>\n\n\n\n<p><strong>Musimy dobrze oszacowa\u0107 wielko\u015b\u0107 naszego wydarzenia. Nie ka\u017cda firma cateringowa jest w stanie zachowa\u0107 wysok\u0105 jako\u015b\u0107 przy zam\u00f3wieniu dla 700 czy 1000 os\u00f3b.<\/strong> W takim wypadku warto postawi\u0107 na do\u015bwiadczenie. Firma cateringowa z d\u0142ugoletnim sta\u017cem i kilkoma imprezami masowymi na koncie, doskonale wie, w jaki spos\u00f3b przygotowa\u0107 posi\u0142ki dla tak licznego grona go\u015bci.<\/p>\n\n\n<div class=\"wp-block-image\">\n<figure class=\"aligncenter\"><img loading=\"lazy\" decoding=\"async\" width=\"3500\" height=\"2336\" src=\"https:\/\/www.mojekonferencje.pl\/blog\/wp-content\/uploads\/2019\/05\/beverages-celebration-champagne-1721939.jpg\" alt=\"\" class=\"wp-image-1359 lazyload\" data-srcset=\"https:\/\/www.mojekonferencje.pl\/blog\/wp-content\/uploads\/2019\/05\/beverages-celebration-champagne-1721939.jpg 3500w, https:\/\/www.mojekonferencje.pl\/blog\/wp-content\/uploads\/2019\/05\/beverages-celebration-champagne-1721939-300x200.jpg 300w, https:\/\/www.mojekonferencje.pl\/blog\/wp-content\/uploads\/2019\/05\/beverages-celebration-champagne-1721939-768x513.jpg 768w, https:\/\/www.mojekonferencje.pl\/blog\/wp-content\/uploads\/2019\/05\/beverages-celebration-champagne-1721939-1024x683.jpg 1024w, https:\/\/www.mojekonferencje.pl\/blog\/wp-content\/uploads\/2019\/05\/beverages-celebration-champagne-1721939-1200x801.jpg 1200w, https:\/\/www.mojekonferencje.pl\/blog\/wp-content\/uploads\/2019\/05\/beverages-celebration-champagne-1721939-637x425.jpg 637w\" sizes=\"auto\" \/><\/figure>\n<\/div>\n\n\n<p><\/p>\n\n\n\n<p><strong>Firma oferuj\u0105ca dobry catering dla firm wiem, \u017ce dania nie mog\u0105 dojecha\u0107 sp\u00f3\u017anione na imprez\u0119, poniewa\u017c trzeba trzyma\u0107 si\u0119 harmonogramu.<\/strong>&nbsp;Wybrana restauracja musi dysponowa\u0107 odpowiednim zapleczem gastronomicznym, np. pojemnikami na ciep\u0142e dania czy termosami na gor\u0105c\u0105 kaw\u0119. Dzi\u0119ki temu, przek\u0105ski nie strac\u0105 pod wzgl\u0119dem wizualnym podczas transportu, a napoje pozostan\u0105 ciep\u0142e przez ca\u0142\u0105 imprez\u0119.<\/p>\n\n\n\n<p>Szkolenia i warsztaty na mniejsz\u0105 liczb\u0105 os\u00f3b du\u017co \u0142atwiej jest obs\u0142u\u017cy\u0107, wi\u0119c mo\u017cemy poszukiwa\u0107 ofert r\u00f3wnie\u017c w\u015br\u00f3d kameralnych, rodzinnych firm.<\/p>\n\n\n\n<h2 class=\"wp-block-heading\">Catering na sali konferencyjnej lub w plenerze<\/h2>\n\n\n\n<p>Wybieraj\u0105c catering dla firm, nale\u017cy wzi\u0105\u0107 pod uwag\u0119, gdzie impreza b\u0119dzie organizowana. Powinni\u015bmy zada\u0107 sobie pytanie: <strong>Czy planujemy opuszcza\u0107 swoje biuro, a je\u015bli tak, to w jakie miejsce si\u0119 udamy?<\/strong> Zupe\u0142nie inaczej b\u0119dzie wygl\u0105da\u0142o spotkanie w centrum konferencyjnym, a inaczej w <strong><a href=\"https:\/\/www.mojekonferencje.pl\/restauracja\">restauracji<\/a>.<\/strong><\/p>\n\n\n\n<p>W tym drugim przypadku, warto wybra\u0107 lokal z bogatym menu. Pozwoli to wpasowa\u0107 si\u0119 w gusta wszystkich uczestnik\u00f3w spotkania. Je\u015bli w naszym towarzystwie s\u0105 wegetarianie lub weganie nale\u017cy upewni\u0107 si\u0119, czy restauracja posiada r\u00f3wnie\u017c dla nich ciekawe propozycje.<\/p>\n\n\n<div class=\"wp-block-image\">\n<figure class=\"aligncenter\"><img loading=\"lazy\" decoding=\"async\" width=\"6562\" height=\"4375\" src=\"https:\/\/www.mojekonferencje.pl\/blog\/wp-content\/uploads\/2019\/05\/appetizer-blur-close-up-1833333.jpg\" alt=\"\" class=\"wp-image-1352 lazyload\" data-srcset=\"https:\/\/www.mojekonferencje.pl\/blog\/wp-content\/uploads\/2019\/05\/appetizer-blur-close-up-1833333.jpg 6562w, https:\/\/www.mojekonferencje.pl\/blog\/wp-content\/uploads\/2019\/05\/appetizer-blur-close-up-1833333-300x200.jpg 300w, https:\/\/www.mojekonferencje.pl\/blog\/wp-content\/uploads\/2019\/05\/appetizer-blur-close-up-1833333-768x512.jpg 768w, https:\/\/www.mojekonferencje.pl\/blog\/wp-content\/uploads\/2019\/05\/appetizer-blur-close-up-1833333-1024x683.jpg 1024w, https:\/\/www.mojekonferencje.pl\/blog\/wp-content\/uploads\/2019\/05\/appetizer-blur-close-up-1833333-1200x800.jpg 1200w, https:\/\/www.mojekonferencje.pl\/blog\/wp-content\/uploads\/2019\/05\/appetizer-blur-close-up-1833333-637x425.jpg 637w\" sizes=\"auto\" \/><\/figure>\n<\/div>\n\n\n<p><\/p>\n\n\n\n<p><strong>Podczas wigilii firmowych, kt\u00f3re zazwyczaj odbywaj\u0105 si\u0119 od listopada do stycznia, go\u015bcie b\u0119d\u0105 oczekiwa\u0107 typowo \u015bwi\u0105tecznych, a przede wszystkim ciep\u0142ych posi\u0142k\u00f3w.<\/strong> Natomiast podczas pikniku rodzinnego wiosn\u0105 lub latem lepiej sprawdz\u0105 si\u0119 zimne napoje, owoce oraz dania grillowane. Mo\u017cna wtedy pomy\u015ble\u0107 o wsp\u00f3lnym ognisku.<\/p>\n\n\n\n<p>Imprezy w plenerze s\u0105 du\u017co bardziej swobodne od innych wydarze\u0144 firmowych. Na trawie mo\u017cna ustawi\u0107 beczki z piwem lub specjalne stanowiska ze \u015bwie\u017co wyciskanymi sokami. <strong>Podczas imprezy w plenerze warto postawi\u0107 na dania przygotowywane na miejscu. Ich aromatyczne zapachy unosz\u0105ce si\u0119 w powietrzu zdecydowanie podkre\u015bl\u0105 klimat eventu.<\/strong><\/p>\n\n\n<div class=\"wp-block-image\">\n<figure class=\"aligncenter\"><img loading=\"lazy\" decoding=\"async\" width=\"4000\" height=\"2669\" src=\"https:\/\/www.mojekonferencje.pl\/blog\/wp-content\/uploads\/2019\/05\/adults-aerial-barbecue-1260310.jpg\" alt=\"\" class=\"wp-image-1353 lazyload\" data-srcset=\"https:\/\/www.mojekonferencje.pl\/blog\/wp-content\/uploads\/2019\/05\/adults-aerial-barbecue-1260310.jpg 4000w, https:\/\/www.mojekonferencje.pl\/blog\/wp-content\/uploads\/2019\/05\/adults-aerial-barbecue-1260310-300x200.jpg 300w, https:\/\/www.mojekonferencje.pl\/blog\/wp-content\/uploads\/2019\/05\/adults-aerial-barbecue-1260310-768x512.jpg 768w, https:\/\/www.mojekonferencje.pl\/blog\/wp-content\/uploads\/2019\/05\/adults-aerial-barbecue-1260310-1024x683.jpg 1024w, https:\/\/www.mojekonferencje.pl\/blog\/wp-content\/uploads\/2019\/05\/adults-aerial-barbecue-1260310-1200x801.jpg 1200w, https:\/\/www.mojekonferencje.pl\/blog\/wp-content\/uploads\/2019\/05\/adults-aerial-barbecue-1260310-637x425.jpg 637w\" sizes=\"auto\" \/><\/figure>\n<\/div>\n\n\n<p><\/p>\n\n\n\n<p>Je\u015bli planujemy spotkanie na <strong><a href=\"https:\/\/www.mojekonferencje.pl\/sala-konferencyjna\">sali konferencyjnej<\/a><\/strong> lepiej b\u0119dzie zdecydowa\u0107 si\u0119 na przerw\u0119 kawow\u0105. Bardziej op\u0142aca si\u0119 postawi\u0107 na zimne przek\u0105ski, a nie ciep\u0142e dania obiadowe. Pow\u00f3d tego jest bardzo prosty &#8211; <strong>catering nie b\u0119dzie przygotowywany na sali konferencyjnej, a do niej dowo\u017cony, wi\u0119c po d\u0142u\u017cszym czasie straci na smaku i jako\u015bci<\/strong>.<\/p>\n\n\n\n<p><strong>Dobrym pomys\u0142em jest przeznaczenie na poczet cateringu osobnej przestrzeni, np. foyer lub holu przed sal\u0105 konferencyjn\u0105<\/strong>. Pozwoli to unikn\u0105\u0107 zb\u0119dnego zamieszania podczas przygotowywania sto\u0142\u00f3w, a jednocze\u015bnie jest w zgodzie z zasad\u0105, aby nie je\u015b\u0107, tam gdzie si\u0119 pracuje \ud83d\ude09<\/p>\n\n\n<div class=\"wp-block-image\">\n<figure class=\"aligncenter\"><img loading=\"lazy\" decoding=\"async\" width=\"6720\" height=\"4480\" src=\"https:\/\/www.mojekonferencje.pl\/blog\/wp-content\/uploads\/2019\/05\/baked-blur-brownies-2291610.jpg\" alt=\"\" class=\"wp-image-1354 lazyload\" data-srcset=\"https:\/\/www.mojekonferencje.pl\/blog\/wp-content\/uploads\/2019\/05\/baked-blur-brownies-2291610.jpg 6720w, https:\/\/www.mojekonferencje.pl\/blog\/wp-content\/uploads\/2019\/05\/baked-blur-brownies-2291610-300x200.jpg 300w, https:\/\/www.mojekonferencje.pl\/blog\/wp-content\/uploads\/2019\/05\/baked-blur-brownies-2291610-768x512.jpg 768w, https:\/\/www.mojekonferencje.pl\/blog\/wp-content\/uploads\/2019\/05\/baked-blur-brownies-2291610-1024x683.jpg 1024w, https:\/\/www.mojekonferencje.pl\/blog\/wp-content\/uploads\/2019\/05\/baked-blur-brownies-2291610-1200x800.jpg 1200w, https:\/\/www.mojekonferencje.pl\/blog\/wp-content\/uploads\/2019\/05\/baked-blur-brownies-2291610-638x425.jpg 638w\" sizes=\"auto\" \/><\/figure>\n<\/div>\n\n\n<p><\/p>\n\n\n\n<p>Mo\u017cemy r\u00f3wnie\u017c z g\u00f3ry ustali\u0107 dodatkowy czas na lunch, kt\u00f3ry go\u015bcie zjedz\u0105 w kawiarni lub restauracji, je\u015bli znajduj\u0105 si\u0119 one w wybranym przez nas <strong><a href=\"https:\/\/www.mojekonferencje.pl\/obiekt-konferencyjny\">obiekcie konferencyjnym<\/a><\/strong>. Ka\u017cde miejsce rz\u0105dzi si\u0119 swoimi prawami, dlatego warto przyjrze\u0107 si\u0119 dok\u0142adnie mo\u017cliwo\u015bci\u0105 lokalizacji i dobra\u0107 najlepszy catering dla firm.<\/p>\n\n\n\n<h2 class=\"wp-block-heading\">Sprawd\u017a zanim zam\u00f3wisz<\/h2>\n\n\n\n<p>Moda na firmy cateringowe ro\u015bnie, wi\u0119c ci\u0119\u017cko zdecydowa\u0107 si\u0119 na najlepsz\u0105 z nich. Na szcz\u0119\u015bcie \u017cyjemy w dobie internetu. Oznacza to, \u017ce wcale nie musimy kupowa\u0107 kota w worku. <strong>Aby wybra\u0107 idealny catering dla firm, warto posi\u0142kowa\u0107 si\u0119 opiniami zamieszczonymi w sieci.<\/strong> Nie powinni\u015bmy ich bagatelizowa\u0107, ale nale\u017cy pami\u0119ta\u0107, \u017ce mog\u0105 by\u0107 po cz\u0119\u015bci fa\u0142szywe.<\/p>\n\n\n\n<p>Najbardziej wiarygodne s\u0105 rekomendacje udzielane przez konkretnych klient\u00f3w.<strong> Niekt\u00f3re lokale oferuj\u0105ce catering dla firm potwierdzaj\u0105 swoje umiej\u0119tno\u015bci certyfikatami oraz nagrodami.<\/strong><\/p>\n\n\n<div class=\"wp-block-image\">\n<figure class=\"aligncenter\"><img loading=\"lazy\" decoding=\"async\" width=\"6720\" height=\"4480\" src=\"https:\/\/www.mojekonferencje.pl\/blog\/wp-content\/uploads\/2019\/05\/appetizer-buffet-delicious-2291367.jpg\" alt=\"\" class=\"wp-image-1356 lazyload\" data-srcset=\"https:\/\/www.mojekonferencje.pl\/blog\/wp-content\/uploads\/2019\/05\/appetizer-buffet-delicious-2291367.jpg 6720w, https:\/\/www.mojekonferencje.pl\/blog\/wp-content\/uploads\/2019\/05\/appetizer-buffet-delicious-2291367-300x200.jpg 300w, https:\/\/www.mojekonferencje.pl\/blog\/wp-content\/uploads\/2019\/05\/appetizer-buffet-delicious-2291367-768x512.jpg 768w, https:\/\/www.mojekonferencje.pl\/blog\/wp-content\/uploads\/2019\/05\/appetizer-buffet-delicious-2291367-1024x683.jpg 1024w, https:\/\/www.mojekonferencje.pl\/blog\/wp-content\/uploads\/2019\/05\/appetizer-buffet-delicious-2291367-1200x800.jpg 1200w, https:\/\/www.mojekonferencje.pl\/blog\/wp-content\/uploads\/2019\/05\/appetizer-buffet-delicious-2291367-638x425.jpg 638w\" sizes=\"auto\" \/><\/figure>\n<\/div>\n\n\n<p><\/p>\n\n\n\n<p>Gdy znale\u017ali\u015bmy ju\u017c kilka interesuj\u0105cych nas ofert, warto je por\u00f3wnywa\u0107. Musimy oceni\u0107, kt\u00f3ra firma cateringowa ma wi\u0119ksze do\u015bwiadczenie, lepsze zaplecze gastronomiczne oraz lepiej wykwalifikowanych pracownik\u00f3w. <strong>Najbezpieczniejszym wyborem s\u0105 restauracj\u0119, kt\u00f3re specjalizuj\u0105 si\u0119 w\u0142a\u015bnie w cateringu dla firm. <\/strong><\/p>\n\n\n\n<p><strong>Warto tak\u017ce dopyta\u0107, czy istnieje mo\u017cliwo\u015b\u0107 degustacji cateringu dla firm przed podj\u0119ciem ostatecznej decyzji.<\/strong> Rzetelne lokale proponuj\u0105 takie rozwi\u0105zanie ju\u017c na samym pocz\u0105tku. Pozwala to osobi\u015bcie oceni\u0107 wygl\u0105d i smak przek\u0105sek, da\u0144 i deser\u00f3w, kt\u00f3re p\u00f3\u017aniej zaserwujemy naszym go\u015bciom.<\/p>\n\n\n<div class=\"wp-block-image\">\n<figure class=\"aligncenter\"><img loading=\"lazy\" decoding=\"async\" width=\"6720\" height=\"4480\" src=\"https:\/\/www.mojekonferencje.pl\/blog\/wp-content\/uploads\/2019\/05\/blur-bowls-buffet-2291344.jpg\" alt=\"\" class=\"wp-image-1360 lazyload\" data-srcset=\"https:\/\/www.mojekonferencje.pl\/blog\/wp-content\/uploads\/2019\/05\/blur-bowls-buffet-2291344.jpg 6720w, https:\/\/www.mojekonferencje.pl\/blog\/wp-content\/uploads\/2019\/05\/blur-bowls-buffet-2291344-300x200.jpg 300w, https:\/\/www.mojekonferencje.pl\/blog\/wp-content\/uploads\/2019\/05\/blur-bowls-buffet-2291344-768x512.jpg 768w, https:\/\/www.mojekonferencje.pl\/blog\/wp-content\/uploads\/2019\/05\/blur-bowls-buffet-2291344-1024x683.jpg 1024w, https:\/\/www.mojekonferencje.pl\/blog\/wp-content\/uploads\/2019\/05\/blur-bowls-buffet-2291344-1200x800.jpg 1200w, https:\/\/www.mojekonferencje.pl\/blog\/wp-content\/uploads\/2019\/05\/blur-bowls-buffet-2291344-638x425.jpg 638w\" sizes=\"auto\" \/><\/figure>\n<\/div>\n\n\n<p>Odpowiedni catering dla firm mo\u017ce przes\u0105dzi\u0107 o sukcesie b\u0105d\u017a niepowodzeniu organizowanej przez nas imprezy, dlatego nale\u017cy po\u015bwieci\u0107 mu odrobin\u0119 czasu. Powinni\u015bmy unika\u0107 sytuacji, w kt\u00f3rej wybieramy pierwsz\u0105 znalezion\u0105 ofert\u0119 i zlecamy zam\u00f3wienie dzie\u0144 przed wydarzeniem. Nie mo\u017cemy wtedy oczekiwa\u0107, \u017ce wszystko b\u0119dzie tak, jak chcemy. Jedzenie to podstawa dobrego samopoczucia go\u015bci podczas szkolenia, konferencji, bankietu czy imprezy integracyjnej, a spos\u00f3b podania cateringu \u015bwiadczy o dobrej organizacji ca\u0142ego przedsi\u0119wzi\u0119cia. Catering dla firmy musi spe\u0142nia\u0107 wi\u0119c oczekiwania zar\u00f3wno organizatora, jak i wszystkich go\u015bci. Doskona\u0142e opcje obiekt\u00f3w z \u015bwietnym cateringiem znajdziecie na <a href=\"https:\/\/www.mojekonferencje.pl\/\" type=\"link\" id=\"https:\/\/www.mojekonferencje.pl\/\">Mojekonferencje.pl<\/a>.<\/p>\n","protected":false},"excerpt":{"rendered":"<p>Wydarzenia firmowe wymagaj\u0105 odpowiedniej oprawy cateringowej. Kuchni\u0105 nie zajmuj\u0105 si\u0119 organizatorzy szkolenia, konferencji lub imprezy bran\u017cowej, a zewn\u0119trze firmy cateringowe. Jak wybra\u0107 najlepsz\u0105 ofert\u0119 dla naszej firmy? Czym si\u0119 kierowa\u0107, wybieraj\u0105c catering konferencyjny? A co jest wa\u017cne przy wyborze menu podczas bankiet\u00f3w i przyj\u0119\u0107? Dzi\u015b na widelec bierzemy oferty firm cateringowych! <\/p>\n","protected":false},"author":6,"featured_media":1342,"comment_status":"closed","ping_status":"closed","sticky":false,"template":"","format":"standard","meta":{"_acf_changed":false,"footnotes":""},"categories":[9,8,175,7],"tags":[13,20,26],"class_list":["post-1341","post","type-post","status-publish","format-standard","has-post-thumbnail","hentry","category-glowne-punkty-konferencyjne","category-porady","category-wybieranie-miejsca-konferencyjnego","category-wydarzenia","tag-sale-konferencjne","tag-spotkania-biznesowe","tag-wypady-integracyjne"],"acf":[],"yoast_head":"<!-- This site is optimized with the Yoast SEO plugin v27.1.1 - https:\/\/yoast.com\/product\/yoast-seo-wordpress\/ -->\n<title>Jak wybra\u0107 catering dla firm? - blog | MojeKonferencje.pl<\/title>\n<meta name=\"description\" content=\"Jak wybra\u0107 najlepszy catering dla firm? Na co zwr\u00f3ci\u0107 uwag\u0119? Mo\u017cliwo\u015bci jest wiele, dlatego trzeba dobra\u0107 catering dla firm pasuj\u0105cy do rodzaju wydarzenia.\" \/>\n<meta name=\"robots\" content=\"index, follow, max-snippet:-1, max-image-preview:large, max-video-preview:-1\" \/>\n<link rel=\"canonical\" href=\"https:\/\/www.mojekonferencje.pl\/blog\/jak-wybrac-catering-dla-firm\/\" \/>\n<meta property=\"og:locale\" content=\"pl_PL\" \/>\n<meta property=\"og:type\" content=\"article\" \/>\n<meta property=\"og:title\" content=\"Jak wybra\u0107 catering dla firm? - blog | MojeKonferencje.pl\" \/>\n<meta property=\"og:description\" content=\"Jak wybra\u0107 najlepszy catering dla firm? Na co zwr\u00f3ci\u0107 uwag\u0119? Mo\u017cliwo\u015bci jest wiele, dlatego trzeba dobra\u0107 catering dla firm pasuj\u0105cy do rodzaju wydarzenia.\" \/>\n<meta property=\"og:url\" content=\"https:\/\/www.mojekonferencje.pl\/blog\/jak-wybrac-catering-dla-firm\/\" \/>\n<meta property=\"og:site_name\" content=\"MojeKonferencje.pl\" \/>\n<meta property=\"article:published_time\" content=\"2019-05-29T12:01:05+00:00\" \/>\n<meta property=\"article:modified_time\" content=\"2026-04-30T06:20:09+00:00\" \/>\n<meta property=\"og:image\" content=\"https:\/\/www.mojekonferencje.pl\/blog\/wp-content\/uploads\/2019\/05\/blur-close-up-cuisine-983299-1024x683.jpg\" \/>\n\t<meta property=\"og:image:width\" content=\"1024\" \/>\n\t<meta property=\"og:image:height\" content=\"683\" \/>\n\t<meta property=\"og:image:type\" content=\"image\/jpeg\" \/>\n<meta name=\"author\" content=\"Kamila R\u00f3wi\u0144ska\" \/>\n<meta name=\"twitter:card\" content=\"summary_large_image\" \/>\n<meta name=\"twitter:label1\" content=\"Napisane przez\" \/>\n\t<meta name=\"twitter:data1\" content=\"Kamila R\u00f3wi\u0144ska\" \/>\n\t<meta name=\"twitter:label2\" content=\"Szacowany czas czytania\" \/>\n\t<meta name=\"twitter:data2\" content=\"8 minut\" \/>\n<script type=\"application\/ld+json\" class=\"yoast-schema-graph\">{\"@context\":\"https:\/\/schema.org\",\"@graph\":[{\"@type\":\"Article\",\"@id\":\"https:\/\/www.mojekonferencje.pl\/blog\/jak-wybrac-catering-dla-firm\/#article\",\"isPartOf\":{\"@id\":\"https:\/\/www.mojekonferencje.pl\/blog\/jak-wybrac-catering-dla-firm\/\"},\"author\":{\"name\":\"Kamila R\u00f3wi\u0144ska\",\"@id\":\"https:\/\/www.mojekonferencje.pl\/blog\/#\/schema\/person\/8efb521724c064d26da2045111fce99e\"},\"headline\":\"Jak wybra\u0107 catering dla firm?\",\"datePublished\":\"2019-05-29T12:01:05+00:00\",\"dateModified\":\"2026-04-30T06:20:09+00:00\",\"mainEntityOfPage\":{\"@id\":\"https:\/\/www.mojekonferencje.pl\/blog\/jak-wybrac-catering-dla-firm\/\"},\"wordCount\":1096,\"image\":{\"@id\":\"https:\/\/www.mojekonferencje.pl\/blog\/jak-wybrac-catering-dla-firm\/#primaryimage\"},\"thumbnailUrl\":\"https:\/\/www.mojekonferencje.pl\/blog\/wp-content\/uploads\/2019\/05\/blur-close-up-cuisine-983299.jpg\",\"keywords\":[\"sale konferencjne\",\"spotkania biznesowe\",\"wypady integracyjne\"],\"articleSection\":[\"G\u0142\u00f3wne punkty konferencyjne\",\"Porady\",\"Wybieranie miejsca konferencyjnego\",\"Wydarzenia\"],\"inLanguage\":\"pl-PL\"},{\"@type\":\"WebPage\",\"@id\":\"https:\/\/www.mojekonferencje.pl\/blog\/jak-wybrac-catering-dla-firm\/\",\"url\":\"https:\/\/www.mojekonferencje.pl\/blog\/jak-wybrac-catering-dla-firm\/\",\"name\":\"Jak wybra\u0107 catering dla firm? - blog | MojeKonferencje.pl\",\"isPartOf\":{\"@id\":\"https:\/\/www.mojekonferencje.pl\/blog\/#website\"},\"primaryImageOfPage\":{\"@id\":\"https:\/\/www.mojekonferencje.pl\/blog\/jak-wybrac-catering-dla-firm\/#primaryimage\"},\"image\":{\"@id\":\"https:\/\/www.mojekonferencje.pl\/blog\/jak-wybrac-catering-dla-firm\/#primaryimage\"},\"thumbnailUrl\":\"https:\/\/www.mojekonferencje.pl\/blog\/wp-content\/uploads\/2019\/05\/blur-close-up-cuisine-983299.jpg\",\"datePublished\":\"2019-05-29T12:01:05+00:00\",\"dateModified\":\"2026-04-30T06:20:09+00:00\",\"author\":{\"@id\":\"https:\/\/www.mojekonferencje.pl\/blog\/#\/schema\/person\/8efb521724c064d26da2045111fce99e\"},\"description\":\"Jak wybra\u0107 najlepszy catering dla firm? Na co zwr\u00f3ci\u0107 uwag\u0119? Mo\u017cliwo\u015bci jest wiele, dlatego trzeba dobra\u0107 catering dla firm pasuj\u0105cy do rodzaju wydarzenia.\",\"breadcrumb\":{\"@id\":\"https:\/\/www.mojekonferencje.pl\/blog\/jak-wybrac-catering-dla-firm\/#breadcrumb\"},\"inLanguage\":\"pl-PL\",\"potentialAction\":[{\"@type\":\"ReadAction\",\"target\":[\"https:\/\/www.mojekonferencje.pl\/blog\/jak-wybrac-catering-dla-firm\/\"]}]},{\"@type\":\"ImageObject\",\"inLanguage\":\"pl-PL\",\"@id\":\"https:\/\/www.mojekonferencje.pl\/blog\/jak-wybrac-catering-dla-firm\/#primaryimage\",\"url\":\"https:\/\/www.mojekonferencje.pl\/blog\/wp-content\/uploads\/2019\/05\/blur-close-up-cuisine-983299.jpg\",\"contentUrl\":\"https:\/\/www.mojekonferencje.pl\/blog\/wp-content\/uploads\/2019\/05\/blur-close-up-cuisine-983299.jpg\",\"width\":6000,\"height\":4000},{\"@type\":\"BreadcrumbList\",\"@id\":\"https:\/\/www.mojekonferencje.pl\/blog\/jak-wybrac-catering-dla-firm\/#breadcrumb\",\"itemListElement\":[{\"@type\":\"ListItem\",\"position\":1,\"name\":\"Strona g\u0142\u00f3wna\",\"item\":\"https:\/\/www.mojekonferencje.pl\/blog\/\"},{\"@type\":\"ListItem\",\"position\":2,\"name\":\"Jak wybra\u0107 catering dla firm?\"}]},{\"@type\":\"WebSite\",\"@id\":\"https:\/\/www.mojekonferencje.pl\/blog\/#website\",\"url\":\"https:\/\/www.mojekonferencje.pl\/blog\/\",\"name\":\"MojeKonferencje.pl\",\"description\":\"Blog bran\u017cy szkoleniowo-konferencyjnej. W\u0142\u0105cz si\u0119 do dyskusji o obiektach konferencyjnych i nowo\u015bciach z bran\u017cy! Poznaj porady odno\u015bnie organizacji konferencji, szkole\u0144 i event\u00f3w firmowych! Zach\u0119camy do wyra\u017cania opinii oraz komentarzy.\",\"potentialAction\":[{\"@type\":\"SearchAction\",\"target\":{\"@type\":\"EntryPoint\",\"urlTemplate\":\"https:\/\/www.mojekonferencje.pl\/blog\/?s={search_term_string}\"},\"query-input\":{\"@type\":\"PropertyValueSpecification\",\"valueRequired\":true,\"valueName\":\"search_term_string\"}}],\"inLanguage\":\"pl-PL\"},{\"@type\":\"Person\",\"@id\":\"https:\/\/www.mojekonferencje.pl\/blog\/#\/schema\/person\/8efb521724c064d26da2045111fce99e\",\"name\":\"Kamila R\u00f3wi\u0144ska\",\"description\":\"Autor i redaktor tre\u015bci portale MojeKonferencje.pl Na co dzie\u0144 zajmuje si\u0119 copywritingiem. Specjalista content marketingu i dziennikarstwa. Od ponad roku dzia\u0142a w bran\u017cy konferencyjnej.\",\"url\":\"https:\/\/www.mojekonferencje.pl\/blog\/author\/kamila\/\"}]}<\/script>\n<!-- \/ Yoast SEO plugin. -->","yoast_head_json":{"title":"Jak wybra\u0107 catering dla firm? - blog | MojeKonferencje.pl","description":"Jak wybra\u0107 najlepszy catering dla firm? Na co zwr\u00f3ci\u0107 uwag\u0119? Mo\u017cliwo\u015bci jest wiele, dlatego trzeba dobra\u0107 catering dla firm pasuj\u0105cy do rodzaju wydarzenia.","robots":{"index":"index","follow":"follow","max-snippet":"max-snippet:-1","max-image-preview":"max-image-preview:large","max-video-preview":"max-video-preview:-1"},"canonical":"https:\/\/www.mojekonferencje.pl\/blog\/jak-wybrac-catering-dla-firm\/","og_locale":"pl_PL","og_type":"article","og_title":"Jak wybra\u0107 catering dla firm? - blog | MojeKonferencje.pl","og_description":"Jak wybra\u0107 najlepszy catering dla firm? Na co zwr\u00f3ci\u0107 uwag\u0119? Mo\u017cliwo\u015bci jest wiele, dlatego trzeba dobra\u0107 catering dla firm pasuj\u0105cy do rodzaju wydarzenia.","og_url":"https:\/\/www.mojekonferencje.pl\/blog\/jak-wybrac-catering-dla-firm\/","og_site_name":"MojeKonferencje.pl","article_published_time":"2019-05-29T12:01:05+00:00","article_modified_time":"2026-04-30T06:20:09+00:00","og_image":[{"width":1024,"height":683,"url":"https:\/\/www.mojekonferencje.pl\/blog\/wp-content\/uploads\/2019\/05\/blur-close-up-cuisine-983299-1024x683.jpg","type":"image\/jpeg"}],"author":"Kamila R\u00f3wi\u0144ska","twitter_card":"summary_large_image","twitter_misc":{"Napisane przez":"Kamila R\u00f3wi\u0144ska","Szacowany czas czytania":"8 minut"},"schema":{"@context":"https:\/\/schema.org","@graph":[{"@type":"Article","@id":"https:\/\/www.mojekonferencje.pl\/blog\/jak-wybrac-catering-dla-firm\/#article","isPartOf":{"@id":"https:\/\/www.mojekonferencje.pl\/blog\/jak-wybrac-catering-dla-firm\/"},"author":{"name":"Kamila R\u00f3wi\u0144ska","@id":"https:\/\/www.mojekonferencje.pl\/blog\/#\/schema\/person\/8efb521724c064d26da2045111fce99e"},"headline":"Jak wybra\u0107 catering dla firm?","datePublished":"2019-05-29T12:01:05+00:00","dateModified":"2026-04-30T06:20:09+00:00","mainEntityOfPage":{"@id":"https:\/\/www.mojekonferencje.pl\/blog\/jak-wybrac-catering-dla-firm\/"},"wordCount":1096,"image":{"@id":"https:\/\/www.mojekonferencje.pl\/blog\/jak-wybrac-catering-dla-firm\/#primaryimage"},"thumbnailUrl":"https:\/\/www.mojekonferencje.pl\/blog\/wp-content\/uploads\/2019\/05\/blur-close-up-cuisine-983299.jpg","keywords":["sale konferencjne","spotkania biznesowe","wypady integracyjne"],"articleSection":["G\u0142\u00f3wne punkty konferencyjne","Porady","Wybieranie miejsca konferencyjnego","Wydarzenia"],"inLanguage":"pl-PL"},{"@type":"WebPage","@id":"https:\/\/www.mojekonferencje.pl\/blog\/jak-wybrac-catering-dla-firm\/","url":"https:\/\/www.mojekonferencje.pl\/blog\/jak-wybrac-catering-dla-firm\/","name":"Jak wybra\u0107 catering dla firm? - blog | MojeKonferencje.pl","isPartOf":{"@id":"https:\/\/www.mojekonferencje.pl\/blog\/#website"},"primaryImageOfPage":{"@id":"https:\/\/www.mojekonferencje.pl\/blog\/jak-wybrac-catering-dla-firm\/#primaryimage"},"image":{"@id":"https:\/\/www.mojekonferencje.pl\/blog\/jak-wybrac-catering-dla-firm\/#primaryimage"},"thumbnailUrl":"https:\/\/www.mojekonferencje.pl\/blog\/wp-content\/uploads\/2019\/05\/blur-close-up-cuisine-983299.jpg","datePublished":"2019-05-29T12:01:05+00:00","dateModified":"2026-04-30T06:20:09+00:00","author":{"@id":"https:\/\/www.mojekonferencje.pl\/blog\/#\/schema\/person\/8efb521724c064d26da2045111fce99e"},"description":"Jak wybra\u0107 najlepszy catering dla firm? Na co zwr\u00f3ci\u0107 uwag\u0119? Mo\u017cliwo\u015bci jest wiele, dlatego trzeba dobra\u0107 catering dla firm pasuj\u0105cy do rodzaju wydarzenia.","breadcrumb":{"@id":"https:\/\/www.mojekonferencje.pl\/blog\/jak-wybrac-catering-dla-firm\/#breadcrumb"},"inLanguage":"pl-PL","potentialAction":[{"@type":"ReadAction","target":["https:\/\/www.mojekonferencje.pl\/blog\/jak-wybrac-catering-dla-firm\/"]}]},{"@type":"ImageObject","inLanguage":"pl-PL","@id":"https:\/\/www.mojekonferencje.pl\/blog\/jak-wybrac-catering-dla-firm\/#primaryimage","url":"https:\/\/www.mojekonferencje.pl\/blog\/wp-content\/uploads\/2019\/05\/blur-close-up-cuisine-983299.jpg","contentUrl":"https:\/\/www.mojekonferencje.pl\/blog\/wp-content\/uploads\/2019\/05\/blur-close-up-cuisine-983299.jpg","width":6000,"height":4000},{"@type":"BreadcrumbList","@id":"https:\/\/www.mojekonferencje.pl\/blog\/jak-wybrac-catering-dla-firm\/#breadcrumb","itemListElement":[{"@type":"ListItem","position":1,"name":"Strona g\u0142\u00f3wna","item":"https:\/\/www.mojekonferencje.pl\/blog\/"},{"@type":"ListItem","position":2,"name":"Jak wybra\u0107 catering dla firm?"}]},{"@type":"WebSite","@id":"https:\/\/www.mojekonferencje.pl\/blog\/#website","url":"https:\/\/www.mojekonferencje.pl\/blog\/","name":"MojeKonferencje.pl","description":"Blog bran\u017cy szkoleniowo-konferencyjnej. W\u0142\u0105cz si\u0119 do dyskusji o obiektach konferencyjnych i nowo\u015bciach z bran\u017cy! Poznaj porady odno\u015bnie organizacji konferencji, szkole\u0144 i event\u00f3w firmowych! Zach\u0119camy do wyra\u017cania opinii oraz komentarzy.","potentialAction":[{"@type":"SearchAction","target":{"@type":"EntryPoint","urlTemplate":"https:\/\/www.mojekonferencje.pl\/blog\/?s={search_term_string}"},"query-input":{"@type":"PropertyValueSpecification","valueRequired":true,"valueName":"search_term_string"}}],"inLanguage":"pl-PL"},{"@type":"Person","@id":"https:\/\/www.mojekonferencje.pl\/blog\/#\/schema\/person\/8efb521724c064d26da2045111fce99e","name":"Kamila R\u00f3wi\u0144ska","description":"Autor i redaktor tre\u015bci portale MojeKonferencje.pl Na co dzie\u0144 zajmuje si\u0119 copywritingiem. Specjalista content marketingu i dziennikarstwa. Od ponad roku dzia\u0142a w bran\u017cy konferencyjnej.","url":"https:\/\/www.mojekonferencje.pl\/blog\/author\/kamila\/"}]}},"_links":{"self":[{"href":"https:\/\/www.mojekonferencje.pl\/blog\/wp-json\/wp\/v2\/posts\/1341","targetHints":{"allow":["GET"]}}],"collection":[{"href":"https:\/\/www.mojekonferencje.pl\/blog\/wp-json\/wp\/v2\/posts"}],"about":[{"href":"https:\/\/www.mojekonferencje.pl\/blog\/wp-json\/wp\/v2\/types\/post"}],"author":[{"embeddable":true,"href":"https:\/\/www.mojekonferencje.pl\/blog\/wp-json\/wp\/v2\/users\/6"}],"replies":[{"embeddable":true,"href":"https:\/\/www.mojekonferencje.pl\/blog\/wp-json\/wp\/v2\/comments?post=1341"}],"version-history":[{"count":19,"href":"https:\/\/www.mojekonferencje.pl\/blog\/wp-json\/wp\/v2\/posts\/1341\/revisions"}],"predecessor-version":[{"id":9696,"href":"https:\/\/www.mojekonferencje.pl\/blog\/wp-json\/wp\/v2\/posts\/1341\/revisions\/9696"}],"wp:featuredmedia":[{"embeddable":true,"href":"https:\/\/www.mojekonferencje.pl\/blog\/wp-json\/wp\/v2\/media\/1342"}],"wp:attachment":[{"href":"https:\/\/www.mojekonferencje.pl\/blog\/wp-json\/wp\/v2\/media?parent=1341"}],"wp:term":[{"taxonomy":"category","embeddable":true,"href":"https:\/\/www.mojekonferencje.pl\/blog\/wp-json\/wp\/v2\/categories?post=1341"},{"taxonomy":"post_tag","embeddable":true,"href":"https:\/\/www.mojekonferencje.pl\/blog\/wp-json\/wp\/v2\/tags?post=1341"}],"curies":[{"name":"wp","href":"https:\/\/api.w.org\/{rel}","templated":true}]}}