{"id":1424,"date":"2019-06-11T11:15:56","date_gmt":"2019-06-11T09:15:56","guid":{"rendered":"https:\/\/www.mojekonferencje.pl\/blog\/?p=1424"},"modified":"2026-04-30T09:31:29","modified_gmt":"2026-04-30T07:31:29","slug":"jak-zorganizowac-konferencje-latem","status":"publish","type":"post","link":"https:\/\/www.mojekonferencje.pl\/blog\/jak-zorganizowac-konferencje-latem\/","title":{"rendered":"Jak zorganizowa\u0107 konferencj\u0119 latem?"},"content":{"rendered":"\n<p>Aby zorganizowa\u0107 konferencj\u0119 latem, nale\u017cy wzi\u0105\u0107 pod uwag\u0119 dwa g\u0142\u00f3wne czynniki: temperatur\u0119 i urlopow\u0105 atmosfer\u0119. Wielu z nas w ciep\u0142e okresy roku, znacznie ch\u0119tniej uczestniczy w imprezach plenerowych, piknikach czy zabawach na \u015bwie\u017cym powietrzu. Mo\u017ce to wi\u0119c dobry czas, aby zast\u0105pi\u0107 sal\u0119 konferencyjn\u0105 na plener? Okoliczny park b\u0119dzie r\u00f3wnie skutecznym miejscem pracy, jak <a href=\"https:\/\/www.mojekonferencje.pl\/hotel-pieciogwiazdkowy\" type=\"link\" id=\"https:\/\/www.mojekonferencje.pl\/hotel-pieciogwiazdkowy\">5-gwiazdkowy hotel<\/a>.\u00a0Jak zorganizowa\u0107 konferencj\u0119 latem? Gdzie zarezerwowa\u0107 pobyt podczas wyjazdu s\u0142u\u017cbowego? O czym warto pami\u0119ta\u0107, podczas planowania imprezy plenerowej?<\/p>\n\n\n<div class=\"wp-block-image\">\n<figure class=\"aligncenter\"><img loading=\"lazy\" decoding=\"async\" width=\"5825\" height=\"3937\" src=\"https:\/\/www.mojekonferencje.pl\/blog\/wp-content\/uploads\/2019\/06\/activity-adult-adventure-1376960.jpg\" alt=\"\" class=\"wp-image-1432 lazyload\" data-srcset=\"https:\/\/www.mojekonferencje.pl\/blog\/wp-content\/uploads\/2019\/06\/activity-adult-adventure-1376960.jpg 5825w, https:\/\/www.mojekonferencje.pl\/blog\/wp-content\/uploads\/2019\/06\/activity-adult-adventure-1376960-300x203.jpg 300w, https:\/\/www.mojekonferencje.pl\/blog\/wp-content\/uploads\/2019\/06\/activity-adult-adventure-1376960-768x519.jpg 768w, https:\/\/www.mojekonferencje.pl\/blog\/wp-content\/uploads\/2019\/06\/activity-adult-adventure-1376960-1024x692.jpg 1024w\" sizes=\"auto\" \/><\/figure>\n<\/div>\n\n\n<p><\/p>\n\n\n\n<h2 class=\"wp-block-heading\">Impreza plenerowa zamiast sali konferencyjnej<\/h2>\n\n\n\n<p>Nie ma lepszego czasu na organizacj\u0119 imprez plenerowych ni\u017c lato. W du\u017cych miastach jest to czas licznych koncert\u00f3w i zawod\u00f3w sportowych na \u015bwie\u017cym powietrzu. Place i parki zape\u0142niaj\u0105 si\u0119 lud\u017ami, kt\u00f3rzy poszukuj\u0105 chwili wytchnienia w cieniu. Imprezy plenerowe s\u0105 \u015bwietn\u0105 odskoczni\u0105 od codziennej pracy. Pozwalaj\u0105 pozna\u0107 swoich wsp\u00f3\u0142pracownik\u00f3w od zupe\u0142nie innej strony, zawi\u0105za\u0107 z nimi bli\u017csze relacj\u0119, poprawi\u0107 wsp\u00f3\u0142prac\u0119 i zbudowa\u0107 wzajemne zrozumienie.<\/p>\n\n\n\n<p><strong>Latem warto opu\u015bci\u0107 sal\u0119 konferencyjn\u0105, aby zasi\u0105\u015b\u0107 na kocach i \u0142awkach w\u015br\u00f3d przyrody i zwyczajnie porozmawia\u0107 ze sob\u0105.<\/strong><\/p>\n\n\n<div class=\"wp-block-image\">\n<figure class=\"aligncenter\"><img loading=\"lazy\" decoding=\"async\" width=\"4368\" height=\"2912\" src=\"https:\/\/www.mojekonferencje.pl\/blog\/wp-content\/uploads\/2019\/06\/barbecue-bbq-beef-604656.jpg\" alt=\"\" class=\"wp-image-1433 lazyload\" data-srcset=\"https:\/\/www.mojekonferencje.pl\/blog\/wp-content\/uploads\/2019\/06\/barbecue-bbq-beef-604656.jpg 4368w, https:\/\/www.mojekonferencje.pl\/blog\/wp-content\/uploads\/2019\/06\/barbecue-bbq-beef-604656-300x200.jpg 300w, https:\/\/www.mojekonferencje.pl\/blog\/wp-content\/uploads\/2019\/06\/barbecue-bbq-beef-604656-768x512.jpg 768w, https:\/\/www.mojekonferencje.pl\/blog\/wp-content\/uploads\/2019\/06\/barbecue-bbq-beef-604656-1024x683.jpg 1024w\" sizes=\"auto\" \/><\/figure>\n<\/div>\n\n\n<p><\/p>\n\n\n\n<p>Imprezy plenerowe mog\u0105 przybra\u0107 r\u00f3\u017cne formy. Na pikniki mo\u017cna wybra\u0107 si\u0119 z rodzin\u0105, gdzie na najm\u0142odszych czekaj\u0105 liczne atrakcje. Na trawie mo\u017cna ustawi\u0107 dmucha\u0144ce dla dzieci lub du\u017ce pola gier dla doros\u0142ych. <strong>Organizuj\u0105c konferencj\u0119 w plenerze, warto wykorzysta\u0107 przeno\u015bn\u0105 scen\u0119, na kt\u00f3rej b\u0119dzie wyst\u0119powa\u0142 prelegent.<\/strong> Go\u015bcie za\u015b mog\u0105 zaj\u0105\u0107 miejsce na pufach, kocach, le\u017cakach lub popularnych w ostatnim czasie \u0142awkach wykonanych z drewnianych palet.<\/p>\n\n\n\n<p>\u015awietnym sposobem na \u0142\u0105czenie pracy z rozrywk\u0105 jest zako\u0144czenie konferencji koncertem znanego zespo\u0142u lub muzyka. Imprezy plenerowe posiadaj\u0105 tak\u017ce sw\u00f3j styl podawania jedzenia. Najcz\u0119\u015bciej catering przyjmuj\u0119 form\u0119 grilla lub ogniska. Mo\u017cna tak\u017ce ustawi\u0107 w przestrzeni eventu stoliki z naturalnymi sokami lub owocami.<\/p>\n\n\n\n<h2 class=\"wp-block-heading\">Wyjazd s\u0142u\u017cbowy <\/h2>\n\n\n\n<p>Je\u015bli chcemy zaplanowa\u0107 co\u015b spektakularnego, co zostanie zapami\u0119tane na d\u0142ugie lata, idealnym rozwi\u0105zaniem jest wyjazd s\u0142u\u017cbowy. Otoczenie szklanych wie\u017cowc\u00f3w lepiej zamieni\u0107 na <strong><a href=\"https:\/\/www.mojekonferencje.pl\/obiekty-konferencyjne-nad-morzem\">morze<\/a><\/strong> lub <strong><a href=\"https:\/\/www.mojekonferencje.pl\/obiekty-konferencyjne-w-gorach\">g\u00f3ry<\/a><\/strong>. W najpi\u0119kniejszych i najbardziej turystycznych regionach Polski, nie brakuje ciekawych obiekt\u00f3w konferencyjnych, restauracji, hoteli i sal konferencyjnych na wynajem, w kt\u00f3rych mo\u017cna zar\u00f3wno wypocz\u0105\u0107, jak i skupi\u0107 si\u0119 na pracy.<\/p>\n\n\n\n<p><strong>\u0141\u0105czenie pracy i zabawy pozwala zorganizowa\u0107 konferencj\u0119 latem, kt\u00f3ra stanie si\u0119 wyj\u0105tkowym wspomnieniem dla wszystkich go\u015bci.&nbsp;<\/strong><\/p>\n\n\n<div class=\"wp-block-image\">\n<figure class=\"aligncenter\"><img loading=\"lazy\" decoding=\"async\" width=\"5168\" height=\"3061\" src=\"https:\/\/www.mojekonferencje.pl\/blog\/wp-content\/uploads\/2019\/06\/beach-chairs-leisure-791036.jpg\" alt=\"\" class=\"wp-image-1431 lazyload\" data-srcset=\"https:\/\/www.mojekonferencje.pl\/blog\/wp-content\/uploads\/2019\/06\/beach-chairs-leisure-791036.jpg 5168w, https:\/\/www.mojekonferencje.pl\/blog\/wp-content\/uploads\/2019\/06\/beach-chairs-leisure-791036-300x178.jpg 300w, https:\/\/www.mojekonferencje.pl\/blog\/wp-content\/uploads\/2019\/06\/beach-chairs-leisure-791036-768x455.jpg 768w, https:\/\/www.mojekonferencje.pl\/blog\/wp-content\/uploads\/2019\/06\/beach-chairs-leisure-791036-1024x607.jpg 1024w\" sizes=\"auto\" \/><\/figure>\n<\/div>\n\n\n<p><\/p>\n\n\n\n<p><strong>Po spotkaniach biznesowych, mo\u017cna uda\u0107 si\u0119 na pla\u017c\u0119, zorganizowa\u0107 piesz\u0105 wycieczk\u0119, zwiedza\u0107 okolic\u0119 lub uprawia\u0107 sporty wodne.<\/strong><\/p>\n\n\n\n<p>Wsp\u00f3lny rejs statkiem po jeziorze, sp\u0142yw kajakiem po rzece lub rajd rowerowy po le\u015bnych \u015bcie\u017ckach sprawi\u0105, \u017ce go\u015bcie poczuj\u0105 prawdziwy klimat lata. Aktywno\u015b\u0107 po\u0142\u0105czona z kreatywnym sposobem prowadzenia spotka\u0144, dobrze wp\u0142ywaj\u0105 na efektywno\u015b\u0107 pracy. Sala konferencyjna z malowniczym widokiem na morze to \u015bwietny pomys\u0142, aby zorganizowa\u0107 konferencj\u0119 latem.<\/p>\n\n\n\n<h2 class=\"wp-block-heading\">Jak zorganizowa\u0107 konferencj\u0119 latem?<\/h2>\n\n\n\n<p>Je\u015bli nie mo\u017cemy zrealizowa\u0107 ani imprezy plenerowej, ani wyjazdu s\u0142u\u017cbowego, wci\u0105\u017c pozostaje wiele mo\u017cliwo\u015b\u0107, aby zorganizowa\u0107 konferencje latem w taki spos\u00f3b, aby zapewni\u0107 uczestnikom pe\u0142en komfort pracy. <strong>Kluczowym punktem, podczas wynajmu sali konferencyjnej jest oczywi\u015bcie klimatyzacja.<\/strong> Dobrej jako\u015bci sprz\u0119t sprawi, \u017ce nawet najwi\u0119kszy upa\u0142 nie b\u0119dzie nam straszny.<\/p>\n\n\n<div class=\"wp-block-image\">\n<figure class=\"aligncenter\"><img loading=\"lazy\" decoding=\"async\" width=\"6240\" height=\"4160\" src=\"https:\/\/www.mojekonferencje.pl\/blog\/wp-content\/uploads\/2019\/06\/appetizer-bowls-cuisine-1640770.jpg\" alt=\"\" class=\"wp-image-1435 lazyload\" data-srcset=\"https:\/\/www.mojekonferencje.pl\/blog\/wp-content\/uploads\/2019\/06\/appetizer-bowls-cuisine-1640770.jpg 6240w, https:\/\/www.mojekonferencje.pl\/blog\/wp-content\/uploads\/2019\/06\/appetizer-bowls-cuisine-1640770-300x200.jpg 300w, https:\/\/www.mojekonferencje.pl\/blog\/wp-content\/uploads\/2019\/06\/appetizer-bowls-cuisine-1640770-768x512.jpg 768w, https:\/\/www.mojekonferencje.pl\/blog\/wp-content\/uploads\/2019\/06\/appetizer-bowls-cuisine-1640770-1024x683.jpg 1024w\" sizes=\"auto\" \/><\/figure>\n<\/div>\n\n\n<p><\/p>\n\n\n\n<p>Latem potrzeba tak\u017ce znacznie wi\u0119kszych ilo\u015bci wody, wi\u0119c uczestnicy musz\u0105 mie\u0107 do niej sta\u0142y dost\u0119p. <strong>Podczas przerwy kawowej, mo\u017cna poda\u0107 \u015bwie\u017ce owoce, soki, sa\u0142atki lub lekkie desery, kt\u00f3re nie zepsuj\u0105 si\u0119 pod wp\u0142ywem temperatury.<\/strong>\u00a0Dobrze, je\u015bli go\u015bcie b\u0119d\u0105 mogli zaczerpn\u0105\u0107 \u015bwie\u017cego powietrza w przerwie spotkania. Warto poszuka\u0107 wi\u0119c sali konferencyjnej, kt\u00f3ra posiada w\u0142asny taras lub bezpo\u015brednie wyj\u0119cie do ogrodu.<\/p>\n\n\n\n<p>O tym, jak zorganizowa\u0107 konferencj\u0119 latem warto pomy\u015ble\u0107 odpowiednio wcze\u015bniej. Musimy oceni\u0107, czy nasza dotychczasowa sala konferencyjna lub biuro b\u0119d\u0105 odpowiednie do pracy przy wysokich temperaturach. Je\u015bli mamy mo\u017cliwo\u015b\u0107, dobrze jest wykorzysta\u0107 okres letni, aby poprawia\u0107 relacje mi\u0119dzy pracownikami poprzez wyjazd s\u0142u\u017cbowy lub <a href=\"https:\/\/www.mojekonferencje.pl\/imprezy-firmowe\" type=\"link\" id=\"https:\/\/www.mojekonferencje.pl\/imprezy-firmowe\">imprez\u0119 firmow\u0105<\/a>. Czasem dobra zabawa i swobodna rozmowa mog\u0105 lepiej wp\u0142yn\u0105\u0107 na atmosfer\u0119 w firmie, ni\u017c nie jedno szkolenia czy coaching.<\/p>\n\n\n\n<p><\/p>\n","protected":false},"excerpt":{"rendered":"<p>S\u0142o\u0144ce nie daje nam wytchnienia. Klimatyzacja w biurach dzia\u0142a na pe\u0142nych obrotach, a w g\u0142owie zamiast obowi\u0105zk\u00f3w maluje si\u0119 obraz hamaku na pla\u017cy. Ci\u0119\u017cko w takich warunkach, skupi\u0107 si\u0119 na pracy. Co wi\u0119c zrobi\u0107, je\u015bli mamy ju\u017c zapisane w planach szkolenie lub warsztaty? Jak zorganizowa\u0107 konferencj\u0119 latem, aby nie wym\u0119czy\u0107 pracownik\u00f3w? <\/p>\n","protected":false},"author":6,"featured_media":1426,"comment_status":"closed","ping_status":"closed","sticky":false,"template":"","format":"standard","meta":{"_acf_changed":false,"footnotes":""},"categories":[12,11,8,175],"tags":[40,26],"class_list":["post-1424","post","type-post","status-publish","format-standard","has-post-thumbnail","hentry","category-nietypowe-konferencje","category-konferencyjny-relaks","category-porady","category-wybieranie-miejsca-konferencyjnego","tag-gory","tag-wypady-integracyjne"],"acf":[],"yoast_head":"<!-- This site is optimized with the Yoast SEO plugin v27.1.1 - https:\/\/yoast.com\/product\/yoast-seo-wordpress\/ -->\n<title>Jak zorganizowa\u0107 konferencj\u0119 latem? - blog | MojeKonferencje.pl<\/title>\n<meta name=\"description\" content=\"Jak zorganizowa\u0107 konferencj\u0119 latem? - blog | MojeKonferencje.pl\" \/>\n<meta name=\"robots\" content=\"index, follow, max-snippet:-1, max-image-preview:large, max-video-preview:-1\" \/>\n<link rel=\"canonical\" href=\"https:\/\/www.mojekonferencje.pl\/blog\/jak-zorganizowac-konferencje-latem\/\" \/>\n<meta property=\"og:locale\" content=\"pl_PL\" \/>\n<meta property=\"og:type\" content=\"article\" \/>\n<meta property=\"og:title\" content=\"Jak zorganizowa\u0107 konferencj\u0119 latem? - blog | MojeKonferencje.pl\" \/>\n<meta property=\"og:description\" content=\"Jak zorganizowa\u0107 konferencj\u0119 latem? - blog | MojeKonferencje.pl\" \/>\n<meta property=\"og:url\" content=\"https:\/\/www.mojekonferencje.pl\/blog\/jak-zorganizowac-konferencje-latem\/\" \/>\n<meta property=\"og:site_name\" content=\"MojeKonferencje.pl\" \/>\n<meta property=\"article:published_time\" content=\"2019-06-11T09:15:56+00:00\" \/>\n<meta property=\"article:modified_time\" content=\"2026-04-30T07:31:29+00:00\" \/>\n<meta property=\"og:image\" content=\"https:\/\/www.mojekonferencje.pl\/blog\/wp-content\/uploads\/2019\/06\/cold-cool-drink-102742.jpg\" \/>\n\t<meta property=\"og:image:width\" content=\"4314\" \/>\n\t<meta property=\"og:image:height\" content=\"2876\" \/>\n\t<meta property=\"og:image:type\" content=\"image\/jpeg\" \/>\n<meta name=\"author\" content=\"Kamila R\u00f3wi\u0144ska\" \/>\n<meta name=\"twitter:card\" content=\"summary_large_image\" \/>\n<meta name=\"twitter:label1\" content=\"Napisane przez\" \/>\n\t<meta name=\"twitter:data1\" content=\"Kamila R\u00f3wi\u0144ska\" \/>\n\t<meta name=\"twitter:label2\" content=\"Szacowany czas czytania\" \/>\n\t<meta name=\"twitter:data2\" content=\"5 minut\" \/>\n<script type=\"application\/ld+json\" class=\"yoast-schema-graph\">{\"@context\":\"https:\/\/schema.org\",\"@graph\":[{\"@type\":\"Article\",\"@id\":\"https:\/\/www.mojekonferencje.pl\/blog\/jak-zorganizowac-konferencje-latem\/#article\",\"isPartOf\":{\"@id\":\"https:\/\/www.mojekonferencje.pl\/blog\/jak-zorganizowac-konferencje-latem\/\"},\"author\":{\"name\":\"Kamila R\u00f3wi\u0144ska\",\"@id\":\"https:\/\/www.mojekonferencje.pl\/blog\/#\/schema\/person\/8efb521724c064d26da2045111fce99e\"},\"headline\":\"Jak zorganizowa\u0107 konferencj\u0119 latem?\",\"datePublished\":\"2019-06-11T09:15:56+00:00\",\"dateModified\":\"2026-04-30T07:31:29+00:00\",\"mainEntityOfPage\":{\"@id\":\"https:\/\/www.mojekonferencje.pl\/blog\/jak-zorganizowac-konferencje-latem\/\"},\"wordCount\":701,\"image\":{\"@id\":\"https:\/\/www.mojekonferencje.pl\/blog\/jak-zorganizowac-konferencje-latem\/#primaryimage\"},\"thumbnailUrl\":\"https:\/\/www.mojekonferencje.pl\/blog\/wp-content\/uploads\/2019\/06\/cold-cool-drink-102742.jpg\",\"keywords\":[\"g\u00f3ry\",\"wypady integracyjne\"],\"articleSection\":[\"(Nie)typowe konferencje\",\"Konferencyjny relaks\",\"Porady\",\"Wybieranie miejsca konferencyjnego\"],\"inLanguage\":\"pl-PL\"},{\"@type\":\"WebPage\",\"@id\":\"https:\/\/www.mojekonferencje.pl\/blog\/jak-zorganizowac-konferencje-latem\/\",\"url\":\"https:\/\/www.mojekonferencje.pl\/blog\/jak-zorganizowac-konferencje-latem\/\",\"name\":\"Jak zorganizowa\u0107 konferencj\u0119 latem? - blog | MojeKonferencje.pl\",\"isPartOf\":{\"@id\":\"https:\/\/www.mojekonferencje.pl\/blog\/#website\"},\"primaryImageOfPage\":{\"@id\":\"https:\/\/www.mojekonferencje.pl\/blog\/jak-zorganizowac-konferencje-latem\/#primaryimage\"},\"image\":{\"@id\":\"https:\/\/www.mojekonferencje.pl\/blog\/jak-zorganizowac-konferencje-latem\/#primaryimage\"},\"thumbnailUrl\":\"https:\/\/www.mojekonferencje.pl\/blog\/wp-content\/uploads\/2019\/06\/cold-cool-drink-102742.jpg\",\"datePublished\":\"2019-06-11T09:15:56+00:00\",\"dateModified\":\"2026-04-30T07:31:29+00:00\",\"author\":{\"@id\":\"https:\/\/www.mojekonferencje.pl\/blog\/#\/schema\/person\/8efb521724c064d26da2045111fce99e\"},\"description\":\"Jak zorganizowa\u0107 konferencj\u0119 latem? - blog | MojeKonferencje.pl\",\"breadcrumb\":{\"@id\":\"https:\/\/www.mojekonferencje.pl\/blog\/jak-zorganizowac-konferencje-latem\/#breadcrumb\"},\"inLanguage\":\"pl-PL\",\"potentialAction\":[{\"@type\":\"ReadAction\",\"target\":[\"https:\/\/www.mojekonferencje.pl\/blog\/jak-zorganizowac-konferencje-latem\/\"]}]},{\"@type\":\"ImageObject\",\"inLanguage\":\"pl-PL\",\"@id\":\"https:\/\/www.mojekonferencje.pl\/blog\/jak-zorganizowac-konferencje-latem\/#primaryimage\",\"url\":\"https:\/\/www.mojekonferencje.pl\/blog\/wp-content\/uploads\/2019\/06\/cold-cool-drink-102742.jpg\",\"contentUrl\":\"https:\/\/www.mojekonferencje.pl\/blog\/wp-content\/uploads\/2019\/06\/cold-cool-drink-102742.jpg\",\"width\":4314,\"height\":2876},{\"@type\":\"BreadcrumbList\",\"@id\":\"https:\/\/www.mojekonferencje.pl\/blog\/jak-zorganizowac-konferencje-latem\/#breadcrumb\",\"itemListElement\":[{\"@type\":\"ListItem\",\"position\":1,\"name\":\"Strona g\u0142\u00f3wna\",\"item\":\"https:\/\/www.mojekonferencje.pl\/blog\/\"},{\"@type\":\"ListItem\",\"position\":2,\"name\":\"Jak zorganizowa\u0107 konferencj\u0119 latem?\"}]},{\"@type\":\"WebSite\",\"@id\":\"https:\/\/www.mojekonferencje.pl\/blog\/#website\",\"url\":\"https:\/\/www.mojekonferencje.pl\/blog\/\",\"name\":\"MojeKonferencje.pl\",\"description\":\"Blog bran\u017cy szkoleniowo-konferencyjnej. W\u0142\u0105cz si\u0119 do dyskusji o obiektach konferencyjnych i nowo\u015bciach z bran\u017cy! Poznaj porady odno\u015bnie organizacji konferencji, szkole\u0144 i event\u00f3w firmowych! Zach\u0119camy do wyra\u017cania opinii oraz komentarzy.\",\"potentialAction\":[{\"@type\":\"SearchAction\",\"target\":{\"@type\":\"EntryPoint\",\"urlTemplate\":\"https:\/\/www.mojekonferencje.pl\/blog\/?s={search_term_string}\"},\"query-input\":{\"@type\":\"PropertyValueSpecification\",\"valueRequired\":true,\"valueName\":\"search_term_string\"}}],\"inLanguage\":\"pl-PL\"},{\"@type\":\"Person\",\"@id\":\"https:\/\/www.mojekonferencje.pl\/blog\/#\/schema\/person\/8efb521724c064d26da2045111fce99e\",\"name\":\"Kamila R\u00f3wi\u0144ska\",\"description\":\"Autor i redaktor tre\u015bci portale MojeKonferencje.pl Na co dzie\u0144 zajmuje si\u0119 copywritingiem. Specjalista content marketingu i dziennikarstwa. Od ponad roku dzia\u0142a w bran\u017cy konferencyjnej.\",\"url\":\"https:\/\/www.mojekonferencje.pl\/blog\/author\/kamila\/\"}]}<\/script>\n<!-- \/ Yoast SEO plugin. -->","yoast_head_json":{"title":"Jak zorganizowa\u0107 konferencj\u0119 latem? - blog | MojeKonferencje.pl","description":"Jak zorganizowa\u0107 konferencj\u0119 latem? - blog | MojeKonferencje.pl","robots":{"index":"index","follow":"follow","max-snippet":"max-snippet:-1","max-image-preview":"max-image-preview:large","max-video-preview":"max-video-preview:-1"},"canonical":"https:\/\/www.mojekonferencje.pl\/blog\/jak-zorganizowac-konferencje-latem\/","og_locale":"pl_PL","og_type":"article","og_title":"Jak zorganizowa\u0107 konferencj\u0119 latem? - blog | MojeKonferencje.pl","og_description":"Jak zorganizowa\u0107 konferencj\u0119 latem? - blog | MojeKonferencje.pl","og_url":"https:\/\/www.mojekonferencje.pl\/blog\/jak-zorganizowac-konferencje-latem\/","og_site_name":"MojeKonferencje.pl","article_published_time":"2019-06-11T09:15:56+00:00","article_modified_time":"2026-04-30T07:31:29+00:00","og_image":[{"width":4314,"height":2876,"url":"https:\/\/www.mojekonferencje.pl\/blog\/wp-content\/uploads\/2019\/06\/cold-cool-drink-102742.jpg","type":"image\/jpeg"}],"author":"Kamila R\u00f3wi\u0144ska","twitter_card":"summary_large_image","twitter_misc":{"Napisane przez":"Kamila R\u00f3wi\u0144ska","Szacowany czas czytania":"5 minut"},"schema":{"@context":"https:\/\/schema.org","@graph":[{"@type":"Article","@id":"https:\/\/www.mojekonferencje.pl\/blog\/jak-zorganizowac-konferencje-latem\/#article","isPartOf":{"@id":"https:\/\/www.mojekonferencje.pl\/blog\/jak-zorganizowac-konferencje-latem\/"},"author":{"name":"Kamila R\u00f3wi\u0144ska","@id":"https:\/\/www.mojekonferencje.pl\/blog\/#\/schema\/person\/8efb521724c064d26da2045111fce99e"},"headline":"Jak zorganizowa\u0107 konferencj\u0119 latem?","datePublished":"2019-06-11T09:15:56+00:00","dateModified":"2026-04-30T07:31:29+00:00","mainEntityOfPage":{"@id":"https:\/\/www.mojekonferencje.pl\/blog\/jak-zorganizowac-konferencje-latem\/"},"wordCount":701,"image":{"@id":"https:\/\/www.mojekonferencje.pl\/blog\/jak-zorganizowac-konferencje-latem\/#primaryimage"},"thumbnailUrl":"https:\/\/www.mojekonferencje.pl\/blog\/wp-content\/uploads\/2019\/06\/cold-cool-drink-102742.jpg","keywords":["g\u00f3ry","wypady integracyjne"],"articleSection":["(Nie)typowe konferencje","Konferencyjny relaks","Porady","Wybieranie miejsca konferencyjnego"],"inLanguage":"pl-PL"},{"@type":"WebPage","@id":"https:\/\/www.mojekonferencje.pl\/blog\/jak-zorganizowac-konferencje-latem\/","url":"https:\/\/www.mojekonferencje.pl\/blog\/jak-zorganizowac-konferencje-latem\/","name":"Jak zorganizowa\u0107 konferencj\u0119 latem? - blog | MojeKonferencje.pl","isPartOf":{"@id":"https:\/\/www.mojekonferencje.pl\/blog\/#website"},"primaryImageOfPage":{"@id":"https:\/\/www.mojekonferencje.pl\/blog\/jak-zorganizowac-konferencje-latem\/#primaryimage"},"image":{"@id":"https:\/\/www.mojekonferencje.pl\/blog\/jak-zorganizowac-konferencje-latem\/#primaryimage"},"thumbnailUrl":"https:\/\/www.mojekonferencje.pl\/blog\/wp-content\/uploads\/2019\/06\/cold-cool-drink-102742.jpg","datePublished":"2019-06-11T09:15:56+00:00","dateModified":"2026-04-30T07:31:29+00:00","author":{"@id":"https:\/\/www.mojekonferencje.pl\/blog\/#\/schema\/person\/8efb521724c064d26da2045111fce99e"},"description":"Jak zorganizowa\u0107 konferencj\u0119 latem? - blog | MojeKonferencje.pl","breadcrumb":{"@id":"https:\/\/www.mojekonferencje.pl\/blog\/jak-zorganizowac-konferencje-latem\/#breadcrumb"},"inLanguage":"pl-PL","potentialAction":[{"@type":"ReadAction","target":["https:\/\/www.mojekonferencje.pl\/blog\/jak-zorganizowac-konferencje-latem\/"]}]},{"@type":"ImageObject","inLanguage":"pl-PL","@id":"https:\/\/www.mojekonferencje.pl\/blog\/jak-zorganizowac-konferencje-latem\/#primaryimage","url":"https:\/\/www.mojekonferencje.pl\/blog\/wp-content\/uploads\/2019\/06\/cold-cool-drink-102742.jpg","contentUrl":"https:\/\/www.mojekonferencje.pl\/blog\/wp-content\/uploads\/2019\/06\/cold-cool-drink-102742.jpg","width":4314,"height":2876},{"@type":"BreadcrumbList","@id":"https:\/\/www.mojekonferencje.pl\/blog\/jak-zorganizowac-konferencje-latem\/#breadcrumb","itemListElement":[{"@type":"ListItem","position":1,"name":"Strona g\u0142\u00f3wna","item":"https:\/\/www.mojekonferencje.pl\/blog\/"},{"@type":"ListItem","position":2,"name":"Jak zorganizowa\u0107 konferencj\u0119 latem?"}]},{"@type":"WebSite","@id":"https:\/\/www.mojekonferencje.pl\/blog\/#website","url":"https:\/\/www.mojekonferencje.pl\/blog\/","name":"MojeKonferencje.pl","description":"Blog bran\u017cy szkoleniowo-konferencyjnej. W\u0142\u0105cz si\u0119 do dyskusji o obiektach konferencyjnych i nowo\u015bciach z bran\u017cy! Poznaj porady odno\u015bnie organizacji konferencji, szkole\u0144 i event\u00f3w firmowych! Zach\u0119camy do wyra\u017cania opinii oraz komentarzy.","potentialAction":[{"@type":"SearchAction","target":{"@type":"EntryPoint","urlTemplate":"https:\/\/www.mojekonferencje.pl\/blog\/?s={search_term_string}"},"query-input":{"@type":"PropertyValueSpecification","valueRequired":true,"valueName":"search_term_string"}}],"inLanguage":"pl-PL"},{"@type":"Person","@id":"https:\/\/www.mojekonferencje.pl\/blog\/#\/schema\/person\/8efb521724c064d26da2045111fce99e","name":"Kamila R\u00f3wi\u0144ska","description":"Autor i redaktor tre\u015bci portale MojeKonferencje.pl Na co dzie\u0144 zajmuje si\u0119 copywritingiem. Specjalista content marketingu i dziennikarstwa. Od ponad roku dzia\u0142a w bran\u017cy konferencyjnej.","url":"https:\/\/www.mojekonferencje.pl\/blog\/author\/kamila\/"}]}},"_links":{"self":[{"href":"https:\/\/www.mojekonferencje.pl\/blog\/wp-json\/wp\/v2\/posts\/1424","targetHints":{"allow":["GET"]}}],"collection":[{"href":"https:\/\/www.mojekonferencje.pl\/blog\/wp-json\/wp\/v2\/posts"}],"about":[{"href":"https:\/\/www.mojekonferencje.pl\/blog\/wp-json\/wp\/v2\/types\/post"}],"author":[{"embeddable":true,"href":"https:\/\/www.mojekonferencje.pl\/blog\/wp-json\/wp\/v2\/users\/6"}],"replies":[{"embeddable":true,"href":"https:\/\/www.mojekonferencje.pl\/blog\/wp-json\/wp\/v2\/comments?post=1424"}],"version-history":[{"count":13,"href":"https:\/\/www.mojekonferencje.pl\/blog\/wp-json\/wp\/v2\/posts\/1424\/revisions"}],"predecessor-version":[{"id":9704,"href":"https:\/\/www.mojekonferencje.pl\/blog\/wp-json\/wp\/v2\/posts\/1424\/revisions\/9704"}],"wp:featuredmedia":[{"embeddable":true,"href":"https:\/\/www.mojekonferencje.pl\/blog\/wp-json\/wp\/v2\/media\/1426"}],"wp:attachment":[{"href":"https:\/\/www.mojekonferencje.pl\/blog\/wp-json\/wp\/v2\/media?parent=1424"}],"wp:term":[{"taxonomy":"category","embeddable":true,"href":"https:\/\/www.mojekonferencje.pl\/blog\/wp-json\/wp\/v2\/categories?post=1424"},{"taxonomy":"post_tag","embeddable":true,"href":"https:\/\/www.mojekonferencje.pl\/blog\/wp-json\/wp\/v2\/tags?post=1424"}],"curies":[{"name":"wp","href":"https:\/\/api.w.org\/{rel}","templated":true}]}}