{"id":1474,"date":"2019-08-14T15:39:18","date_gmt":"2019-08-14T13:39:18","guid":{"rendered":"https:\/\/www.mojekonferencje.pl\/blog\/?p=1474"},"modified":"2024-05-07T11:51:52","modified_gmt":"2024-05-07T09:51:52","slug":"hotele-spa-w-wojewodztwie-kujawsko-pomorskim","status":"publish","type":"post","link":"https:\/\/www.mojekonferencje.pl\/blog\/hotele-spa-w-wojewodztwie-kujawsko-pomorskim\/","title":{"rendered":"Hotele SPA w wojew\u00f3dztwie kujawsko-pomorskim"},"content":{"rendered":"\n<div class=\"wp-block-group\"><div class=\"wp-block-group__inner-container is-layout-flow wp-block-group-is-layout-flow\">\n<p align=\"justify\"><strong>Spotkania biznesowe nie zawsze musz\u0105 \u0142\u0105czy\u0107 si\u0119 tylko z obowi\u0105zkami i prac\u0105. Warto urozmaici\u0107 dzie\u0144 konferencji lub szkolenia r\u00f3wnie\u017c dodatkowymi atrakcjami lub chwil\u0105 relaksu. A gdzie najlepiej odpocz\u0105\u0107 i zadba\u0107 o dobre samopoczucie, je\u015bli nie w miejscu oferuj\u0105cym zabiegi SPA?<\/strong><\/p>\n<p align=\"justify\">W dzisiejszym artykule prezentujemy kilka naszych propozycji, je\u015bli chodzi o <a href=\"https:\/\/www.mojekonferencje.pl\/hotel-spa\">hotele SPA na konferencj\u0119<\/a> w kujawsko-pomorskim. To wojew\u00f3dztwo ma wiele do zaoferowania organizatorom wyjazd\u00f3w firmowych &#8211; i nie m\u00f3wimy tu tylko o zapleczu biznesowym, ale r\u00f3wnie\u017c<strong> luksusowych gabinetach SPA, bogatej ofercie saun i nowoczesnej strefie basenowej.\u00a0<\/strong>Poznaj nasze propozycje!<\/p>\n<p align=\"justify\">\u00a0<\/p>\n<h2 style=\"text-align: center;\"><span style=\"text-decoration: underline;\"><a href=\"https:\/\/www.mojekonferencje.pl\/gasawa\/herbarium-hotelspa\">Herbarium Hotel &amp; SPA<\/a><\/span><\/h2>\n<p>To obiekt le\u017c\u0105cy w urokliwej wsi Chomi\u0105\u017c\u0105 Szlachecka w samym sercu wojew\u00f3dztwa kujawsko-pomorskiego. Sprzyja on zar\u00f3wno skutecznemu relaksowi, jak i efektywnej pracy. <strong>Herbarium Hotel &amp; SPA<\/strong> mie\u015bci si\u0119 na obszarze 6-hektarowego parku z XIX wieku, nad brzegiem Jeziora Chomi\u0105skiego, zapewniaj\u0105cego cisz\u0119, spok\u00f3j i bezpo\u015bredni kontakt z malownicz\u0105 przyrod\u0105. Hotel ten do dyspozycji go\u015bci oddaje 3 sale konferencyjne o r\u00f3\u017cnej wielko\u015bci. Pozwalaj\u0105 one na organizacj\u0119 kameralnych, jak i znacznie wi\u0119kszych spotka\u0144 biznesowych. <strong>Herbarium Hotel &amp; SPA<\/strong> zapewnia tak\u017ce komfortowe miejsca noclegowe w 54 nowocze\u015bnie urz\u0105dzonych pokojach. Gastronomicznym sercem obiektu jest za\u015b Restauracja Werbena, w kt\u00f3rej serwowane s\u0105 wy\u015bmienite kulinaria. Obiekt s\u0142ynie ponadto z rozbudowanej strefy SPA, umo\u017cliwiaj\u0105cej regeneracj\u0119 i relaks. Go\u015bcie mog\u0105 liczy\u0107 m.in. na basen z widokiem na jezioro, jacuzzi oraz saunarium.<\/p>\n<p><img loading=\"lazy\" decoding=\"async\" class=\"aligncenter size-full wp-image-3909 lazyload\" src=\"https:\/\/www.mojekonferencje.pl\/blog\/wp-content\/uploads\/2019\/08\/herbarium.jpg\" alt=\"\" width=\"1280\" height=\"853\" data-srcset=\"https:\/\/www.mojekonferencje.pl\/blog\/wp-content\/uploads\/2019\/08\/herbarium.jpg 1280w, https:\/\/www.mojekonferencje.pl\/blog\/wp-content\/uploads\/2019\/08\/herbarium-300x200.jpg 300w, https:\/\/www.mojekonferencje.pl\/blog\/wp-content\/uploads\/2019\/08\/herbarium-1024x682.jpg 1024w, https:\/\/www.mojekonferencje.pl\/blog\/wp-content\/uploads\/2019\/08\/herbarium-768x512.jpg 768w\" sizes=\"auto\" \/><\/p>\n<h2 style=\"text-align: center;\"><span style=\"text-decoration: underline;\"><a href=\"https:\/\/www.mojekonferencje.pl\/torun\/copernicus-torun-hotel\">Copernicus Toru\u0144 Hotel<\/a><\/span><\/h2>\n<p align=\"justify\"><a href=\"https:\/\/www.mojekonferencje.pl\/konferencje-kujawsko-pomorskie\">Hotele na konferencj\u0119 w wojew\u00f3dztwie kujawsko-pomorskim<\/a> zdecydowanie potrafi\u0105 zrobi\u0107 wra\u017cenie nawet na najbardziej wymagaj\u0105cych go\u015bciach. Doskona\u0142ym przyk\u0142adem jest ten <a href=\"https:\/\/www.mojekonferencje.pl\/hotel-czterogwiazdkowy\">4-gwiazdkowy hotel SPA<\/a>, kt\u00f3ry mie\u015bci si\u0119 przy Bulwarze Filadelfijskim 11 w Toruniu. To elegancki i stylowo zaaran\u017cowany obiekt, kt\u00f3ry mo\u017ce si\u0119 pochwali\u0107 kompleksow\u0105 i jednocze\u015bnie zr\u00f3\u017cnicowan\u0105 ofert\u0105 us\u0142ug. Na go\u015bci biznesowych czeka w nim nowocze\u015bnie wyposa\u017cone zaplecze konferencyjne. Wypoczynek z kolei mo\u017cliwy jest w wygodnym zapleczu noclegowym, kt\u00f3re sk\u0142ada si\u0119 z przytulnych pokoi i apartament\u00f3w. Na terenie obiektu znajduj\u0105 si\u0119 r\u00f3wnie\u017c dwie klimatyczne restauracje oraz strefa SPA &amp; Wellness. Sk\u0142ada si\u0119 ona zar\u00f3wno z gabinet\u00f3w masa\u017cu, jak i cz\u0119\u015bci saunowo-basenowej.<\/p>\n<p align=\"justify\"><img loading=\"lazy\" decoding=\"async\" class=\"aligncenter size-full wp-image-2707 lazyload\" src=\"https:\/\/www.mojekonferencje.pl\/blog\/wp-content\/uploads\/2019\/08\/1-copernicus.jpg\" alt=\"\" width=\"1920\" height=\"1279\" data-srcset=\"https:\/\/www.mojekonferencje.pl\/blog\/wp-content\/uploads\/2019\/08\/1-copernicus.jpg 1920w, https:\/\/www.mojekonferencje.pl\/blog\/wp-content\/uploads\/2019\/08\/1-copernicus-300x200.jpg 300w, https:\/\/www.mojekonferencje.pl\/blog\/wp-content\/uploads\/2019\/08\/1-copernicus-1024x682.jpg 1024w, https:\/\/www.mojekonferencje.pl\/blog\/wp-content\/uploads\/2019\/08\/1-copernicus-768x512.jpg 768w, https:\/\/www.mojekonferencje.pl\/blog\/wp-content\/uploads\/2019\/08\/1-copernicus-1536x1023.jpg 1536w\" sizes=\"auto\" \/><\/p>\n<h2 style=\"text-align: center;\" align=\"justify\"><span style=\"text-decoration: underline;\"><a href=\"https:\/\/www.mojekonferencje.pl\/torun\/palac-w-turznie\">Pa\u0142ac w Turznie<\/a><\/span><\/h2>\n<p align=\"justify\">W pobli\u017cu Torunia znajduje si\u0119 kolejny obiekt, kt\u00f3ry bezapelacyjnie warto jest wzi\u0105\u0107 pod uwag\u0119. To klimatyczny <a href=\"https:\/\/www.mojekonferencje.pl\/palace-dworki-zamki\">pa\u0142ac na konferencj\u0119<\/a>, kt\u00f3rego historia si\u0119ga drugiej po\u0142owy XIX wieku. Obiekt ten otoczony zosta\u0142 16-hektarowym parkiem, w kt\u00f3rym mo\u017cna skutecznie wypocz\u0105\u0107 na \u015bwie\u017cym powietrzu. Pa\u0142ac do dyspozycji go\u015bci oddaje \u0142\u0105cznie 150 miejsc noclegowych, kt\u00f3re rozmieszczone s\u0105 w stylowych pokojach i apartamentach. B\u0119d\u0105c w obiekcie, koniecznie trzeba skosztowa\u0107 wy\u015bmienitych kulinari\u00f3w w pa\u0142acowej Restauracji Marconi. Na go\u015bci biznesowych czeka z kolei 6 eleganckich sal konferencyjnych. Po pracy warto jest si\u0119 uda\u0107 do mokrej strefy SPA, kt\u00f3ra sk\u0142ada si\u0119 m.in. z podgrzewanego basenu zewn\u0119trznego.<\/p>\n<p align=\"justify\"><img loading=\"lazy\" decoding=\"async\" class=\"aligncenter size-full wp-image-2709 lazyload\" src=\"https:\/\/www.mojekonferencje.pl\/blog\/wp-content\/uploads\/2019\/08\/2-turzno-scaled.jpg\" alt=\"\" width=\"2560\" height=\"1703\" data-srcset=\"https:\/\/www.mojekonferencje.pl\/blog\/wp-content\/uploads\/2019\/08\/2-turzno-scaled.jpg 2560w, https:\/\/www.mojekonferencje.pl\/blog\/wp-content\/uploads\/2019\/08\/2-turzno-300x200.jpg 300w, https:\/\/www.mojekonferencje.pl\/blog\/wp-content\/uploads\/2019\/08\/2-turzno-1024x681.jpg 1024w, https:\/\/www.mojekonferencje.pl\/blog\/wp-content\/uploads\/2019\/08\/2-turzno-768x511.jpg 768w, https:\/\/www.mojekonferencje.pl\/blog\/wp-content\/uploads\/2019\/08\/2-turzno-1536x1022.jpg 1536w, https:\/\/www.mojekonferencje.pl\/blog\/wp-content\/uploads\/2019\/08\/2-turzno-2048x1363.jpg 2048w\" sizes=\"auto\" \/><\/p>\n<h2 style=\"text-align: center;\"><span style=\"text-decoration: underline;\"><a href=\"https:\/\/www.mojekonferencje.pl\/ciechocinek\/hotel-medspa-villa-park\">Hotel Villa Park MED &amp; SPA<\/a><\/span><\/h2>\n<p align=\"justify\">Kolejne miejsce to 4-gwiazdkowy <a href=\"https:\/\/www.mojekonferencje.pl\/sale-konferencyjne-ciechocinek\">hotel w Ciechocinku<\/a>. Hotel Villa Park MED &amp; SPA &#8211; bo o nim mowa &#8211; jest idealnym wyborem dla os\u00f3b, kt\u00f3re ceni\u0105 wysok\u0105 jako\u015b\u0107 us\u0142ug oraz blisko\u015b\u0107 natury. W obiekcie z powodzeniem mo\u017cna si\u0119 efektywnie zrelaksowa\u0107. Czeka tam Saltaris SPA, czyli niepowtarzalny kompleks wodny, z kt\u00f3rego a\u017c nie chce si\u0119 wychodzi\u0107! Ponadto \u00f3w <strong>hotel SPA w kujawsko-pomorskim<\/strong> oferuje 50 designerskich pokoi i 17 samodzielnych apartament\u00f3w. Sercem obiektu jest z kolei znakomita Restauracja Preludium oraz pe\u0142en uroku Cafe Swing. Mo\u017cna tam r\u00f3wnie\u017c zorganizowa\u0107 spotkanie biznesowe. Hotel Villa Park MED &amp; SPA posiada sze\u015b\u0107 nowoczesnych sal konferencyjnych o powierzchni od 30 do 100 m2.<\/p>\n<p align=\"justify\"><img loading=\"lazy\" decoding=\"async\" class=\"aligncenter size-full wp-image-2710 lazyload\" src=\"https:\/\/www.mojekonferencje.pl\/blog\/wp-content\/uploads\/2019\/08\/3-villa.jpg\" alt=\"\" width=\"1200\" height=\"800\" data-srcset=\"https:\/\/www.mojekonferencje.pl\/blog\/wp-content\/uploads\/2019\/08\/3-villa.jpg 1200w, https:\/\/www.mojekonferencje.pl\/blog\/wp-content\/uploads\/2019\/08\/3-villa-300x200.jpg 300w, https:\/\/www.mojekonferencje.pl\/blog\/wp-content\/uploads\/2019\/08\/3-villa-1024x683.jpg 1024w, https:\/\/www.mojekonferencje.pl\/blog\/wp-content\/uploads\/2019\/08\/3-villa-768x512.jpg 768w\" sizes=\"auto\" \/><\/p>\n<h2 style=\"text-align: center;\"><span style=\"text-decoration: underline;\"><a href=\"https:\/\/www.mojekonferencje.pl\/zbiczno\/osrodek-wczasowy-ryteblota\">O\u015brodek Wczasowy Ryteb\u0142ota<\/a><\/span><\/h2>\n<p style=\"text-align: justify;\">W miejscowo\u015bci Zbiczno mie\u015bci si\u0119 nowoczesny obiekt szkoleniowo-wypoczynkowy. Po\u0142o\u017cony zosta\u0142 on dok\u0142adnie nad brzegiem malowniczego jeziora Zbiczno, kt\u00f3re pi\u0119knie wygl\u0105da o ka\u017cdej porze roku. To \u015bwietne <strong>miejsce na konferencj\u0119 w kujawsko-pomorskim<\/strong>, kt\u00f3re usytuowane jest z dala od zgie\u0142ku miasta. Obiekt posiada 262 bardzo wygodne miejsca noclegowe w nowoczesnym, wysokim standardzie. R\u00f3wnie atrakcyjne jest jego zaplecze SPA z bogat\u0105 ofert\u0105 rytua\u0142\u00f3w, masa\u017cu, a tak\u017ce z hydromasa\u017cem i saun\u0105. Na mi\u0142o\u015bnik\u00f3w sportowej rywalizacji czekaj\u0105 z kolei boiska sportowe, a tak\u017ce wypo\u017cyczalnia sprz\u0119tu wodnego. Jak ju\u017c wspomnieli\u015bmy, to r\u00f3wnie\u017c odpowiednie <a href=\"https:\/\/www.mojekonferencje.pl\/obiekty-konferencyjne-nad-jeziorem\">miejsce na konferencj\u0119 nad jeziorem<\/a>. W obiekcie znajduje si\u0119 a\u017c 5 nowoczesnych sal biznesowych.<\/p>\n<p><img loading=\"lazy\" decoding=\"async\" class=\"aligncenter size-full wp-image-2711 lazyload\" src=\"https:\/\/www.mojekonferencje.pl\/blog\/wp-content\/uploads\/2019\/08\/4-ryte.jpg\" alt=\"\" width=\"1600\" height=\"1067\" data-srcset=\"https:\/\/www.mojekonferencje.pl\/blog\/wp-content\/uploads\/2019\/08\/4-ryte.jpg 1600w, https:\/\/www.mojekonferencje.pl\/blog\/wp-content\/uploads\/2019\/08\/4-ryte-300x200.jpg 300w, https:\/\/www.mojekonferencje.pl\/blog\/wp-content\/uploads\/2019\/08\/4-ryte-1024x683.jpg 1024w, https:\/\/www.mojekonferencje.pl\/blog\/wp-content\/uploads\/2019\/08\/4-ryte-768x512.jpg 768w, https:\/\/www.mojekonferencje.pl\/blog\/wp-content\/uploads\/2019\/08\/4-ryte-1536x1024.jpg 1536w\" sizes=\"auto\" \/><\/p>\n<h2 style=\"text-align: center;\"><span style=\"text-decoration: underline;\"><a href=\"https:\/\/www.mojekonferencje.pl\/pokrzydowo\/hotel-pory-roku\">Hotel Pory Roku<\/a><\/span><\/h2>\n<p style=\"text-align: justify;\">To kolejny, <strong>4-gwiazdkowy hotel SPA kujawsko-pomorskie<\/strong>, kt\u00f3ry cieszy si\u0119 bardzo du\u017cym uznaniem. Mie\u015bci si\u0119 dok\u0142adnie w pe\u0142nej uroku wsi Czysteb\u0142ota &#8211; po\u015brodku przepi\u0119knego pojezierza brodnickiego. Oferta hotelu obejmuje m.in. wynajem 3 eleganckich i wielofunkcyjnych sal konferencyjnych. Po d\u0142ugiej podr\u00f3\u017cy czy pracy warto wypocz\u0105\u0107 z wygodnych, a jednocze\u015bnie bardzo eleganckich pokojach oraz apartamentach. Oczywi\u015bcie nie mo\u017cna te\u017c pomin\u0105\u0107 fantastycznej restauracji, kt\u00f3ra przepe\u0142niona jest aromatycznymi smakami i zapachami. Zaplecze SPA obiektu sk\u0142ada si\u0119 m.in. z rozmaitych gabinet\u00f3w masa\u017cy i sauny fi\u0144skiej. Do Hotelu Pory Roku przynale\u017cy r\u00f3wnie\u017c prywatna, piaszczysta pla\u017ca z wypo\u017cyczalni\u0105 sprz\u0119tu wodnego.<\/p>\n<p align=\"justify\"><img loading=\"lazy\" decoding=\"async\" class=\"aligncenter size-full wp-image-2712 lazyload\" src=\"https:\/\/www.mojekonferencje.pl\/blog\/wp-content\/uploads\/2019\/08\/5-pory.jpg\" alt=\"\" width=\"1600\" height=\"900\" data-srcset=\"https:\/\/www.mojekonferencje.pl\/blog\/wp-content\/uploads\/2019\/08\/5-pory.jpg 1600w, https:\/\/www.mojekonferencje.pl\/blog\/wp-content\/uploads\/2019\/08\/5-pory-300x169.jpg 300w, https:\/\/www.mojekonferencje.pl\/blog\/wp-content\/uploads\/2019\/08\/5-pory-1024x576.jpg 1024w, https:\/\/www.mojekonferencje.pl\/blog\/wp-content\/uploads\/2019\/08\/5-pory-768x432.jpg 768w, https:\/\/www.mojekonferencje.pl\/blog\/wp-content\/uploads\/2019\/08\/5-pory-1536x864.jpg 1536w, https:\/\/www.mojekonferencje.pl\/blog\/wp-content\/uploads\/2019\/08\/5-pory-640x360.jpg 640w, https:\/\/www.mojekonferencje.pl\/blog\/wp-content\/uploads\/2019\/08\/5-pory-320x180.jpg 320w, https:\/\/www.mojekonferencje.pl\/blog\/wp-content\/uploads\/2019\/08\/5-pory-480x270.jpg 480w, https:\/\/www.mojekonferencje.pl\/blog\/wp-content\/uploads\/2019\/08\/5-pory-960x540.jpg 960w, https:\/\/www.mojekonferencje.pl\/blog\/wp-content\/uploads\/2019\/08\/5-pory-1280x720.jpg 1280w\" sizes=\"auto\" \/><\/p>\n<h2 style=\"text-align: center;\" align=\"justify\"><span style=\"text-decoration: underline;\"><a href=\"https:\/\/www.mojekonferencje.pl\/gorzno\/dworek-wapionka\">Hotel*** Dworek Wapionka<\/a><\/span><\/h2>\n<p align=\"justify\">To <a href=\"https:\/\/www.mojekonferencje.pl\/hotel-trzygwiazdkowy\">3-gwiazdkowy hotel na konferencj\u0119<\/a> SPA, kt\u00f3ry po\u0142o\u017cony jest w miejscowo\u015bci G\u00f3rzno. Obiekt uznawany jest za najpi\u0119kniejszy dworek w wojew\u00f3dztwie kujawsko-pomorskim, kt\u00f3ry przyci\u0105ga wielu turyst\u00f3w i klient\u00f3w biznesowych. Wcale nas to nie dziwi, poniewa\u017c oferta tego miejsca jest naprawd\u0119 imponuj\u0105ca. Go\u015bcie mog\u0105 liczy\u0107 na 2 profesjonalnie wyposa\u017cone sale konferencyjne oraz 2 przestronne parkingi. Znajduje si\u0119 tam tak\u017ce Restauracja Karczma M\u0142yn, kt\u00f3ra stanowi swoist\u0105 wizyt\u00f3wk\u0119 obiektu z w\u0142asn\u0105 pstr\u0105gowni\u0105. Go\u015bcie mog\u0105 r\u00f3wnie\u017c skorzysta\u0107 z 34 pokoi, a tak\u017ce z zadaszonego miejsca na ognisko. Nie spos\u00f3b pomin\u0105\u0107 tak\u017ce nowej Strefy Wellness z miejscem relaksu, jacuzzi, \u0142a\u017ani\u0105 i saun\u0105 such\u0105.<\/p>\n<p align=\"justify\"><img loading=\"lazy\" decoding=\"async\" class=\"aligncenter size-full wp-image-2713 lazyload\" src=\"https:\/\/www.mojekonferencje.pl\/blog\/wp-content\/uploads\/2019\/08\/6-wapionka.jpg\" alt=\"\" width=\"1620\" height=\"1080\" data-srcset=\"https:\/\/www.mojekonferencje.pl\/blog\/wp-content\/uploads\/2019\/08\/6-wapionka.jpg 1620w, https:\/\/www.mojekonferencje.pl\/blog\/wp-content\/uploads\/2019\/08\/6-wapionka-300x200.jpg 300w, https:\/\/www.mojekonferencje.pl\/blog\/wp-content\/uploads\/2019\/08\/6-wapionka-1024x683.jpg 1024w, https:\/\/www.mojekonferencje.pl\/blog\/wp-content\/uploads\/2019\/08\/6-wapionka-768x512.jpg 768w, https:\/\/www.mojekonferencje.pl\/blog\/wp-content\/uploads\/2019\/08\/6-wapionka-1536x1024.jpg 1536w\" sizes=\"auto\" \/><\/p>\n<h2 style=\"text-align: center;\" align=\"justify\"><span style=\"text-decoration: underline;\"><a href=\"https:\/\/www.mojekonferencje.pl\/brzozie\/gleboczek-vine-resort--spa\">G\u0142\u0119boczek Vine Resort &amp; SPA<\/a><\/span><\/h2>\n<p style=\"text-align: justify;\">Jest to jeden z tych obiekt\u00f3w, kt\u00f3rych zdecydowanie si\u0119 nie zapomina. Znajduje si\u0119 on w miejscowo\u015bci Wielki G\u0142\u0119boczek 1 i doskonale sprawdza si\u0119 jako t\u0142o r\u00f3\u017cnego rodzaju spotka\u0144. Mog\u0105 si\u0119 w nim odby\u0107 zar\u00f3wno wyjazdy integracyjne, jak i wszelkie konferencje, szkolenia oraz inne spotkania biznesowe. Hotel G\u0142\u0119boczek posiada 3 profesjonalne sale konferencyjne, kt\u00f3re zosta\u0142y w pe\u0142ni wyposa\u017cone. Zaplecze noclegowe obiektu wyr\u00f3\u017cnia si\u0119 z kolei nowoczesnym designem, kt\u00f3ry w odpowiednich proporcjach \u0142\u0105czy si\u0119 z regionalnym nastrojem. Go\u015bcie mog\u0105 si\u0119 uda\u0107 r\u00f3wnie\u017c do piwnicy win, a tak\u017ce skorzysta\u0107 z pola golfowego. Z my\u015bl\u0105 o osobach spragnionych relaksu powsta\u0142o z kolei luksusowe centrum SPA z dwoma basenami.<\/p>\n<p><img loading=\"lazy\" decoding=\"async\" class=\"aligncenter size-full wp-image-2714 lazyload\" src=\"https:\/\/www.mojekonferencje.pl\/blog\/wp-content\/uploads\/2019\/08\/7-gleboczek.jpg\" alt=\"\" width=\"1200\" height=\"800\" data-srcset=\"https:\/\/www.mojekonferencje.pl\/blog\/wp-content\/uploads\/2019\/08\/7-gleboczek.jpg 1200w, https:\/\/www.mojekonferencje.pl\/blog\/wp-content\/uploads\/2019\/08\/7-gleboczek-300x200.jpg 300w, https:\/\/www.mojekonferencje.pl\/blog\/wp-content\/uploads\/2019\/08\/7-gleboczek-1024x683.jpg 1024w, https:\/\/www.mojekonferencje.pl\/blog\/wp-content\/uploads\/2019\/08\/7-gleboczek-768x512.jpg 768w\" sizes=\"auto\" \/><\/p>\n<h2 style=\"text-align: center;\"><span style=\"text-decoration: underline;\"><a href=\"https:\/\/www.mojekonferencje.pl\/torun\/centrum-sportu-i-rekreacji-olender\">Centrum Sportu i Rekreacji OLENDER<\/a><\/span><\/h2>\n<p style=\"text-align: justify;\">Na chwil\u0119 powr\u00f3cimy jeszcze do obiekt\u00f3w takich jak <strong>hotele SPA w pobli\u017cu Torunia<\/strong>. Ten, kt\u00f3ry w\u0142a\u015bnie prezentujemy, posiada w swojej ofercie m.in. profesjonalne Centrum Konferencyjne, kt\u00f3re jest przystosowane do organizacji r\u00f3\u017cnorodnych spotka\u0144 biznesowych. Centrum Sportu i Rekreacji OLENDER oferuje r\u00f3wnie\u017c \u015bwietnie wyposa\u017con\u0105 baz\u0119 noclegow\u0105. W obiekcie mo\u017cna tak\u017ce liczy\u0107 na smakowit\u0105 restauracj\u0119, w kt\u00f3rej serwowane s\u0105 zar\u00f3wno dania kuchni polskiej, jak i europejskiej. Dope\u0142nieniem us\u0142ug gastronomicznych jest urokliwa kawiarnia. Cz\u0119\u015b\u0107 tego kompleksu to oczywi\u015bcie nic innego, jak centrum sportu i rekreacji, kt\u00f3re sk\u0142ada si\u0119 m.in. z klimatycznego Centrum SPA &amp; Wellness oraz doskonale wyposa\u017conego Aquaparku.<\/p>\n<p><img loading=\"lazy\" decoding=\"async\" class=\"aligncenter size-full wp-image-2715 lazyload\" src=\"https:\/\/www.mojekonferencje.pl\/blog\/wp-content\/uploads\/2019\/08\/8-olender.jpg\" alt=\"\" width=\"800\" height=\"600\" data-srcset=\"https:\/\/www.mojekonferencje.pl\/blog\/wp-content\/uploads\/2019\/08\/8-olender.jpg 800w, https:\/\/www.mojekonferencje.pl\/blog\/wp-content\/uploads\/2019\/08\/8-olender-300x225.jpg 300w, https:\/\/www.mojekonferencje.pl\/blog\/wp-content\/uploads\/2019\/08\/8-olender-768x576.jpg 768w\" sizes=\"auto\" \/><\/p>\n<h2 style=\"text-align: center;\"><span style=\"text-decoration: underline;\"><a href=\"https:\/\/www.mojekonferencje.pl\/bydgoszcz\/city-hotel\">CITY HOTEL<\/a><\/span><\/h2>\n<p style=\"text-align: justify;\">W zestawieniu tym musia\u0142 si\u0119 znale\u017a\u0107 <strong>hotel SPA Bydgoszcz<\/strong>, kt\u00f3ry mie\u015bci si\u0119 dok\u0142adnie przy ulicy 3 Maja 6. Z pobytu w tym obiekcie b\u0119d\u0105 zadowoleni wszyscy ci, kt\u00f3rzy ceni\u0105 korzystn\u0105 lokalizacj\u0119, wygod\u0119 oraz serdeczn\u0105 atmosfer\u0119. City Hotel Bydgoszcz to mo\u017cliwo\u015b\u0107 po\u0142\u0105czenia pracy z odpoczynkiem oraz rozrywk\u0105. Organizatorzy konferencji i szkole\u0144 mog\u0105 liczy\u0107 na 6 wielofunkcyjnych sal, kt\u00f3re mo\u017cna \u0142\u0105czy\u0107 poprzez system mobilnych \u015bcian. Nocleg z kolei mo\u017cliwy jest w komfortowych pokojach i apartamentach. \u00d3w hotel s\u0142ynie te\u017c z Restauracji 3V6 i Tiger Baru, w kt\u00f3rych podawane s\u0105 smakowite posi\u0142ki i niecodzienne napoje. W\u015br\u00f3d dodatkowych us\u0142ug mo\u017cna z kolei wymieni\u0107 m.in. bilard, saun\u0119, si\u0142owni\u0119, wann\u0119 z hydromasa\u017cem i gabinet masa\u017cu.<\/p>\n<p><img loading=\"lazy\" decoding=\"async\" class=\"aligncenter size-full wp-image-2716 lazyload\" src=\"https:\/\/www.mojekonferencje.pl\/blog\/wp-content\/uploads\/2019\/08\/9-city.jpg\" alt=\"\" width=\"1024\" height=\"695\" data-srcset=\"https:\/\/www.mojekonferencje.pl\/blog\/wp-content\/uploads\/2019\/08\/9-city.jpg 1024w, https:\/\/www.mojekonferencje.pl\/blog\/wp-content\/uploads\/2019\/08\/9-city-300x204.jpg 300w, https:\/\/www.mojekonferencje.pl\/blog\/wp-content\/uploads\/2019\/08\/9-city-768x521.jpg 768w\" sizes=\"auto\" \/><\/p>\n<\/div><\/div>\n\n\n\n<h2 class=\"has-text-align-center wp-block-heading\"><a href=\"https:\/\/www.mojekonferencje.pl\/sepolno-krajenskie\/palac-komierowo\"><span style=\"text-decoration: underline;\"><span class=\"has-inline-color has-vivid-cyan-blue-color\">Pa\u0142ac Komierowo<\/span><\/span><\/a><\/h2>\n\n\n\n<p><br>Jest to kolejny <strong>wyj\u0105tkowy obiekt w wojew\u00f3dztwie kujawsko-pomorskim<\/strong>, w kt\u00f3rym mo\u017cna mi\u0142o sp\u0119dzi\u0107 czas. Wyr\u00f3\u017cnia si\u0119 on luksusowym charakterem, kompleksow\u0105 oferta us\u0142ug oraz wspania\u0142\u0105 atmosfer\u0105. Te\u017c obok niego le\u017cy malowniczy rezerwat przyrody Boru Tucholskie. W obiekcie w doskona\u0142ych proporcjach innowacyjno\u015b\u0107 \u0142\u0105czy si\u0119 z tradycj\u0105, zapewniaj\u0105c \u015bwietne warunki zar\u00f3wno do pracy, jak i relaksu. Pa\u0142ac Komierowo do dyspozycji go\u015bci oddaje m.in. stref\u0119 wellness z przeszkol\u0105 saun\u0105, jacuzzi czy bogat\u0105 ofert\u0119 masa\u017cy. Czeka tam r\u00f3wnie\u017c 16 komfortowych pokoi wy\u015bmienita restauracja oraz szereg atrakcji, w\u015br\u00f3d kt\u00f3rych mo\u017cna wymieni\u0107 korty tenisowe, wypo\u017cyczalnie rower\u00f3w czy piwnic\u0119 win. Go\u015bcie biznesowi mog\u0105 z kolei liczy\u0107 na nowoczesn\u0105 sal\u0119 konferencyjn\u0105 dla 100 os\u00f3b.<\/p>\n\n\n\n<figure class=\"wp-block-image size-large\"><img loading=\"lazy\" decoding=\"async\" width=\"1024\" height=\"742\" src=\"https:\/\/www.mojekonferencje.pl\/blog\/wp-content\/uploads\/2023\/03\/komierowooooowowow-1024x742.jpg\" alt=\"\" class=\"wp-image-3684 lazyload\" data-srcset=\"https:\/\/www.mojekonferencje.pl\/blog\/wp-content\/uploads\/2023\/03\/komierowooooowowow-1024x742.jpg 1024w, https:\/\/www.mojekonferencje.pl\/blog\/wp-content\/uploads\/2023\/03\/komierowooooowowow-300x217.jpg 300w, https:\/\/www.mojekonferencje.pl\/blog\/wp-content\/uploads\/2023\/03\/komierowooooowowow-768x556.jpg 768w, https:\/\/www.mojekonferencje.pl\/blog\/wp-content\/uploads\/2023\/03\/komierowooooowowow-1536x1112.jpg 1536w, https:\/\/www.mojekonferencje.pl\/blog\/wp-content\/uploads\/2023\/03\/komierowooooowowow.jpg 2048w\" sizes=\"auto\" \/><\/figure>\n\n\n\n<h2 class=\"has-text-align-center wp-block-heading\"><a href=\"https:\/\/www.mojekonferencje.pl\/torun\/hotel-1231\"><span class=\"has-inline-color has-vivid-cyan-blue-color\"><span style=\"text-decoration: underline;\">Hotel 1231<\/span><\/span><\/a><\/h2>\n\n\n\n<p><br>Je\u015bli jeste\u015b mi\u0142o\u015bnikiem butikowych obiekt\u00f3w, charakteryzuj\u0105cych si\u0119 elegancj\u0105, to koniecznie musisz pozna\u0107 ten <strong>hotel w Toruniu<\/strong>. Mie\u015bci si\u0119 on tu\u017c obok toru\u0144skiej star\u00f3wki i niedaleko ruin Zamku Krzy\u017cackiego. Obiekt ten zapewnia \u015bwietn\u0105 przestrze\u0144 do relaksu i rozrywki. Go\u015bcie mog\u0105 liczy\u0107 m.in. na nowoczesn\u0105 si\u0142owni\u0119, saun\u0119 fi\u0144sk\u0105, kino 1410 czy symulator gry w golfa. Hotel 1231 ma w swojej ofercie 42 wygodne pokoje urz\u0105dzone w nowoczesnym stylu. Dodatkowo go\u015bcie mog\u0105 te\u017c liczy\u0107 na restauracj\u0119 4 Pory Roku oraz na klimatyczny Bar Gin O&#8217;clock. Hotel 1231 to tak\u017ce odpowiednie miejsce na organizacj\u0119 konferencji i szkole\u0144. Czekaj\u0105 tam nowoczesne sale biznesowe o profesjonalnym wyposa\u017ceniu multimedialnym.<\/p>\n\n\n\n<figure class=\"wp-block-image size-large\"><img loading=\"lazy\" decoding=\"async\" width=\"720\" height=\"470\" src=\"https:\/\/www.mojekonferencje.pl\/blog\/wp-content\/uploads\/2023\/03\/122222.jpg\" alt=\"\" class=\"wp-image-3685 lazyload\" data-srcset=\"https:\/\/www.mojekonferencje.pl\/blog\/wp-content\/uploads\/2023\/03\/122222.jpg 720w, https:\/\/www.mojekonferencje.pl\/blog\/wp-content\/uploads\/2023\/03\/122222-300x196.jpg 300w\" sizes=\"auto\" \/><\/figure>\n\n\n\n<h2 class=\"has-text-align-center wp-block-heading\"><a href=\"https:\/\/www.mojekonferencje.pl\/ciechocinek\/akacja-medical-resort\"><span class=\"has-inline-color has-vivid-cyan-blue-color\"><span style=\"text-decoration: underline;\">Akacja Medical Resort<\/span><\/span><\/a><\/h2>\n\n\n\n<p><br>Zestawienie to zamyka wyj\u0105tkowy <strong>hotel w Ciechocinku<\/strong>. To zdecydowanie jeden z najbardziej nowoczesnych obiekt\u00f3w sanatoryjno-wypoczynkowych w tym regionie. Zaraz obok niego mie\u015bci si\u0119 malowniczy Park Sosnowy, gdzie mo\u017cna mi\u0142o sp\u0119dzi\u0107 czas na \u015bwie\u017cym powietrzu. \u00d3w obiekt do dyspozycji go\u015bci oddaje bogat\u0105 ofert\u0119 zabieg\u00f3w rehabilitacyjnych oraz relaksacyjnych, w tym zabiegi z zakresu fizykoterapii i kinezyterapii. Ponadto Akacja Medical Resort do dyspozycji go\u015bci oddaje te\u017c 35 jasnych i du\u017cych pokoi, w kt\u00f3rych mo\u017cna efektywnie wypocz\u0105\u0107. Polecamy r\u00f3wnie\u017c fantastyczn\u0105 Restauracj\u0119 Akacja znajduj\u0105c\u0105 si\u0119 w obiekcie oraz urokliw\u0105 Akacja Cafe. Na wyr\u00f3\u017cnienie zas\u0142uguje te\u017c fakt, i\u017c obiekt sprzyja organizacji spotka\u0144 biznesowych. Oferuje on dwie sale konferencyjne &#8211; na 8 i 135 os\u00f3b w ustawieniu teatralnym.<\/p>\n\n\n\n<figure class=\"wp-block-image size-large\"><img loading=\"lazy\" decoding=\"async\" width=\"1024\" height=\"668\" src=\"https:\/\/www.mojekonferencje.pl\/blog\/wp-content\/uploads\/2023\/03\/mediczzz-1024x668.jpg\" alt=\"\" class=\"wp-image-3686 lazyload\" data-srcset=\"https:\/\/www.mojekonferencje.pl\/blog\/wp-content\/uploads\/2023\/03\/mediczzz-1024x668.jpg 1024w, https:\/\/www.mojekonferencje.pl\/blog\/wp-content\/uploads\/2023\/03\/mediczzz-300x196.jpg 300w, https:\/\/www.mojekonferencje.pl\/blog\/wp-content\/uploads\/2023\/03\/mediczzz-768x501.jpg 768w, https:\/\/www.mojekonferencje.pl\/blog\/wp-content\/uploads\/2023\/03\/mediczzz.jpg 1107w\" sizes=\"auto\" \/><\/figure>\n","protected":false},"excerpt":{"rendered":"<p>Prezentujemy najciekawsze hotele SPA z wojew\u00f3dztwa kujawsko-pomorskiego. Warto przyjrze\u0107 si\u0119 ich ofertom i zorganizowa\u0107 wyjazd firmowy w jednym z nich, zapewniaj\u0105c swoim go\u015bciom przy okazji konferencji chwil\u0119 relaksu pod okiem specjalist\u00f3w w gabinetach SPA. <\/p>\n","protected":false},"author":19,"featured_media":2717,"comment_status":"closed","ping_status":"closed","sticky":false,"template":"","format":"standard","meta":{"_acf_changed":false,"footnotes":""},"categories":[12,11,175],"tags":[271,117,186],"class_list":["post-1474","post","type-post","status-publish","format-standard","has-post-thumbnail","hentry","category-nietypowe-konferencje","category-konferencyjny-relaks","category-wybieranie-miejsca-konferencyjnego","tag-hotele-konferencyjne","tag-osrodki-spa","tag-wyjazd-firmowy"],"acf":[],"yoast_head":"<!-- This site is optimized with the Yoast SEO plugin v27.1.1 - https:\/\/yoast.com\/product\/yoast-seo-wordpress\/ -->\n<title>Hotele SPA w wojew\u00f3dztwie kujawsko-pomorskim - blog | MojeKonferencje.pl<\/title>\n<meta name=\"description\" content=\"Hotele SPA w wojew\u00f3dztwie kujawsko-pomorskim - blog | MojeKonferencje.pl\" \/>\n<meta name=\"robots\" content=\"index, follow, max-snippet:-1, max-image-preview:large, max-video-preview:-1\" \/>\n<link rel=\"canonical\" href=\"https:\/\/www.mojekonferencje.pl\/blog\/hotele-spa-w-wojewodztwie-kujawsko-pomorskim\/\" \/>\n<meta property=\"og:locale\" content=\"pl_PL\" \/>\n<meta property=\"og:type\" content=\"article\" \/>\n<meta property=\"og:title\" content=\"Hotele SPA w wojew\u00f3dztwie kujawsko-pomorskim - blog | MojeKonferencje.pl\" \/>\n<meta property=\"og:description\" content=\"Hotele SPA w wojew\u00f3dztwie kujawsko-pomorskim - blog | MojeKonferencje.pl\" \/>\n<meta property=\"og:url\" content=\"https:\/\/www.mojekonferencje.pl\/blog\/hotele-spa-w-wojewodztwie-kujawsko-pomorskim\/\" \/>\n<meta property=\"og:site_name\" content=\"MojeKonferencje.pl\" \/>\n<meta property=\"article:published_time\" content=\"2019-08-14T13:39:18+00:00\" \/>\n<meta property=\"article:modified_time\" content=\"2024-05-07T09:51:52+00:00\" \/>\n<meta property=\"og:image\" content=\"https:\/\/www.mojekonferencje.pl\/blog\/wp-content\/uploads\/2019\/08\/Fotoram.io-9.jpg\" \/>\n\t<meta property=\"og:image:width\" content=\"1200\" \/>\n\t<meta property=\"og:image:height\" content=\"720\" \/>\n\t<meta property=\"og:image:type\" content=\"image\/jpeg\" \/>\n<meta name=\"author\" content=\"Dariusz\" \/>\n<meta name=\"twitter:card\" content=\"summary_large_image\" \/>\n<meta name=\"twitter:label1\" content=\"Napisane przez\" \/>\n\t<meta name=\"twitter:data1\" content=\"Dariusz\" \/>\n\t<meta name=\"twitter:label2\" content=\"Szacowany czas czytania\" \/>\n\t<meta name=\"twitter:data2\" content=\"9 minut\" \/>\n<script type=\"application\/ld+json\" class=\"yoast-schema-graph\">{\"@context\":\"https:\/\/schema.org\",\"@graph\":[{\"@type\":\"Article\",\"@id\":\"https:\/\/www.mojekonferencje.pl\/blog\/hotele-spa-w-wojewodztwie-kujawsko-pomorskim\/#article\",\"isPartOf\":{\"@id\":\"https:\/\/www.mojekonferencje.pl\/blog\/hotele-spa-w-wojewodztwie-kujawsko-pomorskim\/\"},\"author\":{\"name\":\"Dariusz\",\"@id\":\"https:\/\/www.mojekonferencje.pl\/blog\/#\/schema\/person\/f6a9852e382cc622bf711fb66bca5b94\"},\"headline\":\"Hotele SPA w wojew\u00f3dztwie kujawsko-pomorskim\",\"datePublished\":\"2019-08-14T13:39:18+00:00\",\"dateModified\":\"2024-05-07T09:51:52+00:00\",\"mainEntityOfPage\":{\"@id\":\"https:\/\/www.mojekonferencje.pl\/blog\/hotele-spa-w-wojewodztwie-kujawsko-pomorskim\/\"},\"wordCount\":1741,\"image\":{\"@id\":\"https:\/\/www.mojekonferencje.pl\/blog\/hotele-spa-w-wojewodztwie-kujawsko-pomorskim\/#primaryimage\"},\"thumbnailUrl\":\"https:\/\/www.mojekonferencje.pl\/blog\/wp-content\/uploads\/2019\/08\/Fotoram.io-9.jpg\",\"keywords\":[\"hotele konferencyjne\",\"o\u015brodki SPA\",\"wyjazd firmowy\"],\"articleSection\":[\"(Nie)typowe konferencje\",\"Konferencyjny relaks\",\"Wybieranie miejsca konferencyjnego\"],\"inLanguage\":\"pl-PL\"},{\"@type\":\"WebPage\",\"@id\":\"https:\/\/www.mojekonferencje.pl\/blog\/hotele-spa-w-wojewodztwie-kujawsko-pomorskim\/\",\"url\":\"https:\/\/www.mojekonferencje.pl\/blog\/hotele-spa-w-wojewodztwie-kujawsko-pomorskim\/\",\"name\":\"Hotele SPA w wojew\u00f3dztwie kujawsko-pomorskim - blog | MojeKonferencje.pl\",\"isPartOf\":{\"@id\":\"https:\/\/www.mojekonferencje.pl\/blog\/#website\"},\"primaryImageOfPage\":{\"@id\":\"https:\/\/www.mojekonferencje.pl\/blog\/hotele-spa-w-wojewodztwie-kujawsko-pomorskim\/#primaryimage\"},\"image\":{\"@id\":\"https:\/\/www.mojekonferencje.pl\/blog\/hotele-spa-w-wojewodztwie-kujawsko-pomorskim\/#primaryimage\"},\"thumbnailUrl\":\"https:\/\/www.mojekonferencje.pl\/blog\/wp-content\/uploads\/2019\/08\/Fotoram.io-9.jpg\",\"datePublished\":\"2019-08-14T13:39:18+00:00\",\"dateModified\":\"2024-05-07T09:51:52+00:00\",\"author\":{\"@id\":\"https:\/\/www.mojekonferencje.pl\/blog\/#\/schema\/person\/f6a9852e382cc622bf711fb66bca5b94\"},\"description\":\"Hotele SPA w wojew\u00f3dztwie kujawsko-pomorskim - blog | MojeKonferencje.pl\",\"breadcrumb\":{\"@id\":\"https:\/\/www.mojekonferencje.pl\/blog\/hotele-spa-w-wojewodztwie-kujawsko-pomorskim\/#breadcrumb\"},\"inLanguage\":\"pl-PL\",\"potentialAction\":[{\"@type\":\"ReadAction\",\"target\":[\"https:\/\/www.mojekonferencje.pl\/blog\/hotele-spa-w-wojewodztwie-kujawsko-pomorskim\/\"]}]},{\"@type\":\"ImageObject\",\"inLanguage\":\"pl-PL\",\"@id\":\"https:\/\/www.mojekonferencje.pl\/blog\/hotele-spa-w-wojewodztwie-kujawsko-pomorskim\/#primaryimage\",\"url\":\"https:\/\/www.mojekonferencje.pl\/blog\/wp-content\/uploads\/2019\/08\/Fotoram.io-9.jpg\",\"contentUrl\":\"https:\/\/www.mojekonferencje.pl\/blog\/wp-content\/uploads\/2019\/08\/Fotoram.io-9.jpg\",\"width\":1200,\"height\":720},{\"@type\":\"BreadcrumbList\",\"@id\":\"https:\/\/www.mojekonferencje.pl\/blog\/hotele-spa-w-wojewodztwie-kujawsko-pomorskim\/#breadcrumb\",\"itemListElement\":[{\"@type\":\"ListItem\",\"position\":1,\"name\":\"Strona g\u0142\u00f3wna\",\"item\":\"https:\/\/www.mojekonferencje.pl\/blog\/\"},{\"@type\":\"ListItem\",\"position\":2,\"name\":\"Hotele SPA w wojew\u00f3dztwie kujawsko-pomorskim\"}]},{\"@type\":\"WebSite\",\"@id\":\"https:\/\/www.mojekonferencje.pl\/blog\/#website\",\"url\":\"https:\/\/www.mojekonferencje.pl\/blog\/\",\"name\":\"MojeKonferencje.pl\",\"description\":\"Blog bran\u017cy szkoleniowo-konferencyjnej. W\u0142\u0105cz si\u0119 do dyskusji o obiektach konferencyjnych i nowo\u015bciach z bran\u017cy! Poznaj porady odno\u015bnie organizacji konferencji, szkole\u0144 i event\u00f3w firmowych! Zach\u0119camy do wyra\u017cania opinii oraz komentarzy.\",\"potentialAction\":[{\"@type\":\"SearchAction\",\"target\":{\"@type\":\"EntryPoint\",\"urlTemplate\":\"https:\/\/www.mojekonferencje.pl\/blog\/?s={search_term_string}\"},\"query-input\":{\"@type\":\"PropertyValueSpecification\",\"valueRequired\":true,\"valueName\":\"search_term_string\"}}],\"inLanguage\":\"pl-PL\"},{\"@type\":\"Person\",\"@id\":\"https:\/\/www.mojekonferencje.pl\/blog\/#\/schema\/person\/f6a9852e382cc622bf711fb66bca5b94\",\"name\":\"Dariusz\",\"url\":\"https:\/\/www.mojekonferencje.pl\/blog\/author\/dareko\/\"}]}<\/script>\n<!-- \/ Yoast SEO plugin. -->","yoast_head_json":{"title":"Hotele SPA w wojew\u00f3dztwie kujawsko-pomorskim - blog | MojeKonferencje.pl","description":"Hotele SPA w wojew\u00f3dztwie kujawsko-pomorskim - blog | MojeKonferencje.pl","robots":{"index":"index","follow":"follow","max-snippet":"max-snippet:-1","max-image-preview":"max-image-preview:large","max-video-preview":"max-video-preview:-1"},"canonical":"https:\/\/www.mojekonferencje.pl\/blog\/hotele-spa-w-wojewodztwie-kujawsko-pomorskim\/","og_locale":"pl_PL","og_type":"article","og_title":"Hotele SPA w wojew\u00f3dztwie kujawsko-pomorskim - blog | MojeKonferencje.pl","og_description":"Hotele SPA w wojew\u00f3dztwie kujawsko-pomorskim - blog | MojeKonferencje.pl","og_url":"https:\/\/www.mojekonferencje.pl\/blog\/hotele-spa-w-wojewodztwie-kujawsko-pomorskim\/","og_site_name":"MojeKonferencje.pl","article_published_time":"2019-08-14T13:39:18+00:00","article_modified_time":"2024-05-07T09:51:52+00:00","og_image":[{"width":1200,"height":720,"url":"https:\/\/www.mojekonferencje.pl\/blog\/wp-content\/uploads\/2019\/08\/Fotoram.io-9.jpg","type":"image\/jpeg"}],"author":"Dariusz","twitter_card":"summary_large_image","twitter_misc":{"Napisane przez":"Dariusz","Szacowany czas czytania":"9 minut"},"schema":{"@context":"https:\/\/schema.org","@graph":[{"@type":"Article","@id":"https:\/\/www.mojekonferencje.pl\/blog\/hotele-spa-w-wojewodztwie-kujawsko-pomorskim\/#article","isPartOf":{"@id":"https:\/\/www.mojekonferencje.pl\/blog\/hotele-spa-w-wojewodztwie-kujawsko-pomorskim\/"},"author":{"name":"Dariusz","@id":"https:\/\/www.mojekonferencje.pl\/blog\/#\/schema\/person\/f6a9852e382cc622bf711fb66bca5b94"},"headline":"Hotele SPA w wojew\u00f3dztwie kujawsko-pomorskim","datePublished":"2019-08-14T13:39:18+00:00","dateModified":"2024-05-07T09:51:52+00:00","mainEntityOfPage":{"@id":"https:\/\/www.mojekonferencje.pl\/blog\/hotele-spa-w-wojewodztwie-kujawsko-pomorskim\/"},"wordCount":1741,"image":{"@id":"https:\/\/www.mojekonferencje.pl\/blog\/hotele-spa-w-wojewodztwie-kujawsko-pomorskim\/#primaryimage"},"thumbnailUrl":"https:\/\/www.mojekonferencje.pl\/blog\/wp-content\/uploads\/2019\/08\/Fotoram.io-9.jpg","keywords":["hotele konferencyjne","o\u015brodki SPA","wyjazd firmowy"],"articleSection":["(Nie)typowe konferencje","Konferencyjny relaks","Wybieranie miejsca konferencyjnego"],"inLanguage":"pl-PL"},{"@type":"WebPage","@id":"https:\/\/www.mojekonferencje.pl\/blog\/hotele-spa-w-wojewodztwie-kujawsko-pomorskim\/","url":"https:\/\/www.mojekonferencje.pl\/blog\/hotele-spa-w-wojewodztwie-kujawsko-pomorskim\/","name":"Hotele SPA w wojew\u00f3dztwie kujawsko-pomorskim - blog | MojeKonferencje.pl","isPartOf":{"@id":"https:\/\/www.mojekonferencje.pl\/blog\/#website"},"primaryImageOfPage":{"@id":"https:\/\/www.mojekonferencje.pl\/blog\/hotele-spa-w-wojewodztwie-kujawsko-pomorskim\/#primaryimage"},"image":{"@id":"https:\/\/www.mojekonferencje.pl\/blog\/hotele-spa-w-wojewodztwie-kujawsko-pomorskim\/#primaryimage"},"thumbnailUrl":"https:\/\/www.mojekonferencje.pl\/blog\/wp-content\/uploads\/2019\/08\/Fotoram.io-9.jpg","datePublished":"2019-08-14T13:39:18+00:00","dateModified":"2024-05-07T09:51:52+00:00","author":{"@id":"https:\/\/www.mojekonferencje.pl\/blog\/#\/schema\/person\/f6a9852e382cc622bf711fb66bca5b94"},"description":"Hotele SPA w wojew\u00f3dztwie kujawsko-pomorskim - blog | MojeKonferencje.pl","breadcrumb":{"@id":"https:\/\/www.mojekonferencje.pl\/blog\/hotele-spa-w-wojewodztwie-kujawsko-pomorskim\/#breadcrumb"},"inLanguage":"pl-PL","potentialAction":[{"@type":"ReadAction","target":["https:\/\/www.mojekonferencje.pl\/blog\/hotele-spa-w-wojewodztwie-kujawsko-pomorskim\/"]}]},{"@type":"ImageObject","inLanguage":"pl-PL","@id":"https:\/\/www.mojekonferencje.pl\/blog\/hotele-spa-w-wojewodztwie-kujawsko-pomorskim\/#primaryimage","url":"https:\/\/www.mojekonferencje.pl\/blog\/wp-content\/uploads\/2019\/08\/Fotoram.io-9.jpg","contentUrl":"https:\/\/www.mojekonferencje.pl\/blog\/wp-content\/uploads\/2019\/08\/Fotoram.io-9.jpg","width":1200,"height":720},{"@type":"BreadcrumbList","@id":"https:\/\/www.mojekonferencje.pl\/blog\/hotele-spa-w-wojewodztwie-kujawsko-pomorskim\/#breadcrumb","itemListElement":[{"@type":"ListItem","position":1,"name":"Strona g\u0142\u00f3wna","item":"https:\/\/www.mojekonferencje.pl\/blog\/"},{"@type":"ListItem","position":2,"name":"Hotele SPA w wojew\u00f3dztwie kujawsko-pomorskim"}]},{"@type":"WebSite","@id":"https:\/\/www.mojekonferencje.pl\/blog\/#website","url":"https:\/\/www.mojekonferencje.pl\/blog\/","name":"MojeKonferencje.pl","description":"Blog bran\u017cy szkoleniowo-konferencyjnej. W\u0142\u0105cz si\u0119 do dyskusji o obiektach konferencyjnych i nowo\u015bciach z bran\u017cy! Poznaj porady odno\u015bnie organizacji konferencji, szkole\u0144 i event\u00f3w firmowych! Zach\u0119camy do wyra\u017cania opinii oraz komentarzy.","potentialAction":[{"@type":"SearchAction","target":{"@type":"EntryPoint","urlTemplate":"https:\/\/www.mojekonferencje.pl\/blog\/?s={search_term_string}"},"query-input":{"@type":"PropertyValueSpecification","valueRequired":true,"valueName":"search_term_string"}}],"inLanguage":"pl-PL"},{"@type":"Person","@id":"https:\/\/www.mojekonferencje.pl\/blog\/#\/schema\/person\/f6a9852e382cc622bf711fb66bca5b94","name":"Dariusz","url":"https:\/\/www.mojekonferencje.pl\/blog\/author\/dareko\/"}]}},"_links":{"self":[{"href":"https:\/\/www.mojekonferencje.pl\/blog\/wp-json\/wp\/v2\/posts\/1474","targetHints":{"allow":["GET"]}}],"collection":[{"href":"https:\/\/www.mojekonferencje.pl\/blog\/wp-json\/wp\/v2\/posts"}],"about":[{"href":"https:\/\/www.mojekonferencje.pl\/blog\/wp-json\/wp\/v2\/types\/post"}],"author":[{"embeddable":true,"href":"https:\/\/www.mojekonferencje.pl\/blog\/wp-json\/wp\/v2\/users\/19"}],"replies":[{"embeddable":true,"href":"https:\/\/www.mojekonferencje.pl\/blog\/wp-json\/wp\/v2\/comments?post=1474"}],"version-history":[{"count":13,"href":"https:\/\/www.mojekonferencje.pl\/blog\/wp-json\/wp\/v2\/posts\/1474\/revisions"}],"predecessor-version":[{"id":3910,"href":"https:\/\/www.mojekonferencje.pl\/blog\/wp-json\/wp\/v2\/posts\/1474\/revisions\/3910"}],"wp:featuredmedia":[{"embeddable":true,"href":"https:\/\/www.mojekonferencje.pl\/blog\/wp-json\/wp\/v2\/media\/2717"}],"wp:attachment":[{"href":"https:\/\/www.mojekonferencje.pl\/blog\/wp-json\/wp\/v2\/media?parent=1474"}],"wp:term":[{"taxonomy":"category","embeddable":true,"href":"https:\/\/www.mojekonferencje.pl\/blog\/wp-json\/wp\/v2\/categories?post=1474"},{"taxonomy":"post_tag","embeddable":true,"href":"https:\/\/www.mojekonferencje.pl\/blog\/wp-json\/wp\/v2\/tags?post=1474"}],"curies":[{"name":"wp","href":"https:\/\/api.w.org\/{rel}","templated":true}]}}