{"id":1995,"date":"2020-08-31T13:19:47","date_gmt":"2020-08-31T11:19:47","guid":{"rendered":"https:\/\/www.mojekonferencje.pl\/blog\/?p=1995"},"modified":"2024-05-07T11:51:52","modified_gmt":"2024-05-07T09:51:52","slug":"od-bydgoszczy-do-torunia-konferencyjne-stolice-wojewodztwa-kujawsko-pomorskiego","status":"publish","type":"post","link":"https:\/\/www.mojekonferencje.pl\/blog\/od-bydgoszczy-do-torunia-konferencyjne-stolice-wojewodztwa-kujawsko-pomorskiego\/","title":{"rendered":"Od Bydgoszczy do Torunia &#8211; konferencyjne stolice wojew\u00f3dztwa kujawsko-pomorskiego"},"content":{"rendered":"<p align=\"justify\"><strong>Wojew\u00f3dztwo kujawsko-pomorskie dzi\u0119ki swojemu po\u0142o\u017ceniu w centralnym pasie Polski, cieszy si\u0119 popularno\u015bci\u0105 zar\u00f3wno w\u015br\u00f3d mieszka\u0144c\u00f3w i przedsi\u0119biorc\u00f3w z zachodniej, jak i wschodniej cz\u0119\u015bci kraju. Na spotkania organizowane w Toruniu i Bydgoszczy sprawnie mog\u0105 bowiem dojecha\u0107 i mieszka\u0144cy Poznania, i Warszawy, i \u0141odzi, i Tr\u00f3jmiasta i wielu innych wi\u0119kszych czy mniejszych miast.<\/strong><\/p>\n\n<p align=\"justify\">Dzisiaj chcemy Wam zaprezentowa\u0107 nasze propozycje na organizacj\u0119 konferencji lub szkolenia w stolicach woj. kujawsko-pomorskiego. Je\u015bli ten temat i ten region Was interesuje, to zapraszamy!<\/p>\n\n\n<h2 class=\"has-text-align-center wp-block-heading\">TORU\u0143 &#8211; miasto Kopernika i piernika<\/h2>\n\n\n\n<p><\/p>\n\n\n\n<h3 class=\"has-text-align-center wp-block-heading\">1. <a href=\"https:\/\/www.mojekonferencje.pl\/torun\/przystanek-torun\" target=\"_blank\" aria-label=\"undefined (opens in a new tab)\" rel=\"noreferrer noopener\">Przystanek Toru\u0144<\/a><\/h3>\n\n\n<p align=\"justify\">Przy Ch\u0142opickiego 4 w Toruniu znajduje si\u0119 <strong>hotel, hostel, restauracja i sale konferencyjne w jednym<\/strong>. Lokalizacja w centrum miasta sprawia, \u017ce obiekt cieszy si\u0119 du\u017c\u0105 popularno\u015bci\u0105. W swojej ofercie posiada 130 miejsc noclegowych, 40 miejsc parkingowych i kilka sal wielofunkcyjnych. Organizowane s\u0105 i kameralne spotkania dla 20 os\u00f3b, i przyj\u0119cia w Sali Balowej na 200 os\u00f3b.<\/p>\n\n\n<figure class=\"wp-block-image size-large\"><img loading=\"lazy\" decoding=\"async\" width=\"1024\" height=\"683\" src=\"https:\/\/www.mojekonferencje.pl\/blog\/wp-content\/uploads\/2020\/08\/128-1024x683.jpg\" alt=\"\" class=\"wp-image-1999 lazyload\" data-srcset=\"https:\/\/www.mojekonferencje.pl\/blog\/wp-content\/uploads\/2020\/08\/128-1024x683.jpg 1024w, https:\/\/www.mojekonferencje.pl\/blog\/wp-content\/uploads\/2020\/08\/128-300x200.jpg 300w, https:\/\/www.mojekonferencje.pl\/blog\/wp-content\/uploads\/2020\/08\/128-768x512.jpg 768w, https:\/\/www.mojekonferencje.pl\/blog\/wp-content\/uploads\/2020\/08\/128-1536x1024.jpg 1536w, https:\/\/www.mojekonferencje.pl\/blog\/wp-content\/uploads\/2020\/08\/128.jpg 1920w\" sizes=\"auto\" \/><\/figure>\n\n\n\n<h3 class=\"has-text-align-center wp-block-heading\">2. <a href=\"https:\/\/www.mojekonferencje.pl\/torun\/hotel-mercure-torun\" target=\"_blank\" aria-label=\"undefined (opens in a new tab)\" rel=\"noreferrer noopener\">Hotel Mercure Toru\u0144 Centrum<\/a><\/h3>\n\n\n<p align=\"justify\">4-gwiazdkowy hotel pod szyldem znanej marki mi\u0119dzynarodowej oferuje organizatorom spotka\u0144 biznesowych kilka sal konferencyjnych w kosmicznym klimacie. Dlaczego kosmicznym?<strong> Sale nosz\u0105 nazwy planet.<\/strong> Mamy tu wi\u0119c i Saturna, i Jowisza, i Merkurego, i Wenus, i Marsa, i Neptuna. Obiekt znajduje si\u0119 w bezpo\u015brednim s\u0105siedztwie Starego Miasta, czyli w samym sercu <a href=\"https:\/\/www.mojekonferencje.pl\/sale-konferencyjne-torun\">Torunia<\/a>.<\/p>\n\n\n<figure class=\"wp-block-image size-large\"><img loading=\"lazy\" decoding=\"async\" width=\"1024\" height=\"660\" src=\"https:\/\/www.mojekonferencje.pl\/blog\/wp-content\/uploads\/2020\/08\/mercure-torun-twin-room-1024x660.jpg\" alt=\"\" class=\"wp-image-2001 lazyload\" data-srcset=\"https:\/\/www.mojekonferencje.pl\/blog\/wp-content\/uploads\/2020\/08\/mercure-torun-twin-room-1024x660.jpg 1024w, https:\/\/www.mojekonferencje.pl\/blog\/wp-content\/uploads\/2020\/08\/mercure-torun-twin-room-300x193.jpg 300w, https:\/\/www.mojekonferencje.pl\/blog\/wp-content\/uploads\/2020\/08\/mercure-torun-twin-room-768x495.jpg 768w, https:\/\/www.mojekonferencje.pl\/blog\/wp-content\/uploads\/2020\/08\/mercure-torun-twin-room-1536x991.jpg 1536w, https:\/\/www.mojekonferencje.pl\/blog\/wp-content\/uploads\/2020\/08\/mercure-torun-twin-room-2048x1321.jpg 2048w\" sizes=\"auto\" \/><\/figure>\n\n\n\n<h3 class=\"has-text-align-center wp-block-heading\">3. <a href=\"https:\/\/www.mojekonferencje.pl\/torun\/copernicus-torun-hotel\" target=\"_blank\" aria-label=\"undefined (opens in a new tab)\" rel=\"noreferrer noopener\">Copernicus Toru\u0144 Hotel<\/a><\/h3>\n\n\n<p align=\"justify\">Nowoczesne i rozbudowane zaplecze konferencyjne czeka na klient\u00f3w biznesowych i organizator\u00f3w wydarze\u0144 firmowych. Opr\u00f3cz zr\u00f3\u017cnicowanych pod k\u0105tem wielko\u015bci powierzchni sal, Copernicus Toru\u0144 Hotel posiada w swojej ofercie r\u00f3wnie\u017c <strong>ca\u0142oroczny, przeszklony namiot konferencyjno-bankietowy ATLANTIS<\/strong> o pow. 600 m2. Pomie\u015bci kilkaset os\u00f3b Du\u017cym plusem jest mo\u017cliwo\u015b\u0107 wprowadzenia do sal aut osobowych.<\/p>\n\n\n<figure class=\"wp-block-image size-large\"><img loading=\"lazy\" decoding=\"async\" width=\"1024\" height=\"576\" src=\"https:\/\/www.mojekonferencje.pl\/blog\/wp-content\/uploads\/2020\/08\/rzut-z-lotu-ptaka-popr-1024x576.jpg\" alt=\"\" class=\"wp-image-2002 lazyload\" data-srcset=\"https:\/\/www.mojekonferencje.pl\/blog\/wp-content\/uploads\/2020\/08\/rzut-z-lotu-ptaka-popr-1024x576.jpg 1024w, https:\/\/www.mojekonferencje.pl\/blog\/wp-content\/uploads\/2020\/08\/rzut-z-lotu-ptaka-popr-300x169.jpg 300w, https:\/\/www.mojekonferencje.pl\/blog\/wp-content\/uploads\/2020\/08\/rzut-z-lotu-ptaka-popr-768x432.jpg 768w, https:\/\/www.mojekonferencje.pl\/blog\/wp-content\/uploads\/2020\/08\/rzut-z-lotu-ptaka-popr-1536x864.jpg 1536w, https:\/\/www.mojekonferencje.pl\/blog\/wp-content\/uploads\/2020\/08\/rzut-z-lotu-ptaka-popr-2048x1152.jpg 2048w, https:\/\/www.mojekonferencje.pl\/blog\/wp-content\/uploads\/2020\/08\/rzut-z-lotu-ptaka-popr-640x360.jpg 640w, https:\/\/www.mojekonferencje.pl\/blog\/wp-content\/uploads\/2020\/08\/rzut-z-lotu-ptaka-popr-320x180.jpg 320w, https:\/\/www.mojekonferencje.pl\/blog\/wp-content\/uploads\/2020\/08\/rzut-z-lotu-ptaka-popr-480x270.jpg 480w, https:\/\/www.mojekonferencje.pl\/blog\/wp-content\/uploads\/2020\/08\/rzut-z-lotu-ptaka-popr-960x540.jpg 960w, https:\/\/www.mojekonferencje.pl\/blog\/wp-content\/uploads\/2020\/08\/rzut-z-lotu-ptaka-popr-1280x720.jpg 1280w, https:\/\/www.mojekonferencje.pl\/blog\/wp-content\/uploads\/2020\/08\/rzut-z-lotu-ptaka-popr-1600x900.jpg 1600w, https:\/\/www.mojekonferencje.pl\/blog\/wp-content\/uploads\/2020\/08\/rzut-z-lotu-ptaka-popr-1920x1080.jpg 1920w\" sizes=\"auto\" \/><\/figure>\n\n\n\n<h2 class=\"has-text-align-center wp-block-heading\">BYDGOSZCZ &#8211; o\u015brodek przemys\u0142u, handlu i logistyki<\/h2>\n\n\n\n<p><\/p>\n\n\n\n<h3 class=\"has-text-align-center wp-block-heading\">4. <a href=\"https:\/\/www.mojekonferencje.pl\/bydgoszcz\/hotel-campanile-bydgoszcz\" target=\"_blank\" aria-label=\"undefined (opens in a new tab)\" rel=\"noreferrer noopener\">Hotel Campanile Bydgoszcz***<\/a><\/h3>\n\n\n<p align=\"justify\">Organizuj\u0105c wydarzenie w tym hotelu, od razu wiemy, \u017ce jeste\u015bmy w <a href=\"https:\/\/www.mojekonferencje.pl\/sale-konferencyjne-bydgoszcz\" target=\"_blank\" rel=\"noopener noreferrer\">Bydgoszczy<\/a>. Wskazuj\u0105 nam na to nazwy sal konferencyjnych: Wis\u0142a i Brda. Przez stolic\u0119 woj. kujawsko-pomorskiego przep\u0142ywaj\u0105 bowiem dwie rzeki. <strong>Sale mo\u017cna ze sob\u0105 po\u0142\u0105czy\u0107<\/strong>, co daje organizatorom wi\u0119ksze mo\u017cliwo\u015bci aran\u017cacyjne. Jest to jednak hotel na mniejsze wydarzenia &#8211; do 80 os\u00f3b. Marka nale\u017c\u0105ca do sieci Louvre Hotels Group jest gwarancj\u0105 profesjonalizmu, przyjaznej obs\u0142ugi i komfortowych wn\u0119trz. Hotel mie\u015bci si\u0119 w centrum miasta.<\/p>\n\n\n<figure class=\"wp-block-image size-large\"><img loading=\"lazy\" decoding=\"async\" width=\"1024\" height=\"683\" src=\"https:\/\/www.mojekonferencje.pl\/blog\/wp-content\/uploads\/2020\/08\/60996452_XXL-1024x683.jpg\" alt=\"\" class=\"wp-image-2003 lazyload\" data-srcset=\"https:\/\/www.mojekonferencje.pl\/blog\/wp-content\/uploads\/2020\/08\/60996452_XXL-1024x683.jpg 1024w, https:\/\/www.mojekonferencje.pl\/blog\/wp-content\/uploads\/2020\/08\/60996452_XXL-300x200.jpg 300w, https:\/\/www.mojekonferencje.pl\/blog\/wp-content\/uploads\/2020\/08\/60996452_XXL-768x513.jpg 768w, https:\/\/www.mojekonferencje.pl\/blog\/wp-content\/uploads\/2020\/08\/60996452_XXL.jpg 1500w\" sizes=\"auto\" \/><\/figure>\n\n\n\n<h3 class=\"has-text-align-center wp-block-heading\">5. <a href=\"https:\/\/www.mojekonferencje.pl\/bydgoszcz\/hotel-ikar-\" target=\"_blank\" aria-label=\"undefined (opens in a new tab)\" rel=\"noreferrer noopener\">Hotel Ikar<\/a><\/h3>\n\n\n<p align=\"justify\">Klimatyzowane sale konferencyjne i 99 nowoczesnych pokoi w kilku wariantach do wyboru to nie jedyne atuty tego 3-gwiazdkowego hotelu. W ofercie r\u00f3wnie\u017c wysokiej klasy apartamenty, <strong>Restauracja Szafran<\/strong> z przepysznymi daniami oraz wsp\u00f3lne zaj\u0119cia sportowe, kt\u00f3re mog\u0105 by\u0107 doskona\u0142\u0105 okazj\u0105 do zintegrowania uczestnik\u00f3w eventu.<\/p>\n\n\n<figure class=\"wp-block-image size-large\"><img loading=\"lazy\" decoding=\"async\" width=\"1024\" height=\"684\" src=\"https:\/\/www.mojekonferencje.pl\/blog\/wp-content\/uploads\/2020\/08\/dsc-0635-1024x684.jpg\" alt=\"\" class=\"wp-image-2004 lazyload\" data-srcset=\"https:\/\/www.mojekonferencje.pl\/blog\/wp-content\/uploads\/2020\/08\/dsc-0635-1024x684.jpg 1024w, https:\/\/www.mojekonferencje.pl\/blog\/wp-content\/uploads\/2020\/08\/dsc-0635-300x200.jpg 300w, https:\/\/www.mojekonferencje.pl\/blog\/wp-content\/uploads\/2020\/08\/dsc-0635-768x513.jpg 768w, https:\/\/www.mojekonferencje.pl\/blog\/wp-content\/uploads\/2020\/08\/dsc-0635-1536x1025.jpg 1536w, https:\/\/www.mojekonferencje.pl\/blog\/wp-content\/uploads\/2020\/08\/dsc-0635.jpg 1805w\" sizes=\"auto\" \/><\/figure>\n\n\n\n<h3 class=\"has-text-align-center wp-block-heading\">6. <a href=\"https:\/\/www.mojekonferencje.pl\/bydgoszcz\/city-hotel\" target=\"_blank\" aria-label=\"undefined (opens in a new tab)\" rel=\"noreferrer noopener\">City Hotel<\/a><\/h3>\n\n\n<p align=\"justify\">Na ul. 3 Maja znajduje si\u0119 City Hotel, kt\u00f3ry posiada<strong> rozbudowane zaplecze biznesowe<\/strong>. Organizatorzy maj\u0105 du\u017ce pole do popisu, je\u015bli chodzi o aran\u017cacj\u0119 przestrzeni. W City Hotelu bowiem znajduj\u0105 si\u0119 <strong>sale modu\u0142owe,<\/strong> kt\u00f3re mo\u017cna ze sob\u0105 \u0142\u0105czy\u0107 w kilku konfiguracjach. City Hotel to gwarancja udanego pobytu w Bydgoszczy. Dowodem na to jest cho\u0107by <strong>Restauracja 3V6 i Tiger Bar.<\/strong> R\u00f3\u017cnorodne dania, ciekawe drinki i przytulna atmosfera sprzyjaj\u0105 d\u0142ugim rozmowom ze wsp\u00f3\u0142towarzyszami.<\/p>\n\n\n<figure class=\"wp-block-image size-large\"><img loading=\"lazy\" decoding=\"async\" width=\"1024\" height=\"684\" src=\"https:\/\/www.mojekonferencje.pl\/blog\/wp-content\/uploads\/2020\/08\/sala-bc-dsc5444-1024x684.jpg\" alt=\"\" class=\"wp-image-2005 lazyload\" data-srcset=\"https:\/\/www.mojekonferencje.pl\/blog\/wp-content\/uploads\/2020\/08\/sala-bc-dsc5444-1024x684.jpg 1024w, https:\/\/www.mojekonferencje.pl\/blog\/wp-content\/uploads\/2020\/08\/sala-bc-dsc5444-300x200.jpg 300w, https:\/\/www.mojekonferencje.pl\/blog\/wp-content\/uploads\/2020\/08\/sala-bc-dsc5444-768x513.jpg 768w, https:\/\/www.mojekonferencje.pl\/blog\/wp-content\/uploads\/2020\/08\/sala-bc-dsc5444-1536x1025.jpg 1536w, https:\/\/www.mojekonferencje.pl\/blog\/wp-content\/uploads\/2020\/08\/sala-bc-dsc5444.jpg 2048w\" sizes=\"auto\" \/><\/figure>\n\n\n\n<h2 class=\"has-text-align-center wp-block-heading\">7. <a href=\"https:\/\/www.mojekonferencje.pl\/bydgoszcz\/hotel-silver\" target=\"_blank\" aria-label=\"undefined (opens in a new tab)\" rel=\"noreferrer noopener\">Hotel Silver<\/a><\/h2>\n\n\n<p align=\"justify\">Przy jednej z g\u0142\u00f3wnych ulic, Fordo\u0144skiej, mie\u015bci si\u0119 3-gwiazdkowy Hotel Silver. Blisko\u015b\u0107 g\u0142\u00f3wnych tras przelotowych i usytuowanie <strong>w centrum Bydgoszczy<\/strong> to ogromne atuty tego obiektu. Organizatorzy spotka\u0144 zwracaj\u0105 cz\u0119sto uwag\u0119 na dobry dojazd z r\u00f3\u017cnych zak\u0105tk\u00f3w Polski. Hotel oferuje pokoje 1-, 2- i 3-osobowe, a tak\u017ce apartament rodzinny. Pokoje posiadaj\u0105 udogodnienia dla os\u00f3b niepe\u0142nosprawnych. Oferta biznesowa obejmuje <strong>jedn\u0105 wi\u0119ksz\u0105 sal\u0119 na 100 os\u00f3b i dwiema mniejszymi.<\/strong><\/p>\n\n\n<figure class=\"wp-block-image size-large\"><img loading=\"lazy\" decoding=\"async\" width=\"1024\" height=\"683\" src=\"https:\/\/www.mojekonferencje.pl\/blog\/wp-content\/uploads\/2020\/08\/now5886-1024x683.jpg\" alt=\"\" class=\"wp-image-2007 lazyload\" data-srcset=\"https:\/\/www.mojekonferencje.pl\/blog\/wp-content\/uploads\/2020\/08\/now5886-1024x683.jpg 1024w, https:\/\/www.mojekonferencje.pl\/blog\/wp-content\/uploads\/2020\/08\/now5886-300x200.jpg 300w, https:\/\/www.mojekonferencje.pl\/blog\/wp-content\/uploads\/2020\/08\/now5886-768x512.jpg 768w, https:\/\/www.mojekonferencje.pl\/blog\/wp-content\/uploads\/2020\/08\/now5886-1536x1024.jpg 1536w, https:\/\/www.mojekonferencje.pl\/blog\/wp-content\/uploads\/2020\/08\/now5886.jpg 2048w\" sizes=\"auto\" \/><\/figure>\n\n\n\n<h2 class=\"has-text-align-center wp-block-heading\">POMI\u0118DZY<\/h2>\n\n\n\n<h3 class=\"has-text-align-center wp-block-heading\">8. <a href=\"https:\/\/www.mojekonferencje.pl\/bydgoszcz\/kompleks-rozrywkowo-konferencyjny-czardasz\" target=\"_blank\" aria-label=\"undefined (opens in a new tab)\" rel=\"noreferrer noopener\">Kompleks Rozrywkowo-Konferencyjny CZARDASZ<\/a><\/h3>\n\n\n<p align=\"justify\">Czardasz mie\u015bci si\u0119 na trasie <strong>mi\u0119dzy Bydgoszcz\u0105 a Toruniem<\/strong>. Malownicza okolica w Dolinie Wis\u0142y,<strong> w\u015br\u00f3d pi\u0119knych, naturalnych krajobraz\u00f3w<\/strong> gwarantuje relaks na \u0142onie przyrody i zapomnienie o codziennych troskach. Obiekt oddaje do dyspozycji 3 sale konferencyjne o nowoczesnym, atrakcyjnym designie: Bankietow\u0105, Lawendow\u0105 i Cytrynow\u0105.<\/p>\n\n\n<figure class=\"wp-block-image size-large\"><img loading=\"lazy\" decoding=\"async\" width=\"1024\" height=\"683\" src=\"https:\/\/www.mojekonferencje.pl\/blog\/wp-content\/uploads\/2020\/08\/img-3258fb-1024x683.png\" alt=\"\" class=\"wp-image-2006 lazyload\" data-srcset=\"https:\/\/www.mojekonferencje.pl\/blog\/wp-content\/uploads\/2020\/08\/img-3258fb-1024x683.png 1024w, https:\/\/www.mojekonferencje.pl\/blog\/wp-content\/uploads\/2020\/08\/img-3258fb-300x200.png 300w, https:\/\/www.mojekonferencje.pl\/blog\/wp-content\/uploads\/2020\/08\/img-3258fb-768x512.png 768w, https:\/\/www.mojekonferencje.pl\/blog\/wp-content\/uploads\/2020\/08\/img-3258fb-1536x1024.png 1536w, https:\/\/www.mojekonferencje.pl\/blog\/wp-content\/uploads\/2020\/08\/img-3258fb.png 2048w\" sizes=\"auto\" \/><\/figure>\n\n\n\n<h3 class=\"has-text-align-center wp-block-heading\">9. <a href=\"https:\/\/www.mojekonferencje.pl\/torun\/palac-w-turznie\" target=\"_blank\" aria-label=\"undefined (opens in a new tab)\" rel=\"noreferrer noopener\">Pa\u0142ac w Turznie 4****<\/a><\/h3>\n\n\n<p align=\"justify\">Pod Toruniem, w miejscowo\u015bci Turzno, znajduje si\u0119 <strong>XIX-wieczny <a href=\"https:\/\/www.mojekonferencje.pl\/palace-dworki-zamki\">pa\u0142ac<\/a><\/strong>. Pa\u0142ac ten jest dzie\u0142em w\u0142oskiego architekta Henryka Marconiego. Du\u017cym jego atutem jest <strong>16-hektarowy park<\/strong>, w kt\u00f3rym mo\u017cna mi\u0142o sp\u0119dzi\u0107 czas i pooddycha\u0107 \u015bwie\u017cym powietrzem. Oferuje<strong> 150 miejsc noclegowych<\/strong> i restauracj\u0119 z bardzo smacznym jedzeniem. Doskonale sprawdzi si\u0119 wi\u0119c na firmowy wyjazd za miasto, gdzie obowi\u0105zki \u0142\u0105czy si\u0119 z przyjemno\u015bci\u0105 i integracj\u0105. W ofercie m.in. basen zewn\u0119trzny, jacuzzi, sauny, tepidarium, boisko do siatk\u00f3wki pla\u017cowej, korty tenisowe i klub nocny Preludium z barem. Do wyboru organizator\u00f3w jest <strong>6 sal konferencyjno-szkoleniowych<\/strong>. Najwi\u0119ksza Sala Etiuda pomie\u015bci nawet 200 uczestnik\u00f3w.<\/p>\n\n\n<figure class=\"wp-block-image size-large\"><img loading=\"lazy\" decoding=\"async\" width=\"1024\" height=\"574\" src=\"https:\/\/www.mojekonferencje.pl\/blog\/wp-content\/uploads\/2020\/08\/dsc4566-copy-2-cmyk-1024x574.jpg\" alt=\"\" class=\"wp-image-1998 lazyload\" data-srcset=\"https:\/\/www.mojekonferencje.pl\/blog\/wp-content\/uploads\/2020\/08\/dsc4566-copy-2-cmyk-1024x574.jpg 1024w, https:\/\/www.mojekonferencje.pl\/blog\/wp-content\/uploads\/2020\/08\/dsc4566-copy-2-cmyk-300x168.jpg 300w, https:\/\/www.mojekonferencje.pl\/blog\/wp-content\/uploads\/2020\/08\/dsc4566-copy-2-cmyk-768x431.jpg 768w, https:\/\/www.mojekonferencje.pl\/blog\/wp-content\/uploads\/2020\/08\/dsc4566-copy-2-cmyk-1536x862.jpg 1536w, https:\/\/www.mojekonferencje.pl\/blog\/wp-content\/uploads\/2020\/08\/dsc4566-copy-2-cmyk-2048x1149.jpg 2048w, https:\/\/www.mojekonferencje.pl\/blog\/wp-content\/uploads\/2020\/08\/dsc4566-copy-2-cmyk-640x360.jpg 640w, https:\/\/www.mojekonferencje.pl\/blog\/wp-content\/uploads\/2020\/08\/dsc4566-copy-2-cmyk-320x180.jpg 320w, https:\/\/www.mojekonferencje.pl\/blog\/wp-content\/uploads\/2020\/08\/dsc4566-copy-2-cmyk-480x270.jpg 480w\" sizes=\"auto\" \/><\/figure>\n\n\n\n<h3 class=\"has-text-align-center wp-block-heading\">10. <a href=\"https:\/\/www.mojekonferencje.pl\/torun\/centrum-sportu-i-rekreacji-olender\" target=\"_blank\" aria-label=\"undefined (opens in a new tab)\" rel=\"noreferrer noopener\">Centrum Sportu i Rekreacji OLENDER<\/a><\/h3>\n\n\n<p align=\"justify\">Zaledwie 10 minut od centrum Torunia, w Wielkiej Nieszawce, nad sam\u0105 Wis\u0142\u0105, znajduje si\u0119 3-gwiazdkowy obiekt, oferuj\u0105cy komfortowe miejsca noclegowe, zaplecze konferencyjne i\u2026 AQUAPARK! Po sko\u0144czonym spotkaniu mo\u017cna zrelaksowa\u0107 si\u0119 w <strong>Centrum Spa &amp; Wellness<\/strong>. Pe\u0142en wachlarz r\u00f3\u017cnorodnych zabieg\u00f3w piel\u0119gnacyjnych sprawi, \u017ce z pewno\u015bci\u0105 ka\u017cdy znajdzie tu co\u015b dla siebie.<\/p>\n\n\n<figure class=\"wp-block-image size-large\"><img loading=\"lazy\" decoding=\"async\" width=\"1024\" height=\"641\" src=\"https:\/\/www.mojekonferencje.pl\/blog\/wp-content\/uploads\/2020\/08\/175a3409a-1024x641.jpg\" alt=\"\" class=\"wp-image-2000 lazyload\" data-srcset=\"https:\/\/www.mojekonferencje.pl\/blog\/wp-content\/uploads\/2020\/08\/175a3409a-1024x641.jpg 1024w, https:\/\/www.mojekonferencje.pl\/blog\/wp-content\/uploads\/2020\/08\/175a3409a-300x188.jpg 300w, https:\/\/www.mojekonferencje.pl\/blog\/wp-content\/uploads\/2020\/08\/175a3409a-768x481.jpg 768w, https:\/\/www.mojekonferencje.pl\/blog\/wp-content\/uploads\/2020\/08\/175a3409a-1536x962.jpg 1536w, https:\/\/www.mojekonferencje.pl\/blog\/wp-content\/uploads\/2020\/08\/175a3409a-2048x1282.jpg 2048w\" sizes=\"auto\" \/><\/figure>\n\n\n\n<h3 class=\"has-text-align-center wp-block-heading\">11. <a href=\"https:\/\/www.mojekonferencje.pl\/gniewkowo\/palac-wierzbiczany\" target=\"_blank\" aria-label=\"undefined (opens in a new tab)\" rel=\"noreferrer noopener\">Pa\u0142ac Wierzbiczany<\/a><\/h3>\n\n\n<p align=\"justify\">Pa\u0142ac zlokalizowany w urokliwej miejscowo\u015bci Gniewkowo to wymarzone miejsce na event biznesowy. <strong>Rozleg\u0142y teren zielony<\/strong> daje wiele mo\u017cliwo\u015bci <strong>organizacji imprez plenerowych<\/strong>, np. piknik\u00f3w, koncert\u00f3w i przyj\u0119\u0107 koktajlowych. Organizowane s\u0105 tu r\u00f3wnie\u017c gry team-building&#8217;owe. W przypadku brzydkiej pogody, pa\u0142ac dysponuje salami wewn\u0105trz: Oran\u017ceri\u0105 i Bibliotek\u0105. Klimatyczne pomieszczenia sprawdz\u0105 si\u0119 na spotkania do 50 lub 100 os\u00f3b.<\/p>\n\n\n<figure class=\"wp-block-image size-large\"><img loading=\"lazy\" decoding=\"async\" width=\"1024\" height=\"684\" src=\"https:\/\/www.mojekonferencje.pl\/blog\/wp-content\/uploads\/2020\/08\/74188c9d-8f8d-4dfd-8689-de844844d5d8-1024x684.jpg\" alt=\"\" class=\"wp-image-1997 lazyload\" data-srcset=\"https:\/\/www.mojekonferencje.pl\/blog\/wp-content\/uploads\/2020\/08\/74188c9d-8f8d-4dfd-8689-de844844d5d8-1024x684.jpg 1024w, https:\/\/www.mojekonferencje.pl\/blog\/wp-content\/uploads\/2020\/08\/74188c9d-8f8d-4dfd-8689-de844844d5d8-300x200.jpg 300w, https:\/\/www.mojekonferencje.pl\/blog\/wp-content\/uploads\/2020\/08\/74188c9d-8f8d-4dfd-8689-de844844d5d8-768x513.jpg 768w, https:\/\/www.mojekonferencje.pl\/blog\/wp-content\/uploads\/2020\/08\/74188c9d-8f8d-4dfd-8689-de844844d5d8-1536x1025.jpg 1536w, https:\/\/www.mojekonferencje.pl\/blog\/wp-content\/uploads\/2020\/08\/74188c9d-8f8d-4dfd-8689-de844844d5d8-2048x1367.jpg 2048w\" sizes=\"auto\" \/><\/figure>\n\n\n<p align=\"justify\">Na dzi\u015b to ju\u017c wszystkie nasze propozycje w Toruniu, Bydgoszczy i na trasie mi\u0119dzy nimi. Kujawy i Pomorze to oczywi\u015bcie r\u00f3wnie\u017c inne warte zwiedzenia miasta, kt\u00f3re dysponuj\u0105 ciekawymi miejscami konferencyjnymi. O nich napiszemy innym razem. Mamy nadziej\u0119, \u017ce nasz artyku\u0142 okaza\u0142 si\u0119 przydatny.<\/p>","protected":false},"excerpt":{"rendered":"<p>Wojew\u00f3dztwo kujawsko-pomorskie ma a\u017c dwie stolice, co daje podw\u00f3jn\u0105 liczb\u0119 ciekawych obiekt\u00f3w na organizacj\u0119 spotka\u0144 biznesowych. \u0141apcie nasze zestawienie!<\/p>\n","protected":false},"author":7,"featured_media":2011,"comment_status":"closed","ping_status":"closed","sticky":false,"template":"","format":"standard","meta":{"_acf_changed":false,"footnotes":""},"categories":[11,175],"tags":[],"class_list":["post-1995","post","type-post","status-publish","format-standard","has-post-thumbnail","hentry","category-konferencyjny-relaks","category-wybieranie-miejsca-konferencyjnego"],"acf":[],"yoast_head":"<!-- This site is optimized with the Yoast SEO plugin v27.1.1 - https:\/\/yoast.com\/product\/yoast-seo-wordpress\/ -->\n<title>Od Bydgoszczy do Torunia - konferencyjne stolice wojew\u00f3dztwa kujawsko-pomorskiego - blog | MojeKonferencje.pl<\/title>\n<meta name=\"description\" content=\"Przedstawiamy Wam nasze propozycje na organizacj\u0119 wydarzenia w Toruniu, Bydgoszczy i okolicy - blog MojeKonferencje.pl\" \/>\n<meta name=\"robots\" content=\"index, follow, max-snippet:-1, max-image-preview:large, max-video-preview:-1\" \/>\n<link rel=\"canonical\" href=\"https:\/\/www.mojekonferencje.pl\/blog\/od-bydgoszczy-do-torunia-konferencyjne-stolice-wojewodztwa-kujawsko-pomorskiego\/\" \/>\n<meta property=\"og:locale\" content=\"pl_PL\" \/>\n<meta property=\"og:type\" content=\"article\" \/>\n<meta property=\"og:title\" content=\"Od Bydgoszczy do Torunia - konferencyjne stolice wojew\u00f3dztwa kujawsko-pomorskiego - blog | MojeKonferencje.pl\" \/>\n<meta property=\"og:description\" content=\"Przedstawiamy Wam nasze propozycje na organizacj\u0119 wydarzenia w Toruniu, Bydgoszczy i okolicy - blog MojeKonferencje.pl\" \/>\n<meta property=\"og:url\" content=\"https:\/\/www.mojekonferencje.pl\/blog\/od-bydgoszczy-do-torunia-konferencyjne-stolice-wojewodztwa-kujawsko-pomorskiego\/\" \/>\n<meta property=\"og:site_name\" content=\"MojeKonferencje.pl\" \/>\n<meta property=\"article:published_time\" content=\"2020-08-31T11:19:47+00:00\" \/>\n<meta property=\"article:modified_time\" content=\"2024-05-07T09:51:52+00:00\" \/>\n<meta property=\"og:image\" content=\"https:\/\/www.mojekonferencje.pl\/blog\/wp-content\/uploads\/2020\/08\/InShot_20200831_125737245-scaled.jpg\" \/>\n\t<meta property=\"og:image:width\" content=\"2560\" \/>\n\t<meta property=\"og:image:height\" content=\"1707\" \/>\n\t<meta property=\"og:image:type\" content=\"image\/jpeg\" \/>\n<meta name=\"author\" content=\"Paulina Lubieniecka\" \/>\n<meta name=\"twitter:card\" content=\"summary_large_image\" \/>\n<meta name=\"twitter:label1\" content=\"Napisane przez\" \/>\n\t<meta name=\"twitter:data1\" content=\"Paulina Lubieniecka\" \/>\n\t<meta name=\"twitter:label2\" content=\"Szacowany czas czytania\" \/>\n\t<meta name=\"twitter:data2\" content=\"5 minut\" \/>\n<script type=\"application\/ld+json\" class=\"yoast-schema-graph\">{\"@context\":\"https:\/\/schema.org\",\"@graph\":[{\"@type\":\"Article\",\"@id\":\"https:\/\/www.mojekonferencje.pl\/blog\/od-bydgoszczy-do-torunia-konferencyjne-stolice-wojewodztwa-kujawsko-pomorskiego\/#article\",\"isPartOf\":{\"@id\":\"https:\/\/www.mojekonferencje.pl\/blog\/od-bydgoszczy-do-torunia-konferencyjne-stolice-wojewodztwa-kujawsko-pomorskiego\/\"},\"author\":{\"name\":\"Paulina Lubieniecka\",\"@id\":\"https:\/\/www.mojekonferencje.pl\/blog\/#\/schema\/person\/f31ed8b58d5df3a8bce17db5504ab032\"},\"headline\":\"Od Bydgoszczy do Torunia &#8211; konferencyjne stolice wojew\u00f3dztwa kujawsko-pomorskiego\",\"datePublished\":\"2020-08-31T11:19:47+00:00\",\"dateModified\":\"2024-05-07T09:51:52+00:00\",\"mainEntityOfPage\":{\"@id\":\"https:\/\/www.mojekonferencje.pl\/blog\/od-bydgoszczy-do-torunia-konferencyjne-stolice-wojewodztwa-kujawsko-pomorskiego\/\"},\"wordCount\":948,\"image\":{\"@id\":\"https:\/\/www.mojekonferencje.pl\/blog\/od-bydgoszczy-do-torunia-konferencyjne-stolice-wojewodztwa-kujawsko-pomorskiego\/#primaryimage\"},\"thumbnailUrl\":\"https:\/\/www.mojekonferencje.pl\/blog\/wp-content\/uploads\/2020\/08\/InShot_20200831_125737245-scaled.jpg\",\"articleSection\":[\"Konferencyjny relaks\",\"Wybieranie miejsca konferencyjnego\"],\"inLanguage\":\"pl-PL\"},{\"@type\":\"WebPage\",\"@id\":\"https:\/\/www.mojekonferencje.pl\/blog\/od-bydgoszczy-do-torunia-konferencyjne-stolice-wojewodztwa-kujawsko-pomorskiego\/\",\"url\":\"https:\/\/www.mojekonferencje.pl\/blog\/od-bydgoszczy-do-torunia-konferencyjne-stolice-wojewodztwa-kujawsko-pomorskiego\/\",\"name\":\"Od Bydgoszczy do Torunia - konferencyjne stolice wojew\u00f3dztwa kujawsko-pomorskiego - blog | MojeKonferencje.pl\",\"isPartOf\":{\"@id\":\"https:\/\/www.mojekonferencje.pl\/blog\/#website\"},\"primaryImageOfPage\":{\"@id\":\"https:\/\/www.mojekonferencje.pl\/blog\/od-bydgoszczy-do-torunia-konferencyjne-stolice-wojewodztwa-kujawsko-pomorskiego\/#primaryimage\"},\"image\":{\"@id\":\"https:\/\/www.mojekonferencje.pl\/blog\/od-bydgoszczy-do-torunia-konferencyjne-stolice-wojewodztwa-kujawsko-pomorskiego\/#primaryimage\"},\"thumbnailUrl\":\"https:\/\/www.mojekonferencje.pl\/blog\/wp-content\/uploads\/2020\/08\/InShot_20200831_125737245-scaled.jpg\",\"datePublished\":\"2020-08-31T11:19:47+00:00\",\"dateModified\":\"2024-05-07T09:51:52+00:00\",\"author\":{\"@id\":\"https:\/\/www.mojekonferencje.pl\/blog\/#\/schema\/person\/f31ed8b58d5df3a8bce17db5504ab032\"},\"description\":\"Przedstawiamy Wam nasze propozycje na organizacj\u0119 wydarzenia w Toruniu, Bydgoszczy i okolicy - blog MojeKonferencje.pl\",\"breadcrumb\":{\"@id\":\"https:\/\/www.mojekonferencje.pl\/blog\/od-bydgoszczy-do-torunia-konferencyjne-stolice-wojewodztwa-kujawsko-pomorskiego\/#breadcrumb\"},\"inLanguage\":\"pl-PL\",\"potentialAction\":[{\"@type\":\"ReadAction\",\"target\":[\"https:\/\/www.mojekonferencje.pl\/blog\/od-bydgoszczy-do-torunia-konferencyjne-stolice-wojewodztwa-kujawsko-pomorskiego\/\"]}]},{\"@type\":\"ImageObject\",\"inLanguage\":\"pl-PL\",\"@id\":\"https:\/\/www.mojekonferencje.pl\/blog\/od-bydgoszczy-do-torunia-konferencyjne-stolice-wojewodztwa-kujawsko-pomorskiego\/#primaryimage\",\"url\":\"https:\/\/www.mojekonferencje.pl\/blog\/wp-content\/uploads\/2020\/08\/InShot_20200831_125737245-scaled.jpg\",\"contentUrl\":\"https:\/\/www.mojekonferencje.pl\/blog\/wp-content\/uploads\/2020\/08\/InShot_20200831_125737245-scaled.jpg\",\"width\":2560,\"height\":1707},{\"@type\":\"BreadcrumbList\",\"@id\":\"https:\/\/www.mojekonferencje.pl\/blog\/od-bydgoszczy-do-torunia-konferencyjne-stolice-wojewodztwa-kujawsko-pomorskiego\/#breadcrumb\",\"itemListElement\":[{\"@type\":\"ListItem\",\"position\":1,\"name\":\"Strona g\u0142\u00f3wna\",\"item\":\"https:\/\/www.mojekonferencje.pl\/blog\/\"},{\"@type\":\"ListItem\",\"position\":2,\"name\":\"Od Bydgoszczy do Torunia &#8211; konferencyjne stolice wojew\u00f3dztwa kujawsko-pomorskiego\"}]},{\"@type\":\"WebSite\",\"@id\":\"https:\/\/www.mojekonferencje.pl\/blog\/#website\",\"url\":\"https:\/\/www.mojekonferencje.pl\/blog\/\",\"name\":\"MojeKonferencje.pl\",\"description\":\"Blog bran\u017cy szkoleniowo-konferencyjnej. W\u0142\u0105cz si\u0119 do dyskusji o obiektach konferencyjnych i nowo\u015bciach z bran\u017cy! Poznaj porady odno\u015bnie organizacji konferencji, szkole\u0144 i event\u00f3w firmowych! Zach\u0119camy do wyra\u017cania opinii oraz komentarzy.\",\"potentialAction\":[{\"@type\":\"SearchAction\",\"target\":{\"@type\":\"EntryPoint\",\"urlTemplate\":\"https:\/\/www.mojekonferencje.pl\/blog\/?s={search_term_string}\"},\"query-input\":{\"@type\":\"PropertyValueSpecification\",\"valueRequired\":true,\"valueName\":\"search_term_string\"}}],\"inLanguage\":\"pl-PL\"},{\"@type\":\"Person\",\"@id\":\"https:\/\/www.mojekonferencje.pl\/blog\/#\/schema\/person\/f31ed8b58d5df3a8bce17db5504ab032\",\"name\":\"Paulina Lubieniecka\",\"description\":\"Manager ds. marketingu. Od ponad 5 lat zajmuje si\u0119 dzia\u0142ami content marketingu serwis\u00f3w konferencyjnych i weselnych. Prowadzi media spo\u0142eczno\u015bciowe, pisze artyku\u0142y i posty na blogi. Jest odpowiedzialna za komunikacj\u0119 zar\u00f3wno z organizatorami najwi\u0119kszych kongres\u00f3w i targ\u00f3w w Polsce, jak i regionalnych wydarze\u0144. Po pracy mi\u0142o\u015bniczka dobrej kuchni, podr\u00f3\u017cy i polskiej muzyki.\",\"sameAs\":[\"https:\/\/www.linkedin.com\/in\/paulina-lubieniecka\/\"],\"url\":\"https:\/\/www.mojekonferencje.pl\/blog\/author\/plubieniecka\/\"}]}<\/script>\n<!-- \/ Yoast SEO plugin. -->","yoast_head_json":{"title":"Od Bydgoszczy do Torunia - konferencyjne stolice wojew\u00f3dztwa kujawsko-pomorskiego - blog | MojeKonferencje.pl","description":"Przedstawiamy Wam nasze propozycje na organizacj\u0119 wydarzenia w Toruniu, Bydgoszczy i okolicy - blog MojeKonferencje.pl","robots":{"index":"index","follow":"follow","max-snippet":"max-snippet:-1","max-image-preview":"max-image-preview:large","max-video-preview":"max-video-preview:-1"},"canonical":"https:\/\/www.mojekonferencje.pl\/blog\/od-bydgoszczy-do-torunia-konferencyjne-stolice-wojewodztwa-kujawsko-pomorskiego\/","og_locale":"pl_PL","og_type":"article","og_title":"Od Bydgoszczy do Torunia - konferencyjne stolice wojew\u00f3dztwa kujawsko-pomorskiego - blog | MojeKonferencje.pl","og_description":"Przedstawiamy Wam nasze propozycje na organizacj\u0119 wydarzenia w Toruniu, Bydgoszczy i okolicy - blog MojeKonferencje.pl","og_url":"https:\/\/www.mojekonferencje.pl\/blog\/od-bydgoszczy-do-torunia-konferencyjne-stolice-wojewodztwa-kujawsko-pomorskiego\/","og_site_name":"MojeKonferencje.pl","article_published_time":"2020-08-31T11:19:47+00:00","article_modified_time":"2024-05-07T09:51:52+00:00","og_image":[{"width":2560,"height":1707,"url":"https:\/\/www.mojekonferencje.pl\/blog\/wp-content\/uploads\/2020\/08\/InShot_20200831_125737245-scaled.jpg","type":"image\/jpeg"}],"author":"Paulina Lubieniecka","twitter_card":"summary_large_image","twitter_misc":{"Napisane przez":"Paulina Lubieniecka","Szacowany czas czytania":"5 minut"},"schema":{"@context":"https:\/\/schema.org","@graph":[{"@type":"Article","@id":"https:\/\/www.mojekonferencje.pl\/blog\/od-bydgoszczy-do-torunia-konferencyjne-stolice-wojewodztwa-kujawsko-pomorskiego\/#article","isPartOf":{"@id":"https:\/\/www.mojekonferencje.pl\/blog\/od-bydgoszczy-do-torunia-konferencyjne-stolice-wojewodztwa-kujawsko-pomorskiego\/"},"author":{"name":"Paulina Lubieniecka","@id":"https:\/\/www.mojekonferencje.pl\/blog\/#\/schema\/person\/f31ed8b58d5df3a8bce17db5504ab032"},"headline":"Od Bydgoszczy do Torunia &#8211; konferencyjne stolice wojew\u00f3dztwa kujawsko-pomorskiego","datePublished":"2020-08-31T11:19:47+00:00","dateModified":"2024-05-07T09:51:52+00:00","mainEntityOfPage":{"@id":"https:\/\/www.mojekonferencje.pl\/blog\/od-bydgoszczy-do-torunia-konferencyjne-stolice-wojewodztwa-kujawsko-pomorskiego\/"},"wordCount":948,"image":{"@id":"https:\/\/www.mojekonferencje.pl\/blog\/od-bydgoszczy-do-torunia-konferencyjne-stolice-wojewodztwa-kujawsko-pomorskiego\/#primaryimage"},"thumbnailUrl":"https:\/\/www.mojekonferencje.pl\/blog\/wp-content\/uploads\/2020\/08\/InShot_20200831_125737245-scaled.jpg","articleSection":["Konferencyjny relaks","Wybieranie miejsca konferencyjnego"],"inLanguage":"pl-PL"},{"@type":"WebPage","@id":"https:\/\/www.mojekonferencje.pl\/blog\/od-bydgoszczy-do-torunia-konferencyjne-stolice-wojewodztwa-kujawsko-pomorskiego\/","url":"https:\/\/www.mojekonferencje.pl\/blog\/od-bydgoszczy-do-torunia-konferencyjne-stolice-wojewodztwa-kujawsko-pomorskiego\/","name":"Od Bydgoszczy do Torunia - konferencyjne stolice wojew\u00f3dztwa kujawsko-pomorskiego - blog | MojeKonferencje.pl","isPartOf":{"@id":"https:\/\/www.mojekonferencje.pl\/blog\/#website"},"primaryImageOfPage":{"@id":"https:\/\/www.mojekonferencje.pl\/blog\/od-bydgoszczy-do-torunia-konferencyjne-stolice-wojewodztwa-kujawsko-pomorskiego\/#primaryimage"},"image":{"@id":"https:\/\/www.mojekonferencje.pl\/blog\/od-bydgoszczy-do-torunia-konferencyjne-stolice-wojewodztwa-kujawsko-pomorskiego\/#primaryimage"},"thumbnailUrl":"https:\/\/www.mojekonferencje.pl\/blog\/wp-content\/uploads\/2020\/08\/InShot_20200831_125737245-scaled.jpg","datePublished":"2020-08-31T11:19:47+00:00","dateModified":"2024-05-07T09:51:52+00:00","author":{"@id":"https:\/\/www.mojekonferencje.pl\/blog\/#\/schema\/person\/f31ed8b58d5df3a8bce17db5504ab032"},"description":"Przedstawiamy Wam nasze propozycje na organizacj\u0119 wydarzenia w Toruniu, Bydgoszczy i okolicy - blog MojeKonferencje.pl","breadcrumb":{"@id":"https:\/\/www.mojekonferencje.pl\/blog\/od-bydgoszczy-do-torunia-konferencyjne-stolice-wojewodztwa-kujawsko-pomorskiego\/#breadcrumb"},"inLanguage":"pl-PL","potentialAction":[{"@type":"ReadAction","target":["https:\/\/www.mojekonferencje.pl\/blog\/od-bydgoszczy-do-torunia-konferencyjne-stolice-wojewodztwa-kujawsko-pomorskiego\/"]}]},{"@type":"ImageObject","inLanguage":"pl-PL","@id":"https:\/\/www.mojekonferencje.pl\/blog\/od-bydgoszczy-do-torunia-konferencyjne-stolice-wojewodztwa-kujawsko-pomorskiego\/#primaryimage","url":"https:\/\/www.mojekonferencje.pl\/blog\/wp-content\/uploads\/2020\/08\/InShot_20200831_125737245-scaled.jpg","contentUrl":"https:\/\/www.mojekonferencje.pl\/blog\/wp-content\/uploads\/2020\/08\/InShot_20200831_125737245-scaled.jpg","width":2560,"height":1707},{"@type":"BreadcrumbList","@id":"https:\/\/www.mojekonferencje.pl\/blog\/od-bydgoszczy-do-torunia-konferencyjne-stolice-wojewodztwa-kujawsko-pomorskiego\/#breadcrumb","itemListElement":[{"@type":"ListItem","position":1,"name":"Strona g\u0142\u00f3wna","item":"https:\/\/www.mojekonferencje.pl\/blog\/"},{"@type":"ListItem","position":2,"name":"Od Bydgoszczy do Torunia &#8211; konferencyjne stolice wojew\u00f3dztwa kujawsko-pomorskiego"}]},{"@type":"WebSite","@id":"https:\/\/www.mojekonferencje.pl\/blog\/#website","url":"https:\/\/www.mojekonferencje.pl\/blog\/","name":"MojeKonferencje.pl","description":"Blog bran\u017cy szkoleniowo-konferencyjnej. W\u0142\u0105cz si\u0119 do dyskusji o obiektach konferencyjnych i nowo\u015bciach z bran\u017cy! Poznaj porady odno\u015bnie organizacji konferencji, szkole\u0144 i event\u00f3w firmowych! Zach\u0119camy do wyra\u017cania opinii oraz komentarzy.","potentialAction":[{"@type":"SearchAction","target":{"@type":"EntryPoint","urlTemplate":"https:\/\/www.mojekonferencje.pl\/blog\/?s={search_term_string}"},"query-input":{"@type":"PropertyValueSpecification","valueRequired":true,"valueName":"search_term_string"}}],"inLanguage":"pl-PL"},{"@type":"Person","@id":"https:\/\/www.mojekonferencje.pl\/blog\/#\/schema\/person\/f31ed8b58d5df3a8bce17db5504ab032","name":"Paulina Lubieniecka","description":"Manager ds. marketingu. Od ponad 5 lat zajmuje si\u0119 dzia\u0142ami content marketingu serwis\u00f3w konferencyjnych i weselnych. Prowadzi media spo\u0142eczno\u015bciowe, pisze artyku\u0142y i posty na blogi. Jest odpowiedzialna za komunikacj\u0119 zar\u00f3wno z organizatorami najwi\u0119kszych kongres\u00f3w i targ\u00f3w w Polsce, jak i regionalnych wydarze\u0144. Po pracy mi\u0142o\u015bniczka dobrej kuchni, podr\u00f3\u017cy i polskiej muzyki.","sameAs":["https:\/\/www.linkedin.com\/in\/paulina-lubieniecka\/"],"url":"https:\/\/www.mojekonferencje.pl\/blog\/author\/plubieniecka\/"}]}},"_links":{"self":[{"href":"https:\/\/www.mojekonferencje.pl\/blog\/wp-json\/wp\/v2\/posts\/1995","targetHints":{"allow":["GET"]}}],"collection":[{"href":"https:\/\/www.mojekonferencje.pl\/blog\/wp-json\/wp\/v2\/posts"}],"about":[{"href":"https:\/\/www.mojekonferencje.pl\/blog\/wp-json\/wp\/v2\/types\/post"}],"author":[{"embeddable":true,"href":"https:\/\/www.mojekonferencje.pl\/blog\/wp-json\/wp\/v2\/users\/7"}],"replies":[{"embeddable":true,"href":"https:\/\/www.mojekonferencje.pl\/blog\/wp-json\/wp\/v2\/comments?post=1995"}],"version-history":[{"count":8,"href":"https:\/\/www.mojekonferencje.pl\/blog\/wp-json\/wp\/v2\/posts\/1995\/revisions"}],"predecessor-version":[{"id":2015,"href":"https:\/\/www.mojekonferencje.pl\/blog\/wp-json\/wp\/v2\/posts\/1995\/revisions\/2015"}],"wp:featuredmedia":[{"embeddable":true,"href":"https:\/\/www.mojekonferencje.pl\/blog\/wp-json\/wp\/v2\/media\/2011"}],"wp:attachment":[{"href":"https:\/\/www.mojekonferencje.pl\/blog\/wp-json\/wp\/v2\/media?parent=1995"}],"wp:term":[{"taxonomy":"category","embeddable":true,"href":"https:\/\/www.mojekonferencje.pl\/blog\/wp-json\/wp\/v2\/categories?post=1995"},{"taxonomy":"post_tag","embeddable":true,"href":"https:\/\/www.mojekonferencje.pl\/blog\/wp-json\/wp\/v2\/tags?post=1995"}],"curies":[{"name":"wp","href":"https:\/\/api.w.org\/{rel}","templated":true}]}}