{"id":2208,"date":"2021-03-17T20:08:12","date_gmt":"2021-03-17T18:08:12","guid":{"rendered":"https:\/\/www.mojekonferencje.pl\/blog\/?p=2208"},"modified":"2024-05-07T11:51:28","modified_gmt":"2024-05-07T09:51:28","slug":"organizacja-eventow-online-hybrydowych-z-dwoch-perspektyw-organizatora-i-obiektu","status":"publish","type":"post","link":"https:\/\/www.mojekonferencje.pl\/blog\/organizacja-eventow-online-hybrydowych-z-dwoch-perspektyw-organizatora-i-obiektu\/","title":{"rendered":"Organizacja event\u00f3w online\/hybrydowych z dw\u00f3ch perspektyw &#8211; organizatora i obiektu"},"content":{"rendered":"<p align=\"justify\"><strong>MojeKonferencje.pl w ostatnich tygodniach przeprowadzi\u0142y badanie, kt\u00f3re mia\u0142o na celu pokaza\u0107 sytuacj\u0119 bran\u017cy MICE z dw\u00f3ch perspektyw. Dane zbierali\u015bmy za pomoc\u0105 ankiet internetowych. Jedna z nich rozes\u0142ana zosta\u0142a do organizator\u00f3w wydarze\u0144 (73 ankietowanych), a druga do przedstawicieli obiekt\u00f3w (71 ankietowanych).<\/strong><\/p>\n<p align=\"justify\">Zapytali\u015bmy organizator\u00f3w wydarze\u0144, <strong>czy planuj\u0105 organizacj\u0119 wydarze\u0144 online w tym roku.<\/strong> Prawie 2\/3 ankietowanych odpowiedzia\u0142o, \u017ce tak, co, wed\u0142ug nas, jest dobr\u0105 informacj\u0105. Organizatorzy, kt\u00f3rzy przed pandemi\u0105 organizowali cz\u0119\u015bciej te stacjonarne imprezy, potrafi\u0105 dopasowa\u0107 form\u0119 eventu do aktualnej sytuacji pandemicznej. Umiej\u0119tno\u015b\u0107 dopasowania si\u0119 do zmieniaj\u0105cych reali\u00f3w mo\u017ce zaprocentowa\u0107 zar\u00f3wno teraz, jak i w przysz\u0142o\u015bci.<\/p>\n\n\n<figure class=\"wp-block-image size-large\"><img loading=\"lazy\" decoding=\"async\" width=\"1024\" height=\"768\" src=\"https:\/\/www.mojekonferencje.pl\/blog\/wp-content\/uploads\/2021\/03\/organizacja-eventow-online-hybrydowych-z-dwoch-perspektyw-organizatora-i-obiektu-mojekonferencje-pl-2.png\" alt=\"\" class=\"wp-image-2213 lazyload\" data-srcset=\"https:\/\/www.mojekonferencje.pl\/blog\/wp-content\/uploads\/2021\/03\/organizacja-eventow-online-hybrydowych-z-dwoch-perspektyw-organizatora-i-obiektu-mojekonferencje-pl-2.png 1024w, https:\/\/www.mojekonferencje.pl\/blog\/wp-content\/uploads\/2021\/03\/organizacja-eventow-online-hybrydowych-z-dwoch-perspektyw-organizatora-i-obiektu-mojekonferencje-pl-2-300x225.png 300w, https:\/\/www.mojekonferencje.pl\/blog\/wp-content\/uploads\/2021\/03\/organizacja-eventow-online-hybrydowych-z-dwoch-perspektyw-organizatora-i-obiektu-mojekonferencje-pl-2-768x576.png 768w\" sizes=\"auto\" \/><\/figure>\n\n\n<p align=\"justify\">Osoby, kt\u00f3re twierdz\u0105co odpowiedzia\u0142y na poprzednie pytanie, dopytali\u015bmy,<strong> czy wydarzenia te b\u0119d\u0105 organizowane samodzielnie przez nich czy raczej zostan\u0105 zlecone agencji<\/strong>. Przewa\u017caj\u0105ca wi\u0119kszo\u015b\u0107, bo a\u017c 91,5 % os\u00f3b odpowiedzia\u0142a, \u017ce b\u0119dzie realizowa\u0107 samodzielnie.<\/p>\n\n\n<figure class=\"wp-block-image size-large\"><img loading=\"lazy\" decoding=\"async\" width=\"1024\" height=\"768\" src=\"https:\/\/www.mojekonferencje.pl\/blog\/wp-content\/uploads\/2021\/03\/organizacja-eventow-online-hybrydowych-z-dwoch-perspektyw-organizatora-i-obiektu-mojekonferencje-pl-1.png\" alt=\"\" class=\"wp-image-2212 lazyload\" data-srcset=\"https:\/\/www.mojekonferencje.pl\/blog\/wp-content\/uploads\/2021\/03\/organizacja-eventow-online-hybrydowych-z-dwoch-perspektyw-organizatora-i-obiektu-mojekonferencje-pl-1.png 1024w, https:\/\/www.mojekonferencje.pl\/blog\/wp-content\/uploads\/2021\/03\/organizacja-eventow-online-hybrydowych-z-dwoch-perspektyw-organizatora-i-obiektu-mojekonferencje-pl-1-300x225.png 300w, https:\/\/www.mojekonferencje.pl\/blog\/wp-content\/uploads\/2021\/03\/organizacja-eventow-online-hybrydowych-z-dwoch-perspektyw-organizatora-i-obiektu-mojekonferencje-pl-1-768x576.png 768w\" sizes=\"auto\" \/><\/figure>\n\n\n<p align=\"justify\">W ankiecie dla organizator\u00f3w zadali\u015bmy r\u00f3wnie\u017c pytanie, kt\u00f3re b\u0119dzie dobrze korespondowa\u0142o z ankiet\u0105 skierowan\u0105 do obiekt\u00f3w. Zapytali\u015bmy bowiem organizator\u00f3w, <strong>czego oczekuj\u0105 po miejscu, w kt\u00f3rym b\u0119d\u0105 organizowa\u0107 wydarzenie online.<\/strong><\/p>\n<p align=\"justify\">Najcz\u0119\u015bciej pojawiaj\u0105c\u0105 si\u0119 odpowiedzi\u0105 by\u0142o <strong><em>&#8222;przede wszystkim szybki internet&#8221;<\/em><\/strong> i nie ma co si\u0119 dziwi\u0107. W ko\u0144cu \u017cadne profesjonalnie przeprowadzone spotkanie nie mo\u017ce odby\u0107 si\u0119 bez stabilnego i szybkiego \u0142\u0105cza. Ci\u0105gle zrywaj\u0105ce si\u0119 po\u0142\u0105czenie mo\u017ce zniech\u0119ci\u0107 uczestnik\u00f3w do brania udzia\u0142u w dalszej cz\u0119\u015bci eventu.<\/p>\n<p align=\"justify\">Wa\u017cne dla organizator\u00f3w s\u0105 r\u00f3wnie\u017c <strong>dobra kamera i mikrofon<\/strong>. Sporo os\u00f3b posz\u0142o dalej i odpowiedzia\u0142o, \u017ce oczekuje <strong>profesjonalnego studia multimedialnego (38 %)<\/strong>. Wa\u017cne jest te\u017c dla respondent\u00f3w, \u017ceby obiekt posiada\u0142 w\u0142asny<strong><em> greenbox<\/em><\/strong>. Pojedyncze osoby wskazywa\u0142y te\u017c na obs\u0142ug\u0119 techniczn\u0105 wydarzenia i na pomoc ze strony przeszkolonego personelu.<\/p>\n\n\n<figure class=\"wp-block-image size-large\"><img loading=\"lazy\" decoding=\"async\" width=\"1024\" height=\"768\" src=\"https:\/\/www.mojekonferencje.pl\/blog\/wp-content\/uploads\/2021\/03\/organizacja-eventow-online-hybrydowych-z-dwoch-perspektyw-organizatora-i-obiektu-mojekonferencje-pl-3.png\" alt=\"\" class=\"wp-image-2219 lazyload\" data-srcset=\"https:\/\/www.mojekonferencje.pl\/blog\/wp-content\/uploads\/2021\/03\/organizacja-eventow-online-hybrydowych-z-dwoch-perspektyw-organizatora-i-obiektu-mojekonferencje-pl-3.png 1024w, https:\/\/www.mojekonferencje.pl\/blog\/wp-content\/uploads\/2021\/03\/organizacja-eventow-online-hybrydowych-z-dwoch-perspektyw-organizatora-i-obiektu-mojekonferencje-pl-3-300x225.png 300w, https:\/\/www.mojekonferencje.pl\/blog\/wp-content\/uploads\/2021\/03\/organizacja-eventow-online-hybrydowych-z-dwoch-perspektyw-organizatora-i-obiektu-mojekonferencje-pl-3-768x576.png 768w\" sizes=\"auto\" \/><\/figure>\n\n\n<p align=\"justify\">Jedno z pyta\u0144, kt\u00f3re zadali\u015bmy obiektom, dotyczy\u0142o<strong> zmian, jakie obiekty wprowadzi\u0142y u siebie, by zwi\u0119kszy\u0107 atrakcyjno\u015b\u0107 zaplecza konferencyjnego.<\/strong> Najcz\u0119stsz\u0105 odpowiedzi\u0105 by\u0142o <strong><em>&#8222;szybkie \u0142\u0105cze internetowe (\u015bwiat\u0142ow\u00f3d)&#8221;<\/em><\/strong>, co jest dobr\u0105 informacj\u0105 zar\u00f3wno dla nich, jak i dla organizator\u00f3w. Wprowadzone udogodnienia pokrywaj\u0105 si\u0119 bowiem z oczekiwaniami organizatora.<\/p>\n<p align=\"justify\">Cz\u0119sto pada\u0142y te\u017c takie odpowiedzi, jak:<em><strong> &#8222;profesjonalna kamera cyfrowa&#8221;, &#8222;profesjonalne mikrofony cyfrowe&#8221;, &#8222;w\u0142asne studio multimedialne\/nagraniowe&#8221;, &#8222;umowa z platform\u0105 do realizacji live streamingu&#8221;, &#8222;wsparcie przeszkolonego dzia\u0142u technicznego&#8221;.<\/strong> <\/em>Pojedyncze osoby pisa\u0142y, \u017ce ich obiekty nawi\u0105za\u0142y kontakt z mobilnymi studiami nagra\u0144 oraz firmami zajmuj\u0105cymi si\u0119 organizacj\u0105 event\u00f3w hybrydowych.<\/p>\n<p align=\"justify\"><strong>Ponad 1\/3 ankietowanych<\/strong> jednak odpowiedzia\u0142a, \u017ce<strong> nie wprowadzi\u0142a \u017cadnych zmian<\/strong>. Tu mo\u017cna si\u0119 zastanawia\u0107, czy te obiekty czekaj\u0105 na ca\u0142kowity powr\u00f3t mo\u017cliwo\u015bci organizacji wydarze\u0144 stacjonarnych, czy nie maj\u0105 bud\u017cetu na takie zmiany, czy mo\u017ce ju\u017c przed pandemi\u0105 obiekty te mia\u0142y wystarczaj\u0105ce zaplecze do przeprowadzenia event\u00f3w online\/hybrydowych i nie musz\u0105 ju\u017c inwestowa\u0107 w dalsze sprz\u0119ty.<\/p>\n\n\n<figure class=\"wp-block-image size-large\"><img loading=\"lazy\" decoding=\"async\" width=\"1024\" height=\"768\" src=\"https:\/\/www.mojekonferencje.pl\/blog\/wp-content\/uploads\/2021\/03\/organizacja-eventow-online-hybrydowych-z-dwoch-perspektyw-organizatora-i-obiektu-mojekonferencje-pl-6.png\" alt=\"\" class=\"wp-image-2216 lazyload\" data-srcset=\"https:\/\/www.mojekonferencje.pl\/blog\/wp-content\/uploads\/2021\/03\/organizacja-eventow-online-hybrydowych-z-dwoch-perspektyw-organizatora-i-obiektu-mojekonferencje-pl-6.png 1024w, https:\/\/www.mojekonferencje.pl\/blog\/wp-content\/uploads\/2021\/03\/organizacja-eventow-online-hybrydowych-z-dwoch-perspektyw-organizatora-i-obiektu-mojekonferencje-pl-6-300x225.png 300w, https:\/\/www.mojekonferencje.pl\/blog\/wp-content\/uploads\/2021\/03\/organizacja-eventow-online-hybrydowych-z-dwoch-perspektyw-organizatora-i-obiektu-mojekonferencje-pl-6-768x576.png 768w\" sizes=\"auto\" \/><\/figure>\n\n\n<p align=\"justify\">Pytanie o zaplecze konferencyjne obiekt\u00f3w wi\u0105\u017ce si\u0119 te\u017c z kolejnym pytaniem, kt\u00f3re zadali\u015bmy ich przedstawicielom<strong>. Dotyczy\u0142o ono realizacji tej cz\u0119\u015bci eventu, kt\u00f3ra jest online. Ponad po\u0142owa, czyli 52,1 % planuje obs\u0142ugiwa\u0107 zar\u00f3wno cz\u0119\u015b\u0107 online, jak i offline wydarze\u0144 hybrydowych w\u0142asnymi zasobami (sprz\u0119towymi i osobowymi). 32,4 % b\u0119dzie zleca\u0107 realizacj\u0119 cz\u0119\u015bci online eventu zewn\u0119trznej firmie.<\/strong> 14,1 % uwa\u017ca, \u017ce to klient powinien zadba\u0107 o realizacj\u0119 cz\u0119\u015bci online i przeprowadzi\u0107 j\u0105 na w\u0142asn\u0105 r\u0119k\u0119. Zaledwie jeden obiekt odpowiedzia\u0142, \u017ce nie zastanawia\u0142 si\u0119 jeszcze nad tym, bo i tak nie mia\u0142 \u017cadnych zapyta\u0144 o mo\u017cliwo\u015b\u0107 organizacji wydarze\u0144 hybrydowych.<\/p>\n\n\n<figure class=\"wp-block-image size-large\"><img loading=\"lazy\" decoding=\"async\" width=\"1024\" height=\"768\" src=\"https:\/\/www.mojekonferencje.pl\/blog\/wp-content\/uploads\/2021\/03\/organizacja-eventow-online-hybrydowych-z-dwoch-perspektyw-organizatora-i-obiektu-mojekonferencje-pl-7.png\" alt=\"\" class=\"wp-image-2217 lazyload\" data-srcset=\"https:\/\/www.mojekonferencje.pl\/blog\/wp-content\/uploads\/2021\/03\/organizacja-eventow-online-hybrydowych-z-dwoch-perspektyw-organizatora-i-obiektu-mojekonferencje-pl-7.png 1024w, https:\/\/www.mojekonferencje.pl\/blog\/wp-content\/uploads\/2021\/03\/organizacja-eventow-online-hybrydowych-z-dwoch-perspektyw-organizatora-i-obiektu-mojekonferencje-pl-7-300x225.png 300w, https:\/\/www.mojekonferencje.pl\/blog\/wp-content\/uploads\/2021\/03\/organizacja-eventow-online-hybrydowych-z-dwoch-perspektyw-organizatora-i-obiektu-mojekonferencje-pl-7-768x576.png 768w\" sizes=\"auto\" \/><\/figure>\n\n\n<p align=\"justify\">Z badania chcieli\u015bmy dowiedzie\u0107 si\u0119 r\u00f3wnie\u017c, <strong>jakie s\u0105 prognozy obiekt\u00f3w, je\u015bli chodzi o swoje przychody w perspektywie 2-3 lat.<\/strong> Ponad po\u0142owa uwa\u017ca, \u017ce <strong>przychody spadn\u0105 <\/strong>w wyniku przeniesienie cz\u0119\u015bci aktywno\u015bci do \u015bwiata online. Oko\u0142o 17 % uwa\u017ca, \u017ce <strong>przychody spadn\u0105<\/strong> z powodu kryzysu gospodarczego. Nie s\u0105 to wi\u0119c optymistyczne prognozy &#8211; \u0142\u0105cznie ponad 2\/3 obiekt\u00f3w uwa\u017ca, \u017ce ich przychody przez najbli\u017csze lata b\u0119d\u0105 mniejsze ni\u017c przed pandemi\u0105. 22,5 % os\u00f3b uwa\u017ca, \u017ce <strong>przychody wr\u00f3c\u0105 do poziomu z roku 2019<\/strong>. Tylko jedna osoba uwa\u017ca, \u017ce przychody wzrosn\u0105, bo rynek spotka\u0144 offline ma du\u017cy potencja\u0142 wzrostu. Inna z os\u00f3b r\u00f3wnie\u017c uwa\u017ca, \u017ce wzrosn\u0105, ale dlatego, \u017ce obiekty b\u0119d\u0105 mog\u0142y pozyska\u0107 wi\u0119cej pieni\u0119dzy z obs\u0142ugi online cz\u0119\u015bci spotka\u0144.<\/p>\n\n\n<figure class=\"wp-block-image size-large\"><img loading=\"lazy\" decoding=\"async\" width=\"1024\" height=\"768\" src=\"https:\/\/www.mojekonferencje.pl\/blog\/wp-content\/uploads\/2021\/03\/organizacja-eventow-online-hybrydowych-z-dwoch-perspektyw-organizatora-i-obiektu-mojekonferencje-pl-8.png\" alt=\"\" class=\"wp-image-2218 lazyload\" data-srcset=\"https:\/\/www.mojekonferencje.pl\/blog\/wp-content\/uploads\/2021\/03\/organizacja-eventow-online-hybrydowych-z-dwoch-perspektyw-organizatora-i-obiektu-mojekonferencje-pl-8.png 1024w, https:\/\/www.mojekonferencje.pl\/blog\/wp-content\/uploads\/2021\/03\/organizacja-eventow-online-hybrydowych-z-dwoch-perspektyw-organizatora-i-obiektu-mojekonferencje-pl-8-300x225.png 300w, https:\/\/www.mojekonferencje.pl\/blog\/wp-content\/uploads\/2021\/03\/organizacja-eventow-online-hybrydowych-z-dwoch-perspektyw-organizatora-i-obiektu-mojekonferencje-pl-8-768x576.png 768w\" sizes=\"auto\" \/><\/figure>\n\n\n<p align=\"justify\">Wychodz\u0105c troch\u0119 w przysz\u0142o\u015b\u0107, zapytali\u015bmy przedstawicieli obiekt\u00f3w o to, <strong>jak b\u0119d\u0105 wygl\u0105da\u0142y konferencje i inne eventy po zniesieniu ogranicze\u0144.<\/strong> Zdecydowana wi\u0119kszo\u015b\u0107 odpowiedzia\u0142a, \u017ce<strong> b\u0119d\u0105 dominowa\u0107 wydarzenia hybrydowe<\/strong>. Nieca\u0142a 1\/4 wskaza\u0142a, \u017ce bran\u017ca wr\u00f3ci do stanu przed pandemi\u0105 i rynek spotka\u0144 b\u0119dzie wygl\u0105da\u0107 tak samo jak kiedy\u015b, czyli g\u0142\u00f3wnie wydarzenia stacjonarne (offline). Zaledwie 3 % ankietowanych odpowiedzia\u0142o, \u017ce b\u0119d\u0105 organizowane tylko i wy\u0142\u0105cznie eventy online.<\/p>\n\n\n<figure class=\"wp-block-image size-large\"><img loading=\"lazy\" decoding=\"async\" width=\"1024\" height=\"768\" src=\"https:\/\/www.mojekonferencje.pl\/blog\/wp-content\/uploads\/2021\/03\/organizacja-eventow-online-hybrydowych-z-dwoch-perspektyw-organizatora-i-obiektu-mojekonferencje-pl-5.png\" alt=\"\" class=\"wp-image-2215 lazyload\" data-srcset=\"https:\/\/www.mojekonferencje.pl\/blog\/wp-content\/uploads\/2021\/03\/organizacja-eventow-online-hybrydowych-z-dwoch-perspektyw-organizatora-i-obiektu-mojekonferencje-pl-5.png 1024w, https:\/\/www.mojekonferencje.pl\/blog\/wp-content\/uploads\/2021\/03\/organizacja-eventow-online-hybrydowych-z-dwoch-perspektyw-organizatora-i-obiektu-mojekonferencje-pl-5-300x225.png 300w, https:\/\/www.mojekonferencje.pl\/blog\/wp-content\/uploads\/2021\/03\/organizacja-eventow-online-hybrydowych-z-dwoch-perspektyw-organizatora-i-obiektu-mojekonferencje-pl-5-768x576.png 768w\" sizes=\"auto\" \/><\/figure>\n\n\n<p align=\"justify\">Zapytali\u015bmy obiekty o to, <strong>kiedy w og\u00f3le spodziewaj\u0105 si\u0119 zniesienia ogranicze\u0144 w organizacji event\u00f3w stacjonarnych.<\/strong> Tu g\u0142osy by\u0142o bardzo podzielone. Najwi\u0119cej os\u00f3b uwa\u017ca, \u017ce mo\u017cliwo\u015b\u0107 organizacji wi\u0119kszych wydarze\u0144 stacjonarnych wr\u00f3ci <strong>w III kwartale tego roku.<\/strong> 29,6 % odpowiedzia\u0142o, \u017ce dopiero w przysz\u0142ym roku. 19,7 % os\u00f3b, \u017ce w II kwartale tego roku, a 15,5 % \u017ce w IV kwartale tego roku. Zaledwie tylko 1 osoba wierzy, \u017ce spotkania stacjonarne powr\u00f3c\u0105 jeszcze w tym aktualnie trwaj\u0105cym kwartale.<\/p>\n\n\n<figure class=\"wp-block-image size-large\"><img loading=\"lazy\" decoding=\"async\" width=\"1024\" height=\"768\" src=\"https:\/\/www.mojekonferencje.pl\/blog\/wp-content\/uploads\/2021\/03\/organizacja-eventow-online-hybrydowych-z-dwoch-perspektyw-organizatora-i-obiektu-mojekonferencje-pl-4.png\" alt=\"\" class=\"wp-image-2214 lazyload\" data-srcset=\"https:\/\/www.mojekonferencje.pl\/blog\/wp-content\/uploads\/2021\/03\/organizacja-eventow-online-hybrydowych-z-dwoch-perspektyw-organizatora-i-obiektu-mojekonferencje-pl-4.png 1024w, https:\/\/www.mojekonferencje.pl\/blog\/wp-content\/uploads\/2021\/03\/organizacja-eventow-online-hybrydowych-z-dwoch-perspektyw-organizatora-i-obiektu-mojekonferencje-pl-4-300x225.png 300w, https:\/\/www.mojekonferencje.pl\/blog\/wp-content\/uploads\/2021\/03\/organizacja-eventow-online-hybrydowych-z-dwoch-perspektyw-organizatora-i-obiektu-mojekonferencje-pl-4-768x576.png 768w\" sizes=\"auto\" \/><\/figure>\n\n\n<h3 align=\"justify\">Jakie wnioski mo\u017cemy wyci\u0105gn\u0105\u0107 z badania?<\/h3>\n<p align=\"justify\">Na pewno dobr\u0105 wiadomo\u015bci\u0105 jest to, \u017ce obiekty chc\u0105c pozyska\u0107 klient\u00f3w, przygotowuj\u0105 swoje zaplecze konferencyjne do organizacji wydarze\u0144 hybrydowych\/online. Niekt\u00f3re z nich inwestuj\u0105 w ca\u0142e studia multimedialne i swoj\u0105 ofert\u0119 podporz\u0105dkowuj\u0105 w\u0142a\u015bnie organizacji profesjonalnych spotka\u0144 online.<\/p>\n<p align=\"justify\">Niekt\u00f3re z obiekt\u00f3w zakupi\u0142y kamer\u0119 i mikrofon plus dbaj\u0105 o sta\u0142e i porz\u0105dne \u0142\u0105cze internetowe, co r\u00f3wnie\u017c jest bardzo dobre. Naszym zdaniem nie trzeba od razu inwestowa\u0107 bardzo du\u017cych sum pieni\u0119dzy w wyposa\u017cenie swojego obiektu. Wystarczy kilka sprz\u0119t\u00f3w, dobry internet, troch\u0119 sprytu i pomys\u0142u na interesuj\u0105c\u0105 ofert\u0119.<\/p>\n<p align=\"justify\">Organizatorzy i obiekty zdaj\u0105 sobie spraw\u0119, \u017ce eventy online i hybrydowe w najbli\u017cszym czasie b\u0119d\u0105 &#8222;na topie&#8221;. A\u017c 64,4 % organizator\u00f3w bior\u0105cych udzia\u0142 w naszym badaniu planuje organizacj\u0119 wydarze\u0144 online jeszcze w tym roku.<\/p>\n<p align=\"justify\">Dobr\u0105 wiadomo\u015bci\u0105 jest te\u017c to, \u017ce oczekiwania organizator\u00f3w i zmiany, kt\u00f3re wprowadzaj\u0105 u siebie obiekty pokrywaj\u0105 si\u0119, co oznacza, \u017ce obiekty inwestuj\u0105 w to, co rzeczywi\u015bcie przyci\u0105gnie klient\u00f3w i oka\u017ce si\u0119 dla nich atrakcyjne i konkurencyjne.<\/p>","protected":false},"excerpt":{"rendered":"<p>MojeKonferencje.pl w ostatnich tygodniach przeprowadzi\u0142y badanie, kt\u00f3re mia\u0142o na celu pokaza\u0107 sytuacj\u0119 bran\u017cy MICE z dw\u00f3ch perspektyw. Dane zbierali\u015bmy za pomoc\u0105 ankiet internetowych. Jedna z nich rozes\u0142ana zosta\u0142a do organizator\u00f3w wydarze\u0144 (73 ankietowanych), a druga do przedstawicieli obiekt\u00f3w (71 ankietowanych). Zapytali\u015bmy organizator\u00f3w wydarze\u0144, czy planuj\u0105 organizacj\u0119 wydarze\u0144 online w tym roku. Prawie 2\/3 ankietowanych odpowiedzia\u0142o, \u017ce tak, co, wed\u0142ug nas, jest dobr\u0105 informacj\u0105. Organizatorzy, kt\u00f3rzy przed pandemi\u0105 organizowali cz\u0119\u015bciej te stacjonarne imprezy, potrafi\u0105 dopasowa\u0107 form\u0119 eventu do aktualnej sytuacji pandemicznej. Umiej\u0119tno\u015b\u0107 dopasowania si\u0119 do zmieniaj\u0105cych reali\u00f3w mo\u017ce zaprocentowa\u0107 zar\u00f3wno teraz, jak i w przysz\u0142o\u015bci. Osoby, kt\u00f3re twierdz\u0105co odpowiedzia\u0142y na poprzednie&#8230;<\/p>\n","protected":false},"author":7,"featured_media":2232,"comment_status":"closed","ping_status":"closed","sticky":false,"template":"","format":"standard","meta":{"_acf_changed":false,"footnotes":""},"categories":[235],"tags":[],"class_list":["post-2208","post","type-post","status-publish","format-standard","has-post-thumbnail","hentry","category-hotele-w-czasach-epidemii"],"acf":[],"yoast_head":"<!-- This site is optimized with the Yoast SEO plugin v27.1.1 - https:\/\/yoast.com\/product\/yoast-seo-wordpress\/ -->\n<title>Organizacja event\u00f3w online\/hybrydowych z dw\u00f3ch perspektyw - organizatora i obiektu - blog | MojeKonferencje.pl<\/title>\n<meta name=\"description\" content=\"Organizacja event\u00f3w online\/hybrydowych z dw\u00f3ch perspektyw - organizatora i obiektu - blog | MojeKonferencje.pl\" \/>\n<meta name=\"robots\" content=\"index, follow, max-snippet:-1, max-image-preview:large, max-video-preview:-1\" \/>\n<link rel=\"canonical\" href=\"https:\/\/www.mojekonferencje.pl\/blog\/organizacja-eventow-online-hybrydowych-z-dwoch-perspektyw-organizatora-i-obiektu\/\" \/>\n<meta property=\"og:locale\" content=\"pl_PL\" \/>\n<meta property=\"og:type\" content=\"article\" \/>\n<meta property=\"og:title\" content=\"Organizacja event\u00f3w online\/hybrydowych z dw\u00f3ch perspektyw - organizatora i obiektu - blog | MojeKonferencje.pl\" \/>\n<meta property=\"og:description\" content=\"Organizacja event\u00f3w online\/hybrydowych z dw\u00f3ch perspektyw - organizatora i obiektu - blog | MojeKonferencje.pl\" \/>\n<meta property=\"og:url\" content=\"https:\/\/www.mojekonferencje.pl\/blog\/organizacja-eventow-online-hybrydowych-z-dwoch-perspektyw-organizatora-i-obiektu\/\" \/>\n<meta property=\"og:site_name\" content=\"MojeKonferencje.pl\" \/>\n<meta property=\"article:published_time\" content=\"2021-03-17T18:08:12+00:00\" \/>\n<meta property=\"article:modified_time\" content=\"2024-05-07T09:51:28+00:00\" \/>\n<meta property=\"og:image\" content=\"https:\/\/www.mojekonferencje.pl\/blog\/wp-content\/uploads\/2021\/03\/organizacja-eventow-online-hybrydowych-z-dwoch-perspektyw-organizatora-i-obiektu-mojekonferencjepl-1.png\" \/>\n\t<meta property=\"og:image:width\" content=\"1024\" \/>\n\t<meta property=\"og:image:height\" content=\"585\" \/>\n\t<meta property=\"og:image:type\" content=\"image\/png\" \/>\n<meta name=\"author\" content=\"Paulina Lubieniecka\" \/>\n<meta name=\"twitter:card\" content=\"summary_large_image\" \/>\n<meta name=\"twitter:label1\" content=\"Napisane przez\" \/>\n\t<meta name=\"twitter:data1\" content=\"Paulina Lubieniecka\" \/>\n\t<meta name=\"twitter:label2\" content=\"Szacowany czas czytania\" \/>\n\t<meta name=\"twitter:data2\" content=\"5 minut\" \/>\n<script type=\"application\/ld+json\" class=\"yoast-schema-graph\">{\"@context\":\"https:\/\/schema.org\",\"@graph\":[{\"@type\":\"Article\",\"@id\":\"https:\/\/www.mojekonferencje.pl\/blog\/organizacja-eventow-online-hybrydowych-z-dwoch-perspektyw-organizatora-i-obiektu\/#article\",\"isPartOf\":{\"@id\":\"https:\/\/www.mojekonferencje.pl\/blog\/organizacja-eventow-online-hybrydowych-z-dwoch-perspektyw-organizatora-i-obiektu\/\"},\"author\":{\"name\":\"Paulina Lubieniecka\",\"@id\":\"https:\/\/www.mojekonferencje.pl\/blog\/#\/schema\/person\/f31ed8b58d5df3a8bce17db5504ab032\"},\"headline\":\"Organizacja event\u00f3w online\/hybrydowych z dw\u00f3ch perspektyw &#8211; organizatora i obiektu\",\"datePublished\":\"2021-03-17T18:08:12+00:00\",\"dateModified\":\"2024-05-07T09:51:28+00:00\",\"mainEntityOfPage\":{\"@id\":\"https:\/\/www.mojekonferencje.pl\/blog\/organizacja-eventow-online-hybrydowych-z-dwoch-perspektyw-organizatora-i-obiektu\/\"},\"wordCount\":1105,\"image\":{\"@id\":\"https:\/\/www.mojekonferencje.pl\/blog\/organizacja-eventow-online-hybrydowych-z-dwoch-perspektyw-organizatora-i-obiektu\/#primaryimage\"},\"thumbnailUrl\":\"https:\/\/www.mojekonferencje.pl\/blog\/wp-content\/uploads\/2021\/03\/organizacja-eventow-online-hybrydowych-z-dwoch-perspektyw-organizatora-i-obiektu-mojekonferencjepl-1.png\",\"articleSection\":[\"Hotele w czasach epidemii\"],\"inLanguage\":\"pl-PL\"},{\"@type\":\"WebPage\",\"@id\":\"https:\/\/www.mojekonferencje.pl\/blog\/organizacja-eventow-online-hybrydowych-z-dwoch-perspektyw-organizatora-i-obiektu\/\",\"url\":\"https:\/\/www.mojekonferencje.pl\/blog\/organizacja-eventow-online-hybrydowych-z-dwoch-perspektyw-organizatora-i-obiektu\/\",\"name\":\"Organizacja event\u00f3w online\/hybrydowych z dw\u00f3ch perspektyw - organizatora i obiektu - blog | MojeKonferencje.pl\",\"isPartOf\":{\"@id\":\"https:\/\/www.mojekonferencje.pl\/blog\/#website\"},\"primaryImageOfPage\":{\"@id\":\"https:\/\/www.mojekonferencje.pl\/blog\/organizacja-eventow-online-hybrydowych-z-dwoch-perspektyw-organizatora-i-obiektu\/#primaryimage\"},\"image\":{\"@id\":\"https:\/\/www.mojekonferencje.pl\/blog\/organizacja-eventow-online-hybrydowych-z-dwoch-perspektyw-organizatora-i-obiektu\/#primaryimage\"},\"thumbnailUrl\":\"https:\/\/www.mojekonferencje.pl\/blog\/wp-content\/uploads\/2021\/03\/organizacja-eventow-online-hybrydowych-z-dwoch-perspektyw-organizatora-i-obiektu-mojekonferencjepl-1.png\",\"datePublished\":\"2021-03-17T18:08:12+00:00\",\"dateModified\":\"2024-05-07T09:51:28+00:00\",\"author\":{\"@id\":\"https:\/\/www.mojekonferencje.pl\/blog\/#\/schema\/person\/f31ed8b58d5df3a8bce17db5504ab032\"},\"description\":\"Organizacja event\u00f3w online\/hybrydowych z dw\u00f3ch perspektyw - organizatora i obiektu - blog | MojeKonferencje.pl\",\"breadcrumb\":{\"@id\":\"https:\/\/www.mojekonferencje.pl\/blog\/organizacja-eventow-online-hybrydowych-z-dwoch-perspektyw-organizatora-i-obiektu\/#breadcrumb\"},\"inLanguage\":\"pl-PL\",\"potentialAction\":[{\"@type\":\"ReadAction\",\"target\":[\"https:\/\/www.mojekonferencje.pl\/blog\/organizacja-eventow-online-hybrydowych-z-dwoch-perspektyw-organizatora-i-obiektu\/\"]}]},{\"@type\":\"ImageObject\",\"inLanguage\":\"pl-PL\",\"@id\":\"https:\/\/www.mojekonferencje.pl\/blog\/organizacja-eventow-online-hybrydowych-z-dwoch-perspektyw-organizatora-i-obiektu\/#primaryimage\",\"url\":\"https:\/\/www.mojekonferencje.pl\/blog\/wp-content\/uploads\/2021\/03\/organizacja-eventow-online-hybrydowych-z-dwoch-perspektyw-organizatora-i-obiektu-mojekonferencjepl-1.png\",\"contentUrl\":\"https:\/\/www.mojekonferencje.pl\/blog\/wp-content\/uploads\/2021\/03\/organizacja-eventow-online-hybrydowych-z-dwoch-perspektyw-organizatora-i-obiektu-mojekonferencjepl-1.png\",\"width\":1024,\"height\":585},{\"@type\":\"BreadcrumbList\",\"@id\":\"https:\/\/www.mojekonferencje.pl\/blog\/organizacja-eventow-online-hybrydowych-z-dwoch-perspektyw-organizatora-i-obiektu\/#breadcrumb\",\"itemListElement\":[{\"@type\":\"ListItem\",\"position\":1,\"name\":\"Strona g\u0142\u00f3wna\",\"item\":\"https:\/\/www.mojekonferencje.pl\/blog\/\"},{\"@type\":\"ListItem\",\"position\":2,\"name\":\"Organizacja event\u00f3w online\/hybrydowych z dw\u00f3ch perspektyw &#8211; organizatora i obiektu\"}]},{\"@type\":\"WebSite\",\"@id\":\"https:\/\/www.mojekonferencje.pl\/blog\/#website\",\"url\":\"https:\/\/www.mojekonferencje.pl\/blog\/\",\"name\":\"MojeKonferencje.pl\",\"description\":\"Blog bran\u017cy szkoleniowo-konferencyjnej. W\u0142\u0105cz si\u0119 do dyskusji o obiektach konferencyjnych i nowo\u015bciach z bran\u017cy! Poznaj porady odno\u015bnie organizacji konferencji, szkole\u0144 i event\u00f3w firmowych! Zach\u0119camy do wyra\u017cania opinii oraz komentarzy.\",\"potentialAction\":[{\"@type\":\"SearchAction\",\"target\":{\"@type\":\"EntryPoint\",\"urlTemplate\":\"https:\/\/www.mojekonferencje.pl\/blog\/?s={search_term_string}\"},\"query-input\":{\"@type\":\"PropertyValueSpecification\",\"valueRequired\":true,\"valueName\":\"search_term_string\"}}],\"inLanguage\":\"pl-PL\"},{\"@type\":\"Person\",\"@id\":\"https:\/\/www.mojekonferencje.pl\/blog\/#\/schema\/person\/f31ed8b58d5df3a8bce17db5504ab032\",\"name\":\"Paulina Lubieniecka\",\"description\":\"Manager ds. marketingu. Od ponad 5 lat zajmuje si\u0119 dzia\u0142ami content marketingu serwis\u00f3w konferencyjnych i weselnych. Prowadzi media spo\u0142eczno\u015bciowe, pisze artyku\u0142y i posty na blogi. Jest odpowiedzialna za komunikacj\u0119 zar\u00f3wno z organizatorami najwi\u0119kszych kongres\u00f3w i targ\u00f3w w Polsce, jak i regionalnych wydarze\u0144. Po pracy mi\u0142o\u015bniczka dobrej kuchni, podr\u00f3\u017cy i polskiej muzyki.\",\"sameAs\":[\"https:\/\/www.linkedin.com\/in\/paulina-lubieniecka\/\"],\"url\":\"https:\/\/www.mojekonferencje.pl\/blog\/author\/plubieniecka\/\"}]}<\/script>\n<!-- \/ Yoast SEO plugin. -->","yoast_head_json":{"title":"Organizacja event\u00f3w online\/hybrydowych z dw\u00f3ch perspektyw - organizatora i obiektu - blog | MojeKonferencje.pl","description":"Organizacja event\u00f3w online\/hybrydowych z dw\u00f3ch perspektyw - organizatora i obiektu - blog | MojeKonferencje.pl","robots":{"index":"index","follow":"follow","max-snippet":"max-snippet:-1","max-image-preview":"max-image-preview:large","max-video-preview":"max-video-preview:-1"},"canonical":"https:\/\/www.mojekonferencje.pl\/blog\/organizacja-eventow-online-hybrydowych-z-dwoch-perspektyw-organizatora-i-obiektu\/","og_locale":"pl_PL","og_type":"article","og_title":"Organizacja event\u00f3w online\/hybrydowych z dw\u00f3ch perspektyw - organizatora i obiektu - blog | MojeKonferencje.pl","og_description":"Organizacja event\u00f3w online\/hybrydowych z dw\u00f3ch perspektyw - organizatora i obiektu - blog | MojeKonferencje.pl","og_url":"https:\/\/www.mojekonferencje.pl\/blog\/organizacja-eventow-online-hybrydowych-z-dwoch-perspektyw-organizatora-i-obiektu\/","og_site_name":"MojeKonferencje.pl","article_published_time":"2021-03-17T18:08:12+00:00","article_modified_time":"2024-05-07T09:51:28+00:00","og_image":[{"width":1024,"height":585,"url":"https:\/\/www.mojekonferencje.pl\/blog\/wp-content\/uploads\/2021\/03\/organizacja-eventow-online-hybrydowych-z-dwoch-perspektyw-organizatora-i-obiektu-mojekonferencjepl-1.png","type":"image\/png"}],"author":"Paulina Lubieniecka","twitter_card":"summary_large_image","twitter_misc":{"Napisane przez":"Paulina Lubieniecka","Szacowany czas czytania":"5 minut"},"schema":{"@context":"https:\/\/schema.org","@graph":[{"@type":"Article","@id":"https:\/\/www.mojekonferencje.pl\/blog\/organizacja-eventow-online-hybrydowych-z-dwoch-perspektyw-organizatora-i-obiektu\/#article","isPartOf":{"@id":"https:\/\/www.mojekonferencje.pl\/blog\/organizacja-eventow-online-hybrydowych-z-dwoch-perspektyw-organizatora-i-obiektu\/"},"author":{"name":"Paulina Lubieniecka","@id":"https:\/\/www.mojekonferencje.pl\/blog\/#\/schema\/person\/f31ed8b58d5df3a8bce17db5504ab032"},"headline":"Organizacja event\u00f3w online\/hybrydowych z dw\u00f3ch perspektyw &#8211; organizatora i obiektu","datePublished":"2021-03-17T18:08:12+00:00","dateModified":"2024-05-07T09:51:28+00:00","mainEntityOfPage":{"@id":"https:\/\/www.mojekonferencje.pl\/blog\/organizacja-eventow-online-hybrydowych-z-dwoch-perspektyw-organizatora-i-obiektu\/"},"wordCount":1105,"image":{"@id":"https:\/\/www.mojekonferencje.pl\/blog\/organizacja-eventow-online-hybrydowych-z-dwoch-perspektyw-organizatora-i-obiektu\/#primaryimage"},"thumbnailUrl":"https:\/\/www.mojekonferencje.pl\/blog\/wp-content\/uploads\/2021\/03\/organizacja-eventow-online-hybrydowych-z-dwoch-perspektyw-organizatora-i-obiektu-mojekonferencjepl-1.png","articleSection":["Hotele w czasach epidemii"],"inLanguage":"pl-PL"},{"@type":"WebPage","@id":"https:\/\/www.mojekonferencje.pl\/blog\/organizacja-eventow-online-hybrydowych-z-dwoch-perspektyw-organizatora-i-obiektu\/","url":"https:\/\/www.mojekonferencje.pl\/blog\/organizacja-eventow-online-hybrydowych-z-dwoch-perspektyw-organizatora-i-obiektu\/","name":"Organizacja event\u00f3w online\/hybrydowych z dw\u00f3ch perspektyw - organizatora i obiektu - blog | MojeKonferencje.pl","isPartOf":{"@id":"https:\/\/www.mojekonferencje.pl\/blog\/#website"},"primaryImageOfPage":{"@id":"https:\/\/www.mojekonferencje.pl\/blog\/organizacja-eventow-online-hybrydowych-z-dwoch-perspektyw-organizatora-i-obiektu\/#primaryimage"},"image":{"@id":"https:\/\/www.mojekonferencje.pl\/blog\/organizacja-eventow-online-hybrydowych-z-dwoch-perspektyw-organizatora-i-obiektu\/#primaryimage"},"thumbnailUrl":"https:\/\/www.mojekonferencje.pl\/blog\/wp-content\/uploads\/2021\/03\/organizacja-eventow-online-hybrydowych-z-dwoch-perspektyw-organizatora-i-obiektu-mojekonferencjepl-1.png","datePublished":"2021-03-17T18:08:12+00:00","dateModified":"2024-05-07T09:51:28+00:00","author":{"@id":"https:\/\/www.mojekonferencje.pl\/blog\/#\/schema\/person\/f31ed8b58d5df3a8bce17db5504ab032"},"description":"Organizacja event\u00f3w online\/hybrydowych z dw\u00f3ch perspektyw - organizatora i obiektu - blog | MojeKonferencje.pl","breadcrumb":{"@id":"https:\/\/www.mojekonferencje.pl\/blog\/organizacja-eventow-online-hybrydowych-z-dwoch-perspektyw-organizatora-i-obiektu\/#breadcrumb"},"inLanguage":"pl-PL","potentialAction":[{"@type":"ReadAction","target":["https:\/\/www.mojekonferencje.pl\/blog\/organizacja-eventow-online-hybrydowych-z-dwoch-perspektyw-organizatora-i-obiektu\/"]}]},{"@type":"ImageObject","inLanguage":"pl-PL","@id":"https:\/\/www.mojekonferencje.pl\/blog\/organizacja-eventow-online-hybrydowych-z-dwoch-perspektyw-organizatora-i-obiektu\/#primaryimage","url":"https:\/\/www.mojekonferencje.pl\/blog\/wp-content\/uploads\/2021\/03\/organizacja-eventow-online-hybrydowych-z-dwoch-perspektyw-organizatora-i-obiektu-mojekonferencjepl-1.png","contentUrl":"https:\/\/www.mojekonferencje.pl\/blog\/wp-content\/uploads\/2021\/03\/organizacja-eventow-online-hybrydowych-z-dwoch-perspektyw-organizatora-i-obiektu-mojekonferencjepl-1.png","width":1024,"height":585},{"@type":"BreadcrumbList","@id":"https:\/\/www.mojekonferencje.pl\/blog\/organizacja-eventow-online-hybrydowych-z-dwoch-perspektyw-organizatora-i-obiektu\/#breadcrumb","itemListElement":[{"@type":"ListItem","position":1,"name":"Strona g\u0142\u00f3wna","item":"https:\/\/www.mojekonferencje.pl\/blog\/"},{"@type":"ListItem","position":2,"name":"Organizacja event\u00f3w online\/hybrydowych z dw\u00f3ch perspektyw &#8211; organizatora i obiektu"}]},{"@type":"WebSite","@id":"https:\/\/www.mojekonferencje.pl\/blog\/#website","url":"https:\/\/www.mojekonferencje.pl\/blog\/","name":"MojeKonferencje.pl","description":"Blog bran\u017cy szkoleniowo-konferencyjnej. W\u0142\u0105cz si\u0119 do dyskusji o obiektach konferencyjnych i nowo\u015bciach z bran\u017cy! Poznaj porady odno\u015bnie organizacji konferencji, szkole\u0144 i event\u00f3w firmowych! Zach\u0119camy do wyra\u017cania opinii oraz komentarzy.","potentialAction":[{"@type":"SearchAction","target":{"@type":"EntryPoint","urlTemplate":"https:\/\/www.mojekonferencje.pl\/blog\/?s={search_term_string}"},"query-input":{"@type":"PropertyValueSpecification","valueRequired":true,"valueName":"search_term_string"}}],"inLanguage":"pl-PL"},{"@type":"Person","@id":"https:\/\/www.mojekonferencje.pl\/blog\/#\/schema\/person\/f31ed8b58d5df3a8bce17db5504ab032","name":"Paulina Lubieniecka","description":"Manager ds. marketingu. Od ponad 5 lat zajmuje si\u0119 dzia\u0142ami content marketingu serwis\u00f3w konferencyjnych i weselnych. Prowadzi media spo\u0142eczno\u015bciowe, pisze artyku\u0142y i posty na blogi. Jest odpowiedzialna za komunikacj\u0119 zar\u00f3wno z organizatorami najwi\u0119kszych kongres\u00f3w i targ\u00f3w w Polsce, jak i regionalnych wydarze\u0144. Po pracy mi\u0142o\u015bniczka dobrej kuchni, podr\u00f3\u017cy i polskiej muzyki.","sameAs":["https:\/\/www.linkedin.com\/in\/paulina-lubieniecka\/"],"url":"https:\/\/www.mojekonferencje.pl\/blog\/author\/plubieniecka\/"}]}},"_links":{"self":[{"href":"https:\/\/www.mojekonferencje.pl\/blog\/wp-json\/wp\/v2\/posts\/2208","targetHints":{"allow":["GET"]}}],"collection":[{"href":"https:\/\/www.mojekonferencje.pl\/blog\/wp-json\/wp\/v2\/posts"}],"about":[{"href":"https:\/\/www.mojekonferencje.pl\/blog\/wp-json\/wp\/v2\/types\/post"}],"author":[{"embeddable":true,"href":"https:\/\/www.mojekonferencje.pl\/blog\/wp-json\/wp\/v2\/users\/7"}],"replies":[{"embeddable":true,"href":"https:\/\/www.mojekonferencje.pl\/blog\/wp-json\/wp\/v2\/comments?post=2208"}],"version-history":[{"count":9,"href":"https:\/\/www.mojekonferencje.pl\/blog\/wp-json\/wp\/v2\/posts\/2208\/revisions"}],"predecessor-version":[{"id":2234,"href":"https:\/\/www.mojekonferencje.pl\/blog\/wp-json\/wp\/v2\/posts\/2208\/revisions\/2234"}],"wp:featuredmedia":[{"embeddable":true,"href":"https:\/\/www.mojekonferencje.pl\/blog\/wp-json\/wp\/v2\/media\/2232"}],"wp:attachment":[{"href":"https:\/\/www.mojekonferencje.pl\/blog\/wp-json\/wp\/v2\/media?parent=2208"}],"wp:term":[{"taxonomy":"category","embeddable":true,"href":"https:\/\/www.mojekonferencje.pl\/blog\/wp-json\/wp\/v2\/categories?post=2208"},{"taxonomy":"post_tag","embeddable":true,"href":"https:\/\/www.mojekonferencje.pl\/blog\/wp-json\/wp\/v2\/tags?post=2208"}],"curies":[{"name":"wp","href":"https:\/\/api.w.org\/{rel}","templated":true}]}}