{"id":2238,"date":"2021-05-31T12:17:00","date_gmt":"2021-05-31T10:17:00","guid":{"rendered":"https:\/\/www.mojekonferencje.pl\/blog\/?p=2238"},"modified":"2024-05-07T11:51:28","modified_gmt":"2024-05-07T09:51:28","slug":"miejsca-z-plenerem-na-event-w-wielkopolsce-cz-2","status":"publish","type":"post","link":"https:\/\/www.mojekonferencje.pl\/blog\/miejsca-z-plenerem-na-event-w-wielkopolsce-cz-2\/","title":{"rendered":"Miejsca z plenerem na event w Wielkopolsce cz. 2"},"content":{"rendered":"<p align=\"justify\"><strong>Pora na drug\u0105 cz\u0119\u015b\u0107 naszego zestawienia z miejscami, w kt\u00f3rych zorganizujesz udane wydarzenie w Wielkopolsce. W pierwszej cz\u0119\u015bci przedstawili\u015bmy Wam ju\u017c kilka wartych uwagi miejsc. Teraz czas na kolejne propozycje. Mamy nadziej\u0119, \u017ce zestawienie si\u0119 Wam przyda &#8211; zw\u0142aszcza teraz, kiedy aktualne rozporz\u0105dzenia umo\u017cliwiaj\u0105 organizacj\u0119 wi\u0119kszych wydarze\u0144 tylko na \u015bwie\u017cym powietrzu.<\/strong><\/p>\n\n\n<h2 class=\"has-text-align-center wp-block-heading\"><a href=\"https:\/\/www.mojekonferencje.pl\/krzyz-wielkopolski\/pestkownica\" target=\"_blank\" rel=\"noreferrer noopener\">Pestkownica<\/a><\/h2>\n\n\n\n<figure class=\"wp-block-image size-large\"><img loading=\"lazy\" decoding=\"async\" width=\"1024\" height=\"683\" src=\"https:\/\/www.mojekonferencje.pl\/blog\/wp-content\/uploads\/2021\/06\/szachysmall-1024x683.jpg\" alt=\"\" class=\"wp-image-2242 lazyload\" data-srcset=\"https:\/\/www.mojekonferencje.pl\/blog\/wp-content\/uploads\/2021\/06\/szachysmall-1024x683.jpg 1024w, https:\/\/www.mojekonferencje.pl\/blog\/wp-content\/uploads\/2021\/06\/szachysmall-300x200.jpg 300w, https:\/\/www.mojekonferencje.pl\/blog\/wp-content\/uploads\/2021\/06\/szachysmall-768x512.jpg 768w, https:\/\/www.mojekonferencje.pl\/blog\/wp-content\/uploads\/2021\/06\/szachysmall-1536x1024.jpg 1536w, https:\/\/www.mojekonferencje.pl\/blog\/wp-content\/uploads\/2021\/06\/szachysmall.jpg 1920w\" sizes=\"auto\" \/><\/figure>\n\n\n\n<p>Rezydencja mie\u015bci si\u0119 na terenie Puszczy Drawskiej, w po\u0142owie drogi pomi\u0119dzy Wa\u0142czem a Dobiegniewem. Otoczenie 50 hektar\u00f3w teren\u00f3w zielonych daje wiele mo\u017cliwo\u015bci organizacji wydarze\u0144 i wyjazd\u00f3w firmowych. Na go\u015bci czeka wiele atrakcji, w tym prywatny dost\u0119p do jeziora, strzelnica, obserwatorium astronomiczne, park linowy, paintball, pole golfowe, infrastruktura sportowa, samochody terenowe i wiata grillowa.<\/p>\n\n\n\n<figure class=\"wp-block-image size-large\"><img loading=\"lazy\" decoding=\"async\" width=\"1024\" height=\"683\" src=\"https:\/\/www.mojekonferencje.pl\/blog\/wp-content\/uploads\/2021\/06\/1801090436-1024x683.jpg\" alt=\"\" class=\"wp-image-2241 lazyload\" data-srcset=\"https:\/\/www.mojekonferencje.pl\/blog\/wp-content\/uploads\/2021\/06\/1801090436-1024x683.jpg 1024w, https:\/\/www.mojekonferencje.pl\/blog\/wp-content\/uploads\/2021\/06\/1801090436-300x200.jpg 300w, https:\/\/www.mojekonferencje.pl\/blog\/wp-content\/uploads\/2021\/06\/1801090436-768x513.jpg 768w, https:\/\/www.mojekonferencje.pl\/blog\/wp-content\/uploads\/2021\/06\/1801090436-1536x1025.jpg 1536w, https:\/\/www.mojekonferencje.pl\/blog\/wp-content\/uploads\/2021\/06\/1801090436.jpg 1900w\" sizes=\"auto\" \/><\/figure>\n\n\n\n<h2 class=\"has-text-align-center wp-block-heading\"><a href=\"https:\/\/www.mojekonferencje.pl\/lichen-stary\/hotel-atut-wielkopolskie-centrum-konferencyjne\" target=\"_blank\" rel=\"noreferrer noopener\">Hotel Atut<\/a><\/h2>\n\n\n\n<figure class=\"wp-block-image size-large\"><img loading=\"lazy\" decoding=\"async\" width=\"1024\" height=\"767\" src=\"https:\/\/www.mojekonferencje.pl\/blog\/wp-content\/uploads\/2021\/06\/dji-0022-1024x767.jpg\" alt=\"\" class=\"wp-image-2243 lazyload\" data-srcset=\"https:\/\/www.mojekonferencje.pl\/blog\/wp-content\/uploads\/2021\/06\/dji-0022-1024x767.jpg 1024w, https:\/\/www.mojekonferencje.pl\/blog\/wp-content\/uploads\/2021\/06\/dji-0022-300x225.jpg 300w, https:\/\/www.mojekonferencje.pl\/blog\/wp-content\/uploads\/2021\/06\/dji-0022-768x575.jpg 768w, https:\/\/www.mojekonferencje.pl\/blog\/wp-content\/uploads\/2021\/06\/dji-0022-1536x1151.jpg 1536w, https:\/\/www.mojekonferencje.pl\/blog\/wp-content\/uploads\/2021\/06\/dji-0022.jpg 1890w\" sizes=\"auto\" \/><\/figure>\n\n\n\n<p>Lokalizacja w centrum Polski sprawia, \u017ce Hotel Atut cz\u0119sto wybierany jest jako destynacja biznesowa. Sprawdzi si\u0119 r\u00f3wnie\u017c na pobyty rodzinne. Usytuowanie na terenie malowniczych teren\u00f3w zielonych (lasy, jezioro) umo\u017cliwia organizatorom wdra\u017canie kreatywnych plan\u00f3w organizacyjnych. Go\u015bcie maj\u0105 do dyspozycji rozbudowan\u0105 infrastuktur\u0119 sportow\u0105, kt\u00f3ra sprawdzi si\u0119 w przypadku wyjazd\u00f3w integracyjnych i piknik\u00f3w rodzinnych. Mo\u017cecie rywalizowa\u0107 m.in. podczas konkurencji strzeleckich, rajd\u00f3w rowerowych, painballa, speedballa, kr\u0119gli czy tenisa sto\u0142owego. Organizowane s\u0105 te\u017c imprezy tematyczne. Hotel Atut wsp\u00f3\u0142pracuje z lokalnymi firmami, kt\u00f3re realizuj\u0105 r\u00f3\u017cne ciekawe projekty.<\/p>\n\n\n\n<figure class=\"wp-block-image size-large\"><img loading=\"lazy\" decoding=\"async\" width=\"1024\" height=\"682\" src=\"https:\/\/www.mojekonferencje.pl\/blog\/wp-content\/uploads\/2021\/06\/dsc1612-1024x682.jpg\" alt=\"\" class=\"wp-image-2244 lazyload\" data-srcset=\"https:\/\/www.mojekonferencje.pl\/blog\/wp-content\/uploads\/2021\/06\/dsc1612-1024x682.jpg 1024w, https:\/\/www.mojekonferencje.pl\/blog\/wp-content\/uploads\/2021\/06\/dsc1612-300x200.jpg 300w, https:\/\/www.mojekonferencje.pl\/blog\/wp-content\/uploads\/2021\/06\/dsc1612-768x511.jpg 768w, https:\/\/www.mojekonferencje.pl\/blog\/wp-content\/uploads\/2021\/06\/dsc1612.jpg 1250w\" sizes=\"auto\" \/><\/figure>\n\n\n\n<h2 class=\"has-text-align-center wp-block-heading\"><a href=\"https:\/\/www.mojekonferencje.pl\/nekla\/hotel-barczyzna\" target=\"_blank\" rel=\"noreferrer noopener\">Hotel Barczyzna Medical SPA<\/a><\/h2>\n\n\n\n<figure class=\"wp-block-image size-large\"><img loading=\"lazy\" decoding=\"async\" width=\"1024\" height=\"681\" src=\"https:\/\/www.mojekonferencje.pl\/blog\/wp-content\/uploads\/2021\/06\/hh-1024x681.jpg\" alt=\"\" class=\"wp-image-2246 lazyload\" data-srcset=\"https:\/\/www.mojekonferencje.pl\/blog\/wp-content\/uploads\/2021\/06\/hh-1024x681.jpg 1024w, https:\/\/www.mojekonferencje.pl\/blog\/wp-content\/uploads\/2021\/06\/hh-300x200.jpg 300w, https:\/\/www.mojekonferencje.pl\/blog\/wp-content\/uploads\/2021\/06\/hh-768x511.jpg 768w, https:\/\/www.mojekonferencje.pl\/blog\/wp-content\/uploads\/2021\/06\/hh.jpg 1353w\" sizes=\"auto\" \/><\/figure>\n\n\n\n<p>Zaledwie 35 km od Poznania znajduje si\u0119 Hotel Barczyzna Medical SPA, w kt\u00f3rym nie tylko ukoisz zmys\u0142y i zrelaksujesz, ale r\u00f3wnie\u017c zorganizujesz niezapomnian\u0105 imprez\u0119 w plenerze. Oboj\u0119tnie, czy b\u0119dzie to wyjazd firmowy, czy piknik rodzinny. Atrakcji jest co nie miara i trudno si\u0119 tu nudzi\u0107! Przejedziesz si\u0119 bryczk\u0105, pograsz w nog\u0119, tenisa i zorganizujesz ognisko b\u0105d\u017a grilla. Zielony teren umo\u017cliwia organizacj\u0119 imprez plenerowych do nawet kilkuset os\u00f3b. To doskona\u0142e miejsce dla os\u00f3b, kt\u00f3re szukaj\u0105 pod Poznaniem miejsca na organizacj\u0119 du\u017cej imprezy pod chmurk\u0105. A i przespa\u0107 si\u0119 mo\u017cna, poniewa\u017c hotel oferuje komfortowe pokoje. Zjesz tu te\u017c pysznego jesiotra na ma\u015ble klarowanym.<\/p>\n\n\n\n<figure class=\"wp-block-image size-large\"><img loading=\"lazy\" decoding=\"async\" width=\"1024\" height=\"685\" src=\"https:\/\/www.mojekonferencje.pl\/blog\/wp-content\/uploads\/2021\/06\/ognisko1-1024x685.jpg\" alt=\"\" class=\"wp-image-2245 lazyload\" data-srcset=\"https:\/\/www.mojekonferencje.pl\/blog\/wp-content\/uploads\/2021\/06\/ognisko1-1024x685.jpg 1024w, https:\/\/www.mojekonferencje.pl\/blog\/wp-content\/uploads\/2021\/06\/ognisko1-300x201.jpg 300w, https:\/\/www.mojekonferencje.pl\/blog\/wp-content\/uploads\/2021\/06\/ognisko1-768x514.jpg 768w, https:\/\/www.mojekonferencje.pl\/blog\/wp-content\/uploads\/2021\/06\/ognisko1.jpg 1346w\" sizes=\"auto\" \/><\/figure>\n\n\n\n<h2 class=\"has-text-align-center wp-block-heading\"><a href=\"https:\/\/www.mojekonferencje.pl\/zbaszyn\/hotel-navigator\" target=\"_blank\" rel=\"noreferrer noopener\">Hotel Navigator<\/a><\/h2>\n\n\n\n<figure class=\"wp-block-image size-large\"><img loading=\"lazy\" decoding=\"async\" width=\"1024\" height=\"683\" src=\"https:\/\/www.mojekonferencje.pl\/blog\/wp-content\/uploads\/2021\/06\/navigator-fasada-zaba-1024x683.jpg\" alt=\"\" class=\"wp-image-2248 lazyload\" data-srcset=\"https:\/\/www.mojekonferencje.pl\/blog\/wp-content\/uploads\/2021\/06\/navigator-fasada-zaba-1024x683.jpg 1024w, https:\/\/www.mojekonferencje.pl\/blog\/wp-content\/uploads\/2021\/06\/navigator-fasada-zaba-300x200.jpg 300w, https:\/\/www.mojekonferencje.pl\/blog\/wp-content\/uploads\/2021\/06\/navigator-fasada-zaba-768x512.jpg 768w, https:\/\/www.mojekonferencje.pl\/blog\/wp-content\/uploads\/2021\/06\/navigator-fasada-zaba-1536x1025.jpg 1536w, https:\/\/www.mojekonferencje.pl\/blog\/wp-content\/uploads\/2021\/06\/navigator-fasada-zaba-2048x1366.jpg 2048w\" sizes=\"auto\" \/><\/figure>\n\n\n\n<p>Je\u015bli szukasz miejsca na eventy plenerowe w Wielkopolsce, to Hotel Navigator te\u017c koniecznie musisz sprawdzi\u0107! Du\u017cy teren nad jeziorem sprawdzi si\u0119 na rozmaite imprezy pod go\u0142ym niebem. Trawniki, pomosty, bujna natura, rze\u017aby parkowe. Malownicza okolica sprzyja organizacji wydarze\u0144 i budowania niepowtarzalnego klimatu. Obiekt dysponuje infrastruktur\u0105 i personelem potrzebnym do zorganizowania event\u00f3w plenerowych, w tym firmowych piknik\u00f3w. Daje te\u017c mo\u017cliwo\u015b\u0107 zam\u00f3wienia cateringu plenerowego. Hotel w Zb\u0105szyniu oferuje te\u017c wiele pomys\u0142\u00f3w na scenariusze imprez wydarze\u0144. Zar\u00f3wno dla firm, jak i dla rodzin. Hotel dysponuje parkingiem na ponad 50 samochod\u00f3w i na 2 autobusy.<\/p>\n\n\n\n<figure class=\"wp-block-image size-large\"><img loading=\"lazy\" decoding=\"async\" width=\"1024\" height=\"682\" src=\"https:\/\/www.mojekonferencje.pl\/blog\/wp-content\/uploads\/2021\/06\/navigator-lotnicze-1024x682.jpg\" alt=\"\" class=\"wp-image-2247 lazyload\" data-srcset=\"https:\/\/www.mojekonferencje.pl\/blog\/wp-content\/uploads\/2021\/06\/navigator-lotnicze-1024x682.jpg 1024w, https:\/\/www.mojekonferencje.pl\/blog\/wp-content\/uploads\/2021\/06\/navigator-lotnicze-300x200.jpg 300w, https:\/\/www.mojekonferencje.pl\/blog\/wp-content\/uploads\/2021\/06\/navigator-lotnicze-768x511.jpg 768w, https:\/\/www.mojekonferencje.pl\/blog\/wp-content\/uploads\/2021\/06\/navigator-lotnicze-1536x1022.jpg 1536w, https:\/\/www.mojekonferencje.pl\/blog\/wp-content\/uploads\/2021\/06\/navigator-lotnicze.jpg 1600w\" sizes=\"auto\" \/><\/figure>\n\n\n\n<h2 class=\"has-text-align-center wp-block-heading\"><a href=\"https:\/\/www.mojekonferencje.pl\/steszew\/hotel-restauracja-delicjusz\" target=\"_blank\" rel=\"noreferrer noopener\">Hotel Delicjusz<\/a><\/h2>\n\n\n\n<figure class=\"wp-block-image size-large\"><img loading=\"lazy\" decoding=\"async\" width=\"1024\" height=\"614\" src=\"https:\/\/www.mojekonferencje.pl\/blog\/wp-content\/uploads\/2021\/05\/polana-_-deli-_-hotel.jpg-1024x614.jpg\" alt=\"\" class=\"wp-image-2254 lazyload\" data-srcset=\"https:\/\/www.mojekonferencje.pl\/blog\/wp-content\/uploads\/2021\/05\/polana-_-deli-_-hotel.jpg-1024x614.jpg 1024w, https:\/\/www.mojekonferencje.pl\/blog\/wp-content\/uploads\/2021\/05\/polana-_-deli-_-hotel.jpg-300x180.jpg 300w, https:\/\/www.mojekonferencje.pl\/blog\/wp-content\/uploads\/2021\/05\/polana-_-deli-_-hotel.jpg-768x461.jpg 768w, https:\/\/www.mojekonferencje.pl\/blog\/wp-content\/uploads\/2021\/05\/polana-_-deli-_-hotel.jpg-1536x922.jpg 1536w, https:\/\/www.mojekonferencje.pl\/blog\/wp-content\/uploads\/2021\/05\/polana-_-deli-_-hotel.jpg.jpg 1600w\" sizes=\"auto\" \/><\/figure>\n\n\n\n<p>Miejsce to powinno spodoba\u0107 si\u0119 amatorom aktywnego wypoczynku i ekstremalnych form sp\u0119dzania wolnego czasu. W ofercie wielkopolskiego hotelu znajduje si\u0119 bowiem miejsce na paintball, strzelanie z \u0142uku, wiatr\u00f3wki czy broni pneumatycznej. Dodatkowo du\u017ce otwarte przestrzenie i mn\u00f3stwo zieleni zach\u0119caj\u0105 do organizowania plenerowych event\u00f3w. W s\u0105siedztwie las\u00f3w mo\u017cna organizowa\u0107 niezapomniane pikniki firmowe, zabawy integracyjne i zawody sportowe. Obiekt wsp\u00f3\u0142pracuje z wieloma wielkopolskimi agencjami eventowymi, kt\u00f3re przygotuj\u0105 na pewno wiele ciekawych scenariuszy.<\/p>\n\n\n\n<figure class=\"wp-block-image size-large\"><img loading=\"lazy\" decoding=\"async\" width=\"1024\" height=\"576\" src=\"https:\/\/www.mojekonferencje.pl\/blog\/wp-content\/uploads\/2021\/05\/DSC_1059.JPG-1024x576.jpg\" alt=\"\" class=\"wp-image-2253 lazyload\" data-srcset=\"https:\/\/www.mojekonferencje.pl\/blog\/wp-content\/uploads\/2021\/05\/DSC_1059.JPG-1024x576.jpg 1024w, https:\/\/www.mojekonferencje.pl\/blog\/wp-content\/uploads\/2021\/05\/DSC_1059.JPG-300x169.jpg 300w, https:\/\/www.mojekonferencje.pl\/blog\/wp-content\/uploads\/2021\/05\/DSC_1059.JPG-768x432.jpg 768w, https:\/\/www.mojekonferencje.pl\/blog\/wp-content\/uploads\/2021\/05\/DSC_1059.JPG-1536x864.jpg 1536w, https:\/\/www.mojekonferencje.pl\/blog\/wp-content\/uploads\/2021\/05\/DSC_1059.JPG-640x360.jpg 640w, https:\/\/www.mojekonferencje.pl\/blog\/wp-content\/uploads\/2021\/05\/DSC_1059.JPG-320x180.jpg 320w, https:\/\/www.mojekonferencje.pl\/blog\/wp-content\/uploads\/2021\/05\/DSC_1059.JPG-480x270.jpg 480w, https:\/\/www.mojekonferencje.pl\/blog\/wp-content\/uploads\/2021\/05\/DSC_1059.JPG-960x540.jpg 960w, https:\/\/www.mojekonferencje.pl\/blog\/wp-content\/uploads\/2021\/05\/DSC_1059.JPG-1280x720.jpg 1280w, https:\/\/www.mojekonferencje.pl\/blog\/wp-content\/uploads\/2021\/05\/DSC_1059.JPG.jpg 1600w\" sizes=\"auto\" \/><\/figure>\n\n\n\n<p>Jak Wam si\u0119 podobaj\u0105 nasze kolejne propozycje? Zach\u0119cili\u015bmy Was do zorganizowania jakiego\u015b fajnego wydarzenia plenerowego? Wielkopolska ma wiele do zaoferowania! A to wszystko w centralnej cz\u0119\u015bci kraju \ud83d\ude09\ud83d\udc4c<\/p>\n","protected":false},"excerpt":{"rendered":"<p>Pora na drug\u0105 cz\u0119\u015b\u0107 naszego zestawienia z miejscami, w kt\u00f3rych zorganizujesz udane wydarzenie w Wielkopolsce. W pierwszej cz\u0119\u015bci przedstawili\u015bmy Wam ju\u017c kilka wartych uwagi miejsc. Teraz czas na kolejne propozycje. Mamy nadziej\u0119, \u017ce zestawienie si\u0119 Wam przyda &#8211; zw\u0142aszcza teraz, kiedy aktualne rozporz\u0105dzenia umo\u017cliwiaj\u0105 organizacj\u0119 wi\u0119kszych wydarze\u0144 tylko na \u015bwie\u017cym powietrzu. Pestkownica Rezydencja mie\u015bci si\u0119 na terenie Puszczy Drawskiej, w po\u0142owie drogi pomi\u0119dzy Wa\u0142czem a Dobiegniewem. Otoczenie 50 hektar\u00f3w teren\u00f3w zielonych daje wiele mo\u017cliwo\u015bci organizacji wydarze\u0144 i wyjazd\u00f3w firmowych. Na go\u015bci czeka wiele atrakcji, w tym prywatny dost\u0119p do jeziora, strzelnica, obserwatorium astronomiczne, park linowy, paintball, pole golfowe, infrastruktura sportowa,&#8230;<\/p>\n","protected":false},"author":7,"featured_media":2250,"comment_status":"closed","ping_status":"closed","sticky":false,"template":"","format":"standard","meta":{"_acf_changed":false,"footnotes":""},"categories":[11,175],"tags":[257],"class_list":["post-2238","post","type-post","status-publish","format-standard","has-post-thumbnail","hentry","category-konferencyjny-relaks","category-wybieranie-miejsca-konferencyjnego","tag-paulinalubieniecka"],"acf":[],"yoast_head":"<!-- This site is optimized with the Yoast SEO plugin v27.1.1 - https:\/\/yoast.com\/product\/yoast-seo-wordpress\/ -->\n<title>Miejsca z plenerem na event w Wielkopolsce cz. 2 - blog | MojeKonferencje.pl<\/title>\n<meta name=\"description\" content=\"Miejsca z plenerem na event w Wielkopolsce cz. 2 - blog | MojeKonferencje.pl\" \/>\n<meta name=\"robots\" content=\"index, follow, max-snippet:-1, max-image-preview:large, max-video-preview:-1\" \/>\n<link rel=\"canonical\" href=\"https:\/\/www.mojekonferencje.pl\/blog\/miejsca-z-plenerem-na-event-w-wielkopolsce-cz-2\/\" \/>\n<meta property=\"og:locale\" content=\"pl_PL\" \/>\n<meta property=\"og:type\" content=\"article\" \/>\n<meta property=\"og:title\" content=\"Miejsca z plenerem na event w Wielkopolsce cz. 2 - blog | MojeKonferencje.pl\" \/>\n<meta property=\"og:description\" content=\"Miejsca z plenerem na event w Wielkopolsce cz. 2 - blog | MojeKonferencje.pl\" \/>\n<meta property=\"og:url\" content=\"https:\/\/www.mojekonferencje.pl\/blog\/miejsca-z-plenerem-na-event-w-wielkopolsce-cz-2\/\" \/>\n<meta property=\"og:site_name\" content=\"MojeKonferencje.pl\" \/>\n<meta property=\"article:published_time\" content=\"2021-05-31T10:17:00+00:00\" \/>\n<meta property=\"article:modified_time\" content=\"2024-05-07T09:51:28+00:00\" \/>\n<meta property=\"og:image\" content=\"https:\/\/www.mojekonferencje.pl\/blog\/wp-content\/uploads\/2021\/05\/3-male.jpg\" \/>\n\t<meta property=\"og:image:width\" content=\"800\" \/>\n\t<meta property=\"og:image:height\" content=\"471\" \/>\n\t<meta property=\"og:image:type\" content=\"image\/jpeg\" \/>\n<meta name=\"author\" content=\"Paulina Lubieniecka\" \/>\n<meta name=\"twitter:card\" content=\"summary_large_image\" \/>\n<meta name=\"twitter:label1\" content=\"Napisane przez\" \/>\n\t<meta name=\"twitter:data1\" content=\"Paulina Lubieniecka\" \/>\n\t<meta name=\"twitter:label2\" content=\"Szacowany czas czytania\" \/>\n\t<meta name=\"twitter:data2\" content=\"3 minuty\" \/>\n<script type=\"application\/ld+json\" class=\"yoast-schema-graph\">{\"@context\":\"https:\/\/schema.org\",\"@graph\":[{\"@type\":\"Article\",\"@id\":\"https:\/\/www.mojekonferencje.pl\/blog\/miejsca-z-plenerem-na-event-w-wielkopolsce-cz-2\/#article\",\"isPartOf\":{\"@id\":\"https:\/\/www.mojekonferencje.pl\/blog\/miejsca-z-plenerem-na-event-w-wielkopolsce-cz-2\/\"},\"author\":{\"name\":\"Paulina Lubieniecka\",\"@id\":\"https:\/\/www.mojekonferencje.pl\/blog\/#\/schema\/person\/f31ed8b58d5df3a8bce17db5504ab032\"},\"headline\":\"Miejsca z plenerem na event w Wielkopolsce cz. 2\",\"datePublished\":\"2021-05-31T10:17:00+00:00\",\"dateModified\":\"2024-05-07T09:51:28+00:00\",\"mainEntityOfPage\":{\"@id\":\"https:\/\/www.mojekonferencje.pl\/blog\/miejsca-z-plenerem-na-event-w-wielkopolsce-cz-2\/\"},\"wordCount\":566,\"image\":{\"@id\":\"https:\/\/www.mojekonferencje.pl\/blog\/miejsca-z-plenerem-na-event-w-wielkopolsce-cz-2\/#primaryimage\"},\"thumbnailUrl\":\"https:\/\/www.mojekonferencje.pl\/blog\/wp-content\/uploads\/2021\/05\/3-male.jpg\",\"keywords\":[\"paulinalubieniecka\"],\"articleSection\":[\"Konferencyjny relaks\",\"Wybieranie miejsca konferencyjnego\"],\"inLanguage\":\"pl-PL\"},{\"@type\":\"WebPage\",\"@id\":\"https:\/\/www.mojekonferencje.pl\/blog\/miejsca-z-plenerem-na-event-w-wielkopolsce-cz-2\/\",\"url\":\"https:\/\/www.mojekonferencje.pl\/blog\/miejsca-z-plenerem-na-event-w-wielkopolsce-cz-2\/\",\"name\":\"Miejsca z plenerem na event w Wielkopolsce cz. 2 - blog | MojeKonferencje.pl\",\"isPartOf\":{\"@id\":\"https:\/\/www.mojekonferencje.pl\/blog\/#website\"},\"primaryImageOfPage\":{\"@id\":\"https:\/\/www.mojekonferencje.pl\/blog\/miejsca-z-plenerem-na-event-w-wielkopolsce-cz-2\/#primaryimage\"},\"image\":{\"@id\":\"https:\/\/www.mojekonferencje.pl\/blog\/miejsca-z-plenerem-na-event-w-wielkopolsce-cz-2\/#primaryimage\"},\"thumbnailUrl\":\"https:\/\/www.mojekonferencje.pl\/blog\/wp-content\/uploads\/2021\/05\/3-male.jpg\",\"datePublished\":\"2021-05-31T10:17:00+00:00\",\"dateModified\":\"2024-05-07T09:51:28+00:00\",\"author\":{\"@id\":\"https:\/\/www.mojekonferencje.pl\/blog\/#\/schema\/person\/f31ed8b58d5df3a8bce17db5504ab032\"},\"description\":\"Miejsca z plenerem na event w Wielkopolsce cz. 2 - blog | MojeKonferencje.pl\",\"breadcrumb\":{\"@id\":\"https:\/\/www.mojekonferencje.pl\/blog\/miejsca-z-plenerem-na-event-w-wielkopolsce-cz-2\/#breadcrumb\"},\"inLanguage\":\"pl-PL\",\"potentialAction\":[{\"@type\":\"ReadAction\",\"target\":[\"https:\/\/www.mojekonferencje.pl\/blog\/miejsca-z-plenerem-na-event-w-wielkopolsce-cz-2\/\"]}]},{\"@type\":\"ImageObject\",\"inLanguage\":\"pl-PL\",\"@id\":\"https:\/\/www.mojekonferencje.pl\/blog\/miejsca-z-plenerem-na-event-w-wielkopolsce-cz-2\/#primaryimage\",\"url\":\"https:\/\/www.mojekonferencje.pl\/blog\/wp-content\/uploads\/2021\/05\/3-male.jpg\",\"contentUrl\":\"https:\/\/www.mojekonferencje.pl\/blog\/wp-content\/uploads\/2021\/05\/3-male.jpg\",\"width\":800,\"height\":471},{\"@type\":\"BreadcrumbList\",\"@id\":\"https:\/\/www.mojekonferencje.pl\/blog\/miejsca-z-plenerem-na-event-w-wielkopolsce-cz-2\/#breadcrumb\",\"itemListElement\":[{\"@type\":\"ListItem\",\"position\":1,\"name\":\"Strona g\u0142\u00f3wna\",\"item\":\"https:\/\/www.mojekonferencje.pl\/blog\/\"},{\"@type\":\"ListItem\",\"position\":2,\"name\":\"Miejsca z plenerem na event w Wielkopolsce cz. 2\"}]},{\"@type\":\"WebSite\",\"@id\":\"https:\/\/www.mojekonferencje.pl\/blog\/#website\",\"url\":\"https:\/\/www.mojekonferencje.pl\/blog\/\",\"name\":\"MojeKonferencje.pl\",\"description\":\"Blog bran\u017cy szkoleniowo-konferencyjnej. W\u0142\u0105cz si\u0119 do dyskusji o obiektach konferencyjnych i nowo\u015bciach z bran\u017cy! Poznaj porady odno\u015bnie organizacji konferencji, szkole\u0144 i event\u00f3w firmowych! Zach\u0119camy do wyra\u017cania opinii oraz komentarzy.\",\"potentialAction\":[{\"@type\":\"SearchAction\",\"target\":{\"@type\":\"EntryPoint\",\"urlTemplate\":\"https:\/\/www.mojekonferencje.pl\/blog\/?s={search_term_string}\"},\"query-input\":{\"@type\":\"PropertyValueSpecification\",\"valueRequired\":true,\"valueName\":\"search_term_string\"}}],\"inLanguage\":\"pl-PL\"},{\"@type\":\"Person\",\"@id\":\"https:\/\/www.mojekonferencje.pl\/blog\/#\/schema\/person\/f31ed8b58d5df3a8bce17db5504ab032\",\"name\":\"Paulina Lubieniecka\",\"description\":\"Manager ds. marketingu. Od ponad 5 lat zajmuje si\u0119 dzia\u0142ami content marketingu serwis\u00f3w konferencyjnych i weselnych. Prowadzi media spo\u0142eczno\u015bciowe, pisze artyku\u0142y i posty na blogi. Jest odpowiedzialna za komunikacj\u0119 zar\u00f3wno z organizatorami najwi\u0119kszych kongres\u00f3w i targ\u00f3w w Polsce, jak i regionalnych wydarze\u0144. Po pracy mi\u0142o\u015bniczka dobrej kuchni, podr\u00f3\u017cy i polskiej muzyki.\",\"sameAs\":[\"https:\/\/www.linkedin.com\/in\/paulina-lubieniecka\/\"],\"url\":\"https:\/\/www.mojekonferencje.pl\/blog\/author\/plubieniecka\/\"}]}<\/script>\n<!-- \/ Yoast SEO plugin. -->","yoast_head_json":{"title":"Miejsca z plenerem na event w Wielkopolsce cz. 2 - blog | MojeKonferencje.pl","description":"Miejsca z plenerem na event w Wielkopolsce cz. 2 - blog | MojeKonferencje.pl","robots":{"index":"index","follow":"follow","max-snippet":"max-snippet:-1","max-image-preview":"max-image-preview:large","max-video-preview":"max-video-preview:-1"},"canonical":"https:\/\/www.mojekonferencje.pl\/blog\/miejsca-z-plenerem-na-event-w-wielkopolsce-cz-2\/","og_locale":"pl_PL","og_type":"article","og_title":"Miejsca z plenerem na event w Wielkopolsce cz. 2 - blog | MojeKonferencje.pl","og_description":"Miejsca z plenerem na event w Wielkopolsce cz. 2 - blog | MojeKonferencje.pl","og_url":"https:\/\/www.mojekonferencje.pl\/blog\/miejsca-z-plenerem-na-event-w-wielkopolsce-cz-2\/","og_site_name":"MojeKonferencje.pl","article_published_time":"2021-05-31T10:17:00+00:00","article_modified_time":"2024-05-07T09:51:28+00:00","og_image":[{"width":800,"height":471,"url":"https:\/\/www.mojekonferencje.pl\/blog\/wp-content\/uploads\/2021\/05\/3-male.jpg","type":"image\/jpeg"}],"author":"Paulina Lubieniecka","twitter_card":"summary_large_image","twitter_misc":{"Napisane przez":"Paulina Lubieniecka","Szacowany czas czytania":"3 minuty"},"schema":{"@context":"https:\/\/schema.org","@graph":[{"@type":"Article","@id":"https:\/\/www.mojekonferencje.pl\/blog\/miejsca-z-plenerem-na-event-w-wielkopolsce-cz-2\/#article","isPartOf":{"@id":"https:\/\/www.mojekonferencje.pl\/blog\/miejsca-z-plenerem-na-event-w-wielkopolsce-cz-2\/"},"author":{"name":"Paulina Lubieniecka","@id":"https:\/\/www.mojekonferencje.pl\/blog\/#\/schema\/person\/f31ed8b58d5df3a8bce17db5504ab032"},"headline":"Miejsca z plenerem na event w Wielkopolsce cz. 2","datePublished":"2021-05-31T10:17:00+00:00","dateModified":"2024-05-07T09:51:28+00:00","mainEntityOfPage":{"@id":"https:\/\/www.mojekonferencje.pl\/blog\/miejsca-z-plenerem-na-event-w-wielkopolsce-cz-2\/"},"wordCount":566,"image":{"@id":"https:\/\/www.mojekonferencje.pl\/blog\/miejsca-z-plenerem-na-event-w-wielkopolsce-cz-2\/#primaryimage"},"thumbnailUrl":"https:\/\/www.mojekonferencje.pl\/blog\/wp-content\/uploads\/2021\/05\/3-male.jpg","keywords":["paulinalubieniecka"],"articleSection":["Konferencyjny relaks","Wybieranie miejsca konferencyjnego"],"inLanguage":"pl-PL"},{"@type":"WebPage","@id":"https:\/\/www.mojekonferencje.pl\/blog\/miejsca-z-plenerem-na-event-w-wielkopolsce-cz-2\/","url":"https:\/\/www.mojekonferencje.pl\/blog\/miejsca-z-plenerem-na-event-w-wielkopolsce-cz-2\/","name":"Miejsca z plenerem na event w Wielkopolsce cz. 2 - blog | MojeKonferencje.pl","isPartOf":{"@id":"https:\/\/www.mojekonferencje.pl\/blog\/#website"},"primaryImageOfPage":{"@id":"https:\/\/www.mojekonferencje.pl\/blog\/miejsca-z-plenerem-na-event-w-wielkopolsce-cz-2\/#primaryimage"},"image":{"@id":"https:\/\/www.mojekonferencje.pl\/blog\/miejsca-z-plenerem-na-event-w-wielkopolsce-cz-2\/#primaryimage"},"thumbnailUrl":"https:\/\/www.mojekonferencje.pl\/blog\/wp-content\/uploads\/2021\/05\/3-male.jpg","datePublished":"2021-05-31T10:17:00+00:00","dateModified":"2024-05-07T09:51:28+00:00","author":{"@id":"https:\/\/www.mojekonferencje.pl\/blog\/#\/schema\/person\/f31ed8b58d5df3a8bce17db5504ab032"},"description":"Miejsca z plenerem na event w Wielkopolsce cz. 2 - blog | MojeKonferencje.pl","breadcrumb":{"@id":"https:\/\/www.mojekonferencje.pl\/blog\/miejsca-z-plenerem-na-event-w-wielkopolsce-cz-2\/#breadcrumb"},"inLanguage":"pl-PL","potentialAction":[{"@type":"ReadAction","target":["https:\/\/www.mojekonferencje.pl\/blog\/miejsca-z-plenerem-na-event-w-wielkopolsce-cz-2\/"]}]},{"@type":"ImageObject","inLanguage":"pl-PL","@id":"https:\/\/www.mojekonferencje.pl\/blog\/miejsca-z-plenerem-na-event-w-wielkopolsce-cz-2\/#primaryimage","url":"https:\/\/www.mojekonferencje.pl\/blog\/wp-content\/uploads\/2021\/05\/3-male.jpg","contentUrl":"https:\/\/www.mojekonferencje.pl\/blog\/wp-content\/uploads\/2021\/05\/3-male.jpg","width":800,"height":471},{"@type":"BreadcrumbList","@id":"https:\/\/www.mojekonferencje.pl\/blog\/miejsca-z-plenerem-na-event-w-wielkopolsce-cz-2\/#breadcrumb","itemListElement":[{"@type":"ListItem","position":1,"name":"Strona g\u0142\u00f3wna","item":"https:\/\/www.mojekonferencje.pl\/blog\/"},{"@type":"ListItem","position":2,"name":"Miejsca z plenerem na event w Wielkopolsce cz. 2"}]},{"@type":"WebSite","@id":"https:\/\/www.mojekonferencje.pl\/blog\/#website","url":"https:\/\/www.mojekonferencje.pl\/blog\/","name":"MojeKonferencje.pl","description":"Blog bran\u017cy szkoleniowo-konferencyjnej. W\u0142\u0105cz si\u0119 do dyskusji o obiektach konferencyjnych i nowo\u015bciach z bran\u017cy! Poznaj porady odno\u015bnie organizacji konferencji, szkole\u0144 i event\u00f3w firmowych! Zach\u0119camy do wyra\u017cania opinii oraz komentarzy.","potentialAction":[{"@type":"SearchAction","target":{"@type":"EntryPoint","urlTemplate":"https:\/\/www.mojekonferencje.pl\/blog\/?s={search_term_string}"},"query-input":{"@type":"PropertyValueSpecification","valueRequired":true,"valueName":"search_term_string"}}],"inLanguage":"pl-PL"},{"@type":"Person","@id":"https:\/\/www.mojekonferencje.pl\/blog\/#\/schema\/person\/f31ed8b58d5df3a8bce17db5504ab032","name":"Paulina Lubieniecka","description":"Manager ds. marketingu. Od ponad 5 lat zajmuje si\u0119 dzia\u0142ami content marketingu serwis\u00f3w konferencyjnych i weselnych. Prowadzi media spo\u0142eczno\u015bciowe, pisze artyku\u0142y i posty na blogi. Jest odpowiedzialna za komunikacj\u0119 zar\u00f3wno z organizatorami najwi\u0119kszych kongres\u00f3w i targ\u00f3w w Polsce, jak i regionalnych wydarze\u0144. Po pracy mi\u0142o\u015bniczka dobrej kuchni, podr\u00f3\u017cy i polskiej muzyki.","sameAs":["https:\/\/www.linkedin.com\/in\/paulina-lubieniecka\/"],"url":"https:\/\/www.mojekonferencje.pl\/blog\/author\/plubieniecka\/"}]}},"_links":{"self":[{"href":"https:\/\/www.mojekonferencje.pl\/blog\/wp-json\/wp\/v2\/posts\/2238","targetHints":{"allow":["GET"]}}],"collection":[{"href":"https:\/\/www.mojekonferencje.pl\/blog\/wp-json\/wp\/v2\/posts"}],"about":[{"href":"https:\/\/www.mojekonferencje.pl\/blog\/wp-json\/wp\/v2\/types\/post"}],"author":[{"embeddable":true,"href":"https:\/\/www.mojekonferencje.pl\/blog\/wp-json\/wp\/v2\/users\/7"}],"replies":[{"embeddable":true,"href":"https:\/\/www.mojekonferencje.pl\/blog\/wp-json\/wp\/v2\/comments?post=2238"}],"version-history":[{"count":4,"href":"https:\/\/www.mojekonferencje.pl\/blog\/wp-json\/wp\/v2\/posts\/2238\/revisions"}],"predecessor-version":[{"id":2255,"href":"https:\/\/www.mojekonferencje.pl\/blog\/wp-json\/wp\/v2\/posts\/2238\/revisions\/2255"}],"wp:featuredmedia":[{"embeddable":true,"href":"https:\/\/www.mojekonferencje.pl\/blog\/wp-json\/wp\/v2\/media\/2250"}],"wp:attachment":[{"href":"https:\/\/www.mojekonferencje.pl\/blog\/wp-json\/wp\/v2\/media?parent=2238"}],"wp:term":[{"taxonomy":"category","embeddable":true,"href":"https:\/\/www.mojekonferencje.pl\/blog\/wp-json\/wp\/v2\/categories?post=2238"},{"taxonomy":"post_tag","embeddable":true,"href":"https:\/\/www.mojekonferencje.pl\/blog\/wp-json\/wp\/v2\/tags?post=2238"}],"curies":[{"name":"wp","href":"https:\/\/api.w.org\/{rel}","templated":true}]}}