{"id":2276,"date":"2021-07-07T20:00:00","date_gmt":"2021-07-07T18:00:00","guid":{"rendered":"https:\/\/www.mojekonferencje.pl\/blog\/?p=2276"},"modified":"2024-05-07T11:51:28","modified_gmt":"2024-05-07T09:51:28","slug":"sale-konferencyjne-na-100-osob-w-krakowie","status":"publish","type":"post","link":"https:\/\/www.mojekonferencje.pl\/blog\/sale-konferencyjne-na-100-osob-w-krakowie\/","title":{"rendered":"Sale konferencyjne na 100 os\u00f3b w Krakowie"},"content":{"rendered":"\n<p align=\"justify\"><strong>Krak\u00f3w cieszy si\u0119 du\u017c\u0105 popularno\u015bci\u0105 zar\u00f3wno w\u015br\u00f3d turyst\u00f3w, jak i klient\u00f3w biznesowych. Znajduje si\u0119 w nim nie tylko wiele atrakcji, ale tak\u017ce profesjonalne obiekty konferencyjne, kt\u00f3re s\u0105 doskona\u0142\u0105 baz\u0105 na organizacj\u0119 nawet najbardziej wymagaj\u0105cych event\u00f3w. Obiekty, kt\u00f3re s\u0105 tam zlokalizowane r\u00f3\u017cni\u0105 si\u0119 od siebie pod wzgl\u0119dem lokalizacji, charakteru oraz wielko\u015bci. Niekt\u00f3re z nich pozwalaj\u0105 na zaproszenie kameralnych grup, a inne z kolei z powodzeniem s\u0105 w stanie pomie\u015bci\u0107 nawet kilkuset uczestnik\u00f3w. Dzi\u015b pragniemy jednak przedstawi\u0107 10 obiekt\u00f3w konferencyjnych w Krakowie na 100 os\u00f3b.<\/strong>\n\n\n\n<h2 class=\"wp-block-heading\"><a href=\"https:\/\/www.mojekonferencje.pl\/krakow\/hotel-centrum-4\">Hotel Centrum ****<\/a><\/h2>\n\n\n\n<p align=\"justify\"<a href=\"https:\/\/www.mojekonferencje.pl\/krakow\/hotel-centrum-4\"><br><\/a>Pierwszy obiekt usytuowany jest <b>na Os. Centrum E12<\/b> w samym sercu Nowej Huty, w pobli\u017cu Placu Centralnego i Hali widowiskowo-sportowej Krak\u00f3w Arena. \u015awiadczy on <b>kompleksowe us\u0142ugi organizacyjne<\/b>, oferuj\u0105c nie tylko <strong>nowoczesne sale konferencyjne<\/strong>, ale i <b>28 wygodnych pokoi oraz eleganck\u0105 Restauracj\u0119 Modern<\/b>. Zaplecze biznesowe sk\u0142ada si\u0119 tam z <strong>7 wielofunkcyjnych sal<\/strong>, kt\u00f3rych \u0142\u0105czna powierzchnia wynosi ponad 400 m2. Pomieszczenia te s\u0105 zr\u00f3\u017cnicowane pod wzgl\u0119dem wielko\u015bci, jednak jedna z sal &#8211; Sala A &#8211; jest odpowiednia na zaproszenie <b>maksymalnie 130 os\u00f3b w ustawieniu teatralnym<\/b>. Wszystkie te sale s\u0105 gustownie zaaran\u017cowane, jasne oraz w pe\u0142ni wyposa\u017cone w wysokiej jako\u015bci sprz\u0119ty multimedialne i analogowe.\n\n\n\n<figure class=\"wp-block-image size-large\"><img loading=\"lazy\" decoding=\"async\" width=\"750\" height=\"460\" src=\"https:\/\/www.mojekonferencje.pl\/blog\/wp-content\/uploads\/2021\/07\/1.jpg\" alt=\"\" class=\"wp-image-2278 lazyload\" data-srcset=\"https:\/\/www.mojekonferencje.pl\/blog\/wp-content\/uploads\/2021\/07\/1.jpg 750w, https:\/\/www.mojekonferencje.pl\/blog\/wp-content\/uploads\/2021\/07\/1-300x184.jpg 300w\" sizes=\"auto\" \/><\/figure>\n\n\n\n<h2 class=\"wp-block-heading\"><a href=\"https:\/\/www.mojekonferencje.pl\/krakow\/qubus-hotel-krakow-\">Qubus Hotel Krak\u00f3w ****<\/a><\/h2>\n\n\n\n<p align=\"justify\"><a href=\"https:\/\/www.mojekonferencje.pl\/krakow\/qubus-hotel-krakow-\"><br><\/a>Przy ulicy Nadwi\u015bla\u0144skiej 6, tu\u017c nad brzegiem Wis\u0142y znajduje si\u0119 kolejny obiekt. Niedaleko niego zlokalizowana jest niezwykle klimatyczna dzielnica Kazimierz. Qubus Hotel Krak\u00f3w ma w swojej ofercie a\u017c <b>9 sal konferencyjnych<\/b>. Jedna z nich, Sala C z powodzeniem pomie\u015bci <b>100 os\u00f3b w ustawieniu teatralnym<\/b>. Dwa nieco wi\u0119ksze pomieszczenia, Sala A i Sala B, pomieszcz\u0105 z kolei 120 os\u00f3b. S\u0105 to <b>nowoczesne przestrzenie<\/b>, w kt\u00f3rych nie brakuje profesjonalnych multimedi\u00f3w. Na wyr\u00f3\u017cnienie zas\u0142uguje tak\u017ce zaplecze noclegowe, kt\u00f3re sk\u0142ada si\u0119 z <b>194 pokoi go\u015bcinnych<\/b>. Go\u015bcie obiektu mog\u0105 tak\u017ce skosztowa\u0107 doskona\u0142ych da\u0144 z r\u00f3\u017cnych zak\u0105tk\u00f3w \u015bwiata. Jednak nie jest to koniec atrakcji. Na terenie Qubus Hotel Krak\u00f3w mie\u015bci si\u0119 <b>rozbudowana Strefa Fitness<\/b> m.in. z <b>przeszklonym basenem, z kt\u00f3rego podziwia\u0107 mo\u017cna panoram\u0119 miasta<\/b>.\n\n\n\n<figure class=\"wp-block-image size-large\"><img loading=\"lazy\" decoding=\"async\" width=\"750\" height=\"460\" src=\"https:\/\/www.mojekonferencje.pl\/blog\/wp-content\/uploads\/2021\/07\/2.jpg\" alt=\"\" class=\"wp-image-2279 lazyload\" data-srcset=\"https:\/\/www.mojekonferencje.pl\/blog\/wp-content\/uploads\/2021\/07\/2.jpg 750w, https:\/\/www.mojekonferencje.pl\/blog\/wp-content\/uploads\/2021\/07\/2-300x184.jpg 300w\" sizes=\"auto\" \/><\/figure>\n\n\n\n<h2 class=\"wp-block-heading\"><a href=\"https:\/\/www.mojekonferencje.pl\/krakow\/hotel-kossak\">HOTEL KOSSAK<\/a><\/h2>\n\n\n\n<p align=\"justify\"><a href=\"https:\/\/www.mojekonferencje.pl\/krakow\/hotel-kossak\"><br><\/a>Przy Placu Kossaka 1 znajduje si\u0119 4-gwiazdkowy Hotel Kossak, kt\u00f3ry po\u0142o\u017cony jest <b<w samym centrum Krakowa<\/b>, tu\u017c obok Zamku Kr\u00f3lewskiego na Wawelu. Obiekt ten w doskona\u0142y spos\u00f3b <b>\u0142\u0105czy tradycj\u0119 z nowoczesno\u015bci\u0105<\/b>. Jego oferta obejmuje <strong>wynajem designerskich pokoi<\/strong> oraz nowoczesnych sal konferencyjnych. Znajduj\u0105 si\u0119 tam 3 niezale\u017cne sale, kt\u00f3re mo\u017cna ze sob\u0105 \u0142\u0105czy\u0107 dzi\u0119ki systemowi mobilnych \u015bcian. Po\u0142\u0105czenie sali A i B lub B i C umo\u017cliwia zaproszenie oko\u0142o 100 uczestnik\u00f3w. Go\u015bcie mog\u0105 tak\u017ce <b>skosztowa\u0107 \u015bwietnych kulinari\u00f3w, kt\u00f3re serwowane s\u0105 w Restauracji Percheron lub w Restauracji Cafe Oran\u017ceria z tarasem widokowym<\/b>. Podziwia\u0107 mo\u017cna z niego malownicze Wzg\u00f3rze Wawelskie. Na go\u015bci spragnionych wypoczynku czekaj\u0105 tam dwie sauny, a mi\u0142o\u015bnicy aktywnego sp\u0119dzania czasu mog\u0105 liczy\u0107 na <b>Centrum Fitness<\/b>.\n\n\n\n<figure class=\"wp-block-image size-large\"><img loading=\"lazy\" decoding=\"async\" width=\"800\" height=\"600\" src=\"https:\/\/www.mojekonferencje.pl\/blog\/wp-content\/uploads\/2021\/07\/3.jpg\" alt=\"\" class=\"wp-image-2280 lazyload\" data-srcset=\"https:\/\/www.mojekonferencje.pl\/blog\/wp-content\/uploads\/2021\/07\/3.jpg 800w, https:\/\/www.mojekonferencje.pl\/blog\/wp-content\/uploads\/2021\/07\/3-300x225.jpg 300w, https:\/\/www.mojekonferencje.pl\/blog\/wp-content\/uploads\/2021\/07\/3-768x576.jpg 768w\" sizes=\"auto\" \/><\/figure>\n\n\n\n<h2 class=\"wp-block-heading\"><a href=\"https:\/\/www.mojekonferencje.pl\/krakow\/doubletree-by-hilton-krakow-hotel--convention-center\">DoubleTree by Hilton Krak\u00f3w Hotel &amp; Convention Center<\/a><\/h2>\n\n\n\n<p align=\"justify\"><a href=\"https:\/\/www.mojekonferencje.pl\/krakow\/doubletree-by-hilton-krakow-hotel--convention-center\"><br><\/a>Zaledwie 4 kilometry od \u015bcis\u0142ego centrum, przy ulicy D\u0105bskiej 5, mie\u015bci si\u0119 kolejny obiekt. To 4-gwiazdkowy DoubleTree by Hilton Krak\u00f3w Hotel &amp; Convention Center, kt\u00f3ry w wielopoziomowy spos\u00f3b podchodzi do organizacji event\u00f3w. Na go\u015bci czeka <strong>ca\u0142odobowe centrum biznesowe<\/strong>, kt\u00f3rego \u0142\u0105czna powierzchnia to <b>a\u017c 2970 m2<\/b>. Na tej przestrzeni rozmieszczonych zosta\u0142o 16 sal, kt\u00f3re pozwalaj\u0105 na organizacj\u0119 wydarze\u0144 zar\u00f3wno na 100 os\u00f3b, jak i na 1000. W obiekcie mo\u017cna r\u00f3wnie\u017c liczy\u0107 na <b>wysokiej klasy pokoje<\/b>, kt\u00f3rych jest a\u017c 232. Po spotkaniach biznesowych mo\u017cna si\u0119 zrelaksowa\u0107 w innowacyjnej strefie saun, w 22-metrowym basenie oraz w sali do \u0107wicze\u0144 cardio. Wiecz\u00f3r warto z kolei sp\u0119dzi\u0107 w <b>fantastycznej Restauracji 5th Avenue oraz w hotelowym Barze<\/b>, w kt\u00f3rym podawane s\u0105 kolorowe drinki oraz s\u0142odkie desery.\n\n\n\n<figure class=\"wp-block-image size-large\"><img loading=\"lazy\" decoding=\"async\" width=\"750\" height=\"460\" src=\"https:\/\/www.mojekonferencje.pl\/blog\/wp-content\/uploads\/2021\/07\/4.jpg\" alt=\"\" class=\"wp-image-2281 lazyload\" data-srcset=\"https:\/\/www.mojekonferencje.pl\/blog\/wp-content\/uploads\/2021\/07\/4.jpg 750w, https:\/\/www.mojekonferencje.pl\/blog\/wp-content\/uploads\/2021\/07\/4-300x184.jpg 300w\" sizes=\"auto\" \/><\/figure>\n\n\n\n<h2 class=\"wp-block-heading\"><a href=\"https:\/\/www.mojekonferencje.pl\/krakow\/park-inn-by-radisson-krakow\">Park Inn by Radisson Krakow<\/a><\/h2>\n\n\n\n<p align=\"justify\">Kolejnym obiektem, kt\u00f3ry zas\u0142uguje na wyr\u00f3\u017cnienie, jest Park Inn by Radisson Krakow, kt\u00f3ry mie\u015bci si\u0119 przy ulicy Monte Cassino 2, w niedu\u017cej odleg\u0142o\u015bci od Zamku Kr\u00f3lewskiego oraz dzielnicy Kazimierz. Posiada on <strong>rozbudowane Centrum Konferencyjne o \u0142\u0105cznej powierzchni 1000 m2<\/strong>, kt\u00f3re podzielone zosta\u0142o na 5 sal konferencyjnych i bankietowych oraz na <b>najwi\u0119ksze w Krakowie foyer<\/b>. \u015amia\u0142o zorganizowa\u0107 tam mo\u017cna spotkania na 100 os\u00f3b. Obiekt oferuje r\u00f3wnie\u017c <b>152 eleganckie pokoje<\/b>, Restauracj\u0119 RBG Bar &amp; Grill, nowoczesne centrum fitness i saun\u0119, a tak\u017ce hotelowy bar, kt\u00f3ry poleca si\u0119 na integracj\u0119 go\u015bci po spotkaniach biznesowych.\n\n\n\n<figure class=\"wp-block-image size-large\"><img loading=\"lazy\" decoding=\"async\" width=\"750\" height=\"460\" src=\"https:\/\/www.mojekonferencje.pl\/blog\/wp-content\/uploads\/2021\/07\/5.jpg\" alt=\"\" class=\"wp-image-2282 lazyload\" data-srcset=\"https:\/\/www.mojekonferencje.pl\/blog\/wp-content\/uploads\/2021\/07\/5.jpg 750w, https:\/\/www.mojekonferencje.pl\/blog\/wp-content\/uploads\/2021\/07\/5-300x184.jpg 300w\" sizes=\"auto\" \/><\/figure>\n\n\n\n<h2 class=\"wp-block-heading\"><a href=\"https:\/\/www.mojekonferencje.pl\/krakow\/hilton-garden-inn\">Hilton Garden Inn Krak\u00f3w<\/a><\/h2>\n\n\n\n<p align=\"justify\">Przy ulicy Marii Konopnickiej 33 usytuowany jest 4-gwiazdkowy Hilton Garden Inn Krak\u00f3w. Zaledwie kilkunastominutowy spacer dzieli go od Rynku G\u0142\u00f3wnego, jak i Wawelu oraz dzielnicy Kazimierz &#8211; <b>wszystkie atrakcje miasta s\u0105 wi\u0119c w zasi\u0119gu r\u0119ki<\/b>. Obiekt proponuje <b>4 sale konferencyjne oraz sal\u0119 zebra\u0144 VIP<\/b>. Pomieszczenia te s\u0105 oczywi\u015bcie zr\u00f3\u017cnicowane pod wzgl\u0119dem wielko\u015bci, jednak organizacja wydarze\u0144 na 100 os\u00f3b nie stanowi w nich problemu. Obiekt dysponuje tak\u017ce <b>wysoce komfortowym zapleczem noclegowym<\/b>, kt\u00f3re sk\u0142ada si\u0119 z 154 pokoi go\u015bcinnych. Znajduje si\u0119 tam tak\u017ce <b>restauracja, bar, klimatyczna kawiarnia Globe oraz nowoczesne centrum fitness<\/b>.\n\n\n\n<figure class=\"wp-block-image size-large\"><img loading=\"lazy\" decoding=\"async\" width=\"750\" height=\"460\" src=\"https:\/\/www.mojekonferencje.pl\/blog\/wp-content\/uploads\/2021\/07\/6.jpg\" alt=\"\" class=\"wp-image-2283 lazyload\" data-srcset=\"https:\/\/www.mojekonferencje.pl\/blog\/wp-content\/uploads\/2021\/07\/6.jpg 750w, https:\/\/www.mojekonferencje.pl\/blog\/wp-content\/uploads\/2021\/07\/6-300x184.jpg 300w\" sizes=\"auto\" \/><\/figure>\n\n\n\n<h2 class=\"wp-block-heading\"><a href=\"https:\/\/www.mojekonferencje.pl\/krakow\/garden-square-hotel\">Garden Square Hotel<\/a><\/h2>\n\n\n\n<p align=\"justify\">Ten 4-gwiazdkowy obiekt jest <b>nowoczesny, elegancki oraz korzystnie zlokalizowany<\/b>. Mie\u015bci si\u0119 w po\u0142udniowej cz\u0119\u015bci Krakowa, tylko 4 kilometry od Rynku G\u0142\u00f3wnego. Jego oferta sk\u0142ada si\u0119 z <b>3 sal konferencyjnych<\/b>, kt\u00f3re mo\u017cna dowolnie \u0142\u0105czy\u0107 poprzez system mobilnych \u015bcian. Pomieszczenia te s\u0105 w stanie pomie\u015bci\u0107 do 100 uczestnik\u00f3w. Wyposa\u017cone zosta\u0142y w <b>profesjonalne sprz\u0119ty multimedialne<\/b> a tak\u017ce w innowacyjne systemy o\u015bwietleniowe i nag\u0142o\u015bnieniowe. Na go\u015bci obiektu czeka tak\u017ce <b>70 wygodnych pokoi i apartament\u00f3w<\/b>, wy\u015bmienita Restauracja 4Seasons, a tak\u017ce <b>rozbudowana strefa relaksu z si\u0142owni\u0105 oraz saunami<\/b>. Kolejnym udogodnieniem jest <b>parking nadziemny oraz podziemny<\/b>.\n\n\n\n<figure class=\"wp-block-image size-large\"><img loading=\"lazy\" decoding=\"async\" width=\"750\" height=\"460\" src=\"https:\/\/www.mojekonferencje.pl\/blog\/wp-content\/uploads\/2021\/07\/7.jpg\" alt=\"\" class=\"wp-image-2284 lazyload\" data-srcset=\"https:\/\/www.mojekonferencje.pl\/blog\/wp-content\/uploads\/2021\/07\/7.jpg 750w, https:\/\/www.mojekonferencje.pl\/blog\/wp-content\/uploads\/2021\/07\/7-300x184.jpg 300w\" sizes=\"auto\" \/><\/figure>\n\n\n\n<h2 class=\"wp-block-heading\"><a href=\"https:\/\/www.mojekonferencje.pl\/krakow\/hotel-wilga\">HOTEL WILGA***<\/a><\/h2>\n\n\n\n<p align=\"justify\">Przy ulicy Przedwio\u015bnie 16 znajduje si\u0119 3-gwiazdkowy Hotel Wilga, z kt\u00f3rego warto przespacerowa\u0107 si\u0119 do historycznej cz\u0119\u015bci Podg\u00f3rza oraz na Stare Miasto. Obiekt dysponuje <b>pi\u0119cioma zr\u00f3\u017cnicowanymi pod wzgl\u0119dem wielko\u015bci salami<\/b>, kt\u00f3re pozwalaj\u0105 na zaproszenie <b>maksymalnie 150 go\u015bci<\/b>. Mo\u017cna tam r\u00f3wnie\u017c skorzysta\u0107 z rozbudowanego zaplecza noclegowe, kt\u00f3re sk\u0142ada si\u0119 z <b>75 klimatycznych pokoi<\/b>. Mo\u017cliwe jest tam tak\u017ce zam\u00f3wienie cateringu oraz skorzystanie z us\u0142ug gastronomicznych, kt\u00f3re serwowane s\u0105 w restauracji. Na wyr\u00f3\u017cnienie zas\u0142uguj\u0105 tak\u017ce us\u0142ugi dodatkowe, sprzyjaj\u0105ce relaksowi oraz integracji go\u015bci. Czeka tam m.in. <b>bowling, drink bar oraz st\u00f3\u0142 bilardowy<\/b>.\n\n\n\n<figure class=\"wp-block-image size-large\"><img loading=\"lazy\" decoding=\"async\" width=\"750\" height=\"460\" src=\"https:\/\/www.mojekonferencje.pl\/blog\/wp-content\/uploads\/2021\/07\/8.jpg\" alt=\"\" class=\"wp-image-2285 lazyload\" data-srcset=\"https:\/\/www.mojekonferencje.pl\/blog\/wp-content\/uploads\/2021\/07\/8.jpg 750w, https:\/\/www.mojekonferencje.pl\/blog\/wp-content\/uploads\/2021\/07\/8-300x184.jpg 300w\" sizes=\"auto\" \/><\/figure>\n\n\n\n<h2 class=\"wp-block-heading\"><a href=\"https:\/\/www.mojekonferencje.pl\/krakow\/hotel-grand-ascot\">Hotel Grand Ascot<\/a><\/h2>\n\n\n\n<p align=\"justify\">Przedostatni obiekt to 4-gwiazdkowy Hotel Grand Ascot, kt\u00f3ry mie\u015bci si\u0119 przy ulicy J\u00f3zefa Szujskiego 4. Mo\u017cna w nim liczy\u0107 na <b>nowoczesne oraz przestronne sale konferencyjne<\/b>, odpowiednie na organizacj\u0119 zar\u00f3wno kameralnych spotka\u0144, jak i znacznie wi\u0119kszych event\u00f3w. Mo\u017cna tam tak\u017ce zorganizowa\u0107 konferencj\u0119 na 100 os\u00f3b &#8211; jako t\u0142o wydarzenia dobrze sprawdzi si\u0119 sala konferencyjna Copernicus. To dopiero jednak pocz\u0105tek zalet &#8211; obiekt do dyspozycji go\u015bci pozostawia tak\u017ce <b>63 designerskie pokoje i apartamenty oraz niezwykle eleganck\u0105 i wy\u015bmienit\u0105 Restauracj\u0119<\/b>. Du\u017cym atutem tego miejsca jest r\u00f3wnie\u017c oferowanie nowocze\u015bnie wyposa\u017conej si\u0142owni oraz sauny.\n\n\n\n<figure class=\"wp-block-image size-large\"><img loading=\"lazy\" decoding=\"async\" width=\"750\" height=\"460\" src=\"https:\/\/www.mojekonferencje.pl\/blog\/wp-content\/uploads\/2021\/07\/9.jpg\" alt=\"\" class=\"wp-image-2286 lazyload\" data-srcset=\"https:\/\/www.mojekonferencje.pl\/blog\/wp-content\/uploads\/2021\/07\/9.jpg 750w, https:\/\/www.mojekonferencje.pl\/blog\/wp-content\/uploads\/2021\/07\/9-300x184.jpg 300w\" sizes=\"auto\" \/><\/figure>\n\n\n\n<h2 class=\"wp-block-heading\"><a href=\"https:\/\/www.mojekonferencje.pl\/krakow\/hotel-lenart\">Hotel Lenart****<\/a><\/h2>\n\n\n\n<p align=\"justify\">W bezpo\u015brednim s\u0105siedztwie Krakowa, czyli w pi\u0119knej Wieliczce przy ulicy Narutowicza 1, mie\u015bci si\u0119 4-gwiazdkowy Hotel Lenart. Ma on w swojej ofercie <b>a\u017c 11 wielofunkcyjnych sal biznesowych<\/b>, kt\u00f3rych \u0142\u0105czna powierzchnia wynosi 1250 m2. Niekt\u00f3re z tych pomieszcze\u0144 s\u0105 w stanie pomie\u015bci\u0107 oko\u0142o 100 uczestnik\u00f3w wydarze\u0144. Sale te s\u0105 <b>stylowe oraz w pe\u0142ni wyposa\u017cone w funkcjonalne meble oraz sprz\u0119ty multimedialne<\/b>. Go\u015bcie mog\u0105 r\u00f3wnie\u017c skorzysta\u0107 z <b>55 nowoczesnych pokoi oraz 7 luksusowych apartament\u00f3w<\/b>. Obiekt proponuje tak\u017ce zachwycaj\u0105ce us\u0142ugi gastronomiczne w Restauracji Pod Kominem oraz liczne atrakcje dodatkowe. Na ich czele jest <b>rozbudowane Centrum Wellness &amp; SPA, kt\u00f3re sk\u0142ada si\u0119 z sauny, jacuzzi, lodospadu oraz strefy wypoczynkowej<\/b>.\n\n\n\n<figure class=\"wp-block-image size-large\"><img loading=\"lazy\" decoding=\"async\" width=\"750\" height=\"460\" src=\"https:\/\/www.mojekonferencje.pl\/blog\/wp-content\/uploads\/2021\/07\/10.jpg\" alt=\"\" class=\"wp-image-2287 lazyload\" data-srcset=\"https:\/\/www.mojekonferencje.pl\/blog\/wp-content\/uploads\/2021\/07\/10.jpg 750w, https:\/\/www.mojekonferencje.pl\/blog\/wp-content\/uploads\/2021\/07\/10-300x184.jpg 300w\" sizes=\"auto\" \/><\/figure>\n","protected":false},"excerpt":{"rendered":"<p>W Krakowie z powodzeniem mo\u017cna organizowa\u0107 szereg wydarze\u0144 biznesowych. Mog\u0105 to by\u0107 zar\u00f3wno kameralne spotkania, jak i te znacznie wi\u0119ksze eventy, nawet na setki os\u00f3b. Id\u0105c za tym ciosem, dzi\u015b przedstawimy 10 sal konferencyjnych w Krakowie na 100 os\u00f3b.<\/p>\n","protected":false},"author":9,"featured_media":2277,"comment_status":"closed","ping_status":"closed","sticky":false,"template":"","format":"standard","meta":{"_acf_changed":false,"footnotes":""},"categories":[8,175],"tags":[14,13,19],"class_list":["post-2276","post","type-post","status-publish","format-standard","has-post-thumbnail","hentry","category-porady","category-wybieranie-miejsca-konferencyjnego","tag-sale-biznesowe","tag-sale-konferencjne","tag-sale-szkoleniowe"],"acf":[],"yoast_head":"<!-- This site is optimized with the Yoast SEO plugin v27.1.1 - https:\/\/yoast.com\/product\/yoast-seo-wordpress\/ -->\n<title>Sale konferencyjne na 100 os\u00f3b w Krakowie - blog | MojeKonferencje.pl<\/title>\n<meta name=\"description\" content=\"Sale konferencyjne na 100 os\u00f3b w Krakowie - blog | MojeKonferencje.pl\" \/>\n<meta name=\"robots\" content=\"index, follow, max-snippet:-1, max-image-preview:large, max-video-preview:-1\" \/>\n<link rel=\"canonical\" href=\"https:\/\/www.mojekonferencje.pl\/blog\/sale-konferencyjne-na-100-osob-w-krakowie\/\" \/>\n<meta property=\"og:locale\" content=\"pl_PL\" \/>\n<meta property=\"og:type\" content=\"article\" \/>\n<meta property=\"og:title\" content=\"Sale konferencyjne na 100 os\u00f3b w Krakowie - blog | MojeKonferencje.pl\" \/>\n<meta property=\"og:description\" content=\"Sale konferencyjne na 100 os\u00f3b w Krakowie - blog | MojeKonferencje.pl\" \/>\n<meta property=\"og:url\" content=\"https:\/\/www.mojekonferencje.pl\/blog\/sale-konferencyjne-na-100-osob-w-krakowie\/\" \/>\n<meta property=\"og:site_name\" content=\"MojeKonferencje.pl\" \/>\n<meta property=\"article:published_time\" content=\"2021-07-07T18:00:00+00:00\" \/>\n<meta property=\"article:modified_time\" content=\"2024-05-07T09:51:28+00:00\" \/>\n<meta property=\"og:image\" content=\"https:\/\/www.mojekonferencje.pl\/blog\/wp-content\/uploads\/2021\/07\/krakow.jpg\" \/>\n\t<meta property=\"og:image:width\" content=\"750\" \/>\n\t<meta property=\"og:image:height\" content=\"500\" \/>\n\t<meta property=\"og:image:type\" content=\"image\/jpeg\" \/>\n<meta name=\"author\" content=\"Olga Stawicka-Iwanowska\" \/>\n<meta name=\"twitter:card\" content=\"summary_large_image\" \/>\n<meta name=\"twitter:label1\" content=\"Napisane przez\" \/>\n\t<meta name=\"twitter:data1\" content=\"Olga Stawicka-Iwanowska\" \/>\n\t<meta name=\"twitter:label2\" content=\"Szacowany czas czytania\" \/>\n\t<meta name=\"twitter:data2\" content=\"1 minuta\" \/>\n<script type=\"application\/ld+json\" class=\"yoast-schema-graph\">{\"@context\":\"https:\/\/schema.org\",\"@graph\":[{\"@type\":\"Article\",\"@id\":\"https:\/\/www.mojekonferencje.pl\/blog\/sale-konferencyjne-na-100-osob-w-krakowie\/#article\",\"isPartOf\":{\"@id\":\"https:\/\/www.mojekonferencje.pl\/blog\/sale-konferencyjne-na-100-osob-w-krakowie\/\"},\"author\":{\"name\":\"Olga Stawicka-Iwanowska\",\"@id\":\"https:\/\/www.mojekonferencje.pl\/blog\/#\/schema\/person\/d6751ca3c60de9ec17ee21b744bbb2d4\"},\"headline\":\"Sale konferencyjne na 100 os\u00f3b w Krakowie\",\"datePublished\":\"2021-07-07T18:00:00+00:00\",\"dateModified\":\"2024-05-07T09:51:28+00:00\",\"mainEntityOfPage\":{\"@id\":\"https:\/\/www.mojekonferencje.pl\/blog\/sale-konferencyjne-na-100-osob-w-krakowie\/\"},\"wordCount\":110,\"image\":{\"@id\":\"https:\/\/www.mojekonferencje.pl\/blog\/sale-konferencyjne-na-100-osob-w-krakowie\/#primaryimage\"},\"thumbnailUrl\":\"https:\/\/www.mojekonferencje.pl\/blog\/wp-content\/uploads\/2021\/07\/krakow.jpg\",\"keywords\":[\"sale biznesowe\",\"sale konferencjne\",\"sale szkoleniowe\"],\"articleSection\":[\"Porady\",\"Wybieranie miejsca konferencyjnego\"],\"inLanguage\":\"pl-PL\"},{\"@type\":\"WebPage\",\"@id\":\"https:\/\/www.mojekonferencje.pl\/blog\/sale-konferencyjne-na-100-osob-w-krakowie\/\",\"url\":\"https:\/\/www.mojekonferencje.pl\/blog\/sale-konferencyjne-na-100-osob-w-krakowie\/\",\"name\":\"Sale konferencyjne na 100 os\u00f3b w Krakowie - blog | MojeKonferencje.pl\",\"isPartOf\":{\"@id\":\"https:\/\/www.mojekonferencje.pl\/blog\/#website\"},\"primaryImageOfPage\":{\"@id\":\"https:\/\/www.mojekonferencje.pl\/blog\/sale-konferencyjne-na-100-osob-w-krakowie\/#primaryimage\"},\"image\":{\"@id\":\"https:\/\/www.mojekonferencje.pl\/blog\/sale-konferencyjne-na-100-osob-w-krakowie\/#primaryimage\"},\"thumbnailUrl\":\"https:\/\/www.mojekonferencje.pl\/blog\/wp-content\/uploads\/2021\/07\/krakow.jpg\",\"datePublished\":\"2021-07-07T18:00:00+00:00\",\"dateModified\":\"2024-05-07T09:51:28+00:00\",\"author\":{\"@id\":\"https:\/\/www.mojekonferencje.pl\/blog\/#\/schema\/person\/d6751ca3c60de9ec17ee21b744bbb2d4\"},\"description\":\"Sale konferencyjne na 100 os\u00f3b w Krakowie - blog | MojeKonferencje.pl\",\"breadcrumb\":{\"@id\":\"https:\/\/www.mojekonferencje.pl\/blog\/sale-konferencyjne-na-100-osob-w-krakowie\/#breadcrumb\"},\"inLanguage\":\"pl-PL\",\"potentialAction\":[{\"@type\":\"ReadAction\",\"target\":[\"https:\/\/www.mojekonferencje.pl\/blog\/sale-konferencyjne-na-100-osob-w-krakowie\/\"]}]},{\"@type\":\"ImageObject\",\"inLanguage\":\"pl-PL\",\"@id\":\"https:\/\/www.mojekonferencje.pl\/blog\/sale-konferencyjne-na-100-osob-w-krakowie\/#primaryimage\",\"url\":\"https:\/\/www.mojekonferencje.pl\/blog\/wp-content\/uploads\/2021\/07\/krakow.jpg\",\"contentUrl\":\"https:\/\/www.mojekonferencje.pl\/blog\/wp-content\/uploads\/2021\/07\/krakow.jpg\",\"width\":750,\"height\":500},{\"@type\":\"BreadcrumbList\",\"@id\":\"https:\/\/www.mojekonferencje.pl\/blog\/sale-konferencyjne-na-100-osob-w-krakowie\/#breadcrumb\",\"itemListElement\":[{\"@type\":\"ListItem\",\"position\":1,\"name\":\"Strona g\u0142\u00f3wna\",\"item\":\"https:\/\/www.mojekonferencje.pl\/blog\/\"},{\"@type\":\"ListItem\",\"position\":2,\"name\":\"Sale konferencyjne na 100 os\u00f3b w Krakowie\"}]},{\"@type\":\"WebSite\",\"@id\":\"https:\/\/www.mojekonferencje.pl\/blog\/#website\",\"url\":\"https:\/\/www.mojekonferencje.pl\/blog\/\",\"name\":\"MojeKonferencje.pl\",\"description\":\"Blog bran\u017cy szkoleniowo-konferencyjnej. W\u0142\u0105cz si\u0119 do dyskusji o obiektach konferencyjnych i nowo\u015bciach z bran\u017cy! Poznaj porady odno\u015bnie organizacji konferencji, szkole\u0144 i event\u00f3w firmowych! Zach\u0119camy do wyra\u017cania opinii oraz komentarzy.\",\"potentialAction\":[{\"@type\":\"SearchAction\",\"target\":{\"@type\":\"EntryPoint\",\"urlTemplate\":\"https:\/\/www.mojekonferencje.pl\/blog\/?s={search_term_string}\"},\"query-input\":{\"@type\":\"PropertyValueSpecification\",\"valueRequired\":true,\"valueName\":\"search_term_string\"}}],\"inLanguage\":\"pl-PL\"},{\"@type\":\"Person\",\"@id\":\"https:\/\/www.mojekonferencje.pl\/blog\/#\/schema\/person\/d6751ca3c60de9ec17ee21b744bbb2d4\",\"name\":\"Olga Stawicka-Iwanowska\",\"description\":\"Head of Marketing z ponad sze\u015bcioletnim do\u015bwiadczeniem w bran\u017cy MICE. Na co dzie\u0144 zajmuje si\u0119 content marketingiem i promocj\u0105 obiekt\u00f3w eventowych, tak aby organizatorzy kongres\u00f3w, targ\u00f3w i konferencji wiedzieli, \u017ce w\u0142a\u015bnie tam warto zrealizowa\u0107 swoje wydarzenie. Prowadzi media spo\u0142eczno\u015bciowe, tworzy strategie komunikacji, pisze artyku\u0142y i dba o sp\u00f3jny wizerunek marki w ka\u017cdym kanale. W swojej pracy \u0142\u0105czy analityczne my\u015blenie z kreatywno\u015bci\u0105 i dobrym copy. Wsp\u00f3\u0142pracuje zar\u00f3wno z organizatorami najwi\u0119kszych wydarze\u0144 w Polsce, jak i z regionalnymi partnerami z bran\u017cy. Po godzinach mi\u0142o\u015bniczka podr\u00f3\u017cy po Europie, dobrej kuchni i klimatycznych miejsc, w kt\u00f3rych mo\u017cna z\u0142apa\u0107 oddech.\",\"sameAs\":[\"http:\/\/MojeKonferencje.pl\",\"https:\/\/www.linkedin.com\/in\/olgastawicka\/\"],\"url\":\"https:\/\/www.mojekonferencje.pl\/blog\/author\/osawicka\/\"}]}<\/script>\n<!-- \/ Yoast SEO plugin. -->","yoast_head_json":{"title":"Sale konferencyjne na 100 os\u00f3b w Krakowie - blog | MojeKonferencje.pl","description":"Sale konferencyjne na 100 os\u00f3b w Krakowie - blog | MojeKonferencje.pl","robots":{"index":"index","follow":"follow","max-snippet":"max-snippet:-1","max-image-preview":"max-image-preview:large","max-video-preview":"max-video-preview:-1"},"canonical":"https:\/\/www.mojekonferencje.pl\/blog\/sale-konferencyjne-na-100-osob-w-krakowie\/","og_locale":"pl_PL","og_type":"article","og_title":"Sale konferencyjne na 100 os\u00f3b w Krakowie - blog | MojeKonferencje.pl","og_description":"Sale konferencyjne na 100 os\u00f3b w Krakowie - blog | MojeKonferencje.pl","og_url":"https:\/\/www.mojekonferencje.pl\/blog\/sale-konferencyjne-na-100-osob-w-krakowie\/","og_site_name":"MojeKonferencje.pl","article_published_time":"2021-07-07T18:00:00+00:00","article_modified_time":"2024-05-07T09:51:28+00:00","og_image":[{"width":750,"height":500,"url":"https:\/\/www.mojekonferencje.pl\/blog\/wp-content\/uploads\/2021\/07\/krakow.jpg","type":"image\/jpeg"}],"author":"Olga Stawicka-Iwanowska","twitter_card":"summary_large_image","twitter_misc":{"Napisane przez":"Olga Stawicka-Iwanowska","Szacowany czas czytania":"1 minuta"},"schema":{"@context":"https:\/\/schema.org","@graph":[{"@type":"Article","@id":"https:\/\/www.mojekonferencje.pl\/blog\/sale-konferencyjne-na-100-osob-w-krakowie\/#article","isPartOf":{"@id":"https:\/\/www.mojekonferencje.pl\/blog\/sale-konferencyjne-na-100-osob-w-krakowie\/"},"author":{"name":"Olga Stawicka-Iwanowska","@id":"https:\/\/www.mojekonferencje.pl\/blog\/#\/schema\/person\/d6751ca3c60de9ec17ee21b744bbb2d4"},"headline":"Sale konferencyjne na 100 os\u00f3b w Krakowie","datePublished":"2021-07-07T18:00:00+00:00","dateModified":"2024-05-07T09:51:28+00:00","mainEntityOfPage":{"@id":"https:\/\/www.mojekonferencje.pl\/blog\/sale-konferencyjne-na-100-osob-w-krakowie\/"},"wordCount":110,"image":{"@id":"https:\/\/www.mojekonferencje.pl\/blog\/sale-konferencyjne-na-100-osob-w-krakowie\/#primaryimage"},"thumbnailUrl":"https:\/\/www.mojekonferencje.pl\/blog\/wp-content\/uploads\/2021\/07\/krakow.jpg","keywords":["sale biznesowe","sale konferencjne","sale szkoleniowe"],"articleSection":["Porady","Wybieranie miejsca konferencyjnego"],"inLanguage":"pl-PL"},{"@type":"WebPage","@id":"https:\/\/www.mojekonferencje.pl\/blog\/sale-konferencyjne-na-100-osob-w-krakowie\/","url":"https:\/\/www.mojekonferencje.pl\/blog\/sale-konferencyjne-na-100-osob-w-krakowie\/","name":"Sale konferencyjne na 100 os\u00f3b w Krakowie - blog | MojeKonferencje.pl","isPartOf":{"@id":"https:\/\/www.mojekonferencje.pl\/blog\/#website"},"primaryImageOfPage":{"@id":"https:\/\/www.mojekonferencje.pl\/blog\/sale-konferencyjne-na-100-osob-w-krakowie\/#primaryimage"},"image":{"@id":"https:\/\/www.mojekonferencje.pl\/blog\/sale-konferencyjne-na-100-osob-w-krakowie\/#primaryimage"},"thumbnailUrl":"https:\/\/www.mojekonferencje.pl\/blog\/wp-content\/uploads\/2021\/07\/krakow.jpg","datePublished":"2021-07-07T18:00:00+00:00","dateModified":"2024-05-07T09:51:28+00:00","author":{"@id":"https:\/\/www.mojekonferencje.pl\/blog\/#\/schema\/person\/d6751ca3c60de9ec17ee21b744bbb2d4"},"description":"Sale konferencyjne na 100 os\u00f3b w Krakowie - blog | MojeKonferencje.pl","breadcrumb":{"@id":"https:\/\/www.mojekonferencje.pl\/blog\/sale-konferencyjne-na-100-osob-w-krakowie\/#breadcrumb"},"inLanguage":"pl-PL","potentialAction":[{"@type":"ReadAction","target":["https:\/\/www.mojekonferencje.pl\/blog\/sale-konferencyjne-na-100-osob-w-krakowie\/"]}]},{"@type":"ImageObject","inLanguage":"pl-PL","@id":"https:\/\/www.mojekonferencje.pl\/blog\/sale-konferencyjne-na-100-osob-w-krakowie\/#primaryimage","url":"https:\/\/www.mojekonferencje.pl\/blog\/wp-content\/uploads\/2021\/07\/krakow.jpg","contentUrl":"https:\/\/www.mojekonferencje.pl\/blog\/wp-content\/uploads\/2021\/07\/krakow.jpg","width":750,"height":500},{"@type":"BreadcrumbList","@id":"https:\/\/www.mojekonferencje.pl\/blog\/sale-konferencyjne-na-100-osob-w-krakowie\/#breadcrumb","itemListElement":[{"@type":"ListItem","position":1,"name":"Strona g\u0142\u00f3wna","item":"https:\/\/www.mojekonferencje.pl\/blog\/"},{"@type":"ListItem","position":2,"name":"Sale konferencyjne na 100 os\u00f3b w Krakowie"}]},{"@type":"WebSite","@id":"https:\/\/www.mojekonferencje.pl\/blog\/#website","url":"https:\/\/www.mojekonferencje.pl\/blog\/","name":"MojeKonferencje.pl","description":"Blog bran\u017cy szkoleniowo-konferencyjnej. W\u0142\u0105cz si\u0119 do dyskusji o obiektach konferencyjnych i nowo\u015bciach z bran\u017cy! Poznaj porady odno\u015bnie organizacji konferencji, szkole\u0144 i event\u00f3w firmowych! Zach\u0119camy do wyra\u017cania opinii oraz komentarzy.","potentialAction":[{"@type":"SearchAction","target":{"@type":"EntryPoint","urlTemplate":"https:\/\/www.mojekonferencje.pl\/blog\/?s={search_term_string}"},"query-input":{"@type":"PropertyValueSpecification","valueRequired":true,"valueName":"search_term_string"}}],"inLanguage":"pl-PL"},{"@type":"Person","@id":"https:\/\/www.mojekonferencje.pl\/blog\/#\/schema\/person\/d6751ca3c60de9ec17ee21b744bbb2d4","name":"Olga Stawicka-Iwanowska","description":"Head of Marketing z ponad sze\u015bcioletnim do\u015bwiadczeniem w bran\u017cy MICE. Na co dzie\u0144 zajmuje si\u0119 content marketingiem i promocj\u0105 obiekt\u00f3w eventowych, tak aby organizatorzy kongres\u00f3w, targ\u00f3w i konferencji wiedzieli, \u017ce w\u0142a\u015bnie tam warto zrealizowa\u0107 swoje wydarzenie. Prowadzi media spo\u0142eczno\u015bciowe, tworzy strategie komunikacji, pisze artyku\u0142y i dba o sp\u00f3jny wizerunek marki w ka\u017cdym kanale. W swojej pracy \u0142\u0105czy analityczne my\u015blenie z kreatywno\u015bci\u0105 i dobrym copy. Wsp\u00f3\u0142pracuje zar\u00f3wno z organizatorami najwi\u0119kszych wydarze\u0144 w Polsce, jak i z regionalnymi partnerami z bran\u017cy. Po godzinach mi\u0142o\u015bniczka podr\u00f3\u017cy po Europie, dobrej kuchni i klimatycznych miejsc, w kt\u00f3rych mo\u017cna z\u0142apa\u0107 oddech.","sameAs":["http:\/\/MojeKonferencje.pl","https:\/\/www.linkedin.com\/in\/olgastawicka\/"],"url":"https:\/\/www.mojekonferencje.pl\/blog\/author\/osawicka\/"}]}},"_links":{"self":[{"href":"https:\/\/www.mojekonferencje.pl\/blog\/wp-json\/wp\/v2\/posts\/2276","targetHints":{"allow":["GET"]}}],"collection":[{"href":"https:\/\/www.mojekonferencje.pl\/blog\/wp-json\/wp\/v2\/posts"}],"about":[{"href":"https:\/\/www.mojekonferencje.pl\/blog\/wp-json\/wp\/v2\/types\/post"}],"author":[{"embeddable":true,"href":"https:\/\/www.mojekonferencje.pl\/blog\/wp-json\/wp\/v2\/users\/9"}],"replies":[{"embeddable":true,"href":"https:\/\/www.mojekonferencje.pl\/blog\/wp-json\/wp\/v2\/comments?post=2276"}],"version-history":[{"count":3,"href":"https:\/\/www.mojekonferencje.pl\/blog\/wp-json\/wp\/v2\/posts\/2276\/revisions"}],"predecessor-version":[{"id":2291,"href":"https:\/\/www.mojekonferencje.pl\/blog\/wp-json\/wp\/v2\/posts\/2276\/revisions\/2291"}],"wp:featuredmedia":[{"embeddable":true,"href":"https:\/\/www.mojekonferencje.pl\/blog\/wp-json\/wp\/v2\/media\/2277"}],"wp:attachment":[{"href":"https:\/\/www.mojekonferencje.pl\/blog\/wp-json\/wp\/v2\/media?parent=2276"}],"wp:term":[{"taxonomy":"category","embeddable":true,"href":"https:\/\/www.mojekonferencje.pl\/blog\/wp-json\/wp\/v2\/categories?post=2276"},{"taxonomy":"post_tag","embeddable":true,"href":"https:\/\/www.mojekonferencje.pl\/blog\/wp-json\/wp\/v2\/tags?post=2276"}],"curies":[{"name":"wp","href":"https:\/\/api.w.org\/{rel}","templated":true}]}}