{"id":2311,"date":"2021-08-02T15:35:30","date_gmt":"2021-08-02T13:35:30","guid":{"rendered":"https:\/\/www.mojekonferencje.pl\/blog\/?p=2311"},"modified":"2024-05-07T11:51:27","modified_gmt":"2024-05-07T09:51:27","slug":"miejsca-z-plenerem-na-event-w-wojewodztwie-mazowieckim","status":"publish","type":"post","link":"https:\/\/www.mojekonferencje.pl\/blog\/miejsca-z-plenerem-na-event-w-wojewodztwie-mazowieckim\/","title":{"rendered":"Miejsca z plenerem na event w wojew\u00f3dztwie mazowieckim"},"content":{"rendered":"\n<p align=\"justify\"><strong>Konferencje, szkolenia czy warsztaty mo\u017cna zorganizowa\u0107 w r\u00f3\u017cnego rodzaju obiektach. Na go\u015bci czekaj\u0105 m.in. hotele o zr\u00f3\u017cnicowanym standardzie, o\u015brodki szkoleniowo-wypoczynkowe,<a href=\"https:\/\/www.mojekonferencje.pl\/restauracja\"> restauracje<\/a>, <a href=\"https:\/\/www.mojekonferencje.pl\/palace-dworki-zamki\">pa\u0142ace<\/a>, a tak\u017ce takie miejsca, kt\u00f3re poza salami biznesowymi, dysponuj\u0105 malowniczym plenerem. Jednak czy event w plenerze to dobry pomys\u0142? Nie mamy co do tego najmniejszych w\u0105tpliwo\u015bci. Wydarzenie na \u015bwie\u017cym powietrzu w otoczeniu przyrody to gwarancja niepowtarzalnego klimatu, a tak\u017ce \u015bwietna przestrze\u0144 na integracj\u0119 go\u015bci. W taki spos\u00f3b mo\u017cna po\u0142\u0105czy\u0107 biznes i wypoczynek, co przecie\u017c jest atrakcj\u0105 sam\u0105 w sobie. Id\u0105c za tym ciosem, pragniemy dzi\u015b przedstawi\u0107 10 miejsc w wojew\u00f3dztwie mazowieckim, gdzie zorganizujesz event w plenerze.<\/strong>\n\n\n\n<h2 class=\"wp-block-heading\">Hotel Rancho Pod Bocianem Business &amp; Events<\/h2>\n\n\n\n<p align=\"justify\"><br>W Przypkach pod Warszaw\u0105 znajduje si\u0119 wyj\u0105tkowe <a href=\"https:\/\/www.mojekonferencje.pl\/warszawa\/rancho-pod-bocianem\">Rancho Pod Bocianem<\/a>, kt\u00f3re otoczone jest przepi\u0119kn\u0105 przyrod\u0105. Obiekt ten \u015bwiadczy kompleksowe us\u0142ugi organizacyjne, oferuj\u0105c<strong> 5 sal konferencyjnych, 188 miejsc noclegowych <\/strong>w komfortowych pokojach, a tak\u017ce<strong> \u015bwietne zaplecze gastronomiczne<\/strong>. W klimatycznej sali kominkowej mie\u015bci si\u0119<strong> Restauracja Stara Izba<\/strong>, w kt\u00f3rej serwowane s\u0105 przysmaki tradycyjnej kuchni polskiej i europejskiej. Z powodzeniem zorganizujesz tam wszelkiego rodzaju konferencje, szkolenia czy warsztaty. Miejsce to umo\u017cliwia r\u00f3wnie\u017c tworzenie event\u00f3w i piknik\u00f3w firmowych<strong> nawet do 3000-5000 uczestnik\u00f3w<\/strong>. <a href=\"https:\/\/www.mojekonferencje.pl\/warszawa\/rancho-pod-bocianem\">Rancho Pod Bocianem<\/a> otoczone jest rozleg\u0142ymi terenami zielonymi, na kt\u00f3rych mieszcz\u0105 si\u0119<strong> chaty grillowe i inne atrakcje<\/strong>, kt\u00f3re sprzyjaj\u0105 organizacji imprez plenerowych. Zorganizujesz tam m.in. zaj\u0119cia team-buildingowe, zloty czy imprezy integracyjne. Podczas tych spotka\u0144 mo\u017cna skorzysta\u0107 z licznych us\u0142ug dodatkowych, takich jak chocia\u017cby <strong>off-road, strzelnica, boiska sportowe, \u015bcianki wspinaczkowe, park linowy, paintball czy mini pole golfowe<\/strong>. W <a href=\"https:\/\/www.mojekonferencje.pl\/warszawa\/rancho-pod-bocianem\">Rancho Pod Bocianem<\/a> nie spos\u00f3b si\u0119 nudzi\u0107!\n\n\n\n<figure class=\"wp-block-image size-large\"><img loading=\"lazy\" decoding=\"async\" width=\"800\" height=\"533\" src=\"https:\/\/www.mojekonferencje.pl\/blog\/wp-content\/uploads\/2021\/08\/01-1.jpg\" alt=\"\" class=\"wp-image-2323 lazyload\" data-srcset=\"https:\/\/www.mojekonferencje.pl\/blog\/wp-content\/uploads\/2021\/08\/01-1.jpg 800w, https:\/\/www.mojekonferencje.pl\/blog\/wp-content\/uploads\/2021\/08\/01-1-300x200.jpg 300w, https:\/\/www.mojekonferencje.pl\/blog\/wp-content\/uploads\/2021\/08\/01-1-768x512.jpg 768w\" sizes=\"auto\" \/><\/figure>\n\n\n\n<h2 class=\"wp-block-heading\">Pa\u0142ac \u017belech\u00f3w SPA &amp; Wellness<\/h2>\n\n\n\n<p align=\"justify\"><br>87 kilometr\u00f3w od Warszawy zlokalizowana jest miejscowo\u015b\u0107 \u017belech\u00f3w, a w niej przepi\u0119kny Pa\u0142ac. Obiekt ten zachwyca swoj\u0105<strong> XVIII-wieczn\u0105 architektur\u0105 oraz zbytkowym klimatem<\/strong>, kt\u00f3ry w odpowiedni spos\u00f3b przeplata si\u0119 z nowoczesnymi rozwi\u0105zaniami. Na go\u015bci czeka tam <strong>1600 m2 powierzchni eventowej<\/strong>, kt\u00f3ra podzielona zosta\u0142a na <strong>19 wielofunkcyjnych sal biznesowych<\/strong>. Ogromne wra\u017cenie robi tak\u017ce<strong> zaplecze noclegowe w postaci 119 stylowych pokoi<\/strong>, kt\u00f3re swoj\u0105 aran\u017cacj\u0105 przypominaj\u0105 kr\u00f3lewskie komnaty.\n\n\n\n<p align=\"justify\"><a href=\"https:\/\/www.mojekonferencje.pl\/warszawa\/rancho-pod-bocianem\">Pa\u0142ac \u017belech\u00f3w SPA &amp; Wellness<\/a> to r\u00f3wnie\u017c<strong> elegancka Restauracja<\/strong>, kt\u00f3rej menu obejmuje g\u0142\u00f3wnie tradycyjne kulinaria kuchni polskiej. Przygotowywane s\u0105 one zgodne z tradycyjnymi recepturami, przekazywanymi z pokolenia na pokolenie. Obiekt otoczony jest pi\u0119kn\u0105 przyrod\u0105, kt\u00f3ra sprzyja relaksowi oraz d\u0142ugim, inspiruj\u0105cym rozmowom. W sezonie wiosenno-letnim z powodzeniem zorganizujesz tam <strong>wydarzenia plenerowe na czele z piknikami czy imprezami integracyjnymi<\/strong>. Go\u015bcie uwielbiaj\u0105 to miejsce za us\u0142ugi dodatkowe, takie jak m.in.<strong> pa\u0142acowy browar, kompleks basen\u00f3w czy stref\u0119 SPA<\/strong>. Nale\u017cy podkre\u015bli\u0107, \u017ce oferowana jest tam &#8211; jedyna w Polsce &#8211; specjalna ceremonia terapeutyczna oddzia\u0142uj\u0105ca na 4 zmys\u0142y.\n\n\n\n<figure class=\"wp-block-image size-large\"><img loading=\"lazy\" decoding=\"async\" width=\"1024\" height=\"768\" src=\"https:\/\/www.mojekonferencje.pl\/blog\/wp-content\/uploads\/2021\/08\/02-1-1024x768.jpg\" alt=\"\" class=\"wp-image-2324 lazyload\" data-srcset=\"https:\/\/www.mojekonferencje.pl\/blog\/wp-content\/uploads\/2021\/08\/02-1-1024x768.jpg 1024w, https:\/\/www.mojekonferencje.pl\/blog\/wp-content\/uploads\/2021\/08\/02-1-300x225.jpg 300w, https:\/\/www.mojekonferencje.pl\/blog\/wp-content\/uploads\/2021\/08\/02-1-768x576.jpg 768w, https:\/\/www.mojekonferencje.pl\/blog\/wp-content\/uploads\/2021\/08\/02-1-1536x1152.jpg 1536w, https:\/\/www.mojekonferencje.pl\/blog\/wp-content\/uploads\/2021\/08\/02-1-2048x1536.jpg 2048w\" sizes=\"auto\" \/><\/figure>\n\n\n\n<h2 class=\"wp-block-heading\">Manor House SPA<strong><em>* &#8211; <\/em><\/strong>Pa\u0142ac Odrow\u0105\u017c\u00f3w**<\/h2>\n\n\n\n<p align=\"justify\"><br>Ten elegancki, 4-gwiazdkowy obiekt po\u0142o\u017cony jest<strong> w Chlewiskach ko\u0142o Szyd\u0142owca<\/strong>, na po\u0142udnie od Warszawy. <a href=\"https:\/\/www.mojekonferencje.pl\/chlewiska\/manor-house-spa-palac-odrowazow\">Manor House SPA* &#8211; Pa\u0142ac Odrow\u0105\u017c\u00f3w<\/a>, bo o nim mowa, w doskona\u0142y spos\u00f3b \u0142\u0105czy <strong>wsp\u00f3\u0142czesny luksus z histori\u0105<\/strong>. W rezultacie wi\u0119c, go\u015bcie mog\u0105 podziwia\u0107<strong> eleganckie wn\u0119trza<\/strong>, kt\u00f3re zaaran\u017cowane s\u0105 bardzo funkcjonalnie. Nie brakuje w nich oczywi\u015bcie innowacyjnych rozwi\u0105za\u0144. Obiekt oferuje <strong>imponuj\u0105ce zaplecze konferencyjne<\/strong>, kt\u00f3re sk\u0142ada si\u0119 z <strong>10 przestrzeni na event<\/strong>. Najwi\u0119ksza sala jest w stanie pomie\u015bci\u0107 nawet 150 os\u00f3b w ustawieniu teatralnym. Pomieszczenia te dopracowane s\u0105 nawet w najmniejszym detalu, dzi\u0119ki czemu zachwycaj\u0105 naprawd\u0119 na ka\u017cdym kroku.<a href=\"https:\/\/www.mojekonferencje.pl\/chlewiska\/manor-house-spa-palac-odrowazow\"> <\/a>\n\n\n\n<p align=\"justify\"><a href=\"https:\/\/www.mojekonferencje.pl\/chlewiska\/manor-house-spa-palac-odrowazow\">Manor House SPA* &#8211; Pa\u0142ac Odrow\u0105\u017c\u00f3w<\/a> mo\u017ce pochwali\u0107 si\u0119 r\u00f3wnie\u017c<strong> pokojami o wysokim standardzie oraz apartamentami<\/strong>, kt\u00f3rych jest a\u017c 59. Dope\u0142nieniem tych us\u0142ug jest<strong> hotelowa Restauracja<\/strong>, kt\u00f3ra sk\u0142ada si\u0119 z sali restauracyjnej, klimatycznej karczmy z barem oraz poka\u017anej Sali Biesiadnej z antresol\u0105. Mo\u017cna si\u0119 tam r\u00f3wnie\u017c zrelaksowa\u0107 w <strong>rozbudowanym zapleczu SPA<\/strong>, a tak\u017ce skorzysta\u0107 z szerokiej oferty rekreacyjno-zdrowotnej, w sk\u0142ad kt\u00f3rej wchodzi m.in.<strong> bezchlorowy basen, stajnia z ko\u0144mi czy seanse w Chacie Solnej<\/strong>.\n\n\n\n<figure class=\"wp-block-image size-large\"><img loading=\"lazy\" decoding=\"async\" width=\"1024\" height=\"576\" src=\"https:\/\/www.mojekonferencje.pl\/blog\/wp-content\/uploads\/2021\/08\/03-1-1024x576.jpg\" alt=\"\" class=\"wp-image-2325 lazyload\" data-srcset=\"https:\/\/www.mojekonferencje.pl\/blog\/wp-content\/uploads\/2021\/08\/03-1-1024x576.jpg 1024w, https:\/\/www.mojekonferencje.pl\/blog\/wp-content\/uploads\/2021\/08\/03-1-300x169.jpg 300w, https:\/\/www.mojekonferencje.pl\/blog\/wp-content\/uploads\/2021\/08\/03-1-768x432.jpg 768w, https:\/\/www.mojekonferencje.pl\/blog\/wp-content\/uploads\/2021\/08\/03-1-1536x864.jpg 1536w, https:\/\/www.mojekonferencje.pl\/blog\/wp-content\/uploads\/2021\/08\/03-1-640x360.jpg 640w, https:\/\/www.mojekonferencje.pl\/blog\/wp-content\/uploads\/2021\/08\/03-1-320x180.jpg 320w, https:\/\/www.mojekonferencje.pl\/blog\/wp-content\/uploads\/2021\/08\/03-1-480x270.jpg 480w, https:\/\/www.mojekonferencje.pl\/blog\/wp-content\/uploads\/2021\/08\/03-1-960x540.jpg 960w, https:\/\/www.mojekonferencje.pl\/blog\/wp-content\/uploads\/2021\/08\/03-1-1280x720.jpg 1280w, https:\/\/www.mojekonferencje.pl\/blog\/wp-content\/uploads\/2021\/08\/03-1.jpg 1600w\" sizes=\"auto\" \/><\/figure>\n\n\n\n<h2 class=\"wp-block-heading\">Klub Mila Zegrzynek<\/h2>\n\n\n\n<p align=\"justify\"><br>A mo\u017ce tak <strong>event w plenerze tu\u017c nad brzegiem jeziora<\/strong>? Jest to mo\u017cliwe w <a href=\"https:\/\/www.mojekonferencje.pl\/jadwisin-\/klub-mila-zegrzynek-\">Klub Mila Zegrzynek<\/a>, kt\u00f3ry po\u0142o\u017cony zosta\u0142 obok Jeziora Zegrzy\u0144skiego <strong>w urokliwej otulinie Parku Krajobrazowego<\/strong>. Takie okoliczno\u015bci z pewno\u015bci\u0105 zachwyc\u0105 wszystkich go\u015bci! Oferta tego obiektu obejmuje wynajem \u0142\u0105cznie 5 pomieszcze\u0144 na organizacj\u0119 event\u00f3w. W\u015br\u00f3d nich jest<strong> Chata Grillowa na zewn\u0105trz o powierzchni 115 m2<\/strong>.\n\n\n\n<p align=\"justify\"><a href=\"https:\/\/www.mojekonferencje.pl\/jadwisin-\/klub-mila-zegrzynek-\">Klub Mila Zegrzynek <\/a>do dyspozycji go\u015bci pozostawia r\u00f3wnie\u017c <strong>136 designerskich miejsc noclegowych<\/strong>, kt\u00f3re rozmieszczone zosta\u0142y w pokojach \u017ceglarskich, Apartamentach Oficerskich oraz Domkach Kapita\u0144skich. W podobnej stylistyce zaaran\u017cowana zosta\u0142a<strong> Restauracja Kapita\u0144ska<\/strong>, w kt\u00f3rej podawane s\u0105 wy\u015bmienite kulinaria. Dodatkowo, mie\u015bci si\u0119 tam tak\u017ce<strong> Klub Kapita\u0144ski z kominkiem oraz przestronna Oran\u017ceria<\/strong>. Spotkania biznesowe czy eventy w plenerze mo\u017cna tam po\u0142\u0105czy\u0107 z atrakcjami dodatkowymi, kt\u00f3re zdaj\u0105 si\u0119 nie mie\u0107 ko\u0144ca. Ot\u00f3\u017c w obiekcie organizowane s\u0105 <strong>regaty firmowe, szkolenia i gry \u017ceglarskie, rejsy widokowo-szkoleniowe, przeja\u017cd\u017cki motor\u00f3wkami i skuterami, Flyboard, a tak\u017ce sp\u0142ywy kajakowe.<\/strong>\n\n\n\n<figure class=\"wp-block-image size-large\"><img loading=\"lazy\" decoding=\"async\" width=\"1024\" height=\"682\" src=\"https:\/\/www.mojekonferencje.pl\/blog\/wp-content\/uploads\/2021\/08\/04-1-1024x682.jpg\" alt=\"\" class=\"wp-image-2326 lazyload\" data-srcset=\"https:\/\/www.mojekonferencje.pl\/blog\/wp-content\/uploads\/2021\/08\/04-1-1024x682.jpg 1024w, https:\/\/www.mojekonferencje.pl\/blog\/wp-content\/uploads\/2021\/08\/04-1-300x200.jpg 300w, https:\/\/www.mojekonferencje.pl\/blog\/wp-content\/uploads\/2021\/08\/04-1-768x512.jpg 768w, https:\/\/www.mojekonferencje.pl\/blog\/wp-content\/uploads\/2021\/08\/04-1.jpg 1132w\" sizes=\"auto\" \/><\/figure>\n\n\n\n<h2 class=\"wp-block-heading\">Pa\u0142ac Ma\u0142a Wie\u015b<\/h2>\n\n\n\n<p align=\"justify\"><br>Ma\u0142a Wie\u015b, kt\u00f3ra zlokalizowana jest 50 kilometr\u00f3w od Warszawy, kryje <strong>prawdziw\u0105 pere\u0142k\u0119<\/strong> na organizacj\u0119 event\u00f3w w plenerze. Mie\u015bci si\u0119 tam<a href=\"https:\/\/www.mojekonferencje.pl\/jadwisin-\/klub-mila-zegrzynek-\"> Pa\u0142ac Ma\u0142a Wie\u015b<\/a>, kt\u00f3rego historia si\u0119ga 1786 roku. Miejsce to pozwala na organizacj\u0119 spotka\u0144 biznesowych, edukacyjnych i artystycznych &#8211; a wszystko to <strong>w znamiennej i luksusowej konwencji<\/strong>. Do dyspozycji go\u015bci pozostaje tam<strong> 14 zachwycaj\u0105cych sal oraz 54 pokoje i apartamenty<\/strong> o podwy\u017cszonym standardzie. To gratka dla mi\u0142o\u015bnik\u00f3w eleganckich wn\u0119trz i serdecznej atmosfery. Dodatkowo, go\u015bcie mog\u0105 posili\u0107 si\u0119 w r\u00f3wnie atrakcyjnej<strong> Restauracji Stara Wozownia<\/strong>, serwuj\u0105cej zar\u00f3wno dania z ryb, jak i potrawy z jagni\u0119ciny, perliczki, czy zimne przystawi, zupy oraz desery. Na terenie obiektu mie\u015bci si\u0119 te\u017c <strong>Herbaciarnia Pa\u0142acowa<\/strong>, si\u0142ownia plenerowa, strzelnica, boisko wielofunkcyjne, <strong>Ukryta Komnata Wellness &amp; SPA <\/strong>oraz \u015bwietna winiarnia. Wszelkiego rodzaju eventy plenerowe zorganizujesz na<strong> 30-hektarowej przestrzeni wok\u00f3\u0142 obiektu<\/strong>, w towarzystwie pi\u0119knego ogrodu Francuskiego, R\u00f3\u017canego i Romantycznego.\n\n\n\n<figure class=\"wp-block-image size-large\"><img loading=\"lazy\" decoding=\"async\" width=\"1024\" height=\"682\" src=\"https:\/\/www.mojekonferencje.pl\/blog\/wp-content\/uploads\/2021\/08\/05-1-1024x682.jpeg\" alt=\"\" class=\"wp-image-2327 lazyload\" data-srcset=\"https:\/\/www.mojekonferencje.pl\/blog\/wp-content\/uploads\/2021\/08\/05-1-1024x682.jpeg 1024w, https:\/\/www.mojekonferencje.pl\/blog\/wp-content\/uploads\/2021\/08\/05-1-300x200.jpeg 300w, https:\/\/www.mojekonferencje.pl\/blog\/wp-content\/uploads\/2021\/08\/05-1-768x512.jpeg 768w, https:\/\/www.mojekonferencje.pl\/blog\/wp-content\/uploads\/2021\/08\/05-1-1536x1023.jpeg 1536w, https:\/\/www.mojekonferencje.pl\/blog\/wp-content\/uploads\/2021\/08\/05-1.jpeg 1600w\" sizes=\"auto\" \/><\/figure>\n\n\n\n<h2 class=\"wp-block-heading\">Dw\u00f3r Zbo\u017cenna<\/h2>\n\n\n\n<p align=\"justify\"><br>W miejscowo\u015bci Przysucha mie\u015bci si\u0119 pi\u0119kny<a href=\"https:\/\/www.mojekonferencje.pl\/przysucha\/dwor-zbozenna-\"> Dw\u00f3r Zbo\u017cenna<\/a>, czyli XVII-wieczny, zabytkowy obiekt. Otoczony jest on<strong> 5-hektarowym parkiem, na terenie kt\u00f3rego znajduje si\u0119 staw rybny oraz bujna ro\u015blinno\u015b\u0107<\/strong>. To w\u0142a\u015bnie tam mo\u017cna zorganizowa\u0107 wszelkiego rodzaju wydarzenia w plenerze &#8211; konferencje, warsztaty, spotkania integracyjne czy gry plenerowe. Dw\u00f3r oferuje r\u00f3wnie\u017c<strong> 2 stylowe sale konferencyjne, 49 wygodnych miejsc noclegowych w pokojach i apartamentach<\/strong>, a tak\u017ce<strong> restauracj\u0119<\/strong>, w kt\u00f3rej przygotowywane s\u0105 prawdziwe uczty oraz biesiady. Niew\u0105tpliw\u0105 atrakcj\u0105 jest mo\u017cliwo\u015b\u0107 <strong>przeja\u017cd\u017cki wozami konnymi czy relaks w saunie<\/strong> lub nad stawem w koszach pla\u017cowych. Na tych, kt\u00f3rzy lubi\u0105 aktywnie sp\u0119dza\u0107 czas, oczywi\u015bcie te\u017c czeka szereg us\u0142ug. W obiekcie mo\u017cna skorzysta\u0107 z <strong>profesjonalnej salki fitness oraz z wypo\u017cyczalni rower\u00f3w<\/strong>, kijk\u00f3w do Nordic Walking czy sprz\u0119tu w\u0119dkarskiego. Na zwie\u0144czenie pe\u0142nego emocji dnia oraz wypoczynek po spotkaniach biznesowych polecamy <strong>organizacj\u0119 ogniska lub uczt\u0119 grillow\u0105 na terenie obiektu<\/strong>.\n\n\n\n<figure class=\"wp-block-image size-large\"><img loading=\"lazy\" decoding=\"async\" width=\"600\" height=\"450\" src=\"https:\/\/www.mojekonferencje.pl\/blog\/wp-content\/uploads\/2021\/08\/06-1.jpg\" alt=\"\" class=\"wp-image-2328 lazyload\" data-srcset=\"https:\/\/www.mojekonferencje.pl\/blog\/wp-content\/uploads\/2021\/08\/06-1.jpg 600w, https:\/\/www.mojekonferencje.pl\/blog\/wp-content\/uploads\/2021\/08\/06-1-300x225.jpg 300w\" sizes=\"auto\" \/><\/figure>\n\n\n\n<h2 class=\"wp-block-heading\">Hotel *** &#8222;BA\u015aNIOWA&#8221; Wyj\u0105tkowe miejsce dla wyj\u0105tkowych os\u00f3b<\/h2>\n\n\n\n<p align=\"justify\"><br>W Rybienku Le\u015bnym mie\u015bci si\u0119 kolejny obiekt odpowiedni na organizacj\u0119 event\u00f3w w plenerze. To<a href=\"https:\/\/www.mojekonferencje.pl\/wyszkow\/basniowa\"> 3-gwiazdkowy Hotel &#8222;Ba\u015bniowa&#8221;<\/a>, czyli nowoczesne miejsce, kt\u00f3re cieszy si\u0119 du\u017cym uznaniem w\u015br\u00f3d go\u015bci biznesowych. Hotel zlokalizowany jest <strong>niespe\u0142na 50 kilometr\u00f3w od Warszawy<\/strong>, pozwalaj\u0105c tym samym na organizacj\u0119 event\u00f3w w cichej, spokojnej okolicy. Hotel otoczony jest wr\u0119cz ba\u015bniowym parkiem, a na jego terenie znajduje si\u0119 letni ogr\u00f3d. Ponadto, &#8222;Ba\u015bniowa&#8221; sk\u0142ada si\u0119 z <strong>4 nowoczesnych sal biznesowych<\/strong>, kt\u00f3re zr\u00f3\u017cnicowane s\u0105 pod wzgl\u0119dem wielko\u015bci.\n\n\n\n<p align=\"justify\">Znajduj\u0105 si\u0119 tam r\u00f3wnie\u017c<strong> przytulne pokoje, odpowiednie na nocleg dla 50 os\u00f3b<\/strong>. Wymieniaj\u0105c atuty tego obiektu, nie mo\u017cna oczywi\u015bcie pomin\u0105\u0107 <strong>Restauracji<\/strong>, kt\u00f3ra zachwyca nie tylko swoim wn\u0119trzem, ale i serwowanymi posi\u0142kami. Na terenie obiektu zorganizujesz nawet najbardziej wymagaj\u0105ce przedsi\u0119wzi\u0119cia &#8211; od konferencji, szkole\u0144 i warsztat\u00f3w, przez bankiety i seminaria, a\u017c po koncerty czy spotkania integracyjne. Doskona\u0142ym uzupe\u0142nieniem oferty szkoleniowo-turystycznej jest tam<strong> strefa relaksu i rozrywki<\/strong>, kt\u00f3ra sk\u0142ada si\u0119 z licznych atrakcji plenerowych, sali gier i saun.\n\n\n\n<figure class=\"wp-block-image size-large\"><img loading=\"lazy\" decoding=\"async\" width=\"1024\" height=\"576\" src=\"https:\/\/www.mojekonferencje.pl\/blog\/wp-content\/uploads\/2021\/08\/07-1-1024x576.jpg\" alt=\"\" class=\"wp-image-2329 lazyload\" data-srcset=\"https:\/\/www.mojekonferencje.pl\/blog\/wp-content\/uploads\/2021\/08\/07-1-1024x576.jpg 1024w, https:\/\/www.mojekonferencje.pl\/blog\/wp-content\/uploads\/2021\/08\/07-1-300x169.jpg 300w, https:\/\/www.mojekonferencje.pl\/blog\/wp-content\/uploads\/2021\/08\/07-1-768x432.jpg 768w, https:\/\/www.mojekonferencje.pl\/blog\/wp-content\/uploads\/2021\/08\/07-1-1536x864.jpg 1536w, https:\/\/www.mojekonferencje.pl\/blog\/wp-content\/uploads\/2021\/08\/07-1-640x360.jpg 640w, https:\/\/www.mojekonferencje.pl\/blog\/wp-content\/uploads\/2021\/08\/07-1-320x180.jpg 320w, https:\/\/www.mojekonferencje.pl\/blog\/wp-content\/uploads\/2021\/08\/07-1-480x270.jpg 480w, https:\/\/www.mojekonferencje.pl\/blog\/wp-content\/uploads\/2021\/08\/07-1-960x540.jpg 960w, https:\/\/www.mojekonferencje.pl\/blog\/wp-content\/uploads\/2021\/08\/07-1-1280x720.jpg 1280w, https:\/\/www.mojekonferencje.pl\/blog\/wp-content\/uploads\/2021\/08\/07-1-1600x900.jpg 1600w, https:\/\/www.mojekonferencje.pl\/blog\/wp-content\/uploads\/2021\/08\/07-1.jpg 1920w\" sizes=\"auto\" \/><\/figure>\n\n\n\n<h2 class=\"wp-block-heading\">Pa\u0142ac Rozalin<\/h2>\n\n\n\n<p align=\"justify\"><br>Pisz\u0105c o obiektach na <strong>eventy plenerowe w wojew\u00f3dztwie mazowieckim <\/strong>nie mo\u017cna pomin\u0105\u0107 <a href=\"https:\/\/www.mojekonferencje.pl\/warszawa\/palac-rozalin\">Pa\u0142acu Rozalin<\/a>, kt\u00f3ry usytuowany jest zaledwie 25 minut jazdy samochodem od centrum stolicy. Obiekt ten mie\u015bci si\u0119 w <strong>eleganckiej, historycznej posiad\u0142o\u015bci z po\u0142owy XIX wieku<\/strong>. Do dzi\u015b zachwyca klimatycznymi wn\u0119trzami, serdeczn\u0105 atmosfer\u0105 oraz kompleksow\u0105 ofert\u0105 us\u0142ug. Pa\u0142ac <strong>otoczony jest przepi\u0119knym parkiem<\/strong>, w kt\u00f3rym to zorganizujesz wszelkiego rodzaju wydarzenia na \u015bwie\u017cym powietrzu. <a href=\"https:\/\/www.mojekonferencje.pl\/warszawa\/palac-rozalin\">Pa\u0142ac Rozalin<\/a> dysponuje trzema przestrzeniami konferencyjnymi &#8211; Sal\u0105 G\u0142\u00f3wn\u0105 na 50 os\u00f3b, sal\u0105 restauracyjn\u0105 na 65 go\u015bci oraz<strong> du\u017cym namiotem bankietowy<\/strong>, kt\u00f3ry jest w stanie pomie\u015bci\u0107 <strong>a\u017c 800 os\u00f3b w ustawieniu teatralnym<\/strong>. Obiekt oferuje r\u00f3wnie\u017c <strong>40 wysoce komfortowych miejsc noclegowych<\/strong>, z okien kt\u00f3rych mo\u017cna podziwia\u0107 park przypa\u0142acowy oraz Puszcz\u0119 M\u0142ochowsk\u0105. Kolejnym atutem tego miejsca jest <strong>smaczna Restauracja Oficyna<\/strong>, w kt\u00f3rej serwowane s\u0105 m.in. wyroby z w\u0142asnej w\u0119dzarni oraz wypiekany na miejscu chleb. Pa\u0142ac oferuje te\u017c<strong> 100-letni\u0105 izb\u0119 g\u00f3ralsk\u0105<\/strong>, w kt\u00f3rej stworzysz wieczorki tematyczne z muzyk\u0105 na \u017cywo.\n\n\n\n<figure class=\"wp-block-image size-large\"><img loading=\"lazy\" decoding=\"async\" width=\"707\" height=\"484\" src=\"https:\/\/www.mojekonferencje.pl\/blog\/wp-content\/uploads\/2021\/08\/08-1.png\" alt=\"\" class=\"wp-image-2330 lazyload\" data-srcset=\"https:\/\/www.mojekonferencje.pl\/blog\/wp-content\/uploads\/2021\/08\/08-1.png 707w, https:\/\/www.mojekonferencje.pl\/blog\/wp-content\/uploads\/2021\/08\/08-1-300x205.png 300w\" sizes=\"auto\" \/><\/figure>\n\n\n\n<h2 class=\"wp-block-heading\">Pa\u0142ac Zabor\u00f3wek<\/h2>\n\n\n\n<p align=\"justify\"><br>Przedostatnim obiektem jest odrestaurowany <a href=\"https:\/\/www.mojekonferencje.pl\/warszawa\/palac-zaborowek\">Pa\u0142ac Zabor\u00f3wek <\/a>w miejscowo\u015bci Zabor\u00f3w. Powsta\u0142 on w XIX wieku i<strong> niezmiennie zachwyca swoj\u0105 elegancj\u0105, kt\u00f3ra przeplata si\u0119 z wysokim poziomem artyzmu<\/strong>. To magiczne miejsce otoczone jest du\u017cym terenem zielonym, na kt\u00f3rym to zorganizujesz pikniki, pokazy, grille, przyj\u0119cia koktajlowe oraz wszelkiego rodzaju imprezy w plenerze. Jednak to dopiero pocz\u0105tek zalet tego obiektu. Oferuje on<strong> 4 fantastyczne sale konferencyjne<\/strong> &#8211; najwi\u0119ksza z nich umo\u017cliwia zaproszenie 180 os\u00f3b w ustawieniu teatralnym.\n\n\n\n<p align=\"justify\"><a href=\"https:\/\/www.mojekonferencje.pl\/warszawa\/palac-zaborowek\"> Pa\u0142ac Zabor\u00f3wek<\/a> dysponuje<strong> jasnymi, przestronnymi pokojami<\/strong>, kt\u00f3re swoj\u0105 aran\u017cacj\u0105 nawi\u0105zuj\u0105 do charakteru i historii tego miejsca. Pomieszczenia te s\u0105 wygodne, przestronne oraz pozwalaj\u0105 na komfortowy wypoczynek po wielogodzinnej zabawie i spotkaniach biznesowych. W obiekcie mo\u017cna tak\u017ce skorzysta\u0107 z<strong> kolacji degustacyjnych a tak\u017ce z degustacji win, whishy i cygar.<\/strong> To jednak nie wszystko &#8211; bowiem mo\u017cliwa jest tam <strong>jazda bryczk\u0105<\/strong> oraz skorzystanie z oferty gier i zabaw na \u015bwie\u017cym powietrzu.\n\n\n\n<figure class=\"wp-block-image size-large\"><img loading=\"lazy\" decoding=\"async\" width=\"1024\" height=\"768\" src=\"https:\/\/www.mojekonferencje.pl\/blog\/wp-content\/uploads\/2021\/08\/09-1-1024x768.jpg\" alt=\"\" class=\"wp-image-2331 lazyload\" data-srcset=\"https:\/\/www.mojekonferencje.pl\/blog\/wp-content\/uploads\/2021\/08\/09-1-1024x768.jpg 1024w, https:\/\/www.mojekonferencje.pl\/blog\/wp-content\/uploads\/2021\/08\/09-1-300x225.jpg 300w, https:\/\/www.mojekonferencje.pl\/blog\/wp-content\/uploads\/2021\/08\/09-1-768x576.jpg 768w, https:\/\/www.mojekonferencje.pl\/blog\/wp-content\/uploads\/2021\/08\/09-1-1536x1152.jpg 1536w, https:\/\/www.mojekonferencje.pl\/blog\/wp-content\/uploads\/2021\/08\/09-1.jpg 2048w\" sizes=\"auto\" \/><\/figure>\n\n\n\n<h2 class=\"wp-block-heading\">Pa\u0142ac Odrow\u0105\u017c\u00f3w<strong><em>** <\/em><\/strong><\/h2>\n\n\n\n<p align=\"justify\">Zestawienie to zamyka<a href=\"https:\/\/www.mojekonferencje.pl\/chlewiska\/palac-odrowazow\"> niezwykle elegancki, 5-gwiazdkowy Pa\u0142ac Odrow\u0105\u017c\u00f3w<\/a>, kt\u00f3ry mie\u015bci si\u0119 w Chlewiskach niedaleko Szyd\u0142owca. Dzieje tego miejsca si\u0119gaj\u0105 jeszcze XII wieku, co czyni je <strong>najstarsz\u0105 rezydencj\u0105 ziemia\u0144sk\u0105 w Polsce<\/strong>. Na go\u015bci czekaj\u0105 tam malownicze widoki, cisza i 10 hektar\u00f3w zieleni, na kt\u00f3rej zorganizowa\u0107 mo\u017cna najbardziej wymagaj\u0105ce przedsi\u0119wzi\u0119cia w plenerze. Ma\u0142o tego &#8211; na terenie posiad\u0142o\u015bci znajduje si\u0119 nawet l\u0105dowisko dla helikopter\u00f3w. Ale <a href=\"https:\/\/www.mojekonferencje.pl\/chlewiska\/palac-odrowazow\">Pa\u0142ac Odrow\u0105\u017c\u00f3w<\/a> to r\u00f3wnie\u017c<strong> sale konferencyjne<\/strong> wewn\u0105trz, kt\u00f3rych jest a\u017c 5. To w pe\u0142ni wyposa\u017cone pomieszczenia, kt\u00f3re r\u00f3\u017cni\u0105 si\u0119 wielko\u015bci\u0105.\n\n\n\n<p align=\"justify\">Pozwalaj\u0105 one na organizacj\u0119<strong> event\u00f3w od 15 do 130 uczestnik\u00f3w<\/strong>.  Obiekt oferuje te\u017c <strong>wysokiej klasy zaplecze noclegowe<\/strong>, kt\u00f3re sk\u0142ada si\u0119 z pokoi i apartament\u00f3w. Czeka tam te\u017c<strong> rewelacyjna Restauracja<\/strong>, kt\u00f3r\u0105 zachwycaj\u0105 si\u0119 nawet najwi\u0119ksi smakosze. Idealnym dope\u0142nieniem tych us\u0142ug jest szeroki wachlarz atrakcji dodatkowych. Do dyspozycji go\u015bci pozostaj\u0105 m.in. <strong>\u0141a\u017anie Rzymskie, stajnia z ko\u0144mi oraz Witalna Wioska SPA<\/strong>, w kt\u00f3rej nawet zagrasz w golfa wodnego. Mo\u017cliwa jest tam r\u00f3wnie\u017c organizacja wieczoru z<strong> miodopiciem czy degustacj\u0105 win<\/strong>.\n\n\n\n<figure class=\"wp-block-image size-large\"><img loading=\"lazy\" decoding=\"async\" width=\"1024\" height=\"576\" src=\"https:\/\/www.mojekonferencje.pl\/blog\/wp-content\/uploads\/2021\/08\/010-1-1024x576.jpg\" alt=\"\" class=\"wp-image-2332 lazyload\" data-srcset=\"https:\/\/www.mojekonferencje.pl\/blog\/wp-content\/uploads\/2021\/08\/010-1-1024x576.jpg 1024w, https:\/\/www.mojekonferencje.pl\/blog\/wp-content\/uploads\/2021\/08\/010-1-300x169.jpg 300w, https:\/\/www.mojekonferencje.pl\/blog\/wp-content\/uploads\/2021\/08\/010-1-768x432.jpg 768w, https:\/\/www.mojekonferencje.pl\/blog\/wp-content\/uploads\/2021\/08\/010-1-1536x864.jpg 1536w, https:\/\/www.mojekonferencje.pl\/blog\/wp-content\/uploads\/2021\/08\/010-1-640x360.jpg 640w, https:\/\/www.mojekonferencje.pl\/blog\/wp-content\/uploads\/2021\/08\/010-1-320x180.jpg 320w, https:\/\/www.mojekonferencje.pl\/blog\/wp-content\/uploads\/2021\/08\/010-1-480x270.jpg 480w, https:\/\/www.mojekonferencje.pl\/blog\/wp-content\/uploads\/2021\/08\/010-1-960x540.jpg 960w, https:\/\/www.mojekonferencje.pl\/blog\/wp-content\/uploads\/2021\/08\/010-1-1280x720.jpg 1280w, https:\/\/www.mojekonferencje.pl\/blog\/wp-content\/uploads\/2021\/08\/010-1.jpg 1600w\" sizes=\"auto\" \/><\/figure>\n","protected":false},"excerpt":{"rendered":"<p>W okresie wiosenno-letnim zdecydowanie warto jest zorganizowa\u0107 event w plenerze. Rozleg\u0142e tereny zielone, malownicze krajobrazy, \u015bwie\u017ce powietrze &#8211; zobacz, gdzie w wojew\u00f3dztwie mazowieckim zorganizujesz wydarzenie w takich okoliczno\u015bciach.<\/p>\n","protected":false},"author":9,"featured_media":2322,"comment_status":"closed","ping_status":"closed","sticky":false,"template":"","format":"standard","meta":{"_acf_changed":false,"footnotes":""},"categories":[11,8,175,7],"tags":[127,271,354,20],"class_list":["post-2311","post","type-post","status-publish","format-standard","has-post-thumbnail","hentry","category-konferencyjny-relaks","category-porady","category-wybieranie-miejsca-konferencyjnego","category-wydarzenia","tag-centra-konferencyjne","tag-hotele-konferencyjne","tag-organizacja-wydarzen","tag-spotkania-biznesowe"],"acf":[],"yoast_head":"<!-- This site is optimized with the Yoast SEO plugin v27.1.1 - https:\/\/yoast.com\/product\/yoast-seo-wordpress\/ -->\n<title>Miejsca z plenerem na event w wojew\u00f3dztwie mazowieckim - blog | MojeKonferencje.pl<\/title>\n<meta name=\"description\" content=\"Miejsca z plenerem na event w wojew\u00f3dztwie mazowieckim - blog | MojeKonferencje.pl\" \/>\n<meta name=\"robots\" content=\"index, follow, max-snippet:-1, max-image-preview:large, max-video-preview:-1\" \/>\n<link rel=\"canonical\" href=\"https:\/\/www.mojekonferencje.pl\/blog\/miejsca-z-plenerem-na-event-w-wojewodztwie-mazowieckim\/\" \/>\n<meta property=\"og:locale\" content=\"pl_PL\" \/>\n<meta property=\"og:type\" content=\"article\" \/>\n<meta property=\"og:title\" content=\"Miejsca z plenerem na event w wojew\u00f3dztwie mazowieckim - blog | MojeKonferencje.pl\" \/>\n<meta property=\"og:description\" content=\"Miejsca z plenerem na event w wojew\u00f3dztwie mazowieckim - blog | MojeKonferencje.pl\" \/>\n<meta property=\"og:url\" content=\"https:\/\/www.mojekonferencje.pl\/blog\/miejsca-z-plenerem-na-event-w-wojewodztwie-mazowieckim\/\" \/>\n<meta property=\"og:site_name\" content=\"MojeKonferencje.pl\" \/>\n<meta property=\"article:published_time\" content=\"2021-08-02T13:35:30+00:00\" \/>\n<meta property=\"article:modified_time\" content=\"2024-05-07T09:51:27+00:00\" \/>\n<meta property=\"og:image\" content=\"https:\/\/www.mojekonferencje.pl\/blog\/wp-content\/uploads\/2021\/08\/PLENER.jpg\" \/>\n\t<meta property=\"og:image:width\" content=\"1049\" \/>\n\t<meta property=\"og:image:height\" content=\"701\" \/>\n\t<meta property=\"og:image:type\" content=\"image\/jpeg\" \/>\n<meta name=\"author\" content=\"Olga Stawicka-Iwanowska\" \/>\n<meta name=\"twitter:card\" content=\"summary_large_image\" \/>\n<meta name=\"twitter:label1\" content=\"Napisane przez\" \/>\n\t<meta name=\"twitter:data1\" content=\"Olga Stawicka-Iwanowska\" \/>\n\t<meta name=\"twitter:label2\" content=\"Szacowany czas czytania\" \/>\n\t<meta name=\"twitter:data2\" content=\"10 minut\" \/>\n<script type=\"application\/ld+json\" class=\"yoast-schema-graph\">{\"@context\":\"https:\/\/schema.org\",\"@graph\":[{\"@type\":\"Article\",\"@id\":\"https:\/\/www.mojekonferencje.pl\/blog\/miejsca-z-plenerem-na-event-w-wojewodztwie-mazowieckim\/#article\",\"isPartOf\":{\"@id\":\"https:\/\/www.mojekonferencje.pl\/blog\/miejsca-z-plenerem-na-event-w-wojewodztwie-mazowieckim\/\"},\"author\":{\"name\":\"Olga Stawicka-Iwanowska\",\"@id\":\"https:\/\/www.mojekonferencje.pl\/blog\/#\/schema\/person\/d6751ca3c60de9ec17ee21b744bbb2d4\"},\"headline\":\"Miejsca z plenerem na event w wojew\u00f3dztwie mazowieckim\",\"datePublished\":\"2021-08-02T13:35:30+00:00\",\"dateModified\":\"2024-05-07T09:51:27+00:00\",\"mainEntityOfPage\":{\"@id\":\"https:\/\/www.mojekonferencje.pl\/blog\/miejsca-z-plenerem-na-event-w-wojewodztwie-mazowieckim\/\"},\"wordCount\":1967,\"image\":{\"@id\":\"https:\/\/www.mojekonferencje.pl\/blog\/miejsca-z-plenerem-na-event-w-wojewodztwie-mazowieckim\/#primaryimage\"},\"thumbnailUrl\":\"https:\/\/www.mojekonferencje.pl\/blog\/wp-content\/uploads\/2021\/08\/PLENER.jpg\",\"keywords\":[\"centra konferencyjne\",\"hotele konferencyjne\",\"organizacja wydarze\u0144\",\"spotkania biznesowe\"],\"articleSection\":[\"Konferencyjny relaks\",\"Porady\",\"Wybieranie miejsca konferencyjnego\",\"Wydarzenia\"],\"inLanguage\":\"pl-PL\"},{\"@type\":\"WebPage\",\"@id\":\"https:\/\/www.mojekonferencje.pl\/blog\/miejsca-z-plenerem-na-event-w-wojewodztwie-mazowieckim\/\",\"url\":\"https:\/\/www.mojekonferencje.pl\/blog\/miejsca-z-plenerem-na-event-w-wojewodztwie-mazowieckim\/\",\"name\":\"Miejsca z plenerem na event w wojew\u00f3dztwie mazowieckim - blog | MojeKonferencje.pl\",\"isPartOf\":{\"@id\":\"https:\/\/www.mojekonferencje.pl\/blog\/#website\"},\"primaryImageOfPage\":{\"@id\":\"https:\/\/www.mojekonferencje.pl\/blog\/miejsca-z-plenerem-na-event-w-wojewodztwie-mazowieckim\/#primaryimage\"},\"image\":{\"@id\":\"https:\/\/www.mojekonferencje.pl\/blog\/miejsca-z-plenerem-na-event-w-wojewodztwie-mazowieckim\/#primaryimage\"},\"thumbnailUrl\":\"https:\/\/www.mojekonferencje.pl\/blog\/wp-content\/uploads\/2021\/08\/PLENER.jpg\",\"datePublished\":\"2021-08-02T13:35:30+00:00\",\"dateModified\":\"2024-05-07T09:51:27+00:00\",\"author\":{\"@id\":\"https:\/\/www.mojekonferencje.pl\/blog\/#\/schema\/person\/d6751ca3c60de9ec17ee21b744bbb2d4\"},\"description\":\"Miejsca z plenerem na event w wojew\u00f3dztwie mazowieckim - blog | MojeKonferencje.pl\",\"breadcrumb\":{\"@id\":\"https:\/\/www.mojekonferencje.pl\/blog\/miejsca-z-plenerem-na-event-w-wojewodztwie-mazowieckim\/#breadcrumb\"},\"inLanguage\":\"pl-PL\",\"potentialAction\":[{\"@type\":\"ReadAction\",\"target\":[\"https:\/\/www.mojekonferencje.pl\/blog\/miejsca-z-plenerem-na-event-w-wojewodztwie-mazowieckim\/\"]}]},{\"@type\":\"ImageObject\",\"inLanguage\":\"pl-PL\",\"@id\":\"https:\/\/www.mojekonferencje.pl\/blog\/miejsca-z-plenerem-na-event-w-wojewodztwie-mazowieckim\/#primaryimage\",\"url\":\"https:\/\/www.mojekonferencje.pl\/blog\/wp-content\/uploads\/2021\/08\/PLENER.jpg\",\"contentUrl\":\"https:\/\/www.mojekonferencje.pl\/blog\/wp-content\/uploads\/2021\/08\/PLENER.jpg\",\"width\":1049,\"height\":701},{\"@type\":\"BreadcrumbList\",\"@id\":\"https:\/\/www.mojekonferencje.pl\/blog\/miejsca-z-plenerem-na-event-w-wojewodztwie-mazowieckim\/#breadcrumb\",\"itemListElement\":[{\"@type\":\"ListItem\",\"position\":1,\"name\":\"Strona g\u0142\u00f3wna\",\"item\":\"https:\/\/www.mojekonferencje.pl\/blog\/\"},{\"@type\":\"ListItem\",\"position\":2,\"name\":\"Miejsca z plenerem na event w wojew\u00f3dztwie mazowieckim\"}]},{\"@type\":\"WebSite\",\"@id\":\"https:\/\/www.mojekonferencje.pl\/blog\/#website\",\"url\":\"https:\/\/www.mojekonferencje.pl\/blog\/\",\"name\":\"MojeKonferencje.pl\",\"description\":\"Blog bran\u017cy szkoleniowo-konferencyjnej. W\u0142\u0105cz si\u0119 do dyskusji o obiektach konferencyjnych i nowo\u015bciach z bran\u017cy! Poznaj porady odno\u015bnie organizacji konferencji, szkole\u0144 i event\u00f3w firmowych! Zach\u0119camy do wyra\u017cania opinii oraz komentarzy.\",\"potentialAction\":[{\"@type\":\"SearchAction\",\"target\":{\"@type\":\"EntryPoint\",\"urlTemplate\":\"https:\/\/www.mojekonferencje.pl\/blog\/?s={search_term_string}\"},\"query-input\":{\"@type\":\"PropertyValueSpecification\",\"valueRequired\":true,\"valueName\":\"search_term_string\"}}],\"inLanguage\":\"pl-PL\"},{\"@type\":\"Person\",\"@id\":\"https:\/\/www.mojekonferencje.pl\/blog\/#\/schema\/person\/d6751ca3c60de9ec17ee21b744bbb2d4\",\"name\":\"Olga Stawicka-Iwanowska\",\"description\":\"Head of Marketing z ponad sze\u015bcioletnim do\u015bwiadczeniem w bran\u017cy MICE. Na co dzie\u0144 zajmuje si\u0119 content marketingiem i promocj\u0105 obiekt\u00f3w eventowych, tak aby organizatorzy kongres\u00f3w, targ\u00f3w i konferencji wiedzieli, \u017ce w\u0142a\u015bnie tam warto zrealizowa\u0107 swoje wydarzenie. Prowadzi media spo\u0142eczno\u015bciowe, tworzy strategie komunikacji, pisze artyku\u0142y i dba o sp\u00f3jny wizerunek marki w ka\u017cdym kanale. W swojej pracy \u0142\u0105czy analityczne my\u015blenie z kreatywno\u015bci\u0105 i dobrym copy. Wsp\u00f3\u0142pracuje zar\u00f3wno z organizatorami najwi\u0119kszych wydarze\u0144 w Polsce, jak i z regionalnymi partnerami z bran\u017cy. Po godzinach mi\u0142o\u015bniczka podr\u00f3\u017cy po Europie, dobrej kuchni i klimatycznych miejsc, w kt\u00f3rych mo\u017cna z\u0142apa\u0107 oddech.\",\"sameAs\":[\"http:\/\/MojeKonferencje.pl\",\"https:\/\/www.linkedin.com\/in\/olgastawicka\/\"],\"url\":\"https:\/\/www.mojekonferencje.pl\/blog\/author\/osawicka\/\"}]}<\/script>\n<!-- \/ Yoast SEO plugin. -->","yoast_head_json":{"title":"Miejsca z plenerem na event w wojew\u00f3dztwie mazowieckim - blog | MojeKonferencje.pl","description":"Miejsca z plenerem na event w wojew\u00f3dztwie mazowieckim - blog | MojeKonferencje.pl","robots":{"index":"index","follow":"follow","max-snippet":"max-snippet:-1","max-image-preview":"max-image-preview:large","max-video-preview":"max-video-preview:-1"},"canonical":"https:\/\/www.mojekonferencje.pl\/blog\/miejsca-z-plenerem-na-event-w-wojewodztwie-mazowieckim\/","og_locale":"pl_PL","og_type":"article","og_title":"Miejsca z plenerem na event w wojew\u00f3dztwie mazowieckim - blog | MojeKonferencje.pl","og_description":"Miejsca z plenerem na event w wojew\u00f3dztwie mazowieckim - blog | MojeKonferencje.pl","og_url":"https:\/\/www.mojekonferencje.pl\/blog\/miejsca-z-plenerem-na-event-w-wojewodztwie-mazowieckim\/","og_site_name":"MojeKonferencje.pl","article_published_time":"2021-08-02T13:35:30+00:00","article_modified_time":"2024-05-07T09:51:27+00:00","og_image":[{"width":1049,"height":701,"url":"https:\/\/www.mojekonferencje.pl\/blog\/wp-content\/uploads\/2021\/08\/PLENER.jpg","type":"image\/jpeg"}],"author":"Olga Stawicka-Iwanowska","twitter_card":"summary_large_image","twitter_misc":{"Napisane przez":"Olga Stawicka-Iwanowska","Szacowany czas czytania":"10 minut"},"schema":{"@context":"https:\/\/schema.org","@graph":[{"@type":"Article","@id":"https:\/\/www.mojekonferencje.pl\/blog\/miejsca-z-plenerem-na-event-w-wojewodztwie-mazowieckim\/#article","isPartOf":{"@id":"https:\/\/www.mojekonferencje.pl\/blog\/miejsca-z-plenerem-na-event-w-wojewodztwie-mazowieckim\/"},"author":{"name":"Olga Stawicka-Iwanowska","@id":"https:\/\/www.mojekonferencje.pl\/blog\/#\/schema\/person\/d6751ca3c60de9ec17ee21b744bbb2d4"},"headline":"Miejsca z plenerem na event w wojew\u00f3dztwie mazowieckim","datePublished":"2021-08-02T13:35:30+00:00","dateModified":"2024-05-07T09:51:27+00:00","mainEntityOfPage":{"@id":"https:\/\/www.mojekonferencje.pl\/blog\/miejsca-z-plenerem-na-event-w-wojewodztwie-mazowieckim\/"},"wordCount":1967,"image":{"@id":"https:\/\/www.mojekonferencje.pl\/blog\/miejsca-z-plenerem-na-event-w-wojewodztwie-mazowieckim\/#primaryimage"},"thumbnailUrl":"https:\/\/www.mojekonferencje.pl\/blog\/wp-content\/uploads\/2021\/08\/PLENER.jpg","keywords":["centra konferencyjne","hotele konferencyjne","organizacja wydarze\u0144","spotkania biznesowe"],"articleSection":["Konferencyjny relaks","Porady","Wybieranie miejsca konferencyjnego","Wydarzenia"],"inLanguage":"pl-PL"},{"@type":"WebPage","@id":"https:\/\/www.mojekonferencje.pl\/blog\/miejsca-z-plenerem-na-event-w-wojewodztwie-mazowieckim\/","url":"https:\/\/www.mojekonferencje.pl\/blog\/miejsca-z-plenerem-na-event-w-wojewodztwie-mazowieckim\/","name":"Miejsca z plenerem na event w wojew\u00f3dztwie mazowieckim - blog | MojeKonferencje.pl","isPartOf":{"@id":"https:\/\/www.mojekonferencje.pl\/blog\/#website"},"primaryImageOfPage":{"@id":"https:\/\/www.mojekonferencje.pl\/blog\/miejsca-z-plenerem-na-event-w-wojewodztwie-mazowieckim\/#primaryimage"},"image":{"@id":"https:\/\/www.mojekonferencje.pl\/blog\/miejsca-z-plenerem-na-event-w-wojewodztwie-mazowieckim\/#primaryimage"},"thumbnailUrl":"https:\/\/www.mojekonferencje.pl\/blog\/wp-content\/uploads\/2021\/08\/PLENER.jpg","datePublished":"2021-08-02T13:35:30+00:00","dateModified":"2024-05-07T09:51:27+00:00","author":{"@id":"https:\/\/www.mojekonferencje.pl\/blog\/#\/schema\/person\/d6751ca3c60de9ec17ee21b744bbb2d4"},"description":"Miejsca z plenerem na event w wojew\u00f3dztwie mazowieckim - blog | MojeKonferencje.pl","breadcrumb":{"@id":"https:\/\/www.mojekonferencje.pl\/blog\/miejsca-z-plenerem-na-event-w-wojewodztwie-mazowieckim\/#breadcrumb"},"inLanguage":"pl-PL","potentialAction":[{"@type":"ReadAction","target":["https:\/\/www.mojekonferencje.pl\/blog\/miejsca-z-plenerem-na-event-w-wojewodztwie-mazowieckim\/"]}]},{"@type":"ImageObject","inLanguage":"pl-PL","@id":"https:\/\/www.mojekonferencje.pl\/blog\/miejsca-z-plenerem-na-event-w-wojewodztwie-mazowieckim\/#primaryimage","url":"https:\/\/www.mojekonferencje.pl\/blog\/wp-content\/uploads\/2021\/08\/PLENER.jpg","contentUrl":"https:\/\/www.mojekonferencje.pl\/blog\/wp-content\/uploads\/2021\/08\/PLENER.jpg","width":1049,"height":701},{"@type":"BreadcrumbList","@id":"https:\/\/www.mojekonferencje.pl\/blog\/miejsca-z-plenerem-na-event-w-wojewodztwie-mazowieckim\/#breadcrumb","itemListElement":[{"@type":"ListItem","position":1,"name":"Strona g\u0142\u00f3wna","item":"https:\/\/www.mojekonferencje.pl\/blog\/"},{"@type":"ListItem","position":2,"name":"Miejsca z plenerem na event w wojew\u00f3dztwie mazowieckim"}]},{"@type":"WebSite","@id":"https:\/\/www.mojekonferencje.pl\/blog\/#website","url":"https:\/\/www.mojekonferencje.pl\/blog\/","name":"MojeKonferencje.pl","description":"Blog bran\u017cy szkoleniowo-konferencyjnej. W\u0142\u0105cz si\u0119 do dyskusji o obiektach konferencyjnych i nowo\u015bciach z bran\u017cy! Poznaj porady odno\u015bnie organizacji konferencji, szkole\u0144 i event\u00f3w firmowych! Zach\u0119camy do wyra\u017cania opinii oraz komentarzy.","potentialAction":[{"@type":"SearchAction","target":{"@type":"EntryPoint","urlTemplate":"https:\/\/www.mojekonferencje.pl\/blog\/?s={search_term_string}"},"query-input":{"@type":"PropertyValueSpecification","valueRequired":true,"valueName":"search_term_string"}}],"inLanguage":"pl-PL"},{"@type":"Person","@id":"https:\/\/www.mojekonferencje.pl\/blog\/#\/schema\/person\/d6751ca3c60de9ec17ee21b744bbb2d4","name":"Olga Stawicka-Iwanowska","description":"Head of Marketing z ponad sze\u015bcioletnim do\u015bwiadczeniem w bran\u017cy MICE. Na co dzie\u0144 zajmuje si\u0119 content marketingiem i promocj\u0105 obiekt\u00f3w eventowych, tak aby organizatorzy kongres\u00f3w, targ\u00f3w i konferencji wiedzieli, \u017ce w\u0142a\u015bnie tam warto zrealizowa\u0107 swoje wydarzenie. Prowadzi media spo\u0142eczno\u015bciowe, tworzy strategie komunikacji, pisze artyku\u0142y i dba o sp\u00f3jny wizerunek marki w ka\u017cdym kanale. W swojej pracy \u0142\u0105czy analityczne my\u015blenie z kreatywno\u015bci\u0105 i dobrym copy. Wsp\u00f3\u0142pracuje zar\u00f3wno z organizatorami najwi\u0119kszych wydarze\u0144 w Polsce, jak i z regionalnymi partnerami z bran\u017cy. Po godzinach mi\u0142o\u015bniczka podr\u00f3\u017cy po Europie, dobrej kuchni i klimatycznych miejsc, w kt\u00f3rych mo\u017cna z\u0142apa\u0107 oddech.","sameAs":["http:\/\/MojeKonferencje.pl","https:\/\/www.linkedin.com\/in\/olgastawicka\/"],"url":"https:\/\/www.mojekonferencje.pl\/blog\/author\/osawicka\/"}]}},"_links":{"self":[{"href":"https:\/\/www.mojekonferencje.pl\/blog\/wp-json\/wp\/v2\/posts\/2311","targetHints":{"allow":["GET"]}}],"collection":[{"href":"https:\/\/www.mojekonferencje.pl\/blog\/wp-json\/wp\/v2\/posts"}],"about":[{"href":"https:\/\/www.mojekonferencje.pl\/blog\/wp-json\/wp\/v2\/types\/post"}],"author":[{"embeddable":true,"href":"https:\/\/www.mojekonferencje.pl\/blog\/wp-json\/wp\/v2\/users\/9"}],"replies":[{"embeddable":true,"href":"https:\/\/www.mojekonferencje.pl\/blog\/wp-json\/wp\/v2\/comments?post=2311"}],"version-history":[{"count":3,"href":"https:\/\/www.mojekonferencje.pl\/blog\/wp-json\/wp\/v2\/posts\/2311\/revisions"}],"predecessor-version":[{"id":2581,"href":"https:\/\/www.mojekonferencje.pl\/blog\/wp-json\/wp\/v2\/posts\/2311\/revisions\/2581"}],"wp:featuredmedia":[{"embeddable":true,"href":"https:\/\/www.mojekonferencje.pl\/blog\/wp-json\/wp\/v2\/media\/2322"}],"wp:attachment":[{"href":"https:\/\/www.mojekonferencje.pl\/blog\/wp-json\/wp\/v2\/media?parent=2311"}],"wp:term":[{"taxonomy":"category","embeddable":true,"href":"https:\/\/www.mojekonferencje.pl\/blog\/wp-json\/wp\/v2\/categories?post=2311"},{"taxonomy":"post_tag","embeddable":true,"href":"https:\/\/www.mojekonferencje.pl\/blog\/wp-json\/wp\/v2\/tags?post=2311"}],"curies":[{"name":"wp","href":"https:\/\/api.w.org\/{rel}","templated":true}]}}