{"id":2350,"date":"2021-11-15T17:36:46","date_gmt":"2021-11-15T15:36:46","guid":{"rendered":"https:\/\/www.mojekonferencje.pl\/blog\/?p=2350"},"modified":"2024-05-07T11:51:27","modified_gmt":"2024-05-07T09:51:27","slug":"savoir-vivre-w-biznesie-najwazniejsze-zasady","status":"publish","type":"post","link":"https:\/\/www.mojekonferencje.pl\/blog\/savoir-vivre-w-biznesie-najwazniejsze-zasady\/","title":{"rendered":"Savoir vivre w biznesie &#8211; najwa\u017cniejsze zasady"},"content":{"rendered":"\n<p><strong>Um\u00f3wi\u0142e\u015b si\u0119 na spotkanie biznesowe i zastanawiasz si\u0119 teraz, jak najlepiej si\u0119 zachowa\u0107, by zrobi\u0107 dobre wra\u017cenie i by zbudowa\u0107 pozytywne relacje z klientem? Musisz wiedzie\u0107, \u017ce zasady savoir vivre w biznesie s\u0105 bardzo wa\u017cne. Nie tycz\u0105 si\u0119 tylko tego, jak pos\u0142ugiwa\u0107 si\u0119 sztu\u0107cami podczas firmowego lunchu, ale r\u00f3wnie\u017c obejmuj\u0105 dobre praktyki, kt\u00f3re s\u0105 kluczowe w budowaniu relacji z klientem.<\/strong><\/p>\n\n\n\n<p>W poni\u017cszym artykule zdradzamy, na co zwr\u00f3ci\u0107 uwag\u0119 i jakie zasady savoir vivre przyswoi\u0107 sobie na dobre w g\u0142owie.<\/p>\n\n\n\n<figure class=\"wp-block-image size-large\"><img loading=\"lazy\" decoding=\"async\" width=\"1024\" height=\"683\" src=\"https:\/\/www.mojekonferencje.pl\/blog\/wp-content\/uploads\/2021\/11\/Savoir-vivre-w-biznesie-2-1024x683.jpg\" alt=\"\" class=\"wp-image-2355 lazyload\" data-srcset=\"https:\/\/www.mojekonferencje.pl\/blog\/wp-content\/uploads\/2021\/11\/Savoir-vivre-w-biznesie-2-1024x683.jpg 1024w, https:\/\/www.mojekonferencje.pl\/blog\/wp-content\/uploads\/2021\/11\/Savoir-vivre-w-biznesie-2-300x200.jpg 300w, https:\/\/www.mojekonferencje.pl\/blog\/wp-content\/uploads\/2021\/11\/Savoir-vivre-w-biznesie-2-768x512.jpg 768w, https:\/\/www.mojekonferencje.pl\/blog\/wp-content\/uploads\/2021\/11\/Savoir-vivre-w-biznesie-2-1536x1024.jpg 1536w, https:\/\/www.mojekonferencje.pl\/blog\/wp-content\/uploads\/2021\/11\/Savoir-vivre-w-biznesie-2-2048x1365.jpg 2048w\" sizes=\"auto\" \/><\/figure>\n\n\n\n<h2 class=\"has-text-align-center wp-block-heading\">Dress code &#8211; spotkanie biznesowe<\/h2>\n\n\n\n<p>Jak ubra\u0107 si\u0119 na konferencj\u0119, szkolenie czy spotkanie z klientem lub kontrahentem? Wielu z Was pewnie my\u015bli, \u017ce to przecie\u017c wszyscy wiedz\u0105, po co o tym pisa\u0107? Chcieliby\u015bmy, \u017ceby tak by\u0142o \ud83d\ude09 Tymczasem na ka\u017cdym evencie mo\u017cna spotka\u0107 osob\u0119 nieodpowiednio ubran\u0105 do sytuacji. Pol\u00f3wka zamiast koszuli? Podarte na kolanach jeansy zamiast eleganckich spodni w stonowanym kolorze? Zdarza si\u0119, oj, zdarza si\u0119! \ud83d\ude03 Zasady savoir vivre nie s\u0105 jednak tak sztywne, jak mog\u0142oby si\u0119 wydawa\u0107. Nie musisz ubiera\u0107 fraku, koszuli na spinki i spodni z kantem. Mo\u017cesz pozwoli\u0107 sobie na odrobin\u0119 oryginalno\u015bci &#8211; zw\u0142aszcza je\u015bli interesujesz si\u0119 mod\u0105 i wiesz jak to zrobi\u0107 w schludny i stylowy spos\u00f3b. Dotyczy to zar\u00f3wno pan\u00f3w, jak i panie. Na spotkanie biznesowe kobiety mog\u0105 przyj\u015b\u0107 tylko w szaroburych garsonkach? Bzdura! Kobiety maj\u0105 zdecydowanie wi\u0119cej opcji do wyboru. Sukienki, sp\u00f3dnice, koszule, garnitury, a nawet spodnie (ale postaw raczej na te eleganckie, a nie na przetarte jeansy \ud83d\ude09).<\/p>\n\n\n\n<figure class=\"wp-block-image size-large\"><img loading=\"lazy\" decoding=\"async\" width=\"1024\" height=\"683\" src=\"https:\/\/www.mojekonferencje.pl\/blog\/wp-content\/uploads\/2021\/11\/Savoir-vivre-w-biznesie-1-1024x683.jpg\" alt=\"\" class=\"wp-image-2354 lazyload\" data-srcset=\"https:\/\/www.mojekonferencje.pl\/blog\/wp-content\/uploads\/2021\/11\/Savoir-vivre-w-biznesie-1-1024x683.jpg 1024w, https:\/\/www.mojekonferencje.pl\/blog\/wp-content\/uploads\/2021\/11\/Savoir-vivre-w-biznesie-1-300x200.jpg 300w, https:\/\/www.mojekonferencje.pl\/blog\/wp-content\/uploads\/2021\/11\/Savoir-vivre-w-biznesie-1-768x512.jpg 768w, https:\/\/www.mojekonferencje.pl\/blog\/wp-content\/uploads\/2021\/11\/Savoir-vivre-w-biznesie-1-1536x1024.jpg 1536w, https:\/\/www.mojekonferencje.pl\/blog\/wp-content\/uploads\/2021\/11\/Savoir-vivre-w-biznesie-1-2048x1365.jpg 2048w\" sizes=\"auto\" \/><\/figure>\n\n\n\n<p>No dobra, ale przecie\u017c savoir vivre w biznesie nie ogranicza si\u0119 tylko do dress code&#8217;u. Budowanie relacji z klientem to znacznie, znacznie wi\u0119cej zasad, o kt\u00f3rych nale\u017cy pami\u0119ta\u0107.<\/p>\n\n\n\n<h2 class=\"has-text-align-center wp-block-heading\">Jak prowadzi\u0107 spotkanie biznesowe?<\/h2>\n\n\n\n<p>Przede wszystkim wa\u017cny jest plan. Nie musisz zanotowa\u0107 sobie punkt po punkcie, o czym masz rozmawia\u0107. Czasem to wychodzi &#8222;w praniu&#8221;. Mo\u017cecie trafi\u0107 na osob\u0119 bardzo powa\u017cn\u0105, z kt\u00f3r\u0105 o \u017cartach nie ma mowy. Mo\u017cecie te\u017c trafi\u0107 na osob\u0119, kt\u00f3ra do wielu rzeczy podchodzi z dystansem i nawet o najbardziej mog\u0142oby si\u0119 wydawa\u0107 powa\u017cnych rzeczach b\u0119dziecie w stanie porozmawia\u0107 w lu\u017anej atmosferze. Wa\u017cne jest jednak, \u017ceby\u015b mia\u0142 w g\u0142owie pouk\u0142adane mniej wi\u0119cej, jak ca\u0142e spotkanie powinno przebiega\u0107.<\/p>\n\n\n\n<figure class=\"wp-block-image size-large\"><img loading=\"lazy\" decoding=\"async\" width=\"1024\" height=\"683\" src=\"https:\/\/www.mojekonferencje.pl\/blog\/wp-content\/uploads\/2021\/11\/Savoir-vivre-w-biznesie-2-1-1024x683.jpg\" alt=\"\" class=\"wp-image-2364 lazyload\" data-srcset=\"https:\/\/www.mojekonferencje.pl\/blog\/wp-content\/uploads\/2021\/11\/Savoir-vivre-w-biznesie-2-1-1024x683.jpg 1024w, https:\/\/www.mojekonferencje.pl\/blog\/wp-content\/uploads\/2021\/11\/Savoir-vivre-w-biznesie-2-1-300x200.jpg 300w, https:\/\/www.mojekonferencje.pl\/blog\/wp-content\/uploads\/2021\/11\/Savoir-vivre-w-biznesie-2-1-768x512.jpg 768w, https:\/\/www.mojekonferencje.pl\/blog\/wp-content\/uploads\/2021\/11\/Savoir-vivre-w-biznesie-2-1-1536x1025.jpg 1536w, https:\/\/www.mojekonferencje.pl\/blog\/wp-content\/uploads\/2021\/11\/Savoir-vivre-w-biznesie-2-1-2048x1366.jpg 2048w\" sizes=\"auto\" \/><\/figure>\n\n\n\n<p>Na pewno zadbaj o spokojny i wywa\u017cony ton, a tak\u017ce o profesjonalne s\u0142ownictwo. Mamy nadziej\u0119, \u017ce nie musimy tego pisa\u0107, ale napiszemy tak na wszelki wypadek: zostaw wulgaryzmy w domu, je\u015bli takowych na co dzie\u0144 u\u017cywasz. Staraj si\u0119 wple\u015b\u0107 w swoje zdania profesjonalne wyra\u017cenia, ale najlepiej takie zwi\u0105zane z tematem i Twoj\u0105 bran\u017c\u0105. U\u017cywanie trudnych s\u0142\u00f3w bezpodstawnie na nikim nie zrobi wra\u017cenia. Staraj si\u0119 m\u00f3wi\u0107 rzeczowo. Pomy\u015bl, co dla Twojego rozm\u00f3wcy jest najbardziej przydatne.<\/p>\n\n\n\n<p>Pod \u017cadnym pozorem nie przerywaj swoim rozm\u00f3wcom! Trafnie formu\u0142uj wnioski.<\/p>\n\n\n\n<h2 class=\"has-text-align-center wp-block-heading\">Zasady savoir vivre &#8211; kto komu podaje r\u0119k\u0119?<\/h2>\n\n\n\n<p>Savoir vivre uczono nas w szkole i we w\u0142asnym domu. Jak trzyma\u0107 sztu\u0107ce, jak si\u0119 k\u0142ania\u0107 i kto pierwszy komu ma poda\u0107 r\u0119k\u0119. Savoir vivre w biznesie to rozszerzenie tych zasad o biznesowe \u015brodowisko. Przywitanie go\u015bci jest bardzo wa\u017cne, je\u015bli chcemy zrobi\u0107 dobre pierwsze wra\u017cenie. Pierwsza powinna uk\u0142oni\u0107 si\u0119 osoba zajmuj\u0105ca ni\u017csze stanowisko. Z kolei r\u0119k\u0119 pierwszy podaje ten, kto jest wy\u017cej w hierarchii.<\/p>\n\n\n\n<figure class=\"wp-block-image size-large\"><img loading=\"lazy\" decoding=\"async\" width=\"1024\" height=\"684\" src=\"https:\/\/www.mojekonferencje.pl\/blog\/wp-content\/uploads\/2021\/11\/Savoir-vivre-w-biznesie-5-1024x684.jpg\" alt=\"\" class=\"wp-image-2353 lazyload\" data-srcset=\"https:\/\/www.mojekonferencje.pl\/blog\/wp-content\/uploads\/2021\/11\/Savoir-vivre-w-biznesie-5-1024x684.jpg 1024w, https:\/\/www.mojekonferencje.pl\/blog\/wp-content\/uploads\/2021\/11\/Savoir-vivre-w-biznesie-5-300x200.jpg 300w, https:\/\/www.mojekonferencje.pl\/blog\/wp-content\/uploads\/2021\/11\/Savoir-vivre-w-biznesie-5-768x513.jpg 768w, https:\/\/www.mojekonferencje.pl\/blog\/wp-content\/uploads\/2021\/11\/Savoir-vivre-w-biznesie-5-1536x1025.jpg 1536w, https:\/\/www.mojekonferencje.pl\/blog\/wp-content\/uploads\/2021\/11\/Savoir-vivre-w-biznesie-5-2048x1367.jpg 2048w\" sizes=\"auto\" \/><\/figure>\n\n\n\n<h2 class=\"has-text-align-center wp-block-heading\">O czym jeszcze nale\u017cy pami\u0119ta\u0107 podczas kameralnego spotkania lub konferencji biznesowej?<\/h2>\n\n\n\n<p>Wszelkie sp\u00f3\u017anienia s\u0105 bardzo nietaktowne. Je\u015bli wiesz, \u017ce po drodze na konferencj\u0119 mog\u0105 by\u0107 korki, wyjed\u017a odpowiednio wcze\u015bniej. Nawet kwadrans akademicki mo\u017ce by\u0107 sporym nietaktem, bowiem w biznesie czas to pieni\u0105dz, czas jest kluczowy. Dotyczy to zw\u0142aszcza spotka\u0144 organizowanych w du\u017cych miastach. Chyba wszyscy wiemy, jak ci\u0119\u017cko jedzie si\u0119 samochodem przez tak\u0105 <a href=\"http:\/\/Um\u00f3wi\u0142e\u015b si\u0119 na spotkanie biznesowe i zastanawiasz si\u0119 teraz, jak najlepiej si\u0119 zachowa\u0107, by zrobi\u0107 dobre wra\u017cenie i by zbudowa\u0107 pozytywne relacje z klientem? Musisz wiedzie\u0107, \u017ce zasady savoir vivre w biznesie s\u0105 bardzo wa\u017cne. Nie tycz\u0105 si\u0119 tylko tego, jak pos\u0142ugiwa\u0107 si\u0119 sztu\u0107cami podczas firmowego lunchu, ale r\u00f3wnie\u017c obejmuj\u0105 dobre praktyki, kt\u00f3re s\u0105 kluczowe w budowaniu relacji z klientem.   W poni\u017cszym artykule zdradzamy, na co zwr\u00f3ci\u0107 uwag\u0119 i jakie zasady savoir vivre przyswoi\u0107 sobie na dobre w g\u0142owie.   Dress code - spotkanie biznesowe  Jak ubra\u0107 si\u0119 na konferencj\u0119, szkolenie czy spotkanie z klientem lub kontrahentem? Wiele z Was pewnie my\u015bli, \u017ce to przecie\u017c wszyscy wiedz\u0105, po co o tym pisa\u0107? Chcieliby\u015bmy, \u017ceby tak by\u0142o :) Tymczasem na ka\u017cdym evencie mo\u017cna spotka\u0107 osob\u0119 nieodpowiednio ubran\u0105 do sytuacji. Pol\u00f3wka zamiast koszuli? Podarte na kolanach jeansy zamiast elegankich spodni w stonowanym kolorze? Zdarza si\u0119, oj, zdarza si\u0119! :) Zasady savoir vivre nie s\u0105 jednak tak sztywne, jak mog\u0142oby si\u0119 wydawa\u0107. Nie musisz ubiera\u0107 fraku, koszuli na spinki i spodni z kantem. Mo\u017cesz pozwoli\u0107 sobie na odrobin\u0119 oryginalno\u015bci - zw\u0142aszcza je\u015bli interesujesz si\u0119 mod\u0105 i wiesz jak to zrobi\u0107 w schludny i stylowy spos\u00f3b. Dotyczy to zar\u00f3wno pan\u00f3w, jak i panie. Na spotkanie biznesowe kobiety mog\u0105 przyj\u015b\u0107 tylko w szaroburych garsonkach? Bzdura! Kobiety maj\u0105 zdecydowanie wi\u0119cej opcji do wyboru. Sukienki, sp\u00f3dnice, koszule, garnitury, a nawet spodnie (ale postaw raczej na te eleganckie, a nie na przetarte jeansy ;)).   No dobra, ale przecie\u017c savoir vivre w biznesie nie ogranicza si\u0119 tylko do dress code'u. Budowanie relacji z klientem to znacznie, znacznie wi\u0119cej zasad, o kt\u00f3rych nale\u017cy pami\u0119ta\u0107.  Jak prowadzi\u0107 spotkanie biznesowe?  Przede wszystkim wa\u017cny jest plan. Nie musisz zanotowa\u0107 sobie punkt po punkcie, o czym masz rozmawia\u0107. Czasem to wychodzi &quot;w praniu&quot;. Mo\u017cecie trafi\u0107 na osob\u0119 bardzo powa\u017cn\u0105, z kt\u00f3r\u0105 o \u017cartach nie ma mowy. Mo\u017cecie te\u017c trafi\u0107 na osob\u0119, kt\u00f3ra do wielu rzeczy podchodzi z dystansem i nawet o najbardziej mog\u0142oby si\u0119 wydawa\u0107 powa\u017cnych rzeczach b\u0119dziecie w stanie porozmawia\u0107 w lu\u017anej atmosferze. Wa\u017cne jest jednak, \u017ceby\u015b mia\u0142 w g\u0142owie pouk\u0142adane mniej wi\u0119cej, jak ca\u0142e spotkanie powinno przebiega\u0107.  Na pewno zadbaj o spokojny i wywa\u017cony ton, a tak\u017ce o profesjonalne s\u0142ownictwo. Mamy nadziej\u0119, \u017ce nie musimy tego pisa\u0107, ale napiszemy tak na wszelki wypadek: zostaw wulgaryzmy w domu, je\u015bli takowych na co dzie\u0144 u\u017cywasz. Staraj si\u0119 wple\u015b\u0107 w swoje zdania profesjonalne wyra\u017cenia, ale najlepiej takie zwi\u0105zane z tematem i Twoj\u0105 bran\u017c\u0105. U\u017cywanie trudnych s\u0142\u00f3w bezpodstawnie na nikim nie zrobi wra\u017cenia. Staraj si\u0119 m\u00f3wi\u0107 rzeczowo. Pomy\u015bl, co dla Twojego rozm\u00f3wcy jest najbardziej przydatne.   Pod \u017cadnym pozorem nie przerywaj swoim rozm\u00f3wcom! Trafnie formu\u0142uj wnioski.   Zasady savoir vivre - kto komu podaje r\u0119k\u0119?  Savoir vivre uczono nas w szkole i we w\u0142asnym domu. Jak trzyma\u0107 sztu\u0107ce, jak si\u0119 k\u0142ania\u0107 i kto pierwszy komu ma poda\u0107 r\u0119k\u0119. Savoir vivre w biznesie to rozszerzenie tych zasad o biznesowe \u015brodowisko. Przywitanie go\u015bci jest bardzo wa\u017cne, je\u015bli chcemy zrobi\u0107 dobre pierwsze wra\u017cenie. Pierwsza powinna uk\u0142oni\u0107 si\u0119 osoba zajmuj\u0105ca ni\u017csze stanowisko. Z kolei r\u0119k\u0119 pierwszy podaje ten, kto jest wy\u017cej w hierarchii.   O czym jeszcze nale\u017cy pami\u0119ta\u0107 podczas kameralnego spotkania lub konferencji biznesowej?  Wszelkie sp\u00f3\u017anienia s\u0105 bardzo nietaktowne. Je\u015bli wiesz, \u017ce po drodze na konferencj\u0119 mog\u0105 by\u0107 korki, wyjed\u017a odpowiednio wcze\u015bniej. Nawet kwadrans akademicki mo\u017ce by\u0107 sporym nietaktem, bowiem w biznesie czas to pieni\u0105dz, czas jest kluczowy. Dotyczy to zw\u0142aszcza spotka\u0144 organizowanych w du\u017cych miastach. Chyba wszyscy wiemy, jak ci\u0119\u017cko jedzie si\u0119 samochodem przez tak\u0105 Warszaw\u0119 czy Krak\u00f3w.   Wielu z nas jest uzale\u017cnionych od telefon\u00f3w kom\u00f3rkowych. Przegl\u0105damy strony internetowe i scrollujemy media spo\u0142eczno\u015bciowe. Nie chodzi nawet o prywatne pisanie ze znajomymi na messengerze podczas konferencji biznesowej. Social media to praca wielu z nas, ale nale\u017cy podczas biznesowych spotka\u0144 powstrzyma\u0107 si\u0119 od u\u017cywania ich. Nawet wa\u017cne sprawy powinny poczeka\u0107 do najbli\u017cszej przerwy kawowej.   Je\u015bli spotkanie odbywa si\u0119 w restauracji czy kawiarni, warto wiedzie\u0107, \u017ce nie zdejmujemy wtedy marynarki - zw\u0142aszcza w eleganckim lokalu. W takich miejscach warto te\u017c pami\u0119ta\u0107, \u017ce serwet\u0119 nale\u017cy roz\u0142o\u017cy\u0107 na kolanach, a wychodz\u0105c do \u0142azienki od\u0142o\u017cy\u0107 j\u0105 na por\u0119cz krzes\u0142a lub siedzisko. To znak dla obs\u0142ugi, \u017ce jeszcze nie sko\u0144czyli\u015bmy posi\u0142ku. Nie podno\u015bcie te\u017c sztu\u0107c\u00f3w z pod\u0142ogi, je\u015bli przez przypadek Wam upadn\u0105. Zasada 5 sekund tu wcale nie dzia\u0142a ;)  Biznesowych zasad savoir vivre jest znacznie wi\u0119cej. Dzisiaj opisali\u015bmy aspekty, na kt\u00f3re szczeg\u00f3lnie warto zwr\u00f3ci\u0107 uwag\u0119. Mamy nadziej\u0119, \u017ce artyku\u0142 okaza\u0142 si\u0119 przydatny.\" target=\"_blank\" rel=\"noreferrer noopener\">Warszaw\u0119<\/a> czy <a href=\"https:\/\/www.mojekonferencje.pl\/sale-konferencyjne-krakow\" target=\"_blank\" rel=\"noreferrer noopener\">Krak\u00f3w<\/a>.<\/p>\n\n\n\n<p>Wielu z nas jest uzale\u017cnionych od telefon\u00f3w kom\u00f3rkowych. Przegl\u0105damy strony internetowe i scrollujemy media spo\u0142eczno\u015bciowe. Nie chodzi nawet o prywatne pisanie ze znajomymi na Messengerze podczas konferencji biznesowej. <em>Social media<\/em> to praca wielu z nas, ale nale\u017cy podczas biznesowych spotka\u0144 powstrzyma\u0107 si\u0119 od u\u017cywania ich. Nawet wa\u017cne sprawy powinny poczeka\u0107 do najbli\u017cszej przerwy kawowej.<\/p>\n\n\n\n<figure class=\"wp-block-image size-large\"><img loading=\"lazy\" decoding=\"async\" width=\"1024\" height=\"698\" src=\"https:\/\/www.mojekonferencje.pl\/blog\/wp-content\/uploads\/2021\/11\/Savoir-vivre-w-biznesie-6-1024x698.jpg\" alt=\"\" class=\"wp-image-2363 lazyload\" data-srcset=\"https:\/\/www.mojekonferencje.pl\/blog\/wp-content\/uploads\/2021\/11\/Savoir-vivre-w-biznesie-6-1024x698.jpg 1024w, https:\/\/www.mojekonferencje.pl\/blog\/wp-content\/uploads\/2021\/11\/Savoir-vivre-w-biznesie-6-300x205.jpg 300w, https:\/\/www.mojekonferencje.pl\/blog\/wp-content\/uploads\/2021\/11\/Savoir-vivre-w-biznesie-6-768x524.jpg 768w, https:\/\/www.mojekonferencje.pl\/blog\/wp-content\/uploads\/2021\/11\/Savoir-vivre-w-biznesie-6-1536x1048.jpg 1536w, https:\/\/www.mojekonferencje.pl\/blog\/wp-content\/uploads\/2021\/11\/Savoir-vivre-w-biznesie-6-2048x1397.jpg 2048w\" sizes=\"auto\" \/><\/figure>\n\n\n\n<p>Je\u015bli spotkanie odbywa si\u0119 w <a rel=\"noreferrer noopener\" href=\"https:\/\/www.mojekonferencje.pl\/restauracja\" target=\"_blank\">restauracji<\/a> czy kawiarni, warto wiedzie\u0107, \u017ce nie zdejmujemy wtedy marynarki &#8211; zw\u0142aszcza w eleganckim lokalu, np. w restauracji w <a rel=\"noreferrer noopener\" href=\"https:\/\/www.mojekonferencje.pl\/hotel-pieciogwiazdkowy\" target=\"_blank\">hotelu 5-gwiazdkowym<\/a>. W takich miejscach warto te\u017c pami\u0119ta\u0107, \u017ce serwet\u0119 nale\u017cy roz\u0142o\u017cy\u0107 na kolanach, a wychodz\u0105c do \u0142azienki od\u0142o\u017cy\u0107 j\u0105 na por\u0119cz krzes\u0142a lub siedzisko. To znak dla obs\u0142ugi, \u017ce jeszcze nie sko\u0144czyli\u015bmy posi\u0142ku. Nie podno\u015bcie te\u017c sztu\u0107c\u00f3w z pod\u0142ogi, je\u015bli przez przypadek Wam upadn\u0105. Zasada 5 sekund tu wcale nie dzia\u0142a \ud83d\ude09<\/p>\n\n\n\n<figure class=\"wp-block-image size-large\"><img loading=\"lazy\" decoding=\"async\" width=\"1024\" height=\"683\" src=\"https:\/\/www.mojekonferencje.pl\/blog\/wp-content\/uploads\/2021\/11\/Savoir-vivre-w-biznesie-4-1-1024x683.jpg\" alt=\"\" class=\"wp-image-2359 lazyload\" data-srcset=\"https:\/\/www.mojekonferencje.pl\/blog\/wp-content\/uploads\/2021\/11\/Savoir-vivre-w-biznesie-4-1-1024x683.jpg 1024w, https:\/\/www.mojekonferencje.pl\/blog\/wp-content\/uploads\/2021\/11\/Savoir-vivre-w-biznesie-4-1-300x200.jpg 300w, https:\/\/www.mojekonferencje.pl\/blog\/wp-content\/uploads\/2021\/11\/Savoir-vivre-w-biznesie-4-1-768x512.jpg 768w, https:\/\/www.mojekonferencje.pl\/blog\/wp-content\/uploads\/2021\/11\/Savoir-vivre-w-biznesie-4-1-1536x1024.jpg 1536w, https:\/\/www.mojekonferencje.pl\/blog\/wp-content\/uploads\/2021\/11\/Savoir-vivre-w-biznesie-4-1-2048x1365.jpg 2048w\" sizes=\"auto\" \/><\/figure>\n\n\n\n<p>Biznesowych zasad savoir vivre jest znacznie wi\u0119cej. Dzisiaj opisali\u015bmy aspekty, na kt\u00f3re szczeg\u00f3lnie warto zwr\u00f3ci\u0107 uwag\u0119. Mamy nadziej\u0119, \u017ce artyku\u0142 okaza\u0142 si\u0119 przydatny.<\/p>\n","protected":false},"excerpt":{"rendered":"<p>Um\u00f3wi\u0142e\u015b si\u0119 na spotkanie biznesowe i zastanawiasz si\u0119 teraz, jak najlepiej si\u0119 zachowa\u0107, by zrobi\u0107 dobre wra\u017cenie i by zbudowa\u0107 pozytywne relacje z klientem? Musisz wiedzie\u0107, \u017ce zasady savoir vivre w biznesie s\u0105 bardzo wa\u017cne.<\/p>\n","protected":false},"author":7,"featured_media":2358,"comment_status":"closed","ping_status":"closed","sticky":false,"template":"","format":"standard","meta":{"_acf_changed":false,"footnotes":""},"categories":[8],"tags":[],"class_list":["post-2350","post","type-post","status-publish","format-standard","has-post-thumbnail","hentry","category-porady"],"acf":[],"yoast_head":"<!-- This site is optimized with the Yoast SEO plugin v27.1.1 - https:\/\/yoast.com\/product\/yoast-seo-wordpress\/ -->\n<title>Savoir vivre w biznesie - najwa\u017cniejsze zasady - blog | MojeKonferencje.pl<\/title>\n<meta name=\"description\" content=\"Savoir vivre w biznesie - najwa\u017cniejsze zasady - blog | MojeKonferencje.pl\" \/>\n<meta name=\"robots\" content=\"index, follow, max-snippet:-1, max-image-preview:large, max-video-preview:-1\" \/>\n<link rel=\"canonical\" href=\"https:\/\/www.mojekonferencje.pl\/blog\/savoir-vivre-w-biznesie-najwazniejsze-zasady\/\" \/>\n<meta property=\"og:locale\" content=\"pl_PL\" \/>\n<meta property=\"og:type\" content=\"article\" \/>\n<meta property=\"og:title\" content=\"Savoir vivre w biznesie - najwa\u017cniejsze zasady - blog | MojeKonferencje.pl\" \/>\n<meta property=\"og:description\" content=\"Savoir vivre w biznesie - najwa\u017cniejsze zasady - blog | MojeKonferencje.pl\" \/>\n<meta property=\"og:url\" content=\"https:\/\/www.mojekonferencje.pl\/blog\/savoir-vivre-w-biznesie-najwazniejsze-zasady\/\" \/>\n<meta property=\"og:site_name\" content=\"MojeKonferencje.pl\" \/>\n<meta property=\"article:published_time\" content=\"2021-11-15T15:36:46+00:00\" \/>\n<meta property=\"article:modified_time\" content=\"2024-05-07T09:51:27+00:00\" \/>\n<meta property=\"og:image\" content=\"https:\/\/www.mojekonferencje.pl\/blog\/wp-content\/uploads\/2021\/11\/Savoir-vivre-w-biznesie-3-scaled.jpg\" \/>\n\t<meta property=\"og:image:width\" content=\"2560\" \/>\n\t<meta property=\"og:image:height\" content=\"1707\" \/>\n\t<meta property=\"og:image:type\" content=\"image\/jpeg\" \/>\n<meta name=\"author\" content=\"Paulina Lubieniecka\" \/>\n<meta name=\"twitter:card\" content=\"summary_large_image\" \/>\n<meta name=\"twitter:label1\" content=\"Napisane przez\" \/>\n\t<meta name=\"twitter:data1\" content=\"Paulina Lubieniecka\" \/>\n\t<meta name=\"twitter:label2\" content=\"Szacowany czas czytania\" \/>\n\t<meta name=\"twitter:data2\" content=\"4 minuty\" \/>\n<script type=\"application\/ld+json\" class=\"yoast-schema-graph\">{\"@context\":\"https:\/\/schema.org\",\"@graph\":[{\"@type\":\"Article\",\"@id\":\"https:\/\/www.mojekonferencje.pl\/blog\/savoir-vivre-w-biznesie-najwazniejsze-zasady\/#article\",\"isPartOf\":{\"@id\":\"https:\/\/www.mojekonferencje.pl\/blog\/savoir-vivre-w-biznesie-najwazniejsze-zasady\/\"},\"author\":{\"name\":\"Paulina Lubieniecka\",\"@id\":\"https:\/\/www.mojekonferencje.pl\/blog\/#\/schema\/person\/f31ed8b58d5df3a8bce17db5504ab032\"},\"headline\":\"Savoir vivre w biznesie &#8211; najwa\u017cniejsze zasady\",\"datePublished\":\"2021-11-15T15:36:46+00:00\",\"dateModified\":\"2024-05-07T09:51:27+00:00\",\"mainEntityOfPage\":{\"@id\":\"https:\/\/www.mojekonferencje.pl\/blog\/savoir-vivre-w-biznesie-najwazniejsze-zasady\/\"},\"wordCount\":845,\"image\":{\"@id\":\"https:\/\/www.mojekonferencje.pl\/blog\/savoir-vivre-w-biznesie-najwazniejsze-zasady\/#primaryimage\"},\"thumbnailUrl\":\"https:\/\/www.mojekonferencje.pl\/blog\/wp-content\/uploads\/2021\/11\/Savoir-vivre-w-biznesie-3-scaled.jpg\",\"articleSection\":[\"Porady\"],\"inLanguage\":\"pl-PL\"},{\"@type\":\"WebPage\",\"@id\":\"https:\/\/www.mojekonferencje.pl\/blog\/savoir-vivre-w-biznesie-najwazniejsze-zasady\/\",\"url\":\"https:\/\/www.mojekonferencje.pl\/blog\/savoir-vivre-w-biznesie-najwazniejsze-zasady\/\",\"name\":\"Savoir vivre w biznesie - najwa\u017cniejsze zasady - blog | MojeKonferencje.pl\",\"isPartOf\":{\"@id\":\"https:\/\/www.mojekonferencje.pl\/blog\/#website\"},\"primaryImageOfPage\":{\"@id\":\"https:\/\/www.mojekonferencje.pl\/blog\/savoir-vivre-w-biznesie-najwazniejsze-zasady\/#primaryimage\"},\"image\":{\"@id\":\"https:\/\/www.mojekonferencje.pl\/blog\/savoir-vivre-w-biznesie-najwazniejsze-zasady\/#primaryimage\"},\"thumbnailUrl\":\"https:\/\/www.mojekonferencje.pl\/blog\/wp-content\/uploads\/2021\/11\/Savoir-vivre-w-biznesie-3-scaled.jpg\",\"datePublished\":\"2021-11-15T15:36:46+00:00\",\"dateModified\":\"2024-05-07T09:51:27+00:00\",\"author\":{\"@id\":\"https:\/\/www.mojekonferencje.pl\/blog\/#\/schema\/person\/f31ed8b58d5df3a8bce17db5504ab032\"},\"description\":\"Savoir vivre w biznesie - najwa\u017cniejsze zasady - blog | MojeKonferencje.pl\",\"breadcrumb\":{\"@id\":\"https:\/\/www.mojekonferencje.pl\/blog\/savoir-vivre-w-biznesie-najwazniejsze-zasady\/#breadcrumb\"},\"inLanguage\":\"pl-PL\",\"potentialAction\":[{\"@type\":\"ReadAction\",\"target\":[\"https:\/\/www.mojekonferencje.pl\/blog\/savoir-vivre-w-biznesie-najwazniejsze-zasady\/\"]}]},{\"@type\":\"ImageObject\",\"inLanguage\":\"pl-PL\",\"@id\":\"https:\/\/www.mojekonferencje.pl\/blog\/savoir-vivre-w-biznesie-najwazniejsze-zasady\/#primaryimage\",\"url\":\"https:\/\/www.mojekonferencje.pl\/blog\/wp-content\/uploads\/2021\/11\/Savoir-vivre-w-biznesie-3-scaled.jpg\",\"contentUrl\":\"https:\/\/www.mojekonferencje.pl\/blog\/wp-content\/uploads\/2021\/11\/Savoir-vivre-w-biznesie-3-scaled.jpg\",\"width\":2560,\"height\":1707},{\"@type\":\"BreadcrumbList\",\"@id\":\"https:\/\/www.mojekonferencje.pl\/blog\/savoir-vivre-w-biznesie-najwazniejsze-zasady\/#breadcrumb\",\"itemListElement\":[{\"@type\":\"ListItem\",\"position\":1,\"name\":\"Strona g\u0142\u00f3wna\",\"item\":\"https:\/\/www.mojekonferencje.pl\/blog\/\"},{\"@type\":\"ListItem\",\"position\":2,\"name\":\"Savoir vivre w biznesie &#8211; najwa\u017cniejsze zasady\"}]},{\"@type\":\"WebSite\",\"@id\":\"https:\/\/www.mojekonferencje.pl\/blog\/#website\",\"url\":\"https:\/\/www.mojekonferencje.pl\/blog\/\",\"name\":\"MojeKonferencje.pl\",\"description\":\"Blog bran\u017cy szkoleniowo-konferencyjnej. W\u0142\u0105cz si\u0119 do dyskusji o obiektach konferencyjnych i nowo\u015bciach z bran\u017cy! Poznaj porady odno\u015bnie organizacji konferencji, szkole\u0144 i event\u00f3w firmowych! Zach\u0119camy do wyra\u017cania opinii oraz komentarzy.\",\"potentialAction\":[{\"@type\":\"SearchAction\",\"target\":{\"@type\":\"EntryPoint\",\"urlTemplate\":\"https:\/\/www.mojekonferencje.pl\/blog\/?s={search_term_string}\"},\"query-input\":{\"@type\":\"PropertyValueSpecification\",\"valueRequired\":true,\"valueName\":\"search_term_string\"}}],\"inLanguage\":\"pl-PL\"},{\"@type\":\"Person\",\"@id\":\"https:\/\/www.mojekonferencje.pl\/blog\/#\/schema\/person\/f31ed8b58d5df3a8bce17db5504ab032\",\"name\":\"Paulina Lubieniecka\",\"description\":\"Manager ds. marketingu. Od ponad 5 lat zajmuje si\u0119 dzia\u0142ami content marketingu serwis\u00f3w konferencyjnych i weselnych. Prowadzi media spo\u0142eczno\u015bciowe, pisze artyku\u0142y i posty na blogi. Jest odpowiedzialna za komunikacj\u0119 zar\u00f3wno z organizatorami najwi\u0119kszych kongres\u00f3w i targ\u00f3w w Polsce, jak i regionalnych wydarze\u0144. Po pracy mi\u0142o\u015bniczka dobrej kuchni, podr\u00f3\u017cy i polskiej muzyki.\",\"sameAs\":[\"https:\/\/www.linkedin.com\/in\/paulina-lubieniecka\/\"],\"url\":\"https:\/\/www.mojekonferencje.pl\/blog\/author\/plubieniecka\/\"}]}<\/script>\n<!-- \/ Yoast SEO plugin. -->","yoast_head_json":{"title":"Savoir vivre w biznesie - najwa\u017cniejsze zasady - blog | MojeKonferencje.pl","description":"Savoir vivre w biznesie - najwa\u017cniejsze zasady - blog | MojeKonferencje.pl","robots":{"index":"index","follow":"follow","max-snippet":"max-snippet:-1","max-image-preview":"max-image-preview:large","max-video-preview":"max-video-preview:-1"},"canonical":"https:\/\/www.mojekonferencje.pl\/blog\/savoir-vivre-w-biznesie-najwazniejsze-zasady\/","og_locale":"pl_PL","og_type":"article","og_title":"Savoir vivre w biznesie - najwa\u017cniejsze zasady - blog | MojeKonferencje.pl","og_description":"Savoir vivre w biznesie - najwa\u017cniejsze zasady - blog | MojeKonferencje.pl","og_url":"https:\/\/www.mojekonferencje.pl\/blog\/savoir-vivre-w-biznesie-najwazniejsze-zasady\/","og_site_name":"MojeKonferencje.pl","article_published_time":"2021-11-15T15:36:46+00:00","article_modified_time":"2024-05-07T09:51:27+00:00","og_image":[{"width":2560,"height":1707,"url":"https:\/\/www.mojekonferencje.pl\/blog\/wp-content\/uploads\/2021\/11\/Savoir-vivre-w-biznesie-3-scaled.jpg","type":"image\/jpeg"}],"author":"Paulina Lubieniecka","twitter_card":"summary_large_image","twitter_misc":{"Napisane przez":"Paulina Lubieniecka","Szacowany czas czytania":"4 minuty"},"schema":{"@context":"https:\/\/schema.org","@graph":[{"@type":"Article","@id":"https:\/\/www.mojekonferencje.pl\/blog\/savoir-vivre-w-biznesie-najwazniejsze-zasady\/#article","isPartOf":{"@id":"https:\/\/www.mojekonferencje.pl\/blog\/savoir-vivre-w-biznesie-najwazniejsze-zasady\/"},"author":{"name":"Paulina Lubieniecka","@id":"https:\/\/www.mojekonferencje.pl\/blog\/#\/schema\/person\/f31ed8b58d5df3a8bce17db5504ab032"},"headline":"Savoir vivre w biznesie &#8211; najwa\u017cniejsze zasady","datePublished":"2021-11-15T15:36:46+00:00","dateModified":"2024-05-07T09:51:27+00:00","mainEntityOfPage":{"@id":"https:\/\/www.mojekonferencje.pl\/blog\/savoir-vivre-w-biznesie-najwazniejsze-zasady\/"},"wordCount":845,"image":{"@id":"https:\/\/www.mojekonferencje.pl\/blog\/savoir-vivre-w-biznesie-najwazniejsze-zasady\/#primaryimage"},"thumbnailUrl":"https:\/\/www.mojekonferencje.pl\/blog\/wp-content\/uploads\/2021\/11\/Savoir-vivre-w-biznesie-3-scaled.jpg","articleSection":["Porady"],"inLanguage":"pl-PL"},{"@type":"WebPage","@id":"https:\/\/www.mojekonferencje.pl\/blog\/savoir-vivre-w-biznesie-najwazniejsze-zasady\/","url":"https:\/\/www.mojekonferencje.pl\/blog\/savoir-vivre-w-biznesie-najwazniejsze-zasady\/","name":"Savoir vivre w biznesie - najwa\u017cniejsze zasady - blog | MojeKonferencje.pl","isPartOf":{"@id":"https:\/\/www.mojekonferencje.pl\/blog\/#website"},"primaryImageOfPage":{"@id":"https:\/\/www.mojekonferencje.pl\/blog\/savoir-vivre-w-biznesie-najwazniejsze-zasady\/#primaryimage"},"image":{"@id":"https:\/\/www.mojekonferencje.pl\/blog\/savoir-vivre-w-biznesie-najwazniejsze-zasady\/#primaryimage"},"thumbnailUrl":"https:\/\/www.mojekonferencje.pl\/blog\/wp-content\/uploads\/2021\/11\/Savoir-vivre-w-biznesie-3-scaled.jpg","datePublished":"2021-11-15T15:36:46+00:00","dateModified":"2024-05-07T09:51:27+00:00","author":{"@id":"https:\/\/www.mojekonferencje.pl\/blog\/#\/schema\/person\/f31ed8b58d5df3a8bce17db5504ab032"},"description":"Savoir vivre w biznesie - najwa\u017cniejsze zasady - blog | MojeKonferencje.pl","breadcrumb":{"@id":"https:\/\/www.mojekonferencje.pl\/blog\/savoir-vivre-w-biznesie-najwazniejsze-zasady\/#breadcrumb"},"inLanguage":"pl-PL","potentialAction":[{"@type":"ReadAction","target":["https:\/\/www.mojekonferencje.pl\/blog\/savoir-vivre-w-biznesie-najwazniejsze-zasady\/"]}]},{"@type":"ImageObject","inLanguage":"pl-PL","@id":"https:\/\/www.mojekonferencje.pl\/blog\/savoir-vivre-w-biznesie-najwazniejsze-zasady\/#primaryimage","url":"https:\/\/www.mojekonferencje.pl\/blog\/wp-content\/uploads\/2021\/11\/Savoir-vivre-w-biznesie-3-scaled.jpg","contentUrl":"https:\/\/www.mojekonferencje.pl\/blog\/wp-content\/uploads\/2021\/11\/Savoir-vivre-w-biznesie-3-scaled.jpg","width":2560,"height":1707},{"@type":"BreadcrumbList","@id":"https:\/\/www.mojekonferencje.pl\/blog\/savoir-vivre-w-biznesie-najwazniejsze-zasady\/#breadcrumb","itemListElement":[{"@type":"ListItem","position":1,"name":"Strona g\u0142\u00f3wna","item":"https:\/\/www.mojekonferencje.pl\/blog\/"},{"@type":"ListItem","position":2,"name":"Savoir vivre w biznesie &#8211; najwa\u017cniejsze zasady"}]},{"@type":"WebSite","@id":"https:\/\/www.mojekonferencje.pl\/blog\/#website","url":"https:\/\/www.mojekonferencje.pl\/blog\/","name":"MojeKonferencje.pl","description":"Blog bran\u017cy szkoleniowo-konferencyjnej. W\u0142\u0105cz si\u0119 do dyskusji o obiektach konferencyjnych i nowo\u015bciach z bran\u017cy! Poznaj porady odno\u015bnie organizacji konferencji, szkole\u0144 i event\u00f3w firmowych! Zach\u0119camy do wyra\u017cania opinii oraz komentarzy.","potentialAction":[{"@type":"SearchAction","target":{"@type":"EntryPoint","urlTemplate":"https:\/\/www.mojekonferencje.pl\/blog\/?s={search_term_string}"},"query-input":{"@type":"PropertyValueSpecification","valueRequired":true,"valueName":"search_term_string"}}],"inLanguage":"pl-PL"},{"@type":"Person","@id":"https:\/\/www.mojekonferencje.pl\/blog\/#\/schema\/person\/f31ed8b58d5df3a8bce17db5504ab032","name":"Paulina Lubieniecka","description":"Manager ds. marketingu. Od ponad 5 lat zajmuje si\u0119 dzia\u0142ami content marketingu serwis\u00f3w konferencyjnych i weselnych. Prowadzi media spo\u0142eczno\u015bciowe, pisze artyku\u0142y i posty na blogi. Jest odpowiedzialna za komunikacj\u0119 zar\u00f3wno z organizatorami najwi\u0119kszych kongres\u00f3w i targ\u00f3w w Polsce, jak i regionalnych wydarze\u0144. Po pracy mi\u0142o\u015bniczka dobrej kuchni, podr\u00f3\u017cy i polskiej muzyki.","sameAs":["https:\/\/www.linkedin.com\/in\/paulina-lubieniecka\/"],"url":"https:\/\/www.mojekonferencje.pl\/blog\/author\/plubieniecka\/"}]}},"_links":{"self":[{"href":"https:\/\/www.mojekonferencje.pl\/blog\/wp-json\/wp\/v2\/posts\/2350","targetHints":{"allow":["GET"]}}],"collection":[{"href":"https:\/\/www.mojekonferencje.pl\/blog\/wp-json\/wp\/v2\/posts"}],"about":[{"href":"https:\/\/www.mojekonferencje.pl\/blog\/wp-json\/wp\/v2\/types\/post"}],"author":[{"embeddable":true,"href":"https:\/\/www.mojekonferencje.pl\/blog\/wp-json\/wp\/v2\/users\/7"}],"replies":[{"embeddable":true,"href":"https:\/\/www.mojekonferencje.pl\/blog\/wp-json\/wp\/v2\/comments?post=2350"}],"version-history":[{"count":7,"href":"https:\/\/www.mojekonferencje.pl\/blog\/wp-json\/wp\/v2\/posts\/2350\/revisions"}],"predecessor-version":[{"id":2367,"href":"https:\/\/www.mojekonferencje.pl\/blog\/wp-json\/wp\/v2\/posts\/2350\/revisions\/2367"}],"wp:featuredmedia":[{"embeddable":true,"href":"https:\/\/www.mojekonferencje.pl\/blog\/wp-json\/wp\/v2\/media\/2358"}],"wp:attachment":[{"href":"https:\/\/www.mojekonferencje.pl\/blog\/wp-json\/wp\/v2\/media?parent=2350"}],"wp:term":[{"taxonomy":"category","embeddable":true,"href":"https:\/\/www.mojekonferencje.pl\/blog\/wp-json\/wp\/v2\/categories?post=2350"},{"taxonomy":"post_tag","embeddable":true,"href":"https:\/\/www.mojekonferencje.pl\/blog\/wp-json\/wp\/v2\/tags?post=2350"}],"curies":[{"name":"wp","href":"https:\/\/api.w.org\/{rel}","templated":true}]}}