{"id":2387,"date":"2021-12-18T22:00:00","date_gmt":"2021-12-18T20:00:00","guid":{"rendered":"https:\/\/www.mojekonferencje.pl\/blog\/?p=2387"},"modified":"2024-05-07T11:51:27","modified_gmt":"2024-05-07T09:51:27","slug":"wroclaw-sale-do-wynajecia-we-wroclawiu","status":"publish","type":"post","link":"https:\/\/www.mojekonferencje.pl\/blog\/wroclaw-sale-do-wynajecia-we-wroclawiu\/","title":{"rendered":"Wroc\u0142aw &#8211; sale do wynaj\u0119cia we Wroc\u0142awiu"},"content":{"rendered":"\n<p>Wroc\u0142aw to stolica Dolnego \u015al\u0105ska, kt\u00f3ra ma do zaoferowania naprawd\u0119 wiele. W mie\u015bcie czekaj\u0105 zachwycaj\u0105ce zabytki i liczne atrakcje dla przedstawicieli ka\u017cdej grupy wiekowej. Usytuowane s\u0105 tam r\u00f3wnie\u017c odpowiednie miejsca, w kt\u00f3rych mo\u017cna zrealizowa\u0107 spotkania biznesowe.<strong> Organizacja konferencji we Wroc\u0142awiu<\/strong> to \u015bwietny pretekst do odkrycia niew\u0105tpliwych urok\u00f3w tej miejscowo\u015bci, a tak\u017ce gwarancja wysokiej jako\u015bci us\u0142ug, a co za tym idzie &#8211; zadowolenia wszystkich go\u015bci. W dzisiejszym artykule mamy przyjemno\u015b\u0107 przedstawi\u0107 <strong>10 sal do wynaj\u0119cia we Wroc\u0142awiu<\/strong>!<\/p>\n\n\n\n<h2 class=\"has-text-align-center wp-block-heading\">Luksusowe hotele na konferencje we Wroc\u0142awiu<\/h2>\n\n\n\n<h3 class=\"has-text-align-center wp-block-heading\"><a href=\"https:\/\/www.mojekonferencje.pl\/wroclaw\/the-bridge-wroclaw-mgallery\"><span class=\"has-inline-color has-vivid-cyan-blue-color\"><span style=\"text-decoration: underline;\">The Bridge Wroclaw MGallery<\/span><\/span><\/a><\/h3>\n\n\n\n<p><br>Kto mia\u0142 przyjemno\u015b\u0107 zwiedza\u0107 Wroc\u0142aw, ten z pewno\u015bci\u0105 potwierdzi, \u017ce Ostr\u00f3w Tumski po prostu trzeba zobaczy\u0107! Dotyczy to jednak nie tylko turyst\u00f3w, ale i klient\u00f3w biznesowych, na kt\u00f3rych czeka tam m.in. <strong>5-gwiazdkowy The Bridge Wroclaw MGallery<\/strong>. Usytuowany jest on przy Placu Katedralnym, zaledwie 1,5 km od centrum Wroc\u0142awia. Obiekt do dyspozycji go\u015bci oddaje 4 sale konferencyjne, kt\u00f3re s\u0105 w stanie pomie\u015bci\u0107 od 10 do nawet 416 os\u00f3b w ustawieniu teatralnym. Znajduje si\u0119 tam r\u00f3wnie\u017c 368 wysoce komfortowych miejsc noclegowych w pokojach i apartamentach, wspania\u0142a Restauracja Craft oraz r\u00f3\u017cnorodne atrakcje &#8211; w tym m.in. strefa SPA i Fitness center.<\/p>\n\n\n\n<figure class=\"wp-block-image size-large\"><img loading=\"lazy\" decoding=\"async\" width=\"1024\" height=\"575\" src=\"https:\/\/www.mojekonferencje.pl\/blog\/wp-content\/uploads\/2021\/12\/ART1-1024x575.jpg\" alt=\"\" class=\"wp-image-2391 lazyload\" data-srcset=\"https:\/\/www.mojekonferencje.pl\/blog\/wp-content\/uploads\/2021\/12\/ART1-1024x575.jpg 1024w, https:\/\/www.mojekonferencje.pl\/blog\/wp-content\/uploads\/2021\/12\/ART1-300x169.jpg 300w, https:\/\/www.mojekonferencje.pl\/blog\/wp-content\/uploads\/2021\/12\/ART1-768x431.jpg 768w, https:\/\/www.mojekonferencje.pl\/blog\/wp-content\/uploads\/2021\/12\/ART1-640x360.jpg 640w, https:\/\/www.mojekonferencje.pl\/blog\/wp-content\/uploads\/2021\/12\/ART1-320x180.jpg 320w, https:\/\/www.mojekonferencje.pl\/blog\/wp-content\/uploads\/2021\/12\/ART1-480x270.jpg 480w, https:\/\/www.mojekonferencje.pl\/blog\/wp-content\/uploads\/2021\/12\/ART1-960x540.jpg 960w, https:\/\/www.mojekonferencje.pl\/blog\/wp-content\/uploads\/2021\/12\/ART1.jpg 1280w\" sizes=\"auto\" \/><\/figure>\n\n\n\n<h3 class=\"has-text-align-center wp-block-heading\"><a href=\"https:\/\/www.mojekonferencje.pl\/wroclaw\/hotel-monopol-wroclaw\"><span class=\"has-inline-color has-vivid-cyan-blue-color\"><span style=\"text-decoration: underline;\">Hotel Monopol Wroc\u0142aw<\/span><\/span><\/a><\/h3>\n\n\n\n<p><br>R\u00f3wnie atrakcyjny<strong> hotel we Wroc\u0142awiu na konferencj\u0119 <\/strong>to<strong> Hotel Monopol Wroc\u0142aw<\/strong>, kt\u00f3ry mie\u015bci si\u0119 przy ul. H. Modrzejewskiej 2. To luksusowy, 5-gwiazdkowy obiekt \u015bwiadcz\u0105cy kompleksowe us\u0142ugi. Oferuje on 242 nowoczesne, bardzo wygodne pokoje, dwie \u015bwietne restauracje oraz cafe bar. Oczywi\u015bcie nie brakuje w nim przestrzeni do wypoczynku. Go\u015bcie mog\u0105 liczy\u0107 na luksusowe Wellness &amp; SPA sk\u0142adaj\u0105ce si\u0119 z basenu, si\u0142owni, sauny suchej, \u0142a\u017ani parowej oraz groty solnej. Obiekt ten udowadnia, \u017ce <strong>wynajem sali we Wroc\u0142awiu <\/strong>to czysta przyjemno\u015b\u0107! Oferuje on go\u015bciom 5 przestronnych pomieszcze\u0144 na konferencj\u0119 &#8211; z czego najwi\u0119ksza pozwala na zaproszenie 100 os\u00f3b.<\/p>\n\n\n\n<figure class=\"wp-block-image size-large\"><img loading=\"lazy\" decoding=\"async\" width=\"1024\" height=\"681\" src=\"https:\/\/www.mojekonferencje.pl\/blog\/wp-content\/uploads\/2021\/12\/ART2WLASCIWE-1024x681.jpg\" alt=\"\" class=\"wp-image-2392 lazyload\" data-srcset=\"https:\/\/www.mojekonferencje.pl\/blog\/wp-content\/uploads\/2021\/12\/ART2WLASCIWE-1024x681.jpg 1024w, https:\/\/www.mojekonferencje.pl\/blog\/wp-content\/uploads\/2021\/12\/ART2WLASCIWE-300x200.jpg 300w, https:\/\/www.mojekonferencje.pl\/blog\/wp-content\/uploads\/2021\/12\/ART2WLASCIWE-768x511.jpg 768w, https:\/\/www.mojekonferencje.pl\/blog\/wp-content\/uploads\/2021\/12\/ART2WLASCIWE-1536x1022.jpg 1536w, https:\/\/www.mojekonferencje.pl\/blog\/wp-content\/uploads\/2021\/12\/ART2WLASCIWE-2048x1363.jpg 2048w\" sizes=\"auto\" \/><\/figure>\n\n\n\n<h3 class=\"has-text-align-center wp-block-heading\"><a href=\"https:\/\/www.mojekonferencje.pl\/wroclaw\/hotel-platinum-palace-wroclaw\"><span class=\"has-inline-color has-vivid-cyan-blue-color\"><span style=\"text-decoration: underline;\">Platinum Palace Boutique Hotel &amp; SPA<\/span><\/span><\/a><\/h3>\n\n\n\n<p><br>Przy ulicy Powsta\u0144c\u00f3w \u015al\u0105skich 204 mie\u015bci si\u0119 kameralny <strong>Platinum Palace Boutique Hotel &amp; SPA<\/strong>. W doskona\u0142y spos\u00f3b \u0142\u0105czy on tradycj\u0119 z nowoczesno\u015bci\u0105. Historia tego miejsca si\u0119ga 1906 roku &#8211; w\u00f3wczas by\u0142a to rezydencja Rodziny Schoeller\u00f3w. Aktualnie w tych pi\u0119knych, pa\u0142acowych wn\u0119trzach czeka szereg us\u0142ug, dzi\u0119ki kt\u00f3rym mo\u017cliwa jest organizacja nawet najbardziej wymagaj\u0105cych spotka\u0144 biznesowych i imprez okoliczno\u015bciowych. Znajduj\u0105 si\u0119 w nim 3 szykowne sale &#8211; dwie na maksymalnie 100 os\u00f3b i jedna na 30 &#8211; a tak\u017ce komfortowe apartamenty, pokoje deluxe oraz standard, wspania\u0142a Restauracja Enjoy i kameralne Wellness &amp; SPA, gwarantuj\u0105ce skuteczny relaks.<\/p>\n\n\n\n<figure class=\"wp-block-image size-large\"><img loading=\"lazy\" decoding=\"async\" width=\"1024\" height=\"683\" src=\"https:\/\/www.mojekonferencje.pl\/blog\/wp-content\/uploads\/2021\/12\/ART3-1024x683.jpg\" alt=\"\" class=\"wp-image-2393 lazyload\" data-srcset=\"https:\/\/www.mojekonferencje.pl\/blog\/wp-content\/uploads\/2021\/12\/ART3-1024x683.jpg 1024w, https:\/\/www.mojekonferencje.pl\/blog\/wp-content\/uploads\/2021\/12\/ART3-300x200.jpg 300w, https:\/\/www.mojekonferencje.pl\/blog\/wp-content\/uploads\/2021\/12\/ART3-768x512.jpg 768w, https:\/\/www.mojekonferencje.pl\/blog\/wp-content\/uploads\/2021\/12\/ART3.jpg 1200w\" sizes=\"auto\" \/><\/figure>\n\n\n\n<h2 class=\"has-text-align-center wp-block-heading\">Wyj\u0105tkowe miejsca na spotkanie biznesowe we Wroc\u0142awiu<\/h2>\n\n\n\n<h3 class=\"has-text-align-center wp-block-heading\"><br><a href=\"https:\/\/www.mojekonferencje.pl\/wroclaw\/kamienica-pod-aniolami\"><span class=\"has-inline-color has-vivid-cyan-blue-color\"><span style=\"text-decoration: underline;\">Kamienica pod Anio\u0142ami<\/span><\/span><\/a><\/h3>\n\n\n\n<p><br>Zaledwie 500 m od \u015bcis\u0142ego centrum miasta, przy ulicy Kazimierza Wielkiego 31-33, znajduje si\u0119 <strong>Kamienica pod Anio\u0142ami<\/strong>. To miejsce stworzone z my\u015bl\u0105 o mi\u0142o\u015bnikach klimatycznych wn\u0119trz, kt\u00f3rych interesuj\u0105 <strong>sale spotka\u0144 we Wroc\u0142awiu<\/strong>. Mo\u017cna tam zorganizowa\u0107 konferencje, szkolenia oraz inne spotkania na maksymalnie 100 os\u00f3b w ustawieniu teatralnym (a tak\u017ce na zdecydowanie bardziej kameralne eventy). Kamienica pod Anio\u0142ami oferuje r\u00f3wnie\u017c wygodne miejsca noclegowe, pyszn\u0105 restauracj\u0119 oraz liczne udogodnienia. Warto doda\u0107, \u017ce cz\u0119\u015b\u0107 pokoi przystosowana zosta\u0142a do potrzeb os\u00f3b z niepe\u0142nosprawno\u015bci\u0105. Dodatkowo, profesjonalna obs\u0142uga s\u0142u\u017cy pomoc\u0105 w zakresie zorganizowania czasu wolnego.<\/p>\n\n\n\n<figure class=\"wp-block-image size-large\"><img loading=\"lazy\" decoding=\"async\" width=\"1024\" height=\"683\" src=\"https:\/\/www.mojekonferencje.pl\/blog\/wp-content\/uploads\/2021\/12\/ART4-1024x683.jpg\" alt=\"\" class=\"wp-image-2394 lazyload\" data-srcset=\"https:\/\/www.mojekonferencje.pl\/blog\/wp-content\/uploads\/2021\/12\/ART4-1024x683.jpg 1024w, https:\/\/www.mojekonferencje.pl\/blog\/wp-content\/uploads\/2021\/12\/ART4-300x200.jpg 300w, https:\/\/www.mojekonferencje.pl\/blog\/wp-content\/uploads\/2021\/12\/ART4-768x512.jpg 768w, https:\/\/www.mojekonferencje.pl\/blog\/wp-content\/uploads\/2021\/12\/ART4-1536x1024.jpg 1536w, https:\/\/www.mojekonferencje.pl\/blog\/wp-content\/uploads\/2021\/12\/ART4-2048x1365.jpg 2048w\" sizes=\"auto\" \/><\/figure>\n\n\n\n<h3 class=\"has-text-align-center wp-block-heading\"><a href=\"https:\/\/www.mojekonferencje.pl\/wroclaw\/sztuka-na-miejscu\"><span class=\"has-inline-color has-vivid-cyan-blue-color\"><span style=\"text-decoration: underline;\">Sztuka na Miejscu<\/span><\/span><\/a><\/h3>\n\n\n\n<p><br><strong>Sale do wynaj\u0119cia we Wroc\u0142awiu<\/strong>, w kt\u00f3rych mo\u017cna zrealizowa\u0107 konferencje czy szkolenia, mieszcz\u0105 si\u0119 nie tylko w hotelach. R\u00f3wnie atrakcyjne s\u0105 te\u017c pozosta\u0142e lokale, np. restauracje czy przestrzenie przepe\u0142nione kultur\u0105. Odpowiednim przyk\u0142adem jest <strong>Sztuka na Miejscu<\/strong>, kt\u00f3ra wyr\u00f3\u017cnia si\u0119 designem, nowoczesno\u015bci\u0105 oraz klimatem. Na co dzie\u0144 pozwala ona obcowa\u0107 z szeroko poj\u0119t\u0105 kultur\u0105, jednak wspaniale sprawdza si\u0119 te\u017c jako t\u0142o spotka\u0144 biznesowych, miejsce do coworkingu oraz sesji zdj\u0119ciowych. Na go\u015bci czeka sala g\u0142\u00f3wna, kt\u00f3ra ma ponad 100 m2, szeroki wyb\u00f3r przek\u0105sek oraz ciep\u0142a, a przy tym biznesowa atmosfera. Obiekt po\u0142o\u017cony jest w sercu Wroc\u0142awia &#8211; przy ulicy \u0141aciarskiej 4.<\/p>\n\n\n\n<figure class=\"wp-block-image size-large\"><img loading=\"lazy\" decoding=\"async\" width=\"1024\" height=\"683\" src=\"https:\/\/www.mojekonferencje.pl\/blog\/wp-content\/uploads\/2021\/12\/ART5-1024x683.jpg\" alt=\"\" class=\"wp-image-2395 lazyload\" data-srcset=\"https:\/\/www.mojekonferencje.pl\/blog\/wp-content\/uploads\/2021\/12\/ART5-1024x683.jpg 1024w, https:\/\/www.mojekonferencje.pl\/blog\/wp-content\/uploads\/2021\/12\/ART5-300x200.jpg 300w, https:\/\/www.mojekonferencje.pl\/blog\/wp-content\/uploads\/2021\/12\/ART5-768x512.jpg 768w, https:\/\/www.mojekonferencje.pl\/blog\/wp-content\/uploads\/2021\/12\/ART5-1536x1024.jpg 1536w, https:\/\/www.mojekonferencje.pl\/blog\/wp-content\/uploads\/2021\/12\/ART5.jpg 2048w\" sizes=\"auto\" \/><\/figure>\n\n\n\n<h3 class=\"has-text-align-center wp-block-heading\"><a href=\"https:\/\/www.mojekonferencje.pl\/wroclaw\/hotel-europeum\"><span class=\"has-inline-color has-vivid-cyan-blue-color\"><span style=\"text-decoration: underline;\">Hotel Europeum<\/span><\/span><\/a><\/h3>\n\n\n\n<p><br>Czy <strong>wynajem sali we Wroc\u0142awiu <\/strong>mo\u017ce by\u0107 przyjemnym procesem? Bez w\u0105tpienia tak! Szczeg\u00f3lnie w takich obiektach, jak <strong>Hotel Europeum<\/strong>, kt\u00f3ry znajduje si\u0119 przy ulicy Kazimierza Wielkiego 27A. Obiekt ten zachwyca wystrojem, atmosfer\u0105 oraz wysokim poziomem obs\u0142ugi. Znajduj\u0105 si\u0119 w nim 4 sale konferencyjne o r\u00f3\u017cnej wielko\u015bci, kt\u00f3re zosta\u0142y w pe\u0142ni wyposa\u017cone w wysokiej klasy multimedia. Mie\u015bci si\u0119 tam r\u00f3wnie\u017c 36 komfortowych i nowoczesnych pokoi oraz klimatyczna restauracja Brasserie 27. W obiekcie mo\u017cna liczy\u0107 te\u017c na r\u00f3\u017cnorodne masa\u017ce, saun\u0119 fi\u0144sk\u0105, si\u0142owni\u0119, us\u0142ugi fryzjerskie, a nawet na us\u0142ugi prasowania i prania. Ponadto, na zmotoryzowanych go\u015bci czeka 27 miejsc parkingowych.<\/p>\n\n\n\n<figure class=\"wp-block-image size-large\"><img loading=\"lazy\" decoding=\"async\" width=\"1024\" height=\"539\" src=\"https:\/\/www.mojekonferencje.pl\/blog\/wp-content\/uploads\/2021\/12\/ART6-1024x539.jpg\" alt=\"\" class=\"wp-image-2396 lazyload\" data-srcset=\"https:\/\/www.mojekonferencje.pl\/blog\/wp-content\/uploads\/2021\/12\/ART6-1024x539.jpg 1024w, https:\/\/www.mojekonferencje.pl\/blog\/wp-content\/uploads\/2021\/12\/ART6-300x158.jpg 300w, https:\/\/www.mojekonferencje.pl\/blog\/wp-content\/uploads\/2021\/12\/ART6-768x404.jpg 768w, https:\/\/www.mojekonferencje.pl\/blog\/wp-content\/uploads\/2021\/12\/ART6-1536x808.jpg 1536w, https:\/\/www.mojekonferencje.pl\/blog\/wp-content\/uploads\/2021\/12\/ART6-2048x1077.jpg 2048w\" sizes=\"auto\" \/><\/figure>\n\n\n\n<h3 class=\"has-text-align-center wp-block-heading\"><a href=\"https:\/\/www.mojekonferencje.pl\/wroclaw\/vertigo-jazz-club-restaurant\"><span class=\"has-inline-color has-vivid-cyan-blue-color\"><span style=\"text-decoration: underline;\">Vertigo Jazz Club &amp; Restaurant<\/span><\/span><\/a><\/h3>\n\n\n\n<p><br><strong>Sale spotka\u0144 we Wroc\u0142awiu <\/strong>maj\u0105 r\u00f3\u017cnorodny charakter &#8211; niekt\u00f3re z nich na przyk\u0142ad stylizowane s\u0105 na wz\u00f3r ameryka\u0144skich klub\u00f3w jazzowych, tak jak <strong>Vertigo Jazz Club &amp; Restaurant <\/strong>przy ulicy O\u0142awskiej 13. Obiekt ten powsta\u0142 w 2015 roku i od tego czasu odby\u0142y si\u0119 w nim liczne koncerty, konferencje czy wydarzenia okoliczno\u015bciowe. Sala znajduj\u0105ca si\u0119 w lokalu pozwala na zaproszenie od 150 do nawet 250 go\u015bci. Jest ona w pe\u0142ni wyposa\u017cona, klimatyzowana oraz\u2026 zdecydowanie wyj\u0105tkowa! Ponadto, na go\u015bci czeka tam restauracja oraz bar, w kt\u00f3rych to mo\u017cliwe jest skosztowanie kuchni ameryka\u0144skiej oraz innowacyjnej, a tak\u017ce r\u00f3\u017cnorodnych autorskich koktajli.<\/p>\n\n\n\n<figure class=\"wp-block-image size-large\"><img loading=\"lazy\" decoding=\"async\" width=\"1024\" height=\"576\" src=\"https:\/\/www.mojekonferencje.pl\/blog\/wp-content\/uploads\/2021\/12\/ART7-1024x576.jpg\" alt=\"\" class=\"wp-image-2397 lazyload\" data-srcset=\"https:\/\/www.mojekonferencje.pl\/blog\/wp-content\/uploads\/2021\/12\/ART7-1024x576.jpg 1024w, https:\/\/www.mojekonferencje.pl\/blog\/wp-content\/uploads\/2021\/12\/ART7-300x169.jpg 300w, https:\/\/www.mojekonferencje.pl\/blog\/wp-content\/uploads\/2021\/12\/ART7-768x432.jpg 768w, https:\/\/www.mojekonferencje.pl\/blog\/wp-content\/uploads\/2021\/12\/ART7-1536x864.jpg 1536w, https:\/\/www.mojekonferencje.pl\/blog\/wp-content\/uploads\/2021\/12\/ART7-2048x1152.jpg 2048w, https:\/\/www.mojekonferencje.pl\/blog\/wp-content\/uploads\/2021\/12\/ART7-640x360.jpg 640w, https:\/\/www.mojekonferencje.pl\/blog\/wp-content\/uploads\/2021\/12\/ART7-320x180.jpg 320w, https:\/\/www.mojekonferencje.pl\/blog\/wp-content\/uploads\/2021\/12\/ART7-480x270.jpg 480w, https:\/\/www.mojekonferencje.pl\/blog\/wp-content\/uploads\/2021\/12\/ART7-960x540.jpg 960w, https:\/\/www.mojekonferencje.pl\/blog\/wp-content\/uploads\/2021\/12\/ART7-1280x720.jpg 1280w, https:\/\/www.mojekonferencje.pl\/blog\/wp-content\/uploads\/2021\/12\/ART7-1600x900.jpg 1600w, https:\/\/www.mojekonferencje.pl\/blog\/wp-content\/uploads\/2021\/12\/ART7-1920x1080.jpg 1920w\" sizes=\"auto\" \/><\/figure>\n\n\n\n<h2 class=\"has-text-align-center wp-block-heading\">Miejsce na organizacj\u0119 konferencji w pobli\u017cu Wroc\u0142awia<\/h2>\n\n\n\n<h3 class=\"has-text-align-center wp-block-heading\"><br><a href=\"https:\/\/www.mojekonferencje.pl\/wroclaw\/palac-krobielowice\"><span class=\"has-inline-color has-vivid-cyan-blue-color\"><span style=\"text-decoration: underline;\">Pa\u0142ac Krobielowice<\/span><\/span><\/a><\/h3>\n\n\n\n<p><br><strong><a href=\"https:\/\/www.mojekonferencje.pl\/sale-konferencyjne-wroclaw\">Sale konferencyjne we Wroc\u0142awiu<\/a><\/strong> i okolicach zdecydowanie potrafi\u0105 zachwyci\u0107 &#8211; nie mamy co do tego najmniejszych w\u0105tpliwo\u015bci. Potwierdzeniem jest renesansowo-barokowy <strong>Pa\u0142ac Krobielowice<\/strong>, kt\u00f3ry mie\u015bci si\u0119 oko\u0142o 20 kilometr\u00f3w od stolicy Dolnego \u015al\u0105ska. W jego ofercie znajduje si\u0119 a\u017c 6 eleganckich sal konferencyjnych, gustownie urz\u0105dzone pokoje i apartamenty oraz restauracja specjalizuj\u0105ca si\u0119 w przygotowywaniu kulinari\u00f3w polskich i zagranicznych. Nie brakuje tam atrakcji dla go\u015bci, takich jak np. pole golfowe, sauna czy escape room. Pa\u0142ac Krobielowice otoczony jest pi\u0119knymi terenami zielonymi, kt\u00f3re sprzyjaj\u0105 wypoczynkowi na \u015bwie\u017cym powietrzu.<\/p>\n\n\n\n<figure class=\"wp-block-image size-large\"><img loading=\"lazy\" decoding=\"async\" width=\"1024\" height=\"678\" src=\"https:\/\/www.mojekonferencje.pl\/blog\/wp-content\/uploads\/2021\/12\/artttttttttt-1024x678.jpg\" alt=\"\" class=\"wp-image-2398 lazyload\" data-srcset=\"https:\/\/www.mojekonferencje.pl\/blog\/wp-content\/uploads\/2021\/12\/artttttttttt-1024x678.jpg 1024w, https:\/\/www.mojekonferencje.pl\/blog\/wp-content\/uploads\/2021\/12\/artttttttttt-300x199.jpg 300w, https:\/\/www.mojekonferencje.pl\/blog\/wp-content\/uploads\/2021\/12\/artttttttttt-768x509.jpg 768w, https:\/\/www.mojekonferencje.pl\/blog\/wp-content\/uploads\/2021\/12\/artttttttttt-1536x1017.jpg 1536w, https:\/\/www.mojekonferencje.pl\/blog\/wp-content\/uploads\/2021\/12\/artttttttttt.jpg 1779w\" sizes=\"auto\" \/><\/figure>\n\n\n\n<h3 class=\"has-text-align-center wp-block-heading\"><a href=\"https:\/\/www.mojekonferencje.pl\/niemcza\/uroczysko-siedmiu-stawow\"><span class=\"has-inline-color has-vivid-cyan-blue-color\"><span style=\"text-decoration: underline;\">Uroczysko Siedmiu Staw\u00f3w Luxury Hotel<\/span><\/span><\/a><\/h3>\n\n\n\n<p><br>W okolicy Niemczy i Dzier\u017coniowa usytuowany jest XVI-wieczny zamek b\u0119d\u0105cy istn\u0105 pere\u0142k\u0105 Odrodzenia. Znajduje si\u0119 on na malowniczej posiad\u0142o\u015bci wynosz\u0105cej a\u017c 12 hektar\u00f3w. Znajduj\u0105 si\u0119 na niej stawy, pi\u0119kne ro\u015bliny oraz \u015bcie\u017cki piesze i rowerowe. R\u00f3wnie atrakcyjne s\u0105 te\u017c wn\u0119trza obiektu, w kt\u00f3rych to czeka 55 gustownie urz\u0105dzonych pokoi i apartament\u00f3w oraz nadzwyczajna restauracja, w kt\u00f3rej podawane s\u0105 niebanalne, autorskie posi\u0142ki. <strong>Uroczysko Siedmiu Staw\u00f3w<\/strong> oferuje 5 sal konferencyjnych, z czego dwie z nich mo\u017cna ze sob\u0105 \u0142\u0105czy\u0107 dzi\u0119ki systemowi mobilnych \u015bcian. Po pracy z kolei warto uda\u0107 si\u0119 do Ku\u017ani, czyli o\u015brodka wypoczynku i relaksu.<\/p>\n\n\n\n<figure class=\"wp-block-image size-large\"><img loading=\"lazy\" decoding=\"async\" width=\"1024\" height=\"706\" src=\"https:\/\/www.mojekonferencje.pl\/blog\/wp-content\/uploads\/2021\/12\/ART9-1024x706.jpg\" alt=\"\" class=\"wp-image-2399 lazyload\" data-srcset=\"https:\/\/www.mojekonferencje.pl\/blog\/wp-content\/uploads\/2021\/12\/ART9-1024x706.jpg 1024w, https:\/\/www.mojekonferencje.pl\/blog\/wp-content\/uploads\/2021\/12\/ART9-300x207.jpg 300w, https:\/\/www.mojekonferencje.pl\/blog\/wp-content\/uploads\/2021\/12\/ART9-768x530.jpg 768w, https:\/\/www.mojekonferencje.pl\/blog\/wp-content\/uploads\/2021\/12\/ART9-1536x1059.jpg 1536w, https:\/\/www.mojekonferencje.pl\/blog\/wp-content\/uploads\/2021\/12\/ART9-2048x1413.jpg 2048w\" sizes=\"auto\" \/><\/figure>\n\n\n\n<h3 class=\"has-text-align-center wp-block-heading\"><a href=\"https:\/\/www.mojekonferencje.pl\/wilkow\/hotel-jakubus-1\"><span class=\"has-inline-color has-vivid-cyan-blue-color\"><span style=\"text-decoration: underline;\">Hotel Jakubus<\/span><\/span><\/a><\/h3>\n\n\n\n<p><br>Na tej li\u015bcie oczywi\u015bcie nie mo\u017ce zabrakn\u0105\u0107 <strong>Hotelu Jakubus<\/strong>, czyli kompleksu pa\u0142acowego po\u0142o\u017conego w miejscowo\u015bci Jakubowice. To \u015bwietna przestrze\u0144 dla os\u00f3b chc\u0105cych zorganizowa\u0107 konferencj\u0119 z dala od zgie\u0142ku miasta. Hotel Jakubus oferuje \u0142\u0105cznie 8 przestrzeni na organizacj\u0119 wydarze\u0144 &#8211; i to nie tylko biznesowych. W\u015br\u00f3d nich, poza salami konferencyjnymi, jest r\u00f3wnie\u017c Riders Club oraz wielofunkcyjny Namiot Letni. W ca\u0142ym kompleksie znajduj\u0105 si\u0119 te\u017c komfortowe pokoje roz\u0142o\u017cone w trzech budynkach, Restauracja, Palarnia Cygar, Piano Bar z Sal\u0105 Bilardow\u0105 oraz zadaszone letnie patio. Go\u015bcie obiektu maj\u0105 dost\u0119p do wody i sprz\u0119tu wodnego, a tak\u017ce do piaszczystej pla\u017cy z le\u017cakami.<\/p>\n\n\n\n<figure class=\"wp-block-image size-large\"><img loading=\"lazy\" decoding=\"async\" width=\"800\" height=\"534\" src=\"https:\/\/www.mojekonferencje.pl\/blog\/wp-content\/uploads\/2021\/12\/ART10.jpg\" alt=\"\" class=\"wp-image-2400 lazyload\" data-srcset=\"https:\/\/www.mojekonferencje.pl\/blog\/wp-content\/uploads\/2021\/12\/ART10.jpg 800w, https:\/\/www.mojekonferencje.pl\/blog\/wp-content\/uploads\/2021\/12\/ART10-300x200.jpg 300w, https:\/\/www.mojekonferencje.pl\/blog\/wp-content\/uploads\/2021\/12\/ART10-768x513.jpg 768w\" sizes=\"auto\" \/><\/figure>\n","protected":false},"excerpt":{"rendered":"<p>Interesuje Ci\u0119 wynajem sali we Wroc\u0142awiu, a nie wiesz, kt\u00f3re obiekty warto wzi\u0105\u0107 pod uwag\u0119? W takim razie s\u0142u\u017cymy pomoc\u0105! W dzisiejszym artykule przedstawiamy 10 wyj\u0105tkowych miejsc na spotkanie biznesowe w stolicy Dolnego \u015al\u0105ska!<\/p>\n","protected":false},"author":9,"featured_media":2402,"comment_status":"closed","ping_status":"closed","sticky":false,"template":"","format":"standard","meta":{"_acf_changed":false,"footnotes":""},"categories":[8,175],"tags":[127,271,14,13,19],"class_list":["post-2387","post","type-post","status-publish","format-standard","has-post-thumbnail","hentry","category-porady","category-wybieranie-miejsca-konferencyjnego","tag-centra-konferencyjne","tag-hotele-konferencyjne","tag-sale-biznesowe","tag-sale-konferencjne","tag-sale-szkoleniowe"],"acf":[],"yoast_head":"<!-- This site is optimized with the Yoast SEO plugin v27.1.1 - https:\/\/yoast.com\/product\/yoast-seo-wordpress\/ -->\n<title>Wroc\u0142aw - sale do wynaj\u0119cia we Wroc\u0142awiu - blog | MojeKonferencje.pl<\/title>\n<meta name=\"description\" content=\"Wroc\u0142aw - sale do wynaj\u0119cia we Wroc\u0142awiu - blog | MojeKonferencje.pl\" \/>\n<meta name=\"robots\" content=\"index, follow, max-snippet:-1, max-image-preview:large, max-video-preview:-1\" \/>\n<link rel=\"canonical\" href=\"https:\/\/www.mojekonferencje.pl\/blog\/wroclaw-sale-do-wynajecia-we-wroclawiu\/\" \/>\n<meta property=\"og:locale\" content=\"pl_PL\" \/>\n<meta property=\"og:type\" content=\"article\" \/>\n<meta property=\"og:title\" content=\"Wroc\u0142aw - sale do wynaj\u0119cia we Wroc\u0142awiu - blog | MojeKonferencje.pl\" \/>\n<meta property=\"og:description\" content=\"Wroc\u0142aw - sale do wynaj\u0119cia we Wroc\u0142awiu - blog | MojeKonferencje.pl\" \/>\n<meta property=\"og:url\" content=\"https:\/\/www.mojekonferencje.pl\/blog\/wroclaw-sale-do-wynajecia-we-wroclawiu\/\" \/>\n<meta property=\"og:site_name\" content=\"MojeKonferencje.pl\" \/>\n<meta property=\"article:published_time\" content=\"2021-12-18T20:00:00+00:00\" \/>\n<meta property=\"article:modified_time\" content=\"2024-05-07T09:51:27+00:00\" \/>\n<meta property=\"og:image\" content=\"https:\/\/www.mojekonferencje.pl\/blog\/wp-content\/uploads\/2021\/12\/Fotoram.io-3.jpg\" \/>\n\t<meta property=\"og:image:width\" content=\"1200\" \/>\n\t<meta property=\"og:image:height\" content=\"744\" \/>\n\t<meta property=\"og:image:type\" content=\"image\/jpeg\" \/>\n<meta name=\"author\" content=\"Olga Stawicka-Iwanowska\" \/>\n<meta name=\"twitter:card\" content=\"summary_large_image\" \/>\n<meta name=\"twitter:label1\" content=\"Napisane przez\" \/>\n\t<meta name=\"twitter:data1\" content=\"Olga Stawicka-Iwanowska\" \/>\n\t<meta name=\"twitter:label2\" content=\"Szacowany czas czytania\" \/>\n\t<meta name=\"twitter:data2\" content=\"6 minut\" \/>\n<script type=\"application\/ld+json\" class=\"yoast-schema-graph\">{\"@context\":\"https:\/\/schema.org\",\"@graph\":[{\"@type\":\"Article\",\"@id\":\"https:\/\/www.mojekonferencje.pl\/blog\/wroclaw-sale-do-wynajecia-we-wroclawiu\/#article\",\"isPartOf\":{\"@id\":\"https:\/\/www.mojekonferencje.pl\/blog\/wroclaw-sale-do-wynajecia-we-wroclawiu\/\"},\"author\":{\"name\":\"Olga Stawicka-Iwanowska\",\"@id\":\"https:\/\/www.mojekonferencje.pl\/blog\/#\/schema\/person\/d6751ca3c60de9ec17ee21b744bbb2d4\"},\"headline\":\"Wroc\u0142aw &#8211; sale do wynaj\u0119cia we Wroc\u0142awiu\",\"datePublished\":\"2021-12-18T20:00:00+00:00\",\"dateModified\":\"2024-05-07T09:51:27+00:00\",\"mainEntityOfPage\":{\"@id\":\"https:\/\/www.mojekonferencje.pl\/blog\/wroclaw-sale-do-wynajecia-we-wroclawiu\/\"},\"wordCount\":1287,\"image\":{\"@id\":\"https:\/\/www.mojekonferencje.pl\/blog\/wroclaw-sale-do-wynajecia-we-wroclawiu\/#primaryimage\"},\"thumbnailUrl\":\"https:\/\/www.mojekonferencje.pl\/blog\/wp-content\/uploads\/2021\/12\/Fotoram.io-3.jpg\",\"keywords\":[\"centra konferencyjne\",\"hotele konferencyjne\",\"sale biznesowe\",\"sale konferencjne\",\"sale szkoleniowe\"],\"articleSection\":[\"Porady\",\"Wybieranie miejsca konferencyjnego\"],\"inLanguage\":\"pl-PL\"},{\"@type\":\"WebPage\",\"@id\":\"https:\/\/www.mojekonferencje.pl\/blog\/wroclaw-sale-do-wynajecia-we-wroclawiu\/\",\"url\":\"https:\/\/www.mojekonferencje.pl\/blog\/wroclaw-sale-do-wynajecia-we-wroclawiu\/\",\"name\":\"Wroc\u0142aw - sale do wynaj\u0119cia we Wroc\u0142awiu - blog | MojeKonferencje.pl\",\"isPartOf\":{\"@id\":\"https:\/\/www.mojekonferencje.pl\/blog\/#website\"},\"primaryImageOfPage\":{\"@id\":\"https:\/\/www.mojekonferencje.pl\/blog\/wroclaw-sale-do-wynajecia-we-wroclawiu\/#primaryimage\"},\"image\":{\"@id\":\"https:\/\/www.mojekonferencje.pl\/blog\/wroclaw-sale-do-wynajecia-we-wroclawiu\/#primaryimage\"},\"thumbnailUrl\":\"https:\/\/www.mojekonferencje.pl\/blog\/wp-content\/uploads\/2021\/12\/Fotoram.io-3.jpg\",\"datePublished\":\"2021-12-18T20:00:00+00:00\",\"dateModified\":\"2024-05-07T09:51:27+00:00\",\"author\":{\"@id\":\"https:\/\/www.mojekonferencje.pl\/blog\/#\/schema\/person\/d6751ca3c60de9ec17ee21b744bbb2d4\"},\"description\":\"Wroc\u0142aw - sale do wynaj\u0119cia we Wroc\u0142awiu - blog | MojeKonferencje.pl\",\"breadcrumb\":{\"@id\":\"https:\/\/www.mojekonferencje.pl\/blog\/wroclaw-sale-do-wynajecia-we-wroclawiu\/#breadcrumb\"},\"inLanguage\":\"pl-PL\",\"potentialAction\":[{\"@type\":\"ReadAction\",\"target\":[\"https:\/\/www.mojekonferencje.pl\/blog\/wroclaw-sale-do-wynajecia-we-wroclawiu\/\"]}]},{\"@type\":\"ImageObject\",\"inLanguage\":\"pl-PL\",\"@id\":\"https:\/\/www.mojekonferencje.pl\/blog\/wroclaw-sale-do-wynajecia-we-wroclawiu\/#primaryimage\",\"url\":\"https:\/\/www.mojekonferencje.pl\/blog\/wp-content\/uploads\/2021\/12\/Fotoram.io-3.jpg\",\"contentUrl\":\"https:\/\/www.mojekonferencje.pl\/blog\/wp-content\/uploads\/2021\/12\/Fotoram.io-3.jpg\",\"width\":1200,\"height\":744},{\"@type\":\"BreadcrumbList\",\"@id\":\"https:\/\/www.mojekonferencje.pl\/blog\/wroclaw-sale-do-wynajecia-we-wroclawiu\/#breadcrumb\",\"itemListElement\":[{\"@type\":\"ListItem\",\"position\":1,\"name\":\"Strona g\u0142\u00f3wna\",\"item\":\"https:\/\/www.mojekonferencje.pl\/blog\/\"},{\"@type\":\"ListItem\",\"position\":2,\"name\":\"Wroc\u0142aw &#8211; sale do wynaj\u0119cia we Wroc\u0142awiu\"}]},{\"@type\":\"WebSite\",\"@id\":\"https:\/\/www.mojekonferencje.pl\/blog\/#website\",\"url\":\"https:\/\/www.mojekonferencje.pl\/blog\/\",\"name\":\"MojeKonferencje.pl\",\"description\":\"Blog bran\u017cy szkoleniowo-konferencyjnej. W\u0142\u0105cz si\u0119 do dyskusji o obiektach konferencyjnych i nowo\u015bciach z bran\u017cy! Poznaj porady odno\u015bnie organizacji konferencji, szkole\u0144 i event\u00f3w firmowych! Zach\u0119camy do wyra\u017cania opinii oraz komentarzy.\",\"potentialAction\":[{\"@type\":\"SearchAction\",\"target\":{\"@type\":\"EntryPoint\",\"urlTemplate\":\"https:\/\/www.mojekonferencje.pl\/blog\/?s={search_term_string}\"},\"query-input\":{\"@type\":\"PropertyValueSpecification\",\"valueRequired\":true,\"valueName\":\"search_term_string\"}}],\"inLanguage\":\"pl-PL\"},{\"@type\":\"Person\",\"@id\":\"https:\/\/www.mojekonferencje.pl\/blog\/#\/schema\/person\/d6751ca3c60de9ec17ee21b744bbb2d4\",\"name\":\"Olga Stawicka-Iwanowska\",\"description\":\"Head of Marketing z ponad sze\u015bcioletnim do\u015bwiadczeniem w bran\u017cy MICE. Na co dzie\u0144 zajmuje si\u0119 content marketingiem i promocj\u0105 obiekt\u00f3w eventowych, tak aby organizatorzy kongres\u00f3w, targ\u00f3w i konferencji wiedzieli, \u017ce w\u0142a\u015bnie tam warto zrealizowa\u0107 swoje wydarzenie. Prowadzi media spo\u0142eczno\u015bciowe, tworzy strategie komunikacji, pisze artyku\u0142y i dba o sp\u00f3jny wizerunek marki w ka\u017cdym kanale. W swojej pracy \u0142\u0105czy analityczne my\u015blenie z kreatywno\u015bci\u0105 i dobrym copy. Wsp\u00f3\u0142pracuje zar\u00f3wno z organizatorami najwi\u0119kszych wydarze\u0144 w Polsce, jak i z regionalnymi partnerami z bran\u017cy. Po godzinach mi\u0142o\u015bniczka podr\u00f3\u017cy po Europie, dobrej kuchni i klimatycznych miejsc, w kt\u00f3rych mo\u017cna z\u0142apa\u0107 oddech.\",\"sameAs\":[\"http:\/\/MojeKonferencje.pl\",\"https:\/\/www.linkedin.com\/in\/olgastawicka\/\"],\"url\":\"https:\/\/www.mojekonferencje.pl\/blog\/author\/osawicka\/\"}]}<\/script>\n<!-- \/ Yoast SEO plugin. -->","yoast_head_json":{"title":"Wroc\u0142aw - sale do wynaj\u0119cia we Wroc\u0142awiu - blog | MojeKonferencje.pl","description":"Wroc\u0142aw - sale do wynaj\u0119cia we Wroc\u0142awiu - blog | MojeKonferencje.pl","robots":{"index":"index","follow":"follow","max-snippet":"max-snippet:-1","max-image-preview":"max-image-preview:large","max-video-preview":"max-video-preview:-1"},"canonical":"https:\/\/www.mojekonferencje.pl\/blog\/wroclaw-sale-do-wynajecia-we-wroclawiu\/","og_locale":"pl_PL","og_type":"article","og_title":"Wroc\u0142aw - sale do wynaj\u0119cia we Wroc\u0142awiu - blog | MojeKonferencje.pl","og_description":"Wroc\u0142aw - sale do wynaj\u0119cia we Wroc\u0142awiu - blog | MojeKonferencje.pl","og_url":"https:\/\/www.mojekonferencje.pl\/blog\/wroclaw-sale-do-wynajecia-we-wroclawiu\/","og_site_name":"MojeKonferencje.pl","article_published_time":"2021-12-18T20:00:00+00:00","article_modified_time":"2024-05-07T09:51:27+00:00","og_image":[{"width":1200,"height":744,"url":"https:\/\/www.mojekonferencje.pl\/blog\/wp-content\/uploads\/2021\/12\/Fotoram.io-3.jpg","type":"image\/jpeg"}],"author":"Olga Stawicka-Iwanowska","twitter_card":"summary_large_image","twitter_misc":{"Napisane przez":"Olga Stawicka-Iwanowska","Szacowany czas czytania":"6 minut"},"schema":{"@context":"https:\/\/schema.org","@graph":[{"@type":"Article","@id":"https:\/\/www.mojekonferencje.pl\/blog\/wroclaw-sale-do-wynajecia-we-wroclawiu\/#article","isPartOf":{"@id":"https:\/\/www.mojekonferencje.pl\/blog\/wroclaw-sale-do-wynajecia-we-wroclawiu\/"},"author":{"name":"Olga Stawicka-Iwanowska","@id":"https:\/\/www.mojekonferencje.pl\/blog\/#\/schema\/person\/d6751ca3c60de9ec17ee21b744bbb2d4"},"headline":"Wroc\u0142aw &#8211; sale do wynaj\u0119cia we Wroc\u0142awiu","datePublished":"2021-12-18T20:00:00+00:00","dateModified":"2024-05-07T09:51:27+00:00","mainEntityOfPage":{"@id":"https:\/\/www.mojekonferencje.pl\/blog\/wroclaw-sale-do-wynajecia-we-wroclawiu\/"},"wordCount":1287,"image":{"@id":"https:\/\/www.mojekonferencje.pl\/blog\/wroclaw-sale-do-wynajecia-we-wroclawiu\/#primaryimage"},"thumbnailUrl":"https:\/\/www.mojekonferencje.pl\/blog\/wp-content\/uploads\/2021\/12\/Fotoram.io-3.jpg","keywords":["centra konferencyjne","hotele konferencyjne","sale biznesowe","sale konferencjne","sale szkoleniowe"],"articleSection":["Porady","Wybieranie miejsca konferencyjnego"],"inLanguage":"pl-PL"},{"@type":"WebPage","@id":"https:\/\/www.mojekonferencje.pl\/blog\/wroclaw-sale-do-wynajecia-we-wroclawiu\/","url":"https:\/\/www.mojekonferencje.pl\/blog\/wroclaw-sale-do-wynajecia-we-wroclawiu\/","name":"Wroc\u0142aw - sale do wynaj\u0119cia we Wroc\u0142awiu - blog | MojeKonferencje.pl","isPartOf":{"@id":"https:\/\/www.mojekonferencje.pl\/blog\/#website"},"primaryImageOfPage":{"@id":"https:\/\/www.mojekonferencje.pl\/blog\/wroclaw-sale-do-wynajecia-we-wroclawiu\/#primaryimage"},"image":{"@id":"https:\/\/www.mojekonferencje.pl\/blog\/wroclaw-sale-do-wynajecia-we-wroclawiu\/#primaryimage"},"thumbnailUrl":"https:\/\/www.mojekonferencje.pl\/blog\/wp-content\/uploads\/2021\/12\/Fotoram.io-3.jpg","datePublished":"2021-12-18T20:00:00+00:00","dateModified":"2024-05-07T09:51:27+00:00","author":{"@id":"https:\/\/www.mojekonferencje.pl\/blog\/#\/schema\/person\/d6751ca3c60de9ec17ee21b744bbb2d4"},"description":"Wroc\u0142aw - sale do wynaj\u0119cia we Wroc\u0142awiu - blog | MojeKonferencje.pl","breadcrumb":{"@id":"https:\/\/www.mojekonferencje.pl\/blog\/wroclaw-sale-do-wynajecia-we-wroclawiu\/#breadcrumb"},"inLanguage":"pl-PL","potentialAction":[{"@type":"ReadAction","target":["https:\/\/www.mojekonferencje.pl\/blog\/wroclaw-sale-do-wynajecia-we-wroclawiu\/"]}]},{"@type":"ImageObject","inLanguage":"pl-PL","@id":"https:\/\/www.mojekonferencje.pl\/blog\/wroclaw-sale-do-wynajecia-we-wroclawiu\/#primaryimage","url":"https:\/\/www.mojekonferencje.pl\/blog\/wp-content\/uploads\/2021\/12\/Fotoram.io-3.jpg","contentUrl":"https:\/\/www.mojekonferencje.pl\/blog\/wp-content\/uploads\/2021\/12\/Fotoram.io-3.jpg","width":1200,"height":744},{"@type":"BreadcrumbList","@id":"https:\/\/www.mojekonferencje.pl\/blog\/wroclaw-sale-do-wynajecia-we-wroclawiu\/#breadcrumb","itemListElement":[{"@type":"ListItem","position":1,"name":"Strona g\u0142\u00f3wna","item":"https:\/\/www.mojekonferencje.pl\/blog\/"},{"@type":"ListItem","position":2,"name":"Wroc\u0142aw &#8211; sale do wynaj\u0119cia we Wroc\u0142awiu"}]},{"@type":"WebSite","@id":"https:\/\/www.mojekonferencje.pl\/blog\/#website","url":"https:\/\/www.mojekonferencje.pl\/blog\/","name":"MojeKonferencje.pl","description":"Blog bran\u017cy szkoleniowo-konferencyjnej. W\u0142\u0105cz si\u0119 do dyskusji o obiektach konferencyjnych i nowo\u015bciach z bran\u017cy! Poznaj porady odno\u015bnie organizacji konferencji, szkole\u0144 i event\u00f3w firmowych! Zach\u0119camy do wyra\u017cania opinii oraz komentarzy.","potentialAction":[{"@type":"SearchAction","target":{"@type":"EntryPoint","urlTemplate":"https:\/\/www.mojekonferencje.pl\/blog\/?s={search_term_string}"},"query-input":{"@type":"PropertyValueSpecification","valueRequired":true,"valueName":"search_term_string"}}],"inLanguage":"pl-PL"},{"@type":"Person","@id":"https:\/\/www.mojekonferencje.pl\/blog\/#\/schema\/person\/d6751ca3c60de9ec17ee21b744bbb2d4","name":"Olga Stawicka-Iwanowska","description":"Head of Marketing z ponad sze\u015bcioletnim do\u015bwiadczeniem w bran\u017cy MICE. Na co dzie\u0144 zajmuje si\u0119 content marketingiem i promocj\u0105 obiekt\u00f3w eventowych, tak aby organizatorzy kongres\u00f3w, targ\u00f3w i konferencji wiedzieli, \u017ce w\u0142a\u015bnie tam warto zrealizowa\u0107 swoje wydarzenie. Prowadzi media spo\u0142eczno\u015bciowe, tworzy strategie komunikacji, pisze artyku\u0142y i dba o sp\u00f3jny wizerunek marki w ka\u017cdym kanale. W swojej pracy \u0142\u0105czy analityczne my\u015blenie z kreatywno\u015bci\u0105 i dobrym copy. Wsp\u00f3\u0142pracuje zar\u00f3wno z organizatorami najwi\u0119kszych wydarze\u0144 w Polsce, jak i z regionalnymi partnerami z bran\u017cy. Po godzinach mi\u0142o\u015bniczka podr\u00f3\u017cy po Europie, dobrej kuchni i klimatycznych miejsc, w kt\u00f3rych mo\u017cna z\u0142apa\u0107 oddech.","sameAs":["http:\/\/MojeKonferencje.pl","https:\/\/www.linkedin.com\/in\/olgastawicka\/"],"url":"https:\/\/www.mojekonferencje.pl\/blog\/author\/osawicka\/"}]}},"_links":{"self":[{"href":"https:\/\/www.mojekonferencje.pl\/blog\/wp-json\/wp\/v2\/posts\/2387","targetHints":{"allow":["GET"]}}],"collection":[{"href":"https:\/\/www.mojekonferencje.pl\/blog\/wp-json\/wp\/v2\/posts"}],"about":[{"href":"https:\/\/www.mojekonferencje.pl\/blog\/wp-json\/wp\/v2\/types\/post"}],"author":[{"embeddable":true,"href":"https:\/\/www.mojekonferencje.pl\/blog\/wp-json\/wp\/v2\/users\/9"}],"replies":[{"embeddable":true,"href":"https:\/\/www.mojekonferencje.pl\/blog\/wp-json\/wp\/v2\/comments?post=2387"}],"version-history":[{"count":3,"href":"https:\/\/www.mojekonferencje.pl\/blog\/wp-json\/wp\/v2\/posts\/2387\/revisions"}],"predecessor-version":[{"id":2404,"href":"https:\/\/www.mojekonferencje.pl\/blog\/wp-json\/wp\/v2\/posts\/2387\/revisions\/2404"}],"wp:featuredmedia":[{"embeddable":true,"href":"https:\/\/www.mojekonferencje.pl\/blog\/wp-json\/wp\/v2\/media\/2402"}],"wp:attachment":[{"href":"https:\/\/www.mojekonferencje.pl\/blog\/wp-json\/wp\/v2\/media?parent=2387"}],"wp:term":[{"taxonomy":"category","embeddable":true,"href":"https:\/\/www.mojekonferencje.pl\/blog\/wp-json\/wp\/v2\/categories?post=2387"},{"taxonomy":"post_tag","embeddable":true,"href":"https:\/\/www.mojekonferencje.pl\/blog\/wp-json\/wp\/v2\/tags?post=2387"}],"curies":[{"name":"wp","href":"https:\/\/api.w.org\/{rel}","templated":true}]}}