{"id":2433,"date":"2022-01-22T18:07:25","date_gmt":"2022-01-22T16:07:25","guid":{"rendered":"https:\/\/www.mojekonferencje.pl\/blog\/?p=2433"},"modified":"2025-05-08T07:52:38","modified_gmt":"2025-05-08T05:52:38","slug":"najlepsze-hotel-na-mazurach","status":"publish","type":"post","link":"https:\/\/www.mojekonferencje.pl\/blog\/najlepsze-hotel-na-mazurach\/","title":{"rendered":"Najlepsze hotele na Mazurach"},"content":{"rendered":"\n<p><strong>Pocz\u0105tek roku to bezsprzecznie wyj\u0105tkowy czas. Cz\u0119\u015b\u0107 os\u00f3b planuje urlop, a jeszcze inni szukaj\u0105 odpowiednich miejsc na organizacj\u0119 konferencji czy szkole\u0144. Niezale\u017cnie jednak od tego, czy ju\u017c jeste\u015bcie w tzw. wirze pracy, czy mo\u017ce snujecie plany o wypoczynku, mamy dla Was co\u015b specjalnego! Okazuje si\u0119 bowiem, \u017ce prac\u0119 i relaks mo\u017cna po\u0142\u0105czy\u0107, poszukuj\u0105c takiego obiektu, kt\u00f3ry jest w stanie zrobi\u0107 wra\u017cenie &#8222;wow&#8221; zar\u00f3wno na pracownikach, jak i na naszej wewn\u0119trznej cz\u0119\u015bci potrzebuj\u0105cej relaksu. Z takim wyzwaniem doskonale poradz\u0105 sobie <a href=\"https:\/\/www.mojekonferencje.pl\/konferencje-warminsko-mazurskie\">hotele na Mazurach z basenem<\/a>. <\/strong><\/p>\n\n\n\n<p>Wychodzimy naprzeciw Twoim potrzebom, wskazuj\u0105c na kilkana\u015bcie obiekt\u00f3w, kt\u00f3re zdecydowanie warto jest wzi\u0105\u0107 pod uwag\u0119 &#8211; zar\u00f3wno na organizacj\u0119 spotka\u0144 biznesowych, jak i na wypoczynek z dala od zgie\u0142ku miasta. Zosta\u0144 z nami i poznaj obiekty, takie jak:<\/p>\n\n\n\n<figure class=\"wp-block-table\"><table><tbody><tr><td><a href=\"https:\/\/www.mojekonferencje.pl\/ilawa\/grand-hotel-tiffi-\">GrandHotel Tiffi<\/a><\/td><td><a href=\"https:\/\/www.mojekonferencje.pl\/gizycko\/hotel-st-bruno\">Hotel St. Bruno<\/a><\/td><\/tr><tr><td><a href=\"https:\/\/www.mojekonferencje.pl\/olsztyn\/hotel-marina-club\">Hotel Marina Club <\/a><\/td><td><a href=\"https:\/\/www.mojekonferencje.pl\/olsztyn\/omega-hotel\">Omega Hotel<\/a><\/td><\/tr><tr><td><a href=\"https:\/\/www.mojekonferencje.pl\/ostroda\/natural-hotel\">NATURAL &#8211; EKOLOGICZNY HOTEL z PLA\u017b\u0104 NA WYSPIE<\/a><\/td><td><a href=\"https:\/\/www.mojekonferencje.pl\/godkowo\/mlyn-klekotki-resortspa\">Klekotki Conference &amp; SPA<\/a><\/td><\/tr><tr><td><a href=\"https:\/\/www.mojekonferencje.pl\/ryn\/hotel-zamek-ryn\">Hotel Zamek Ryn<\/a><\/td><td><a href=\"https:\/\/www.mojekonferencje.pl\/bartoszyce-\/palac-i-folwark-galiny\">Pa\u0142ac i Folwark Galiny<\/a><\/td><\/tr><tr><td><a href=\"https:\/\/www.mojekonferencje.pl\/wilkasy\/hotel-tajty\">Hotel TAJTY<\/a><\/td><td><a href=\"https:\/\/www.mojekonferencje.pl\/mragowo\/hotel-solar-palace-spa--wellness\">Hotel**** Solar Palace SPA &amp; Wellness<\/a><\/td><\/tr><tr><td><a href=\"https:\/\/www.mojekonferencje.pl\/ruciane-nida\/mazurski-raj-hotel--marina--spa\">MAZURSKI RAJ &#8211; Hotel, Marina &amp; SPA<\/a><\/td><td><a href=\"https:\/\/www.mojekonferencje.pl\/wegorzewo\/hotel-ognisty-ptak\">Hotel Ognisty Ptak<\/a><\/td><\/tr><tr><td><a href=\"https:\/\/www.mojekonferencje.pl\/ruciane-nida\/klub-mila-kamien\">Klub Mila Kamie\u0144<\/a><\/td><td><a href=\"https:\/\/www.mojekonferencje.pl\/wiartel\/zlota-lania-wiartel-resort-spa\">Z\u0142ota \u0141ania Wiartel Resort &amp; SPA<\/a><\/td><\/tr><tr><td><a href=\"https:\/\/www.mojekonferencje.pl\/mikolajki\/hotel-robert39s-port-zegluga-pasazerska-mikolajki\">Hotel Robert&#8217;s Port **** Lake Resort &amp; SPA<\/a><\/td><td><a href=\"https:\/\/www.mojekonferencje.pl\/lubawa\/palac-mortegi\">Pa\u0142ac Mort\u0119gi Hotel &amp; SPA<\/a><\/td><\/tr><tr><td><a href=\"https:\/\/www.mojekonferencje.pl\/morag\/narie-resort-spa\">Narie Resort &amp; Spa<\/a><\/td><td><a href=\"https:\/\/www.mojekonferencje.pl\/lidzbark-warminski\/hotel-krasicki\">Hotel Krasicki<\/a><\/td><\/tr><\/tbody><\/table><\/figure>\n\n\n\n<h2 class=\"wp-block-heading has-text-align-center has-vivid-purple-color has-text-color has-link-color wp-elements-6f9889d544888962faf73aa2efaeca69\"><a href=\"https:\/\/www.mojekonferencje.pl\/ilawa\/grand-hotel-tiffi-\"><span style=\"text-decoration: underline;\">GrandHotel Tiffi<\/span><\/a><\/h2>\n\n\n\n<p>W pierwszej kolejno\u015bci zapraszamy do <strong>GrandHotelu Tiffi<\/strong>, po\u0142o\u017conego w ekskluzywnym otoczeniu mazurskiego miasta I\u0142awa, nad brzegiem najd\u0142u\u017cszego jeziora w Polsce. Hotel oferuje 155 stylowych pokoi z malowniczym widokiem na jezioro i rozleg\u0142y ogr\u00f3d, tworz\u0105c niepowtarzaln\u0105 atmosfer\u0119 luksusu. Dodatkowo zapewnia wykwintn\u0105 restauracj\u0119 oraz nowoczesne centrum SPA z 20 gabinetami masa\u017cu. <\/p>\n\n\n\n<p>Nowoczesna przestrze\u0144 konferencyjna o powierzchni 1300 metr\u00f3w kwadratowych, wyposa\u017cona w najnowszej generacji sprz\u0119t multimedialny, sprawia, \u017ce <strong>GrandHotel Tiffi <\/strong>jest idealnym miejscem zar\u00f3wno dla relaksu, jak i dla biznesu. Po\u0142o\u017cenie w otoczeniu mazurskich las\u00f3w, malowniczych jezior oraz Wielkiej \u017bu\u0142awy to niezaprzeczalny atut <strong>GrandHotelu Tiffi<\/strong>. To miejsce, gdzie harmonia natury spotyka si\u0119 z luksusem, tworz\u0105c niezapomnian\u0105 opraw\u0119 dla ka\u017cdego pobytu.<\/p>\n\n\n\n<figure class=\"wp-block-image size-full\"><a href=\"https:\/\/www.mojekonferencje.pl\/blog\/wp-content\/uploads\/2024\/04\/1wl.jpg\"><img loading=\"lazy\" decoding=\"async\" width=\"960\" height=\"580\" src=\"https:\/\/www.mojekonferencje.pl\/blog\/wp-content\/uploads\/2024\/04\/1wl.jpg\" alt=\"\" class=\"wp-image-4911 lazyload\" data-srcset=\"https:\/\/www.mojekonferencje.pl\/blog\/wp-content\/uploads\/2024\/04\/1wl.jpg 960w, https:\/\/www.mojekonferencje.pl\/blog\/wp-content\/uploads\/2024\/04\/1wl-300x181.jpg 300w, https:\/\/www.mojekonferencje.pl\/blog\/wp-content\/uploads\/2024\/04\/1wl-768x464.jpg 768w\" sizes=\"auto\" \/><\/a><\/figure>\n\n\n\n<h2 class=\"wp-block-heading has-text-align-center has-vivid-purple-color has-text-color has-link-color wp-elements-af739e0896699f9eaa084028797c7d76\"><a href=\"https:\/\/www.mojekonferencje.pl\/olsztyn\/hotel-marina-club\"><span style=\"text-decoration: underline;\">Hotel Marina Club<\/span><\/a><\/h2>\n\n\n\n<p>Zdecydowanie warto te\u017c przenie\u015b\u0107 si\u0119 do <strong>Hotelu Marina Club<\/strong>, gdzie organizacja konferencji staje si\u0119 wyj\u0105tkowym do\u015bwiadczeniem w otoczeniu natury, tworz\u0105cej atmosfer\u0119 sprzyjaj\u0105c\u0105 wypoczynkowi w strefie ciszy. Po\u0142o\u017cony nad jeziorem hotel oferuje niezapomniane widoki, kt\u00f3re mo\u017cna podziwia\u0107 z ka\u017cdego pokoju. Wn\u0119trza obiektu zachwycaj\u0105 harmonijnym designem, doskonale komponuj\u0105cym si\u0119 z naturalnymi barwami otaczaj\u0105cego krajobrazu. Ka\u017cdy detal jest starannie przemy\u015blany, a dob\u00f3r kolor\u00f3w tworzy atmosfer\u0119 spokoju i elegancji. Pokoje s\u0105 urz\u0105dzone z dba\u0142o\u015bci\u0105 o szczeg\u00f3\u0142y, zapewniaj\u0105c komfortowy wypoczynek w luksusowym otoczeniu. <\/p>\n\n\n\n<p>Jednym z najwi\u0119kszych atut\u00f3w <strong>Hotelu Marina Club<\/strong> jest jego dogodna lokalizacja, sprzyjaj\u0105ca r\u00f3\u017cnorodnym aktywno\u015bciom zar\u00f3wno na wodzie, jak i na l\u0105dzie. Oferta konferencyjna obejmuje 6 nowoczesnych sal rozmieszczonych na dw\u00f3ch poziomach, co umo\u017cliwia elastyczne dostosowanie przestrzeni do charakteru i skali planowanego wydarzenia. Zlokalizowany nad brzegiem malowniczego jeziora obiekt dysponuje 100 przestronnymi pokojami oraz 2 ekskluzywnymi apartamentami, z kt\u00f3rych ka\u017cdy gwarantuje niezapomniany widok na rozleg\u0142e jezioro.<\/p>\n\n\n\n<figure class=\"wp-block-image size-large\"><a href=\"https:\/\/www.mojekonferencje.pl\/blog\/wp-content\/uploads\/2024\/04\/2wl.jpg\"><img loading=\"lazy\" decoding=\"async\" width=\"1024\" height=\"683\" src=\"https:\/\/www.mojekonferencje.pl\/blog\/wp-content\/uploads\/2024\/04\/2wl-1024x683.jpg\" alt=\"\" class=\"wp-image-4912 lazyload\" data-srcset=\"https:\/\/www.mojekonferencje.pl\/blog\/wp-content\/uploads\/2024\/04\/2wl-1024x683.jpg 1024w, https:\/\/www.mojekonferencje.pl\/blog\/wp-content\/uploads\/2024\/04\/2wl-300x200.jpg 300w, https:\/\/www.mojekonferencje.pl\/blog\/wp-content\/uploads\/2024\/04\/2wl-768x512.jpg 768w, https:\/\/www.mojekonferencje.pl\/blog\/wp-content\/uploads\/2024\/04\/2wl.jpg 1350w\" sizes=\"auto\" \/><\/a><\/figure>\n\n\n\n<h2 class=\"wp-block-heading has-text-align-center\"><a href=\"https:\/\/www.mojekonferencje.pl\/ostroda\/natural-hotel\"><span class=\"has-inline-color has-vivid-purple-color\"><span style=\"text-decoration: underline;\">NATURAL &#8211; EKOLOGICZNY HOTEL z PLA\u017b\u0104 NA WYSPIE<\/span><\/span><\/a><\/h2>\n\n\n\n<p><br>Ten wyj\u0105tkowy obiekt po\u0142o\u017cony zosta\u0142 na obrze\u017cach Ostr\u00f3dy &#8211; w samym sercu Rezerwatu Sosny Taborskiej. To absolutnie wspania\u0142e warunki, kt\u00f3re zachwyc\u0105 mi\u0142o\u015bnik\u00f3w spokoju oraz bezpo\u015bredniego kontaktu z natur\u0105. \u00d3w <strong>nowoczesny, ekologiczny hotel na Mazurach<\/strong> ma w swojej ofercie a\u017c 200 komfortowych miejsc noclegowych. Oferuje te\u017c \u015bwietn\u0105 Restauracj\u0119 Przysta\u0144 i Przyjaciele oraz dwie wielofunkcyjne sale konferencyjne, z kt\u00f3rych rozci\u0105ga si\u0119 malowniczy widok na jezioro Szel\u0105g Wielki i na wspomniany ju\u017c rezerwat. Obiekt ten zachwyca zar\u00f3wno stylem, jak i r\u00f3\u017cnorodnymi atrakcjami. Na ich czele znajduje si\u0119 m.in. prywatna pla\u017ca nad jeziorem, jazda konna, sp\u0142ywy kajakowe czy paintball.<\/p>\n\n\n\n<figure class=\"wp-block-image size-large\"><img loading=\"lazy\" decoding=\"async\" width=\"1024\" height=\"576\" src=\"https:\/\/www.mojekonferencje.pl\/blog\/wp-content\/uploads\/2022\/01\/1-1024x576.jpg\" alt=\"\" class=\"wp-image-2435 lazyload\" data-srcset=\"https:\/\/www.mojekonferencje.pl\/blog\/wp-content\/uploads\/2022\/01\/1-1024x576.jpg 1024w, https:\/\/www.mojekonferencje.pl\/blog\/wp-content\/uploads\/2022\/01\/1-300x169.jpg 300w, https:\/\/www.mojekonferencje.pl\/blog\/wp-content\/uploads\/2022\/01\/1-768x432.jpg 768w, https:\/\/www.mojekonferencje.pl\/blog\/wp-content\/uploads\/2022\/01\/1-1536x864.jpg 1536w, https:\/\/www.mojekonferencje.pl\/blog\/wp-content\/uploads\/2022\/01\/1-640x360.jpg 640w, https:\/\/www.mojekonferencje.pl\/blog\/wp-content\/uploads\/2022\/01\/1-320x180.jpg 320w, https:\/\/www.mojekonferencje.pl\/blog\/wp-content\/uploads\/2022\/01\/1-480x270.jpg 480w, https:\/\/www.mojekonferencje.pl\/blog\/wp-content\/uploads\/2022\/01\/1-960x540.jpg 960w, https:\/\/www.mojekonferencje.pl\/blog\/wp-content\/uploads\/2022\/01\/1-1280x720.jpg 1280w, https:\/\/www.mojekonferencje.pl\/blog\/wp-content\/uploads\/2022\/01\/1-1600x900.jpg 1600w, https:\/\/www.mojekonferencje.pl\/blog\/wp-content\/uploads\/2022\/01\/1.jpg 1920w\" sizes=\"auto\" \/><\/figure>\n\n\n\n<h2 class=\"wp-block-heading has-text-align-center\"><a href=\"https:\/\/www.mojekonferencje.pl\/ryn\/hotel-zamek-ryn\"><span class=\"has-inline-color has-vivid-purple-color\"><span style=\"text-decoration: underline;\">Hotel Zamek Ryn<\/span><\/span><\/a><\/h2>\n\n\n\n<p><br>Mo\u017ce nie wszyscy o tym wiedz\u0105, ale niekt\u00f3re<strong> hotele na Mazurach<\/strong> mieszcz\u0105 si\u0119 w odrestaurowanych, XIV-wiecznych Zamkach Krzy\u017cackich! Przyk\u0142adem jest Hotel Zamek Ryn, w kt\u00f3rym historyczny charakter doskonale wsp\u00f3\u0142gra z luksusowymi, nowatorskimi rozwi\u0105zaniami. Obiekt ten ma w swojej ofercie a\u017c 12 sal konferencyjnych, kt\u00f3re s\u0105 w stanie pomie\u015bci\u0107 nawet do 1000 os\u00f3b. Ponadto, go\u015bcie mog\u0105 liczy\u0107 na 167 eleganckich pokoi oraz na pe\u0142n\u0105 aromatycznych smak\u00f3w i zapach\u00f3w Czarown\u0105 Restauracj\u0119 Reflektarz. Znajduj\u0105 si\u0119 tam tak\u017ce wspania\u0142e atrakcje, jak np. basen w podziemiach zamku, kr\u0119gielnia, Centrum Redukcji Stresu oraz jeden z najlepszych w kraju symulator\u00f3w golfa BO Golf Elite.<\/p>\n\n\n\n<figure class=\"wp-block-image size-large\"><img loading=\"lazy\" decoding=\"async\" width=\"1024\" height=\"575\" src=\"https:\/\/www.mojekonferencje.pl\/blog\/wp-content\/uploads\/2022\/01\/2-1024x575.jpg\" alt=\"\" class=\"wp-image-2436 lazyload\" data-srcset=\"https:\/\/www.mojekonferencje.pl\/blog\/wp-content\/uploads\/2022\/01\/2-1024x575.jpg 1024w, https:\/\/www.mojekonferencje.pl\/blog\/wp-content\/uploads\/2022\/01\/2-300x169.jpg 300w, https:\/\/www.mojekonferencje.pl\/blog\/wp-content\/uploads\/2022\/01\/2-768x432.jpg 768w, https:\/\/www.mojekonferencje.pl\/blog\/wp-content\/uploads\/2022\/01\/2-1536x863.jpg 1536w, https:\/\/www.mojekonferencje.pl\/blog\/wp-content\/uploads\/2022\/01\/2-2048x1151.jpg 2048w, https:\/\/www.mojekonferencje.pl\/blog\/wp-content\/uploads\/2022\/01\/2-640x360.jpg 640w, https:\/\/www.mojekonferencje.pl\/blog\/wp-content\/uploads\/2022\/01\/2-320x180.jpg 320w, https:\/\/www.mojekonferencje.pl\/blog\/wp-content\/uploads\/2022\/01\/2-480x270.jpg 480w, https:\/\/www.mojekonferencje.pl\/blog\/wp-content\/uploads\/2022\/01\/2-960x540.jpg 960w, https:\/\/www.mojekonferencje.pl\/blog\/wp-content\/uploads\/2022\/01\/2-1280x720.jpg 1280w, https:\/\/www.mojekonferencje.pl\/blog\/wp-content\/uploads\/2022\/01\/2-1600x900.jpg 1600w, https:\/\/www.mojekonferencje.pl\/blog\/wp-content\/uploads\/2022\/01\/2-1920x1080.jpg 1920w\" sizes=\"auto\" \/><\/figure>\n\n\n\n<h2 class=\"wp-block-heading has-text-align-center\"><a href=\"https:\/\/www.mojekonferencje.pl\/wilkasy\/hotel-tajty\"><span class=\"has-inline-color has-vivid-purple-color\"><span style=\"text-decoration: underline;\">Hotel TAJTY<\/span><\/span><\/a><\/h2>\n\n\n\n<p><br>Ten klimatyczny obiekt po\u0142o\u017cony zosta\u0142 nad samym brzegiem jeziora, dok\u0142adnie na skraju miejscowo\u015bci Wilkasy. To zaledwie 3 kilometry od centrum Gi\u017cycka. Widok, kt\u00f3ry si\u0119 z niego rozci\u0105ga, naprawd\u0119 zapiera dech! Ale czy to jego jedyna atrakcja? Zdecydowanie nie! Oferta Hotelu Tajty obejmuje wynajem 100 wygodnych miejsc noclegowych, a tak\u017ce \u015bwietn\u0105 restauracj\u0119, w kt\u00f3rej mo\u017cna skosztowa\u0107 najlepszych da\u0144 kuchni regionalnej. Na go\u015bci biznesowych czekaj\u0105 tam 4 profesjonalnie wyposa\u017cone sale, z czego dwie z nich mo\u017cna ze sob\u0105 \u0142\u0105czy\u0107. W rezultacie pozwala ona na zaproszenie nawet 140 os\u00f3b! Ponadto, w obiekcie mo\u017cna si\u0119 skutecznie zrelaksowa\u0107 m.in. w Porcie Jachtowym.<\/p>\n\n\n\n<figure class=\"wp-block-image size-large\"><img loading=\"lazy\" decoding=\"async\" width=\"1024\" height=\"684\" src=\"https:\/\/www.mojekonferencje.pl\/blog\/wp-content\/uploads\/2022\/01\/3.jpg\" alt=\"\" class=\"wp-image-2437 lazyload\" data-srcset=\"https:\/\/www.mojekonferencje.pl\/blog\/wp-content\/uploads\/2022\/01\/3.jpg 1024w, https:\/\/www.mojekonferencje.pl\/blog\/wp-content\/uploads\/2022\/01\/3-300x200.jpg 300w, https:\/\/www.mojekonferencje.pl\/blog\/wp-content\/uploads\/2022\/01\/3-768x513.jpg 768w\" sizes=\"auto\" \/><\/figure>\n\n\n\n<h2 class=\"wp-block-heading has-text-align-center\"><a href=\"https:\/\/www.mojekonferencje.pl\/ruciane-nida\/mazurski-raj-hotel--marina--spa\"><span class=\"has-inline-color has-vivid-purple-color\"><span style=\"text-decoration: underline;\">MAZURSKI RAJ &#8211; Hotel, Marina &amp; SPA<\/span><\/span><\/a><\/h2>\n\n\n\n<p><br><strong>Hotele SPA na Mazurach<\/strong> znajduj\u0105 si\u0119 r\u00f3wnie\u017c w miejscowo\u015bci Ruciane-Nida, czyli jakie\u015b 190 kilometr\u00f3w od sto\u0142ecznego miasta. MAZURSKI RAJ to nazwa, kt\u00f3ra zdecydowanie potrafi zapa\u015b\u0107 w pami\u0119ci &#8211; w zasadzie jak i ca\u0142y pobyt w tym miejscu! Obiekt otoczony jest przepi\u0119knym, 6-hektatowym ogrodem, kt\u00f3rego granice op\u0142ywaj\u0105 wody jeziora Be\u0142dany. Tu\u017c obok znajduje si\u0119 te\u017c szlak Wielkich Jezior Mazurskich, kt\u00f3re robi\u0105 wra\u017cenie o ka\u017cdej porze roku. Hotel ten do dyspozycji go\u015bci oddaje 250 przytulnych miejsc noclegowych, bardzo dobr\u0105 Restauracj\u0119 Malinka i urokliw\u0105 Cafe Poziomka. Znajduje si\u0119 tam r\u00f3wnie\u017c 6 sal konferencyjnych oraz bogate zaplecze SPA i Bar Piekie\u0142ko.<\/p>\n\n\n\n<figure class=\"wp-block-image size-large\"><img loading=\"lazy\" decoding=\"async\" width=\"1024\" height=\"576\" src=\"https:\/\/www.mojekonferencje.pl\/blog\/wp-content\/uploads\/2022\/01\/4-1024x576.jpg\" alt=\"\" class=\"wp-image-2438 lazyload\" data-srcset=\"https:\/\/www.mojekonferencje.pl\/blog\/wp-content\/uploads\/2022\/01\/4-1024x576.jpg 1024w, https:\/\/www.mojekonferencje.pl\/blog\/wp-content\/uploads\/2022\/01\/4-300x169.jpg 300w, https:\/\/www.mojekonferencje.pl\/blog\/wp-content\/uploads\/2022\/01\/4-768x432.jpg 768w, https:\/\/www.mojekonferencje.pl\/blog\/wp-content\/uploads\/2022\/01\/4-1536x864.jpg 1536w, https:\/\/www.mojekonferencje.pl\/blog\/wp-content\/uploads\/2022\/01\/4-640x360.jpg 640w, https:\/\/www.mojekonferencje.pl\/blog\/wp-content\/uploads\/2022\/01\/4-320x180.jpg 320w, https:\/\/www.mojekonferencje.pl\/blog\/wp-content\/uploads\/2022\/01\/4-480x270.jpg 480w, https:\/\/www.mojekonferencje.pl\/blog\/wp-content\/uploads\/2022\/01\/4-960x540.jpg 960w, https:\/\/www.mojekonferencje.pl\/blog\/wp-content\/uploads\/2022\/01\/4-1280x720.jpg 1280w, https:\/\/www.mojekonferencje.pl\/blog\/wp-content\/uploads\/2022\/01\/4.jpg 1600w\" sizes=\"auto\" \/><\/figure>\n\n\n\n<h2 class=\"wp-block-heading has-text-align-center\"><a href=\"https:\/\/www.mojekonferencje.pl\/ruciane-nida\/klub-mila-kamien\"><span class=\"has-inline-color has-vivid-purple-color\"><span style=\"text-decoration: underline;\">Klub Mila Kamie\u0144<\/span><\/span><\/a><\/h2>\n\n\n\n<p><br>A skoro wy\u017cej opisali\u015bmy obiekt, kt\u00f3ry mie\u015bci si\u0119 nad brzegiem jeziora Be\u0142dany, to p\u00f3jdziemy dalej tym tropem. Pragniemy przedstawi\u0107 r\u00f3wnie atrakcyjny <strong>hotel na Mazurach z basenem<\/strong>, kt\u00f3ry usytuowany jest w pobli\u017cu. To Klub Mila Kamie\u0144 znajduj\u0105cy si\u0119 tu\u017c obok miejscowo\u015bci Ruciane-Nida.  Stanowi on pe\u0142en uroku o\u015brodek wypoczynkowo-szkoleniowy po\u0142o\u017cony w towarzystwie mazurskich las\u00f3w. Z my\u015bl\u0105 o najbardziej wymagaj\u0105cych go\u015bciach zosta\u0142o tam stworzonych 450 miejsc noclegowych, niezwykle stylowa Tawerna Bosma\u0144ska, dwie sale konferencyjne oraz namiot bankietowy. O\u015brodek le\u017cy na blisko 10 hektarach pi\u0119knego terenu, na kt\u00f3rych znajduje si\u0119 m.in. piaszczysta pla\u017ca z prywatnym k\u0105pieliskiem, zewn\u0119trzny basen rekreacyjny czy nowoczesna ekomarina z w\u0142asn\u0105 flot\u0105 jachtowo-motorowodn\u0105.<\/p>\n\n\n\n<figure class=\"wp-block-image size-large\"><img loading=\"lazy\" decoding=\"async\" width=\"1024\" height=\"767\" src=\"https:\/\/www.mojekonferencje.pl\/blog\/wp-content\/uploads\/2022\/01\/5-1024x767.jpg\" alt=\"\" class=\"wp-image-2439 lazyload\" data-srcset=\"https:\/\/www.mojekonferencje.pl\/blog\/wp-content\/uploads\/2022\/01\/5-1024x767.jpg 1024w, https:\/\/www.mojekonferencje.pl\/blog\/wp-content\/uploads\/2022\/01\/5-300x225.jpg 300w, https:\/\/www.mojekonferencje.pl\/blog\/wp-content\/uploads\/2022\/01\/5-768x576.jpg 768w, https:\/\/www.mojekonferencje.pl\/blog\/wp-content\/uploads\/2022\/01\/5-1536x1151.jpg 1536w, https:\/\/www.mojekonferencje.pl\/blog\/wp-content\/uploads\/2022\/01\/5.jpg 1600w\" sizes=\"auto\" \/><\/figure>\n\n\n\n<h2 class=\"wp-block-heading has-text-align-center\"><a href=\"https:\/\/www.mojekonferencje.pl\/mikolajki\/hotel-robert39s-port-zegluga-pasazerska-mikolajki\"><span class=\"has-inline-color has-vivid-purple-color\"><span style=\"text-decoration: underline;\">Hotel Robert&#8217;s Port **** Lake Resort &amp; SPA<\/span><\/span><\/a><\/h2>\n\n\n\n<p><br><strong>Hotele Miko\u0142ajki<\/strong> tak\u017ce robi\u0105 wra\u017cenie! W\u015br\u00f3d nich znajduj\u0105 si\u0119 m.in. <strong>4-gwiazdkowe hotele na Mazurach<\/strong>, w tym w\u0142a\u015bnie Hotel Robert\u2019s Port po\u0142o\u017cony nad jeziorem Ta\u0142ty. Wyr\u00f3\u017cnia si\u0119 on tym, \u017ce jest zlokalizowany na Szlaku Wielkich Jezior Mazurskich oraz faktem, \u017ce w jego ofercie ka\u017cdy znajdzie co\u015b dla siebie. W obiekcie znajduje si\u0119 159 komfortowo wyposa\u017conych pokoi i apartament\u00f3w. Ponadto, 3 wielofunkcyjne sale szkoleniowe dla 400 os\u00f3b oraz dwie znakomite restauracje &#8211; Kapita\u0144ska oraz \u017beglarska. Dodatkowo, do dyspozycji go\u015bci jest r\u00f3wnie\u017c niespe\u0142na 5 ha zr\u00f3\u017cnicowanego terenu zielonego, SPA Witalna Przysta\u0144 oraz strefa wellness, kt\u00f3ra sk\u0142ada si\u0119 z krytego basenu, jacuzzi oraz saun.<\/p>\n\n\n\n<figure class=\"wp-block-image size-large\"><img loading=\"lazy\" decoding=\"async\" width=\"1024\" height=\"715\" src=\"https:\/\/www.mojekonferencje.pl\/blog\/wp-content\/uploads\/2022\/01\/6-1024x715.jpg\" alt=\"\" class=\"wp-image-2440 lazyload\" data-srcset=\"https:\/\/www.mojekonferencje.pl\/blog\/wp-content\/uploads\/2022\/01\/6-1024x715.jpg 1024w, https:\/\/www.mojekonferencje.pl\/blog\/wp-content\/uploads\/2022\/01\/6-300x210.jpg 300w, https:\/\/www.mojekonferencje.pl\/blog\/wp-content\/uploads\/2022\/01\/6-768x536.jpg 768w, https:\/\/www.mojekonferencje.pl\/blog\/wp-content\/uploads\/2022\/01\/6-1536x1073.jpg 1536w, https:\/\/www.mojekonferencje.pl\/blog\/wp-content\/uploads\/2022\/01\/6.jpg 1545w\" sizes=\"auto\" \/><\/figure>\n\n\n\n<h2 class=\"wp-block-heading has-text-align-center\"><a href=\"https:\/\/www.mojekonferencje.pl\/morag\/narie-resort-spa\"><span class=\"has-inline-color has-vivid-purple-color\"><span style=\"text-decoration: underline;\">Narie Resort &amp; Spa<\/span><\/span><\/a><\/h2>\n\n\n\n<p><br><strong>Hotele Mor\u0105g <\/strong>dumnie reprezentuje Narie Resort &amp; Spa, czyli kameralny obiekt, kt\u00f3ry otoczony jest absolutnie przepi\u0119kn\u0105 przyrod\u0105. Czeka w nim bogata baza noclegowa, kt\u00f3ra sk\u0142ada si\u0119 z nowoczesnych pokoi i apartament\u00f3w o podwy\u017cszonym standardzie. W tych drugich mo\u017cna znale\u017a\u0107 m.in. murowany kominek oraz wann\u0119 z hydromasa\u017cem. Na terenie hotelu znajduje si\u0119 r\u00f3wnie\u017c restauracja serwuj\u0105ca specja\u0142y kuchni polskiej i regionalnej. A dodatkowo tak\u017ce nowoczesna sala kinowa, w kt\u00f3rej mo\u017cna zorganizowa\u0107 konferencje, szkolenia czy inne spotkania biznesowe. Poza prac\u0105, w obiekcie mo\u017cna si\u0119 skutecznie zrelaksowa\u0107 w strefie SPA, na pla\u017cy czy na s\u0142onecznej \u0142\u0105czce.  Obs\u0142uga obiektu poleca r\u00f3wnie\u017c rejs Houseboutem, czyli p\u0142ywaj\u0105cym domem.<\/p>\n\n\n\n<figure class=\"wp-block-image size-large\"><img loading=\"lazy\" decoding=\"async\" width=\"960\" height=\"719\" src=\"https:\/\/www.mojekonferencje.pl\/blog\/wp-content\/uploads\/2022\/01\/7.jpg\" alt=\"\" class=\"wp-image-2441 lazyload\" data-srcset=\"https:\/\/www.mojekonferencje.pl\/blog\/wp-content\/uploads\/2022\/01\/7.jpg 960w, https:\/\/www.mojekonferencje.pl\/blog\/wp-content\/uploads\/2022\/01\/7-300x225.jpg 300w, https:\/\/www.mojekonferencje.pl\/blog\/wp-content\/uploads\/2022\/01\/7-768x575.jpg 768w\" sizes=\"auto\" \/><\/figure>\n\n\n\n<h2 class=\"wp-block-heading has-text-align-center\"><a href=\"https:\/\/www.mojekonferencje.pl\/gizycko\/hotel-st-bruno\"><span class=\"has-inline-color has-vivid-purple-color\"><span style=\"text-decoration: underline;\">Hotel St. Bruno<\/span><\/span><\/a><\/h2>\n\n\n\n<p><br>Je\u015bli interesuj\u0105 Ci\u0119 <strong>hotele w Gi\u017cycku<\/strong>, to koniecznie musisz pozna\u0107 ten wyj\u0105tkowy obiekt. Powsta\u0142 on oko\u0142o 1341 roku, kiedy to pe\u0142ni\u0142 funkcj\u0119 Zamku Krzy\u017cackiego. Aktualnie reprezentuje on <strong>hotele luksusowe na Mazurach<\/strong>, wpisuj\u0105c si\u0119 w gusta mi\u0142o\u015bnik\u00f3w eleganckich, stylowych wn\u0119trz. W obiekcie mo\u017cna liczy\u0107 na 150 miejsc noclegowych w urz\u0105dzonych z klas\u0105 pokojach, na wspania\u0142\u0105 Restauracj\u0119 La Bibliotheque, na klimatyczny Night Club, kt\u00f3ry mie\u015bci si\u0119 w podziemiach oraz oczywi\u015bcie na zapieraj\u0105ce dech sale konferencyjne. W hotelu zdecydowanie nie spos\u00f3b si\u0119 nudzi\u0107! Znajd\u0105 tam co\u015b dla siebie zar\u00f3wno mi\u0142o\u015bnicy sportowej rywalizacji, jak i ci, kt\u00f3rzy szukaj\u0105 przestrzeni do wypoczynku. Hotel St. Bruno oferuje bowiem m.in. kr\u0119gielni\u0119 oraz Medi.SPA&amp;Wellness.<\/p>\n\n\n\n<figure class=\"wp-block-image size-large\"><img loading=\"lazy\" decoding=\"async\" width=\"1024\" height=\"680\" src=\"https:\/\/www.mojekonferencje.pl\/blog\/wp-content\/uploads\/2022\/01\/8-1024x680.jpg\" alt=\"\" class=\"wp-image-2442 lazyload\" data-srcset=\"https:\/\/www.mojekonferencje.pl\/blog\/wp-content\/uploads\/2022\/01\/8-1024x680.jpg 1024w, https:\/\/www.mojekonferencje.pl\/blog\/wp-content\/uploads\/2022\/01\/8-300x199.jpg 300w, https:\/\/www.mojekonferencje.pl\/blog\/wp-content\/uploads\/2022\/01\/8-768x510.jpg 768w, https:\/\/www.mojekonferencje.pl\/blog\/wp-content\/uploads\/2022\/01\/8-1536x1021.jpg 1536w, https:\/\/www.mojekonferencje.pl\/blog\/wp-content\/uploads\/2022\/01\/8-2048x1361.jpg 2048w\" sizes=\"auto\" \/><\/figure>\n\n\n\n<h2 class=\"wp-block-heading has-text-align-center\"><a href=\"https:\/\/www.mojekonferencje.pl\/olsztyn\/omega-hotel\"><span class=\"has-inline-color has-vivid-purple-color\"><span style=\"text-decoration: underline;\">Omega Hotel<\/span><\/span><\/a><\/h2>\n\n\n\n<p><br><strong>Hotele Olsztyn <\/strong>r\u00f3wnie\u017c stanowi\u0105 \u015bwietne miejsce na wypoczynek. Potwierdza to Omega Hotel po\u0142o\u017cony nad jeziorem Ukiel, jedynie 2 kilometry od centrum miasta. Na go\u015bci hotelowych czeka tam 96 pokoi w kilku kategoriach cenowych, klimatyczna restauracja oraz bar, a tak\u017ce r\u00f3\u017cne pod wzgl\u0119dem wielko\u015bci sale, w kt\u00f3rych mo\u017cna zorganizowa\u0107 zar\u00f3wno spotkania biznesowe, jak i wszelkie imprezy okoliczno\u015bciowe i rodzinne. Na terenie Omega Hotel mog\u0105 si\u0119 odby\u0107 tak\u017ce eventy w plenerze, takie jak np. pikniki, imprezy integracyjne czy biesiady. Dodatkowo, na go\u015bci czeka r\u00f3wnie\u017c boisko do pi\u0142ki no\u017cnej, bilard, wypo\u017cyczalnia kijk\u00f3w do nordic walkig oraz plac zabaw dla najm\u0142odszych.<\/p>\n\n\n\n<figure class=\"wp-block-image size-large\"><img loading=\"lazy\" decoding=\"async\" width=\"800\" height=\"510\" src=\"https:\/\/www.mojekonferencje.pl\/blog\/wp-content\/uploads\/2022\/01\/9.jpg\" alt=\"\" class=\"wp-image-2443 lazyload\" data-srcset=\"https:\/\/www.mojekonferencje.pl\/blog\/wp-content\/uploads\/2022\/01\/9.jpg 800w, https:\/\/www.mojekonferencje.pl\/blog\/wp-content\/uploads\/2022\/01\/9-300x191.jpg 300w, https:\/\/www.mojekonferencje.pl\/blog\/wp-content\/uploads\/2022\/01\/9-768x490.jpg 768w\" sizes=\"auto\" \/><\/figure>\n\n\n\n<h2 class=\"wp-block-heading has-text-align-center\"><a href=\"https:\/\/www.mojekonferencje.pl\/godkowo\/mlyn-klekotki-resortspa\"><span class=\"has-inline-color has-vivid-purple-color\"><span style=\"text-decoration: underline;\">Klekotki Conference &amp; SPA<\/span><\/span><\/a><\/h2>\n\n\n\n<p><br>W\u015br\u00f3d mazurskich las\u00f3w znajduje si\u0119 wspania\u0142y, XVII-wieczny m\u0142yn wodny, kt\u00f3ry zosta\u0142 odrestaurowany i aktualnie pe\u0142ni funkcj\u0119 obiektu hotelowego. To w\u0142a\u015bnie Klekotki Conference &amp; SPA, kt\u00f3re s\u0105 znakomitym t\u0142em dla efektywnego relaksu. W jego ofercie znajduj\u0105 si\u0119 44 r\u00f3\u017cnorodne, klimatyczne pokoje, 6 sal konferencyjnych, smakowita Restauracja i r\u00f3wnie atrakcyjna Winiarnia, w kt\u00f3rej mo\u017cna skosztowa\u0107 win z ca\u0142ego \u015bwiata. Chwile odpr\u0119\u017cenia zapewnia z kolei Strefa SENTO SPA oraz pozosta\u0142e atrakcje, takie jak m.in. sprz\u0119ty wodne, korty tenisowe, lepienie z gliny, miejsce na ognisko czy golf i petanque.<\/p>\n\n\n\n<figure class=\"wp-block-image size-large\"><img loading=\"lazy\" decoding=\"async\" width=\"710\" height=\"475\" src=\"https:\/\/www.mojekonferencje.pl\/blog\/wp-content\/uploads\/2022\/01\/10.jpg\" alt=\"\" class=\"wp-image-2444 lazyload\" data-srcset=\"https:\/\/www.mojekonferencje.pl\/blog\/wp-content\/uploads\/2022\/01\/10.jpg 710w, https:\/\/www.mojekonferencje.pl\/blog\/wp-content\/uploads\/2022\/01\/10-300x201.jpg 300w\" sizes=\"auto\" \/><\/figure>\n\n\n\n<h2 class=\"wp-block-heading has-text-align-center\"><a href=\"https:\/\/www.mojekonferencje.pl\/bartoszyce-\/palac-i-folwark-galiny\"><span class=\"has-inline-color has-vivid-purple-color\"><span style=\"text-decoration: underline;\">Pa\u0142ac i Folwark Galiny<\/span><\/span><\/a><\/h2>\n\n\n\n<p><br>Jest to <strong>wyj\u0105tkowy hotel na Mazurach<\/strong>, kt\u00f3ry mie\u015bci si\u0119 w Bartoszycach. Pa\u0142ac powsta\u0142 w XVI wieku, natomiast Folwark &#8211; w XIX. Otoczony jest on 5-hektarowym parkiem, kt\u00f3ry przeci\u0119ty zosta\u0142 korytem rzeki Pisy. W rezultacie wi\u0119c na go\u015bci czeka ba\u015bniowy krajobraz, o kt\u00f3rym trudno jest zapomnie\u0107! Pa\u0142ac i Folwark Galiny do dyspozycji go\u015bci oddaje 36 stylowych pokoi i apartament\u00f3w, Gospod\u0119 Galiny, w kt\u00f3rej powstaj\u0105 regionalne i ekologiczne posi\u0142ki oraz r\u00f3wnie atrakcyjne sale biznesowe, kt\u00f3re s\u0105 w stanie pomie\u015bci\u0107 od 25 do 200 os\u00f3b. W\u015br\u00f3d atrakcji dodatkowych obiektu znajduj\u0105 si\u0119: tradycyjna ruska bania, strefa masa\u017cy, korty tenisowe oraz w\u0142asna pla\u017ca z pomostem.<\/p>\n\n\n\n<figure class=\"wp-block-image size-large\"><img loading=\"lazy\" decoding=\"async\" width=\"800\" height=\"533\" src=\"https:\/\/www.mojekonferencje.pl\/blog\/wp-content\/uploads\/2022\/01\/11.jpg\" alt=\"\" class=\"wp-image-2445 lazyload\" data-srcset=\"https:\/\/www.mojekonferencje.pl\/blog\/wp-content\/uploads\/2022\/01\/11.jpg 800w, https:\/\/www.mojekonferencje.pl\/blog\/wp-content\/uploads\/2022\/01\/11-300x200.jpg 300w, https:\/\/www.mojekonferencje.pl\/blog\/wp-content\/uploads\/2022\/01\/11-768x512.jpg 768w\" sizes=\"auto\" \/><\/figure>\n\n\n\n<h2 class=\"wp-block-heading has-text-align-center\"><a href=\"https:\/\/www.mojekonferencje.pl\/mragowo\/hotel-solar-palace-spa--wellness\"><span class=\"has-inline-color has-vivid-purple-color\"><span style=\"text-decoration: underline;\">Hotel**** Solar Palace SPA &amp; Wellness<\/span><\/span><\/a><\/h2>\n\n\n\n<p><br>Solar Palace SPA &amp; Wellness to <strong>4-gwiazdkowy hotel na Mazurach<\/strong>, kt\u00f3ry wyr\u00f3\u017cnia si\u0119 kameralno\u015bci\u0105 oraz oryginaln\u0105 architektur\u0105, kt\u00f3re \u015bwietnie komponuj\u0105 si\u0119 z zielonym otoczeniem. Obiekt ten \u0142\u0105czy domowe ciep\u0142o z naturalnym luksusem, oferuj\u0105c 47 wygodnych pokoi, fantastyczn\u0105 restauracj\u0119, a tak\u017ce dwie sale konferencyjne, z czego jedna stanowi studio multimedialne. Teren wok\u00f3\u0142 obiektu to miejsce rekreacyjno-wypoczynkowe, na kt\u00f3rym znajduj\u0105 si\u0119 m.in. dwie pla\u017ce, aleja spacerowo-rowerowa nad jeziorem Czos czy wypo\u017cyczalnia sprz\u0119tu wodnego. Ponadto, w hotelu czeka eleganckie zaplecze SPA &amp; Wellness gwarantuj\u0105ce doskona\u0142y wypoczynek.<\/p>\n\n\n\n<figure class=\"wp-block-image size-large\"><img loading=\"lazy\" decoding=\"async\" width=\"1024\" height=\"683\" src=\"https:\/\/www.mojekonferencje.pl\/blog\/wp-content\/uploads\/2022\/01\/12-1024x683.jpg\" alt=\"\" class=\"wp-image-2446 lazyload\" data-srcset=\"https:\/\/www.mojekonferencje.pl\/blog\/wp-content\/uploads\/2022\/01\/12-1024x683.jpg 1024w, https:\/\/www.mojekonferencje.pl\/blog\/wp-content\/uploads\/2022\/01\/12-300x200.jpg 300w, https:\/\/www.mojekonferencje.pl\/blog\/wp-content\/uploads\/2022\/01\/12-768x512.jpg 768w, https:\/\/www.mojekonferencje.pl\/blog\/wp-content\/uploads\/2022\/01\/12-1536x1024.jpg 1536w, https:\/\/www.mojekonferencje.pl\/blog\/wp-content\/uploads\/2022\/01\/12-2048x1365.jpg 2048w\" sizes=\"auto\" \/><\/figure>\n\n\n\n<h2 class=\"wp-block-heading has-text-align-center\"><a href=\"https:\/\/www.mojekonferencje.pl\/wegorzewo\/hotel-ognisty-ptak\"><span class=\"has-inline-color has-vivid-purple-color\"><span style=\"text-decoration: underline;\">Hotel Ognisty Ptak<\/span><\/span><\/a><\/h2>\n\n\n\n<p><br>Tak niepozorna miejscowo\u015b\u0107, jak Ogonki nad jeziorem \u015awiecajty, skrywa \u015bwietny, <a href=\"https:\/\/www.mojekonferencje.pl\/hotel-trzygwiazdkowy\">3-gwiazdkowy hotel<\/a>. Ognisty Ptak oferuje komfortowe pokoje i apartamenty, wy\u015bmienit\u0105 restauracj\u0119 oraz wspania\u0142\u0105 Tawern\u0119 Karaka. Go\u015bcie biznesowi mog\u0105 liczy\u0107 na 3 sale biznesowe, z czego najwi\u0119ksza z nich umo\u017cliwia zaproszenie do 160 os\u00f3b w ustawieniu teatralnym. Ci, kt\u00f3rzy pragn\u0105 relaksu, mog\u0105 z kolei skorzysta\u0107 z luksusowej strefy SPA, wewn\u0119trznego basenu, jazdy konnej czy wycieczek rowerowych. Ponadto, mo\u017cliwe jest tam skorzystanie z si\u0142owni, sali zabaw dla dzieci, kajak\u00f3w oraz wydzielonych miejsc na ognisko i grilla.<\/p>\n\n\n\n<figure class=\"wp-block-image size-large\"><img loading=\"lazy\" decoding=\"async\" width=\"1024\" height=\"768\" src=\"https:\/\/www.mojekonferencje.pl\/blog\/wp-content\/uploads\/2022\/01\/13-1024x768.jpg\" alt=\"\" class=\"wp-image-2447 lazyload\" data-srcset=\"https:\/\/www.mojekonferencje.pl\/blog\/wp-content\/uploads\/2022\/01\/13-1024x768.jpg 1024w, https:\/\/www.mojekonferencje.pl\/blog\/wp-content\/uploads\/2022\/01\/13-300x225.jpg 300w, https:\/\/www.mojekonferencje.pl\/blog\/wp-content\/uploads\/2022\/01\/13-768x576.jpg 768w, https:\/\/www.mojekonferencje.pl\/blog\/wp-content\/uploads\/2022\/01\/13-1536x1152.jpg 1536w, https:\/\/www.mojekonferencje.pl\/blog\/wp-content\/uploads\/2022\/01\/13.jpg 2048w\" sizes=\"auto\" \/><\/figure>\n\n\n\n<h2 class=\"wp-block-heading has-text-align-center\"><a href=\"https:\/\/www.mojekonferencje.pl\/wiartel\/zlota-lania-wiartel-resort-spa\"><span class=\"has-inline-color has-vivid-purple-color\"><span style=\"text-decoration: underline;\">Z\u0142ota \u0141ania Wiartel Resort &amp; SPA<\/span><\/span><\/a><\/h2>\n\n\n\n<p>Je\u015bli chodzi o <strong>najlepsze hotele na Mazurach<\/strong>, to ich zestawienie zamyka Z\u0142ota \u0141ania. To wyj\u0105tkowe miejsce po\u0142o\u017cone jest z dala od miejskiego zgie\u0142ku i ha\u0142asu, zapewniaj\u0105c idealne warunki do komfortowego wypoczynku. Obiekt mie\u015bci si\u0119 nad pi\u0119knym jeziorem Wiartel w otoczeniu malowniczych las\u00f3w Puszczy Pilskiej. Tak pi\u0119kne okoliczno\u015bci przyrody sprzyjaj\u0105 r\u00f3wnie\u017c organizacji niezapomnianych spotka\u0144 biznesowych i imprez okoliczno\u015bciowych. W ofercie tego resortu znajdziesz m.in. komfortowe i niezwykle eleganckie miejsca noclegowe. Rozmieszczone zosta\u0142y one zar\u00f3wno w ekskluzywnych pokojach, jak i w klimatycznych, mazurskich domkach. Do dyspozycji go\u015bci pozostaj\u0105 r\u00f3wnie\u017c dwie wy\u015bmienite restauracje pe\u0142ne niepowtarzalnych smak\u00f3w. To restauracje: Przylasek oraz Gaja. Na terenie obiektu po\u0142o\u017cone s\u0105 dwie stylowe sale konferencyjne, kt\u00f3re s\u0105 w stanie przyj\u0105\u0107 nawet 120 go\u015bci. Doskona\u0142ym dope\u0142nieniem us\u0142ug s\u0105 z kolei m.in. domek SPA, prywatna pla\u017ca czy kr\u0119gielnia.<\/p>\n\n\n\n<figure class=\"wp-block-image size-large\"><img loading=\"lazy\" decoding=\"async\" width=\"1024\" height=\"682\" src=\"https:\/\/www.mojekonferencje.pl\/blog\/wp-content\/uploads\/2023\/03\/laniaaaa-1024x682.jpg\" alt=\"\" class=\"wp-image-3673 lazyload\" data-srcset=\"https:\/\/www.mojekonferencje.pl\/blog\/wp-content\/uploads\/2023\/03\/laniaaaa-1024x682.jpg 1024w, https:\/\/www.mojekonferencje.pl\/blog\/wp-content\/uploads\/2023\/03\/laniaaaa-300x200.jpg 300w, https:\/\/www.mojekonferencje.pl\/blog\/wp-content\/uploads\/2023\/03\/laniaaaa-768x511.jpg 768w, https:\/\/www.mojekonferencje.pl\/blog\/wp-content\/uploads\/2023\/03\/laniaaaa.jpg 1280w\" sizes=\"auto\" \/><\/figure>\n\n\n\n<h2 class=\"wp-block-heading has-text-align-center has-vivid-purple-color has-text-color has-link-color wp-elements-888434a5fe1ed24cf84ee0b2ca42b02c\"><a href=\"https:\/\/www.mojekonferencje.pl\/lubawa\/palac-mortegi\"><span style=\"text-decoration: underline;\">Pa\u0142ac Mort\u0119gi Hotel &amp; SPA<\/span><\/a><\/h2>\n\n\n\n<p>Wn\u0119trza tego wyj\u0105tkowego pa\u0142acu urzekaj\u0105 swoj\u0105 bogat\u0105 histori\u0105 i szlachetnym stylem, odzwierciedlaj\u0105c pi\u0119kno dawnych epok. R\u00f3\u017cnorodno\u015b\u0107 budynk\u00f3w, takich jak Dworek, Oficyna czy Browar, nadaje temu miejscu niepowtarzalny charakter, tworz\u0105c atmosfer\u0119, kt\u00f3ra sprawia, \u017ce ka\u017cda chwila sp\u0119dzona tutaj staje si\u0119 wyj\u0105tkowym do\u015bwiadczeniem. <strong>Pa\u0142ac Mort\u0119gi<\/strong> to nie tylko miejsce odpoczynku, ale tak\u017ce doskona\u0142a przestrze\u0144 do organizacji konferencji i szkole\u0144. Obiekt oferuje komfortowe pokoje oraz nowoczesne sale konferencyjne, co sprawia, \u017ce praca mo\u017ce by\u0107 po\u0142\u0105czona z relaksem. Dodatkowo luksusowe SPA z bogat\u0105 ofert\u0105 zabieg\u00f3w gwarantuje kompleksow\u0105 regeneracj\u0119 i odpr\u0119\u017cenie. 8 nowoczesnych sal konferencyjnych i szkoleniowych pomie\u015bci od 10 do nawet 200 os\u00f3b, zapewniaj\u0105c odpowiednie warunki do efektywnej pracy. W kompleksie Pa\u0142acu Mort\u0119gi znajduje si\u0119 \u0142\u0105cznie 50 pokoi i apartament\u00f3w.<\/p>\n\n\n\n<figure class=\"wp-block-gallery has-nested-images columns-default is-cropped wp-block-gallery-1 is-layout-flex wp-block-gallery-is-layout-flex\">\n<figure class=\"wp-block-image size-full\"><a href=\"https:\/\/www.mojekonferencje.pl\/blog\/wp-content\/uploads\/2024\/04\/3wl.jpg\"><img loading=\"lazy\" decoding=\"async\" width=\"960\" height=\"580\" data-id=\"4910\" src=\"https:\/\/www.mojekonferencje.pl\/blog\/wp-content\/uploads\/2024\/04\/3wl.jpg\" alt=\"\" class=\"wp-image-4910 lazyload\" data-srcset=\"https:\/\/www.mojekonferencje.pl\/blog\/wp-content\/uploads\/2024\/04\/3wl.jpg 960w, https:\/\/www.mojekonferencje.pl\/blog\/wp-content\/uploads\/2024\/04\/3wl-300x181.jpg 300w, https:\/\/www.mojekonferencje.pl\/blog\/wp-content\/uploads\/2024\/04\/3wl-768x464.jpg 768w\" sizes=\"auto\" \/><\/a><\/figure>\n<\/figure>\n\n\n\n<h2 class=\"wp-block-heading has-text-align-center\"><a href=\"https:\/\/www.mojekonferencje.pl\/lidzbark-warminski\/hotel-krasicki\"><mark style=\"background-color:rgba(0, 0, 0, 0)\" class=\"has-inline-color has-vivid-purple-color\"><span style=\"text-decoration: underline;\">Hotel Krasicki<\/span><\/mark><\/a><\/h2>\n\n\n\n<p>Mie\u015bci si\u0119 na Przedzamczu Zamku Biskup\u00f3w Warmi\u0144skich w Lidzbarku Warmi\u0144skim &#8211; mowa oczywi\u015bcie o <strong>Hotelu Krasickim<\/strong>. To elegancki hotel \u0142\u0105cz\u0105cy histori\u0119 z nowoczesno\u015bci\u0105. Oferuje <strong>122 stylowe pokoje<\/strong> w gotyckiej i barokowej cz\u0119\u015bci.<\/p>\n\n\n\n<p>Obiekt dysponuje<strong> 7 salami konferencyjnymi<\/strong> z nowoczesnym wyposa\u017ceniem. Na terenie hotelu znajduje si\u0119 7 nowoczesnych sal konferencyjnych, idealnych na szkolenia, spotkania biznesowe i eventy. Dodatkow\u0105 przestrzeni\u0105 eventow\u0105 jest <strong>zabytkowy dziedziniec<\/strong> oraz <strong>kameralna Biblioteka<\/strong>, idealna na mniejsze spotkania.<\/p>\n\n\n\n<p>Na go\u015bci czeka <strong>strefa Wellness <\/strong>z basenem, saunami i jacuzzi, a tak\u017ce profesjonalne SPA. <strong>Restauracja Alegoria<\/strong> mie\u015bci si\u0119 w gotyckich podziemiach. Serwuje wykwintne dania w klimatycznym wn\u0119trzu.<\/p>\n\n\n\n<p>Dodatkowe atrakcje to rejsy gondolami po \u0141ynie, wypo\u017cyczalnia rower\u00f3w i kajak\u00f3w oraz obserwatorium astronomiczne. Hotel Krasicki to idealne miejsce na konferencje, relaks i spotkania w wyj\u0105tkowym otoczeniu.<\/p>\n\n\n\n<figure class=\"wp-block-gallery has-nested-images columns-default is-cropped wp-block-gallery-2 is-layout-flex wp-block-gallery-is-layout-flex\">\n<figure class=\"wp-block-image size-full\"><a href=\"https:\/\/www.mojekonferencje.pl\/blog\/wp-content\/uploads\/2022\/01\/187305393-960x580-1.webp\"><img loading=\"lazy\" decoding=\"async\" width=\"960\" height=\"580\" data-id=\"6914\" src=\"https:\/\/www.mojekonferencje.pl\/blog\/wp-content\/uploads\/2022\/01\/187305393-960x580-1.webp\" alt=\"\" class=\"wp-image-6914 lazyload\" data-srcset=\"https:\/\/www.mojekonferencje.pl\/blog\/wp-content\/uploads\/2022\/01\/187305393-960x580-1.webp 960w, https:\/\/www.mojekonferencje.pl\/blog\/wp-content\/uploads\/2022\/01\/187305393-960x580-1-300x181.webp 300w, https:\/\/www.mojekonferencje.pl\/blog\/wp-content\/uploads\/2022\/01\/187305393-960x580-1-768x464.webp 768w\" sizes=\"auto\" \/><\/a><\/figure>\n<\/figure>\n","protected":false},"excerpt":{"rendered":"<p>Na Mazury warto jecha\u0107 o ka\u017cdej porze roku! D\u0142ugie spacery na \u015bwie\u017cym powietrzu, ogniska na zewn\u0119trz czy zachwycaj\u0105ce jeziora to jednak dopiero namiastka wspania\u0142o\u015bci, kt\u00f3re czekaj\u0105 w tym regionie. Wybieraj\u0105c si\u0119 tam, warto sprawdzi\u0107 najlepsze hotele na Mazurach z basenem, kt\u00f3re gwarantuj\u0105 skuteczne warunki do relaksu.<\/p>\n","protected":false},"author":9,"featured_media":2434,"comment_status":"closed","ping_status":"closed","sticky":false,"template":"","format":"standard","meta":{"_acf_changed":false,"footnotes":""},"categories":[12,11,212,175],"tags":[271,14,13,19],"class_list":["post-2433","post","type-post","status-publish","format-standard","has-post-thumbnail","hentry","category-nietypowe-konferencje","category-konferencyjny-relaks","category-travel","category-wybieranie-miejsca-konferencyjnego","tag-hotele-konferencyjne","tag-sale-biznesowe","tag-sale-konferencjne","tag-sale-szkoleniowe"],"acf":[],"yoast_head":"<!-- This site is optimized with the Yoast SEO plugin v27.1.1 - https:\/\/yoast.com\/product\/yoast-seo-wordpress\/ -->\n<title>Najlepsze hotele na Mazurach - blog | MojeKonferencje.pl<\/title>\n<meta name=\"description\" content=\"Najlepsze hotele na Mazurach - blog | MojeKonferencje.pl\" \/>\n<meta name=\"robots\" content=\"index, follow, max-snippet:-1, max-image-preview:large, max-video-preview:-1\" \/>\n<link rel=\"canonical\" href=\"https:\/\/www.mojekonferencje.pl\/blog\/najlepsze-hotel-na-mazurach\/\" \/>\n<meta property=\"og:locale\" content=\"pl_PL\" \/>\n<meta property=\"og:type\" content=\"article\" \/>\n<meta property=\"og:title\" content=\"Najlepsze hotele na Mazurach - blog | MojeKonferencje.pl\" \/>\n<meta property=\"og:description\" content=\"Najlepsze hotele na Mazurach - blog | MojeKonferencje.pl\" \/>\n<meta property=\"og:url\" content=\"https:\/\/www.mojekonferencje.pl\/blog\/najlepsze-hotel-na-mazurach\/\" \/>\n<meta property=\"og:site_name\" content=\"MojeKonferencje.pl\" \/>\n<meta property=\"article:published_time\" content=\"2022-01-22T16:07:25+00:00\" \/>\n<meta property=\"article:modified_time\" content=\"2025-05-08T05:52:38+00:00\" \/>\n<meta property=\"og:image\" content=\"https:\/\/www.mojekonferencje.pl\/blog\/wp-content\/uploads\/2022\/01\/Mazury-4-scaled.jpg\" \/>\n\t<meta property=\"og:image:width\" content=\"2560\" \/>\n\t<meta property=\"og:image:height\" content=\"1922\" \/>\n\t<meta property=\"og:image:type\" content=\"image\/jpeg\" \/>\n<meta name=\"author\" content=\"Olga Stawicka-Iwanowska\" \/>\n<meta name=\"twitter:card\" content=\"summary_large_image\" \/>\n<meta name=\"twitter:label1\" content=\"Napisane przez\" \/>\n\t<meta name=\"twitter:data1\" content=\"Olga Stawicka-Iwanowska\" \/>\n\t<meta name=\"twitter:label2\" content=\"Szacowany czas czytania\" \/>\n\t<meta name=\"twitter:data2\" content=\"17 minut\" \/>\n<script type=\"application\/ld+json\" class=\"yoast-schema-graph\">{\"@context\":\"https:\/\/schema.org\",\"@graph\":[{\"@type\":\"Article\",\"@id\":\"https:\/\/www.mojekonferencje.pl\/blog\/najlepsze-hotel-na-mazurach\/#article\",\"isPartOf\":{\"@id\":\"https:\/\/www.mojekonferencje.pl\/blog\/najlepsze-hotel-na-mazurach\/\"},\"author\":{\"name\":\"Olga Stawicka-Iwanowska\",\"@id\":\"https:\/\/www.mojekonferencje.pl\/blog\/#\/schema\/person\/d6751ca3c60de9ec17ee21b744bbb2d4\"},\"headline\":\"Najlepsze hotele na Mazurach\",\"datePublished\":\"2022-01-22T16:07:25+00:00\",\"dateModified\":\"2025-05-08T05:52:38+00:00\",\"mainEntityOfPage\":{\"@id\":\"https:\/\/www.mojekonferencje.pl\/blog\/najlepsze-hotel-na-mazurach\/\"},\"wordCount\":2513,\"image\":{\"@id\":\"https:\/\/www.mojekonferencje.pl\/blog\/najlepsze-hotel-na-mazurach\/#primaryimage\"},\"thumbnailUrl\":\"https:\/\/www.mojekonferencje.pl\/blog\/wp-content\/uploads\/2022\/01\/Mazury-4-scaled.jpg\",\"keywords\":[\"hotele konferencyjne\",\"sale biznesowe\",\"sale konferencjne\",\"sale szkoleniowe\"],\"articleSection\":[\"(Nie)typowe konferencje\",\"Konferencyjny relaks\",\"Travel\",\"Wybieranie miejsca konferencyjnego\"],\"inLanguage\":\"pl-PL\"},{\"@type\":\"WebPage\",\"@id\":\"https:\/\/www.mojekonferencje.pl\/blog\/najlepsze-hotel-na-mazurach\/\",\"url\":\"https:\/\/www.mojekonferencje.pl\/blog\/najlepsze-hotel-na-mazurach\/\",\"name\":\"Najlepsze hotele na Mazurach - blog | MojeKonferencje.pl\",\"isPartOf\":{\"@id\":\"https:\/\/www.mojekonferencje.pl\/blog\/#website\"},\"primaryImageOfPage\":{\"@id\":\"https:\/\/www.mojekonferencje.pl\/blog\/najlepsze-hotel-na-mazurach\/#primaryimage\"},\"image\":{\"@id\":\"https:\/\/www.mojekonferencje.pl\/blog\/najlepsze-hotel-na-mazurach\/#primaryimage\"},\"thumbnailUrl\":\"https:\/\/www.mojekonferencje.pl\/blog\/wp-content\/uploads\/2022\/01\/Mazury-4-scaled.jpg\",\"datePublished\":\"2022-01-22T16:07:25+00:00\",\"dateModified\":\"2025-05-08T05:52:38+00:00\",\"author\":{\"@id\":\"https:\/\/www.mojekonferencje.pl\/blog\/#\/schema\/person\/d6751ca3c60de9ec17ee21b744bbb2d4\"},\"description\":\"Najlepsze hotele na Mazurach - blog | MojeKonferencje.pl\",\"breadcrumb\":{\"@id\":\"https:\/\/www.mojekonferencje.pl\/blog\/najlepsze-hotel-na-mazurach\/#breadcrumb\"},\"inLanguage\":\"pl-PL\",\"potentialAction\":[{\"@type\":\"ReadAction\",\"target\":[\"https:\/\/www.mojekonferencje.pl\/blog\/najlepsze-hotel-na-mazurach\/\"]}]},{\"@type\":\"ImageObject\",\"inLanguage\":\"pl-PL\",\"@id\":\"https:\/\/www.mojekonferencje.pl\/blog\/najlepsze-hotel-na-mazurach\/#primaryimage\",\"url\":\"https:\/\/www.mojekonferencje.pl\/blog\/wp-content\/uploads\/2022\/01\/Mazury-4-scaled.jpg\",\"contentUrl\":\"https:\/\/www.mojekonferencje.pl\/blog\/wp-content\/uploads\/2022\/01\/Mazury-4-scaled.jpg\",\"width\":2560,\"height\":1922},{\"@type\":\"BreadcrumbList\",\"@id\":\"https:\/\/www.mojekonferencje.pl\/blog\/najlepsze-hotel-na-mazurach\/#breadcrumb\",\"itemListElement\":[{\"@type\":\"ListItem\",\"position\":1,\"name\":\"Strona g\u0142\u00f3wna\",\"item\":\"https:\/\/www.mojekonferencje.pl\/blog\/\"},{\"@type\":\"ListItem\",\"position\":2,\"name\":\"Najlepsze hotele na Mazurach\"}]},{\"@type\":\"WebSite\",\"@id\":\"https:\/\/www.mojekonferencje.pl\/blog\/#website\",\"url\":\"https:\/\/www.mojekonferencje.pl\/blog\/\",\"name\":\"MojeKonferencje.pl\",\"description\":\"Blog bran\u017cy szkoleniowo-konferencyjnej. W\u0142\u0105cz si\u0119 do dyskusji o obiektach konferencyjnych i nowo\u015bciach z bran\u017cy! Poznaj porady odno\u015bnie organizacji konferencji, szkole\u0144 i event\u00f3w firmowych! Zach\u0119camy do wyra\u017cania opinii oraz komentarzy.\",\"potentialAction\":[{\"@type\":\"SearchAction\",\"target\":{\"@type\":\"EntryPoint\",\"urlTemplate\":\"https:\/\/www.mojekonferencje.pl\/blog\/?s={search_term_string}\"},\"query-input\":{\"@type\":\"PropertyValueSpecification\",\"valueRequired\":true,\"valueName\":\"search_term_string\"}}],\"inLanguage\":\"pl-PL\"},{\"@type\":\"Person\",\"@id\":\"https:\/\/www.mojekonferencje.pl\/blog\/#\/schema\/person\/d6751ca3c60de9ec17ee21b744bbb2d4\",\"name\":\"Olga Stawicka-Iwanowska\",\"description\":\"Head of Marketing z ponad sze\u015bcioletnim do\u015bwiadczeniem w bran\u017cy MICE. Na co dzie\u0144 zajmuje si\u0119 content marketingiem i promocj\u0105 obiekt\u00f3w eventowych, tak aby organizatorzy kongres\u00f3w, targ\u00f3w i konferencji wiedzieli, \u017ce w\u0142a\u015bnie tam warto zrealizowa\u0107 swoje wydarzenie. Prowadzi media spo\u0142eczno\u015bciowe, tworzy strategie komunikacji, pisze artyku\u0142y i dba o sp\u00f3jny wizerunek marki w ka\u017cdym kanale. W swojej pracy \u0142\u0105czy analityczne my\u015blenie z kreatywno\u015bci\u0105 i dobrym copy. Wsp\u00f3\u0142pracuje zar\u00f3wno z organizatorami najwi\u0119kszych wydarze\u0144 w Polsce, jak i z regionalnymi partnerami z bran\u017cy. Po godzinach mi\u0142o\u015bniczka podr\u00f3\u017cy po Europie, dobrej kuchni i klimatycznych miejsc, w kt\u00f3rych mo\u017cna z\u0142apa\u0107 oddech.\",\"sameAs\":[\"http:\/\/MojeKonferencje.pl\",\"https:\/\/www.linkedin.com\/in\/olgastawicka\/\"],\"url\":\"https:\/\/www.mojekonferencje.pl\/blog\/author\/osawicka\/\"}]}<\/script>\n<!-- \/ Yoast SEO plugin. -->","yoast_head_json":{"title":"Najlepsze hotele na Mazurach - blog | MojeKonferencje.pl","description":"Najlepsze hotele na Mazurach - blog | MojeKonferencje.pl","robots":{"index":"index","follow":"follow","max-snippet":"max-snippet:-1","max-image-preview":"max-image-preview:large","max-video-preview":"max-video-preview:-1"},"canonical":"https:\/\/www.mojekonferencje.pl\/blog\/najlepsze-hotel-na-mazurach\/","og_locale":"pl_PL","og_type":"article","og_title":"Najlepsze hotele na Mazurach - blog | MojeKonferencje.pl","og_description":"Najlepsze hotele na Mazurach - blog | MojeKonferencje.pl","og_url":"https:\/\/www.mojekonferencje.pl\/blog\/najlepsze-hotel-na-mazurach\/","og_site_name":"MojeKonferencje.pl","article_published_time":"2022-01-22T16:07:25+00:00","article_modified_time":"2025-05-08T05:52:38+00:00","og_image":[{"width":2560,"height":1922,"url":"https:\/\/www.mojekonferencje.pl\/blog\/wp-content\/uploads\/2022\/01\/Mazury-4-scaled.jpg","type":"image\/jpeg"}],"author":"Olga Stawicka-Iwanowska","twitter_card":"summary_large_image","twitter_misc":{"Napisane przez":"Olga Stawicka-Iwanowska","Szacowany czas czytania":"17 minut"},"schema":{"@context":"https:\/\/schema.org","@graph":[{"@type":"Article","@id":"https:\/\/www.mojekonferencje.pl\/blog\/najlepsze-hotel-na-mazurach\/#article","isPartOf":{"@id":"https:\/\/www.mojekonferencje.pl\/blog\/najlepsze-hotel-na-mazurach\/"},"author":{"name":"Olga Stawicka-Iwanowska","@id":"https:\/\/www.mojekonferencje.pl\/blog\/#\/schema\/person\/d6751ca3c60de9ec17ee21b744bbb2d4"},"headline":"Najlepsze hotele na Mazurach","datePublished":"2022-01-22T16:07:25+00:00","dateModified":"2025-05-08T05:52:38+00:00","mainEntityOfPage":{"@id":"https:\/\/www.mojekonferencje.pl\/blog\/najlepsze-hotel-na-mazurach\/"},"wordCount":2513,"image":{"@id":"https:\/\/www.mojekonferencje.pl\/blog\/najlepsze-hotel-na-mazurach\/#primaryimage"},"thumbnailUrl":"https:\/\/www.mojekonferencje.pl\/blog\/wp-content\/uploads\/2022\/01\/Mazury-4-scaled.jpg","keywords":["hotele konferencyjne","sale biznesowe","sale konferencjne","sale szkoleniowe"],"articleSection":["(Nie)typowe konferencje","Konferencyjny relaks","Travel","Wybieranie miejsca konferencyjnego"],"inLanguage":"pl-PL"},{"@type":"WebPage","@id":"https:\/\/www.mojekonferencje.pl\/blog\/najlepsze-hotel-na-mazurach\/","url":"https:\/\/www.mojekonferencje.pl\/blog\/najlepsze-hotel-na-mazurach\/","name":"Najlepsze hotele na Mazurach - blog | MojeKonferencje.pl","isPartOf":{"@id":"https:\/\/www.mojekonferencje.pl\/blog\/#website"},"primaryImageOfPage":{"@id":"https:\/\/www.mojekonferencje.pl\/blog\/najlepsze-hotel-na-mazurach\/#primaryimage"},"image":{"@id":"https:\/\/www.mojekonferencje.pl\/blog\/najlepsze-hotel-na-mazurach\/#primaryimage"},"thumbnailUrl":"https:\/\/www.mojekonferencje.pl\/blog\/wp-content\/uploads\/2022\/01\/Mazury-4-scaled.jpg","datePublished":"2022-01-22T16:07:25+00:00","dateModified":"2025-05-08T05:52:38+00:00","author":{"@id":"https:\/\/www.mojekonferencje.pl\/blog\/#\/schema\/person\/d6751ca3c60de9ec17ee21b744bbb2d4"},"description":"Najlepsze hotele na Mazurach - blog | MojeKonferencje.pl","breadcrumb":{"@id":"https:\/\/www.mojekonferencje.pl\/blog\/najlepsze-hotel-na-mazurach\/#breadcrumb"},"inLanguage":"pl-PL","potentialAction":[{"@type":"ReadAction","target":["https:\/\/www.mojekonferencje.pl\/blog\/najlepsze-hotel-na-mazurach\/"]}]},{"@type":"ImageObject","inLanguage":"pl-PL","@id":"https:\/\/www.mojekonferencje.pl\/blog\/najlepsze-hotel-na-mazurach\/#primaryimage","url":"https:\/\/www.mojekonferencje.pl\/blog\/wp-content\/uploads\/2022\/01\/Mazury-4-scaled.jpg","contentUrl":"https:\/\/www.mojekonferencje.pl\/blog\/wp-content\/uploads\/2022\/01\/Mazury-4-scaled.jpg","width":2560,"height":1922},{"@type":"BreadcrumbList","@id":"https:\/\/www.mojekonferencje.pl\/blog\/najlepsze-hotel-na-mazurach\/#breadcrumb","itemListElement":[{"@type":"ListItem","position":1,"name":"Strona g\u0142\u00f3wna","item":"https:\/\/www.mojekonferencje.pl\/blog\/"},{"@type":"ListItem","position":2,"name":"Najlepsze hotele na Mazurach"}]},{"@type":"WebSite","@id":"https:\/\/www.mojekonferencje.pl\/blog\/#website","url":"https:\/\/www.mojekonferencje.pl\/blog\/","name":"MojeKonferencje.pl","description":"Blog bran\u017cy szkoleniowo-konferencyjnej. W\u0142\u0105cz si\u0119 do dyskusji o obiektach konferencyjnych i nowo\u015bciach z bran\u017cy! Poznaj porady odno\u015bnie organizacji konferencji, szkole\u0144 i event\u00f3w firmowych! Zach\u0119camy do wyra\u017cania opinii oraz komentarzy.","potentialAction":[{"@type":"SearchAction","target":{"@type":"EntryPoint","urlTemplate":"https:\/\/www.mojekonferencje.pl\/blog\/?s={search_term_string}"},"query-input":{"@type":"PropertyValueSpecification","valueRequired":true,"valueName":"search_term_string"}}],"inLanguage":"pl-PL"},{"@type":"Person","@id":"https:\/\/www.mojekonferencje.pl\/blog\/#\/schema\/person\/d6751ca3c60de9ec17ee21b744bbb2d4","name":"Olga Stawicka-Iwanowska","description":"Head of Marketing z ponad sze\u015bcioletnim do\u015bwiadczeniem w bran\u017cy MICE. Na co dzie\u0144 zajmuje si\u0119 content marketingiem i promocj\u0105 obiekt\u00f3w eventowych, tak aby organizatorzy kongres\u00f3w, targ\u00f3w i konferencji wiedzieli, \u017ce w\u0142a\u015bnie tam warto zrealizowa\u0107 swoje wydarzenie. Prowadzi media spo\u0142eczno\u015bciowe, tworzy strategie komunikacji, pisze artyku\u0142y i dba o sp\u00f3jny wizerunek marki w ka\u017cdym kanale. W swojej pracy \u0142\u0105czy analityczne my\u015blenie z kreatywno\u015bci\u0105 i dobrym copy. Wsp\u00f3\u0142pracuje zar\u00f3wno z organizatorami najwi\u0119kszych wydarze\u0144 w Polsce, jak i z regionalnymi partnerami z bran\u017cy. Po godzinach mi\u0142o\u015bniczka podr\u00f3\u017cy po Europie, dobrej kuchni i klimatycznych miejsc, w kt\u00f3rych mo\u017cna z\u0142apa\u0107 oddech.","sameAs":["http:\/\/MojeKonferencje.pl","https:\/\/www.linkedin.com\/in\/olgastawicka\/"],"url":"https:\/\/www.mojekonferencje.pl\/blog\/author\/osawicka\/"}]}},"_links":{"self":[{"href":"https:\/\/www.mojekonferencje.pl\/blog\/wp-json\/wp\/v2\/posts\/2433","targetHints":{"allow":["GET"]}}],"collection":[{"href":"https:\/\/www.mojekonferencje.pl\/blog\/wp-json\/wp\/v2\/posts"}],"about":[{"href":"https:\/\/www.mojekonferencje.pl\/blog\/wp-json\/wp\/v2\/types\/post"}],"author":[{"embeddable":true,"href":"https:\/\/www.mojekonferencje.pl\/blog\/wp-json\/wp\/v2\/users\/9"}],"replies":[{"embeddable":true,"href":"https:\/\/www.mojekonferencje.pl\/blog\/wp-json\/wp\/v2\/comments?post=2433"}],"version-history":[{"count":9,"href":"https:\/\/www.mojekonferencje.pl\/blog\/wp-json\/wp\/v2\/posts\/2433\/revisions"}],"predecessor-version":[{"id":6915,"href":"https:\/\/www.mojekonferencje.pl\/blog\/wp-json\/wp\/v2\/posts\/2433\/revisions\/6915"}],"wp:featuredmedia":[{"embeddable":true,"href":"https:\/\/www.mojekonferencje.pl\/blog\/wp-json\/wp\/v2\/media\/2434"}],"wp:attachment":[{"href":"https:\/\/www.mojekonferencje.pl\/blog\/wp-json\/wp\/v2\/media?parent=2433"}],"wp:term":[{"taxonomy":"category","embeddable":true,"href":"https:\/\/www.mojekonferencje.pl\/blog\/wp-json\/wp\/v2\/categories?post=2433"},{"taxonomy":"post_tag","embeddable":true,"href":"https:\/\/www.mojekonferencje.pl\/blog\/wp-json\/wp\/v2\/tags?post=2433"}],"curies":[{"name":"wp","href":"https:\/\/api.w.org\/{rel}","templated":true}]}}