{"id":2452,"date":"2022-01-25T22:59:53","date_gmt":"2022-01-25T20:59:53","guid":{"rendered":"https:\/\/www.mojekonferencje.pl\/blog\/?p=2452"},"modified":"2024-05-07T11:51:11","modified_gmt":"2024-05-07T09:51:11","slug":"najwieksze-centrum-kongresowe-w-polsce-mck-w-katowicach","status":"publish","type":"post","link":"https:\/\/www.mojekonferencje.pl\/blog\/najwieksze-centrum-kongresowe-w-polsce-mck-w-katowicach\/","title":{"rendered":"Najwi\u0119ksze centrum kongresowe w Polsce &#8211; MCK w Katowicach"},"content":{"rendered":"\n<p>Przy Placu S\u0142awika i Antalla 1 mie\u015bci si\u0119 <strong>Mi\u0119dzynarodowe Centrum Kongresowe w Katowicach<\/strong>. Jest to nowoczesny obiekt, kt\u00f3ry zosta\u0142 otwarty w 2015 roku. To absolutnie wyj\u0105tkowe miejsce na biznesowej mapie kraju, kt\u00f3re zachwyca swoim designem, wielko\u015bci\u0105 oraz wysok\u0105 jako\u015bci\u0105 \u015bwiadczonych us\u0142ug. Pe\u0142ni ono funkcj\u0119 wystawiennicz\u0105, konferencyjn\u0105 i widowiskow\u0105, pozwalaj\u0105c tym samym na organizacj\u0119 szeregu spotka\u0144 biznesowych i imprez okoliczno\u015bciowych. Przy <strong>MCK Katowice <\/strong>nie spos\u00f3b przej\u015b\u0107 oboj\u0119tnie &#8211; jego rozleg\u0142y, zielony dach jest ju\u017c powszechnie znany i naprawd\u0119 robi wra\u017cenie!<\/p>\n\n\n\n<figure class=\"wp-block-image size-large\"><img loading=\"lazy\" decoding=\"async\" width=\"939\" height=\"626\" src=\"https:\/\/www.mojekonferencje.pl\/blog\/wp-content\/uploads\/2022\/01\/uno4.jpg\" alt=\"\" class=\"wp-image-2454 lazyload\" data-srcset=\"https:\/\/www.mojekonferencje.pl\/blog\/wp-content\/uploads\/2022\/01\/uno4.jpg 939w, https:\/\/www.mojekonferencje.pl\/blog\/wp-content\/uploads\/2022\/01\/uno4-300x200.jpg 300w, https:\/\/www.mojekonferencje.pl\/blog\/wp-content\/uploads\/2022\/01\/uno4-768x512.jpg 768w\" sizes=\"auto\" \/><figcaption>Fot. http:\/\/www.mckkatowice.pl\/<\/figcaption><\/figure>\n\n\n\n<h2 class=\"has-text-align-center wp-block-heading\"><strong>Najwi\u0119ksze centrum kongresowe w Polsce<\/strong><\/h2>\n\n\n\n<p><br><strong>Katowice Centrum Kongresowe<\/strong> stanowi najwi\u0119ksze centrum kongresowe w ca\u0142ym kraju. Obiekt ten \u0142\u0105cznie pozwala na zaproszenie nawet 15 000 go\u015bci! Wraz ze znajduj\u0105cym si\u0119 obok Spodkiem zyska\u0142 miano najwi\u0119kszej areny widowiskowo-sportowej w Polsce. W ofercie tego obiektu znajduje si\u0119 m.in. wielofunkcyjna hala, kt\u00f3ra jest w stanie pomie\u015bci\u0107 nawet 12 000 go\u015bci. Organizatorzy event\u00f3w mog\u0105 liczy\u0107 r\u00f3wnie\u017c na 35 sal konferencyjnych o zr\u00f3\u017cnicowanej wielko\u015bci, na sala audytoryjn\u0105 na 600 os\u00f3b, wielofunkcyjn\u0105 sala, kt\u00f3ra liczy ponad 8100 m2 oraz przestronna sala balowa, kt\u00f3r\u0105 mo\u017cna dzieli\u0107 na trzy mniejsze pomieszczenia dzi\u0119ki systemowi mobilnych \u015bcian. <\/p>\n\n\n\n<p>I cho\u0107 <strong>MCK Katowice<\/strong> funkcjonuje na rynku dopiero sz\u00f3sty rok, to w tym czasie odby\u0142o si\u0119 tam ju\u017c blisko 500 r\u00f3\u017cnorodnych event\u00f3w. W\u015br\u00f3d nich mo\u017cna wymieni\u0107 wszelkie wydarzenia kulturalne, spektakle, koncerty, du\u017ce imprezy targowe, a tak\u017ce konferencje i kongresy. Tak \u015bwietne wyniki wcale nas nie dziwi\u0105, poniewa\u017c uwa\u017camy, \u017ce jest to miejsce zdecydowanie warte uwagi &#8211; zar\u00f3wno dla organizator\u00f3w r\u00f3\u017cnorodnych wydarze\u0144, jak i ich odbiorc\u00f3w.<\/p>\n\n\n\n<figure class=\"wp-block-image size-large\"><img loading=\"lazy\" decoding=\"async\" width=\"940\" height=\"626\" src=\"https:\/\/www.mojekonferencje.pl\/blog\/wp-content\/uploads\/2022\/01\/uno2.jpg\" alt=\"\" class=\"wp-image-2455 lazyload\" data-srcset=\"https:\/\/www.mojekonferencje.pl\/blog\/wp-content\/uploads\/2022\/01\/uno2.jpg 940w, https:\/\/www.mojekonferencje.pl\/blog\/wp-content\/uploads\/2022\/01\/uno2-300x200.jpg 300w, https:\/\/www.mojekonferencje.pl\/blog\/wp-content\/uploads\/2022\/01\/uno2-768x511.jpg 768w\" sizes=\"auto\" \/><figcaption>Fot. http:\/\/www.mckkatowice.pl\/<\/figcaption><\/figure>\n\n\n\n<h2 class=\"has-text-align-center wp-block-heading\"><strong>Nowoczesne miejsce na konferencj\u0119 w Katowicach<\/strong><\/h2>\n\n\n\n<p><br>Jak ju\u017c wspomnieli\u015bmy, <strong>Mi\u0119dzynarodowe Centrum Kongresowe w Katowicach<\/strong> ma w swojej ofercie nowoczesny, wielofunkcyjny zesp\u00f3\u0142 sal konferencyjnych. Sk\u0142ada si\u0119 on z mniejszych oraz \u015brednich pomieszcze\u0144, kt\u00f3re po\u0142o\u017cone zosta\u0142y na poziomie +2. Ka\u017cda <strong>sala konferencyjna<\/strong> w obiekcie jest nowoczesna i jasna. Zosta\u0142y one w pe\u0142ni przystosowane do organizacji nawet najbardziej wymagaj\u0105cych spotka\u0144 &#8211; w tym konferencji, szkole\u0144 czy sympozj\u00f3w. Pomieszczenia r\u00f3\u017cne s\u0105 pod wzgl\u0119dem wielko\u015bci, a niekt\u00f3re z nich mo\u017cna \u0142\u0105czy\u0107. <\/p>\n\n\n\n<p>A je\u015bli nie<strong> sala konferencyjna<\/strong>, to <strong>MCK Katowice<\/strong> do dyspozycji go\u015bci oddaje jeszcze wiele innych pomieszcze\u0144, o czym wspomnieli\u015bmy ju\u017c powy\u017cej. Na go\u015bci biznesowych czeka bowiem niejedna <strong>sala balowa<\/strong>. Dok\u0142adnie jest ich trzy, ale r\u00f3wnie\u017c mo\u017cna je ze sob\u0105 \u0142\u0105czy\u0107. W rezultacie, najwi\u0119ksza <strong>sala balowa<\/strong>, kt\u00f3ra powstaje w wyniku po\u0142\u0105czenia sali A, B i C, ma a\u017c 1188 m2. <\/p>\n\n\n\n<p>R\u00f3wnie atrakcyjna jest <strong>sala wielofunkcyjna<\/strong>, kt\u00f3r\u0105 nazywa si\u0119 te\u017c <strong>sal\u0105 kongresow\u0105<\/strong>. Pomieszczenie to ma a\u017c 8174 m2 i pozwala na zaproszenie do 10 000 os\u00f3b. Je\u015bli jednak interesuje Ci\u0119 mniejsza <strong>sala kongresowa<\/strong>, to musisz wiedzie\u0107, \u017ce mo\u017cna j\u0105 stworzy\u0107 w wyniku podzielenia ca\u0142ej powierzchni na trzy niezale\u017cne modu\u0142y.<\/p>\n\n\n\n<figure class=\"wp-block-image size-large\"><img loading=\"lazy\" decoding=\"async\" width=\"940\" height=\"626\" src=\"https:\/\/www.mojekonferencje.pl\/blog\/wp-content\/uploads\/2022\/01\/uno.jpg\" alt=\"\" class=\"wp-image-2456 lazyload\" data-srcset=\"https:\/\/www.mojekonferencje.pl\/blog\/wp-content\/uploads\/2022\/01\/uno.jpg 940w, https:\/\/www.mojekonferencje.pl\/blog\/wp-content\/uploads\/2022\/01\/uno-300x200.jpg 300w, https:\/\/www.mojekonferencje.pl\/blog\/wp-content\/uploads\/2022\/01\/uno-768x511.jpg 768w\" sizes=\"auto\" \/><figcaption>Fot. http:\/\/www.mckkatowice.pl\/<\/figcaption><\/figure>\n\n\n\n<h2 class=\"has-text-align-center wp-block-heading\"><strong>MCK Katowice zdobywc\u0105 wielu nagr\u00f3d<\/strong><\/h2>\n\n\n\n<p><br>O tym, \u017ce <strong>MCK Katowice <\/strong>jest absolutnie wyj\u0105tkowy, chyba nikogo nie trzeba przekonywa\u0107. Gdyby kto\u015b jednak potrzebowa\u0142 potwierdzenia, to warto przytoczy\u0107 cho\u0107 kilka z wielu nagr\u00f3d, kt\u00f3re \u00f3w obiekt zdoby\u0142. Przede wszystkim <strong>Mi\u0119dzynarodowe Centrum Kongresowe<\/strong> zosta\u0142o nagrodzone jako najlepszy obiekt kongresowy w Polsce w konkursie &#8222;Meeting Planner Power Awards 2015&#8221;. Po drugie, MCK zdoby\u0142o r\u00f3wnie\u017c tytu\u0142 Bry\u0142y Roku 2015. Po trzecie, obiekt jest zwyci\u0119zc\u0105 Nagrody Architektonicznej Polityki 2015 oraz Top Inwestycje Komunalne 2016. To oczywi\u015bcie nie wszystkie dotychczas zdobyte wyr\u00f3\u017cnienia. Dodatkowo, jeste\u015bmy przekonani, i\u017c obiekt ten otrzyma ich jeszcze wiele, za co oczywi\u015bcie trzymamy kciuki!<\/p>\n\n\n\n<figure class=\"wp-block-image size-large\"><img loading=\"lazy\" decoding=\"async\" width=\"939\" height=\"627\" src=\"https:\/\/www.mojekonferencje.pl\/blog\/wp-content\/uploads\/2022\/01\/uno3.jpg\" alt=\"\" class=\"wp-image-2457 lazyload\" data-srcset=\"https:\/\/www.mojekonferencje.pl\/blog\/wp-content\/uploads\/2022\/01\/uno3.jpg 939w, https:\/\/www.mojekonferencje.pl\/blog\/wp-content\/uploads\/2022\/01\/uno3-300x200.jpg 300w, https:\/\/www.mojekonferencje.pl\/blog\/wp-content\/uploads\/2022\/01\/uno3-768x513.jpg 768w\" sizes=\"auto\" \/><figcaption>Fot. http:\/\/www.mckkatowice.pl\/<\/figcaption><\/figure>\n","protected":false},"excerpt":{"rendered":"<p>Najwi\u0119ksze centrum kongresowe w kraju wyr\u00f3\u017cnia si\u0119 nie tylko swoj\u0105 powierzchni\u0105, ale i ofert\u0105 us\u0142ug oraz ca\u0142\u0105 bry\u0142\u0105. A dodatkowo zosta\u0142o wyr\u00f3\u017cnione w niejednym konkursie &#8211; dowiedz si\u0119 wi\u0119cej na ten temat!<\/p>\n","protected":false},"author":9,"featured_media":2453,"comment_status":"closed","ping_status":"closed","sticky":false,"template":"","format":"standard","meta":{"_acf_changed":false,"footnotes":""},"categories":[175],"tags":[14,13,19],"class_list":["post-2452","post","type-post","status-publish","format-standard","has-post-thumbnail","hentry","category-wybieranie-miejsca-konferencyjnego","tag-sale-biznesowe","tag-sale-konferencjne","tag-sale-szkoleniowe"],"acf":[],"yoast_head":"<!-- This site is optimized with the Yoast SEO plugin v27.1.1 - https:\/\/yoast.com\/product\/yoast-seo-wordpress\/ -->\n<title>Najwi\u0119ksze centrum kongresowe w Polsce - MCK w Katowicach - blog | MojeKonferencje.pl<\/title>\n<meta name=\"description\" content=\"Najwi\u0119ksze centrum kongresowe w Polsce - MCK w Katowicach - blog | MojeKonferencje.pl\" \/>\n<meta name=\"robots\" content=\"index, follow, max-snippet:-1, max-image-preview:large, max-video-preview:-1\" \/>\n<link rel=\"canonical\" href=\"https:\/\/www.mojekonferencje.pl\/blog\/najwieksze-centrum-kongresowe-w-polsce-mck-w-katowicach\/\" \/>\n<meta property=\"og:locale\" content=\"pl_PL\" \/>\n<meta property=\"og:type\" content=\"article\" \/>\n<meta property=\"og:title\" content=\"Najwi\u0119ksze centrum kongresowe w Polsce - MCK w Katowicach - blog | MojeKonferencje.pl\" \/>\n<meta property=\"og:description\" content=\"Najwi\u0119ksze centrum kongresowe w Polsce - MCK w Katowicach - blog | MojeKonferencje.pl\" \/>\n<meta property=\"og:url\" content=\"https:\/\/www.mojekonferencje.pl\/blog\/najwieksze-centrum-kongresowe-w-polsce-mck-w-katowicach\/\" \/>\n<meta property=\"og:site_name\" content=\"MojeKonferencje.pl\" \/>\n<meta property=\"article:published_time\" content=\"2022-01-25T20:59:53+00:00\" \/>\n<meta property=\"article:modified_time\" content=\"2024-05-07T09:51:11+00:00\" \/>\n<meta property=\"og:image\" content=\"https:\/\/www.mojekonferencje.pl\/blog\/wp-content\/uploads\/2022\/01\/uno1.jpg\" \/>\n\t<meta property=\"og:image:width\" content=\"940\" \/>\n\t<meta property=\"og:image:height\" content=\"626\" \/>\n\t<meta property=\"og:image:type\" content=\"image\/jpeg\" \/>\n<meta name=\"author\" content=\"Olga Stawicka-Iwanowska\" \/>\n<meta name=\"twitter:card\" content=\"summary_large_image\" \/>\n<meta name=\"twitter:label1\" content=\"Napisane przez\" \/>\n\t<meta name=\"twitter:data1\" content=\"Olga Stawicka-Iwanowska\" \/>\n\t<meta name=\"twitter:label2\" content=\"Szacowany czas czytania\" \/>\n\t<meta name=\"twitter:data2\" content=\"3 minuty\" \/>\n<script type=\"application\/ld+json\" class=\"yoast-schema-graph\">{\"@context\":\"https:\/\/schema.org\",\"@graph\":[{\"@type\":\"Article\",\"@id\":\"https:\/\/www.mojekonferencje.pl\/blog\/najwieksze-centrum-kongresowe-w-polsce-mck-w-katowicach\/#article\",\"isPartOf\":{\"@id\":\"https:\/\/www.mojekonferencje.pl\/blog\/najwieksze-centrum-kongresowe-w-polsce-mck-w-katowicach\/\"},\"author\":{\"name\":\"Olga Stawicka-Iwanowska\",\"@id\":\"https:\/\/www.mojekonferencje.pl\/blog\/#\/schema\/person\/d6751ca3c60de9ec17ee21b744bbb2d4\"},\"headline\":\"Najwi\u0119ksze centrum kongresowe w Polsce &#8211; MCK w Katowicach\",\"datePublished\":\"2022-01-25T20:59:53+00:00\",\"dateModified\":\"2024-05-07T09:51:11+00:00\",\"mainEntityOfPage\":{\"@id\":\"https:\/\/www.mojekonferencje.pl\/blog\/najwieksze-centrum-kongresowe-w-polsce-mck-w-katowicach\/\"},\"wordCount\":633,\"image\":{\"@id\":\"https:\/\/www.mojekonferencje.pl\/blog\/najwieksze-centrum-kongresowe-w-polsce-mck-w-katowicach\/#primaryimage\"},\"thumbnailUrl\":\"https:\/\/www.mojekonferencje.pl\/blog\/wp-content\/uploads\/2022\/01\/uno1.jpg\",\"keywords\":[\"sale biznesowe\",\"sale konferencjne\",\"sale szkoleniowe\"],\"articleSection\":[\"Wybieranie miejsca konferencyjnego\"],\"inLanguage\":\"pl-PL\"},{\"@type\":\"WebPage\",\"@id\":\"https:\/\/www.mojekonferencje.pl\/blog\/najwieksze-centrum-kongresowe-w-polsce-mck-w-katowicach\/\",\"url\":\"https:\/\/www.mojekonferencje.pl\/blog\/najwieksze-centrum-kongresowe-w-polsce-mck-w-katowicach\/\",\"name\":\"Najwi\u0119ksze centrum kongresowe w Polsce - MCK w Katowicach - blog | MojeKonferencje.pl\",\"isPartOf\":{\"@id\":\"https:\/\/www.mojekonferencje.pl\/blog\/#website\"},\"primaryImageOfPage\":{\"@id\":\"https:\/\/www.mojekonferencje.pl\/blog\/najwieksze-centrum-kongresowe-w-polsce-mck-w-katowicach\/#primaryimage\"},\"image\":{\"@id\":\"https:\/\/www.mojekonferencje.pl\/blog\/najwieksze-centrum-kongresowe-w-polsce-mck-w-katowicach\/#primaryimage\"},\"thumbnailUrl\":\"https:\/\/www.mojekonferencje.pl\/blog\/wp-content\/uploads\/2022\/01\/uno1.jpg\",\"datePublished\":\"2022-01-25T20:59:53+00:00\",\"dateModified\":\"2024-05-07T09:51:11+00:00\",\"author\":{\"@id\":\"https:\/\/www.mojekonferencje.pl\/blog\/#\/schema\/person\/d6751ca3c60de9ec17ee21b744bbb2d4\"},\"description\":\"Najwi\u0119ksze centrum kongresowe w Polsce - MCK w Katowicach - blog | MojeKonferencje.pl\",\"breadcrumb\":{\"@id\":\"https:\/\/www.mojekonferencje.pl\/blog\/najwieksze-centrum-kongresowe-w-polsce-mck-w-katowicach\/#breadcrumb\"},\"inLanguage\":\"pl-PL\",\"potentialAction\":[{\"@type\":\"ReadAction\",\"target\":[\"https:\/\/www.mojekonferencje.pl\/blog\/najwieksze-centrum-kongresowe-w-polsce-mck-w-katowicach\/\"]}]},{\"@type\":\"ImageObject\",\"inLanguage\":\"pl-PL\",\"@id\":\"https:\/\/www.mojekonferencje.pl\/blog\/najwieksze-centrum-kongresowe-w-polsce-mck-w-katowicach\/#primaryimage\",\"url\":\"https:\/\/www.mojekonferencje.pl\/blog\/wp-content\/uploads\/2022\/01\/uno1.jpg\",\"contentUrl\":\"https:\/\/www.mojekonferencje.pl\/blog\/wp-content\/uploads\/2022\/01\/uno1.jpg\",\"width\":940,\"height\":626},{\"@type\":\"BreadcrumbList\",\"@id\":\"https:\/\/www.mojekonferencje.pl\/blog\/najwieksze-centrum-kongresowe-w-polsce-mck-w-katowicach\/#breadcrumb\",\"itemListElement\":[{\"@type\":\"ListItem\",\"position\":1,\"name\":\"Strona g\u0142\u00f3wna\",\"item\":\"https:\/\/www.mojekonferencje.pl\/blog\/\"},{\"@type\":\"ListItem\",\"position\":2,\"name\":\"Najwi\u0119ksze centrum kongresowe w Polsce &#8211; MCK w Katowicach\"}]},{\"@type\":\"WebSite\",\"@id\":\"https:\/\/www.mojekonferencje.pl\/blog\/#website\",\"url\":\"https:\/\/www.mojekonferencje.pl\/blog\/\",\"name\":\"MojeKonferencje.pl\",\"description\":\"Blog bran\u017cy szkoleniowo-konferencyjnej. W\u0142\u0105cz si\u0119 do dyskusji o obiektach konferencyjnych i nowo\u015bciach z bran\u017cy! Poznaj porady odno\u015bnie organizacji konferencji, szkole\u0144 i event\u00f3w firmowych! Zach\u0119camy do wyra\u017cania opinii oraz komentarzy.\",\"potentialAction\":[{\"@type\":\"SearchAction\",\"target\":{\"@type\":\"EntryPoint\",\"urlTemplate\":\"https:\/\/www.mojekonferencje.pl\/blog\/?s={search_term_string}\"},\"query-input\":{\"@type\":\"PropertyValueSpecification\",\"valueRequired\":true,\"valueName\":\"search_term_string\"}}],\"inLanguage\":\"pl-PL\"},{\"@type\":\"Person\",\"@id\":\"https:\/\/www.mojekonferencje.pl\/blog\/#\/schema\/person\/d6751ca3c60de9ec17ee21b744bbb2d4\",\"name\":\"Olga Stawicka-Iwanowska\",\"description\":\"Head of Marketing z ponad sze\u015bcioletnim do\u015bwiadczeniem w bran\u017cy MICE. Na co dzie\u0144 zajmuje si\u0119 content marketingiem i promocj\u0105 obiekt\u00f3w eventowych, tak aby organizatorzy kongres\u00f3w, targ\u00f3w i konferencji wiedzieli, \u017ce w\u0142a\u015bnie tam warto zrealizowa\u0107 swoje wydarzenie. Prowadzi media spo\u0142eczno\u015bciowe, tworzy strategie komunikacji, pisze artyku\u0142y i dba o sp\u00f3jny wizerunek marki w ka\u017cdym kanale. W swojej pracy \u0142\u0105czy analityczne my\u015blenie z kreatywno\u015bci\u0105 i dobrym copy. Wsp\u00f3\u0142pracuje zar\u00f3wno z organizatorami najwi\u0119kszych wydarze\u0144 w Polsce, jak i z regionalnymi partnerami z bran\u017cy. Po godzinach mi\u0142o\u015bniczka podr\u00f3\u017cy po Europie, dobrej kuchni i klimatycznych miejsc, w kt\u00f3rych mo\u017cna z\u0142apa\u0107 oddech.\",\"sameAs\":[\"http:\/\/MojeKonferencje.pl\",\"https:\/\/www.linkedin.com\/in\/olgastawicka\/\"],\"url\":\"https:\/\/www.mojekonferencje.pl\/blog\/author\/osawicka\/\"}]}<\/script>\n<!-- \/ Yoast SEO plugin. -->","yoast_head_json":{"title":"Najwi\u0119ksze centrum kongresowe w Polsce - MCK w Katowicach - blog | MojeKonferencje.pl","description":"Najwi\u0119ksze centrum kongresowe w Polsce - MCK w Katowicach - blog | MojeKonferencje.pl","robots":{"index":"index","follow":"follow","max-snippet":"max-snippet:-1","max-image-preview":"max-image-preview:large","max-video-preview":"max-video-preview:-1"},"canonical":"https:\/\/www.mojekonferencje.pl\/blog\/najwieksze-centrum-kongresowe-w-polsce-mck-w-katowicach\/","og_locale":"pl_PL","og_type":"article","og_title":"Najwi\u0119ksze centrum kongresowe w Polsce - MCK w Katowicach - blog | MojeKonferencje.pl","og_description":"Najwi\u0119ksze centrum kongresowe w Polsce - MCK w Katowicach - blog | MojeKonferencje.pl","og_url":"https:\/\/www.mojekonferencje.pl\/blog\/najwieksze-centrum-kongresowe-w-polsce-mck-w-katowicach\/","og_site_name":"MojeKonferencje.pl","article_published_time":"2022-01-25T20:59:53+00:00","article_modified_time":"2024-05-07T09:51:11+00:00","og_image":[{"width":940,"height":626,"url":"https:\/\/www.mojekonferencje.pl\/blog\/wp-content\/uploads\/2022\/01\/uno1.jpg","type":"image\/jpeg"}],"author":"Olga Stawicka-Iwanowska","twitter_card":"summary_large_image","twitter_misc":{"Napisane przez":"Olga Stawicka-Iwanowska","Szacowany czas czytania":"3 minuty"},"schema":{"@context":"https:\/\/schema.org","@graph":[{"@type":"Article","@id":"https:\/\/www.mojekonferencje.pl\/blog\/najwieksze-centrum-kongresowe-w-polsce-mck-w-katowicach\/#article","isPartOf":{"@id":"https:\/\/www.mojekonferencje.pl\/blog\/najwieksze-centrum-kongresowe-w-polsce-mck-w-katowicach\/"},"author":{"name":"Olga Stawicka-Iwanowska","@id":"https:\/\/www.mojekonferencje.pl\/blog\/#\/schema\/person\/d6751ca3c60de9ec17ee21b744bbb2d4"},"headline":"Najwi\u0119ksze centrum kongresowe w Polsce &#8211; MCK w Katowicach","datePublished":"2022-01-25T20:59:53+00:00","dateModified":"2024-05-07T09:51:11+00:00","mainEntityOfPage":{"@id":"https:\/\/www.mojekonferencje.pl\/blog\/najwieksze-centrum-kongresowe-w-polsce-mck-w-katowicach\/"},"wordCount":633,"image":{"@id":"https:\/\/www.mojekonferencje.pl\/blog\/najwieksze-centrum-kongresowe-w-polsce-mck-w-katowicach\/#primaryimage"},"thumbnailUrl":"https:\/\/www.mojekonferencje.pl\/blog\/wp-content\/uploads\/2022\/01\/uno1.jpg","keywords":["sale biznesowe","sale konferencjne","sale szkoleniowe"],"articleSection":["Wybieranie miejsca konferencyjnego"],"inLanguage":"pl-PL"},{"@type":"WebPage","@id":"https:\/\/www.mojekonferencje.pl\/blog\/najwieksze-centrum-kongresowe-w-polsce-mck-w-katowicach\/","url":"https:\/\/www.mojekonferencje.pl\/blog\/najwieksze-centrum-kongresowe-w-polsce-mck-w-katowicach\/","name":"Najwi\u0119ksze centrum kongresowe w Polsce - MCK w Katowicach - blog | MojeKonferencje.pl","isPartOf":{"@id":"https:\/\/www.mojekonferencje.pl\/blog\/#website"},"primaryImageOfPage":{"@id":"https:\/\/www.mojekonferencje.pl\/blog\/najwieksze-centrum-kongresowe-w-polsce-mck-w-katowicach\/#primaryimage"},"image":{"@id":"https:\/\/www.mojekonferencje.pl\/blog\/najwieksze-centrum-kongresowe-w-polsce-mck-w-katowicach\/#primaryimage"},"thumbnailUrl":"https:\/\/www.mojekonferencje.pl\/blog\/wp-content\/uploads\/2022\/01\/uno1.jpg","datePublished":"2022-01-25T20:59:53+00:00","dateModified":"2024-05-07T09:51:11+00:00","author":{"@id":"https:\/\/www.mojekonferencje.pl\/blog\/#\/schema\/person\/d6751ca3c60de9ec17ee21b744bbb2d4"},"description":"Najwi\u0119ksze centrum kongresowe w Polsce - MCK w Katowicach - blog | MojeKonferencje.pl","breadcrumb":{"@id":"https:\/\/www.mojekonferencje.pl\/blog\/najwieksze-centrum-kongresowe-w-polsce-mck-w-katowicach\/#breadcrumb"},"inLanguage":"pl-PL","potentialAction":[{"@type":"ReadAction","target":["https:\/\/www.mojekonferencje.pl\/blog\/najwieksze-centrum-kongresowe-w-polsce-mck-w-katowicach\/"]}]},{"@type":"ImageObject","inLanguage":"pl-PL","@id":"https:\/\/www.mojekonferencje.pl\/blog\/najwieksze-centrum-kongresowe-w-polsce-mck-w-katowicach\/#primaryimage","url":"https:\/\/www.mojekonferencje.pl\/blog\/wp-content\/uploads\/2022\/01\/uno1.jpg","contentUrl":"https:\/\/www.mojekonferencje.pl\/blog\/wp-content\/uploads\/2022\/01\/uno1.jpg","width":940,"height":626},{"@type":"BreadcrumbList","@id":"https:\/\/www.mojekonferencje.pl\/blog\/najwieksze-centrum-kongresowe-w-polsce-mck-w-katowicach\/#breadcrumb","itemListElement":[{"@type":"ListItem","position":1,"name":"Strona g\u0142\u00f3wna","item":"https:\/\/www.mojekonferencje.pl\/blog\/"},{"@type":"ListItem","position":2,"name":"Najwi\u0119ksze centrum kongresowe w Polsce &#8211; MCK w Katowicach"}]},{"@type":"WebSite","@id":"https:\/\/www.mojekonferencje.pl\/blog\/#website","url":"https:\/\/www.mojekonferencje.pl\/blog\/","name":"MojeKonferencje.pl","description":"Blog bran\u017cy szkoleniowo-konferencyjnej. W\u0142\u0105cz si\u0119 do dyskusji o obiektach konferencyjnych i nowo\u015bciach z bran\u017cy! Poznaj porady odno\u015bnie organizacji konferencji, szkole\u0144 i event\u00f3w firmowych! Zach\u0119camy do wyra\u017cania opinii oraz komentarzy.","potentialAction":[{"@type":"SearchAction","target":{"@type":"EntryPoint","urlTemplate":"https:\/\/www.mojekonferencje.pl\/blog\/?s={search_term_string}"},"query-input":{"@type":"PropertyValueSpecification","valueRequired":true,"valueName":"search_term_string"}}],"inLanguage":"pl-PL"},{"@type":"Person","@id":"https:\/\/www.mojekonferencje.pl\/blog\/#\/schema\/person\/d6751ca3c60de9ec17ee21b744bbb2d4","name":"Olga Stawicka-Iwanowska","description":"Head of Marketing z ponad sze\u015bcioletnim do\u015bwiadczeniem w bran\u017cy MICE. Na co dzie\u0144 zajmuje si\u0119 content marketingiem i promocj\u0105 obiekt\u00f3w eventowych, tak aby organizatorzy kongres\u00f3w, targ\u00f3w i konferencji wiedzieli, \u017ce w\u0142a\u015bnie tam warto zrealizowa\u0107 swoje wydarzenie. Prowadzi media spo\u0142eczno\u015bciowe, tworzy strategie komunikacji, pisze artyku\u0142y i dba o sp\u00f3jny wizerunek marki w ka\u017cdym kanale. W swojej pracy \u0142\u0105czy analityczne my\u015blenie z kreatywno\u015bci\u0105 i dobrym copy. Wsp\u00f3\u0142pracuje zar\u00f3wno z organizatorami najwi\u0119kszych wydarze\u0144 w Polsce, jak i z regionalnymi partnerami z bran\u017cy. Po godzinach mi\u0142o\u015bniczka podr\u00f3\u017cy po Europie, dobrej kuchni i klimatycznych miejsc, w kt\u00f3rych mo\u017cna z\u0142apa\u0107 oddech.","sameAs":["http:\/\/MojeKonferencje.pl","https:\/\/www.linkedin.com\/in\/olgastawicka\/"],"url":"https:\/\/www.mojekonferencje.pl\/blog\/author\/osawicka\/"}]}},"_links":{"self":[{"href":"https:\/\/www.mojekonferencje.pl\/blog\/wp-json\/wp\/v2\/posts\/2452","targetHints":{"allow":["GET"]}}],"collection":[{"href":"https:\/\/www.mojekonferencje.pl\/blog\/wp-json\/wp\/v2\/posts"}],"about":[{"href":"https:\/\/www.mojekonferencje.pl\/blog\/wp-json\/wp\/v2\/types\/post"}],"author":[{"embeddable":true,"href":"https:\/\/www.mojekonferencje.pl\/blog\/wp-json\/wp\/v2\/users\/9"}],"replies":[{"embeddable":true,"href":"https:\/\/www.mojekonferencje.pl\/blog\/wp-json\/wp\/v2\/comments?post=2452"}],"version-history":[{"count":1,"href":"https:\/\/www.mojekonferencje.pl\/blog\/wp-json\/wp\/v2\/posts\/2452\/revisions"}],"predecessor-version":[{"id":2458,"href":"https:\/\/www.mojekonferencje.pl\/blog\/wp-json\/wp\/v2\/posts\/2452\/revisions\/2458"}],"wp:featuredmedia":[{"embeddable":true,"href":"https:\/\/www.mojekonferencje.pl\/blog\/wp-json\/wp\/v2\/media\/2453"}],"wp:attachment":[{"href":"https:\/\/www.mojekonferencje.pl\/blog\/wp-json\/wp\/v2\/media?parent=2452"}],"wp:term":[{"taxonomy":"category","embeddable":true,"href":"https:\/\/www.mojekonferencje.pl\/blog\/wp-json\/wp\/v2\/categories?post=2452"},{"taxonomy":"post_tag","embeddable":true,"href":"https:\/\/www.mojekonferencje.pl\/blog\/wp-json\/wp\/v2\/tags?post=2452"}],"curies":[{"name":"wp","href":"https:\/\/api.w.org\/{rel}","templated":true}]}}