{"id":2499,"date":"2022-02-03T21:00:00","date_gmt":"2022-02-03T19:00:00","guid":{"rendered":"https:\/\/www.mojekonferencje.pl\/blog\/?p=2499"},"modified":"2024-05-07T11:51:11","modified_gmt":"2024-05-07T09:51:11","slug":"event-manager-jak-zostac-organizatorem-imprez","status":"publish","type":"post","link":"https:\/\/www.mojekonferencje.pl\/blog\/event-manager-jak-zostac-organizatorem-imprez\/","title":{"rendered":"Event manager: jak zosta\u0107 organizatorem imprez?"},"content":{"rendered":"\n<p>Organizacja wydarze\u0144 to proces, kt\u00f3ry jednych a\u017c nadto stresuje, natomiast inni czuj\u0105 si\u0119 podczas niego jak ryba w wodzie! Specjalista w tej dziedzinie to nikt inny, jak <strong>event manager<\/strong>, a wi\u0119c osoba, kt\u00f3ra pracuje przy organizacji wszelkich przedsi\u0119wzi\u0119\u0107 &#8211; m.in. biznesowych, kulturalnych, edukacyjnych czy wszelkich innych imprez okoliczno\u015bciowych. Trzeba przyzna\u0107, \u017ce to bardzo ciekawe zaj\u0119cie &#8211; zw\u0142aszcza dla os\u00f3b, kt\u00f3re posiadaj\u0105 szereg do\u015b\u0107 konkretnych cech oraz umiej\u0119tno\u015bci. I cho\u0107 teoretycznie ka\u017cdy mo\u017ce zosta\u0107 specjalist\u0105 ds. event\u00f3w, to jednak nie wszyscy b\u0119d\u0105 si\u0119 czuli dobrze na tym stanowisku. Je\u015bli jednak czujesz, \u017ce jest to zaj\u0119cie dla Ciebie &#8211; koniecznie przeczytaj ten artyku\u0142! Napiszemy m.in. o tym,<strong> jak zosta\u0107 event managerem<\/strong>. By\u0107 mo\u017ce te\u017c po prostu jeste\u015b ciekawy, jak wygl\u0105da ta praca &#8211; w takim przypadku r\u00f3wnie\u017c zapoznaj si\u0119 z owym tekstem!<\/p>\n\n\n\n<figure class=\"wp-block-image size-large\"><img loading=\"lazy\" decoding=\"async\" width=\"1024\" height=\"683\" src=\"https:\/\/www.mojekonferencje.pl\/blog\/wp-content\/uploads\/2022\/02\/2-1024x683.jpg\" alt=\"\" class=\"wp-image-2501 lazyload\" data-srcset=\"https:\/\/www.mojekonferencje.pl\/blog\/wp-content\/uploads\/2022\/02\/2-1024x683.jpg 1024w, https:\/\/www.mojekonferencje.pl\/blog\/wp-content\/uploads\/2022\/02\/2-300x200.jpg 300w, https:\/\/www.mojekonferencje.pl\/blog\/wp-content\/uploads\/2022\/02\/2-768x512.jpg 768w, https:\/\/www.mojekonferencje.pl\/blog\/wp-content\/uploads\/2022\/02\/2.jpg 1169w\" sizes=\"auto\" \/><\/figure>\n\n\n\n<h2 class=\"has-text-align-center wp-block-heading\">Event manager &#8211; praca<\/h2>\n\n\n\n<p><br>Funkcja, kt\u00f3r\u0105 pe\u0142ni <strong>event manager<\/strong>, bez w\u0105tpienia jest po prostu bardzo interesuj\u0105ca! Dla wielu wydaje si\u0119 nawet, \u017ce w tej pracy po prostu nie spos\u00f3b si\u0119 nudzi\u0107. Nowe wyzwania, poznawanie nowych ludzi i ogromna satysfakcja &#8211; z jednej strony na pewno tak jest, jednak warto te\u017c wspomnie\u0107 o wielu trudach, kt\u00f3rych do\u015bwiadczaj\u0105 osoby na takim stanowisku. <strong>Event manager &#8211; praca<\/strong> rozpoczyna si\u0119 ju\u017c od momentu pierwszych przymiarek do organizacji jakiego\u015b wydarzenia. Musi on odpowiednio rozdzieli\u0107 obowi\u0105zki i zadania, a tak\u017ce czuwa\u0107 nad efektami pracy ca\u0142ego zespo\u0142u. <\/p>\n\n\n\n<p>Na szczycie listy zada\u0144 event managera znajduje si\u0119 oczywi\u015bcie wyszukiwanie najlepszych miejsc na dane wydarzenie, wsp\u00f3\u0142praca z r\u00f3\u017cnorodnymi dostawcami i klientami oraz szeroko poj\u0119ta koordynacja przedsi\u0119wzi\u0119cia. Tak wiele obowi\u0105zk\u00f3w oczywi\u015bcie trudno jest wykona\u0107 w ci\u0105gu pi\u0119ciu dni, a wi\u0119c podczas typowego tygodnia roboczego. <strong>Praca event managera<\/strong> w praktyce wi\u0119c cz\u0119sto wymaga po\u015bwi\u0119cenia czasu w weekendy. Do\u015b\u0107 rzadko zdarzaj\u0105 si\u0119 sytuacje, aby gor\u0105cym okresie, kiedy akurat przygotowuje si\u0119 du\u017ce wydarzenie, pracowa\u0107 zaledwie po kilka godzin w ci\u0105gu dnia. Ka\u017cda osoba, kt\u00f3ra bierze pod uwag\u0119 prac\u0119 na takim stanowisku, zdecydowanie powinna si\u0119 z tym liczy\u0107.<\/p>\n\n\n\n<figure class=\"wp-block-image size-large\"><img loading=\"lazy\" decoding=\"async\" width=\"1024\" height=\"683\" src=\"https:\/\/www.mojekonferencje.pl\/blog\/wp-content\/uploads\/2022\/02\/5-1024x683.jpg\" alt=\"\" class=\"wp-image-2502 lazyload\" data-srcset=\"https:\/\/www.mojekonferencje.pl\/blog\/wp-content\/uploads\/2022\/02\/5-1024x683.jpg 1024w, https:\/\/www.mojekonferencje.pl\/blog\/wp-content\/uploads\/2022\/02\/5-300x200.jpg 300w, https:\/\/www.mojekonferencje.pl\/blog\/wp-content\/uploads\/2022\/02\/5-768x512.jpg 768w, https:\/\/www.mojekonferencje.pl\/blog\/wp-content\/uploads\/2022\/02\/5.jpg 1170w\" sizes=\"auto\" \/><\/figure>\n\n\n\n<h2 class=\"has-text-align-center wp-block-heading\">Jakie cechy musi mie\u0107 event manager?<\/h2>\n\n\n\n<p><br>Skoro ju\u017c wst\u0119pnie zosta\u0142o wyja\u015bnione, jak wygl\u0105da <strong>event manager &#8211; praca<\/strong>, to warto zastanowi\u0107 si\u0119, czym powinna wyr\u00f3\u017cnia\u0107 si\u0119 osoba aplikuj\u0105ca na takie stanowisko. Potencjalny event manager przede wszystkim musi posiada\u0107 szereg umiej\u0119tno\u015bci interpersonalnych, takich jak np. otwarto\u015b\u0107, komunikatywno\u015b\u0107, kreatywno\u015b\u0107, odporno\u015b\u0107 na stres oraz pozytywne podej\u015bcie do ludzi i \u015bwiata. Bardzo du\u017cym atutem jest oczywi\u015bcie umiej\u0119tno\u015b\u0107 prezentacji oraz sprawnego formu\u0142owania my\u015bli. Jednak takie cechy to oczywi\u015bcie nie wszystko. <\/p>\n\n\n\n<p>R\u00f3wnie istotna jest zdolno\u015b\u0107 zarz\u0105dzania finansami, czasem oraz zasobami ludzkimi. To istotne, aby zesp\u00f3\u0142 by\u0142 odpowiednio zarz\u0105dzany &#8211; tylko w taki spos\u00f3b mo\u017cna bowiem osi\u0105gn\u0105\u0107 wsp\u00f3lny sukces. Dobry <strong>event manager <\/strong>potrafi my\u015ble\u0107 analitycznie oraz improwizowa\u0107, gdy\u017c niestety nie wszystko mo\u017cna przewidzie\u0107 podczas organizacji wydarze\u0144. Niezwykle cenne s\u0105 r\u00f3wnie\u017c umiej\u0119tno\u015bci perswazyjne. <strong>Praca &#8211; event manager<\/strong> jest do\u015b\u0107 wymagaj\u0105ca, dlatego osobie na tym stanowisku nie mo\u017ce towarzyszy\u0107 brak wyobra\u017ani lub niech\u0119\u0107 do kontakt\u00f3w z innymi lud\u017ami. W takiej sytuacji nikt nie by\u0142by zadowolony ze wsp\u00f3\u0142pracy &#8211; ani klienci, ani sam specjalista.<\/p>\n\n\n\n<figure class=\"wp-block-image size-large\"><img loading=\"lazy\" decoding=\"async\" width=\"1170\" height=\"780\" src=\"https:\/\/www.mojekonferencje.pl\/blog\/wp-content\/uploads\/2022\/02\/3-1024x683.jpg\" alt=\"\" class=\"wp-image-2503 lazyload\" data-srcset=\"https:\/\/www.mojekonferencje.pl\/blog\/wp-content\/uploads\/2022\/02\/3-1024x683.jpg 1024w, https:\/\/www.mojekonferencje.pl\/blog\/wp-content\/uploads\/2022\/02\/3-300x200.jpg 300w, https:\/\/www.mojekonferencje.pl\/blog\/wp-content\/uploads\/2022\/02\/3-768x512.jpg 768w, https:\/\/www.mojekonferencje.pl\/blog\/wp-content\/uploads\/2022\/02\/3.jpg 1170w\" sizes=\"auto\" \/><\/figure>\n\n\n\n<h2 class=\"has-text-align-center wp-block-heading\">Event manager &#8211; zarobki<\/h2>\n\n\n\n<p><br>Jedn\u0105 z kwestii, kt\u00f3ra zwykle najbardziej ciekawi ludzi, s\u0105 zarobki. Wiemy ju\u017c, \u017ce <strong>praca &#8211; event manager<\/strong> jest po pierwsze, czasoch\u0142onna, po drugie, do\u015b\u0107 wymagaj\u0105ca. Ale czy id\u0105 za ni\u0105 odpowiednie korzy\u015bci finansowe? Wszystko zale\u017cy od tego, na jak\u0105 skal\u0119 organizowane jest wydarzenie oraz od samej agencji. Pocz\u0105tki nigdy nie s\u0105 proste, jednak im bardziej obszerne jest eventowe portfolio danego specjalisty, tym oczywi\u015bcie lepiej. Osoba z do\u015bwiadczeniem na takim stanowisku zarabia \u015brednio od 3 000 do 10 000 z\u0142. Warto w tym momencie jednak podkre\u015bli\u0107, \u017ce<strong> event manager &#8211; zarobki <\/strong>w du\u017cej mierze zale\u017c\u0105 w\u0142a\u015bnie od do\u015bwiadczenia, a wi\u0119c praktyki, ani\u017celi samego wykszta\u0142cenia czy du\u017cej liczby kurs\u00f3w.<\/p>\n\n\n\n<figure class=\"wp-block-image size-large\"><img loading=\"lazy\" decoding=\"async\" width=\"1024\" height=\"683\" src=\"https:\/\/www.mojekonferencje.pl\/blog\/wp-content\/uploads\/2022\/02\/1-1-1024x683.jpg\" alt=\"\" class=\"wp-image-2504 lazyload\" data-srcset=\"https:\/\/www.mojekonferencje.pl\/blog\/wp-content\/uploads\/2022\/02\/1-1-1024x683.jpg 1024w, https:\/\/www.mojekonferencje.pl\/blog\/wp-content\/uploads\/2022\/02\/1-1-300x200.jpg 300w, https:\/\/www.mojekonferencje.pl\/blog\/wp-content\/uploads\/2022\/02\/1-1-768x512.jpg 768w, https:\/\/www.mojekonferencje.pl\/blog\/wp-content\/uploads\/2022\/02\/1-1.jpg 1170w\" sizes=\"auto\" \/><\/figure>\n\n\n\n<h2 class=\"has-text-align-center wp-block-heading\">Event manager &#8211; kurs<\/h2>\n\n\n\n<p><br>W zwi\u0105zku z powy\u017cszymi rozwa\u017caniami, nasuwa si\u0119 od razu pytanie, <strong>jak zosta\u0107 event managerem<\/strong>. C\u00f3\u017c &#8211; przede wszystkim nale\u017cy by\u0107 po prostu wielozadaniowym mi\u0142o\u015bnikiem organizacji. Posiadaj\u0105c odpowiednie cechy i umiej\u0119tno\u015bci na pewno jest \u0142atwiej do\u0142\u0105czy\u0107 do bran\u017cy eventowej. Niemniej jednak coraz cz\u0119\u015bciej oczekuje si\u0119 te\u017c odpowiedniego wykszta\u0142cenia. Mo\u017ce to by\u0107 dyplom uko\u0144czenia studi\u00f3w w tym zakresie albo chocia\u017c kursy zwi\u0105zane z zarz\u0105dzaniem, komunikacj\u0105 spo\u0142eczn\u0105 albo <em>public relations<\/em>. <\/p>\n\n\n\n<p>Obecnie &#8211; w dobie znacznej cyfryzacji nauki, wystarczy znale\u017a\u0107 <strong>event manager &#8211; kurs<\/strong> w Internecie. Jest on w stanie odpowiednio przygotowa\u0107 do pracy przy organizacji wydarze\u0144. Zdecydowanie warto zainwestowa\u0107 czas i pieni\u0105dze w zdobycie nowej wiedzy i pozwoli\u0107 sobie na rozw\u00f3j w bran\u017cy spotka\u0144. <strong>Event manager &#8211; praca<\/strong> ma wiele zalet, a przede wszystkim jest to profesja, kt\u00f3ra zyskuje coraz to wi\u0119ksz\u0105 popularno\u015b\u0107. Jednocze\u015bnie oznacza to, <strong>event manager<\/strong> ma szans\u0119 na zatrudnienie w wielu miejscach. I to nie tylko w kraju, ale i poza jego granicami. To doskona\u0142y pomys\u0142 dla os\u00f3b, kt\u00f3re lubi\u0105, gdy du\u017co si\u0119 dzieje oraz nie mog\u0105 znie\u015b\u0107 nudy!<\/p>\n\n\n\n<figure class=\"wp-block-image size-large\"><img loading=\"lazy\" decoding=\"async\" width=\"1024\" height=\"683\" src=\"https:\/\/www.mojekonferencje.pl\/blog\/wp-content\/uploads\/2022\/02\/4-1-1024x683.jpg\" alt=\"\" class=\"wp-image-2505 lazyload\" data-srcset=\"https:\/\/www.mojekonferencje.pl\/blog\/wp-content\/uploads\/2022\/02\/4-1-1024x683.jpg 1024w, https:\/\/www.mojekonferencje.pl\/blog\/wp-content\/uploads\/2022\/02\/4-1-300x200.jpg 300w, https:\/\/www.mojekonferencje.pl\/blog\/wp-content\/uploads\/2022\/02\/4-1-768x512.jpg 768w, https:\/\/www.mojekonferencje.pl\/blog\/wp-content\/uploads\/2022\/02\/4-1.jpg 1171w\" sizes=\"auto\" \/><\/figure>\n","protected":false},"excerpt":{"rendered":"<p>Praca event managera cieszy si\u0119 coraz wi\u0119ksz\u0105 popularno\u015bci\u0105. Sprawd\u017a, jakie cechy powinien mie\u0107 kandydat oraz&#8230; ile zarabia si\u0119 na tym stanowisku!<\/p>\n","protected":false},"author":9,"featured_media":2500,"comment_status":"closed","ping_status":"closed","sticky":false,"template":"","format":"standard","meta":{"_acf_changed":false,"footnotes":""},"categories":[8],"tags":[353,354],"class_list":["post-2499","post","type-post","status-publish","format-standard","has-post-thumbnail","hentry","category-porady","tag-organizacja-imprez","tag-organizacja-wydarzen"],"acf":[],"yoast_head":"<!-- This site is optimized with the Yoast SEO plugin v27.1.1 - https:\/\/yoast.com\/product\/yoast-seo-wordpress\/ -->\n<title>Event manager: jak zosta\u0107 organizatorem imprez? - blog | MojeKonferencje.pl<\/title>\n<meta name=\"description\" content=\"Event manager: jak zosta\u0107 organizatorem imprez? - blog | MojeKonferencje.pl\" \/>\n<meta name=\"robots\" content=\"index, follow, max-snippet:-1, max-image-preview:large, max-video-preview:-1\" \/>\n<link rel=\"canonical\" href=\"https:\/\/www.mojekonferencje.pl\/blog\/event-manager-jak-zostac-organizatorem-imprez\/\" \/>\n<meta property=\"og:locale\" content=\"pl_PL\" \/>\n<meta property=\"og:type\" content=\"article\" \/>\n<meta property=\"og:title\" content=\"Event manager: jak zosta\u0107 organizatorem imprez? - blog | MojeKonferencje.pl\" \/>\n<meta property=\"og:description\" content=\"Event manager: jak zosta\u0107 organizatorem imprez? - blog | MojeKonferencje.pl\" \/>\n<meta property=\"og:url\" content=\"https:\/\/www.mojekonferencje.pl\/blog\/event-manager-jak-zostac-organizatorem-imprez\/\" \/>\n<meta property=\"og:site_name\" content=\"MojeKonferencje.pl\" \/>\n<meta property=\"article:published_time\" content=\"2022-02-03T19:00:00+00:00\" \/>\n<meta property=\"article:modified_time\" content=\"2024-05-07T09:51:11+00:00\" \/>\n<meta property=\"og:image\" content=\"https:\/\/www.mojekonferencje.pl\/blog\/wp-content\/uploads\/2022\/02\/4.jpg\" \/>\n\t<meta property=\"og:image:width\" content=\"1171\" \/>\n\t<meta property=\"og:image:height\" content=\"781\" \/>\n\t<meta property=\"og:image:type\" content=\"image\/jpeg\" \/>\n<meta name=\"author\" content=\"Olga Stawicka-Iwanowska\" \/>\n<meta name=\"twitter:card\" content=\"summary_large_image\" \/>\n<meta name=\"twitter:label1\" content=\"Napisane przez\" \/>\n\t<meta name=\"twitter:data1\" content=\"Olga Stawicka-Iwanowska\" \/>\n\t<meta name=\"twitter:label2\" content=\"Szacowany czas czytania\" \/>\n\t<meta name=\"twitter:data2\" content=\"4 minuty\" \/>\n<script type=\"application\/ld+json\" class=\"yoast-schema-graph\">{\"@context\":\"https:\/\/schema.org\",\"@graph\":[{\"@type\":\"Article\",\"@id\":\"https:\/\/www.mojekonferencje.pl\/blog\/event-manager-jak-zostac-organizatorem-imprez\/#article\",\"isPartOf\":{\"@id\":\"https:\/\/www.mojekonferencje.pl\/blog\/event-manager-jak-zostac-organizatorem-imprez\/\"},\"author\":{\"name\":\"Olga Stawicka-Iwanowska\",\"@id\":\"https:\/\/www.mojekonferencje.pl\/blog\/#\/schema\/person\/d6751ca3c60de9ec17ee21b744bbb2d4\"},\"headline\":\"Event manager: jak zosta\u0107 organizatorem imprez?\",\"datePublished\":\"2022-02-03T19:00:00+00:00\",\"dateModified\":\"2024-05-07T09:51:11+00:00\",\"mainEntityOfPage\":{\"@id\":\"https:\/\/www.mojekonferencje.pl\/blog\/event-manager-jak-zostac-organizatorem-imprez\/\"},\"wordCount\":897,\"image\":{\"@id\":\"https:\/\/www.mojekonferencje.pl\/blog\/event-manager-jak-zostac-organizatorem-imprez\/#primaryimage\"},\"thumbnailUrl\":\"https:\/\/www.mojekonferencje.pl\/blog\/wp-content\/uploads\/2022\/02\/4.jpg\",\"keywords\":[\"organizacja imprez\",\"organizacja wydarze\u0144\"],\"articleSection\":[\"Porady\"],\"inLanguage\":\"pl-PL\"},{\"@type\":\"WebPage\",\"@id\":\"https:\/\/www.mojekonferencje.pl\/blog\/event-manager-jak-zostac-organizatorem-imprez\/\",\"url\":\"https:\/\/www.mojekonferencje.pl\/blog\/event-manager-jak-zostac-organizatorem-imprez\/\",\"name\":\"Event manager: jak zosta\u0107 organizatorem imprez? - blog | MojeKonferencje.pl\",\"isPartOf\":{\"@id\":\"https:\/\/www.mojekonferencje.pl\/blog\/#website\"},\"primaryImageOfPage\":{\"@id\":\"https:\/\/www.mojekonferencje.pl\/blog\/event-manager-jak-zostac-organizatorem-imprez\/#primaryimage\"},\"image\":{\"@id\":\"https:\/\/www.mojekonferencje.pl\/blog\/event-manager-jak-zostac-organizatorem-imprez\/#primaryimage\"},\"thumbnailUrl\":\"https:\/\/www.mojekonferencje.pl\/blog\/wp-content\/uploads\/2022\/02\/4.jpg\",\"datePublished\":\"2022-02-03T19:00:00+00:00\",\"dateModified\":\"2024-05-07T09:51:11+00:00\",\"author\":{\"@id\":\"https:\/\/www.mojekonferencje.pl\/blog\/#\/schema\/person\/d6751ca3c60de9ec17ee21b744bbb2d4\"},\"description\":\"Event manager: jak zosta\u0107 organizatorem imprez? - blog | MojeKonferencje.pl\",\"breadcrumb\":{\"@id\":\"https:\/\/www.mojekonferencje.pl\/blog\/event-manager-jak-zostac-organizatorem-imprez\/#breadcrumb\"},\"inLanguage\":\"pl-PL\",\"potentialAction\":[{\"@type\":\"ReadAction\",\"target\":[\"https:\/\/www.mojekonferencje.pl\/blog\/event-manager-jak-zostac-organizatorem-imprez\/\"]}]},{\"@type\":\"ImageObject\",\"inLanguage\":\"pl-PL\",\"@id\":\"https:\/\/www.mojekonferencje.pl\/blog\/event-manager-jak-zostac-organizatorem-imprez\/#primaryimage\",\"url\":\"https:\/\/www.mojekonferencje.pl\/blog\/wp-content\/uploads\/2022\/02\/4.jpg\",\"contentUrl\":\"https:\/\/www.mojekonferencje.pl\/blog\/wp-content\/uploads\/2022\/02\/4.jpg\",\"width\":1171,\"height\":781},{\"@type\":\"BreadcrumbList\",\"@id\":\"https:\/\/www.mojekonferencje.pl\/blog\/event-manager-jak-zostac-organizatorem-imprez\/#breadcrumb\",\"itemListElement\":[{\"@type\":\"ListItem\",\"position\":1,\"name\":\"Strona g\u0142\u00f3wna\",\"item\":\"https:\/\/www.mojekonferencje.pl\/blog\/\"},{\"@type\":\"ListItem\",\"position\":2,\"name\":\"Event manager: jak zosta\u0107 organizatorem imprez?\"}]},{\"@type\":\"WebSite\",\"@id\":\"https:\/\/www.mojekonferencje.pl\/blog\/#website\",\"url\":\"https:\/\/www.mojekonferencje.pl\/blog\/\",\"name\":\"MojeKonferencje.pl\",\"description\":\"Blog bran\u017cy szkoleniowo-konferencyjnej. W\u0142\u0105cz si\u0119 do dyskusji o obiektach konferencyjnych i nowo\u015bciach z bran\u017cy! Poznaj porady odno\u015bnie organizacji konferencji, szkole\u0144 i event\u00f3w firmowych! Zach\u0119camy do wyra\u017cania opinii oraz komentarzy.\",\"potentialAction\":[{\"@type\":\"SearchAction\",\"target\":{\"@type\":\"EntryPoint\",\"urlTemplate\":\"https:\/\/www.mojekonferencje.pl\/blog\/?s={search_term_string}\"},\"query-input\":{\"@type\":\"PropertyValueSpecification\",\"valueRequired\":true,\"valueName\":\"search_term_string\"}}],\"inLanguage\":\"pl-PL\"},{\"@type\":\"Person\",\"@id\":\"https:\/\/www.mojekonferencje.pl\/blog\/#\/schema\/person\/d6751ca3c60de9ec17ee21b744bbb2d4\",\"name\":\"Olga Stawicka-Iwanowska\",\"description\":\"Head of Marketing z ponad sze\u015bcioletnim do\u015bwiadczeniem w bran\u017cy MICE. Na co dzie\u0144 zajmuje si\u0119 content marketingiem i promocj\u0105 obiekt\u00f3w eventowych, tak aby organizatorzy kongres\u00f3w, targ\u00f3w i konferencji wiedzieli, \u017ce w\u0142a\u015bnie tam warto zrealizowa\u0107 swoje wydarzenie. Prowadzi media spo\u0142eczno\u015bciowe, tworzy strategie komunikacji, pisze artyku\u0142y i dba o sp\u00f3jny wizerunek marki w ka\u017cdym kanale. W swojej pracy \u0142\u0105czy analityczne my\u015blenie z kreatywno\u015bci\u0105 i dobrym copy. Wsp\u00f3\u0142pracuje zar\u00f3wno z organizatorami najwi\u0119kszych wydarze\u0144 w Polsce, jak i z regionalnymi partnerami z bran\u017cy. Po godzinach mi\u0142o\u015bniczka podr\u00f3\u017cy po Europie, dobrej kuchni i klimatycznych miejsc, w kt\u00f3rych mo\u017cna z\u0142apa\u0107 oddech.\",\"sameAs\":[\"http:\/\/MojeKonferencje.pl\",\"https:\/\/www.linkedin.com\/in\/olgastawicka\/\"],\"url\":\"https:\/\/www.mojekonferencje.pl\/blog\/author\/osawicka\/\"}]}<\/script>\n<!-- \/ Yoast SEO plugin. -->","yoast_head_json":{"title":"Event manager: jak zosta\u0107 organizatorem imprez? - blog | MojeKonferencje.pl","description":"Event manager: jak zosta\u0107 organizatorem imprez? - blog | MojeKonferencje.pl","robots":{"index":"index","follow":"follow","max-snippet":"max-snippet:-1","max-image-preview":"max-image-preview:large","max-video-preview":"max-video-preview:-1"},"canonical":"https:\/\/www.mojekonferencje.pl\/blog\/event-manager-jak-zostac-organizatorem-imprez\/","og_locale":"pl_PL","og_type":"article","og_title":"Event manager: jak zosta\u0107 organizatorem imprez? - blog | MojeKonferencje.pl","og_description":"Event manager: jak zosta\u0107 organizatorem imprez? - blog | MojeKonferencje.pl","og_url":"https:\/\/www.mojekonferencje.pl\/blog\/event-manager-jak-zostac-organizatorem-imprez\/","og_site_name":"MojeKonferencje.pl","article_published_time":"2022-02-03T19:00:00+00:00","article_modified_time":"2024-05-07T09:51:11+00:00","og_image":[{"width":1171,"height":781,"url":"https:\/\/www.mojekonferencje.pl\/blog\/wp-content\/uploads\/2022\/02\/4.jpg","type":"image\/jpeg"}],"author":"Olga Stawicka-Iwanowska","twitter_card":"summary_large_image","twitter_misc":{"Napisane przez":"Olga Stawicka-Iwanowska","Szacowany czas czytania":"4 minuty"},"schema":{"@context":"https:\/\/schema.org","@graph":[{"@type":"Article","@id":"https:\/\/www.mojekonferencje.pl\/blog\/event-manager-jak-zostac-organizatorem-imprez\/#article","isPartOf":{"@id":"https:\/\/www.mojekonferencje.pl\/blog\/event-manager-jak-zostac-organizatorem-imprez\/"},"author":{"name":"Olga Stawicka-Iwanowska","@id":"https:\/\/www.mojekonferencje.pl\/blog\/#\/schema\/person\/d6751ca3c60de9ec17ee21b744bbb2d4"},"headline":"Event manager: jak zosta\u0107 organizatorem imprez?","datePublished":"2022-02-03T19:00:00+00:00","dateModified":"2024-05-07T09:51:11+00:00","mainEntityOfPage":{"@id":"https:\/\/www.mojekonferencje.pl\/blog\/event-manager-jak-zostac-organizatorem-imprez\/"},"wordCount":897,"image":{"@id":"https:\/\/www.mojekonferencje.pl\/blog\/event-manager-jak-zostac-organizatorem-imprez\/#primaryimage"},"thumbnailUrl":"https:\/\/www.mojekonferencje.pl\/blog\/wp-content\/uploads\/2022\/02\/4.jpg","keywords":["organizacja imprez","organizacja wydarze\u0144"],"articleSection":["Porady"],"inLanguage":"pl-PL"},{"@type":"WebPage","@id":"https:\/\/www.mojekonferencje.pl\/blog\/event-manager-jak-zostac-organizatorem-imprez\/","url":"https:\/\/www.mojekonferencje.pl\/blog\/event-manager-jak-zostac-organizatorem-imprez\/","name":"Event manager: jak zosta\u0107 organizatorem imprez? - blog | MojeKonferencje.pl","isPartOf":{"@id":"https:\/\/www.mojekonferencje.pl\/blog\/#website"},"primaryImageOfPage":{"@id":"https:\/\/www.mojekonferencje.pl\/blog\/event-manager-jak-zostac-organizatorem-imprez\/#primaryimage"},"image":{"@id":"https:\/\/www.mojekonferencje.pl\/blog\/event-manager-jak-zostac-organizatorem-imprez\/#primaryimage"},"thumbnailUrl":"https:\/\/www.mojekonferencje.pl\/blog\/wp-content\/uploads\/2022\/02\/4.jpg","datePublished":"2022-02-03T19:00:00+00:00","dateModified":"2024-05-07T09:51:11+00:00","author":{"@id":"https:\/\/www.mojekonferencje.pl\/blog\/#\/schema\/person\/d6751ca3c60de9ec17ee21b744bbb2d4"},"description":"Event manager: jak zosta\u0107 organizatorem imprez? - blog | MojeKonferencje.pl","breadcrumb":{"@id":"https:\/\/www.mojekonferencje.pl\/blog\/event-manager-jak-zostac-organizatorem-imprez\/#breadcrumb"},"inLanguage":"pl-PL","potentialAction":[{"@type":"ReadAction","target":["https:\/\/www.mojekonferencje.pl\/blog\/event-manager-jak-zostac-organizatorem-imprez\/"]}]},{"@type":"ImageObject","inLanguage":"pl-PL","@id":"https:\/\/www.mojekonferencje.pl\/blog\/event-manager-jak-zostac-organizatorem-imprez\/#primaryimage","url":"https:\/\/www.mojekonferencje.pl\/blog\/wp-content\/uploads\/2022\/02\/4.jpg","contentUrl":"https:\/\/www.mojekonferencje.pl\/blog\/wp-content\/uploads\/2022\/02\/4.jpg","width":1171,"height":781},{"@type":"BreadcrumbList","@id":"https:\/\/www.mojekonferencje.pl\/blog\/event-manager-jak-zostac-organizatorem-imprez\/#breadcrumb","itemListElement":[{"@type":"ListItem","position":1,"name":"Strona g\u0142\u00f3wna","item":"https:\/\/www.mojekonferencje.pl\/blog\/"},{"@type":"ListItem","position":2,"name":"Event manager: jak zosta\u0107 organizatorem imprez?"}]},{"@type":"WebSite","@id":"https:\/\/www.mojekonferencje.pl\/blog\/#website","url":"https:\/\/www.mojekonferencje.pl\/blog\/","name":"MojeKonferencje.pl","description":"Blog bran\u017cy szkoleniowo-konferencyjnej. W\u0142\u0105cz si\u0119 do dyskusji o obiektach konferencyjnych i nowo\u015bciach z bran\u017cy! Poznaj porady odno\u015bnie organizacji konferencji, szkole\u0144 i event\u00f3w firmowych! Zach\u0119camy do wyra\u017cania opinii oraz komentarzy.","potentialAction":[{"@type":"SearchAction","target":{"@type":"EntryPoint","urlTemplate":"https:\/\/www.mojekonferencje.pl\/blog\/?s={search_term_string}"},"query-input":{"@type":"PropertyValueSpecification","valueRequired":true,"valueName":"search_term_string"}}],"inLanguage":"pl-PL"},{"@type":"Person","@id":"https:\/\/www.mojekonferencje.pl\/blog\/#\/schema\/person\/d6751ca3c60de9ec17ee21b744bbb2d4","name":"Olga Stawicka-Iwanowska","description":"Head of Marketing z ponad sze\u015bcioletnim do\u015bwiadczeniem w bran\u017cy MICE. Na co dzie\u0144 zajmuje si\u0119 content marketingiem i promocj\u0105 obiekt\u00f3w eventowych, tak aby organizatorzy kongres\u00f3w, targ\u00f3w i konferencji wiedzieli, \u017ce w\u0142a\u015bnie tam warto zrealizowa\u0107 swoje wydarzenie. Prowadzi media spo\u0142eczno\u015bciowe, tworzy strategie komunikacji, pisze artyku\u0142y i dba o sp\u00f3jny wizerunek marki w ka\u017cdym kanale. W swojej pracy \u0142\u0105czy analityczne my\u015blenie z kreatywno\u015bci\u0105 i dobrym copy. Wsp\u00f3\u0142pracuje zar\u00f3wno z organizatorami najwi\u0119kszych wydarze\u0144 w Polsce, jak i z regionalnymi partnerami z bran\u017cy. Po godzinach mi\u0142o\u015bniczka podr\u00f3\u017cy po Europie, dobrej kuchni i klimatycznych miejsc, w kt\u00f3rych mo\u017cna z\u0142apa\u0107 oddech.","sameAs":["http:\/\/MojeKonferencje.pl","https:\/\/www.linkedin.com\/in\/olgastawicka\/"],"url":"https:\/\/www.mojekonferencje.pl\/blog\/author\/osawicka\/"}]}},"_links":{"self":[{"href":"https:\/\/www.mojekonferencje.pl\/blog\/wp-json\/wp\/v2\/posts\/2499","targetHints":{"allow":["GET"]}}],"collection":[{"href":"https:\/\/www.mojekonferencje.pl\/blog\/wp-json\/wp\/v2\/posts"}],"about":[{"href":"https:\/\/www.mojekonferencje.pl\/blog\/wp-json\/wp\/v2\/types\/post"}],"author":[{"embeddable":true,"href":"https:\/\/www.mojekonferencje.pl\/blog\/wp-json\/wp\/v2\/users\/9"}],"replies":[{"embeddable":true,"href":"https:\/\/www.mojekonferencje.pl\/blog\/wp-json\/wp\/v2\/comments?post=2499"}],"version-history":[{"count":1,"href":"https:\/\/www.mojekonferencje.pl\/blog\/wp-json\/wp\/v2\/posts\/2499\/revisions"}],"predecessor-version":[{"id":2506,"href":"https:\/\/www.mojekonferencje.pl\/blog\/wp-json\/wp\/v2\/posts\/2499\/revisions\/2506"}],"wp:featuredmedia":[{"embeddable":true,"href":"https:\/\/www.mojekonferencje.pl\/blog\/wp-json\/wp\/v2\/media\/2500"}],"wp:attachment":[{"href":"https:\/\/www.mojekonferencje.pl\/blog\/wp-json\/wp\/v2\/media?parent=2499"}],"wp:term":[{"taxonomy":"category","embeddable":true,"href":"https:\/\/www.mojekonferencje.pl\/blog\/wp-json\/wp\/v2\/categories?post=2499"},{"taxonomy":"post_tag","embeddable":true,"href":"https:\/\/www.mojekonferencje.pl\/blog\/wp-json\/wp\/v2\/tags?post=2499"}],"curies":[{"name":"wp","href":"https:\/\/api.w.org\/{rel}","templated":true}]}}