{"id":2592,"date":"2022-02-20T23:27:22","date_gmt":"2022-02-20T21:27:22","guid":{"rendered":"https:\/\/www.mojekonferencje.pl\/blog\/?p=2592"},"modified":"2024-05-07T11:51:11","modified_gmt":"2024-05-07T09:51:11","slug":"dlaczego-warto-organizowac-imprezy-firmowe","status":"publish","type":"post","link":"https:\/\/www.mojekonferencje.pl\/blog\/dlaczego-warto-organizowac-imprezy-firmowe\/","title":{"rendered":"Dlaczego warto organizowa\u0107 imprezy firmowe?"},"content":{"rendered":"\n<p>Nie tak dawno napisali\u015bmy artyku\u0142 o tym, <a href=\"https:\/\/www.mojekonferencje.pl\/blog\/jak-zorganizowac-impreze-integracyjna\/\">jak zorganizowa\u0107 imprez\u0119 integracyjn\u0105<\/a>, a dzi\u015b pragniemy p\u00f3j\u015b\u0107 o krok dalej. Mianowicie, warto si\u0119 zastanowi\u0107, dlaczego w og\u00f3le warto jest organizowa\u0107 r\u00f3\u017cnorodne eventy dla pracownik\u00f3w. Przede wszystkim<strong> organizacja imprez firmowych <\/strong>niesie ogrom dobrej zabawy. Tego typu wydarzenia sprzyjaj\u0105 integracji i budowaniu wi\u0119zi, co z kolei przek\u0142ada si\u0119 na lepsze wyniki danej firmy. Okazuje si\u0119 jednak, \u017ce tych zalet jest o wiele wi\u0119cej. I w\u0142a\u015bnie o nich b\u0119dzie \u00f3w tekst.<\/p>\n\n\n\n<h2 class=\"has-text-align-center wp-block-heading\">Imprezy firmowe<\/h2>\n\n\n\n<p><br><strong>Organizacja imprez dla firm<\/strong> mo\u017ce mie\u0107 r\u00f3\u017cne oblicza. <strong>Eventy firmowe <\/strong>mog\u0105 bowiem przybiera\u0107 form\u0119 gier i zabaw integracyjnych, jak i team buildingu. Niezale\u017cnie jednak od tego, co wybierzesz, musisz dok\u0142adnie wiedzie\u0107, po co to robisz. Nie jest tajemnic\u0105, \u017ce im wi\u0119cej czasu ludzie zaczynaj\u0105 ze sob\u0105 sp\u0119dza\u0107, tym te\u017c zyskuj\u0105 wi\u0119ksz\u0105 przestrze\u0144 na zawieranie r\u00f3\u017cnorodnych relacji. I cho\u0107 w pracy statystycznie sp\u0119dza si\u0119 sporo godzin, to jednak nie zawsze obowi\u0105zki mo\u017cna pogodzi\u0107 z dobrym poznaniem si\u0119 i z budowaniem trwa\u0142ych wi\u0119zi. W zwi\u0105zku z tym na ratunek przychodz\u0105<strong> imprezy firmowe<\/strong>. <\/p>\n\n\n\n<figure class=\"wp-block-image size-large\"><img loading=\"lazy\" decoding=\"async\" width=\"774\" height=\"581\" src=\"https:\/\/www.mojekonferencje.pl\/blog\/wp-content\/uploads\/2022\/02\/INTEGRO.jpg\" alt=\"\" class=\"wp-image-2594 lazyload\" data-srcset=\"https:\/\/www.mojekonferencje.pl\/blog\/wp-content\/uploads\/2022\/02\/INTEGRO.jpg 774w, https:\/\/www.mojekonferencje.pl\/blog\/wp-content\/uploads\/2022\/02\/INTEGRO-300x225.jpg 300w, https:\/\/www.mojekonferencje.pl\/blog\/wp-content\/uploads\/2022\/02\/INTEGRO-768x576.jpg 768w\" sizes=\"auto\" \/><\/figure>\n\n\n\n<p>Podczas tego typu przedsi\u0119wzi\u0119\u0107 przede wszystkim poprawie ulega komunikacja w zespole. Na co dzie\u0144 w pracy wprawdzie trudno jest rozmawia\u0107 o czym\u015b innym, ni\u017c o obowi\u0105zkach czy o planach na wiecz\u00f3r. Tak naprawd\u0119 dopiero w innych okoliczno\u015bciach mo\u017cna si\u0119 wymieni\u0107 informacjami na temat swoich pasji, marze\u0144 czy zabawnych historii z przesz\u0142o\u015bci. Ludzie dzi\u0119ki imprezom po prostu lepiej si\u0119 poznaj\u0105. W bezpo\u015bredni spos\u00f3b wp\u0142ywa to na zmniejszenie dystansu pomi\u0119dzy pracownikami. Szczeg\u00f3lnie wida\u0107 to w relacji pracodawca-pracownik. W\u00f3wczas cz\u0119sto okazuje si\u0119, \u017ce prze\u0142o\u017cony daje si\u0119 pozna\u0107 zupe\u0142nie z innej strony. <\/p>\n\n\n\n<p>Kolejn\u0105 zalet\u0105 jest oczywi\u015bcie budowanie zgranego zespo\u0142u. Wzajemne poznawanie si\u0119 i branie udzia\u0142u we wszelkich zabawach sprawia, \u017ce wi\u0119zi pomi\u0119dzy lud\u017ami si\u0119 zacie\u015bniaj\u0105. Wzajemna wsp\u00f3\u0142praca przek\u0142ada si\u0119 na dobr\u0105 atmosfer\u0119, co z kolei mo\u017cna zauwa\u017cy\u0107 w lepszym samopoczuciu pracownik\u00f3w. Im lepiej czuj\u0105 si\u0119 oni w miejscu pracy, tym s\u0105 te\u017c bardziej szcz\u0119\u015bliwi, a w rezultacie wzrasta ich efektywno\u015b\u0107. Z tego wszystkiego wynika kolejna zaleta. <strong>Organizacja imprez firmowych <\/strong>skutecznie wzmacnia poczucie przynale\u017cno\u015bci do danej firmy. Im bardziej pracownicy s\u0105 przywi\u0105zani do siebie nawzajem, tym oczywi\u015bcie te\u017c mniej ch\u0119tnie zmieniaj\u0105 swoje miejsce pracy. <\/p>\n\n\n\n<p>Ponadto <strong>eventy firmowe<\/strong> maj\u0105 bardzo du\u017ce znaczenie wzgl\u0119dem nowych pracownik\u00f3w. Do\u0142\u0105czenie do jakiego\u015b zespo\u0142u zawsze jest w jaki\u015b spos\u00f3b stresuj\u0105ce. Dlatego te\u017c warto jest zadba\u0107 o to, by odpowiednio wprowadzi\u0107 now\u0105 osob\u0119 do firmy. W takim przypadku<strong> impreza firmowa<\/strong> nie tylko zminimalizuje stres, ale te\u017c sprawia, \u017ce nowy pracownik szybciej ma szans\u0119 poczu\u0107 przynale\u017cno\u015b\u0107 do danego zespo\u0142u.<\/p>\n\n\n\n<figure class=\"wp-block-image size-large\"><img loading=\"lazy\" decoding=\"async\" width=\"1024\" height=\"683\" src=\"https:\/\/www.mojekonferencje.pl\/blog\/wp-content\/uploads\/2022\/02\/INTEGRO2-1024x683.jpg\" alt=\"\" class=\"wp-image-2595 lazyload\" data-srcset=\"https:\/\/www.mojekonferencje.pl\/blog\/wp-content\/uploads\/2022\/02\/INTEGRO2-1024x683.jpg 1024w, https:\/\/www.mojekonferencje.pl\/blog\/wp-content\/uploads\/2022\/02\/INTEGRO2-300x200.jpg 300w, https:\/\/www.mojekonferencje.pl\/blog\/wp-content\/uploads\/2022\/02\/INTEGRO2-768x512.jpg 768w, https:\/\/www.mojekonferencje.pl\/blog\/wp-content\/uploads\/2022\/02\/INTEGRO2.jpg 1170w\" sizes=\"auto\" \/><\/figure>\n\n\n\n<h2 class=\"has-text-align-center wp-block-heading\">Organizacja imprez firmowych<\/h2>\n\n\n\n<p><br><strong>Imprezy firmowe<\/strong> oczywi\u015bcie nie s\u0105 obowi\u0105zkiem dla ka\u017cdego przedsi\u0119biorstwa. Wszystko zale\u017cy bowiem od profilu firmy czy trybu pracy. Uwa\u017camy jednak, \u017ce to doskona\u0142y pomys\u0142 dla pracodawc\u00f3w, kt\u00f3rym zale\u017cy na tym, by dany zesp\u00f3\u0142 pracownik\u00f3w by\u0142 zgrany. Wsp\u00f3\u0142cze\u015bnie istnieje tak wiele r\u00f3\u017cnych propozycji na spotkania integracyjne i eventy, \u017ce z pewno\u015bci\u0105 ka\u017cdy znajdzie w\u015br\u00f3d nich co\u015b dla siebie. <strong>Organizacja imprez dla firm<\/strong> naprawd\u0119 wiele wnosi do ka\u017cdego zespo\u0142u &#8211; niezale\u017cnie od tego, z ilu os\u00f3b si\u0119 on sk\u0142ada. Budowanie poczucia przynale\u017cno\u015bci oraz dobrej atmosfery przydaje si\u0119 zar\u00f3wno w kameralnych grupach, jak i w tych znacznie wi\u0119kszych. <\/p>\n\n\n\n<p>Cykliczne<strong> imprezy firmowe<\/strong> wp\u0142ywaj\u0105 na wiele aspekt\u00f3w funkcjonowania firmy. Zmniejszaj\u0105 napi\u0119cie, skracaj\u0105 dystans, a tak\u017ce sprzyjaj\u0105 pracy grupowej. Warto mie\u0107 to wszystko na wzgl\u0119dzie, je\u015bli chce si\u0119 stworzy\u0107 takie miejsce pracy, do kt\u00f3rego pracownicy b\u0119d\u0105 przychodzili z rado\u015bci\u0105 i zaanga\u017cowaniem. Czy<strong> imprezy firmowe<\/strong> w tym pomagaj\u0105? Nie mamy co do tego najmniejszych w\u0105tpliwo\u015bci!<\/p>\n\n\n\n<figure class=\"wp-block-image size-large\"><img loading=\"lazy\" decoding=\"async\" width=\"1024\" height=\"683\" src=\"https:\/\/www.mojekonferencje.pl\/blog\/wp-content\/uploads\/2022\/02\/INTEGRO_-1024x683.jpg\" alt=\"\" class=\"wp-image-2596 lazyload\" data-srcset=\"https:\/\/www.mojekonferencje.pl\/blog\/wp-content\/uploads\/2022\/02\/INTEGRO_-1024x683.jpg 1024w, https:\/\/www.mojekonferencje.pl\/blog\/wp-content\/uploads\/2022\/02\/INTEGRO_-300x200.jpg 300w, https:\/\/www.mojekonferencje.pl\/blog\/wp-content\/uploads\/2022\/02\/INTEGRO_-768x512.jpg 768w, https:\/\/www.mojekonferencje.pl\/blog\/wp-content\/uploads\/2022\/02\/INTEGRO_.jpg 1170w\" sizes=\"auto\" \/><\/figure>\n\n\n\n<p>A je\u015bli interesuj\u0105 Ci\u0119 miejsca na organizacj\u0119 event\u00f3w firmowych, koniecznie sprawd\u017a nasze propozycje obiekt\u00f3w. Warto wzi\u0105\u0107 pod uwag\u0119 zar\u00f3wno <a href=\"https:\/\/www.mojekonferencje.pl\/obiekty-konferencyjne-nad-morzem\">hotele nad morzem<\/a>, <a href=\"https:\/\/www.mojekonferencje.pl\/obiekty-konferencyjne-na-mazurach\">obiekty na integracj\u0119 na Mazurach<\/a> czy <a href=\"https:\/\/www.mojekonferencje.pl\/obiekty-konferencyjne-w-gorach\">hotele w g\u00f3rach na imprezy firmowe<\/a>.<\/p>\n","protected":false},"excerpt":{"rendered":"<p>Wiele m\u00f3wi si\u0119 o pomys\u0142ach i miejscach na imprezy firmowe&#8230; ale w zasadzie dlaczego w og\u00f3le warto je organizowa\u0107?<\/p>\n","protected":false},"author":9,"featured_media":2593,"comment_status":"closed","ping_status":"closed","sticky":false,"template":"","format":"standard","meta":{"_acf_changed":false,"footnotes":""},"categories":[8,7],"tags":[353],"class_list":["post-2592","post","type-post","status-publish","format-standard","has-post-thumbnail","hentry","category-porady","category-wydarzenia","tag-organizacja-imprez"],"acf":[],"yoast_head":"<!-- This site is optimized with the Yoast SEO plugin v27.1.1 - https:\/\/yoast.com\/product\/yoast-seo-wordpress\/ -->\n<title>Dlaczego warto organizowa\u0107 imprezy firmowe? - blog | MojeKonferencje.pl<\/title>\n<meta name=\"description\" content=\"Dlaczego warto organizowa\u0107 imprezy firmowe? - blog | MojeKonferencje.pl\" \/>\n<meta name=\"robots\" content=\"index, follow, max-snippet:-1, max-image-preview:large, max-video-preview:-1\" \/>\n<link rel=\"canonical\" href=\"https:\/\/www.mojekonferencje.pl\/blog\/dlaczego-warto-organizowac-imprezy-firmowe\/\" \/>\n<meta property=\"og:locale\" content=\"pl_PL\" \/>\n<meta property=\"og:type\" content=\"article\" \/>\n<meta property=\"og:title\" content=\"Dlaczego warto organizowa\u0107 imprezy firmowe? - blog | MojeKonferencje.pl\" \/>\n<meta property=\"og:description\" content=\"Dlaczego warto organizowa\u0107 imprezy firmowe? - blog | MojeKonferencje.pl\" \/>\n<meta property=\"og:url\" content=\"https:\/\/www.mojekonferencje.pl\/blog\/dlaczego-warto-organizowac-imprezy-firmowe\/\" \/>\n<meta property=\"og:site_name\" content=\"MojeKonferencje.pl\" \/>\n<meta property=\"article:published_time\" content=\"2022-02-20T21:27:22+00:00\" \/>\n<meta property=\"article:modified_time\" content=\"2024-05-07T09:51:11+00:00\" \/>\n<meta property=\"og:image\" content=\"https:\/\/www.mojekonferencje.pl\/blog\/wp-content\/uploads\/2022\/02\/INTEGRO1.jpg\" \/>\n\t<meta property=\"og:image:width\" content=\"1196\" \/>\n\t<meta property=\"og:image:height\" content=\"774\" \/>\n\t<meta property=\"og:image:type\" content=\"image\/jpeg\" \/>\n<meta name=\"author\" content=\"Olga Stawicka-Iwanowska\" \/>\n<meta name=\"twitter:card\" content=\"summary_large_image\" \/>\n<meta name=\"twitter:label1\" content=\"Napisane przez\" \/>\n\t<meta name=\"twitter:data1\" content=\"Olga Stawicka-Iwanowska\" \/>\n\t<meta name=\"twitter:label2\" content=\"Szacowany czas czytania\" \/>\n\t<meta name=\"twitter:data2\" content=\"4 minuty\" \/>\n<script type=\"application\/ld+json\" class=\"yoast-schema-graph\">{\"@context\":\"https:\/\/schema.org\",\"@graph\":[{\"@type\":\"Article\",\"@id\":\"https:\/\/www.mojekonferencje.pl\/blog\/dlaczego-warto-organizowac-imprezy-firmowe\/#article\",\"isPartOf\":{\"@id\":\"https:\/\/www.mojekonferencje.pl\/blog\/dlaczego-warto-organizowac-imprezy-firmowe\/\"},\"author\":{\"name\":\"Olga Stawicka-Iwanowska\",\"@id\":\"https:\/\/www.mojekonferencje.pl\/blog\/#\/schema\/person\/d6751ca3c60de9ec17ee21b744bbb2d4\"},\"headline\":\"Dlaczego warto organizowa\u0107 imprezy firmowe?\",\"datePublished\":\"2022-02-20T21:27:22+00:00\",\"dateModified\":\"2024-05-07T09:51:11+00:00\",\"mainEntityOfPage\":{\"@id\":\"https:\/\/www.mojekonferencje.pl\/blog\/dlaczego-warto-organizowac-imprezy-firmowe\/\"},\"wordCount\":708,\"image\":{\"@id\":\"https:\/\/www.mojekonferencje.pl\/blog\/dlaczego-warto-organizowac-imprezy-firmowe\/#primaryimage\"},\"thumbnailUrl\":\"https:\/\/www.mojekonferencje.pl\/blog\/wp-content\/uploads\/2022\/02\/INTEGRO1.jpg\",\"keywords\":[\"organizacja imprez\"],\"articleSection\":[\"Porady\",\"Wydarzenia\"],\"inLanguage\":\"pl-PL\"},{\"@type\":\"WebPage\",\"@id\":\"https:\/\/www.mojekonferencje.pl\/blog\/dlaczego-warto-organizowac-imprezy-firmowe\/\",\"url\":\"https:\/\/www.mojekonferencje.pl\/blog\/dlaczego-warto-organizowac-imprezy-firmowe\/\",\"name\":\"Dlaczego warto organizowa\u0107 imprezy firmowe? - blog | MojeKonferencje.pl\",\"isPartOf\":{\"@id\":\"https:\/\/www.mojekonferencje.pl\/blog\/#website\"},\"primaryImageOfPage\":{\"@id\":\"https:\/\/www.mojekonferencje.pl\/blog\/dlaczego-warto-organizowac-imprezy-firmowe\/#primaryimage\"},\"image\":{\"@id\":\"https:\/\/www.mojekonferencje.pl\/blog\/dlaczego-warto-organizowac-imprezy-firmowe\/#primaryimage\"},\"thumbnailUrl\":\"https:\/\/www.mojekonferencje.pl\/blog\/wp-content\/uploads\/2022\/02\/INTEGRO1.jpg\",\"datePublished\":\"2022-02-20T21:27:22+00:00\",\"dateModified\":\"2024-05-07T09:51:11+00:00\",\"author\":{\"@id\":\"https:\/\/www.mojekonferencje.pl\/blog\/#\/schema\/person\/d6751ca3c60de9ec17ee21b744bbb2d4\"},\"description\":\"Dlaczego warto organizowa\u0107 imprezy firmowe? - blog | MojeKonferencje.pl\",\"breadcrumb\":{\"@id\":\"https:\/\/www.mojekonferencje.pl\/blog\/dlaczego-warto-organizowac-imprezy-firmowe\/#breadcrumb\"},\"inLanguage\":\"pl-PL\",\"potentialAction\":[{\"@type\":\"ReadAction\",\"target\":[\"https:\/\/www.mojekonferencje.pl\/blog\/dlaczego-warto-organizowac-imprezy-firmowe\/\"]}]},{\"@type\":\"ImageObject\",\"inLanguage\":\"pl-PL\",\"@id\":\"https:\/\/www.mojekonferencje.pl\/blog\/dlaczego-warto-organizowac-imprezy-firmowe\/#primaryimage\",\"url\":\"https:\/\/www.mojekonferencje.pl\/blog\/wp-content\/uploads\/2022\/02\/INTEGRO1.jpg\",\"contentUrl\":\"https:\/\/www.mojekonferencje.pl\/blog\/wp-content\/uploads\/2022\/02\/INTEGRO1.jpg\",\"width\":1196,\"height\":774},{\"@type\":\"BreadcrumbList\",\"@id\":\"https:\/\/www.mojekonferencje.pl\/blog\/dlaczego-warto-organizowac-imprezy-firmowe\/#breadcrumb\",\"itemListElement\":[{\"@type\":\"ListItem\",\"position\":1,\"name\":\"Strona g\u0142\u00f3wna\",\"item\":\"https:\/\/www.mojekonferencje.pl\/blog\/\"},{\"@type\":\"ListItem\",\"position\":2,\"name\":\"Dlaczego warto organizowa\u0107 imprezy firmowe?\"}]},{\"@type\":\"WebSite\",\"@id\":\"https:\/\/www.mojekonferencje.pl\/blog\/#website\",\"url\":\"https:\/\/www.mojekonferencje.pl\/blog\/\",\"name\":\"MojeKonferencje.pl\",\"description\":\"Blog bran\u017cy szkoleniowo-konferencyjnej. W\u0142\u0105cz si\u0119 do dyskusji o obiektach konferencyjnych i nowo\u015bciach z bran\u017cy! Poznaj porady odno\u015bnie organizacji konferencji, szkole\u0144 i event\u00f3w firmowych! Zach\u0119camy do wyra\u017cania opinii oraz komentarzy.\",\"potentialAction\":[{\"@type\":\"SearchAction\",\"target\":{\"@type\":\"EntryPoint\",\"urlTemplate\":\"https:\/\/www.mojekonferencje.pl\/blog\/?s={search_term_string}\"},\"query-input\":{\"@type\":\"PropertyValueSpecification\",\"valueRequired\":true,\"valueName\":\"search_term_string\"}}],\"inLanguage\":\"pl-PL\"},{\"@type\":\"Person\",\"@id\":\"https:\/\/www.mojekonferencje.pl\/blog\/#\/schema\/person\/d6751ca3c60de9ec17ee21b744bbb2d4\",\"name\":\"Olga Stawicka-Iwanowska\",\"description\":\"Head of Marketing z ponad sze\u015bcioletnim do\u015bwiadczeniem w bran\u017cy MICE. Na co dzie\u0144 zajmuje si\u0119 content marketingiem i promocj\u0105 obiekt\u00f3w eventowych, tak aby organizatorzy kongres\u00f3w, targ\u00f3w i konferencji wiedzieli, \u017ce w\u0142a\u015bnie tam warto zrealizowa\u0107 swoje wydarzenie. Prowadzi media spo\u0142eczno\u015bciowe, tworzy strategie komunikacji, pisze artyku\u0142y i dba o sp\u00f3jny wizerunek marki w ka\u017cdym kanale. W swojej pracy \u0142\u0105czy analityczne my\u015blenie z kreatywno\u015bci\u0105 i dobrym copy. Wsp\u00f3\u0142pracuje zar\u00f3wno z organizatorami najwi\u0119kszych wydarze\u0144 w Polsce, jak i z regionalnymi partnerami z bran\u017cy. Po godzinach mi\u0142o\u015bniczka podr\u00f3\u017cy po Europie, dobrej kuchni i klimatycznych miejsc, w kt\u00f3rych mo\u017cna z\u0142apa\u0107 oddech.\",\"sameAs\":[\"http:\/\/MojeKonferencje.pl\",\"https:\/\/www.linkedin.com\/in\/olgastawicka\/\"],\"url\":\"https:\/\/www.mojekonferencje.pl\/blog\/author\/osawicka\/\"}]}<\/script>\n<!-- \/ Yoast SEO plugin. -->","yoast_head_json":{"title":"Dlaczego warto organizowa\u0107 imprezy firmowe? - blog | MojeKonferencje.pl","description":"Dlaczego warto organizowa\u0107 imprezy firmowe? - blog | MojeKonferencje.pl","robots":{"index":"index","follow":"follow","max-snippet":"max-snippet:-1","max-image-preview":"max-image-preview:large","max-video-preview":"max-video-preview:-1"},"canonical":"https:\/\/www.mojekonferencje.pl\/blog\/dlaczego-warto-organizowac-imprezy-firmowe\/","og_locale":"pl_PL","og_type":"article","og_title":"Dlaczego warto organizowa\u0107 imprezy firmowe? - blog | MojeKonferencje.pl","og_description":"Dlaczego warto organizowa\u0107 imprezy firmowe? - blog | MojeKonferencje.pl","og_url":"https:\/\/www.mojekonferencje.pl\/blog\/dlaczego-warto-organizowac-imprezy-firmowe\/","og_site_name":"MojeKonferencje.pl","article_published_time":"2022-02-20T21:27:22+00:00","article_modified_time":"2024-05-07T09:51:11+00:00","og_image":[{"width":1196,"height":774,"url":"https:\/\/www.mojekonferencje.pl\/blog\/wp-content\/uploads\/2022\/02\/INTEGRO1.jpg","type":"image\/jpeg"}],"author":"Olga Stawicka-Iwanowska","twitter_card":"summary_large_image","twitter_misc":{"Napisane przez":"Olga Stawicka-Iwanowska","Szacowany czas czytania":"4 minuty"},"schema":{"@context":"https:\/\/schema.org","@graph":[{"@type":"Article","@id":"https:\/\/www.mojekonferencje.pl\/blog\/dlaczego-warto-organizowac-imprezy-firmowe\/#article","isPartOf":{"@id":"https:\/\/www.mojekonferencje.pl\/blog\/dlaczego-warto-organizowac-imprezy-firmowe\/"},"author":{"name":"Olga Stawicka-Iwanowska","@id":"https:\/\/www.mojekonferencje.pl\/blog\/#\/schema\/person\/d6751ca3c60de9ec17ee21b744bbb2d4"},"headline":"Dlaczego warto organizowa\u0107 imprezy firmowe?","datePublished":"2022-02-20T21:27:22+00:00","dateModified":"2024-05-07T09:51:11+00:00","mainEntityOfPage":{"@id":"https:\/\/www.mojekonferencje.pl\/blog\/dlaczego-warto-organizowac-imprezy-firmowe\/"},"wordCount":708,"image":{"@id":"https:\/\/www.mojekonferencje.pl\/blog\/dlaczego-warto-organizowac-imprezy-firmowe\/#primaryimage"},"thumbnailUrl":"https:\/\/www.mojekonferencje.pl\/blog\/wp-content\/uploads\/2022\/02\/INTEGRO1.jpg","keywords":["organizacja imprez"],"articleSection":["Porady","Wydarzenia"],"inLanguage":"pl-PL"},{"@type":"WebPage","@id":"https:\/\/www.mojekonferencje.pl\/blog\/dlaczego-warto-organizowac-imprezy-firmowe\/","url":"https:\/\/www.mojekonferencje.pl\/blog\/dlaczego-warto-organizowac-imprezy-firmowe\/","name":"Dlaczego warto organizowa\u0107 imprezy firmowe? - blog | MojeKonferencje.pl","isPartOf":{"@id":"https:\/\/www.mojekonferencje.pl\/blog\/#website"},"primaryImageOfPage":{"@id":"https:\/\/www.mojekonferencje.pl\/blog\/dlaczego-warto-organizowac-imprezy-firmowe\/#primaryimage"},"image":{"@id":"https:\/\/www.mojekonferencje.pl\/blog\/dlaczego-warto-organizowac-imprezy-firmowe\/#primaryimage"},"thumbnailUrl":"https:\/\/www.mojekonferencje.pl\/blog\/wp-content\/uploads\/2022\/02\/INTEGRO1.jpg","datePublished":"2022-02-20T21:27:22+00:00","dateModified":"2024-05-07T09:51:11+00:00","author":{"@id":"https:\/\/www.mojekonferencje.pl\/blog\/#\/schema\/person\/d6751ca3c60de9ec17ee21b744bbb2d4"},"description":"Dlaczego warto organizowa\u0107 imprezy firmowe? - blog | MojeKonferencje.pl","breadcrumb":{"@id":"https:\/\/www.mojekonferencje.pl\/blog\/dlaczego-warto-organizowac-imprezy-firmowe\/#breadcrumb"},"inLanguage":"pl-PL","potentialAction":[{"@type":"ReadAction","target":["https:\/\/www.mojekonferencje.pl\/blog\/dlaczego-warto-organizowac-imprezy-firmowe\/"]}]},{"@type":"ImageObject","inLanguage":"pl-PL","@id":"https:\/\/www.mojekonferencje.pl\/blog\/dlaczego-warto-organizowac-imprezy-firmowe\/#primaryimage","url":"https:\/\/www.mojekonferencje.pl\/blog\/wp-content\/uploads\/2022\/02\/INTEGRO1.jpg","contentUrl":"https:\/\/www.mojekonferencje.pl\/blog\/wp-content\/uploads\/2022\/02\/INTEGRO1.jpg","width":1196,"height":774},{"@type":"BreadcrumbList","@id":"https:\/\/www.mojekonferencje.pl\/blog\/dlaczego-warto-organizowac-imprezy-firmowe\/#breadcrumb","itemListElement":[{"@type":"ListItem","position":1,"name":"Strona g\u0142\u00f3wna","item":"https:\/\/www.mojekonferencje.pl\/blog\/"},{"@type":"ListItem","position":2,"name":"Dlaczego warto organizowa\u0107 imprezy firmowe?"}]},{"@type":"WebSite","@id":"https:\/\/www.mojekonferencje.pl\/blog\/#website","url":"https:\/\/www.mojekonferencje.pl\/blog\/","name":"MojeKonferencje.pl","description":"Blog bran\u017cy szkoleniowo-konferencyjnej. W\u0142\u0105cz si\u0119 do dyskusji o obiektach konferencyjnych i nowo\u015bciach z bran\u017cy! Poznaj porady odno\u015bnie organizacji konferencji, szkole\u0144 i event\u00f3w firmowych! Zach\u0119camy do wyra\u017cania opinii oraz komentarzy.","potentialAction":[{"@type":"SearchAction","target":{"@type":"EntryPoint","urlTemplate":"https:\/\/www.mojekonferencje.pl\/blog\/?s={search_term_string}"},"query-input":{"@type":"PropertyValueSpecification","valueRequired":true,"valueName":"search_term_string"}}],"inLanguage":"pl-PL"},{"@type":"Person","@id":"https:\/\/www.mojekonferencje.pl\/blog\/#\/schema\/person\/d6751ca3c60de9ec17ee21b744bbb2d4","name":"Olga Stawicka-Iwanowska","description":"Head of Marketing z ponad sze\u015bcioletnim do\u015bwiadczeniem w bran\u017cy MICE. Na co dzie\u0144 zajmuje si\u0119 content marketingiem i promocj\u0105 obiekt\u00f3w eventowych, tak aby organizatorzy kongres\u00f3w, targ\u00f3w i konferencji wiedzieli, \u017ce w\u0142a\u015bnie tam warto zrealizowa\u0107 swoje wydarzenie. Prowadzi media spo\u0142eczno\u015bciowe, tworzy strategie komunikacji, pisze artyku\u0142y i dba o sp\u00f3jny wizerunek marki w ka\u017cdym kanale. W swojej pracy \u0142\u0105czy analityczne my\u015blenie z kreatywno\u015bci\u0105 i dobrym copy. Wsp\u00f3\u0142pracuje zar\u00f3wno z organizatorami najwi\u0119kszych wydarze\u0144 w Polsce, jak i z regionalnymi partnerami z bran\u017cy. Po godzinach mi\u0142o\u015bniczka podr\u00f3\u017cy po Europie, dobrej kuchni i klimatycznych miejsc, w kt\u00f3rych mo\u017cna z\u0142apa\u0107 oddech.","sameAs":["http:\/\/MojeKonferencje.pl","https:\/\/www.linkedin.com\/in\/olgastawicka\/"],"url":"https:\/\/www.mojekonferencje.pl\/blog\/author\/osawicka\/"}]}},"_links":{"self":[{"href":"https:\/\/www.mojekonferencje.pl\/blog\/wp-json\/wp\/v2\/posts\/2592","targetHints":{"allow":["GET"]}}],"collection":[{"href":"https:\/\/www.mojekonferencje.pl\/blog\/wp-json\/wp\/v2\/posts"}],"about":[{"href":"https:\/\/www.mojekonferencje.pl\/blog\/wp-json\/wp\/v2\/types\/post"}],"author":[{"embeddable":true,"href":"https:\/\/www.mojekonferencje.pl\/blog\/wp-json\/wp\/v2\/users\/9"}],"replies":[{"embeddable":true,"href":"https:\/\/www.mojekonferencje.pl\/blog\/wp-json\/wp\/v2\/comments?post=2592"}],"version-history":[{"count":1,"href":"https:\/\/www.mojekonferencje.pl\/blog\/wp-json\/wp\/v2\/posts\/2592\/revisions"}],"predecessor-version":[{"id":2597,"href":"https:\/\/www.mojekonferencje.pl\/blog\/wp-json\/wp\/v2\/posts\/2592\/revisions\/2597"}],"wp:featuredmedia":[{"embeddable":true,"href":"https:\/\/www.mojekonferencje.pl\/blog\/wp-json\/wp\/v2\/media\/2593"}],"wp:attachment":[{"href":"https:\/\/www.mojekonferencje.pl\/blog\/wp-json\/wp\/v2\/media?parent=2592"}],"wp:term":[{"taxonomy":"category","embeddable":true,"href":"https:\/\/www.mojekonferencje.pl\/blog\/wp-json\/wp\/v2\/categories?post=2592"},{"taxonomy":"post_tag","embeddable":true,"href":"https:\/\/www.mojekonferencje.pl\/blog\/wp-json\/wp\/v2\/tags?post=2592"}],"curies":[{"name":"wp","href":"https:\/\/api.w.org\/{rel}","templated":true}]}}