{"id":2738,"date":"2022-03-31T20:59:20","date_gmt":"2022-03-31T18:59:20","guid":{"rendered":"https:\/\/www.mojekonferencje.pl\/blog\/?p=2738"},"modified":"2024-05-07T11:51:09","modified_gmt":"2024-05-07T09:51:09","slug":"najwieksze-sale-konferencyjne-w-polsce","status":"publish","type":"post","link":"https:\/\/www.mojekonferencje.pl\/blog\/najwieksze-sale-konferencyjne-w-polsce\/","title":{"rendered":"Najwi\u0119ksze sale konferencyjne w Polsce"},"content":{"rendered":"\n<p>Nieskromnie musimy przyzna\u0107, \u017ce pisanie o salach konferencyjnych to nasza specjalno\u015b\u0107. Do tej pory na blogu znalaz\u0142y si\u0119 m.in. posty takie jak <a href=\"https:\/\/www.mojekonferencje.pl\/blog\/sale-do-wynajecia-katowice\/\">sale do wynaj\u0119cia Katowice<\/a> czy <a href=\"https:\/\/www.mojekonferencje.pl\/blog\/sale-do-wynajecia-krakow\/\">sale do wynaj\u0119cia Krak\u00f3w<\/a>. Dzi\u015b jednak zamiast skupia\u0107 si\u0119 na konkretnym mie\u015bcie lub wojew\u00f3dztwie, wska\u017cemy <strong>najwi\u0119ksze sale konferencyjne w Polsce<\/strong>. S\u0105 one usytuowane w r\u00f3\u017cnych cz\u0119\u015bciach kraju. W rezultacie wi\u0119c, je\u015bli chcesz zorganizowa\u0107 event dla nawet kilku tysi\u0119cy os\u00f3b, w tym artykule znajdziesz a\u017c 10 propozycji najlepszych miejsc. By\u0107 mo\u017ce znajdziesz w\u015br\u00f3d nich to, kt\u00f3re stanie si\u0119 t\u0142em dla Twojego przedsi\u0119wzi\u0119cia.<\/p>\n\n\n\n<h2 class=\"has-text-align-center wp-block-heading\"><a href=\"https:\/\/www.mojekonferencje.pl\/lublin\/targi-lublin-sa\"><span class=\"has-inline-color has-vivid-purple-color\"><span style=\"text-decoration: underline;\">Targi Lublin SA<\/span><\/span><\/a><\/h2>\n\n\n\n<p><br><a href=\"https:\/\/www.mojekonferencje.pl\/sale-konferencyjne-lublin\">Sale konferencyjne w Lublinie<\/a> ju\u017c nie raz zrobi\u0142y na nas ogromne wra\u017cenie. Mamy na my\u015bli zar\u00f3wno ich aran\u017cacj\u0119, wyposa\u017cenie czy wysoki standard us\u0142ug. Nie wszyscy jednak wiedz\u0105, \u017ce r\u00f3wnie imponuj\u0105ca jest te\u017c wielko\u015b\u0107 niekt\u00f3rych z tych pomieszcze\u0144. Odpowiedni przyk\u0142ad stanowi\u0105 Targi Lublin SA po\u0142o\u017cone przy ulicy Dworcowej 11. W obiekcie tym z powodzeniem mog\u0105 si\u0119 odby\u0107 r\u00f3\u017cnorodne gale, bankiety, konferencje, czy imprezy masowe. Targi do dyspozycji go\u015bci oddaj\u0119 dwie sale konferencyjne, z czego ka\u017cda z nich pozwala na zaproszenie do 150 os\u00f3b. Znajduj\u0105 si\u0119 tam r\u00f3wnie\u017c dwie Hale &#8211; A i B. Pierwsza z nich jest w stanie pomie\u015bci\u0107 1500 go\u015bci, a druga &#8211; nawet 5000. To odpowiednie miejsce nawet dla najbardziej wymagaj\u0105cych organizator\u00f3w wydarze\u0144!<\/p>\n\n\n\n<figure class=\"wp-block-image size-large\"><img loading=\"lazy\" decoding=\"async\" width=\"1024\" height=\"801\" src=\"https:\/\/www.mojekonferencje.pl\/blog\/wp-content\/uploads\/2022\/03\/1-3-1024x801.jpg\" alt=\"\" class=\"wp-image-2740 lazyload\" data-srcset=\"https:\/\/www.mojekonferencje.pl\/blog\/wp-content\/uploads\/2022\/03\/1-3-1024x801.jpg 1024w, https:\/\/www.mojekonferencje.pl\/blog\/wp-content\/uploads\/2022\/03\/1-3-300x235.jpg 300w, https:\/\/www.mojekonferencje.pl\/blog\/wp-content\/uploads\/2022\/03\/1-3-768x601.jpg 768w, https:\/\/www.mojekonferencje.pl\/blog\/wp-content\/uploads\/2022\/03\/1-3-1536x1201.jpg 1536w, https:\/\/www.mojekonferencje.pl\/blog\/wp-content\/uploads\/2022\/03\/1-3-2048x1602.jpg 2048w\" sizes=\"auto\" \/><\/figure>\n\n\n\n<h2 class=\"has-text-align-center wp-block-heading\"><br><a href=\"https:\/\/www.mojekonferencje.pl\/bydgoszcz\/bydgoskie-centrum-sportu\"><span class=\"has-inline-color has-vivid-purple-color\"><span style=\"text-decoration: underline;\">Bydgoskie Centrum Sportu &#8211; konferencje i szkolenia<\/span><\/span><\/a><\/h2>\n\n\n\n<p><br><a href=\"https:\/\/www.mojekonferencje.pl\/konferencje-kujawsko-pomorskie\">Obiekty konferencyjne w wojew\u00f3dztwie kujawsko-pomorskim<\/a> r\u00f3wnie\u017c maj\u0105 wiele do zaoferowania. \u015awiadczy o tym chocia\u017cby oferta tego centrum szkoleniowo-konferencyjnego, kt\u00f3re po\u0142o\u017cone jest w Bydgoszczy. Mie\u015bci si\u0119 ono dok\u0142adnie przy ulicy Gda\u0144skiej 163. Bardzo du\u017cym atutem obiekt (poza oczywi\u015bcie jego przestronno\u015bci\u0105) jest do\u015bwiadczona obs\u0142uga. Organizuj\u0105c event w tym miejscu mo\u017cesz mie\u0107 pewno\u015b\u0107, \u017ce b\u0119dzie ono dopi\u0119te na ostatni guzik. Bydgoskie Centrum Sportu do dyspozycji go\u015bci oddaje \u0142\u0105cznie 2 hale eventowe, 2 du\u017ce sale konferencyjne oraz 4 sale szkoleniowe. Pomieszczenia te zlokalizowane s\u0105 w r\u00f3\u017cnych cz\u0119\u015bciach miasta. Najwi\u0119ksze z nich to Hala Sportowo-Widowiskowa &#8222;Immobile&#8221; \u0141uczniczka, kt\u00f3ra pozwala na zaproszenie nawet 5000 go\u015bci.<\/p>\n\n\n\n<figure class=\"wp-block-image size-large\"><img loading=\"lazy\" decoding=\"async\" width=\"1024\" height=\"682\" src=\"https:\/\/www.mojekonferencje.pl\/blog\/wp-content\/uploads\/2022\/03\/2-4-1024x682.jpg\" alt=\"\" class=\"wp-image-2742 lazyload\" data-srcset=\"https:\/\/www.mojekonferencje.pl\/blog\/wp-content\/uploads\/2022\/03\/2-4-1024x682.jpg 1024w, https:\/\/www.mojekonferencje.pl\/blog\/wp-content\/uploads\/2022\/03\/2-4-300x200.jpg 300w, https:\/\/www.mojekonferencje.pl\/blog\/wp-content\/uploads\/2022\/03\/2-4-768x512.jpg 768w, https:\/\/www.mojekonferencje.pl\/blog\/wp-content\/uploads\/2022\/03\/2-4-1536x1024.jpg 1536w, https:\/\/www.mojekonferencje.pl\/blog\/wp-content\/uploads\/2022\/03\/2-4.jpg 2000w\" sizes=\"auto\" \/><\/figure>\n\n\n\n<h2 class=\"has-text-align-center wp-block-heading\"><br><a href=\"https:\/\/www.mojekonferencje.pl\/kielce\/centrum-kongresowe-targi-kielce\"><span class=\"has-inline-color has-vivid-purple-color\"><span style=\"text-decoration: underline;\">Centrum Kongresowe Targi Kielce<\/span><\/span><\/a><\/h2>\n\n\n\n<p><br><a href=\"https:\/\/www.mojekonferencje.pl\/sale-konferencyjne-kielce\">Sale konferencyjne Kielce<\/a> to oczywi\u015bcie r\u00f3wnie dobry wyb\u00f3r, co dwa wcze\u015bniej zaprezentowane. Ten obiekt znajduje si\u0119 dok\u0142adnie przy ulicy Zak\u0142adowej 1. W odpowiednich proporcjach \u0142\u0105czy on profesjonalizm z nowoczesno\u015bci\u0105. To doskona\u0142y wyb\u00f3r dla os\u00f3b, kt\u00f3re chc\u0105 po\u0142\u0105czy\u0107 prac\u0119 z wypoczynkiem, poniewa\u017c obiekt po\u0142o\u017cony zosta\u0142 w sercu malowniczych G\u00f3r \u015awi\u0119tokrzyskich. Infrastruktura Centrum Kongresowego to a\u017c 19 w pe\u0142ni wyposa\u017conych sal konferencyjnych. To jednak nie wszystko, bowiem na go\u015bci czeka r\u00f3wnie\u017c najbardziej nowoczesna hala wystawienniczo-kongresowa w kraju. Powierzchnia tej hali to a\u017c 5594 m2. Pozwala ona na zaproszenie do 4500 os\u00f3b w ustawieniu teatralnym, 4120 w podkowie oraz 2060 w konfiguracji szkolnej. Wysoko\u015b\u0107 hali wynosi z kolei 16 m.<\/p>\n\n\n\n<figure class=\"wp-block-image size-large\"><img loading=\"lazy\" decoding=\"async\" width=\"1024\" height=\"689\" src=\"https:\/\/www.mojekonferencje.pl\/blog\/wp-content\/uploads\/2022\/03\/3-2-1024x689.jpg\" alt=\"\" class=\"wp-image-2743 lazyload\" data-srcset=\"https:\/\/www.mojekonferencje.pl\/blog\/wp-content\/uploads\/2022\/03\/3-2-1024x689.jpg 1024w, https:\/\/www.mojekonferencje.pl\/blog\/wp-content\/uploads\/2022\/03\/3-2-300x202.jpg 300w, https:\/\/www.mojekonferencje.pl\/blog\/wp-content\/uploads\/2022\/03\/3-2-768x517.jpg 768w, https:\/\/www.mojekonferencje.pl\/blog\/wp-content\/uploads\/2022\/03\/3-2-1536x1034.jpg 1536w, https:\/\/www.mojekonferencje.pl\/blog\/wp-content\/uploads\/2022\/03\/3-2-2048x1379.jpg 2048w\" sizes=\"auto\" \/><\/figure>\n\n\n\n<h2 class=\"has-text-align-center wp-block-heading\"><br><a href=\"https:\/\/www.mojekonferencje.pl\/lodz\/centrum-konferencyjno-wystawiennicze-miedzynarodowych-targow-lodzkich\"><span class=\"has-inline-color has-vivid-purple-color\"><span style=\"text-decoration: underline;\">Expo \u0141\u00f3d\u017a<\/span><\/span><\/a><\/h2>\n\n\n\n<p><br>W tym zestawieniu oczywi\u015bcie nie mog\u0142o zabrakn\u0105\u0107 tego obiektu, kt\u00f3ry dumnie reprezentuje<a href=\"https:\/\/www.mojekonferencje.pl\/sale-konferencyjne-lodz\"> sale konferencyjne w \u0141odzi<\/a>. Po\u0142o\u017cony jest on w centrum miasta, przy Al. Politechniki 4. Obiekt ten wzniesiony zosta\u0142 w 2012 roku. I cho\u0107 to niby nie tak du\u017co czasu, to jednak zd\u0105\u017cy\u0142 ju\u017c zapisa\u0107 si\u0119 w pami\u0119ci go\u015bci jako profesjonalne, wysokiej klasy miejsce na event. Warto te\u017c wspomnie\u0107, \u017ce przy jego powstawaniu wykorzystano szereg najnowocze\u015bniejszych rozwi\u0105za\u0144 z zakresu ekologii. Ca\u0142kowita powierzchnia wystawienniczo-konferencyjna obiektu to a\u017c 13 177 m2. Przestrze\u0144 ta podzielona zosta\u0142a na sale, aul\u0119 oraz hale. Najwi\u0119ksza z nich jest hala, kt\u00f3ra powstaje w wyniku po\u0142\u0105czenia hali A, B, C i D. Tego typu pomieszczenie jest w stanie pomie\u015bci\u0107 nawet do 4500 go\u015bci.<\/p>\n\n\n\n<figure class=\"wp-block-image size-large\"><img loading=\"lazy\" decoding=\"async\" width=\"1024\" height=\"659\" src=\"https:\/\/www.mojekonferencje.pl\/blog\/wp-content\/uploads\/2022\/03\/4-2-1024x659.jpg\" alt=\"\" class=\"wp-image-2744 lazyload\" data-srcset=\"https:\/\/www.mojekonferencje.pl\/blog\/wp-content\/uploads\/2022\/03\/4-2-1024x659.jpg 1024w, https:\/\/www.mojekonferencje.pl\/blog\/wp-content\/uploads\/2022\/03\/4-2-300x193.jpg 300w, https:\/\/www.mojekonferencje.pl\/blog\/wp-content\/uploads\/2022\/03\/4-2-768x494.jpg 768w, https:\/\/www.mojekonferencje.pl\/blog\/wp-content\/uploads\/2022\/03\/4-2-1536x989.jpg 1536w, https:\/\/www.mojekonferencje.pl\/blog\/wp-content\/uploads\/2022\/03\/4-2-2048x1318.jpg 2048w\" sizes=\"auto\" \/><\/figure>\n\n\n\n<h2 class=\"has-text-align-center wp-block-heading\"><br><a href=\"https:\/\/www.mojekonferencje.pl\/gdansk\/amberexpo-centrum-wystawienniczo-kongresowe\"><span class=\"has-inline-color has-vivid-purple-color\"><span style=\"text-decoration: underline;\">AMBEREXPO Centrum Wystawienniczo &#8211; Kongresowe<\/span><\/span><\/a><\/h2>\n\n\n\n<p><br><a href=\"https:\/\/www.mojekonferencje.pl\/konferencje-pomorskie\">Sale konferencyjne w wojew\u00f3dztwie pomorskim<\/a> oczywi\u015bcie tak\u017ce nie zawodz\u0105. Przy ulicy \u017baglowej 11 w Gda\u0144sku mie\u015bci si\u0119 AMBEREXPO Centrum Wystawienniczo &#8211; Kongresowe, czyli nowoczesny obiekt z charakterem. Oferuje on wielofunkcyjn\u0105 oraz wszechstronn\u0105 baz\u0119, kt\u00f3ra mo\u017ce sta\u0107 si\u0119 t\u0142em wszelkich mo\u017cliwych event\u00f3w. Mog\u0105 to by\u0107 zar\u00f3wno wystawy, konferencje, kongresy, jak i koncerty czy inne przedsi\u0119wzi\u0119cia. Obiekt posiada 5 sal szkoleniowo-konferencyjnych oraz 3 hale. Najwi\u0119ksza z nich jest Hala A, w kt\u00f3rej zmie\u015bci si\u0119 nawet 3360 go\u015bci. Warto te\u017c doda\u0107, \u017ce w obiekcie usytuowana jest Strefa VIP, kt\u00f3ra sk\u0142ada si\u0119 z sze\u015bciu w pe\u0142ni wyposa\u017conych oraz indywidualnie zaprojektowanych pokoi. To odpowiednie miejsce na relaks po ca\u0142ym dniu pracy.<\/p>\n\n\n\n<figure class=\"wp-block-image size-large\"><img loading=\"lazy\" decoding=\"async\" width=\"600\" height=\"400\" src=\"https:\/\/www.mojekonferencje.pl\/blog\/wp-content\/uploads\/2022\/03\/5-3.jpg\" alt=\"\" class=\"wp-image-2745 lazyload\" data-srcset=\"https:\/\/www.mojekonferencje.pl\/blog\/wp-content\/uploads\/2022\/03\/5-3.jpg 600w, https:\/\/www.mojekonferencje.pl\/blog\/wp-content\/uploads\/2022\/03\/5-3-300x200.jpg 300w\" sizes=\"auto\" \/><\/figure>\n\n\n\n<h2 class=\"has-text-align-center wp-block-heading\"><a href=\"https:\/\/www.mojekonferencje.pl\/krakow\/metropolo-by-golden-tulip\"><span class=\"has-inline-color has-vivid-purple-color\"><span style=\"text-decoration: underline;\">Metropolo by Golden Tulip<\/span><\/span><\/a><\/h2>\n\n\n\n<p><br>By\u0142y <a href=\"https:\/\/www.mojekonferencje.pl\/obiekty-konferencyjne-nad-morzem\">obiekty konferencyjne nad morzem<\/a>, wi\u0119c mo\u017cna si\u0119 przenie\u015b\u0107 niemal do przeciwleg\u0142ej cz\u0119\u015bci Polski. Metropolo by Golden Tulip to nowoczesny i bardzo elegancki <a href=\"https:\/\/www.mojekonferencje.pl\/sale-konferencyjne-krakow\">hotel na konferencj\u0119 w Krakowie<\/a>. Mie\u015bci si\u0119 dok\u0142adnie przy ulicy Orzechowej 11. Wyr\u00f3\u017cnia si\u0119 on korzystn\u0105 lokalizacj\u0105, 4-gwiazdkowym standardem oraz profesjonaln\u0105 obs\u0142ug\u0105. Obiekt \u015bwiadczy kompleksowe us\u0142ugi organizacyjne, pozwalaj\u0105c go\u015bciom na prac\u0119 w komfortowych warunkach oraz oczywi\u015bcie na skuteczny relaks. Na go\u015bci czeka 220 bardzo wygodnych pokoi &#8211; w tym 10 ma\u0142ych apartament\u00f3w. Podczas wizyty w hotelu nie mo\u017cna tak\u017ce pomin\u0105\u0107 rewelacyjnej Restauracji Yulan oraz klimatycznego baru Lychee. Na terenie obiektu znajduje si\u0119 te\u017c sucha sauna oraz si\u0142ownia-fitness. Go\u015bcie biznesowi z kolei mog\u0105 liczy\u0107 na profesjonalne sale konferencyjne. W wyniku ich po\u0142\u0105czenia powstaje przestrze\u0144 pozwalaj\u0105ca na zaproszenie do 2000 os\u00f3b.<\/p>\n\n\n\n<figure class=\"wp-block-image size-large\"><img loading=\"lazy\" decoding=\"async\" width=\"1024\" height=\"683\" src=\"https:\/\/www.mojekonferencje.pl\/blog\/wp-content\/uploads\/2022\/03\/6-2-1024x683.jpg\" alt=\"\" class=\"wp-image-2746 lazyload\" data-srcset=\"https:\/\/www.mojekonferencje.pl\/blog\/wp-content\/uploads\/2022\/03\/6-2-1024x683.jpg 1024w, https:\/\/www.mojekonferencje.pl\/blog\/wp-content\/uploads\/2022\/03\/6-2-300x200.jpg 300w, https:\/\/www.mojekonferencje.pl\/blog\/wp-content\/uploads\/2022\/03\/6-2-768x512.jpg 768w, https:\/\/www.mojekonferencje.pl\/blog\/wp-content\/uploads\/2022\/03\/6-2-1536x1025.jpg 1536w, https:\/\/www.mojekonferencje.pl\/blog\/wp-content\/uploads\/2022\/03\/6-2.jpg 2048w\" sizes=\"auto\" \/><\/figure>\n\n\n\n<h2 class=\"has-text-align-center wp-block-heading\"><br><a href=\"https:\/\/www.mojekonferencje.pl\/poznan\/poznan-congress-center\"><span class=\"has-inline-color has-vivid-purple-color\"><span style=\"text-decoration: underline;\">Pozna\u0144 Congress Center<\/span><\/span><\/a><\/h2>\n\n\n\n<p><br>Stolicy Wielkopolski tak\u017ce nie mo\u017cna nic zarzuci\u0107, je\u015bli chodzi o wyb\u00f3r obiekt\u00f3w na organizacj\u0119 event\u00f3w. <a href=\"https:\/\/www.mojekonferencje.pl\/sale-konferencyjne-poznan\">Sale konferencyjne Pozna\u0144<\/a> s\u0105 bowiem przygotowane do organizacji r\u00f3\u017cnorodnych przedsi\u0119wzi\u0119\u0107. Pozna\u0144 Congress Center znajduje si\u0119 dok\u0142adnie przy ulicy G\u0142ogowskiej 14. Jest to nowoczesne centrum kongresowe, kt\u00f3re wchodzi w sk\u0142ad Mi\u0119dzynarodowych Targ\u00f3w Pozna\u0144skich. Obiekt ten oferuje powierzchnie wystawiennicze i widowiskowo-sportowe, a tak\u017ce sale konferencyjne i szkoleniowe. Pomieszczenia te oczywi\u015bcie r\u00f3\u017cni\u0105 si\u0119 pod wzgl\u0119dem wielko\u015bci i aran\u017cacji. Najwi\u0119ksza z nich jest Sala Ziemi, kt\u00f3rej powierzchnia to 1940 m2. Przygotowanych zosta\u0142o w niej 1850 miejsc siedz\u0105cych. Wysoko\u015b\u0107 pomieszczenia to z kolei 3,7 m.<br><\/p>\n\n\n\n<figure class=\"wp-block-image size-large\"><img loading=\"lazy\" decoding=\"async\" width=\"1024\" height=\"683\" src=\"https:\/\/www.mojekonferencje.pl\/blog\/wp-content\/uploads\/2022\/03\/7-wlasciwe-1024x683.jpg\" alt=\"\" class=\"wp-image-2747 lazyload\" data-srcset=\"https:\/\/www.mojekonferencje.pl\/blog\/wp-content\/uploads\/2022\/03\/7-wlasciwe-1024x683.jpg 1024w, https:\/\/www.mojekonferencje.pl\/blog\/wp-content\/uploads\/2022\/03\/7-wlasciwe-300x200.jpg 300w, https:\/\/www.mojekonferencje.pl\/blog\/wp-content\/uploads\/2022\/03\/7-wlasciwe-768x512.jpg 768w, https:\/\/www.mojekonferencje.pl\/blog\/wp-content\/uploads\/2022\/03\/7-wlasciwe.jpg 1200w\" sizes=\"auto\" \/><\/figure>\n\n\n\n<h2 class=\"has-text-align-center wp-block-heading\"><a href=\"https:\/\/www.mojekonferencje.pl\/warszawa\/centrum-konferencyjno-szkoleniowe-fundacji-nowe-horyzonty\"><span class=\"has-inline-color has-vivid-purple-color\"><span style=\"text-decoration: underline;\">Centrum Konferencyjno-Szkoleniowe Fundacji Nowe Horyzonty<\/span><\/span><\/a><\/h2>\n\n\n\n<p><br>A\u017c trudno uwierzy\u0107, \u017ce w tym zestawieniu nie pojawi\u0142a si\u0119 jeszcze \u017cadna <a href=\"https:\/\/www.mojekonferencje.pl\/sale-konferencyjne-warszawa\">sala konferencyjna Warszawa<\/a>. Najwy\u017csza pora to nadrobi\u0107! Centrum Konferencyjno-Szkoleniowe Fundacji Nowe Horyzonty mie\u015bci si\u0119 przy ulicy Bobrowieckiej 9, w zielonej cz\u0119\u015bci Mokotowa. Oferta tego obiektu obejmuje m.in. wynajem 200 wygodnych miejsc noclegowych w nowocze\u015bnie urz\u0105dzonych pokojach. Znajduje si\u0119 tam r\u00f3wnie\u017c ca\u0142odobowy parking strze\u017cony oraz dwie klimatyczne restauracje. Obiekt posiada r\u00f3\u017cnorodne przestrzenie na organizacj\u0119 spotka\u0144 biznesowych i imprez okoliczno\u015bciowych, Najwi\u0119ksz\u0105 z nich jest Sala &#8222;Centrum Kongresowe&#8221;, kt\u00f3ra stanowi jedn\u0105 z trzech najwi\u0119kszych sal kongresowych w stolicy. Jej powierzchnia to 1370 m2, kt\u00f3ra pozwala na zaproszenie do 1800 go\u015bci na dw\u00f3ch poziomach.<\/p>\n\n\n\n<figure class=\"wp-block-image size-large\"><img loading=\"lazy\" decoding=\"async\" width=\"800\" height=\"531\" src=\"https:\/\/www.mojekonferencje.pl\/blog\/wp-content\/uploads\/2022\/03\/8-3.jpg\" alt=\"\" class=\"wp-image-2748 lazyload\" data-srcset=\"https:\/\/www.mojekonferencje.pl\/blog\/wp-content\/uploads\/2022\/03\/8-3.jpg 800w, https:\/\/www.mojekonferencje.pl\/blog\/wp-content\/uploads\/2022\/03\/8-3-300x199.jpg 300w, https:\/\/www.mojekonferencje.pl\/blog\/wp-content\/uploads\/2022\/03\/8-3-768x510.jpg 768w\" sizes=\"auto\" \/><\/figure>\n\n\n\n<h2 class=\"has-text-align-center wp-block-heading\"><br><a href=\"https:\/\/www.mojekonferencje.pl\/alwernia\/alvernia-studios-\"><span class=\"has-inline-color has-vivid-purple-color\"><span style=\"text-decoration: underline;\">ALVERNIA PLANET<\/span><\/span><\/a><\/h2>\n\n\n\n<p><br>Niekt\u00f3re <a href=\"https:\/\/www.mojekonferencje.pl\/konferencje-malopolskie\">obiekty na konferencj\u0119 w Ma\u0142opolsce<\/a> s\u0105 tak efektywne, \u017ce a\u017c trudno jest obok nich przej\u015b\u0107 oboj\u0119tnie. Potwierdza to Alvernia Planet, czyli absolutnie wyj\u0105tkowe miejsce przy ulicy Ferdynanda Wspania\u0142ego 1 w miejscowo\u015bci Alwernia. Jest to najwi\u0119ksze studio filmowe w kraju i zdecydowanie jedno z najnowocze\u015bniejszych w Europie. Obiekt ten do dyspozycji go\u015bci oddaje dwie klimatyzowane kopu\u0142y, kt\u00f3rych powierzchnia wynosi 2000 m2 i 1700 m2. Ich wysoko\u015b\u0107 to z kolei 14 m. Kopu\u0142y K3 i K4 pozwalaj\u0105 na zaproszenie nawet do 1500 os\u00f3b ka\u017cda. Warto te\u017c doda\u0107, \u017ce na terenie obiektu znajduje si\u0119 parking na 200 pojazd\u00f3w oraz l\u0105dowiska dla helikopter\u00f3w. Ponadto mo\u017cna tam liczy\u0107 na smakowite zaplecze cateringowe oraz profesjonalnie wyposa\u017cone zaplecze techniczne.<\/p>\n\n\n\n<figure class=\"wp-block-image size-large\"><img loading=\"lazy\" decoding=\"async\" width=\"720\" height=\"404\" src=\"https:\/\/www.mojekonferencje.pl\/blog\/wp-content\/uploads\/2022\/03\/9-3.jpg\" alt=\"\" class=\"wp-image-2749 lazyload\" data-srcset=\"https:\/\/www.mojekonferencje.pl\/blog\/wp-content\/uploads\/2022\/03\/9-3.jpg 720w, https:\/\/www.mojekonferencje.pl\/blog\/wp-content\/uploads\/2022\/03\/9-3-300x168.jpg 300w, https:\/\/www.mojekonferencje.pl\/blog\/wp-content\/uploads\/2022\/03\/9-3-640x360.jpg 640w, https:\/\/www.mojekonferencje.pl\/blog\/wp-content\/uploads\/2022\/03\/9-3-320x180.jpg 320w, https:\/\/www.mojekonferencje.pl\/blog\/wp-content\/uploads\/2022\/03\/9-3-480x270.jpg 480w\" sizes=\"auto\" \/><\/figure>\n\n\n\n<h2 class=\"has-text-align-center wp-block-heading\"><br><a href=\"https:\/\/www.mojekonferencje.pl\/arlamow\/hotel-arlamow\"><span class=\"has-inline-color has-vivid-purple-color\"><span style=\"text-decoration: underline;\">Hotel **** AR\u0141AM\u00d3W<br><\/span><\/span><\/a><\/h2>\n\n\n\n<p>Zestawienie to zamyka <a href=\"https:\/\/www.mojekonferencje.pl\/hotel-czterogwiazdkowy\">4-gwiazdkowy hotel na konferencj\u0119<\/a> na Podkarpaciu. Hotel **** AR\u0141AM\u00d3W jest kompleksem wypoczynkowo-konferencyjno-sportowym, kt\u00f3ry po\u0142o\u017cony zosta\u0142 w\u015br\u00f3d malowniczych wzg\u00f3rz i dolin Puszczy Karpackiej. Oferuje on 254 wysoce komfortowe pokoje i apartamenty. Serce obiektu stanowi z kolei zachwycaj\u0105ce zaplecze gastronomiczne, kt\u00f3re sk\u0142ada si\u0119 z dw\u00f3ch fantastycznych restauracji. W obiekcie mo\u017cna r\u00f3wnie\u017c skorzysta\u0107 m.in. ze strefy SPA &amp; Wellness, pola golfowego oraz kr\u0119gielni. Zaplecze biznesowe tego hotelu sk\u0142ada si\u0119 z 14 nowoczesnych sal konferencyjnych. Znajduj\u0105 si\u0119 tam r\u00f3wnie\u017c dwie hale wystawienniczo-targowe, kt\u00f3rych \u0142\u0105czna powierzchnia to ok. 2800 m2. Hotel **** AR\u0141AM\u00d3W jest w stanie jednocze\u015bnie obs\u0142u\u017cy\u0107 nawet 1500 go\u015bci konferencyjnych.<\/p>\n\n\n\n<figure class=\"wp-block-image size-large\"><img loading=\"lazy\" decoding=\"async\" width=\"1024\" height=\"682\" src=\"https:\/\/www.mojekonferencje.pl\/blog\/wp-content\/uploads\/2022\/03\/10-3-1024x682.jpg\" alt=\"\" class=\"wp-image-2750 lazyload\" data-srcset=\"https:\/\/www.mojekonferencje.pl\/blog\/wp-content\/uploads\/2022\/03\/10-3-1024x682.jpg 1024w, https:\/\/www.mojekonferencje.pl\/blog\/wp-content\/uploads\/2022\/03\/10-3-300x200.jpg 300w, https:\/\/www.mojekonferencje.pl\/blog\/wp-content\/uploads\/2022\/03\/10-3-768x512.jpg 768w, https:\/\/www.mojekonferencje.pl\/blog\/wp-content\/uploads\/2022\/03\/10-3-1536x1023.jpg 1536w, https:\/\/www.mojekonferencje.pl\/blog\/wp-content\/uploads\/2022\/03\/10-3-2048x1365.jpg 2048w\" sizes=\"auto\" \/><\/figure>\n","protected":false},"excerpt":{"rendered":"<p>Szukasz miejsca na imprez\u0119 masow\u0105? Albo chcesz zorganizowa\u0107 du\u017cy kongres lub konferencj\u0119? Niezale\u017cnie od tego, jaki event realizujesz, musisz pozna\u0107 najwi\u0119ksze sale konferencyjne w Polsce!<\/p>\n","protected":false},"author":9,"featured_media":2739,"comment_status":"closed","ping_status":"closed","sticky":false,"template":"","format":"standard","meta":{"_acf_changed":false,"footnotes":""},"categories":[12,175],"tags":[127,271,14,13,19],"class_list":["post-2738","post","type-post","status-publish","format-standard","has-post-thumbnail","hentry","category-nietypowe-konferencje","category-wybieranie-miejsca-konferencyjnego","tag-centra-konferencyjne","tag-hotele-konferencyjne","tag-sale-biznesowe","tag-sale-konferencjne","tag-sale-szkoleniowe"],"acf":[],"yoast_head":"<!-- This site is optimized with the Yoast SEO plugin v27.1.1 - https:\/\/yoast.com\/product\/yoast-seo-wordpress\/ -->\n<title>Najwi\u0119ksze sale konferencyjne w Polsce - blog | MojeKonferencje.pl<\/title>\n<meta name=\"description\" content=\"Najwi\u0119ksze sale konferencyjne w Polsce - blog | MojeKonferencje.pl\" \/>\n<meta name=\"robots\" content=\"index, follow, max-snippet:-1, max-image-preview:large, max-video-preview:-1\" \/>\n<link rel=\"canonical\" href=\"https:\/\/www.mojekonferencje.pl\/blog\/najwieksze-sale-konferencyjne-w-polsce\/\" \/>\n<meta property=\"og:locale\" content=\"pl_PL\" \/>\n<meta property=\"og:type\" content=\"article\" \/>\n<meta property=\"og:title\" content=\"Najwi\u0119ksze sale konferencyjne w Polsce - blog | MojeKonferencje.pl\" \/>\n<meta property=\"og:description\" content=\"Najwi\u0119ksze sale konferencyjne w Polsce - blog | MojeKonferencje.pl\" \/>\n<meta property=\"og:url\" content=\"https:\/\/www.mojekonferencje.pl\/blog\/najwieksze-sale-konferencyjne-w-polsce\/\" \/>\n<meta property=\"og:site_name\" content=\"MojeKonferencje.pl\" \/>\n<meta property=\"article:published_time\" content=\"2022-03-31T18:59:20+00:00\" \/>\n<meta property=\"article:modified_time\" content=\"2024-05-07T09:51:09+00:00\" \/>\n<meta property=\"og:image\" content=\"https:\/\/www.mojekonferencje.pl\/blog\/wp-content\/uploads\/2022\/03\/Fotoram.io-11-1.jpg\" \/>\n\t<meta property=\"og:image:width\" content=\"1200\" \/>\n\t<meta property=\"og:image:height\" content=\"720\" \/>\n\t<meta property=\"og:image:type\" content=\"image\/jpeg\" \/>\n<meta name=\"author\" content=\"Olga Stawicka-Iwanowska\" \/>\n<meta name=\"twitter:card\" content=\"summary_large_image\" \/>\n<meta name=\"twitter:label1\" content=\"Napisane przez\" \/>\n\t<meta name=\"twitter:data1\" content=\"Olga Stawicka-Iwanowska\" \/>\n\t<meta name=\"twitter:label2\" content=\"Szacowany czas czytania\" \/>\n\t<meta name=\"twitter:data2\" content=\"7 minut\" \/>\n<script type=\"application\/ld+json\" class=\"yoast-schema-graph\">{\"@context\":\"https:\/\/schema.org\",\"@graph\":[{\"@type\":\"Article\",\"@id\":\"https:\/\/www.mojekonferencje.pl\/blog\/najwieksze-sale-konferencyjne-w-polsce\/#article\",\"isPartOf\":{\"@id\":\"https:\/\/www.mojekonferencje.pl\/blog\/najwieksze-sale-konferencyjne-w-polsce\/\"},\"author\":{\"name\":\"Olga Stawicka-Iwanowska\",\"@id\":\"https:\/\/www.mojekonferencje.pl\/blog\/#\/schema\/person\/d6751ca3c60de9ec17ee21b744bbb2d4\"},\"headline\":\"Najwi\u0119ksze sale konferencyjne w Polsce\",\"datePublished\":\"2022-03-31T18:59:20+00:00\",\"dateModified\":\"2024-05-07T09:51:09+00:00\",\"mainEntityOfPage\":{\"@id\":\"https:\/\/www.mojekonferencje.pl\/blog\/najwieksze-sale-konferencyjne-w-polsce\/\"},\"wordCount\":1399,\"image\":{\"@id\":\"https:\/\/www.mojekonferencje.pl\/blog\/najwieksze-sale-konferencyjne-w-polsce\/#primaryimage\"},\"thumbnailUrl\":\"https:\/\/www.mojekonferencje.pl\/blog\/wp-content\/uploads\/2022\/03\/Fotoram.io-11-1.jpg\",\"keywords\":[\"centra konferencyjne\",\"hotele konferencyjne\",\"sale biznesowe\",\"sale konferencjne\",\"sale szkoleniowe\"],\"articleSection\":[\"(Nie)typowe konferencje\",\"Wybieranie miejsca konferencyjnego\"],\"inLanguage\":\"pl-PL\"},{\"@type\":\"WebPage\",\"@id\":\"https:\/\/www.mojekonferencje.pl\/blog\/najwieksze-sale-konferencyjne-w-polsce\/\",\"url\":\"https:\/\/www.mojekonferencje.pl\/blog\/najwieksze-sale-konferencyjne-w-polsce\/\",\"name\":\"Najwi\u0119ksze sale konferencyjne w Polsce - blog | MojeKonferencje.pl\",\"isPartOf\":{\"@id\":\"https:\/\/www.mojekonferencje.pl\/blog\/#website\"},\"primaryImageOfPage\":{\"@id\":\"https:\/\/www.mojekonferencje.pl\/blog\/najwieksze-sale-konferencyjne-w-polsce\/#primaryimage\"},\"image\":{\"@id\":\"https:\/\/www.mojekonferencje.pl\/blog\/najwieksze-sale-konferencyjne-w-polsce\/#primaryimage\"},\"thumbnailUrl\":\"https:\/\/www.mojekonferencje.pl\/blog\/wp-content\/uploads\/2022\/03\/Fotoram.io-11-1.jpg\",\"datePublished\":\"2022-03-31T18:59:20+00:00\",\"dateModified\":\"2024-05-07T09:51:09+00:00\",\"author\":{\"@id\":\"https:\/\/www.mojekonferencje.pl\/blog\/#\/schema\/person\/d6751ca3c60de9ec17ee21b744bbb2d4\"},\"description\":\"Najwi\u0119ksze sale konferencyjne w Polsce - blog | MojeKonferencje.pl\",\"breadcrumb\":{\"@id\":\"https:\/\/www.mojekonferencje.pl\/blog\/najwieksze-sale-konferencyjne-w-polsce\/#breadcrumb\"},\"inLanguage\":\"pl-PL\",\"potentialAction\":[{\"@type\":\"ReadAction\",\"target\":[\"https:\/\/www.mojekonferencje.pl\/blog\/najwieksze-sale-konferencyjne-w-polsce\/\"]}]},{\"@type\":\"ImageObject\",\"inLanguage\":\"pl-PL\",\"@id\":\"https:\/\/www.mojekonferencje.pl\/blog\/najwieksze-sale-konferencyjne-w-polsce\/#primaryimage\",\"url\":\"https:\/\/www.mojekonferencje.pl\/blog\/wp-content\/uploads\/2022\/03\/Fotoram.io-11-1.jpg\",\"contentUrl\":\"https:\/\/www.mojekonferencje.pl\/blog\/wp-content\/uploads\/2022\/03\/Fotoram.io-11-1.jpg\",\"width\":1200,\"height\":720},{\"@type\":\"BreadcrumbList\",\"@id\":\"https:\/\/www.mojekonferencje.pl\/blog\/najwieksze-sale-konferencyjne-w-polsce\/#breadcrumb\",\"itemListElement\":[{\"@type\":\"ListItem\",\"position\":1,\"name\":\"Strona g\u0142\u00f3wna\",\"item\":\"https:\/\/www.mojekonferencje.pl\/blog\/\"},{\"@type\":\"ListItem\",\"position\":2,\"name\":\"Najwi\u0119ksze sale konferencyjne w Polsce\"}]},{\"@type\":\"WebSite\",\"@id\":\"https:\/\/www.mojekonferencje.pl\/blog\/#website\",\"url\":\"https:\/\/www.mojekonferencje.pl\/blog\/\",\"name\":\"MojeKonferencje.pl\",\"description\":\"Blog bran\u017cy szkoleniowo-konferencyjnej. W\u0142\u0105cz si\u0119 do dyskusji o obiektach konferencyjnych i nowo\u015bciach z bran\u017cy! Poznaj porady odno\u015bnie organizacji konferencji, szkole\u0144 i event\u00f3w firmowych! Zach\u0119camy do wyra\u017cania opinii oraz komentarzy.\",\"potentialAction\":[{\"@type\":\"SearchAction\",\"target\":{\"@type\":\"EntryPoint\",\"urlTemplate\":\"https:\/\/www.mojekonferencje.pl\/blog\/?s={search_term_string}\"},\"query-input\":{\"@type\":\"PropertyValueSpecification\",\"valueRequired\":true,\"valueName\":\"search_term_string\"}}],\"inLanguage\":\"pl-PL\"},{\"@type\":\"Person\",\"@id\":\"https:\/\/www.mojekonferencje.pl\/blog\/#\/schema\/person\/d6751ca3c60de9ec17ee21b744bbb2d4\",\"name\":\"Olga Stawicka-Iwanowska\",\"description\":\"Head of Marketing z ponad sze\u015bcioletnim do\u015bwiadczeniem w bran\u017cy MICE. Na co dzie\u0144 zajmuje si\u0119 content marketingiem i promocj\u0105 obiekt\u00f3w eventowych, tak aby organizatorzy kongres\u00f3w, targ\u00f3w i konferencji wiedzieli, \u017ce w\u0142a\u015bnie tam warto zrealizowa\u0107 swoje wydarzenie. Prowadzi media spo\u0142eczno\u015bciowe, tworzy strategie komunikacji, pisze artyku\u0142y i dba o sp\u00f3jny wizerunek marki w ka\u017cdym kanale. W swojej pracy \u0142\u0105czy analityczne my\u015blenie z kreatywno\u015bci\u0105 i dobrym copy. Wsp\u00f3\u0142pracuje zar\u00f3wno z organizatorami najwi\u0119kszych wydarze\u0144 w Polsce, jak i z regionalnymi partnerami z bran\u017cy. Po godzinach mi\u0142o\u015bniczka podr\u00f3\u017cy po Europie, dobrej kuchni i klimatycznych miejsc, w kt\u00f3rych mo\u017cna z\u0142apa\u0107 oddech.\",\"sameAs\":[\"http:\/\/MojeKonferencje.pl\",\"https:\/\/www.linkedin.com\/in\/olgastawicka\/\"],\"url\":\"https:\/\/www.mojekonferencje.pl\/blog\/author\/osawicka\/\"}]}<\/script>\n<!-- \/ Yoast SEO plugin. -->","yoast_head_json":{"title":"Najwi\u0119ksze sale konferencyjne w Polsce - blog | MojeKonferencje.pl","description":"Najwi\u0119ksze sale konferencyjne w Polsce - blog | MojeKonferencje.pl","robots":{"index":"index","follow":"follow","max-snippet":"max-snippet:-1","max-image-preview":"max-image-preview:large","max-video-preview":"max-video-preview:-1"},"canonical":"https:\/\/www.mojekonferencje.pl\/blog\/najwieksze-sale-konferencyjne-w-polsce\/","og_locale":"pl_PL","og_type":"article","og_title":"Najwi\u0119ksze sale konferencyjne w Polsce - blog | MojeKonferencje.pl","og_description":"Najwi\u0119ksze sale konferencyjne w Polsce - blog | MojeKonferencje.pl","og_url":"https:\/\/www.mojekonferencje.pl\/blog\/najwieksze-sale-konferencyjne-w-polsce\/","og_site_name":"MojeKonferencje.pl","article_published_time":"2022-03-31T18:59:20+00:00","article_modified_time":"2024-05-07T09:51:09+00:00","og_image":[{"width":1200,"height":720,"url":"https:\/\/www.mojekonferencje.pl\/blog\/wp-content\/uploads\/2022\/03\/Fotoram.io-11-1.jpg","type":"image\/jpeg"}],"author":"Olga Stawicka-Iwanowska","twitter_card":"summary_large_image","twitter_misc":{"Napisane przez":"Olga Stawicka-Iwanowska","Szacowany czas czytania":"7 minut"},"schema":{"@context":"https:\/\/schema.org","@graph":[{"@type":"Article","@id":"https:\/\/www.mojekonferencje.pl\/blog\/najwieksze-sale-konferencyjne-w-polsce\/#article","isPartOf":{"@id":"https:\/\/www.mojekonferencje.pl\/blog\/najwieksze-sale-konferencyjne-w-polsce\/"},"author":{"name":"Olga Stawicka-Iwanowska","@id":"https:\/\/www.mojekonferencje.pl\/blog\/#\/schema\/person\/d6751ca3c60de9ec17ee21b744bbb2d4"},"headline":"Najwi\u0119ksze sale konferencyjne w Polsce","datePublished":"2022-03-31T18:59:20+00:00","dateModified":"2024-05-07T09:51:09+00:00","mainEntityOfPage":{"@id":"https:\/\/www.mojekonferencje.pl\/blog\/najwieksze-sale-konferencyjne-w-polsce\/"},"wordCount":1399,"image":{"@id":"https:\/\/www.mojekonferencje.pl\/blog\/najwieksze-sale-konferencyjne-w-polsce\/#primaryimage"},"thumbnailUrl":"https:\/\/www.mojekonferencje.pl\/blog\/wp-content\/uploads\/2022\/03\/Fotoram.io-11-1.jpg","keywords":["centra konferencyjne","hotele konferencyjne","sale biznesowe","sale konferencjne","sale szkoleniowe"],"articleSection":["(Nie)typowe konferencje","Wybieranie miejsca konferencyjnego"],"inLanguage":"pl-PL"},{"@type":"WebPage","@id":"https:\/\/www.mojekonferencje.pl\/blog\/najwieksze-sale-konferencyjne-w-polsce\/","url":"https:\/\/www.mojekonferencje.pl\/blog\/najwieksze-sale-konferencyjne-w-polsce\/","name":"Najwi\u0119ksze sale konferencyjne w Polsce - blog | MojeKonferencje.pl","isPartOf":{"@id":"https:\/\/www.mojekonferencje.pl\/blog\/#website"},"primaryImageOfPage":{"@id":"https:\/\/www.mojekonferencje.pl\/blog\/najwieksze-sale-konferencyjne-w-polsce\/#primaryimage"},"image":{"@id":"https:\/\/www.mojekonferencje.pl\/blog\/najwieksze-sale-konferencyjne-w-polsce\/#primaryimage"},"thumbnailUrl":"https:\/\/www.mojekonferencje.pl\/blog\/wp-content\/uploads\/2022\/03\/Fotoram.io-11-1.jpg","datePublished":"2022-03-31T18:59:20+00:00","dateModified":"2024-05-07T09:51:09+00:00","author":{"@id":"https:\/\/www.mojekonferencje.pl\/blog\/#\/schema\/person\/d6751ca3c60de9ec17ee21b744bbb2d4"},"description":"Najwi\u0119ksze sale konferencyjne w Polsce - blog | MojeKonferencje.pl","breadcrumb":{"@id":"https:\/\/www.mojekonferencje.pl\/blog\/najwieksze-sale-konferencyjne-w-polsce\/#breadcrumb"},"inLanguage":"pl-PL","potentialAction":[{"@type":"ReadAction","target":["https:\/\/www.mojekonferencje.pl\/blog\/najwieksze-sale-konferencyjne-w-polsce\/"]}]},{"@type":"ImageObject","inLanguage":"pl-PL","@id":"https:\/\/www.mojekonferencje.pl\/blog\/najwieksze-sale-konferencyjne-w-polsce\/#primaryimage","url":"https:\/\/www.mojekonferencje.pl\/blog\/wp-content\/uploads\/2022\/03\/Fotoram.io-11-1.jpg","contentUrl":"https:\/\/www.mojekonferencje.pl\/blog\/wp-content\/uploads\/2022\/03\/Fotoram.io-11-1.jpg","width":1200,"height":720},{"@type":"BreadcrumbList","@id":"https:\/\/www.mojekonferencje.pl\/blog\/najwieksze-sale-konferencyjne-w-polsce\/#breadcrumb","itemListElement":[{"@type":"ListItem","position":1,"name":"Strona g\u0142\u00f3wna","item":"https:\/\/www.mojekonferencje.pl\/blog\/"},{"@type":"ListItem","position":2,"name":"Najwi\u0119ksze sale konferencyjne w Polsce"}]},{"@type":"WebSite","@id":"https:\/\/www.mojekonferencje.pl\/blog\/#website","url":"https:\/\/www.mojekonferencje.pl\/blog\/","name":"MojeKonferencje.pl","description":"Blog bran\u017cy szkoleniowo-konferencyjnej. W\u0142\u0105cz si\u0119 do dyskusji o obiektach konferencyjnych i nowo\u015bciach z bran\u017cy! Poznaj porady odno\u015bnie organizacji konferencji, szkole\u0144 i event\u00f3w firmowych! Zach\u0119camy do wyra\u017cania opinii oraz komentarzy.","potentialAction":[{"@type":"SearchAction","target":{"@type":"EntryPoint","urlTemplate":"https:\/\/www.mojekonferencje.pl\/blog\/?s={search_term_string}"},"query-input":{"@type":"PropertyValueSpecification","valueRequired":true,"valueName":"search_term_string"}}],"inLanguage":"pl-PL"},{"@type":"Person","@id":"https:\/\/www.mojekonferencje.pl\/blog\/#\/schema\/person\/d6751ca3c60de9ec17ee21b744bbb2d4","name":"Olga Stawicka-Iwanowska","description":"Head of Marketing z ponad sze\u015bcioletnim do\u015bwiadczeniem w bran\u017cy MICE. Na co dzie\u0144 zajmuje si\u0119 content marketingiem i promocj\u0105 obiekt\u00f3w eventowych, tak aby organizatorzy kongres\u00f3w, targ\u00f3w i konferencji wiedzieli, \u017ce w\u0142a\u015bnie tam warto zrealizowa\u0107 swoje wydarzenie. Prowadzi media spo\u0142eczno\u015bciowe, tworzy strategie komunikacji, pisze artyku\u0142y i dba o sp\u00f3jny wizerunek marki w ka\u017cdym kanale. W swojej pracy \u0142\u0105czy analityczne my\u015blenie z kreatywno\u015bci\u0105 i dobrym copy. Wsp\u00f3\u0142pracuje zar\u00f3wno z organizatorami najwi\u0119kszych wydarze\u0144 w Polsce, jak i z regionalnymi partnerami z bran\u017cy. Po godzinach mi\u0142o\u015bniczka podr\u00f3\u017cy po Europie, dobrej kuchni i klimatycznych miejsc, w kt\u00f3rych mo\u017cna z\u0142apa\u0107 oddech.","sameAs":["http:\/\/MojeKonferencje.pl","https:\/\/www.linkedin.com\/in\/olgastawicka\/"],"url":"https:\/\/www.mojekonferencje.pl\/blog\/author\/osawicka\/"}]}},"_links":{"self":[{"href":"https:\/\/www.mojekonferencje.pl\/blog\/wp-json\/wp\/v2\/posts\/2738","targetHints":{"allow":["GET"]}}],"collection":[{"href":"https:\/\/www.mojekonferencje.pl\/blog\/wp-json\/wp\/v2\/posts"}],"about":[{"href":"https:\/\/www.mojekonferencje.pl\/blog\/wp-json\/wp\/v2\/types\/post"}],"author":[{"embeddable":true,"href":"https:\/\/www.mojekonferencje.pl\/blog\/wp-json\/wp\/v2\/users\/9"}],"replies":[{"embeddable":true,"href":"https:\/\/www.mojekonferencje.pl\/blog\/wp-json\/wp\/v2\/comments?post=2738"}],"version-history":[{"count":1,"href":"https:\/\/www.mojekonferencje.pl\/blog\/wp-json\/wp\/v2\/posts\/2738\/revisions"}],"predecessor-version":[{"id":2751,"href":"https:\/\/www.mojekonferencje.pl\/blog\/wp-json\/wp\/v2\/posts\/2738\/revisions\/2751"}],"wp:featuredmedia":[{"embeddable":true,"href":"https:\/\/www.mojekonferencje.pl\/blog\/wp-json\/wp\/v2\/media\/2739"}],"wp:attachment":[{"href":"https:\/\/www.mojekonferencje.pl\/blog\/wp-json\/wp\/v2\/media?parent=2738"}],"wp:term":[{"taxonomy":"category","embeddable":true,"href":"https:\/\/www.mojekonferencje.pl\/blog\/wp-json\/wp\/v2\/categories?post=2738"},{"taxonomy":"post_tag","embeddable":true,"href":"https:\/\/www.mojekonferencje.pl\/blog\/wp-json\/wp\/v2\/tags?post=2738"}],"curies":[{"name":"wp","href":"https:\/\/api.w.org\/{rel}","templated":true}]}}