{"id":2754,"date":"2022-04-21T22:52:00","date_gmt":"2022-04-21T20:52:00","guid":{"rendered":"https:\/\/www.mojekonferencje.pl\/blog\/?p=2754"},"modified":"2024-05-07T11:51:09","modified_gmt":"2024-05-07T09:51:09","slug":"mice-co-tak-naprawde-oznacza","status":"publish","type":"post","link":"https:\/\/www.mojekonferencje.pl\/blog\/mice-co-tak-naprawde-oznacza\/","title":{"rendered":"MICE &#8211; co tak naprawd\u0119 oznacza?"},"content":{"rendered":"\n<p>Z pewno\u015bci\u0105 wiele os\u00f3b cho\u0107 raz s\u0142ysza\u0142o o zjawisku takim jak <strong>bran\u017ca MICE<\/strong>. Nie wszyscy jednak wiedz\u0105, co dok\u0142adnie kryje si\u0119 pod tym poj\u0119ciem. W zwi\u0105zku z tym spieszymy z pomoc\u0105 i z ch\u0119ci\u0105 wyja\u015bnimy, czym jest ten enigmatyczny skr\u00f3t. Zanim jednak przejdziemy do wskazania konkretnej definicji, to podkre\u015blenia wymaga fakt, i\u017c MICE inaczej nazywana jest <strong>turystyk\u0105 biznesow\u0105<\/strong>. <\/p>\n\n\n\n<p>\u00d3w skr\u00f3t pochodzi od pierwszych liter nast\u0119puj\u0105cych s\u0142\u00f3w: Meetings, Incentives, Conferences oraz Exhibitions, kt\u00f3re kolejno oznaczaj\u0105 nic innego, jak: spotkania, imprezy motywacyjne, konferencje i imprezy targowe. Jak wi\u0119c mo\u017cna zauwa\u017cy\u0107, <strong>sektor MICE<\/strong> ma w swoim zakresie wszystkie najwa\u017cniejsze zjawiska zwi\u0105zane z organizacj\u0105 r\u00f3\u017cnorodnych przedsi\u0119wzi\u0119\u0107. Istotne jest jednak to, \u017ce owa bran\u017ca skoncentrowana jest na takich spotkaniach, kt\u00f3re maj\u0105 miejsce gdzie\u015b indziej, ani\u017celi w siedzibie danej firmy. Je\u015bli wi\u0119c chcesz si\u0119 dowiedzie\u0107 wi\u0119cej na ten temat, to koniecznie zosta\u0144 z nami! Po przeczytaniu tego tekstu nie b\u0119dziesz mia\u0142 problemu z wyja\u015bnieniem, czym jest <strong>bran\u017ca MICE<\/strong>.<\/p>\n\n\n\n<figure class=\"wp-block-image size-large\"><img loading=\"lazy\" decoding=\"async\" width=\"1024\" height=\"683\" src=\"https:\/\/www.mojekonferencje.pl\/blog\/wp-content\/uploads\/2022\/04\/000-1024x683.png\" alt=\"\" class=\"wp-image-2756 lazyload\" data-srcset=\"https:\/\/www.mojekonferencje.pl\/blog\/wp-content\/uploads\/2022\/04\/000-1024x683.png 1024w, https:\/\/www.mojekonferencje.pl\/blog\/wp-content\/uploads\/2022\/04\/000-300x200.png 300w, https:\/\/www.mojekonferencje.pl\/blog\/wp-content\/uploads\/2022\/04\/000-768x512.png 768w, https:\/\/www.mojekonferencje.pl\/blog\/wp-content\/uploads\/2022\/04\/000.png 1170w\" sizes=\"auto\" \/><\/figure>\n\n\n\n<h2 class=\"has-text-align-center wp-block-heading\"><br>MICE &#8211; znaczenie<\/h2>\n\n\n\n<p><br><strong>Bran\u017ca MICE<\/strong>, jak ju\u017c zosta\u0142o to wcze\u015bniej zaznaczone, obejmuje wszystko to, co zwi\u0105zane jest ze spotkaniami, imprezami motywacyjnymi, konferencjami oraz imprezami targowymi. To inaczej przemys\u0142 spotka\u0144, turystyka biznesowa albo przemys\u0142 wydarze\u0144. <strong>MICE<\/strong> stanowi pr\u0119\u017cnie rozwijaj\u0105c\u0105 si\u0119 ga\u0142\u0105\u017a gospodarki, kt\u00f3ra z ka\u017cdym kolejnym rokiem jeszcze bardziej zyskuje na popularno\u015bci. <\/p>\n\n\n\n<p>O turystyce biznesowej w naszym kraju zacz\u0119to m\u00f3wi\u0107 od pocz\u0105tku lat 90. W tym czasie bran\u017ca zd\u0105\u017cy\u0142a si\u0119 bardzo rozwin\u0105\u0107, cho\u0107 zdarza si\u0119, \u017ce do dzi\u015b mylona jest ze zjawiskiem podr\u00f3\u017cy s\u0142u\u017cbowych. W praktyce jednak MICE to co\u015b wi\u0119cej. Statystyki jasno wskazuj\u0105, \u017ce<strong> turystyka biznesowa<\/strong> to najpr\u0119\u017cniej rozwijaj\u0105cy si\u0119 sektor ca\u0142ej turystyki, w zakresie kt\u00f3rego mo\u017cna wskaza\u0107 m.in. na: podr\u00f3\u017ce handlowe do kontrahent\u00f3w, wyjazdy motywacyjne, wyst\u0119py na prezentacjach, udzia\u0142 w konferencjach, szkoleniach czy targach, a tak\u017ce wyst\u0119py na prezentacjach. Doskona\u0142ym przyk\u0142adem w tym temacie s\u0105 Katowice, kt\u00f3re mog\u0105 si\u0119 pochwali\u0107 stale rosn\u0105c\u0105 liczb\u0105 odwiedzin w celach biznesowych. Miasto do \u015bwietnie jest promowane jako przestrze\u0144 do organizacji wszelkich wydarze\u0144 biznesowych.<\/p>\n\n\n\n<figure class=\"wp-block-image size-large\"><img loading=\"lazy\" decoding=\"async\" width=\"1024\" height=\"576\" src=\"https:\/\/www.mojekonferencje.pl\/blog\/wp-content\/uploads\/2022\/04\/0000-1024x576.png\" alt=\"\" class=\"wp-image-2757 lazyload\" data-srcset=\"https:\/\/www.mojekonferencje.pl\/blog\/wp-content\/uploads\/2022\/04\/0000-1024x576.png 1024w, https:\/\/www.mojekonferencje.pl\/blog\/wp-content\/uploads\/2022\/04\/0000-300x169.png 300w, https:\/\/www.mojekonferencje.pl\/blog\/wp-content\/uploads\/2022\/04\/0000-768x432.png 768w, https:\/\/www.mojekonferencje.pl\/blog\/wp-content\/uploads\/2022\/04\/0000-640x360.png 640w, https:\/\/www.mojekonferencje.pl\/blog\/wp-content\/uploads\/2022\/04\/0000-320x180.png 320w, https:\/\/www.mojekonferencje.pl\/blog\/wp-content\/uploads\/2022\/04\/0000-480x270.png 480w, https:\/\/www.mojekonferencje.pl\/blog\/wp-content\/uploads\/2022\/04\/0000-960x540.png 960w, https:\/\/www.mojekonferencje.pl\/blog\/wp-content\/uploads\/2022\/04\/0000-1280x720.png 1280w, https:\/\/www.mojekonferencje.pl\/blog\/wp-content\/uploads\/2022\/04\/0000.png 1332w\" sizes=\"auto\" \/><\/figure>\n\n\n\n<h2 class=\"has-text-align-center wp-block-heading\"><br>Bran\u017ca MICE<\/h2>\n\n\n\n<p><br><strong>Sektor MICE <\/strong>w praktyce dzieli si\u0119 na imprezy integracyjne i motywacyjne, a tak\u017ce wszelkie spotkania grupowe na czele ze szkoleniami czy konferencjami. Nie mo\u017cna tak\u017ce pomin\u0105\u0107 podr\u00f3\u017cy motywacyjnych, wystaw oraz kurs\u00f3w. Ca\u0142a <strong>bran\u017ca MICE<\/strong> skupia najbardziej wykwalifikowanych specjalist\u00f3w, kt\u00f3rzy od lat zajmuj\u0105 si\u0119 promocj\u0105 konkretnej destynacji oraz dbaj\u0105 o budowanie relacji biznesowych. Na naszej stronie znajduje si\u0119 specjalna <a href=\"https:\/\/www.mojekonferencje.pl\/uslugi-mice\">zak\u0142adka z us\u0142ugami MICE<\/a>, na kt\u00f3rej mo\u017cna znale\u017a\u0107 najlepszych us\u0142ugodawc\u00f3w z ca\u0142ego kraju. Oferuj\u0105 oni m.in. kompleksowe us\u0142ugi z zakresu <a href=\"https:\/\/www.mojekonferencje.pl\/uslugi-mice\/organizacja-konferencji-kongresow\">organizacji kongres\u00f3w<\/a>, <a href=\"https:\/\/www.mojekonferencje.pl\/uslugi-mice\/pr-i-reklama\">PR i reklamy <\/a>czy <a href=\"https:\/\/www.mojekonferencje.pl\/uslugi-mice\/technika-eventowa\">techniki eventowej<\/a>. <\/p>\n\n\n\n<p>Doskona\u0142y przyk\u0142ad stanowi firma <a href=\"https:\/\/www.mojekonferencje.pl\/firma\/polecam-nie-polecam\">Polecam nie Polecam<\/a>. Jest to najwi\u0119ksza w kraju rekomendacyjna grupa wsparcia bran\u017cy eventowej, kt\u00f3ra zosta\u0142a za\u0142o\u017cona w 2013 roku. Sk\u0142ada si\u0119 ona z ponad 18500 uczestnik\u00f3w bran\u017cy eventowej, kt\u00f3rzy na co dzie\u0144 wymieniaj\u0105 si\u0119 do\u015bwiadczeniem w zakresie wsp\u00f3\u0142pracy z poszczeg\u00f3lnymi agencjami, podwykonawcami, lokacjami czy docelowymi klientami.<\/p>\n\n\n\n<figure class=\"wp-block-image size-large\"><img loading=\"lazy\" decoding=\"async\" width=\"1024\" height=\"683\" src=\"https:\/\/www.mojekonferencje.pl\/blog\/wp-content\/uploads\/2022\/04\/00-1024x683.png\" alt=\"\" class=\"wp-image-2758 lazyload\" data-srcset=\"https:\/\/www.mojekonferencje.pl\/blog\/wp-content\/uploads\/2022\/04\/00-1024x683.png 1024w, https:\/\/www.mojekonferencje.pl\/blog\/wp-content\/uploads\/2022\/04\/00-300x200.png 300w, https:\/\/www.mojekonferencje.pl\/blog\/wp-content\/uploads\/2022\/04\/00-768x512.png 768w, https:\/\/www.mojekonferencje.pl\/blog\/wp-content\/uploads\/2022\/04\/00.png 1170w\" sizes=\"auto\" \/><\/figure>\n\n\n\n<h2 class=\"has-text-align-center wp-block-heading\"><br>Turystyka biznesowa<br><\/h2>\n\n\n\n<p><strong>Turystyka biznesowa<\/strong> posiada do\u015b\u0107 konkretne cechy, na czele kt\u00f3rych s\u0105: nietypowy spos\u00f3b pozyskiwania klient\u00f3w, najwy\u017cszy standard i poziom jako\u015bci us\u0142ug turystycznych oraz brak sezonowo\u015bci. Dodatkowo te\u017c wyr\u00f3\u017cnia si\u0119 formy turystyki biznesowej. W tym zakresie m\u00f3wi si\u0119 o: turystyce motywacyjnej, indywidualnych podr\u00f3\u017cach s\u0142u\u017cbowych, turystyce spotka\u0144, turystyce korporacyjnej oraz turystyce wystawowej. Je\u015bli chodzi o wyjazdy integracyjne i motywacyjne, to z ch\u0119ci\u0105 wska\u017cemy na kilka ciekawych firm dzia\u0142aj\u0105cych na terenie Polski. Odpowiednim przyk\u0142adem jest <a href=\"https:\/\/www.mojekonferencje.pl\/firma\/bossa-nova-events\">Bossa Nova Events z Krakaowa<\/a>. Specjalizuje si\u0119 ona w organizacji r\u00f3\u017cnorodnych imprez firmowych i wydarze\u0144 w duchu zero waste i ekologii. Kolejny przyk\u0142ad stanowi <a href=\"https:\/\/www.mojekonferencje.pl\/firma\/agencja-eventowa-lizard\">Agencja Eventowa Lizard<\/a> z Zabrza. Na co dzie\u0144 organizuje ona zachwycaj\u0105ce imprezy integracyjne, a tak\u017ce wyr\u00f3\u017cnia si\u0119 bogat\u0105 ofert\u0105 rekreacyjn\u0105. Oczywi\u015bcie tego typu firmy mo\u017cna znale\u017a\u0107 w ca\u0142ym kraju!<\/p>\n\n\n\n<figure class=\"wp-block-image size-large\"><img loading=\"lazy\" decoding=\"async\" width=\"1024\" height=\"684\" src=\"https:\/\/www.mojekonferencje.pl\/blog\/wp-content\/uploads\/2022\/04\/0-1024x684.png\" alt=\"\" class=\"wp-image-2759 lazyload\" data-srcset=\"https:\/\/www.mojekonferencje.pl\/blog\/wp-content\/uploads\/2022\/04\/0-1024x684.png 1024w, https:\/\/www.mojekonferencje.pl\/blog\/wp-content\/uploads\/2022\/04\/0-300x200.png 300w, https:\/\/www.mojekonferencje.pl\/blog\/wp-content\/uploads\/2022\/04\/0-768x513.png 768w, https:\/\/www.mojekonferencje.pl\/blog\/wp-content\/uploads\/2022\/04\/0.png 1169w\" sizes=\"auto\" \/><\/figure>\n\n\n\n<h2 class=\"has-text-align-center wp-block-heading\"><br>Turystyka biznesowa w Polsce i na \u015bwiecie<\/h2>\n\n\n\n<p><br>Jak ju\u017c podkre\u015blili\u015bmy wcze\u015bniej, <strong>bran\u017ca MICE<\/strong> bardzo intensywnie si\u0119 rozwija. Mamy na my\u015bli zar\u00f3wno rynek Polski, jak i turystyk\u0119 biznesow\u0105 na \u015bwiecie. Stale rosn\u0105ca popularno\u015b\u0107 tej bran\u017cy daje pewno\u015b\u0107, i\u017c szeroko poj\u0119ty rynek spotka\u0144 aktualnie idzie w jednym s\u0142usznym kierunku, czyli ku rozbudowie. \u015awiadczy te\u017c o tym fakt poszukiwania nietypowych, ciekawych miejsc na organizacj\u0119 spotka\u0144 biznesowych i imprez integracyjnych. Nie byliby\u015bmy sob\u0105, gdyby\u015bmy nie wskazali zatem kilku ciekawych propozycji w tym temacie. Je\u015bli wi\u0119c szukasz wyj\u0105tkowego miejsca na event, to koniecznie zapoznaj si\u0119 z ofert\u0105 nast\u0119puj\u0105cych obiekt\u00f3w. Odpowiedni przyk\u0142ad to <a href=\"https:\/\/www.mojekonferencje.pl\/niemcza\/uroczysko-siedmiu-stawow\">Uroczysko Siedmiu Staw\u00f3w Luxury Hotel <\/a>na Dolnym \u015al\u0105sku. R\u00f3wnie atrakcyjny jest <a href=\"https:\/\/www.mojekonferencje.pl\/sulejow\/hotel-podklasztorze\">Best Western Plus Hotel Podklasztorze<\/a> w wojew\u00f3dztwie \u0141\u00f3dzkim. Trzeci\u0105 i zarazem ostatni\u0105 propozycj\u0119 stanowi <a href=\"https:\/\/www.mojekonferencje.pl\/jaracz\/hotel-odpocznia-resort-i-las\">Hotel Odpocznia Resort i Las <\/a>w Wielkopolsce, obok kt\u00f3rego zdecydowanie trudno jest przej\u015b\u0107 oboj\u0119tnie!<\/p>\n","protected":false},"excerpt":{"rendered":"<p>Zastanawiasz si\u0119, co znaczy MICE? Nic dziwnego &#8211; ten skr\u00f3t wcale nie jest tak oczywisty, jak by si\u0119 to mog\u0142o wydawa\u0107. W tym tek\u015bcie dok\u0142adnie przybli\u017camy owe zjawisko!<\/p>\n","protected":false},"author":9,"featured_media":2755,"comment_status":"closed","ping_status":"closed","sticky":false,"template":"","format":"standard","meta":{"_acf_changed":false,"footnotes":""},"categories":[8,175],"tags":[328,20,26],"class_list":["post-2754","post","type-post","status-publish","format-standard","has-post-thumbnail","hentry","category-porady","category-wybieranie-miejsca-konferencyjnego","tag-gry-i-zabawy-integracyjne","tag-spotkania-biznesowe","tag-wypady-integracyjne"],"acf":[],"yoast_head":"<!-- This site is optimized with the Yoast SEO plugin v27.1.1 - https:\/\/yoast.com\/product\/yoast-seo-wordpress\/ -->\n<title>MICE - co tak naprawd\u0119 oznacza? - blog | MojeKonferencje.pl<\/title>\n<meta name=\"description\" content=\"MICE - co tak naprawd\u0119 oznacza? - blog | MojeKonferencje.pl\" \/>\n<meta name=\"robots\" content=\"index, follow, max-snippet:-1, max-image-preview:large, max-video-preview:-1\" \/>\n<link rel=\"canonical\" href=\"https:\/\/www.mojekonferencje.pl\/blog\/mice-co-tak-naprawde-oznacza\/\" \/>\n<meta property=\"og:locale\" content=\"pl_PL\" \/>\n<meta property=\"og:type\" content=\"article\" \/>\n<meta property=\"og:title\" content=\"MICE - co tak naprawd\u0119 oznacza? - blog | MojeKonferencje.pl\" \/>\n<meta property=\"og:description\" content=\"MICE - co tak naprawd\u0119 oznacza? - blog | MojeKonferencje.pl\" \/>\n<meta property=\"og:url\" content=\"https:\/\/www.mojekonferencje.pl\/blog\/mice-co-tak-naprawde-oznacza\/\" \/>\n<meta property=\"og:site_name\" content=\"MojeKonferencje.pl\" \/>\n<meta property=\"article:published_time\" content=\"2022-04-21T20:52:00+00:00\" \/>\n<meta property=\"article:modified_time\" content=\"2024-05-07T09:51:09+00:00\" \/>\n<meta property=\"og:image\" content=\"https:\/\/www.mojekonferencje.pl\/blog\/wp-content\/uploads\/2022\/04\/000000.png\" \/>\n\t<meta property=\"og:image:width\" content=\"1170\" \/>\n\t<meta property=\"og:image:height\" content=\"780\" \/>\n\t<meta property=\"og:image:type\" content=\"image\/png\" \/>\n<meta name=\"author\" content=\"Olga Stawicka-Iwanowska\" \/>\n<meta name=\"twitter:card\" content=\"summary_large_image\" \/>\n<meta name=\"twitter:label1\" content=\"Napisane przez\" \/>\n\t<meta name=\"twitter:data1\" content=\"Olga Stawicka-Iwanowska\" \/>\n\t<meta name=\"twitter:label2\" content=\"Szacowany czas czytania\" \/>\n\t<meta name=\"twitter:data2\" content=\"4 minuty\" \/>\n<script type=\"application\/ld+json\" class=\"yoast-schema-graph\">{\"@context\":\"https:\/\/schema.org\",\"@graph\":[{\"@type\":\"Article\",\"@id\":\"https:\/\/www.mojekonferencje.pl\/blog\/mice-co-tak-naprawde-oznacza\/#article\",\"isPartOf\":{\"@id\":\"https:\/\/www.mojekonferencje.pl\/blog\/mice-co-tak-naprawde-oznacza\/\"},\"author\":{\"name\":\"Olga Stawicka-Iwanowska\",\"@id\":\"https:\/\/www.mojekonferencje.pl\/blog\/#\/schema\/person\/d6751ca3c60de9ec17ee21b744bbb2d4\"},\"headline\":\"MICE &#8211; co tak naprawd\u0119 oznacza?\",\"datePublished\":\"2022-04-21T20:52:00+00:00\",\"dateModified\":\"2024-05-07T09:51:09+00:00\",\"mainEntityOfPage\":{\"@id\":\"https:\/\/www.mojekonferencje.pl\/blog\/mice-co-tak-naprawde-oznacza\/\"},\"wordCount\":868,\"image\":{\"@id\":\"https:\/\/www.mojekonferencje.pl\/blog\/mice-co-tak-naprawde-oznacza\/#primaryimage\"},\"thumbnailUrl\":\"https:\/\/www.mojekonferencje.pl\/blog\/wp-content\/uploads\/2022\/04\/000000.png\",\"keywords\":[\"gry i zabawy integracyjne\",\"spotkania biznesowe\",\"wypady integracyjne\"],\"articleSection\":[\"Porady\",\"Wybieranie miejsca konferencyjnego\"],\"inLanguage\":\"pl-PL\"},{\"@type\":\"WebPage\",\"@id\":\"https:\/\/www.mojekonferencje.pl\/blog\/mice-co-tak-naprawde-oznacza\/\",\"url\":\"https:\/\/www.mojekonferencje.pl\/blog\/mice-co-tak-naprawde-oznacza\/\",\"name\":\"MICE - co tak naprawd\u0119 oznacza? - blog | MojeKonferencje.pl\",\"isPartOf\":{\"@id\":\"https:\/\/www.mojekonferencje.pl\/blog\/#website\"},\"primaryImageOfPage\":{\"@id\":\"https:\/\/www.mojekonferencje.pl\/blog\/mice-co-tak-naprawde-oznacza\/#primaryimage\"},\"image\":{\"@id\":\"https:\/\/www.mojekonferencje.pl\/blog\/mice-co-tak-naprawde-oznacza\/#primaryimage\"},\"thumbnailUrl\":\"https:\/\/www.mojekonferencje.pl\/blog\/wp-content\/uploads\/2022\/04\/000000.png\",\"datePublished\":\"2022-04-21T20:52:00+00:00\",\"dateModified\":\"2024-05-07T09:51:09+00:00\",\"author\":{\"@id\":\"https:\/\/www.mojekonferencje.pl\/blog\/#\/schema\/person\/d6751ca3c60de9ec17ee21b744bbb2d4\"},\"description\":\"MICE - co tak naprawd\u0119 oznacza? - blog | MojeKonferencje.pl\",\"breadcrumb\":{\"@id\":\"https:\/\/www.mojekonferencje.pl\/blog\/mice-co-tak-naprawde-oznacza\/#breadcrumb\"},\"inLanguage\":\"pl-PL\",\"potentialAction\":[{\"@type\":\"ReadAction\",\"target\":[\"https:\/\/www.mojekonferencje.pl\/blog\/mice-co-tak-naprawde-oznacza\/\"]}]},{\"@type\":\"ImageObject\",\"inLanguage\":\"pl-PL\",\"@id\":\"https:\/\/www.mojekonferencje.pl\/blog\/mice-co-tak-naprawde-oznacza\/#primaryimage\",\"url\":\"https:\/\/www.mojekonferencje.pl\/blog\/wp-content\/uploads\/2022\/04\/000000.png\",\"contentUrl\":\"https:\/\/www.mojekonferencje.pl\/blog\/wp-content\/uploads\/2022\/04\/000000.png\",\"width\":1170,\"height\":780},{\"@type\":\"BreadcrumbList\",\"@id\":\"https:\/\/www.mojekonferencje.pl\/blog\/mice-co-tak-naprawde-oznacza\/#breadcrumb\",\"itemListElement\":[{\"@type\":\"ListItem\",\"position\":1,\"name\":\"Strona g\u0142\u00f3wna\",\"item\":\"https:\/\/www.mojekonferencje.pl\/blog\/\"},{\"@type\":\"ListItem\",\"position\":2,\"name\":\"MICE &#8211; co tak naprawd\u0119 oznacza?\"}]},{\"@type\":\"WebSite\",\"@id\":\"https:\/\/www.mojekonferencje.pl\/blog\/#website\",\"url\":\"https:\/\/www.mojekonferencje.pl\/blog\/\",\"name\":\"MojeKonferencje.pl\",\"description\":\"Blog bran\u017cy szkoleniowo-konferencyjnej. W\u0142\u0105cz si\u0119 do dyskusji o obiektach konferencyjnych i nowo\u015bciach z bran\u017cy! Poznaj porady odno\u015bnie organizacji konferencji, szkole\u0144 i event\u00f3w firmowych! Zach\u0119camy do wyra\u017cania opinii oraz komentarzy.\",\"potentialAction\":[{\"@type\":\"SearchAction\",\"target\":{\"@type\":\"EntryPoint\",\"urlTemplate\":\"https:\/\/www.mojekonferencje.pl\/blog\/?s={search_term_string}\"},\"query-input\":{\"@type\":\"PropertyValueSpecification\",\"valueRequired\":true,\"valueName\":\"search_term_string\"}}],\"inLanguage\":\"pl-PL\"},{\"@type\":\"Person\",\"@id\":\"https:\/\/www.mojekonferencje.pl\/blog\/#\/schema\/person\/d6751ca3c60de9ec17ee21b744bbb2d4\",\"name\":\"Olga Stawicka-Iwanowska\",\"description\":\"Head of Marketing z ponad sze\u015bcioletnim do\u015bwiadczeniem w bran\u017cy MICE. Na co dzie\u0144 zajmuje si\u0119 content marketingiem i promocj\u0105 obiekt\u00f3w eventowych, tak aby organizatorzy kongres\u00f3w, targ\u00f3w i konferencji wiedzieli, \u017ce w\u0142a\u015bnie tam warto zrealizowa\u0107 swoje wydarzenie. Prowadzi media spo\u0142eczno\u015bciowe, tworzy strategie komunikacji, pisze artyku\u0142y i dba o sp\u00f3jny wizerunek marki w ka\u017cdym kanale. W swojej pracy \u0142\u0105czy analityczne my\u015blenie z kreatywno\u015bci\u0105 i dobrym copy. Wsp\u00f3\u0142pracuje zar\u00f3wno z organizatorami najwi\u0119kszych wydarze\u0144 w Polsce, jak i z regionalnymi partnerami z bran\u017cy. Po godzinach mi\u0142o\u015bniczka podr\u00f3\u017cy po Europie, dobrej kuchni i klimatycznych miejsc, w kt\u00f3rych mo\u017cna z\u0142apa\u0107 oddech.\",\"sameAs\":[\"http:\/\/MojeKonferencje.pl\",\"https:\/\/www.linkedin.com\/in\/olgastawicka\/\"],\"url\":\"https:\/\/www.mojekonferencje.pl\/blog\/author\/osawicka\/\"}]}<\/script>\n<!-- \/ Yoast SEO plugin. -->","yoast_head_json":{"title":"MICE - co tak naprawd\u0119 oznacza? - blog | MojeKonferencje.pl","description":"MICE - co tak naprawd\u0119 oznacza? - blog | MojeKonferencje.pl","robots":{"index":"index","follow":"follow","max-snippet":"max-snippet:-1","max-image-preview":"max-image-preview:large","max-video-preview":"max-video-preview:-1"},"canonical":"https:\/\/www.mojekonferencje.pl\/blog\/mice-co-tak-naprawde-oznacza\/","og_locale":"pl_PL","og_type":"article","og_title":"MICE - co tak naprawd\u0119 oznacza? - blog | MojeKonferencje.pl","og_description":"MICE - co tak naprawd\u0119 oznacza? - blog | MojeKonferencje.pl","og_url":"https:\/\/www.mojekonferencje.pl\/blog\/mice-co-tak-naprawde-oznacza\/","og_site_name":"MojeKonferencje.pl","article_published_time":"2022-04-21T20:52:00+00:00","article_modified_time":"2024-05-07T09:51:09+00:00","og_image":[{"width":1170,"height":780,"url":"https:\/\/www.mojekonferencje.pl\/blog\/wp-content\/uploads\/2022\/04\/000000.png","type":"image\/png"}],"author":"Olga Stawicka-Iwanowska","twitter_card":"summary_large_image","twitter_misc":{"Napisane przez":"Olga Stawicka-Iwanowska","Szacowany czas czytania":"4 minuty"},"schema":{"@context":"https:\/\/schema.org","@graph":[{"@type":"Article","@id":"https:\/\/www.mojekonferencje.pl\/blog\/mice-co-tak-naprawde-oznacza\/#article","isPartOf":{"@id":"https:\/\/www.mojekonferencje.pl\/blog\/mice-co-tak-naprawde-oznacza\/"},"author":{"name":"Olga Stawicka-Iwanowska","@id":"https:\/\/www.mojekonferencje.pl\/blog\/#\/schema\/person\/d6751ca3c60de9ec17ee21b744bbb2d4"},"headline":"MICE &#8211; co tak naprawd\u0119 oznacza?","datePublished":"2022-04-21T20:52:00+00:00","dateModified":"2024-05-07T09:51:09+00:00","mainEntityOfPage":{"@id":"https:\/\/www.mojekonferencje.pl\/blog\/mice-co-tak-naprawde-oznacza\/"},"wordCount":868,"image":{"@id":"https:\/\/www.mojekonferencje.pl\/blog\/mice-co-tak-naprawde-oznacza\/#primaryimage"},"thumbnailUrl":"https:\/\/www.mojekonferencje.pl\/blog\/wp-content\/uploads\/2022\/04\/000000.png","keywords":["gry i zabawy integracyjne","spotkania biznesowe","wypady integracyjne"],"articleSection":["Porady","Wybieranie miejsca konferencyjnego"],"inLanguage":"pl-PL"},{"@type":"WebPage","@id":"https:\/\/www.mojekonferencje.pl\/blog\/mice-co-tak-naprawde-oznacza\/","url":"https:\/\/www.mojekonferencje.pl\/blog\/mice-co-tak-naprawde-oznacza\/","name":"MICE - co tak naprawd\u0119 oznacza? - blog | MojeKonferencje.pl","isPartOf":{"@id":"https:\/\/www.mojekonferencje.pl\/blog\/#website"},"primaryImageOfPage":{"@id":"https:\/\/www.mojekonferencje.pl\/blog\/mice-co-tak-naprawde-oznacza\/#primaryimage"},"image":{"@id":"https:\/\/www.mojekonferencje.pl\/blog\/mice-co-tak-naprawde-oznacza\/#primaryimage"},"thumbnailUrl":"https:\/\/www.mojekonferencje.pl\/blog\/wp-content\/uploads\/2022\/04\/000000.png","datePublished":"2022-04-21T20:52:00+00:00","dateModified":"2024-05-07T09:51:09+00:00","author":{"@id":"https:\/\/www.mojekonferencje.pl\/blog\/#\/schema\/person\/d6751ca3c60de9ec17ee21b744bbb2d4"},"description":"MICE - co tak naprawd\u0119 oznacza? - blog | MojeKonferencje.pl","breadcrumb":{"@id":"https:\/\/www.mojekonferencje.pl\/blog\/mice-co-tak-naprawde-oznacza\/#breadcrumb"},"inLanguage":"pl-PL","potentialAction":[{"@type":"ReadAction","target":["https:\/\/www.mojekonferencje.pl\/blog\/mice-co-tak-naprawde-oznacza\/"]}]},{"@type":"ImageObject","inLanguage":"pl-PL","@id":"https:\/\/www.mojekonferencje.pl\/blog\/mice-co-tak-naprawde-oznacza\/#primaryimage","url":"https:\/\/www.mojekonferencje.pl\/blog\/wp-content\/uploads\/2022\/04\/000000.png","contentUrl":"https:\/\/www.mojekonferencje.pl\/blog\/wp-content\/uploads\/2022\/04\/000000.png","width":1170,"height":780},{"@type":"BreadcrumbList","@id":"https:\/\/www.mojekonferencje.pl\/blog\/mice-co-tak-naprawde-oznacza\/#breadcrumb","itemListElement":[{"@type":"ListItem","position":1,"name":"Strona g\u0142\u00f3wna","item":"https:\/\/www.mojekonferencje.pl\/blog\/"},{"@type":"ListItem","position":2,"name":"MICE &#8211; co tak naprawd\u0119 oznacza?"}]},{"@type":"WebSite","@id":"https:\/\/www.mojekonferencje.pl\/blog\/#website","url":"https:\/\/www.mojekonferencje.pl\/blog\/","name":"MojeKonferencje.pl","description":"Blog bran\u017cy szkoleniowo-konferencyjnej. W\u0142\u0105cz si\u0119 do dyskusji o obiektach konferencyjnych i nowo\u015bciach z bran\u017cy! Poznaj porady odno\u015bnie organizacji konferencji, szkole\u0144 i event\u00f3w firmowych! Zach\u0119camy do wyra\u017cania opinii oraz komentarzy.","potentialAction":[{"@type":"SearchAction","target":{"@type":"EntryPoint","urlTemplate":"https:\/\/www.mojekonferencje.pl\/blog\/?s={search_term_string}"},"query-input":{"@type":"PropertyValueSpecification","valueRequired":true,"valueName":"search_term_string"}}],"inLanguage":"pl-PL"},{"@type":"Person","@id":"https:\/\/www.mojekonferencje.pl\/blog\/#\/schema\/person\/d6751ca3c60de9ec17ee21b744bbb2d4","name":"Olga Stawicka-Iwanowska","description":"Head of Marketing z ponad sze\u015bcioletnim do\u015bwiadczeniem w bran\u017cy MICE. Na co dzie\u0144 zajmuje si\u0119 content marketingiem i promocj\u0105 obiekt\u00f3w eventowych, tak aby organizatorzy kongres\u00f3w, targ\u00f3w i konferencji wiedzieli, \u017ce w\u0142a\u015bnie tam warto zrealizowa\u0107 swoje wydarzenie. Prowadzi media spo\u0142eczno\u015bciowe, tworzy strategie komunikacji, pisze artyku\u0142y i dba o sp\u00f3jny wizerunek marki w ka\u017cdym kanale. W swojej pracy \u0142\u0105czy analityczne my\u015blenie z kreatywno\u015bci\u0105 i dobrym copy. Wsp\u00f3\u0142pracuje zar\u00f3wno z organizatorami najwi\u0119kszych wydarze\u0144 w Polsce, jak i z regionalnymi partnerami z bran\u017cy. Po godzinach mi\u0142o\u015bniczka podr\u00f3\u017cy po Europie, dobrej kuchni i klimatycznych miejsc, w kt\u00f3rych mo\u017cna z\u0142apa\u0107 oddech.","sameAs":["http:\/\/MojeKonferencje.pl","https:\/\/www.linkedin.com\/in\/olgastawicka\/"],"url":"https:\/\/www.mojekonferencje.pl\/blog\/author\/osawicka\/"}]}},"_links":{"self":[{"href":"https:\/\/www.mojekonferencje.pl\/blog\/wp-json\/wp\/v2\/posts\/2754","targetHints":{"allow":["GET"]}}],"collection":[{"href":"https:\/\/www.mojekonferencje.pl\/blog\/wp-json\/wp\/v2\/posts"}],"about":[{"href":"https:\/\/www.mojekonferencje.pl\/blog\/wp-json\/wp\/v2\/types\/post"}],"author":[{"embeddable":true,"href":"https:\/\/www.mojekonferencje.pl\/blog\/wp-json\/wp\/v2\/users\/9"}],"replies":[{"embeddable":true,"href":"https:\/\/www.mojekonferencje.pl\/blog\/wp-json\/wp\/v2\/comments?post=2754"}],"version-history":[{"count":1,"href":"https:\/\/www.mojekonferencje.pl\/blog\/wp-json\/wp\/v2\/posts\/2754\/revisions"}],"predecessor-version":[{"id":2760,"href":"https:\/\/www.mojekonferencje.pl\/blog\/wp-json\/wp\/v2\/posts\/2754\/revisions\/2760"}],"wp:featuredmedia":[{"embeddable":true,"href":"https:\/\/www.mojekonferencje.pl\/blog\/wp-json\/wp\/v2\/media\/2755"}],"wp:attachment":[{"href":"https:\/\/www.mojekonferencje.pl\/blog\/wp-json\/wp\/v2\/media?parent=2754"}],"wp:term":[{"taxonomy":"category","embeddable":true,"href":"https:\/\/www.mojekonferencje.pl\/blog\/wp-json\/wp\/v2\/categories?post=2754"},{"taxonomy":"post_tag","embeddable":true,"href":"https:\/\/www.mojekonferencje.pl\/blog\/wp-json\/wp\/v2\/tags?post=2754"}],"curies":[{"name":"wp","href":"https:\/\/api.w.org\/{rel}","templated":true}]}}