{"id":3045,"date":"2022-07-22T19:44:00","date_gmt":"2022-07-22T17:44:00","guid":{"rendered":"https:\/\/www.mojekonferencje.pl\/blog\/?p=3045"},"modified":"2024-05-07T11:50:35","modified_gmt":"2024-05-07T09:50:35","slug":"kilka-wskazowek-ktore-pomoga-ci-w-prowadzeniu-konferencji","status":"publish","type":"post","link":"https:\/\/www.mojekonferencje.pl\/blog\/kilka-wskazowek-ktore-pomoga-ci-w-prowadzeniu-konferencji\/","title":{"rendered":"Kilka wskaz\u00f3wek, kt\u00f3re pomog\u0105 Ci w prowadzeniu konferencji"},"content":{"rendered":"\n<p><strong>Organizacja konferencji<\/strong> to nie lada wyzwanie, kt\u00f3re wymaga odpowiedniego przygotowania zar\u00f3wno od pomys\u0142odawc\u00f3w przedsi\u0119wzi\u0119cia, jak i od prelegent\u00f3w. I cho\u0107 ich zadania znacz\u0105co si\u0119 r\u00f3\u017cni\u0105, to jednak celem obu tych stron jest m.in. sprawienie, aby ca\u0142y event by\u0142 ciekawy oraz inspiruj\u0105cy. W zwi\u0105zku z tym dzi\u015b pragniemy przedstawi\u0107 <strong>wskaz\u00f3wki, kt\u00f3re pomog\u0105 Ci przeprowadzi\u0107 konferencj\u0119<\/strong>. <\/p>\n\n\n\n<p>To bardzo wa\u017cne zagadnienie, poniewa\u017c w\u0142a\u015bnie od jako\u015bci wyst\u0105pie\u0144 zale\u017cy ich odbi\u00f3r, a co za tym idzie &#8211; zadowolenie go\u015bci. Ka\u017cde wyst\u0105pienie powinno by\u0107 dopracowane w najmniejszym detalu. Konferencje to na tyle powa\u017cne wydarzenia, \u017ce nie powinno by\u0107 podczas nich miejsca na improwizacj\u0119. Oczywi\u015bcie mo\u017ce si\u0119 zdarzy\u0107, \u017ce co\u015b p\u00f3jdzie nie po naszej my\u015bli lub stres b\u0119dzie wi\u0119kszy, ni\u017c powinien by\u0107, ale i z tym mo\u017cna sobie poradzi\u0107. Jak? M.in. o tym w\u0142a\u015bnie jest ten artyku\u0142. Je\u015bli zatem zastanawiasz si\u0119, <strong>jak prowadzi\u0107 konferencj\u0119<\/strong>, to koniecznie zosta\u0144 z nami!<\/p>\n\n\n\n<figure class=\"wp-block-image size-large\"><img loading=\"lazy\" decoding=\"async\" width=\"1024\" height=\"683\" src=\"https:\/\/www.mojekonferencje.pl\/blog\/wp-content\/uploads\/2022\/07\/photo-1544531586-fde5298cdd40-1024x683.png\" alt=\"\" class=\"wp-image-3047 lazyload\" data-srcset=\"https:\/\/www.mojekonferencje.pl\/blog\/wp-content\/uploads\/2022\/07\/photo-1544531586-fde5298cdd40-1024x683.png 1024w, https:\/\/www.mojekonferencje.pl\/blog\/wp-content\/uploads\/2022\/07\/photo-1544531586-fde5298cdd40-300x200.png 300w, https:\/\/www.mojekonferencje.pl\/blog\/wp-content\/uploads\/2022\/07\/photo-1544531586-fde5298cdd40-768x512.png 768w, https:\/\/www.mojekonferencje.pl\/blog\/wp-content\/uploads\/2022\/07\/photo-1544531586-fde5298cdd40.png 1170w\" sizes=\"auto\" \/><\/figure>\n\n\n\n<h2 class=\"wp-block-heading\">Wskaz\u00f3wki przy prowadzeniu konferencji<\/h2>\n\n\n\n<p><br>Pierwszy raz organizujesz konferencj\u0119? Albo zbli\u017ca si\u0119 Tw\u00f3j debiut w roli prelegenta? \u015awietnie! W takim razie pewnie zastanawiasz si\u0119, <strong>jak wyst\u0119powa\u0107 na konferencji<\/strong>. Musisz si\u0119 do tego zadania odpowiednio przygotowa\u0107, aby w odpowiedni i atrakcyjny spos\u00f3b przedstawi\u0107 to, nad czym do tej pory pracowa\u0142e\u015b. <\/p>\n\n\n\n<p>Absolutn\u0105 podstaw\u0105 jest <strong>stworzenie planu konferencji i wyst\u0105pienia<\/strong>. Organizatorzy tego typu wydarze\u0144 musz\u0105 odpowiedzie\u0107 sobie na pytanie, w jakim celu organizuj\u0105 dan\u0105 konferencj\u0119 oraz co chc\u0105 podczas niej przekaza\u0107. Prelegenci (przy okazji sprawd\u017a,<a href=\"https:\/\/www.mojekonferencje.pl\/blog\/kim-jest-prelegent-i-jak-wspolpracowac-z-nim-na-konferencji\/\"> kim jest prelegent<\/a>) musz\u0105 za to przygotowa\u0107 <a href=\"https:\/\/www.mojekonferencje.pl\/blog\/jak-przygotowac-dobry-abstrakt-na-konferencje\/\">abstrakt na konferencj\u0119<\/a>. To nic innego, jak streszczenie danego wyst\u0105pienia. Tego typu zapiski niejako wskazuj\u0105 og\u00f3lny kierunek wyst\u0105pienia.<\/p>\n\n\n\n<p> Przygotowuj\u0105c si\u0119 do wyst\u0105pienia, nale\u017cy tak\u017ce <strong>stworzy\u0107 scenariusz oraz prezentacj\u0119<\/strong>. Wszelkie pomoce multimedialne nie tylko czyni\u0105 wyst\u0119p bardziej atrakcyjnym, ale te\u017c stanowi\u0105 swoist\u0105 podpor\u0119 dla osoby wyst\u0119puj\u0105cej. Kolejna wskaz\u00f3wka, je\u015bli chodzi o <strong>prowadzenie konferencji<\/strong>, to systematyczne \u0107wiczenia. Tego naprawd\u0119 nie mo\u017ce zabrakn\u0105\u0107! Niezwykle wa\u017cne jest to, aby przynajmniej kilka razy prze\u0107wiczy\u0107 w\u0142asne wyst\u0105pienie.<\/p>\n\n\n\n<figure class=\"wp-block-image size-large\"><img loading=\"lazy\" decoding=\"async\" width=\"1024\" height=\"683\" src=\"https:\/\/www.mojekonferencje.pl\/blog\/wp-content\/uploads\/2022\/07\/photo-1475721027785-f74eccf877e2-1024x683.png\" alt=\"\" class=\"wp-image-3048 lazyload\" data-srcset=\"https:\/\/www.mojekonferencje.pl\/blog\/wp-content\/uploads\/2022\/07\/photo-1475721027785-f74eccf877e2-1024x683.png 1024w, https:\/\/www.mojekonferencje.pl\/blog\/wp-content\/uploads\/2022\/07\/photo-1475721027785-f74eccf877e2-300x200.png 300w, https:\/\/www.mojekonferencje.pl\/blog\/wp-content\/uploads\/2022\/07\/photo-1475721027785-f74eccf877e2-768x512.png 768w, https:\/\/www.mojekonferencje.pl\/blog\/wp-content\/uploads\/2022\/07\/photo-1475721027785-f74eccf877e2.png 1170w\" sizes=\"auto\" \/><\/figure>\n\n\n\n<h2 class=\"wp-block-heading\">Jak prowadzi\u0107 konferencj\u0119?<\/h2>\n\n\n\n<p><br>Wcale nas nie dziwi, \u017ce pytanie o to, <strong>jak prowadzi\u0107 konferencj\u0119<\/strong>, pojawia si\u0119 tak cz\u0119sto. W ko\u0144cu ka\u017cdemu organizatorowi i uczestnikowi zale\u017cy na tym, by by\u0107 dobrze i profesjonalnie odebranym. Konferencj\u0119 powinno si\u0119 prowadzi\u0107 przede wszystkim <strong>w spokojnym, naturalnym tempie<\/strong>. Zdarza si\u0119, \u017ce osoby wyst\u0119puj\u0105ce chc\u0105 jak najszybciej mie\u0107 za sob\u0105 konieczno\u015b\u0107 wyj\u015bcia na scen\u0119, przez co ich wyst\u0105pienie jest chaotyczne i przedstawione w tak szybkim tempie, \u017ce odbiorca nierzadko gubi si\u0119 w tym potoku s\u0142\u00f3w. Zdecydowanie nie t\u0119dy droga! <\/p>\n\n\n\n<p>Podczas wyst\u0105pienia <strong>nale\u017cy pami\u0119ta\u0107 o miarowo\u015bci, odpowiednim akcentowaniu oraz znakach przystankowych<\/strong>. Inaczej s\u0142uchacze nie tylko b\u0119d\u0105 zdezorientowani, ale te\u017c rozczarowani. Dodatkowo jeszcze przed konferencj\u0105 okre\u015bl dok\u0142adnie czy wyst\u0105pienia b\u0119d\u0105 si\u0119 odbywa\u0142y na stoj\u0105co, czy siedz\u0105co. To bardzo wa\u017cna informacja, kt\u00f3ra dodatkowo mo\u017ce wprowadzi\u0107 osoby wyst\u0119puj\u0105ce w stan zak\u0142opotania. S\u0105 bowiem tacy ludzie, kt\u00f3rzy podczas wyst\u0105pie\u0144 lubi\u0105 chodzi\u0107 nawet po ca\u0142ej scenie.<\/p>\n\n\n\n<figure class=\"wp-block-image size-large\"><img loading=\"lazy\" decoding=\"async\" width=\"1024\" height=\"683\" src=\"https:\/\/www.mojekonferencje.pl\/blog\/wp-content\/uploads\/2022\/07\/photo-1629146719139-245c817d534f-1024x683.png\" alt=\"\" class=\"wp-image-3049 lazyload\" data-srcset=\"https:\/\/www.mojekonferencje.pl\/blog\/wp-content\/uploads\/2022\/07\/photo-1629146719139-245c817d534f-1024x683.png 1024w, https:\/\/www.mojekonferencje.pl\/blog\/wp-content\/uploads\/2022\/07\/photo-1629146719139-245c817d534f-300x200.png 300w, https:\/\/www.mojekonferencje.pl\/blog\/wp-content\/uploads\/2022\/07\/photo-1629146719139-245c817d534f-768x512.png 768w, https:\/\/www.mojekonferencje.pl\/blog\/wp-content\/uploads\/2022\/07\/photo-1629146719139-245c817d534f.png 1170w\" sizes=\"auto\" \/><\/figure>\n\n\n\n<h2 class=\"wp-block-heading\">Jak wyst\u0119powa\u0107 na konferencji?<\/h2>\n\n\n\n<p><br>\u017beby <strong>wyst\u0105pienie na konferencji <\/strong>uznane zosta\u0142o za ciekawe, musisz zdoby\u0107 uwag\u0119 publiczno\u015bci. Tutaj kluczowe s\u0105 pierwsze chwile na scenie. To odpowiedni czas, aby zaprezentowa\u0107 si\u0119 jako osoba pewna siebie i wiedz\u0105ca, po co znalaz\u0142a si\u0119 w tym w\u0142a\u015bnie miejscu i czasie. Udowodnij s\u0142uchaczom, \u017ce dokonali dobrego wyboru, przychodz\u0105c na dan\u0105 konferencj\u0119. <strong>B\u0105d\u017a w tym wszystkim sob\u0105<\/strong> &#8211; je\u015bli na co dzie\u0144 u\u015bmiech nie schodzi Ci z twarzy, nie kryj go usilnie pod mask\u0105 powa\u017cnego eksperta. Go\u015bcie szybko to wy\u0142api\u0105. <\/p>\n\n\n\n<p>Mo\u017ce si\u0119 zdarzy\u0107, \u017ce podczas wyst\u0105pienia nagle pojawi si\u0119 stres, przez kt\u00f3ry zapomnisz, co mia\u0142e\u015b powiedzie\u0107\u2026 w\u00f3wczas szybko sp\u00f3jrz na stworzony wcze\u015bniej plan swojego wyst\u0105pienia. Pami\u0119taj o tym, \u017ce nawet najlepszym prowadz\u0105cym zdarzaj\u0105 si\u0119 takie sytuacje! By utrzyma\u0107 zainteresowanie go\u015bci, mo\u017cesz modelowa\u0107 ton i tempo m\u00f3wienia. Ponadto <strong>nie b\u00f3j si\u0119 anga\u017cowa\u0107 widz\u00f3w<\/strong>, kiedy zosta\u0142o Ci jeszcze troch\u0119 czasu, a ju\u017c zd\u0105\u017cy\u0142e\u015b wszystko zaprezentowa\u0107. Szybkie pytania do publiczno\u015bci potrafi\u0105 w doskona\u0142y spos\u00f3b o\u017cywi\u0107 ca\u0142e wyst\u0105pienie.<\/p>\n\n\n\n<figure class=\"wp-block-image size-large\"><img loading=\"lazy\" decoding=\"async\" width=\"1024\" height=\"683\" src=\"https:\/\/www.mojekonferencje.pl\/blog\/wp-content\/uploads\/2022\/07\/photo-1550305080-4e029753abcf-1024x683.png\" alt=\"\" class=\"wp-image-3050 lazyload\" data-srcset=\"https:\/\/www.mojekonferencje.pl\/blog\/wp-content\/uploads\/2022\/07\/photo-1550305080-4e029753abcf-1024x683.png 1024w, https:\/\/www.mojekonferencje.pl\/blog\/wp-content\/uploads\/2022\/07\/photo-1550305080-4e029753abcf-300x200.png 300w, https:\/\/www.mojekonferencje.pl\/blog\/wp-content\/uploads\/2022\/07\/photo-1550305080-4e029753abcf-768x512.png 768w, https:\/\/www.mojekonferencje.pl\/blog\/wp-content\/uploads\/2022\/07\/photo-1550305080-4e029753abcf.png 1171w\" sizes=\"auto\" \/><\/figure>\n\n\n\n<h2 class=\"wp-block-heading\">Co trzeba sprawdzi\u0107 przed konferencj\u0105?<\/h2>\n\n\n\n<p><br>Je\u015bli chcesz dobrze<strong> przygotowa\u0107 wyst\u0105pienie na konferencji<\/strong>, to jeszcze przed rozpocz\u0119ciem wydarzenia sprawd\u017a kilka istotnych spraw. Po pierwsze, <strong>zapoznaj si\u0119 z sal\u0105 i sprz\u0119tem multimedialnym<\/strong>, aby nie stresowa\u0107 si\u0119 tym w trakcie wyst\u0105pienia. Nast\u0119pnie, zawsze <strong>przygotuj przynajmniej jedn\u0105 kopi\u0119 prezentacji<\/strong>, kt\u00f3ra b\u0119dzie na innym no\u015bniku, ni\u017c komputer. Po trzecie, jeszcze przed wyst\u0105pieniem <strong>przeczytaj scenariusz<\/strong>. Po pi\u0105te, <strong>we\u017a ze sob\u0105 szklank\u0119 wody <\/strong>na wypadek, gdyby podczas wyst\u0105pienia zasch\u0142o Ci w ustach. <\/p>\n\n\n\n<p>A <strong>co robimy po zako\u0144czeniu konferencji<\/strong>? Przede wszystkim nale\u017cy <strong>przygotowa\u0107 si\u0119 na seri\u0119 pyta\u0144<\/strong>. R\u00f3wnie wa\u017cne jest <strong>zebranie feedbacku <\/strong>po to, aby wiedzie\u0107, co si\u0119 podoba\u0142o (lub nie) podczas wyst\u0105pienia. Ka\u017cde wyj\u015bcie na scen\u0119 nale\u017cy traktowa\u0107 jako cenn\u0105 lekcj\u0119. Prawd\u0105 jest, \u017ce im wi\u0119cej wyst\u0105pie\u0144 si\u0119 zrealizuje, tym te\u017c b\u0119dzie si\u0119 mia\u0142o wi\u0119ksze do\u015bwiadczenie, ale i obycie w tak nietypowych sytuacjach.<\/p>\n\n\n\n<figure class=\"wp-block-image size-large\"><img loading=\"lazy\" decoding=\"async\" width=\"1024\" height=\"683\" src=\"https:\/\/www.mojekonferencje.pl\/blog\/wp-content\/uploads\/2022\/07\/photo-1498192467103-290f567eb3a3-1024x683.png\" alt=\"\" class=\"wp-image-3051 lazyload\" data-srcset=\"https:\/\/www.mojekonferencje.pl\/blog\/wp-content\/uploads\/2022\/07\/photo-1498192467103-290f567eb3a3-1024x683.png 1024w, https:\/\/www.mojekonferencje.pl\/blog\/wp-content\/uploads\/2022\/07\/photo-1498192467103-290f567eb3a3-300x200.png 300w, https:\/\/www.mojekonferencje.pl\/blog\/wp-content\/uploads\/2022\/07\/photo-1498192467103-290f567eb3a3-768x512.png 768w, https:\/\/www.mojekonferencje.pl\/blog\/wp-content\/uploads\/2022\/07\/photo-1498192467103-290f567eb3a3.png 1170w\" sizes=\"auto\" \/><\/figure>\n\n\n\n<p>Warto te\u017c doda\u0107, \u017ce redukcji stresu s\u0142u\u017cy wyb\u00f3r takiego <strong>miejsca na konferencj\u0119<\/strong>, kt\u00f3re jest odpowiednio przystosowane do pracy chocia\u017cby pod wzgl\u0119dem technicznym. Na naszej stronie znajdziesz wiele propozycji obiekt\u00f3w na konferencj\u0119. Niezale\u017cnie od tego czy interesuj\u0105 Ci\u0119 <a href=\"https:\/\/www.mojekonferencje.pl\/sale-konferencyjne-warszawa\">obiekty konferencyjne w Warszawie<\/a>, czy mo\u017ce <a href=\"https:\/\/www.mojekonferencje.pl\/obiekty-konferencyjne-w-gorach\">hotele na konferencj\u0119 w g\u00f3rach<\/a> &#8211; w naszym serwisie na pewno znajdziesz co\u015b dla siebie!<\/p>\n","protected":false},"excerpt":{"rendered":"<p>Je\u015bli zastanawiasz si\u0119, jak prowadzi\u0107 konferencj\u0119, to w naszym artykule znajdziesz praktyczne wskaz\u00f3wki, kt\u00f3re sprawi\u0105, \u017ce Twoje wyj\u015bcie na scen\u0119 b\u0119dzie profesjonalne i bardzo satysfakcjonuj\u0105ce!<\/p>\n","protected":false},"author":9,"featured_media":3046,"comment_status":"closed","ping_status":"closed","sticky":false,"template":"","format":"standard","meta":{"_acf_changed":false,"footnotes":""},"categories":[8,175],"tags":[353,354],"class_list":["post-3045","post","type-post","status-publish","format-standard","has-post-thumbnail","hentry","category-porady","category-wybieranie-miejsca-konferencyjnego","tag-organizacja-imprez","tag-organizacja-wydarzen"],"acf":[],"yoast_head":"<!-- This site is optimized with the Yoast SEO plugin v27.1.1 - https:\/\/yoast.com\/product\/yoast-seo-wordpress\/ -->\n<title>Kilka wskaz\u00f3wek, kt\u00f3re pomog\u0105 Ci w prowadzeniu konferencji - blog | MojeKonferencje.pl<\/title>\n<meta name=\"description\" content=\"Kilka wskaz\u00f3wek, kt\u00f3re pomog\u0105 Ci w prowadzeniu konferencji - blog | MojeKonferencje.pl\" \/>\n<meta name=\"robots\" content=\"index, follow, max-snippet:-1, max-image-preview:large, max-video-preview:-1\" \/>\n<link rel=\"canonical\" href=\"https:\/\/www.mojekonferencje.pl\/blog\/kilka-wskazowek-ktore-pomoga-ci-w-prowadzeniu-konferencji\/\" \/>\n<meta property=\"og:locale\" content=\"pl_PL\" \/>\n<meta property=\"og:type\" content=\"article\" \/>\n<meta property=\"og:title\" content=\"Kilka wskaz\u00f3wek, kt\u00f3re pomog\u0105 Ci w prowadzeniu konferencji - blog | MojeKonferencje.pl\" \/>\n<meta property=\"og:description\" content=\"Kilka wskaz\u00f3wek, kt\u00f3re pomog\u0105 Ci w prowadzeniu konferencji - blog | MojeKonferencje.pl\" \/>\n<meta property=\"og:url\" content=\"https:\/\/www.mojekonferencje.pl\/blog\/kilka-wskazowek-ktore-pomoga-ci-w-prowadzeniu-konferencji\/\" \/>\n<meta property=\"og:site_name\" content=\"MojeKonferencje.pl\" \/>\n<meta property=\"article:published_time\" content=\"2022-07-22T17:44:00+00:00\" \/>\n<meta property=\"article:modified_time\" content=\"2024-05-07T09:50:35+00:00\" \/>\n<meta property=\"og:image\" content=\"https:\/\/www.mojekonferencje.pl\/blog\/wp-content\/uploads\/2022\/07\/photo-1551677629-c3e314ecf29c.png\" \/>\n\t<meta property=\"og:image:width\" content=\"1170\" \/>\n\t<meta property=\"og:image:height\" content=\"780\" \/>\n\t<meta property=\"og:image:type\" content=\"image\/png\" \/>\n<meta name=\"author\" content=\"Olga Stawicka-Iwanowska\" \/>\n<meta name=\"twitter:card\" content=\"summary_large_image\" \/>\n<meta name=\"twitter:label1\" content=\"Napisane przez\" \/>\n\t<meta name=\"twitter:data1\" content=\"Olga Stawicka-Iwanowska\" \/>\n\t<meta name=\"twitter:label2\" content=\"Szacowany czas czytania\" \/>\n\t<meta name=\"twitter:data2\" content=\"5 minut\" \/>\n<script type=\"application\/ld+json\" class=\"yoast-schema-graph\">{\"@context\":\"https:\/\/schema.org\",\"@graph\":[{\"@type\":\"Article\",\"@id\":\"https:\/\/www.mojekonferencje.pl\/blog\/kilka-wskazowek-ktore-pomoga-ci-w-prowadzeniu-konferencji\/#article\",\"isPartOf\":{\"@id\":\"https:\/\/www.mojekonferencje.pl\/blog\/kilka-wskazowek-ktore-pomoga-ci-w-prowadzeniu-konferencji\/\"},\"author\":{\"name\":\"Olga Stawicka-Iwanowska\",\"@id\":\"https:\/\/www.mojekonferencje.pl\/blog\/#\/schema\/person\/d6751ca3c60de9ec17ee21b744bbb2d4\"},\"headline\":\"Kilka wskaz\u00f3wek, kt\u00f3re pomog\u0105 Ci w prowadzeniu konferencji\",\"datePublished\":\"2022-07-22T17:44:00+00:00\",\"dateModified\":\"2024-05-07T09:50:35+00:00\",\"mainEntityOfPage\":{\"@id\":\"https:\/\/www.mojekonferencje.pl\/blog\/kilka-wskazowek-ktore-pomoga-ci-w-prowadzeniu-konferencji\/\"},\"wordCount\":978,\"image\":{\"@id\":\"https:\/\/www.mojekonferencje.pl\/blog\/kilka-wskazowek-ktore-pomoga-ci-w-prowadzeniu-konferencji\/#primaryimage\"},\"thumbnailUrl\":\"https:\/\/www.mojekonferencje.pl\/blog\/wp-content\/uploads\/2022\/07\/photo-1551677629-c3e314ecf29c.png\",\"keywords\":[\"organizacja imprez\",\"organizacja wydarze\u0144\"],\"articleSection\":[\"Porady\",\"Wybieranie miejsca konferencyjnego\"],\"inLanguage\":\"pl-PL\"},{\"@type\":\"WebPage\",\"@id\":\"https:\/\/www.mojekonferencje.pl\/blog\/kilka-wskazowek-ktore-pomoga-ci-w-prowadzeniu-konferencji\/\",\"url\":\"https:\/\/www.mojekonferencje.pl\/blog\/kilka-wskazowek-ktore-pomoga-ci-w-prowadzeniu-konferencji\/\",\"name\":\"Kilka wskaz\u00f3wek, kt\u00f3re pomog\u0105 Ci w prowadzeniu konferencji - blog | MojeKonferencje.pl\",\"isPartOf\":{\"@id\":\"https:\/\/www.mojekonferencje.pl\/blog\/#website\"},\"primaryImageOfPage\":{\"@id\":\"https:\/\/www.mojekonferencje.pl\/blog\/kilka-wskazowek-ktore-pomoga-ci-w-prowadzeniu-konferencji\/#primaryimage\"},\"image\":{\"@id\":\"https:\/\/www.mojekonferencje.pl\/blog\/kilka-wskazowek-ktore-pomoga-ci-w-prowadzeniu-konferencji\/#primaryimage\"},\"thumbnailUrl\":\"https:\/\/www.mojekonferencje.pl\/blog\/wp-content\/uploads\/2022\/07\/photo-1551677629-c3e314ecf29c.png\",\"datePublished\":\"2022-07-22T17:44:00+00:00\",\"dateModified\":\"2024-05-07T09:50:35+00:00\",\"author\":{\"@id\":\"https:\/\/www.mojekonferencje.pl\/blog\/#\/schema\/person\/d6751ca3c60de9ec17ee21b744bbb2d4\"},\"description\":\"Kilka wskaz\u00f3wek, kt\u00f3re pomog\u0105 Ci w prowadzeniu konferencji - blog | MojeKonferencje.pl\",\"breadcrumb\":{\"@id\":\"https:\/\/www.mojekonferencje.pl\/blog\/kilka-wskazowek-ktore-pomoga-ci-w-prowadzeniu-konferencji\/#breadcrumb\"},\"inLanguage\":\"pl-PL\",\"potentialAction\":[{\"@type\":\"ReadAction\",\"target\":[\"https:\/\/www.mojekonferencje.pl\/blog\/kilka-wskazowek-ktore-pomoga-ci-w-prowadzeniu-konferencji\/\"]}]},{\"@type\":\"ImageObject\",\"inLanguage\":\"pl-PL\",\"@id\":\"https:\/\/www.mojekonferencje.pl\/blog\/kilka-wskazowek-ktore-pomoga-ci-w-prowadzeniu-konferencji\/#primaryimage\",\"url\":\"https:\/\/www.mojekonferencje.pl\/blog\/wp-content\/uploads\/2022\/07\/photo-1551677629-c3e314ecf29c.png\",\"contentUrl\":\"https:\/\/www.mojekonferencje.pl\/blog\/wp-content\/uploads\/2022\/07\/photo-1551677629-c3e314ecf29c.png\",\"width\":1170,\"height\":780},{\"@type\":\"BreadcrumbList\",\"@id\":\"https:\/\/www.mojekonferencje.pl\/blog\/kilka-wskazowek-ktore-pomoga-ci-w-prowadzeniu-konferencji\/#breadcrumb\",\"itemListElement\":[{\"@type\":\"ListItem\",\"position\":1,\"name\":\"Strona g\u0142\u00f3wna\",\"item\":\"https:\/\/www.mojekonferencje.pl\/blog\/\"},{\"@type\":\"ListItem\",\"position\":2,\"name\":\"Kilka wskaz\u00f3wek, kt\u00f3re pomog\u0105 Ci w prowadzeniu konferencji\"}]},{\"@type\":\"WebSite\",\"@id\":\"https:\/\/www.mojekonferencje.pl\/blog\/#website\",\"url\":\"https:\/\/www.mojekonferencje.pl\/blog\/\",\"name\":\"MojeKonferencje.pl\",\"description\":\"Blog bran\u017cy szkoleniowo-konferencyjnej. W\u0142\u0105cz si\u0119 do dyskusji o obiektach konferencyjnych i nowo\u015bciach z bran\u017cy! Poznaj porady odno\u015bnie organizacji konferencji, szkole\u0144 i event\u00f3w firmowych! Zach\u0119camy do wyra\u017cania opinii oraz komentarzy.\",\"potentialAction\":[{\"@type\":\"SearchAction\",\"target\":{\"@type\":\"EntryPoint\",\"urlTemplate\":\"https:\/\/www.mojekonferencje.pl\/blog\/?s={search_term_string}\"},\"query-input\":{\"@type\":\"PropertyValueSpecification\",\"valueRequired\":true,\"valueName\":\"search_term_string\"}}],\"inLanguage\":\"pl-PL\"},{\"@type\":\"Person\",\"@id\":\"https:\/\/www.mojekonferencje.pl\/blog\/#\/schema\/person\/d6751ca3c60de9ec17ee21b744bbb2d4\",\"name\":\"Olga Stawicka-Iwanowska\",\"description\":\"Head of Marketing z ponad sze\u015bcioletnim do\u015bwiadczeniem w bran\u017cy MICE. Na co dzie\u0144 zajmuje si\u0119 content marketingiem i promocj\u0105 obiekt\u00f3w eventowych, tak aby organizatorzy kongres\u00f3w, targ\u00f3w i konferencji wiedzieli, \u017ce w\u0142a\u015bnie tam warto zrealizowa\u0107 swoje wydarzenie. Prowadzi media spo\u0142eczno\u015bciowe, tworzy strategie komunikacji, pisze artyku\u0142y i dba o sp\u00f3jny wizerunek marki w ka\u017cdym kanale. W swojej pracy \u0142\u0105czy analityczne my\u015blenie z kreatywno\u015bci\u0105 i dobrym copy. Wsp\u00f3\u0142pracuje zar\u00f3wno z organizatorami najwi\u0119kszych wydarze\u0144 w Polsce, jak i z regionalnymi partnerami z bran\u017cy. Po godzinach mi\u0142o\u015bniczka podr\u00f3\u017cy po Europie, dobrej kuchni i klimatycznych miejsc, w kt\u00f3rych mo\u017cna z\u0142apa\u0107 oddech.\",\"sameAs\":[\"http:\/\/MojeKonferencje.pl\",\"https:\/\/www.linkedin.com\/in\/olgastawicka\/\"],\"url\":\"https:\/\/www.mojekonferencje.pl\/blog\/author\/osawicka\/\"}]}<\/script>\n<!-- \/ Yoast SEO plugin. -->","yoast_head_json":{"title":"Kilka wskaz\u00f3wek, kt\u00f3re pomog\u0105 Ci w prowadzeniu konferencji - blog | MojeKonferencje.pl","description":"Kilka wskaz\u00f3wek, kt\u00f3re pomog\u0105 Ci w prowadzeniu konferencji - blog | MojeKonferencje.pl","robots":{"index":"index","follow":"follow","max-snippet":"max-snippet:-1","max-image-preview":"max-image-preview:large","max-video-preview":"max-video-preview:-1"},"canonical":"https:\/\/www.mojekonferencje.pl\/blog\/kilka-wskazowek-ktore-pomoga-ci-w-prowadzeniu-konferencji\/","og_locale":"pl_PL","og_type":"article","og_title":"Kilka wskaz\u00f3wek, kt\u00f3re pomog\u0105 Ci w prowadzeniu konferencji - blog | MojeKonferencje.pl","og_description":"Kilka wskaz\u00f3wek, kt\u00f3re pomog\u0105 Ci w prowadzeniu konferencji - blog | MojeKonferencje.pl","og_url":"https:\/\/www.mojekonferencje.pl\/blog\/kilka-wskazowek-ktore-pomoga-ci-w-prowadzeniu-konferencji\/","og_site_name":"MojeKonferencje.pl","article_published_time":"2022-07-22T17:44:00+00:00","article_modified_time":"2024-05-07T09:50:35+00:00","og_image":[{"width":1170,"height":780,"url":"https:\/\/www.mojekonferencje.pl\/blog\/wp-content\/uploads\/2022\/07\/photo-1551677629-c3e314ecf29c.png","type":"image\/png"}],"author":"Olga Stawicka-Iwanowska","twitter_card":"summary_large_image","twitter_misc":{"Napisane przez":"Olga Stawicka-Iwanowska","Szacowany czas czytania":"5 minut"},"schema":{"@context":"https:\/\/schema.org","@graph":[{"@type":"Article","@id":"https:\/\/www.mojekonferencje.pl\/blog\/kilka-wskazowek-ktore-pomoga-ci-w-prowadzeniu-konferencji\/#article","isPartOf":{"@id":"https:\/\/www.mojekonferencje.pl\/blog\/kilka-wskazowek-ktore-pomoga-ci-w-prowadzeniu-konferencji\/"},"author":{"name":"Olga Stawicka-Iwanowska","@id":"https:\/\/www.mojekonferencje.pl\/blog\/#\/schema\/person\/d6751ca3c60de9ec17ee21b744bbb2d4"},"headline":"Kilka wskaz\u00f3wek, kt\u00f3re pomog\u0105 Ci w prowadzeniu konferencji","datePublished":"2022-07-22T17:44:00+00:00","dateModified":"2024-05-07T09:50:35+00:00","mainEntityOfPage":{"@id":"https:\/\/www.mojekonferencje.pl\/blog\/kilka-wskazowek-ktore-pomoga-ci-w-prowadzeniu-konferencji\/"},"wordCount":978,"image":{"@id":"https:\/\/www.mojekonferencje.pl\/blog\/kilka-wskazowek-ktore-pomoga-ci-w-prowadzeniu-konferencji\/#primaryimage"},"thumbnailUrl":"https:\/\/www.mojekonferencje.pl\/blog\/wp-content\/uploads\/2022\/07\/photo-1551677629-c3e314ecf29c.png","keywords":["organizacja imprez","organizacja wydarze\u0144"],"articleSection":["Porady","Wybieranie miejsca konferencyjnego"],"inLanguage":"pl-PL"},{"@type":"WebPage","@id":"https:\/\/www.mojekonferencje.pl\/blog\/kilka-wskazowek-ktore-pomoga-ci-w-prowadzeniu-konferencji\/","url":"https:\/\/www.mojekonferencje.pl\/blog\/kilka-wskazowek-ktore-pomoga-ci-w-prowadzeniu-konferencji\/","name":"Kilka wskaz\u00f3wek, kt\u00f3re pomog\u0105 Ci w prowadzeniu konferencji - blog | MojeKonferencje.pl","isPartOf":{"@id":"https:\/\/www.mojekonferencje.pl\/blog\/#website"},"primaryImageOfPage":{"@id":"https:\/\/www.mojekonferencje.pl\/blog\/kilka-wskazowek-ktore-pomoga-ci-w-prowadzeniu-konferencji\/#primaryimage"},"image":{"@id":"https:\/\/www.mojekonferencje.pl\/blog\/kilka-wskazowek-ktore-pomoga-ci-w-prowadzeniu-konferencji\/#primaryimage"},"thumbnailUrl":"https:\/\/www.mojekonferencje.pl\/blog\/wp-content\/uploads\/2022\/07\/photo-1551677629-c3e314ecf29c.png","datePublished":"2022-07-22T17:44:00+00:00","dateModified":"2024-05-07T09:50:35+00:00","author":{"@id":"https:\/\/www.mojekonferencje.pl\/blog\/#\/schema\/person\/d6751ca3c60de9ec17ee21b744bbb2d4"},"description":"Kilka wskaz\u00f3wek, kt\u00f3re pomog\u0105 Ci w prowadzeniu konferencji - blog | MojeKonferencje.pl","breadcrumb":{"@id":"https:\/\/www.mojekonferencje.pl\/blog\/kilka-wskazowek-ktore-pomoga-ci-w-prowadzeniu-konferencji\/#breadcrumb"},"inLanguage":"pl-PL","potentialAction":[{"@type":"ReadAction","target":["https:\/\/www.mojekonferencje.pl\/blog\/kilka-wskazowek-ktore-pomoga-ci-w-prowadzeniu-konferencji\/"]}]},{"@type":"ImageObject","inLanguage":"pl-PL","@id":"https:\/\/www.mojekonferencje.pl\/blog\/kilka-wskazowek-ktore-pomoga-ci-w-prowadzeniu-konferencji\/#primaryimage","url":"https:\/\/www.mojekonferencje.pl\/blog\/wp-content\/uploads\/2022\/07\/photo-1551677629-c3e314ecf29c.png","contentUrl":"https:\/\/www.mojekonferencje.pl\/blog\/wp-content\/uploads\/2022\/07\/photo-1551677629-c3e314ecf29c.png","width":1170,"height":780},{"@type":"BreadcrumbList","@id":"https:\/\/www.mojekonferencje.pl\/blog\/kilka-wskazowek-ktore-pomoga-ci-w-prowadzeniu-konferencji\/#breadcrumb","itemListElement":[{"@type":"ListItem","position":1,"name":"Strona g\u0142\u00f3wna","item":"https:\/\/www.mojekonferencje.pl\/blog\/"},{"@type":"ListItem","position":2,"name":"Kilka wskaz\u00f3wek, kt\u00f3re pomog\u0105 Ci w prowadzeniu konferencji"}]},{"@type":"WebSite","@id":"https:\/\/www.mojekonferencje.pl\/blog\/#website","url":"https:\/\/www.mojekonferencje.pl\/blog\/","name":"MojeKonferencje.pl","description":"Blog bran\u017cy szkoleniowo-konferencyjnej. W\u0142\u0105cz si\u0119 do dyskusji o obiektach konferencyjnych i nowo\u015bciach z bran\u017cy! Poznaj porady odno\u015bnie organizacji konferencji, szkole\u0144 i event\u00f3w firmowych! Zach\u0119camy do wyra\u017cania opinii oraz komentarzy.","potentialAction":[{"@type":"SearchAction","target":{"@type":"EntryPoint","urlTemplate":"https:\/\/www.mojekonferencje.pl\/blog\/?s={search_term_string}"},"query-input":{"@type":"PropertyValueSpecification","valueRequired":true,"valueName":"search_term_string"}}],"inLanguage":"pl-PL"},{"@type":"Person","@id":"https:\/\/www.mojekonferencje.pl\/blog\/#\/schema\/person\/d6751ca3c60de9ec17ee21b744bbb2d4","name":"Olga Stawicka-Iwanowska","description":"Head of Marketing z ponad sze\u015bcioletnim do\u015bwiadczeniem w bran\u017cy MICE. Na co dzie\u0144 zajmuje si\u0119 content marketingiem i promocj\u0105 obiekt\u00f3w eventowych, tak aby organizatorzy kongres\u00f3w, targ\u00f3w i konferencji wiedzieli, \u017ce w\u0142a\u015bnie tam warto zrealizowa\u0107 swoje wydarzenie. Prowadzi media spo\u0142eczno\u015bciowe, tworzy strategie komunikacji, pisze artyku\u0142y i dba o sp\u00f3jny wizerunek marki w ka\u017cdym kanale. W swojej pracy \u0142\u0105czy analityczne my\u015blenie z kreatywno\u015bci\u0105 i dobrym copy. Wsp\u00f3\u0142pracuje zar\u00f3wno z organizatorami najwi\u0119kszych wydarze\u0144 w Polsce, jak i z regionalnymi partnerami z bran\u017cy. Po godzinach mi\u0142o\u015bniczka podr\u00f3\u017cy po Europie, dobrej kuchni i klimatycznych miejsc, w kt\u00f3rych mo\u017cna z\u0142apa\u0107 oddech.","sameAs":["http:\/\/MojeKonferencje.pl","https:\/\/www.linkedin.com\/in\/olgastawicka\/"],"url":"https:\/\/www.mojekonferencje.pl\/blog\/author\/osawicka\/"}]}},"_links":{"self":[{"href":"https:\/\/www.mojekonferencje.pl\/blog\/wp-json\/wp\/v2\/posts\/3045","targetHints":{"allow":["GET"]}}],"collection":[{"href":"https:\/\/www.mojekonferencje.pl\/blog\/wp-json\/wp\/v2\/posts"}],"about":[{"href":"https:\/\/www.mojekonferencje.pl\/blog\/wp-json\/wp\/v2\/types\/post"}],"author":[{"embeddable":true,"href":"https:\/\/www.mojekonferencje.pl\/blog\/wp-json\/wp\/v2\/users\/9"}],"replies":[{"embeddable":true,"href":"https:\/\/www.mojekonferencje.pl\/blog\/wp-json\/wp\/v2\/comments?post=3045"}],"version-history":[{"count":1,"href":"https:\/\/www.mojekonferencje.pl\/blog\/wp-json\/wp\/v2\/posts\/3045\/revisions"}],"predecessor-version":[{"id":3052,"href":"https:\/\/www.mojekonferencje.pl\/blog\/wp-json\/wp\/v2\/posts\/3045\/revisions\/3052"}],"wp:featuredmedia":[{"embeddable":true,"href":"https:\/\/www.mojekonferencje.pl\/blog\/wp-json\/wp\/v2\/media\/3046"}],"wp:attachment":[{"href":"https:\/\/www.mojekonferencje.pl\/blog\/wp-json\/wp\/v2\/media?parent=3045"}],"wp:term":[{"taxonomy":"category","embeddable":true,"href":"https:\/\/www.mojekonferencje.pl\/blog\/wp-json\/wp\/v2\/categories?post=3045"},{"taxonomy":"post_tag","embeddable":true,"href":"https:\/\/www.mojekonferencje.pl\/blog\/wp-json\/wp\/v2\/tags?post=3045"}],"curies":[{"name":"wp","href":"https:\/\/api.w.org\/{rel}","templated":true}]}}