{"id":3167,"date":"2022-08-26T20:25:00","date_gmt":"2022-08-26T18:25:00","guid":{"rendered":"https:\/\/www.mojekonferencje.pl\/blog\/?p=3167"},"modified":"2024-05-07T11:50:34","modified_gmt":"2024-05-07T09:50:34","slug":"hotele-w-centralnej-polsce","status":"publish","type":"post","link":"https:\/\/www.mojekonferencje.pl\/blog\/hotele-w-centralnej-polsce\/","title":{"rendered":"Hotele w centralnej Polsce"},"content":{"rendered":"\n<p><strong>Hotele w centralnej Polsce <\/strong>zdecydowanie warto jest wzi\u0105\u0107 pod uwag\u0119, je\u015bli chce si\u0119 zorganizowa\u0107 event w korzystnej lokalizacji. To odpowiedni wyb\u00f3r dla tych firm, kt\u00f3re maj\u0105 swoje siedziby w r\u00f3\u017cnych cz\u0119\u015bciach kraju. Zorganizowanie konferencji lub szkolenia dok\u0142adnie w sercu Polski wydaje si\u0119 by\u0107 w\u00f3wczas idealnym kompromisem. Id\u0105c tym tropem, za chwil\u0119 przedstawimy 10 propozycji hoteli z centralnej Polski. Znajduj\u0105 si\u0119 one na styku wojew\u00f3dztw: wielkopolskiego, \u0142\u00f3dzkiego, kujawsko-pomorskiego oraz mazowieckiego. Przy okazji polecamy te\u017c do lektury dwa z naszych ostatnich artyku\u0142\u00f3w, w kt\u00f3rych przedstawili\u015bmy <span class=\"has-inline-color has-vivid-cyan-blue-color\">k<\/span><a href=\"https:\/\/www.mojekonferencje.pl\/blog\/kameralne-sale-szkoleniowe\/\">ameralne sale szkoleniowe<\/a> w ca\u0142ej Polsce oraz <a href=\"https:\/\/www.mojekonferencje.pl\/blog\/sale-bankietowe-wroclaw\/\">sale bankietowe we Wroc\u0142awiu<\/a>.<\/p>\n\n\n\n<p>Zosta\u0144 z nami i poznaj obiekty, takie jak:<\/p>\n\n\n\n<figure class=\"wp-block-table\"><table><tbody><tr><td><a href=\"https:\/\/www.mojekonferencje.pl\/smolnik\/gosciniec-pod-zaglami\">Go\u015bciniec pod \u017baglami<\/a><\/td><td><a href=\"https:\/\/www.mojekonferencje.pl\/sochocin\/hotel-bonifacio-spa-sport-resort\">Hotel BoniFaCio SPA &amp; Sport Resort<\/a><\/td><\/tr><tr><td><a href=\"https:\/\/www.mojekonferencje.pl\/plock\/hotel-starzynski\">Hotel Starzy\u0144ski<\/a><\/td><td><a href=\"https:\/\/www.mojekonferencje.pl\/lodz\/salio-equisport-resort\">Salio Equisport Resort<\/a><\/td><\/tr><tr><td><a href=\"https:\/\/www.mojekonferencje.pl\/ciechocinek\/hotel-medspa-villa-park\">Villa Park MED<\/a><\/td><td><a href=\"https:\/\/www.mojekonferencje.pl\/slesin\/hotel-wityng\">Hotel Wityng***<\/a><\/td><\/tr><tr><td><a href=\"https:\/\/www.mojekonferencje.pl\/kolo\/hotel-zlotogorski\">Hotel Z\u0142otog\u00f3rski<\/a><\/td><td><a href=\"https:\/\/www.mojekonferencje.pl\/kolo\/hotel-mazurek\">Hotel Mazurek<\/a><\/td><\/tr><tr><td><a href=\"https:\/\/www.mojekonferencje.pl\/lichen-stary\/hotel-atut-wielkopolskie-centrum-konferencyjne\">Hotel Atut**** Wielkopolskie Centrum Konferencyjne<\/a><\/td><td><a href=\"https:\/\/www.mojekonferencje.pl\/lodz\/hotel-czarny-staw\">Czarny Staw Hotel<\/a><\/td><\/tr><\/tbody><\/table><\/figure>\n\n\n\n<h2 class=\"has-text-align-center wp-block-heading\"><a href=\"https:\/\/www.mojekonferencje.pl\/smolnik\/gosciniec-pod-zaglami\"><span class=\"has-inline-color has-vivid-purple-color\"><span style=\"text-decoration: underline;\">Go\u015bciniec pod \u017baglami<\/span><\/span><\/a><\/h2>\n\n\n\n<p><br>To niezwykle<strong> klimatyczny hotel w wojew\u00f3dztwie kujawsko-pomorskim<\/strong>. Po\u0142o\u017cony jest dok\u0142adnie w miejscowo\u015bci Skoki Du\u017ce, nad samym brzegiem jednego z najszerszych miejsc Wis\u0142y. Obiekt ten s\u0105siaduje z malowniczym Gosty\u0144sko-W\u0142oc\u0142awskim Parkiem Krajobrazowym, kt\u00f3ry zapewnia idealne warunki do wypoczynku. <strong>Go\u015bciniec pod \u017baglami <\/strong>do dyspozycji go\u015bci oddaje przytulne zaplecze noclegowe. Sk\u0142ada si\u0119 ono z wygodnych pokoi 1-, 2- i 3- osobowych, a tak\u017ce z pokoju studio. \u00d3w obiekt ma w swojej ofercie nowoczesn\u0105 sal\u0119 konferencyjn\u0105, w kt\u00f3rej mog\u0105 si\u0119 odby\u0107 r\u00f3\u017cnorodne spotkania biznesowe. Dodatkowo mo\u017cna tam tak\u017ce zorganizowa\u0107 eventy w plenerze. <strong>Go\u015bciniec pod \u017baglami<\/strong> to tak\u017ce znakomita Restauracja, w kt\u00f3rej serwowane s\u0105 wysokiej jako\u015bci kulinaria. W hotelu ka\u017cdy znajdzie co\u015b dla siebie &#8211; r\u00f3wnie\u017c mi\u0142o\u015bnicy aktywnego sp\u0119dzania czasu, poniewa\u017c czekaj\u0105 tam m.in. rowery g\u00f3rskie, rejsy po rzece oraz kajaki.<\/p>\n\n\n\n<figure class=\"wp-block-image size-large\"><img loading=\"lazy\" decoding=\"async\" width=\"1024\" height=\"655\" src=\"https:\/\/www.mojekonferencje.pl\/blog\/wp-content\/uploads\/2022\/08\/1-1-1024x655.jpg\" alt=\"\" class=\"wp-image-3169 lazyload\" data-srcset=\"https:\/\/www.mojekonferencje.pl\/blog\/wp-content\/uploads\/2022\/08\/1-1-1024x655.jpg 1024w, https:\/\/www.mojekonferencje.pl\/blog\/wp-content\/uploads\/2022\/08\/1-1-300x192.jpg 300w, https:\/\/www.mojekonferencje.pl\/blog\/wp-content\/uploads\/2022\/08\/1-1-768x492.jpg 768w, https:\/\/www.mojekonferencje.pl\/blog\/wp-content\/uploads\/2022\/08\/1-1-1536x983.jpg 1536w, https:\/\/www.mojekonferencje.pl\/blog\/wp-content\/uploads\/2022\/08\/1-1.jpg 1920w\" sizes=\"auto\" \/><\/figure>\n\n\n\n<h2 class=\"has-text-align-center wp-block-heading\"><a href=\"https:\/\/www.mojekonferencje.pl\/plock\/hotel-starzynski\"><span class=\"has-inline-color has-vivid-purple-color\"><span style=\"text-decoration: underline;\">Hotel Starzy\u0144ski<\/span><\/span><\/a><\/h2>\n\n\n\n<p><br>Ten 4-gwiazdkowy obiekt reprezentuje <strong>hotele w P\u0142ocku<\/strong>. Zlokalizowany jest dok\u0142adnie przy ulicy Piekarskiej 1. Wiele os\u00f3b twierdzi, i\u017c to jedna z najpi\u0119kniejszych lokalizacji w ca\u0142ym kraju. Z obiektu mo\u017cna podziwia\u0107 panoram\u0119 miasta, w sk\u0142ad kt\u00f3rej wchodzi m.in. amfiteatr, zabytkowa katedra, przysta\u0144, a tak\u017ce koryto Wis\u0142y. Na go\u015bci czeka tam 101 miejsc noclegowych w pokojach o 3- i 4-gwiazdkowym standardzie. Go\u015bcie biznesowi mog\u0105 z kolei liczy\u0107 na niezwykle eleganck\u0105 sal\u0119, kt\u00f3ra jest w stanie pomie\u015bci\u0107 nawet 400 os\u00f3b. Du\u017cym atutem obiektu jest jego zaplecze gastronomiczne. <strong>Hotel Starzy\u0144ski<\/strong>, a raczej znajduj\u0105ca si\u0119 w nim restauracja, specjalizuje si\u0119 w serwowaniu da\u0144 kuchni w\u0142oskiej i francuskiej. Doskona\u0142ym dope\u0142nieniem us\u0142ug jest rozbudowana strefa SPA, kt\u00f3ra sk\u0142ada si\u0119 z basenu, jacuzzi oraz sauny suchej i parowej. Do dyspozycji go\u015bci pozostaje te\u017c rekreacyjny sprz\u0119t aerobowy.<\/p>\n\n\n\n<figure class=\"wp-block-image size-large\"><img loading=\"lazy\" decoding=\"async\" width=\"900\" height=\"464\" src=\"https:\/\/www.mojekonferencje.pl\/blog\/wp-content\/uploads\/2022\/08\/marekkonarskifoto-24.jpg\" alt=\"\" class=\"wp-image-3170 lazyload\" data-srcset=\"https:\/\/www.mojekonferencje.pl\/blog\/wp-content\/uploads\/2022\/08\/marekkonarskifoto-24.jpg 900w, https:\/\/www.mojekonferencje.pl\/blog\/wp-content\/uploads\/2022\/08\/marekkonarskifoto-24-300x155.jpg 300w, https:\/\/www.mojekonferencje.pl\/blog\/wp-content\/uploads\/2022\/08\/marekkonarskifoto-24-768x396.jpg 768w\" sizes=\"auto\" \/><\/figure>\n\n\n\n<h2 class=\"has-text-align-center wp-block-heading\"><a href=\"https:\/\/www.mojekonferencje.pl\/ciechocinek\/hotel-medspa-villa-park\"><span class=\"has-inline-color has-vivid-purple-color\"><span style=\"text-decoration: underline;\">Villa Park MED<\/span><\/span><\/a><\/h2>\n\n\n\n<p><br>To kolejny obiekt, je\u015bli chodzi o <a href=\"https:\/\/www.mojekonferencje.pl\/konferencje-kujawsko-pomorskie\"><strong>hotele w wojew\u00f3dztwie kujawsko-pomorskim<\/strong><\/a>. Po\u0142o\u017cony jest w Ciechocinku przy ulicy Warzelnianej 10, pomi\u0119dzy Toruniem a W\u0142oc\u0142awkiem. Niedaleko biegnie te\u017c autostrada A1 od Warszawy i Gda\u0144ska. <strong>Villa Park MED <\/strong>ma w swojej ofercie 50 komfortowych pokoi i 17 eleganckich apartament\u00f3w wolnostoj\u0105cych, kt\u00f3re zapewniaj\u0105 \u015bwietne warunki do relaksu. Obiekt ten reprezentuje r\u00f3wnie\u017c <strong><a href=\"https:\/\/www.mojekonferencje.pl\/sale-konferencyjne-ciechocinek\">hotele konferencyjne w Ciechocinku<\/a><\/strong>. Znajduje si\u0119 w nim 6 nowoczesnych sal biznesowych, kt\u00f3rych powierzchnia wynosi od 30 do nawet 100 m2. W obiekcie znajduje si\u0119 tak\u017ce Restauracja Preludium oraz klimatyczna kawiarnia Cafe Swing, w kt\u00f3rej odpoczniesz przy absolutnie zachwycaj\u0105cych deserach i aromatycznej kawie. <strong>Villa Park MED<\/strong> ma w swojej ofercie r\u00f3wnie\u017c Saltaris Studio Fitness sk\u0142adaj\u0105ce si\u0119 z rower\u00f3w, bie\u017cni i stepper\u00f3w. Koniecznie te\u017c udaj si\u0119 do Saltaris SPA, czyli niepowtarzalnego kompleksu wodnego.<\/p>\n\n\n\n<figure class=\"wp-block-image size-large\"><img loading=\"lazy\" decoding=\"async\" width=\"1024\" height=\"491\" src=\"https:\/\/www.mojekonferencje.pl\/blog\/wp-content\/uploads\/2022\/08\/3-3-1024x491.jpg\" alt=\"\" class=\"wp-image-3171 lazyload\" data-srcset=\"https:\/\/www.mojekonferencje.pl\/blog\/wp-content\/uploads\/2022\/08\/3-3-1024x491.jpg 1024w, https:\/\/www.mojekonferencje.pl\/blog\/wp-content\/uploads\/2022\/08\/3-3-300x144.jpg 300w, https:\/\/www.mojekonferencje.pl\/blog\/wp-content\/uploads\/2022\/08\/3-3-768x368.jpg 768w, https:\/\/www.mojekonferencje.pl\/blog\/wp-content\/uploads\/2022\/08\/3-3-1536x737.jpg 1536w, https:\/\/www.mojekonferencje.pl\/blog\/wp-content\/uploads\/2022\/08\/3-3-2048x982.jpg 2048w\" sizes=\"auto\" \/><\/figure>\n\n\n\n<h2 class=\"has-text-align-center wp-block-heading\"><a href=\"https:\/\/www.mojekonferencje.pl\/kolo\/hotel-zlotogorski\"><span class=\"has-inline-color has-vivid-purple-color\"><span style=\"text-decoration: underline;\">Hotel Z\u0142otog\u00f3rski<\/span><\/span><\/a><\/h2>\n\n\n\n<p><br><a href=\"https:\/\/www.mojekonferencje.pl\/hotel-trzygwiazdkowy\">3-gwiazdkowe hotele<\/a>, kt\u00f3re warto jest wzi\u0105\u0107 pod uwag\u0119, je\u015bli chcesz zorganizowa\u0107<strong> konferencj\u0119 w centrum Polski<\/strong>, znajduj\u0105 si\u0119 r\u00f3wnie\u017c w Wielkopolsce. Ten po\u0142o\u017cony jest dok\u0142adnie w Kole, przy ulicy Daniszew 88, tu\u017c przy autostradzie A2. Obiekt dysponuje komfortowym zapleczem noclegowym, kt\u00f3re sk\u0142ada si\u0119 z nowocze\u015bnie urz\u0105dzonych pokoi i apartament\u00f3w. <strong>Hotel Z\u0142otog\u00f3rski <\/strong>ma w swojej ofercie r\u00f3wnie\u017c 4 przestronne sale konferencyjne, kt\u00f3re pozwalaj\u0105 na zaproszenie od 40 do nawet 220 os\u00f3b. Pomieszczenia te s\u0105 jasne, nowoczesne oraz w pe\u0142ni wyposa\u017cone. Kolejnym atutem obiektu jest jego \u015bwietna restauracja, kt\u00f3ra s\u0142ynie z kuchni polskiej z elementami regionalnych kulinari\u00f3w wielkopolskich. Warto doda\u0107, \u017ce w sali restauracyjnej mo\u017cliwa jest organizacja r\u00f3\u017cnorodnych przyj\u0119\u0107 okoliczno\u015bciowych, np. bankiet\u00f3w czy jubileusz\u00f3w.<\/p>\n\n\n\n<figure class=\"wp-block-image size-large\"><img loading=\"lazy\" decoding=\"async\" width=\"1024\" height=\"683\" src=\"https:\/\/www.mojekonferencje.pl\/blog\/wp-content\/uploads\/2022\/08\/4-3-1024x683.jpg\" alt=\"\" class=\"wp-image-3172 lazyload\" data-srcset=\"https:\/\/www.mojekonferencje.pl\/blog\/wp-content\/uploads\/2022\/08\/4-3-1024x683.jpg 1024w, https:\/\/www.mojekonferencje.pl\/blog\/wp-content\/uploads\/2022\/08\/4-3-300x200.jpg 300w, https:\/\/www.mojekonferencje.pl\/blog\/wp-content\/uploads\/2022\/08\/4-3-768x512.jpg 768w, https:\/\/www.mojekonferencje.pl\/blog\/wp-content\/uploads\/2022\/08\/4-3.jpg 1200w\" sizes=\"auto\" \/><\/figure>\n\n\n\n<h2 class=\"has-text-align-center wp-block-heading\"><a href=\"https:\/\/www.mojekonferencje.pl\/lichen-stary\/hotel-atut-wielkopolskie-centrum-konferencyjne\"><span class=\"has-inline-color has-vivid-purple-color\"><span style=\"text-decoration: underline;\">Hotel Atut**** Wielkopolskie Centrum Konferencyjne<\/span><\/span><\/a><\/h2>\n\n\n\n<p><br><strong>Hotele w Wielkopolsce o 4-gwiazdkowym standardzie <\/strong>to np. ten wyj\u0105tkowy <strong>Hotel Atut<\/strong>. Mie\u015bci si\u0119 on w Licheniu Starym, przy ulicy Toru\u0144skiej 27. Zaledwie 20 kilometr\u00f3w dalej znajduje si\u0119 mi\u0119dzynarodowa trasa A-2 Berlin &#8211; Moskwa. Warto doda\u0107, \u017ce <strong>Hotel Atut<\/strong> usytuowany zosta\u0142 na terenie przepi\u0119knych las\u00f3w i w pobli\u017cu malowniczych jezior. Obiekt ma w swojej ofercie 125 eleganckich i wysoce komfortowych pokoi, w\u015br\u00f3d kt\u00f3rych s\u0105 2 apartamenty. R\u00f3wnie imponuj\u0105ce jest zaplecze konferencyjne hotelu, kt\u00f3re sk\u0142ada si\u0119 z o\u015bmiu sal biznesowych. \u0141\u0105cznie s\u0105 one w stanie obs\u0142u\u017cy\u0107 oko\u0142o 600 go\u015bci. Je\u015bli planujesz si\u0119 tam uda\u0107, to koniecznie odwied\u017a te\u017c hotelow\u0105 Restauracj\u0119 Yesiotr, w kt\u00f3rej podawane s\u0105 dania kuchni regionalnej, polskiej i mi\u0119dzynarodowej. Us\u0142ugi dodatkowe obiektu to m.in. zaplecze Wellness &amp; SPA, si\u0142ownia, tenis sto\u0142owy, kr\u0119gielnia oraz strzelnica.<\/p>\n\n\n\n<figure class=\"wp-block-image size-large\"><img loading=\"lazy\" decoding=\"async\" width=\"1024\" height=\"768\" src=\"https:\/\/www.mojekonferencje.pl\/blog\/wp-content\/uploads\/2022\/08\/5-1-1024x768.jpg\" alt=\"\" class=\"wp-image-3173 lazyload\" data-srcset=\"https:\/\/www.mojekonferencje.pl\/blog\/wp-content\/uploads\/2022\/08\/5-1-1024x768.jpg 1024w, https:\/\/www.mojekonferencje.pl\/blog\/wp-content\/uploads\/2022\/08\/5-1-300x225.jpg 300w, https:\/\/www.mojekonferencje.pl\/blog\/wp-content\/uploads\/2022\/08\/5-1-768x576.jpg 768w, https:\/\/www.mojekonferencje.pl\/blog\/wp-content\/uploads\/2022\/08\/5-1-1536x1152.jpg 1536w, https:\/\/www.mojekonferencje.pl\/blog\/wp-content\/uploads\/2022\/08\/5-1.jpg 1538w\" sizes=\"auto\" \/><\/figure>\n\n\n\n<h2 class=\"has-text-align-center wp-block-heading\"><a href=\"https:\/\/www.mojekonferencje.pl\/sochocin\/hotel-bonifacio-spa-sport-resort\"><span class=\"has-inline-color has-vivid-purple-color\"><span style=\"text-decoration: underline;\">Hotel BoniFaCio SPA &amp; Sport Resort<\/span><\/span><\/a><\/h2>\n\n\n\n<p><br>To pierwszy obiekt w tym zestawieniu, kt\u00f3ry udowadnia, \u017ce <strong><a href=\"https:\/\/www.mojekonferencje.pl\/konferencje-mazowieckie\">hotele w wojew\u00f3dztwie mazowieckim<\/a><\/strong> to idealne przestrzenie zar\u00f3wno na relaks, jak i na organizacj\u0119 spotka\u0144 biznesowych. <strong>Hotel BoniFaCio SPA &amp; Sport Resort <\/strong>po\u0142o\u017cony jest w K\u0119pie 84 ko\u0142o Sochocina, jedynie godzin\u0119 drogi od Warszawy w kierunku Gda\u0144ska. Zaplecze noclegowe hotelu sk\u0142ada si\u0119 z 56 komfortowo wyposa\u017conych pokoi, w tym z 15 pokoi o podwy\u017cszonym standardzie i apartamentu. W obiekcie mog\u0105 si\u0119 odby\u0107 wszelkie konferencje i szkolenia w wielofunkcyjnych salach biznesowych. Trzy z nich posiadaj\u0105 mobilne \u015bciany, dzi\u0119ki kt\u00f3rym mo\u017cna uzyska\u0107 przestrze\u0144 na event nawet dla 210 os\u00f3b. W obiekcie mieszcz\u0105 si\u0119 r\u00f3wnie\u017c dwie eleganckie (i oczywi\u015bcie pyszne!) restauracje &#8211; BoniFaCio oraz Brzozowa. Hotel posiada tak\u017ce profesjonaln\u0105 stref\u0119 BeautySPA&amp;GYM i Wellness, w kt\u00f3rym zadbasz zar\u00f3wno o cia\u0142o, jak i o umys\u0142. To jednak nie wszystko! Na terenie obiektu mieszcz\u0105 si\u0119 te\u017c m.in. boiska oraz korty tenisowe.<\/p>\n\n\n\n<figure class=\"wp-block-image size-large\"><img loading=\"lazy\" decoding=\"async\" width=\"1024\" height=\"576\" src=\"https:\/\/www.mojekonferencje.pl\/blog\/wp-content\/uploads\/2022\/08\/6-2-1024x576.jpg\" alt=\"\" class=\"wp-image-3174 lazyload\" data-srcset=\"https:\/\/www.mojekonferencje.pl\/blog\/wp-content\/uploads\/2022\/08\/6-2-1024x576.jpg 1024w, https:\/\/www.mojekonferencje.pl\/blog\/wp-content\/uploads\/2022\/08\/6-2-300x169.jpg 300w, https:\/\/www.mojekonferencje.pl\/blog\/wp-content\/uploads\/2022\/08\/6-2-768x432.jpg 768w, https:\/\/www.mojekonferencje.pl\/blog\/wp-content\/uploads\/2022\/08\/6-2-640x360.jpg 640w, https:\/\/www.mojekonferencje.pl\/blog\/wp-content\/uploads\/2022\/08\/6-2-320x180.jpg 320w, https:\/\/www.mojekonferencje.pl\/blog\/wp-content\/uploads\/2022\/08\/6-2-480x270.jpg 480w, https:\/\/www.mojekonferencje.pl\/blog\/wp-content\/uploads\/2022\/08\/6-2-960x540.jpg 960w, https:\/\/www.mojekonferencje.pl\/blog\/wp-content\/uploads\/2022\/08\/6-2.jpg 1244w\" sizes=\"auto\" \/><\/figure>\n\n\n\n<h2 class=\"has-text-align-center wp-block-heading\"><a href=\"https:\/\/www.mojekonferencje.pl\/lodz\/salio-equisport-resort\"><span class=\"has-inline-color has-vivid-purple-color\"><span style=\"text-decoration: underline;\">Salio Equisport Resort<\/span><\/span><\/a><\/h2>\n\n\n\n<p><br>Jest to elegancki oraz bardzo komfortowy <strong>o\u015brodek szkoleniowo-konferencyjny w wojew\u00f3dztwie \u0142\u00f3dzkim<\/strong>. Le\u017cy dok\u0142adnie w miejscowo\u015bci Biesiekierz Rudny 50, 20 km na p\u00f3\u0142noc od \u0141odzi. Obiekt po\u0142o\u017cony zosta\u0142 na przepi\u0119knym terenie o powierzchni 13 ha. To idealne miejsce dla os\u00f3b ceni\u0105cych bezpo\u015bredni kontakt z natur\u0105. <strong>Salio Equisport Resort<\/strong> oferuje designerskie i absolutnie fantastyczne noclegi w pokojach 1-, 2- lub 3-osobowych. Trudno te\u017c przej\u015b\u0107 oboj\u0119tnie przy ofercie konferencyjnej tego miejsca. Obiekt do dyspozycji go\u015bci oddaje dwie sale biznesowe, kt\u00f3re r\u00f3\u017cni\u0105 si\u0119 wielko\u015bci\u0105. Pierwsza z nich pozwala na zaproszenie do 25 os\u00f3b, druga &#8211; do 70 w ustawieniu teatralnym. Na terenie obiektu usytuowana jest tak\u017ce Restauracja Salio, w kt\u00f3rej &#8211; poza wy\u015bmienitymi kulinariami &#8211; czekaj\u0105 r\u00f3wnie\u017c piwa warzone w miejscowym browarze. Go\u015bcie obiektu mog\u0105 w wolnej chwili sp\u0119dzi\u0107 czas z ko\u0144mi, poniewa\u017c <strong>Salio Equisport Resort<\/strong> to jednocze\u015bnie jeden z najwi\u0119kszych obiekt\u00f3w je\u017adzieckich w kraju.<\/p>\n\n\n\n<figure class=\"wp-block-image size-large\"><img loading=\"lazy\" decoding=\"async\" width=\"1024\" height=\"575\" src=\"https:\/\/www.mojekonferencje.pl\/blog\/wp-content\/uploads\/2022\/08\/7-2-1024x575.jpg\" alt=\"\" class=\"wp-image-3175 lazyload\" data-srcset=\"https:\/\/www.mojekonferencje.pl\/blog\/wp-content\/uploads\/2022\/08\/7-2-1024x575.jpg 1024w, https:\/\/www.mojekonferencje.pl\/blog\/wp-content\/uploads\/2022\/08\/7-2-300x169.jpg 300w, https:\/\/www.mojekonferencje.pl\/blog\/wp-content\/uploads\/2022\/08\/7-2-768x431.jpg 768w, https:\/\/www.mojekonferencje.pl\/blog\/wp-content\/uploads\/2022\/08\/7-2-1536x863.jpg 1536w, https:\/\/www.mojekonferencje.pl\/blog\/wp-content\/uploads\/2022\/08\/7-2-2048x1150.jpg 2048w, https:\/\/www.mojekonferencje.pl\/blog\/wp-content\/uploads\/2022\/08\/7-2-640x360.jpg 640w, https:\/\/www.mojekonferencje.pl\/blog\/wp-content\/uploads\/2022\/08\/7-2-320x180.jpg 320w, https:\/\/www.mojekonferencje.pl\/blog\/wp-content\/uploads\/2022\/08\/7-2-480x270.jpg 480w, https:\/\/www.mojekonferencje.pl\/blog\/wp-content\/uploads\/2022\/08\/7-2-960x540.jpg 960w, https:\/\/www.mojekonferencje.pl\/blog\/wp-content\/uploads\/2022\/08\/7-2-1280x720.jpg 1280w, https:\/\/www.mojekonferencje.pl\/blog\/wp-content\/uploads\/2022\/08\/7-2-1600x900.jpg 1600w, https:\/\/www.mojekonferencje.pl\/blog\/wp-content\/uploads\/2022\/08\/7-2-1920x1080.jpg 1920w\" sizes=\"auto\" \/><\/figure>\n\n\n\n<h2 class=\"has-text-align-center wp-block-heading\"><a href=\"https:\/\/www.mojekonferencje.pl\/slesin\/hotel-wityng\"><span class=\"has-inline-color has-vivid-purple-color\"><span style=\"text-decoration: underline;\">Hotel Wityng***<\/span><\/span><\/a><\/h2>\n\n\n\n<p><br>To <strong>hotel w Wielkopolsce<\/strong>, dok\u0142adnie w miejscowo\u015bci Mikorzyn 1A. Powsta\u0142 on z my\u015bl\u0105 o osobach szukaj\u0105cych przestrzeni do wypoczynku, jak i o organizatorach najbardziej wymagaj\u0105cych spotka\u0144 biznesowych. <strong>Hotel Wityng<\/strong> dysponuje przytulnymi pokojami, kt\u00f3re jednocze\u015bnie s\u0105 w stanie pomie\u015bci\u0107 do 93 go\u015bci. Centrum konferencyjne obiektu sk\u0142ada si\u0119 z 6 sal. Dwie z nich pozwalaj\u0105 na zaproszenie po 100 go\u015bci, jedna &#8211; 60 i trzy &#8211; po 20. Pomieszczenia s\u0105 nowoczesne oraz w pe\u0142ni wyposa\u017cone w profesjonalne multimedia. <strong>Hotel Wityng<\/strong> to r\u00f3wnie\u017c \u015bwietna kuchnia, kt\u00f3ra bazuje na \u015bwie\u017cych oraz naturalnych sk\u0142adnikach. W obiekcie mo\u017cna te\u017c liczy\u0107 na szereg us\u0142ug dodatkowych, kt\u00f3re uprzyjemni\u0105 ka\u017cdy pobyt. To m.in. sauna, jacuzzi, masa\u017c, pole golfowe czy statek wycieczkowy. Nie mamy w\u0105tpliwo\u015bci, \u017ce w hotelu tym ka\u017cdy znajdzie co\u015b dla siebie.<\/p>\n\n\n\n<figure class=\"wp-block-image size-large\"><img loading=\"lazy\" decoding=\"async\" width=\"1000\" height=\"666\" src=\"https:\/\/www.mojekonferencje.pl\/blog\/wp-content\/uploads\/2022\/08\/8-2.jpg\" alt=\"\" class=\"wp-image-3176 lazyload\" data-srcset=\"https:\/\/www.mojekonferencje.pl\/blog\/wp-content\/uploads\/2022\/08\/8-2.jpg 1000w, https:\/\/www.mojekonferencje.pl\/blog\/wp-content\/uploads\/2022\/08\/8-2-300x200.jpg 300w, https:\/\/www.mojekonferencje.pl\/blog\/wp-content\/uploads\/2022\/08\/8-2-768x511.jpg 768w\" sizes=\"auto\" \/><\/figure>\n\n\n\n<h2 class=\"has-text-align-center wp-block-heading\"><a href=\"https:\/\/www.mojekonferencje.pl\/kolo\/hotel-mazurek\"><span class=\"has-inline-color has-vivid-purple-color\"><span style=\"text-decoration: underline;\">Hotel Mazurek<\/span><\/span><\/a><\/h2>\n\n\n\n<p><br>To kolejny <strong>hotel w Kole<\/strong>, kt\u00f3ry reprezentuje <strong>nowoczesne hotele w centralnej Polsce<\/strong>. Zapewnia on bardzo dogodny dojazd do innych du\u017cych miast, a jego oferta robi wra\u017cenie na najbardziej wymagaj\u0105cych go\u015bciach. \u00d3w obiekt dysponuje nowoczesnym zapleczem noclegowym o 3-gwiazdkowym standardzie. Czekaj\u0105 tam zar\u00f3wno komfortowe pokoje, jak i luksusowe apartamenty. <strong>Hotel Mazurek<\/strong> posiada r\u00f3wnie\u017c przestronn\u0105 i wielofunkcyjn\u0105 sal\u0119 biznesow\u0105. Jest ona wyposa\u017cona m.in. w system \u015bcian modu\u0142owych, dzi\u0119ki kt\u00f3rym mo\u017cna t\u0119 sal\u0119 dzieli\u0107 na mniejsze cz\u0119\u015bci. O podniebienia go\u015bci skutecznie dba z kolei hotelowa restauracja, w kt\u00f3rej jest nade wszystko smacznie i zdrowo. Polecamy te\u017c uda\u0107 si\u0119 do znajduj\u0105cej si\u0119 w obiekcie kameralnej kawiarni. Skosztujesz w niej m.in. \u015bwie\u017co mielonej kawy, fiku\u015bnych deser\u00f3w czy regionalnego piwa. Dodatkowo na zmotoryzowanych go\u015bci czeka w obiekcie przestronny, monitorowany parking.<\/p>\n\n\n\n<figure class=\"wp-block-image size-large\"><img loading=\"lazy\" decoding=\"async\" width=\"1024\" height=\"683\" src=\"https:\/\/www.mojekonferencje.pl\/blog\/wp-content\/uploads\/2022\/08\/9-2-1024x683.jpg\" alt=\"\" class=\"wp-image-3177 lazyload\" data-srcset=\"https:\/\/www.mojekonferencje.pl\/blog\/wp-content\/uploads\/2022\/08\/9-2-1024x683.jpg 1024w, https:\/\/www.mojekonferencje.pl\/blog\/wp-content\/uploads\/2022\/08\/9-2-300x200.jpg 300w, https:\/\/www.mojekonferencje.pl\/blog\/wp-content\/uploads\/2022\/08\/9-2-768x512.jpg 768w, https:\/\/www.mojekonferencje.pl\/blog\/wp-content\/uploads\/2022\/08\/9-2-1536x1024.jpg 1536w, https:\/\/www.mojekonferencje.pl\/blog\/wp-content\/uploads\/2022\/08\/9-2.jpg 2048w\" sizes=\"auto\" \/><\/figure>\n\n\n\n<h2 class=\"has-text-align-center wp-block-heading\"><a href=\"https:\/\/www.mojekonferencje.pl\/lodz\/hotel-czarny-staw\"><span class=\"has-inline-color has-vivid-purple-color\"><span style=\"text-decoration: underline;\">Czarny Staw Hotel<\/span><\/span><\/a><\/h2>\n\n\n\n<p><br>Zestawienie to zamyka <strong>3-gwiazdkowy hotel w Aleksandrowie \u0141\u00f3dzkim<\/strong>. Jest on otoczony pi\u0119knymi terenami zielonymi, kt\u00f3re gwarantuj\u0105 odpowiednie warunki do relaksu z dala od zgie\u0142ku codzienno\u015bci. Hotel dysponuje nowoczesnym zapleczem noclegowym, kt\u00f3re sk\u0142ada si\u0119 z 88 pokoi. Czeka tam \u0142\u0105cznie 240 wygodnych miejsc noclegowych. Urzek\u0142a nas r\u00f3wnie\u017c cz\u0119\u015b\u0107 konferencyjna obiektu, kt\u00f3ra sk\u0142ada si\u0119 z 9 sal konferencyjno-bankietowych. Najwi\u0119ksza z nich jest w stanie pomie\u015bci\u0107 nawet do 420 os\u00f3b. Polecamy r\u00f3wnie\u017c wizyt\u0119 w hotelowej Restauracji Czarny Staw, w kt\u00f3rej menu kr\u00f3luje kuchnia polska. Na terenie obiektu znajduje si\u0119 tak\u017ce drink bar\/kawiania, kt\u00f3re s\u0105 czynne do godziny 24. Do dyspozycji go\u015bci pozostaje te\u017c boisko do siatk\u00f3wki i pi\u0142ki no\u017cnej, plac zabaw dla dzieci oraz bezp\u0142atny parking. Ponadto mo\u017cliwa jest tam organizacja r\u00f3\u017cnorodnych imprez w plenerze oraz zabaw integracyjnych.<\/p>\n\n\n\n<figure class=\"wp-block-image size-large\"><img loading=\"lazy\" decoding=\"async\" width=\"1024\" height=\"576\" src=\"https:\/\/www.mojekonferencje.pl\/blog\/wp-content\/uploads\/2022\/08\/10-2-1024x576.jpg\" alt=\"\" class=\"wp-image-3178 lazyload\" data-srcset=\"https:\/\/www.mojekonferencje.pl\/blog\/wp-content\/uploads\/2022\/08\/10-2-1024x576.jpg 1024w, https:\/\/www.mojekonferencje.pl\/blog\/wp-content\/uploads\/2022\/08\/10-2-300x169.jpg 300w, https:\/\/www.mojekonferencje.pl\/blog\/wp-content\/uploads\/2022\/08\/10-2-768x432.jpg 768w, https:\/\/www.mojekonferencje.pl\/blog\/wp-content\/uploads\/2022\/08\/10-2-640x360.jpg 640w, https:\/\/www.mojekonferencje.pl\/blog\/wp-content\/uploads\/2022\/08\/10-2-320x180.jpg 320w, https:\/\/www.mojekonferencje.pl\/blog\/wp-content\/uploads\/2022\/08\/10-2-480x270.jpg 480w, https:\/\/www.mojekonferencje.pl\/blog\/wp-content\/uploads\/2022\/08\/10-2-960x540.jpg 960w, https:\/\/www.mojekonferencje.pl\/blog\/wp-content\/uploads\/2022\/08\/10-2.jpg 1280w\" sizes=\"auto\" \/><\/figure>\n","protected":false},"excerpt":{"rendered":"<p>Hotele w centralnej Polsce to idealne miejsca zar\u00f3wno na wypoczynek, jak i na realizacj\u0119 konferencji i szkole\u0144. Poznaj 10 naszych propozycji, je\u015bli chodzi o t\u0119 lokalizacj\u0119.<\/p>\n","protected":false},"author":9,"featured_media":3168,"comment_status":"closed","ping_status":"closed","sticky":false,"template":"","format":"standard","meta":{"_acf_changed":false,"footnotes":""},"categories":[8,212,175],"tags":[271,247,13],"class_list":["post-3167","post","type-post","status-publish","format-standard","has-post-thumbnail","hentry","category-porady","category-travel","category-wybieranie-miejsca-konferencyjnego","tag-hotele-konferencyjne","tag-promocjahotelu","tag-sale-konferencjne"],"acf":[],"yoast_head":"<!-- This site is optimized with the Yoast SEO plugin v27.1.1 - https:\/\/yoast.com\/product\/yoast-seo-wordpress\/ -->\n<title>Hotele w centralnej Polsce - blog | MojeKonferencje.pl<\/title>\n<meta name=\"description\" content=\"Hotele w centralnej Polsce - blog | MojeKonferencje.pl\" \/>\n<meta name=\"robots\" content=\"index, follow, max-snippet:-1, max-image-preview:large, max-video-preview:-1\" \/>\n<link rel=\"canonical\" href=\"https:\/\/www.mojekonferencje.pl\/blog\/hotele-w-centralnej-polsce\/\" \/>\n<meta property=\"og:locale\" content=\"pl_PL\" \/>\n<meta property=\"og:type\" content=\"article\" \/>\n<meta property=\"og:title\" content=\"Hotele w centralnej Polsce - blog | MojeKonferencje.pl\" \/>\n<meta property=\"og:description\" content=\"Hotele w centralnej Polsce - blog | MojeKonferencje.pl\" \/>\n<meta property=\"og:url\" content=\"https:\/\/www.mojekonferencje.pl\/blog\/hotele-w-centralnej-polsce\/\" \/>\n<meta property=\"og:site_name\" content=\"MojeKonferencje.pl\" \/>\n<meta property=\"article:published_time\" content=\"2022-08-26T18:25:00+00:00\" \/>\n<meta property=\"article:modified_time\" content=\"2024-05-07T09:50:34+00:00\" \/>\n<meta property=\"og:image\" content=\"https:\/\/www.mojekonferencje.pl\/blog\/wp-content\/uploads\/2022\/08\/Fotoram.io-2.jpg\" \/>\n\t<meta property=\"og:image:width\" content=\"1200\" \/>\n\t<meta property=\"og:image:height\" content=\"720\" \/>\n\t<meta property=\"og:image:type\" content=\"image\/jpeg\" \/>\n<meta name=\"author\" content=\"Olga Stawicka-Iwanowska\" \/>\n<meta name=\"twitter:card\" content=\"summary_large_image\" \/>\n<meta name=\"twitter:label1\" content=\"Napisane przez\" \/>\n\t<meta name=\"twitter:data1\" content=\"Olga Stawicka-Iwanowska\" \/>\n\t<meta name=\"twitter:label2\" content=\"Szacowany czas czytania\" \/>\n\t<meta name=\"twitter:data2\" content=\"8 minut\" \/>\n<script type=\"application\/ld+json\" class=\"yoast-schema-graph\">{\"@context\":\"https:\/\/schema.org\",\"@graph\":[{\"@type\":\"Article\",\"@id\":\"https:\/\/www.mojekonferencje.pl\/blog\/hotele-w-centralnej-polsce\/#article\",\"isPartOf\":{\"@id\":\"https:\/\/www.mojekonferencje.pl\/blog\/hotele-w-centralnej-polsce\/\"},\"author\":{\"name\":\"Olga Stawicka-Iwanowska\",\"@id\":\"https:\/\/www.mojekonferencje.pl\/blog\/#\/schema\/person\/d6751ca3c60de9ec17ee21b744bbb2d4\"},\"headline\":\"Hotele w centralnej Polsce\",\"datePublished\":\"2022-08-26T18:25:00+00:00\",\"dateModified\":\"2024-05-07T09:50:34+00:00\",\"mainEntityOfPage\":{\"@id\":\"https:\/\/www.mojekonferencje.pl\/blog\/hotele-w-centralnej-polsce\/\"},\"wordCount\":1688,\"image\":{\"@id\":\"https:\/\/www.mojekonferencje.pl\/blog\/hotele-w-centralnej-polsce\/#primaryimage\"},\"thumbnailUrl\":\"https:\/\/www.mojekonferencje.pl\/blog\/wp-content\/uploads\/2022\/08\/Fotoram.io-2.jpg\",\"keywords\":[\"hotele konferencyjne\",\"promocjahotelu\",\"sale konferencjne\"],\"articleSection\":[\"Porady\",\"Travel\",\"Wybieranie miejsca konferencyjnego\"],\"inLanguage\":\"pl-PL\"},{\"@type\":\"WebPage\",\"@id\":\"https:\/\/www.mojekonferencje.pl\/blog\/hotele-w-centralnej-polsce\/\",\"url\":\"https:\/\/www.mojekonferencje.pl\/blog\/hotele-w-centralnej-polsce\/\",\"name\":\"Hotele w centralnej Polsce - blog | MojeKonferencje.pl\",\"isPartOf\":{\"@id\":\"https:\/\/www.mojekonferencje.pl\/blog\/#website\"},\"primaryImageOfPage\":{\"@id\":\"https:\/\/www.mojekonferencje.pl\/blog\/hotele-w-centralnej-polsce\/#primaryimage\"},\"image\":{\"@id\":\"https:\/\/www.mojekonferencje.pl\/blog\/hotele-w-centralnej-polsce\/#primaryimage\"},\"thumbnailUrl\":\"https:\/\/www.mojekonferencje.pl\/blog\/wp-content\/uploads\/2022\/08\/Fotoram.io-2.jpg\",\"datePublished\":\"2022-08-26T18:25:00+00:00\",\"dateModified\":\"2024-05-07T09:50:34+00:00\",\"author\":{\"@id\":\"https:\/\/www.mojekonferencje.pl\/blog\/#\/schema\/person\/d6751ca3c60de9ec17ee21b744bbb2d4\"},\"description\":\"Hotele w centralnej Polsce - blog | MojeKonferencje.pl\",\"breadcrumb\":{\"@id\":\"https:\/\/www.mojekonferencje.pl\/blog\/hotele-w-centralnej-polsce\/#breadcrumb\"},\"inLanguage\":\"pl-PL\",\"potentialAction\":[{\"@type\":\"ReadAction\",\"target\":[\"https:\/\/www.mojekonferencje.pl\/blog\/hotele-w-centralnej-polsce\/\"]}]},{\"@type\":\"ImageObject\",\"inLanguage\":\"pl-PL\",\"@id\":\"https:\/\/www.mojekonferencje.pl\/blog\/hotele-w-centralnej-polsce\/#primaryimage\",\"url\":\"https:\/\/www.mojekonferencje.pl\/blog\/wp-content\/uploads\/2022\/08\/Fotoram.io-2.jpg\",\"contentUrl\":\"https:\/\/www.mojekonferencje.pl\/blog\/wp-content\/uploads\/2022\/08\/Fotoram.io-2.jpg\",\"width\":1200,\"height\":720},{\"@type\":\"BreadcrumbList\",\"@id\":\"https:\/\/www.mojekonferencje.pl\/blog\/hotele-w-centralnej-polsce\/#breadcrumb\",\"itemListElement\":[{\"@type\":\"ListItem\",\"position\":1,\"name\":\"Strona g\u0142\u00f3wna\",\"item\":\"https:\/\/www.mojekonferencje.pl\/blog\/\"},{\"@type\":\"ListItem\",\"position\":2,\"name\":\"Hotele w centralnej Polsce\"}]},{\"@type\":\"WebSite\",\"@id\":\"https:\/\/www.mojekonferencje.pl\/blog\/#website\",\"url\":\"https:\/\/www.mojekonferencje.pl\/blog\/\",\"name\":\"MojeKonferencje.pl\",\"description\":\"Blog bran\u017cy szkoleniowo-konferencyjnej. W\u0142\u0105cz si\u0119 do dyskusji o obiektach konferencyjnych i nowo\u015bciach z bran\u017cy! Poznaj porady odno\u015bnie organizacji konferencji, szkole\u0144 i event\u00f3w firmowych! Zach\u0119camy do wyra\u017cania opinii oraz komentarzy.\",\"potentialAction\":[{\"@type\":\"SearchAction\",\"target\":{\"@type\":\"EntryPoint\",\"urlTemplate\":\"https:\/\/www.mojekonferencje.pl\/blog\/?s={search_term_string}\"},\"query-input\":{\"@type\":\"PropertyValueSpecification\",\"valueRequired\":true,\"valueName\":\"search_term_string\"}}],\"inLanguage\":\"pl-PL\"},{\"@type\":\"Person\",\"@id\":\"https:\/\/www.mojekonferencje.pl\/blog\/#\/schema\/person\/d6751ca3c60de9ec17ee21b744bbb2d4\",\"name\":\"Olga Stawicka-Iwanowska\",\"description\":\"Head of Marketing z ponad sze\u015bcioletnim do\u015bwiadczeniem w bran\u017cy MICE. Na co dzie\u0144 zajmuje si\u0119 content marketingiem i promocj\u0105 obiekt\u00f3w eventowych, tak aby organizatorzy kongres\u00f3w, targ\u00f3w i konferencji wiedzieli, \u017ce w\u0142a\u015bnie tam warto zrealizowa\u0107 swoje wydarzenie. Prowadzi media spo\u0142eczno\u015bciowe, tworzy strategie komunikacji, pisze artyku\u0142y i dba o sp\u00f3jny wizerunek marki w ka\u017cdym kanale. W swojej pracy \u0142\u0105czy analityczne my\u015blenie z kreatywno\u015bci\u0105 i dobrym copy. Wsp\u00f3\u0142pracuje zar\u00f3wno z organizatorami najwi\u0119kszych wydarze\u0144 w Polsce, jak i z regionalnymi partnerami z bran\u017cy. Po godzinach mi\u0142o\u015bniczka podr\u00f3\u017cy po Europie, dobrej kuchni i klimatycznych miejsc, w kt\u00f3rych mo\u017cna z\u0142apa\u0107 oddech.\",\"sameAs\":[\"http:\/\/MojeKonferencje.pl\",\"https:\/\/www.linkedin.com\/in\/olgastawicka\/\"],\"url\":\"https:\/\/www.mojekonferencje.pl\/blog\/author\/osawicka\/\"}]}<\/script>\n<!-- \/ Yoast SEO plugin. -->","yoast_head_json":{"title":"Hotele w centralnej Polsce - blog | MojeKonferencje.pl","description":"Hotele w centralnej Polsce - blog | MojeKonferencje.pl","robots":{"index":"index","follow":"follow","max-snippet":"max-snippet:-1","max-image-preview":"max-image-preview:large","max-video-preview":"max-video-preview:-1"},"canonical":"https:\/\/www.mojekonferencje.pl\/blog\/hotele-w-centralnej-polsce\/","og_locale":"pl_PL","og_type":"article","og_title":"Hotele w centralnej Polsce - blog | MojeKonferencje.pl","og_description":"Hotele w centralnej Polsce - blog | MojeKonferencje.pl","og_url":"https:\/\/www.mojekonferencje.pl\/blog\/hotele-w-centralnej-polsce\/","og_site_name":"MojeKonferencje.pl","article_published_time":"2022-08-26T18:25:00+00:00","article_modified_time":"2024-05-07T09:50:34+00:00","og_image":[{"width":1200,"height":720,"url":"https:\/\/www.mojekonferencje.pl\/blog\/wp-content\/uploads\/2022\/08\/Fotoram.io-2.jpg","type":"image\/jpeg"}],"author":"Olga Stawicka-Iwanowska","twitter_card":"summary_large_image","twitter_misc":{"Napisane przez":"Olga Stawicka-Iwanowska","Szacowany czas czytania":"8 minut"},"schema":{"@context":"https:\/\/schema.org","@graph":[{"@type":"Article","@id":"https:\/\/www.mojekonferencje.pl\/blog\/hotele-w-centralnej-polsce\/#article","isPartOf":{"@id":"https:\/\/www.mojekonferencje.pl\/blog\/hotele-w-centralnej-polsce\/"},"author":{"name":"Olga Stawicka-Iwanowska","@id":"https:\/\/www.mojekonferencje.pl\/blog\/#\/schema\/person\/d6751ca3c60de9ec17ee21b744bbb2d4"},"headline":"Hotele w centralnej Polsce","datePublished":"2022-08-26T18:25:00+00:00","dateModified":"2024-05-07T09:50:34+00:00","mainEntityOfPage":{"@id":"https:\/\/www.mojekonferencje.pl\/blog\/hotele-w-centralnej-polsce\/"},"wordCount":1688,"image":{"@id":"https:\/\/www.mojekonferencje.pl\/blog\/hotele-w-centralnej-polsce\/#primaryimage"},"thumbnailUrl":"https:\/\/www.mojekonferencje.pl\/blog\/wp-content\/uploads\/2022\/08\/Fotoram.io-2.jpg","keywords":["hotele konferencyjne","promocjahotelu","sale konferencjne"],"articleSection":["Porady","Travel","Wybieranie miejsca konferencyjnego"],"inLanguage":"pl-PL"},{"@type":"WebPage","@id":"https:\/\/www.mojekonferencje.pl\/blog\/hotele-w-centralnej-polsce\/","url":"https:\/\/www.mojekonferencje.pl\/blog\/hotele-w-centralnej-polsce\/","name":"Hotele w centralnej Polsce - blog | MojeKonferencje.pl","isPartOf":{"@id":"https:\/\/www.mojekonferencje.pl\/blog\/#website"},"primaryImageOfPage":{"@id":"https:\/\/www.mojekonferencje.pl\/blog\/hotele-w-centralnej-polsce\/#primaryimage"},"image":{"@id":"https:\/\/www.mojekonferencje.pl\/blog\/hotele-w-centralnej-polsce\/#primaryimage"},"thumbnailUrl":"https:\/\/www.mojekonferencje.pl\/blog\/wp-content\/uploads\/2022\/08\/Fotoram.io-2.jpg","datePublished":"2022-08-26T18:25:00+00:00","dateModified":"2024-05-07T09:50:34+00:00","author":{"@id":"https:\/\/www.mojekonferencje.pl\/blog\/#\/schema\/person\/d6751ca3c60de9ec17ee21b744bbb2d4"},"description":"Hotele w centralnej Polsce - blog | MojeKonferencje.pl","breadcrumb":{"@id":"https:\/\/www.mojekonferencje.pl\/blog\/hotele-w-centralnej-polsce\/#breadcrumb"},"inLanguage":"pl-PL","potentialAction":[{"@type":"ReadAction","target":["https:\/\/www.mojekonferencje.pl\/blog\/hotele-w-centralnej-polsce\/"]}]},{"@type":"ImageObject","inLanguage":"pl-PL","@id":"https:\/\/www.mojekonferencje.pl\/blog\/hotele-w-centralnej-polsce\/#primaryimage","url":"https:\/\/www.mojekonferencje.pl\/blog\/wp-content\/uploads\/2022\/08\/Fotoram.io-2.jpg","contentUrl":"https:\/\/www.mojekonferencje.pl\/blog\/wp-content\/uploads\/2022\/08\/Fotoram.io-2.jpg","width":1200,"height":720},{"@type":"BreadcrumbList","@id":"https:\/\/www.mojekonferencje.pl\/blog\/hotele-w-centralnej-polsce\/#breadcrumb","itemListElement":[{"@type":"ListItem","position":1,"name":"Strona g\u0142\u00f3wna","item":"https:\/\/www.mojekonferencje.pl\/blog\/"},{"@type":"ListItem","position":2,"name":"Hotele w centralnej Polsce"}]},{"@type":"WebSite","@id":"https:\/\/www.mojekonferencje.pl\/blog\/#website","url":"https:\/\/www.mojekonferencje.pl\/blog\/","name":"MojeKonferencje.pl","description":"Blog bran\u017cy szkoleniowo-konferencyjnej. W\u0142\u0105cz si\u0119 do dyskusji o obiektach konferencyjnych i nowo\u015bciach z bran\u017cy! Poznaj porady odno\u015bnie organizacji konferencji, szkole\u0144 i event\u00f3w firmowych! Zach\u0119camy do wyra\u017cania opinii oraz komentarzy.","potentialAction":[{"@type":"SearchAction","target":{"@type":"EntryPoint","urlTemplate":"https:\/\/www.mojekonferencje.pl\/blog\/?s={search_term_string}"},"query-input":{"@type":"PropertyValueSpecification","valueRequired":true,"valueName":"search_term_string"}}],"inLanguage":"pl-PL"},{"@type":"Person","@id":"https:\/\/www.mojekonferencje.pl\/blog\/#\/schema\/person\/d6751ca3c60de9ec17ee21b744bbb2d4","name":"Olga Stawicka-Iwanowska","description":"Head of Marketing z ponad sze\u015bcioletnim do\u015bwiadczeniem w bran\u017cy MICE. Na co dzie\u0144 zajmuje si\u0119 content marketingiem i promocj\u0105 obiekt\u00f3w eventowych, tak aby organizatorzy kongres\u00f3w, targ\u00f3w i konferencji wiedzieli, \u017ce w\u0142a\u015bnie tam warto zrealizowa\u0107 swoje wydarzenie. Prowadzi media spo\u0142eczno\u015bciowe, tworzy strategie komunikacji, pisze artyku\u0142y i dba o sp\u00f3jny wizerunek marki w ka\u017cdym kanale. W swojej pracy \u0142\u0105czy analityczne my\u015blenie z kreatywno\u015bci\u0105 i dobrym copy. Wsp\u00f3\u0142pracuje zar\u00f3wno z organizatorami najwi\u0119kszych wydarze\u0144 w Polsce, jak i z regionalnymi partnerami z bran\u017cy. Po godzinach mi\u0142o\u015bniczka podr\u00f3\u017cy po Europie, dobrej kuchni i klimatycznych miejsc, w kt\u00f3rych mo\u017cna z\u0142apa\u0107 oddech.","sameAs":["http:\/\/MojeKonferencje.pl","https:\/\/www.linkedin.com\/in\/olgastawicka\/"],"url":"https:\/\/www.mojekonferencje.pl\/blog\/author\/osawicka\/"}]}},"_links":{"self":[{"href":"https:\/\/www.mojekonferencje.pl\/blog\/wp-json\/wp\/v2\/posts\/3167","targetHints":{"allow":["GET"]}}],"collection":[{"href":"https:\/\/www.mojekonferencje.pl\/blog\/wp-json\/wp\/v2\/posts"}],"about":[{"href":"https:\/\/www.mojekonferencje.pl\/blog\/wp-json\/wp\/v2\/types\/post"}],"author":[{"embeddable":true,"href":"https:\/\/www.mojekonferencje.pl\/blog\/wp-json\/wp\/v2\/users\/9"}],"replies":[{"embeddable":true,"href":"https:\/\/www.mojekonferencje.pl\/blog\/wp-json\/wp\/v2\/comments?post=3167"}],"version-history":[{"count":2,"href":"https:\/\/www.mojekonferencje.pl\/blog\/wp-json\/wp\/v2\/posts\/3167\/revisions"}],"predecessor-version":[{"id":4443,"href":"https:\/\/www.mojekonferencje.pl\/blog\/wp-json\/wp\/v2\/posts\/3167\/revisions\/4443"}],"wp:featuredmedia":[{"embeddable":true,"href":"https:\/\/www.mojekonferencje.pl\/blog\/wp-json\/wp\/v2\/media\/3168"}],"wp:attachment":[{"href":"https:\/\/www.mojekonferencje.pl\/blog\/wp-json\/wp\/v2\/media?parent=3167"}],"wp:term":[{"taxonomy":"category","embeddable":true,"href":"https:\/\/www.mojekonferencje.pl\/blog\/wp-json\/wp\/v2\/categories?post=3167"},{"taxonomy":"post_tag","embeddable":true,"href":"https:\/\/www.mojekonferencje.pl\/blog\/wp-json\/wp\/v2\/tags?post=3167"}],"curies":[{"name":"wp","href":"https:\/\/api.w.org\/{rel}","templated":true}]}}