{"id":3512,"date":"2023-01-23T19:33:00","date_gmt":"2023-01-23T17:33:00","guid":{"rendered":"https:\/\/www.mojekonferencje.pl\/blog\/?p=3512"},"modified":"2024-05-07T11:49:50","modified_gmt":"2024-05-07T09:49:50","slug":"jak-wynajac-sale-na-event-podpowiadamy","status":"publish","type":"post","link":"https:\/\/www.mojekonferencje.pl\/blog\/jak-wynajac-sale-na-event-podpowiadamy\/","title":{"rendered":"Jak wynaj\u0105\u0107 sal\u0119 na event? Podpowiadamy!"},"content":{"rendered":"\n<p><strong>Twoim zadaniem jest organizacja eventu, ale nie do ko\u0144ca wiesz, jak podej\u015b\u0107 do tego od strony formalnej? Zastanawiasz si\u0119, jak wynaj\u0105\u0107 sal\u0119? Lub nie wiesz na co zwr\u00f3ci\u0107 uwag\u0119 podczas szukania sali konferencyjnej? Je\u015bli cho\u0107 na jedno pytanie odpowiedzia\u0142e\u015b twierdz\u0105co, to musisz wiedzie\u0107, \u017ce jeste\u015b w dobrym miejscu! <\/strong><\/p>\n\n\n\n<p>Doskonale zdajemy sobie spraw\u0119 z tego, \u017ce znalezienie odpowiedniej sali na event to cz\u0119sto skomplikowana sprawa. I cho\u0107 na rynku czeka wiele obiekt\u00f3w oferuj\u0105cych przestrzenie biznesowe, to z pewno\u015bci\u0105 nie ka\u017cdy z nich przypadnie Ci do gustu. <\/p>\n\n\n\n<p>Je\u015bli zatem chcesz wiedzie\u0107 wi\u0119cej o tym, jak w praktyce wygl\u0105da <strong>wynaj\u0119cie sali na event<\/strong>, to koniecznie zosta\u0144 z nami. Poni\u017cej znajdziesz konkretne wskaz\u00f3wki odno\u015bnie do tego, jak dobra\u0107 przestrze\u0144 do organizowanego przedsi\u0119wzi\u0119cia. Zach\u0119camy do lektury!<\/p>\n\n\n\n<figure class=\"wp-block-image size-large\"><img loading=\"lazy\" decoding=\"async\" width=\"774\" height=\"581\" src=\"https:\/\/www.mojekonferencje.pl\/blog\/wp-content\/uploads\/2023\/01\/photo-1559223669-d7bb31d71f26.png\" alt=\"\" class=\"wp-image-3514 lazyload\" data-srcset=\"https:\/\/www.mojekonferencje.pl\/blog\/wp-content\/uploads\/2023\/01\/photo-1559223669-d7bb31d71f26.png 774w, https:\/\/www.mojekonferencje.pl\/blog\/wp-content\/uploads\/2023\/01\/photo-1559223669-d7bb31d71f26-300x225.png 300w, https:\/\/www.mojekonferencje.pl\/blog\/wp-content\/uploads\/2023\/01\/photo-1559223669-d7bb31d71f26-768x576.png 768w\" sizes=\"auto\" \/><\/figure>\n\n\n\n<h2 class=\"has-text-align-center wp-block-heading\">Jak znale\u017a\u0107 sal\u0119 na event?<\/h2>\n\n\n\n<p><br><strong>Sale konferencyjne<\/strong> zdecydowanie nie s\u0105 sobie r\u00f3wne. Je\u015bli ju\u017c mia\u0142e\u015b okazj\u0119 przejrze\u0107 oferty cho\u0107 obiekt\u00f3w, to z pewno\u015bci\u0105 wiesz ju\u017c, \u017ce pomieszczenia r\u00f3\u017cni\u0105 si\u0119 wielko\u015bci\u0105, wyposa\u017ceniem, stylistyk\u0105 czy ustawieniem sto\u0142\u00f3w i krzese\u0142. W zwi\u0105zku z tym warto jest przed rozpocz\u0119ciem poszukiwa\u0144 najlepszej sali dok\u0142adnie sprecyzowa\u0107 swoje wymagania.  W pierwszej kolejno\u015bci okre\u015bl wi\u0119c, jaki metra\u017c sali Ci\u0119 interesuje i ile potrzebujesz miejsc siedz\u0105cych. Zastan\u00f3w si\u0119 tak\u017ce, jaki sprz\u0119t multimedialny b\u0119dzie Ci potrzebny do przeprowadzenia eventu. Jak ju\u017c to wszystko ustalisz, mo\u017cesz przej\u015b\u0107 do kolejnych krok\u00f3w. <\/p>\n\n\n\n<p>Je\u015bli chodzi o sam proces szukania sali na event, to w pierwszej kolejno\u015bci mo\u017cesz sprawdzi\u0107 oferty obiekt\u00f3w, w kt\u00f3rych wcze\u015bniej sam mia\u0142e\u015b okazj\u0119 by\u0107. Warto r\u00f3wnie\u017c skorzysta\u0107 z takich portali, jak nasz, na kt\u00f3rym znajdziesz <strong>najlepsze sale konferencyjne w kraju<\/strong>.<\/p>\n\n\n\n<figure class=\"wp-block-image size-large\"><img loading=\"lazy\" decoding=\"async\" width=\"774\" height=\"580\" src=\"https:\/\/www.mojekonferencje.pl\/blog\/wp-content\/uploads\/2023\/01\/photo-1503423571797-2d2bb372094a.png\" alt=\"\" class=\"wp-image-3515 lazyload\" data-srcset=\"https:\/\/www.mojekonferencje.pl\/blog\/wp-content\/uploads\/2023\/01\/photo-1503423571797-2d2bb372094a.png 774w, https:\/\/www.mojekonferencje.pl\/blog\/wp-content\/uploads\/2023\/01\/photo-1503423571797-2d2bb372094a-300x225.png 300w, https:\/\/www.mojekonferencje.pl\/blog\/wp-content\/uploads\/2023\/01\/photo-1503423571797-2d2bb372094a-768x576.png 768w\" sizes=\"auto\" \/><\/figure>\n\n\n\n<h2 class=\"has-text-align-center wp-block-heading\">Na co zwr\u00f3ci\u0107 uwag\u0119 podczas szukania sali na event?<\/h2>\n\n\n\n<p><br>Zanim odpowiemy na pytanie,<strong> jak wynaj\u0105\u0107 sal\u0119 konferencyjn\u0105<\/strong>, musimy podpowiedzie\u0107, jak w og\u00f3le znale\u017a\u0107 przestrze\u0144 na event. To &#8211; wbrew pozorom &#8211; wcale nie takie proste. W tym zakresie niezwykle wa\u017cne jest stworzenie listy wymaga\u0144, o kt\u00f3rej wcze\u015bniej wspomnieli\u015bmy. Koniecznie zwr\u00f3\u0107 te\u017c uwag\u0119 na dok\u0142adn\u0105 lokalizacj\u0119 obiektu i odleg\u0142o\u015b\u0107 od wa\u017cnych punkt\u00f3w komunikacyjnych, takich jak np. dworzec PKP czy przystanki autobusowe. <\/p>\n\n\n\n<p>Podczas szukania sali na event warto r\u00f3wnie\u017c uwzgl\u0119dni\u0107 opinie go\u015bci, dzi\u0119ki czemu wybierzesz sprawdzony obiekt. Je\u015bli planujesz organizacj\u0119 kilkudniowego wydarzenia to sprawd\u017a r\u00f3wnie\u017c dost\u0119pno\u015b\u0107 miejsc noclegowych i us\u0142ug gastronomicznych. Pami\u0119taj, \u017ce <strong>sale konferencyjne<\/strong> powinny by\u0107 dostosowane do organizowanego przedsi\u0119wzi\u0119cia. Dowiedz si\u0119 wi\u0119c, czy pomieszczenia mo\u017cna dowolnie aran\u017cowa\u0107, czy s\u0105 klimatyzowane oraz czy posiadaj\u0105 dost\u0119p do \u015bwiat\u0142a dziennego.<\/p>\n\n\n\n<figure class=\"wp-block-image size-large\"><img loading=\"lazy\" decoding=\"async\" width=\"1024\" height=\"683\" src=\"https:\/\/www.mojekonferencje.pl\/blog\/wp-content\/uploads\/2023\/01\/photo-1585637071663-799845ad5212-1024x683.png\" alt=\"\" class=\"wp-image-3516 lazyload\" data-srcset=\"https:\/\/www.mojekonferencje.pl\/blog\/wp-content\/uploads\/2023\/01\/photo-1585637071663-799845ad5212-1024x683.png 1024w, https:\/\/www.mojekonferencje.pl\/blog\/wp-content\/uploads\/2023\/01\/photo-1585637071663-799845ad5212-300x200.png 300w, https:\/\/www.mojekonferencje.pl\/blog\/wp-content\/uploads\/2023\/01\/photo-1585637071663-799845ad5212-768x512.png 768w, https:\/\/www.mojekonferencje.pl\/blog\/wp-content\/uploads\/2023\/01\/photo-1585637071663-799845ad5212.png 1170w\" sizes=\"auto\" \/><\/figure>\n\n\n\n<h2 class=\"has-text-align-center wp-block-heading\">Wynaj\u0119cie sali na event<\/h2>\n\n\n\n<p><br><strong>Wynajem sal konferencyjnych<\/strong> mo\u017ce si\u0119 wydawa\u0107 do\u015b\u0107 skomplikownanym procesem, gdy we\u017amie si\u0119 pod uwag\u0119 liczb\u0119 rzeczy, na kt\u00f3re trzeba zwr\u00f3ci\u0107 uwag\u0119 wcze\u015bniej. Jednak\u2026 nic bardziej mylnego! Gdy ju\u017c zdecydujesz si\u0119 na wynajem konkretnej sali konferencyjnej, to wszystko powinno p\u00f3j\u015b\u0107 jak z p\u0142atka. W takiej sytuacji powiniene\u015b si\u0119 skontaktowa\u0107 z obs\u0142ug\u0105 wybranego obiektu. Mo\u017cesz to zrobi\u0107 telefonicznie, mailowo lub za pomoca specjalnego formularza na stronie obiektu. Najszybciej za\u0142atwisz spraw\u0119 telefonicznie, do czego serdecznie zach\u0119camy. <\/p>\n\n\n\n<p>W kontek\u015bcie wynajmu konieczne te\u017c wydaje si\u0119 podkre\u015blenie, \u017ce bardzo wa\u017cne przy szukaniu sali konferencyjnej jest odpowiednie wyprzedzenie. Nie warto zwleka\u0107, gdy\u017c istnieje ryzyko, \u017ce wybrana sala nie b\u0119dzie ju\u017c dost\u0119pna.<\/p>\n\n\n\n<figure class=\"wp-block-image size-large\"><img loading=\"lazy\" decoding=\"async\" width=\"1024\" height=\"683\" src=\"https:\/\/www.mojekonferencje.pl\/blog\/wp-content\/uploads\/2023\/01\/photo-1532916123995-50bad0fc528e-1024x683.png\" alt=\"\" class=\"wp-image-3518 lazyload\" data-srcset=\"https:\/\/www.mojekonferencje.pl\/blog\/wp-content\/uploads\/2023\/01\/photo-1532916123995-50bad0fc528e-1024x683.png 1024w, https:\/\/www.mojekonferencje.pl\/blog\/wp-content\/uploads\/2023\/01\/photo-1532916123995-50bad0fc528e-300x200.png 300w, https:\/\/www.mojekonferencje.pl\/blog\/wp-content\/uploads\/2023\/01\/photo-1532916123995-50bad0fc528e-768x512.png 768w, https:\/\/www.mojekonferencje.pl\/blog\/wp-content\/uploads\/2023\/01\/photo-1532916123995-50bad0fc528e.png 1170w\" sizes=\"auto\" \/><\/figure>\n\n\n\n<h2 class=\"has-text-align-center wp-block-heading\">Atrakcyjne sale konferencyjne<\/h2>\n\n\n\n<p><br>Skoro ju\u017c wiesz, <strong>jak wynaj\u0105\u0107 sal\u0119<\/strong>, to mo\u017cemy pokaza\u0107 Ci kilka naszych propozycji miejsc na eventy. Znajdziesz tu zar\u00f3wno <strong>sale szkoleniowe<\/strong>, jak i konferencyjne oraz bankeietowe. Twojej uwadze polecamy m.in. <a href=\"https:\/\/www.mojekonferencje.pl\/sale-konferencyjne-warszawa\">sale konferencyjne w Warszawie<\/a> czy<a href=\"https:\/\/www.mojekonferencje.pl\/sale-konferencyjne-krakow\"> sale konferencyjne w Krakowie<\/a>. Najbardziej wyj\u0105tkowe przestrzenie biznesowe s\u0105 godnie reprezentowane te\u017c m.in. przez <a href=\"https:\/\/www.mojekonferencje.pl\/wroclaw\/art-hotel\">Art Hotel <\/a>we Wroc\u0142awiu czy <a href=\"https:\/\/www.mojekonferencje.pl\/poznan\/sheraton-poznan-hotel\">Sheraton Poznan Hotel <\/a>w sercu Wielkopolski. <\/p>\n\n\n\n<p>Warto tak\u017ce sprawdzi\u0107 <a href=\"https:\/\/www.mojekonferencje.pl\/obiekty-konferencyjne-nad-morzem\">obiekty konferencyjne nad morzem<\/a>, w kt\u00f3rych skutecznie po\u0142\u0105czysz prac\u0119 z wypoczynkiem. To jednak dopiero namiastka propozycji. Koniecznie zajrzyj na <a href=\"https:\/\/www.mojekonferencje.pl\/\">nasz\u0105 stron\u0119<\/a>, na kt\u00f3rej czeka na Ciebie wiele ofert atrakcyjnych obiekt\u00f3w z ca\u0142ej Polski. Jeste\u015bmy przekonani, \u017ce znajdziesz w\u015br\u00f3d nich co\u015b dla siebie!<\/p>\n\n\n\n<figure class=\"wp-block-image size-large\"><img loading=\"lazy\" decoding=\"async\" width=\"774\" height=\"580\" src=\"https:\/\/www.mojekonferencje.pl\/blog\/wp-content\/uploads\/2023\/01\/photo-1610374792793-f016b77ca51a.png\" alt=\"\" class=\"wp-image-3519 lazyload\" data-srcset=\"https:\/\/www.mojekonferencje.pl\/blog\/wp-content\/uploads\/2023\/01\/photo-1610374792793-f016b77ca51a.png 774w, https:\/\/www.mojekonferencje.pl\/blog\/wp-content\/uploads\/2023\/01\/photo-1610374792793-f016b77ca51a-300x225.png 300w, https:\/\/www.mojekonferencje.pl\/blog\/wp-content\/uploads\/2023\/01\/photo-1610374792793-f016b77ca51a-768x576.png 768w\" sizes=\"auto\" \/><\/figure>\n","protected":false},"excerpt":{"rendered":"<p>Zastanawiasz si\u0119, jak wynaj\u0105\u0107 sal\u0119 na event? Obawiasz si\u0119, \u017ce mo\u017ce to by\u0107 \u017cmudny i skomplikowany proces? W takim razie przychodzimy z pomoc\u0105!<\/p>\n","protected":false},"author":9,"featured_media":3513,"comment_status":"closed","ping_status":"closed","sticky":false,"template":"","format":"standard","meta":{"_acf_changed":false,"footnotes":""},"categories":[8,175],"tags":[14,364,19],"class_list":["post-3512","post","type-post","status-publish","format-standard","has-post-thumbnail","hentry","category-porady","category-wybieranie-miejsca-konferencyjnego","tag-sale-biznesowe","tag-sale-konferencyjne","tag-sale-szkoleniowe"],"acf":[],"yoast_head":"<!-- This site is optimized with the Yoast SEO plugin v27.1.1 - https:\/\/yoast.com\/product\/yoast-seo-wordpress\/ -->\n<title>Jak wynaj\u0105\u0107 sal\u0119 na event? Podpowiadamy! - blog | MojeKonferencje.pl<\/title>\n<meta name=\"description\" content=\"Jak wynaj\u0105\u0107 sal\u0119 na event? Podpowiadamy! - blog | MojeKonferencje.pl\" \/>\n<meta name=\"robots\" content=\"index, follow, max-snippet:-1, max-image-preview:large, max-video-preview:-1\" \/>\n<link rel=\"canonical\" href=\"https:\/\/www.mojekonferencje.pl\/blog\/jak-wynajac-sale-na-event-podpowiadamy\/\" \/>\n<meta property=\"og:locale\" content=\"pl_PL\" \/>\n<meta property=\"og:type\" content=\"article\" \/>\n<meta property=\"og:title\" content=\"Jak wynaj\u0105\u0107 sal\u0119 na event? Podpowiadamy! - blog | MojeKonferencje.pl\" \/>\n<meta property=\"og:description\" content=\"Jak wynaj\u0105\u0107 sal\u0119 na event? Podpowiadamy! - blog | MojeKonferencje.pl\" \/>\n<meta property=\"og:url\" content=\"https:\/\/www.mojekonferencje.pl\/blog\/jak-wynajac-sale-na-event-podpowiadamy\/\" \/>\n<meta property=\"og:site_name\" content=\"MojeKonferencje.pl\" \/>\n<meta property=\"article:published_time\" content=\"2023-01-23T17:33:00+00:00\" \/>\n<meta property=\"article:modified_time\" content=\"2024-05-07T09:49:50+00:00\" \/>\n<meta property=\"og:image\" content=\"https:\/\/www.mojekonferencje.pl\/blog\/wp-content\/uploads\/2023\/01\/photo-1588865198054-c83788106132-1.png\" \/>\n\t<meta property=\"og:image:width\" content=\"1170\" \/>\n\t<meta property=\"og:image:height\" content=\"780\" \/>\n\t<meta property=\"og:image:type\" content=\"image\/png\" \/>\n<meta name=\"author\" content=\"Olga Stawicka-Iwanowska\" \/>\n<meta name=\"twitter:card\" content=\"summary_large_image\" \/>\n<meta name=\"twitter:label1\" content=\"Napisane przez\" \/>\n\t<meta name=\"twitter:data1\" content=\"Olga Stawicka-Iwanowska\" \/>\n\t<meta name=\"twitter:label2\" content=\"Szacowany czas czytania\" \/>\n\t<meta name=\"twitter:data2\" content=\"4 minuty\" \/>\n<script type=\"application\/ld+json\" class=\"yoast-schema-graph\">{\"@context\":\"https:\/\/schema.org\",\"@graph\":[{\"@type\":\"Article\",\"@id\":\"https:\/\/www.mojekonferencje.pl\/blog\/jak-wynajac-sale-na-event-podpowiadamy\/#article\",\"isPartOf\":{\"@id\":\"https:\/\/www.mojekonferencje.pl\/blog\/jak-wynajac-sale-na-event-podpowiadamy\/\"},\"author\":{\"name\":\"Olga Stawicka-Iwanowska\",\"@id\":\"https:\/\/www.mojekonferencje.pl\/blog\/#\/schema\/person\/d6751ca3c60de9ec17ee21b744bbb2d4\"},\"headline\":\"Jak wynaj\u0105\u0107 sal\u0119 na event? Podpowiadamy!\",\"datePublished\":\"2023-01-23T17:33:00+00:00\",\"dateModified\":\"2024-05-07T09:49:50+00:00\",\"mainEntityOfPage\":{\"@id\":\"https:\/\/www.mojekonferencje.pl\/blog\/jak-wynajac-sale-na-event-podpowiadamy\/\"},\"wordCount\":708,\"image\":{\"@id\":\"https:\/\/www.mojekonferencje.pl\/blog\/jak-wynajac-sale-na-event-podpowiadamy\/#primaryimage\"},\"thumbnailUrl\":\"https:\/\/www.mojekonferencje.pl\/blog\/wp-content\/uploads\/2023\/01\/photo-1588865198054-c83788106132-1.png\",\"keywords\":[\"sale biznesowe\",\"sale konferencyjne\",\"sale szkoleniowe\"],\"articleSection\":[\"Porady\",\"Wybieranie miejsca konferencyjnego\"],\"inLanguage\":\"pl-PL\"},{\"@type\":\"WebPage\",\"@id\":\"https:\/\/www.mojekonferencje.pl\/blog\/jak-wynajac-sale-na-event-podpowiadamy\/\",\"url\":\"https:\/\/www.mojekonferencje.pl\/blog\/jak-wynajac-sale-na-event-podpowiadamy\/\",\"name\":\"Jak wynaj\u0105\u0107 sal\u0119 na event? Podpowiadamy! - blog | MojeKonferencje.pl\",\"isPartOf\":{\"@id\":\"https:\/\/www.mojekonferencje.pl\/blog\/#website\"},\"primaryImageOfPage\":{\"@id\":\"https:\/\/www.mojekonferencje.pl\/blog\/jak-wynajac-sale-na-event-podpowiadamy\/#primaryimage\"},\"image\":{\"@id\":\"https:\/\/www.mojekonferencje.pl\/blog\/jak-wynajac-sale-na-event-podpowiadamy\/#primaryimage\"},\"thumbnailUrl\":\"https:\/\/www.mojekonferencje.pl\/blog\/wp-content\/uploads\/2023\/01\/photo-1588865198054-c83788106132-1.png\",\"datePublished\":\"2023-01-23T17:33:00+00:00\",\"dateModified\":\"2024-05-07T09:49:50+00:00\",\"author\":{\"@id\":\"https:\/\/www.mojekonferencje.pl\/blog\/#\/schema\/person\/d6751ca3c60de9ec17ee21b744bbb2d4\"},\"description\":\"Jak wynaj\u0105\u0107 sal\u0119 na event? Podpowiadamy! - blog | MojeKonferencje.pl\",\"breadcrumb\":{\"@id\":\"https:\/\/www.mojekonferencje.pl\/blog\/jak-wynajac-sale-na-event-podpowiadamy\/#breadcrumb\"},\"inLanguage\":\"pl-PL\",\"potentialAction\":[{\"@type\":\"ReadAction\",\"target\":[\"https:\/\/www.mojekonferencje.pl\/blog\/jak-wynajac-sale-na-event-podpowiadamy\/\"]}]},{\"@type\":\"ImageObject\",\"inLanguage\":\"pl-PL\",\"@id\":\"https:\/\/www.mojekonferencje.pl\/blog\/jak-wynajac-sale-na-event-podpowiadamy\/#primaryimage\",\"url\":\"https:\/\/www.mojekonferencje.pl\/blog\/wp-content\/uploads\/2023\/01\/photo-1588865198054-c83788106132-1.png\",\"contentUrl\":\"https:\/\/www.mojekonferencje.pl\/blog\/wp-content\/uploads\/2023\/01\/photo-1588865198054-c83788106132-1.png\",\"width\":1170,\"height\":780},{\"@type\":\"BreadcrumbList\",\"@id\":\"https:\/\/www.mojekonferencje.pl\/blog\/jak-wynajac-sale-na-event-podpowiadamy\/#breadcrumb\",\"itemListElement\":[{\"@type\":\"ListItem\",\"position\":1,\"name\":\"Strona g\u0142\u00f3wna\",\"item\":\"https:\/\/www.mojekonferencje.pl\/blog\/\"},{\"@type\":\"ListItem\",\"position\":2,\"name\":\"Jak wynaj\u0105\u0107 sal\u0119 na event? Podpowiadamy!\"}]},{\"@type\":\"WebSite\",\"@id\":\"https:\/\/www.mojekonferencje.pl\/blog\/#website\",\"url\":\"https:\/\/www.mojekonferencje.pl\/blog\/\",\"name\":\"MojeKonferencje.pl\",\"description\":\"Blog bran\u017cy szkoleniowo-konferencyjnej. W\u0142\u0105cz si\u0119 do dyskusji o obiektach konferencyjnych i nowo\u015bciach z bran\u017cy! Poznaj porady odno\u015bnie organizacji konferencji, szkole\u0144 i event\u00f3w firmowych! Zach\u0119camy do wyra\u017cania opinii oraz komentarzy.\",\"potentialAction\":[{\"@type\":\"SearchAction\",\"target\":{\"@type\":\"EntryPoint\",\"urlTemplate\":\"https:\/\/www.mojekonferencje.pl\/blog\/?s={search_term_string}\"},\"query-input\":{\"@type\":\"PropertyValueSpecification\",\"valueRequired\":true,\"valueName\":\"search_term_string\"}}],\"inLanguage\":\"pl-PL\"},{\"@type\":\"Person\",\"@id\":\"https:\/\/www.mojekonferencje.pl\/blog\/#\/schema\/person\/d6751ca3c60de9ec17ee21b744bbb2d4\",\"name\":\"Olga Stawicka-Iwanowska\",\"description\":\"Head of Marketing z ponad sze\u015bcioletnim do\u015bwiadczeniem w bran\u017cy MICE. Na co dzie\u0144 zajmuje si\u0119 content marketingiem i promocj\u0105 obiekt\u00f3w eventowych, tak aby organizatorzy kongres\u00f3w, targ\u00f3w i konferencji wiedzieli, \u017ce w\u0142a\u015bnie tam warto zrealizowa\u0107 swoje wydarzenie. Prowadzi media spo\u0142eczno\u015bciowe, tworzy strategie komunikacji, pisze artyku\u0142y i dba o sp\u00f3jny wizerunek marki w ka\u017cdym kanale. W swojej pracy \u0142\u0105czy analityczne my\u015blenie z kreatywno\u015bci\u0105 i dobrym copy. Wsp\u00f3\u0142pracuje zar\u00f3wno z organizatorami najwi\u0119kszych wydarze\u0144 w Polsce, jak i z regionalnymi partnerami z bran\u017cy. Po godzinach mi\u0142o\u015bniczka podr\u00f3\u017cy po Europie, dobrej kuchni i klimatycznych miejsc, w kt\u00f3rych mo\u017cna z\u0142apa\u0107 oddech.\",\"sameAs\":[\"http:\/\/MojeKonferencje.pl\",\"https:\/\/www.linkedin.com\/in\/olgastawicka\/\"],\"url\":\"https:\/\/www.mojekonferencje.pl\/blog\/author\/osawicka\/\"}]}<\/script>\n<!-- \/ Yoast SEO plugin. -->","yoast_head_json":{"title":"Jak wynaj\u0105\u0107 sal\u0119 na event? Podpowiadamy! - blog | MojeKonferencje.pl","description":"Jak wynaj\u0105\u0107 sal\u0119 na event? Podpowiadamy! - blog | MojeKonferencje.pl","robots":{"index":"index","follow":"follow","max-snippet":"max-snippet:-1","max-image-preview":"max-image-preview:large","max-video-preview":"max-video-preview:-1"},"canonical":"https:\/\/www.mojekonferencje.pl\/blog\/jak-wynajac-sale-na-event-podpowiadamy\/","og_locale":"pl_PL","og_type":"article","og_title":"Jak wynaj\u0105\u0107 sal\u0119 na event? Podpowiadamy! - blog | MojeKonferencje.pl","og_description":"Jak wynaj\u0105\u0107 sal\u0119 na event? Podpowiadamy! - blog | MojeKonferencje.pl","og_url":"https:\/\/www.mojekonferencje.pl\/blog\/jak-wynajac-sale-na-event-podpowiadamy\/","og_site_name":"MojeKonferencje.pl","article_published_time":"2023-01-23T17:33:00+00:00","article_modified_time":"2024-05-07T09:49:50+00:00","og_image":[{"width":1170,"height":780,"url":"https:\/\/www.mojekonferencje.pl\/blog\/wp-content\/uploads\/2023\/01\/photo-1588865198054-c83788106132-1.png","type":"image\/png"}],"author":"Olga Stawicka-Iwanowska","twitter_card":"summary_large_image","twitter_misc":{"Napisane przez":"Olga Stawicka-Iwanowska","Szacowany czas czytania":"4 minuty"},"schema":{"@context":"https:\/\/schema.org","@graph":[{"@type":"Article","@id":"https:\/\/www.mojekonferencje.pl\/blog\/jak-wynajac-sale-na-event-podpowiadamy\/#article","isPartOf":{"@id":"https:\/\/www.mojekonferencje.pl\/blog\/jak-wynajac-sale-na-event-podpowiadamy\/"},"author":{"name":"Olga Stawicka-Iwanowska","@id":"https:\/\/www.mojekonferencje.pl\/blog\/#\/schema\/person\/d6751ca3c60de9ec17ee21b744bbb2d4"},"headline":"Jak wynaj\u0105\u0107 sal\u0119 na event? Podpowiadamy!","datePublished":"2023-01-23T17:33:00+00:00","dateModified":"2024-05-07T09:49:50+00:00","mainEntityOfPage":{"@id":"https:\/\/www.mojekonferencje.pl\/blog\/jak-wynajac-sale-na-event-podpowiadamy\/"},"wordCount":708,"image":{"@id":"https:\/\/www.mojekonferencje.pl\/blog\/jak-wynajac-sale-na-event-podpowiadamy\/#primaryimage"},"thumbnailUrl":"https:\/\/www.mojekonferencje.pl\/blog\/wp-content\/uploads\/2023\/01\/photo-1588865198054-c83788106132-1.png","keywords":["sale biznesowe","sale konferencyjne","sale szkoleniowe"],"articleSection":["Porady","Wybieranie miejsca konferencyjnego"],"inLanguage":"pl-PL"},{"@type":"WebPage","@id":"https:\/\/www.mojekonferencje.pl\/blog\/jak-wynajac-sale-na-event-podpowiadamy\/","url":"https:\/\/www.mojekonferencje.pl\/blog\/jak-wynajac-sale-na-event-podpowiadamy\/","name":"Jak wynaj\u0105\u0107 sal\u0119 na event? Podpowiadamy! - blog | MojeKonferencje.pl","isPartOf":{"@id":"https:\/\/www.mojekonferencje.pl\/blog\/#website"},"primaryImageOfPage":{"@id":"https:\/\/www.mojekonferencje.pl\/blog\/jak-wynajac-sale-na-event-podpowiadamy\/#primaryimage"},"image":{"@id":"https:\/\/www.mojekonferencje.pl\/blog\/jak-wynajac-sale-na-event-podpowiadamy\/#primaryimage"},"thumbnailUrl":"https:\/\/www.mojekonferencje.pl\/blog\/wp-content\/uploads\/2023\/01\/photo-1588865198054-c83788106132-1.png","datePublished":"2023-01-23T17:33:00+00:00","dateModified":"2024-05-07T09:49:50+00:00","author":{"@id":"https:\/\/www.mojekonferencje.pl\/blog\/#\/schema\/person\/d6751ca3c60de9ec17ee21b744bbb2d4"},"description":"Jak wynaj\u0105\u0107 sal\u0119 na event? Podpowiadamy! - blog | MojeKonferencje.pl","breadcrumb":{"@id":"https:\/\/www.mojekonferencje.pl\/blog\/jak-wynajac-sale-na-event-podpowiadamy\/#breadcrumb"},"inLanguage":"pl-PL","potentialAction":[{"@type":"ReadAction","target":["https:\/\/www.mojekonferencje.pl\/blog\/jak-wynajac-sale-na-event-podpowiadamy\/"]}]},{"@type":"ImageObject","inLanguage":"pl-PL","@id":"https:\/\/www.mojekonferencje.pl\/blog\/jak-wynajac-sale-na-event-podpowiadamy\/#primaryimage","url":"https:\/\/www.mojekonferencje.pl\/blog\/wp-content\/uploads\/2023\/01\/photo-1588865198054-c83788106132-1.png","contentUrl":"https:\/\/www.mojekonferencje.pl\/blog\/wp-content\/uploads\/2023\/01\/photo-1588865198054-c83788106132-1.png","width":1170,"height":780},{"@type":"BreadcrumbList","@id":"https:\/\/www.mojekonferencje.pl\/blog\/jak-wynajac-sale-na-event-podpowiadamy\/#breadcrumb","itemListElement":[{"@type":"ListItem","position":1,"name":"Strona g\u0142\u00f3wna","item":"https:\/\/www.mojekonferencje.pl\/blog\/"},{"@type":"ListItem","position":2,"name":"Jak wynaj\u0105\u0107 sal\u0119 na event? Podpowiadamy!"}]},{"@type":"WebSite","@id":"https:\/\/www.mojekonferencje.pl\/blog\/#website","url":"https:\/\/www.mojekonferencje.pl\/blog\/","name":"MojeKonferencje.pl","description":"Blog bran\u017cy szkoleniowo-konferencyjnej. W\u0142\u0105cz si\u0119 do dyskusji o obiektach konferencyjnych i nowo\u015bciach z bran\u017cy! Poznaj porady odno\u015bnie organizacji konferencji, szkole\u0144 i event\u00f3w firmowych! Zach\u0119camy do wyra\u017cania opinii oraz komentarzy.","potentialAction":[{"@type":"SearchAction","target":{"@type":"EntryPoint","urlTemplate":"https:\/\/www.mojekonferencje.pl\/blog\/?s={search_term_string}"},"query-input":{"@type":"PropertyValueSpecification","valueRequired":true,"valueName":"search_term_string"}}],"inLanguage":"pl-PL"},{"@type":"Person","@id":"https:\/\/www.mojekonferencje.pl\/blog\/#\/schema\/person\/d6751ca3c60de9ec17ee21b744bbb2d4","name":"Olga Stawicka-Iwanowska","description":"Head of Marketing z ponad sze\u015bcioletnim do\u015bwiadczeniem w bran\u017cy MICE. Na co dzie\u0144 zajmuje si\u0119 content marketingiem i promocj\u0105 obiekt\u00f3w eventowych, tak aby organizatorzy kongres\u00f3w, targ\u00f3w i konferencji wiedzieli, \u017ce w\u0142a\u015bnie tam warto zrealizowa\u0107 swoje wydarzenie. Prowadzi media spo\u0142eczno\u015bciowe, tworzy strategie komunikacji, pisze artyku\u0142y i dba o sp\u00f3jny wizerunek marki w ka\u017cdym kanale. W swojej pracy \u0142\u0105czy analityczne my\u015blenie z kreatywno\u015bci\u0105 i dobrym copy. Wsp\u00f3\u0142pracuje zar\u00f3wno z organizatorami najwi\u0119kszych wydarze\u0144 w Polsce, jak i z regionalnymi partnerami z bran\u017cy. Po godzinach mi\u0142o\u015bniczka podr\u00f3\u017cy po Europie, dobrej kuchni i klimatycznych miejsc, w kt\u00f3rych mo\u017cna z\u0142apa\u0107 oddech.","sameAs":["http:\/\/MojeKonferencje.pl","https:\/\/www.linkedin.com\/in\/olgastawicka\/"],"url":"https:\/\/www.mojekonferencje.pl\/blog\/author\/osawicka\/"}]}},"_links":{"self":[{"href":"https:\/\/www.mojekonferencje.pl\/blog\/wp-json\/wp\/v2\/posts\/3512","targetHints":{"allow":["GET"]}}],"collection":[{"href":"https:\/\/www.mojekonferencje.pl\/blog\/wp-json\/wp\/v2\/posts"}],"about":[{"href":"https:\/\/www.mojekonferencje.pl\/blog\/wp-json\/wp\/v2\/types\/post"}],"author":[{"embeddable":true,"href":"https:\/\/www.mojekonferencje.pl\/blog\/wp-json\/wp\/v2\/users\/9"}],"replies":[{"embeddable":true,"href":"https:\/\/www.mojekonferencje.pl\/blog\/wp-json\/wp\/v2\/comments?post=3512"}],"version-history":[{"count":1,"href":"https:\/\/www.mojekonferencje.pl\/blog\/wp-json\/wp\/v2\/posts\/3512\/revisions"}],"predecessor-version":[{"id":3520,"href":"https:\/\/www.mojekonferencje.pl\/blog\/wp-json\/wp\/v2\/posts\/3512\/revisions\/3520"}],"wp:featuredmedia":[{"embeddable":true,"href":"https:\/\/www.mojekonferencje.pl\/blog\/wp-json\/wp\/v2\/media\/3513"}],"wp:attachment":[{"href":"https:\/\/www.mojekonferencje.pl\/blog\/wp-json\/wp\/v2\/media?parent=3512"}],"wp:term":[{"taxonomy":"category","embeddable":true,"href":"https:\/\/www.mojekonferencje.pl\/blog\/wp-json\/wp\/v2\/categories?post=3512"},{"taxonomy":"post_tag","embeddable":true,"href":"https:\/\/www.mojekonferencje.pl\/blog\/wp-json\/wp\/v2\/tags?post=3512"}],"curies":[{"name":"wp","href":"https:\/\/api.w.org\/{rel}","templated":true}]}}