{"id":3552,"date":"2026-04-20T19:00:00","date_gmt":"2026-04-20T17:00:00","guid":{"rendered":"https:\/\/www.mojekonferencje.pl\/blog\/?p=3552"},"modified":"2026-04-20T19:07:02","modified_gmt":"2026-04-20T17:07:02","slug":"wyjatkowe-hotele-na-majowke","status":"publish","type":"post","link":"https:\/\/www.mojekonferencje.pl\/blog\/wyjatkowe-hotele-na-majowke\/","title":{"rendered":"Wyj\u0105tkowe hotele na maj\u00f3wk\u0119 2026"},"content":{"rendered":"\n<p><strong>Maj\u00f3wka 2026<\/strong> to idealny moment, aby na chwil\u0119 oderwa\u0107 si\u0119 od codzienno\u015bci i zanurzy\u0107 w wyj\u0105tkowych miejscach, kt\u00f3re zapewniaj\u0105 komfort, pi\u0119kno natury oraz niepowtarzalny klimat. Wraz z nadej\u015bciem wiosny coraz wi\u0119cej os\u00f3b poszukuje inspiracji na kr\u00f3tki, ale intensywny wypoczynek. W\u0142a\u015bnie dlatego wyb\u00f3r odpowiedniego hotelu staje si\u0119 kluczowy dla udanego wyjazdu.<\/p>\n\n\n\n<p>Wyj\u0105tkowe <strong>hotele na maj\u00f3wk\u0119 2026<\/strong> to obiekty, kt\u00f3re wyr\u00f3\u017cniaj\u0105 si\u0119 nie tylko lokalizacj\u0105, ale tak\u017ce wysokim standardem, rozbudowan\u0105 ofert\u0105 wellness, dost\u0119pem do atrakcji oraz mo\u017cliwo\u015bci\u0105 aktywnego sp\u0119dzania czasu. Niezale\u017cnie od tego, czy celem podr\u00f3\u017cy s\u0105 g\u00f3rskie w\u0119dr\u00f3wki, relaks na pla\u017cy czy \u017ceglarskie przygody, dobrze dobrany hotel potrafi zamieni\u0107 kilkudniowy pobyt w niezapomniane do\u015bwiadczenie.<\/p>\n\n\n\n<p>W poni\u017cszym zestawieniu znalaz\u0142y si\u0119 najlepsze <a href=\"https:\/\/www.mojekonferencje.pl\/obiekty-konferencyjne-w-gorach\" type=\"link\" id=\"https:\/\/www.mojekonferencje.pl\/obiekty-konferencyjne-w-gorach\">hotele w g\u00f3rach<\/a>, <a href=\"https:\/\/www.mojekonferencje.pl\/obiekty-konferencyjne-nad-morzem\" type=\"link\" id=\"https:\/\/www.mojekonferencje.pl\/obiekty-konferencyjne-nad-morzem\">hotele nad morzem<\/a> oraz <a href=\"https:\/\/www.mojekonferencje.pl\/konferencje-warminsko-mazurskie\" type=\"link\" id=\"https:\/\/www.mojekonferencje.pl\/konferencje-warminsko-mazurskie\">obiekty na Mazurach<\/a>, kt\u00f3re doskonale wpisuj\u0105 si\u0119 w potrzeby wsp\u00f3\u0142czesnych podr\u00f3\u017cnych. Przedstawiamy doskona\u0142e obiekty, idealne na maj\u00f3wkowy wyjazd w 2026 roku.<\/p>\n\n\n\n<p>W pierwszej kolejno\u015bci powiniene\u015b si\u0119 jednak zastanowi\u0107, w jakich okoliczno\u015bciach chcesz sp\u0119dzi\u0107 <strong>weekend majowy<\/strong>. Przemy\u015bl, czy bardziej interesuj\u0105 Ci\u0119 <strong>hotele w mie\u015bcie<\/strong> czy mo\u017ce obiekty po\u0142o\u017cone w cichej i spokojnej okolicy. Ta informacja u\u0142atwi Ci proces szukania najlepszego hotelu!<\/p>\n\n\n\n<figure class=\"wp-block-table\"><table class=\"has-fixed-layout\"><tbody><tr><td><a href=\"https:\/\/www.mojekonferencje.pl\/zakopane\/nosalowy-dwor-resort--spa\" type=\"link\" id=\"https:\/\/www.mojekonferencje.pl\/zakopane\/nosalowy-dwor-resort--spa\">Nosalowy Dw\u00f3r Resort &amp; SPA<\/a><\/td><td><a href=\"https:\/\/www.mojekonferencje.pl\/krynica-zdroj\/hotel-czarny-potok-resort--spa\" type=\"link\" id=\"https:\/\/www.mojekonferencje.pl\/krynica-zdroj\/hotel-czarny-potok-resort--spa\">Hotel Czarny Potok Resort SPA &amp; Conference<\/a><\/td><\/tr><tr><td><a href=\"https:\/\/www.mojekonferencje.pl\/szczawnica\/hotel-szczawnica-park-resort-spa\" type=\"link\" id=\"https:\/\/www.mojekonferencje.pl\/szczawnica\/hotel-szczawnica-park-resort-spa\">Hotel Szczawnica Park Resort &amp; Spa<\/a><\/td><td><a href=\"https:\/\/www.mojekonferencje.pl\/jaroslawiec\/resort-krol-plaza-spa-wellness\" type=\"link\" id=\"https:\/\/www.mojekonferencje.pl\/jaroslawiec\/resort-krol-plaza-spa-wellness\">Resort Kr\u00f3l Plaza SPA &amp; Wellness<\/a><\/td><\/tr><tr><td><a href=\"https:\/\/www.mojekonferencje.pl\/krynica-morska\/hotel-morski-widok\">Hotel Morski Widok<\/a><\/td><td><a href=\"https:\/\/www.mojekonferencje.pl\/kolobrzeg\/seaside-park-kolobrzeg\" type=\"link\" id=\"https:\/\/www.mojekonferencje.pl\/kolobrzeg\/seaside-park-kolobrzeg\">Seaside Park Ko\u0142obrzeg<\/a><\/td><\/tr><tr><td><a href=\"https:\/\/www.mojekonferencje.pl\/pobierowo\/linea-mare\" type=\"link\" id=\"https:\/\/www.mojekonferencje.pl\/pobierowo\/linea-mare\">Linea Mare<\/a><\/td><td><a href=\"https:\/\/www.mojekonferencje.pl\/olsztyn\/hotel-marina-club\" type=\"link\" id=\"https:\/\/www.mojekonferencje.pl\/olsztyn\/hotel-marina-club\">Hotel Marina Club<\/a><\/td><\/tr><tr><td><a href=\"https:\/\/www.mojekonferencje.pl\/ruciane-nida\/klub-mila-kamien\" type=\"link\" id=\"https:\/\/www.mojekonferencje.pl\/ruciane-nida\/klub-mila-kamien\">Klub Mila Kamie\u0144<\/a><\/td><td><a href=\"https:\/\/www.mojekonferencje.pl\/pisz\/jablon-lake-resort\" type=\"link\" id=\"https:\/\/www.mojekonferencje.pl\/pisz\/jablon-lake-resort\">Jab\u0142o\u0144 Lake Resort<\/a><\/td><\/tr><\/tbody><\/table><\/figure>\n\n\n\n<h2 class=\"wp-block-heading has-text-align-center\">Hotele na maj\u00f3wk\u0119 w g\u00f3rach<\/h2>\n\n\n\n<p>Maj\u00f3wka w g\u00f3rach &#8211; co powiesz na tak\u0105 propozycj\u0119? My jeste\u015bmy jak najbardziej za! Na pocz\u0105tku maja na g\u00f3rskich szczytach mo\u017cesz spotka\u0107 jeszcze \u015bnieg! Wiosenna aura zdecydowanie sprzyja g\u00f3rskim w\u0119dr\u00f3wkom i wycieczkom rowerowym. Przyk\u0142adowo, maj\u00f3wka w Szczawnicy dostarczy Ci te\u017c niezapomnianych wra\u017ce\u0144 wizualnych. Pi\u0119kne wodospady i strumyki maksymalnie Ci\u0119 zrelaksuj\u0105! Ale g\u00f3ry to nie tylko Krakonosze.<\/p>\n\n\n\n<p>Mo\u017cesz sp\u0119dzi\u0107 te\u017c maj\u00f3wk\u0119 w Zakopanem lub jecha\u0107 na weekend majowy do Krynicy-Zdroju. Oto nasze propozycje obiekt\u00f3w, kt\u00f3re na pewno Ci\u0119 nie zawiod\u0105. <\/p>\n\n\n\n<h3 class=\"wp-block-heading has-text-align-center\"><a href=\"https:\/\/www.mojekonferencje.pl\/zakopane\/nosalowy-dwor-resort--spa\" type=\"link\" id=\"https:\/\/www.mojekonferencje.pl\/zakopane\/nosalowy-dwor-resort--spa\"><mark style=\"background-color:rgba(0, 0, 0, 0)\" class=\"has-inline-color has-vivid-purple-color\"><span style=\"text-decoration: underline;\">Nosalowy Dw\u00f3r Resort &amp; SPA<\/span><\/mark><\/a><\/h3>\n\n\n\n<p>Propozycj\u0105 od nas jest <a href=\"https:\/\/www.mojekonferencje.pl\/zakopane\/nosalowy-dwor-resort--spa\" type=\"link\" id=\"https:\/\/www.mojekonferencje.pl\/zakopane\/nosalowy-dwor-resort--spa\"><strong>Nosalowy Dw\u00f3r Resort &amp; Spa<\/strong><\/a>. To najwi\u0119kszy resort na Podhalu, po\u0142o\u017cony u podn\u00f3\u017ca g\u00f3ry Nosal w Zakopanem. Kompleks obiekt\u00f3w o standardzie 3 i 4- gwiazdkowym zapewnia blisko <strong>400 pokoi <\/strong>oraz <strong>nowoczesne centrum konferencyjne z 23 salami<\/strong>, w tym <strong>imponuj\u0105cym Centrum Kongresowym \u201eGerlach\u201d<\/strong>, przystosowanym do organizacji du\u017cych wydarze\u0144.<\/p>\n\n\n\n<p>Resort wyr\u00f3\u017cnia si\u0119 tak\u017ce <strong>bogat\u0105 ofert\u0105 gastronomiczn\u0105<\/strong>, klimatycznymi przestrzeniami do integracji, takimi jak wiaty grillowe, oraz rozbudowan\u0105 stref\u0105 Wellness &amp; SPA z basenem, saunami i autorskim NABE SPA. Wysoki standard us\u0142ug potwierdzaj\u0105 presti\u017cowe nagrody MP Power Awards, co czyniobiekt doskona\u0142ym wyborem na wypoczynek w maj\u00f3wk\u0119.<\/p>\n\n\n\n<figure class=\"wp-block-image size-full\"><a href=\"https:\/\/www.mojekonferencje.pl\/blog\/wp-content\/uploads\/2023\/01\/nosalowy-wiosna-62-960x580-1.webp\"><img loading=\"lazy\" decoding=\"async\" width=\"960\" height=\"580\" src=\"https:\/\/www.mojekonferencje.pl\/blog\/wp-content\/uploads\/2023\/01\/nosalowy-wiosna-62-960x580-1.webp\" alt=\"\" class=\"wp-image-9451 lazyload\" data-srcset=\"https:\/\/www.mojekonferencje.pl\/blog\/wp-content\/uploads\/2023\/01\/nosalowy-wiosna-62-960x580-1.webp 960w, https:\/\/www.mojekonferencje.pl\/blog\/wp-content\/uploads\/2023\/01\/nosalowy-wiosna-62-960x580-1-300x181.webp 300w, https:\/\/www.mojekonferencje.pl\/blog\/wp-content\/uploads\/2023\/01\/nosalowy-wiosna-62-960x580-1-768x464.webp 768w\" sizes=\"auto\" \/><\/a><\/figure>\n\n\n\n<h3 class=\"wp-block-heading has-text-align-center\"><a href=\"https:\/\/www.mojekonferencje.pl\/krynica-zdroj\/hotel-czarny-potok-resort--spa\" type=\"link\" id=\"https:\/\/www.mojekonferencje.pl\/krynica-zdroj\/hotel-czarny-potok-resort--spa\"><mark style=\"background-color:rgba(0, 0, 0, 0)\" class=\"has-inline-color has-vivid-purple-color\"><span style=\"text-decoration: underline;\">Hotel Czarny Potok Resort SPA &amp; Conference<\/span><\/mark><\/a><\/h3>\n\n\n\n<p>Warto rozwa\u017cy\u0107 tak\u017ce pobyt w <a href=\"https:\/\/www.mojekonferencje.pl\/krynica-zdroj\/hotel-czarny-potok-resort--spa\" type=\"link\" id=\"https:\/\/www.mojekonferencje.pl\/krynica-zdroj\/hotel-czarny-potok-resort--spa\">Hotelu Czarny Potok Resort SPA &amp; Conference<\/a>. Jest to elegancki, 5-gwiazdkowy resort po\u0142o\u017cony w uzdrowiskowej Krynica-Zdr\u00f3j, u podn\u00f3\u017ca Jaworzyna Krynicka. Malownicza lokalizacja i spokojne otoczenie sprawiaj\u0105, \u017ce to idealne miejsce na relaks i aktywny wypoczynek w g\u00f3rach.<\/p>\n\n\n\n<p>Na go\u015bci czeka <strong>239 komfortowych pokoi i apartament\u00f3w<\/strong> oraz rozbudowana strefa SPA &amp; Wellness z basenem, saunami i szerok\u0105 ofert\u0105 zabieg\u00f3w. Dodatkowym atutem jest <strong>bogata infrastruktura rekreacyjna<\/strong> &#8211; od kr\u0119gielni i mini golfa po liczne aktywno\u015bci na \u015bwie\u017cym powietrzu. Ca\u0142o\u015b\u0107 uzupe\u0142niaj\u0105 restauracje serwuj\u0105ce kuchni\u0119 regionaln\u0105 i mi\u0119dzynarodow\u0105.<\/p>\n\n\n\n<p>To <strong>doskona\u0142y wyb\u00f3r na maj\u00f3wk\u0119 2026<\/strong> &#8211; zar\u00f3wno dla os\u00f3b szukaj\u0105cych odpoczynku w\u015br\u00f3d g\u00f3rskiej przyrody, jak i tych, kt\u00f3rzy chc\u0105 sp\u0119dzi\u0107 ten czas aktywnie, korzystaj\u0105c z licznych atrakcji dost\u0119pnych na miejscu i w okolicy.<\/p>\n\n\n\n<figure class=\"wp-block-image size-full\"><a href=\"https:\/\/www.mojekonferencje.pl\/blog\/wp-content\/uploads\/2023\/01\/7-lipiec-2024-low-960x580-1.webp\"><img loading=\"lazy\" decoding=\"async\" width=\"960\" height=\"580\" src=\"https:\/\/www.mojekonferencje.pl\/blog\/wp-content\/uploads\/2023\/01\/7-lipiec-2024-low-960x580-1.webp\" alt=\"\" class=\"wp-image-9453 lazyload\" data-srcset=\"https:\/\/www.mojekonferencje.pl\/blog\/wp-content\/uploads\/2023\/01\/7-lipiec-2024-low-960x580-1.webp 960w, https:\/\/www.mojekonferencje.pl\/blog\/wp-content\/uploads\/2023\/01\/7-lipiec-2024-low-960x580-1-300x181.webp 300w, https:\/\/www.mojekonferencje.pl\/blog\/wp-content\/uploads\/2023\/01\/7-lipiec-2024-low-960x580-1-768x464.webp 768w\" sizes=\"auto\" \/><\/a><\/figure>\n\n\n\n<h3 class=\"wp-block-heading has-text-align-center\"><a href=\"https:\/\/www.mojekonferencje.pl\/szczawnica\/hotel-szczawnica-park-resort-spa\" type=\"link\" id=\"https:\/\/www.mojekonferencje.pl\/szczawnica\/hotel-szczawnica-park-resort-spa\"><mark style=\"background-color:rgba(0, 0, 0, 0)\" class=\"has-inline-color has-vivid-purple-color\"><span style=\"text-decoration: underline;\">Hotel Szczawnica Park Resort &amp; Spa<\/span><\/mark><\/a><\/h3>\n\n\n\n<p>W\u015br\u00f3d propozycji obiekt\u00f3w na maj\u00f3wk\u0119 znalaz\u0142 si\u0119 tak\u017ce <a href=\"https:\/\/www.mojekonferencje.pl\/szczawnica\/hotel-szczawnica-park-resort-spa\" type=\"link\" id=\"https:\/\/www.mojekonferencje.pl\/szczawnica\/hotel-szczawnica-park-resort-spa\">Hotel Szczawnica Park Resort &amp; Spa<\/a>. To r\u00f3wnie\u017c nowoczesny, 5-gwiazdkowy obiekt po\u0142o\u017cony w sercu Szczawnicy.<\/p>\n\n\n\n<p>Hotel oferuje <strong>110 stylowych pokoi i apartament\u00f3w<\/strong>, kt\u00f3re zapewniaj\u0105 nowoczesny design z g\u00f3rskim klimatem. Na go\u015bci czeka r\u00f3wnie\u017c <strong>rozbudowana strefa SPA &amp; Wellness<\/strong> z basenem, saunami i szerok\u0105 ofert\u0105 zabieg\u00f3w, a tak\u017ce restauracje serwuj\u0105ce dania inspirowane kuchni\u0105 regionaln\u0105 i ide\u0105 slow food.<\/p>\n\n\n\n<p>Dodatkowym atutem jest <strong>dogodna lokalizacja<\/strong> &#8211; w pobli\u017cu znajduj\u0105 si\u0119 m.in. Palenica oraz tereny spacerowe, kt\u00f3re sprzyjaj\u0105 aktywnemu sp\u0119dzaniu czasu. Hotel dysponuje tak\u017ce <strong>nowoczesnym zapleczem konferencyjnym<\/strong>, dzi\u0119ki czemu sprawdzi si\u0119 zar\u00f3wno podczas wyjazd\u00f3w prywatnych, jak i biznesowych.<\/p>\n\n\n\n<p>To \u015bwietna propozycja na maj\u00f3wk\u0119 2026 dla os\u00f3b, kt\u00f3re chc\u0105 po\u0142\u0105czy\u0107 relaks, kontakt z natur\u0105 i komfortowy pobyt w g\u00f3rach.<\/p>\n\n\n\n<figure class=\"wp-block-image size-full\"><a href=\"https:\/\/www.mojekonferencje.pl\/blog\/wp-content\/uploads\/2023\/01\/szczawnica-park-hotel-031-960x580-1.webp\"><img loading=\"lazy\" decoding=\"async\" width=\"960\" height=\"580\" src=\"https:\/\/www.mojekonferencje.pl\/blog\/wp-content\/uploads\/2023\/01\/szczawnica-park-hotel-031-960x580-1.webp\" alt=\"\" class=\"wp-image-9454 lazyload\" data-srcset=\"https:\/\/www.mojekonferencje.pl\/blog\/wp-content\/uploads\/2023\/01\/szczawnica-park-hotel-031-960x580-1.webp 960w, https:\/\/www.mojekonferencje.pl\/blog\/wp-content\/uploads\/2023\/01\/szczawnica-park-hotel-031-960x580-1-300x181.webp 300w, https:\/\/www.mojekonferencje.pl\/blog\/wp-content\/uploads\/2023\/01\/szczawnica-park-hotel-031-960x580-1-768x464.webp 768w\" sizes=\"auto\" \/><\/a><\/figure>\n\n\n\n<h3 class=\"wp-block-heading has-text-align-center\">Hotele na maj\u00f3wk\u0119 nad morzem <\/h3>\n\n\n\n<p>Maj\u00f3wka nad morzem to tak\u017ce fantastyczny pomys\u0142! Gofry, pi\u0119kne zachody s\u0142o\u0144ca i spokojny szum morza to tyko namiastka argument\u00f3w, dla kt\u00f3rych warto wybra\u0107 t\u0119 cz\u0119\u015b\u0107 Polski. Dodatkowym atutem jest fakt, \u017ce w maj\u00f3wk\u0119 nad morzem nie ma jeszcze a\u017c takich t\u0142um\u00f3w, jak w wysokim sezonie. B\u0119dziesz wi\u0119c m\u00f3g\u0142 swobodnie spacerowa\u0107 po pla\u017cy i odwiedza\u0107 smaczne, nadmorskie restauracje.<\/p>\n\n\n\n<p>Na wybrze\u017cu czekaj\u0105 zar\u00f3wno kameralne miejscowo\u015bci, jak i znacznie wi\u0119ksze, w kt\u00f3rych np. organizowane s\u0105 huczne imprezy i koncerty. <a href=\"https:\/\/www.mojekonferencje.pl\/obiekty-konferencyjne-nad-morzem\" type=\"link\" id=\"https:\/\/www.mojekonferencje.pl\/obiekty-konferencyjne-nad-morzem\">Weekend majowy nad morzem<\/a> jest wi\u0119c odpowiednim wyborem dla ka\u017cdego! A gdzie dok\u0142adnie warto jecha\u0107?<\/p>\n\n\n\n<h3 class=\"wp-block-heading has-text-align-center\"><a href=\"https:\/\/www.mojekonferencje.pl\/jaroslawiec\/resort-krol-plaza-spa-wellness\" type=\"link\" id=\"https:\/\/www.mojekonferencje.pl\/jaroslawiec\/resort-krol-plaza-spa-wellness\"><mark style=\"background-color:rgba(0, 0, 0, 0)\" class=\"has-inline-color has-vivid-purple-color\"><span style=\"text-decoration: underline;\">Resort Kr\u00f3l Plaza SPA &amp; Wellness<\/span><\/mark><\/a><\/h3>\n\n\n\n<p class=\"has-text-align-left\">Pierwsz\u0105 propozycj\u0105 na wyj\u0105tkowy pobyt na maj\u00f3wk\u0119 2026 jest <a href=\"https:\/\/www.mojekonferencje.pl\/jaroslawiec\/resort-krol-plaza-spa-wellness\" type=\"link\" id=\"https:\/\/www.mojekonferencje.pl\/jaroslawiec\/resort-krol-plaza-spa-wellness\">Kr\u00f3l Plaza SPA &amp; Wellness <\/a>w Jaros\u0142awcu &#8211; nowoczesny kompleks po\u0142o\u017cony tu\u017c nad Ba\u0142tykiem, kt\u00f3ry \u0142\u0105czy komfortowy wypoczynek z relaksem w nadmorskim klimacie.<\/p>\n\n\n\n<p class=\"has-text-align-left\">Resort oferuje wygodne pokoje i apartamenty, rozbudowan\u0105 stref\u0119 SPA &amp; Wellness z basenami, saunami i jacuzzi, a tak\u017ce restauracj\u0119 z tarasem i widokiem na morze oraz w\u0142asny browar. To miejsce, kt\u00f3re pozwala zar\u00f3wno odpocz\u0105\u0107, jak i aktywnie sp\u0119dzi\u0107 czas, korzystaj\u0105c z licznych atrakcji i nadmorskiej lokalizacji. <\/p>\n\n\n\n<p class=\"has-text-align-left\">Jest to <strong>idealna propozycja na maj\u00f3wk\u0119 2026<\/strong>. Warto zarezerwowa\u0107 tam pobyt!<\/p>\n\n\n\n<figure class=\"wp-block-image size-full\"><a href=\"https:\/\/www.mojekonferencje.pl\/blog\/wp-content\/uploads\/2023\/01\/p7040326-hdr-960x580-1.webp\"><img loading=\"lazy\" decoding=\"async\" width=\"960\" height=\"580\" src=\"https:\/\/www.mojekonferencje.pl\/blog\/wp-content\/uploads\/2023\/01\/p7040326-hdr-960x580-1.webp\" alt=\"\" class=\"wp-image-9455 lazyload\" data-srcset=\"https:\/\/www.mojekonferencje.pl\/blog\/wp-content\/uploads\/2023\/01\/p7040326-hdr-960x580-1.webp 960w, https:\/\/www.mojekonferencje.pl\/blog\/wp-content\/uploads\/2023\/01\/p7040326-hdr-960x580-1-300x181.webp 300w, https:\/\/www.mojekonferencje.pl\/blog\/wp-content\/uploads\/2023\/01\/p7040326-hdr-960x580-1-768x464.webp 768w\" sizes=\"auto\" \/><\/a><\/figure>\n\n\n\n<h3 class=\"wp-block-heading has-text-align-center\"><a href=\"https:\/\/www.mojekonferencje.pl\/krynica-morska\/hotel-morski-widok\"><mark style=\"background-color:rgba(0, 0, 0, 0)\" class=\"has-inline-color has-vivid-purple-color\"><span style=\"text-decoration: underline;\">Hotel Morski Widok<\/span><\/mark><\/a><\/h3>\n\n\n\n<p class=\"has-text-align-left\">Kolejnym obiektem wartym uwagi jest <a href=\"https:\/\/www.mojekonferencje.pl\/krynica-morska\/hotel-morski-widok\" type=\"link\" id=\"https:\/\/www.mojekonferencje.pl\/krynica-morska\/hotel-morski-widok\">Hotel Morski Widok<\/a>. Znajduje si\u0119 on w jednej z najpi\u0119kniejszych nadmorskich miejscowo\u015bci &#8211; Krynicy Morskiej. Hotel zachwyca po\u0142\u0105czeniem nowoczesnej architektury z marynistycznym stylem oraz wyj\u0105tkow\u0105 lokalizacj\u0105 blisko morza, dzi\u0119ki czemu oferuje go\u015bciom pi\u0119kne widoki i prawdziwie wakacyjny klimat.<\/p>\n\n\n\n<p class=\"has-text-align-left\">Na miejscu czekaj\u0105<strong> komfortowe, stylowo urz\u0105dzone pokoje i apartamenty,<\/strong> restauracja z widokiem na morze oraz bogata strefa relaksu obejmuj\u0105ca SPA, gabinety masa\u017cu, si\u0142owni\u0119 i jacuzzi na \u015bwie\u017cym powietrzu. Obiekt zapewnia tak\u017ce<strong> kameraln\u0105 sal\u0119 konferencyjn\u0105<\/strong>, co czyni go dobrym wyborem zar\u00f3wno na majowy wypoczynek, jak i wyjazdy biznesowe.<\/p>\n\n\n\n<figure class=\"wp-block-image size-full\"><a href=\"https:\/\/www.mojekonferencje.pl\/blog\/wp-content\/uploads\/2023\/01\/17189574032259-img023691ezgif-comwebptojpgconverter-960x580-1.webp\"><img loading=\"lazy\" decoding=\"async\" width=\"960\" height=\"580\" src=\"https:\/\/www.mojekonferencje.pl\/blog\/wp-content\/uploads\/2023\/01\/17189574032259-img023691ezgif-comwebptojpgconverter-960x580-1.webp\" alt=\"\" class=\"wp-image-9456 lazyload\" data-srcset=\"https:\/\/www.mojekonferencje.pl\/blog\/wp-content\/uploads\/2023\/01\/17189574032259-img023691ezgif-comwebptojpgconverter-960x580-1.webp 960w, https:\/\/www.mojekonferencje.pl\/blog\/wp-content\/uploads\/2023\/01\/17189574032259-img023691ezgif-comwebptojpgconverter-960x580-1-300x181.webp 300w, https:\/\/www.mojekonferencje.pl\/blog\/wp-content\/uploads\/2023\/01\/17189574032259-img023691ezgif-comwebptojpgconverter-960x580-1-768x464.webp 768w\" sizes=\"auto\" \/><\/a><\/figure>\n\n\n\n<h3 class=\"wp-block-heading has-text-align-center\"><a href=\"https:\/\/www.mojekonferencje.pl\/kolobrzeg\/seaside-park-kolobrzeg\" type=\"link\" id=\"https:\/\/www.mojekonferencje.pl\/kolobrzeg\/seaside-park-kolobrzeg\"><mark style=\"background-color:rgba(0, 0, 0, 0)\" class=\"has-inline-color has-vivid-purple-color\"><span style=\"text-decoration: underline;\">Seaside Park Ko\u0142obrzeg<\/span><\/mark><\/a><\/h3>\n\n\n\n<p class=\"has-text-align-left\">Po\u0142o\u017cony zaledwie 20 metr\u00f3w od pla\u017cy w Ko\u0142obrzeg, <a href=\"https:\/\/www.mojekonferencje.pl\/kolobrzeg\/seaside-park-kolobrzeg\" type=\"link\" id=\"https:\/\/www.mojekonferencje.pl\/kolobrzeg\/seaside-park-kolobrzeg\">Seaside Park Hotel<\/a> to miejsce przyjazne rodzinom, go\u015bciom biznesowym oraz osobom podr\u00f3\u017cuj\u0105cym ze zwierz\u0119tami.<\/p>\n\n\n\n<p class=\"has-text-align-left\">Na go\u015bci czekaj\u0105 <strong>komfortowe pokoje i apartamenty<\/strong>, bogata strefa Wellness &amp; Spa z basenem, saunami, kriokomor\u0105 i jacuzzi, a tak\u017ce szeroka oferta gastronomiczna \u2013 od restauracji po food trucki i pizzeri\u0119. Du\u017cym atutem jest tak\u017ce <strong>rozbudowana infrastruktura sportowa<\/strong>, w tym si\u0142ownia, wypo\u017cyczalnia rower\u00f3w i \u015bcianka wspinaczkowa.<\/p>\n\n\n\n<p class=\"has-text-align-left\">Obiekt wyr\u00f3\u017cnia si\u0119 r\u00f3wnie\u017c <strong>nowoczesnym zapleczem konferencyjnym<\/strong> &#8211; sal\u0105 STORM oraz imponuj\u0105cym ATRIUM, kt\u00f3re pozwalaj\u0105 organizowa\u0107 zar\u00f3wno kameralne spotkania, jak i du\u017ce eventy <strong>do 300 os\u00f3b<\/strong>. Dzi\u0119ki temu hotel \u015bwietnie sprawdza si\u0119 nie tylko na wypoczynek, ale tak\u017ce wyjazdy integracyjne.<\/p>\n\n\n\n<p class=\"has-text-align-left\">To doskona\u0142a propozycja na maj\u00f3wk\u0119 2026 dla os\u00f3b, kt\u00f3re chc\u0105 po\u0142\u0105czy\u0107 relaks nad Ba\u0142tykiem z aktywno\u015bci\u0105, dobr\u0105 kuchni\u0105 i komfortowym pobytem.<\/p>\n\n\n\n<figure class=\"wp-block-image size-full\"><a href=\"https:\/\/www.mojekonferencje.pl\/blog\/wp-content\/uploads\/2023\/01\/dji-0639-3-960x580-1.webp\"><img loading=\"lazy\" decoding=\"async\" width=\"960\" height=\"580\" src=\"https:\/\/www.mojekonferencje.pl\/blog\/wp-content\/uploads\/2023\/01\/dji-0639-3-960x580-1.webp\" alt=\"\" class=\"wp-image-9457 lazyload\" data-srcset=\"https:\/\/www.mojekonferencje.pl\/blog\/wp-content\/uploads\/2023\/01\/dji-0639-3-960x580-1.webp 960w, https:\/\/www.mojekonferencje.pl\/blog\/wp-content\/uploads\/2023\/01\/dji-0639-3-960x580-1-300x181.webp 300w, https:\/\/www.mojekonferencje.pl\/blog\/wp-content\/uploads\/2023\/01\/dji-0639-3-960x580-1-768x464.webp 768w\" sizes=\"auto\" \/><\/a><\/figure>\n\n\n\n<h3 class=\"wp-block-heading has-text-align-center\"><a href=\"https:\/\/www.mojekonferencje.pl\/pobierowo\/linea-mare\" type=\"link\" id=\"https:\/\/www.mojekonferencje.pl\/pobierowo\/linea-mare\"><mark style=\"background-color:rgba(0, 0, 0, 0)\" class=\"has-inline-color has-vivid-purple-color\"><span style=\"text-decoration: underline;\">Linea Mare<\/span><\/mark><\/a><\/h3>\n\n\n\n<p class=\"has-text-align-left\">Kilka krok\u00f3w od pla\u017cy w Pobierowie znajduje si\u0119 <a href=\"https:\/\/www.mojekonferencje.pl\/pobierowo\/linea-mare\" type=\"link\" id=\"https:\/\/www.mojekonferencje.pl\/pobierowo\/linea-mare\">Linea Mare<\/a> &#8211; 5-gwiazdkowy obiekt zaprojektowany z my\u015bl\u0105 o luksusowym wypoczynku nad Ba\u0142tykiem. To miejsce, kt\u00f3re zapewnia nowoczesny komfort z kameraln\u0105 atmosfer\u0105 nadmorskiego kurortu, idealne na spokojny urlop i maj\u00f3wk\u0119 2026.<\/p>\n\n\n\n<p class=\"has-text-align-left\">Go\u015bcie maj\u0105 do dyspozycji przestronne pokoje i apartamenty, eleganckie wn\u0119trza oraz bogat\u0105 infrastruktur\u0119 wypoczynkow\u0105. Na miejscu dzia\u0142a <strong>strefa SPA<\/strong> z zabiegami, baseny, sauny i jacuzzi, a tak\u017ce restauracja serwuj\u0105ca dania kuchni w\u0142oskiej oraz lobby bar sprzyjaj\u0105cy relaksowi.<\/p>\n\n\n\n<p class=\"has-text-align-left\">Obiekt oferuje r\u00f3wnie\u017c <strong>zaplecze konferencyjne<\/strong> <strong>do 140 os\u00f3b<\/strong>, dzi\u0119ki czemu sprawdza si\u0119 zar\u00f3wno na wyjazdy prywatne, jak i biznesowe. To propozycja dla os\u00f3b, kt\u00f3re chc\u0105 po\u0142\u0105czy\u0107 nadmorski relaks, wysoki standard i pe\u0142en komfort w jednym miejscu.<\/p>\n\n\n\n<figure class=\"wp-block-image size-full\"><a href=\"https:\/\/www.mojekonferencje.pl\/blog\/wp-content\/uploads\/2023\/01\/168751114783-3h7a1013qa-960x580-1.webp\"><img loading=\"lazy\" decoding=\"async\" width=\"960\" height=\"580\" src=\"https:\/\/www.mojekonferencje.pl\/blog\/wp-content\/uploads\/2023\/01\/168751114783-3h7a1013qa-960x580-1.webp\" alt=\"\" class=\"wp-image-9458 lazyload\" data-srcset=\"https:\/\/www.mojekonferencje.pl\/blog\/wp-content\/uploads\/2023\/01\/168751114783-3h7a1013qa-960x580-1.webp 960w, https:\/\/www.mojekonferencje.pl\/blog\/wp-content\/uploads\/2023\/01\/168751114783-3h7a1013qa-960x580-1-300x181.webp 300w, https:\/\/www.mojekonferencje.pl\/blog\/wp-content\/uploads\/2023\/01\/168751114783-3h7a1013qa-960x580-1-768x464.webp 768w\" sizes=\"auto\" \/><\/a><\/figure>\n\n\n\n<h3 class=\"wp-block-heading has-text-align-center\">Hotele na maj\u00f3wk\u0119 na Mazurach<\/h3>\n\n\n\n<p>A co powiesz na sp\u0119dzenie maj\u00f3wki nad jeziorem, \u017cegluj\u0105c \u0142\u00f3dk\u0105 po malowniczych mazurskich wodach. Brzmi wspaniale! <a href=\"https:\/\/www.mojekonferencje.pl\/konferencje-warminsko-mazurskie\" type=\"link\" id=\"https:\/\/www.mojekonferencje.pl\/konferencje-warminsko-mazurskie\">Maj\u00f3wka na Mazurach<\/a> to doskona\u0142y pomys\u0142 dla os\u00f3b poszukuj\u0105cych spokoju, blisko\u015bci natury i malowniczych krajobraz\u00f3w. Region tysi\u0105ca jezior zachwyca o ka\u017cdej porze roku, jednak to w\u0142a\u015bnie w maju mo\u017cna w pe\u0142ni doceni\u0107 jego urok \u2013 bez t\u0142um\u00f3w, w otoczeniu budz\u0105cej si\u0119 do \u017cycia przyrody. W tak wyj\u0105tkowej scenerii po\u0142o\u017cone s\u0105 hotele na maj\u00f3wk\u0119 na Mazurach, kt\u00f3re zapewniaj\u0105 komfortowy pobyt i dost\u0119p do licznych atrakcji. Oto kilka propozycji, kt\u00f3re warto wzi\u0105\u0107 pod uwag\u0119.<\/p>\n\n\n\n<h3 class=\"wp-block-heading has-text-align-center\"><a href=\"https:\/\/www.mojekonferencje.pl\/olsztyn\/hotel-marina-club\" type=\"link\" id=\"https:\/\/www.mojekonferencje.pl\/olsztyn\/hotel-marina-club\"><mark style=\"background-color:rgba(0, 0, 0, 0)\" class=\"has-inline-color has-vivid-purple-color\"><span style=\"text-decoration: underline;\">Hotel Marina Club<\/span><\/mark><\/a><\/h3>\n\n\n\n<p class=\"has-text-align-left\">Po\u0142o\u017cony nad jeziorem w okolicach Olsztyn, <a href=\"https:\/\/www.mojekonferencje.pl\/olsztyn\/hotel-marina-club\" type=\"link\" id=\"https:\/\/www.mojekonferencje.pl\/olsztyn\/hotel-marina-club\">Hotel Marina Club<\/a> to luksusowy obiekt w otoczeniu natury, dzia\u0142aj\u0105cy w tzw. strefie ciszy. Kameralna lokalizacja i widoki na wod\u0119 sprawiaj\u0105, \u017ce to idealne miejsce na spokojny wypoczynek z dala od miasta.<\/p>\n\n\n\n<p>Hotel oferuje oko\u0142o <strong>100 komfortowych pokoi i apartament\u00f3w <\/strong>z balkonami lub tarasami oraz widokiem na jezioro. Wn\u0119trza utrzymane s\u0105 w eleganckim, naturalnym stylu, sprzyjaj\u0105cym relaksowi. Na miejscu znajduje si\u0119 tak\u017ce <strong>rozbudowana strefa SPA<\/strong> z basenem, jacuzzi, saunami oraz masa\u017cami orientalnymi, kt\u00f3re pozwalaj\u0105 w pe\u0142ni si\u0119 zregenerowa\u0107.<\/p>\n\n\n\n<p class=\"has-text-align-left\">Dope\u0142nieniem pobytu s\u0105 <strong>restauracja Biofonda, bar Flauta Caf\u00e9 oraz sezonowa tawerna nad wod\u0105<\/strong>. Obiekt posiada r\u00f3wnie\u017c <strong>nowoczesne zaplecze konferencyjne<\/strong>, dzi\u0119ki czemu sprawdza si\u0119 zar\u00f3wno na wypoczynek, jak i wyjazdy biznesowe. To doskona\u0142a propozycja na maj\u00f3wk\u0119 2026 dla os\u00f3b szukaj\u0105cych spokoju, natury i komfortu w jednym miejscu.<\/p>\n\n\n\n<figure class=\"wp-block-image size-full\"><a href=\"https:\/\/www.mojekonferencje.pl\/blog\/wp-content\/uploads\/2023\/01\/31a-kopia-960x580-1.webp\"><img loading=\"lazy\" decoding=\"async\" width=\"960\" height=\"580\" src=\"https:\/\/www.mojekonferencje.pl\/blog\/wp-content\/uploads\/2023\/01\/31a-kopia-960x580-1.webp\" alt=\"\" class=\"wp-image-9459 lazyload\" data-srcset=\"https:\/\/www.mojekonferencje.pl\/blog\/wp-content\/uploads\/2023\/01\/31a-kopia-960x580-1.webp 960w, https:\/\/www.mojekonferencje.pl\/blog\/wp-content\/uploads\/2023\/01\/31a-kopia-960x580-1-300x181.webp 300w, https:\/\/www.mojekonferencje.pl\/blog\/wp-content\/uploads\/2023\/01\/31a-kopia-960x580-1-768x464.webp 768w\" sizes=\"auto\" \/><\/a><\/figure>\n\n\n\n<h3 class=\"wp-block-heading has-text-align-center\"><a href=\"https:\/\/www.mojekonferencje.pl\/ruciane-nida\/klub-mila-kamien\" type=\"link\" id=\"https:\/\/www.mojekonferencje.pl\/ruciane-nida\/klub-mila-kamien\"><mark style=\"background-color:rgba(0, 0, 0, 0)\" class=\"has-inline-color has-vivid-purple-color\"><span style=\"text-decoration: underline;\">Klub Mila Kamie\u0144<\/span><\/mark><\/a><\/h3>\n\n\n\n<p class=\"has-text-align-left\">Kolejny obiekt znajduje si\u0119 nad jeziorem Be\u0142dany w okolicach Ruciane-Nida\/ <a href=\"https:\/\/www.mojekonferencje.pl\/ruciane-nida\/klub-mila-kamien\" type=\"link\" id=\"https:\/\/www.mojekonferencje.pl\/ruciane-nida\/klub-mila-kamien\">Klub Mila Kamie\u0144 <\/a>to sezonowy o\u015brodek na Mazurach z bardzo bogat\u0105 ofert\u0105 aktywnego sp\u0119dzania czasu.<\/p>\n\n\n\n<p class=\"has-text-align-left\">Obiekt jest dobrze skomunikowany &#8211; znajduje si\u0119 ok. 205 km od Warszawy i niedaleko Miko\u0142ajek, co czyni go wygodnym kierunkiem na maj\u00f3wk\u0119 2026 oraz wyjazdy firmowe. Na miejscu dost\u0119pne s\u0105 domki, pokoje hotelowe, restauracje, sale konferencyjne oraz przestrzenie eventowe, w tym namiot bankietowy i du\u017cy taras z widokiem na jezioro.<\/p>\n\n\n\n<p class=\"has-text-align-left\">Du\u017cym atutem o\u015brodka jest rozbudowana strefa rekreacyjna: basen, prywatne k\u0105pielisko, jacuzzi, boiska, place zabaw, si\u0142ownia plenerowa oraz sala gier z bilardem i ping-pongiem. Na terenie dzia\u0142a tak\u017ce <strong>Ekomarina z wypo\u017cyczalni\u0105 sprz\u0119tu wodnego<\/strong> &#8211; od kajak\u00f3w i SUP-\u00f3w po \u017cagl\u00f3wki, motor\u00f3wki i skutery, a tak\u017ce w\u0142asna flota jacht\u00f3w. To miejsce szczeg\u00f3lnie cenione za swobodn\u0105 atmosfer\u0119 i ogrom mo\u017cliwo\u015bci integracyjnych \u2013 od kameralnych spotka\u0144 po du\u017ce eventy nad jeziorem.<\/p>\n\n\n\n<figure class=\"wp-block-image size-full\"><a href=\"https:\/\/www.mojekonferencje.pl\/blog\/wp-content\/uploads\/2023\/01\/mila-kamien-0237-960x580-1.webp\"><img loading=\"lazy\" decoding=\"async\" width=\"960\" height=\"580\" src=\"https:\/\/www.mojekonferencje.pl\/blog\/wp-content\/uploads\/2023\/01\/mila-kamien-0237-960x580-1.webp\" alt=\"\" class=\"wp-image-9460 lazyload\" data-srcset=\"https:\/\/www.mojekonferencje.pl\/blog\/wp-content\/uploads\/2023\/01\/mila-kamien-0237-960x580-1.webp 960w, https:\/\/www.mojekonferencje.pl\/blog\/wp-content\/uploads\/2023\/01\/mila-kamien-0237-960x580-1-300x181.webp 300w, https:\/\/www.mojekonferencje.pl\/blog\/wp-content\/uploads\/2023\/01\/mila-kamien-0237-960x580-1-768x464.webp 768w\" sizes=\"auto\" \/><\/a><\/figure>\n\n\n\n<h3 class=\"wp-block-heading has-text-align-center\"><a href=\"https:\/\/www.mojekonferencje.pl\/pisz\/jablon-lake-resort\" type=\"link\" id=\"https:\/\/www.mojekonferencje.pl\/pisz\/jablon-lake-resort\"><mark style=\"background-color:rgba(0, 0, 0, 0)\" class=\"has-inline-color has-vivid-purple-color\"><span style=\"text-decoration: underline;\">Jab\u0142o\u0144 Lake Resort<\/span><\/mark><\/a><\/h3>\n\n\n\n<p>W miejscowo\u015bci Pisz, nad jeziorem Brzozolasek, znajduje si\u0119 <a href=\"https:\/\/www.mojekonferencje.pl\/pisz\/jablon-lake-resort\" type=\"link\" id=\"https:\/\/www.mojekonferencje.pl\/pisz\/jablon-lake-resort\">Jab\u0142o\u0144 Lake Resort <\/a>&#8211; miejsce stworzone zar\u00f3wno do wypoczynku, jak i organizacji wyjazd\u00f3w firmowych czy maj\u00f3wki 2026. To spokojna, naturalna przestrze\u0144, w kt\u00f3rej \u0142atwo odci\u0105\u0107 si\u0119 od codzienno\u015bci.<\/p>\n\n\n\n<p>Go\u015bcie maj\u0105 tu do dyspozycji <strong>wygodne pokoje i domki <\/strong>w mazurskim stylu z widokiem na jezioro i las. Na miejscu s\u0105 te\u017c r\u00f3\u017cne sale konferencyjne &#8211; od mniejszych, kameralnych po wi\u0119ksze przestrzenie na eventy i bankiety.<\/p>\n\n\n\n<p>Du\u017cym atutem obiektu jest <strong>bogata oferta atrakcji<\/strong>. Jest tu pla\u017ca, pomosty, k\u0105pielisko, sauna, jacuzzi, boiska sportowe, korty tenisowe oraz sprz\u0119t wodny i rowery. Mo\u017cna te\u017c odpocz\u0105\u0107 w beach barze albo spr\u00f3bowa\u0107 regionalnej kuchni w restauracji.<\/p>\n\n\n\n<figure class=\"wp-block-image size-full\"><a href=\"https:\/\/www.mojekonferencje.pl\/blog\/wp-content\/uploads\/2023\/01\/jablon-przy-restauracji-960x580-1.webp\"><img loading=\"lazy\" decoding=\"async\" width=\"960\" height=\"580\" src=\"https:\/\/www.mojekonferencje.pl\/blog\/wp-content\/uploads\/2023\/01\/jablon-przy-restauracji-960x580-1.webp\" alt=\"\" class=\"wp-image-9461 lazyload\" data-srcset=\"https:\/\/www.mojekonferencje.pl\/blog\/wp-content\/uploads\/2023\/01\/jablon-przy-restauracji-960x580-1.webp 960w, https:\/\/www.mojekonferencje.pl\/blog\/wp-content\/uploads\/2023\/01\/jablon-przy-restauracji-960x580-1-300x181.webp 300w, https:\/\/www.mojekonferencje.pl\/blog\/wp-content\/uploads\/2023\/01\/jablon-przy-restauracji-960x580-1-768x464.webp 768w\" sizes=\"auto\" \/><\/a><\/figure>\n\n\n\n<p><strong>Maj\u00f3wka 2026<\/strong> to doskona\u0142a okazja, by na chwil\u0119 zwolni\u0107 i sp\u0119dzi\u0107 kilka dni w wyj\u0105tkowym miejscu. Niezale\u017cnie od tego, czy wyb\u00f3r padnie na g\u00f3ry, morze czy Mazury, ka\u017cdy z przedstawionych hoteli oferuje co\u015b wi\u0119cej ni\u017c tylko nocleg \u2013 to przestrze\u0144 do odpoczynku, aktywno\u015bci i wsp\u00f3lnego sp\u0119dzania czasu.<\/p>\n\n\n\n<p><strong>Je\u015bli szukasz wi\u0119cej inspiracji na udane wyjazdy, sprawd\u017a naszego bloga, gdzie regularnie pojawiaj\u0105 si\u0119 nowe zestawienia najlepszych hoteli, pomys\u0142y na urlop oraz sprawdzone kierunki na kr\u00f3tsze i d\u0142u\u017csze pobyty.<\/strong> <strong>Zapraszamy!<\/strong><\/p>\n\n\n\n<p><\/p>\n","protected":false},"excerpt":{"rendered":"<p>Chcesz sp\u0119dzi\u0107 maj\u00f3wk\u0119 w hotelu? W takim razie zacznij szuka\u0107 odpowiedniego obiektu ju\u017c dzi\u015b! Ch\u0119tnie Ci w tym pomo\u017cemy, wskazuj\u0105c na wyj\u0105tkowe hotele na weekend majowy.<\/p>\n","protected":false},"author":9,"featured_media":9465,"comment_status":"closed","ping_status":"closed","sticky":false,"template":"","format":"standard","meta":{"_acf_changed":false,"footnotes":""},"categories":[211,8,212],"tags":[368,367,677,396,675,676],"class_list":["post-3552","post","type-post","status-publish","format-standard","has-post-thumbnail","hentry","category-lifestyle","category-porady","category-travel","tag-hotel","tag-hotele","tag-hotele-na-majowke","tag-hotele-na-mazurach","tag-hotele-nad-morzem","tag-hotele-w-gorach"],"acf":[],"yoast_head":"<!-- This site is optimized with the Yoast SEO plugin v27.1.1 - https:\/\/yoast.com\/product\/yoast-seo-wordpress\/ -->\n<title>Wyj\u0105tkowe hotele na maj\u00f3wk\u0119 2026 - blog | MojeKonferencje.pl<\/title>\n<meta name=\"description\" content=\"Wyj\u0105tkowe hotele na maj\u00f3wk\u0119 2026 - blog | MojeKonferencje.pl\" \/>\n<meta name=\"robots\" content=\"index, follow, max-snippet:-1, max-image-preview:large, max-video-preview:-1\" \/>\n<link rel=\"canonical\" href=\"https:\/\/www.mojekonferencje.pl\/blog\/wyjatkowe-hotele-na-majowke\/\" \/>\n<meta property=\"og:locale\" content=\"pl_PL\" \/>\n<meta property=\"og:type\" content=\"article\" \/>\n<meta property=\"og:title\" content=\"Wyj\u0105tkowe hotele na maj\u00f3wk\u0119 2026 - blog | MojeKonferencje.pl\" \/>\n<meta property=\"og:description\" content=\"Wyj\u0105tkowe hotele na maj\u00f3wk\u0119 2026 - blog | MojeKonferencje.pl\" \/>\n<meta property=\"og:url\" content=\"https:\/\/www.mojekonferencje.pl\/blog\/wyjatkowe-hotele-na-majowke\/\" \/>\n<meta property=\"og:site_name\" content=\"MojeKonferencje.pl\" \/>\n<meta property=\"article:published_time\" content=\"2026-04-20T17:00:00+00:00\" \/>\n<meta property=\"article:modified_time\" content=\"2026-04-20T17:07:02+00:00\" \/>\n<meta property=\"og:image\" content=\"https:\/\/www.mojekonferencje.pl\/blog\/wp-content\/uploads\/2023\/01\/Fotoram.io-2026-04-17T183850.999.jpg\" \/>\n\t<meta property=\"og:image:width\" content=\"1200\" \/>\n\t<meta property=\"og:image:height\" content=\"708\" \/>\n\t<meta property=\"og:image:type\" content=\"image\/jpeg\" \/>\n<meta name=\"author\" content=\"Olga Stawicka-Iwanowska\" \/>\n<meta name=\"twitter:card\" content=\"summary_large_image\" \/>\n<meta name=\"twitter:label1\" content=\"Napisane przez\" \/>\n\t<meta name=\"twitter:data1\" content=\"Olga Stawicka-Iwanowska\" \/>\n\t<meta name=\"twitter:label2\" content=\"Szacowany czas czytania\" \/>\n\t<meta name=\"twitter:data2\" content=\"13 minut\" \/>\n<script type=\"application\/ld+json\" class=\"yoast-schema-graph\">{\"@context\":\"https:\/\/schema.org\",\"@graph\":[{\"@type\":\"Article\",\"@id\":\"https:\/\/www.mojekonferencje.pl\/blog\/wyjatkowe-hotele-na-majowke\/#article\",\"isPartOf\":{\"@id\":\"https:\/\/www.mojekonferencje.pl\/blog\/wyjatkowe-hotele-na-majowke\/\"},\"author\":{\"name\":\"Olga Stawicka-Iwanowska\",\"@id\":\"https:\/\/www.mojekonferencje.pl\/blog\/#\/schema\/person\/d6751ca3c60de9ec17ee21b744bbb2d4\"},\"headline\":\"Wyj\u0105tkowe hotele na maj\u00f3wk\u0119 2026\",\"datePublished\":\"2026-04-20T17:00:00+00:00\",\"dateModified\":\"2026-04-20T17:07:02+00:00\",\"mainEntityOfPage\":{\"@id\":\"https:\/\/www.mojekonferencje.pl\/blog\/wyjatkowe-hotele-na-majowke\/\"},\"wordCount\":2086,\"image\":{\"@id\":\"https:\/\/www.mojekonferencje.pl\/blog\/wyjatkowe-hotele-na-majowke\/#primaryimage\"},\"thumbnailUrl\":\"https:\/\/www.mojekonferencje.pl\/blog\/wp-content\/uploads\/2023\/01\/Fotoram.io-2026-04-17T183850.999.jpg\",\"keywords\":[\"hotel\",\"hotele\",\"hotele na maj\u00f3wk\u0119\",\"hotele na Mazurach\",\"hotele nad morzem\",\"hotele w g\u00f3rach\"],\"articleSection\":[\"Lifestyle\",\"Porady\",\"Travel\"],\"inLanguage\":\"pl-PL\"},{\"@type\":\"WebPage\",\"@id\":\"https:\/\/www.mojekonferencje.pl\/blog\/wyjatkowe-hotele-na-majowke\/\",\"url\":\"https:\/\/www.mojekonferencje.pl\/blog\/wyjatkowe-hotele-na-majowke\/\",\"name\":\"Wyj\u0105tkowe hotele na maj\u00f3wk\u0119 2026 - blog | MojeKonferencje.pl\",\"isPartOf\":{\"@id\":\"https:\/\/www.mojekonferencje.pl\/blog\/#website\"},\"primaryImageOfPage\":{\"@id\":\"https:\/\/www.mojekonferencje.pl\/blog\/wyjatkowe-hotele-na-majowke\/#primaryimage\"},\"image\":{\"@id\":\"https:\/\/www.mojekonferencje.pl\/blog\/wyjatkowe-hotele-na-majowke\/#primaryimage\"},\"thumbnailUrl\":\"https:\/\/www.mojekonferencje.pl\/blog\/wp-content\/uploads\/2023\/01\/Fotoram.io-2026-04-17T183850.999.jpg\",\"datePublished\":\"2026-04-20T17:00:00+00:00\",\"dateModified\":\"2026-04-20T17:07:02+00:00\",\"author\":{\"@id\":\"https:\/\/www.mojekonferencje.pl\/blog\/#\/schema\/person\/d6751ca3c60de9ec17ee21b744bbb2d4\"},\"description\":\"Wyj\u0105tkowe hotele na maj\u00f3wk\u0119 2026 - blog | MojeKonferencje.pl\",\"breadcrumb\":{\"@id\":\"https:\/\/www.mojekonferencje.pl\/blog\/wyjatkowe-hotele-na-majowke\/#breadcrumb\"},\"inLanguage\":\"pl-PL\",\"potentialAction\":[{\"@type\":\"ReadAction\",\"target\":[\"https:\/\/www.mojekonferencje.pl\/blog\/wyjatkowe-hotele-na-majowke\/\"]}]},{\"@type\":\"ImageObject\",\"inLanguage\":\"pl-PL\",\"@id\":\"https:\/\/www.mojekonferencje.pl\/blog\/wyjatkowe-hotele-na-majowke\/#primaryimage\",\"url\":\"https:\/\/www.mojekonferencje.pl\/blog\/wp-content\/uploads\/2023\/01\/Fotoram.io-2026-04-17T183850.999.jpg\",\"contentUrl\":\"https:\/\/www.mojekonferencje.pl\/blog\/wp-content\/uploads\/2023\/01\/Fotoram.io-2026-04-17T183850.999.jpg\",\"width\":1200,\"height\":708},{\"@type\":\"BreadcrumbList\",\"@id\":\"https:\/\/www.mojekonferencje.pl\/blog\/wyjatkowe-hotele-na-majowke\/#breadcrumb\",\"itemListElement\":[{\"@type\":\"ListItem\",\"position\":1,\"name\":\"Strona g\u0142\u00f3wna\",\"item\":\"https:\/\/www.mojekonferencje.pl\/blog\/\"},{\"@type\":\"ListItem\",\"position\":2,\"name\":\"Wyj\u0105tkowe hotele na maj\u00f3wk\u0119 2026\"}]},{\"@type\":\"WebSite\",\"@id\":\"https:\/\/www.mojekonferencje.pl\/blog\/#website\",\"url\":\"https:\/\/www.mojekonferencje.pl\/blog\/\",\"name\":\"MojeKonferencje.pl\",\"description\":\"Blog bran\u017cy szkoleniowo-konferencyjnej. W\u0142\u0105cz si\u0119 do dyskusji o obiektach konferencyjnych i nowo\u015bciach z bran\u017cy! Poznaj porady odno\u015bnie organizacji konferencji, szkole\u0144 i event\u00f3w firmowych! Zach\u0119camy do wyra\u017cania opinii oraz komentarzy.\",\"potentialAction\":[{\"@type\":\"SearchAction\",\"target\":{\"@type\":\"EntryPoint\",\"urlTemplate\":\"https:\/\/www.mojekonferencje.pl\/blog\/?s={search_term_string}\"},\"query-input\":{\"@type\":\"PropertyValueSpecification\",\"valueRequired\":true,\"valueName\":\"search_term_string\"}}],\"inLanguage\":\"pl-PL\"},{\"@type\":\"Person\",\"@id\":\"https:\/\/www.mojekonferencje.pl\/blog\/#\/schema\/person\/d6751ca3c60de9ec17ee21b744bbb2d4\",\"name\":\"Olga Stawicka-Iwanowska\",\"description\":\"Head of Marketing z ponad sze\u015bcioletnim do\u015bwiadczeniem w bran\u017cy MICE. Na co dzie\u0144 zajmuje si\u0119 content marketingiem i promocj\u0105 obiekt\u00f3w eventowych, tak aby organizatorzy kongres\u00f3w, targ\u00f3w i konferencji wiedzieli, \u017ce w\u0142a\u015bnie tam warto zrealizowa\u0107 swoje wydarzenie. Prowadzi media spo\u0142eczno\u015bciowe, tworzy strategie komunikacji, pisze artyku\u0142y i dba o sp\u00f3jny wizerunek marki w ka\u017cdym kanale. W swojej pracy \u0142\u0105czy analityczne my\u015blenie z kreatywno\u015bci\u0105 i dobrym copy. Wsp\u00f3\u0142pracuje zar\u00f3wno z organizatorami najwi\u0119kszych wydarze\u0144 w Polsce, jak i z regionalnymi partnerami z bran\u017cy. Po godzinach mi\u0142o\u015bniczka podr\u00f3\u017cy po Europie, dobrej kuchni i klimatycznych miejsc, w kt\u00f3rych mo\u017cna z\u0142apa\u0107 oddech.\",\"sameAs\":[\"http:\/\/MojeKonferencje.pl\",\"https:\/\/www.linkedin.com\/in\/olgastawicka\/\"],\"url\":\"https:\/\/www.mojekonferencje.pl\/blog\/author\/osawicka\/\"}]}<\/script>\n<!-- \/ Yoast SEO plugin. -->","yoast_head_json":{"title":"Wyj\u0105tkowe hotele na maj\u00f3wk\u0119 2026 - blog | MojeKonferencje.pl","description":"Wyj\u0105tkowe hotele na maj\u00f3wk\u0119 2026 - blog | MojeKonferencje.pl","robots":{"index":"index","follow":"follow","max-snippet":"max-snippet:-1","max-image-preview":"max-image-preview:large","max-video-preview":"max-video-preview:-1"},"canonical":"https:\/\/www.mojekonferencje.pl\/blog\/wyjatkowe-hotele-na-majowke\/","og_locale":"pl_PL","og_type":"article","og_title":"Wyj\u0105tkowe hotele na maj\u00f3wk\u0119 2026 - blog | MojeKonferencje.pl","og_description":"Wyj\u0105tkowe hotele na maj\u00f3wk\u0119 2026 - blog | MojeKonferencje.pl","og_url":"https:\/\/www.mojekonferencje.pl\/blog\/wyjatkowe-hotele-na-majowke\/","og_site_name":"MojeKonferencje.pl","article_published_time":"2026-04-20T17:00:00+00:00","article_modified_time":"2026-04-20T17:07:02+00:00","og_image":[{"width":1200,"height":708,"url":"https:\/\/www.mojekonferencje.pl\/blog\/wp-content\/uploads\/2023\/01\/Fotoram.io-2026-04-17T183850.999.jpg","type":"image\/jpeg"}],"author":"Olga Stawicka-Iwanowska","twitter_card":"summary_large_image","twitter_misc":{"Napisane przez":"Olga Stawicka-Iwanowska","Szacowany czas czytania":"13 minut"},"schema":{"@context":"https:\/\/schema.org","@graph":[{"@type":"Article","@id":"https:\/\/www.mojekonferencje.pl\/blog\/wyjatkowe-hotele-na-majowke\/#article","isPartOf":{"@id":"https:\/\/www.mojekonferencje.pl\/blog\/wyjatkowe-hotele-na-majowke\/"},"author":{"name":"Olga Stawicka-Iwanowska","@id":"https:\/\/www.mojekonferencje.pl\/blog\/#\/schema\/person\/d6751ca3c60de9ec17ee21b744bbb2d4"},"headline":"Wyj\u0105tkowe hotele na maj\u00f3wk\u0119 2026","datePublished":"2026-04-20T17:00:00+00:00","dateModified":"2026-04-20T17:07:02+00:00","mainEntityOfPage":{"@id":"https:\/\/www.mojekonferencje.pl\/blog\/wyjatkowe-hotele-na-majowke\/"},"wordCount":2086,"image":{"@id":"https:\/\/www.mojekonferencje.pl\/blog\/wyjatkowe-hotele-na-majowke\/#primaryimage"},"thumbnailUrl":"https:\/\/www.mojekonferencje.pl\/blog\/wp-content\/uploads\/2023\/01\/Fotoram.io-2026-04-17T183850.999.jpg","keywords":["hotel","hotele","hotele na maj\u00f3wk\u0119","hotele na Mazurach","hotele nad morzem","hotele w g\u00f3rach"],"articleSection":["Lifestyle","Porady","Travel"],"inLanguage":"pl-PL"},{"@type":"WebPage","@id":"https:\/\/www.mojekonferencje.pl\/blog\/wyjatkowe-hotele-na-majowke\/","url":"https:\/\/www.mojekonferencje.pl\/blog\/wyjatkowe-hotele-na-majowke\/","name":"Wyj\u0105tkowe hotele na maj\u00f3wk\u0119 2026 - blog | MojeKonferencje.pl","isPartOf":{"@id":"https:\/\/www.mojekonferencje.pl\/blog\/#website"},"primaryImageOfPage":{"@id":"https:\/\/www.mojekonferencje.pl\/blog\/wyjatkowe-hotele-na-majowke\/#primaryimage"},"image":{"@id":"https:\/\/www.mojekonferencje.pl\/blog\/wyjatkowe-hotele-na-majowke\/#primaryimage"},"thumbnailUrl":"https:\/\/www.mojekonferencje.pl\/blog\/wp-content\/uploads\/2023\/01\/Fotoram.io-2026-04-17T183850.999.jpg","datePublished":"2026-04-20T17:00:00+00:00","dateModified":"2026-04-20T17:07:02+00:00","author":{"@id":"https:\/\/www.mojekonferencje.pl\/blog\/#\/schema\/person\/d6751ca3c60de9ec17ee21b744bbb2d4"},"description":"Wyj\u0105tkowe hotele na maj\u00f3wk\u0119 2026 - blog | MojeKonferencje.pl","breadcrumb":{"@id":"https:\/\/www.mojekonferencje.pl\/blog\/wyjatkowe-hotele-na-majowke\/#breadcrumb"},"inLanguage":"pl-PL","potentialAction":[{"@type":"ReadAction","target":["https:\/\/www.mojekonferencje.pl\/blog\/wyjatkowe-hotele-na-majowke\/"]}]},{"@type":"ImageObject","inLanguage":"pl-PL","@id":"https:\/\/www.mojekonferencje.pl\/blog\/wyjatkowe-hotele-na-majowke\/#primaryimage","url":"https:\/\/www.mojekonferencje.pl\/blog\/wp-content\/uploads\/2023\/01\/Fotoram.io-2026-04-17T183850.999.jpg","contentUrl":"https:\/\/www.mojekonferencje.pl\/blog\/wp-content\/uploads\/2023\/01\/Fotoram.io-2026-04-17T183850.999.jpg","width":1200,"height":708},{"@type":"BreadcrumbList","@id":"https:\/\/www.mojekonferencje.pl\/blog\/wyjatkowe-hotele-na-majowke\/#breadcrumb","itemListElement":[{"@type":"ListItem","position":1,"name":"Strona g\u0142\u00f3wna","item":"https:\/\/www.mojekonferencje.pl\/blog\/"},{"@type":"ListItem","position":2,"name":"Wyj\u0105tkowe hotele na maj\u00f3wk\u0119 2026"}]},{"@type":"WebSite","@id":"https:\/\/www.mojekonferencje.pl\/blog\/#website","url":"https:\/\/www.mojekonferencje.pl\/blog\/","name":"MojeKonferencje.pl","description":"Blog bran\u017cy szkoleniowo-konferencyjnej. W\u0142\u0105cz si\u0119 do dyskusji o obiektach konferencyjnych i nowo\u015bciach z bran\u017cy! Poznaj porady odno\u015bnie organizacji konferencji, szkole\u0144 i event\u00f3w firmowych! Zach\u0119camy do wyra\u017cania opinii oraz komentarzy.","potentialAction":[{"@type":"SearchAction","target":{"@type":"EntryPoint","urlTemplate":"https:\/\/www.mojekonferencje.pl\/blog\/?s={search_term_string}"},"query-input":{"@type":"PropertyValueSpecification","valueRequired":true,"valueName":"search_term_string"}}],"inLanguage":"pl-PL"},{"@type":"Person","@id":"https:\/\/www.mojekonferencje.pl\/blog\/#\/schema\/person\/d6751ca3c60de9ec17ee21b744bbb2d4","name":"Olga Stawicka-Iwanowska","description":"Head of Marketing z ponad sze\u015bcioletnim do\u015bwiadczeniem w bran\u017cy MICE. Na co dzie\u0144 zajmuje si\u0119 content marketingiem i promocj\u0105 obiekt\u00f3w eventowych, tak aby organizatorzy kongres\u00f3w, targ\u00f3w i konferencji wiedzieli, \u017ce w\u0142a\u015bnie tam warto zrealizowa\u0107 swoje wydarzenie. Prowadzi media spo\u0142eczno\u015bciowe, tworzy strategie komunikacji, pisze artyku\u0142y i dba o sp\u00f3jny wizerunek marki w ka\u017cdym kanale. W swojej pracy \u0142\u0105czy analityczne my\u015blenie z kreatywno\u015bci\u0105 i dobrym copy. Wsp\u00f3\u0142pracuje zar\u00f3wno z organizatorami najwi\u0119kszych wydarze\u0144 w Polsce, jak i z regionalnymi partnerami z bran\u017cy. Po godzinach mi\u0142o\u015bniczka podr\u00f3\u017cy po Europie, dobrej kuchni i klimatycznych miejsc, w kt\u00f3rych mo\u017cna z\u0142apa\u0107 oddech.","sameAs":["http:\/\/MojeKonferencje.pl","https:\/\/www.linkedin.com\/in\/olgastawicka\/"],"url":"https:\/\/www.mojekonferencje.pl\/blog\/author\/osawicka\/"}]}},"_links":{"self":[{"href":"https:\/\/www.mojekonferencje.pl\/blog\/wp-json\/wp\/v2\/posts\/3552","targetHints":{"allow":["GET"]}}],"collection":[{"href":"https:\/\/www.mojekonferencje.pl\/blog\/wp-json\/wp\/v2\/posts"}],"about":[{"href":"https:\/\/www.mojekonferencje.pl\/blog\/wp-json\/wp\/v2\/types\/post"}],"author":[{"embeddable":true,"href":"https:\/\/www.mojekonferencje.pl\/blog\/wp-json\/wp\/v2\/users\/9"}],"replies":[{"embeddable":true,"href":"https:\/\/www.mojekonferencje.pl\/blog\/wp-json\/wp\/v2\/comments?post=3552"}],"version-history":[{"count":6,"href":"https:\/\/www.mojekonferencje.pl\/blog\/wp-json\/wp\/v2\/posts\/3552\/revisions"}],"predecessor-version":[{"id":9469,"href":"https:\/\/www.mojekonferencje.pl\/blog\/wp-json\/wp\/v2\/posts\/3552\/revisions\/9469"}],"wp:featuredmedia":[{"embeddable":true,"href":"https:\/\/www.mojekonferencje.pl\/blog\/wp-json\/wp\/v2\/media\/9465"}],"wp:attachment":[{"href":"https:\/\/www.mojekonferencje.pl\/blog\/wp-json\/wp\/v2\/media?parent=3552"}],"wp:term":[{"taxonomy":"category","embeddable":true,"href":"https:\/\/www.mojekonferencje.pl\/blog\/wp-json\/wp\/v2\/categories?post=3552"},{"taxonomy":"post_tag","embeddable":true,"href":"https:\/\/www.mojekonferencje.pl\/blog\/wp-json\/wp\/v2\/tags?post=3552"}],"curies":[{"name":"wp","href":"https:\/\/api.w.org\/{rel}","templated":true}]}}