{"id":3617,"date":"2023-02-23T22:44:00","date_gmt":"2023-02-23T20:44:00","guid":{"rendered":"https:\/\/www.mojekonferencje.pl\/blog\/?p=3617"},"modified":"2024-05-07T11:49:35","modified_gmt":"2024-05-07T09:49:35","slug":"wielkanoc-nad-morzem-2024","status":"publish","type":"post","link":"https:\/\/www.mojekonferencje.pl\/blog\/wielkanoc-nad-morzem-2024\/","title":{"rendered":"Wielkanoc nad morzem 2024"},"content":{"rendered":"\n<p><strong>Je\u015bli jeste\u015b sta\u0142ym czytelnikiem naszego bloga, to z pewno\u015bci\u0105 wiesz ju\u017c, \u017ce <a href=\"https:\/\/www.mojekonferencje.pl\/blog\/wielkanoc-w-hotelu\/\">Wielkanoc w hotelu<\/a> z roku na rok cieszy si\u0119 wi\u0119ksz\u0105 popularno\u015bci\u0105. Rodziny decyduj\u0105 si\u0119 bowiem sp\u0119dzi\u0107 ten czas w zupe\u0142nie inny spos\u00f3b ni\u017c zwykle. Celebrowanie Wielkanocy w hotelu to doskona\u0142y wyb\u00f3r dla tych, kt\u00f3rzy chc\u0105 w jako\u015bciowy spos\u00f3b sp\u0119dzi\u0107 czas z najbli\u017cszymi, oddaj\u0105c si\u0119 przy tym skutecznemu relaksowi. <\/strong><\/p>\n\n\n\n<p>Odpowiednie <strong>hotele na Wielkanoc<\/strong> znajdziesz w r\u00f3\u017cnych cz\u0119\u015bciach Polski, m.in. w\u0142a\u015bnie nad morzem. Wyb\u00f3r najlepszego obiektu to jednak nie lada wyzwanie ze wzgl\u0119du na wielo\u015b\u0107 znajduj\u0105cych si\u0119 tam atrakcyjnych hoteli i restauracji. Pragniemy wi\u0119c u\u0142atwi\u0107 Ci to zadanie, wskazuj\u0105c na <strong>wyj\u0105tkowe hotele nad morzem<\/strong>. Przeczytaj ten artyku\u0142 i poznaj <a href=\"https:\/\/www.mojekonferencje.pl\/sale-konferencyjne-sopot\">hotele w Sopocie<\/a>,<a href=\"https:\/\/www.mojekonferencje.pl\/sale-konferencyjne-gdansk\"> hotele w Gda\u0144sku<\/a>, <a href=\"https:\/\/www.mojekonferencje.pl\/sale-konferencyjne-kolobrzeg\">hotele w Ko\u0142obrzegu<\/a> i <a href=\"https:\/\/www.mojekonferencje.pl\/sale-konferencyjne-miedzyzdroje\">hotele w Mi\u0119dzyzdrojach<\/a>, kt\u00f3re doskonale sprawdz\u0105 si\u0119 jako t\u0142o wielkanocnych wyjazd\u00f3w.<\/p>\n\n\n\n<figure class=\"wp-block-image size-large\"><img loading=\"lazy\" decoding=\"async\" width=\"1024\" height=\"683\" src=\"https:\/\/www.mojekonferencje.pl\/blog\/wp-content\/uploads\/2023\/02\/photo-1521886655570-97530ff9454b-1024x683.png\" alt=\"\" class=\"wp-image-3619 lazyload\" data-srcset=\"https:\/\/www.mojekonferencje.pl\/blog\/wp-content\/uploads\/2023\/02\/photo-1521886655570-97530ff9454b-1024x683.png 1024w, https:\/\/www.mojekonferencje.pl\/blog\/wp-content\/uploads\/2023\/02\/photo-1521886655570-97530ff9454b-300x200.png 300w, https:\/\/www.mojekonferencje.pl\/blog\/wp-content\/uploads\/2023\/02\/photo-1521886655570-97530ff9454b-768x512.png 768w, https:\/\/www.mojekonferencje.pl\/blog\/wp-content\/uploads\/2023\/02\/photo-1521886655570-97530ff9454b.png 1170w\" sizes=\"auto\" \/><\/figure>\n\n\n\n<h2 class=\"has-text-align-center wp-block-heading\">Wielkanoc w Sopocie<\/h2>\n\n\n\n<p><br>Cz\u0119\u015b\u0107 turyst\u00f3w, klient\u00f3w biznesowych i rodzin twierdzi, \u017ce najbardziej eleganckie i komfortowe s\u0105 <strong>hotele w Tr\u00f3jmie\u015bcie<\/strong>. Przepi\u0119kne zachody s\u0142o\u0144ca, szum morza i piaszczysta pla\u017ca stanowi\u0105 wspania\u0142e okoliczno\u015bci do mi\u0142ego sp\u0119dzenia czasu. Je\u015bli marzy Ci si\u0119 <strong>Wielkanoc w Sopocie<\/strong>, to koniecznie zosta\u0144 z nami! Za chwil\u0119 poznasz dwa <strong>hotele w centrum Sopotu<\/strong>, w kt\u00f3rych ka\u017cdy znajdzie co\u015b dla siebie. <\/p>\n\n\n\n<p>Pierwszym z nich jest <a href=\"https:\/\/www.mojekonferencje.pl\/sopot\/sopot-marriott-resort-spa\">Sopot Marriott Resort &amp; Spa<\/a>. To 4-gwiazdkowy obiekt po\u0142o\u017cony zaraz obok pi\u0119knej, piaszczystej pla\u017cy. Hotel ten do dyspozycji go\u015bci oddaje zar\u00f3wno eleganckie miejsca noclegowe, jak i dwie \u015bwietne restauracje oraz nowoczesne Centrum Spa. Sopot Marriott Resort &amp; Spa to miejsce, w kt\u00f3rych zdecydowanie nie spos\u00f3b si\u0119 nudzi\u0107. Drug\u0105 propozycj\u0105, je\u015bli chodzi o <strong>hotele w Sopocie<\/strong>, jest <a href=\"https:\/\/www.mojekonferencje.pl\/sopot\/sofitel-grand-sopot\">Sofitel Grand Sopot<\/a>. To najbardziej rozpoznawany punkt Tr\u00f3jmiasta, kt\u00f3ry wyr\u00f3\u017cnia si\u0119 stylowymi wn\u0119trzami, serdeczn\u0105 atmosfer\u0105 oraz profesjonalizmem. W jego ofercie znajdziesz wszystko to, co potrzebne jest do komfortowego pobytu.<\/p>\n\n\n\n<figure class=\"wp-block-image size-large\"><img loading=\"lazy\" decoding=\"async\" width=\"1024\" height=\"683\" src=\"https:\/\/www.mojekonferencje.pl\/blog\/wp-content\/uploads\/2023\/02\/photo-1522336849566-02cbb8bffc4c-1024x683.png\" alt=\"\" class=\"wp-image-3620 lazyload\" data-srcset=\"https:\/\/www.mojekonferencje.pl\/blog\/wp-content\/uploads\/2023\/02\/photo-1522336849566-02cbb8bffc4c-1024x683.png 1024w, https:\/\/www.mojekonferencje.pl\/blog\/wp-content\/uploads\/2023\/02\/photo-1522336849566-02cbb8bffc4c-300x200.png 300w, https:\/\/www.mojekonferencje.pl\/blog\/wp-content\/uploads\/2023\/02\/photo-1522336849566-02cbb8bffc4c-768x512.png 768w, https:\/\/www.mojekonferencje.pl\/blog\/wp-content\/uploads\/2023\/02\/photo-1522336849566-02cbb8bffc4c.png 1171w\" sizes=\"auto\" \/><\/figure>\n\n\n\n<h2 class=\"has-text-align-center wp-block-heading\">Wielkanoc w Gda\u0144sku<\/h2>\n\n\n\n<p><br><strong>Wielkanoc nad morzem <\/strong>mo\u017cna te\u017c sp\u0119dzi\u0107 w Gda\u0144sku. Po \u015bwi\u0105tecznym \u015bniadaniu zdecydowanie warto uda\u0107 si\u0119 tam na spacer po pi\u0119knym rynku czy wzd\u0142u\u017c Mot\u0142awy. Hotele po\u0142o\u017cone w tym mie\u015bcie \u015bwiadcz\u0105 kompleksowe us\u0142ugi, stwarzaj\u0105c odpowiednie warunki do zbudowania pi\u0119knych, rodzinnych wspomnie\u0144. Twojej uwadze polecamy nowoczesny <a href=\"https:\/\/www.mojekonferencje.pl\/gdansk\/scandic-gdansk\">Scandic Gda\u0144sk<\/a>, zlokalizowany naprzeciwko Dworca G\u0142\u00f3wnego. W\u015br\u00f3d jego atut\u00f3w mo\u017cna wymieni\u0107 jednak nie tylko korzystn\u0105 lokalizacj\u0119! R\u00f3wnie atrakcyjne jest zaplecze noclegowe tego hotelu oraz wspania\u0142e kulinaria zachwycaj\u0105ce nawet najwi\u0119kszych smakoszy. Dodatkowo na terenie hotelu mie\u015bci si\u0119 te\u017c fitness center, w kt\u00f3rym mo\u017cna spali\u0107 troch\u0119 \u015bwi\u0105tecznych kalorii. <\/p>\n\n\n\n<p>Kolejny <strong>hotel w Gda\u0144sku<\/strong>, obok kt\u00f3rego trudno jest przej\u015b\u0107 oboj\u0119tnie, to <a href=\"https:\/\/www.mojekonferencje.pl\/gdansk\/radisson-hotel-suites-gdansk\">Radisson Hotel &amp; Suites Gda\u0144sk<\/a>. Le\u017cy on na Wyspie Spichrz\u00f3w, zachwycaj\u0105c zar\u00f3wno z zewn\u0105trz, jak i w \u015brodku. Go\u015bcie ceni\u0105 ten obiekt za nowoczesne rozwi\u0105zania, profesjonaln\u0105 obs\u0142ug\u0119 oraz wyj\u0105tkowy klimat, kt\u00f3ry odczuwa si\u0119 ju\u017c od pierwszych chwil w hotelu.<\/p>\n\n\n\n<figure class=\"wp-block-image size-large\"><img loading=\"lazy\" decoding=\"async\" width=\"1024\" height=\"683\" src=\"https:\/\/www.mojekonferencje.pl\/blog\/wp-content\/uploads\/2023\/02\/photo-1584725146958-330b5a65d0a2-1024x683.png\" alt=\"\" class=\"wp-image-3621 lazyload\" data-srcset=\"https:\/\/www.mojekonferencje.pl\/blog\/wp-content\/uploads\/2023\/02\/photo-1584725146958-330b5a65d0a2-1024x683.png 1024w, https:\/\/www.mojekonferencje.pl\/blog\/wp-content\/uploads\/2023\/02\/photo-1584725146958-330b5a65d0a2-300x200.png 300w, https:\/\/www.mojekonferencje.pl\/blog\/wp-content\/uploads\/2023\/02\/photo-1584725146958-330b5a65d0a2-768x512.png 768w, https:\/\/www.mojekonferencje.pl\/blog\/wp-content\/uploads\/2023\/02\/photo-1584725146958-330b5a65d0a2.png 1170w\" sizes=\"auto\" \/><\/figure>\n\n\n\n<h2 class=\"has-text-align-center wp-block-heading\">Wielkanoc w Ko\u0142obrzegu<\/h2>\n\n\n\n<p><br>Ko\u0142obrzeg jest zdecydowanie bardziej kameraln\u0105 miejscowo\u015bci\u0105 ni\u017c te wcze\u015bniej wymienione. To zatem idealna propozycja dla rodzin ceni\u0105cych cisz\u0119 i spok\u00f3j, a przy tym niezmiennie zachwycaj\u0105ce krajobrazy. <strong>Hotele w Ko\u0142obrzegu <\/strong>bardzo cz\u0119sto stanowi\u0105 t\u0142o rodzinnych, turystycznych czy biznesowych wyjazd\u00f3w. Pi\u0119kne <strong>hotele nad morzem<\/strong> po\u0142o\u017cone w Ko\u0142obrzegu reprezentuje<a href=\"https:\/\/www.mojekonferencje.pl\/kolobrzeg\/diva-spa\"> Diva Spa<\/a>. Wystarczy zaledwie kilkana\u015bcie minut spaceru, aby z obiektu dosta\u0107 si\u0119 na szerok\u0105, zadban\u0105 pla\u017c\u0119. Obiekt mie\u015bci si\u0119 w\u015br\u00f3d malowniczej zieleni strefy uzdrowiskowej, gwarantuj\u0105c wspania\u0142e okoliczno\u015bci zar\u00f3wno do d\u0142ugich spacer\u00f3w i rozm\u00f3w, jak i aktywnego sp\u0119dzania czasu. <\/p>\n\n\n\n<p>Kolejny <strong>hotel w Ko\u0142obrzegu<\/strong>, kt\u00f3ry szczeg\u00f3lnie utkwi\u0142 w naszej pami\u0119ci, to <a href=\"https:\/\/www.mojekonferencje.pl\/kolobrzeg\/hotel-aquarius-spa\">Hotel AQUARIUS SPA<\/a>. Od pla\u017cy dzieli go zaledwie 280 m. To <strong>5-gwiazdkowy hotel nad morzem<\/strong>, kt\u00f3rego oferta zosta\u0142a dopracowana w najmniejszym detalu. <strong>Wielkanocny pobyt<\/strong> w jego wn\u0119trzach z pewno\u015bci\u0105 b\u0119dzie si\u0119 r\u00f3wna\u0142 z wysok\u0105 jako\u015bci\u0105 obs\u0142ugi i zadowoleniem wszystkich cz\u0142onk\u00f3w rodziny.<\/p>\n\n\n\n<figure class=\"wp-block-image size-large\"><img loading=\"lazy\" decoding=\"async\" width=\"843\" height=\"580\" src=\"https:\/\/www.mojekonferencje.pl\/blog\/wp-content\/uploads\/2023\/02\/photo-1587303800441-5ed68beb9772.png\" alt=\"\" class=\"wp-image-3622 lazyload\" data-srcset=\"https:\/\/www.mojekonferencje.pl\/blog\/wp-content\/uploads\/2023\/02\/photo-1587303800441-5ed68beb9772.png 843w, https:\/\/www.mojekonferencje.pl\/blog\/wp-content\/uploads\/2023\/02\/photo-1587303800441-5ed68beb9772-300x206.png 300w, https:\/\/www.mojekonferencje.pl\/blog\/wp-content\/uploads\/2023\/02\/photo-1587303800441-5ed68beb9772-768x528.png 768w\" sizes=\"auto\" \/><\/figure>\n\n\n\n<h2 class=\"has-text-align-center wp-block-heading\">Wielkanoc w Mi\u0119dzyzdrojach<\/h2>\n\n\n\n<p><br>Mia\u0142e\u015b kiedy\u015b okazj\u0119 odwiedzi\u0107 <strong>hotele w Mi\u0119dzyzdrojach<\/strong>? Je\u015bli jeszcze nie, to koniecznie musisz to nadrobi\u0107! Wielkanoc jest do tego zdecydowanie dobr\u0105 okazj\u0105. Pi\u0119kne krajobrazy w doskona\u0142ych proporcjach przeplataj\u0105 si\u0119 tam ze stylow\u0105 architektur\u0105 i wyj\u0105tkowym klimatem. Dodatkowo Mi\u0119dzyzdroje zapewniaj\u0105 niemal niesko\u0144czone mo\u017cliwo\u015bci w zakresie sp\u0119dzania wolnego czasu. Pewnie jednak zastanawiasz si\u0119, kt\u00f3re <strong>hotele na Wielkanoc w Mi\u0119dzyzdrojach <\/strong>warto jest wzi\u0105\u0107 pod uwag\u0119. <\/p>\n\n\n\n<p>Polecamy <a href=\"https:\/\/www.mojekonferencje.pl\/miedzyzdroje\/bel-mare-resort\">Bel Mare i Aqua Resort <\/a>po\u0142o\u017cony w samym centrum miasta. Jego korzystna lokalizacja i nowoczesne wn\u0119trza w po\u0142\u0105czeniu z kompleksow\u0105 ofert\u0105 stwarzaj\u0105 \u015bwietne warunku dla rodzinnych wyjazd\u00f3w. W obiekcie czeka te\u017c wiele atrakcji da najm\u0142odszych, co stanowi dodatkowy atut. R\u00f3wnie atrakcyjnym obiektem jest <a href=\"https:\/\/www.mojekonferencje.pl\/miedzyzdroje\/rewita-miedzyzdroje\">Rewita Mi\u0119dzyzdroje<\/a>, czyli elegancki kompleks zlokalizowany niedaleko Woli\u0144skiego Parku Narodowego. Jest to bardzo przyjemne i komfortowe miejsce, w kt\u00f3rym mo\u017cna skorzysta\u0107 m.in. z bogatej bazy fizjoterapeutycznej i z zaplecza odnowy biologicznej.<\/p>\n\n\n\n<figure class=\"wp-block-image size-large\"><img loading=\"lazy\" decoding=\"async\" width=\"1024\" height=\"681\" src=\"https:\/\/www.mojekonferencje.pl\/blog\/wp-content\/uploads\/2023\/02\/photo-1587303994219-c2e3a921dbdb-1024x681.png\" alt=\"\" class=\"wp-image-3623 lazyload\" data-srcset=\"https:\/\/www.mojekonferencje.pl\/blog\/wp-content\/uploads\/2023\/02\/photo-1587303994219-c2e3a921dbdb-1024x681.png 1024w, https:\/\/www.mojekonferencje.pl\/blog\/wp-content\/uploads\/2023\/02\/photo-1587303994219-c2e3a921dbdb-300x199.png 300w, https:\/\/www.mojekonferencje.pl\/blog\/wp-content\/uploads\/2023\/02\/photo-1587303994219-c2e3a921dbdb-768x511.png 768w, https:\/\/www.mojekonferencje.pl\/blog\/wp-content\/uploads\/2023\/02\/photo-1587303994219-c2e3a921dbdb.png 1173w\" sizes=\"auto\" \/><\/figure>\n","protected":false},"excerpt":{"rendered":"<p>Sp\u0119d\u017a Wielkanoc nad morzem delektuj\u0105c si\u0119 \u015bwie\u017cym powietrzem i pi\u0119knymi zachodami s\u0142o\u0144ca. \u015awi\u0119ta sp\u0119dzone w takich okoliczno\u015bciach zapami\u0119tasz na d\u0142ugie lata!<\/p>\n","protected":false},"author":9,"featured_media":3618,"comment_status":"closed","ping_status":"closed","sticky":false,"template":"","format":"standard","meta":{"_acf_changed":false,"footnotes":""},"categories":[211,8,212],"tags":[368,367,37,247],"class_list":["post-3617","post","type-post","status-publish","format-standard","has-post-thumbnail","hentry","category-lifestyle","category-porady","category-travel","tag-hotel","tag-hotele","tag-morze-baltyckie","tag-promocjahotelu"],"acf":[],"yoast_head":"<!-- This site is optimized with the Yoast SEO plugin v27.1.1 - https:\/\/yoast.com\/product\/yoast-seo-wordpress\/ -->\n<title>Wielkanoc nad morzem 2024 - blog | MojeKonferencje.pl<\/title>\n<meta name=\"description\" content=\"Wielkanoc nad morzem 2024 - blog | MojeKonferencje.pl\" \/>\n<meta name=\"robots\" content=\"index, follow, max-snippet:-1, max-image-preview:large, max-video-preview:-1\" \/>\n<link rel=\"canonical\" href=\"https:\/\/www.mojekonferencje.pl\/blog\/wielkanoc-nad-morzem-2024\/\" \/>\n<meta property=\"og:locale\" content=\"pl_PL\" \/>\n<meta property=\"og:type\" content=\"article\" \/>\n<meta property=\"og:title\" content=\"Wielkanoc nad morzem 2024 - blog | MojeKonferencje.pl\" \/>\n<meta property=\"og:description\" content=\"Wielkanoc nad morzem 2024 - blog | MojeKonferencje.pl\" \/>\n<meta property=\"og:url\" content=\"https:\/\/www.mojekonferencje.pl\/blog\/wielkanoc-nad-morzem-2024\/\" \/>\n<meta property=\"og:site_name\" content=\"MojeKonferencje.pl\" \/>\n<meta property=\"article:published_time\" content=\"2023-02-23T20:44:00+00:00\" \/>\n<meta property=\"article:modified_time\" content=\"2024-05-07T09:49:35+00:00\" \/>\n<meta property=\"og:image\" content=\"https:\/\/www.mojekonferencje.pl\/blog\/wp-content\/uploads\/2023\/02\/photo-1617708368521-ef0d19c12982.png\" \/>\n\t<meta property=\"og:image:width\" content=\"1172\" \/>\n\t<meta property=\"og:image:height\" content=\"780\" \/>\n\t<meta property=\"og:image:type\" content=\"image\/png\" \/>\n<meta name=\"author\" content=\"Olga Stawicka-Iwanowska\" \/>\n<meta name=\"twitter:card\" content=\"summary_large_image\" \/>\n<meta name=\"twitter:label1\" content=\"Napisane przez\" \/>\n\t<meta name=\"twitter:data1\" content=\"Olga Stawicka-Iwanowska\" \/>\n\t<meta name=\"twitter:label2\" content=\"Szacowany czas czytania\" \/>\n\t<meta name=\"twitter:data2\" content=\"6 minut\" \/>\n<script type=\"application\/ld+json\" class=\"yoast-schema-graph\">{\"@context\":\"https:\/\/schema.org\",\"@graph\":[{\"@type\":\"Article\",\"@id\":\"https:\/\/www.mojekonferencje.pl\/blog\/wielkanoc-nad-morzem-2024\/#article\",\"isPartOf\":{\"@id\":\"https:\/\/www.mojekonferencje.pl\/blog\/wielkanoc-nad-morzem-2024\/\"},\"author\":{\"name\":\"Olga Stawicka-Iwanowska\",\"@id\":\"https:\/\/www.mojekonferencje.pl\/blog\/#\/schema\/person\/d6751ca3c60de9ec17ee21b744bbb2d4\"},\"headline\":\"Wielkanoc nad morzem 2024\",\"datePublished\":\"2023-02-23T20:44:00+00:00\",\"dateModified\":\"2024-05-07T09:49:35+00:00\",\"mainEntityOfPage\":{\"@id\":\"https:\/\/www.mojekonferencje.pl\/blog\/wielkanoc-nad-morzem-2024\/\"},\"wordCount\":876,\"image\":{\"@id\":\"https:\/\/www.mojekonferencje.pl\/blog\/wielkanoc-nad-morzem-2024\/#primaryimage\"},\"thumbnailUrl\":\"https:\/\/www.mojekonferencje.pl\/blog\/wp-content\/uploads\/2023\/02\/photo-1617708368521-ef0d19c12982.png\",\"keywords\":[\"hotel\",\"hotele\",\"morze ba\u0142tyckie\",\"promocjahotelu\"],\"articleSection\":[\"Lifestyle\",\"Porady\",\"Travel\"],\"inLanguage\":\"pl-PL\"},{\"@type\":\"WebPage\",\"@id\":\"https:\/\/www.mojekonferencje.pl\/blog\/wielkanoc-nad-morzem-2024\/\",\"url\":\"https:\/\/www.mojekonferencje.pl\/blog\/wielkanoc-nad-morzem-2024\/\",\"name\":\"Wielkanoc nad morzem 2024 - blog | MojeKonferencje.pl\",\"isPartOf\":{\"@id\":\"https:\/\/www.mojekonferencje.pl\/blog\/#website\"},\"primaryImageOfPage\":{\"@id\":\"https:\/\/www.mojekonferencje.pl\/blog\/wielkanoc-nad-morzem-2024\/#primaryimage\"},\"image\":{\"@id\":\"https:\/\/www.mojekonferencje.pl\/blog\/wielkanoc-nad-morzem-2024\/#primaryimage\"},\"thumbnailUrl\":\"https:\/\/www.mojekonferencje.pl\/blog\/wp-content\/uploads\/2023\/02\/photo-1617708368521-ef0d19c12982.png\",\"datePublished\":\"2023-02-23T20:44:00+00:00\",\"dateModified\":\"2024-05-07T09:49:35+00:00\",\"author\":{\"@id\":\"https:\/\/www.mojekonferencje.pl\/blog\/#\/schema\/person\/d6751ca3c60de9ec17ee21b744bbb2d4\"},\"description\":\"Wielkanoc nad morzem 2024 - blog | MojeKonferencje.pl\",\"breadcrumb\":{\"@id\":\"https:\/\/www.mojekonferencje.pl\/blog\/wielkanoc-nad-morzem-2024\/#breadcrumb\"},\"inLanguage\":\"pl-PL\",\"potentialAction\":[{\"@type\":\"ReadAction\",\"target\":[\"https:\/\/www.mojekonferencje.pl\/blog\/wielkanoc-nad-morzem-2024\/\"]}]},{\"@type\":\"ImageObject\",\"inLanguage\":\"pl-PL\",\"@id\":\"https:\/\/www.mojekonferencje.pl\/blog\/wielkanoc-nad-morzem-2024\/#primaryimage\",\"url\":\"https:\/\/www.mojekonferencje.pl\/blog\/wp-content\/uploads\/2023\/02\/photo-1617708368521-ef0d19c12982.png\",\"contentUrl\":\"https:\/\/www.mojekonferencje.pl\/blog\/wp-content\/uploads\/2023\/02\/photo-1617708368521-ef0d19c12982.png\",\"width\":1172,\"height\":780},{\"@type\":\"BreadcrumbList\",\"@id\":\"https:\/\/www.mojekonferencje.pl\/blog\/wielkanoc-nad-morzem-2024\/#breadcrumb\",\"itemListElement\":[{\"@type\":\"ListItem\",\"position\":1,\"name\":\"Strona g\u0142\u00f3wna\",\"item\":\"https:\/\/www.mojekonferencje.pl\/blog\/\"},{\"@type\":\"ListItem\",\"position\":2,\"name\":\"Wielkanoc nad morzem 2024\"}]},{\"@type\":\"WebSite\",\"@id\":\"https:\/\/www.mojekonferencje.pl\/blog\/#website\",\"url\":\"https:\/\/www.mojekonferencje.pl\/blog\/\",\"name\":\"MojeKonferencje.pl\",\"description\":\"Blog bran\u017cy szkoleniowo-konferencyjnej. W\u0142\u0105cz si\u0119 do dyskusji o obiektach konferencyjnych i nowo\u015bciach z bran\u017cy! Poznaj porady odno\u015bnie organizacji konferencji, szkole\u0144 i event\u00f3w firmowych! Zach\u0119camy do wyra\u017cania opinii oraz komentarzy.\",\"potentialAction\":[{\"@type\":\"SearchAction\",\"target\":{\"@type\":\"EntryPoint\",\"urlTemplate\":\"https:\/\/www.mojekonferencje.pl\/blog\/?s={search_term_string}\"},\"query-input\":{\"@type\":\"PropertyValueSpecification\",\"valueRequired\":true,\"valueName\":\"search_term_string\"}}],\"inLanguage\":\"pl-PL\"},{\"@type\":\"Person\",\"@id\":\"https:\/\/www.mojekonferencje.pl\/blog\/#\/schema\/person\/d6751ca3c60de9ec17ee21b744bbb2d4\",\"name\":\"Olga Stawicka-Iwanowska\",\"description\":\"Head of Marketing z ponad sze\u015bcioletnim do\u015bwiadczeniem w bran\u017cy MICE. Na co dzie\u0144 zajmuje si\u0119 content marketingiem i promocj\u0105 obiekt\u00f3w eventowych, tak aby organizatorzy kongres\u00f3w, targ\u00f3w i konferencji wiedzieli, \u017ce w\u0142a\u015bnie tam warto zrealizowa\u0107 swoje wydarzenie. Prowadzi media spo\u0142eczno\u015bciowe, tworzy strategie komunikacji, pisze artyku\u0142y i dba o sp\u00f3jny wizerunek marki w ka\u017cdym kanale. W swojej pracy \u0142\u0105czy analityczne my\u015blenie z kreatywno\u015bci\u0105 i dobrym copy. Wsp\u00f3\u0142pracuje zar\u00f3wno z organizatorami najwi\u0119kszych wydarze\u0144 w Polsce, jak i z regionalnymi partnerami z bran\u017cy. Po godzinach mi\u0142o\u015bniczka podr\u00f3\u017cy po Europie, dobrej kuchni i klimatycznych miejsc, w kt\u00f3rych mo\u017cna z\u0142apa\u0107 oddech.\",\"sameAs\":[\"http:\/\/MojeKonferencje.pl\",\"https:\/\/www.linkedin.com\/in\/olgastawicka\/\"],\"url\":\"https:\/\/www.mojekonferencje.pl\/blog\/author\/osawicka\/\"}]}<\/script>\n<!-- \/ Yoast SEO plugin. -->","yoast_head_json":{"title":"Wielkanoc nad morzem 2024 - blog | MojeKonferencje.pl","description":"Wielkanoc nad morzem 2024 - blog | MojeKonferencje.pl","robots":{"index":"index","follow":"follow","max-snippet":"max-snippet:-1","max-image-preview":"max-image-preview:large","max-video-preview":"max-video-preview:-1"},"canonical":"https:\/\/www.mojekonferencje.pl\/blog\/wielkanoc-nad-morzem-2024\/","og_locale":"pl_PL","og_type":"article","og_title":"Wielkanoc nad morzem 2024 - blog | MojeKonferencje.pl","og_description":"Wielkanoc nad morzem 2024 - blog | MojeKonferencje.pl","og_url":"https:\/\/www.mojekonferencje.pl\/blog\/wielkanoc-nad-morzem-2024\/","og_site_name":"MojeKonferencje.pl","article_published_time":"2023-02-23T20:44:00+00:00","article_modified_time":"2024-05-07T09:49:35+00:00","og_image":[{"width":1172,"height":780,"url":"https:\/\/www.mojekonferencje.pl\/blog\/wp-content\/uploads\/2023\/02\/photo-1617708368521-ef0d19c12982.png","type":"image\/png"}],"author":"Olga Stawicka-Iwanowska","twitter_card":"summary_large_image","twitter_misc":{"Napisane przez":"Olga Stawicka-Iwanowska","Szacowany czas czytania":"6 minut"},"schema":{"@context":"https:\/\/schema.org","@graph":[{"@type":"Article","@id":"https:\/\/www.mojekonferencje.pl\/blog\/wielkanoc-nad-morzem-2024\/#article","isPartOf":{"@id":"https:\/\/www.mojekonferencje.pl\/blog\/wielkanoc-nad-morzem-2024\/"},"author":{"name":"Olga Stawicka-Iwanowska","@id":"https:\/\/www.mojekonferencje.pl\/blog\/#\/schema\/person\/d6751ca3c60de9ec17ee21b744bbb2d4"},"headline":"Wielkanoc nad morzem 2024","datePublished":"2023-02-23T20:44:00+00:00","dateModified":"2024-05-07T09:49:35+00:00","mainEntityOfPage":{"@id":"https:\/\/www.mojekonferencje.pl\/blog\/wielkanoc-nad-morzem-2024\/"},"wordCount":876,"image":{"@id":"https:\/\/www.mojekonferencje.pl\/blog\/wielkanoc-nad-morzem-2024\/#primaryimage"},"thumbnailUrl":"https:\/\/www.mojekonferencje.pl\/blog\/wp-content\/uploads\/2023\/02\/photo-1617708368521-ef0d19c12982.png","keywords":["hotel","hotele","morze ba\u0142tyckie","promocjahotelu"],"articleSection":["Lifestyle","Porady","Travel"],"inLanguage":"pl-PL"},{"@type":"WebPage","@id":"https:\/\/www.mojekonferencje.pl\/blog\/wielkanoc-nad-morzem-2024\/","url":"https:\/\/www.mojekonferencje.pl\/blog\/wielkanoc-nad-morzem-2024\/","name":"Wielkanoc nad morzem 2024 - blog | MojeKonferencje.pl","isPartOf":{"@id":"https:\/\/www.mojekonferencje.pl\/blog\/#website"},"primaryImageOfPage":{"@id":"https:\/\/www.mojekonferencje.pl\/blog\/wielkanoc-nad-morzem-2024\/#primaryimage"},"image":{"@id":"https:\/\/www.mojekonferencje.pl\/blog\/wielkanoc-nad-morzem-2024\/#primaryimage"},"thumbnailUrl":"https:\/\/www.mojekonferencje.pl\/blog\/wp-content\/uploads\/2023\/02\/photo-1617708368521-ef0d19c12982.png","datePublished":"2023-02-23T20:44:00+00:00","dateModified":"2024-05-07T09:49:35+00:00","author":{"@id":"https:\/\/www.mojekonferencje.pl\/blog\/#\/schema\/person\/d6751ca3c60de9ec17ee21b744bbb2d4"},"description":"Wielkanoc nad morzem 2024 - blog | MojeKonferencje.pl","breadcrumb":{"@id":"https:\/\/www.mojekonferencje.pl\/blog\/wielkanoc-nad-morzem-2024\/#breadcrumb"},"inLanguage":"pl-PL","potentialAction":[{"@type":"ReadAction","target":["https:\/\/www.mojekonferencje.pl\/blog\/wielkanoc-nad-morzem-2024\/"]}]},{"@type":"ImageObject","inLanguage":"pl-PL","@id":"https:\/\/www.mojekonferencje.pl\/blog\/wielkanoc-nad-morzem-2024\/#primaryimage","url":"https:\/\/www.mojekonferencje.pl\/blog\/wp-content\/uploads\/2023\/02\/photo-1617708368521-ef0d19c12982.png","contentUrl":"https:\/\/www.mojekonferencje.pl\/blog\/wp-content\/uploads\/2023\/02\/photo-1617708368521-ef0d19c12982.png","width":1172,"height":780},{"@type":"BreadcrumbList","@id":"https:\/\/www.mojekonferencje.pl\/blog\/wielkanoc-nad-morzem-2024\/#breadcrumb","itemListElement":[{"@type":"ListItem","position":1,"name":"Strona g\u0142\u00f3wna","item":"https:\/\/www.mojekonferencje.pl\/blog\/"},{"@type":"ListItem","position":2,"name":"Wielkanoc nad morzem 2024"}]},{"@type":"WebSite","@id":"https:\/\/www.mojekonferencje.pl\/blog\/#website","url":"https:\/\/www.mojekonferencje.pl\/blog\/","name":"MojeKonferencje.pl","description":"Blog bran\u017cy szkoleniowo-konferencyjnej. W\u0142\u0105cz si\u0119 do dyskusji o obiektach konferencyjnych i nowo\u015bciach z bran\u017cy! Poznaj porady odno\u015bnie organizacji konferencji, szkole\u0144 i event\u00f3w firmowych! Zach\u0119camy do wyra\u017cania opinii oraz komentarzy.","potentialAction":[{"@type":"SearchAction","target":{"@type":"EntryPoint","urlTemplate":"https:\/\/www.mojekonferencje.pl\/blog\/?s={search_term_string}"},"query-input":{"@type":"PropertyValueSpecification","valueRequired":true,"valueName":"search_term_string"}}],"inLanguage":"pl-PL"},{"@type":"Person","@id":"https:\/\/www.mojekonferencje.pl\/blog\/#\/schema\/person\/d6751ca3c60de9ec17ee21b744bbb2d4","name":"Olga Stawicka-Iwanowska","description":"Head of Marketing z ponad sze\u015bcioletnim do\u015bwiadczeniem w bran\u017cy MICE. Na co dzie\u0144 zajmuje si\u0119 content marketingiem i promocj\u0105 obiekt\u00f3w eventowych, tak aby organizatorzy kongres\u00f3w, targ\u00f3w i konferencji wiedzieli, \u017ce w\u0142a\u015bnie tam warto zrealizowa\u0107 swoje wydarzenie. Prowadzi media spo\u0142eczno\u015bciowe, tworzy strategie komunikacji, pisze artyku\u0142y i dba o sp\u00f3jny wizerunek marki w ka\u017cdym kanale. W swojej pracy \u0142\u0105czy analityczne my\u015blenie z kreatywno\u015bci\u0105 i dobrym copy. Wsp\u00f3\u0142pracuje zar\u00f3wno z organizatorami najwi\u0119kszych wydarze\u0144 w Polsce, jak i z regionalnymi partnerami z bran\u017cy. Po godzinach mi\u0142o\u015bniczka podr\u00f3\u017cy po Europie, dobrej kuchni i klimatycznych miejsc, w kt\u00f3rych mo\u017cna z\u0142apa\u0107 oddech.","sameAs":["http:\/\/MojeKonferencje.pl","https:\/\/www.linkedin.com\/in\/olgastawicka\/"],"url":"https:\/\/www.mojekonferencje.pl\/blog\/author\/osawicka\/"}]}},"_links":{"self":[{"href":"https:\/\/www.mojekonferencje.pl\/blog\/wp-json\/wp\/v2\/posts\/3617","targetHints":{"allow":["GET"]}}],"collection":[{"href":"https:\/\/www.mojekonferencje.pl\/blog\/wp-json\/wp\/v2\/posts"}],"about":[{"href":"https:\/\/www.mojekonferencje.pl\/blog\/wp-json\/wp\/v2\/types\/post"}],"author":[{"embeddable":true,"href":"https:\/\/www.mojekonferencje.pl\/blog\/wp-json\/wp\/v2\/users\/9"}],"replies":[{"embeddable":true,"href":"https:\/\/www.mojekonferencje.pl\/blog\/wp-json\/wp\/v2\/comments?post=3617"}],"version-history":[{"count":3,"href":"https:\/\/www.mojekonferencje.pl\/blog\/wp-json\/wp\/v2\/posts\/3617\/revisions"}],"predecessor-version":[{"id":4839,"href":"https:\/\/www.mojekonferencje.pl\/blog\/wp-json\/wp\/v2\/posts\/3617\/revisions\/4839"}],"wp:featuredmedia":[{"embeddable":true,"href":"https:\/\/www.mojekonferencje.pl\/blog\/wp-json\/wp\/v2\/media\/3618"}],"wp:attachment":[{"href":"https:\/\/www.mojekonferencje.pl\/blog\/wp-json\/wp\/v2\/media?parent=3617"}],"wp:term":[{"taxonomy":"category","embeddable":true,"href":"https:\/\/www.mojekonferencje.pl\/blog\/wp-json\/wp\/v2\/categories?post=3617"},{"taxonomy":"post_tag","embeddable":true,"href":"https:\/\/www.mojekonferencje.pl\/blog\/wp-json\/wp\/v2\/tags?post=3617"}],"curies":[{"name":"wp","href":"https:\/\/api.w.org\/{rel}","templated":true}]}}