{"id":3698,"date":"2023-03-15T17:55:00","date_gmt":"2023-03-15T15:55:00","guid":{"rendered":"https:\/\/www.mojekonferencje.pl\/blog\/?p=3698"},"modified":"2024-05-07T11:49:34","modified_gmt":"2024-05-07T09:49:34","slug":"najlepsze-hotele-w-woj-opolskim","status":"publish","type":"post","link":"https:\/\/www.mojekonferencje.pl\/blog\/najlepsze-hotele-w-woj-opolskim\/","title":{"rendered":"Najlepsze hotele w woj. opolskim"},"content":{"rendered":"\n<p><strong>Je\u015bli planujesz organizacj\u0119 wypoczynku, spotkania biznesowego lub imprezy okoliczno\u015bciowej w wojew\u00f3dztwie opolskim, to z pewno\u015bci\u0105 ju\u017c zacz\u0105\u0142e\u015b si\u0119 mierzy\u0107 z wyzwaniem w zakresie wyboru odpowiedniego miejsca na. Nie jest to takie \u0142atwe zadanie ze wzgl\u0119du na ilo\u015b\u0107 atrakcyjnych obiekt\u00f3w znajduj\u0105cych si\u0119 w tej cz\u0119\u015bci kraju. Przychodzimy wi\u0119c z pomoc\u0105 i ch\u0119tnie wska\u017cemy <em>top of the top<\/em> spo\u015br\u00f3d tych obiekt\u00f3w. <\/strong><\/p>\n\n\n\n<p>Poni\u017cej opisali\u015bmy<strong> najlepsze hotele w wojew\u00f3dztwie opolskim<\/strong>, w kt\u00f3rych w doskona\u0142ych proporcjach mo\u017cna po\u0142\u0105czy\u0107 prac\u0119 z wypoczynkiem. B\u0119d\u0105 to jednak nie tylko hotele, ale te\u017c klimatyczne resorty, a nawet eleganckie pa\u0142ace. Zosta\u0144 z nami i poznaj obiekty, takie jak: <\/p>\n\n\n\n<figure class=\"wp-block-table\"><table><tbody><tr><td><a href=\"https:\/\/www.mojekonferencje.pl\/wilkow\/hotel-jakubus\">Hotel i Centrum Konferencyjne Jakubus<\/a><\/td><td><a href=\"https:\/\/www.mojekonferencje.pl\/kluczbork\/sommer-residence-spa-wellness\">Sommer Residence SPA &amp; Wellness<\/a><\/td><\/tr><tr><td><a href=\"https:\/\/www.mojekonferencje.pl\/sulislaw\/palac-sulislaw\">Pa\u0142ac Sulis\u0142aw<\/a><\/td><td><a href=\"https:\/\/www.mojekonferencje.pl\/grodziec\/hotel-resort-bajka-1\">Hotel &amp; Resort Bajka<\/a><\/td><\/tr><tr><td><a href=\"https:\/\/www.mojekonferencje.pl\/kedzierzyn-kozle\/hotel-hugo\">Hotel Hugo Business &amp; SPA<\/a><\/td><td><a href=\"https:\/\/www.mojekonferencje.pl\/krapkowice\/zamkowy-mlyn\">Hotel Zamkowy M\u0142yn &#8211; Krapkowice<\/a><\/td><\/tr><\/tbody><\/table><\/figure>\n\n\n\n<h2 class=\"has-text-align-center wp-block-heading\"><a href=\"https:\/\/www.mojekonferencje.pl\/wilkow\/hotel-jakubus\"><span class=\"has-inline-color has-vivid-purple-color\"><span style=\"text-decoration: underline;\">Hotel i Centrum Konferencyjne Jakubus<\/span><\/span><\/a><\/h2>\n\n\n\n<p><br><strong>Wyj\u0105tkowe obiekty w wojew\u00f3dztwie opolskim<\/strong> zdecydowanie reprezentowane s\u0105 przez to miejsce! \u00d3w hotel mie\u015bci si\u0119 w urokliwej, historycznej wsi Jakubowice, zapewniaj\u0105c \u015bwietne warunki do pracy z dala od miejskiego zgie\u0142ku. Jest to obiekt o 3-gwiazdkowym standardzie, a dok\u0142adnie dwupoziomowy pa\u0142ac zachowany w neoklasycystycznym stylu. Go\u015bcie mog\u0105 liczy\u0107 na komfortowe i niezwykle przytulne miejsca noclegowe, kt\u00f3re rozmieszczone zosta\u0142y w kilku budynkach. Pokoje s\u0105 stylowo urz\u0105dzone i mo\u017cna w nich skutecznie wypocz\u0105\u0107! <\/p>\n\n\n\n<p>Na terenie obiektu mie\u015bci si\u0119 r\u00f3wnie\u017c fantastyczna restauracja, w kt\u00f3rej serwowane s\u0105 dania kuchni polskiej z elementami kuchni fusion i orientalnymi akcentami. <strong>Hotel i Centrum Konferencyjne Jakubus <\/strong>doskonale sprawdza si\u0119 jako miejsce na organizacj\u0119 niezapomnianych wydarze\u0144! Mog\u0105 to by\u0107 zar\u00f3wno konferencje oraz szkolenia, jak i bankiety czy imprezy rodzinne. Na go\u015bci czekaj\u0105 tam zar\u00f3wno nowoczesne sale biznesowe, jak i klimatyczny namiot letni oraz rustykalna chata. Dodatkowo mog\u0105 si\u0119 tam odby\u0107 te\u017c eventy w plenerze. Obiekt przygotowa\u0142 tak\u017ce liczne atrakcje i udogodnienia. W\u015br\u00f3d nich mo\u017cna wymieni\u0107 m.in. sal\u0119 bilardow\u0105, palarni\u0119 cygar czy klimatyczny piano bar.<\/p>\n\n\n\n<figure class=\"wp-block-image size-large\"><img loading=\"lazy\" decoding=\"async\" width=\"800\" height=\"534\" src=\"https:\/\/www.mojekonferencje.pl\/blog\/wp-content\/uploads\/2023\/03\/1.jpg\" alt=\"\" class=\"wp-image-3700 lazyload\" data-srcset=\"https:\/\/www.mojekonferencje.pl\/blog\/wp-content\/uploads\/2023\/03\/1.jpg 800w, https:\/\/www.mojekonferencje.pl\/blog\/wp-content\/uploads\/2023\/03\/1-300x200.jpg 300w, https:\/\/www.mojekonferencje.pl\/blog\/wp-content\/uploads\/2023\/03\/1-768x513.jpg 768w\" sizes=\"auto\" \/><\/figure>\n\n\n\n<h2 class=\"has-text-align-center wp-block-heading\"><a href=\"https:\/\/www.mojekonferencje.pl\/kluczbork\/sommer-residence-spa-wellness\"><span class=\"has-inline-color has-vivid-purple-color\"><span style=\"text-decoration: underline;\">Sommer Residence SPA &amp; Wellness<\/span><\/span><\/a><\/h2>\n\n\n\n<p><br>To kolejny <strong>hotel na Opolszczy\u017anie<\/strong>, kt\u00f3ry koniecznie musisz pozna\u0107! Le\u017cy on dok\u0142adnie w niewielkiej wsi Kun\u00f3w, r\u00f3wnie\u017c pozwalaj\u0105c na wypoczynek w cichej oraz spokojnej atmosferze. Jego wn\u0119trza wyr\u00f3\u017cniaj\u0105 si\u0119 nowoczesnym i eleganckim stylem, w rezultacie czego zachwyci on nawet najbardziej wymagaj\u0105cych go\u015bci. Oferuje on 80 wygodnych miejsc noclegowych w pokojach typu standard i premium, a tak\u017ce w komfortowych domkach. T<\/p>\n\n\n\n<p>en klimatyczny <strong>hotel w opolskim<\/strong> dysponuje tak\u017ce bardzo dobr\u0105 restauracj\u0105, w kt\u00f3rej podawane s\u0105 specja\u0142y kuchni polskiej w nowoczesnej ods\u0142onie. Wieczorami z kolei warto uda\u0107 si\u0119 do hotelowego baru, gdzie czekaj\u0105 najlepsze alkohole z ca\u0142ego \u015bwiata. <strong>Sommer Residence Spa &amp; Wellnes <\/strong>przygotowa\u0142 r\u00f3wnie\u017c zaplecze biznesowe dla os\u00f3b chc\u0105cych zorganizowa\u0107 konferencje, szkolenia czy bardziej kameralne spotkania firmowe. Znajduj\u0105 si\u0119 tam 2 nowoczesne sale, kt\u00f3re pozwalaj\u0105 na zaproszenie do 50 i 200 os\u00f3b. W obiekcie znajd\u0105 co\u015b dla siebie r\u00f3wnie\u017c osoby spragnione wypoczynku. Czeka na nie m.in. luksusowe SPA, basen zewn\u0119trzny, jacuzzi oraz 7 saun.<\/p>\n\n\n\n<figure class=\"wp-block-image size-large\"><img loading=\"lazy\" decoding=\"async\" width=\"800\" height=\"533\" src=\"https:\/\/www.mojekonferencje.pl\/blog\/wp-content\/uploads\/2023\/03\/2.jpg\" alt=\"\" class=\"wp-image-3701 lazyload\" data-srcset=\"https:\/\/www.mojekonferencje.pl\/blog\/wp-content\/uploads\/2023\/03\/2.jpg 800w, https:\/\/www.mojekonferencje.pl\/blog\/wp-content\/uploads\/2023\/03\/2-300x200.jpg 300w, https:\/\/www.mojekonferencje.pl\/blog\/wp-content\/uploads\/2023\/03\/2-768x512.jpg 768w\" sizes=\"auto\" \/><\/figure>\n\n\n\n<h2 class=\"has-text-align-center wp-block-heading\"><a href=\"https:\/\/www.mojekonferencje.pl\/sulislaw\/palac-sulislaw\"><span class=\"has-inline-color has-vivid-purple-color\"><span style=\"text-decoration: underline;\">Pa\u0142ac Sulis\u0142aw<\/span><\/span><\/a><\/h2>\n\n\n\n<p><br>Jest to kolejne miejsce na Opolszczy\u017anie, kt\u00f3re jednocze\u015bnie reprezentuje<strong> hotele pod Wroc\u0142awiem<\/strong>. To 5-gwiazdkowy obiekt o ciekawej historii, kt\u00f3ry otoczony zosta\u0142 malowniczym, blisko 150-letnim parkiem. W obiekcie zar\u00f3wno efektywnie wypoczniesz, jak i zorganizujesz nawet najbardziej wymagaj\u0105ce eventy. <strong>Pa\u0142ac Sulis\u0142aw<\/strong> oferuje 14 pokoi i apartament\u00f3w w swoich wn\u0119trzach i 87 pokoi w dawnym folwarku. Trzeba przyzna\u0107, \u017ce wszystkie te pomieszczenia s\u0105 stylowo urz\u0105dzone i niezwykle przytulne. <\/p>\n\n\n\n<p>Polecamy r\u00f3wnie\u017c Restauracj\u0119 Graf znajduj\u0105c\u0105 si\u0119 na terenie obiektu, w kt\u00f3rej menu mo\u017cna znale\u017a\u0107 r\u00f3\u017cnorodne dania kuchni polskiej i ciasta przygotowywane wed\u0142ug regionalnych receptur. Jak ju\u017c wcze\u015bniej wspomnieli\u015bmy, ten wyj\u0105tkowy <strong>pa\u0142ac na Opolszczy\u017anie<\/strong> stwarza te\u017c odpowiednie warunki do pracy i rozwoju. Dysponuje on siedmioma salami konferencyjnymi o r\u00f3\u017cnej wielko\u015bci. Ich powierzchnia wynosi od 30 do maksymalnie 490 m2. Warto te\u017c tam zorganizowa\u0107 eventy w plenerze, takie jak pikniki, biesiady czy koncerty na \u015bwie\u017cym powietrzu. Prawdziw\u0105 wisienk\u0105 na torcie jest za to pa\u0142acowa strefa SPA &amp; Wellness, a tak\u017ce wypo\u017cyczalnia rower\u00f3w, hala sportowa czy klimatyczny Jazz Pub.<\/p>\n\n\n\n<figure class=\"wp-block-image size-large\"><img loading=\"lazy\" decoding=\"async\" width=\"960\" height=\"638\" src=\"https:\/\/www.mojekonferencje.pl\/blog\/wp-content\/uploads\/2023\/03\/3.jpg\" alt=\"\" class=\"wp-image-3702 lazyload\" data-srcset=\"https:\/\/www.mojekonferencje.pl\/blog\/wp-content\/uploads\/2023\/03\/3.jpg 960w, https:\/\/www.mojekonferencje.pl\/blog\/wp-content\/uploads\/2023\/03\/3-300x199.jpg 300w, https:\/\/www.mojekonferencje.pl\/blog\/wp-content\/uploads\/2023\/03\/3-768x510.jpg 768w\" sizes=\"auto\" \/><\/figure>\n\n\n\n<h2 class=\"has-text-align-center wp-block-heading\"><a href=\"https:\/\/www.mojekonferencje.pl\/grodziec\/hotel-resort-bajka-1\"><span class=\"has-inline-color has-vivid-purple-color\"><span style=\"text-decoration: underline;\">Hotel &amp; Resort Bajka<\/span><\/span><\/a><\/h2>\n\n\n\n<p><br>To klimatyczny <strong>hotel pod Opolem<\/strong>, kt\u00f3ry le\u017cy na 28 starannie rozplanowanych hektarach. Ca\u0142y ten kompleks jest otoczony malowniczymy stawami i lasami, kt\u00f3re same w sobie stanowi\u0105 \u015bwietn\u0105 atrakcj\u0119 dla os\u00f3b spragnionych wypoczynku. W obiekcie zdecydowanie dominuje styl g\u00f3ralsko-alpejski, przenosz\u0105c go\u015bci do krainy pe\u0142nej spokoju, przytulnych wn\u0119trz i serdecznej atmosfery. <strong>Hotel Bajka <\/strong>do dyspozycji go\u015bci oddaje 80 miejsc noclegowych, kt\u00f3re rozmieszczone zosta\u0142y w 37 pokojach. Dodatkowo na terenie obiektu zlokalizowana jest Villa Bajka, czyli elegancki omek o powierzchni 131 m2. Jest on w stanie pomie\u015bci\u0107 7 os\u00f3b. <\/p>\n\n\n\n<p>W kompleksie dzia\u0142a r\u00f3wnie\u017c wyj\u0105tkowa Restauracja Bajka, kt\u00f3ra s\u0142ynie z regionalnych, polskich potraw w nowatorskiej ods\u0142onie. Hotel ten to doskona\u0142y wyb\u00f3r tak\u017ce dla klient\u00f3w biznesowych, kt\u00f3rzy chc\u0105 zorganizowa\u0107 spotkanie firmowe z dala od zgie\u0142ku codzienno\u015bci. Obiekt przygotowa\u0142 dwie stylowo urz\u0105dzone sale konferencyjne, kt\u00f3re s\u0105 w stanie pomie\u015bci\u0107 nawet 140 os\u00f3b. Na terenie obiektu znajduje si\u0119 te\u017c namiot bankietowy na 300 os\u00f3b, a w dodatku mo\u017cliwa jest r\u00f3wnie\u017c realizacja event\u00f3w na \u015bwie\u017cym powietrzu.<\/p>\n\n\n\n<figure class=\"wp-block-image size-large\"><img loading=\"lazy\" decoding=\"async\" width=\"2048\" height=\"1267\" src=\"https:\/\/www.mojekonferencje.pl\/blog\/wp-content\/uploads\/2023\/03\/4-1024x634.jpg\" alt=\"\" class=\"wp-image-3703 lazyload\" data-srcset=\"https:\/\/www.mojekonferencje.pl\/blog\/wp-content\/uploads\/2023\/03\/4-1024x634.jpg 1024w, https:\/\/www.mojekonferencje.pl\/blog\/wp-content\/uploads\/2023\/03\/4-300x186.jpg 300w, https:\/\/www.mojekonferencje.pl\/blog\/wp-content\/uploads\/2023\/03\/4-768x475.jpg 768w, https:\/\/www.mojekonferencje.pl\/blog\/wp-content\/uploads\/2023\/03\/4-1536x950.jpg 1536w, https:\/\/www.mojekonferencje.pl\/blog\/wp-content\/uploads\/2023\/03\/4.jpg 2048w\" sizes=\"auto\" \/><\/figure>\n\n\n\n<h2 class=\"has-text-align-center wp-block-heading\"><a href=\"https:\/\/www.mojekonferencje.pl\/kedzierzyn-kozle\/hotel-hugo\"><span class=\"has-inline-color has-vivid-purple-color\"><span style=\"text-decoration: underline;\">Hotel Hugo Business &amp; SPA<\/span><\/span><\/a><\/h2>\n\n\n\n<p><br>Obiekt ten udowadnia, \u017ce<strong> hotele w K\u0119dzierzynie-Ko\u017alu<\/strong> r\u00f3wnie\u017c s\u0105 warte uwagi! Jest to zabytkowy, odrestaurowany budynek, kt\u00f3ry charakteryzuje si\u0119 przytulnymi wn\u0119trzami oraz kompleksow\u0105 ofert\u0105 us\u0142ug. W jego ofercie znajd\u0105 co\u015b dla siebie zar\u00f3wno osoby chc\u0105ce wypocz\u0105\u0107, jak i ci, kt\u00f3rzy chc\u0105 zorganizowa\u0107<strong> konferencje na Opolszczy\u017anie<\/strong>. \u00d3w obiekt<strong> <\/strong>oferuje 3 pokoje 1-osobowe, 29 pokoi 2-osobowych, 3 pokoje King Size oraz 7 pokoi De Luxe. <\/p>\n\n\n\n<p>B\u0119d\u0105c w obiekcie koniecznie te\u017c trzeba odwiedzi\u0107 hotelow\u0105 restauracj\u0119. Specjalizuje si\u0119 ona w kuchni europejskiej, a w dodatku posiada nietuzinkowy wyb\u00f3r win z ca\u0142ego \u015bwiata. Go\u015bcie biznesowi mog\u0105 liczy\u0107 na 5 sal konferencyjnych o r\u00f3\u017cnej wielko\u015bci, kt\u00f3re pozwalaj\u0105 na zaproszenie od 15 do 120 os\u00f3b w ustawieniu teatralnym. Po pracy lub d\u0142ugiej podr\u00f3\u017cy nie mo\u017cesz pomin\u0105\u0107 wizyty w hotelowym zapleczu SPA &amp; Wellness. Koniecznie skorzystaj z szerokiej oferty zabieg\u00f3w czy z klimatycznego seansu w Grocie Solnej. Dodatkowo w obiekcie mo\u017cna wypo\u017cyczy\u0107 rowery czy mi\u0142o sp\u0119dzi\u0107 czas w Muzeum Koszulki Pi\u0142karskiej.<\/p>\n\n\n\n<figure class=\"wp-block-image size-large\"><img loading=\"lazy\" decoding=\"async\" width=\"1024\" height=\"683\" src=\"https:\/\/www.mojekonferencje.pl\/blog\/wp-content\/uploads\/2023\/03\/5-1024x683.jpg\" alt=\"\" class=\"wp-image-3704 lazyload\" data-srcset=\"https:\/\/www.mojekonferencje.pl\/blog\/wp-content\/uploads\/2023\/03\/5-1024x683.jpg 1024w, https:\/\/www.mojekonferencje.pl\/blog\/wp-content\/uploads\/2023\/03\/5-300x200.jpg 300w, https:\/\/www.mojekonferencje.pl\/blog\/wp-content\/uploads\/2023\/03\/5-768x512.jpg 768w, https:\/\/www.mojekonferencje.pl\/blog\/wp-content\/uploads\/2023\/03\/5-1536x1024.jpg 1536w, https:\/\/www.mojekonferencje.pl\/blog\/wp-content\/uploads\/2023\/03\/5-2048x1366.jpg 2048w\" sizes=\"auto\" \/><\/figure>\n\n\n\n<h2 class=\"has-text-align-center wp-block-heading\"><a href=\"https:\/\/www.mojekonferencje.pl\/krapkowice\/zamkowy-mlyn\"><span class=\"has-inline-color has-vivid-purple-color\"><span style=\"text-decoration: underline;\">Hotel Zamkowy M\u0142yn &#8211; Krapkowice<\/span><\/span><\/a><\/h2>\n\n\n\n<p><br>Zestawienie to zamyka <strong>hotel w Krapkowicach<\/strong>, znajduj\u0105cy si\u0119 jedynie 5,6 km od autostrady A4. Ma on w swojej ofercie wszystko to, co potrzebne jest do relaksu i pracy. Obiekt do dyspozycji go\u015bci oddaje 50 miejsc noclegowych w pokojach 1- i 2-osobowych. Pomieszczenia te urz\u0105dzone zosta\u0142y z dba\u0142o\u015bci\u0105 o najmniejsze detale. Na pierwszym pi\u0119trze hotelu znajduje si\u0119 wy\u015bmienita restauracja, kt\u00f3ra &#8211; w zale\u017cno\u015bci od pory roku &#8211; proponuje r\u00f3\u017cne rodzaje menu. Dodatkowo go\u015bcie rano mog\u0105 liczy\u0107 na powy\u017cwne, bogate \u015bniadania przygotowane w formie szwedzkiego sto\u0142u. <\/p>\n\n\n\n<p>Wiele dobrego mo\u017cna te\u017c napisa\u0107 o ofercie konferencyjnej tego obiektu. Znajduj\u0105 si\u0119 tam 3 sale biznesowe o r\u00f3\u017cnej wielko\u015bci. Dwie z s\u0105 w stanie pomie\u015bci\u0107 do 150 os\u00f3b w ustawieniu teatralnym, za\u015b trzecia \u015bwietnie sprawdza si\u0119 jako t\u0142o kameralnych spotka\u0144 dla maksymalnie 60 os\u00f3b. Warto doda\u0107, \u017ce \u00f3w <strong>hotel &#8211; opolskie<\/strong> oferuje indywidualn\u0105 opiek\u0119 jednego z manager\u00f3w, kt\u00f3ry kompleksowo zadba o zaplanowany pobyt. Dodatkowo obs\u0142uga obiektu jest w stanie zapewni\u0107 r\u00f3\u017cnorodne atrakcje na eventy, takie jak zabawa taneczna, paintaball, warsztaty kulinarne czy ogniska.<\/p>\n\n\n\n<figure class=\"wp-block-image size-large\"><img loading=\"lazy\" decoding=\"async\" width=\"1024\" height=\"683\" src=\"https:\/\/www.mojekonferencje.pl\/blog\/wp-content\/uploads\/2023\/03\/6-1024x683.jpg\" alt=\"\" class=\"wp-image-3705 lazyload\" data-srcset=\"https:\/\/www.mojekonferencje.pl\/blog\/wp-content\/uploads\/2023\/03\/6-1024x683.jpg 1024w, https:\/\/www.mojekonferencje.pl\/blog\/wp-content\/uploads\/2023\/03\/6-300x200.jpg 300w, https:\/\/www.mojekonferencje.pl\/blog\/wp-content\/uploads\/2023\/03\/6-768x512.jpg 768w, https:\/\/www.mojekonferencje.pl\/blog\/wp-content\/uploads\/2023\/03\/6-1536x1024.jpg 1536w, https:\/\/www.mojekonferencje.pl\/blog\/wp-content\/uploads\/2023\/03\/6.jpg 1600w\" sizes=\"auto\" \/><\/figure>\n","protected":false},"excerpt":{"rendered":"<p>Opolszczyzna skrywa prawdziwe pere\u0142ki, je\u015bli chodzi o miejsca do wypoczynku oraz organizacji spotka\u0144 biznesowych. Poznaj zatem najlepsze hotele w woj. opolskim.<\/p>\n","protected":false},"author":9,"featured_media":3699,"comment_status":"closed","ping_status":"closed","sticky":false,"template":"","format":"standard","meta":{"_acf_changed":false,"footnotes":""},"categories":[212,175],"tags":[368,367,271,353,354],"class_list":["post-3698","post","type-post","status-publish","format-standard","has-post-thumbnail","hentry","category-travel","category-wybieranie-miejsca-konferencyjnego","tag-hotel","tag-hotele","tag-hotele-konferencyjne","tag-organizacja-imprez","tag-organizacja-wydarzen"],"acf":[],"yoast_head":"<!-- This site is optimized with the Yoast SEO plugin v27.1.1 - https:\/\/yoast.com\/product\/yoast-seo-wordpress\/ -->\n<title>Najlepsze hotele w woj. opolskim - blog | MojeKonferencje.pl<\/title>\n<meta name=\"description\" content=\"Najlepsze hotele w woj. opolskim - blog | MojeKonferencje.pl\" \/>\n<meta name=\"robots\" content=\"index, follow, max-snippet:-1, max-image-preview:large, max-video-preview:-1\" \/>\n<link rel=\"canonical\" href=\"https:\/\/www.mojekonferencje.pl\/blog\/najlepsze-hotele-w-woj-opolskim\/\" \/>\n<meta property=\"og:locale\" content=\"pl_PL\" \/>\n<meta property=\"og:type\" content=\"article\" \/>\n<meta property=\"og:title\" content=\"Najlepsze hotele w woj. opolskim - blog | MojeKonferencje.pl\" \/>\n<meta property=\"og:description\" content=\"Najlepsze hotele w woj. opolskim - blog | MojeKonferencje.pl\" \/>\n<meta property=\"og:url\" content=\"https:\/\/www.mojekonferencje.pl\/blog\/najlepsze-hotele-w-woj-opolskim\/\" \/>\n<meta property=\"og:site_name\" content=\"MojeKonferencje.pl\" \/>\n<meta property=\"article:published_time\" content=\"2023-03-15T15:55:00+00:00\" \/>\n<meta property=\"article:modified_time\" content=\"2024-05-07T09:49:34+00:00\" \/>\n<meta property=\"og:image\" content=\"https:\/\/www.mojekonferencje.pl\/blog\/wp-content\/uploads\/2023\/03\/Fotoram.io-11.jpg\" \/>\n\t<meta property=\"og:image:width\" content=\"1200\" \/>\n\t<meta property=\"og:image:height\" content=\"720\" \/>\n\t<meta property=\"og:image:type\" content=\"image\/jpeg\" \/>\n<meta name=\"author\" content=\"Olga Stawicka-Iwanowska\" \/>\n<meta name=\"twitter:card\" content=\"summary_large_image\" \/>\n<meta name=\"twitter:label1\" content=\"Napisane przez\" \/>\n\t<meta name=\"twitter:data1\" content=\"Olga Stawicka-Iwanowska\" \/>\n\t<meta name=\"twitter:label2\" content=\"Szacowany czas czytania\" \/>\n\t<meta name=\"twitter:data2\" content=\"6 minut\" \/>\n<script type=\"application\/ld+json\" class=\"yoast-schema-graph\">{\"@context\":\"https:\/\/schema.org\",\"@graph\":[{\"@type\":\"Article\",\"@id\":\"https:\/\/www.mojekonferencje.pl\/blog\/najlepsze-hotele-w-woj-opolskim\/#article\",\"isPartOf\":{\"@id\":\"https:\/\/www.mojekonferencje.pl\/blog\/najlepsze-hotele-w-woj-opolskim\/\"},\"author\":{\"name\":\"Olga Stawicka-Iwanowska\",\"@id\":\"https:\/\/www.mojekonferencje.pl\/blog\/#\/schema\/person\/d6751ca3c60de9ec17ee21b744bbb2d4\"},\"headline\":\"Najlepsze hotele w woj. opolskim\",\"datePublished\":\"2023-03-15T15:55:00+00:00\",\"dateModified\":\"2024-05-07T09:49:34+00:00\",\"mainEntityOfPage\":{\"@id\":\"https:\/\/www.mojekonferencje.pl\/blog\/najlepsze-hotele-w-woj-opolskim\/\"},\"wordCount\":1282,\"image\":{\"@id\":\"https:\/\/www.mojekonferencje.pl\/blog\/najlepsze-hotele-w-woj-opolskim\/#primaryimage\"},\"thumbnailUrl\":\"https:\/\/www.mojekonferencje.pl\/blog\/wp-content\/uploads\/2023\/03\/Fotoram.io-11.jpg\",\"keywords\":[\"hotel\",\"hotele\",\"hotele konferencyjne\",\"organizacja imprez\",\"organizacja wydarze\u0144\"],\"articleSection\":[\"Travel\",\"Wybieranie miejsca konferencyjnego\"],\"inLanguage\":\"pl-PL\"},{\"@type\":\"WebPage\",\"@id\":\"https:\/\/www.mojekonferencje.pl\/blog\/najlepsze-hotele-w-woj-opolskim\/\",\"url\":\"https:\/\/www.mojekonferencje.pl\/blog\/najlepsze-hotele-w-woj-opolskim\/\",\"name\":\"Najlepsze hotele w woj. opolskim - blog | MojeKonferencje.pl\",\"isPartOf\":{\"@id\":\"https:\/\/www.mojekonferencje.pl\/blog\/#website\"},\"primaryImageOfPage\":{\"@id\":\"https:\/\/www.mojekonferencje.pl\/blog\/najlepsze-hotele-w-woj-opolskim\/#primaryimage\"},\"image\":{\"@id\":\"https:\/\/www.mojekonferencje.pl\/blog\/najlepsze-hotele-w-woj-opolskim\/#primaryimage\"},\"thumbnailUrl\":\"https:\/\/www.mojekonferencje.pl\/blog\/wp-content\/uploads\/2023\/03\/Fotoram.io-11.jpg\",\"datePublished\":\"2023-03-15T15:55:00+00:00\",\"dateModified\":\"2024-05-07T09:49:34+00:00\",\"author\":{\"@id\":\"https:\/\/www.mojekonferencje.pl\/blog\/#\/schema\/person\/d6751ca3c60de9ec17ee21b744bbb2d4\"},\"description\":\"Najlepsze hotele w woj. opolskim - blog | MojeKonferencje.pl\",\"breadcrumb\":{\"@id\":\"https:\/\/www.mojekonferencje.pl\/blog\/najlepsze-hotele-w-woj-opolskim\/#breadcrumb\"},\"inLanguage\":\"pl-PL\",\"potentialAction\":[{\"@type\":\"ReadAction\",\"target\":[\"https:\/\/www.mojekonferencje.pl\/blog\/najlepsze-hotele-w-woj-opolskim\/\"]}]},{\"@type\":\"ImageObject\",\"inLanguage\":\"pl-PL\",\"@id\":\"https:\/\/www.mojekonferencje.pl\/blog\/najlepsze-hotele-w-woj-opolskim\/#primaryimage\",\"url\":\"https:\/\/www.mojekonferencje.pl\/blog\/wp-content\/uploads\/2023\/03\/Fotoram.io-11.jpg\",\"contentUrl\":\"https:\/\/www.mojekonferencje.pl\/blog\/wp-content\/uploads\/2023\/03\/Fotoram.io-11.jpg\",\"width\":1200,\"height\":720},{\"@type\":\"BreadcrumbList\",\"@id\":\"https:\/\/www.mojekonferencje.pl\/blog\/najlepsze-hotele-w-woj-opolskim\/#breadcrumb\",\"itemListElement\":[{\"@type\":\"ListItem\",\"position\":1,\"name\":\"Strona g\u0142\u00f3wna\",\"item\":\"https:\/\/www.mojekonferencje.pl\/blog\/\"},{\"@type\":\"ListItem\",\"position\":2,\"name\":\"Najlepsze hotele w woj. opolskim\"}]},{\"@type\":\"WebSite\",\"@id\":\"https:\/\/www.mojekonferencje.pl\/blog\/#website\",\"url\":\"https:\/\/www.mojekonferencje.pl\/blog\/\",\"name\":\"MojeKonferencje.pl\",\"description\":\"Blog bran\u017cy szkoleniowo-konferencyjnej. W\u0142\u0105cz si\u0119 do dyskusji o obiektach konferencyjnych i nowo\u015bciach z bran\u017cy! Poznaj porady odno\u015bnie organizacji konferencji, szkole\u0144 i event\u00f3w firmowych! Zach\u0119camy do wyra\u017cania opinii oraz komentarzy.\",\"potentialAction\":[{\"@type\":\"SearchAction\",\"target\":{\"@type\":\"EntryPoint\",\"urlTemplate\":\"https:\/\/www.mojekonferencje.pl\/blog\/?s={search_term_string}\"},\"query-input\":{\"@type\":\"PropertyValueSpecification\",\"valueRequired\":true,\"valueName\":\"search_term_string\"}}],\"inLanguage\":\"pl-PL\"},{\"@type\":\"Person\",\"@id\":\"https:\/\/www.mojekonferencje.pl\/blog\/#\/schema\/person\/d6751ca3c60de9ec17ee21b744bbb2d4\",\"name\":\"Olga Stawicka-Iwanowska\",\"description\":\"Head of Marketing z ponad sze\u015bcioletnim do\u015bwiadczeniem w bran\u017cy MICE. Na co dzie\u0144 zajmuje si\u0119 content marketingiem i promocj\u0105 obiekt\u00f3w eventowych, tak aby organizatorzy kongres\u00f3w, targ\u00f3w i konferencji wiedzieli, \u017ce w\u0142a\u015bnie tam warto zrealizowa\u0107 swoje wydarzenie. Prowadzi media spo\u0142eczno\u015bciowe, tworzy strategie komunikacji, pisze artyku\u0142y i dba o sp\u00f3jny wizerunek marki w ka\u017cdym kanale. W swojej pracy \u0142\u0105czy analityczne my\u015blenie z kreatywno\u015bci\u0105 i dobrym copy. Wsp\u00f3\u0142pracuje zar\u00f3wno z organizatorami najwi\u0119kszych wydarze\u0144 w Polsce, jak i z regionalnymi partnerami z bran\u017cy. Po godzinach mi\u0142o\u015bniczka podr\u00f3\u017cy po Europie, dobrej kuchni i klimatycznych miejsc, w kt\u00f3rych mo\u017cna z\u0142apa\u0107 oddech.\",\"sameAs\":[\"http:\/\/MojeKonferencje.pl\",\"https:\/\/www.linkedin.com\/in\/olgastawicka\/\"],\"url\":\"https:\/\/www.mojekonferencje.pl\/blog\/author\/osawicka\/\"}]}<\/script>\n<!-- \/ Yoast SEO plugin. -->","yoast_head_json":{"title":"Najlepsze hotele w woj. opolskim - blog | MojeKonferencje.pl","description":"Najlepsze hotele w woj. opolskim - blog | MojeKonferencje.pl","robots":{"index":"index","follow":"follow","max-snippet":"max-snippet:-1","max-image-preview":"max-image-preview:large","max-video-preview":"max-video-preview:-1"},"canonical":"https:\/\/www.mojekonferencje.pl\/blog\/najlepsze-hotele-w-woj-opolskim\/","og_locale":"pl_PL","og_type":"article","og_title":"Najlepsze hotele w woj. opolskim - blog | MojeKonferencje.pl","og_description":"Najlepsze hotele w woj. opolskim - blog | MojeKonferencje.pl","og_url":"https:\/\/www.mojekonferencje.pl\/blog\/najlepsze-hotele-w-woj-opolskim\/","og_site_name":"MojeKonferencje.pl","article_published_time":"2023-03-15T15:55:00+00:00","article_modified_time":"2024-05-07T09:49:34+00:00","og_image":[{"width":1200,"height":720,"url":"https:\/\/www.mojekonferencje.pl\/blog\/wp-content\/uploads\/2023\/03\/Fotoram.io-11.jpg","type":"image\/jpeg"}],"author":"Olga Stawicka-Iwanowska","twitter_card":"summary_large_image","twitter_misc":{"Napisane przez":"Olga Stawicka-Iwanowska","Szacowany czas czytania":"6 minut"},"schema":{"@context":"https:\/\/schema.org","@graph":[{"@type":"Article","@id":"https:\/\/www.mojekonferencje.pl\/blog\/najlepsze-hotele-w-woj-opolskim\/#article","isPartOf":{"@id":"https:\/\/www.mojekonferencje.pl\/blog\/najlepsze-hotele-w-woj-opolskim\/"},"author":{"name":"Olga Stawicka-Iwanowska","@id":"https:\/\/www.mojekonferencje.pl\/blog\/#\/schema\/person\/d6751ca3c60de9ec17ee21b744bbb2d4"},"headline":"Najlepsze hotele w woj. opolskim","datePublished":"2023-03-15T15:55:00+00:00","dateModified":"2024-05-07T09:49:34+00:00","mainEntityOfPage":{"@id":"https:\/\/www.mojekonferencje.pl\/blog\/najlepsze-hotele-w-woj-opolskim\/"},"wordCount":1282,"image":{"@id":"https:\/\/www.mojekonferencje.pl\/blog\/najlepsze-hotele-w-woj-opolskim\/#primaryimage"},"thumbnailUrl":"https:\/\/www.mojekonferencje.pl\/blog\/wp-content\/uploads\/2023\/03\/Fotoram.io-11.jpg","keywords":["hotel","hotele","hotele konferencyjne","organizacja imprez","organizacja wydarze\u0144"],"articleSection":["Travel","Wybieranie miejsca konferencyjnego"],"inLanguage":"pl-PL"},{"@type":"WebPage","@id":"https:\/\/www.mojekonferencje.pl\/blog\/najlepsze-hotele-w-woj-opolskim\/","url":"https:\/\/www.mojekonferencje.pl\/blog\/najlepsze-hotele-w-woj-opolskim\/","name":"Najlepsze hotele w woj. opolskim - blog | MojeKonferencje.pl","isPartOf":{"@id":"https:\/\/www.mojekonferencje.pl\/blog\/#website"},"primaryImageOfPage":{"@id":"https:\/\/www.mojekonferencje.pl\/blog\/najlepsze-hotele-w-woj-opolskim\/#primaryimage"},"image":{"@id":"https:\/\/www.mojekonferencje.pl\/blog\/najlepsze-hotele-w-woj-opolskim\/#primaryimage"},"thumbnailUrl":"https:\/\/www.mojekonferencje.pl\/blog\/wp-content\/uploads\/2023\/03\/Fotoram.io-11.jpg","datePublished":"2023-03-15T15:55:00+00:00","dateModified":"2024-05-07T09:49:34+00:00","author":{"@id":"https:\/\/www.mojekonferencje.pl\/blog\/#\/schema\/person\/d6751ca3c60de9ec17ee21b744bbb2d4"},"description":"Najlepsze hotele w woj. opolskim - blog | MojeKonferencje.pl","breadcrumb":{"@id":"https:\/\/www.mojekonferencje.pl\/blog\/najlepsze-hotele-w-woj-opolskim\/#breadcrumb"},"inLanguage":"pl-PL","potentialAction":[{"@type":"ReadAction","target":["https:\/\/www.mojekonferencje.pl\/blog\/najlepsze-hotele-w-woj-opolskim\/"]}]},{"@type":"ImageObject","inLanguage":"pl-PL","@id":"https:\/\/www.mojekonferencje.pl\/blog\/najlepsze-hotele-w-woj-opolskim\/#primaryimage","url":"https:\/\/www.mojekonferencje.pl\/blog\/wp-content\/uploads\/2023\/03\/Fotoram.io-11.jpg","contentUrl":"https:\/\/www.mojekonferencje.pl\/blog\/wp-content\/uploads\/2023\/03\/Fotoram.io-11.jpg","width":1200,"height":720},{"@type":"BreadcrumbList","@id":"https:\/\/www.mojekonferencje.pl\/blog\/najlepsze-hotele-w-woj-opolskim\/#breadcrumb","itemListElement":[{"@type":"ListItem","position":1,"name":"Strona g\u0142\u00f3wna","item":"https:\/\/www.mojekonferencje.pl\/blog\/"},{"@type":"ListItem","position":2,"name":"Najlepsze hotele w woj. opolskim"}]},{"@type":"WebSite","@id":"https:\/\/www.mojekonferencje.pl\/blog\/#website","url":"https:\/\/www.mojekonferencje.pl\/blog\/","name":"MojeKonferencje.pl","description":"Blog bran\u017cy szkoleniowo-konferencyjnej. W\u0142\u0105cz si\u0119 do dyskusji o obiektach konferencyjnych i nowo\u015bciach z bran\u017cy! Poznaj porady odno\u015bnie organizacji konferencji, szkole\u0144 i event\u00f3w firmowych! Zach\u0119camy do wyra\u017cania opinii oraz komentarzy.","potentialAction":[{"@type":"SearchAction","target":{"@type":"EntryPoint","urlTemplate":"https:\/\/www.mojekonferencje.pl\/blog\/?s={search_term_string}"},"query-input":{"@type":"PropertyValueSpecification","valueRequired":true,"valueName":"search_term_string"}}],"inLanguage":"pl-PL"},{"@type":"Person","@id":"https:\/\/www.mojekonferencje.pl\/blog\/#\/schema\/person\/d6751ca3c60de9ec17ee21b744bbb2d4","name":"Olga Stawicka-Iwanowska","description":"Head of Marketing z ponad sze\u015bcioletnim do\u015bwiadczeniem w bran\u017cy MICE. Na co dzie\u0144 zajmuje si\u0119 content marketingiem i promocj\u0105 obiekt\u00f3w eventowych, tak aby organizatorzy kongres\u00f3w, targ\u00f3w i konferencji wiedzieli, \u017ce w\u0142a\u015bnie tam warto zrealizowa\u0107 swoje wydarzenie. Prowadzi media spo\u0142eczno\u015bciowe, tworzy strategie komunikacji, pisze artyku\u0142y i dba o sp\u00f3jny wizerunek marki w ka\u017cdym kanale. W swojej pracy \u0142\u0105czy analityczne my\u015blenie z kreatywno\u015bci\u0105 i dobrym copy. Wsp\u00f3\u0142pracuje zar\u00f3wno z organizatorami najwi\u0119kszych wydarze\u0144 w Polsce, jak i z regionalnymi partnerami z bran\u017cy. Po godzinach mi\u0142o\u015bniczka podr\u00f3\u017cy po Europie, dobrej kuchni i klimatycznych miejsc, w kt\u00f3rych mo\u017cna z\u0142apa\u0107 oddech.","sameAs":["http:\/\/MojeKonferencje.pl","https:\/\/www.linkedin.com\/in\/olgastawicka\/"],"url":"https:\/\/www.mojekonferencje.pl\/blog\/author\/osawicka\/"}]}},"_links":{"self":[{"href":"https:\/\/www.mojekonferencje.pl\/blog\/wp-json\/wp\/v2\/posts\/3698","targetHints":{"allow":["GET"]}}],"collection":[{"href":"https:\/\/www.mojekonferencje.pl\/blog\/wp-json\/wp\/v2\/posts"}],"about":[{"href":"https:\/\/www.mojekonferencje.pl\/blog\/wp-json\/wp\/v2\/types\/post"}],"author":[{"embeddable":true,"href":"https:\/\/www.mojekonferencje.pl\/blog\/wp-json\/wp\/v2\/users\/9"}],"replies":[{"embeddable":true,"href":"https:\/\/www.mojekonferencje.pl\/blog\/wp-json\/wp\/v2\/comments?post=3698"}],"version-history":[{"count":1,"href":"https:\/\/www.mojekonferencje.pl\/blog\/wp-json\/wp\/v2\/posts\/3698\/revisions"}],"predecessor-version":[{"id":3706,"href":"https:\/\/www.mojekonferencje.pl\/blog\/wp-json\/wp\/v2\/posts\/3698\/revisions\/3706"}],"wp:featuredmedia":[{"embeddable":true,"href":"https:\/\/www.mojekonferencje.pl\/blog\/wp-json\/wp\/v2\/media\/3699"}],"wp:attachment":[{"href":"https:\/\/www.mojekonferencje.pl\/blog\/wp-json\/wp\/v2\/media?parent=3698"}],"wp:term":[{"taxonomy":"category","embeddable":true,"href":"https:\/\/www.mojekonferencje.pl\/blog\/wp-json\/wp\/v2\/categories?post=3698"},{"taxonomy":"post_tag","embeddable":true,"href":"https:\/\/www.mojekonferencje.pl\/blog\/wp-json\/wp\/v2\/tags?post=3698"}],"curies":[{"name":"wp","href":"https:\/\/api.w.org\/{rel}","templated":true}]}}