{"id":3723,"date":"2023-03-20T18:11:00","date_gmt":"2023-03-20T16:11:00","guid":{"rendered":"https:\/\/www.mojekonferencje.pl\/blog\/?p=3723"},"modified":"2024-05-07T11:49:34","modified_gmt":"2024-05-07T09:49:34","slug":"najwieksze-hotele-w-krakowie","status":"publish","type":"post","link":"https:\/\/www.mojekonferencje.pl\/blog\/najwieksze-hotele-w-krakowie\/","title":{"rendered":"Najwi\u0119ksze hotele w Krakowie"},"content":{"rendered":"\n<p><strong>Smok Wawelski, klimatyczny Kazimierz, obwarzanki &#8211; oto ca\u0142y Krak\u00f3w! No mo\u017ce nie ca\u0142y, ale w g\u0142\u00f3wnej mierze to w\u0142a\u015bnie z tymi symbolami kojarzymy stolic\u0119 Ma\u0142opolski. Ta cz\u0119\u015b\u0107 kraju sprzyja zar\u00f3wno turystycznym wyprawom, jak i wszelkim wyjazdom biznesowym. W Krakowie bowiem nie brakuje atrakcyjnych miejsc, w kt\u00f3rych mo\u017cna zorganizowa\u0107 konferencje, szkolenia, bankiety firmowe czy imprezy okoliczno\u015bciowe. <\/strong><\/p>\n\n\n\n<p>W tym artykule wskazali\u015bmy <strong>najwi\u0119ksze hotele w Krakowie<\/strong>, kt\u00f3re s\u0105 dost\u0119pne na naszym portalu. Tworz\u0105c to zestawienie, wzi\u0119li\u015bmy pod uwag\u0119 wielko\u015b\u0107 sal biznesowych w poszczeg\u00f3lnych obiektach. Zosta\u0144 wi\u0119c z nami, je\u015bli interesuj\u0105 Ci\u0119 obiekty umo\u017cliwiaj\u0105ce organizacj\u0119 du\u017cych imprez, nawet na kilkaset os\u00f3b! Poni\u017cej znajdziesz opisy miejsc, takich jak: <\/p>\n\n\n\n<figure class=\"wp-block-table\"><table><tbody><tr><td><a href=\"https:\/\/www.mojekonferencje.pl\/krakow\/hotel-lenart\">Hotel Lenart<\/a><\/td><td><a href=\"https:\/\/www.mojekonferencje.pl\/krakow\/sheraton-krakow-hotel\">Sheraton Grand Krakow<\/a><\/td><\/tr><tr><td><a href=\"https:\/\/www.mojekonferencje.pl\/krakow\/park-inn-by-radisson-krakow\">Park Inn by Radisson Krakow<\/a><\/td><td><a href=\"https:\/\/www.mojekonferencje.pl\/krakow\/hotel-swing\">HOTEL SWING<\/a><\/td><\/tr><tr><td><a href=\"https:\/\/www.mojekonferencje.pl\/krakow\/hotel-galaxy\">Hotel Galaxy<\/a><\/td><td><a href=\"https:\/\/www.mojekonferencje.pl\/krakow\/1891-garni-hotel\">1891 Garni Hotel<\/a><\/td><\/tr><tr><td><a href=\"https:\/\/www.mojekonferencje.pl\/krakow\/qubus-hotel-krakow-\">Qubus Hotel Krak\u00f3w<\/a><\/td><td><a href=\"https:\/\/www.mojekonferencje.pl\/krakow\/q-hotel-plus-krakow\">Q Hotel Plus Krak\u00f3w<\/a><\/td><\/tr><tr><td><a href=\"https:\/\/www.mojekonferencje.pl\/krakow\/novotel-krakow-city-west\">Novotel Krak\u00f3w City West<\/a><\/td><td><a href=\"https:\/\/www.mojekonferencje.pl\/krakow\/hotel-ac-marriott-krakow\">Hotel AC Marriott Krakow<\/a><\/td><\/tr><\/tbody><\/table><\/figure>\n\n\n\n<h2 class=\"has-text-align-center wp-block-heading\"><a href=\"https:\/\/www.mojekonferencje.pl\/krakow\/hotel-lenart\"><span class=\"has-inline-color has-vivid-purple-color\"><span style=\"text-decoration: underline;\">Hotel Lenart<\/span><\/span><\/a><\/h2>\n\n\n\n<p><br>Zestawienie to warto rozpocz\u0105\u0107 od obiektu po\u0142o\u017conego 20 minut od centrum stolicy Ma\u0142opolski. Jest to 4-gwiazdkowy Hotel Lenart, kt\u00f3ry reprezentuje <strong>hotele pod Krakowem<\/strong>. Mie\u015bci si\u0119 on dok\u0142adnie w Wieliczce. Obiekt charakteryzuje si\u0119 nowoczesno\u015bci\u0105, niebanaln\u0105, futurystyczn\u0105 form\u0105 oraz artystycznym charakterem. Ten <strong>wyj\u0105tkowy hotel w Ma\u0142opolsce<\/strong> do dyspozycji go\u015bci bizesowych oddaje a\u017c 1250 m2 powierzchni, kt\u00f3ra podzielona zosta\u0142a na 11 w pe\u0142ni wyposa\u017conych sal konferencyjnych i szkoleniowych. Pomieszczenia te r\u00f3\u017cni\u0105 si\u0119 wielko\u015bci\u0105, a najwi\u0119ksza z nich pozwala na zaproszenie do 550 os\u00f3b w ustawieniu teatralnym. <\/p>\n\n\n\n<p>Hotel Lenart oferuje r\u00f3wnie\u017c 55 przestronnych i komfortowych pokoi oraz 7 luksusowych apartament\u00f3w. Polecamy r\u00f3wnie\u017c hotelow\u0105 Restauracj\u0119 Pod Kominem, kt\u00f3ra sama w sobie stwarza odpowiednie t\u0142o do organizacji wszelkich uroczysto\u015bci. Dodatkowo w obiekcie znadjuje si\u0119 te\u017c Centrum Wellness &amp; SPA, wyposa\u017cone m.in. w jacuzzi, lodospad, sauny i stref\u0119 wypoczynku.<\/p>\n\n\n\n<figure class=\"wp-block-image size-large\"><img loading=\"lazy\" decoding=\"async\" width=\"1024\" height=\"683\" src=\"https:\/\/www.mojekonferencje.pl\/blog\/wp-content\/uploads\/2023\/03\/1-2-1024x683.jpg\" alt=\"\" class=\"wp-image-3725 lazyload\" data-srcset=\"https:\/\/www.mojekonferencje.pl\/blog\/wp-content\/uploads\/2023\/03\/1-2-1024x683.jpg 1024w, https:\/\/www.mojekonferencje.pl\/blog\/wp-content\/uploads\/2023\/03\/1-2-300x200.jpg 300w, https:\/\/www.mojekonferencje.pl\/blog\/wp-content\/uploads\/2023\/03\/1-2-768x512.jpg 768w, https:\/\/www.mojekonferencje.pl\/blog\/wp-content\/uploads\/2023\/03\/1-2-1536x1024.jpg 1536w, https:\/\/www.mojekonferencje.pl\/blog\/wp-content\/uploads\/2023\/03\/1-2.jpg 1920w\" sizes=\"auto\" \/><\/figure>\n\n\n\n<h2 class=\"has-text-align-center wp-block-heading\"><a href=\"https:\/\/www.mojekonferencje.pl\/krakow\/park-inn-by-radisson-krakow\"><span class=\"has-inline-color has-vivid-purple-color\"><span style=\"text-decoration: underline;\">Park Inn by Radisson Krakow<\/span><\/span><\/a><\/h2>\n\n\n\n<p><br>Interesuj\u0105 Ci\u0119 <strong>nowoczesne hotele w centrum Krakowa<\/strong>? W takim razie koniecznie musisz pozna\u0107 ten obiekt! Mie\u015bci si\u0119 on przy ulicy Monte Cassino 2, niedaleko najwa\u017cniejszych atrakcji miasta, takich jak np. historyczny Zamek Kr\u00f3lewski Wawel. R\u00f3wnie atrakcyjna, co jego lokalizacja, zdecydowanie jest te\u017c oferta obiektu. \u00d3w<strong> hotel w centrum Krakowa<\/strong> posiada m.in. Centrum Konferencyjne, kt\u00f3rego \u0142\u0105czna powierzchnia wynosi 1000 m2. Czeka w nim dok\u0142adnie 5 wielofunkcyjnych sal konferencyjnych i bankietowych ze \u015bcianami dzia\u0142owymi. Najwi\u0119ksza z nich z powodzeniem jest w stanie pomie\u015bci\u0107 do 500 os\u00f3b w ustawieniu teatralnym.<\/p>\n\n\n\n<p> <strong>Park Inn by Radisson Krakow <\/strong>to tak\u017ce \u015bwietne zaplecze noclegowe, kt\u00f3re sk\u0142ada si\u0119 ze 152 nowoczesnych pokoi i apartmament\u00f3w. Ponadto na terenie obiektu mie\u015bci si\u0119 stylowo urz\u0105dzona Restauracja RBG Bar &amp; Grill, kt\u00f3ra s\u0142ynie z serwowania kuchni polskiej i mi\u0119dzynarodowej. Warto te\u017c odwiedzi\u0107 hotelowy bar oraz zaplecze SPA.<\/p>\n\n\n\n<figure class=\"wp-block-image size-large\"><img loading=\"lazy\" decoding=\"async\" width=\"1024\" height=\"683\" src=\"https:\/\/www.mojekonferencje.pl\/blog\/wp-content\/uploads\/2023\/03\/2-2-1024x683.jpg\" alt=\"\" class=\"wp-image-3726 lazyload\" data-srcset=\"https:\/\/www.mojekonferencje.pl\/blog\/wp-content\/uploads\/2023\/03\/2-2-1024x683.jpg 1024w, https:\/\/www.mojekonferencje.pl\/blog\/wp-content\/uploads\/2023\/03\/2-2-300x200.jpg 300w, https:\/\/www.mojekonferencje.pl\/blog\/wp-content\/uploads\/2023\/03\/2-2-768x512.jpg 768w, https:\/\/www.mojekonferencje.pl\/blog\/wp-content\/uploads\/2023\/03\/2-2-1536x1024.jpg 1536w, https:\/\/www.mojekonferencje.pl\/blog\/wp-content\/uploads\/2023\/03\/2-2-2048x1365.jpg 2048w\" sizes=\"auto\" \/><\/figure>\n\n\n\n<h2 class=\"has-text-align-center wp-block-heading\"><a href=\"https:\/\/www.mojekonferencje.pl\/krakow\/hotel-galaxy\"><span class=\"has-inline-color has-vivid-purple-color\"><span style=\"text-decoration: underline;\">Hotel Galaxy<\/span><\/span><\/a><\/h2>\n\n\n\n<p><br>To<strong> 4-gwiazdkowy hotel w centrum Krakowa<\/strong>, kt\u00f3ry le\u017cy przy ulicy G\u0119siej 22a, w pobli\u017cu dzielnicy Kazimierz. Obiekt ten ma w swojej ofercie wszystko to, co potrzebne jest zar\u00f3wno do komfortowego wypoczynku, jak i efektywnej pracy. Z my\u015bl\u0105 o klientach biznesowych powsta\u0142o tam nowoczesne centrum konferencyjne o \u0142\u0105cznej powierzchni 1550 m2. Znajduj\u0105 si\u0119 tam m.in. du\u017ce sale konferencyjne, kt\u00f3re mo\u017cna podzieli\u0107 na mniejsze pomieszczenia, taras, foyer, Business Room czy szatnia. Najwi\u0119ksze z pomieszcze\u0144 doskonale sprawdzi si\u0119 jako t\u0142o spotka\u0144 dla 500 os\u00f3b w ustawieniu teatralnym. <\/p>\n\n\n\n<p><strong>Hotel Galaxy <\/strong>ma te\u017c w swojej ofercie 205 pokoi o wysokim standardzie z widokiem na Wis\u0142\u0119, a tak\u017ce dwie wy\u015bmienite restauracje. Co wa\u017cne, w obiekcie mo\u017cna zam\u00f3wi\u0107 lunche i kolacje na eventy firmowe &#8211; nawet do 400-600 os\u00f3b. Idealnym dope\u0142nieniem us\u0142ug jest hotelowa strefa SPA&amp;Wellness z basenem, jacuzzi, saun\u0105 such\u0105 i prarow\u0105 oraz fitness roomem.<\/p>\n\n\n\n<figure class=\"wp-block-image size-large\"><img loading=\"lazy\" decoding=\"async\" width=\"1024\" height=\"634\" src=\"https:\/\/www.mojekonferencje.pl\/blog\/wp-content\/uploads\/2023\/03\/3-2-1024x634.jpg\" alt=\"\" class=\"wp-image-3727 lazyload\" data-srcset=\"https:\/\/www.mojekonferencje.pl\/blog\/wp-content\/uploads\/2023\/03\/3-2-1024x634.jpg 1024w, https:\/\/www.mojekonferencje.pl\/blog\/wp-content\/uploads\/2023\/03\/3-2-300x186.jpg 300w, https:\/\/www.mojekonferencje.pl\/blog\/wp-content\/uploads\/2023\/03\/3-2-768x476.jpg 768w, https:\/\/www.mojekonferencje.pl\/blog\/wp-content\/uploads\/2023\/03\/3-2.jpg 1200w\" sizes=\"auto\" \/><\/figure>\n\n\n\n<h2 class=\"has-text-align-center wp-block-heading\"><a href=\"https:\/\/www.mojekonferencje.pl\/krakow\/qubus-hotel-krakow-\"><span class=\"has-inline-color has-vivid-purple-color\"><span style=\"text-decoration: underline;\">Qubus Hotel Krak\u00f3w<\/span><\/span><\/a><\/h2>\n\n\n\n<p><br>To kolejny<strong> 4-gwiazdkowy hotel w Krakowie<\/strong>, obok kt\u00f3ego trudno jest przej\u015b\u0107 oboj\u0119tnie! Le\u017cy on tu\u017c nad brzegiem Wis\u0142y, dok\u0142adnie przy ulicy Nadwi\u015bla\u0144skiej 6. Jednocze\u015bnie jest to \u015bwietny <strong>hotel na konferencj\u0119 w centrum Krakowa<\/strong>, w kt\u00f3rym mog\u0105 si\u0119 odby\u0107 nawet najbardziej wymagaj\u0105ce przedsi\u0119wzi\u0119cia. Obiekt ten do dyspozycji go\u015bci oddaje 9 sal konferencyjnych o r\u00f3\u017cnej wielko\u015bci. Pomieszczenia te s\u0105 wyposa\u017cone m.in. w system ruchomych i d\u017awi\u0119koszczelnych \u015bcian, pozwalaj\u0105cych uzyska\u0107 nawet 400 m2 powierzchni eventowej. Oznacza to jednocze\u015bnie, \u017ce w hotelu zorganizujesz spotkania nawet dla 500 uczestnik\u00f3w.<\/p>\n\n\n\n<p><strong>Qubus Hotel Krak\u00f3w <\/strong>oferuje tak\u017ce 375 niezwykle wygodnych miejsc noclegowych w 194 pokojach go\u015bcinnych. Warto te\u017c doda\u0107, \u017ce w obiekcie mie\u015bci si\u0119 klimatyczna restauracja b\u0119d\u0105ca w stanie pomie\u015bci\u0107 do 140 go\u015bci. W okresie letnim mo\u017cna dodatkowo skorzysta\u0107 z tarasu, gdzie podawane s\u0105 dania prosto z grilla. Po pracy warto odwiedzi\u0107 hotelow\u0105 stref\u0119 fitness z przeszklonym basenem, sk\u0105d rozpo\u015bciera si\u0119 widok na panoram\u0119 miasta.<\/p>\n\n\n\n<figure class=\"wp-block-image size-large\"><img loading=\"lazy\" decoding=\"async\" width=\"1024\" height=\"682\" src=\"https:\/\/www.mojekonferencje.pl\/blog\/wp-content\/uploads\/2023\/03\/4-2-1024x682.jpg\" alt=\"\" class=\"wp-image-3728 lazyload\" data-srcset=\"https:\/\/www.mojekonferencje.pl\/blog\/wp-content\/uploads\/2023\/03\/4-2-1024x682.jpg 1024w, https:\/\/www.mojekonferencje.pl\/blog\/wp-content\/uploads\/2023\/03\/4-2-300x200.jpg 300w, https:\/\/www.mojekonferencje.pl\/blog\/wp-content\/uploads\/2023\/03\/4-2-768x512.jpg 768w, https:\/\/www.mojekonferencje.pl\/blog\/wp-content\/uploads\/2023\/03\/4-2-1536x1024.jpg 1536w, https:\/\/www.mojekonferencje.pl\/blog\/wp-content\/uploads\/2023\/03\/4-2-2048x1365.jpg 2048w\" sizes=\"auto\" \/><\/figure>\n\n\n\n<h2 class=\"has-text-align-center wp-block-heading\"><a href=\"https:\/\/www.mojekonferencje.pl\/krakow\/novotel-krakow-city-west\"><span class=\"has-inline-color has-vivid-purple-color\"><span style=\"text-decoration: underline;\">Novotel Krak\u00f3w City West<\/span><\/span><\/a><\/h2>\n\n\n\n<p><br><strong>4-gwiazdkowe hotele w Krakowie<\/strong> reprezentowane s\u0105 tak\u017ce przez ten obiekt. Mie\u015bci si\u0119 on przy ulicy Armii Krajowej 11, blisko lotniska na Balicach i zaledwie 20 minut spacerem od centrum miasta. To odpowiedni wyb\u00f3r dla os\u00f3b chc\u0105cych zorganizowa\u0107 spotkania biznesowe w komfortowych, stylowych i w pe\u0142ni wyposa\u017conych wn\u0119trzach. <strong>Novotel Krak\u00f3w City West<\/strong> oferuje kilka sal konferencyjnych oraz Novo Fan Zone, a wi\u0119c unikaln\u0105 stref\u0119 relaksu dla klient\u00f3w biznesowych. Najwi\u0119ksza sala konferencyjna w tym obiekcie, kt\u00f3ra powstaje w wyniku po\u0142\u0105czenia kilku mniejszych pomieszcze\u0144, pozwala na zaproszenie do 350 os\u00f3b.<\/p>\n\n\n\n<p>\u00d3w hotel przygotowa\u0142 r\u00f3wnie\u017c 305 designerskich i nowoczesnych pokoi oraz apartament\u00f3w. O podniebienia go\u015bci dba z kolei hotelowa restauracja po\u0142\u0105czona z barem, gdzie skosztujesz m.in. regionalnych da\u0144. W\u015br\u00f3d us\u0142ug dodatkowych i atrakcji czekaj\u0105cych w obiekcie mo\u017cna \u015bmia\u0142o wymieni\u0107 centrum fitness, si\u0142ownie zewn\u0119trzn\u0105, pralni\u0119 czy monitorowany parking.<\/p>\n\n\n\n<figure class=\"wp-block-image size-large\"><img loading=\"lazy\" decoding=\"async\" width=\"1024\" height=\"768\" src=\"https:\/\/www.mojekonferencje.pl\/blog\/wp-content\/uploads\/2023\/03\/5-2-1024x768.jpg\" alt=\"\" class=\"wp-image-3729 lazyload\" data-srcset=\"https:\/\/www.mojekonferencje.pl\/blog\/wp-content\/uploads\/2023\/03\/5-2-1024x768.jpg 1024w, https:\/\/www.mojekonferencje.pl\/blog\/wp-content\/uploads\/2023\/03\/5-2-300x225.jpg 300w, https:\/\/www.mojekonferencje.pl\/blog\/wp-content\/uploads\/2023\/03\/5-2-768x576.jpg 768w, https:\/\/www.mojekonferencje.pl\/blog\/wp-content\/uploads\/2023\/03\/5-2-1536x1152.jpg 1536w, https:\/\/www.mojekonferencje.pl\/blog\/wp-content\/uploads\/2023\/03\/5-2.jpg 2048w\" sizes=\"auto\" \/><\/figure>\n\n\n\n<h2 class=\"has-text-align-center wp-block-heading\"><a href=\"https:\/\/www.mojekonferencje.pl\/krakow\/sheraton-krakow-hotel\"><span class=\"has-inline-color has-vivid-purple-color\"><span style=\"text-decoration: underline;\">Sheraton Grand Krakow<\/span><\/span><\/a><\/h2>\n\n\n\n<p><br>Opisuj\u0105c <strong>najwi\u0119ksze hotele w Krakowie <\/strong>nie mogli\u015bmy pomin\u0105\u0107 obiekt\u00f3w o najwy\u017cszym standardzie, kt\u00f3re zdecydowanie wyr\u00f3\u017cniaj\u0105 si\u0119 na tle konkurencji.<strong> 5-gwiazdkowe hotele w Krakowie<\/strong> reprezentowane s\u0105 m.in. przez <strong>Sheraton Grand Krakow<\/strong>, le\u017c\u0105cy w samym sercu miasta, tu\u017c nad brzegiem Wis\u0142y i u podn\u00f3\u017ca Wzg\u00f3rza Wawelskiego. Go\u015bcie biznesowi mog\u0105 liczy\u0107 na 8 sal konferencyjnych o \u0142\u0105cznej powierzchni 500 m2. Maksymalna pojemno\u015b\u0107 najwi\u0119kszej z tych przestrzeni to 330 os\u00f3b. <\/p>\n\n\n\n<p>Ten <strong>5-gwiazdkowy hotel w Krakowie <\/strong>ma w swojej ofercie r\u00f3wnie\u017c 232 komfortowe pokoje i apartamenty, kt\u00f3re stworzone zosta\u0142y z dba\u0142o\u015bci\u0105 o najmniejsze detale. Obiekt s\u0142ynie r\u00f3wnie\u017c z nowoczesnej i wybornej strefy gastronomicznej. Na go\u015bci czekaj\u0105: w\u0142oska Restauracja Anima, bar sportowy SomePlace Else z klimatycznym ogrodem oraz zachwycaj\u0105cy RoofTop Terrace z widokiem na miasto. Ponadto <strong>Sheraton Grand Krakow<\/strong> dysponuje basenem, si\u0142owni\u0105 i saun\u0105 oraz podziemnym i zewn\u0119trznym parkingiem.<\/p>\n\n\n\n<figure class=\"wp-block-image size-large\"><img loading=\"lazy\" decoding=\"async\" width=\"1024\" height=\"767\" src=\"https:\/\/www.mojekonferencje.pl\/blog\/wp-content\/uploads\/2023\/03\/6-2-1024x767.jpg\" alt=\"\" class=\"wp-image-3730 lazyload\" data-srcset=\"https:\/\/www.mojekonferencje.pl\/blog\/wp-content\/uploads\/2023\/03\/6-2-1024x767.jpg 1024w, https:\/\/www.mojekonferencje.pl\/blog\/wp-content\/uploads\/2023\/03\/6-2-300x225.jpg 300w, https:\/\/www.mojekonferencje.pl\/blog\/wp-content\/uploads\/2023\/03\/6-2-768x576.jpg 768w, https:\/\/www.mojekonferencje.pl\/blog\/wp-content\/uploads\/2023\/03\/6-2-1536x1151.jpg 1536w, https:\/\/www.mojekonferencje.pl\/blog\/wp-content\/uploads\/2023\/03\/6-2-2048x1535.jpg 2048w\" sizes=\"auto\" \/><\/figure>\n\n\n\n<h2 class=\"has-text-align-center wp-block-heading\"><a href=\"https:\/\/www.mojekonferencje.pl\/krakow\/hotel-swing\"><span class=\"has-inline-color has-vivid-purple-color\"><span style=\"text-decoration: underline;\">HOTEL SWING<\/span><\/span><\/a><\/h2>\n\n\n\n<p><br><strong>Najwi\u0119ksze hotele w Krakowie <\/strong>s\u0105 reprezentowane te\u017c przez ten obiekt le\u017c\u0105cy dok\u0142adnie przy ulicy Dobrego Pasterza 124. W pobli\u017cu obiektu zlokalizowane s\u0105 takie atrakcje, jak np. Park Wodny, Multikino czy Centrum Serenada. <strong>Hotel Swing<\/strong> zaprasza do skorzystania z us\u0142ug swojego centrum konferencyjno-szkoleniowego. Sk\u0142ada si\u0119 ono z r\u00f3\u017cnych pod wzgl\u0119dem wielko\u015bci sal. Najwi\u0119ksza z nich jest w stanie pomie\u015bci\u0107 do 300 os\u00f3b w ustawieniu teatralnym. <\/p>\n\n\n\n<p>W obiekcie mog\u0105 si\u0119 odby\u0107 nawet kilkudniowe spotkania biznesowe. Wszystko z tego wzgl\u0119du, i\u017c poza salami konferencyjnymi znajduje si\u0119 tam r\u00f3wnie atrakcyjne zaplecze noclegowe. Go\u015bcie mog\u0105 liczy\u0107 na 144 komfortowo wyposa\u017cone pokoje i apartamenty. <strong>Hotel Swing <\/strong>oferuje ponadto klimatyczne restauracje oraz profesjonaln\u0105 i kompleksow\u0105 organizacj\u0119 imprez i przyj\u0119\u0107 okoliczno\u015bciowych. Po ca\u0142ych dniach wra\u017ce\u0144 warto z kolei skorzysta\u0107 z hotelowej stefy Wellness &amp; SPA.<\/p>\n\n\n\n<figure class=\"wp-block-image size-large\"><img loading=\"lazy\" decoding=\"async\" width=\"1024\" height=\"681\" src=\"https:\/\/www.mojekonferencje.pl\/blog\/wp-content\/uploads\/2023\/03\/7-1-1024x681.jpg\" alt=\"\" class=\"wp-image-3731 lazyload\" data-srcset=\"https:\/\/www.mojekonferencje.pl\/blog\/wp-content\/uploads\/2023\/03\/7-1-1024x681.jpg 1024w, https:\/\/www.mojekonferencje.pl\/blog\/wp-content\/uploads\/2023\/03\/7-1-300x200.jpg 300w, https:\/\/www.mojekonferencje.pl\/blog\/wp-content\/uploads\/2023\/03\/7-1-768x511.jpg 768w, https:\/\/www.mojekonferencje.pl\/blog\/wp-content\/uploads\/2023\/03\/7-1-1536x1022.jpg 1536w, https:\/\/www.mojekonferencje.pl\/blog\/wp-content\/uploads\/2023\/03\/7-1-2048x1363.jpg 2048w\" sizes=\"auto\" \/><\/figure>\n\n\n\n<h2 class=\"has-text-align-center wp-block-heading\"><a href=\"https:\/\/www.mojekonferencje.pl\/krakow\/1891-garni-hotel\"><span class=\"has-inline-color has-vivid-purple-color\"><span style=\"text-decoration: underline;\">1891 Garni Hotel<\/span><\/span><\/a><\/h2>\n\n\n\n<p><br>Je\u015bli jeste\u015b mi\u0142o\u015bnikiem klimatycznych, eleganckich wn\u0119trz, a w dodatku chcesz zorganizowa\u0107 event w sercu miasta, to koniecznie musisz pozna\u0107 ten <strong>wyj\u0105tkowy hotel w Krakowie<\/strong>. Jest to miejsce, w kt\u00f3rym mog\u0105 si\u0119 odby\u0107 r\u00f3\u017cnorodne spotkania. Od kameralnych szkole\u0144, a\u017c po du\u017ce konferencje, kongresy czy sympozja. Najwi\u0119ksza sala w tym obiekcie pozwala na zaproszenie do 230 os\u00f3b.<\/p>\n\n\n\n<p><strong>1891 Garni Hotel<\/strong> do dyspozycji go\u015bci oddaje ta\u017c 122 niezwykle przytulne pokoje w trzech kategoriach &#8211; Standard, Superior oraz Junior Suite. B\u0119d\u0105c w obiekcie nie mo\u017cesz pomin\u0105\u0107 wizyty w znajduj\u0105cej si\u0119 tam Restauracji. To Garnish Food&amp;Wine, w kt\u00f3rej podawane s\u0105 dania kuchni francuskiej z polskim akcentem. Na terenie hotelu mie\u015bci si\u0119 tak\u017ce klimatyczny bar, w kt\u00f3rym serwowane s\u0105 m.in. \u015bwietne desery, francuskie koktajle czy orze\u017awiaj\u0105ce lemoniady. Jest to idealna przestrze\u0144 na relaks lub integracj\u0119 po pracy!<\/p>\n\n\n\n<figure class=\"wp-block-image size-large\"><img loading=\"lazy\" decoding=\"async\" width=\"1024\" height=\"683\" src=\"https:\/\/www.mojekonferencje.pl\/blog\/wp-content\/uploads\/2023\/03\/8-1-1024x683.jpg\" alt=\"\" class=\"wp-image-3732 lazyload\" data-srcset=\"https:\/\/www.mojekonferencje.pl\/blog\/wp-content\/uploads\/2023\/03\/8-1-1024x683.jpg 1024w, https:\/\/www.mojekonferencje.pl\/blog\/wp-content\/uploads\/2023\/03\/8-1-300x200.jpg 300w, https:\/\/www.mojekonferencje.pl\/blog\/wp-content\/uploads\/2023\/03\/8-1-768x512.jpg 768w, https:\/\/www.mojekonferencje.pl\/blog\/wp-content\/uploads\/2023\/03\/8-1-1536x1024.jpg 1536w, https:\/\/www.mojekonferencje.pl\/blog\/wp-content\/uploads\/2023\/03\/8-1.jpg 2048w\" sizes=\"auto\" \/><\/figure>\n\n\n\n<h2 class=\"has-text-align-center wp-block-heading\"><a href=\"https:\/\/www.mojekonferencje.pl\/krakow\/q-hotel-plus-krakow\"><span class=\"has-inline-color has-vivid-purple-color\"><span style=\"text-decoration: underline;\">Q Hotel Plus Krak\u00f3w<\/span><\/span><\/a><\/h2>\n\n\n\n<p><br>Przedostatni obiekt z tego zestawienia to<strong> 4-gwiazdkowy hotel na konferencj\u0119 w Krakowie<\/strong>, zlokalizowany dok\u0142adnie przy ulicy Wygranej 6. To jedynie 50 metr\u00f3w od Centrum Kongresowego ICE, a wi\u0119c najwi\u0119kszego i najbardziej cenionego miejsca na bankiety, szkolenia czy warsztaty. <strong>Q Hotel Plus Krak\u00f3w<\/strong> posiada trzy przestronne sale konferencyjne, kt\u00f3re w dodatku mo\u017cna \u0142\u0105czy\u0107 dzi\u0119ki systemowi mobilnych \u015bcian. Wzd\u0142u\u017c sal rozci\u0105ga si\u0119 jeszcze przestronne foyer. Ponadto na terenie obiektu znajduj\u0105 si\u0119 te\u017c dwie sale szkoleniowe. Najwi\u0119ksze z pomieszcze\u0144 oferowanych przez hotel sprzyja organizacji imprez nawet na 300 os\u00f3b. <\/p>\n\n\n\n<p>Obiekt do u\u017cytku go\u015bci oddaje jeszcze 154 nowoczesne i komfortowe pokoje. Na wyr\u00f3\u017cnienie zas\u0142uguje te\u017c wy\u015bmienita Restauracja Qualita oraz klimatyczny lobby bar, gdzie mo\u017cna mi\u0142o sp\u0119dzi\u0107 czas. Dodatkowo w obiekcie &#8211; z my\u015bl\u0105 o mi\u0142o\u015bnikach aktywno\u015bci fizycznej &#8211; powsta\u0142a tak\u017ce si\u0142ownia.<\/p>\n\n\n\n<figure class=\"wp-block-image size-large\"><img loading=\"lazy\" decoding=\"async\" width=\"1024\" height=\"576\" src=\"https:\/\/www.mojekonferencje.pl\/blog\/wp-content\/uploads\/2023\/03\/9-1-1024x576.jpg\" alt=\"\" class=\"wp-image-3733 lazyload\" data-srcset=\"https:\/\/www.mojekonferencje.pl\/blog\/wp-content\/uploads\/2023\/03\/9-1-1024x576.jpg 1024w, https:\/\/www.mojekonferencje.pl\/blog\/wp-content\/uploads\/2023\/03\/9-1-300x169.jpg 300w, https:\/\/www.mojekonferencje.pl\/blog\/wp-content\/uploads\/2023\/03\/9-1-768x432.jpg 768w, https:\/\/www.mojekonferencje.pl\/blog\/wp-content\/uploads\/2023\/03\/9-1-1536x864.jpg 1536w, https:\/\/www.mojekonferencje.pl\/blog\/wp-content\/uploads\/2023\/03\/9-1-640x360.jpg 640w, https:\/\/www.mojekonferencje.pl\/blog\/wp-content\/uploads\/2023\/03\/9-1-320x180.jpg 320w, https:\/\/www.mojekonferencje.pl\/blog\/wp-content\/uploads\/2023\/03\/9-1-480x270.jpg 480w, https:\/\/www.mojekonferencje.pl\/blog\/wp-content\/uploads\/2023\/03\/9-1-960x540.jpg 960w, https:\/\/www.mojekonferencje.pl\/blog\/wp-content\/uploads\/2023\/03\/9-1-1280x720.jpg 1280w, https:\/\/www.mojekonferencje.pl\/blog\/wp-content\/uploads\/2023\/03\/9-1-1600x900.jpg 1600w, https:\/\/www.mojekonferencje.pl\/blog\/wp-content\/uploads\/2023\/03\/9-1.jpg 1920w\" sizes=\"auto\" \/><\/figure>\n\n\n\n<h2 class=\"has-text-align-center wp-block-heading\"><a href=\"https:\/\/www.mojekonferencje.pl\/krakow\/hotel-ac-marriott-krakow\"><span class=\"has-inline-color has-vivid-purple-color\"><span style=\"text-decoration: underline;\">Hotel AC Marriott Krakow<\/span><\/span><\/a><\/h2>\n\n\n\n<p><br>Zestawienie to zamyka pewien <strong>wyj\u0105tkowy hotel w Krakowie<\/strong>, kt\u00f3ry jednocze\u015bnie jest najwi\u0119kszym spo\u015br\u00f3d AC Hotel by Marriott w \u015brodkowej Europie. Jest to nowoczesny i ekskluzywny obiekt, kt\u00f3ry w dodatku wyr\u00f3\u017cnia si\u0119 kompleksow\u0105 ofert\u0105 us\u0142ug. Jego go\u015bcie mog\u0105 liczy\u0107 na 660 m2 powierzchni konferencyjnej, kt\u00f3ra podzielona zosta\u0142a na 7 wielofunkcyjnych sal biznesowych. W\u015br\u00f3d tych pomieszcze\u0144 znalaz\u0142o si\u0119 tak\u017ce studio multimedialne. Najwi\u0119ksza z oferowanych sal pozwala na organizacj\u0119 event\u00f3w dla 270 os\u00f3b. <\/p>\n\n\n\n<p>Ten <strong>luksusowy hotel w Krakowie <\/strong>przygotowa\u0142 r\u00f3wnie\u017c 600 miejsc noclegowych w 300 nowoczesnych pokojach. Je\u015bli chodzi o us\u0142ugi gastronomiczne, to i w tym przypadku miejsce to wcale nie zawodzi! Na terenie obiektu znajduje si\u0119 bowiem jednopoziomowa, przeszklona restauracja, w kt\u00f3rej serwowane s\u0105 przysmaki kuchni europejskiej. Warto doda\u0107, \u017ce <strong>Hotel AC Marriott Krakow <\/strong>sprzyja nie tylko pracy, ale te\u017c wypoczynkowi. Oferuje on m.in. basen, zabiegi relaksacyjne, szerok\u0105 pla\u017c\u0119 basenow\u0105 oraz jacuzzi.<\/p>\n\n\n\n<figure class=\"wp-block-image size-large\"><img loading=\"lazy\" decoding=\"async\" width=\"1024\" height=\"682\" src=\"https:\/\/www.mojekonferencje.pl\/blog\/wp-content\/uploads\/2023\/03\/10-1-1024x682.jpg\" alt=\"\" class=\"wp-image-3734 lazyload\" data-srcset=\"https:\/\/www.mojekonferencje.pl\/blog\/wp-content\/uploads\/2023\/03\/10-1-1024x682.jpg 1024w, https:\/\/www.mojekonferencje.pl\/blog\/wp-content\/uploads\/2023\/03\/10-1-300x200.jpg 300w, https:\/\/www.mojekonferencje.pl\/blog\/wp-content\/uploads\/2023\/03\/10-1-768x512.jpg 768w, https:\/\/www.mojekonferencje.pl\/blog\/wp-content\/uploads\/2023\/03\/10-1-1536x1024.jpg 1536w, https:\/\/www.mojekonferencje.pl\/blog\/wp-content\/uploads\/2023\/03\/10-1.jpg 2000w\" sizes=\"auto\" \/><\/figure>\n","protected":false},"excerpt":{"rendered":"<p>Chcesz pozna\u0107 najwi\u0119ksze hotele w Krakowie, w kt\u00f3rych mo\u017cna zorganizowa\u0107 nawet najbardziej wymagaj\u0105ce eventy? Koniecznie przeczytaj ten artyku\u0142!<\/p>\n","protected":false},"author":9,"featured_media":3724,"comment_status":"closed","ping_status":"closed","sticky":false,"template":"","format":"standard","meta":{"_acf_changed":false,"footnotes":""},"categories":[8,212,175],"tags":[368,367,271,29],"class_list":["post-3723","post","type-post","status-publish","format-standard","has-post-thumbnail","hentry","category-porady","category-travel","category-wybieranie-miejsca-konferencyjnego","tag-hotel","tag-hotele","tag-hotele-konferencyjne","tag-krakow"],"acf":[],"yoast_head":"<!-- This site is optimized with the Yoast SEO plugin v27.1.1 - https:\/\/yoast.com\/product\/yoast-seo-wordpress\/ -->\n<title>Najwi\u0119ksze hotele w Krakowie - blog | MojeKonferencje.pl<\/title>\n<meta name=\"description\" content=\"Najwi\u0119ksze hotele w Krakowie - blog | MojeKonferencje.pl\" \/>\n<meta name=\"robots\" content=\"index, follow, max-snippet:-1, max-image-preview:large, max-video-preview:-1\" \/>\n<link rel=\"canonical\" href=\"https:\/\/www.mojekonferencje.pl\/blog\/najwieksze-hotele-w-krakowie\/\" \/>\n<meta property=\"og:locale\" content=\"pl_PL\" \/>\n<meta property=\"og:type\" content=\"article\" \/>\n<meta property=\"og:title\" content=\"Najwi\u0119ksze hotele w Krakowie - blog | MojeKonferencje.pl\" \/>\n<meta property=\"og:description\" content=\"Najwi\u0119ksze hotele w Krakowie - blog | MojeKonferencje.pl\" \/>\n<meta property=\"og:url\" content=\"https:\/\/www.mojekonferencje.pl\/blog\/najwieksze-hotele-w-krakowie\/\" \/>\n<meta property=\"og:site_name\" content=\"MojeKonferencje.pl\" \/>\n<meta property=\"article:published_time\" content=\"2023-03-20T16:11:00+00:00\" \/>\n<meta property=\"article:modified_time\" content=\"2024-05-07T09:49:34+00:00\" \/>\n<meta property=\"og:image\" content=\"https:\/\/www.mojekonferencje.pl\/blog\/wp-content\/uploads\/2023\/03\/Fotoram.io-13.jpg\" \/>\n\t<meta property=\"og:image:width\" content=\"1200\" \/>\n\t<meta property=\"og:image:height\" content=\"720\" \/>\n\t<meta property=\"og:image:type\" content=\"image\/jpeg\" \/>\n<meta name=\"author\" content=\"Olga Stawicka-Iwanowska\" \/>\n<meta name=\"twitter:card\" content=\"summary_large_image\" \/>\n<meta name=\"twitter:label1\" content=\"Napisane przez\" \/>\n\t<meta name=\"twitter:data1\" content=\"Olga Stawicka-Iwanowska\" \/>\n\t<meta name=\"twitter:label2\" content=\"Szacowany czas czytania\" \/>\n\t<meta name=\"twitter:data2\" content=\"9 minut\" \/>\n<script type=\"application\/ld+json\" class=\"yoast-schema-graph\">{\"@context\":\"https:\/\/schema.org\",\"@graph\":[{\"@type\":\"Article\",\"@id\":\"https:\/\/www.mojekonferencje.pl\/blog\/najwieksze-hotele-w-krakowie\/#article\",\"isPartOf\":{\"@id\":\"https:\/\/www.mojekonferencje.pl\/blog\/najwieksze-hotele-w-krakowie\/\"},\"author\":{\"name\":\"Olga Stawicka-Iwanowska\",\"@id\":\"https:\/\/www.mojekonferencje.pl\/blog\/#\/schema\/person\/d6751ca3c60de9ec17ee21b744bbb2d4\"},\"headline\":\"Najwi\u0119ksze hotele w Krakowie\",\"datePublished\":\"2023-03-20T16:11:00+00:00\",\"dateModified\":\"2024-05-07T09:49:34+00:00\",\"mainEntityOfPage\":{\"@id\":\"https:\/\/www.mojekonferencje.pl\/blog\/najwieksze-hotele-w-krakowie\/\"},\"wordCount\":1755,\"image\":{\"@id\":\"https:\/\/www.mojekonferencje.pl\/blog\/najwieksze-hotele-w-krakowie\/#primaryimage\"},\"thumbnailUrl\":\"https:\/\/www.mojekonferencje.pl\/blog\/wp-content\/uploads\/2023\/03\/Fotoram.io-13.jpg\",\"keywords\":[\"hotel\",\"hotele\",\"hotele konferencyjne\",\"Krak\u00f3w\"],\"articleSection\":[\"Porady\",\"Travel\",\"Wybieranie miejsca konferencyjnego\"],\"inLanguage\":\"pl-PL\"},{\"@type\":\"WebPage\",\"@id\":\"https:\/\/www.mojekonferencje.pl\/blog\/najwieksze-hotele-w-krakowie\/\",\"url\":\"https:\/\/www.mojekonferencje.pl\/blog\/najwieksze-hotele-w-krakowie\/\",\"name\":\"Najwi\u0119ksze hotele w Krakowie - blog | MojeKonferencje.pl\",\"isPartOf\":{\"@id\":\"https:\/\/www.mojekonferencje.pl\/blog\/#website\"},\"primaryImageOfPage\":{\"@id\":\"https:\/\/www.mojekonferencje.pl\/blog\/najwieksze-hotele-w-krakowie\/#primaryimage\"},\"image\":{\"@id\":\"https:\/\/www.mojekonferencje.pl\/blog\/najwieksze-hotele-w-krakowie\/#primaryimage\"},\"thumbnailUrl\":\"https:\/\/www.mojekonferencje.pl\/blog\/wp-content\/uploads\/2023\/03\/Fotoram.io-13.jpg\",\"datePublished\":\"2023-03-20T16:11:00+00:00\",\"dateModified\":\"2024-05-07T09:49:34+00:00\",\"author\":{\"@id\":\"https:\/\/www.mojekonferencje.pl\/blog\/#\/schema\/person\/d6751ca3c60de9ec17ee21b744bbb2d4\"},\"description\":\"Najwi\u0119ksze hotele w Krakowie - blog | MojeKonferencje.pl\",\"breadcrumb\":{\"@id\":\"https:\/\/www.mojekonferencje.pl\/blog\/najwieksze-hotele-w-krakowie\/#breadcrumb\"},\"inLanguage\":\"pl-PL\",\"potentialAction\":[{\"@type\":\"ReadAction\",\"target\":[\"https:\/\/www.mojekonferencje.pl\/blog\/najwieksze-hotele-w-krakowie\/\"]}]},{\"@type\":\"ImageObject\",\"inLanguage\":\"pl-PL\",\"@id\":\"https:\/\/www.mojekonferencje.pl\/blog\/najwieksze-hotele-w-krakowie\/#primaryimage\",\"url\":\"https:\/\/www.mojekonferencje.pl\/blog\/wp-content\/uploads\/2023\/03\/Fotoram.io-13.jpg\",\"contentUrl\":\"https:\/\/www.mojekonferencje.pl\/blog\/wp-content\/uploads\/2023\/03\/Fotoram.io-13.jpg\",\"width\":1200,\"height\":720},{\"@type\":\"BreadcrumbList\",\"@id\":\"https:\/\/www.mojekonferencje.pl\/blog\/najwieksze-hotele-w-krakowie\/#breadcrumb\",\"itemListElement\":[{\"@type\":\"ListItem\",\"position\":1,\"name\":\"Strona g\u0142\u00f3wna\",\"item\":\"https:\/\/www.mojekonferencje.pl\/blog\/\"},{\"@type\":\"ListItem\",\"position\":2,\"name\":\"Najwi\u0119ksze hotele w Krakowie\"}]},{\"@type\":\"WebSite\",\"@id\":\"https:\/\/www.mojekonferencje.pl\/blog\/#website\",\"url\":\"https:\/\/www.mojekonferencje.pl\/blog\/\",\"name\":\"MojeKonferencje.pl\",\"description\":\"Blog bran\u017cy szkoleniowo-konferencyjnej. W\u0142\u0105cz si\u0119 do dyskusji o obiektach konferencyjnych i nowo\u015bciach z bran\u017cy! Poznaj porady odno\u015bnie organizacji konferencji, szkole\u0144 i event\u00f3w firmowych! Zach\u0119camy do wyra\u017cania opinii oraz komentarzy.\",\"potentialAction\":[{\"@type\":\"SearchAction\",\"target\":{\"@type\":\"EntryPoint\",\"urlTemplate\":\"https:\/\/www.mojekonferencje.pl\/blog\/?s={search_term_string}\"},\"query-input\":{\"@type\":\"PropertyValueSpecification\",\"valueRequired\":true,\"valueName\":\"search_term_string\"}}],\"inLanguage\":\"pl-PL\"},{\"@type\":\"Person\",\"@id\":\"https:\/\/www.mojekonferencje.pl\/blog\/#\/schema\/person\/d6751ca3c60de9ec17ee21b744bbb2d4\",\"name\":\"Olga Stawicka-Iwanowska\",\"description\":\"Head of Marketing z ponad sze\u015bcioletnim do\u015bwiadczeniem w bran\u017cy MICE. Na co dzie\u0144 zajmuje si\u0119 content marketingiem i promocj\u0105 obiekt\u00f3w eventowych, tak aby organizatorzy kongres\u00f3w, targ\u00f3w i konferencji wiedzieli, \u017ce w\u0142a\u015bnie tam warto zrealizowa\u0107 swoje wydarzenie. Prowadzi media spo\u0142eczno\u015bciowe, tworzy strategie komunikacji, pisze artyku\u0142y i dba o sp\u00f3jny wizerunek marki w ka\u017cdym kanale. W swojej pracy \u0142\u0105czy analityczne my\u015blenie z kreatywno\u015bci\u0105 i dobrym copy. Wsp\u00f3\u0142pracuje zar\u00f3wno z organizatorami najwi\u0119kszych wydarze\u0144 w Polsce, jak i z regionalnymi partnerami z bran\u017cy. Po godzinach mi\u0142o\u015bniczka podr\u00f3\u017cy po Europie, dobrej kuchni i klimatycznych miejsc, w kt\u00f3rych mo\u017cna z\u0142apa\u0107 oddech.\",\"sameAs\":[\"http:\/\/MojeKonferencje.pl\",\"https:\/\/www.linkedin.com\/in\/olgastawicka\/\"],\"url\":\"https:\/\/www.mojekonferencje.pl\/blog\/author\/osawicka\/\"}]}<\/script>\n<!-- \/ Yoast SEO plugin. -->","yoast_head_json":{"title":"Najwi\u0119ksze hotele w Krakowie - blog | MojeKonferencje.pl","description":"Najwi\u0119ksze hotele w Krakowie - blog | MojeKonferencje.pl","robots":{"index":"index","follow":"follow","max-snippet":"max-snippet:-1","max-image-preview":"max-image-preview:large","max-video-preview":"max-video-preview:-1"},"canonical":"https:\/\/www.mojekonferencje.pl\/blog\/najwieksze-hotele-w-krakowie\/","og_locale":"pl_PL","og_type":"article","og_title":"Najwi\u0119ksze hotele w Krakowie - blog | MojeKonferencje.pl","og_description":"Najwi\u0119ksze hotele w Krakowie - blog | MojeKonferencje.pl","og_url":"https:\/\/www.mojekonferencje.pl\/blog\/najwieksze-hotele-w-krakowie\/","og_site_name":"MojeKonferencje.pl","article_published_time":"2023-03-20T16:11:00+00:00","article_modified_time":"2024-05-07T09:49:34+00:00","og_image":[{"width":1200,"height":720,"url":"https:\/\/www.mojekonferencje.pl\/blog\/wp-content\/uploads\/2023\/03\/Fotoram.io-13.jpg","type":"image\/jpeg"}],"author":"Olga Stawicka-Iwanowska","twitter_card":"summary_large_image","twitter_misc":{"Napisane przez":"Olga Stawicka-Iwanowska","Szacowany czas czytania":"9 minut"},"schema":{"@context":"https:\/\/schema.org","@graph":[{"@type":"Article","@id":"https:\/\/www.mojekonferencje.pl\/blog\/najwieksze-hotele-w-krakowie\/#article","isPartOf":{"@id":"https:\/\/www.mojekonferencje.pl\/blog\/najwieksze-hotele-w-krakowie\/"},"author":{"name":"Olga Stawicka-Iwanowska","@id":"https:\/\/www.mojekonferencje.pl\/blog\/#\/schema\/person\/d6751ca3c60de9ec17ee21b744bbb2d4"},"headline":"Najwi\u0119ksze hotele w Krakowie","datePublished":"2023-03-20T16:11:00+00:00","dateModified":"2024-05-07T09:49:34+00:00","mainEntityOfPage":{"@id":"https:\/\/www.mojekonferencje.pl\/blog\/najwieksze-hotele-w-krakowie\/"},"wordCount":1755,"image":{"@id":"https:\/\/www.mojekonferencje.pl\/blog\/najwieksze-hotele-w-krakowie\/#primaryimage"},"thumbnailUrl":"https:\/\/www.mojekonferencje.pl\/blog\/wp-content\/uploads\/2023\/03\/Fotoram.io-13.jpg","keywords":["hotel","hotele","hotele konferencyjne","Krak\u00f3w"],"articleSection":["Porady","Travel","Wybieranie miejsca konferencyjnego"],"inLanguage":"pl-PL"},{"@type":"WebPage","@id":"https:\/\/www.mojekonferencje.pl\/blog\/najwieksze-hotele-w-krakowie\/","url":"https:\/\/www.mojekonferencje.pl\/blog\/najwieksze-hotele-w-krakowie\/","name":"Najwi\u0119ksze hotele w Krakowie - blog | MojeKonferencje.pl","isPartOf":{"@id":"https:\/\/www.mojekonferencje.pl\/blog\/#website"},"primaryImageOfPage":{"@id":"https:\/\/www.mojekonferencje.pl\/blog\/najwieksze-hotele-w-krakowie\/#primaryimage"},"image":{"@id":"https:\/\/www.mojekonferencje.pl\/blog\/najwieksze-hotele-w-krakowie\/#primaryimage"},"thumbnailUrl":"https:\/\/www.mojekonferencje.pl\/blog\/wp-content\/uploads\/2023\/03\/Fotoram.io-13.jpg","datePublished":"2023-03-20T16:11:00+00:00","dateModified":"2024-05-07T09:49:34+00:00","author":{"@id":"https:\/\/www.mojekonferencje.pl\/blog\/#\/schema\/person\/d6751ca3c60de9ec17ee21b744bbb2d4"},"description":"Najwi\u0119ksze hotele w Krakowie - blog | MojeKonferencje.pl","breadcrumb":{"@id":"https:\/\/www.mojekonferencje.pl\/blog\/najwieksze-hotele-w-krakowie\/#breadcrumb"},"inLanguage":"pl-PL","potentialAction":[{"@type":"ReadAction","target":["https:\/\/www.mojekonferencje.pl\/blog\/najwieksze-hotele-w-krakowie\/"]}]},{"@type":"ImageObject","inLanguage":"pl-PL","@id":"https:\/\/www.mojekonferencje.pl\/blog\/najwieksze-hotele-w-krakowie\/#primaryimage","url":"https:\/\/www.mojekonferencje.pl\/blog\/wp-content\/uploads\/2023\/03\/Fotoram.io-13.jpg","contentUrl":"https:\/\/www.mojekonferencje.pl\/blog\/wp-content\/uploads\/2023\/03\/Fotoram.io-13.jpg","width":1200,"height":720},{"@type":"BreadcrumbList","@id":"https:\/\/www.mojekonferencje.pl\/blog\/najwieksze-hotele-w-krakowie\/#breadcrumb","itemListElement":[{"@type":"ListItem","position":1,"name":"Strona g\u0142\u00f3wna","item":"https:\/\/www.mojekonferencje.pl\/blog\/"},{"@type":"ListItem","position":2,"name":"Najwi\u0119ksze hotele w Krakowie"}]},{"@type":"WebSite","@id":"https:\/\/www.mojekonferencje.pl\/blog\/#website","url":"https:\/\/www.mojekonferencje.pl\/blog\/","name":"MojeKonferencje.pl","description":"Blog bran\u017cy szkoleniowo-konferencyjnej. W\u0142\u0105cz si\u0119 do dyskusji o obiektach konferencyjnych i nowo\u015bciach z bran\u017cy! Poznaj porady odno\u015bnie organizacji konferencji, szkole\u0144 i event\u00f3w firmowych! Zach\u0119camy do wyra\u017cania opinii oraz komentarzy.","potentialAction":[{"@type":"SearchAction","target":{"@type":"EntryPoint","urlTemplate":"https:\/\/www.mojekonferencje.pl\/blog\/?s={search_term_string}"},"query-input":{"@type":"PropertyValueSpecification","valueRequired":true,"valueName":"search_term_string"}}],"inLanguage":"pl-PL"},{"@type":"Person","@id":"https:\/\/www.mojekonferencje.pl\/blog\/#\/schema\/person\/d6751ca3c60de9ec17ee21b744bbb2d4","name":"Olga Stawicka-Iwanowska","description":"Head of Marketing z ponad sze\u015bcioletnim do\u015bwiadczeniem w bran\u017cy MICE. Na co dzie\u0144 zajmuje si\u0119 content marketingiem i promocj\u0105 obiekt\u00f3w eventowych, tak aby organizatorzy kongres\u00f3w, targ\u00f3w i konferencji wiedzieli, \u017ce w\u0142a\u015bnie tam warto zrealizowa\u0107 swoje wydarzenie. Prowadzi media spo\u0142eczno\u015bciowe, tworzy strategie komunikacji, pisze artyku\u0142y i dba o sp\u00f3jny wizerunek marki w ka\u017cdym kanale. W swojej pracy \u0142\u0105czy analityczne my\u015blenie z kreatywno\u015bci\u0105 i dobrym copy. Wsp\u00f3\u0142pracuje zar\u00f3wno z organizatorami najwi\u0119kszych wydarze\u0144 w Polsce, jak i z regionalnymi partnerami z bran\u017cy. Po godzinach mi\u0142o\u015bniczka podr\u00f3\u017cy po Europie, dobrej kuchni i klimatycznych miejsc, w kt\u00f3rych mo\u017cna z\u0142apa\u0107 oddech.","sameAs":["http:\/\/MojeKonferencje.pl","https:\/\/www.linkedin.com\/in\/olgastawicka\/"],"url":"https:\/\/www.mojekonferencje.pl\/blog\/author\/osawicka\/"}]}},"_links":{"self":[{"href":"https:\/\/www.mojekonferencje.pl\/blog\/wp-json\/wp\/v2\/posts\/3723","targetHints":{"allow":["GET"]}}],"collection":[{"href":"https:\/\/www.mojekonferencje.pl\/blog\/wp-json\/wp\/v2\/posts"}],"about":[{"href":"https:\/\/www.mojekonferencje.pl\/blog\/wp-json\/wp\/v2\/types\/post"}],"author":[{"embeddable":true,"href":"https:\/\/www.mojekonferencje.pl\/blog\/wp-json\/wp\/v2\/users\/9"}],"replies":[{"embeddable":true,"href":"https:\/\/www.mojekonferencje.pl\/blog\/wp-json\/wp\/v2\/comments?post=3723"}],"version-history":[{"count":1,"href":"https:\/\/www.mojekonferencje.pl\/blog\/wp-json\/wp\/v2\/posts\/3723\/revisions"}],"predecessor-version":[{"id":3735,"href":"https:\/\/www.mojekonferencje.pl\/blog\/wp-json\/wp\/v2\/posts\/3723\/revisions\/3735"}],"wp:featuredmedia":[{"embeddable":true,"href":"https:\/\/www.mojekonferencje.pl\/blog\/wp-json\/wp\/v2\/media\/3724"}],"wp:attachment":[{"href":"https:\/\/www.mojekonferencje.pl\/blog\/wp-json\/wp\/v2\/media?parent=3723"}],"wp:term":[{"taxonomy":"category","embeddable":true,"href":"https:\/\/www.mojekonferencje.pl\/blog\/wp-json\/wp\/v2\/categories?post=3723"},{"taxonomy":"post_tag","embeddable":true,"href":"https:\/\/www.mojekonferencje.pl\/blog\/wp-json\/wp\/v2\/tags?post=3723"}],"curies":[{"name":"wp","href":"https:\/\/api.w.org\/{rel}","templated":true}]}}