{"id":3941,"date":"2023-05-24T19:30:00","date_gmt":"2023-05-24T17:30:00","guid":{"rendered":"https:\/\/www.mojekonferencje.pl\/blog\/?p=3941"},"modified":"2024-05-07T11:49:11","modified_gmt":"2024-05-07T09:49:11","slug":"impreza-firmowa-a-employer-branding-czy-organizowanie-imprez-firmowych-wplywa-na-wizerunek-pracodawcy","status":"publish","type":"post","link":"https:\/\/www.mojekonferencje.pl\/blog\/impreza-firmowa-a-employer-branding-czy-organizowanie-imprez-firmowych-wplywa-na-wizerunek-pracodawcy\/","title":{"rendered":"Impreza firmowa a employer branding. Czy organizowanie imprez firmowych wp\u0142ywa na wizerunek pracodawcy?"},"content":{"rendered":"\n<p><strong>Organizacja imprez firmowych to bardzo odpowiedzialne i wa\u017cne zadanie. Wynika z niego wiele korzy\u015bci, w\u015br\u00f3d kt\u00f3rych mo\u017cna wymieni\u0107 m.in. dotarcie do nowych klient\u00f3w czy zacie\u015bnienie wi\u0119zi z dotychczasowymi kontrahentami. Dodatkowo wszelkiego rodzaju eventy firmowe wi\u0105\u017c\u0105 si\u0119 z szeregiem po\u017cytk\u00f3w w zakresie employer brandingu. <\/strong><\/p>\n\n\n\n<p>W tym artykule napiszemy nieco wi\u0119cej o tym,<strong> czym jest employer branding<\/strong>. Zastanowimy si\u0119 te\u017c, jak ma si\u0119 do tego zjawiska organizacja imprez firmowych. Podpowiemy r\u00f3wnie\u017c,<strong> gdzie warto zorganizowa\u0107 eventy<\/strong>, by go\u015bcie zapami\u0119tali je na d\u0142ugie lata. Zach\u0119camy do lektury!<\/p>\n\n\n\n<figure class=\"wp-block-image size-large\"><img loading=\"lazy\" decoding=\"async\" width=\"1024\" height=\"683\" src=\"https:\/\/www.mojekonferencje.pl\/blog\/wp-content\/uploads\/2023\/05\/photo-1425421598808-4a22ce59cc97-1024x683.png\" alt=\"\" class=\"wp-image-3943 lazyload\" data-srcset=\"https:\/\/www.mojekonferencje.pl\/blog\/wp-content\/uploads\/2023\/05\/photo-1425421598808-4a22ce59cc97-1024x683.png 1024w, https:\/\/www.mojekonferencje.pl\/blog\/wp-content\/uploads\/2023\/05\/photo-1425421598808-4a22ce59cc97-300x200.png 300w, https:\/\/www.mojekonferencje.pl\/blog\/wp-content\/uploads\/2023\/05\/photo-1425421598808-4a22ce59cc97-768x512.png 768w, https:\/\/www.mojekonferencje.pl\/blog\/wp-content\/uploads\/2023\/05\/photo-1425421598808-4a22ce59cc97.png 1169w\" sizes=\"auto\" \/><\/figure>\n\n\n\n<h2 class=\"has-text-align-center wp-block-heading\">Organizowanie imprez firmowych<\/h2>\n\n\n\n<p><br><strong>Impreza firmowa<\/strong> w praktyce niejedno ma imi\u0119. Chodzi dok\u0142adnie o to, \u017ce eventy mog\u0105 przyjmowa\u0107 r\u00f3\u017cne formy. Jedno jest przy tym pewne &#8211; s\u0105 one organizowane przez konkretne przedsi\u0119biorstwo. Zazwyczaj jest skierowane do: wsp\u00f3\u0142pracownik\u00f3w, kontrahent\u00f3w, pracownik\u00f3w i ich rodzin, potencjalnych klient\u00f3w oraz dla medi\u00f3w. Tego typu spotkania, jak ju\u017c zosta\u0142o to zaznaczone we wst\u0119pie, sprzyjaj\u0105 zacie\u015bnianiu relacji w\u015br\u00f3d pracownik\u00f3w, a tak\u017ce zwi\u0119kszaj\u0105 lojalno\u015b\u0107 kontrahent\u00f3w. Rezultatem jest oczywi\u015bcie bardziej efektywna i lepsza wsp\u00f3\u0142praca. <\/p>\n\n\n\n<p>Koniecznie trzeba jednak doda\u0107, \u017ce <strong>organizowanie imprez firmowych<\/strong> to d\u0142ugotrwa\u0142y proces, kt\u00f3ry musi by\u0107 odpowiednio zaplanowany. Kluczowe jest znalezienie odpowiedniego miejsca na event, zapewnienie ciekawych atrakcji czy wyb\u00f3r takiego terminu spotkania, kt\u00f3ry nie b\u0119dzie kolidowa\u0142 np. ze \u015bwi\u0119tami czy innymi wa\u017cnymi wydarzeniami. Jeste\u015bmy przekonani, \u017ce odpowiednie zaplanowanie eventu oraz sprawiedliwy podzia\u0142 obowi\u0105zk\u00f3w w\u015br\u00f3d organizator\u00f3w to klucz do sukcesu ka\u017cdej imprezy!<\/p>\n\n\n\n<figure class=\"wp-block-image size-large\"><img loading=\"lazy\" decoding=\"async\" width=\"1024\" height=\"505\" src=\"https:\/\/www.mojekonferencje.pl\/blog\/wp-content\/uploads\/2023\/05\/photo-1468234847176-28606331216a-1024x505.png\" alt=\"\" class=\"wp-image-3944 lazyload\" data-srcset=\"https:\/\/www.mojekonferencje.pl\/blog\/wp-content\/uploads\/2023\/05\/photo-1468234847176-28606331216a-1024x505.png 1024w, https:\/\/www.mojekonferencje.pl\/blog\/wp-content\/uploads\/2023\/05\/photo-1468234847176-28606331216a-300x148.png 300w, https:\/\/www.mojekonferencje.pl\/blog\/wp-content\/uploads\/2023\/05\/photo-1468234847176-28606331216a-768x379.png 768w, https:\/\/www.mojekonferencje.pl\/blog\/wp-content\/uploads\/2023\/05\/photo-1468234847176-28606331216a-1536x757.png 1536w, https:\/\/www.mojekonferencje.pl\/blog\/wp-content\/uploads\/2023\/05\/photo-1468234847176-28606331216a.png 1777w\" sizes=\"auto\" \/><\/figure>\n\n\n\n<h2 class=\"has-text-align-center wp-block-heading\">Employer branding &#8211; co to jest?<\/h2>\n\n\n\n<p><br>Z pewno\u015bci\u0105 ju\u017c nie raz mia\u0142e\u015b okazj\u0119 spotka\u0107 si\u0119 z poj\u0119ciem <strong>employer brandingu<\/strong>. Ale czy wiesz, co ono dok\u0142adnie oznacza? Z ch\u0119ci\u0105 to wyja\u015bnimy, aby\u015b ju\u017c wi\u0119cej nie musia\u0142 si\u0119 zastanawia\u0107 na temat tego,<strong> employer branding &#8211; co to jest<\/strong>. Ot\u00f3\u017c to budowanie pozytywnego wizerunku firmy jako pracodawcy. Tak naprawd\u0119 na tej definicji mogliby\u015bmy zako\u0144czy\u0107. Zasadne jednak wydaje si\u0119 podanie jeszcze kilku kluczowych informacji, kt\u00f3re jeszcze bardziej rozja\u015bniaj\u0105 EB. Pod tym poj\u0119ciem znajduj\u0105 si\u0119 r\u00f3\u017cnorodne dzia\u0142ania, kt\u00f3re podejmuje firma w celu kreowania wizerunku firmy jako pracodawcy z wyboru. Chodzi wi\u0119c o wdro\u017cenie takich czynno\u015bci, w wyniku kt\u00f3rych dane przedsi\u0119biorstwo b\u0119dzie oceniane jako to, w kt\u00f3rym warto jest pracowa\u0107. <\/p>\n\n\n\n<p>Literatura przedmiotu wyra\u017anie wskazuje na pewien <strong>podzia\u0142 employer brandingu<\/strong>, wskazuj\u0105c na aspekty wewn\u0119trzne oraz zewn\u0119trzne. Pierwszy z nich odnosi si\u0119 bezpo\u015brednio do budowania pozytywnego wizerunku firmy w\u015br\u00f3d pracownik\u00f3w, by ka\u017cdemu pracowa\u0142o si\u0119 przyjemnie. <strong>Employer branding zewn\u0119trzny <\/strong>z kolei skupiony jest na kreowaniu pozytywnych odczu\u0107 u os\u00f3b, kt\u00f3re jeszcze nie pracuj\u0105 w danej firmie. \u00d3w aspekt najcz\u0119\u015bciej wykorzystuje si\u0119, by udowodni\u0107 potencjalnym kandydatom, \u017ce w przedsi\u0119biorstwie warto jest pracowa\u0107.<\/p>\n\n\n\n<figure class=\"wp-block-image size-large\"><img loading=\"lazy\" decoding=\"async\" width=\"1024\" height=\"683\" src=\"https:\/\/www.mojekonferencje.pl\/blog\/wp-content\/uploads\/2023\/05\/photo-1528605248644-14dd04022da1-1024x683.png\" alt=\"\" class=\"wp-image-3945 lazyload\" data-srcset=\"https:\/\/www.mojekonferencje.pl\/blog\/wp-content\/uploads\/2023\/05\/photo-1528605248644-14dd04022da1-1024x683.png 1024w, https:\/\/www.mojekonferencje.pl\/blog\/wp-content\/uploads\/2023\/05\/photo-1528605248644-14dd04022da1-300x200.png 300w, https:\/\/www.mojekonferencje.pl\/blog\/wp-content\/uploads\/2023\/05\/photo-1528605248644-14dd04022da1-768x512.png 768w, https:\/\/www.mojekonferencje.pl\/blog\/wp-content\/uploads\/2023\/05\/photo-1528605248644-14dd04022da1.png 1170w\" sizes=\"auto\" \/><\/figure>\n\n\n\n<h2 class=\"has-text-align-center wp-block-heading\">Budowanie wizerunku pracodawcy<\/h2>\n\n\n\n<p><br><strong>Wizerunek pracodawcy<\/strong> to bardzo wa\u017cna sprawa, o czym z pewno\u015bci\u0105 wie przedstawiciel ka\u017cdego przedsi\u0119biorstwa. Niemniej jednak samo <strong>budowanie wizerunku pracodawcy<\/strong> to d\u0142uga i momentami kr\u0119ta droga, podczas kt\u00f3rej nade wszystko licz\u0105 si\u0119: wytrwa\u0142o\u015b\u0107, odwaga i pomys\u0142owo\u015b\u0107. <\/p>\n\n\n\n<p>W kontek\u015bcie tego artyku\u0142u podkre\u015blenia wymaga fakt, i\u017c <strong>impreza firmowa<\/strong> stanowi jedno z takich dzia\u0142a\u0144, kt\u00f3re w bezpo\u015bredni spos\u00f3b wspomagaj\u0105 <strong>employer branding<\/strong>. Mo\u017cna tutaj wymieni\u0107 organizacj\u0119 m.in. piknik\u00f3w firmowych, konferencji, targ\u00f3w, gal czy bankiet\u00f3w, kt\u00f3re b\u0119d\u0105 zrzesza\u0142y zar\u00f3wno obecnych obecnych pracownik\u00f3w i kontrahent\u00f3w, jak i tych przysz\u0142ych. Organizacja takich spotka\u0144 to odpowiednia droga do tego, aby o danej firmie us\u0142ysza\u0142o jak najwi\u0119cej os\u00f3b. Czy \u015bwietna impreza prze\u0142o\u017cy si\u0119 to na pozytywny wizerunek przedsi\u0119biorstwa? Nie mamy co do tego najmniejszych w\u0105tpliwo\u015bci!<\/p>\n\n\n\n<figure class=\"wp-block-image size-large\"><img loading=\"lazy\" decoding=\"async\" width=\"1024\" height=\"683\" src=\"https:\/\/www.mojekonferencje.pl\/blog\/wp-content\/uploads\/2023\/05\/photo-1565130936029-a26a11ecc813-1024x683.png\" alt=\"\" class=\"wp-image-3946 lazyload\" data-srcset=\"https:\/\/www.mojekonferencje.pl\/blog\/wp-content\/uploads\/2023\/05\/photo-1565130936029-a26a11ecc813-1024x683.png 1024w, https:\/\/www.mojekonferencje.pl\/blog\/wp-content\/uploads\/2023\/05\/photo-1565130936029-a26a11ecc813-300x200.png 300w, https:\/\/www.mojekonferencje.pl\/blog\/wp-content\/uploads\/2023\/05\/photo-1565130936029-a26a11ecc813-768x512.png 768w, https:\/\/www.mojekonferencje.pl\/blog\/wp-content\/uploads\/2023\/05\/photo-1565130936029-a26a11ecc813.png 1170w\" sizes=\"auto\" \/><\/figure>\n\n\n\n<h2 class=\"has-text-align-center wp-block-heading\">Gdzie zorganizowa\u0107 imprez\u0119 firmow\u0105?<\/h2>\n\n\n\n<p><br>Wiesz, jak wa\u017cne s\u0105 imprezy firmowe w zakresie dzia\u0142a\u0144 EB.  By\u0107 mo\u017ce jednak zastanawiasz si\u0119, gdzie najlepiej jest organizowa\u0107 takie eventy. Spieszymy zatem z odpowiedzi\u0105! Wiele oczywi\u015bcie zale\u017cy od indywidualnych preferencji organizator\u00f3w, lokalizacji, liczby go\u015bci czy terminu spotkania. Niemniej jednak szczeg\u00f3lnie polecamy <a href=\"https:\/\/www.mojekonferencje.pl\/obiekty-konferencyjne-na-mazurach\">hotele na imprez\u0119 firmow\u0105 na Mazurach<\/a>, w kt\u00f3rych to mo\u017cna w doskona\u0142ych proporcjach po\u0142\u0105czy\u0107 prac\u0119 z wypoczynkiem. <\/p>\n\n\n\n<p>Je\u015bli jednak jeste\u015b mi\u0142o\u015bnikiem klimatycznych miejsc i chcesz zaskoczy\u0107 swoich go\u015bci, to polecamy wzi\u0105\u0107 pod uwag\u0119<a href=\"https:\/\/www.mojekonferencje.pl\/palace-dworki-zamki\"> pa\u0142ace na imprez\u0119 firmow\u0105<\/a>. Wiele event\u00f3w odbywa si\u0119 te\u017c w centralnej Polsce lub w pobli\u017cu stolicy. Tam r\u00f3wnie\u017c nie brakuje ciekawych miejsc &#8211; je\u015bli chcesz je pozna\u0107, przeczytah artyku\u0142, w kt\u00f3rym podpowiedzieli\u015bmy, <a href=\"https:\/\/www.mojekonferencje.pl\/blog\/imprezy-okolicznosciowe-warszawa-i-okolice\/\">gdzie zorganizowa\u0107 imprezy okoliczno\u015bciowe w Warszawie i okolicy<\/a>.<\/p>\n\n\n\n<figure class=\"wp-block-image size-large\"><img loading=\"lazy\" decoding=\"async\" width=\"1024\" height=\"683\" src=\"https:\/\/www.mojekonferencje.pl\/blog\/wp-content\/uploads\/2023\/05\/photo-1560523160-c4ef2f0c61a9-1024x683.png\" alt=\"\" class=\"wp-image-3947 lazyload\" data-srcset=\"https:\/\/www.mojekonferencje.pl\/blog\/wp-content\/uploads\/2023\/05\/photo-1560523160-c4ef2f0c61a9-1024x683.png 1024w, https:\/\/www.mojekonferencje.pl\/blog\/wp-content\/uploads\/2023\/05\/photo-1560523160-c4ef2f0c61a9-300x200.png 300w, https:\/\/www.mojekonferencje.pl\/blog\/wp-content\/uploads\/2023\/05\/photo-1560523160-c4ef2f0c61a9-768x512.png 768w, https:\/\/www.mojekonferencje.pl\/blog\/wp-content\/uploads\/2023\/05\/photo-1560523160-c4ef2f0c61a9.png 1170w\" sizes=\"auto\" \/><\/figure>\n","protected":false},"excerpt":{"rendered":"<p>Czym jest employer branding i w jaki spos\u00f3b \u0142\u0105czy si\u0119 z organizacj\u0105 imprez firmowych? Przeczytaj ten artyku\u0142 i dowiedz si\u0119, jak eventy wp\u0142ywaj\u0105 na wizerunek pracodawcy.<\/p>\n","protected":false},"author":9,"featured_media":3942,"comment_status":"closed","ping_status":"closed","sticky":false,"template":"","format":"standard","meta":{"_acf_changed":false,"footnotes":""},"categories":[8,7],"tags":[353,354],"class_list":["post-3941","post","type-post","status-publish","format-standard","has-post-thumbnail","hentry","category-porady","category-wydarzenia","tag-organizacja-imprez","tag-organizacja-wydarzen"],"acf":[],"yoast_head":"<!-- This site is optimized with the Yoast SEO plugin v27.1.1 - https:\/\/yoast.com\/product\/yoast-seo-wordpress\/ -->\n<title>Impreza firmowa a employer branding. Czy organizowanie imprez firmowych wp\u0142ywa na wizerunek pracodawcy? - blog | MojeKonferencje.pl<\/title>\n<meta name=\"description\" content=\"Impreza firmowa a employer branding. Czy organizowanie imprez firmowych wp\u0142ywa na wizerunek pracodawcy? - blog | MojeKonferencje.pl\" \/>\n<meta name=\"robots\" content=\"index, follow, max-snippet:-1, max-image-preview:large, max-video-preview:-1\" \/>\n<link rel=\"canonical\" href=\"https:\/\/www.mojekonferencje.pl\/blog\/impreza-firmowa-a-employer-branding-czy-organizowanie-imprez-firmowych-wplywa-na-wizerunek-pracodawcy\/\" \/>\n<meta property=\"og:locale\" content=\"pl_PL\" \/>\n<meta property=\"og:type\" content=\"article\" \/>\n<meta property=\"og:title\" content=\"Impreza firmowa a employer branding. Czy organizowanie imprez firmowych wp\u0142ywa na wizerunek pracodawcy? - blog | MojeKonferencje.pl\" \/>\n<meta property=\"og:description\" content=\"Impreza firmowa a employer branding. Czy organizowanie imprez firmowych wp\u0142ywa na wizerunek pracodawcy? - blog | MojeKonferencje.pl\" \/>\n<meta property=\"og:url\" content=\"https:\/\/www.mojekonferencje.pl\/blog\/impreza-firmowa-a-employer-branding-czy-organizowanie-imprez-firmowych-wplywa-na-wizerunek-pracodawcy\/\" \/>\n<meta property=\"og:site_name\" content=\"MojeKonferencje.pl\" \/>\n<meta property=\"article:published_time\" content=\"2023-05-24T17:30:00+00:00\" \/>\n<meta property=\"article:modified_time\" content=\"2024-05-07T09:49:11+00:00\" \/>\n<meta property=\"og:image\" content=\"https:\/\/www.mojekonferencje.pl\/blog\/wp-content\/uploads\/2023\/05\/photo-1613109040825-b5f764066305.png\" \/>\n\t<meta property=\"og:image:width\" content=\"1170\" \/>\n\t<meta property=\"og:image:height\" content=\"780\" \/>\n\t<meta property=\"og:image:type\" content=\"image\/png\" \/>\n<meta name=\"author\" content=\"Olga Stawicka-Iwanowska\" \/>\n<meta name=\"twitter:card\" content=\"summary_large_image\" \/>\n<meta name=\"twitter:label1\" content=\"Napisane przez\" \/>\n\t<meta name=\"twitter:data1\" content=\"Olga Stawicka-Iwanowska\" \/>\n\t<meta name=\"twitter:label2\" content=\"Szacowany czas czytania\" \/>\n\t<meta name=\"twitter:data2\" content=\"4 minuty\" \/>\n<script type=\"application\/ld+json\" class=\"yoast-schema-graph\">{\"@context\":\"https:\/\/schema.org\",\"@graph\":[{\"@type\":\"Article\",\"@id\":\"https:\/\/www.mojekonferencje.pl\/blog\/impreza-firmowa-a-employer-branding-czy-organizowanie-imprez-firmowych-wplywa-na-wizerunek-pracodawcy\/#article\",\"isPartOf\":{\"@id\":\"https:\/\/www.mojekonferencje.pl\/blog\/impreza-firmowa-a-employer-branding-czy-organizowanie-imprez-firmowych-wplywa-na-wizerunek-pracodawcy\/\"},\"author\":{\"name\":\"Olga Stawicka-Iwanowska\",\"@id\":\"https:\/\/www.mojekonferencje.pl\/blog\/#\/schema\/person\/d6751ca3c60de9ec17ee21b744bbb2d4\"},\"headline\":\"Impreza firmowa a employer branding. Czy organizowanie imprez firmowych wp\u0142ywa na wizerunek pracodawcy?\",\"datePublished\":\"2023-05-24T17:30:00+00:00\",\"dateModified\":\"2024-05-07T09:49:11+00:00\",\"mainEntityOfPage\":{\"@id\":\"https:\/\/www.mojekonferencje.pl\/blog\/impreza-firmowa-a-employer-branding-czy-organizowanie-imprez-firmowych-wplywa-na-wizerunek-pracodawcy\/\"},\"wordCount\":803,\"image\":{\"@id\":\"https:\/\/www.mojekonferencje.pl\/blog\/impreza-firmowa-a-employer-branding-czy-organizowanie-imprez-firmowych-wplywa-na-wizerunek-pracodawcy\/#primaryimage\"},\"thumbnailUrl\":\"https:\/\/www.mojekonferencje.pl\/blog\/wp-content\/uploads\/2023\/05\/photo-1613109040825-b5f764066305.png\",\"keywords\":[\"organizacja imprez\",\"organizacja wydarze\u0144\"],\"articleSection\":[\"Porady\",\"Wydarzenia\"],\"inLanguage\":\"pl-PL\"},{\"@type\":\"WebPage\",\"@id\":\"https:\/\/www.mojekonferencje.pl\/blog\/impreza-firmowa-a-employer-branding-czy-organizowanie-imprez-firmowych-wplywa-na-wizerunek-pracodawcy\/\",\"url\":\"https:\/\/www.mojekonferencje.pl\/blog\/impreza-firmowa-a-employer-branding-czy-organizowanie-imprez-firmowych-wplywa-na-wizerunek-pracodawcy\/\",\"name\":\"Impreza firmowa a employer branding. Czy organizowanie imprez firmowych wp\u0142ywa na wizerunek pracodawcy? - blog | MojeKonferencje.pl\",\"isPartOf\":{\"@id\":\"https:\/\/www.mojekonferencje.pl\/blog\/#website\"},\"primaryImageOfPage\":{\"@id\":\"https:\/\/www.mojekonferencje.pl\/blog\/impreza-firmowa-a-employer-branding-czy-organizowanie-imprez-firmowych-wplywa-na-wizerunek-pracodawcy\/#primaryimage\"},\"image\":{\"@id\":\"https:\/\/www.mojekonferencje.pl\/blog\/impreza-firmowa-a-employer-branding-czy-organizowanie-imprez-firmowych-wplywa-na-wizerunek-pracodawcy\/#primaryimage\"},\"thumbnailUrl\":\"https:\/\/www.mojekonferencje.pl\/blog\/wp-content\/uploads\/2023\/05\/photo-1613109040825-b5f764066305.png\",\"datePublished\":\"2023-05-24T17:30:00+00:00\",\"dateModified\":\"2024-05-07T09:49:11+00:00\",\"author\":{\"@id\":\"https:\/\/www.mojekonferencje.pl\/blog\/#\/schema\/person\/d6751ca3c60de9ec17ee21b744bbb2d4\"},\"description\":\"Impreza firmowa a employer branding. Czy organizowanie imprez firmowych wp\u0142ywa na wizerunek pracodawcy? - blog | MojeKonferencje.pl\",\"breadcrumb\":{\"@id\":\"https:\/\/www.mojekonferencje.pl\/blog\/impreza-firmowa-a-employer-branding-czy-organizowanie-imprez-firmowych-wplywa-na-wizerunek-pracodawcy\/#breadcrumb\"},\"inLanguage\":\"pl-PL\",\"potentialAction\":[{\"@type\":\"ReadAction\",\"target\":[\"https:\/\/www.mojekonferencje.pl\/blog\/impreza-firmowa-a-employer-branding-czy-organizowanie-imprez-firmowych-wplywa-na-wizerunek-pracodawcy\/\"]}]},{\"@type\":\"ImageObject\",\"inLanguage\":\"pl-PL\",\"@id\":\"https:\/\/www.mojekonferencje.pl\/blog\/impreza-firmowa-a-employer-branding-czy-organizowanie-imprez-firmowych-wplywa-na-wizerunek-pracodawcy\/#primaryimage\",\"url\":\"https:\/\/www.mojekonferencje.pl\/blog\/wp-content\/uploads\/2023\/05\/photo-1613109040825-b5f764066305.png\",\"contentUrl\":\"https:\/\/www.mojekonferencje.pl\/blog\/wp-content\/uploads\/2023\/05\/photo-1613109040825-b5f764066305.png\",\"width\":1170,\"height\":780},{\"@type\":\"BreadcrumbList\",\"@id\":\"https:\/\/www.mojekonferencje.pl\/blog\/impreza-firmowa-a-employer-branding-czy-organizowanie-imprez-firmowych-wplywa-na-wizerunek-pracodawcy\/#breadcrumb\",\"itemListElement\":[{\"@type\":\"ListItem\",\"position\":1,\"name\":\"Strona g\u0142\u00f3wna\",\"item\":\"https:\/\/www.mojekonferencje.pl\/blog\/\"},{\"@type\":\"ListItem\",\"position\":2,\"name\":\"Impreza firmowa a employer branding. Czy organizowanie imprez firmowych wp\u0142ywa na wizerunek pracodawcy?\"}]},{\"@type\":\"WebSite\",\"@id\":\"https:\/\/www.mojekonferencje.pl\/blog\/#website\",\"url\":\"https:\/\/www.mojekonferencje.pl\/blog\/\",\"name\":\"MojeKonferencje.pl\",\"description\":\"Blog bran\u017cy szkoleniowo-konferencyjnej. W\u0142\u0105cz si\u0119 do dyskusji o obiektach konferencyjnych i nowo\u015bciach z bran\u017cy! Poznaj porady odno\u015bnie organizacji konferencji, szkole\u0144 i event\u00f3w firmowych! Zach\u0119camy do wyra\u017cania opinii oraz komentarzy.\",\"potentialAction\":[{\"@type\":\"SearchAction\",\"target\":{\"@type\":\"EntryPoint\",\"urlTemplate\":\"https:\/\/www.mojekonferencje.pl\/blog\/?s={search_term_string}\"},\"query-input\":{\"@type\":\"PropertyValueSpecification\",\"valueRequired\":true,\"valueName\":\"search_term_string\"}}],\"inLanguage\":\"pl-PL\"},{\"@type\":\"Person\",\"@id\":\"https:\/\/www.mojekonferencje.pl\/blog\/#\/schema\/person\/d6751ca3c60de9ec17ee21b744bbb2d4\",\"name\":\"Olga Stawicka-Iwanowska\",\"description\":\"Head of Marketing z ponad sze\u015bcioletnim do\u015bwiadczeniem w bran\u017cy MICE. Na co dzie\u0144 zajmuje si\u0119 content marketingiem i promocj\u0105 obiekt\u00f3w eventowych, tak aby organizatorzy kongres\u00f3w, targ\u00f3w i konferencji wiedzieli, \u017ce w\u0142a\u015bnie tam warto zrealizowa\u0107 swoje wydarzenie. Prowadzi media spo\u0142eczno\u015bciowe, tworzy strategie komunikacji, pisze artyku\u0142y i dba o sp\u00f3jny wizerunek marki w ka\u017cdym kanale. W swojej pracy \u0142\u0105czy analityczne my\u015blenie z kreatywno\u015bci\u0105 i dobrym copy. Wsp\u00f3\u0142pracuje zar\u00f3wno z organizatorami najwi\u0119kszych wydarze\u0144 w Polsce, jak i z regionalnymi partnerami z bran\u017cy. Po godzinach mi\u0142o\u015bniczka podr\u00f3\u017cy po Europie, dobrej kuchni i klimatycznych miejsc, w kt\u00f3rych mo\u017cna z\u0142apa\u0107 oddech.\",\"sameAs\":[\"http:\/\/MojeKonferencje.pl\",\"https:\/\/www.linkedin.com\/in\/olgastawicka\/\"],\"url\":\"https:\/\/www.mojekonferencje.pl\/blog\/author\/osawicka\/\"}]}<\/script>\n<!-- \/ Yoast SEO plugin. -->","yoast_head_json":{"title":"Impreza firmowa a employer branding. Czy organizowanie imprez firmowych wp\u0142ywa na wizerunek pracodawcy? - blog | MojeKonferencje.pl","description":"Impreza firmowa a employer branding. Czy organizowanie imprez firmowych wp\u0142ywa na wizerunek pracodawcy? - blog | MojeKonferencje.pl","robots":{"index":"index","follow":"follow","max-snippet":"max-snippet:-1","max-image-preview":"max-image-preview:large","max-video-preview":"max-video-preview:-1"},"canonical":"https:\/\/www.mojekonferencje.pl\/blog\/impreza-firmowa-a-employer-branding-czy-organizowanie-imprez-firmowych-wplywa-na-wizerunek-pracodawcy\/","og_locale":"pl_PL","og_type":"article","og_title":"Impreza firmowa a employer branding. Czy organizowanie imprez firmowych wp\u0142ywa na wizerunek pracodawcy? - blog | MojeKonferencje.pl","og_description":"Impreza firmowa a employer branding. Czy organizowanie imprez firmowych wp\u0142ywa na wizerunek pracodawcy? - blog | MojeKonferencje.pl","og_url":"https:\/\/www.mojekonferencje.pl\/blog\/impreza-firmowa-a-employer-branding-czy-organizowanie-imprez-firmowych-wplywa-na-wizerunek-pracodawcy\/","og_site_name":"MojeKonferencje.pl","article_published_time":"2023-05-24T17:30:00+00:00","article_modified_time":"2024-05-07T09:49:11+00:00","og_image":[{"width":1170,"height":780,"url":"https:\/\/www.mojekonferencje.pl\/blog\/wp-content\/uploads\/2023\/05\/photo-1613109040825-b5f764066305.png","type":"image\/png"}],"author":"Olga Stawicka-Iwanowska","twitter_card":"summary_large_image","twitter_misc":{"Napisane przez":"Olga Stawicka-Iwanowska","Szacowany czas czytania":"4 minuty"},"schema":{"@context":"https:\/\/schema.org","@graph":[{"@type":"Article","@id":"https:\/\/www.mojekonferencje.pl\/blog\/impreza-firmowa-a-employer-branding-czy-organizowanie-imprez-firmowych-wplywa-na-wizerunek-pracodawcy\/#article","isPartOf":{"@id":"https:\/\/www.mojekonferencje.pl\/blog\/impreza-firmowa-a-employer-branding-czy-organizowanie-imprez-firmowych-wplywa-na-wizerunek-pracodawcy\/"},"author":{"name":"Olga Stawicka-Iwanowska","@id":"https:\/\/www.mojekonferencje.pl\/blog\/#\/schema\/person\/d6751ca3c60de9ec17ee21b744bbb2d4"},"headline":"Impreza firmowa a employer branding. Czy organizowanie imprez firmowych wp\u0142ywa na wizerunek pracodawcy?","datePublished":"2023-05-24T17:30:00+00:00","dateModified":"2024-05-07T09:49:11+00:00","mainEntityOfPage":{"@id":"https:\/\/www.mojekonferencje.pl\/blog\/impreza-firmowa-a-employer-branding-czy-organizowanie-imprez-firmowych-wplywa-na-wizerunek-pracodawcy\/"},"wordCount":803,"image":{"@id":"https:\/\/www.mojekonferencje.pl\/blog\/impreza-firmowa-a-employer-branding-czy-organizowanie-imprez-firmowych-wplywa-na-wizerunek-pracodawcy\/#primaryimage"},"thumbnailUrl":"https:\/\/www.mojekonferencje.pl\/blog\/wp-content\/uploads\/2023\/05\/photo-1613109040825-b5f764066305.png","keywords":["organizacja imprez","organizacja wydarze\u0144"],"articleSection":["Porady","Wydarzenia"],"inLanguage":"pl-PL"},{"@type":"WebPage","@id":"https:\/\/www.mojekonferencje.pl\/blog\/impreza-firmowa-a-employer-branding-czy-organizowanie-imprez-firmowych-wplywa-na-wizerunek-pracodawcy\/","url":"https:\/\/www.mojekonferencje.pl\/blog\/impreza-firmowa-a-employer-branding-czy-organizowanie-imprez-firmowych-wplywa-na-wizerunek-pracodawcy\/","name":"Impreza firmowa a employer branding. Czy organizowanie imprez firmowych wp\u0142ywa na wizerunek pracodawcy? - blog | MojeKonferencje.pl","isPartOf":{"@id":"https:\/\/www.mojekonferencje.pl\/blog\/#website"},"primaryImageOfPage":{"@id":"https:\/\/www.mojekonferencje.pl\/blog\/impreza-firmowa-a-employer-branding-czy-organizowanie-imprez-firmowych-wplywa-na-wizerunek-pracodawcy\/#primaryimage"},"image":{"@id":"https:\/\/www.mojekonferencje.pl\/blog\/impreza-firmowa-a-employer-branding-czy-organizowanie-imprez-firmowych-wplywa-na-wizerunek-pracodawcy\/#primaryimage"},"thumbnailUrl":"https:\/\/www.mojekonferencje.pl\/blog\/wp-content\/uploads\/2023\/05\/photo-1613109040825-b5f764066305.png","datePublished":"2023-05-24T17:30:00+00:00","dateModified":"2024-05-07T09:49:11+00:00","author":{"@id":"https:\/\/www.mojekonferencje.pl\/blog\/#\/schema\/person\/d6751ca3c60de9ec17ee21b744bbb2d4"},"description":"Impreza firmowa a employer branding. Czy organizowanie imprez firmowych wp\u0142ywa na wizerunek pracodawcy? - blog | MojeKonferencje.pl","breadcrumb":{"@id":"https:\/\/www.mojekonferencje.pl\/blog\/impreza-firmowa-a-employer-branding-czy-organizowanie-imprez-firmowych-wplywa-na-wizerunek-pracodawcy\/#breadcrumb"},"inLanguage":"pl-PL","potentialAction":[{"@type":"ReadAction","target":["https:\/\/www.mojekonferencje.pl\/blog\/impreza-firmowa-a-employer-branding-czy-organizowanie-imprez-firmowych-wplywa-na-wizerunek-pracodawcy\/"]}]},{"@type":"ImageObject","inLanguage":"pl-PL","@id":"https:\/\/www.mojekonferencje.pl\/blog\/impreza-firmowa-a-employer-branding-czy-organizowanie-imprez-firmowych-wplywa-na-wizerunek-pracodawcy\/#primaryimage","url":"https:\/\/www.mojekonferencje.pl\/blog\/wp-content\/uploads\/2023\/05\/photo-1613109040825-b5f764066305.png","contentUrl":"https:\/\/www.mojekonferencje.pl\/blog\/wp-content\/uploads\/2023\/05\/photo-1613109040825-b5f764066305.png","width":1170,"height":780},{"@type":"BreadcrumbList","@id":"https:\/\/www.mojekonferencje.pl\/blog\/impreza-firmowa-a-employer-branding-czy-organizowanie-imprez-firmowych-wplywa-na-wizerunek-pracodawcy\/#breadcrumb","itemListElement":[{"@type":"ListItem","position":1,"name":"Strona g\u0142\u00f3wna","item":"https:\/\/www.mojekonferencje.pl\/blog\/"},{"@type":"ListItem","position":2,"name":"Impreza firmowa a employer branding. Czy organizowanie imprez firmowych wp\u0142ywa na wizerunek pracodawcy?"}]},{"@type":"WebSite","@id":"https:\/\/www.mojekonferencje.pl\/blog\/#website","url":"https:\/\/www.mojekonferencje.pl\/blog\/","name":"MojeKonferencje.pl","description":"Blog bran\u017cy szkoleniowo-konferencyjnej. W\u0142\u0105cz si\u0119 do dyskusji o obiektach konferencyjnych i nowo\u015bciach z bran\u017cy! Poznaj porady odno\u015bnie organizacji konferencji, szkole\u0144 i event\u00f3w firmowych! Zach\u0119camy do wyra\u017cania opinii oraz komentarzy.","potentialAction":[{"@type":"SearchAction","target":{"@type":"EntryPoint","urlTemplate":"https:\/\/www.mojekonferencje.pl\/blog\/?s={search_term_string}"},"query-input":{"@type":"PropertyValueSpecification","valueRequired":true,"valueName":"search_term_string"}}],"inLanguage":"pl-PL"},{"@type":"Person","@id":"https:\/\/www.mojekonferencje.pl\/blog\/#\/schema\/person\/d6751ca3c60de9ec17ee21b744bbb2d4","name":"Olga Stawicka-Iwanowska","description":"Head of Marketing z ponad sze\u015bcioletnim do\u015bwiadczeniem w bran\u017cy MICE. Na co dzie\u0144 zajmuje si\u0119 content marketingiem i promocj\u0105 obiekt\u00f3w eventowych, tak aby organizatorzy kongres\u00f3w, targ\u00f3w i konferencji wiedzieli, \u017ce w\u0142a\u015bnie tam warto zrealizowa\u0107 swoje wydarzenie. Prowadzi media spo\u0142eczno\u015bciowe, tworzy strategie komunikacji, pisze artyku\u0142y i dba o sp\u00f3jny wizerunek marki w ka\u017cdym kanale. W swojej pracy \u0142\u0105czy analityczne my\u015blenie z kreatywno\u015bci\u0105 i dobrym copy. Wsp\u00f3\u0142pracuje zar\u00f3wno z organizatorami najwi\u0119kszych wydarze\u0144 w Polsce, jak i z regionalnymi partnerami z bran\u017cy. Po godzinach mi\u0142o\u015bniczka podr\u00f3\u017cy po Europie, dobrej kuchni i klimatycznych miejsc, w kt\u00f3rych mo\u017cna z\u0142apa\u0107 oddech.","sameAs":["http:\/\/MojeKonferencje.pl","https:\/\/www.linkedin.com\/in\/olgastawicka\/"],"url":"https:\/\/www.mojekonferencje.pl\/blog\/author\/osawicka\/"}]}},"_links":{"self":[{"href":"https:\/\/www.mojekonferencje.pl\/blog\/wp-json\/wp\/v2\/posts\/3941","targetHints":{"allow":["GET"]}}],"collection":[{"href":"https:\/\/www.mojekonferencje.pl\/blog\/wp-json\/wp\/v2\/posts"}],"about":[{"href":"https:\/\/www.mojekonferencje.pl\/blog\/wp-json\/wp\/v2\/types\/post"}],"author":[{"embeddable":true,"href":"https:\/\/www.mojekonferencje.pl\/blog\/wp-json\/wp\/v2\/users\/9"}],"replies":[{"embeddable":true,"href":"https:\/\/www.mojekonferencje.pl\/blog\/wp-json\/wp\/v2\/comments?post=3941"}],"version-history":[{"count":2,"href":"https:\/\/www.mojekonferencje.pl\/blog\/wp-json\/wp\/v2\/posts\/3941\/revisions"}],"predecessor-version":[{"id":3949,"href":"https:\/\/www.mojekonferencje.pl\/blog\/wp-json\/wp\/v2\/posts\/3941\/revisions\/3949"}],"wp:featuredmedia":[{"embeddable":true,"href":"https:\/\/www.mojekonferencje.pl\/blog\/wp-json\/wp\/v2\/media\/3942"}],"wp:attachment":[{"href":"https:\/\/www.mojekonferencje.pl\/blog\/wp-json\/wp\/v2\/media?parent=3941"}],"wp:term":[{"taxonomy":"category","embeddable":true,"href":"https:\/\/www.mojekonferencje.pl\/blog\/wp-json\/wp\/v2\/categories?post=3941"},{"taxonomy":"post_tag","embeddable":true,"href":"https:\/\/www.mojekonferencje.pl\/blog\/wp-json\/wp\/v2\/tags?post=3941"}],"curies":[{"name":"wp","href":"https:\/\/api.w.org\/{rel}","templated":true}]}}