{"id":3972,"date":"2023-05-29T19:41:00","date_gmt":"2023-05-29T17:41:00","guid":{"rendered":"https:\/\/www.mojekonferencje.pl\/blog\/?p=3972"},"modified":"2024-05-07T11:49:11","modified_gmt":"2024-05-07T09:49:11","slug":"nietypowe-miejsca-na-event-w-gdansku","status":"publish","type":"post","link":"https:\/\/www.mojekonferencje.pl\/blog\/nietypowe-miejsca-na-event-w-gdansku\/","title":{"rendered":"Nietypowe miejsca na event w Gda\u0144sku"},"content":{"rendered":"\n<p><strong>Nie mamy najmniejszych w\u0105tpliwo\u015bci, \u017ce w\u015br\u00f3d czytelnik\u00f3w naszego bloga znajduj\u0105 si\u0119 mi\u0142o\u015bnicy Tr\u00f3jmiasta! W zwi\u0105zku z tym postanowili\u015bmy zaprezentowa\u0107 nietypowe miejsca na event w Gda\u0144sku, obok kt\u00f3rych trudno jest przej\u015b\u0107 oboj\u0119tnie. Jednocze\u015bnie udowadniamy, \u017ce nadmorskie miejscowo\u015bci maj\u0105 do zaoferowania nie tylko hotele i pensjonaty, ale te\u017c takie miejsca, w kt\u00f3rych to pobyt wspomina si\u0119 przez bardzo d\u0142ugie lata. <\/strong><\/p>\n\n\n\n<p>Zosta\u0144 z nami i poznaj <strong>wyj\u0105tkowe obiekty na wydarzenia w Gda\u0144sku<\/strong>. Reprezentuj\u0105 je:<\/p>\n\n\n\n<figure class=\"wp-block-table\"><table><tbody><tr><td><a href=\"https:\/\/www.mojekonferencje.pl\/gdansk\/progres-event-conference\">Progres Event &amp; Conference<\/a><\/td><td><a href=\"https:\/\/www.mojekonferencje.pl\/gdansk\/muzeum-gdanska\">Muzeum Gda\u0144ska<\/a><\/td><\/tr><tr><td><a href=\"https:\/\/www.mojekonferencje.pl\/gdansk\/stary-manez\">Stary Mane\u017c<\/a><\/td><td><a href=\"https:\/\/www.mojekonferencje.pl\/gdansk\/gdanski-inkubator-przedsiebiorczosci-starter\">Gda\u0144ski Inkubator Przedsi\u0119biorczo\u015bci STARTER<\/a><\/td><\/tr><tr><td><a href=\"https:\/\/www.mojekonferencje.pl\/gdansk\/hevelianum\">Hevelianum<\/a><\/td><td><a href=\"https:\/\/www.mojekonferencje.pl\/gdansk\/gdanski-park-naukowo-technologiczny\">Gda\u0144ski Park Naukowo-Technologiczny<\/a><\/td><\/tr><tr><td><a href=\"https:\/\/www.mojekonferencje.pl\/gdansk\/dok-cesarski\">DOK CESARSKI<\/a><\/td><td><a href=\"https:\/\/www.mojekonferencje.pl\/gdansk\/restauracja-nad-potokiem\">Restauracja Nad Potokiem<\/a><\/td><\/tr><tr><td><a href=\"https:\/\/www.mojekonferencje.pl\/gdansk\/muzeum-sali-bhp-stoczni-gdanskiej\">Muzeum Sali BHP Stoczni Gda\u0144skiej<\/a><\/td><td><a href=\"https:\/\/www.mojekonferencje.pl\/gdansk\/olivia-star\">Olivia Star<\/a><\/td><\/tr><tr><td><a href=\"https:\/\/www.mojekonferencje.pl\/gdansk\/muzeum-ii-wojny-swiatowej\">Muzeum II Wojny \u015awiatowej w Gda\u0144sku<\/a><\/td><td><\/td><\/tr><\/tbody><\/table><\/figure>\n\n\n\n<h2 class=\"wp-block-heading has-text-align-center\"><a href=\"https:\/\/www.mojekonferencje.pl\/gdansk\/progres-event-conference\"><span class=\"has-inline-color has-vivid-purple-color\"><span style=\"text-decoration: underline;\">Progres Event &amp; Conference<\/span><\/span><\/a><\/h2>\n\n\n\n<p><br><strong>Wyj\u0105tkowe obiekty na event w Gda\u0144sku<\/strong> zdecydowanie reprezentuje ten oto obiekt, kt\u00f3ry powsta\u0142 z my\u015bl\u0105 o mi\u0142o\u015bnikach nowoczesnych i designerskich wn\u0119trz. <strong>Progres Event &amp; Conference<\/strong> zapewnia \u015bwietne warunki do organizacji r\u00f3\u017cnorodnych wydarze\u0144. Do dyspozycji go\u015bci oddaje on multifunkcjonaln\u0105 sal\u0119 bankietowo-konferencyjn\u0105, kt\u00f3r\u0105 mo\u017cna podzieli\u0107 na 2 mniejsze sale. Pomieszczenie to jest w pe\u0142ni klimatyzowane, stylowo urz\u0105dzone oraz wyposa\u017cone w wysokiej jako\u015bci sprz\u0119ty multimedialne. <\/p>\n\n\n\n<p>Poza sal\u0105 <strong>Progres Event &amp; Conference <\/strong>zapewnia tak\u017ce przestronne foyer oraz taras. Dewiz\u0105 obiektu jest nic innego, jak praca z pasj\u0105 i zdecydowanie wida\u0107 to na ka\u017cdym kroku! Warto te\u017c doda\u0107, \u017ce <strong>Progres Event &amp; Conference<\/strong> zapewnia wy\u015bmienit\u0105 restauracj\u0119, w kt\u00f3rej mo\u017cna skosztowa\u0107 autorskich potraw.<\/p>\n\n\n\n<figure class=\"wp-block-image size-large\"><img loading=\"lazy\" decoding=\"async\" width=\"1024\" height=\"768\" src=\"https:\/\/www.mojekonferencje.pl\/blog\/wp-content\/uploads\/2023\/06\/1PROGRES-1024x768.jpg\" alt=\"\" class=\"wp-image-3974 lazyload\" data-srcset=\"https:\/\/www.mojekonferencje.pl\/blog\/wp-content\/uploads\/2023\/06\/1PROGRES-1024x768.jpg 1024w, https:\/\/www.mojekonferencje.pl\/blog\/wp-content\/uploads\/2023\/06\/1PROGRES-300x225.jpg 300w, https:\/\/www.mojekonferencje.pl\/blog\/wp-content\/uploads\/2023\/06\/1PROGRES-768x576.jpg 768w, https:\/\/www.mojekonferencje.pl\/blog\/wp-content\/uploads\/2023\/06\/1PROGRES-1536x1152.jpg 1536w, https:\/\/www.mojekonferencje.pl\/blog\/wp-content\/uploads\/2023\/06\/1PROGRES-2048x1536.jpg 2048w\" sizes=\"auto\" \/><\/figure>\n\n\n\n<h2 class=\"wp-block-heading has-text-align-center\"><a href=\"https:\/\/www.mojekonferencje.pl\/gdansk\/stary-manez\"><span class=\"has-inline-color has-vivid-purple-color\"><span style=\"text-decoration: underline;\">Stary Mane\u017c<\/span><\/span><\/a><\/h2>\n\n\n\n<p><br>Jest to kolejny <strong>nietypowy obiekt na event w Gda\u0144sku<\/strong>, kt\u00f3ry robi wra\u017cenie nawet na najbardziej wymagaj\u0105cych go\u015bciach. W obiekcie odbywaj\u0105 si\u0119 r\u00f3\u017cnorodne imprezy muzyczne, konferencje, eventy kulturalne i edukacyjne, kt\u00f3re s\u0142u\u017c\u0105 integracji spo\u0142ecze\u0144stwa. <strong>Stary Mane\u017c <\/strong>dostosowany zosta\u0142 do wsp\u00f3\u0142czesnych standard\u00f3w, a jego designerskie wn\u0119trza sprzyjaj\u0105 mi\u0142emu sp\u0119dzaniu czasu. <\/p>\n\n\n\n<p>Obiekt oferuje ogromn\u0105 sal\u0119 konferencyjno-widowiskowo-koncertow\u0105, kt\u00f3ra pozwala na zaproszenie do 1490 os\u00f3b. Na terenie obiektu dzia\u0142a te\u017c fantastyczna restauracja z barem.<strong> Stary Mane\u017c<\/strong> w dodatku otoczony jest pi\u0119knym parkiem i proponuje go\u015bciom wygodn\u0105 baz\u0119 noclegow\u0105 w hotelu zlokalizowanym na terenie Garnizonu Kultury. Smart Hotel oferuje 198 miejsc noclegowych w 100 nowoczesnych pokojach.<\/p>\n\n\n\n<figure class=\"wp-block-image size-large\"><img loading=\"lazy\" decoding=\"async\" width=\"1024\" height=\"681\" src=\"https:\/\/www.mojekonferencje.pl\/blog\/wp-content\/uploads\/2023\/06\/2MANEZ-1024x681.jpg\" alt=\"\" class=\"wp-image-3975 lazyload\" data-srcset=\"https:\/\/www.mojekonferencje.pl\/blog\/wp-content\/uploads\/2023\/06\/2MANEZ-1024x681.jpg 1024w, https:\/\/www.mojekonferencje.pl\/blog\/wp-content\/uploads\/2023\/06\/2MANEZ-300x200.jpg 300w, https:\/\/www.mojekonferencje.pl\/blog\/wp-content\/uploads\/2023\/06\/2MANEZ-768x511.jpg 768w, https:\/\/www.mojekonferencje.pl\/blog\/wp-content\/uploads\/2023\/06\/2MANEZ.jpg 1105w\" sizes=\"auto\" \/><\/figure>\n\n\n\n<h2 class=\"wp-block-heading has-text-align-center\"><a href=\"https:\/\/www.mojekonferencje.pl\/gdansk\/hevelianum\"><span class=\"has-inline-color has-vivid-purple-color\"><span style=\"text-decoration: underline;\">Hevelianum<\/span><\/span><\/a><\/h2>\n\n\n\n<p><br><strong>Hevelianum <\/strong>to centrum nauki, reprezentuj\u0105ce r\u00f3wnie\u017c <strong>nietypowe obiekty na organizacj\u0119 event\u00f3w w Gda\u0144sku<\/strong>. Mie\u015bci si\u0119 ono w centrum miasta na G\u00f3rze Gradowej. Zajmuje ono obszar ponad 20 ha, na kt\u00f3rych zdecydowanie mo\u017cna mi\u0142o sp\u0119dzi\u0107 czas &#8211; zar\u00f3wno prywatnie, jak i zawodowo.<strong> <\/strong><\/p>\n\n\n\n<p><strong>Hevelianum<\/strong> ma w swojej ofercie 10 sal konferencyjnych o r\u00f3\u017cnej wielko\u015bci. Pozwalaj\u0105 one na organizacj\u0119 zar\u00f3wno kameralnych spotka\u0144, jak i wi\u0119kszych event\u00f3w na 150 os\u00f3b. Poza zapleczem eventowym obiekt przygotowa\u0142 te\u017c komfortow\u0105 ofert\u0119 noclegow\u0105, sk\u0142adaj\u0105c\u0105 si\u0119 z eleganckich pokoi 1- i 2-osobowych. Dodatkowo na terenie obiektu funkcjonuj\u0105 dwie restauracje &#8211; Wozownia Gda\u0144sk oraz Zdrojowa.<\/p>\n\n\n\n<figure class=\"wp-block-image size-large\"><img loading=\"lazy\" decoding=\"async\" width=\"884\" height=\"834\" src=\"https:\/\/www.mojekonferencje.pl\/blog\/wp-content\/uploads\/2023\/06\/3HEVELIANUM.jpg\" alt=\"\" class=\"wp-image-3976 lazyload\" data-srcset=\"https:\/\/www.mojekonferencje.pl\/blog\/wp-content\/uploads\/2023\/06\/3HEVELIANUM.jpg 884w, https:\/\/www.mojekonferencje.pl\/blog\/wp-content\/uploads\/2023\/06\/3HEVELIANUM-300x283.jpg 300w, https:\/\/www.mojekonferencje.pl\/blog\/wp-content\/uploads\/2023\/06\/3HEVELIANUM-768x725.jpg 768w\" sizes=\"auto\" \/><\/figure>\n\n\n\n<h2 class=\"wp-block-heading has-text-align-center\"><a href=\"https:\/\/www.mojekonferencje.pl\/gdansk\/dok-cesarski\"><span class=\"has-inline-color has-vivid-purple-color\"><span style=\"text-decoration: underline;\">DOK CESARSKI<\/span><\/span><\/a><\/h2>\n\n\n\n<p><br>Je\u015bli interesuj\u0105 Ci\u0119 <strong>wyj\u0105tkowe obiekty na event w Tr\u00f3jmie\u015bcie<\/strong>, to istnieje bardzo du\u017ca szasa, \u017ce zachwyci Ci\u0119 <strong>DOK CESARSKI<\/strong>. Zlokalizowany jest on dok\u0142adnie w samym sercu Gda\u0144ska, a wi\u0119c w najstarszej cz\u0119\u015bci Stoczni Cesarskiej. Do dyspozycji go\u015bci oddaje on a\u017c 3500 m3 otwartej przestrzeni, na ktr\u00f3ej mog\u0105 si\u0119 odby\u0107 nawet najbardziej wymagaj\u0105ce wydarzenia. <\/p>\n\n\n\n<p>Znajduje si\u0119 tam przestronny i klimatyzowany namiot, pozwalaj\u0105cy na zaproszenie do 300 os\u00f3b. Warto doda\u0107, \u017ce <strong>DOK CESARSKI<\/strong> zapewnia te\u017c scen\u0119, technik\u0119 sceniczn\u0105, le\u017caki i toalety. Dodatkowo rozpo\u015bciera si\u0119 z niego niepowtarzlany widok na \u017curawie, stanowi\u0105cy \u015bwietne t\u0142o dla pamai\u0105tkowych zdj\u0119\u0107.<\/p>\n\n\n\n<figure class=\"wp-block-image size-large\"><img loading=\"lazy\" decoding=\"async\" width=\"1024\" height=\"649\" src=\"https:\/\/www.mojekonferencje.pl\/blog\/wp-content\/uploads\/2023\/06\/4DOK-1024x649.jpg\" alt=\"\" class=\"wp-image-3977 lazyload\" data-srcset=\"https:\/\/www.mojekonferencje.pl\/blog\/wp-content\/uploads\/2023\/06\/4DOK-1024x649.jpg 1024w, https:\/\/www.mojekonferencje.pl\/blog\/wp-content\/uploads\/2023\/06\/4DOK-300x190.jpg 300w, https:\/\/www.mojekonferencje.pl\/blog\/wp-content\/uploads\/2023\/06\/4DOK-768x487.jpg 768w, https:\/\/www.mojekonferencje.pl\/blog\/wp-content\/uploads\/2023\/06\/4DOK-1536x973.jpg 1536w, https:\/\/www.mojekonferencje.pl\/blog\/wp-content\/uploads\/2023\/06\/4DOK-2048x1298.jpg 2048w\" sizes=\"auto\" \/><\/figure>\n\n\n\n<h2 class=\"wp-block-heading has-text-align-center\"><a href=\"https:\/\/www.mojekonferencje.pl\/gdansk\/muzeum-sali-bhp-stoczni-gdanskiej\"><span class=\"has-inline-color has-vivid-purple-color\"><span style=\"text-decoration: underline;\">Muzeum Sali BHP Stoczni Gda\u0144skiej<\/span><\/span><\/a><\/h2>\n\n\n\n<p><br><strong>Sala BHP <\/strong>zdecydowanie stanowi jeden z najbardziej warto\u015bciowych obiekt\u00f3w historycznych w Gda\u0144sku. To w\u0142a\u015bnie w niej podpisano Porozumienia Sierpniowe, ko\u0144cz\u0105c wielki solidarno\u015bciowy strajk w sierpniu 1980 roku. Kto by wtedy pomy\u015bla\u0142, \u017ce za jaki\u015b czas w sali b\u0119d\u0105 organizowane konferencje, szkolenia czy inne eventy biznesowe oraz kulturalne. Wsp\u00f3\u0142cze\u015bnie <strong>Sala BHP <\/strong>to nic innego, jak ca\u0142oroczne centrum konferencyjno-wystawiennicze. <\/p>\n\n\n\n<p>Obiekt do dyspozycji go\u015bci oddaje 4 sale o r\u00f3\u017cnej wielko\u015bci, w kt\u00f3rych mog\u0105 si\u0119 odby\u0107 zar\u00f3wno kameralne spotkania, jak i wi\u0119ksze eventy na 200 os\u00f3b. Wszystkie te pomieszczenia wyposa\u017cone zosta\u0142y w nowoczesne sprz\u0119ty multimedialne, dzi\u0119ki kt\u00f3rym mo\u017cna prowadzi\u0107 nawet najbardziej wymagaj\u0105ce prezentacje. Dodatkowo w obiekcie istnieje te\u017c mo\u017cliwo\u015b\u0107 zam\u00f3wienia cateringu na przerwy podczas spotka\u0144.<\/p>\n\n\n\n<figure class=\"wp-block-image size-large\"><img loading=\"lazy\" decoding=\"async\" width=\"600\" height=\"461\" src=\"https:\/\/www.mojekonferencje.pl\/blog\/wp-content\/uploads\/2023\/06\/5BHP.jpg\" alt=\"\" class=\"wp-image-3978 lazyload\" data-srcset=\"https:\/\/www.mojekonferencje.pl\/blog\/wp-content\/uploads\/2023\/06\/5BHP.jpg 600w, https:\/\/www.mojekonferencje.pl\/blog\/wp-content\/uploads\/2023\/06\/5BHP-300x231.jpg 300w\" sizes=\"auto\" \/><\/figure>\n\n\n\n<h2 class=\"wp-block-heading has-text-align-center\"><a href=\"https:\/\/www.mojekonferencje.pl\/gdansk\/muzeum-ii-wojny-swiatowej\"><span class=\"has-inline-color has-vivid-purple-color\"><span style=\"text-decoration: underline;\">Muzeum II Wojny \u015awiatowej w Gda\u0144sku<\/span><\/span><\/a><\/h2>\n\n\n\n<p><br><strong>Wyj\u0105tkowy obiekt na event w centrum Gda\u0144ska<\/strong>? Polecamy<strong> Muzeum II Wojny \u015awiatowej<\/strong>, kt\u00f3re zachwyca nie tylko swoj\u0105 warto\u015bci\u0105 historyczn\u0105, ale te\u017c bry\u0142\u0105 i profesjonaln\u0105 obs\u0142ug\u0105. Budynek sk\u0142ada si\u0119 z trzech stref, kt\u00f3re nawi\u0105zuj\u0105 do trzech sfer rzeczywisto\u015bci, a wi\u0119c przesz\u0142o\u015bci (podziemie), tera\u017aniejszo\u015bci (plac przy obiekcie) oraz przysz\u0142o\u015bci (nowoczesna wie\u017ca). <\/p>\n\n\n\n<p>Na organizator\u00f3w wydarze\u0144 w obiekcie czeka 6 r\u00f3\u017cnych pomieszcze\u0144, odpowiednich na organizacj\u0119 spotka\u0144 biznesowych i imprez okoliczno\u015bciowych. S\u0105 to przestronne i eleganckie sale, w pe\u0142ni wyposa\u017cone w sprz\u0119t multimedialny. Dodatkowo <strong>Muzeum II Wojny \u015awiatowej w Gda\u0144sku<\/strong> oferuje te\u017c \u015bwietn\u0105 restauracj\u0119 i kawiarni\u0119 na antresoli w wie\u017cy.<\/p>\n\n\n\n<figure class=\"wp-block-image size-large\"><img loading=\"lazy\" decoding=\"async\" width=\"1024\" height=\"683\" src=\"https:\/\/www.mojekonferencje.pl\/blog\/wp-content\/uploads\/2023\/06\/6IIws-1024x683.jpg\" alt=\"\" class=\"wp-image-3979 lazyload\" data-srcset=\"https:\/\/www.mojekonferencje.pl\/blog\/wp-content\/uploads\/2023\/06\/6IIws-1024x683.jpg 1024w, https:\/\/www.mojekonferencje.pl\/blog\/wp-content\/uploads\/2023\/06\/6IIws-300x200.jpg 300w, https:\/\/www.mojekonferencje.pl\/blog\/wp-content\/uploads\/2023\/06\/6IIws-768x512.jpg 768w, https:\/\/www.mojekonferencje.pl\/blog\/wp-content\/uploads\/2023\/06\/6IIws-1536x1024.jpg 1536w, https:\/\/www.mojekonferencje.pl\/blog\/wp-content\/uploads\/2023\/06\/6IIws-2048x1365.jpg 2048w\" sizes=\"auto\" \/><\/figure>\n\n\n\n<h2 class=\"wp-block-heading has-text-align-center\"><a href=\"https:\/\/www.mojekonferencje.pl\/gdansk\/muzeum-gdanska\"><span class=\"has-inline-color has-vivid-purple-color\"><span style=\"text-decoration: underline;\">Muzeum Gda\u0144ska<\/span><\/span><\/a><\/h2>\n\n\n\n<p><br>To kolejny <strong>nietypowy obiekt na organizacj\u0119 eventu w Gda\u0144sku<\/strong>. Znajduje si\u0119 on w centrum miasta i ka\u017cdego roku przyci\u0105ga zar\u00f3wno rzesze turyst\u00f3w, jak i organizator\u00f3w r\u00f3\u017cnych wydarze\u0144. <strong>Muzeum Gda\u0144ska<\/strong> zdecydowanie wyr\u00f3\u017cnia si\u0119 historycznym charakterem, wyj\u0105tkowym klimatem oraz serdeczn\u0105 obs\u0142ug\u0105. Mo\u017cna tam zorganizowa\u0107 eventy w 5 salach r\u00f3\u017cni\u0105cych si\u0119 wielko\u015bci\u0105 i charakterem. <\/p>\n\n\n\n<p>Najwi\u0119ksza z nich, czyli Wielka Hala Dworu Artusa, jest w stanie pomie\u015bci\u0107 nawet do 300 os\u00f3b w ustawieniu teatralnym. Warto doda\u0107, \u017ce obiekt &#8211; pomimo klasycznego charakteru &#8211; zapewnia nowoczesne udogodnienia i sprz\u0119ty. Go\u015bcie podczas wydarze\u0144 mog\u0105 korzysta\u0107 m.in. z rzutnika multimedialnego, ekran\u00f3w plazmowych czy bezprzewodowego Internetu.<\/p>\n\n\n\n<figure class=\"wp-block-image size-large\"><img loading=\"lazy\" decoding=\"async\" width=\"1024\" height=\"684\" src=\"https:\/\/www.mojekonferencje.pl\/blog\/wp-content\/uploads\/2023\/06\/7MUZEUM-1024x684.jpg\" alt=\"\" class=\"wp-image-3980 lazyload\" data-srcset=\"https:\/\/www.mojekonferencje.pl\/blog\/wp-content\/uploads\/2023\/06\/7MUZEUM-1024x684.jpg 1024w, https:\/\/www.mojekonferencje.pl\/blog\/wp-content\/uploads\/2023\/06\/7MUZEUM-300x200.jpg 300w, https:\/\/www.mojekonferencje.pl\/blog\/wp-content\/uploads\/2023\/06\/7MUZEUM-768x513.jpg 768w, https:\/\/www.mojekonferencje.pl\/blog\/wp-content\/uploads\/2023\/06\/7MUZEUM.jpg 1140w\" sizes=\"auto\" \/><\/figure>\n\n\n\n<h2 class=\"wp-block-heading has-text-align-center\"><a href=\"https:\/\/www.mojekonferencje.pl\/gdansk\/gdanski-inkubator-przedsiebiorczosci-starter\"><span class=\"has-inline-color has-vivid-purple-color\"><span style=\"text-decoration: underline;\">Gda\u0144ski Inkubator Przedsi\u0119biorczo\u015bci STARTER<\/span><\/span><\/a><\/h2>\n\n\n\n<p><br>Jest to kolejne<strong> wyj\u0105tkowe miejsce na organizacj\u0119 wydarze\u0144 w Gda\u0144sku<\/strong>. Mie\u015bci si\u0119 ono w biznesowej dzielnicy miasta i ma w swojej ofercie wszystko to, co potrzebne jest do efektywnej pracy. <strong>Gda\u0144ski Inkubator Przedsi\u0119biorczo\u015bci STARTER<\/strong> dyponuje trzema salami konferencyjnymi, kt\u00f3re mo\u017cna \u0142\u0105czy\u0107 dzi\u0119ki systemowi mobilnych \u015bcian. W rezultacie mo\u017cliwa jest tam organizacja event\u00f3w nawet na 180 os\u00f3b w ustawieniu teatralnym.<\/p>\n\n\n\n<p>Na terenie obiektu mieszcz\u0105 si\u0119 te\u017c kameralne sale szkoleniowe oraz tzw. Crazy Room, kt\u00f3ry sprzyja kreatywnej pracy. Podkre\u015blenia wymaga na pewno fakt, i\u017c przestrzenie obiektu przystosowane zosta\u0142y do t\u0142umacze\u0144 symultanicznych oraz streamingu.<\/p>\n\n\n\n<figure class=\"wp-block-image size-large\"><img loading=\"lazy\" decoding=\"async\" width=\"1024\" height=\"576\" src=\"https:\/\/www.mojekonferencje.pl\/blog\/wp-content\/uploads\/2023\/06\/8INKUB-1024x576.jpg\" alt=\"\" class=\"wp-image-3981 lazyload\" data-srcset=\"https:\/\/www.mojekonferencje.pl\/blog\/wp-content\/uploads\/2023\/06\/8INKUB-1024x576.jpg 1024w, https:\/\/www.mojekonferencje.pl\/blog\/wp-content\/uploads\/2023\/06\/8INKUB-300x169.jpg 300w, https:\/\/www.mojekonferencje.pl\/blog\/wp-content\/uploads\/2023\/06\/8INKUB-768x432.jpg 768w, https:\/\/www.mojekonferencje.pl\/blog\/wp-content\/uploads\/2023\/06\/8INKUB-1536x864.jpg 1536w, https:\/\/www.mojekonferencje.pl\/blog\/wp-content\/uploads\/2023\/06\/8INKUB-2048x1152.jpg 2048w, https:\/\/www.mojekonferencje.pl\/blog\/wp-content\/uploads\/2023\/06\/8INKUB-640x360.jpg 640w, https:\/\/www.mojekonferencje.pl\/blog\/wp-content\/uploads\/2023\/06\/8INKUB-320x180.jpg 320w, https:\/\/www.mojekonferencje.pl\/blog\/wp-content\/uploads\/2023\/06\/8INKUB-480x270.jpg 480w, https:\/\/www.mojekonferencje.pl\/blog\/wp-content\/uploads\/2023\/06\/8INKUB-960x540.jpg 960w, https:\/\/www.mojekonferencje.pl\/blog\/wp-content\/uploads\/2023\/06\/8INKUB-1280x720.jpg 1280w, https:\/\/www.mojekonferencje.pl\/blog\/wp-content\/uploads\/2023\/06\/8INKUB-1600x900.jpg 1600w, https:\/\/www.mojekonferencje.pl\/blog\/wp-content\/uploads\/2023\/06\/8INKUB-1920x1080.jpg 1920w\" sizes=\"auto\" \/><\/figure>\n\n\n\n<h2 class=\"wp-block-heading has-text-align-center\"><a href=\"https:\/\/www.mojekonferencje.pl\/gdansk\/gdanski-park-naukowo-technologiczny\"><span class=\"has-inline-color has-vivid-purple-color\"><span style=\"text-decoration: underline;\">Gda\u0144ski Park Naukowo-Technologiczny<\/span><\/span><\/a><\/h2>\n\n\n\n<p><br>To \u015bwietna propozycja, je\u015bli interesuj\u0105 Ci\u0119 <strong>nowoczesne obiekty na eventy w Gda\u0144sku<\/strong>. <strong>Gda\u0144ski Park Naukowo-Technologiczny<\/strong> jest zlokalizowany zaledwie 4 kilometry od dworca PKP oraz 10 kilometr\u00f3w od lotniska. W jego sk\u0142ad wchodz\u0105 dwa budynki &#8211; B i C. Rozmieszczone zosta\u0142y w nich wielofunkcyjne sale konferencyjne o r\u00f3\u017cnej wielko\u015bci. Jest ich a\u017c 9 &#8211; ka\u017cda charatkteryzuje si\u0119 wysokim komfortem, przestronno\u015bci\u0105 oraz profesjonalizmem. <\/p>\n\n\n\n<p>Dodatkowo pomieszczenia te mo\u017cna niemal dowolnie \u0142\u0105czy\u0107 lub dzieli\u0107 dzi\u0119ki systemowi mobilnych \u015bcian. W najwi\u0119kszej konfiguracji s\u0105 one w stanie pomie\u015bci\u0107 do 190 os\u00f3b w ustawieniu teatralnym. Sale s\u0105 oczywi\u015bcie w pe\u0142ni klimatyzowane i znajduj\u0105 si\u0119 w nich zar\u00f3wno funkcjonalne meble, jak i wysokiej klasy sprz\u0119ty multimedialne.<\/p>\n\n\n\n<figure class=\"wp-block-image size-large\"><img loading=\"lazy\" decoding=\"async\" width=\"1024\" height=\"683\" src=\"https:\/\/www.mojekonferencje.pl\/blog\/wp-content\/uploads\/2023\/06\/9GDANSKI-1024x683.jpg\" alt=\"\" class=\"wp-image-3983 lazyload\" data-srcset=\"https:\/\/www.mojekonferencje.pl\/blog\/wp-content\/uploads\/2023\/06\/9GDANSKI-1024x683.jpg 1024w, https:\/\/www.mojekonferencje.pl\/blog\/wp-content\/uploads\/2023\/06\/9GDANSKI-300x200.jpg 300w, https:\/\/www.mojekonferencje.pl\/blog\/wp-content\/uploads\/2023\/06\/9GDANSKI-768x512.jpg 768w, https:\/\/www.mojekonferencje.pl\/blog\/wp-content\/uploads\/2023\/06\/9GDANSKI-1536x1024.jpg 1536w, https:\/\/www.mojekonferencje.pl\/blog\/wp-content\/uploads\/2023\/06\/9GDANSKI-2048x1365.jpg 2048w\" sizes=\"auto\" \/><\/figure>\n\n\n\n<h2 class=\"wp-block-heading has-text-align-center\"><a href=\"https:\/\/www.mojekonferencje.pl\/gdansk\/restauracja-nad-potokiem\"><span class=\"has-inline-color has-vivid-purple-color\"><span style=\"text-decoration: underline;\">Restauracja Nad Potokiem<\/span><\/span><\/a><\/h2>\n\n\n\n<p><br>W\u015br\u00f3d <strong>nietypowych miejsc na event w Gda\u0144sku<\/strong> koniecznie trzeba te\u017c wymieni\u0107 t\u0119 fantastyczn\u0105 restauracj\u0119. To obiekt urz\u0105dzony dos\u0142ownie ze smakiem, kt\u00f3ry mo\u017ce pochwali\u0107 si\u0119 kompleksow\u0105 ofert\u0105 us\u0142ug. Ju\u017c na wst\u0119pie warto podkre\u015bli\u0107, \u017ce dysponuje on w\u0142asnym ogrodem, w kt\u00f3rym warto zorganizowa\u0107 spotkania integracyjne.<\/p>\n\n\n\n<p>Obiekt ma w swojej ofercie 3 sale o ro\u017cnej wielko\u015bci, a ka\u017cda z nich jest r\u00f3wnie elegancka i profesjonalnie urz\u0105dzona. Najwi\u0119ksze pomieszczenie stanowi Sala Bankietowa &#8211; idealna na eventy dla 200 os\u00f3b. Ponadto <strong>Restauracja Nad Potokiem<\/strong> do dyspozycji go\u015bci oddaje te\u017c dwa pokoje z widokiem na Zatok\u0119 Gda\u0144sk\u0105 oraz poblisk\u0105 pla\u017c\u0119. Jej sercem jest z kolei sala restauracyjna, w kt\u00f3rej mo\u017cna skosztowa\u0107 pysznych, aromatycznych i zdrowych da\u0144.<\/p>\n\n\n\n<figure class=\"wp-block-image size-large\"><img loading=\"lazy\" decoding=\"async\" width=\"1024\" height=\"576\" src=\"https:\/\/www.mojekonferencje.pl\/blog\/wp-content\/uploads\/2023\/06\/10POTOK-1024x576.jpg\" alt=\"\" class=\"wp-image-3982 lazyload\" data-srcset=\"https:\/\/www.mojekonferencje.pl\/blog\/wp-content\/uploads\/2023\/06\/10POTOK-1024x576.jpg 1024w, https:\/\/www.mojekonferencje.pl\/blog\/wp-content\/uploads\/2023\/06\/10POTOK-300x169.jpg 300w, https:\/\/www.mojekonferencje.pl\/blog\/wp-content\/uploads\/2023\/06\/10POTOK-768x432.jpg 768w, https:\/\/www.mojekonferencje.pl\/blog\/wp-content\/uploads\/2023\/06\/10POTOK-1536x864.jpg 1536w, https:\/\/www.mojekonferencje.pl\/blog\/wp-content\/uploads\/2023\/06\/10POTOK-640x360.jpg 640w, https:\/\/www.mojekonferencje.pl\/blog\/wp-content\/uploads\/2023\/06\/10POTOK-320x180.jpg 320w, https:\/\/www.mojekonferencje.pl\/blog\/wp-content\/uploads\/2023\/06\/10POTOK-480x270.jpg 480w, https:\/\/www.mojekonferencje.pl\/blog\/wp-content\/uploads\/2023\/06\/10POTOK-960x540.jpg 960w, https:\/\/www.mojekonferencje.pl\/blog\/wp-content\/uploads\/2023\/06\/10POTOK-1280x720.jpg 1280w, https:\/\/www.mojekonferencje.pl\/blog\/wp-content\/uploads\/2023\/06\/10POTOK-1600x900.jpg 1600w, https:\/\/www.mojekonferencje.pl\/blog\/wp-content\/uploads\/2023\/06\/10POTOK.jpg 1920w\" sizes=\"auto\" \/><\/figure>\n\n\n\n<h2 class=\"wp-block-heading has-text-align-center has-vivid-purple-color has-text-color has-link-color wp-elements-169ac031af928935e41a34fdfbf0f5d0\"><a href=\"https:\/\/www.mojekonferencje.pl\/gdansk\/olivia-star\"><span style=\"text-decoration: underline;\">Olivia Star<\/span><\/a><\/h2>\n\n\n\n<p><strong>Olivia Star <\/strong>to nie tylko imponuj\u0105cy budynek, ale r\u00f3wnie\u017c doskona\u0142e miejsce na organizacj\u0119 konferencji i spotka\u0144 biznesowych. Jego wysoko\u015b\u0107 sprawia, \u017ce staje si\u0119 nieod\u0142\u0105czn\u0105 cz\u0119\u015bci\u0105 panoramy miasta, a przestronne pomieszczenia konferencyjne mog\u0105 pomie\u015bci\u0107 nawet 350 os\u00f3b. <\/p>\n\n\n\n<p>Dzi\u0119ki wysokim oknom zapewniaj\u0105cym obfit\u0105 ilo\u015b\u0107 naturalnego \u015bwiat\u0142a, oraz tarasowi na 32. pi\u0119trze, go\u015bcie mog\u0105 cieszy\u0107 si\u0119 nie tylko efektywn\u0105 prac\u0105, ale tak\u017ce spektakularnymi widokami na Tr\u00f3jmiasto, co stanowi doskona\u0142\u0105 inspiracj\u0119 dla ka\u017cdego uczestnika. Wysoko\u015b\u0107 spotka\u0144 dos\u0142ownie i w przeno\u015bni gwarantuje wyj\u0105tkow\u0105 atmosfer\u0119 oraz niezapomniane do\u015bwiadczenie dla wszystkich obecnych.<\/p>\n\n\n\n<figure class=\"wp-block-image size-full\"><a href=\"https:\/\/www.mojekonferencje.pl\/blog\/wp-content\/uploads\/2024\/04\/0OLIVIAAA-2.jpg\"><img loading=\"lazy\" decoding=\"async\" width=\"960\" height=\"580\" src=\"https:\/\/www.mojekonferencje.pl\/blog\/wp-content\/uploads\/2024\/04\/0OLIVIAAA-2.jpg\" alt=\"\" class=\"wp-image-4948 lazyload\" data-srcset=\"https:\/\/www.mojekonferencje.pl\/blog\/wp-content\/uploads\/2024\/04\/0OLIVIAAA-2.jpg 960w, https:\/\/www.mojekonferencje.pl\/blog\/wp-content\/uploads\/2024\/04\/0OLIVIAAA-2-300x181.jpg 300w, https:\/\/www.mojekonferencje.pl\/blog\/wp-content\/uploads\/2024\/04\/0OLIVIAAA-2-768x464.jpg 768w\" sizes=\"auto\" \/><\/a><\/figure>\n","protected":false},"excerpt":{"rendered":"<p>Chcesz zorganizowa\u0107 wydarzenie w Tr\u00f3jmie\u015bcie inne ni\u017c wszystkie, kt\u00f3re zapadnie w pami\u0119ci go\u015bci na d\u0142ugie lata? Poznaj nietypowe miejsca na event w Gda\u0144sku!<\/p>\n","protected":false},"author":9,"featured_media":3973,"comment_status":"closed","ping_status":"closed","sticky":false,"template":"","format":"standard","meta":{"_acf_changed":false,"footnotes":""},"categories":[8,175],"tags":[31,37,353,354],"class_list":["post-3972","post","type-post","status-publish","format-standard","has-post-thumbnail","hentry","category-porady","category-wybieranie-miejsca-konferencyjnego","tag-gdansk","tag-morze-baltyckie","tag-organizacja-imprez","tag-organizacja-wydarzen"],"acf":[],"yoast_head":"<!-- This site is optimized with the Yoast SEO plugin v27.1.1 - https:\/\/yoast.com\/product\/yoast-seo-wordpress\/ -->\n<title>Nietypowe miejsca na event w Gda\u0144sku - blog | MojeKonferencje.pl<\/title>\n<meta name=\"description\" content=\"Nietypowe miejsca na event w Gda\u0144sku - blog | MojeKonferencje.pl\" \/>\n<meta name=\"robots\" content=\"index, follow, max-snippet:-1, max-image-preview:large, max-video-preview:-1\" \/>\n<link rel=\"canonical\" href=\"https:\/\/www.mojekonferencje.pl\/blog\/nietypowe-miejsca-na-event-w-gdansku\/\" \/>\n<meta property=\"og:locale\" content=\"pl_PL\" \/>\n<meta property=\"og:type\" content=\"article\" \/>\n<meta property=\"og:title\" content=\"Nietypowe miejsca na event w Gda\u0144sku - blog | MojeKonferencje.pl\" \/>\n<meta property=\"og:description\" content=\"Nietypowe miejsca na event w Gda\u0144sku - blog | MojeKonferencje.pl\" \/>\n<meta property=\"og:url\" content=\"https:\/\/www.mojekonferencje.pl\/blog\/nietypowe-miejsca-na-event-w-gdansku\/\" \/>\n<meta property=\"og:site_name\" content=\"MojeKonferencje.pl\" \/>\n<meta property=\"article:published_time\" content=\"2023-05-29T17:41:00+00:00\" \/>\n<meta property=\"article:modified_time\" content=\"2024-05-07T09:49:11+00:00\" \/>\n<meta property=\"og:image\" content=\"https:\/\/www.mojekonferencje.pl\/blog\/wp-content\/uploads\/2023\/06\/Fotoram.io-34.jpg\" \/>\n\t<meta property=\"og:image:width\" content=\"1200\" \/>\n\t<meta property=\"og:image:height\" content=\"720\" \/>\n\t<meta property=\"og:image:type\" content=\"image\/jpeg\" \/>\n<meta name=\"author\" content=\"Olga Stawicka-Iwanowska\" \/>\n<meta name=\"twitter:card\" content=\"summary_large_image\" \/>\n<meta name=\"twitter:label1\" content=\"Napisane przez\" \/>\n\t<meta name=\"twitter:data1\" content=\"Olga Stawicka-Iwanowska\" \/>\n\t<meta name=\"twitter:label2\" content=\"Szacowany czas czytania\" \/>\n\t<meta name=\"twitter:data2\" content=\"10 minut\" \/>\n<script type=\"application\/ld+json\" class=\"yoast-schema-graph\">{\"@context\":\"https:\/\/schema.org\",\"@graph\":[{\"@type\":\"Article\",\"@id\":\"https:\/\/www.mojekonferencje.pl\/blog\/nietypowe-miejsca-na-event-w-gdansku\/#article\",\"isPartOf\":{\"@id\":\"https:\/\/www.mojekonferencje.pl\/blog\/nietypowe-miejsca-na-event-w-gdansku\/\"},\"author\":{\"name\":\"Olga Stawicka-Iwanowska\",\"@id\":\"https:\/\/www.mojekonferencje.pl\/blog\/#\/schema\/person\/d6751ca3c60de9ec17ee21b744bbb2d4\"},\"headline\":\"Nietypowe miejsca na event w Gda\u0144sku\",\"datePublished\":\"2023-05-29T17:41:00+00:00\",\"dateModified\":\"2024-05-07T09:49:11+00:00\",\"mainEntityOfPage\":{\"@id\":\"https:\/\/www.mojekonferencje.pl\/blog\/nietypowe-miejsca-na-event-w-gdansku\/\"},\"wordCount\":1482,\"image\":{\"@id\":\"https:\/\/www.mojekonferencje.pl\/blog\/nietypowe-miejsca-na-event-w-gdansku\/#primaryimage\"},\"thumbnailUrl\":\"https:\/\/www.mojekonferencje.pl\/blog\/wp-content\/uploads\/2023\/06\/Fotoram.io-34.jpg\",\"keywords\":[\"gda\u0144sk\",\"morze ba\u0142tyckie\",\"organizacja imprez\",\"organizacja wydarze\u0144\"],\"articleSection\":[\"Porady\",\"Wybieranie miejsca konferencyjnego\"],\"inLanguage\":\"pl-PL\"},{\"@type\":\"WebPage\",\"@id\":\"https:\/\/www.mojekonferencje.pl\/blog\/nietypowe-miejsca-na-event-w-gdansku\/\",\"url\":\"https:\/\/www.mojekonferencje.pl\/blog\/nietypowe-miejsca-na-event-w-gdansku\/\",\"name\":\"Nietypowe miejsca na event w Gda\u0144sku - blog | MojeKonferencje.pl\",\"isPartOf\":{\"@id\":\"https:\/\/www.mojekonferencje.pl\/blog\/#website\"},\"primaryImageOfPage\":{\"@id\":\"https:\/\/www.mojekonferencje.pl\/blog\/nietypowe-miejsca-na-event-w-gdansku\/#primaryimage\"},\"image\":{\"@id\":\"https:\/\/www.mojekonferencje.pl\/blog\/nietypowe-miejsca-na-event-w-gdansku\/#primaryimage\"},\"thumbnailUrl\":\"https:\/\/www.mojekonferencje.pl\/blog\/wp-content\/uploads\/2023\/06\/Fotoram.io-34.jpg\",\"datePublished\":\"2023-05-29T17:41:00+00:00\",\"dateModified\":\"2024-05-07T09:49:11+00:00\",\"author\":{\"@id\":\"https:\/\/www.mojekonferencje.pl\/blog\/#\/schema\/person\/d6751ca3c60de9ec17ee21b744bbb2d4\"},\"description\":\"Nietypowe miejsca na event w Gda\u0144sku - blog | MojeKonferencje.pl\",\"breadcrumb\":{\"@id\":\"https:\/\/www.mojekonferencje.pl\/blog\/nietypowe-miejsca-na-event-w-gdansku\/#breadcrumb\"},\"inLanguage\":\"pl-PL\",\"potentialAction\":[{\"@type\":\"ReadAction\",\"target\":[\"https:\/\/www.mojekonferencje.pl\/blog\/nietypowe-miejsca-na-event-w-gdansku\/\"]}]},{\"@type\":\"ImageObject\",\"inLanguage\":\"pl-PL\",\"@id\":\"https:\/\/www.mojekonferencje.pl\/blog\/nietypowe-miejsca-na-event-w-gdansku\/#primaryimage\",\"url\":\"https:\/\/www.mojekonferencje.pl\/blog\/wp-content\/uploads\/2023\/06\/Fotoram.io-34.jpg\",\"contentUrl\":\"https:\/\/www.mojekonferencje.pl\/blog\/wp-content\/uploads\/2023\/06\/Fotoram.io-34.jpg\",\"width\":1200,\"height\":720},{\"@type\":\"BreadcrumbList\",\"@id\":\"https:\/\/www.mojekonferencje.pl\/blog\/nietypowe-miejsca-na-event-w-gdansku\/#breadcrumb\",\"itemListElement\":[{\"@type\":\"ListItem\",\"position\":1,\"name\":\"Strona g\u0142\u00f3wna\",\"item\":\"https:\/\/www.mojekonferencje.pl\/blog\/\"},{\"@type\":\"ListItem\",\"position\":2,\"name\":\"Nietypowe miejsca na event w Gda\u0144sku\"}]},{\"@type\":\"WebSite\",\"@id\":\"https:\/\/www.mojekonferencje.pl\/blog\/#website\",\"url\":\"https:\/\/www.mojekonferencje.pl\/blog\/\",\"name\":\"MojeKonferencje.pl\",\"description\":\"Blog bran\u017cy szkoleniowo-konferencyjnej. W\u0142\u0105cz si\u0119 do dyskusji o obiektach konferencyjnych i nowo\u015bciach z bran\u017cy! Poznaj porady odno\u015bnie organizacji konferencji, szkole\u0144 i event\u00f3w firmowych! Zach\u0119camy do wyra\u017cania opinii oraz komentarzy.\",\"potentialAction\":[{\"@type\":\"SearchAction\",\"target\":{\"@type\":\"EntryPoint\",\"urlTemplate\":\"https:\/\/www.mojekonferencje.pl\/blog\/?s={search_term_string}\"},\"query-input\":{\"@type\":\"PropertyValueSpecification\",\"valueRequired\":true,\"valueName\":\"search_term_string\"}}],\"inLanguage\":\"pl-PL\"},{\"@type\":\"Person\",\"@id\":\"https:\/\/www.mojekonferencje.pl\/blog\/#\/schema\/person\/d6751ca3c60de9ec17ee21b744bbb2d4\",\"name\":\"Olga Stawicka-Iwanowska\",\"description\":\"Head of Marketing z ponad sze\u015bcioletnim do\u015bwiadczeniem w bran\u017cy MICE. Na co dzie\u0144 zajmuje si\u0119 content marketingiem i promocj\u0105 obiekt\u00f3w eventowych, tak aby organizatorzy kongres\u00f3w, targ\u00f3w i konferencji wiedzieli, \u017ce w\u0142a\u015bnie tam warto zrealizowa\u0107 swoje wydarzenie. Prowadzi media spo\u0142eczno\u015bciowe, tworzy strategie komunikacji, pisze artyku\u0142y i dba o sp\u00f3jny wizerunek marki w ka\u017cdym kanale. W swojej pracy \u0142\u0105czy analityczne my\u015blenie z kreatywno\u015bci\u0105 i dobrym copy. Wsp\u00f3\u0142pracuje zar\u00f3wno z organizatorami najwi\u0119kszych wydarze\u0144 w Polsce, jak i z regionalnymi partnerami z bran\u017cy. Po godzinach mi\u0142o\u015bniczka podr\u00f3\u017cy po Europie, dobrej kuchni i klimatycznych miejsc, w kt\u00f3rych mo\u017cna z\u0142apa\u0107 oddech.\",\"sameAs\":[\"http:\/\/MojeKonferencje.pl\",\"https:\/\/www.linkedin.com\/in\/olgastawicka\/\"],\"url\":\"https:\/\/www.mojekonferencje.pl\/blog\/author\/osawicka\/\"}]}<\/script>\n<!-- \/ Yoast SEO plugin. -->","yoast_head_json":{"title":"Nietypowe miejsca na event w Gda\u0144sku - blog | MojeKonferencje.pl","description":"Nietypowe miejsca na event w Gda\u0144sku - blog | MojeKonferencje.pl","robots":{"index":"index","follow":"follow","max-snippet":"max-snippet:-1","max-image-preview":"max-image-preview:large","max-video-preview":"max-video-preview:-1"},"canonical":"https:\/\/www.mojekonferencje.pl\/blog\/nietypowe-miejsca-na-event-w-gdansku\/","og_locale":"pl_PL","og_type":"article","og_title":"Nietypowe miejsca na event w Gda\u0144sku - blog | MojeKonferencje.pl","og_description":"Nietypowe miejsca na event w Gda\u0144sku - blog | MojeKonferencje.pl","og_url":"https:\/\/www.mojekonferencje.pl\/blog\/nietypowe-miejsca-na-event-w-gdansku\/","og_site_name":"MojeKonferencje.pl","article_published_time":"2023-05-29T17:41:00+00:00","article_modified_time":"2024-05-07T09:49:11+00:00","og_image":[{"width":1200,"height":720,"url":"https:\/\/www.mojekonferencje.pl\/blog\/wp-content\/uploads\/2023\/06\/Fotoram.io-34.jpg","type":"image\/jpeg"}],"author":"Olga Stawicka-Iwanowska","twitter_card":"summary_large_image","twitter_misc":{"Napisane przez":"Olga Stawicka-Iwanowska","Szacowany czas czytania":"10 minut"},"schema":{"@context":"https:\/\/schema.org","@graph":[{"@type":"Article","@id":"https:\/\/www.mojekonferencje.pl\/blog\/nietypowe-miejsca-na-event-w-gdansku\/#article","isPartOf":{"@id":"https:\/\/www.mojekonferencje.pl\/blog\/nietypowe-miejsca-na-event-w-gdansku\/"},"author":{"name":"Olga Stawicka-Iwanowska","@id":"https:\/\/www.mojekonferencje.pl\/blog\/#\/schema\/person\/d6751ca3c60de9ec17ee21b744bbb2d4"},"headline":"Nietypowe miejsca na event w Gda\u0144sku","datePublished":"2023-05-29T17:41:00+00:00","dateModified":"2024-05-07T09:49:11+00:00","mainEntityOfPage":{"@id":"https:\/\/www.mojekonferencje.pl\/blog\/nietypowe-miejsca-na-event-w-gdansku\/"},"wordCount":1482,"image":{"@id":"https:\/\/www.mojekonferencje.pl\/blog\/nietypowe-miejsca-na-event-w-gdansku\/#primaryimage"},"thumbnailUrl":"https:\/\/www.mojekonferencje.pl\/blog\/wp-content\/uploads\/2023\/06\/Fotoram.io-34.jpg","keywords":["gda\u0144sk","morze ba\u0142tyckie","organizacja imprez","organizacja wydarze\u0144"],"articleSection":["Porady","Wybieranie miejsca konferencyjnego"],"inLanguage":"pl-PL"},{"@type":"WebPage","@id":"https:\/\/www.mojekonferencje.pl\/blog\/nietypowe-miejsca-na-event-w-gdansku\/","url":"https:\/\/www.mojekonferencje.pl\/blog\/nietypowe-miejsca-na-event-w-gdansku\/","name":"Nietypowe miejsca na event w Gda\u0144sku - blog | MojeKonferencje.pl","isPartOf":{"@id":"https:\/\/www.mojekonferencje.pl\/blog\/#website"},"primaryImageOfPage":{"@id":"https:\/\/www.mojekonferencje.pl\/blog\/nietypowe-miejsca-na-event-w-gdansku\/#primaryimage"},"image":{"@id":"https:\/\/www.mojekonferencje.pl\/blog\/nietypowe-miejsca-na-event-w-gdansku\/#primaryimage"},"thumbnailUrl":"https:\/\/www.mojekonferencje.pl\/blog\/wp-content\/uploads\/2023\/06\/Fotoram.io-34.jpg","datePublished":"2023-05-29T17:41:00+00:00","dateModified":"2024-05-07T09:49:11+00:00","author":{"@id":"https:\/\/www.mojekonferencje.pl\/blog\/#\/schema\/person\/d6751ca3c60de9ec17ee21b744bbb2d4"},"description":"Nietypowe miejsca na event w Gda\u0144sku - blog | MojeKonferencje.pl","breadcrumb":{"@id":"https:\/\/www.mojekonferencje.pl\/blog\/nietypowe-miejsca-na-event-w-gdansku\/#breadcrumb"},"inLanguage":"pl-PL","potentialAction":[{"@type":"ReadAction","target":["https:\/\/www.mojekonferencje.pl\/blog\/nietypowe-miejsca-na-event-w-gdansku\/"]}]},{"@type":"ImageObject","inLanguage":"pl-PL","@id":"https:\/\/www.mojekonferencje.pl\/blog\/nietypowe-miejsca-na-event-w-gdansku\/#primaryimage","url":"https:\/\/www.mojekonferencje.pl\/blog\/wp-content\/uploads\/2023\/06\/Fotoram.io-34.jpg","contentUrl":"https:\/\/www.mojekonferencje.pl\/blog\/wp-content\/uploads\/2023\/06\/Fotoram.io-34.jpg","width":1200,"height":720},{"@type":"BreadcrumbList","@id":"https:\/\/www.mojekonferencje.pl\/blog\/nietypowe-miejsca-na-event-w-gdansku\/#breadcrumb","itemListElement":[{"@type":"ListItem","position":1,"name":"Strona g\u0142\u00f3wna","item":"https:\/\/www.mojekonferencje.pl\/blog\/"},{"@type":"ListItem","position":2,"name":"Nietypowe miejsca na event w Gda\u0144sku"}]},{"@type":"WebSite","@id":"https:\/\/www.mojekonferencje.pl\/blog\/#website","url":"https:\/\/www.mojekonferencje.pl\/blog\/","name":"MojeKonferencje.pl","description":"Blog bran\u017cy szkoleniowo-konferencyjnej. W\u0142\u0105cz si\u0119 do dyskusji o obiektach konferencyjnych i nowo\u015bciach z bran\u017cy! Poznaj porady odno\u015bnie organizacji konferencji, szkole\u0144 i event\u00f3w firmowych! Zach\u0119camy do wyra\u017cania opinii oraz komentarzy.","potentialAction":[{"@type":"SearchAction","target":{"@type":"EntryPoint","urlTemplate":"https:\/\/www.mojekonferencje.pl\/blog\/?s={search_term_string}"},"query-input":{"@type":"PropertyValueSpecification","valueRequired":true,"valueName":"search_term_string"}}],"inLanguage":"pl-PL"},{"@type":"Person","@id":"https:\/\/www.mojekonferencje.pl\/blog\/#\/schema\/person\/d6751ca3c60de9ec17ee21b744bbb2d4","name":"Olga Stawicka-Iwanowska","description":"Head of Marketing z ponad sze\u015bcioletnim do\u015bwiadczeniem w bran\u017cy MICE. Na co dzie\u0144 zajmuje si\u0119 content marketingiem i promocj\u0105 obiekt\u00f3w eventowych, tak aby organizatorzy kongres\u00f3w, targ\u00f3w i konferencji wiedzieli, \u017ce w\u0142a\u015bnie tam warto zrealizowa\u0107 swoje wydarzenie. Prowadzi media spo\u0142eczno\u015bciowe, tworzy strategie komunikacji, pisze artyku\u0142y i dba o sp\u00f3jny wizerunek marki w ka\u017cdym kanale. W swojej pracy \u0142\u0105czy analityczne my\u015blenie z kreatywno\u015bci\u0105 i dobrym copy. Wsp\u00f3\u0142pracuje zar\u00f3wno z organizatorami najwi\u0119kszych wydarze\u0144 w Polsce, jak i z regionalnymi partnerami z bran\u017cy. Po godzinach mi\u0142o\u015bniczka podr\u00f3\u017cy po Europie, dobrej kuchni i klimatycznych miejsc, w kt\u00f3rych mo\u017cna z\u0142apa\u0107 oddech.","sameAs":["http:\/\/MojeKonferencje.pl","https:\/\/www.linkedin.com\/in\/olgastawicka\/"],"url":"https:\/\/www.mojekonferencje.pl\/blog\/author\/osawicka\/"}]}},"_links":{"self":[{"href":"https:\/\/www.mojekonferencje.pl\/blog\/wp-json\/wp\/v2\/posts\/3972","targetHints":{"allow":["GET"]}}],"collection":[{"href":"https:\/\/www.mojekonferencje.pl\/blog\/wp-json\/wp\/v2\/posts"}],"about":[{"href":"https:\/\/www.mojekonferencje.pl\/blog\/wp-json\/wp\/v2\/types\/post"}],"author":[{"embeddable":true,"href":"https:\/\/www.mojekonferencje.pl\/blog\/wp-json\/wp\/v2\/users\/9"}],"replies":[{"embeddable":true,"href":"https:\/\/www.mojekonferencje.pl\/blog\/wp-json\/wp\/v2\/comments?post=3972"}],"version-history":[{"count":2,"href":"https:\/\/www.mojekonferencje.pl\/blog\/wp-json\/wp\/v2\/posts\/3972\/revisions"}],"predecessor-version":[{"id":4949,"href":"https:\/\/www.mojekonferencje.pl\/blog\/wp-json\/wp\/v2\/posts\/3972\/revisions\/4949"}],"wp:featuredmedia":[{"embeddable":true,"href":"https:\/\/www.mojekonferencje.pl\/blog\/wp-json\/wp\/v2\/media\/3973"}],"wp:attachment":[{"href":"https:\/\/www.mojekonferencje.pl\/blog\/wp-json\/wp\/v2\/media?parent=3972"}],"wp:term":[{"taxonomy":"category","embeddable":true,"href":"https:\/\/www.mojekonferencje.pl\/blog\/wp-json\/wp\/v2\/categories?post=3972"},{"taxonomy":"post_tag","embeddable":true,"href":"https:\/\/www.mojekonferencje.pl\/blog\/wp-json\/wp\/v2\/tags?post=3972"}],"curies":[{"name":"wp","href":"https:\/\/api.w.org\/{rel}","templated":true}]}}