{"id":4000,"date":"2023-06-19T21:56:00","date_gmt":"2023-06-19T19:56:00","guid":{"rendered":"https:\/\/www.mojekonferencje.pl\/blog\/?p=4000"},"modified":"2024-05-07T11:49:10","modified_gmt":"2024-05-07T09:49:10","slug":"jubileusz-firmy-pomysly-na-uczczenie-wydarzenia-z-pracownikami","status":"publish","type":"post","link":"https:\/\/www.mojekonferencje.pl\/blog\/jubileusz-firmy-pomysly-na-uczczenie-wydarzenia-z-pracownikami\/","title":{"rendered":"Jubileusz firmy &#8211; pomys\u0142y na uczczenie wydarzenia z pracownikami"},"content":{"rendered":"\n<p><strong>Jubileusz firmy to okoliczno\u015b\u0107, kt\u00f3ra obchodzona jest z okazji rocznicy istnienia danej organizacji lub przedsi\u0119biorstwa. Jest to szczeg\u00f3lny moment, w kt\u00f3rym mo\u017cna hucznie obchodzi\u0107 d\u0142ugotrwa\u0142e funkcjonowanie firmy na rynku. Jubileusze cz\u0119sto obchodzone s\u0105 w okr\u0105g\u0142e rocznice, takie jak 10, 25, 50 lub 100 lat istnienia firmy. <\/strong><\/p>\n\n\n\n<p><strong>Obchody jubileuszu firmy<\/strong> mog\u0105 przybiera\u0107 r\u00f3\u017cne formy, w zale\u017cno\u015bci od skali i tradycji danej organizacji. Cz\u0119sto organizowane s\u0105 uroczyste ceremonie, bankiety, wydarzenia dla pracownik\u00f3w i klient\u00f3w, a tak\u017ce konferencje lub wystawy po\u015bwi\u0119cone historii firmy. <strong>Jubileusze<\/strong> s\u0105 r\u00f3wnie\u017c doskona\u0142\u0105 okazj\u0105 do podsumowania osi\u0105gni\u0119\u0107 firmy, uhonorowania jej za\u0142o\u017cycieli, wspomnienia o prze\u0142omowych momentach w historii oraz podkre\u015blenia warto\u015bci, na kt\u00f3rych firma si\u0119 opiera. <strong>Jubileusz firmy <\/strong>jest wa\u017cnym wydarzeniem, kt\u00f3re nie tylko podkre\u015bla osi\u0105gni\u0119cia i trwa\u0142o\u015b\u0107 organizacji, ale tak\u017ce umacnia wi\u0119zi wewn\u0119trzne oraz wzmacnia wizerunek firmy w spo\u0142eczno\u015bci biznesowej.<\/p>\n\n\n\n<figure class=\"wp-block-image size-large\"><img loading=\"lazy\" decoding=\"async\" width=\"1024\" height=\"683\" src=\"https:\/\/www.mojekonferencje.pl\/blog\/wp-content\/uploads\/2023\/06\/photo-1675247488725-22d1b78e75db-1024x683.png\" alt=\"\" class=\"wp-image-4002 lazyload\" data-srcset=\"https:\/\/www.mojekonferencje.pl\/blog\/wp-content\/uploads\/2023\/06\/photo-1675247488725-22d1b78e75db-1024x683.png 1024w, https:\/\/www.mojekonferencje.pl\/blog\/wp-content\/uploads\/2023\/06\/photo-1675247488725-22d1b78e75db-300x200.png 300w, https:\/\/www.mojekonferencje.pl\/blog\/wp-content\/uploads\/2023\/06\/photo-1675247488725-22d1b78e75db-768x512.png 768w, https:\/\/www.mojekonferencje.pl\/blog\/wp-content\/uploads\/2023\/06\/photo-1675247488725-22d1b78e75db.png 1170w\" sizes=\"auto\" \/><\/figure>\n\n\n\n<h2 class=\"has-text-align-center wp-block-heading\">Jubileusz firmy &#8211; organizacja<\/h2>\n\n\n\n<p><br><strong>Zorganizowanie jubileuszu firmy<\/strong> wymaga starannego planowania i koordynacji r\u00f3\u017cnych dzia\u0142a\u0144. W pierwszej kolejno\u015bci warto okre\u015bli\u0107 cel i zakres przedsi\u0119wzi\u0119cia. Zdecyduj, jaki jest g\u0142\u00f3wny cel obchod\u00f3w jubileuszu i jak\u0105 skal\u0119 chcesz osi\u0105gn\u0105\u0107. Zastan\u00f3w si\u0119, czy chcesz zorganizowa\u0107 skromne wydarzenie dla pracownik\u00f3w czy wi\u0119ksz\u0105 uroczysto\u015b\u0107, w kt\u00f3r\u0105 zaanga\u017cowana b\u0119dzie spo\u0142eczno\u015b\u0107 biznesowa. Nast\u0119pnie powo\u0142aj zesp\u00f3\u0142 odpowiedzialny za planowanie i realizacj\u0119 jubileuszu. Zesp\u00f3\u0142 powinien sk\u0142ada\u0107 si\u0119 z pracownik\u00f3w, kt\u00f3rzy maj\u0105 r\u00f3\u017cne umiej\u0119tno\u015bci i do\u015bwiadczenie, aby zapewni\u0107 kompleksowe podej\u015bcie do organizacji wydarzenia.<\/p>\n\n\n\n<p>R\u00f3wnie istotne jest to, aby dok\u0142adnie okre\u015bli\u0107 kwot\u0119, kt\u00f3r\u0105 mo\u017cesz przeznaczy\u0107 na <strong>jubileusz firmy<\/strong>. Ustal priorytety dotycz\u0105ce wydatk\u00f3w, takie jak wynajem miejsca, catering, nagrody, marketing, dekoracje i inne elementy, zgodnie z dost\u0119pnymi \u015brodkami. Wybierz te\u017c dogodn\u0105 dat\u0119 jubileuszu i zarezerwuj specjalne miejsce, kt\u00f3re b\u0119dzie odpowiada\u0107 planowanemu rozmiarowi i charakterowi wydarzenia. Stw\u00f3rz te\u017c przy tym harmonogram lub program wydarzenia, uwzgl\u0119dniaj\u0105c wyst\u0105pienia, ceremonie, wystawy, prezentacje, pokazy czy wyst\u0119py artystyczne. <\/p>\n\n\n\n<figure class=\"wp-block-image size-large\"><img loading=\"lazy\" decoding=\"async\" width=\"1024\" height=\"683\" src=\"https:\/\/www.mojekonferencje.pl\/blog\/wp-content\/uploads\/2023\/06\/photo-1675808414213-2b7c7daabf51-1024x683.png\" alt=\"\" class=\"wp-image-4003 lazyload\" data-srcset=\"https:\/\/www.mojekonferencje.pl\/blog\/wp-content\/uploads\/2023\/06\/photo-1675808414213-2b7c7daabf51-1024x683.png 1024w, https:\/\/www.mojekonferencje.pl\/blog\/wp-content\/uploads\/2023\/06\/photo-1675808414213-2b7c7daabf51-300x200.png 300w, https:\/\/www.mojekonferencje.pl\/blog\/wp-content\/uploads\/2023\/06\/photo-1675808414213-2b7c7daabf51-768x512.png 768w, https:\/\/www.mojekonferencje.pl\/blog\/wp-content\/uploads\/2023\/06\/photo-1675808414213-2b7c7daabf51.png 1170w\" sizes=\"auto\" \/><\/figure>\n\n\n\n<p>Niezwykle istotna jest r\u00f3wnie\u017c szeroko poj\u0119cia komunikacja, a tak\u017ce to, aby przygotowa\u0107 <strong>zaproszenie na jubileusz firmy<\/strong>. Skrupulatnie opracuj wi\u0119c strategi\u0119 komunikacji i zaproszenia dla pracownik\u00f3w, klient\u00f3w, partner\u00f3w biznesowych i innych os\u00f3b zwi\u0105zanych z firm\u0105. Mo\u017cesz u\u017cy\u0107 tradycyjnych zaprosze\u0144 papierowych lub wykorzysta\u0107 \u015brodki elektroniczne, takie jak e-maile, media spo\u0142eczno\u015bciowe itp. Zadbaj r\u00f3wnie\u017c o dekoracje i atmosfer\u0119 &#8211; wybierz temat lub styl dekoracji, kt\u00f3ry b\u0119dzie odpowiada\u0142 charakterowi jubileuszu. <\/p>\n\n\n\n<p>Dodatkowo, je\u015bli planujesz wyst\u0105pienia, prezentacje lub przem\u00f3wienia, zapro\u015b odpowiednich m\u00f3wc\u00f3w i przygotuj materia\u0142y, kt\u00f3re b\u0119d\u0105 prezentowane podczas wydarzenia. Mo\u017cesz r\u00f3wnie\u017c rozwa\u017cy\u0107 nagranie historii i osi\u0105gni\u0119\u0107 firmy w formie wideo. Rozwa\u017c dodatkowe atrakcje, takie jak wystawy, pokazy multimedialne, konkursy czy wyst\u0119py artyst\u00f3w, je\u015bli chcesz, aby Tw\u00f3j <strong>jubileusz firmy<\/strong> by\u0142 niezapomniany!<\/p>\n\n\n\n<figure class=\"wp-block-image size-large\"><img loading=\"lazy\" decoding=\"async\" width=\"774\" height=\"581\" src=\"https:\/\/www.mojekonferencje.pl\/blog\/wp-content\/uploads\/2023\/06\/photo-1686041445880-e49215021fe1.png\" alt=\"\" class=\"wp-image-4004 lazyload\" data-srcset=\"https:\/\/www.mojekonferencje.pl\/blog\/wp-content\/uploads\/2023\/06\/photo-1686041445880-e49215021fe1.png 774w, https:\/\/www.mojekonferencje.pl\/blog\/wp-content\/uploads\/2023\/06\/photo-1686041445880-e49215021fe1-300x225.png 300w, https:\/\/www.mojekonferencje.pl\/blog\/wp-content\/uploads\/2023\/06\/photo-1686041445880-e49215021fe1-768x576.png 768w\" sizes=\"auto\" \/><\/figure>\n\n\n\n<h2 class=\"has-text-align-center wp-block-heading\">Jubileusz firmy &#8211; pomys\u0142y<\/h2>\n\n\n\n<p><br>Oto kilka pomys\u0142\u00f3w na <strong>jubileusz firmy<\/strong>, kt\u00f3re mog\u0105 przypa\u015b\u0107 Ci do gustu! Pierwszym z nim jest wydarzenie w formie gali. Zorganizuj eleganck\u0105 gal\u0119, na kt\u00f3rej pracownicy, klienci, partnerzy biznesowi i inni zwi\u0105zani z firm\u0105 go\u015bcie b\u0119d\u0105 mogli uczestniczy\u0107. To doskona\u0142a okazja do podzi\u0119kowania za wsp\u00f3\u0142prac\u0119 i uhonorowania osi\u0105gni\u0119\u0107 firmy. Drug\u0105 propozycj\u0105 jest spotkanie integracyjne. Zorganizuj wydarzenie, kt\u00f3re b\u0119dzie skupia\u0107 si\u0119 na integracji pracownik\u00f3w i budowaniu wi\u0119zi wewn\u0119trznych. Mo\u017ce to by\u0107 piknik, rejs statkiem, wsp\u00f3lny wyjazd na weekend lub inna forma spotkania poza miejscem pracy.<\/p>\n\n\n\n<p>Trzecia propozycja to wystawa historii firmy. Przygotuj wystaw\u0119, na kt\u00f3rej przedstawisz histori\u0119 i osi\u0105gni\u0119cia firmy. Mo\u017cesz wykorzysta\u0107 zdj\u0119cia, dokumenty, produkty i inne przedmioty zwi\u0105zane z firm\u0105, aby zaprezentowa\u0107 jej rozw\u00f3j na przestrzeni lat. Czwarty pomys\u0142 to konferencja bran\u017cowa. Zorganizuj konferencj\u0119, na kt\u00f3rej eksperci z bran\u017cy b\u0119d\u0105 dzieli\u0107 si\u0119 wiedz\u0105 i do\u015bwiadczeniem. Mo\u017cesz zaprosi\u0107 znanych prelegent\u00f3w, zorganizowa\u0107 panele dyskusyjne i sesje networkingowe, aby uczestnicy mogli wymienia\u0107 si\u0119 pomys\u0142ami i nawi\u0105zywa\u0107 kontakty.<\/p>\n\n\n\n<figure class=\"wp-block-image size-large\"><img loading=\"lazy\" decoding=\"async\" width=\"1024\" height=\"683\" src=\"https:\/\/www.mojekonferencje.pl\/blog\/wp-content\/uploads\/2023\/06\/photo-1677768062274-fdd45caac233-1024x683.png\" alt=\"\" class=\"wp-image-4005 lazyload\" data-srcset=\"https:\/\/www.mojekonferencje.pl\/blog\/wp-content\/uploads\/2023\/06\/photo-1677768062274-fdd45caac233-1024x683.png 1024w, https:\/\/www.mojekonferencje.pl\/blog\/wp-content\/uploads\/2023\/06\/photo-1677768062274-fdd45caac233-300x200.png 300w, https:\/\/www.mojekonferencje.pl\/blog\/wp-content\/uploads\/2023\/06\/photo-1677768062274-fdd45caac233-768x512.png 768w, https:\/\/www.mojekonferencje.pl\/blog\/wp-content\/uploads\/2023\/06\/photo-1677768062274-fdd45caac233.png 1170w\" sizes=\"auto\" \/><\/figure>\n\n\n\n<p>Pi\u0105ta propozycja, je\u015bli chodzi o <strong>jubileusz firmy<\/strong>, to akcja charytatywna: Zorganizuj akcj\u0119 charytatywn\u0105 lub wolontariat, w kt\u00f3rej pracownicy firmy b\u0119d\u0105 mogli wsp\u00f3lnie zaanga\u017cowa\u0107 si\u0119 na rzecz spo\u0142eczno\u015bci lokalnej. Mo\u017ce to by\u0107 np. dzie\u0144 wolontariatu, zbi\u00f3rka dar\u00f3w dla potrzebuj\u0105cych lub udzia\u0142 w projekcie spo\u0142ecznym. Koniecznie uwzgl\u0119dnij te\u017c nagrody i wyr\u00f3\u017cnienia. Utw\u00f3rz program nagr\u00f3d i wyr\u00f3\u017cnie\u0144, w kt\u00f3rym docenisz wybitne osi\u0105gni\u0119cia pracownik\u00f3w, partner\u00f3w biznesowych lub klient\u00f3w. To \u015bwietny spos\u00f3b na wyr\u00f3\u017cnienie tych, kt\u00f3rzy przyczynili si\u0119 do sukcesu firmy.<\/p>\n\n\n\n<p>Koniecznie uwzgl\u0119dnij te\u017c wydanie publikacji jubileuszowej. Stw\u00f3rz specjalne wydanie czasopisma, broszury lub katalogu jubileuszowego, w kt\u00f3rym przedstawisz histori\u0119, osi\u0105gni\u0119cia i wa\u017cne wydarzenia zwi\u0105zane z firm\u0105. Mo\u017cesz tak\u017ce zamie\u015bci\u0107 wywiady z za\u0142o\u017cycielami, pracownikami lub klientami. Mo\u017cesz r\u00f3wnie\u017c zorganizowa\u0107 wydarzenie tematyczne. Zorganizuj wydarzenie o tematyce zwi\u0105zanej z bran\u017c\u0105 lub specyfik\u0105 dzia\u0142alno\u015bci firmy. Mo\u017ce to by\u0107 koncert, pokaz mody, wystawa technologiczna lub inna forma, kt\u00f3ra odzwierciedli charakter firmy.<\/p>\n\n\n\n<figure class=\"wp-block-image size-large\"><img loading=\"lazy\" decoding=\"async\" width=\"1024\" height=\"683\" src=\"https:\/\/www.mojekonferencje.pl\/blog\/wp-content\/uploads\/2023\/06\/photo-1586972246803-d2bdc4006378-1024x683.png\" alt=\"\" class=\"wp-image-4006 lazyload\" data-srcset=\"https:\/\/www.mojekonferencje.pl\/blog\/wp-content\/uploads\/2023\/06\/photo-1586972246803-d2bdc4006378-1024x683.png 1024w, https:\/\/www.mojekonferencje.pl\/blog\/wp-content\/uploads\/2023\/06\/photo-1586972246803-d2bdc4006378-300x200.png 300w, https:\/\/www.mojekonferencje.pl\/blog\/wp-content\/uploads\/2023\/06\/photo-1586972246803-d2bdc4006378-768x512.png 768w, https:\/\/www.mojekonferencje.pl\/blog\/wp-content\/uploads\/2023\/06\/photo-1586972246803-d2bdc4006378.png 1170w\" sizes=\"auto\" \/><\/figure>\n\n\n\n<h2 class=\"has-text-align-center wp-block-heading\">Gdzie zorganizowa\u0107 jubileusz firmy?<\/h2>\n\n\n\n<p><br>Je\u015bli zastanawiasz si\u0119, <strong>gdzie zorganizowa\u0107 jubileusz firmy<\/strong>, to musisz wiedzie\u0107, \u017ce jeste\u015b w dobrym miejscu! Z ch\u0119ci\u0105 wska\u017cemy kilka atrakcyjnych obiekt\u00f3w, kt\u00f3re sprzyjaj\u0105 organizacji najbardziej wymagaj\u0105cych imprez. Koniecznie musisz pozna\u0107<a href=\"https:\/\/www.mojekonferencje.pl\/palace-dworki-zamki\"> pa\u0142ace, dworki i zamki na eventy firmowe<\/a>. To \u015bwietne miejsca, je\u015bli zale\u017cy Ci na wyj\u0105tkowym klimacie, eleganckich wn\u0119trzach i wr\u0119cz kr\u00f3lewskiej atmosferze. Doskona\u0142e przyk\u0142ady takich obiekt\u00f3w stanowi\u0105 <a href=\"https:\/\/www.mojekonferencje.pl\/sulislaw\/sulislaw\">Pa\u0142ac Sulis\u0142aw <\/a>oraz <a href=\"https:\/\/www.mojekonferencje.pl\/warka\/bialy-palac-palczew\">Bia\u0142y Pa\u0142ac Palczew<\/a>. <\/p>\n\n\n\n<p>Polecamy r\u00f3wnie\u017c luksusowe <a href=\"https:\/\/www.mojekonferencje.pl\/hotel-pieciogwiazdkowy\">hotele o 5-gwiazdkowym standardzie na jubileusze firmowe<\/a>. To istna gwarancja najwy\u017cszej jako\u015bci obs\u0142ugi oraz wysokiego komfortu. \u015awietny przyk\u0142ad stanowi <a href=\"https:\/\/www.mojekonferencje.pl\/wroclaw\/doubletree-by-hilton-wroclaw\">DoubleTree by Hilton<\/a> we Wroc\u0142awiu oraz <a href=\"https:\/\/www.mojekonferencje.pl\/krynica-zdroj\/belmonte-hotel-resort\">Hotel Belmonte <\/a>w Krynicy-Zdroju. To jednak dopiero namiastka propozycji &#8211; wi\u0119cej z nich znajdziesz na naszej stronie!<\/p>\n\n\n\n<figure class=\"wp-block-image size-large\"><img loading=\"lazy\" decoding=\"async\" width=\"980\" height=\"653\" src=\"https:\/\/www.mojekonferencje.pl\/blog\/wp-content\/uploads\/2023\/06\/bialypalacpalczew12.jpg\" alt=\"\" class=\"wp-image-4007 lazyload\" data-srcset=\"https:\/\/www.mojekonferencje.pl\/blog\/wp-content\/uploads\/2023\/06\/bialypalacpalczew12.jpg 980w, https:\/\/www.mojekonferencje.pl\/blog\/wp-content\/uploads\/2023\/06\/bialypalacpalczew12-300x200.jpg 300w, https:\/\/www.mojekonferencje.pl\/blog\/wp-content\/uploads\/2023\/06\/bialypalacpalczew12-768x512.jpg 768w\" sizes=\"auto\" \/><\/figure>\n","protected":false},"excerpt":{"rendered":"<p>Jubileusz firmy to niezwykle istotne przedsi\u0119wzi\u0119cie &#8211; zar\u00f3wno dla przedsi\u0119biorstwa, pracownik\u00f3w, jak i kontrahent\u00f3w oraz klient\u00f3w. Sprawd\u017a, jak dobrze je zorganizowa\u0107!<\/p>\n","protected":false},"author":9,"featured_media":4001,"comment_status":"closed","ping_status":"closed","sticky":false,"template":"","format":"standard","meta":{"_acf_changed":false,"footnotes":""},"categories":[211,8],"tags":[353,354],"class_list":["post-4000","post","type-post","status-publish","format-standard","has-post-thumbnail","hentry","category-lifestyle","category-porady","tag-organizacja-imprez","tag-organizacja-wydarzen"],"acf":[],"yoast_head":"<!-- This site is optimized with the Yoast SEO plugin v27.1.1 - https:\/\/yoast.com\/product\/yoast-seo-wordpress\/ -->\n<title>Jubileusz firmy - pomys\u0142y na uczczenie wydarzenia z pracownikami - blog | MojeKonferencje.pl<\/title>\n<meta name=\"description\" content=\"Jubileusz firmy - pomys\u0142y na uczczenie wydarzenia z pracownikami - blog | MojeKonferencje.pl\" \/>\n<meta name=\"robots\" content=\"index, follow, max-snippet:-1, max-image-preview:large, max-video-preview:-1\" \/>\n<link rel=\"canonical\" href=\"https:\/\/www.mojekonferencje.pl\/blog\/jubileusz-firmy-pomysly-na-uczczenie-wydarzenia-z-pracownikami\/\" \/>\n<meta property=\"og:locale\" content=\"pl_PL\" \/>\n<meta property=\"og:type\" content=\"article\" \/>\n<meta property=\"og:title\" content=\"Jubileusz firmy - pomys\u0142y na uczczenie wydarzenia z pracownikami - blog | MojeKonferencje.pl\" \/>\n<meta property=\"og:description\" content=\"Jubileusz firmy - pomys\u0142y na uczczenie wydarzenia z pracownikami - blog | MojeKonferencje.pl\" \/>\n<meta property=\"og:url\" content=\"https:\/\/www.mojekonferencje.pl\/blog\/jubileusz-firmy-pomysly-na-uczczenie-wydarzenia-z-pracownikami\/\" \/>\n<meta property=\"og:site_name\" content=\"MojeKonferencje.pl\" \/>\n<meta property=\"article:published_time\" content=\"2023-06-19T19:56:00+00:00\" \/>\n<meta property=\"article:modified_time\" content=\"2024-05-07T09:49:10+00:00\" \/>\n<meta property=\"og:image\" content=\"https:\/\/www.mojekonferencje.pl\/blog\/wp-content\/uploads\/2023\/06\/photo-1524824267900-2fa9cbf7a506.png\" \/>\n\t<meta property=\"og:image:width\" content=\"1170\" \/>\n\t<meta property=\"og:image:height\" content=\"780\" \/>\n\t<meta property=\"og:image:type\" content=\"image\/png\" \/>\n<meta name=\"author\" content=\"Olga Stawicka-Iwanowska\" \/>\n<meta name=\"twitter:card\" content=\"summary_large_image\" \/>\n<meta name=\"twitter:label1\" content=\"Napisane przez\" \/>\n\t<meta name=\"twitter:data1\" content=\"Olga Stawicka-Iwanowska\" \/>\n\t<meta name=\"twitter:label2\" content=\"Szacowany czas czytania\" \/>\n\t<meta name=\"twitter:data2\" content=\"5 minut\" \/>\n<script type=\"application\/ld+json\" class=\"yoast-schema-graph\">{\"@context\":\"https:\/\/schema.org\",\"@graph\":[{\"@type\":\"Article\",\"@id\":\"https:\/\/www.mojekonferencje.pl\/blog\/jubileusz-firmy-pomysly-na-uczczenie-wydarzenia-z-pracownikami\/#article\",\"isPartOf\":{\"@id\":\"https:\/\/www.mojekonferencje.pl\/blog\/jubileusz-firmy-pomysly-na-uczczenie-wydarzenia-z-pracownikami\/\"},\"author\":{\"name\":\"Olga Stawicka-Iwanowska\",\"@id\":\"https:\/\/www.mojekonferencje.pl\/blog\/#\/schema\/person\/d6751ca3c60de9ec17ee21b744bbb2d4\"},\"headline\":\"Jubileusz firmy &#8211; pomys\u0142y na uczczenie wydarzenia z pracownikami\",\"datePublished\":\"2023-06-19T19:56:00+00:00\",\"dateModified\":\"2024-05-07T09:49:10+00:00\",\"mainEntityOfPage\":{\"@id\":\"https:\/\/www.mojekonferencje.pl\/blog\/jubileusz-firmy-pomysly-na-uczczenie-wydarzenia-z-pracownikami\/\"},\"wordCount\":1029,\"image\":{\"@id\":\"https:\/\/www.mojekonferencje.pl\/blog\/jubileusz-firmy-pomysly-na-uczczenie-wydarzenia-z-pracownikami\/#primaryimage\"},\"thumbnailUrl\":\"https:\/\/www.mojekonferencje.pl\/blog\/wp-content\/uploads\/2023\/06\/photo-1524824267900-2fa9cbf7a506.png\",\"keywords\":[\"organizacja imprez\",\"organizacja wydarze\u0144\"],\"articleSection\":[\"Lifestyle\",\"Porady\"],\"inLanguage\":\"pl-PL\"},{\"@type\":\"WebPage\",\"@id\":\"https:\/\/www.mojekonferencje.pl\/blog\/jubileusz-firmy-pomysly-na-uczczenie-wydarzenia-z-pracownikami\/\",\"url\":\"https:\/\/www.mojekonferencje.pl\/blog\/jubileusz-firmy-pomysly-na-uczczenie-wydarzenia-z-pracownikami\/\",\"name\":\"Jubileusz firmy - pomys\u0142y na uczczenie wydarzenia z pracownikami - blog | MojeKonferencje.pl\",\"isPartOf\":{\"@id\":\"https:\/\/www.mojekonferencje.pl\/blog\/#website\"},\"primaryImageOfPage\":{\"@id\":\"https:\/\/www.mojekonferencje.pl\/blog\/jubileusz-firmy-pomysly-na-uczczenie-wydarzenia-z-pracownikami\/#primaryimage\"},\"image\":{\"@id\":\"https:\/\/www.mojekonferencje.pl\/blog\/jubileusz-firmy-pomysly-na-uczczenie-wydarzenia-z-pracownikami\/#primaryimage\"},\"thumbnailUrl\":\"https:\/\/www.mojekonferencje.pl\/blog\/wp-content\/uploads\/2023\/06\/photo-1524824267900-2fa9cbf7a506.png\",\"datePublished\":\"2023-06-19T19:56:00+00:00\",\"dateModified\":\"2024-05-07T09:49:10+00:00\",\"author\":{\"@id\":\"https:\/\/www.mojekonferencje.pl\/blog\/#\/schema\/person\/d6751ca3c60de9ec17ee21b744bbb2d4\"},\"description\":\"Jubileusz firmy - pomys\u0142y na uczczenie wydarzenia z pracownikami - blog | MojeKonferencje.pl\",\"breadcrumb\":{\"@id\":\"https:\/\/www.mojekonferencje.pl\/blog\/jubileusz-firmy-pomysly-na-uczczenie-wydarzenia-z-pracownikami\/#breadcrumb\"},\"inLanguage\":\"pl-PL\",\"potentialAction\":[{\"@type\":\"ReadAction\",\"target\":[\"https:\/\/www.mojekonferencje.pl\/blog\/jubileusz-firmy-pomysly-na-uczczenie-wydarzenia-z-pracownikami\/\"]}]},{\"@type\":\"ImageObject\",\"inLanguage\":\"pl-PL\",\"@id\":\"https:\/\/www.mojekonferencje.pl\/blog\/jubileusz-firmy-pomysly-na-uczczenie-wydarzenia-z-pracownikami\/#primaryimage\",\"url\":\"https:\/\/www.mojekonferencje.pl\/blog\/wp-content\/uploads\/2023\/06\/photo-1524824267900-2fa9cbf7a506.png\",\"contentUrl\":\"https:\/\/www.mojekonferencje.pl\/blog\/wp-content\/uploads\/2023\/06\/photo-1524824267900-2fa9cbf7a506.png\",\"width\":1170,\"height\":780},{\"@type\":\"BreadcrumbList\",\"@id\":\"https:\/\/www.mojekonferencje.pl\/blog\/jubileusz-firmy-pomysly-na-uczczenie-wydarzenia-z-pracownikami\/#breadcrumb\",\"itemListElement\":[{\"@type\":\"ListItem\",\"position\":1,\"name\":\"Strona g\u0142\u00f3wna\",\"item\":\"https:\/\/www.mojekonferencje.pl\/blog\/\"},{\"@type\":\"ListItem\",\"position\":2,\"name\":\"Jubileusz firmy &#8211; pomys\u0142y na uczczenie wydarzenia z pracownikami\"}]},{\"@type\":\"WebSite\",\"@id\":\"https:\/\/www.mojekonferencje.pl\/blog\/#website\",\"url\":\"https:\/\/www.mojekonferencje.pl\/blog\/\",\"name\":\"MojeKonferencje.pl\",\"description\":\"Blog bran\u017cy szkoleniowo-konferencyjnej. W\u0142\u0105cz si\u0119 do dyskusji o obiektach konferencyjnych i nowo\u015bciach z bran\u017cy! Poznaj porady odno\u015bnie organizacji konferencji, szkole\u0144 i event\u00f3w firmowych! Zach\u0119camy do wyra\u017cania opinii oraz komentarzy.\",\"potentialAction\":[{\"@type\":\"SearchAction\",\"target\":{\"@type\":\"EntryPoint\",\"urlTemplate\":\"https:\/\/www.mojekonferencje.pl\/blog\/?s={search_term_string}\"},\"query-input\":{\"@type\":\"PropertyValueSpecification\",\"valueRequired\":true,\"valueName\":\"search_term_string\"}}],\"inLanguage\":\"pl-PL\"},{\"@type\":\"Person\",\"@id\":\"https:\/\/www.mojekonferencje.pl\/blog\/#\/schema\/person\/d6751ca3c60de9ec17ee21b744bbb2d4\",\"name\":\"Olga Stawicka-Iwanowska\",\"description\":\"Head of Marketing z ponad sze\u015bcioletnim do\u015bwiadczeniem w bran\u017cy MICE. Na co dzie\u0144 zajmuje si\u0119 content marketingiem i promocj\u0105 obiekt\u00f3w eventowych, tak aby organizatorzy kongres\u00f3w, targ\u00f3w i konferencji wiedzieli, \u017ce w\u0142a\u015bnie tam warto zrealizowa\u0107 swoje wydarzenie. Prowadzi media spo\u0142eczno\u015bciowe, tworzy strategie komunikacji, pisze artyku\u0142y i dba o sp\u00f3jny wizerunek marki w ka\u017cdym kanale. W swojej pracy \u0142\u0105czy analityczne my\u015blenie z kreatywno\u015bci\u0105 i dobrym copy. Wsp\u00f3\u0142pracuje zar\u00f3wno z organizatorami najwi\u0119kszych wydarze\u0144 w Polsce, jak i z regionalnymi partnerami z bran\u017cy. Po godzinach mi\u0142o\u015bniczka podr\u00f3\u017cy po Europie, dobrej kuchni i klimatycznych miejsc, w kt\u00f3rych mo\u017cna z\u0142apa\u0107 oddech.\",\"sameAs\":[\"http:\/\/MojeKonferencje.pl\",\"https:\/\/www.linkedin.com\/in\/olgastawicka\/\"],\"url\":\"https:\/\/www.mojekonferencje.pl\/blog\/author\/osawicka\/\"}]}<\/script>\n<!-- \/ Yoast SEO plugin. -->","yoast_head_json":{"title":"Jubileusz firmy - pomys\u0142y na uczczenie wydarzenia z pracownikami - blog | MojeKonferencje.pl","description":"Jubileusz firmy - pomys\u0142y na uczczenie wydarzenia z pracownikami - blog | MojeKonferencje.pl","robots":{"index":"index","follow":"follow","max-snippet":"max-snippet:-1","max-image-preview":"max-image-preview:large","max-video-preview":"max-video-preview:-1"},"canonical":"https:\/\/www.mojekonferencje.pl\/blog\/jubileusz-firmy-pomysly-na-uczczenie-wydarzenia-z-pracownikami\/","og_locale":"pl_PL","og_type":"article","og_title":"Jubileusz firmy - pomys\u0142y na uczczenie wydarzenia z pracownikami - blog | MojeKonferencje.pl","og_description":"Jubileusz firmy - pomys\u0142y na uczczenie wydarzenia z pracownikami - blog | MojeKonferencje.pl","og_url":"https:\/\/www.mojekonferencje.pl\/blog\/jubileusz-firmy-pomysly-na-uczczenie-wydarzenia-z-pracownikami\/","og_site_name":"MojeKonferencje.pl","article_published_time":"2023-06-19T19:56:00+00:00","article_modified_time":"2024-05-07T09:49:10+00:00","og_image":[{"width":1170,"height":780,"url":"https:\/\/www.mojekonferencje.pl\/blog\/wp-content\/uploads\/2023\/06\/photo-1524824267900-2fa9cbf7a506.png","type":"image\/png"}],"author":"Olga Stawicka-Iwanowska","twitter_card":"summary_large_image","twitter_misc":{"Napisane przez":"Olga Stawicka-Iwanowska","Szacowany czas czytania":"5 minut"},"schema":{"@context":"https:\/\/schema.org","@graph":[{"@type":"Article","@id":"https:\/\/www.mojekonferencje.pl\/blog\/jubileusz-firmy-pomysly-na-uczczenie-wydarzenia-z-pracownikami\/#article","isPartOf":{"@id":"https:\/\/www.mojekonferencje.pl\/blog\/jubileusz-firmy-pomysly-na-uczczenie-wydarzenia-z-pracownikami\/"},"author":{"name":"Olga Stawicka-Iwanowska","@id":"https:\/\/www.mojekonferencje.pl\/blog\/#\/schema\/person\/d6751ca3c60de9ec17ee21b744bbb2d4"},"headline":"Jubileusz firmy &#8211; pomys\u0142y na uczczenie wydarzenia z pracownikami","datePublished":"2023-06-19T19:56:00+00:00","dateModified":"2024-05-07T09:49:10+00:00","mainEntityOfPage":{"@id":"https:\/\/www.mojekonferencje.pl\/blog\/jubileusz-firmy-pomysly-na-uczczenie-wydarzenia-z-pracownikami\/"},"wordCount":1029,"image":{"@id":"https:\/\/www.mojekonferencje.pl\/blog\/jubileusz-firmy-pomysly-na-uczczenie-wydarzenia-z-pracownikami\/#primaryimage"},"thumbnailUrl":"https:\/\/www.mojekonferencje.pl\/blog\/wp-content\/uploads\/2023\/06\/photo-1524824267900-2fa9cbf7a506.png","keywords":["organizacja imprez","organizacja wydarze\u0144"],"articleSection":["Lifestyle","Porady"],"inLanguage":"pl-PL"},{"@type":"WebPage","@id":"https:\/\/www.mojekonferencje.pl\/blog\/jubileusz-firmy-pomysly-na-uczczenie-wydarzenia-z-pracownikami\/","url":"https:\/\/www.mojekonferencje.pl\/blog\/jubileusz-firmy-pomysly-na-uczczenie-wydarzenia-z-pracownikami\/","name":"Jubileusz firmy - pomys\u0142y na uczczenie wydarzenia z pracownikami - blog | MojeKonferencje.pl","isPartOf":{"@id":"https:\/\/www.mojekonferencje.pl\/blog\/#website"},"primaryImageOfPage":{"@id":"https:\/\/www.mojekonferencje.pl\/blog\/jubileusz-firmy-pomysly-na-uczczenie-wydarzenia-z-pracownikami\/#primaryimage"},"image":{"@id":"https:\/\/www.mojekonferencje.pl\/blog\/jubileusz-firmy-pomysly-na-uczczenie-wydarzenia-z-pracownikami\/#primaryimage"},"thumbnailUrl":"https:\/\/www.mojekonferencje.pl\/blog\/wp-content\/uploads\/2023\/06\/photo-1524824267900-2fa9cbf7a506.png","datePublished":"2023-06-19T19:56:00+00:00","dateModified":"2024-05-07T09:49:10+00:00","author":{"@id":"https:\/\/www.mojekonferencje.pl\/blog\/#\/schema\/person\/d6751ca3c60de9ec17ee21b744bbb2d4"},"description":"Jubileusz firmy - pomys\u0142y na uczczenie wydarzenia z pracownikami - blog | MojeKonferencje.pl","breadcrumb":{"@id":"https:\/\/www.mojekonferencje.pl\/blog\/jubileusz-firmy-pomysly-na-uczczenie-wydarzenia-z-pracownikami\/#breadcrumb"},"inLanguage":"pl-PL","potentialAction":[{"@type":"ReadAction","target":["https:\/\/www.mojekonferencje.pl\/blog\/jubileusz-firmy-pomysly-na-uczczenie-wydarzenia-z-pracownikami\/"]}]},{"@type":"ImageObject","inLanguage":"pl-PL","@id":"https:\/\/www.mojekonferencje.pl\/blog\/jubileusz-firmy-pomysly-na-uczczenie-wydarzenia-z-pracownikami\/#primaryimage","url":"https:\/\/www.mojekonferencje.pl\/blog\/wp-content\/uploads\/2023\/06\/photo-1524824267900-2fa9cbf7a506.png","contentUrl":"https:\/\/www.mojekonferencje.pl\/blog\/wp-content\/uploads\/2023\/06\/photo-1524824267900-2fa9cbf7a506.png","width":1170,"height":780},{"@type":"BreadcrumbList","@id":"https:\/\/www.mojekonferencje.pl\/blog\/jubileusz-firmy-pomysly-na-uczczenie-wydarzenia-z-pracownikami\/#breadcrumb","itemListElement":[{"@type":"ListItem","position":1,"name":"Strona g\u0142\u00f3wna","item":"https:\/\/www.mojekonferencje.pl\/blog\/"},{"@type":"ListItem","position":2,"name":"Jubileusz firmy &#8211; pomys\u0142y na uczczenie wydarzenia z pracownikami"}]},{"@type":"WebSite","@id":"https:\/\/www.mojekonferencje.pl\/blog\/#website","url":"https:\/\/www.mojekonferencje.pl\/blog\/","name":"MojeKonferencje.pl","description":"Blog bran\u017cy szkoleniowo-konferencyjnej. W\u0142\u0105cz si\u0119 do dyskusji o obiektach konferencyjnych i nowo\u015bciach z bran\u017cy! Poznaj porady odno\u015bnie organizacji konferencji, szkole\u0144 i event\u00f3w firmowych! Zach\u0119camy do wyra\u017cania opinii oraz komentarzy.","potentialAction":[{"@type":"SearchAction","target":{"@type":"EntryPoint","urlTemplate":"https:\/\/www.mojekonferencje.pl\/blog\/?s={search_term_string}"},"query-input":{"@type":"PropertyValueSpecification","valueRequired":true,"valueName":"search_term_string"}}],"inLanguage":"pl-PL"},{"@type":"Person","@id":"https:\/\/www.mojekonferencje.pl\/blog\/#\/schema\/person\/d6751ca3c60de9ec17ee21b744bbb2d4","name":"Olga Stawicka-Iwanowska","description":"Head of Marketing z ponad sze\u015bcioletnim do\u015bwiadczeniem w bran\u017cy MICE. Na co dzie\u0144 zajmuje si\u0119 content marketingiem i promocj\u0105 obiekt\u00f3w eventowych, tak aby organizatorzy kongres\u00f3w, targ\u00f3w i konferencji wiedzieli, \u017ce w\u0142a\u015bnie tam warto zrealizowa\u0107 swoje wydarzenie. Prowadzi media spo\u0142eczno\u015bciowe, tworzy strategie komunikacji, pisze artyku\u0142y i dba o sp\u00f3jny wizerunek marki w ka\u017cdym kanale. W swojej pracy \u0142\u0105czy analityczne my\u015blenie z kreatywno\u015bci\u0105 i dobrym copy. Wsp\u00f3\u0142pracuje zar\u00f3wno z organizatorami najwi\u0119kszych wydarze\u0144 w Polsce, jak i z regionalnymi partnerami z bran\u017cy. Po godzinach mi\u0142o\u015bniczka podr\u00f3\u017cy po Europie, dobrej kuchni i klimatycznych miejsc, w kt\u00f3rych mo\u017cna z\u0142apa\u0107 oddech.","sameAs":["http:\/\/MojeKonferencje.pl","https:\/\/www.linkedin.com\/in\/olgastawicka\/"],"url":"https:\/\/www.mojekonferencje.pl\/blog\/author\/osawicka\/"}]}},"_links":{"self":[{"href":"https:\/\/www.mojekonferencje.pl\/blog\/wp-json\/wp\/v2\/posts\/4000","targetHints":{"allow":["GET"]}}],"collection":[{"href":"https:\/\/www.mojekonferencje.pl\/blog\/wp-json\/wp\/v2\/posts"}],"about":[{"href":"https:\/\/www.mojekonferencje.pl\/blog\/wp-json\/wp\/v2\/types\/post"}],"author":[{"embeddable":true,"href":"https:\/\/www.mojekonferencje.pl\/blog\/wp-json\/wp\/v2\/users\/9"}],"replies":[{"embeddable":true,"href":"https:\/\/www.mojekonferencje.pl\/blog\/wp-json\/wp\/v2\/comments?post=4000"}],"version-history":[{"count":2,"href":"https:\/\/www.mojekonferencje.pl\/blog\/wp-json\/wp\/v2\/posts\/4000\/revisions"}],"predecessor-version":[{"id":4009,"href":"https:\/\/www.mojekonferencje.pl\/blog\/wp-json\/wp\/v2\/posts\/4000\/revisions\/4009"}],"wp:featuredmedia":[{"embeddable":true,"href":"https:\/\/www.mojekonferencje.pl\/blog\/wp-json\/wp\/v2\/media\/4001"}],"wp:attachment":[{"href":"https:\/\/www.mojekonferencje.pl\/blog\/wp-json\/wp\/v2\/media?parent=4000"}],"wp:term":[{"taxonomy":"category","embeddable":true,"href":"https:\/\/www.mojekonferencje.pl\/blog\/wp-json\/wp\/v2\/categories?post=4000"},{"taxonomy":"post_tag","embeddable":true,"href":"https:\/\/www.mojekonferencje.pl\/blog\/wp-json\/wp\/v2\/tags?post=4000"}],"curies":[{"name":"wp","href":"https:\/\/api.w.org\/{rel}","templated":true}]}}