{"id":4052,"date":"2023-06-27T15:37:00","date_gmt":"2023-06-27T13:37:00","guid":{"rendered":"https:\/\/www.mojekonferencje.pl\/blog\/?p=4052"},"modified":"2024-05-07T11:49:10","modified_gmt":"2024-05-07T09:49:10","slug":"konferencja-w-muzeum","status":"publish","type":"post","link":"https:\/\/www.mojekonferencje.pl\/blog\/konferencja-w-muzeum\/","title":{"rendered":"Konferencja w muzeum"},"content":{"rendered":"\n<p><strong>Organizacja konferencji w muzeum mo\u017ce by\u0107 interesuj\u0105cym i inspiruj\u0105cym pomys\u0142em. Muzea cz\u0119sto oferuj\u0105 unikalne i kulturalne otoczenie, kt\u00f3re mo\u017ce dodatkowo wzbogaci\u0107 do\u015bwiadczenie uczestnik\u00f3w. Poznaj zasady organizacji wydarze\u0144 w tego typu obiektach oraz przyk\u0142adowe muzea, sprzyjaj\u0105ce prowadzeniu konferencji i szkole\u0144.<\/strong><\/p>\n\n\n\n<p>Zosta\u0144 z nami i poznaj obiekty, takie jak:<\/p>\n\n\n\n<figure class=\"wp-block-table\"><table><tbody><tr><td><a href=\"https:\/\/www.mojekonferencje.pl\/warszawa\/muzeum-polskiej-wodki\">Muzeum Polskiej W\u00f3dki<\/a><\/td><td><a href=\"https:\/\/www.mojekonferencje.pl\/gdansk\/muzeum-gdanska\">Muzeum Gda\u0144ska<\/a><\/td><\/tr><tr><td><a href=\"https:\/\/www.mojekonferencje.pl\/krakow\/muzeum-sztuki-i-techniki-japonskiej-manggha\">Muzeum Sztuki i Techniki Japo\u0144skiej Manggha<\/a><\/td><td><a href=\"https:\/\/www.mojekonferencje.pl\/gdansk\/muzeum-sali-bhp-stoczni-gdanskiej\">Muzeum Sali BHP Stoczni Gda\u0144skiej<\/a><\/td><\/tr><tr><td><a href=\"https:\/\/www.mojekonferencje.pl\/gdansk\/muzeum-ii-wojny-swiatowej\">Muzeum II Wojny \u015awiatowej w Gda\u0144sku<\/a><\/td><td><a href=\"https:\/\/www.mojekonferencje.pl\/warszawa\/centrum-konferencyjne-polin\">Muzeum POLIN &#8211; Muzeum Historii \u017byd\u00f3w Polskich<\/a><\/td><\/tr><\/tbody><\/table><\/figure>\n\n\n\n<figure class=\"wp-block-image size-large\"><img loading=\"lazy\" decoding=\"async\" width=\"1024\" height=\"645\" src=\"https:\/\/www.mojekonferencje.pl\/blog\/wp-content\/uploads\/2023\/07\/photo-1637578035851-c5b169722de1-1024x645.png\" alt=\"\" class=\"wp-image-4054 lazyload\" data-srcset=\"https:\/\/www.mojekonferencje.pl\/blog\/wp-content\/uploads\/2023\/07\/photo-1637578035851-c5b169722de1-1024x645.png 1024w, https:\/\/www.mojekonferencje.pl\/blog\/wp-content\/uploads\/2023\/07\/photo-1637578035851-c5b169722de1-300x189.png 300w, https:\/\/www.mojekonferencje.pl\/blog\/wp-content\/uploads\/2023\/07\/photo-1637578035851-c5b169722de1-768x484.png 768w, https:\/\/www.mojekonferencje.pl\/blog\/wp-content\/uploads\/2023\/07\/photo-1637578035851-c5b169722de1.png 1221w\" sizes=\"auto\" \/><\/figure>\n\n\n\n<h2 class=\"has-text-align-center wp-block-heading\">Organizacja konferencji w muzeum<\/h2>\n\n\n\n<p><br>Oto kilka rzeczy, kt\u00f3re warto wzi\u0105\u0107 pod uwag\u0119 przy <strong>organizacji konferencji w muzeum<\/strong>. W pierwszej kolejno\u015bci wybierz muzeum, kt\u00f3re ma odpowiednie pomieszczenia i infrastruktur\u0119 do organizacji konferencji. Upewnij si\u0119, \u017ce posiada ono dost\u0119pne sale konferencyjne lub przestrzenie, kt\u00f3re mog\u0105 pomie\u015bci\u0107 odpowiedni\u0105 liczb\u0119 uczestnik\u00f3w. Sprawd\u017a tak\u017ce, czy muzeum ma odpowiednie udogodnienia techniczne, takie jak projektor, ekran, system d\u017awi\u0119kowy itp.<\/p>\n\n\n\n<p>Wybierz te\u017c<strong> muzeum na konferencj\u0119<\/strong>, kt\u00f3re ma zwi\u0105zek tematyczny z zagadnieniem poruszanym podczas konferencji lub bran\u017c\u0105, w kt\u00f3rej dzia\u0142asz. To mo\u017ce doda\u0107 dodatkow\u0105 warto\u015b\u0107 i zainteresowanie dla uczestnik\u00f3w, kt\u00f3rzy b\u0119d\u0105 mieli okazj\u0119 po\u0142\u0105czy\u0107 wiedz\u0119 konferencyjn\u0105 z eksploracj\u0105 muzealnych ekspozycji.<\/p>\n\n\n\n<p>Kiedy ju\u017c dokonasz wst\u0119pnego wyboru, skontaktuj si\u0119 z muzeum i om\u00f3w dost\u0119pno\u015b\u0107 termin\u00f3w oraz wymagania logistyczne. Upewnij si\u0119, \u017ce muzeum jest przygotowane do przyj\u0119cia konferencji i zapewnia odpowiednie udogodnienia, takie jak toalety, przestrzenie dla przerw kawowych, punkty \u0142adowania urz\u0105dze\u0144 elektronicznych itp. Zwr\u00f3\u0107 tak\u017ce uwag\u0119 na parking lub dost\u0119p do transportu publicznego dla uczestnik\u00f3w.<\/p>\n\n\n\n<figure class=\"wp-block-image size-large\"><img loading=\"lazy\" decoding=\"async\" width=\"1024\" height=\"683\" src=\"https:\/\/www.mojekonferencje.pl\/blog\/wp-content\/uploads\/2023\/07\/photo-1514905552197-0610a4d8fd73-1024x683.png\" alt=\"\" class=\"wp-image-4055 lazyload\" data-srcset=\"https:\/\/www.mojekonferencje.pl\/blog\/wp-content\/uploads\/2023\/07\/photo-1514905552197-0610a4d8fd73-1024x683.png 1024w, https:\/\/www.mojekonferencje.pl\/blog\/wp-content\/uploads\/2023\/07\/photo-1514905552197-0610a4d8fd73-300x200.png 300w, https:\/\/www.mojekonferencje.pl\/blog\/wp-content\/uploads\/2023\/07\/photo-1514905552197-0610a4d8fd73-768x512.png 768w, https:\/\/www.mojekonferencje.pl\/blog\/wp-content\/uploads\/2023\/07\/photo-1514905552197-0610a4d8fd73.png 1170w\" sizes=\"auto\" \/><\/figure>\n\n\n\n<p>Muzea cz\u0119sto maj\u0105 estetyczne wn\u0119trza, ciekawe dekoracje i ekspozycje, kt\u00f3re mog\u0105 sta\u0107 si\u0119 t\u0142em dla konferencji. Wykorzystaj t\u0119 wizualn\u0105 atrakcyjno\u015b\u0107, aby stworzy\u0107 inspiruj\u0105c\u0105 atmosfer\u0119 dla uczestnik\u00f3w. Mo\u017cesz tak\u017ce skorzysta\u0107 z dost\u0119pnych multimedi\u00f3w, takich jak ekrany dotykowe czy projekcje, aby wzbogaci\u0107 prezentacje. Ponadto wykorzystaj okazj\u0119, aby <strong>uczestnicy konferencji <\/strong>mieli mo\u017cliwo\u015b\u0107 zapoznania si\u0119 z muzealnymi zasobami i ekspozycjami. Zorganizuj dodatkowe zwiedzanie muzeum lub udost\u0119pnij informacje na temat wa\u017cnych eksponat\u00f3w, kt\u00f3re mog\u0105 mie\u0107 zwi\u0105zek z tematyk\u0105 konferencji.<\/p>\n\n\n\n<p>Koniecznie te\u017c skonsultuj si\u0119 z muzeum w sprawie opcji cateringowych. Mo\u017cesz zorganizowa\u0107 przerwy kawowe, lunche lub obiady dla uczestnik\u00f3w konferencji. Upewnij si\u0119, \u017ce muzeum ma odpowiednie zaplecze kuchenne lub mo\u017ce zarekomendowa\u0107 zewn\u0119trzn\u0105 firm\u0119 cateringow\u0105.<\/p>\n\n\n\n<p>Pami\u0119taj r\u00f3wnie\u017c o tym, \u017ce muzeum cz\u0119sto organizuje r\u00f3\u017cnego rodzaju wydarzenia kulturalne, wystawy lub wyst\u0119py artystyczne. Skorzystaj z tej okazji i zaplanuj dodatkowe <strong>atrakcje dla uczestnik\u00f3w konferencji<\/strong>, takie jak koncerty, pokazy czy warsztaty artystyczne, kt\u00f3re mog\u0105 wzbogaci\u0107 program konferencji. Faktem jest, i\u017c <strong>organizacja konferencji w muzeum<\/strong> mo\u017ce dostarczy\u0107 niezapomniane wra\u017cenia i po\u0142\u0105czy\u0107 wiedz\u0119 konferencyjn\u0105 z kulturalnym kontekstem. Pami\u0119taj jednak, aby skonsultowa\u0107 si\u0119 z muzeum i dok\u0142adnie zaplanowa\u0107 logistyk\u0119, aby zapewni\u0107 p\u0142ynny przebieg wydarzenia.<\/p>\n\n\n\n<figure class=\"wp-block-image size-large\"><img loading=\"lazy\" decoding=\"async\" width=\"835\" height=\"580\" src=\"https:\/\/www.mojekonferencje.pl\/blog\/wp-content\/uploads\/2023\/07\/photo-1579519397271-4467ef0b32d3.png\" alt=\"\" class=\"wp-image-4056 lazyload\" data-srcset=\"https:\/\/www.mojekonferencje.pl\/blog\/wp-content\/uploads\/2023\/07\/photo-1579519397271-4467ef0b32d3.png 835w, https:\/\/www.mojekonferencje.pl\/blog\/wp-content\/uploads\/2023\/07\/photo-1579519397271-4467ef0b32d3-300x208.png 300w, https:\/\/www.mojekonferencje.pl\/blog\/wp-content\/uploads\/2023\/07\/photo-1579519397271-4467ef0b32d3-768x533.png 768w\" sizes=\"auto\" \/><\/figure>\n\n\n\n<h2 class=\"has-text-align-center wp-block-heading\">Zalety organizacji konferencji w muzeum<\/h2>\n\n\n\n<p><strong>Organizacja konferencji w muzeum<\/strong> ma wiele zalet. Oto kilka z nich.<\/p>\n\n\n\n<ol class=\"wp-block-list\"><li>Unikalne otoczenie. Muzea s\u0105 cz\u0119sto pi\u0119knie urz\u0105dzone i maj\u0105 niepowtarzalny charakter. Organizuj\u0105c konferencj\u0119 w takim miejscu, mo\u017cesz stworzy\u0107 wyj\u0105tkow\u0105 atmosfer\u0119 i podkre\u015bli\u0107 warto\u015b\u0107 wydarzenia.<\/li><li>Inspiruj\u0105ce \u015brodowisko. Muzea s\u0105 miejscami, w kt\u00f3rych zgromadzona jest wiedza, historia i sztuka. Takie otoczenie mo\u017ce by\u0107 inspiruj\u0105ce dla uczestnik\u00f3w konferencji, dodaj\u0105c im dodatkow\u0105 motywacj\u0119 i kreatywno\u015b\u0107.<\/li><li>Ciekawe t\u0142o dla prezentacji. Muzea cz\u0119sto maj\u0105 unikalne dekoracje i wystawy, kt\u00f3re mog\u0105 sta\u0107 si\u0119 t\u0142em dla prezentacji. To mo\u017ce przyci\u0105gn\u0105\u0107 uwag\u0119 uczestnik\u00f3w i sprawi\u0107, \u017ce prezentacje stan\u0105 si\u0119 jeszcze bardziej interesuj\u0105ce.<\/li><li>Dost\u0119p do wiedzy i ekspozycji. <strong>Organizuj\u0105c konferencj\u0119 w muzeum<\/strong>, uczestnicy maj\u0105 r\u00f3wnie\u017c szans\u0119 zapozna\u0107 si\u0119 z muzealnymi zasobami i ekspozycjami. To mo\u017ce by\u0107 warto\u015bciowe do\u015bwiadczenie, kt\u00f3re wzbogaci ich wiedz\u0119 i perspektyw\u0119.<\/li><li>Dodatkowe atrakcje. Muzea cz\u0119sto oferuj\u0105 dodatkowe atrakcje, takie jak spacery po ogrodach, przewodnicy, pokazy czy warsztaty. Mo\u017cesz skorzysta\u0107 z tych mo\u017cliwo\u015bci i zapewni\u0107 uczestnikom dodatkowe atrakcje podczas konferencji.<\/li><li>Mo\u017cliwo\u015b\u0107 networkingowej. <strong>Organizacja konferencji w muzeum<\/strong> mo\u017ce stworzy\u0107 nieformalne i niepowtarzalne mo\u017cliwo\u015bci networkingowe. Uczestnicy b\u0119d\u0105 mieli okazj\u0119 spotka\u0107 si\u0119 i rozmawia\u0107 w ciekawym i inspiruj\u0105cym otoczeniu, co sprzyja nawi\u0105zywaniu kontakt\u00f3w.<\/li><li>Wysoka jako\u015b\u0107 infrastruktury. Muzea cz\u0119sto maj\u0105 dobrze wyposa\u017cone sale konferencyjne, kt\u00f3re s\u0105 przystosowane do organizacji tego rodzaju wydarze\u0144. Mo\u017cesz liczy\u0107 na profesjonaln\u0105 obs\u0142ug\u0119 techniczn\u0105 i odpowiedni\u0105 infrastruktur\u0119, aby zapewni\u0107 p\u0142ynny przebieg konferencji.<\/li><\/ol>\n\n\n\n<p><strong>Organizacja konferencji w muzeum<\/strong> mo\u017ce wi\u0119c zapewni\u0107 unikalne i inspiruj\u0105ce do\u015bwiadczenie dla uczestnik\u00f3w, ciekawe t\u0142o dla prezentacji oraz dost\u0119p do kulturalnego i historycznego kontekstu. To \u015bwietna opcja dla tych, kt\u00f3rzy poszukuj\u0105 czego\u015b wi\u0119cej ni\u017c standardowych sal konferencyjnych.<\/p>\n\n\n\n<figure class=\"wp-block-image size-large\"><img loading=\"lazy\" decoding=\"async\" width=\"1024\" height=\"682\" src=\"https:\/\/www.mojekonferencje.pl\/blog\/wp-content\/uploads\/2023\/07\/photo-1621886292650-520f76c747d6-1024x682.png\" alt=\"\" class=\"wp-image-4057 lazyload\" data-srcset=\"https:\/\/www.mojekonferencje.pl\/blog\/wp-content\/uploads\/2023\/07\/photo-1621886292650-520f76c747d6-1024x682.png 1024w, https:\/\/www.mojekonferencje.pl\/blog\/wp-content\/uploads\/2023\/07\/photo-1621886292650-520f76c747d6-300x200.png 300w, https:\/\/www.mojekonferencje.pl\/blog\/wp-content\/uploads\/2023\/07\/photo-1621886292650-520f76c747d6-768x512.png 768w, https:\/\/www.mojekonferencje.pl\/blog\/wp-content\/uploads\/2023\/07\/photo-1621886292650-520f76c747d6.png 1171w\" sizes=\"auto\" \/><\/figure>\n\n\n\n<h2 class=\"has-text-align-center wp-block-heading\"><a href=\"https:\/\/www.mojekonferencje.pl\/warszawa\/muzeum-polskiej-wodki\"><span class=\"has-inline-color has-vivid-purple-color\"><span style=\"text-decoration: underline;\">Muzeum Polskiej W\u00f3dki<\/span><\/span><\/a><\/h2>\n\n\n\n<p><br>Czy obok tego obiektu da si\u0119 przej\u015b\u0107 oboj\u0119tnie? Trzeba przyzna\u0107, \u017ce mamy co do tego du\u017ce w\u0105tpliwo\u015bci! <strong>Muzeum Polskiej W\u00f3dki <\/strong>to bowiem miejsce, kt\u00f3re koniecznie trzeba zobaczy\u0107! Organizacja spotkania biznesowego w tak nietypowym obiekcie z pewno\u015bci\u0105 zostanie w pami\u0119ci Twoich go\u015bci na d\u0142ugie lata. MPW mie\u015bci si\u0119 w Centrum Praskim Koneser w Warszawie, dok\u0142adnie w zabytkowym budynku Zak\u0142adu Ratyfikacji dawnej fabryki w\u00f3dek. W muzeum mo\u017cna m.in. zapozna\u0107 si\u0119 z interaktywn\u0105 wystaw\u0105, po\u015bwi\u0119con\u0105 historii polskiego trunku.  <\/p>\n\n\n\n<p><strong>Muzeum Polskiej W\u00f3dki<\/strong> do dyspozycji go\u015bci oddaje a\u017c 6 r\u00f3\u017cnych sal, w kt\u00f3rych mog\u0105 si\u0119 odby\u0107 zar\u00f3wno kameralne spotkania i narady, jak i znacznie wi\u0119ksze konferencje lub szkolenia &#8211; nawet na 100 os\u00f3b. Sale te s\u0105 nowocze\u015bnie urz\u0105dzone i wyposa\u017cone w wysokiej klasy sprz\u0119t multimedialny. Ponadto w obiekcie mo\u017cna liczy\u0107 na szereg atrakcji dodatkowych, w\u015br\u00f3d kt\u00f3rych mo\u017cna wymieni\u0107 m.in. warsztaty z tworzenia domowych nalewek czy k\u0105cik degustacji Polskich W\u00f3dek.<\/p>\n\n\n\n<figure class=\"wp-block-image size-large\"><img loading=\"lazy\" decoding=\"async\" width=\"1024\" height=\"682\" src=\"https:\/\/www.mojekonferencje.pl\/blog\/wp-content\/uploads\/2023\/07\/WODKA-1024x682.jpg\" alt=\"\" class=\"wp-image-4058 lazyload\" data-srcset=\"https:\/\/www.mojekonferencje.pl\/blog\/wp-content\/uploads\/2023\/07\/WODKA-1024x682.jpg 1024w, https:\/\/www.mojekonferencje.pl\/blog\/wp-content\/uploads\/2023\/07\/WODKA-300x200.jpg 300w, https:\/\/www.mojekonferencje.pl\/blog\/wp-content\/uploads\/2023\/07\/WODKA-768x512.jpg 768w, https:\/\/www.mojekonferencje.pl\/blog\/wp-content\/uploads\/2023\/07\/WODKA.jpg 1280w\" sizes=\"auto\" \/><\/figure>\n\n\n\n<h2 class=\"has-text-align-center wp-block-heading\"><a href=\"https:\/\/www.mojekonferencje.pl\/krakow\/muzeum-sztuki-i-techniki-japonskiej-manggha\"><span class=\"has-inline-color has-vivid-purple-color\"><span style=\"text-decoration: underline;\">Muzeum Sztuki i Techniki Japo\u0144skiej Manggha<\/span><\/span><\/a><\/h2>\n\n\n\n<p><br><strong>Konferencja w muzeum<\/strong> takim, jak to, stanowi niesamowite prze\u017cycie! Zw\u0142aszcza dla mi\u0142o\u015bnik\u00f3w tradycji i kultury Japonii oraz Dalekiego Wschodu.<strong> Muzeum Sztuki i Techniki Japo\u0144skiej Manggha<\/strong> zlokalizowane jest w centrum Krakowa, dok\u0142adnie naprzeciwko Zamku Kr\u00f3lewskiego na Wawelu. Ma\u0142o kto wie, \u017ce powsta\u0142o ono z inicjatywy Andrzeja Wajdy. Trzeba przyzna\u0107, \u017ce obiekt ten jest coraz cz\u0119\u015bciej i ch\u0119tniej odwiedzany nie tylko przez turyst\u00f3w, ale te\u017c go\u015bci biznesowych. Umo\u017cliwia on bowiem organizacj\u0119 wysokiej klasy konferencji i szkole\u0144. <\/p>\n\n\n\n<p><strong>Muzeum Sztuki i Techniki Japo\u0144skiej Manggha<\/strong> oferuje kilka przestrzeni, w kt\u00f3rych mog\u0105 si\u0119 odby\u0107 spotkania. Najwi\u0119ksza z nich, czyli sala wielofunkcyjna, po po\u0142\u0105czeniu z lobby, pozwala na zaproszenie do 320 go\u015bci. B\u0119d\u0105c w obiekcie koniecznie te\u017c trzeba zobaczy\u0107 bie\u017c\u0105ce wystawy oraz odwiedzi\u0107 klimatyczn\u0105 Cafe Manggha.<\/p>\n\n\n\n<figure class=\"wp-block-image size-large\"><img loading=\"lazy\" decoding=\"async\" width=\"1000\" height=\"667\" src=\"https:\/\/www.mojekonferencje.pl\/blog\/wp-content\/uploads\/2023\/07\/MANGHA.jpg\" alt=\"\" class=\"wp-image-4059 lazyload\" data-srcset=\"https:\/\/www.mojekonferencje.pl\/blog\/wp-content\/uploads\/2023\/07\/MANGHA.jpg 1000w, https:\/\/www.mojekonferencje.pl\/blog\/wp-content\/uploads\/2023\/07\/MANGHA-300x200.jpg 300w, https:\/\/www.mojekonferencje.pl\/blog\/wp-content\/uploads\/2023\/07\/MANGHA-768x512.jpg 768w\" sizes=\"auto\" \/><\/figure>\n\n\n\n<h2 class=\"has-text-align-center wp-block-heading\"><a href=\"https:\/\/www.mojekonferencje.pl\/gdansk\/muzeum-ii-wojny-swiatowej\"><span class=\"has-inline-color has-vivid-purple-color\"><span style=\"text-decoration: underline;\">Muzeum II Wojny \u015awiatowej w Gda\u0144sku<\/span><\/span><\/a><\/h2>\n\n\n\n<p><br>Co powiesz na <strong>muzeum na konferencj\u0119 w centrum Gda\u0144ska<\/strong>? Je\u015bli takiego miejsca szukasz, to koniecznie musisz pozna\u0107 Muzeum II Wojny \u015awiatowej w Gda\u0144sku, zlokalizowane jedynie ponad kilometr od Dworca G\u0142\u00f3wnego PKP. \u00d3w kompleks na co dzie\u0144 \u015bwiadczy r\u00f3\u017cnorodne us\u0142ugi z zakresu edukacji, kultury oraz w\u0142a\u015bnie biznesu. Go\u015bcie mog\u0105 liczy\u0107 m.in. na: kino, sklep muzealny, restauracj\u0119, bistro, kawiarni\u0119, apartamenty, bibliotek\u0119 oraz przestrze\u0144 ustawow\u0105. Z kolei dok\u0142adnie na poziomie -2 budynku znajduje si\u0119 nowoczesne centrum konferencyjne. <\/p>\n\n\n\n<p><strong>Muzeum II Wojny \u015awiatowej w Gda\u0144sku<\/strong> posiada dwie du\u017ce sale &#8211; konferencyjn\u0105 i kinow\u0105, a tak\u017ce 3 kameralne sale warsztatowe oraz przestronne foyer. Najwi\u0119ksze z nich jest w\u0142asnie foyer, pozwalaj\u0105ce na zaproszenie do 400 os\u00f3b. Wszystkie sale s\u0105 jednak nowocze\u015bnie urz\u0105dzone, w pe\u0142ni wyposa\u017cone i profesjonalnie o\u015bwietlone oraz nag\u0142o\u015bnione.<\/p>\n\n\n\n<figure class=\"wp-block-image size-large\"><img loading=\"lazy\" decoding=\"async\" width=\"1024\" height=\"683\" src=\"https:\/\/www.mojekonferencje.pl\/blog\/wp-content\/uploads\/2023\/07\/IIWOJNA-1024x683.jpg\" alt=\"\" class=\"wp-image-4060 lazyload\" data-srcset=\"https:\/\/www.mojekonferencje.pl\/blog\/wp-content\/uploads\/2023\/07\/IIWOJNA-1024x683.jpg 1024w, https:\/\/www.mojekonferencje.pl\/blog\/wp-content\/uploads\/2023\/07\/IIWOJNA-300x200.jpg 300w, https:\/\/www.mojekonferencje.pl\/blog\/wp-content\/uploads\/2023\/07\/IIWOJNA-768x512.jpg 768w, https:\/\/www.mojekonferencje.pl\/blog\/wp-content\/uploads\/2023\/07\/IIWOJNA-1536x1024.jpg 1536w, https:\/\/www.mojekonferencje.pl\/blog\/wp-content\/uploads\/2023\/07\/IIWOJNA-2048x1365.jpg 2048w\" sizes=\"auto\" \/><\/figure>\n\n\n\n<h2 class=\"has-text-align-center wp-block-heading\"><a href=\"https:\/\/www.mojekonferencje.pl\/gdansk\/muzeum-gdanska\"><span class=\"has-inline-color has-vivid-purple-color\"><span style=\"text-decoration: underline;\">Muzeum Gda\u0144ska<\/span><\/span><\/a><\/h2>\n\n\n\n<p><br>To kolejne<strong> muzeum w Gda\u0144sku na konferencj\u0119<\/strong>, tym razem o historycznym, a tym samym unikatowym charakterze. <strong>Muzeum Ga\u0144ska<\/strong> mie\u015bci si\u0119 w centrum miasta, w pobli\u017cu t\u0119tni\u0105cej \u017cyciem star\u00f3wki. Obiekt do dyspozycji go\u015bci oddaje 5 sal o r\u00f3\u017cnej wielko\u015bci, charakteryzuj\u0105cych si\u0119 niepowtarzalnym klimatem. Najwi\u0119ksza z nich jest Wielka Hala Dworu Artusa, b\u0119d\u0105ca w stanie pomie\u015bci\u0107 do 300 os\u00f3b. Swoim wystrojem nawi\u0105zuje ona do tradycyjnych sieni z XVII i XVIII wieku. Warto przy tym doda\u0107, \u017ce <strong>Muzeum Gda\u0144ska<\/strong> &#8211; pomimo klasycznego charakteru &#8211; zapewnia nowoczesne sprz\u0119ty i udogodnienia, takie jak np. ekrany plazmowe czy rzutniki.<\/p>\n\n\n\n<figure class=\"wp-block-image size-large\"><img loading=\"lazy\" decoding=\"async\" width=\"1024\" height=\"684\" src=\"https:\/\/www.mojekonferencje.pl\/blog\/wp-content\/uploads\/2023\/07\/MUZEUMGDANSKA-1024x684.jpg\" alt=\"\" class=\"wp-image-4061 lazyload\" data-srcset=\"https:\/\/www.mojekonferencje.pl\/blog\/wp-content\/uploads\/2023\/07\/MUZEUMGDANSKA-1024x684.jpg 1024w, https:\/\/www.mojekonferencje.pl\/blog\/wp-content\/uploads\/2023\/07\/MUZEUMGDANSKA-300x200.jpg 300w, https:\/\/www.mojekonferencje.pl\/blog\/wp-content\/uploads\/2023\/07\/MUZEUMGDANSKA-768x513.jpg 768w, https:\/\/www.mojekonferencje.pl\/blog\/wp-content\/uploads\/2023\/07\/MUZEUMGDANSKA.jpg 1140w\" sizes=\"auto\" \/><\/figure>\n\n\n\n<h2 class=\"has-text-align-center wp-block-heading\"><a href=\"https:\/\/www.mojekonferencje.pl\/gdansk\/muzeum-sali-bhp-stoczni-gdanskiej\"><span class=\"has-inline-color has-vivid-purple-color\"><span style=\"text-decoration: underline;\">Muzeum Sali BHP Stoczni Gda\u0144skiej<\/span><\/span><\/a><\/h2>\n\n\n\n<p><br>Ten obiekt r\u00f3wnie\u017c potwierdza, \u017ce Gda\u0144sk wr\u0119cz nie ma sobie r\u00f3wnych, je\u015bli chodzi o <strong>muzea na konferencje<\/strong>. <strong>Muzeum Sali BHP Stoczni Gda\u0144skiej <\/strong>to zdecydowanie jeden z najbardziej warto\u015bciowych obiekt\u00f3w historycznych w mie\u015bcie. Najwa\u017cniejszym wydarzeniem, kt\u00f3re go rozs\u0142awi\u0142o, by\u0142o podpisanie w nim Porozumie\u0144 Sierpniowych, kt\u00f3re zako\u0144czy\u0142y w 1980 roku wielki solidarno\u015bciowy strajk. Jest to wi\u0119c obiekt o bogatej historii, w kt\u00f3rym wsp\u00f3\u0142cze\u015bnie mo\u017cna m.in. zorganizowa\u0107 spotkania biznesowe, szkolenia i konferencje. <\/p>\n\n\n\n<p><strong>Muzeum Sali BHP Stoczni Gda\u0144skiej<\/strong> oferuje r\u00f3\u017cne pod wzgl\u0119dem wielko\u015bci sale, idealne na organizacj\u0119 zar\u00f3wno kameralnych przedsi\u0119wzi\u0119\u0107, jak i event\u00f3w na 200 os\u00f3b. Dodatkowym atutem jest fakt, i\u017c obs\u0142uga obiektu za dodatkow\u0105 op\u0142at\u0105 jest w stanie zorganizowa\u0107 wycieczk\u0119 po terenach by\u0142ej Stoczni Gda\u0144skiej i Ganziger Werft.<\/p>\n\n\n\n<figure class=\"wp-block-image size-large\"><img loading=\"lazy\" decoding=\"async\" width=\"600\" height=\"461\" src=\"https:\/\/www.mojekonferencje.pl\/blog\/wp-content\/uploads\/2023\/07\/STOCZNIA.jpg\" alt=\"\" class=\"wp-image-4062 lazyload\" data-srcset=\"https:\/\/www.mojekonferencje.pl\/blog\/wp-content\/uploads\/2023\/07\/STOCZNIA.jpg 600w, https:\/\/www.mojekonferencje.pl\/blog\/wp-content\/uploads\/2023\/07\/STOCZNIA-300x231.jpg 300w\" sizes=\"auto\" \/><\/figure>\n\n\n\n<h2 class=\"has-text-align-center wp-block-heading\"><a href=\"https:\/\/www.mojekonferencje.pl\/warszawa\/centrum-konferencyjne-polin\"><span class=\"has-inline-color has-vivid-purple-color\"><span style=\"text-decoration: underline;\">Muzeum POLIN &#8211; Muzeum Historii \u017byd\u00f3w Polskich<\/span><\/span><\/a><\/h2>\n\n\n\n<p><strong>Muzeum Historii \u017byd\u00f3w Polskich POLIN<\/strong> to innowacyjny i funkcjonalny obiekt architektoniczny, stworzony przez fi\u0144skiego architekta Rainera Mahlam\u00e4kiego. Inspiracj\u0105 dla projektu by\u0142 z jednej strony pomnik Bohater\u00f3w Getta, a z drugiej &#8211; powojenne kamienice. Budynek ten oferuje r\u00f3\u017cnorodne przestrzenie, kt\u00f3re pozwalaj\u0105 organizowa\u0107 zar\u00f3wno wydarzenia biznesowe, jak i prywatne. <\/p>\n\n\n\n<p><strong>Centrum Konferencyjne POLIN <\/strong>posiada sale o zr\u00f3\u017cnicowanej powierzchni, wyposa\u017cone w nowoczesny sprz\u0119t multimedialny i klimatyzacj\u0119, co zapewnia komfort oraz sprzyja produktywnej pracy. Centrum to sk\u0142ada si\u0119 z licznych sal o r\u00f3\u017cnej wielko\u015bci. Pomieszczenia te s\u0105 w stanie pomie\u015bci\u0107 od kilkudziesi\u0119ciu do nawet 470 os\u00f3b w ustawieniu teatralnym. Dodatkowo podkre\u015blenia wymaga fakt, \u017ce organizatorzy wydarze\u0144 mog\u0105 liczy\u0107 na pe\u0142ne wsparcie z ramienia profesjonalnego zespo\u0142u eventowego. <strong>Centrum Konferencyjne POLIN<\/strong> zapewnia te\u017c swoim klientom mo\u017cliwo\u015b\u0107 korzystania z us\u0142ug cateringowych.<\/p>\n\n\n\n<figure class=\"wp-block-image size-large\"><img loading=\"lazy\" decoding=\"async\" width=\"1024\" height=\"581\" src=\"https:\/\/www.mojekonferencje.pl\/blog\/wp-content\/uploads\/2023\/08\/POLIN-1024x581.jpg\" alt=\"\" class=\"wp-image-4149 lazyload\" data-srcset=\"https:\/\/www.mojekonferencje.pl\/blog\/wp-content\/uploads\/2023\/08\/POLIN-1024x581.jpg 1024w, https:\/\/www.mojekonferencje.pl\/blog\/wp-content\/uploads\/2023\/08\/POLIN-300x170.jpg 300w, https:\/\/www.mojekonferencje.pl\/blog\/wp-content\/uploads\/2023\/08\/POLIN-768x436.jpg 768w, https:\/\/www.mojekonferencje.pl\/blog\/wp-content\/uploads\/2023\/08\/POLIN-1536x872.jpg 1536w, https:\/\/www.mojekonferencje.pl\/blog\/wp-content\/uploads\/2023\/08\/POLIN.jpg 1902w\" sizes=\"auto\" \/><\/figure>\n","protected":false},"excerpt":{"rendered":"<p>Konferencja w muzeum &#8211; my\u015blisz, \u017ce to dobry pomys\u0142? Przekonaj si\u0119, czytaj\u0105c ten artyku\u0142. Wskazali\u015bmy zalety takiego rozwi\u0105zania oraz zaprezentowali\u015bmy przyk\u0142adowe muzea.<\/p>\n","protected":false},"author":9,"featured_media":4053,"comment_status":"closed","ping_status":"closed","sticky":false,"template":"","format":"standard","meta":{"_acf_changed":false,"footnotes":""},"categories":[8,175],"tags":[365,353,354,366],"class_list":["post-4052","post","type-post","status-publish","format-standard","has-post-thumbnail","hentry","category-porady","category-wybieranie-miejsca-konferencyjnego","tag-konferencje","tag-organizacja-imprez","tag-organizacja-wydarzen","tag-szkolenia"],"acf":[],"yoast_head":"<!-- This site is optimized with the Yoast SEO plugin v27.1.1 - https:\/\/yoast.com\/product\/yoast-seo-wordpress\/ -->\n<title>Konferencja w muzeum - blog | MojeKonferencje.pl<\/title>\n<meta name=\"description\" content=\"Konferencja w muzeum - blog | MojeKonferencje.pl\" \/>\n<meta name=\"robots\" content=\"index, follow, max-snippet:-1, max-image-preview:large, max-video-preview:-1\" \/>\n<link rel=\"canonical\" href=\"https:\/\/www.mojekonferencje.pl\/blog\/konferencja-w-muzeum\/\" \/>\n<meta property=\"og:locale\" content=\"pl_PL\" \/>\n<meta property=\"og:type\" content=\"article\" \/>\n<meta property=\"og:title\" content=\"Konferencja w muzeum - blog | MojeKonferencje.pl\" \/>\n<meta property=\"og:description\" content=\"Konferencja w muzeum - blog | MojeKonferencje.pl\" \/>\n<meta property=\"og:url\" content=\"https:\/\/www.mojekonferencje.pl\/blog\/konferencja-w-muzeum\/\" \/>\n<meta property=\"og:site_name\" content=\"MojeKonferencje.pl\" \/>\n<meta property=\"article:published_time\" content=\"2023-06-27T13:37:00+00:00\" \/>\n<meta property=\"article:modified_time\" content=\"2024-05-07T09:49:10+00:00\" \/>\n<meta property=\"og:image\" content=\"https:\/\/www.mojekonferencje.pl\/blog\/wp-content\/uploads\/2023\/07\/photo-1563000215-e31a8ddcb2d0.png\" \/>\n\t<meta property=\"og:image:width\" content=\"1156\" \/>\n\t<meta property=\"og:image:height\" content=\"784\" \/>\n\t<meta property=\"og:image:type\" content=\"image\/png\" \/>\n<meta name=\"author\" content=\"Olga Stawicka-Iwanowska\" \/>\n<meta name=\"twitter:card\" content=\"summary_large_image\" \/>\n<meta name=\"twitter:label1\" content=\"Napisane przez\" \/>\n\t<meta name=\"twitter:data1\" content=\"Olga Stawicka-Iwanowska\" \/>\n\t<meta name=\"twitter:label2\" content=\"Szacowany czas czytania\" \/>\n\t<meta name=\"twitter:data2\" content=\"8 minut\" \/>\n<script type=\"application\/ld+json\" class=\"yoast-schema-graph\">{\"@context\":\"https:\/\/schema.org\",\"@graph\":[{\"@type\":\"Article\",\"@id\":\"https:\/\/www.mojekonferencje.pl\/blog\/konferencja-w-muzeum\/#article\",\"isPartOf\":{\"@id\":\"https:\/\/www.mojekonferencje.pl\/blog\/konferencja-w-muzeum\/\"},\"author\":{\"name\":\"Olga Stawicka-Iwanowska\",\"@id\":\"https:\/\/www.mojekonferencje.pl\/blog\/#\/schema\/person\/d6751ca3c60de9ec17ee21b744bbb2d4\"},\"headline\":\"Konferencja w muzeum\",\"datePublished\":\"2023-06-27T13:37:00+00:00\",\"dateModified\":\"2024-05-07T09:49:10+00:00\",\"mainEntityOfPage\":{\"@id\":\"https:\/\/www.mojekonferencje.pl\/blog\/konferencja-w-muzeum\/\"},\"wordCount\":1707,\"image\":{\"@id\":\"https:\/\/www.mojekonferencje.pl\/blog\/konferencja-w-muzeum\/#primaryimage\"},\"thumbnailUrl\":\"https:\/\/www.mojekonferencje.pl\/blog\/wp-content\/uploads\/2023\/07\/photo-1563000215-e31a8ddcb2d0.png\",\"keywords\":[\"konferencje\",\"organizacja imprez\",\"organizacja wydarze\u0144\",\"szkolenia\"],\"articleSection\":[\"Porady\",\"Wybieranie miejsca konferencyjnego\"],\"inLanguage\":\"pl-PL\"},{\"@type\":\"WebPage\",\"@id\":\"https:\/\/www.mojekonferencje.pl\/blog\/konferencja-w-muzeum\/\",\"url\":\"https:\/\/www.mojekonferencje.pl\/blog\/konferencja-w-muzeum\/\",\"name\":\"Konferencja w muzeum - blog | MojeKonferencje.pl\",\"isPartOf\":{\"@id\":\"https:\/\/www.mojekonferencje.pl\/blog\/#website\"},\"primaryImageOfPage\":{\"@id\":\"https:\/\/www.mojekonferencje.pl\/blog\/konferencja-w-muzeum\/#primaryimage\"},\"image\":{\"@id\":\"https:\/\/www.mojekonferencje.pl\/blog\/konferencja-w-muzeum\/#primaryimage\"},\"thumbnailUrl\":\"https:\/\/www.mojekonferencje.pl\/blog\/wp-content\/uploads\/2023\/07\/photo-1563000215-e31a8ddcb2d0.png\",\"datePublished\":\"2023-06-27T13:37:00+00:00\",\"dateModified\":\"2024-05-07T09:49:10+00:00\",\"author\":{\"@id\":\"https:\/\/www.mojekonferencje.pl\/blog\/#\/schema\/person\/d6751ca3c60de9ec17ee21b744bbb2d4\"},\"description\":\"Konferencja w muzeum - blog | MojeKonferencje.pl\",\"breadcrumb\":{\"@id\":\"https:\/\/www.mojekonferencje.pl\/blog\/konferencja-w-muzeum\/#breadcrumb\"},\"inLanguage\":\"pl-PL\",\"potentialAction\":[{\"@type\":\"ReadAction\",\"target\":[\"https:\/\/www.mojekonferencje.pl\/blog\/konferencja-w-muzeum\/\"]}]},{\"@type\":\"ImageObject\",\"inLanguage\":\"pl-PL\",\"@id\":\"https:\/\/www.mojekonferencje.pl\/blog\/konferencja-w-muzeum\/#primaryimage\",\"url\":\"https:\/\/www.mojekonferencje.pl\/blog\/wp-content\/uploads\/2023\/07\/photo-1563000215-e31a8ddcb2d0.png\",\"contentUrl\":\"https:\/\/www.mojekonferencje.pl\/blog\/wp-content\/uploads\/2023\/07\/photo-1563000215-e31a8ddcb2d0.png\",\"width\":1156,\"height\":784},{\"@type\":\"BreadcrumbList\",\"@id\":\"https:\/\/www.mojekonferencje.pl\/blog\/konferencja-w-muzeum\/#breadcrumb\",\"itemListElement\":[{\"@type\":\"ListItem\",\"position\":1,\"name\":\"Strona g\u0142\u00f3wna\",\"item\":\"https:\/\/www.mojekonferencje.pl\/blog\/\"},{\"@type\":\"ListItem\",\"position\":2,\"name\":\"Konferencja w muzeum\"}]},{\"@type\":\"WebSite\",\"@id\":\"https:\/\/www.mojekonferencje.pl\/blog\/#website\",\"url\":\"https:\/\/www.mojekonferencje.pl\/blog\/\",\"name\":\"MojeKonferencje.pl\",\"description\":\"Blog bran\u017cy szkoleniowo-konferencyjnej. W\u0142\u0105cz si\u0119 do dyskusji o obiektach konferencyjnych i nowo\u015bciach z bran\u017cy! Poznaj porady odno\u015bnie organizacji konferencji, szkole\u0144 i event\u00f3w firmowych! Zach\u0119camy do wyra\u017cania opinii oraz komentarzy.\",\"potentialAction\":[{\"@type\":\"SearchAction\",\"target\":{\"@type\":\"EntryPoint\",\"urlTemplate\":\"https:\/\/www.mojekonferencje.pl\/blog\/?s={search_term_string}\"},\"query-input\":{\"@type\":\"PropertyValueSpecification\",\"valueRequired\":true,\"valueName\":\"search_term_string\"}}],\"inLanguage\":\"pl-PL\"},{\"@type\":\"Person\",\"@id\":\"https:\/\/www.mojekonferencje.pl\/blog\/#\/schema\/person\/d6751ca3c60de9ec17ee21b744bbb2d4\",\"name\":\"Olga Stawicka-Iwanowska\",\"description\":\"Head of Marketing z ponad sze\u015bcioletnim do\u015bwiadczeniem w bran\u017cy MICE. Na co dzie\u0144 zajmuje si\u0119 content marketingiem i promocj\u0105 obiekt\u00f3w eventowych, tak aby organizatorzy kongres\u00f3w, targ\u00f3w i konferencji wiedzieli, \u017ce w\u0142a\u015bnie tam warto zrealizowa\u0107 swoje wydarzenie. Prowadzi media spo\u0142eczno\u015bciowe, tworzy strategie komunikacji, pisze artyku\u0142y i dba o sp\u00f3jny wizerunek marki w ka\u017cdym kanale. W swojej pracy \u0142\u0105czy analityczne my\u015blenie z kreatywno\u015bci\u0105 i dobrym copy. Wsp\u00f3\u0142pracuje zar\u00f3wno z organizatorami najwi\u0119kszych wydarze\u0144 w Polsce, jak i z regionalnymi partnerami z bran\u017cy. Po godzinach mi\u0142o\u015bniczka podr\u00f3\u017cy po Europie, dobrej kuchni i klimatycznych miejsc, w kt\u00f3rych mo\u017cna z\u0142apa\u0107 oddech.\",\"sameAs\":[\"http:\/\/MojeKonferencje.pl\",\"https:\/\/www.linkedin.com\/in\/olgastawicka\/\"],\"url\":\"https:\/\/www.mojekonferencje.pl\/blog\/author\/osawicka\/\"}]}<\/script>\n<!-- \/ Yoast SEO plugin. -->","yoast_head_json":{"title":"Konferencja w muzeum - blog | MojeKonferencje.pl","description":"Konferencja w muzeum - blog | MojeKonferencje.pl","robots":{"index":"index","follow":"follow","max-snippet":"max-snippet:-1","max-image-preview":"max-image-preview:large","max-video-preview":"max-video-preview:-1"},"canonical":"https:\/\/www.mojekonferencje.pl\/blog\/konferencja-w-muzeum\/","og_locale":"pl_PL","og_type":"article","og_title":"Konferencja w muzeum - blog | MojeKonferencje.pl","og_description":"Konferencja w muzeum - blog | MojeKonferencje.pl","og_url":"https:\/\/www.mojekonferencje.pl\/blog\/konferencja-w-muzeum\/","og_site_name":"MojeKonferencje.pl","article_published_time":"2023-06-27T13:37:00+00:00","article_modified_time":"2024-05-07T09:49:10+00:00","og_image":[{"width":1156,"height":784,"url":"https:\/\/www.mojekonferencje.pl\/blog\/wp-content\/uploads\/2023\/07\/photo-1563000215-e31a8ddcb2d0.png","type":"image\/png"}],"author":"Olga Stawicka-Iwanowska","twitter_card":"summary_large_image","twitter_misc":{"Napisane przez":"Olga Stawicka-Iwanowska","Szacowany czas czytania":"8 minut"},"schema":{"@context":"https:\/\/schema.org","@graph":[{"@type":"Article","@id":"https:\/\/www.mojekonferencje.pl\/blog\/konferencja-w-muzeum\/#article","isPartOf":{"@id":"https:\/\/www.mojekonferencje.pl\/blog\/konferencja-w-muzeum\/"},"author":{"name":"Olga Stawicka-Iwanowska","@id":"https:\/\/www.mojekonferencje.pl\/blog\/#\/schema\/person\/d6751ca3c60de9ec17ee21b744bbb2d4"},"headline":"Konferencja w muzeum","datePublished":"2023-06-27T13:37:00+00:00","dateModified":"2024-05-07T09:49:10+00:00","mainEntityOfPage":{"@id":"https:\/\/www.mojekonferencje.pl\/blog\/konferencja-w-muzeum\/"},"wordCount":1707,"image":{"@id":"https:\/\/www.mojekonferencje.pl\/blog\/konferencja-w-muzeum\/#primaryimage"},"thumbnailUrl":"https:\/\/www.mojekonferencje.pl\/blog\/wp-content\/uploads\/2023\/07\/photo-1563000215-e31a8ddcb2d0.png","keywords":["konferencje","organizacja imprez","organizacja wydarze\u0144","szkolenia"],"articleSection":["Porady","Wybieranie miejsca konferencyjnego"],"inLanguage":"pl-PL"},{"@type":"WebPage","@id":"https:\/\/www.mojekonferencje.pl\/blog\/konferencja-w-muzeum\/","url":"https:\/\/www.mojekonferencje.pl\/blog\/konferencja-w-muzeum\/","name":"Konferencja w muzeum - blog | MojeKonferencje.pl","isPartOf":{"@id":"https:\/\/www.mojekonferencje.pl\/blog\/#website"},"primaryImageOfPage":{"@id":"https:\/\/www.mojekonferencje.pl\/blog\/konferencja-w-muzeum\/#primaryimage"},"image":{"@id":"https:\/\/www.mojekonferencje.pl\/blog\/konferencja-w-muzeum\/#primaryimage"},"thumbnailUrl":"https:\/\/www.mojekonferencje.pl\/blog\/wp-content\/uploads\/2023\/07\/photo-1563000215-e31a8ddcb2d0.png","datePublished":"2023-06-27T13:37:00+00:00","dateModified":"2024-05-07T09:49:10+00:00","author":{"@id":"https:\/\/www.mojekonferencje.pl\/blog\/#\/schema\/person\/d6751ca3c60de9ec17ee21b744bbb2d4"},"description":"Konferencja w muzeum - blog | MojeKonferencje.pl","breadcrumb":{"@id":"https:\/\/www.mojekonferencje.pl\/blog\/konferencja-w-muzeum\/#breadcrumb"},"inLanguage":"pl-PL","potentialAction":[{"@type":"ReadAction","target":["https:\/\/www.mojekonferencje.pl\/blog\/konferencja-w-muzeum\/"]}]},{"@type":"ImageObject","inLanguage":"pl-PL","@id":"https:\/\/www.mojekonferencje.pl\/blog\/konferencja-w-muzeum\/#primaryimage","url":"https:\/\/www.mojekonferencje.pl\/blog\/wp-content\/uploads\/2023\/07\/photo-1563000215-e31a8ddcb2d0.png","contentUrl":"https:\/\/www.mojekonferencje.pl\/blog\/wp-content\/uploads\/2023\/07\/photo-1563000215-e31a8ddcb2d0.png","width":1156,"height":784},{"@type":"BreadcrumbList","@id":"https:\/\/www.mojekonferencje.pl\/blog\/konferencja-w-muzeum\/#breadcrumb","itemListElement":[{"@type":"ListItem","position":1,"name":"Strona g\u0142\u00f3wna","item":"https:\/\/www.mojekonferencje.pl\/blog\/"},{"@type":"ListItem","position":2,"name":"Konferencja w muzeum"}]},{"@type":"WebSite","@id":"https:\/\/www.mojekonferencje.pl\/blog\/#website","url":"https:\/\/www.mojekonferencje.pl\/blog\/","name":"MojeKonferencje.pl","description":"Blog bran\u017cy szkoleniowo-konferencyjnej. W\u0142\u0105cz si\u0119 do dyskusji o obiektach konferencyjnych i nowo\u015bciach z bran\u017cy! Poznaj porady odno\u015bnie organizacji konferencji, szkole\u0144 i event\u00f3w firmowych! Zach\u0119camy do wyra\u017cania opinii oraz komentarzy.","potentialAction":[{"@type":"SearchAction","target":{"@type":"EntryPoint","urlTemplate":"https:\/\/www.mojekonferencje.pl\/blog\/?s={search_term_string}"},"query-input":{"@type":"PropertyValueSpecification","valueRequired":true,"valueName":"search_term_string"}}],"inLanguage":"pl-PL"},{"@type":"Person","@id":"https:\/\/www.mojekonferencje.pl\/blog\/#\/schema\/person\/d6751ca3c60de9ec17ee21b744bbb2d4","name":"Olga Stawicka-Iwanowska","description":"Head of Marketing z ponad sze\u015bcioletnim do\u015bwiadczeniem w bran\u017cy MICE. Na co dzie\u0144 zajmuje si\u0119 content marketingiem i promocj\u0105 obiekt\u00f3w eventowych, tak aby organizatorzy kongres\u00f3w, targ\u00f3w i konferencji wiedzieli, \u017ce w\u0142a\u015bnie tam warto zrealizowa\u0107 swoje wydarzenie. Prowadzi media spo\u0142eczno\u015bciowe, tworzy strategie komunikacji, pisze artyku\u0142y i dba o sp\u00f3jny wizerunek marki w ka\u017cdym kanale. W swojej pracy \u0142\u0105czy analityczne my\u015blenie z kreatywno\u015bci\u0105 i dobrym copy. Wsp\u00f3\u0142pracuje zar\u00f3wno z organizatorami najwi\u0119kszych wydarze\u0144 w Polsce, jak i z regionalnymi partnerami z bran\u017cy. Po godzinach mi\u0142o\u015bniczka podr\u00f3\u017cy po Europie, dobrej kuchni i klimatycznych miejsc, w kt\u00f3rych mo\u017cna z\u0142apa\u0107 oddech.","sameAs":["http:\/\/MojeKonferencje.pl","https:\/\/www.linkedin.com\/in\/olgastawicka\/"],"url":"https:\/\/www.mojekonferencje.pl\/blog\/author\/osawicka\/"}]}},"_links":{"self":[{"href":"https:\/\/www.mojekonferencje.pl\/blog\/wp-json\/wp\/v2\/posts\/4052","targetHints":{"allow":["GET"]}}],"collection":[{"href":"https:\/\/www.mojekonferencje.pl\/blog\/wp-json\/wp\/v2\/posts"}],"about":[{"href":"https:\/\/www.mojekonferencje.pl\/blog\/wp-json\/wp\/v2\/types\/post"}],"author":[{"embeddable":true,"href":"https:\/\/www.mojekonferencje.pl\/blog\/wp-json\/wp\/v2\/users\/9"}],"replies":[{"embeddable":true,"href":"https:\/\/www.mojekonferencje.pl\/blog\/wp-json\/wp\/v2\/comments?post=4052"}],"version-history":[{"count":3,"href":"https:\/\/www.mojekonferencje.pl\/blog\/wp-json\/wp\/v2\/posts\/4052\/revisions"}],"predecessor-version":[{"id":4150,"href":"https:\/\/www.mojekonferencje.pl\/blog\/wp-json\/wp\/v2\/posts\/4052\/revisions\/4150"}],"wp:featuredmedia":[{"embeddable":true,"href":"https:\/\/www.mojekonferencje.pl\/blog\/wp-json\/wp\/v2\/media\/4053"}],"wp:attachment":[{"href":"https:\/\/www.mojekonferencje.pl\/blog\/wp-json\/wp\/v2\/media?parent=4052"}],"wp:term":[{"taxonomy":"category","embeddable":true,"href":"https:\/\/www.mojekonferencje.pl\/blog\/wp-json\/wp\/v2\/categories?post=4052"},{"taxonomy":"post_tag","embeddable":true,"href":"https:\/\/www.mojekonferencje.pl\/blog\/wp-json\/wp\/v2\/tags?post=4052"}],"curies":[{"name":"wp","href":"https:\/\/api.w.org\/{rel}","templated":true}]}}