{"id":4064,"date":"2023-06-28T17:54:00","date_gmt":"2023-06-28T15:54:00","guid":{"rendered":"https:\/\/www.mojekonferencje.pl\/blog\/?p=4064"},"modified":"2024-05-07T11:49:10","modified_gmt":"2024-05-07T09:49:10","slug":"najlepsze-hotele-w-szczecinie","status":"publish","type":"post","link":"https:\/\/www.mojekonferencje.pl\/blog\/najlepsze-hotele-w-szczecinie\/","title":{"rendered":"Najlepsze hotele w Szczecinie"},"content":{"rendered":"\n<p><strong>Szczecin to pi\u0119kne miasto w p\u00f3\u0142nocno-zachodniej Polsce, kt\u00f3re mo\u017ce by\u0107 \u015bwietnym miejscem do zorganizowania konferencji, szkole\u0144 czy innych spotka\u0144 biznesowych. Miasto to le\u017cy blisko granicy z Niemcami oraz na skrzy\u017cowaniu wa\u017cnych szlak\u00f3w komunikacyjnych. \u0141atwo si\u0119 o niego dosta\u0107 zar\u00f3wno drog\u0105, jak i kolej\u0105, co u\u0142atwia uczestnikom podr\u00f3\u017cowanie. W Szczecinie istnieje wiele nowoczesnych centr\u00f3w konferencyjnych i hoteli, kt\u00f3re s\u0105 w stanie pomie\u015bci\u0107 zar\u00f3wno mniejsze, jak i wi\u0119ksze wydarzenia. Mo\u017cesz wybra\u0107 spo\u015br\u00f3d r\u00f3\u017cnych sal konferencyjnych i dostosowa\u0107 je do swoich potrzeb. <\/strong><\/p>\n\n\n\n<p>Poni\u017cej wskazujemy <strong>najlepsze <a href=\"https:\/\/www.mojekonferencje.pl\/sale-konferencyjne-szczecin\">hotele w Szczecinie<\/a><\/strong>, kt\u00f3re dost\u0119pne s\u0105 na naszym portalu. Masz wi\u0119c okazj\u0119 pozna\u0107 obiekty, takie jak: <\/p>\n\n\n\n<figure class=\"wp-block-table\"><table><tbody><tr><td><a href=\"https:\/\/www.mojekonferencje.pl\/szczecin\/hotel-dana-business-conference\">Hotel Dana Business &amp; Conference<\/a><\/td><td><a href=\"https:\/\/www.mojekonferencje.pl\/szczecin\/novotel-szczecin-centrum\">Novotel Szczecin Centrum<\/a><\/td><\/tr><tr><td><a href=\"https:\/\/www.mojekonferencje.pl\/szczecin\/park-hotel-business--pleasure\">Park Hotel Business &amp; Pleasure<\/a><\/td><td><a href=\"https:\/\/www.mojekonferencje.pl\/szczecin\/radisson-blu-hotel-szczecin\">Radisson Blu Hotel Szczecin<\/a><\/td><\/tr><tr><td><a href=\"https:\/\/www.mojekonferencje.pl\/szczecin\/hotel-vulcan\">Hotel Vulcan<\/a><\/td><td><a href=\"https:\/\/www.mojekonferencje.pl\/szczecin\/silver-hotel--gokart-center-szczecin\">Silver Hotel &amp; Gokart Center<\/a><\/td><\/tr><tr><td><a href=\"https:\/\/www.mojekonferencje.pl\/szczecin\/hotel-panorama-\">Hotel Panorama<\/a><\/td><td><\/td><\/tr><\/tbody><\/table><\/figure>\n\n\n\n<h2 class=\"has-text-align-center wp-block-heading\"><a href=\"https:\/\/www.mojekonferencje.pl\/szczecin\/hotel-dana-business-conference\"><span class=\"has-inline-color has-vivid-purple-color\"><span style=\"text-decoration: underline;\">Hotel Dana Business &amp; Conference<\/span><\/span><\/a><\/h2>\n\n\n\n<p><br>To \u015bwietna propozycja, je\u015bli interesuj\u0105 Ci\u0119 <strong>4-gwiazdkowe hotele w Szczecinie<\/strong>. Le\u017cy on w zabytkowym budynku dawnych Zak\u0142ad\u00f3w Odzie\u017cowych Dana. Trzeba przyzna\u0107, \u017ce obiekt zar\u00f3wno z zewn\u0105trz, jak i w \u015brodku zachwyca unikalnym klimatem, \u0142\u0105cz\u0105c elegancj\u0119 z funkcjonalno\u015bci\u0105. W obiekcie mo\u017cna zorganizowa\u0107 nawet najbardziej wymagaj\u0105ce spotkania biznesowe.<strong> <\/strong><\/p>\n\n\n\n<p><strong>Hotel Dana<\/strong> ma w swojej ofercie \u015bwietnie wyposa\u017cone centrum konferencyjne. Jego \u0142\u0105czna powierzchnia eventowa to 360 m2. Najwi\u0119ksze z pomieszcze\u0144 pozwala na zaproszenie do 250 uczestnik\u00f3w wydarze\u0144. Ponadto <strong>Hotel Dana<\/strong> oferuje 100 komfortowych pokoi go\u015bcinnych, w kt\u00f3rych mo\u017cna skutecznie wypocz\u0105\u0107 po pracy. Polecamy te\u017c hotelow\u0105 restauracj\u0119, kt\u00f3ra serwuje tradycyjne dania kuchni polskiej oraz inspirowane daniami z r\u00f3\u017cnych zak\u0105tk\u00f3w \u015bwiata. Musisz te\u017c wiedzie\u0107, \u017ce na terenie hotelu mie\u015bci si\u0119 zaplecze SPA.<\/p>\n\n\n\n<figure class=\"wp-block-image size-large\"><img loading=\"lazy\" decoding=\"async\" width=\"1024\" height=\"705\" src=\"https:\/\/www.mojekonferencje.pl\/blog\/wp-content\/uploads\/2023\/07\/1DANA-1024x705.jpg\" alt=\"\" class=\"wp-image-4066 lazyload\" data-srcset=\"https:\/\/www.mojekonferencje.pl\/blog\/wp-content\/uploads\/2023\/07\/1DANA-1024x705.jpg 1024w, https:\/\/www.mojekonferencje.pl\/blog\/wp-content\/uploads\/2023\/07\/1DANA-300x206.jpg 300w, https:\/\/www.mojekonferencje.pl\/blog\/wp-content\/uploads\/2023\/07\/1DANA-768x528.jpg 768w, https:\/\/www.mojekonferencje.pl\/blog\/wp-content\/uploads\/2023\/07\/1DANA-1536x1057.jpg 1536w, https:\/\/www.mojekonferencje.pl\/blog\/wp-content\/uploads\/2023\/07\/1DANA.jpg 1920w\" sizes=\"auto\" \/><\/figure>\n\n\n\n<h2 class=\"has-text-align-center wp-block-heading\"><a href=\"https:\/\/www.mojekonferencje.pl\/szczecin\/park-hotel-business--pleasure\"><span class=\"has-inline-color has-vivid-purple-color\"><span style=\"text-decoration: underline;\">Park Hotel Business &amp; Pleasure<\/span><\/span><\/a><\/h2>\n\n\n\n<p><br>To kolejny <strong>hotel na konferencj\u0119 w Szczecinie<\/strong>, obok kt\u00f3rego trudno jest przej\u015b\u0107 oboj\u0119tnie. Obiekt oferuje bogate zaplecze biznesowe, w tym nowoczesne sale konferencyjne i szkoleniowe, idealne do organizacji r\u00f3\u017cnego rodzaju wydarze\u0144 korporacyjnych. Wyposa\u017cone w zaawansowane technologie audio-wizualne oraz zapewniaj\u0105ce pe\u0142en komfort meble i wyposa\u017cenie, sale te s\u0105 idealnym miejscem do przeprowadzania spotka\u0144 biznesowych, szkole\u0144, prezentacji i konferencji.  <\/p>\n\n\n\n<p>Go\u015bcie mog\u0105 liczy\u0107 na dwie sale, z czego wi\u0119ksza z nich pozwala na zaproszenie do 130 os\u00f3b. Ponadto<strong> Park Hotel Business &amp; Pleasure<\/strong> oferuje te\u017c 32 gustownie urz\u0105dzone i bogato wyposa\u017cone pokoje. Na terenie obiektu mie\u015bci si\u0119 te\u017c bardzo dobra Restauracja Park, a o relaks go\u015bci skutecznie dba obs\u0142uga SPA, zapewniaj\u0105c wypoczynek po ca\u0142ym dniu.<\/p>\n\n\n\n<figure class=\"wp-block-image size-large\"><img loading=\"lazy\" decoding=\"async\" width=\"800\" height=\"531\" src=\"https:\/\/www.mojekonferencje.pl\/blog\/wp-content\/uploads\/2023\/07\/2HOTELPARK.jpg\" alt=\"\" class=\"wp-image-4067 lazyload\" data-srcset=\"https:\/\/www.mojekonferencje.pl\/blog\/wp-content\/uploads\/2023\/07\/2HOTELPARK.jpg 800w, https:\/\/www.mojekonferencje.pl\/blog\/wp-content\/uploads\/2023\/07\/2HOTELPARK-300x199.jpg 300w, https:\/\/www.mojekonferencje.pl\/blog\/wp-content\/uploads\/2023\/07\/2HOTELPARK-768x510.jpg 768w\" sizes=\"auto\" \/><\/figure>\n\n\n\n<h2 class=\"has-text-align-center wp-block-heading\"><a href=\"https:\/\/www.mojekonferencje.pl\/szczecin\/hotel-vulcan\"><span class=\"has-inline-color has-vivid-purple-color\"><span style=\"text-decoration: underline;\">Hotel Vulcan<\/span><\/span><\/a><\/h2>\n\n\n\n<p><br><strong>Hotel Vulcan<\/strong> to nowoczesny i elegancki <strong>hotel na konferencj\u0119 w Szczecinie<\/strong>. Po\u0142o\u017cony w dogodnej lokalizacji, blisko centrum miasta i g\u0142\u00f3wnych atrakcji turystycznych, hotel oferuje wyj\u0105tkowe do\u015bwiadczenie zar\u00f3wno dla podr\u00f3\u017cuj\u0105cych s\u0142u\u017cbowo, jak i turyst\u00f3w. To obiekt o 3-gwiazdkowym standardzie, kt\u00f3ry zapewnia kompleksow\u0105 ofert\u0119, serdeczn\u0105 obs\u0142ug\u0119 oraz stylowo urz\u0105dzone wn\u0119trza.  <\/p>\n\n\n\n<p><strong>Hotel Vulcan<\/strong> do dyspozycji go\u015bci oddaje 5 nowoczesnych sal konferencyjnych. Najwi\u0119ksza z nich jest sala konferencyjno-bankietowa, kt\u00f3rej powierzchnia wynosi 400 m2. Jest ona w stanie pomie\u015bci\u0107 do 400 os\u00f3b w ustawieniu teatralnym. Obiekt do dyspozycji go\u015bci oddaje te\u017c 105 pokoi go\u015bcinnych i 5 luksusowych apartament\u00f3w. Mo\u017cna w nim r\u00f3wnie\u017c liczy\u0107 na znakomit\u0105 Restauracj\u0119 Vulcan.<\/p>\n\n\n\n<figure class=\"wp-block-image size-large\"><img loading=\"lazy\" decoding=\"async\" width=\"1024\" height=\"683\" src=\"https:\/\/www.mojekonferencje.pl\/blog\/wp-content\/uploads\/2023\/07\/3VULCAN-1024x683.jpg\" alt=\"\" class=\"wp-image-4068 lazyload\" data-srcset=\"https:\/\/www.mojekonferencje.pl\/blog\/wp-content\/uploads\/2023\/07\/3VULCAN-1024x683.jpg 1024w, https:\/\/www.mojekonferencje.pl\/blog\/wp-content\/uploads\/2023\/07\/3VULCAN-300x200.jpg 300w, https:\/\/www.mojekonferencje.pl\/blog\/wp-content\/uploads\/2023\/07\/3VULCAN-768x512.jpg 768w, https:\/\/www.mojekonferencje.pl\/blog\/wp-content\/uploads\/2023\/07\/3VULCAN.jpg 1200w\" sizes=\"auto\" \/><\/figure>\n\n\n\n<h2 class=\"has-text-align-center wp-block-heading\"><a href=\"https:\/\/www.mojekonferencje.pl\/szczecin\/hotel-panorama-\"><span class=\"has-inline-color has-vivid-purple-color\"><span style=\"text-decoration: underline;\">Hotel Panorama<\/span><\/span><\/a><\/h2>\n\n\n\n<p><br>Obiekt ten pozwala unikn\u0105\u0107 zgie\u0142ku miasta, zapewniaj\u0105c \u015bwietne warunki do wypoczynku na \u0142onie natury. Dodatkowo mo\u017ce si\u0119 on pochwali\u0107 certyfikatem Ekologia, otrzymanym w 1996 roku &#8211; budynek bowiem zbudowany zosta\u0142 z ekologicznych materia\u0142\u00f3w. <strong>Hotel Panorama<\/strong> oferuje atrakcyjne zaplecze konferencyjne, kt\u00f3re przyci\u0105ga zar\u00f3wno lokalne, jak i mi\u0119dzynarodowe spotkania biznesowe. <\/p>\n\n\n\n<p>Ma on w swojej ofercie 4 sale konferencyjne oraz sal\u0119 restauracyjn\u0105, w kt\u00f3rej r\u00f3wnie\u017c mog\u0105 si\u0119 odby\u0107 spotkania firmowe. Najwi\u0119ksza z nich jest w\u0142a\u015bnie sala restauracyjne, b\u0119d\u0105ca w stanie pomie\u015bci\u0107 do 130 os\u00f3b. <strong>Hotel Panorama<\/strong> zapewnia te\u017c 260 wygodnych miejsc noclegowych w pokojach i apartamentach. Na terenie hotelu dzia\u0142a te\u017c wspomniana wcze\u015bniej restauracja, a tak\u017ce klimatyczny Drink Bar. W\u015br\u00f3d atrakcji oferowanych przez obiekt mo\u017cna z kolei wymieni\u0107 korty tenisowe, sprz\u0119ty kajakowe oraz boisko do siatk\u00f3wki.<\/p>\n\n\n\n<figure class=\"wp-block-image size-large\"><img loading=\"lazy\" decoding=\"async\" width=\"1024\" height=\"681\" src=\"https:\/\/www.mojekonferencje.pl\/blog\/wp-content\/uploads\/2023\/07\/4HOTELPANORAMA-1024x681.jpg\" alt=\"\" class=\"wp-image-4070 lazyload\" data-srcset=\"https:\/\/www.mojekonferencje.pl\/blog\/wp-content\/uploads\/2023\/07\/4HOTELPANORAMA-1024x681.jpg 1024w, https:\/\/www.mojekonferencje.pl\/blog\/wp-content\/uploads\/2023\/07\/4HOTELPANORAMA-300x200.jpg 300w, https:\/\/www.mojekonferencje.pl\/blog\/wp-content\/uploads\/2023\/07\/4HOTELPANORAMA-768x511.jpg 768w, https:\/\/www.mojekonferencje.pl\/blog\/wp-content\/uploads\/2023\/07\/4HOTELPANORAMA-1536x1021.jpg 1536w, https:\/\/www.mojekonferencje.pl\/blog\/wp-content\/uploads\/2023\/07\/4HOTELPANORAMA.jpg 1600w\" sizes=\"auto\" \/><\/figure>\n\n\n\n<h2 class=\"has-text-align-center wp-block-heading\"><a href=\"https:\/\/www.mojekonferencje.pl\/szczecin\/novotel-szczecin-centrum\"><span class=\"has-inline-color has-vivid-purple-color\"><span style=\"text-decoration: underline;\">Novotel Szczecin Centrum<\/span><\/span><\/a><\/h2>\n\n\n\n<p><br>To <strong>hotel na konferencj\u0119 w centrum Szczecina<\/strong>, kt\u00f3ry le\u017cy jedynie 400 metr\u00f3w od dworca PKP. W obiekcie mo\u017cna skutecznie po\u0142\u0105czy\u0107 prac\u0119 z wypoczynkiem. Do dyspozycji go\u015bci oddaje on a\u017c 8 nowoczesnych sal konferencyjnych. Niekt\u00f3re z nich mo\u017cna \u0142\u0105czy\u0107 dzi\u0119ki systemowi mobilnych \u015bcian. <strong>Novotel Szczecin Centrum<\/strong> to miejsce, w kt\u00f3rym mog\u0105 si\u0119 odby\u0107 zar\u00f3wno kameralne spotkania, jak i konferencje i szkolenia na 180 os\u00f3b w ustawieniu teatralnym.  <\/p>\n\n\n\n<p>Ponadto hotel ma w swojej ofercie 117 wygodnych pokoi go\u015bcinnych i apartament\u00f3w. Gastronomicznym sercem obiektu jest za to NOVO Square lounge bar, w kt\u00f3rym mo\u017cna skosztowa\u0107 da\u0144 kuchni polskiej i mi\u0119dzynarodowej. Ponadto go\u015bcie w wolnych chwilach mog\u0105 skorzysta\u0107 z sali fitness, basenu oraz si\u0142owni.<\/p>\n\n\n\n<figure class=\"wp-block-image size-large\"><img loading=\"lazy\" decoding=\"async\" width=\"1024\" height=\"768\" src=\"https:\/\/www.mojekonferencje.pl\/blog\/wp-content\/uploads\/2023\/07\/5NOVOTEL-1-1024x768.jpg\" alt=\"\" class=\"wp-image-4071 lazyload\" data-srcset=\"https:\/\/www.mojekonferencje.pl\/blog\/wp-content\/uploads\/2023\/07\/5NOVOTEL-1-1024x768.jpg 1024w, https:\/\/www.mojekonferencje.pl\/blog\/wp-content\/uploads\/2023\/07\/5NOVOTEL-1-300x225.jpg 300w, https:\/\/www.mojekonferencje.pl\/blog\/wp-content\/uploads\/2023\/07\/5NOVOTEL-1-768x576.jpg 768w, https:\/\/www.mojekonferencje.pl\/blog\/wp-content\/uploads\/2023\/07\/5NOVOTEL-1-1536x1152.jpg 1536w, https:\/\/www.mojekonferencje.pl\/blog\/wp-content\/uploads\/2023\/07\/5NOVOTEL-1.jpg 2048w\" sizes=\"auto\" \/><\/figure>\n\n\n\n<h2 class=\"has-text-align-center wp-block-heading\"><a href=\"https:\/\/www.mojekonferencje.pl\/szczecin\/radisson-blu-hotel-szczecin\"><span class=\"has-inline-color has-vivid-purple-color\"><span style=\"text-decoration: underline;\">Radisson Blu Hotel Szczecin<\/span><\/span><\/a><\/h2>\n\n\n\n<p><br>Jest to <strong>luksusowy hotel w centrum Szczecina<\/strong>. Stanowi on doskona\u0142y wyb\u00f3r zar\u00f3wno dla podr\u00f3\u017cuj\u0105cych s\u0142u\u017cbowo, jak i turyst\u00f3w poszukuj\u0105cych wyj\u0105tkowego miejsca do odpoczynku i relaksu. Ma on w swojej ofercie m.in. nowoczesne centrum konferencyjno-bankietowe, kt\u00f3re wyposa\u017cone zosta\u0142o w najwy\u017cszej jako\u015bci sprz\u0119t multimedialny. Go\u015bcie mog\u0105 liczy\u0107 na r\u00f3\u017cne pod wzgl\u0119dem wielko\u015bci sale, kt\u00f3re mo\u017cna \u0142\u0105czy\u0107. W najwi\u0119kszej konfiguracji pozwalaj\u0105 one na organizacj\u0119 event\u00f3w dla 300 os\u00f3b w ustawieniu teatralnym. <\/p>\n\n\n\n<p><strong>Radisson Blu Hotel Szczecin<\/strong> zapewnia te\u017c 354 komfortowych pokoi i apartament\u00f3w, odpowiednich nawet dla najbardziej wymagaj\u0105cych go\u015bci. Na wyr\u00f3\u017cnienie zas\u0142uguje te\u017c zaplecze gastronomiczne obiektu, w kt\u00f3rym nawet najbardziej wymagaj\u0105cy smakosze znajd\u0105 co\u015b dla siebie. W\u015br\u00f3d atrakcji i udogodnie\u0144 oferowanych przez hotel mo\u017cna z kolei wymieni\u0107 stref\u0119 wellness &amp; SPA, klimatyczny klub oraz cukierni\u0119.<\/p>\n\n\n\n<figure class=\"wp-block-image size-large\"><img loading=\"lazy\" decoding=\"async\" width=\"1024\" height=\"658\" src=\"https:\/\/www.mojekonferencje.pl\/blog\/wp-content\/uploads\/2023\/07\/6RADISS-1024x658.jpg\" alt=\"\" class=\"wp-image-4072 lazyload\" data-srcset=\"https:\/\/www.mojekonferencje.pl\/blog\/wp-content\/uploads\/2023\/07\/6RADISS-1024x658.jpg 1024w, https:\/\/www.mojekonferencje.pl\/blog\/wp-content\/uploads\/2023\/07\/6RADISS-300x193.jpg 300w, https:\/\/www.mojekonferencje.pl\/blog\/wp-content\/uploads\/2023\/07\/6RADISS-768x493.jpg 768w, https:\/\/www.mojekonferencje.pl\/blog\/wp-content\/uploads\/2023\/07\/6RADISS.jpg 1280w\" sizes=\"auto\" \/><\/figure>\n\n\n\n<h2 class=\"has-text-align-center wp-block-heading\"><a href=\"https:\/\/www.mojekonferencje.pl\/szczecin\/silver-hotel--gokart-center-szczecin\"><span class=\"has-inline-color has-vivid-purple-color\"><span style=\"text-decoration: underline;\">Silver Hotel &amp; Gokart Center<\/span><\/span><\/a><\/h2>\n\n\n\n<p><br><strong>Silver Hotel &amp; Gokart Center<\/strong> to wyj\u0105tkowe miejsce, kt\u00f3re \u0142\u0105czy w sobie komfortowy hotel i emocjonuj\u0105cy tor gokartowy. Znajduje si\u0119 on w malowniczej okolicy, idealnej dla mi\u0142o\u015bnik\u00f3w sport\u00f3w motorowych i os\u00f3b poszukuj\u0105cych unikalnego do\u015bwiadczenia. Obiekt posiada dobrze wyposa\u017cone zaplecze konferencyjne. Sk\u0142ada si\u0119 ono z czterech sal, kt\u00f3re s\u0105 przestronne, klimatyzowane i wyposa\u017cone w nowoczesny sprz\u0119t audiowizualny. Warto doda\u0107, \u017ce profesjonalna obs\u0142uga zapewnia pe\u0142ne wsparcie organizacyjne.<\/p>\n\n\n\n<p>Go\u015bcie mog\u0105 r\u00f3wnie\u017c liczy\u0107 na wygodne miejsca noclegowe w stylowo urz\u0105dzonych pokojach. Trzeba przyzna\u0107, \u017ce <strong>Silver Hotel &amp; Gokart Center <\/strong>to idealne miejsce dla mi\u0142o\u015bnik\u00f3w sport\u00f3w motorowych oraz os\u00f3b poszukuj\u0105cych komfortowego zakwaterowania. Jego po\u0142\u0105czenie hotelu i toru gokartowego tworzy niepowtarzalne do\u015bwiadczenie, kt\u00f3re zapewni niezapomniane chwile np. na <strong>spotkanie integracyjne w Szczecinie<\/strong>.<\/p>\n\n\n\n<figure class=\"wp-block-image size-large\"><img loading=\"lazy\" decoding=\"async\" width=\"800\" height=\"533\" src=\"https:\/\/www.mojekonferencje.pl\/blog\/wp-content\/uploads\/2023\/07\/7SILVER.jpg\" alt=\"\" class=\"wp-image-4073 lazyload\" data-srcset=\"https:\/\/www.mojekonferencje.pl\/blog\/wp-content\/uploads\/2023\/07\/7SILVER.jpg 800w, https:\/\/www.mojekonferencje.pl\/blog\/wp-content\/uploads\/2023\/07\/7SILVER-300x200.jpg 300w, https:\/\/www.mojekonferencje.pl\/blog\/wp-content\/uploads\/2023\/07\/7SILVER-768x512.jpg 768w\" sizes=\"auto\" \/><\/figure>\n","protected":false},"excerpt":{"rendered":"<p>Szczecin co prawda nie ma dost\u0119pu do morza, ale za to&#8230; dysponuje \u015bwietnymi salami biznesowymi! Poznaj najlepsze hotele w Szczecinie na organizacj\u0119 konferencji i szkole\u0144.<\/p>\n","protected":false},"author":9,"featured_media":4065,"comment_status":"closed","ping_status":"closed","sticky":false,"template":"","format":"standard","meta":{"_acf_changed":false,"footnotes":""},"categories":[8,175],"tags":[368,345,367,271,346],"class_list":["post-4064","post","type-post","status-publish","format-standard","has-post-thumbnail","hentry","category-porady","category-wybieranie-miejsca-konferencyjnego","tag-hotel","tag-hotel-w-szczecinie","tag-hotele","tag-hotele-konferencyjne","tag-hotele-w-szczecinie"],"acf":[],"yoast_head":"<!-- This site is optimized with the Yoast SEO plugin v27.1.1 - https:\/\/yoast.com\/product\/yoast-seo-wordpress\/ -->\n<title>Najlepsze hotele w Szczecinie - blog | MojeKonferencje.pl<\/title>\n<meta name=\"description\" content=\"Najlepsze hotele w Szczecinie - blog | MojeKonferencje.pl\" \/>\n<meta name=\"robots\" content=\"index, follow, max-snippet:-1, max-image-preview:large, max-video-preview:-1\" \/>\n<link rel=\"canonical\" href=\"https:\/\/www.mojekonferencje.pl\/blog\/najlepsze-hotele-w-szczecinie\/\" \/>\n<meta property=\"og:locale\" content=\"pl_PL\" \/>\n<meta property=\"og:type\" content=\"article\" \/>\n<meta property=\"og:title\" content=\"Najlepsze hotele w Szczecinie - blog | MojeKonferencje.pl\" \/>\n<meta property=\"og:description\" content=\"Najlepsze hotele w Szczecinie - blog | MojeKonferencje.pl\" \/>\n<meta property=\"og:url\" content=\"https:\/\/www.mojekonferencje.pl\/blog\/najlepsze-hotele-w-szczecinie\/\" \/>\n<meta property=\"og:site_name\" content=\"MojeKonferencje.pl\" \/>\n<meta property=\"article:published_time\" content=\"2023-06-28T15:54:00+00:00\" \/>\n<meta property=\"article:modified_time\" content=\"2024-05-07T09:49:10+00:00\" \/>\n<meta property=\"og:image\" content=\"https:\/\/www.mojekonferencje.pl\/blog\/wp-content\/uploads\/2023\/07\/Fotoram.io-11.jpg\" \/>\n\t<meta property=\"og:image:width\" content=\"1200\" \/>\n\t<meta property=\"og:image:height\" content=\"720\" \/>\n\t<meta property=\"og:image:type\" content=\"image\/jpeg\" \/>\n<meta name=\"author\" content=\"Olga Stawicka-Iwanowska\" \/>\n<meta name=\"twitter:card\" content=\"summary_large_image\" \/>\n<meta name=\"twitter:label1\" content=\"Napisane przez\" \/>\n\t<meta name=\"twitter:data1\" content=\"Olga Stawicka-Iwanowska\" \/>\n\t<meta name=\"twitter:label2\" content=\"Szacowany czas czytania\" \/>\n\t<meta name=\"twitter:data2\" content=\"6 minut\" \/>\n<script type=\"application\/ld+json\" class=\"yoast-schema-graph\">{\"@context\":\"https:\/\/schema.org\",\"@graph\":[{\"@type\":\"Article\",\"@id\":\"https:\/\/www.mojekonferencje.pl\/blog\/najlepsze-hotele-w-szczecinie\/#article\",\"isPartOf\":{\"@id\":\"https:\/\/www.mojekonferencje.pl\/blog\/najlepsze-hotele-w-szczecinie\/\"},\"author\":{\"name\":\"Olga Stawicka-Iwanowska\",\"@id\":\"https:\/\/www.mojekonferencje.pl\/blog\/#\/schema\/person\/d6751ca3c60de9ec17ee21b744bbb2d4\"},\"headline\":\"Najlepsze hotele w Szczecinie\",\"datePublished\":\"2023-06-28T15:54:00+00:00\",\"dateModified\":\"2024-05-07T09:49:10+00:00\",\"mainEntityOfPage\":{\"@id\":\"https:\/\/www.mojekonferencje.pl\/blog\/najlepsze-hotele-w-szczecinie\/\"},\"wordCount\":1131,\"image\":{\"@id\":\"https:\/\/www.mojekonferencje.pl\/blog\/najlepsze-hotele-w-szczecinie\/#primaryimage\"},\"thumbnailUrl\":\"https:\/\/www.mojekonferencje.pl\/blog\/wp-content\/uploads\/2023\/07\/Fotoram.io-11.jpg\",\"keywords\":[\"hotel\",\"hotel w Szczecinie\",\"hotele\",\"hotele konferencyjne\",\"hotele w Szczecinie\"],\"articleSection\":[\"Porady\",\"Wybieranie miejsca konferencyjnego\"],\"inLanguage\":\"pl-PL\"},{\"@type\":\"WebPage\",\"@id\":\"https:\/\/www.mojekonferencje.pl\/blog\/najlepsze-hotele-w-szczecinie\/\",\"url\":\"https:\/\/www.mojekonferencje.pl\/blog\/najlepsze-hotele-w-szczecinie\/\",\"name\":\"Najlepsze hotele w Szczecinie - blog | MojeKonferencje.pl\",\"isPartOf\":{\"@id\":\"https:\/\/www.mojekonferencje.pl\/blog\/#website\"},\"primaryImageOfPage\":{\"@id\":\"https:\/\/www.mojekonferencje.pl\/blog\/najlepsze-hotele-w-szczecinie\/#primaryimage\"},\"image\":{\"@id\":\"https:\/\/www.mojekonferencje.pl\/blog\/najlepsze-hotele-w-szczecinie\/#primaryimage\"},\"thumbnailUrl\":\"https:\/\/www.mojekonferencje.pl\/blog\/wp-content\/uploads\/2023\/07\/Fotoram.io-11.jpg\",\"datePublished\":\"2023-06-28T15:54:00+00:00\",\"dateModified\":\"2024-05-07T09:49:10+00:00\",\"author\":{\"@id\":\"https:\/\/www.mojekonferencje.pl\/blog\/#\/schema\/person\/d6751ca3c60de9ec17ee21b744bbb2d4\"},\"description\":\"Najlepsze hotele w Szczecinie - blog | MojeKonferencje.pl\",\"breadcrumb\":{\"@id\":\"https:\/\/www.mojekonferencje.pl\/blog\/najlepsze-hotele-w-szczecinie\/#breadcrumb\"},\"inLanguage\":\"pl-PL\",\"potentialAction\":[{\"@type\":\"ReadAction\",\"target\":[\"https:\/\/www.mojekonferencje.pl\/blog\/najlepsze-hotele-w-szczecinie\/\"]}]},{\"@type\":\"ImageObject\",\"inLanguage\":\"pl-PL\",\"@id\":\"https:\/\/www.mojekonferencje.pl\/blog\/najlepsze-hotele-w-szczecinie\/#primaryimage\",\"url\":\"https:\/\/www.mojekonferencje.pl\/blog\/wp-content\/uploads\/2023\/07\/Fotoram.io-11.jpg\",\"contentUrl\":\"https:\/\/www.mojekonferencje.pl\/blog\/wp-content\/uploads\/2023\/07\/Fotoram.io-11.jpg\",\"width\":1200,\"height\":720},{\"@type\":\"BreadcrumbList\",\"@id\":\"https:\/\/www.mojekonferencje.pl\/blog\/najlepsze-hotele-w-szczecinie\/#breadcrumb\",\"itemListElement\":[{\"@type\":\"ListItem\",\"position\":1,\"name\":\"Strona g\u0142\u00f3wna\",\"item\":\"https:\/\/www.mojekonferencje.pl\/blog\/\"},{\"@type\":\"ListItem\",\"position\":2,\"name\":\"Najlepsze hotele w Szczecinie\"}]},{\"@type\":\"WebSite\",\"@id\":\"https:\/\/www.mojekonferencje.pl\/blog\/#website\",\"url\":\"https:\/\/www.mojekonferencje.pl\/blog\/\",\"name\":\"MojeKonferencje.pl\",\"description\":\"Blog bran\u017cy szkoleniowo-konferencyjnej. W\u0142\u0105cz si\u0119 do dyskusji o obiektach konferencyjnych i nowo\u015bciach z bran\u017cy! Poznaj porady odno\u015bnie organizacji konferencji, szkole\u0144 i event\u00f3w firmowych! Zach\u0119camy do wyra\u017cania opinii oraz komentarzy.\",\"potentialAction\":[{\"@type\":\"SearchAction\",\"target\":{\"@type\":\"EntryPoint\",\"urlTemplate\":\"https:\/\/www.mojekonferencje.pl\/blog\/?s={search_term_string}\"},\"query-input\":{\"@type\":\"PropertyValueSpecification\",\"valueRequired\":true,\"valueName\":\"search_term_string\"}}],\"inLanguage\":\"pl-PL\"},{\"@type\":\"Person\",\"@id\":\"https:\/\/www.mojekonferencje.pl\/blog\/#\/schema\/person\/d6751ca3c60de9ec17ee21b744bbb2d4\",\"name\":\"Olga Stawicka-Iwanowska\",\"description\":\"Head of Marketing z ponad sze\u015bcioletnim do\u015bwiadczeniem w bran\u017cy MICE. Na co dzie\u0144 zajmuje si\u0119 content marketingiem i promocj\u0105 obiekt\u00f3w eventowych, tak aby organizatorzy kongres\u00f3w, targ\u00f3w i konferencji wiedzieli, \u017ce w\u0142a\u015bnie tam warto zrealizowa\u0107 swoje wydarzenie. Prowadzi media spo\u0142eczno\u015bciowe, tworzy strategie komunikacji, pisze artyku\u0142y i dba o sp\u00f3jny wizerunek marki w ka\u017cdym kanale. W swojej pracy \u0142\u0105czy analityczne my\u015blenie z kreatywno\u015bci\u0105 i dobrym copy. Wsp\u00f3\u0142pracuje zar\u00f3wno z organizatorami najwi\u0119kszych wydarze\u0144 w Polsce, jak i z regionalnymi partnerami z bran\u017cy. Po godzinach mi\u0142o\u015bniczka podr\u00f3\u017cy po Europie, dobrej kuchni i klimatycznych miejsc, w kt\u00f3rych mo\u017cna z\u0142apa\u0107 oddech.\",\"sameAs\":[\"http:\/\/MojeKonferencje.pl\",\"https:\/\/www.linkedin.com\/in\/olgastawicka\/\"],\"url\":\"https:\/\/www.mojekonferencje.pl\/blog\/author\/osawicka\/\"}]}<\/script>\n<!-- \/ Yoast SEO plugin. -->","yoast_head_json":{"title":"Najlepsze hotele w Szczecinie - blog | MojeKonferencje.pl","description":"Najlepsze hotele w Szczecinie - blog | MojeKonferencje.pl","robots":{"index":"index","follow":"follow","max-snippet":"max-snippet:-1","max-image-preview":"max-image-preview:large","max-video-preview":"max-video-preview:-1"},"canonical":"https:\/\/www.mojekonferencje.pl\/blog\/najlepsze-hotele-w-szczecinie\/","og_locale":"pl_PL","og_type":"article","og_title":"Najlepsze hotele w Szczecinie - blog | MojeKonferencje.pl","og_description":"Najlepsze hotele w Szczecinie - blog | MojeKonferencje.pl","og_url":"https:\/\/www.mojekonferencje.pl\/blog\/najlepsze-hotele-w-szczecinie\/","og_site_name":"MojeKonferencje.pl","article_published_time":"2023-06-28T15:54:00+00:00","article_modified_time":"2024-05-07T09:49:10+00:00","og_image":[{"width":1200,"height":720,"url":"https:\/\/www.mojekonferencje.pl\/blog\/wp-content\/uploads\/2023\/07\/Fotoram.io-11.jpg","type":"image\/jpeg"}],"author":"Olga Stawicka-Iwanowska","twitter_card":"summary_large_image","twitter_misc":{"Napisane przez":"Olga Stawicka-Iwanowska","Szacowany czas czytania":"6 minut"},"schema":{"@context":"https:\/\/schema.org","@graph":[{"@type":"Article","@id":"https:\/\/www.mojekonferencje.pl\/blog\/najlepsze-hotele-w-szczecinie\/#article","isPartOf":{"@id":"https:\/\/www.mojekonferencje.pl\/blog\/najlepsze-hotele-w-szczecinie\/"},"author":{"name":"Olga Stawicka-Iwanowska","@id":"https:\/\/www.mojekonferencje.pl\/blog\/#\/schema\/person\/d6751ca3c60de9ec17ee21b744bbb2d4"},"headline":"Najlepsze hotele w Szczecinie","datePublished":"2023-06-28T15:54:00+00:00","dateModified":"2024-05-07T09:49:10+00:00","mainEntityOfPage":{"@id":"https:\/\/www.mojekonferencje.pl\/blog\/najlepsze-hotele-w-szczecinie\/"},"wordCount":1131,"image":{"@id":"https:\/\/www.mojekonferencje.pl\/blog\/najlepsze-hotele-w-szczecinie\/#primaryimage"},"thumbnailUrl":"https:\/\/www.mojekonferencje.pl\/blog\/wp-content\/uploads\/2023\/07\/Fotoram.io-11.jpg","keywords":["hotel","hotel w Szczecinie","hotele","hotele konferencyjne","hotele w Szczecinie"],"articleSection":["Porady","Wybieranie miejsca konferencyjnego"],"inLanguage":"pl-PL"},{"@type":"WebPage","@id":"https:\/\/www.mojekonferencje.pl\/blog\/najlepsze-hotele-w-szczecinie\/","url":"https:\/\/www.mojekonferencje.pl\/blog\/najlepsze-hotele-w-szczecinie\/","name":"Najlepsze hotele w Szczecinie - blog | MojeKonferencje.pl","isPartOf":{"@id":"https:\/\/www.mojekonferencje.pl\/blog\/#website"},"primaryImageOfPage":{"@id":"https:\/\/www.mojekonferencje.pl\/blog\/najlepsze-hotele-w-szczecinie\/#primaryimage"},"image":{"@id":"https:\/\/www.mojekonferencje.pl\/blog\/najlepsze-hotele-w-szczecinie\/#primaryimage"},"thumbnailUrl":"https:\/\/www.mojekonferencje.pl\/blog\/wp-content\/uploads\/2023\/07\/Fotoram.io-11.jpg","datePublished":"2023-06-28T15:54:00+00:00","dateModified":"2024-05-07T09:49:10+00:00","author":{"@id":"https:\/\/www.mojekonferencje.pl\/blog\/#\/schema\/person\/d6751ca3c60de9ec17ee21b744bbb2d4"},"description":"Najlepsze hotele w Szczecinie - blog | MojeKonferencje.pl","breadcrumb":{"@id":"https:\/\/www.mojekonferencje.pl\/blog\/najlepsze-hotele-w-szczecinie\/#breadcrumb"},"inLanguage":"pl-PL","potentialAction":[{"@type":"ReadAction","target":["https:\/\/www.mojekonferencje.pl\/blog\/najlepsze-hotele-w-szczecinie\/"]}]},{"@type":"ImageObject","inLanguage":"pl-PL","@id":"https:\/\/www.mojekonferencje.pl\/blog\/najlepsze-hotele-w-szczecinie\/#primaryimage","url":"https:\/\/www.mojekonferencje.pl\/blog\/wp-content\/uploads\/2023\/07\/Fotoram.io-11.jpg","contentUrl":"https:\/\/www.mojekonferencje.pl\/blog\/wp-content\/uploads\/2023\/07\/Fotoram.io-11.jpg","width":1200,"height":720},{"@type":"BreadcrumbList","@id":"https:\/\/www.mojekonferencje.pl\/blog\/najlepsze-hotele-w-szczecinie\/#breadcrumb","itemListElement":[{"@type":"ListItem","position":1,"name":"Strona g\u0142\u00f3wna","item":"https:\/\/www.mojekonferencje.pl\/blog\/"},{"@type":"ListItem","position":2,"name":"Najlepsze hotele w Szczecinie"}]},{"@type":"WebSite","@id":"https:\/\/www.mojekonferencje.pl\/blog\/#website","url":"https:\/\/www.mojekonferencje.pl\/blog\/","name":"MojeKonferencje.pl","description":"Blog bran\u017cy szkoleniowo-konferencyjnej. W\u0142\u0105cz si\u0119 do dyskusji o obiektach konferencyjnych i nowo\u015bciach z bran\u017cy! Poznaj porady odno\u015bnie organizacji konferencji, szkole\u0144 i event\u00f3w firmowych! Zach\u0119camy do wyra\u017cania opinii oraz komentarzy.","potentialAction":[{"@type":"SearchAction","target":{"@type":"EntryPoint","urlTemplate":"https:\/\/www.mojekonferencje.pl\/blog\/?s={search_term_string}"},"query-input":{"@type":"PropertyValueSpecification","valueRequired":true,"valueName":"search_term_string"}}],"inLanguage":"pl-PL"},{"@type":"Person","@id":"https:\/\/www.mojekonferencje.pl\/blog\/#\/schema\/person\/d6751ca3c60de9ec17ee21b744bbb2d4","name":"Olga Stawicka-Iwanowska","description":"Head of Marketing z ponad sze\u015bcioletnim do\u015bwiadczeniem w bran\u017cy MICE. Na co dzie\u0144 zajmuje si\u0119 content marketingiem i promocj\u0105 obiekt\u00f3w eventowych, tak aby organizatorzy kongres\u00f3w, targ\u00f3w i konferencji wiedzieli, \u017ce w\u0142a\u015bnie tam warto zrealizowa\u0107 swoje wydarzenie. Prowadzi media spo\u0142eczno\u015bciowe, tworzy strategie komunikacji, pisze artyku\u0142y i dba o sp\u00f3jny wizerunek marki w ka\u017cdym kanale. W swojej pracy \u0142\u0105czy analityczne my\u015blenie z kreatywno\u015bci\u0105 i dobrym copy. Wsp\u00f3\u0142pracuje zar\u00f3wno z organizatorami najwi\u0119kszych wydarze\u0144 w Polsce, jak i z regionalnymi partnerami z bran\u017cy. Po godzinach mi\u0142o\u015bniczka podr\u00f3\u017cy po Europie, dobrej kuchni i klimatycznych miejsc, w kt\u00f3rych mo\u017cna z\u0142apa\u0107 oddech.","sameAs":["http:\/\/MojeKonferencje.pl","https:\/\/www.linkedin.com\/in\/olgastawicka\/"],"url":"https:\/\/www.mojekonferencje.pl\/blog\/author\/osawicka\/"}]}},"_links":{"self":[{"href":"https:\/\/www.mojekonferencje.pl\/blog\/wp-json\/wp\/v2\/posts\/4064","targetHints":{"allow":["GET"]}}],"collection":[{"href":"https:\/\/www.mojekonferencje.pl\/blog\/wp-json\/wp\/v2\/posts"}],"about":[{"href":"https:\/\/www.mojekonferencje.pl\/blog\/wp-json\/wp\/v2\/types\/post"}],"author":[{"embeddable":true,"href":"https:\/\/www.mojekonferencje.pl\/blog\/wp-json\/wp\/v2\/users\/9"}],"replies":[{"embeddable":true,"href":"https:\/\/www.mojekonferencje.pl\/blog\/wp-json\/wp\/v2\/comments?post=4064"}],"version-history":[{"count":2,"href":"https:\/\/www.mojekonferencje.pl\/blog\/wp-json\/wp\/v2\/posts\/4064\/revisions"}],"predecessor-version":[{"id":4075,"href":"https:\/\/www.mojekonferencje.pl\/blog\/wp-json\/wp\/v2\/posts\/4064\/revisions\/4075"}],"wp:featuredmedia":[{"embeddable":true,"href":"https:\/\/www.mojekonferencje.pl\/blog\/wp-json\/wp\/v2\/media\/4065"}],"wp:attachment":[{"href":"https:\/\/www.mojekonferencje.pl\/blog\/wp-json\/wp\/v2\/media?parent=4064"}],"wp:term":[{"taxonomy":"category","embeddable":true,"href":"https:\/\/www.mojekonferencje.pl\/blog\/wp-json\/wp\/v2\/categories?post=4064"},{"taxonomy":"post_tag","embeddable":true,"href":"https:\/\/www.mojekonferencje.pl\/blog\/wp-json\/wp\/v2\/tags?post=4064"}],"curies":[{"name":"wp","href":"https:\/\/api.w.org\/{rel}","templated":true}]}}