{"id":4111,"date":"2023-07-27T10:37:16","date_gmt":"2023-07-27T08:37:16","guid":{"rendered":"https:\/\/www.mojekonferencje.pl\/blog\/?p=4111"},"modified":"2024-05-07T11:48:42","modified_gmt":"2024-05-07T09:48:42","slug":"agenda-i-operatywka-nieocenione-narzedzia-planowania-wykonania-ale-takze-budowania-relacji-w-zespole","status":"publish","type":"post","link":"https:\/\/www.mojekonferencje.pl\/blog\/agenda-i-operatywka-nieocenione-narzedzia-planowania-wykonania-ale-takze-budowania-relacji-w-zespole\/","title":{"rendered":"Agenda i operatywka &#8211; nieocenione narz\u0119dzia planowania, wykonania ale tak\u017ce budowania relacji w zespole"},"content":{"rendered":"\n<h2 class=\"has-text-align-center wp-block-heading\">Obietnica, kt\u00f3r\u0105 sk\u0142adasz<\/h2>\n\n\n\n<p><strong>Skoro jeste\u015b na portalu <a href=\"https:\/\/www.mojekonferencje.pl\/\">mojekonferencje.pl<\/a>, musisz wiedzie\u0107, \u017ce dwie zmienne maj\u0105 najwa\u017cniejszy wp\u0142yw na to, czy pozyskasz klienta biznesowego z tego kana\u0142u, oraz czy na tyle dobrze zorganizujesz jego wydarzenie, by by\u0142 zachwycony, wraca\u0142 i poleca\u0142 Ci\u0119 innym. Pierwsz\u0105 zmienn\u0105 jest tre\u015b\u0107 i jako\u015b\u0107 Twojej prezentacji na portalu. Czyli to, co o sobie powiesz, jak to zrobisz i koniec ko\u0144c\u00f3w jak\u0105 obietnic\u0119 z\u0142o\u017cysz potencjalnym klientom w ofercie. (Tym tematem zajmiemy si\u0119 w kolejnym artykule: \u201eJak budowa\u0107 ofert\u0119 na portalu konferencyjnym, by przyci\u0105gn\u0105\u0107 uwag\u0119 i sprzedawa\u0107 wi\u0119cej\u201d.). Druga zmienna, to idealne wykonanie zam\u00f3wienia, gdy pozyskany dzi\u0119ki mojekonferencje.pl klient zdecyduje si\u0119 w\u0142a\u015bnie na Twoj\u0105 ofert\u0119. I tym w\u0142a\u015bnie zajmiemy si\u0119 dzisiaj.<\/strong><\/p>\n\n\n\n<p>Pozyskanie go\u015bcia biznesowego za po\u015brednictwem portalu, to zatem dopiero pocz\u0105tek przygody. W istocie najwa\u017cniejsze jest to, jak zorganizujesz wydarzenie i czy dotrzymasz obietnicy danej w tre\u015bci na portalu, oraz we wszystkich ustaleniach przed jego przybyciem do obiektu. W\u0142a\u015bnie dlatego potrzebujesz narz\u0119dzia, kt\u00f3re uporz\u0105dkuje, pozwoli zaplanowa\u0107 wydarzenie, a potem finalnie rozliczy\u0107 z przebiegu imprezy siebie, oraz wszystkich, kt\u00f3rzy byli w ni\u0105 zaanga\u017cowani. Takim narz\u0119dziem jest <strong>agenda wydarzenia<\/strong>. A je\u015bli dodatkowo wprowadzisz <strong>zabrania operacyjne <\/strong>(operatywki), podwoisz pewno\u015b\u0107, \u017ce <strong>imprezy firmowe <\/strong>b\u0119d\u0105 dopi\u0119te na ostatni guzik.<\/p>\n\n\n\n<figure class=\"wp-block-image size-large\"><img loading=\"lazy\" decoding=\"async\" width=\"1024\" height=\"796\" src=\"https:\/\/www.mojekonferencje.pl\/blog\/wp-content\/uploads\/2023\/07\/meeting-1184892_1280-1024x796.png\" alt=\"\" class=\"wp-image-4113 lazyload\" data-srcset=\"https:\/\/www.mojekonferencje.pl\/blog\/wp-content\/uploads\/2023\/07\/meeting-1184892_1280-1024x796.png 1024w, https:\/\/www.mojekonferencje.pl\/blog\/wp-content\/uploads\/2023\/07\/meeting-1184892_1280-300x233.png 300w, https:\/\/www.mojekonferencje.pl\/blog\/wp-content\/uploads\/2023\/07\/meeting-1184892_1280-768x597.png 768w, https:\/\/www.mojekonferencje.pl\/blog\/wp-content\/uploads\/2023\/07\/meeting-1184892_1280.png 1280w\" sizes=\"auto\" \/><\/figure>\n\n\n\n<h2 class=\"has-text-align-center wp-block-heading\">Czym jest agenda?<\/h2>\n\n\n\n<p><strong>Dobrze napisana agenda<\/strong> to bezcenny scenariusz, w kt\u00f3rym krok po kroku rozpiszesz kolejne <strong>elementy imprezy firmowej<\/strong>. To te\u017c narz\u0119dzie, kt\u00f3re pomo\u017ce uprocedowa\u0107 i w pewnym sensie zautomatyzowa\u0107 odpowiedzi na zapytania. Wszystko zale\u017cy od jej finalnego wygl\u0105du. Ja podziel\u0119 si\u0119 z Tob\u0105 moj\u0105 propozycj\u0105, kt\u00f3ra z jednej strony jest prosta, a z drugiej absolutnie czytelna i przede wszystkim funkcjonalna. Na potrzeby agendy mo\u017cesz opracowa\u0107 sw\u00f3j schemat informacji jakie na starcie chcesz pozyska\u0107, by skr\u00f3ci\u0107 czas odpowiedzi. <strong>Agenda wydarzenia<\/strong> jest zatem narz\u0119dziem, kt\u00f3re ju\u017c na etapie sprzeda\u017cy determinuje organizacj\u0119 tak samej sprzeda\u017cy, jak i oczywi\u015bcie realizacji wydarzenia. Jest, a raczej powinna by\u0107 (kilka anty przyk\u0142ad\u00f3w poni\u017cej) kompletnym instrumentem, kt\u00f3re stanie si\u0119 scenariuszem wydarzenia, m.in. konferencji, szkolenia czy firmowego wypadu teambuildingowego.<\/p>\n\n\n\n<h2 class=\"has-text-align-center wp-block-heading\">\u201eNie takie imprezy si\u0119 k\u0142ad\u0142o\u201d<\/h2>\n\n\n\n<p>Ogromna ilo\u015b\u0107 obiekt\u00f3w nie pracuje na agendach, albo s\u0105 one, delikatnie m\u00f3wi\u0105c, niekompletne. Rodzi to chaos, frustracj\u0119 pracownik\u00f3w wszystkich dzia\u0142\u00f3w od recepcji, przez kuchni\u0119 po SPA, oraz ca\u0142\u0105 mas\u0119 uzasadnionych roszcze\u0144 ze strony zamawiaj\u0105cego. <strong>Najcz\u0119stsze b\u0142\u0119dy<\/strong> jakie wy\u0142apywa\u0142em w mojej karierze to braki szczeg\u00f3\u0142\u00f3w wydarzenia, w tym godzin nast\u0119puj\u0105cych po sobie cz\u0119\u015bci spotkania, a\u017c po nieaktualne dane jakie sprzeda\u017cowiec ustali\u0142 z organizatorem, ale ju\u017c nie umie\u015bci\u0142 tych aktualizacji w agendzie. Cz\u0119sto brakuje te\u017c informacji o dietach, nietolerancjach pokarmowych, a nawet ostatecznej liczbie uczestnik\u00f3w. <\/p>\n\n\n\n<p>Przypominam sobie sytuacj\u0119 z po\u0142udniowej Polski, gdzie zapomniano wpisa\u0107, \u017ce po przem\u00f3wieniu prezesa sp\u00f3\u0142ki, obs\u0142uga ma poda\u0107 pi\u0119trowy tort. Nie tylko nie wpisano tej informacji do agendy, ale nawet nie zam\u00f3wiono tortu. Prosz\u0119 wyobrazi\u0107 sobie zdziwienie organizatora, kt\u00f3ry zaprasza ludzi na toast i kawa\u0142ek tortu, kt\u00f3rego nie ma. Takich przyk\u0142ad\u00f3w jest mn\u00f3stwo. Zatem tw\u00f3rzmy agendy pod wydarzenia dok\u0142adnie, aktualizujmy je, a raczej nikt nie zaprosi swoich go\u015bci na atrakcj\u0119 widmo.<\/p>\n\n\n\n<figure class=\"wp-block-image size-large\"><img loading=\"lazy\" decoding=\"async\" width=\"1024\" height=\"685\" src=\"https:\/\/www.mojekonferencje.pl\/blog\/wp-content\/uploads\/2023\/07\/checklist-3693113_1280-1024x685.png\" alt=\"\" class=\"wp-image-4114 lazyload\" data-srcset=\"https:\/\/www.mojekonferencje.pl\/blog\/wp-content\/uploads\/2023\/07\/checklist-3693113_1280-1024x685.png 1024w, https:\/\/www.mojekonferencje.pl\/blog\/wp-content\/uploads\/2023\/07\/checklist-3693113_1280-300x201.png 300w, https:\/\/www.mojekonferencje.pl\/blog\/wp-content\/uploads\/2023\/07\/checklist-3693113_1280-768x514.png 768w, https:\/\/www.mojekonferencje.pl\/blog\/wp-content\/uploads\/2023\/07\/checklist-3693113_1280.png 1280w\" sizes=\"auto\" \/><\/figure>\n\n\n\n<h2 class=\"has-text-align-center wp-block-heading\">Elementy agendy<\/h2>\n\n\n\n<p><strong>Nag\u0142\u00f3wek <\/strong>to podstawowe informacje o wydarzeniu. Musi si\u0119 tu zatem znale\u017a\u0107 nazwa firmy\/organizatora, numer skutecznie za\u0142o\u017conej rezerwacji, termin, liczba os\u00f3b, oraz nazwa grupy na jak\u0105 \u201eschodzi\u0107\u201d b\u0119d\u0105 obci\u0105\u017cenia ju\u017c w trakcie trwania wydarzenia. Bardzo wa\u017cny jest kontakt telefoniczny i mailowy do samego organizatora. Szczeg\u00f3lnie w przypadku, gdy z przyczyn losowych kto\u015b inny musi przej\u0105\u0107 organizacj\u0119 po stronie hotelu. <\/p>\n\n\n\n<p><strong>Szczeg\u00f3\u0142y wydarzenia \/ Harmonogram wydarzenia<\/strong>. W tej cz\u0119\u015bci tabeli znajdzie si\u0119 m.in. przebieg godzina po godzinie, dzia\u0142y i osoby odpowiedzialne za poszczeg\u00f3lne cz\u0119\u015bci wydarzenia, ilo\u015b\u0107 os\u00f3b, a tak\u017ce szalenie istotny opis wydarzenia, czyli szczeg\u00f3\u0142y tego, co i jak ma si\u0119 dzia\u0107, by zrealizowa\u0107 ca\u0142\u0105 us\u0142ug\u0119 zgodnie z zam\u00f3wieniem. Ja dorzucam w\u0142a\u015bnie w tej cz\u0119\u015bci \u201eRyzyko\u201d, czyli przewiduj\u0119 te elementy, kt\u00f3re z r\u00f3\u017cnych przyczyn mog\u0105 si\u0119 nie uda\u0107, tak\u017ce z powod\u00f3w niezale\u017cnych od nas, jak np. grill podczas ulewy.<\/p>\n\n\n\n<p><strong>Informacje dodatkowe.<\/strong> W tej sekcji wpiszemy wszystko, co nie jest bezpo\u015brednio zwi\u0105zane z zam\u00f3wieniem, lecz mo\u017ce wp\u0142yn\u0105\u0107 na jako\u015b\u0107 imprezy czy wspomnienia uczestnik\u00f3w, albo co wa\u017cne spowoduje, \u017ce uczestnik spotkania firmowego stanie si\u0119 w przysz\u0142o\u015bci naszym go\u015bciem indywidualnym. Mog\u0105 to by\u0107<strong> gifty z logo hotelu<\/strong> w pokojach uczestnik\u00f3w, specjalne ceny na pozosta\u0142e us\u0142ugi czy drobno kwotowe vouchery do wykorzystania przy kolejnym, ale ju\u017c indywidualnym pobycie. To zach\u0119ci do powrotu szczeg\u00f3lnie te osoby, kt\u00f3rych odleg\u0142o\u015b\u0107 od miejsca zamieszkania do hotelu jest najmniejsza.<\/p>\n\n\n\n<p><strong>Kolory w agendzie. <\/strong>Znam zwolennik\u00f3w przygotowywania kilku agend, dla ka\u017cdego z dzia\u0142\u00f3w. Argumentuj\u0105 to tym, \u017ce np. szef kuchni nie chce czyta\u0107 o kwestiach technicznych, czy meldunkowych. Ja jednak zdecydowanie polecam jedn\u0105 sp\u00f3jn\u0105 agend\u0119, poniewa\u017c minimalizuje to ilo\u015b\u0107 element\u00f3w jakie zaktualizowane zosta\u0142y w agendzie dla jednego dzia\u0142u, a nie zosta\u0142y uj\u0119te w innym dziale. Zatem jedna sp\u00f3jna agenda b\u0119dzie odpowiednia. Zadania przypisane do ka\u017cdego z dzia\u0142\u00f3w dla zwi\u0119kszenia przejrzysto\u015bci oznaczam innym kolorem, je\u015bli nie druku, to zakre\u015blacza.<\/p>\n\n\n\n<figure class=\"wp-block-image size-large\"><img loading=\"lazy\" decoding=\"async\" width=\"1024\" height=\"782\" src=\"https:\/\/www.mojekonferencje.pl\/blog\/wp-content\/uploads\/2023\/07\/presentation-1794128_1280-1024x782.png\" alt=\"\" class=\"wp-image-4115 lazyload\" data-srcset=\"https:\/\/www.mojekonferencje.pl\/blog\/wp-content\/uploads\/2023\/07\/presentation-1794128_1280-1024x782.png 1024w, https:\/\/www.mojekonferencje.pl\/blog\/wp-content\/uploads\/2023\/07\/presentation-1794128_1280-300x229.png 300w, https:\/\/www.mojekonferencje.pl\/blog\/wp-content\/uploads\/2023\/07\/presentation-1794128_1280-768x586.png 768w, https:\/\/www.mojekonferencje.pl\/blog\/wp-content\/uploads\/2023\/07\/presentation-1794128_1280.png 1280w\" sizes=\"auto\" \/><\/figure>\n\n\n\n<h2 class=\"has-text-align-center wp-block-heading\">Zebrania operacyjne<\/h2>\n\n\n\n<p>Zawsze powtarzam, \u017ce je\u015bli czas na to pozwala, ka\u017cda <strong>agenda <\/strong>powinna by\u0107 wsp\u00f3lnie om\u00f3wiona podczas cotygodniowej operatywki. Z do\u015bwiadczenia wiem, \u017ce<strong> wykonawcy agend<\/strong>, np. kuchnia, czekaj\u0105 do ostatniego dnia, by wskaza\u0107 b\u0142\u0119dy lub kwestie trudne do wykonania po ich stronie, nawet, je\u015bli agend\u0119 otrzymuj\u0105 na d\u0142ugo przed imprez\u0105. Lepiej zatem sprawdzaj\u0105 si\u0119 kr\u00f3tkie i tre\u015bciwe <strong>zebrania operacyjne<\/strong>, podczas kt\u00f3rych osoba odpowiedzialna za sprzeda\u017c wy\u0142uszcza kierownikom dzia\u0142\u00f3w elementy zam\u00f3wienia, a ci mog\u0105 rzeczowo na nie zareagowa\u0107.<\/p>\n\n\n\n<h2 class=\"has-text-align-center wp-block-heading\">Tydzie\u0144<\/h2>\n\n\n\n<p>7 dni przed wydarzeniem to idealny czas, by kompletna<strong> agenda<\/strong> wyl\u0105dowa\u0142a w miejscach docelowych, czyli u szefa kuchni, kierownika gastronomii, kierownika recepcji, a stamt\u0105d do podleg\u0142ych pracownik\u00f3w. To jest te\u017c czas w jakim ka\u017cdy, kto otrzyma jej kopi\u0119 mo\u017ce wskaza\u0107 kwestie, kt\u00f3re z punktu widzenie logistyki jego dzia\u0142u (np. dost\u0119pno\u015bci towaru, organizacji pracy w okresie na jaki przypada wydarzenie, czy dost\u0119pno\u015bci pokoi i wielu innych), powinny ulec zmianie. Jasnym jest, \u017ce w wi\u0119kszo\u015bci przypadk\u00f3w pojawia\u0107 si\u0119 b\u0119d\u0105 zmiany, jakie zg\u0142osi organizator. Najcz\u0119stszymi z nich s\u0105 liczba uczestnik\u00f3w, godziny przyjazdu czy posi\u0142k\u00f3w, a tak\u017ce ilo\u015b\u0107 i rodzaje diet.<\/p>\n\n\n\n<figure class=\"wp-block-image size-large\"><img loading=\"lazy\" decoding=\"async\" width=\"1024\" height=\"707\" src=\"https:\/\/www.mojekonferencje.pl\/blog\/wp-content\/uploads\/2023\/07\/checklist-1266989_1280-1024x707.png\" alt=\"\" class=\"wp-image-4116 lazyload\" data-srcset=\"https:\/\/www.mojekonferencje.pl\/blog\/wp-content\/uploads\/2023\/07\/checklist-1266989_1280-1024x707.png 1024w, https:\/\/www.mojekonferencje.pl\/blog\/wp-content\/uploads\/2023\/07\/checklist-1266989_1280-300x207.png 300w, https:\/\/www.mojekonferencje.pl\/blog\/wp-content\/uploads\/2023\/07\/checklist-1266989_1280-768x530.png 768w, https:\/\/www.mojekonferencje.pl\/blog\/wp-content\/uploads\/2023\/07\/checklist-1266989_1280.png 1280w\" sizes=\"auto\" \/><\/figure>\n\n\n\n<h2 class=\"has-text-align-center wp-block-heading\">Jedna agenda, jeden k\u0142opot mniej<\/h2>\n\n\n\n<p>Dba\u0142em zawsze, by od pierwszego kontaktu z organizatorem pos\u0142ugiwa\u0107 si\u0119 jednym i tym samym dokumentem na linii hotel \u2013 organizator, i to na nim wprowadza\u0107 ewentualne zmiany przesy\u0142aj\u0105c je mailowo. Przypominam sobie sytuacj\u0119, kt\u00f3ra zmrozi\u0142a mnie pewnego wieczora. Oto w ka\u017cdej z korespondencji jak\u0105 przesy\u0142ali\u015bmy sobie na linii ja \u2013 organizator, zawarty by\u0142 plik o nazwie \u201e<strong>Agenda wydarzenia<\/strong>\u201d. To faktycznie w nim ka\u017cdy z nas \u2013 i ja, i organizator, wprowadza\u0142 odpowiednie zmiany aktualizacyjne. Maile te zawiera\u0142y te\u017c jeszcze jeden plik, w kompletnie mi nie znanym formacie, kt\u00f3ry ja od pocz\u0105tku odbiera\u0142em jako wizyt\u00f3wk\u0119 czy co\u015b, co obok agendy nie ma wi\u0119kszego znaczenia. <\/p>\n\n\n\n<p>Na kilka dni przed wydarzeniem, sprawdzaj\u0105c poprawno\u015b\u0107 ustale\u0144, pokusi\u0142em si\u0119 jednak o otwarcie owego pliku. Z niema\u0142ym trudem w sieci znalaz\u0142em program, kt\u00f3ry to \u201edziwne\u201d rozszerzenie pozwoli\u0142 rozpakowa\u0107. Po otwarciu \u2013 szok, druga agenda, wewn\u0119trzna, jak\u0105 organizator pos\u0142ugiwa\u0142 si\u0119 na potrzeby komunikacji z kolegami i prze\u0142o\u017conymi. Nie zgadza\u0142o si\u0119 tam nic z naszymi ustaleniami. Godziny przyjazdu, ilo\u015b\u0107 os\u00f3b, ilo\u015b\u0107 i rodzaje posi\u0142k\u00f3w czy diet. Co ciekawe, organizator na pytanie dlaczego mamy dwa rodzaje do tego rozbie\u017cnych agend, odpowiedzia\u0142, \u017ce\u2026 w\u0142a\u015bnie mia\u0142 do mnie dzwoni\u0107. Dodam tylko \u2013 to by\u0142a spora grupa, mocno zr\u00f3\u017cnicowane menu i sporo komplikacji z rozliczeniem.<\/p>\n\n\n\n<h2 class=\"has-text-align-center wp-block-heading\">Gospodarz, kt\u00f3ry dopina ostatnie szczeg\u00f3\u0142y<\/h2>\n\n\n\n<p>Po przyje\u017adzie grupy, gdzie\u015b na wysoko\u015bci meldunku, warto podej\u015b\u0107 do organizatora, kt\u00f3rego cz\u0119sto przecie\u017c dopiero w tym momencie poznajemy osobi\u015bcie, i raz jeszcze om\u00f3wi\u0107 agend\u0119 punkt po punkcie. Podsumowa\u0107, by wy\u0142apa\u0107 ostatnie poprawki czy jakiekolwiek zmiany. Nie tylko podsumujemy co trzeba, ale tak\u017ce zagramy rol\u0119 go\u015bcinnego gospodarza, a to \u015bwietnie buduje relacje na potem. Dobrze je\u015bli owy gospodarz (cz\u0119sto to po prostu specjalista ds. sprzeda\u017cy, event manager czy handlowiec) b\u0119dzie obecny podczas ca\u0142ego wydarzenia. Przy du\u017cej ilo\u015bci wydarze\u0144, by unikn\u0105\u0107 ogromnej liczby nadgodzin, ju\u017c na etapie operatywki wskazana powinna by\u0107 osoba, kt\u00f3ra pod nieobecno\u015b\u0107 gospodarza pokieruje pracami, dopilnuje do samego ko\u0144ca imprezy czy finalnie j\u0105 rozliczy.<\/p>\n\n\n\n<figure class=\"wp-block-image size-large\"><img loading=\"lazy\" decoding=\"async\" width=\"1024\" height=\"754\" src=\"https:\/\/www.mojekonferencje.pl\/blog\/wp-content\/uploads\/2023\/07\/audit-3737447_1280-1024x754.png\" alt=\"\" class=\"wp-image-4117 lazyload\" data-srcset=\"https:\/\/www.mojekonferencje.pl\/blog\/wp-content\/uploads\/2023\/07\/audit-3737447_1280-1024x754.png 1024w, https:\/\/www.mojekonferencje.pl\/blog\/wp-content\/uploads\/2023\/07\/audit-3737447_1280-300x221.png 300w, https:\/\/www.mojekonferencje.pl\/blog\/wp-content\/uploads\/2023\/07\/audit-3737447_1280-768x565.png 768w, https:\/\/www.mojekonferencje.pl\/blog\/wp-content\/uploads\/2023\/07\/audit-3737447_1280.png 1280w\" sizes=\"auto\" \/><\/figure>\n\n\n\n<h2 class=\"has-text-align-center wp-block-heading\">Operatywka po<\/h2>\n\n\n\n<p>Wa\u017cne jest, by w grupie podsumowa\u0107 takie wydarzenia i eventy. Raz jeszcze wzi\u0105\u0107 do r\u0119ki zm\u0119czon\u0105, czasem poplamion\u0105 <strong>agend\u0119<\/strong> i om\u00f3wi\u0107 j\u0105 post factum. <strong>Zebranie operacyjne<\/strong> po danym tygodniu b\u0119dzie idealnym rozwi\u0105zaniem, by przywo\u0142a\u0107 mocne i s\u0142absze momenty wydarzenia, jakie by\u0142o przedmiotem agendy. Nale\u017cy szybko znale\u017a\u0107 rozwi\u0105zania pope\u0142nionych b\u0142\u0119d\u00f3w i wprowadzi\u0107 procedur\u0119, zwyczaj, kt\u00f3ry im zapobiegnie w przysz\u0142o\u015bci. W wielu obiektach ten moment podsumowania imprez jest tym, kt\u00f3ry zamiast s\u0142u\u017cy\u0107 konstruktywnej ocenie i wnioskom, staje si\u0119 okazj\u0105 do szukania winnych i ich publicznego kamienowania. A przecie\u017c ka\u017cdy dojrza\u0142y manager pono\u0107 wie, \u017ce nie szukamy winnych, tylko rozwi\u0105za\u0144. To teoria. Nie od dzi\u015b znane s\u0105 powszechne w bran\u017cy tarcia pomi\u0119dzy dzia\u0142em sprzeda\u017cy a kuchni\u0105. <\/p>\n\n\n\n<p>Ujmuj\u0105c w skr\u00f3cie \u2013 ci pierwsi twierdz\u0105, \u017ce trzeba, a drudzy, \u017ce si\u0119 nie da. W\u0142a\u015bnie dlatego <strong>operatywka<\/strong> nie tylko powinna si\u0119 odbywa\u0107, ale tak\u017ce by\u0107 okazj\u0105, by stan\u0105\u0107 twarz\u0105 w twarz w grupie. To \u015bwietny moment dla dyrektora \/ managera hotelu, by wy\u0142apa\u0107 prawdziw\u0105 atmosfer\u0119 i realne powody tego, \u017ce co\u015b posz\u0142o nie tak. Trudno mi zliczy\u0107 jak cz\u0119sto powodem organizacyjnych potkni\u0119\u0107 by\u0142y prywatne niech\u0119ci, uraza czy po prostu z\u0142o\u015bliwo\u015b\u0107. Rol\u0105 dyrektora jest bycie nie tylko zarz\u0105dc\u0105, ale przede wszystkim liderem. A w takich sytuacjach wykaza\u0107 mo\u017ce si\u0119 a\u017c nadto.<\/p>\n\n\n\n<p><strong>Dobrze skrojona agenda<\/strong> to narz\u0119dzie niczym batuta w r\u0119kach dyrygenta. Przygotowujesz je wcze\u015bniej, w\u0142a\u015bciwie ju\u017c na etapie pierwszego sprzeda\u017cowego kontaktu i dopieszczasz tak, by finalnie wydarzenie takie jak <strong>impreza firmowa<\/strong>, konferencja czy szkolenie wypad\u0142y koncertowo. <\/p>\n\n\n\n<p>Skontaktuj si\u0119 z autorem je\u015bli chcesz otrzyma\u0107 gotowy wz\u00f3r agendy wydarzenia, jaki w \u0142atwy spos\u00f3b wykorzystasz w swoim obiekcie.<\/p>\n\n\n\n<figure class=\"wp-block-image size-large\"><img loading=\"lazy\" decoding=\"async\" width=\"1024\" height=\"660\" src=\"https:\/\/www.mojekonferencje.pl\/blog\/wp-content\/uploads\/2023\/07\/printer-4551917_1280-1024x660.png\" alt=\"\" class=\"wp-image-4118 lazyload\" data-srcset=\"https:\/\/www.mojekonferencje.pl\/blog\/wp-content\/uploads\/2023\/07\/printer-4551917_1280-1024x660.png 1024w, https:\/\/www.mojekonferencje.pl\/blog\/wp-content\/uploads\/2023\/07\/printer-4551917_1280-300x193.png 300w, https:\/\/www.mojekonferencje.pl\/blog\/wp-content\/uploads\/2023\/07\/printer-4551917_1280-768x495.png 768w, https:\/\/www.mojekonferencje.pl\/blog\/wp-content\/uploads\/2023\/07\/printer-4551917_1280.png 1280w\" sizes=\"auto\" \/><\/figure>\n","protected":false},"excerpt":{"rendered":"<p>Agenda i operatywka to poj\u0119cia, z kt\u00f3rymi zdecydowanie musisz si\u0119 zaprzyja\u017ani\u0107! Poznaj te wa\u017cne narz\u0119dzia planowania.<\/p>\n","protected":false},"author":15,"featured_media":4112,"comment_status":"closed","ping_status":"closed","sticky":false,"template":"","format":"standard","meta":{"_acf_changed":false,"footnotes":""},"categories":[369,8],"tags":[353,354],"class_list":["post-4111","post","type-post","status-publish","format-standard","has-post-thumbnail","hentry","category-merytoryka","category-porady","tag-organizacja-imprez","tag-organizacja-wydarzen"],"acf":[],"yoast_head":"<!-- This site is optimized with the Yoast SEO plugin v27.1.1 - https:\/\/yoast.com\/product\/yoast-seo-wordpress\/ -->\n<title>Agenda i operatywka - nieocenione narz\u0119dzia planowania, wykonania ale tak\u017ce budowania relacji w zespole - blog | MojeKonferencje.pl<\/title>\n<meta name=\"description\" content=\"Agenda i operatywka - nieocenione narz\u0119dzia planowania, wykonania ale tak\u017ce budowania relacji w zespole - blog | MojeKonferencje.pl\" \/>\n<meta name=\"robots\" content=\"index, follow, max-snippet:-1, max-image-preview:large, max-video-preview:-1\" \/>\n<link rel=\"canonical\" href=\"https:\/\/www.mojekonferencje.pl\/blog\/agenda-i-operatywka-nieocenione-narzedzia-planowania-wykonania-ale-takze-budowania-relacji-w-zespole\/\" \/>\n<meta property=\"og:locale\" content=\"pl_PL\" \/>\n<meta property=\"og:type\" content=\"article\" \/>\n<meta property=\"og:title\" content=\"Agenda i operatywka - nieocenione narz\u0119dzia planowania, wykonania ale tak\u017ce budowania relacji w zespole - blog | MojeKonferencje.pl\" \/>\n<meta property=\"og:description\" content=\"Agenda i operatywka - nieocenione narz\u0119dzia planowania, wykonania ale tak\u017ce budowania relacji w zespole - blog | MojeKonferencje.pl\" \/>\n<meta property=\"og:url\" content=\"https:\/\/www.mojekonferencje.pl\/blog\/agenda-i-operatywka-nieocenione-narzedzia-planowania-wykonania-ale-takze-budowania-relacji-w-zespole\/\" \/>\n<meta property=\"og:site_name\" content=\"MojeKonferencje.pl\" \/>\n<meta property=\"article:published_time\" content=\"2023-07-27T08:37:16+00:00\" \/>\n<meta property=\"article:modified_time\" content=\"2024-05-07T09:48:42+00:00\" \/>\n<meta property=\"og:image\" content=\"https:\/\/www.mojekonferencje.pl\/blog\/wp-content\/uploads\/2023\/07\/audit-4576720_1280.png\" \/>\n\t<meta property=\"og:image:width\" content=\"1280\" \/>\n\t<meta property=\"og:image:height\" content=\"825\" \/>\n\t<meta property=\"og:image:type\" content=\"image\/png\" \/>\n<meta name=\"author\" content=\"Adam Puda\" \/>\n<meta name=\"twitter:card\" content=\"summary_large_image\" \/>\n<meta name=\"twitter:label1\" content=\"Napisane przez\" \/>\n\t<meta name=\"twitter:data1\" content=\"Adam Puda\" \/>\n\t<meta name=\"twitter:label2\" content=\"Szacowany czas czytania\" \/>\n\t<meta name=\"twitter:data2\" content=\"9 minut\" \/>\n<script type=\"application\/ld+json\" class=\"yoast-schema-graph\">{\"@context\":\"https:\/\/schema.org\",\"@graph\":[{\"@type\":\"Article\",\"@id\":\"https:\/\/www.mojekonferencje.pl\/blog\/agenda-i-operatywka-nieocenione-narzedzia-planowania-wykonania-ale-takze-budowania-relacji-w-zespole\/#article\",\"isPartOf\":{\"@id\":\"https:\/\/www.mojekonferencje.pl\/blog\/agenda-i-operatywka-nieocenione-narzedzia-planowania-wykonania-ale-takze-budowania-relacji-w-zespole\/\"},\"author\":{\"name\":\"Adam Puda\",\"@id\":\"https:\/\/www.mojekonferencje.pl\/blog\/#\/schema\/person\/a4ce22c6485b770b7591f5e7edb2bb88\"},\"headline\":\"Agenda i operatywka &#8211; nieocenione narz\u0119dzia planowania, wykonania ale tak\u017ce budowania relacji w zespole\",\"datePublished\":\"2023-07-27T08:37:16+00:00\",\"dateModified\":\"2024-05-07T09:48:42+00:00\",\"mainEntityOfPage\":{\"@id\":\"https:\/\/www.mojekonferencje.pl\/blog\/agenda-i-operatywka-nieocenione-narzedzia-planowania-wykonania-ale-takze-budowania-relacji-w-zespole\/\"},\"wordCount\":1825,\"image\":{\"@id\":\"https:\/\/www.mojekonferencje.pl\/blog\/agenda-i-operatywka-nieocenione-narzedzia-planowania-wykonania-ale-takze-budowania-relacji-w-zespole\/#primaryimage\"},\"thumbnailUrl\":\"https:\/\/www.mojekonferencje.pl\/blog\/wp-content\/uploads\/2023\/07\/audit-4576720_1280.png\",\"keywords\":[\"organizacja imprez\",\"organizacja wydarze\u0144\"],\"articleSection\":[\"Merytoryka\",\"Porady\"],\"inLanguage\":\"pl-PL\"},{\"@type\":\"WebPage\",\"@id\":\"https:\/\/www.mojekonferencje.pl\/blog\/agenda-i-operatywka-nieocenione-narzedzia-planowania-wykonania-ale-takze-budowania-relacji-w-zespole\/\",\"url\":\"https:\/\/www.mojekonferencje.pl\/blog\/agenda-i-operatywka-nieocenione-narzedzia-planowania-wykonania-ale-takze-budowania-relacji-w-zespole\/\",\"name\":\"Agenda i operatywka - nieocenione narz\u0119dzia planowania, wykonania ale tak\u017ce budowania relacji w zespole - blog | MojeKonferencje.pl\",\"isPartOf\":{\"@id\":\"https:\/\/www.mojekonferencje.pl\/blog\/#website\"},\"primaryImageOfPage\":{\"@id\":\"https:\/\/www.mojekonferencje.pl\/blog\/agenda-i-operatywka-nieocenione-narzedzia-planowania-wykonania-ale-takze-budowania-relacji-w-zespole\/#primaryimage\"},\"image\":{\"@id\":\"https:\/\/www.mojekonferencje.pl\/blog\/agenda-i-operatywka-nieocenione-narzedzia-planowania-wykonania-ale-takze-budowania-relacji-w-zespole\/#primaryimage\"},\"thumbnailUrl\":\"https:\/\/www.mojekonferencje.pl\/blog\/wp-content\/uploads\/2023\/07\/audit-4576720_1280.png\",\"datePublished\":\"2023-07-27T08:37:16+00:00\",\"dateModified\":\"2024-05-07T09:48:42+00:00\",\"author\":{\"@id\":\"https:\/\/www.mojekonferencje.pl\/blog\/#\/schema\/person\/a4ce22c6485b770b7591f5e7edb2bb88\"},\"description\":\"Agenda i operatywka - nieocenione narz\u0119dzia planowania, wykonania ale tak\u017ce budowania relacji w zespole - blog | MojeKonferencje.pl\",\"breadcrumb\":{\"@id\":\"https:\/\/www.mojekonferencje.pl\/blog\/agenda-i-operatywka-nieocenione-narzedzia-planowania-wykonania-ale-takze-budowania-relacji-w-zespole\/#breadcrumb\"},\"inLanguage\":\"pl-PL\",\"potentialAction\":[{\"@type\":\"ReadAction\",\"target\":[\"https:\/\/www.mojekonferencje.pl\/blog\/agenda-i-operatywka-nieocenione-narzedzia-planowania-wykonania-ale-takze-budowania-relacji-w-zespole\/\"]}]},{\"@type\":\"ImageObject\",\"inLanguage\":\"pl-PL\",\"@id\":\"https:\/\/www.mojekonferencje.pl\/blog\/agenda-i-operatywka-nieocenione-narzedzia-planowania-wykonania-ale-takze-budowania-relacji-w-zespole\/#primaryimage\",\"url\":\"https:\/\/www.mojekonferencje.pl\/blog\/wp-content\/uploads\/2023\/07\/audit-4576720_1280.png\",\"contentUrl\":\"https:\/\/www.mojekonferencje.pl\/blog\/wp-content\/uploads\/2023\/07\/audit-4576720_1280.png\",\"width\":1280,\"height\":825},{\"@type\":\"BreadcrumbList\",\"@id\":\"https:\/\/www.mojekonferencje.pl\/blog\/agenda-i-operatywka-nieocenione-narzedzia-planowania-wykonania-ale-takze-budowania-relacji-w-zespole\/#breadcrumb\",\"itemListElement\":[{\"@type\":\"ListItem\",\"position\":1,\"name\":\"Strona g\u0142\u00f3wna\",\"item\":\"https:\/\/www.mojekonferencje.pl\/blog\/\"},{\"@type\":\"ListItem\",\"position\":2,\"name\":\"Agenda i operatywka &#8211; nieocenione narz\u0119dzia planowania, wykonania ale tak\u017ce budowania relacji w zespole\"}]},{\"@type\":\"WebSite\",\"@id\":\"https:\/\/www.mojekonferencje.pl\/blog\/#website\",\"url\":\"https:\/\/www.mojekonferencje.pl\/blog\/\",\"name\":\"MojeKonferencje.pl\",\"description\":\"Blog bran\u017cy szkoleniowo-konferencyjnej. W\u0142\u0105cz si\u0119 do dyskusji o obiektach konferencyjnych i nowo\u015bciach z bran\u017cy! Poznaj porady odno\u015bnie organizacji konferencji, szkole\u0144 i event\u00f3w firmowych! Zach\u0119camy do wyra\u017cania opinii oraz komentarzy.\",\"potentialAction\":[{\"@type\":\"SearchAction\",\"target\":{\"@type\":\"EntryPoint\",\"urlTemplate\":\"https:\/\/www.mojekonferencje.pl\/blog\/?s={search_term_string}\"},\"query-input\":{\"@type\":\"PropertyValueSpecification\",\"valueRequired\":true,\"valueName\":\"search_term_string\"}}],\"inLanguage\":\"pl-PL\"},{\"@type\":\"Person\",\"@id\":\"https:\/\/www.mojekonferencje.pl\/blog\/#\/schema\/person\/a4ce22c6485b770b7591f5e7edb2bb88\",\"name\":\"Adam Puda\",\"description\":\"Dyrektor zarz\u0105dzaj\u0105cy i operacyjny hoteli od 17 lat zwi\u0105zany z bran\u017c\u0105 HoReCa i SPA. Doradca hotelowy i szkoleniowiec. Wprowadza\u0142 na polski rynek dwie niezale\u017cne marki hoteli nast\u0119pnie nimi zarz\u0105dzaj\u0105c. Do\u015bwiadczenie zdobywa\u0142 tak\u017ce jako manager SPA i szef roboczej grupy medical SPA przy 4* hotelu. Autor kompletnych procedur. Specjalizuje si\u0119 w kreatywnym zarz\u0105dzaniu, preopeningu oraz reorganizacji hoteli i SPA. Autor wielu event\u00f3w kulinarnych, kulturalnych i sportowych. Bieganie to oddech, kt\u00f3rego potrzebuj\u0119. Jestem pasjonatem koszyk\u00f3wki czas\u00f3w Jordana, kt\u00f3re ukszta\u0142towa\u0142y moj\u0105 ch\u0119\u0107 walki i rywalizacji. Jako aktywny spo\u0142ecznik anga\u017cuj\u0119 si\u0119 w sprawy w kt\u00f3re wierz\u0119, sam kreuj\u0119 sensowne wydarzenia pomocowe i CSR.\",\"sameAs\":[\"www.linkedin.com\/in\/ adam-puda\"],\"url\":\"https:\/\/www.mojekonferencje.pl\/blog\/author\/adam-puda\/\"}]}<\/script>\n<!-- \/ Yoast SEO plugin. -->","yoast_head_json":{"title":"Agenda i operatywka - nieocenione narz\u0119dzia planowania, wykonania ale tak\u017ce budowania relacji w zespole - blog | MojeKonferencje.pl","description":"Agenda i operatywka - nieocenione narz\u0119dzia planowania, wykonania ale tak\u017ce budowania relacji w zespole - blog | MojeKonferencje.pl","robots":{"index":"index","follow":"follow","max-snippet":"max-snippet:-1","max-image-preview":"max-image-preview:large","max-video-preview":"max-video-preview:-1"},"canonical":"https:\/\/www.mojekonferencje.pl\/blog\/agenda-i-operatywka-nieocenione-narzedzia-planowania-wykonania-ale-takze-budowania-relacji-w-zespole\/","og_locale":"pl_PL","og_type":"article","og_title":"Agenda i operatywka - nieocenione narz\u0119dzia planowania, wykonania ale tak\u017ce budowania relacji w zespole - blog | MojeKonferencje.pl","og_description":"Agenda i operatywka - nieocenione narz\u0119dzia planowania, wykonania ale tak\u017ce budowania relacji w zespole - blog | MojeKonferencje.pl","og_url":"https:\/\/www.mojekonferencje.pl\/blog\/agenda-i-operatywka-nieocenione-narzedzia-planowania-wykonania-ale-takze-budowania-relacji-w-zespole\/","og_site_name":"MojeKonferencje.pl","article_published_time":"2023-07-27T08:37:16+00:00","article_modified_time":"2024-05-07T09:48:42+00:00","og_image":[{"width":1280,"height":825,"url":"https:\/\/www.mojekonferencje.pl\/blog\/wp-content\/uploads\/2023\/07\/audit-4576720_1280.png","type":"image\/png"}],"author":"Adam Puda","twitter_card":"summary_large_image","twitter_misc":{"Napisane przez":"Adam Puda","Szacowany czas czytania":"9 minut"},"schema":{"@context":"https:\/\/schema.org","@graph":[{"@type":"Article","@id":"https:\/\/www.mojekonferencje.pl\/blog\/agenda-i-operatywka-nieocenione-narzedzia-planowania-wykonania-ale-takze-budowania-relacji-w-zespole\/#article","isPartOf":{"@id":"https:\/\/www.mojekonferencje.pl\/blog\/agenda-i-operatywka-nieocenione-narzedzia-planowania-wykonania-ale-takze-budowania-relacji-w-zespole\/"},"author":{"name":"Adam Puda","@id":"https:\/\/www.mojekonferencje.pl\/blog\/#\/schema\/person\/a4ce22c6485b770b7591f5e7edb2bb88"},"headline":"Agenda i operatywka &#8211; nieocenione narz\u0119dzia planowania, wykonania ale tak\u017ce budowania relacji w zespole","datePublished":"2023-07-27T08:37:16+00:00","dateModified":"2024-05-07T09:48:42+00:00","mainEntityOfPage":{"@id":"https:\/\/www.mojekonferencje.pl\/blog\/agenda-i-operatywka-nieocenione-narzedzia-planowania-wykonania-ale-takze-budowania-relacji-w-zespole\/"},"wordCount":1825,"image":{"@id":"https:\/\/www.mojekonferencje.pl\/blog\/agenda-i-operatywka-nieocenione-narzedzia-planowania-wykonania-ale-takze-budowania-relacji-w-zespole\/#primaryimage"},"thumbnailUrl":"https:\/\/www.mojekonferencje.pl\/blog\/wp-content\/uploads\/2023\/07\/audit-4576720_1280.png","keywords":["organizacja imprez","organizacja wydarze\u0144"],"articleSection":["Merytoryka","Porady"],"inLanguage":"pl-PL"},{"@type":"WebPage","@id":"https:\/\/www.mojekonferencje.pl\/blog\/agenda-i-operatywka-nieocenione-narzedzia-planowania-wykonania-ale-takze-budowania-relacji-w-zespole\/","url":"https:\/\/www.mojekonferencje.pl\/blog\/agenda-i-operatywka-nieocenione-narzedzia-planowania-wykonania-ale-takze-budowania-relacji-w-zespole\/","name":"Agenda i operatywka - nieocenione narz\u0119dzia planowania, wykonania ale tak\u017ce budowania relacji w zespole - blog | MojeKonferencje.pl","isPartOf":{"@id":"https:\/\/www.mojekonferencje.pl\/blog\/#website"},"primaryImageOfPage":{"@id":"https:\/\/www.mojekonferencje.pl\/blog\/agenda-i-operatywka-nieocenione-narzedzia-planowania-wykonania-ale-takze-budowania-relacji-w-zespole\/#primaryimage"},"image":{"@id":"https:\/\/www.mojekonferencje.pl\/blog\/agenda-i-operatywka-nieocenione-narzedzia-planowania-wykonania-ale-takze-budowania-relacji-w-zespole\/#primaryimage"},"thumbnailUrl":"https:\/\/www.mojekonferencje.pl\/blog\/wp-content\/uploads\/2023\/07\/audit-4576720_1280.png","datePublished":"2023-07-27T08:37:16+00:00","dateModified":"2024-05-07T09:48:42+00:00","author":{"@id":"https:\/\/www.mojekonferencje.pl\/blog\/#\/schema\/person\/a4ce22c6485b770b7591f5e7edb2bb88"},"description":"Agenda i operatywka - nieocenione narz\u0119dzia planowania, wykonania ale tak\u017ce budowania relacji w zespole - blog | MojeKonferencje.pl","breadcrumb":{"@id":"https:\/\/www.mojekonferencje.pl\/blog\/agenda-i-operatywka-nieocenione-narzedzia-planowania-wykonania-ale-takze-budowania-relacji-w-zespole\/#breadcrumb"},"inLanguage":"pl-PL","potentialAction":[{"@type":"ReadAction","target":["https:\/\/www.mojekonferencje.pl\/blog\/agenda-i-operatywka-nieocenione-narzedzia-planowania-wykonania-ale-takze-budowania-relacji-w-zespole\/"]}]},{"@type":"ImageObject","inLanguage":"pl-PL","@id":"https:\/\/www.mojekonferencje.pl\/blog\/agenda-i-operatywka-nieocenione-narzedzia-planowania-wykonania-ale-takze-budowania-relacji-w-zespole\/#primaryimage","url":"https:\/\/www.mojekonferencje.pl\/blog\/wp-content\/uploads\/2023\/07\/audit-4576720_1280.png","contentUrl":"https:\/\/www.mojekonferencje.pl\/blog\/wp-content\/uploads\/2023\/07\/audit-4576720_1280.png","width":1280,"height":825},{"@type":"BreadcrumbList","@id":"https:\/\/www.mojekonferencje.pl\/blog\/agenda-i-operatywka-nieocenione-narzedzia-planowania-wykonania-ale-takze-budowania-relacji-w-zespole\/#breadcrumb","itemListElement":[{"@type":"ListItem","position":1,"name":"Strona g\u0142\u00f3wna","item":"https:\/\/www.mojekonferencje.pl\/blog\/"},{"@type":"ListItem","position":2,"name":"Agenda i operatywka &#8211; nieocenione narz\u0119dzia planowania, wykonania ale tak\u017ce budowania relacji w zespole"}]},{"@type":"WebSite","@id":"https:\/\/www.mojekonferencje.pl\/blog\/#website","url":"https:\/\/www.mojekonferencje.pl\/blog\/","name":"MojeKonferencje.pl","description":"Blog bran\u017cy szkoleniowo-konferencyjnej. W\u0142\u0105cz si\u0119 do dyskusji o obiektach konferencyjnych i nowo\u015bciach z bran\u017cy! Poznaj porady odno\u015bnie organizacji konferencji, szkole\u0144 i event\u00f3w firmowych! Zach\u0119camy do wyra\u017cania opinii oraz komentarzy.","potentialAction":[{"@type":"SearchAction","target":{"@type":"EntryPoint","urlTemplate":"https:\/\/www.mojekonferencje.pl\/blog\/?s={search_term_string}"},"query-input":{"@type":"PropertyValueSpecification","valueRequired":true,"valueName":"search_term_string"}}],"inLanguage":"pl-PL"},{"@type":"Person","@id":"https:\/\/www.mojekonferencje.pl\/blog\/#\/schema\/person\/a4ce22c6485b770b7591f5e7edb2bb88","name":"Adam Puda","description":"Dyrektor zarz\u0105dzaj\u0105cy i operacyjny hoteli od 17 lat zwi\u0105zany z bran\u017c\u0105 HoReCa i SPA. Doradca hotelowy i szkoleniowiec. Wprowadza\u0142 na polski rynek dwie niezale\u017cne marki hoteli nast\u0119pnie nimi zarz\u0105dzaj\u0105c. Do\u015bwiadczenie zdobywa\u0142 tak\u017ce jako manager SPA i szef roboczej grupy medical SPA przy 4* hotelu. Autor kompletnych procedur. Specjalizuje si\u0119 w kreatywnym zarz\u0105dzaniu, preopeningu oraz reorganizacji hoteli i SPA. Autor wielu event\u00f3w kulinarnych, kulturalnych i sportowych. Bieganie to oddech, kt\u00f3rego potrzebuj\u0119. Jestem pasjonatem koszyk\u00f3wki czas\u00f3w Jordana, kt\u00f3re ukszta\u0142towa\u0142y moj\u0105 ch\u0119\u0107 walki i rywalizacji. Jako aktywny spo\u0142ecznik anga\u017cuj\u0119 si\u0119 w sprawy w kt\u00f3re wierz\u0119, sam kreuj\u0119 sensowne wydarzenia pomocowe i CSR.","sameAs":["www.linkedin.com\/in\/ adam-puda"],"url":"https:\/\/www.mojekonferencje.pl\/blog\/author\/adam-puda\/"}]}},"_links":{"self":[{"href":"https:\/\/www.mojekonferencje.pl\/blog\/wp-json\/wp\/v2\/posts\/4111","targetHints":{"allow":["GET"]}}],"collection":[{"href":"https:\/\/www.mojekonferencje.pl\/blog\/wp-json\/wp\/v2\/posts"}],"about":[{"href":"https:\/\/www.mojekonferencje.pl\/blog\/wp-json\/wp\/v2\/types\/post"}],"author":[{"embeddable":true,"href":"https:\/\/www.mojekonferencje.pl\/blog\/wp-json\/wp\/v2\/users\/15"}],"replies":[{"embeddable":true,"href":"https:\/\/www.mojekonferencje.pl\/blog\/wp-json\/wp\/v2\/comments?post=4111"}],"version-history":[{"count":1,"href":"https:\/\/www.mojekonferencje.pl\/blog\/wp-json\/wp\/v2\/posts\/4111\/revisions"}],"predecessor-version":[{"id":4119,"href":"https:\/\/www.mojekonferencje.pl\/blog\/wp-json\/wp\/v2\/posts\/4111\/revisions\/4119"}],"wp:featuredmedia":[{"embeddable":true,"href":"https:\/\/www.mojekonferencje.pl\/blog\/wp-json\/wp\/v2\/media\/4112"}],"wp:attachment":[{"href":"https:\/\/www.mojekonferencje.pl\/blog\/wp-json\/wp\/v2\/media?parent=4111"}],"wp:term":[{"taxonomy":"category","embeddable":true,"href":"https:\/\/www.mojekonferencje.pl\/blog\/wp-json\/wp\/v2\/categories?post=4111"},{"taxonomy":"post_tag","embeddable":true,"href":"https:\/\/www.mojekonferencje.pl\/blog\/wp-json\/wp\/v2\/tags?post=4111"}],"curies":[{"name":"wp","href":"https:\/\/api.w.org\/{rel}","templated":true}]}}