{"id":4153,"date":"2023-07-18T20:39:00","date_gmt":"2023-07-18T18:39:00","guid":{"rendered":"https:\/\/www.mojekonferencje.pl\/blog\/?p=4153"},"modified":"2024-05-07T11:49:09","modified_gmt":"2024-05-07T09:49:09","slug":"najlepsze-hotele-w-kielcach","status":"publish","type":"post","link":"https:\/\/www.mojekonferencje.pl\/blog\/najlepsze-hotele-w-kielcach\/","title":{"rendered":"Najlepsze hotele w Kielcach"},"content":{"rendered":"\n<p><strong>Hotele w Kielcach stanowi\u0105 r\u00f3\u017cnorodn\u0105 i atrakcyjn\u0105 ofert\u0119 dla turyst\u00f3w, podr\u00f3\u017cuj\u0105cych s\u0142u\u017cbowo oraz os\u00f3b poszukuj\u0105cych wyj\u0105tkowych miejsc na wypoczynek. To miasto, pe\u0142ne historii i kultury, oferuje szeroki wyb\u00f3r hoteli, kt\u00f3re spe\u0142niaj\u0105 r\u00f3\u017cnorodne oczekiwania i potrzeby go\u015bci. Niezale\u017cnie od tego, czy planujesz romantyczny wypad, spotkanie biznesowe czy rodzinne wakacje, znajdziesz tutaj odpowiedni\u0105 opcj\u0119. <\/strong><\/p>\n\n\n\n<p>W Kielcach mo\u017cna znale\u017a\u0107 zar\u00f3wno<a href=\"https:\/\/www.mojekonferencje.pl\/hotel-pieciogwiazdkowy\"> luksusowe hotele na konferencje<\/a>, kt\u00f3re oferuj\u0105 najwy\u017cszy standard obs\u0142ugi i wyj\u0105tkowe udogodnienia, jak i bardziej przyst\u0119pne opcje dla os\u00f3b podr\u00f3\u017cuj\u0105cych z ograniczonym bud\u017cetem. Miasto s\u0142ynie z przyjaznej atmosfery i go\u015bcinno\u015bci, co sprawia, \u017ce niezale\u017cnie od wybranej lokalizacji, mo\u017cesz spodziewa\u0107 si\u0119 serdecznego przyj\u0119cia. W dodatku Kielce, jako dynamiczne miasto wojew\u00f3dzkie w Polsce, oferuje r\u00f3\u017cnorodne mo\u017cliwo\u015bci dla organizacji konferencji. Wiele <strong>hoteli w Kielcach<\/strong> zapewnia profesjonalne i nowoczesne udogodnienia, kt\u00f3re s\u0105 idealne do zorganizowania udanych spotka\u0144 biznesowych. <\/p>\n\n\n\n<p>Poni\u017cej zaprezentowali\u015bmy najlepsze<a href=\"https:\/\/www.mojekonferencje.pl\/sale-konferencyjne-kielce\"> hotele w Kielcach<\/a>, kt\u00f3re koniecznie musisz pozna\u0107. To m.in.: <\/p>\n\n\n\n<figure class=\"wp-block-table\"><table><tbody><tr><td><a href=\"https:\/\/www.mojekonferencje.pl\/kielce\/binkowski-hotel\">BINKOWSKI RESORT Centrum konferencyjno-hotelowe<\/a><\/td><td><a href=\"https:\/\/www.mojekonferencje.pl\/daleszyce-\/osrodek-lesny-dworek\">O\u015brodek Le\u015bny Dworek<\/a><\/td><\/tr><tr><td><a href=\"https:\/\/www.mojekonferencje.pl\/kielce\/hotel-przedwiosnie\">Hotel Przedwio\u015bnie<\/a><\/td><td><a href=\"https:\/\/www.mojekonferencje.pl\/suchedniow\/hotel-paradiso\">Hotel Paradiso<\/a><\/td><\/tr><tr><td><a href=\"https:\/\/www.mojekonferencje.pl\/kielce\/hotel-pod-zlota-roza\">Hotel Pod Z\u0142ot\u0105 R\u00f3\u017c\u0105<\/a><\/td><td><a href=\"https:\/\/www.mojekonferencje.pl\/suchedniow\/hotel-paradiso\">Hotel Senator Centrum Konferencyjne &amp; Spa<\/a><\/td><\/tr><tr><td><a href=\"https:\/\/www.mojekonferencje.pl\/kielce\/kompleks-swietokrzyska-polana\">Kompleks \u015awi\u0119tokrzyska Polana<\/a><\/td><td><a href=\"https:\/\/www.mojekonferencje.pl\/starachowice\/hotel-europa\">Hotel Europa Starachowice<\/a><\/td><\/tr><tr><td><a href=\"https:\/\/www.mojekonferencje.pl\/kielce\/dal-hotel-kielce\">Dal Hotel Kielce<\/a><\/td><td><a href=\"https:\/\/www.mojekonferencje.pl\/chlewiska\/palac-odrowazow\">Pa\u0142ac Odrow\u0105\u017c\u00f3w<\/a><\/td><\/tr><\/tbody><\/table><\/figure>\n\n\n\n<h2 class=\"has-text-align-center wp-block-heading\"><a href=\"https:\/\/www.mojekonferencje.pl\/kielce\/binkowski-hotel\"><span class=\"has-inline-color has-vivid-purple-color\"><span style=\"text-decoration: underline;\">BINKOWSKI RESORT Centrum konferencyjno-hotelowe<\/span><\/span><\/a><\/h2>\n\n\n\n<p><br>Jest to nowoczesne centrum konferencyjno-hotelowe, kt\u00f3re stanowi idealne miejsce do organizacji r\u00f3\u017cnorodnych wydarze\u0144 biznesowych oraz relaksu. Zlokalizowany  w malowniczej okolicy, resort oferuje doskona\u0142e po\u0142\u0105czenie komfortu, funkcjonalno\u015bci i pi\u0119knych widok\u00f3w. Obiekt zlokalizowany jest dok\u0142adnie przy ulicy Szczepaniaka 42, reprezentuj\u0105c <strong>eleganckie hotele w Kielcach<\/strong>. Do dyspozycji go\u015bci oddaje on 300 wygodnych miejsc noclegowych, kt\u00f3re rozmieszczone zosta\u0142y w 141 pokojach i apartamentach. Na terenie hotelu mieszcz\u0105 si\u0119 te\u017c dwie \u015bwietne restauracje, uwielbianie przez najbardziej wymagaj\u0105cych go\u015bci. <\/p>\n\n\n\n<p>Musisz te\u017c wiedzie\u0107, \u017ce <strong>BINKOWSKI RESORT<\/strong> ma w swojej ofercie najnowocze\u015bniejsze i najwi\u0119ksze Centrum Hotelowo-Konferencyjne w G\u00f3rach \u015awi\u0119tokrzyskich. Sk\u0142ada si\u0119 ono z 12 w pe\u0142ni wyposa\u017conych sal konferencyjnych i 3 sal bankietowych. Ponadto go\u015bcie mog\u0105 liczy\u0107 na klub muzyczny oraz ogr\u00f3d grillowy. W\u015br\u00f3d atrakcji oferowanych przez hotel mo\u017cna z kolei wymieni\u0107: bogat\u0105 stref\u0119 wellness z basenem oraz \u015bwiatem saun, si\u0142owni\u0119, kort do squasha, SPA, tenis sto\u0142owy czy bilard.<\/p>\n\n\n\n<figure class=\"wp-block-image size-large\"><img loading=\"lazy\" decoding=\"async\" width=\"1024\" height=\"512\" src=\"https:\/\/www.mojekonferencje.pl\/blog\/wp-content\/uploads\/2023\/08\/1-1024x512.jpg\" alt=\"\" class=\"wp-image-4155 lazyload\" data-srcset=\"https:\/\/www.mojekonferencje.pl\/blog\/wp-content\/uploads\/2023\/08\/1-1024x512.jpg 1024w, https:\/\/www.mojekonferencje.pl\/blog\/wp-content\/uploads\/2023\/08\/1-300x150.jpg 300w, https:\/\/www.mojekonferencje.pl\/blog\/wp-content\/uploads\/2023\/08\/1-768x384.jpg 768w, https:\/\/www.mojekonferencje.pl\/blog\/wp-content\/uploads\/2023\/08\/1.jpg 1200w\" sizes=\"auto\" \/><\/figure>\n\n\n\n<h2 class=\"has-text-align-center wp-block-heading\"><a href=\"https:\/\/www.mojekonferencje.pl\/kielce\/hotel-przedwiosnie\"><span class=\"has-inline-color has-vivid-purple-color\"><span style=\"text-decoration: underline;\">Hotel Przedwio\u015bnie<\/span><\/span><\/a><\/h2>\n\n\n\n<p><br>To urokliwe miejsce po\u0142o\u017cone w malowniczej okolicy pod miastem, reprezentuj\u0105ce <strong>hotele na konferencje w pobli\u017cu Kielc<\/strong>. Otoczony przyrod\u0105 i spokojem obiekt, stanowi doskona\u0142\u0105 oaz\u0119 dla tych, kt\u00f3rzy pragn\u0105 oderwa\u0107 si\u0119 od miejskiego zgie\u0142ku. Ten przytulny hotel oferuje nie tylko wygodne noclegi, ale tak\u017ce pi\u0119kne wn\u0119trza, kt\u00f3re emanuj\u0105 ciep\u0142em i go\u015bcinno\u015bci\u0105. Przedwio\u015bnie to miejsce, gdzie ka\u017cdy go\u015b\u0107 mo\u017ce poczu\u0107 si\u0119 jak w domu, ciesz\u0105c si\u0119 spokojem i relaksem. <\/p>\n\n\n\n<p><strong>Hotel<\/strong> do dyspozycji go\u015bci oddaje 160 komfortowych miejsc noclegowych. R\u00f3wnie atrakcyjne jest zaplecze biznesowe hotelu, kt\u00f3re sk\u0142ada si\u0119 z czterech sal konferencyjnych i jednej sali bankietowej. Najwi\u0119ksze z tych pomieszcze\u0144 pozwala na zaproszenie do 200 os\u00f3b w ustawieniu teatralnym. Na wyr\u00f3\u017cnienie zas\u0142uguje te\u017c znakomita kuchnia hotelowa, kt\u00f3ra zachwyci najbardziej wymagaj\u0105cych smakoszy. Z kolei w\u015br\u00f3d atrakcji oferowanych przez hotel mo\u017cna wymieni\u0107 m.in.: stref\u0119 wellness, kort tenisowy i boiska sportowe.<\/p>\n\n\n\n<figure class=\"wp-block-image size-large\"><img loading=\"lazy\" decoding=\"async\" width=\"1024\" height=\"575\" src=\"https:\/\/www.mojekonferencje.pl\/blog\/wp-content\/uploads\/2023\/08\/2-1024x575.jpg\" alt=\"\" class=\"wp-image-4156 lazyload\" data-srcset=\"https:\/\/www.mojekonferencje.pl\/blog\/wp-content\/uploads\/2023\/08\/2-1024x575.jpg 1024w, https:\/\/www.mojekonferencje.pl\/blog\/wp-content\/uploads\/2023\/08\/2-300x168.jpg 300w, https:\/\/www.mojekonferencje.pl\/blog\/wp-content\/uploads\/2023\/08\/2-768x431.jpg 768w, https:\/\/www.mojekonferencje.pl\/blog\/wp-content\/uploads\/2023\/08\/2-640x360.jpg 640w, https:\/\/www.mojekonferencje.pl\/blog\/wp-content\/uploads\/2023\/08\/2-320x180.jpg 320w, https:\/\/www.mojekonferencje.pl\/blog\/wp-content\/uploads\/2023\/08\/2-480x270.jpg 480w, https:\/\/www.mojekonferencje.pl\/blog\/wp-content\/uploads\/2023\/08\/2-960x540.jpg 960w, https:\/\/www.mojekonferencje.pl\/blog\/wp-content\/uploads\/2023\/08\/2-1280x720.jpg 1280w, https:\/\/www.mojekonferencje.pl\/blog\/wp-content\/uploads\/2023\/08\/2.jpg 1400w\" sizes=\"auto\" \/><\/figure>\n\n\n\n<h2 class=\"has-text-align-center wp-block-heading\"><a href=\"https:\/\/www.mojekonferencje.pl\/kielce\/hotel-pod-zlota-roza\"><span class=\"has-inline-color has-vivid-purple-color\"><span style=\"text-decoration: underline;\">Hotel Pod Z\u0142ot\u0105 R\u00f3\u017c\u0105<\/span><\/span><\/a><\/h2>\n\n\n\n<p><br>Ten obiekt to miejsce, kt\u00f3re zachwyca swoim niepowtarzalnym urokiem i go\u015bcinno\u015bci\u0105. Jest to <strong>hotel na konferencj\u0119 w centrum Kielc<\/strong>, kt\u00f3ry jednocze\u015bnie stanowi idealn\u0105 baz\u0119 do odkrywania wszystkich pi\u0119knych zak\u0105tk\u00f3w miasta. Ten wyj\u0105tkowy hotel \u0142\u0105czy w sobie nowoczesny komfort z tradycyjnym stylem, tworz\u0105c atmosfer\u0119 przytulno\u015bci i elegancji. Pi\u0119knie urz\u0105dzone pokoje zapewniaj\u0105 go\u015bciom chwil\u0119 relaksu i wytchnienia po pe\u0142nym wra\u017ce\u0144 dniu. <\/p>\n\n\n\n<p>Polecamy r\u00f3wnie\u017c zaplecze biznesowe hotelu. Sk\u0142ada si\u0119 ono z dw\u00f3ch klimatyzowanych sal konferencyjnych o r\u00f3\u017cnej wielko\u015bci &#8211; na 10 i 60 os\u00f3b w ustawieniu teatralnym. <strong>O<\/strong>biekt<strong> <\/strong>zapewnia te\u017c fantastyczn\u0105 Restauracj\u0119 Pod Z\u0142ot\u0105 R\u00f3\u017c\u0105, kt\u00f3ra jest urz\u0105dzona w cesarskim stylu. Dodatkowo trzeba te\u017c przyzna\u0107, \u017ce<strong> Hotel Pod Z\u0142ot\u0105 R\u00f3\u017c\u0105<\/strong> nie zawodzi, je\u015bli chodzi o atrakcje i udogodnienia. Na terenie hotelu znajduj\u0105 sie m.in. sauna oraz mini si\u0142ownia.<\/p>\n\n\n\n<figure class=\"wp-block-image size-large\"><img loading=\"lazy\" decoding=\"async\" width=\"600\" height=\"489\" src=\"https:\/\/www.mojekonferencje.pl\/blog\/wp-content\/uploads\/2023\/08\/3.jpg\" alt=\"\" class=\"wp-image-4157 lazyload\" data-srcset=\"https:\/\/www.mojekonferencje.pl\/blog\/wp-content\/uploads\/2023\/08\/3.jpg 600w, https:\/\/www.mojekonferencje.pl\/blog\/wp-content\/uploads\/2023\/08\/3-300x245.jpg 300w\" sizes=\"auto\" \/><\/figure>\n\n\n\n<h2 class=\"has-text-align-center wp-block-heading\"><a href=\"https:\/\/www.mojekonferencje.pl\/kielce\/kompleks-swietokrzyska-polana\"><span class=\"has-inline-color has-vivid-purple-color\"><span style=\"text-decoration: underline;\">Kompleks \u015awi\u0119tokrzyska Polana<\/span><\/span><\/a><\/h2>\n\n\n\n<p><br>Region \u015bwi\u0119tokrzyski zdecydowanie sprzyja wypoczynkowi, ale te\u017c wzmacnia koncentracj\u0119 oraz kreatywno\u015b\u0107. Oznacza to, \u017ce owa cz\u0119\u015b\u0107 Polski stanowi \u015bwietne t\u0142o do organizacji r\u00f3\u017cnorodnych spotka\u0144 biznesowych i imprez okoliczno\u015bciowych. Potwierdzeniem jest <strong>Kompleks \u015awi\u0119tokrzyska Polana<\/strong>, kt\u00f3rego oferta trafia do najbardziej wymagaj\u0105cych organizator\u00f3w wydarze\u0144. Do dyspozycji go\u015bci oddaje on 125 komfortowych pokoi, kt\u00f3re rozmieszczone zosta\u0142y w 12. domach wolnostoj\u0105cych. <\/p>\n\n\n\n<p>Go\u015bcie biznesowi mog\u0105 za to liczy\u0107 na 3 sale konferencyjno-szkoleniowe o r\u00f3\u017cnej wielko\u015bci. Najwi\u0119ksza z nich ma 420 m2 i jest w stanie pomie\u015bci\u0107 do 400 os\u00f3b w ustawieniu teatralnym. <strong>Kompleks \u015awi\u0119tokrzyska Polana <\/strong>w dodatku sk\u0142ada si\u0119 z kilku punkt\u00f3w gastronomicznych. Ponadto zar\u00f3wno w samym obiekcie, jak i w jego pobli\u017cu, znajduj\u0105 si\u0119 r\u00f3\u017cnorodne atrakcje &#8211; od Parku Miniatur \u015awi\u0119tokrzysko, a\u017c po O\u015brodek Rehabilitacyjno-Wypoczynkowy Polanika.<\/p>\n\n\n\n<figure class=\"wp-block-image size-large\"><img loading=\"lazy\" decoding=\"async\" width=\"1024\" height=\"601\" src=\"https:\/\/www.mojekonferencje.pl\/blog\/wp-content\/uploads\/2023\/08\/4-1024x601.jpg\" alt=\"\" class=\"wp-image-4158 lazyload\" data-srcset=\"https:\/\/www.mojekonferencje.pl\/blog\/wp-content\/uploads\/2023\/08\/4-1024x601.jpg 1024w, https:\/\/www.mojekonferencje.pl\/blog\/wp-content\/uploads\/2023\/08\/4-300x176.jpg 300w, https:\/\/www.mojekonferencje.pl\/blog\/wp-content\/uploads\/2023\/08\/4-768x451.jpg 768w, https:\/\/www.mojekonferencje.pl\/blog\/wp-content\/uploads\/2023\/08\/4-1536x902.jpg 1536w, https:\/\/www.mojekonferencje.pl\/blog\/wp-content\/uploads\/2023\/08\/4-2048x1202.jpg 2048w\" sizes=\"auto\" \/><\/figure>\n\n\n\n<h2 class=\"has-text-align-center wp-block-heading\"><a href=\"https:\/\/www.mojekonferencje.pl\/kielce\/dal-hotel-kielce\"><span class=\"has-inline-color has-vivid-purple-color\"><span style=\"text-decoration: underline;\">Dal Hotel Kielce<\/span><\/span><\/a><\/h2>\n\n\n\n<p><br>Co powiesz na <strong>hotele w centrum Kielc<\/strong>? My jeste\u015bmy jak najbardziej za! Lokalizacja w sercu miasta ma naprawd\u0119 wiele zalet, z czego sam z pewno\u015bci\u0105 doskonale zdajesz sobie spraw\u0119. Jednak wielkomiejski charakter to jedno, a drugie &#8211; kompleksowa oferta tego obiektu. Trzeba przyzna\u0107, \u017ce hotelowe wn\u0119trza dopracowane zosta\u0142y w najmniejszym detalu. Go\u015bcie mog\u0105 liczy\u0107 na stylowo urz\u0105dzone pokoje i apartamenty, idealne na wypoczynek po d\u0142ugiej podr\u00f3\u017cy.<\/p>\n\n\n\n<p>Ponadto <strong>Dal Hotel Kielce<\/strong> dysponuje trzema nowoczesnymi salami konferencyjnymi. Pomieszczenia te s\u0105 klimatyzowane oraz w pe\u0142ni wyposa\u017cone w profesjonalne multimedia. Co wa\u017cne, dwie z tych sal mo\u017cna \u0142\u0105czy\u0107 poprzez system mobilnych \u015bcian. Na koniec mamy te\u017c dobr\u0105 wiadomo\u015b\u0107 dla mi\u0142o\u015bnik\u00f3w dobrych smak\u00f3w. Ot\u00f3\u017c w budynku hotelu mie\u015bci si\u0119 klimatyczna Restauracja Czerwony Fortepian, w kt\u00f3rej mo\u017cna skosztowa\u0107 da\u0144 kuchni europejskiej i lokalnej, a tak\u017ce modny Club Metro.<\/p>\n\n\n\n<figure class=\"wp-block-image size-large\"><img loading=\"lazy\" decoding=\"async\" width=\"1024\" height=\"683\" src=\"https:\/\/www.mojekonferencje.pl\/blog\/wp-content\/uploads\/2023\/08\/5-1024x683.jpg\" alt=\"\" class=\"wp-image-4159 lazyload\" data-srcset=\"https:\/\/www.mojekonferencje.pl\/blog\/wp-content\/uploads\/2023\/08\/5-1024x683.jpg 1024w, https:\/\/www.mojekonferencje.pl\/blog\/wp-content\/uploads\/2023\/08\/5-300x200.jpg 300w, https:\/\/www.mojekonferencje.pl\/blog\/wp-content\/uploads\/2023\/08\/5-768x512.jpg 768w, https:\/\/www.mojekonferencje.pl\/blog\/wp-content\/uploads\/2023\/08\/5-1536x1024.jpg 1536w, https:\/\/www.mojekonferencje.pl\/blog\/wp-content\/uploads\/2023\/08\/5.jpg 1920w\" sizes=\"auto\" \/><\/figure>\n\n\n\n<h2 class=\"has-text-align-center wp-block-heading\"><a href=\"https:\/\/www.mojekonferencje.pl\/daleszyce-\/osrodek-lesny-dworek\"><span class=\"has-inline-color has-vivid-purple-color\"><span style=\"text-decoration: underline;\">O\u015brodek Le\u015bny Dworek<\/span><\/span><\/a><\/h2>\n\n\n\n<p><br>Obiekt ten reprezentuje <strong>hotele pod Kielcami<\/strong>, odpowiednie na przyj\u0119cie zar\u00f3wno indywidualnych go\u015bci, jak i du\u017cych grup. Mie\u015bci si\u0119 on w spokojnej okolicy G\u00f3r \u015awi\u0119tokrzyskich, zapewniaj\u0105c cisz\u0119, spok\u00f3j oraz \u015bwie\u017ce powietrze. <strong>O\u015brodek Le\u015bny Dworek<\/strong> ma w swojej ofercie 80 wygodnych miejsc noclegowych, kt\u00f3re rozmieszczone zosta\u0142y w 32 pokojach. Na terenie obiektu znajduj\u0105 si\u0119 r\u00f3wnie\u017c 2 sale konferencyjne &#8211; ma\u0142a na 20 os\u00f3b i du\u017ca na 200. Go\u015bcie mog\u0105 r\u00f3wnie\u017c liczy\u0107 na elegancj\u0105 sal\u0119 bankietow\u0105, kt\u00f3ra pozwala na zaproszenie do 200 uczestnik\u00f3w wydarze\u0144. <\/p>\n\n\n\n<p><strong>O\u015brodek Le\u015bny Dworek<\/strong> s\u0142ynie r\u00f3wnie\u017c z serwowania wy\u015bmienitych da\u0144 i deser\u00f3w. W\u015br\u00f3d atrakcji oferowanych przez obiekt mo\u017cna z kolei wymieni\u0107 le\u015bn\u0105 altank\u0119 z kominkowym grillem, le\u015bny ogr\u00f3d, wodn\u0105 kaskad\u0119, oczko wodne z rybami czy plac zabaw dla dzieci.<\/p>\n\n\n\n<figure class=\"wp-block-image size-large\"><img loading=\"lazy\" decoding=\"async\" width=\"1024\" height=\"586\" src=\"https:\/\/www.mojekonferencje.pl\/blog\/wp-content\/uploads\/2023\/08\/6-1024x586.jpg\" alt=\"\" class=\"wp-image-4160 lazyload\" data-srcset=\"https:\/\/www.mojekonferencje.pl\/blog\/wp-content\/uploads\/2023\/08\/6-1024x586.jpg 1024w, https:\/\/www.mojekonferencje.pl\/blog\/wp-content\/uploads\/2023\/08\/6-300x172.jpg 300w, https:\/\/www.mojekonferencje.pl\/blog\/wp-content\/uploads\/2023\/08\/6-768x440.jpg 768w, https:\/\/www.mojekonferencje.pl\/blog\/wp-content\/uploads\/2023\/08\/6-1536x879.jpg 1536w, https:\/\/www.mojekonferencje.pl\/blog\/wp-content\/uploads\/2023\/08\/6-2048x1172.jpg 2048w\" sizes=\"auto\" \/><\/figure>\n\n\n\n<h2 class=\"has-text-align-center wp-block-heading\"><a href=\"https:\/\/www.mojekonferencje.pl\/suchedniow\/hotel-paradiso\"><span class=\"has-inline-color has-vivid-purple-color\"><span style=\"text-decoration: underline;\">Hotel Paradiso<\/span><\/span><\/a><\/h2>\n\n\n\n<p><br>Jest to kolejny <strong>hotel w pobli\u017cu Kielc<\/strong>, kt\u00f3rym zdecydowanie warto si\u0119 zainteresowa\u0107! Mie\u015bci si\u0119 on tu\u017c obok pi\u0119knych las\u00f3w Suchedniowsko-Obl\u0119gorskiego Parku Krajobrazowego, kt\u00f3ry gwarantuje wyj\u0105tkowy klimat o ka\u017cdej porze roku. R\u00f3wnie zachwycaj\u0105ca jest oferta hotelu, kt\u00f3ra obejmuje m.in. wynajem eleganckich oraz komfortowych miejsc noclegowych. Jest ich a\u017c 250! Zaplecze biznesowe hotelu sk\u0142ada si\u0119 za to z czterech klimatyzowanych sal konferencyjnych. Pomieszczenia te r\u00f3\u017cni\u0105 si\u0119 wielko\u015bci\u0105 i s\u0105 w stanie pomie\u015bci\u0107 od 20 do maksymalnie 300 os\u00f3b w ustawieniu teatralnym.  <\/p>\n\n\n\n<p>W <strong>Hotelu Paradiso<\/strong> przygotowano te\u017c wiele niesamowitych atrakcji. Rozpocznij od wizyty w restauracji, gdzie spotkasz si\u0119 z wyj\u0105tkowym po\u0142\u0105czeniem polskich i mi\u0119dzynarodowych smak\u00f3w. Hotelowy drink-bar i urokliwy Grill House zapraszaj\u0105 z kolei do relaksu w kameralnej atmosferze. Dla mi\u0142o\u015bnik\u00f3w natury<strong> h<\/strong>otel proponuje m.in. spacery w urokliwym ogrodzie z oczkiem wodnym i kaskadami.<\/p>\n\n\n\n<figure class=\"wp-block-image size-large\"><img loading=\"lazy\" decoding=\"async\" width=\"600\" height=\"401\" src=\"https:\/\/www.mojekonferencje.pl\/blog\/wp-content\/uploads\/2023\/08\/7.jpg\" alt=\"\" class=\"wp-image-4161 lazyload\" data-srcset=\"https:\/\/www.mojekonferencje.pl\/blog\/wp-content\/uploads\/2023\/08\/7.jpg 600w, https:\/\/www.mojekonferencje.pl\/blog\/wp-content\/uploads\/2023\/08\/7-300x201.jpg 300w\" sizes=\"auto\" \/><\/figure>\n\n\n\n<h2 class=\"has-text-align-center wp-block-heading\"><a href=\"https:\/\/www.mojekonferencje.pl\/suchedniow\/hotel-paradiso\"><span class=\"has-inline-color has-vivid-purple-color\"><span style=\"text-decoration: underline;\">Hotel Senator Centrum Konferencyjne &amp; Spa<\/span><\/span><\/a><\/h2>\n\n\n\n<p><br>Przenie\u015b si\u0119 w czasie do roku 1995 i odkryj pocz\u0105tki<strong> Hotelu Senator<\/strong>, kt\u00f3rego historia si\u0119ga daleko w przesz\u0142o\u015b\u0107. Dzi\u015b to dynamicznie rozwijaj\u0105cy si\u0119 kompleks, oferuj\u0105cy nie tylko wygodne pokoje i apartamenty, ale tak\u017ce zaawansowane centrum konferencyjne oraz odpr\u0119\u017caj\u0105ce Spa. W\u015br\u00f3d 94 pokoi znajdziesz 5 wyj\u0105tkowych apartament\u00f3w w stylu butikowym, kt\u00f3re stanowi\u0105 prawdziw\u0105 pere\u0142k\u0119.<\/p>\n\n\n\n<p> <strong>Hotel Senator <\/strong>to miejsce idealne na organizacj\u0119 spotka\u0144 biznesowych i firmowych wydarze\u0144. Dysponuje on siedmioma wszechstronnymi salami konferencyjnymi, z kt\u00f3rych najwi\u0119ksza potrafi pomie\u015bci\u0107 a\u017c 420 os\u00f3b w uk\u0142adzie kinowym. Dla kameralnych narad i zebra\u0144 obiekt ma r\u00f3wnie\u017c mniejsze sale, gwarantuj\u0105ce odpowiedni\u0105 atmosfer\u0119. Po pe\u0142nym wyzwa\u0144 dniu masz mo\u017cliwo\u015b\u0107 odkrycia Centrum Drem Spa oraz Centrum Termalnego &#8222;Trzy Mio\u0142ty&#8221;, gdzie czeka na Ciebie relaks i regeneracja. Aby zako\u0144czy\u0107 dzie\u0144 w wyj\u0105tkowy spos\u00f3b, skorzystaj z Restauracji Atrium.<\/p>\n\n\n\n<figure class=\"wp-block-image size-large\"><img loading=\"lazy\" decoding=\"async\" width=\"960\" height=\"539\" src=\"https:\/\/www.mojekonferencje.pl\/blog\/wp-content\/uploads\/2023\/08\/8.jpg\" alt=\"\" class=\"wp-image-4162 lazyload\" data-srcset=\"https:\/\/www.mojekonferencje.pl\/blog\/wp-content\/uploads\/2023\/08\/8.jpg 960w, https:\/\/www.mojekonferencje.pl\/blog\/wp-content\/uploads\/2023\/08\/8-300x168.jpg 300w, https:\/\/www.mojekonferencje.pl\/blog\/wp-content\/uploads\/2023\/08\/8-768x431.jpg 768w, https:\/\/www.mojekonferencje.pl\/blog\/wp-content\/uploads\/2023\/08\/8-640x360.jpg 640w, https:\/\/www.mojekonferencje.pl\/blog\/wp-content\/uploads\/2023\/08\/8-320x180.jpg 320w, https:\/\/www.mojekonferencje.pl\/blog\/wp-content\/uploads\/2023\/08\/8-480x270.jpg 480w\" sizes=\"auto\" \/><\/figure>\n\n\n\n<h2 class=\"has-text-align-center wp-block-heading\"><a href=\"https:\/\/www.mojekonferencje.pl\/starachowice\/hotel-europa\"><span class=\"has-inline-color has-vivid-purple-color\"><span style=\"text-decoration: underline;\">Hotel Europa Starachowice<\/span><\/span><\/a><\/h2>\n\n\n\n<p><br><strong>Hotel Europa<\/strong> to nowoczesna przysta\u0144 komfortu, rozci\u0105gaj\u0105ca swe ramiona w Starachowicach, przy wojew\u00f3dzkiej drodze nr 744 do Radomia. Tu rodzi si\u0119 idealne po\u0142\u0105czenie dla organizator\u00f3w spotka\u0144 biznesowych, szkole\u0144 i konferencji. <strong>Hotel Europa<\/strong>, w wyniku rozbudowy, sta\u0142 si\u0119 olbrzymim kompleksem z 380 miejscami noclegowymi. W ramach tego magicznego miejsca, 9 przestronnych sal konferencyjnych wita go\u015bci, poczynaj\u0105c od 54 m2 i si\u0119gaj\u0105c imponuj\u0105cych 325 m2, oferuj\u0105c przestrze\u0144 dla nawet 380 os\u00f3b. Sale te, sprz\u0119\u017cone z klimatyzacj\u0105 i dost\u0119pem do bezprzewodowego Internetu, stanowi\u0105 oaz\u0119 do inspiruj\u0105cych zebra\u0144. <\/p>\n\n\n\n<p>Hotelowy zesp\u00f3\u0142 Szef\u00f3w Kuchni, pasjonuj\u0105cy si\u0119 zar\u00f3wno polskimi jak i mi\u0119dzynarodowymi smakami, przygotowuje z kolei niezwyk\u0142e doznania kulinarne. Jednak to nie wszystko, co oferuje obiekt. Ten <strong>hotel pod Kielcami<\/strong> do dyspozycji go\u015bci oddaje m.in. zaplecze Wellness &amp; SPA, przestronn\u0105 si\u0142owni\u0119, klub nocny Amsterdam, a tak\u017ce kameralny irlandzki Pub Dublin. To miejsce spotka\u0144, rozrywki i dobrego smaku.<\/p>\n\n\n\n<figure class=\"wp-block-image size-large\"><img loading=\"lazy\" decoding=\"async\" width=\"1024\" height=\"432\" src=\"https:\/\/www.mojekonferencje.pl\/blog\/wp-content\/uploads\/2023\/08\/9-1024x432.jpg\" alt=\"\" class=\"wp-image-4163 lazyload\" data-srcset=\"https:\/\/www.mojekonferencje.pl\/blog\/wp-content\/uploads\/2023\/08\/9-1024x432.jpg 1024w, https:\/\/www.mojekonferencje.pl\/blog\/wp-content\/uploads\/2023\/08\/9-300x127.jpg 300w, https:\/\/www.mojekonferencje.pl\/blog\/wp-content\/uploads\/2023\/08\/9-768x324.jpg 768w, https:\/\/www.mojekonferencje.pl\/blog\/wp-content\/uploads\/2023\/08\/9-1536x648.jpg 1536w, https:\/\/www.mojekonferencje.pl\/blog\/wp-content\/uploads\/2023\/08\/9-2048x864.jpg 2048w\" sizes=\"auto\" \/><\/figure>\n\n\n\n<h2 class=\"has-text-align-center wp-block-heading\"><a href=\"https:\/\/www.mojekonferencje.pl\/chlewiska\/palac-odrowazow\"><span class=\"has-inline-color has-vivid-purple-color\"><span style=\"text-decoration: underline;\">Pa\u0142ac Odrow\u0105\u017c\u00f3w<\/span><\/span><\/a><\/h2>\n\n\n\n<p><br><strong>Pa\u0142ac Odrow\u0105\u017c\u00f3w<\/strong> \u2013 per\u0142a w koronie polskich miejsc konferencyjnych. To arcydzie\u0142o z historii, wkomponowane w kompleks historyczny w Chlewiskach ko\u0142o Szyd\u0142owca. Przytulna baza noclegowa, zabytkowe piwniczki i funkcjonalne zaplecze konferencyjne tworz\u0105 niezwyk\u0142e miejsce. To nie tylko pa\u0142ac, lecz tak\u017ce po\u0142o\u017cenie, kt\u00f3re zapiera dech w piersiach. W pi\u0119knym mazowieckim rejonie, pomi\u0119dzy dwoma stawami, w parku krajobrazowym wpisanym na list\u0119 dziedzictwa narodowego, odnajdziesz cisz\u0119, spok\u00f3j i 10-hektarowy raj dla zmys\u0142\u00f3w. To miejsce, gdzie natura i historia pomagaj\u0105 uciec od miejskiego zgie\u0142ku, otwieraj\u0105c drzwi do pracy i relaksu. <\/p>\n\n\n\n<p>\u00d3w obiekt do dyspozycji go\u015bci oddaje m.in. 5 sal konferencyjnych o r\u00f3\u017cnych rozmiarach &#8211; od 15 do 130 os\u00f3b. Warto doda\u0107, \u017ce Pa\u0142ac to nie tylko wn\u0119trza \u2013 to r\u00f3wnie\u017c otaczaj\u0105cy park, basen bez chloru, \u0141a\u017anie Rzymskie, stajnia koni oraz Witalna Wioska SPA.<\/p>\n\n\n\n<figure class=\"wp-block-image size-large\"><img loading=\"lazy\" decoding=\"async\" width=\"1024\" height=\"576\" src=\"https:\/\/www.mojekonferencje.pl\/blog\/wp-content\/uploads\/2023\/08\/10-1024x576.jpg\" alt=\"\" class=\"wp-image-4164 lazyload\" data-srcset=\"https:\/\/www.mojekonferencje.pl\/blog\/wp-content\/uploads\/2023\/08\/10-1024x576.jpg 1024w, https:\/\/www.mojekonferencje.pl\/blog\/wp-content\/uploads\/2023\/08\/10-300x169.jpg 300w, https:\/\/www.mojekonferencje.pl\/blog\/wp-content\/uploads\/2023\/08\/10-768x432.jpg 768w, https:\/\/www.mojekonferencje.pl\/blog\/wp-content\/uploads\/2023\/08\/10-1536x864.jpg 1536w, https:\/\/www.mojekonferencje.pl\/blog\/wp-content\/uploads\/2023\/08\/10-640x360.jpg 640w, https:\/\/www.mojekonferencje.pl\/blog\/wp-content\/uploads\/2023\/08\/10-320x180.jpg 320w, https:\/\/www.mojekonferencje.pl\/blog\/wp-content\/uploads\/2023\/08\/10-480x270.jpg 480w, https:\/\/www.mojekonferencje.pl\/blog\/wp-content\/uploads\/2023\/08\/10-960x540.jpg 960w, https:\/\/www.mojekonferencje.pl\/blog\/wp-content\/uploads\/2023\/08\/10-1280x720.jpg 1280w, https:\/\/www.mojekonferencje.pl\/blog\/wp-content\/uploads\/2023\/08\/10.jpg 1600w\" sizes=\"auto\" \/><\/figure>\n","protected":false},"excerpt":{"rendered":"<p>Komfort, wyj\u0105tkowa atmosfera, wielkofunkcyjno\u015b\u0107 &#8211; je\u015bli te warto\u015bci s\u0105 Ci bliskie, musisz pozna\u0107 najlepsze hotele w Kielcach. Poznaj nasze propozycje!<\/p>\n","protected":false},"author":9,"featured_media":4154,"comment_status":"closed","ping_status":"closed","sticky":false,"template":"","format":"standard","meta":{"_acf_changed":false,"footnotes":""},"categories":[8,212,175],"tags":[368,367,271,354],"class_list":["post-4153","post","type-post","status-publish","format-standard","has-post-thumbnail","hentry","category-porady","category-travel","category-wybieranie-miejsca-konferencyjnego","tag-hotel","tag-hotele","tag-hotele-konferencyjne","tag-organizacja-wydarzen"],"acf":[],"yoast_head":"<!-- This site is optimized with the Yoast SEO plugin v27.1.1 - https:\/\/yoast.com\/product\/yoast-seo-wordpress\/ -->\n<title>Najlepsze hotele w Kielcach - blog | MojeKonferencje.pl<\/title>\n<meta name=\"description\" content=\"Najlepsze hotele w Kielcach - blog | MojeKonferencje.pl\" \/>\n<meta name=\"robots\" content=\"index, follow, max-snippet:-1, max-image-preview:large, max-video-preview:-1\" \/>\n<link rel=\"canonical\" href=\"https:\/\/www.mojekonferencje.pl\/blog\/najlepsze-hotele-w-kielcach\/\" \/>\n<meta property=\"og:locale\" content=\"pl_PL\" \/>\n<meta property=\"og:type\" content=\"article\" \/>\n<meta property=\"og:title\" content=\"Najlepsze hotele w Kielcach - blog | MojeKonferencje.pl\" \/>\n<meta property=\"og:description\" content=\"Najlepsze hotele w Kielcach - blog | MojeKonferencje.pl\" \/>\n<meta property=\"og:url\" content=\"https:\/\/www.mojekonferencje.pl\/blog\/najlepsze-hotele-w-kielcach\/\" \/>\n<meta property=\"og:site_name\" content=\"MojeKonferencje.pl\" \/>\n<meta property=\"article:published_time\" content=\"2023-07-18T18:39:00+00:00\" \/>\n<meta property=\"article:modified_time\" content=\"2024-05-07T09:49:09+00:00\" \/>\n<meta property=\"og:image\" content=\"https:\/\/www.mojekonferencje.pl\/blog\/wp-content\/uploads\/2023\/08\/Fotoram.io-15.jpg\" \/>\n\t<meta property=\"og:image:width\" content=\"1200\" \/>\n\t<meta property=\"og:image:height\" content=\"720\" \/>\n\t<meta property=\"og:image:type\" content=\"image\/jpeg\" \/>\n<meta name=\"author\" content=\"Olga Stawicka-Iwanowska\" \/>\n<meta name=\"twitter:card\" content=\"summary_large_image\" \/>\n<meta name=\"twitter:label1\" content=\"Napisane przez\" \/>\n\t<meta name=\"twitter:data1\" content=\"Olga Stawicka-Iwanowska\" \/>\n\t<meta name=\"twitter:label2\" content=\"Szacowany czas czytania\" \/>\n\t<meta name=\"twitter:data2\" content=\"9 minut\" \/>\n<script type=\"application\/ld+json\" class=\"yoast-schema-graph\">{\"@context\":\"https:\/\/schema.org\",\"@graph\":[{\"@type\":\"Article\",\"@id\":\"https:\/\/www.mojekonferencje.pl\/blog\/najlepsze-hotele-w-kielcach\/#article\",\"isPartOf\":{\"@id\":\"https:\/\/www.mojekonferencje.pl\/blog\/najlepsze-hotele-w-kielcach\/\"},\"author\":{\"name\":\"Olga Stawicka-Iwanowska\",\"@id\":\"https:\/\/www.mojekonferencje.pl\/blog\/#\/schema\/person\/d6751ca3c60de9ec17ee21b744bbb2d4\"},\"headline\":\"Najlepsze hotele w Kielcach\",\"datePublished\":\"2023-07-18T18:39:00+00:00\",\"dateModified\":\"2024-05-07T09:49:09+00:00\",\"mainEntityOfPage\":{\"@id\":\"https:\/\/www.mojekonferencje.pl\/blog\/najlepsze-hotele-w-kielcach\/\"},\"wordCount\":1801,\"image\":{\"@id\":\"https:\/\/www.mojekonferencje.pl\/blog\/najlepsze-hotele-w-kielcach\/#primaryimage\"},\"thumbnailUrl\":\"https:\/\/www.mojekonferencje.pl\/blog\/wp-content\/uploads\/2023\/08\/Fotoram.io-15.jpg\",\"keywords\":[\"hotel\",\"hotele\",\"hotele konferencyjne\",\"organizacja wydarze\u0144\"],\"articleSection\":[\"Porady\",\"Travel\",\"Wybieranie miejsca konferencyjnego\"],\"inLanguage\":\"pl-PL\"},{\"@type\":\"WebPage\",\"@id\":\"https:\/\/www.mojekonferencje.pl\/blog\/najlepsze-hotele-w-kielcach\/\",\"url\":\"https:\/\/www.mojekonferencje.pl\/blog\/najlepsze-hotele-w-kielcach\/\",\"name\":\"Najlepsze hotele w Kielcach - blog | MojeKonferencje.pl\",\"isPartOf\":{\"@id\":\"https:\/\/www.mojekonferencje.pl\/blog\/#website\"},\"primaryImageOfPage\":{\"@id\":\"https:\/\/www.mojekonferencje.pl\/blog\/najlepsze-hotele-w-kielcach\/#primaryimage\"},\"image\":{\"@id\":\"https:\/\/www.mojekonferencje.pl\/blog\/najlepsze-hotele-w-kielcach\/#primaryimage\"},\"thumbnailUrl\":\"https:\/\/www.mojekonferencje.pl\/blog\/wp-content\/uploads\/2023\/08\/Fotoram.io-15.jpg\",\"datePublished\":\"2023-07-18T18:39:00+00:00\",\"dateModified\":\"2024-05-07T09:49:09+00:00\",\"author\":{\"@id\":\"https:\/\/www.mojekonferencje.pl\/blog\/#\/schema\/person\/d6751ca3c60de9ec17ee21b744bbb2d4\"},\"description\":\"Najlepsze hotele w Kielcach - blog | MojeKonferencje.pl\",\"breadcrumb\":{\"@id\":\"https:\/\/www.mojekonferencje.pl\/blog\/najlepsze-hotele-w-kielcach\/#breadcrumb\"},\"inLanguage\":\"pl-PL\",\"potentialAction\":[{\"@type\":\"ReadAction\",\"target\":[\"https:\/\/www.mojekonferencje.pl\/blog\/najlepsze-hotele-w-kielcach\/\"]}]},{\"@type\":\"ImageObject\",\"inLanguage\":\"pl-PL\",\"@id\":\"https:\/\/www.mojekonferencje.pl\/blog\/najlepsze-hotele-w-kielcach\/#primaryimage\",\"url\":\"https:\/\/www.mojekonferencje.pl\/blog\/wp-content\/uploads\/2023\/08\/Fotoram.io-15.jpg\",\"contentUrl\":\"https:\/\/www.mojekonferencje.pl\/blog\/wp-content\/uploads\/2023\/08\/Fotoram.io-15.jpg\",\"width\":1200,\"height\":720},{\"@type\":\"BreadcrumbList\",\"@id\":\"https:\/\/www.mojekonferencje.pl\/blog\/najlepsze-hotele-w-kielcach\/#breadcrumb\",\"itemListElement\":[{\"@type\":\"ListItem\",\"position\":1,\"name\":\"Strona g\u0142\u00f3wna\",\"item\":\"https:\/\/www.mojekonferencje.pl\/blog\/\"},{\"@type\":\"ListItem\",\"position\":2,\"name\":\"Najlepsze hotele w Kielcach\"}]},{\"@type\":\"WebSite\",\"@id\":\"https:\/\/www.mojekonferencje.pl\/blog\/#website\",\"url\":\"https:\/\/www.mojekonferencje.pl\/blog\/\",\"name\":\"MojeKonferencje.pl\",\"description\":\"Blog bran\u017cy szkoleniowo-konferencyjnej. W\u0142\u0105cz si\u0119 do dyskusji o obiektach konferencyjnych i nowo\u015bciach z bran\u017cy! Poznaj porady odno\u015bnie organizacji konferencji, szkole\u0144 i event\u00f3w firmowych! Zach\u0119camy do wyra\u017cania opinii oraz komentarzy.\",\"potentialAction\":[{\"@type\":\"SearchAction\",\"target\":{\"@type\":\"EntryPoint\",\"urlTemplate\":\"https:\/\/www.mojekonferencje.pl\/blog\/?s={search_term_string}\"},\"query-input\":{\"@type\":\"PropertyValueSpecification\",\"valueRequired\":true,\"valueName\":\"search_term_string\"}}],\"inLanguage\":\"pl-PL\"},{\"@type\":\"Person\",\"@id\":\"https:\/\/www.mojekonferencje.pl\/blog\/#\/schema\/person\/d6751ca3c60de9ec17ee21b744bbb2d4\",\"name\":\"Olga Stawicka-Iwanowska\",\"description\":\"Head of Marketing z ponad sze\u015bcioletnim do\u015bwiadczeniem w bran\u017cy MICE. Na co dzie\u0144 zajmuje si\u0119 content marketingiem i promocj\u0105 obiekt\u00f3w eventowych, tak aby organizatorzy kongres\u00f3w, targ\u00f3w i konferencji wiedzieli, \u017ce w\u0142a\u015bnie tam warto zrealizowa\u0107 swoje wydarzenie. Prowadzi media spo\u0142eczno\u015bciowe, tworzy strategie komunikacji, pisze artyku\u0142y i dba o sp\u00f3jny wizerunek marki w ka\u017cdym kanale. W swojej pracy \u0142\u0105czy analityczne my\u015blenie z kreatywno\u015bci\u0105 i dobrym copy. Wsp\u00f3\u0142pracuje zar\u00f3wno z organizatorami najwi\u0119kszych wydarze\u0144 w Polsce, jak i z regionalnymi partnerami z bran\u017cy. Po godzinach mi\u0142o\u015bniczka podr\u00f3\u017cy po Europie, dobrej kuchni i klimatycznych miejsc, w kt\u00f3rych mo\u017cna z\u0142apa\u0107 oddech.\",\"sameAs\":[\"http:\/\/MojeKonferencje.pl\",\"https:\/\/www.linkedin.com\/in\/olgastawicka\/\"],\"url\":\"https:\/\/www.mojekonferencje.pl\/blog\/author\/osawicka\/\"}]}<\/script>\n<!-- \/ Yoast SEO plugin. -->","yoast_head_json":{"title":"Najlepsze hotele w Kielcach - blog | MojeKonferencje.pl","description":"Najlepsze hotele w Kielcach - blog | MojeKonferencje.pl","robots":{"index":"index","follow":"follow","max-snippet":"max-snippet:-1","max-image-preview":"max-image-preview:large","max-video-preview":"max-video-preview:-1"},"canonical":"https:\/\/www.mojekonferencje.pl\/blog\/najlepsze-hotele-w-kielcach\/","og_locale":"pl_PL","og_type":"article","og_title":"Najlepsze hotele w Kielcach - blog | MojeKonferencje.pl","og_description":"Najlepsze hotele w Kielcach - blog | MojeKonferencje.pl","og_url":"https:\/\/www.mojekonferencje.pl\/blog\/najlepsze-hotele-w-kielcach\/","og_site_name":"MojeKonferencje.pl","article_published_time":"2023-07-18T18:39:00+00:00","article_modified_time":"2024-05-07T09:49:09+00:00","og_image":[{"width":1200,"height":720,"url":"https:\/\/www.mojekonferencje.pl\/blog\/wp-content\/uploads\/2023\/08\/Fotoram.io-15.jpg","type":"image\/jpeg"}],"author":"Olga Stawicka-Iwanowska","twitter_card":"summary_large_image","twitter_misc":{"Napisane przez":"Olga Stawicka-Iwanowska","Szacowany czas czytania":"9 minut"},"schema":{"@context":"https:\/\/schema.org","@graph":[{"@type":"Article","@id":"https:\/\/www.mojekonferencje.pl\/blog\/najlepsze-hotele-w-kielcach\/#article","isPartOf":{"@id":"https:\/\/www.mojekonferencje.pl\/blog\/najlepsze-hotele-w-kielcach\/"},"author":{"name":"Olga Stawicka-Iwanowska","@id":"https:\/\/www.mojekonferencje.pl\/blog\/#\/schema\/person\/d6751ca3c60de9ec17ee21b744bbb2d4"},"headline":"Najlepsze hotele w Kielcach","datePublished":"2023-07-18T18:39:00+00:00","dateModified":"2024-05-07T09:49:09+00:00","mainEntityOfPage":{"@id":"https:\/\/www.mojekonferencje.pl\/blog\/najlepsze-hotele-w-kielcach\/"},"wordCount":1801,"image":{"@id":"https:\/\/www.mojekonferencje.pl\/blog\/najlepsze-hotele-w-kielcach\/#primaryimage"},"thumbnailUrl":"https:\/\/www.mojekonferencje.pl\/blog\/wp-content\/uploads\/2023\/08\/Fotoram.io-15.jpg","keywords":["hotel","hotele","hotele konferencyjne","organizacja wydarze\u0144"],"articleSection":["Porady","Travel","Wybieranie miejsca konferencyjnego"],"inLanguage":"pl-PL"},{"@type":"WebPage","@id":"https:\/\/www.mojekonferencje.pl\/blog\/najlepsze-hotele-w-kielcach\/","url":"https:\/\/www.mojekonferencje.pl\/blog\/najlepsze-hotele-w-kielcach\/","name":"Najlepsze hotele w Kielcach - blog | MojeKonferencje.pl","isPartOf":{"@id":"https:\/\/www.mojekonferencje.pl\/blog\/#website"},"primaryImageOfPage":{"@id":"https:\/\/www.mojekonferencje.pl\/blog\/najlepsze-hotele-w-kielcach\/#primaryimage"},"image":{"@id":"https:\/\/www.mojekonferencje.pl\/blog\/najlepsze-hotele-w-kielcach\/#primaryimage"},"thumbnailUrl":"https:\/\/www.mojekonferencje.pl\/blog\/wp-content\/uploads\/2023\/08\/Fotoram.io-15.jpg","datePublished":"2023-07-18T18:39:00+00:00","dateModified":"2024-05-07T09:49:09+00:00","author":{"@id":"https:\/\/www.mojekonferencje.pl\/blog\/#\/schema\/person\/d6751ca3c60de9ec17ee21b744bbb2d4"},"description":"Najlepsze hotele w Kielcach - blog | MojeKonferencje.pl","breadcrumb":{"@id":"https:\/\/www.mojekonferencje.pl\/blog\/najlepsze-hotele-w-kielcach\/#breadcrumb"},"inLanguage":"pl-PL","potentialAction":[{"@type":"ReadAction","target":["https:\/\/www.mojekonferencje.pl\/blog\/najlepsze-hotele-w-kielcach\/"]}]},{"@type":"ImageObject","inLanguage":"pl-PL","@id":"https:\/\/www.mojekonferencje.pl\/blog\/najlepsze-hotele-w-kielcach\/#primaryimage","url":"https:\/\/www.mojekonferencje.pl\/blog\/wp-content\/uploads\/2023\/08\/Fotoram.io-15.jpg","contentUrl":"https:\/\/www.mojekonferencje.pl\/blog\/wp-content\/uploads\/2023\/08\/Fotoram.io-15.jpg","width":1200,"height":720},{"@type":"BreadcrumbList","@id":"https:\/\/www.mojekonferencje.pl\/blog\/najlepsze-hotele-w-kielcach\/#breadcrumb","itemListElement":[{"@type":"ListItem","position":1,"name":"Strona g\u0142\u00f3wna","item":"https:\/\/www.mojekonferencje.pl\/blog\/"},{"@type":"ListItem","position":2,"name":"Najlepsze hotele w Kielcach"}]},{"@type":"WebSite","@id":"https:\/\/www.mojekonferencje.pl\/blog\/#website","url":"https:\/\/www.mojekonferencje.pl\/blog\/","name":"MojeKonferencje.pl","description":"Blog bran\u017cy szkoleniowo-konferencyjnej. W\u0142\u0105cz si\u0119 do dyskusji o obiektach konferencyjnych i nowo\u015bciach z bran\u017cy! Poznaj porady odno\u015bnie organizacji konferencji, szkole\u0144 i event\u00f3w firmowych! Zach\u0119camy do wyra\u017cania opinii oraz komentarzy.","potentialAction":[{"@type":"SearchAction","target":{"@type":"EntryPoint","urlTemplate":"https:\/\/www.mojekonferencje.pl\/blog\/?s={search_term_string}"},"query-input":{"@type":"PropertyValueSpecification","valueRequired":true,"valueName":"search_term_string"}}],"inLanguage":"pl-PL"},{"@type":"Person","@id":"https:\/\/www.mojekonferencje.pl\/blog\/#\/schema\/person\/d6751ca3c60de9ec17ee21b744bbb2d4","name":"Olga Stawicka-Iwanowska","description":"Head of Marketing z ponad sze\u015bcioletnim do\u015bwiadczeniem w bran\u017cy MICE. Na co dzie\u0144 zajmuje si\u0119 content marketingiem i promocj\u0105 obiekt\u00f3w eventowych, tak aby organizatorzy kongres\u00f3w, targ\u00f3w i konferencji wiedzieli, \u017ce w\u0142a\u015bnie tam warto zrealizowa\u0107 swoje wydarzenie. Prowadzi media spo\u0142eczno\u015bciowe, tworzy strategie komunikacji, pisze artyku\u0142y i dba o sp\u00f3jny wizerunek marki w ka\u017cdym kanale. W swojej pracy \u0142\u0105czy analityczne my\u015blenie z kreatywno\u015bci\u0105 i dobrym copy. Wsp\u00f3\u0142pracuje zar\u00f3wno z organizatorami najwi\u0119kszych wydarze\u0144 w Polsce, jak i z regionalnymi partnerami z bran\u017cy. Po godzinach mi\u0142o\u015bniczka podr\u00f3\u017cy po Europie, dobrej kuchni i klimatycznych miejsc, w kt\u00f3rych mo\u017cna z\u0142apa\u0107 oddech.","sameAs":["http:\/\/MojeKonferencje.pl","https:\/\/www.linkedin.com\/in\/olgastawicka\/"],"url":"https:\/\/www.mojekonferencje.pl\/blog\/author\/osawicka\/"}]}},"_links":{"self":[{"href":"https:\/\/www.mojekonferencje.pl\/blog\/wp-json\/wp\/v2\/posts\/4153","targetHints":{"allow":["GET"]}}],"collection":[{"href":"https:\/\/www.mojekonferencje.pl\/blog\/wp-json\/wp\/v2\/posts"}],"about":[{"href":"https:\/\/www.mojekonferencje.pl\/blog\/wp-json\/wp\/v2\/types\/post"}],"author":[{"embeddable":true,"href":"https:\/\/www.mojekonferencje.pl\/blog\/wp-json\/wp\/v2\/users\/9"}],"replies":[{"embeddable":true,"href":"https:\/\/www.mojekonferencje.pl\/blog\/wp-json\/wp\/v2\/comments?post=4153"}],"version-history":[{"count":2,"href":"https:\/\/www.mojekonferencje.pl\/blog\/wp-json\/wp\/v2\/posts\/4153\/revisions"}],"predecessor-version":[{"id":4166,"href":"https:\/\/www.mojekonferencje.pl\/blog\/wp-json\/wp\/v2\/posts\/4153\/revisions\/4166"}],"wp:featuredmedia":[{"embeddable":true,"href":"https:\/\/www.mojekonferencje.pl\/blog\/wp-json\/wp\/v2\/media\/4154"}],"wp:attachment":[{"href":"https:\/\/www.mojekonferencje.pl\/blog\/wp-json\/wp\/v2\/media?parent=4153"}],"wp:term":[{"taxonomy":"category","embeddable":true,"href":"https:\/\/www.mojekonferencje.pl\/blog\/wp-json\/wp\/v2\/categories?post=4153"},{"taxonomy":"post_tag","embeddable":true,"href":"https:\/\/www.mojekonferencje.pl\/blog\/wp-json\/wp\/v2\/tags?post=4153"}],"curies":[{"name":"wp","href":"https:\/\/api.w.org\/{rel}","templated":true}]}}