{"id":4218,"date":"2023-07-26T20:13:00","date_gmt":"2023-07-26T18:13:00","guid":{"rendered":"https:\/\/www.mojekonferencje.pl\/blog\/?p=4218"},"modified":"2024-05-07T11:48:43","modified_gmt":"2024-05-07T09:48:43","slug":"najlepsze-hotele-w-olsztynie","status":"publish","type":"post","link":"https:\/\/www.mojekonferencje.pl\/blog\/najlepsze-hotele-w-olsztynie\/","title":{"rendered":"Najlepsze hotele w Olsztynie"},"content":{"rendered":"\n<p><strong>Olsztyn \u2013 per\u0142a Warmii i Mazur, miasto o bogatej historii, malowniczych krajobrazach i niezwyk\u0142ym uroku. To miejsce, gdzie tradycja spotyka si\u0119 z nowoczesno\u015bci\u0105, a przyroda otacza codzienne \u017cycie w harmonii. Dla tych, kt\u00f3rzy pragn\u0105 zanurzy\u0107 si\u0119 w unikalnym klimacie tego regionu, a jednocze\u015bnie potrzebuj\u0105 profesjonalnych udogodnie\u0144 do organizacji spotka\u0144 biznesowych, konferencji i niezapomnianych imprez integracyjnych, Olsztyn oferuje niezr\u00f3wnane mo\u017cliwo\u015bci. <\/strong><\/p>\n\n\n\n<p><a href=\"https:\/\/www.mojekonferencje.pl\/sale-konferencyjne-olsztyn\">Hotele w Olsztynie <\/a>nie tylko przyci\u0105gaj\u0105 swoj\u0105 elegancj\u0105 i komfortem, ale tak\u017ce mo\u017cliwo\u015bci\u0105 do dostosowywania si\u0119 do r\u00f3\u017cnorodnych potrzeb go\u015bci. Dla przedsi\u0119biorc\u00f3w szukaj\u0105cych doskona\u0142ego miejsca na organizacj\u0119 konferencji czy szkole\u0144, miasto to stanowi naprawd\u0119 \u015bwietny wyb\u00f3r. <\/p>\n\n\n\n<p>Zosta\u0144 z nami i poznaj <strong>najlepsze hotele w Olsztynie<\/strong> (i okolicach!), takie jak: <\/p>\n\n\n\n<figure class=\"wp-block-table\"><table><tbody><tr><td><a href=\"https:\/\/www.mojekonferencje.pl\/olsztyn\/hotel-wilenski\">Hotel Wile\u0144ski<\/a><\/td><td><a href=\"https:\/\/www.mojekonferencje.pl\/nidzica\/osrodek-gawra\">O\u015brodek GAWRA<\/a><\/td><\/tr><tr><td><a href=\"https:\/\/www.mojekonferencje.pl\/olsztyn\/warminski-hotel--conference\">Warmi\u0144ski Hotel &amp; Conference<\/a><\/td><td><a href=\"https:\/\/www.mojekonferencje.pl\/ostroda\/apartamenty-ostroda\">Apartamenty Ostr\u00f3da<\/a><\/td><\/tr><tr><td><a href=\"https:\/\/www.mojekonferencje.pl\/dadaj\/hotel-star-dadaj\">Hotel Star Dadaj Resort &amp; Spa na Mazurach<\/a><\/td><td><a href=\"https:\/\/www.mojekonferencje.pl\/olsztyn\/hotel-marina-club\">Hotel Marina Club<\/a><\/td><\/tr><tr><td><a href=\"https:\/\/www.mojekonferencje.pl\/stare-jablonki\/hotel-anders\">Hotel Anders<\/a><\/td><td><a href=\"https:\/\/www.mojekonferencje.pl\/olsztyn\/przystan-hotel--spa\">Przysta\u0144 Hotel &amp; SPA<\/a><\/td><\/tr><tr><td><a href=\"https:\/\/www.mojekonferencje.pl\/waplewo\/rewita-wdw-waplewo\">Rewita Waplewo<\/a><\/td><td><a href=\"https:\/\/www.mojekonferencje.pl\/stawiguda-\/osrodek-wypoczynkowy-lansk-centrum-obslugi-kprm\">O\u015brodek Wypoczynkowy \u0141a\u0144sk<\/a><\/td><\/tr><tr><td><a href=\"https:\/\/www.mojekonferencje.pl\/ostroda\/natural-hotel\">NATURAL HOTEL &#8211; EKOLOGICZNY HOTEL z PLA\u017b\u0104 NA WYSPIE<\/a><\/td><td><a href=\"https:\/\/www.mojekonferencje.pl\/pluski\/hotel-warmia-park\">Hotel WARMIA PARK<\/a><\/td><\/tr><\/tbody><\/table><\/figure>\n\n\n\n<h2 class=\"wp-block-heading has-text-align-center\"><a href=\"https:\/\/www.mojekonferencje.pl\/olsztyn\/hotel-wilenski\"><span class=\"has-inline-color has-vivid-purple-color\"><span style=\"text-decoration: underline;\">Hotel Wile\u0144ski<\/span><\/span><\/a><\/h2>\n\n\n\n<p>Ten <strong>4-gwiazdkowy hotel w centrum Olsztyna <\/strong>w zabytkowej kamienicy emanuje elegancj\u0105 i przytuln\u0105 atmosfer\u0105. Zach\u0119ca on zar\u00f3wno do chwili odpoczynku, jak i efektywnej pracy.<strong> Hotel Wile\u0144ski <\/strong>to nie tylko pi\u0119kno architektury, lecz tak\u017ce funkcjonalno\u015b\u0107 dla biznesu. Obliekt, lokalizowany w pobli\u017cu star\u00f3wki, stanowi doskona\u0142e miejsce dla organizacji spotka\u0144 biznesowych i wydarze\u0144 okoliczno\u015bciowych. Wyb\u00f3r spo\u015br\u00f3d 5 sal konferencyjnych pozwala na przyj\u0119cie grup od 10 do 155 os\u00f3b w r\u00f3\u017cnych ustawieniach. <\/p>\n\n\n\n<p>W hotelu znajdziesz 27 komfortowych pokoi 1- i 2-osobowych, a tak\u017ce apartamenty oraz pokoje przystosowane dla os\u00f3b z niepe\u0142nosprawno\u015bci\u0105. Wyj\u0105tkowym elementem hotelu jest restauracja Nowe Retro, serwuj\u0105ca dania kuchni kresowej i europejskiej. Oferuje ona dwie klimatyczne sale &#8211; Now\u0105 i Retro. <strong>Hotel Wile\u0144ski <\/strong>dba o wyj\u0105tkowe do\u015bwiadczenia swoich go\u015bci. Od smacznych \u015bniada\u0144, poprzez relaksacyjne strefy SPA, strze\u017cony parking, a\u017c po ca\u0142odobowy bar &#8211; wszystko to tworzy atmosfer\u0119 luksusu i wyj\u0105tkowego komfortu.<\/p>\n\n\n\n<figure class=\"wp-block-image size-large\"><img loading=\"lazy\" decoding=\"async\" width=\"1024\" height=\"684\" src=\"https:\/\/www.mojekonferencje.pl\/blog\/wp-content\/uploads\/2023\/08\/1-6.jpg\" alt=\"\" class=\"wp-image-4220 lazyload\" data-srcset=\"https:\/\/www.mojekonferencje.pl\/blog\/wp-content\/uploads\/2023\/08\/1-6.jpg 1024w, https:\/\/www.mojekonferencje.pl\/blog\/wp-content\/uploads\/2023\/08\/1-6-300x200.jpg 300w, https:\/\/www.mojekonferencje.pl\/blog\/wp-content\/uploads\/2023\/08\/1-6-768x513.jpg 768w\" sizes=\"auto\" \/><\/figure>\n\n\n\n<h2 class=\"wp-block-heading has-text-align-center\"><a href=\"https:\/\/www.mojekonferencje.pl\/olsztyn\/warminski-hotel--conference\"><span class=\"has-inline-color has-vivid-purple-color\"><span style=\"text-decoration: underline;\">Warmi\u0144ski Hotel &amp; Conference<\/span><\/span><\/a><\/h2>\n\n\n\n<p>To kolejny <strong>wyj\u0105tkowy hotel sercu Olsztyna<\/strong>, kt\u00f3ry gwarantuje komfortowe pokoje oraz profesjonaln\u0105 przestrze\u0144 do organizacji r\u00f3\u017cnorodnych wydarze\u0144. <strong>Warmi\u0144ski Hotel &amp; Conference <\/strong>to nie tylko baza noclegowa, lecz tak\u017ce przestrze\u0144 tworz\u0105ca doskona\u0142e warunki do szkole\u0144, konferencji, bankiet\u00f3w i imprez okoliczno\u015bciowych. 7 klimatyzowanych sal wielofunkcyjnych o \u0142\u0105cznej powierzchni ponad 800 m2 mo\u017ce pomie\u015bci\u0107 od 10 do 600 uczestnik\u00f3w. Dzi\u0119ki reprezentacyjnemu foyer oraz antresoli, organizacja wydarze\u0144 dla du\u017cej liczby go\u015bci jest jak najbardziej mo\u017cliwa.  <\/p>\n\n\n\n<p>W <strong>Warmi\u0144skim Hotelu &amp; Conference <\/strong>znajdziesz 133 przestronne pokoje o r\u00f3\u017cnym standardzie, w\u0142\u0105cznie z apartamentem o powierzchni ponad 50 m2. Restauracja Nowoczesna oraz Warmi\u0144ski Taras Grill&amp;Bar zapewniaj\u0105 z kolei niezapomniane doznania kulinarne. Strefa Wellness z si\u0142owni\u0105 i saun\u0105 pozwala za\u015b na relaks po pracy. O\u015brodek oferuje tak\u017ce podziemny gara\u017c oraz wygodny parking z 86 miejscami postojowymi.<\/p>\n\n\n\n<figure class=\"wp-block-image size-large\"><img loading=\"lazy\" decoding=\"async\" width=\"1024\" height=\"1003\" src=\"https:\/\/www.mojekonferencje.pl\/blog\/wp-content\/uploads\/2023\/09\/zdjecie-hotel--1024x1003.jpg\" alt=\"\" class=\"wp-image-4293 lazyload\" data-srcset=\"https:\/\/www.mojekonferencje.pl\/blog\/wp-content\/uploads\/2023\/09\/zdjecie-hotel--1024x1003.jpg 1024w, https:\/\/www.mojekonferencje.pl\/blog\/wp-content\/uploads\/2023\/09\/zdjecie-hotel--300x294.jpg 300w, https:\/\/www.mojekonferencje.pl\/blog\/wp-content\/uploads\/2023\/09\/zdjecie-hotel--768x752.jpg 768w, https:\/\/www.mojekonferencje.pl\/blog\/wp-content\/uploads\/2023\/09\/zdjecie-hotel--1536x1505.jpg 1536w, https:\/\/www.mojekonferencje.pl\/blog\/wp-content\/uploads\/2023\/09\/zdjecie-hotel--2048x2006.jpg 2048w\" sizes=\"auto\" \/><\/figure>\n\n\n\n<h2 class=\"wp-block-heading has-text-align-center\"><a href=\"https:\/\/www.mojekonferencje.pl\/dadaj\/hotel-star-dadaj\"><span class=\"has-inline-color has-vivid-purple-color\"><span style=\"text-decoration: underline;\">Hotel Star Dadaj Resort &amp; Spa na Mazurach<\/span><\/span><\/a><\/h2>\n\n\n\n<p>Jest to <strong>klimatyczny hotel pod Olsztynem<\/strong>, kt\u00f3ry stanowi doskona\u0142y wyb\u00f3r dla os\u00f3b, kt\u00f3re poszukuj\u0105 miejsca zar\u00f3wno do relaksu, jak i prowadzenia spotka\u0144 biznesowych. Obiekt oferuje pi\u0119\u0107 w pe\u0142ni wyposa\u017conych sal konferencyjnych, z kt\u00f3rych najwi\u0119ksza mo\u017ce pomie\u015bci\u0107 a\u017c 200 os\u00f3b w uk\u0142adzie teatralnym, a pozosta\u0142e s\u0105 dostosowane do spotka\u0144 dla 60, 70 lub 80 uczestnik\u00f3w. <\/p>\n\n\n\n<p>Go\u015bcie mog\u0105 skorzysta\u0107 z 250 miejsc noclegowych, obejmuj\u0105cych przytulne pokoje, domki letniskowe oraz bungalowy. Na terenie obiektu dost\u0119pne s\u0105 dwie sale restauracyjne, grill i Chata Warmi\u0144ska. Atrakcje obejmuj\u0105 tak\u017ce 25-metrowy basen, saun\u0119, korty tenisowe, boiska sportowe oraz obszern\u0105 hal\u0119 sportow\u0105 o powierzchni 800 m2. <strong>Star-Dadaj Resort &amp; SPA <\/strong>to nie tylko przestrze\u0144 biznesowa, ale r\u00f3wnie\u017c oaza wypoczynku i rozrywki w jednym z najurokliwszych region\u00f3w Polski.<\/p>\n\n\n\n<figure class=\"wp-block-image size-large\"><img loading=\"lazy\" decoding=\"async\" width=\"1024\" height=\"576\" src=\"https:\/\/www.mojekonferencje.pl\/blog\/wp-content\/uploads\/2023\/08\/3-6-1024x576.jpg\" alt=\"\" class=\"wp-image-4222 lazyload\" data-srcset=\"https:\/\/www.mojekonferencje.pl\/blog\/wp-content\/uploads\/2023\/08\/3-6-1024x576.jpg 1024w, https:\/\/www.mojekonferencje.pl\/blog\/wp-content\/uploads\/2023\/08\/3-6-300x169.jpg 300w, https:\/\/www.mojekonferencje.pl\/blog\/wp-content\/uploads\/2023\/08\/3-6-768x432.jpg 768w, https:\/\/www.mojekonferencje.pl\/blog\/wp-content\/uploads\/2023\/08\/3-6-1536x864.jpg 1536w, https:\/\/www.mojekonferencje.pl\/blog\/wp-content\/uploads\/2023\/08\/3-6-640x360.jpg 640w, https:\/\/www.mojekonferencje.pl\/blog\/wp-content\/uploads\/2023\/08\/3-6-320x180.jpg 320w, https:\/\/www.mojekonferencje.pl\/blog\/wp-content\/uploads\/2023\/08\/3-6-480x270.jpg 480w, https:\/\/www.mojekonferencje.pl\/blog\/wp-content\/uploads\/2023\/08\/3-6-960x540.jpg 960w, https:\/\/www.mojekonferencje.pl\/blog\/wp-content\/uploads\/2023\/08\/3-6-1280x720.jpg 1280w, https:\/\/www.mojekonferencje.pl\/blog\/wp-content\/uploads\/2023\/08\/3-6-1600x900.jpg 1600w, https:\/\/www.mojekonferencje.pl\/blog\/wp-content\/uploads\/2023\/08\/3-6.jpg 1920w\" sizes=\"auto\" \/><\/figure>\n\n\n\n<h2 class=\"wp-block-heading has-text-align-center\"><a href=\"https:\/\/www.mojekonferencje.pl\/stare-jablonki\/hotel-anders\"><span class=\"has-inline-color has-vivid-purple-color\"><span style=\"text-decoration: underline;\">Hotel Anders<\/span><\/span><\/a><\/h2>\n\n\n\n<p>W sercu zachodnich Mazur, w malowniczej miejscowo\u015bci Stare Jab\u0142onki, le\u017cy si\u0119 <strong>Hotel Anders<\/strong>. Jest to atrakcyjny <strong>4-gwiazdkowy hotel w pobli\u017cu Olsztyna<\/strong>. To miejsce otoczone legendarnymi lasami Taborskimi, z bezpo\u015brednim dost\u0119pem do jeziora Szel\u0105g Ma\u0142y, doskona\u0142ym do uprawiania sport\u00f3w wodnych. Liczne nagrody podkre\u015blaj\u0105 zaanga\u017cowanie personelu, a naturalne otoczenie sprzyja odzyskaniu wewn\u0119trznego spokoju. Pi\u0119kno mazurskiej natury, smakowita kuchnia oraz bogate mo\u017cliwo\u015bci sportowe sprawiaj\u0105, \u017ce<strong> Hotel Anders<\/strong> to idealne miejsce na szkolenia, konferencje, bankiety czy wyjazdy integracyjne. <\/p>\n\n\n\n<p>Obiekt dysponuje 7 salami konferencyjnymi o r\u00f3\u017cnej powierzchni, w tym sal\u0105 o imponuj\u0105cych 420 m2. Dodatkowo \u0142\u0105cznie mo\u017cna tam zakwaterowa\u0107 320 os\u00f3b w komfortowych wn\u0119trzach, nowoczesnych pokojach lub secesyjnych pomieszczeniach. W Restauracji Pa\u0142acowej serwowane s\u0105 dania nawi\u0105zuj\u0105ce do historii regionu, w tym \u015bwie\u017ce ryby z jezior mazurskich oraz lokalne owoce i warzywa. Go\u015bcie mog\u0105 r\u00f3wnie\u017c korzysta\u0107 z atrakcji, takich jak basen, sauny, kr\u0119gielnia, si\u0142ownia, klub nocny, pla\u017ca nad jeziorem, przysta\u0144 dla statk\u00f3w i \u0142\u00f3dek, wypo\u017cyczalnia sprz\u0119tu wodnego, rower\u00f3w oraz boiska do r\u00f3\u017cnych sport\u00f3w.<\/p>\n\n\n\n<figure class=\"wp-block-image size-large\"><img loading=\"lazy\" decoding=\"async\" width=\"1024\" height=\"683\" src=\"https:\/\/www.mojekonferencje.pl\/blog\/wp-content\/uploads\/2023\/08\/4-6-1024x683.jpg\" alt=\"\" class=\"wp-image-4223 lazyload\" data-srcset=\"https:\/\/www.mojekonferencje.pl\/blog\/wp-content\/uploads\/2023\/08\/4-6-1024x683.jpg 1024w, https:\/\/www.mojekonferencje.pl\/blog\/wp-content\/uploads\/2023\/08\/4-6-300x200.jpg 300w, https:\/\/www.mojekonferencje.pl\/blog\/wp-content\/uploads\/2023\/08\/4-6-768x512.jpg 768w, https:\/\/www.mojekonferencje.pl\/blog\/wp-content\/uploads\/2023\/08\/4-6-1536x1024.jpg 1536w, https:\/\/www.mojekonferencje.pl\/blog\/wp-content\/uploads\/2023\/08\/4-6-2048x1365.jpg 2048w\" sizes=\"auto\" \/><\/figure>\n\n\n\n<h2 class=\"wp-block-heading has-text-align-center\"><a href=\"https:\/\/www.mojekonferencje.pl\/waplewo\/rewita-wdw-waplewo\"><span class=\"has-inline-color has-vivid-purple-color\"><span style=\"text-decoration: underline;\">Rewita Waplewo<\/span><\/span><\/a><\/h2>\n\n\n\n<p><strong>Rewita Waplewo <\/strong>to kolejny <strong>wyj\u0105tkowy hotel na Mazurach<\/strong>. Le\u017cy on na skarpie nad jeziorem Mar\u00f3z, b\u0119d\u0105c oaz\u0105 spokoju i doskona\u0142\u0105 przestrzeni\u0105 dla wyj\u0105tkowych wydarze\u0144. Na rozleg\u0142ym, 13-hektarowym terenie oczekuj\u0105 komfort, r\u00f3\u017cnorodne udogodnienia i liczne atrakcje. Jest to miejsce dla mi\u0142o\u015bnik\u00f3w sport\u00f3w wodnych, nordic-walking, wycieczek rowerowych, w\u0119dkarzy i grzybiarzy. Wspania\u0142a lokalizacja i zielone otoczenie stanowi\u0105 zaproszenie do aktywnego wypoczynku. <strong>Rewita Waplewo<\/strong> to tak\u017ce idealne miejsce dla wydarze\u0144 biznesowych i okoliczno\u015bciowych. <\/p>\n\n\n\n<p>Dost\u0119pnych jest tam 6 klimatyzowanych przestrzeni eventowych, w tym przestronna Sala Relaks, mog\u0105ca pomie\u015bci\u0107 nawet 500 uczestnik\u00f3w. O\u015brodek sk\u0142ada si\u0119 z 3 funkcjonalnych budynk\u00f3w i domk\u00f3w wolnostoj\u0105cych, oferuj\u0105c miejsca noclegowe dla 400 os\u00f3b. Pr\u00f3cz komfortowych warunk\u00f3w do pracy <strong>Rewita Waplewo<\/strong> oferuje bogate atrakcje, w tym m.in. dwutorow\u0105 kr\u0119gielni\u0119, strzelnic\u0119 broni pneumatycznej, centrum odnowy biologicznej z sal\u0105 fitness, jacuzzi i saunami oraz urokliw\u0105 kawiarni\u0119 z widokiem na jezioro Mar\u00f3z.<\/p>\n\n\n\n<figure class=\"wp-block-image size-large\"><img loading=\"lazy\" decoding=\"async\" width=\"1024\" height=\"576\" src=\"https:\/\/www.mojekonferencje.pl\/blog\/wp-content\/uploads\/2023\/08\/5-4-1024x576.jpg\" alt=\"\" class=\"wp-image-4224 lazyload\" data-srcset=\"https:\/\/www.mojekonferencje.pl\/blog\/wp-content\/uploads\/2023\/08\/5-4-1024x576.jpg 1024w, https:\/\/www.mojekonferencje.pl\/blog\/wp-content\/uploads\/2023\/08\/5-4-300x169.jpg 300w, https:\/\/www.mojekonferencje.pl\/blog\/wp-content\/uploads\/2023\/08\/5-4-768x432.jpg 768w, https:\/\/www.mojekonferencje.pl\/blog\/wp-content\/uploads\/2023\/08\/5-4-640x360.jpg 640w, https:\/\/www.mojekonferencje.pl\/blog\/wp-content\/uploads\/2023\/08\/5-4-320x180.jpg 320w, https:\/\/www.mojekonferencje.pl\/blog\/wp-content\/uploads\/2023\/08\/5-4-480x270.jpg 480w, https:\/\/www.mojekonferencje.pl\/blog\/wp-content\/uploads\/2023\/08\/5-4-960x540.jpg 960w, https:\/\/www.mojekonferencje.pl\/blog\/wp-content\/uploads\/2023\/08\/5-4.jpg 1280w\" sizes=\"auto\" \/><\/figure>\n\n\n\n<h2 class=\"wp-block-heading has-text-align-center\"><a href=\"https:\/\/www.mojekonferencje.pl\/ostroda\/natural-hotel\"><span class=\"has-inline-color has-vivid-purple-color\"><span style=\"text-decoration: underline;\">NATURAL HOTEL &#8211; EKOLOGICZNY HOTEL z PLA\u017b\u0104 NA WYSPIE<\/span><\/span><\/a><\/h2>\n\n\n\n<p>W sercu Rezerwatu Sosny Taborskie znajduje si\u0119 ten <strong>nowoczesny hotel na obrze\u017cach Ostr\u00f3dy.<\/strong> W otoczeniu natury, z w\u0142asn\u0105 pla\u017c\u0105 na wyspie i dost\u0119pem do krainy kana\u0142u Ostr\u00f3dzko-Elbl\u0105skiego, stanowi on idealne miejsce zar\u00f3wno na konferencje, szkolenia, jak i relaksuj\u0105cy wypoczynek. <strong>Hotel Natural <\/strong>doskonale dostosowany jest do organizacji event\u00f3w biznesowych i spotka\u0144 okoliczno\u015bciowych. Jego dwie przestronne sale konferencyjno-bankietowe zapewniaj\u0105 komfortow\u0105 przestrze\u0144. Sala widokowa o powierzchni 500 m2 mo\u017ce pomie\u015bci\u0107 do 300 os\u00f3b w uk\u0142adzie teatralnym. Sala kameralna o powierzchni 262 m2 jest za\u015b idealna na spotkania do 150 os\u00f3b w uk\u0142adzie teatralnym. <\/p>\n\n\n\n<p>Hotel oferuje 200 komfortowych i klimatyzowanych pokoi z oddzielnymi \u0142azienkami. Hotelowa Restauracja Ogrody na Wyspie to kulinarne doznania oparte na produktach najwy\u017cszej jako\u015bci z ekologicznych upraw i hodowli. Ponadto <strong>Hotel Natural <\/strong>oferuje prywatn\u0105 pla\u017c\u0119 nad jeziorem, taras, miejsce na ognisko oraz plac zabaw dla dzieci. To raj dla mi\u0142o\u015bnik\u00f3w aktywnego wypoczynku &#8211; od \u017ceglarstwa, wodnych zabaw, po sp\u0142ywy kajakowe i w\u0119dkowanie. Spok\u00f3j tego miejsca i harmonia z natur\u0105 stwarzaj\u0105 doskona\u0142e warunki do odpr\u0119\u017cenia i wyciszenia.<\/p>\n\n\n\n<figure class=\"wp-block-image size-large\"><img loading=\"lazy\" decoding=\"async\" width=\"960\" height=\"580\" src=\"https:\/\/www.mojekonferencje.pl\/blog\/wp-content\/uploads\/2023\/11\/nat-wl.jpg\" alt=\"\" class=\"wp-image-4572 lazyload\" data-srcset=\"https:\/\/www.mojekonferencje.pl\/blog\/wp-content\/uploads\/2023\/11\/nat-wl.jpg 960w, https:\/\/www.mojekonferencje.pl\/blog\/wp-content\/uploads\/2023\/11\/nat-wl-300x181.jpg 300w, https:\/\/www.mojekonferencje.pl\/blog\/wp-content\/uploads\/2023\/11\/nat-wl-768x464.jpg 768w\" sizes=\"auto\" \/><\/figure>\n\n\n\n<h2 class=\"wp-block-heading has-text-align-center\"><a href=\"https:\/\/www.mojekonferencje.pl\/nidzica\/osrodek-gawra\"><span class=\"has-inline-color has-vivid-purple-color\"><span style=\"text-decoration: underline;\">O\u015brodek GAWRA<\/span><\/span><\/a><\/h2>\n\n\n\n<p>Ten kolejny <strong>hotel na konferencj\u0119 na Mazurach<\/strong>, stanowi\u0105cy idealne miejsce na wyj\u0105tkowe wydarzenia biznesowe i integracyjne. Oferuje nie tylko pi\u0119kno przyrody, ale r\u00f3wnie\u017c luksusowy wypoczynek. Bezpo\u015brednio nad brzegiem Jeziora Omulew, <strong>O\u015brodek GAWRA<\/strong> stwarza niemal niesko\u0144czone mo\u017cliwo\u015bci do sp\u0119dzenia wolnego czasu. To miejsce, gdzie organizowa\u0107 mo\u017cna r\u00f3\u017cnorodne wydarzenia &#8211; konferencje, warsztaty czy integracyjne wyjazdy. O\u015brodek posiada przestronn\u0105, klimatyzowan\u0105 sal\u0119 konferencyjn\u0105, doskonale wyposa\u017con\u0105 w profesjonalne urz\u0105dzenia multimedialne. <\/p>\n\n\n\n<p>Noclegi w O\u015brodku GAWRA to za to komfort i elegancja. Przestronne pokoje oferuj\u0105 widok na jezioro lub las, tworz\u0105c atmosfer\u0119 wypoczynku i relaksu. Pokoje s\u0105 wygodne, wyposa\u017cone w nowoczesne udogodnienia, takie jak TV LCD i osobne \u0142azienki. W hotelowej Restauracji GAWRA mo\u017cna degustowa\u0107 tradycyjne regionalne smaki oraz nowoczesne dania. <strong>O\u015brodek GAWRA <\/strong>oferuje te\u017c r\u00f3\u017cnorodne udogodnienia, w tym m.in. rowery wodne, kajaki, boiska sportowe, stref\u0119 rekreacyjn\u0105, a tak\u017ce zaplecze Wellness &amp; SPA, zapewniaj\u0105ce relaks i odpr\u0119\u017cenie.<\/p>\n\n\n\n<figure class=\"wp-block-image size-large\"><img loading=\"lazy\" decoding=\"async\" width=\"1024\" height=\"683\" src=\"https:\/\/www.mojekonferencje.pl\/blog\/wp-content\/uploads\/2023\/08\/7-3-1024x683.jpg\" alt=\"\" class=\"wp-image-4226 lazyload\" data-srcset=\"https:\/\/www.mojekonferencje.pl\/blog\/wp-content\/uploads\/2023\/08\/7-3-1024x683.jpg 1024w, https:\/\/www.mojekonferencje.pl\/blog\/wp-content\/uploads\/2023\/08\/7-3-300x200.jpg 300w, https:\/\/www.mojekonferencje.pl\/blog\/wp-content\/uploads\/2023\/08\/7-3-768x512.jpg 768w, https:\/\/www.mojekonferencje.pl\/blog\/wp-content\/uploads\/2023\/08\/7-3.jpg 1200w\" sizes=\"auto\" \/><\/figure>\n\n\n\n<h2 class=\"wp-block-heading has-text-align-center\"><a href=\"https:\/\/www.mojekonferencje.pl\/ostroda\/apartamenty-ostroda\"><span class=\"has-inline-color has-vivid-purple-color\"><span style=\"text-decoration: underline;\">Apartamenty Ostr\u00f3da<\/span><\/span><\/a><\/h2>\n\n\n\n<p>Je\u015bli interesuj\u0105 Ci\u0119 <strong>obiekty na konferencj\u0119 w Ostr\u00f3dzie<\/strong>, to koniecznie musisz pozna\u0107 <strong>Apartamenty Ostr\u00f3da<\/strong>. To miejsce, gdzie mo\u017cna doskonale zbalansowa\u0107 b\u0142ogi odpoczynek, aktywno\u015b\u0107 fizyczn\u0105 oraz odkrywanie mazurskich krajobraz\u00f3w. Obiekt jest tak\u017ce doskona\u0142ym miejscem dla organizacji konferencji. Dwie \u015bwietnie wyposa\u017cone sale konferencyjne, Platynowa i Per\u0142owa, zapewniaj\u0105 odpowiednie warunki do spotka\u0144 biznesowych. Platynowa sala, przestrze\u0144 dla nawet 150 os\u00f3b, nadaje si\u0119 idealnie do wi\u0119kszych wydarze\u0144, seminari\u00f3w czy konferencji. Z kolei sala Per\u0142owa to kameralne miejsce dla spotka\u0144 wymagaj\u0105cych bardziej intymnej atmosfery, mieszcz\u0105ce do 50 uczestnik\u00f3w. <\/p>\n\n\n\n<p>W <strong>Apartamentach Ostr\u00f3da<\/strong> ka\u017cdy znajdzie odpowiedni nocleg &#8211; od wersji ekonomicznej BIZNES po ekskluzywny apartament SPORTY, dostosowany do indywidualnych preferencji. O kulinarne doznania dbaj\u0105 za to restauracja \u015bniadaniowa i kawiarnia Kr\u00f3tka Pi\u0142ka. Dodatkowo go\u015bcie mog\u0105 korzysta\u0107 z basenu Aqua Ostr\u00f3da, sauny fi\u0144skiej, parowej oraz infrared, a tak\u017ce groty lodowej. Bogata oferta masa\u017cy i zabieg\u00f3w rehabilitacyjnych gwarantuje pe\u0142en relaks po pracy.<\/p>\n\n\n\n<figure class=\"wp-block-image size-large\"><img loading=\"lazy\" decoding=\"async\" width=\"1024\" height=\"688\" src=\"https:\/\/www.mojekonferencje.pl\/blog\/wp-content\/uploads\/2023\/08\/8-2-1024x688.jpg\" alt=\"\" class=\"wp-image-4227 lazyload\" data-srcset=\"https:\/\/www.mojekonferencje.pl\/blog\/wp-content\/uploads\/2023\/08\/8-2-1024x688.jpg 1024w, https:\/\/www.mojekonferencje.pl\/blog\/wp-content\/uploads\/2023\/08\/8-2-300x202.jpg 300w, https:\/\/www.mojekonferencje.pl\/blog\/wp-content\/uploads\/2023\/08\/8-2-768x516.jpg 768w, https:\/\/www.mojekonferencje.pl\/blog\/wp-content\/uploads\/2023\/08\/8-2.jpg 1200w\" sizes=\"auto\" \/><\/figure>\n\n\n\n<h2 class=\"wp-block-heading has-text-align-center has-vivid-purple-color has-text-color has-link-color wp-elements-af739e0896699f9eaa084028797c7d76\"><a href=\"https:\/\/www.mojekonferencje.pl\/olsztyn\/hotel-marina-club\"><span style=\"text-decoration: underline;\">Hotel Marina Club<\/span><\/a><\/h2>\n\n\n\n<p>Zapraszamy tak\u017ce do <strong>Hotelu Marina Club<\/strong>, gdzie organizacja konferencji staje si\u0119 wyj\u0105tkowym prze\u017cyciem w otoczeniu przyrody sprzyjaj\u0105cej relaksowi w spokojnej atmosferze. Po\u0142o\u017cony nad jeziorem hotel oferuje niezapomniane widoki, kt\u00f3re mo\u017cna podziwia\u0107 z ka\u017cdego pokoju. Wn\u0119trza obiektu zachwycaj\u0105 harmonijnym designem, idealnie wsp\u00f3\u0142graj\u0105cym z naturalnymi barwami krajobrazu. Obiekt dba o ka\u017cdy detal, aby stworzy\u0107 atmosfer\u0119 spokoju i elegancji. <\/p>\n\n\n\n<p>Jego pokoje s\u0105 urz\u0105dzone z dba\u0142o\u015bci\u0105 o szczeg\u00f3\u0142y, zapewniaj\u0105c luksusowy wypoczynek. Jednym z najwi\u0119kszych atut\u00f3w <strong>Hotelu Marina Club<\/strong> jest jego dogodna lokalizacja, umo\u017cliwiaj\u0105ca r\u00f3\u017cnorodne aktywno\u015bci zar\u00f3wno na wodzie, jak i na l\u0105dzie. Jego oferta konferencyjna obejmuje 6 nowoczesnych sal rozmieszczonych na dw\u00f3ch poziomach, co pozwala na elastyczne dostosowanie przestrzeni do charakteru i skali planowanego wydarzenia.<\/p>\n\n\n\n<figure class=\"wp-block-image size-full\"><a href=\"https:\/\/www.mojekonferencje.pl\/blog\/wp-content\/uploads\/2024\/04\/11marina.jpg\"><img loading=\"lazy\" decoding=\"async\" width=\"960\" height=\"580\" src=\"https:\/\/www.mojekonferencje.pl\/blog\/wp-content\/uploads\/2024\/04\/11marina.jpg\" alt=\"\" class=\"wp-image-4964 lazyload\" data-srcset=\"https:\/\/www.mojekonferencje.pl\/blog\/wp-content\/uploads\/2024\/04\/11marina.jpg 960w, https:\/\/www.mojekonferencje.pl\/blog\/wp-content\/uploads\/2024\/04\/11marina-300x181.jpg 300w, https:\/\/www.mojekonferencje.pl\/blog\/wp-content\/uploads\/2024\/04\/11marina-768x464.jpg 768w\" sizes=\"auto\" \/><\/a><\/figure>\n\n\n\n<h2 class=\"wp-block-heading has-text-align-center has-vivid-purple-color has-text-color has-link-color wp-elements-a304a2b1df72834f12b97de30fe98372\"><a href=\"https:\/\/www.mojekonferencje.pl\/olsztyn\/przystan-hotel--spa\"><span style=\"text-decoration: underline;\">Przysta\u0144 Hotel &amp; SPA<\/span><\/a><\/h2>\n\n\n\n<p>Przenie\u015bmy si\u0119 te\u017c do<strong> Przystani Hotel &amp; SPA<\/strong>, nowoczesnego i unikatowego obiektu po\u0142o\u017conego przy ulicy \u017beglarskiej 4 w Olsztynie, tu\u017c obok brzegu jeziora Ukiel. Ten czterogwiazdkowy hotel to idealne miejsce na organizacj\u0119 konferencji i spotka\u0144 bran\u017cowych, dzi\u0119ki doskona\u0142ej lokalizacji, kt\u00f3ra pozwala w pe\u0142ni wykorzysta\u0107 atuty po\u0142o\u017cenia nad jeziorem. Ponad 60% wszystkich pokoi oferuje przepi\u0119kny widok na jezioro, co dodaje miejscu uroku i wyj\u0105tkowo\u015bci. <\/p>\n\n\n\n<p>W s\u0105siedztwie hotelu znajduje si\u0119 Restauracja Przysta\u0144, kt\u00f3ra nie tylko zach\u0119ca do sp\u0119dzenia wolnych chwil i skosztowania specja\u0142\u00f3w kuchni, ale tak\u017ce dysponuje zapleczem konferencyjnym. Hotel stanowi wi\u0119c idealne uzupe\u0142nienie oferty restauracji Przysta\u0144, zapewniaj\u0105c komfortowe noclegi dla go\u015bci uczestnicz\u0105cych w konferencjach organizowanych w restauracji. Obiekt gwarantuje te\u017c profesjonaln\u0105 obs\u0142ug\u0119 oraz kompleksowe wsparcie przy organizacji konferencji, dbaj\u0105c o ka\u017cdy detal, aby wydarzenie by\u0142o niezapomniane.<\/p>\n\n\n\n<figure class=\"wp-block-image size-full\"><a href=\"https:\/\/www.mojekonferencje.pl\/blog\/wp-content\/uploads\/2024\/04\/11przystan.jpg\"><img loading=\"lazy\" decoding=\"async\" width=\"960\" height=\"580\" src=\"https:\/\/www.mojekonferencje.pl\/blog\/wp-content\/uploads\/2024\/04\/11przystan.jpg\" alt=\"\" class=\"wp-image-4965 lazyload\" data-srcset=\"https:\/\/www.mojekonferencje.pl\/blog\/wp-content\/uploads\/2024\/04\/11przystan.jpg 960w, https:\/\/www.mojekonferencje.pl\/blog\/wp-content\/uploads\/2024\/04\/11przystan-300x181.jpg 300w, https:\/\/www.mojekonferencje.pl\/blog\/wp-content\/uploads\/2024\/04\/11przystan-768x464.jpg 768w\" sizes=\"auto\" \/><\/a><\/figure>\n\n\n\n<h2 class=\"wp-block-heading has-text-align-center has-vivid-purple-color has-text-color has-link-color wp-elements-04fe92c06734830b3407759ca9f22c9b\"><a href=\"https:\/\/www.mojekonferencje.pl\/stawiguda-\/osrodek-wypoczynkowy-lansk-centrum-obslugi-kprm\"><span style=\"text-decoration: underline;\">O\u015brodek Wypoczynkowy \u0141a\u0144sk<\/span><\/a><\/h2>\n\n\n\n<p>A teraz co\u015b la mi\u0142o\u015bnik\u00f3w organizacji konferencji w niezwykle kameralnym otoczeniu! Ten obiekt znajduje si\u0119 w malowniczo po\u0142o\u017conym \u0141a\u0144sku, otoczonym Lasem Warmi\u0144skim, na terenie Puszczy Napiwodzko-Ramuckiej oraz w strefie Natura 2000. Doskona\u0142a lokalizacja gwarantuje spok\u00f3j, cisz\u0119 i kameraln\u0105 atmosfer\u0119, z dala od miejskiego zgie\u0142ku, co stwarza idealne warunki do organizacji konferencji po\u015brodku lasu czy szkole\u0144 poza miastem. Malownicze tereny le\u015bne, komfortowe warunki noclegowe oraz smaczna tradycyjna polska kuchnia zapewniaj\u0105 znakomite warunki do udanych wydarze\u0144 biznesowych. <\/p>\n\n\n\n<p>Dodatkowo o\u015brodek zach\u0119ca do organizacji imprez plenerowych, wykorzystuj\u0105c urokliwe otoczenie jeziora oraz przylegaj\u0105ce tereny zielone. To doskona\u0142e miejsce dla tych, kt\u00f3rzy pragn\u0105 po\u0142\u0105czy\u0107 prac\u0119 ze wspania\u0142ym wypoczynkiem na \u0142onie natury. Opr\u00f3cz doskona\u0142ych warunk\u00f3w konferencyjnych, <strong>O\u015brodek Wypoczynkowy \u0141a\u0144sk <\/strong>oferuje bogate atrakcje dodatkowe. Go\u015bcie mog\u0105 korzysta\u0107 z r\u00f3\u017cnorodnych form rekreacji, takich jak sporty wodne na jeziorze, piesze w\u0119dr\u00f3wki po malowniczych \u015bcie\u017ckach czy te\u017c infrastruktura rekreacyjna dost\u0119pna na terenie o\u015brodka.<\/p>\n\n\n\n<figure class=\"wp-block-image size-full\"><a href=\"https:\/\/www.mojekonferencje.pl\/blog\/wp-content\/uploads\/2024\/04\/11owlansk.jpg\"><img loading=\"lazy\" decoding=\"async\" width=\"960\" height=\"580\" src=\"https:\/\/www.mojekonferencje.pl\/blog\/wp-content\/uploads\/2024\/04\/11owlansk.jpg\" alt=\"\" class=\"wp-image-4966 lazyload\" data-srcset=\"https:\/\/www.mojekonferencje.pl\/blog\/wp-content\/uploads\/2024\/04\/11owlansk.jpg 960w, https:\/\/www.mojekonferencje.pl\/blog\/wp-content\/uploads\/2024\/04\/11owlansk-300x181.jpg 300w, https:\/\/www.mojekonferencje.pl\/blog\/wp-content\/uploads\/2024\/04\/11owlansk-768x464.jpg 768w\" sizes=\"auto\" \/><\/a><\/figure>\n\n\n\n<h2 class=\"wp-block-heading has-text-align-center has-vivid-purple-color has-text-color has-link-color wp-elements-217c1baed8e8f285eb669cab347c675a\"><a href=\"https:\/\/www.mojekonferencje.pl\/pluski\/hotel-warmia-park\"><span style=\"text-decoration: underline;\">Hotel WARMIA PARK<\/span><\/a><\/h2>\n\n\n\n<p>Warto te\u017c uda\u0107 si\u0119 do <strong>Hotelu WARMIA PARK<\/strong>, po\u0142o\u017conego w malowniczej miejscowo\u015bci Pluski w krainie Warmii i Mazur, otoczonej przez centrum Puszczy Napiwodzko-Ramuckiej, pomi\u0119dzy jeziorami Pluszne i \u0141a\u0144skie. Ta urokliwa okolica, uznawana za jedn\u0105 z najpi\u0119kniejszych na terenie Pojezierza Olszty\u0144skiego, stanowi idealne t\u0142o dla organizacji konferencji i szkole\u0144. \u00d3w hotel konferencyjny, po\u0142o\u017cony blisko du\u017cego miasta, to doskona\u0142e miejsce dla turyst\u00f3w podr\u00f3\u017cuj\u0105cych w celach biznesowych. W <strong>Hotelu WARMIA PARK<\/strong> mo\u017cna organizowa\u0107 r\u00f3\u017cnorodne spotkania edukacyjne i biznesowe, takie jak sympozja, zjazdy, szkolenia czy konferencje. <\/p>\n\n\n\n<p>Opr\u00f3cz tego hotel oferuje r\u00f3wnie\u017c mo\u017cliwo\u015b\u0107 organizacji imprez okoliczno\u015bciowych. Na go\u015bci czekaj\u0105 tak\u017ce komfortowe miejsca noclegowe w nowoczesnych i dobrze wyposa\u017conych pokojach o wysokim standardzie, z kompletem do przygotowania kawy i herbaty. Ponadto restauracja hotelowa serwuje dania przygotowane z lokalnych produkt\u00f3w, w przyjemnej atmosferze wn\u0119trz zdobionych akcentami natury, tworz\u0105c ciep\u0142y i przytulny klimat.<\/p>\n\n\n\n<figure class=\"wp-block-image size-full\"><a href=\"https:\/\/www.mojekonferencje.pl\/blog\/wp-content\/uploads\/2024\/04\/11warmia.jpg\"><img loading=\"lazy\" decoding=\"async\" width=\"960\" height=\"580\" src=\"https:\/\/www.mojekonferencje.pl\/blog\/wp-content\/uploads\/2024\/04\/11warmia.jpg\" alt=\"\" class=\"wp-image-4967 lazyload\" data-srcset=\"https:\/\/www.mojekonferencje.pl\/blog\/wp-content\/uploads\/2024\/04\/11warmia.jpg 960w, https:\/\/www.mojekonferencje.pl\/blog\/wp-content\/uploads\/2024\/04\/11warmia-300x181.jpg 300w, https:\/\/www.mojekonferencje.pl\/blog\/wp-content\/uploads\/2024\/04\/11warmia-768x464.jpg 768w\" sizes=\"auto\" \/><\/a><\/figure>\n","protected":false},"excerpt":{"rendered":"<p>Zastanawiasz si\u0119, gdzie zatrzyma\u0107 si\u0119 w Olsztynie i okolicach? Niezale\u017cnie czy ma to by\u0107 wyjazd biznesowy, czy wypoczynkowy, poznaj najlepsze hotele w Olsztynie. <\/p>\n","protected":false},"author":9,"featured_media":4219,"comment_status":"closed","ping_status":"closed","sticky":false,"template":"","format":"standard","meta":{"_acf_changed":false,"footnotes":""},"categories":[212,175],"tags":[368,367,271],"class_list":["post-4218","post","type-post","status-publish","format-standard","has-post-thumbnail","hentry","category-travel","category-wybieranie-miejsca-konferencyjnego","tag-hotel","tag-hotele","tag-hotele-konferencyjne"],"acf":[],"yoast_head":"<!-- This site is optimized with the Yoast SEO plugin v27.1.1 - https:\/\/yoast.com\/product\/yoast-seo-wordpress\/ -->\n<title>Najlepsze hotele w Olsztynie - blog | MojeKonferencje.pl<\/title>\n<meta name=\"description\" content=\"Najlepsze hotele w Olsztynie - blog | MojeKonferencje.pl\" \/>\n<meta name=\"robots\" content=\"index, follow, max-snippet:-1, max-image-preview:large, max-video-preview:-1\" \/>\n<link rel=\"canonical\" href=\"https:\/\/www.mojekonferencje.pl\/blog\/najlepsze-hotele-w-olsztynie\/\" \/>\n<meta property=\"og:locale\" content=\"pl_PL\" \/>\n<meta property=\"og:type\" content=\"article\" \/>\n<meta property=\"og:title\" content=\"Najlepsze hotele w Olsztynie - blog | MojeKonferencje.pl\" \/>\n<meta property=\"og:description\" content=\"Najlepsze hotele w Olsztynie - blog | MojeKonferencje.pl\" \/>\n<meta property=\"og:url\" content=\"https:\/\/www.mojekonferencje.pl\/blog\/najlepsze-hotele-w-olsztynie\/\" \/>\n<meta property=\"og:site_name\" content=\"MojeKonferencje.pl\" \/>\n<meta property=\"article:published_time\" content=\"2023-07-26T18:13:00+00:00\" \/>\n<meta property=\"article:modified_time\" content=\"2024-05-07T09:48:43+00:00\" \/>\n<meta property=\"og:image\" content=\"https:\/\/www.mojekonferencje.pl\/blog\/wp-content\/uploads\/2023\/08\/Fotoram.io-21.jpg\" \/>\n\t<meta property=\"og:image:width\" content=\"1200\" \/>\n\t<meta property=\"og:image:height\" content=\"720\" \/>\n\t<meta property=\"og:image:type\" content=\"image\/jpeg\" \/>\n<meta name=\"author\" content=\"Olga Stawicka-Iwanowska\" \/>\n<meta name=\"twitter:card\" content=\"summary_large_image\" \/>\n<meta name=\"twitter:label1\" content=\"Napisane przez\" \/>\n\t<meta name=\"twitter:data1\" content=\"Olga Stawicka-Iwanowska\" \/>\n\t<meta name=\"twitter:label2\" content=\"Szacowany czas czytania\" \/>\n\t<meta name=\"twitter:data2\" content=\"14 minut\" \/>\n<script type=\"application\/ld+json\" class=\"yoast-schema-graph\">{\"@context\":\"https:\/\/schema.org\",\"@graph\":[{\"@type\":\"Article\",\"@id\":\"https:\/\/www.mojekonferencje.pl\/blog\/najlepsze-hotele-w-olsztynie\/#article\",\"isPartOf\":{\"@id\":\"https:\/\/www.mojekonferencje.pl\/blog\/najlepsze-hotele-w-olsztynie\/\"},\"author\":{\"name\":\"Olga Stawicka-Iwanowska\",\"@id\":\"https:\/\/www.mojekonferencje.pl\/blog\/#\/schema\/person\/d6751ca3c60de9ec17ee21b744bbb2d4\"},\"headline\":\"Najlepsze hotele w Olsztynie\",\"datePublished\":\"2023-07-26T18:13:00+00:00\",\"dateModified\":\"2024-05-07T09:48:43+00:00\",\"mainEntityOfPage\":{\"@id\":\"https:\/\/www.mojekonferencje.pl\/blog\/najlepsze-hotele-w-olsztynie\/\"},\"wordCount\":2174,\"image\":{\"@id\":\"https:\/\/www.mojekonferencje.pl\/blog\/najlepsze-hotele-w-olsztynie\/#primaryimage\"},\"thumbnailUrl\":\"https:\/\/www.mojekonferencje.pl\/blog\/wp-content\/uploads\/2023\/08\/Fotoram.io-21.jpg\",\"keywords\":[\"hotel\",\"hotele\",\"hotele konferencyjne\"],\"articleSection\":[\"Travel\",\"Wybieranie miejsca konferencyjnego\"],\"inLanguage\":\"pl-PL\"},{\"@type\":\"WebPage\",\"@id\":\"https:\/\/www.mojekonferencje.pl\/blog\/najlepsze-hotele-w-olsztynie\/\",\"url\":\"https:\/\/www.mojekonferencje.pl\/blog\/najlepsze-hotele-w-olsztynie\/\",\"name\":\"Najlepsze hotele w Olsztynie - blog | MojeKonferencje.pl\",\"isPartOf\":{\"@id\":\"https:\/\/www.mojekonferencje.pl\/blog\/#website\"},\"primaryImageOfPage\":{\"@id\":\"https:\/\/www.mojekonferencje.pl\/blog\/najlepsze-hotele-w-olsztynie\/#primaryimage\"},\"image\":{\"@id\":\"https:\/\/www.mojekonferencje.pl\/blog\/najlepsze-hotele-w-olsztynie\/#primaryimage\"},\"thumbnailUrl\":\"https:\/\/www.mojekonferencje.pl\/blog\/wp-content\/uploads\/2023\/08\/Fotoram.io-21.jpg\",\"datePublished\":\"2023-07-26T18:13:00+00:00\",\"dateModified\":\"2024-05-07T09:48:43+00:00\",\"author\":{\"@id\":\"https:\/\/www.mojekonferencje.pl\/blog\/#\/schema\/person\/d6751ca3c60de9ec17ee21b744bbb2d4\"},\"description\":\"Najlepsze hotele w Olsztynie - blog | MojeKonferencje.pl\",\"breadcrumb\":{\"@id\":\"https:\/\/www.mojekonferencje.pl\/blog\/najlepsze-hotele-w-olsztynie\/#breadcrumb\"},\"inLanguage\":\"pl-PL\",\"potentialAction\":[{\"@type\":\"ReadAction\",\"target\":[\"https:\/\/www.mojekonferencje.pl\/blog\/najlepsze-hotele-w-olsztynie\/\"]}]},{\"@type\":\"ImageObject\",\"inLanguage\":\"pl-PL\",\"@id\":\"https:\/\/www.mojekonferencje.pl\/blog\/najlepsze-hotele-w-olsztynie\/#primaryimage\",\"url\":\"https:\/\/www.mojekonferencje.pl\/blog\/wp-content\/uploads\/2023\/08\/Fotoram.io-21.jpg\",\"contentUrl\":\"https:\/\/www.mojekonferencje.pl\/blog\/wp-content\/uploads\/2023\/08\/Fotoram.io-21.jpg\",\"width\":1200,\"height\":720},{\"@type\":\"BreadcrumbList\",\"@id\":\"https:\/\/www.mojekonferencje.pl\/blog\/najlepsze-hotele-w-olsztynie\/#breadcrumb\",\"itemListElement\":[{\"@type\":\"ListItem\",\"position\":1,\"name\":\"Strona g\u0142\u00f3wna\",\"item\":\"https:\/\/www.mojekonferencje.pl\/blog\/\"},{\"@type\":\"ListItem\",\"position\":2,\"name\":\"Najlepsze hotele w Olsztynie\"}]},{\"@type\":\"WebSite\",\"@id\":\"https:\/\/www.mojekonferencje.pl\/blog\/#website\",\"url\":\"https:\/\/www.mojekonferencje.pl\/blog\/\",\"name\":\"MojeKonferencje.pl\",\"description\":\"Blog bran\u017cy szkoleniowo-konferencyjnej. W\u0142\u0105cz si\u0119 do dyskusji o obiektach konferencyjnych i nowo\u015bciach z bran\u017cy! Poznaj porady odno\u015bnie organizacji konferencji, szkole\u0144 i event\u00f3w firmowych! Zach\u0119camy do wyra\u017cania opinii oraz komentarzy.\",\"potentialAction\":[{\"@type\":\"SearchAction\",\"target\":{\"@type\":\"EntryPoint\",\"urlTemplate\":\"https:\/\/www.mojekonferencje.pl\/blog\/?s={search_term_string}\"},\"query-input\":{\"@type\":\"PropertyValueSpecification\",\"valueRequired\":true,\"valueName\":\"search_term_string\"}}],\"inLanguage\":\"pl-PL\"},{\"@type\":\"Person\",\"@id\":\"https:\/\/www.mojekonferencje.pl\/blog\/#\/schema\/person\/d6751ca3c60de9ec17ee21b744bbb2d4\",\"name\":\"Olga Stawicka-Iwanowska\",\"description\":\"Head of Marketing z ponad sze\u015bcioletnim do\u015bwiadczeniem w bran\u017cy MICE. Na co dzie\u0144 zajmuje si\u0119 content marketingiem i promocj\u0105 obiekt\u00f3w eventowych, tak aby organizatorzy kongres\u00f3w, targ\u00f3w i konferencji wiedzieli, \u017ce w\u0142a\u015bnie tam warto zrealizowa\u0107 swoje wydarzenie. Prowadzi media spo\u0142eczno\u015bciowe, tworzy strategie komunikacji, pisze artyku\u0142y i dba o sp\u00f3jny wizerunek marki w ka\u017cdym kanale. W swojej pracy \u0142\u0105czy analityczne my\u015blenie z kreatywno\u015bci\u0105 i dobrym copy. Wsp\u00f3\u0142pracuje zar\u00f3wno z organizatorami najwi\u0119kszych wydarze\u0144 w Polsce, jak i z regionalnymi partnerami z bran\u017cy. Po godzinach mi\u0142o\u015bniczka podr\u00f3\u017cy po Europie, dobrej kuchni i klimatycznych miejsc, w kt\u00f3rych mo\u017cna z\u0142apa\u0107 oddech.\",\"sameAs\":[\"http:\/\/MojeKonferencje.pl\",\"https:\/\/www.linkedin.com\/in\/olgastawicka\/\"],\"url\":\"https:\/\/www.mojekonferencje.pl\/blog\/author\/osawicka\/\"}]}<\/script>\n<!-- \/ Yoast SEO plugin. -->","yoast_head_json":{"title":"Najlepsze hotele w Olsztynie - blog | MojeKonferencje.pl","description":"Najlepsze hotele w Olsztynie - blog | MojeKonferencje.pl","robots":{"index":"index","follow":"follow","max-snippet":"max-snippet:-1","max-image-preview":"max-image-preview:large","max-video-preview":"max-video-preview:-1"},"canonical":"https:\/\/www.mojekonferencje.pl\/blog\/najlepsze-hotele-w-olsztynie\/","og_locale":"pl_PL","og_type":"article","og_title":"Najlepsze hotele w Olsztynie - blog | MojeKonferencje.pl","og_description":"Najlepsze hotele w Olsztynie - blog | MojeKonferencje.pl","og_url":"https:\/\/www.mojekonferencje.pl\/blog\/najlepsze-hotele-w-olsztynie\/","og_site_name":"MojeKonferencje.pl","article_published_time":"2023-07-26T18:13:00+00:00","article_modified_time":"2024-05-07T09:48:43+00:00","og_image":[{"width":1200,"height":720,"url":"https:\/\/www.mojekonferencje.pl\/blog\/wp-content\/uploads\/2023\/08\/Fotoram.io-21.jpg","type":"image\/jpeg"}],"author":"Olga Stawicka-Iwanowska","twitter_card":"summary_large_image","twitter_misc":{"Napisane przez":"Olga Stawicka-Iwanowska","Szacowany czas czytania":"14 minut"},"schema":{"@context":"https:\/\/schema.org","@graph":[{"@type":"Article","@id":"https:\/\/www.mojekonferencje.pl\/blog\/najlepsze-hotele-w-olsztynie\/#article","isPartOf":{"@id":"https:\/\/www.mojekonferencje.pl\/blog\/najlepsze-hotele-w-olsztynie\/"},"author":{"name":"Olga Stawicka-Iwanowska","@id":"https:\/\/www.mojekonferencje.pl\/blog\/#\/schema\/person\/d6751ca3c60de9ec17ee21b744bbb2d4"},"headline":"Najlepsze hotele w Olsztynie","datePublished":"2023-07-26T18:13:00+00:00","dateModified":"2024-05-07T09:48:43+00:00","mainEntityOfPage":{"@id":"https:\/\/www.mojekonferencje.pl\/blog\/najlepsze-hotele-w-olsztynie\/"},"wordCount":2174,"image":{"@id":"https:\/\/www.mojekonferencje.pl\/blog\/najlepsze-hotele-w-olsztynie\/#primaryimage"},"thumbnailUrl":"https:\/\/www.mojekonferencje.pl\/blog\/wp-content\/uploads\/2023\/08\/Fotoram.io-21.jpg","keywords":["hotel","hotele","hotele konferencyjne"],"articleSection":["Travel","Wybieranie miejsca konferencyjnego"],"inLanguage":"pl-PL"},{"@type":"WebPage","@id":"https:\/\/www.mojekonferencje.pl\/blog\/najlepsze-hotele-w-olsztynie\/","url":"https:\/\/www.mojekonferencje.pl\/blog\/najlepsze-hotele-w-olsztynie\/","name":"Najlepsze hotele w Olsztynie - blog | MojeKonferencje.pl","isPartOf":{"@id":"https:\/\/www.mojekonferencje.pl\/blog\/#website"},"primaryImageOfPage":{"@id":"https:\/\/www.mojekonferencje.pl\/blog\/najlepsze-hotele-w-olsztynie\/#primaryimage"},"image":{"@id":"https:\/\/www.mojekonferencje.pl\/blog\/najlepsze-hotele-w-olsztynie\/#primaryimage"},"thumbnailUrl":"https:\/\/www.mojekonferencje.pl\/blog\/wp-content\/uploads\/2023\/08\/Fotoram.io-21.jpg","datePublished":"2023-07-26T18:13:00+00:00","dateModified":"2024-05-07T09:48:43+00:00","author":{"@id":"https:\/\/www.mojekonferencje.pl\/blog\/#\/schema\/person\/d6751ca3c60de9ec17ee21b744bbb2d4"},"description":"Najlepsze hotele w Olsztynie - blog | MojeKonferencje.pl","breadcrumb":{"@id":"https:\/\/www.mojekonferencje.pl\/blog\/najlepsze-hotele-w-olsztynie\/#breadcrumb"},"inLanguage":"pl-PL","potentialAction":[{"@type":"ReadAction","target":["https:\/\/www.mojekonferencje.pl\/blog\/najlepsze-hotele-w-olsztynie\/"]}]},{"@type":"ImageObject","inLanguage":"pl-PL","@id":"https:\/\/www.mojekonferencje.pl\/blog\/najlepsze-hotele-w-olsztynie\/#primaryimage","url":"https:\/\/www.mojekonferencje.pl\/blog\/wp-content\/uploads\/2023\/08\/Fotoram.io-21.jpg","contentUrl":"https:\/\/www.mojekonferencje.pl\/blog\/wp-content\/uploads\/2023\/08\/Fotoram.io-21.jpg","width":1200,"height":720},{"@type":"BreadcrumbList","@id":"https:\/\/www.mojekonferencje.pl\/blog\/najlepsze-hotele-w-olsztynie\/#breadcrumb","itemListElement":[{"@type":"ListItem","position":1,"name":"Strona g\u0142\u00f3wna","item":"https:\/\/www.mojekonferencje.pl\/blog\/"},{"@type":"ListItem","position":2,"name":"Najlepsze hotele w Olsztynie"}]},{"@type":"WebSite","@id":"https:\/\/www.mojekonferencje.pl\/blog\/#website","url":"https:\/\/www.mojekonferencje.pl\/blog\/","name":"MojeKonferencje.pl","description":"Blog bran\u017cy szkoleniowo-konferencyjnej. W\u0142\u0105cz si\u0119 do dyskusji o obiektach konferencyjnych i nowo\u015bciach z bran\u017cy! Poznaj porady odno\u015bnie organizacji konferencji, szkole\u0144 i event\u00f3w firmowych! Zach\u0119camy do wyra\u017cania opinii oraz komentarzy.","potentialAction":[{"@type":"SearchAction","target":{"@type":"EntryPoint","urlTemplate":"https:\/\/www.mojekonferencje.pl\/blog\/?s={search_term_string}"},"query-input":{"@type":"PropertyValueSpecification","valueRequired":true,"valueName":"search_term_string"}}],"inLanguage":"pl-PL"},{"@type":"Person","@id":"https:\/\/www.mojekonferencje.pl\/blog\/#\/schema\/person\/d6751ca3c60de9ec17ee21b744bbb2d4","name":"Olga Stawicka-Iwanowska","description":"Head of Marketing z ponad sze\u015bcioletnim do\u015bwiadczeniem w bran\u017cy MICE. Na co dzie\u0144 zajmuje si\u0119 content marketingiem i promocj\u0105 obiekt\u00f3w eventowych, tak aby organizatorzy kongres\u00f3w, targ\u00f3w i konferencji wiedzieli, \u017ce w\u0142a\u015bnie tam warto zrealizowa\u0107 swoje wydarzenie. Prowadzi media spo\u0142eczno\u015bciowe, tworzy strategie komunikacji, pisze artyku\u0142y i dba o sp\u00f3jny wizerunek marki w ka\u017cdym kanale. W swojej pracy \u0142\u0105czy analityczne my\u015blenie z kreatywno\u015bci\u0105 i dobrym copy. Wsp\u00f3\u0142pracuje zar\u00f3wno z organizatorami najwi\u0119kszych wydarze\u0144 w Polsce, jak i z regionalnymi partnerami z bran\u017cy. Po godzinach mi\u0142o\u015bniczka podr\u00f3\u017cy po Europie, dobrej kuchni i klimatycznych miejsc, w kt\u00f3rych mo\u017cna z\u0142apa\u0107 oddech.","sameAs":["http:\/\/MojeKonferencje.pl","https:\/\/www.linkedin.com\/in\/olgastawicka\/"],"url":"https:\/\/www.mojekonferencje.pl\/blog\/author\/osawicka\/"}]}},"_links":{"self":[{"href":"https:\/\/www.mojekonferencje.pl\/blog\/wp-json\/wp\/v2\/posts\/4218","targetHints":{"allow":["GET"]}}],"collection":[{"href":"https:\/\/www.mojekonferencje.pl\/blog\/wp-json\/wp\/v2\/posts"}],"about":[{"href":"https:\/\/www.mojekonferencje.pl\/blog\/wp-json\/wp\/v2\/types\/post"}],"author":[{"embeddable":true,"href":"https:\/\/www.mojekonferencje.pl\/blog\/wp-json\/wp\/v2\/users\/9"}],"replies":[{"embeddable":true,"href":"https:\/\/www.mojekonferencje.pl\/blog\/wp-json\/wp\/v2\/comments?post=4218"}],"version-history":[{"count":5,"href":"https:\/\/www.mojekonferencje.pl\/blog\/wp-json\/wp\/v2\/posts\/4218\/revisions"}],"predecessor-version":[{"id":4968,"href":"https:\/\/www.mojekonferencje.pl\/blog\/wp-json\/wp\/v2\/posts\/4218\/revisions\/4968"}],"wp:featuredmedia":[{"embeddable":true,"href":"https:\/\/www.mojekonferencje.pl\/blog\/wp-json\/wp\/v2\/media\/4219"}],"wp:attachment":[{"href":"https:\/\/www.mojekonferencje.pl\/blog\/wp-json\/wp\/v2\/media?parent=4218"}],"wp:term":[{"taxonomy":"category","embeddable":true,"href":"https:\/\/www.mojekonferencje.pl\/blog\/wp-json\/wp\/v2\/categories?post=4218"},{"taxonomy":"post_tag","embeddable":true,"href":"https:\/\/www.mojekonferencje.pl\/blog\/wp-json\/wp\/v2\/tags?post=4218"}],"curies":[{"name":"wp","href":"https:\/\/api.w.org\/{rel}","templated":true}]}}