{"id":4397,"date":"2023-09-30T18:04:00","date_gmt":"2023-09-30T16:04:00","guid":{"rendered":"https:\/\/www.mojekonferencje.pl\/blog\/?p=4397"},"modified":"2025-05-20T10:39:02","modified_gmt":"2025-05-20T08:39:02","slug":"nowe-ciekawe-obiekty-na-event-w-warszawie","status":"publish","type":"post","link":"https:\/\/www.mojekonferencje.pl\/blog\/nowe-ciekawe-obiekty-na-event-w-warszawie\/","title":{"rendered":"Nowe ciekawe obiekty na event w Warszawie"},"content":{"rendered":"\n<p><strong>Warszawa, stolica Polski, to miasto pe\u0142ne \u017cycia, gdzie kultura, sztuka, i biznes spotykaj\u0105 si\u0119 na ka\u017cdym kroku. To nie tylko centrum administracyjne, ale r\u00f3wnie\u017c znakomite miejsce na organizacj\u0119 r\u00f3\u017cnorodnych wydarze\u0144, konferencji i event\u00f3w. W sercu tej dynamicznej metropolii pojawiaj\u0105 si\u0119 stale nowe, ciekawe obiekty, kt\u00f3re staj\u0105 si\u0119 doskona\u0142ymi przestrzeniami na organizacj\u0119 spotka\u0144 biznesowych, kulturalnych wydarze\u0144, czy imprez okoliczno\u015bciowych. <\/strong><\/p>\n\n\n\n<p>W niniejszym artykule przyjrzymy si\u0119 kilku nowym i inspiruj\u0105cym miejscom, kt\u00f3re warto rozwa\u017cy\u0107 jako lokalizacje na nadchodz\u0105ce<strong> eventy w Warszawie<\/strong>. Niezale\u017cnie od charakteru wydarzenia, te obiekty oferuj\u0105 nowoczesno\u015b\u0107, wygod\u0119, i unikaln\u0105 atmosfer\u0119, kt\u00f3ra przyci\u0105ga organizator\u00f3w i uczestnik\u00f3w z r\u00f3\u017cnych zak\u0105tk\u00f3w \u015bwiata. Je\u015bli interesuj\u0105 Ci\u0119 tradycyjne <a href=\"https:\/\/www.mojekonferencje.pl\/sale-konferencyjne-warszawa\">hotele w Warszawie<\/a>, to znajdziesz je na naszym portalu! <\/p>\n\n\n\n<p>Tymczasem zach\u0119camy do lektury tego tekstu, w kt\u00f3rym przyjrzeli\u015bmy si\u0119 obiektom, takim jak:<\/p>\n\n\n\n<figure class=\"wp-block-table\"><table><tbody><tr><td><a href=\"https:\/\/www.mojekonferencje.pl\/warszawa\/munja-browary-warszawskie\">Restauracja Munja Browary Warszawskie<\/a><\/td><td><a href=\"https:\/\/www.mojekonferencje.pl\/warszawa\/baila-show-dining\">Baila Show&amp;Dining<\/a><\/td><\/tr><tr><td><a href=\"https:\/\/www.mojekonferencje.pl\/warszawa\/restauracja-selavi\">Selavi<\/a><\/td><td><a href=\"https:\/\/www.mojekonferencje.pl\/warszawa\/kinogram\">KinoGram<\/a><\/td><\/tr><tr><td><a href=\"https:\/\/www.mojekonferencje.pl\/warszawa\/browar-warszawski\">Browar Warszawski<\/a><\/td><td><a href=\"https:\/\/www.mojekonferencje.pl\/warszawa\/moxo-restaurant-club\">Moxo Restaurant &amp; Club<\/a><\/td><\/tr><tr><td><a href=\"https:\/\/www.mojekonferencje.pl\/warszawa\/centrum-konferencyjne-legii-warszawa\">Centrum Konferencyjne Stadion Legia Warszawa<\/a><\/td><td><a href=\"https:\/\/www.mojekonferencje.pl\/warszawa\/samo-centrum-wszechswiata\">Samo Centrum Wszech\u015bwiata &#8211; Warsaw Event Space<\/a><\/td><\/tr><tr><td><a href=\"https:\/\/www.mojekonferencje.pl\/warszawa\/mindspace-koszyki\">Mindspace Koszyki<\/a><\/td><td><a href=\"https:\/\/www.mojekonferencje.pl\/warszawa\/space-events-club\">SPACE Events Club<\/a><\/td><\/tr><tr><td><a href=\"https:\/\/www.mojekonferencje.pl\/warszawa\/event-hall-fabryka-norblina\">Event Hall Fabryka Norblina<\/a><\/td><td><a href=\"https:\/\/www.mojekonferencje.pl\/warszawa\/instytut-wzornictwa-przemyslowego\">Instytut Wzornictwa Przemys\u0142owego<\/a><\/td><\/tr><tr><td><a href=\"https:\/\/www.mojekonferencje.pl\/warszawa\/chmielna-73\">Chmielna 73<\/a><\/td><td><a href=\"https:\/\/www.mojekonferencje.pl\/warszawa\/kultura-wysoka\">Kultura Wysoka<\/a><\/td><\/tr><tr><td><a href=\"https:\/\/www.mojekonferencje.pl\/warszawa\/bohema\">BOHEMA2.8<\/a><\/td><td><a href=\"https:\/\/www.mojekonferencje.pl\/warszawa\/studio-sol-i-studio-maka\">Studio S\u00f3l i Studio M\u0105ka<\/a><\/td><\/tr><tr><td><a href=\"https:\/\/www.mojekonferencje.pl\/warszawa\/myhive-warsaw-spire\">myhive Warsaw Spire<\/a><\/td><td><a href=\"https:\/\/www.mojekonferencje.pl\/warszawa\/hulakula-rozrywkowe-centrum-miasta\">Hulakula Rozrywkowe Centrum Miasta<\/a><\/td><\/tr><tr><td><a href=\"https:\/\/www.mojekonferencje.pl\/warszawa\/mon-ami-restauracja-francuska\">Mon Ami Restauracja Francuska<\/a><\/td><td><a href=\"https:\/\/www.mojekonferencje.pl\/warszawa\/willa-brzegi\">Willa Brzegi<\/a><\/td><\/tr><tr><td><a href=\"https:\/\/www.mojekonferencje.pl\/warszawa\/mysia-3\">MYSIA 3<\/a><\/td><td><a href=\"https:\/\/www.mojekonferencje.pl\/warszawa\/teatr-capitol-warszawa\">Teatr Capitol Warszawa<\/a><\/td><\/tr><\/tbody><\/table><\/figure>\n\n\n\n<h2 class=\"wp-block-heading has-text-align-center has-vivid-purple-color has-text-color has-link-color wp-elements-9cd56b74bf9e85e769061e5e84e07973\"><a href=\"https:\/\/www.mojekonferencje.pl\/warszawa\/munja-browary-warszawskie\"><span style=\"text-decoration: underline;\">Restauracja Munja Browary Warszawskie<\/span><\/a><\/h2>\n\n\n\n<p>Zapraszamy do <strong>Restauracji Munja Browary Warszawskie<\/strong> &#8211; wyj\u0105tkowego miejsca, gdzie adriatycka kuchnia spotyka si\u0119 z tradycj\u0105 w sercu stolicy Polski. Za\u0142o\u017cona przez rodzin\u0119 z Czarnog\u00f3ry, restauracja przenosi autentyczny smak Po\u0142udnia do historycznych Browar\u00f3w Warszawskich, nadaj\u0105c im niepowtarzalny charakter. Wn\u0119trze emanuje elegancj\u0105 i przestrzenno\u015bci\u0105, tworz\u0105c atmosfer\u0119 pe\u0142n\u0105 pasji do gotowania. Dba\u0142o\u015b\u0107 o detale zar\u00f3wno w wystroju, jak i w podawanych daniach sprawia, \u017ce ka\u017cdy go\u015b\u0107 czuje si\u0119 jak w prawdziwym ba\u0142ka\u0144skim domu.<\/p>\n\n\n\n<p><strong>Munja Browary Warszawskie <\/strong>oferuje doskona\u0142e warunki do organizacji konferencji na powierzchni 446 metr\u00f3w kwadratowych, z dodatkowym ogrodem o powierzchni 200 metr\u00f3w kwadratowych. Starannie urz\u0105dzone, designerskie wn\u0119trza tworz\u0105 klimat sprzyjaj\u0105cy efektywnej pracy. Restauracja mo\u017ce pomie\u015bci\u0107 190 go\u015bci, a dodatkowe 130 miejsc w ogrodzie pozwala na elastyczne dostosowanie przestrzeni do potrzeb uczestnik\u00f3w. To idealne miejsce dla r\u00f3\u017cnego rodzaju wydarze\u0144 biznesowych, gdzie tradycja i nowoczesno\u015b\u0107 \u0142\u0105cz\u0105 si\u0119, tworz\u0105c inspiruj\u0105c\u0105 atmosfer\u0119 dla udanych konferencji.<\/p>\n\n\n\n<figure class=\"wp-block-image size-full\"><a href=\"https:\/\/www.mojekonferencje.pl\/blog\/wp-content\/uploads\/2024\/04\/1wlaa-1.jpg\"><img loading=\"lazy\" decoding=\"async\" width=\"960\" height=\"580\" src=\"https:\/\/www.mojekonferencje.pl\/blog\/wp-content\/uploads\/2024\/04\/1wlaa-1.jpg\" alt=\"\" class=\"wp-image-4921 lazyload\" data-srcset=\"https:\/\/www.mojekonferencje.pl\/blog\/wp-content\/uploads\/2024\/04\/1wlaa-1.jpg 960w, https:\/\/www.mojekonferencje.pl\/blog\/wp-content\/uploads\/2024\/04\/1wlaa-1-300x181.jpg 300w, https:\/\/www.mojekonferencje.pl\/blog\/wp-content\/uploads\/2024\/04\/1wlaa-1-768x464.jpg 768w\" sizes=\"auto\" \/><\/a><\/figure>\n\n\n\n<h2 class=\"wp-block-heading has-text-align-center has-vivid-purple-color has-text-color has-link-color wp-elements-eb0978686481d168f70f0f75746cedd2\"><a href=\"https:\/\/www.mojekonferencje.pl\/warszawa\/restauracja-selavi\"><span style=\"text-decoration: underline;\">Selavi<\/span><\/a><\/h2>\n\n\n\n<p>Koniecznie odwied\u017a <strong>Selavi<\/strong> &#8211; niepowtarzalne miejsce w sercu Warszawy, stworzone dla mi\u0142o\u015bnik\u00f3w dobrej kuchni i rozrywki. Restauracja wyr\u00f3\u017cnia si\u0119 doskona\u0142ym menu oraz najgor\u0119tszym barem w mie\u015bcie, gdzie smaki eksploduj\u0105, a atmosfera zapewnia niezapomniane chwile sp\u0119dzone w gronie przyjaci\u00f3\u0142. Po\u0142o\u017cony w monumentalnej kamienicy Krasi\u0144skich, <strong>Selavi <\/strong>przenosi go\u015bci w \u015bwiat pe\u0142en historii i uroku stolicy Polski, \u0142\u0105cz\u0105c nowoczesno\u015b\u0107 z klasycznym wdzi\u0119kiem.<\/p>\n\n\n\n<p><strong>Selavi <\/strong>to doskona\u0142e miejsce do organizacji konferencji i event\u00f3w, oferuj\u0105c eleganck\u0105 przestrze\u0144 restauracyjn\u0105 oraz urokliwe patio. Restauracja mo\u017ce pomie\u015bci\u0107 maksymalnie 170 go\u015bci podczas siedz\u0105cej kolacji i 250 os\u00f3b na stoj\u0105co, a po\u0142\u0105czenie patio i restauracji pozwala na przyj\u0119cie nawet 600 os\u00f3b. To idealne miejsce dla tych, kt\u00f3rzy pragn\u0105 zorganizowa\u0107 konferencj\u0119 w wyj\u0105tkowej atmosferze, ciesz\u0105c si\u0119 elegancj\u0105, smakiem i stylem.<\/p>\n\n\n\n<figure class=\"wp-block-image size-full\"><a href=\"https:\/\/www.mojekonferencje.pl\/blog\/wp-content\/uploads\/2024\/04\/2wlaa-1.jpg\"><img loading=\"lazy\" decoding=\"async\" width=\"960\" height=\"580\" src=\"https:\/\/www.mojekonferencje.pl\/blog\/wp-content\/uploads\/2024\/04\/2wlaa-1.jpg\" alt=\"\" class=\"wp-image-4922 lazyload\" data-srcset=\"https:\/\/www.mojekonferencje.pl\/blog\/wp-content\/uploads\/2024\/04\/2wlaa-1.jpg 960w, https:\/\/www.mojekonferencje.pl\/blog\/wp-content\/uploads\/2024\/04\/2wlaa-1-300x181.jpg 300w, https:\/\/www.mojekonferencje.pl\/blog\/wp-content\/uploads\/2024\/04\/2wlaa-1-768x464.jpg 768w\" sizes=\"auto\" \/><\/a><\/figure>\n\n\n\n<h2 class=\"wp-block-heading has-text-align-center has-vivid-purple-color has-text-color has-link-color wp-elements-92f03d52980e69a518f4a60e5e567e35\"><a href=\"https:\/\/www.mojekonferencje.pl\/warszawa\/browar-warszawski\"><span style=\"text-decoration: underline;\">Browar Warszawski<\/span><\/a><\/h2>\n\n\n\n<p>Ten obiekt to wi\u0119cej ni\u017c tylko mekka dla mi\u0142o\u015bnik\u00f3w kraftowego piwa &#8211; to tak\u017ce doskona\u0142e miejsce do organizacji konferencji i event\u00f3w. Stanowi jedno z najbardziej wyj\u0105tkowych miejsc w stolicy Polski, kt\u00f3re zapewnia nie tylko niezapomniane doznania smakowe, ale r\u00f3wnie\u017c profesjonalne wsparcie w organizacji r\u00f3\u017cnego rodzaju spotka\u0144 biznesowych czy prywatnych. Atmosfera <strong>Browaru Warszawskiego<\/strong> jest niezwyk\u0142a i przyci\u0105ga zar\u00f3wno sta\u0142ych bywalc\u00f3w, jak i nowych go\u015bci. Wn\u0119trze utrzymane jest w rustykalnym stylu z przewag\u0105 drewna i ceg\u0142y, co nadaje mu wyj\u0105tkowego charakteru.<\/p>\n\n\n\n<p>To miejsce, kt\u00f3re pozwoli zorganizowa\u0107 profesjonalne spotkania biznesowe czy prywatne imprezy w niezwyk\u0142ym otoczeniu. <strong>Browar Warszawski <\/strong>to ponad 1000 metr\u00f3w kwadratowych wszechstronnych mo\u017cliwo\u015bci eventowych! Dwie niezale\u017cne kuchnie, trzy pi\u0119tra oraz bogate menu eventowe to tylko wierzcho\u0142ek g\u00f3ry lodowej. W lokalu znajduj\u0105 si\u0119 trzy r\u00f3\u017cne bary, oferuj\u0105ce nieograniczone opcje dla ka\u017cdego eventu. Co wi\u0119cej, wy\u015bmienita kuchnia, \u0142\u0105cz\u0105ca tradycyjne smaki z nowoczesnym podej\u015bciem, z pewno\u015bci\u0105 zachwyci go\u015bci.<\/p>\n\n\n\n<figure class=\"wp-block-image size-full\"><a href=\"https:\/\/www.mojekonferencje.pl\/blog\/wp-content\/uploads\/2024\/04\/3wlaa.jpg\"><img loading=\"lazy\" decoding=\"async\" width=\"960\" height=\"580\" src=\"https:\/\/www.mojekonferencje.pl\/blog\/wp-content\/uploads\/2024\/04\/3wlaa.jpg\" alt=\"\" class=\"wp-image-4923 lazyload\" data-srcset=\"https:\/\/www.mojekonferencje.pl\/blog\/wp-content\/uploads\/2024\/04\/3wlaa.jpg 960w, https:\/\/www.mojekonferencje.pl\/blog\/wp-content\/uploads\/2024\/04\/3wlaa-300x181.jpg 300w, https:\/\/www.mojekonferencje.pl\/blog\/wp-content\/uploads\/2024\/04\/3wlaa-768x464.jpg 768w\" sizes=\"auto\" \/><\/a><\/figure>\n\n\n\n<h2 class=\"wp-block-heading has-text-align-center has-vivid-purple-color has-text-color has-link-color wp-elements-fea81815bbf21ccb0fcdfc28e815ea8d\"><a href=\"https:\/\/www.mojekonferencje.pl\/warszawa\/centrum-konferencyjne-legii-warszawa\"><span style=\"text-decoration: underline;\">Centrum Konferencyjne Stadion Legia Warszawa<\/span><\/a><\/h2>\n\n\n\n<p>Warto te\u017c uda\u0107 si\u0119 do <strong>Centrum Konferencyjnego Legii Warszawa<\/strong> &#8211; doskona\u0142ego miejsca, kt\u00f3re mo\u017ce sta\u0107 si\u0119 \u017ar\u00f3d\u0142em inspiracji i motywacji dla Twoich pracownik\u00f3w. Zlokalizowane na terenie stadionu, przestronne sale konferencyjne i bankietowe oferuj\u0105 nie tylko profesjonalne wyposa\u017cenie, ale tak\u017ce zapieraj\u0105cy dech w piersiach widok na panoram\u0119 miasta i stadionu. To miejsce przyci\u0105ga uwag\u0119 nie tylko mi\u0142o\u015bnik\u00f3w sportu, ale r\u00f3wnie\u017c osoby poszukuj\u0105ce inspiracji i wyj\u0105tkowego otoczenia do organizacji spotka\u0144 biznesowych czy okoliczno\u015bciowych.<\/p>\n\n\n\n<p>Niezaprzeczalnym atutem <strong>Centrum Konferencyjnego Legii Warszawa<\/strong> jest widok, jaki mo\u017cna podziwia\u0107 z niekt\u00f3rych sal. Panorama stadionu wprowadza uczestnik\u00f3w w pozytywny nastr\u00f3j i stanowi doskona\u0142e t\u0142o dla organizowanych wydarze\u0144. Profesjonalny zesp\u00f3\u0142 Centrum Konferencyjnego Legii Warszawa zapewnia kompleksow\u0105 obs\u0142ug\u0119 i doradztwo. Do\u015bwiadczeni pracownicy s\u0142u\u017c\u0105 pomoc\u0105 w doborze odpowiedniej sali, cateringu, a tak\u017ce w organizacji dodatkowych atrakcji, takich jak zwiedzanie stadionu czy korzystanie z dost\u0119pnych w pobli\u017cu atrakcji turystycznych.<\/p>\n\n\n\n<figure class=\"wp-block-image size-full\"><a href=\"https:\/\/www.mojekonferencje.pl\/blog\/wp-content\/uploads\/2024\/04\/4-wlaa.jpg\"><img loading=\"lazy\" decoding=\"async\" width=\"960\" height=\"580\" src=\"https:\/\/www.mojekonferencje.pl\/blog\/wp-content\/uploads\/2024\/04\/4-wlaa.jpg\" alt=\"\" class=\"wp-image-4924 lazyload\" data-srcset=\"https:\/\/www.mojekonferencje.pl\/blog\/wp-content\/uploads\/2024\/04\/4-wlaa.jpg 960w, https:\/\/www.mojekonferencje.pl\/blog\/wp-content\/uploads\/2024\/04\/4-wlaa-300x181.jpg 300w, https:\/\/www.mojekonferencje.pl\/blog\/wp-content\/uploads\/2024\/04\/4-wlaa-768x464.jpg 768w\" sizes=\"auto\" \/><\/a><\/figure>\n\n\n\n<h2 class=\"wp-block-heading has-text-align-center has-vivid-purple-color has-text-color has-link-color wp-elements-066b7597bc86f504d352f14b54f2fc3b\"><a href=\"https:\/\/www.mojekonferencje.pl\/warszawa\/mindspace-koszyki\"><span style=\"text-decoration: underline;\">Mindspace Koszyki<\/span><\/a><\/h2>\n\n\n\n<p><strong>Nowe obiekty na event w Warszawie <\/strong>to r\u00f3wnie\u017c <strong>Mindspace Koszyki<\/strong>. Nie przejdziesz oboj\u0119tnie obok tego wyj\u0105tkowego miejsca do pracy, usytuowanego w samym sercu Warszawy, w historycznej Hali Koszyki. Ten unikalny obiekt oferuje nowoczesne rozwi\u0105zania biurowe na niemal 5 500 metr\u00f3w kwadratowych, roz\u0142o\u017conych na sze\u015bciu pi\u0119trach. To idealne miejsce zar\u00f3wno dla os\u00f3b szukaj\u0105cych przestronnych przestrzeni do pracy, jak i tych, kt\u00f3rzy potrzebuj\u0105 kameralnych pomieszcze\u0144 dostosowanych do swoich indywidualnych potrzeb.<\/p>\n\n\n\n<p>Jednym z g\u0142\u00f3wnych atut\u00f3w <strong>Mindspace Koszyki<\/strong> s\u0105 prywatne biura, kt\u00f3re zapewniaj\u0105 spokojn\u0105 i koncentruj\u0105c\u0105 atmosfer\u0119 pracy. Te przestronne gabinety wyposa\u017cone s\u0105 w nowoczesny sprz\u0119t, u\u0142atwiaj\u0105cy efektywn\u0105 prac\u0119. Dodatkowo obiekt oferuje r\u00f3wnie\u017c w pe\u0142ni wyposa\u017cone sale konferencyjne, umo\u017cliwiaj\u0105ce organizacj\u0119 spotka\u0144 biznesowych czy prezentacji na najwy\u017cszym poziomie. W <strong>Mindspace Koszyki <\/strong>zadbano r\u00f3wnie\u017c o komfort gastronomiczny go\u015bci. Na terenie obiektu znajduj\u0105 si\u0119 funkcjonalne kuchnie, gdzie mo\u017cna przygotowa\u0107 posi\u0142ki lub przerwa\u0107 prac\u0119 na relaks przy kawie.<\/p>\n\n\n\n<figure class=\"wp-block-image size-full\"><a href=\"https:\/\/www.mojekonferencje.pl\/blog\/wp-content\/uploads\/2024\/04\/5-wlaa.jpg\"><img loading=\"lazy\" decoding=\"async\" width=\"960\" height=\"580\" src=\"https:\/\/www.mojekonferencje.pl\/blog\/wp-content\/uploads\/2024\/04\/5-wlaa.jpg\" alt=\"\" class=\"wp-image-4925 lazyload\" data-srcset=\"https:\/\/www.mojekonferencje.pl\/blog\/wp-content\/uploads\/2024\/04\/5-wlaa.jpg 960w, https:\/\/www.mojekonferencje.pl\/blog\/wp-content\/uploads\/2024\/04\/5-wlaa-300x181.jpg 300w, https:\/\/www.mojekonferencje.pl\/blog\/wp-content\/uploads\/2024\/04\/5-wlaa-768x464.jpg 768w\" sizes=\"auto\" \/><\/a><\/figure>\n\n\n\n<h2 class=\"wp-block-heading has-text-align-center has-vivid-purple-color has-text-color has-link-color wp-elements-57b127c8c29560accb78c84896680a11\"><a href=\"https:\/\/www.mojekonferencje.pl\/warszawa\/event-hall-fabryka-norblina\"><span style=\"text-decoration: underline;\">Event Hall Fabryka Norblina<\/span><\/a><\/h2>\n\n\n\n<p>Kolejny <strong>must see w Warszawie <\/strong>to <strong>Event Hall<\/strong> &#8211; fascynuj\u0105ce po\u0142\u0105czenie historii z nowoczesno\u015bci\u0105 w samym sercu stolicy. Ta unikatowa przestrze\u0144, znajduj\u0105ca si\u0119 na poziomie +1 w budynku Galwan Fabryki Norblina, emanuje wyj\u0105tkowym charakterem, kt\u00f3ry nadaje ka\u017cdemu wydarzeniu niepowtarzalny wymiar. Fabryka Norblina to miejsce, gdzie tradycja spotyka si\u0119 z innowacj\u0105, tworz\u0105c atmosfer\u0119, kt\u00f3ra zachwyca i inspiruje. Zachowane elementy historycznej architektury nadaj\u0105 wn\u0119trzom unikalny urok, jednocze\u015bnie wpisuj\u0105c si\u0119 w nowoczesne podej\u015bcie do organizacji wydarze\u0144. Jednym z niezaprzeczalnych atut\u00f3w Fabryki Norblina jest jej centralna lokalizacja, umo\u017cliwiaj\u0105ca \u0142atwy dost\u0119p dla go\u015bci z r\u00f3\u017cnych cz\u0119\u015bci miasta. Du\u017cy parking na a\u017c 400 pojazd\u00f3w stanowi dodatkowy komfort.<\/p>\n\n\n\n<p>Ka\u017cdy szczeg\u00f3\u0142 zosta\u0142 starannie przemy\u015blany, a unikalna aura towarzysz\u0105ca ka\u017cdemu wydarzeniu sprawia, \u017ce eventy organizowane w Event Hall staj\u0105 si\u0119 wyj\u0105tkowymi prze\u017cyciami, kt\u00f3re pozostawiaj\u0105 niezapomniane wspomnienia. <strong>Event Hall Fabryki Norblina<\/strong> oferuje przestrze\u0144 o powierzchni niemal 600 metr\u00f3w kwadratowych, zachwycaj\u0105c\u0105 industrialnym stylem i niepowtarzalnym klimatem. Idealna zar\u00f3wno na konferencje, jak i eventy okoliczno\u015bciowe, stanowi doskona\u0142e t\u0142o dla ka\u017cdej wyj\u0105tkowej okazji. Odkryj magi\u0119 spotka\u0144 w niepowtarzalnym otoczeniu Fabryki Norblina!<\/p>\n\n\n\n<figure class=\"wp-block-image size-full\"><a href=\"https:\/\/www.mojekonferencje.pl\/blog\/wp-content\/uploads\/2024\/04\/6-wlaa.jpg\"><img loading=\"lazy\" decoding=\"async\" width=\"960\" height=\"580\" src=\"https:\/\/www.mojekonferencje.pl\/blog\/wp-content\/uploads\/2024\/04\/6-wlaa.jpg\" alt=\"\" class=\"wp-image-4926 lazyload\" data-srcset=\"https:\/\/www.mojekonferencje.pl\/blog\/wp-content\/uploads\/2024\/04\/6-wlaa.jpg 960w, https:\/\/www.mojekonferencje.pl\/blog\/wp-content\/uploads\/2024\/04\/6-wlaa-300x181.jpg 300w, https:\/\/www.mojekonferencje.pl\/blog\/wp-content\/uploads\/2024\/04\/6-wlaa-768x464.jpg 768w\" sizes=\"auto\" \/><\/a><\/figure>\n\n\n\n<h2 class=\"wp-block-heading has-text-align-center has-vivid-purple-color has-text-color has-link-color wp-elements-8828a9413b6a55395b63518eaf38e6e3\"><a href=\"https:\/\/www.mojekonferencje.pl\/warszawa\/chmielna-73\"><span style=\"text-decoration: underline;\">Chmielna 73<\/span><\/a><\/h2>\n\n\n\n<p>Jest to kolejny <strong>nowy obiekt na event w Warszawie<\/strong>. Usytuowany w pobli\u017cu takich strategicznych punkt\u00f3w miasta jak Pa\u0142ac Kultury, Z\u0142ote Tarasy czy Dworzec Centralny, ten budynek jest doskonale skomunikowany z innymi cz\u0119\u015bciami stolicy, co czyni go idealnym miejscem dla r\u00f3\u017cnego rodzaju wydarze\u0144 i spotka\u0144. Zaprojektowany przez mi\u0119dzynarodowy zesp\u00f3\u0142 specjalist\u00f3w budynek prezentuje nowoczesn\u0105 architektur\u0119 i harmonijne po\u0142\u0105czenie funkcjonalno\u015bci z estetyk\u0105. Zachwycaj\u0105ce elewacje, eleganckie przeszklone fragmenty i starannie dobrana kolorystyka tworz\u0105 wyj\u0105tkow\u0105 atmosfer\u0119, kt\u00f3ra inspiruje do kreatywno\u015bci i wsp\u00f3\u0142pracy.<\/p>\n\n\n\n<p><strong>Kampus Innowacji przy Chmielnej 73<\/strong> oferuje kompleksow\u0105 organizacj\u0119 event\u00f3w i konferencji. Dzi\u0119ki 11 klimatyzowanym salom wyposa\u017conym w wysokiej klasy sprz\u0119t, takim jak projektory, g\u0142o\u015bniki i ekrany, mo\u017cliwe jest przeprowadzenie r\u00f3\u017cnorodnych spotka\u0144 i konferencji, zar\u00f3wno tych o charakterze kameralnym, jak i wi\u0119kszych, skupiaj\u0105cych nawet 250 uczestnik\u00f3w. Restauracja Mastermind, mieszcz\u0105ca si\u0119 w przestrzeni Chmielnej 73, to wyj\u0105tkowe miejsce, kt\u00f3re wzbogaca atmosfer\u0119 tego nowoczesnego obiektu o kulinarne doznania i niepowtarzalny smak.<\/p>\n\n\n\n<figure class=\"wp-block-image size-full\"><a href=\"https:\/\/www.mojekonferencje.pl\/blog\/wp-content\/uploads\/2024\/04\/7-wlaa.jpg\"><img loading=\"lazy\" decoding=\"async\" width=\"960\" height=\"580\" src=\"https:\/\/www.mojekonferencje.pl\/blog\/wp-content\/uploads\/2024\/04\/7-wlaa.jpg\" alt=\"\" class=\"wp-image-4927 lazyload\" data-srcset=\"https:\/\/www.mojekonferencje.pl\/blog\/wp-content\/uploads\/2024\/04\/7-wlaa.jpg 960w, https:\/\/www.mojekonferencje.pl\/blog\/wp-content\/uploads\/2024\/04\/7-wlaa-300x181.jpg 300w, https:\/\/www.mojekonferencje.pl\/blog\/wp-content\/uploads\/2024\/04\/7-wlaa-768x464.jpg 768w\" sizes=\"auto\" \/><\/a><\/figure>\n\n\n\n<h2 class=\"wp-block-heading has-text-align-center has-vivid-purple-color has-text-color has-link-color wp-elements-7c712248d018d5a629d9ad8bd53e32f7\"><a href=\"https:\/\/www.mojekonferencje.pl\/warszawa\/bohema\"><span style=\"text-decoration: underline;\">BOHEMA2.8<\/span><\/a><\/h2>\n\n\n\n<p>Je\u015bli chodzi o <strong>nowe obiekty eventowe w Warszawie<\/strong>, to Twojej uwadze polecamy te\u017c <strong>BOHEMA2.8<\/strong>. Warto skorzysta\u0107 z tej wyj\u0105tkowej przestrzeni, stworzonej z my\u015bl\u0105 o organizacji r\u00f3\u017cnorodnych wydarze\u0144, kt\u00f3ra zachwyca swoj\u0105 unikaln\u0105 atmosfer\u0105. Zlokalizowana na warszawskiej Pradze, w historycznym budynku dawnej fabryki kosmetyk\u00f3w Pollena, jest nie tylko miejscem spotka\u0144, ale r\u00f3wnie\u017c sentymentaln\u0105 podr\u00f3\u017c\u0105 w przesz\u0142o\u015b\u0107. Wchodz\u0105c do <strong>BOHEMA2.8<\/strong>, od razu mo\u017cna dostrzec harmoni\u0119 pomi\u0119dzy industrialnym dziedzictwem a nowoczesnym designem. Przestrze\u0144 ta jest doskonale przystosowana do r\u00f3\u017cnego rodzaju wydarze\u0144, pocz\u0105wszy od kameralnych spotka\u0144 biznesowych po imponuj\u0105ce przyj\u0119cia okoliczno\u015bciowe. Ka\u017cdy zakamarek tego miejsca emanuje kreatywno\u015bci\u0105 i inspiruje.<\/p>\n\n\n\n<p>Budynek stanowi integraln\u0105 cz\u0119\u015b\u0107 kompleksu <strong>BOHEMA \u2013 Strefa Praga<\/strong>, co oznacza, \u017ce korzysta z dodatkowych udogodnie\u0144. Ogr\u00f3dek przylegaj\u0105cy do obiektu staje si\u0119 oaz\u0105 spokoju w gor\u0105ce letnie dni, idealn\u0105 przestrzeni\u0105 do relaksu i integracji pod go\u0142ym niebem. BOHEMA2.8 to nie tylko przestrze\u0144 do wynaj\u0119cia, ale tak\u017ce miejsce, kt\u00f3re skradnie serca ka\u017cdego, kto pragnie prze\u017cy\u0107 wyj\u0105tkowe chwile w niepowtarzalnym otoczeniu.<\/p>\n\n\n\n<figure class=\"wp-block-image size-full\"><a href=\"https:\/\/www.mojekonferencje.pl\/blog\/wp-content\/uploads\/2024\/04\/8-wlaa.jpg\"><img loading=\"lazy\" decoding=\"async\" width=\"960\" height=\"580\" src=\"https:\/\/www.mojekonferencje.pl\/blog\/wp-content\/uploads\/2024\/04\/8-wlaa.jpg\" alt=\"\" class=\"wp-image-4928 lazyload\" data-srcset=\"https:\/\/www.mojekonferencje.pl\/blog\/wp-content\/uploads\/2024\/04\/8-wlaa.jpg 960w, https:\/\/www.mojekonferencje.pl\/blog\/wp-content\/uploads\/2024\/04\/8-wlaa-300x181.jpg 300w, https:\/\/www.mojekonferencje.pl\/blog\/wp-content\/uploads\/2024\/04\/8-wlaa-768x464.jpg 768w\" sizes=\"auto\" \/><\/a><\/figure>\n\n\n\n<h2 class=\"wp-block-heading has-text-align-center has-vivid-purple-color has-text-color has-link-color wp-elements-999365975f8c5dcd10961e609ed5f639\"><a href=\"https:\/\/www.mojekonferencje.pl\/warszawa\/myhive-warsaw-spire\"><span style=\"text-decoration: underline;\">myhive Warsaw Spire<\/span><\/a><\/h2>\n\n\n\n<p>Polecamy r\u00f3wnie\u017c uda\u0107 si\u0119 do <strong>Myhive Warsaw Spire <\/strong>&#8211; wyj\u0105tkowego centrum, kt\u00f3re nie tylko zachwyca swoim imponuj\u0105cym po\u0142o\u017ceniem na 38. pi\u0119trze <strong>Warsaw Spire<\/strong>, ale r\u00f3wnie\u017c nowoczesn\u0105 architektur\u0105 i atrakcyjn\u0105 ofert\u0105. Zlokalizowany przy Placu Europejskim 1 ten 180-metrowy wie\u017cowiec stanowi ikoniczny element warszawskiej panoramy, zachwycaj\u0105c ka\u017cdego, kto podziwia jego przeszklon\u0105 elewacj\u0119 odbijaj\u0105c\u0105 si\u0119 w blasku s\u0142o\u0144ca. Lokalizacja <strong>Myhive Warsaw Spire<\/strong> w sercu Warszawy zapewnia doskona\u0142y dost\u0119p do r\u00f3\u017cnych atrakcji i udogodnie\u0144, zar\u00f3wno dla os\u00f3b podr\u00f3\u017cuj\u0105cych s\u0142u\u017cbowo, jak i dla lokalnych mieszka\u0144c\u00f3w. W okolicy znajduj\u0105 si\u0119 liczne restauracje, kawiarnie, galerie sztuki i centra handlowe, kt\u00f3re umo\u017cliwiaj\u0105 znalezienie doskona\u0142ych miejsc na spotkania biznesowe lub relaks po zako\u0144czeniu pracy.<\/p>\n\n\n\n<p>Jego nowoczesna architektura, spektakularne widoki, profesjonalne sale konferencyjne, przestrzenie biurowe oraz doskona\u0142e wyposa\u017cenie sprawiaj\u0105, \u017ce jest to idealne miejsce dla tych, kt\u00f3rzy poszukuj\u0105 wyj\u0105tkowej przestrzeni do biznesowych spotka\u0144, a tak\u017ce dla przedsi\u0119biorc\u00f3w szukaj\u0105cych nowoczesnych biur, gdzie ich firma mo\u017ce si\u0119 rozwija\u0107 w dynamicznym i inspiruj\u0105cym \u015brodowisku.<strong> Myhive Warsaw Spire<\/strong> w ofercie posiada trzy sale konferencyjne, zaprojektowane z my\u015bl\u0105 o maksymalnym komforcie i funkcjonalno\u015bci.<\/p>\n\n\n\n<figure class=\"wp-block-image size-full\"><a href=\"https:\/\/www.mojekonferencje.pl\/blog\/wp-content\/uploads\/2024\/04\/9-wlaa.jpg\"><img loading=\"lazy\" decoding=\"async\" width=\"960\" height=\"580\" src=\"https:\/\/www.mojekonferencje.pl\/blog\/wp-content\/uploads\/2024\/04\/9-wlaa.jpg\" alt=\"\" class=\"wp-image-4929 lazyload\" data-srcset=\"https:\/\/www.mojekonferencje.pl\/blog\/wp-content\/uploads\/2024\/04\/9-wlaa.jpg 960w, https:\/\/www.mojekonferencje.pl\/blog\/wp-content\/uploads\/2024\/04\/9-wlaa-300x181.jpg 300w, https:\/\/www.mojekonferencje.pl\/blog\/wp-content\/uploads\/2024\/04\/9-wlaa-768x464.jpg 768w\" sizes=\"auto\" \/><\/a><\/figure>\n\n\n\n<h2 class=\"wp-block-heading has-text-align-center has-vivid-purple-color has-text-color has-link-color wp-elements-9330d9f4699d2929bf77b494617b4bce\"><a href=\"https:\/\/www.mojekonferencje.pl\/warszawa\/mon-ami-restauracja-francuska\"><span style=\"text-decoration: underline;\">Mon Ami Restauracja Francuska<\/span><\/a><\/h2>\n\n\n\n<p>Jest to urokliwy lokal, po\u0142o\u017cony na malowniczej Saskiej K\u0119pie w Warszawie. To miejsce, kt\u00f3re przenosi go\u015bci w podr\u00f3\u017c do serca Pary\u017ca, zachwycaj\u0105c swoim wyj\u0105tkowym klimatem i niepowtarzalnym urokiem. Ten dwupi\u0119trowy budynek emanuje elegancj\u0105, zach\u0119caj\u0105c go\u015bci do odkrywania smak\u00f3w i aromat\u00f3w znanych z ulic Pary\u017ca. Ju\u017c od pierwszych krok\u00f3w w <strong>Mon Ami <\/strong>mo\u017cna poczu\u0107 magi\u0119 francuskiej kuchni i kultury. Delikatne d\u017awi\u0119ki muzyki francuskiej w tle oraz subtelne zapachy klasycznych da\u0144 sprawiaj\u0105, \u017ce wizyta w<strong> Mon Ami <\/strong>to nie tylko posi\u0142ek, a prawdziwe do\u015bwiadczenie.<\/p>\n\n\n\n<p><strong>Mon Ami Restauracja Francuska<\/strong> to idealne miejsce na organizacj\u0119 klimatycznych spotka\u0144 i imprez zar\u00f3wno okoliczno\u015bciowych, jak i biznesowych. Obiekt oferuje a\u017c dwa przestronne pi\u0119tra, z kt\u00f3rych ka\u017cde z nich pomie\u015bci nawet 50 os\u00f3b. Sala na pi\u0119trze ma tak\u017ce mo\u017cliwo\u015b\u0107 podzia\u0142u na dwie mniejsze, co daje elastyczno\u015b\u0107 w organizacji r\u00f3\u017cnorodnych wydarze\u0144. Dodatkowo dost\u0119pne s\u0105 urokliwe ogr\u00f3dki, idealne na przyjemne spotkania biznesowe w nieformalnej atmosferze.<\/p>\n\n\n\n<figure class=\"wp-block-image size-full\"><a href=\"https:\/\/www.mojekonferencje.pl\/blog\/wp-content\/uploads\/2024\/04\/10-wlaa.jpg\"><img loading=\"lazy\" decoding=\"async\" width=\"960\" height=\"580\" src=\"https:\/\/www.mojekonferencje.pl\/blog\/wp-content\/uploads\/2024\/04\/10-wlaa.jpg\" alt=\"\" class=\"wp-image-4930 lazyload\" data-srcset=\"https:\/\/www.mojekonferencje.pl\/blog\/wp-content\/uploads\/2024\/04\/10-wlaa.jpg 960w, https:\/\/www.mojekonferencje.pl\/blog\/wp-content\/uploads\/2024\/04\/10-wlaa-300x181.jpg 300w, https:\/\/www.mojekonferencje.pl\/blog\/wp-content\/uploads\/2024\/04\/10-wlaa-768x464.jpg 768w\" sizes=\"auto\" \/><\/a><\/figure>\n\n\n\n<h2 class=\"wp-block-heading has-text-align-center\"><a href=\"https:\/\/www.mojekonferencje.pl\/warszawa\/baila-show-dining\"><span class=\"has-inline-color has-vivid-purple-color\"><span style=\"text-decoration: underline;\">Baila Show&amp;Dining<\/span><\/span><\/a><\/h2>\n\n\n\n<p>To niezwyk\u0142e,<strong> nowe miejsce na event w Warszawie<\/strong>, kt\u00f3re \u0142\u0105czy w sobie wyj\u0105tkowe doznania kulinarne i artystyczne show. Usytuowana w sercu miasta, ta elegancka restauracja przyci\u0105ga uwag\u0119 swoim nietuzinkowym stylem i atmosfer\u0105, gdzie ka\u017cdy detal emanuje klasyk\u0105 i nowoczesno\u015bci\u0105. <strong>Baila<\/strong> to nie tylko estetyka i wyrafinowany wystr\u00f3j wn\u0119trza. To przede wszystkim kulinarne podr\u00f3\u017cowanie po smakach \u015bwiata, przy czym ka\u017cde danie otrzymuje latynoski akcent, nadaj\u0105cy mu wyj\u0105tkowego charakteru. Kuchnia tego miejsca to mieszanka kreatywno\u015bci i pasji, kt\u00f3ra przejawia si\u0119 w ka\u017cdym talerzu. Smakowite dania, starannie przygotowywane z wykorzystaniem \u015bwie\u017cych i najwy\u017cszej jako\u015bci sk\u0142adnik\u00f3w, przynosz\u0105 go\u015bciom niezapomniane doznania kulinarnego raju. <\/p>\n\n\n\n<p><strong>Baila Show&amp;Dining<\/strong> to r\u00f3wnie\u017c elegancka przestrze\u0144 eventowa, oferuj\u0105ca przestronn\u0105 powierzchni\u0119 o powierzchni a\u017c 600 metr\u00f3w kwadratowych. Z mo\u017cliwo\u015bci\u0105 pomieszczenia 200 os\u00f3b na miejscach siedz\u0105cych i 400 na miejscach stoj\u0105cych, to idealne miejsce na r\u00f3\u017cnego rodzaju wydarzenia, od konferencji po prezentacje i spotkania specjalne. Przestrze\u0144 ta jest niezwykle elastyczna i mo\u017ce by\u0107 dostosowana do indywidualnych potrzeb, gwarantuj\u0105c idealn\u0105 aran\u017cacj\u0119 dla r\u00f3\u017cnych rodzaj\u00f3w event\u00f3w. Dla grup, kt\u00f3re poszukuj\u0105 prywatno\u015bci i ekskluzywno\u015bci, <strong>Baila Show&amp;Dining<\/strong> oferuje te\u017c kameralne przestrzenie na eventy.<\/p>\n\n\n\n<figure class=\"wp-block-image size-large\"><img loading=\"lazy\" decoding=\"async\" width=\"1024\" height=\"683\" src=\"https:\/\/www.mojekonferencje.pl\/blog\/wp-content\/uploads\/2023\/10\/1-1-1024x683.jpg\" alt=\"\" class=\"wp-image-4399 lazyload\" data-srcset=\"https:\/\/www.mojekonferencje.pl\/blog\/wp-content\/uploads\/2023\/10\/1-1-1024x683.jpg 1024w, https:\/\/www.mojekonferencje.pl\/blog\/wp-content\/uploads\/2023\/10\/1-1-300x200.jpg 300w, https:\/\/www.mojekonferencje.pl\/blog\/wp-content\/uploads\/2023\/10\/1-1-768x512.jpg 768w, https:\/\/www.mojekonferencje.pl\/blog\/wp-content\/uploads\/2023\/10\/1-1-1536x1024.jpg 1536w, https:\/\/www.mojekonferencje.pl\/blog\/wp-content\/uploads\/2023\/10\/1-1.jpg 1920w\" sizes=\"auto\" \/><\/figure>\n\n\n\n<h2 class=\"wp-block-heading has-text-align-center\"><a href=\"https:\/\/www.mojekonferencje.pl\/warszawa\/kinogram\"><span class=\"has-inline-color has-vivid-purple-color\"><span style=\"text-decoration: underline;\">KinoGram<\/span><\/span><\/a><\/h2>\n\n\n\n<p>To <strong>wyj\u0105tkowe miejsce na event w samym sercu Warszawy<\/strong>, ukryte w industrialnej przestrzeni historycznej Fabryki Norblina. Ca\u0142e wn\u0119trze tego miejsca pe\u0142ne jest odniesie\u0144 do z\u0142otej ery ameryka\u0144skich kin studyjnych, zachwycaj\u0105c go\u015bci stylem vintage, kt\u00f3ry od razu przywodzi na my\u015bl klimat kinowych klasyk\u00f3w. To miejsce, kt\u00f3re w spos\u00f3b niezwyk\u0142y \u0142\u0105czy histori\u0119 z nowoczesno\u015bci\u0105 i tworzy atmosfer\u0119, kt\u00f3ra zostaje w pami\u0119ci na zawsze. <strong>KinoGram<\/strong> to przede wszystkim przestrze\u0144 pe\u0142na wra\u017ce\u0144 wizualnych i rozrywki, idealna zar\u00f3wno dla najm\u0142odszych, jak i doros\u0142ych mi\u0142o\u015bnik\u00f3w kina. Ale to nie wszystko. Klienci biznesowi tak\u017ce znajd\u0105 tu co\u015b wyj\u0105tkowego. <\/p>\n\n\n\n<p>Oferowane wielofunkcyjne sale stwarzaj\u0105 mo\u017cliwo\u015b\u0107 zorganizowania r\u00f3\u017cnorodnych wydarze\u0144 biznesowych, edukacyjnych i artystycznych, co czyni <strong>KinoGram <\/strong>miejscem, w kt\u00f3rym r\u00f3\u017cnorodne idee i projekty staj\u0105 si\u0119 rzeczywisto\u015bci\u0105. Wszystko to odbywa si\u0119 w towarzystwie niezwyk\u0142ych smak\u00f3w, kt\u00f3re dostarczaj\u0105 niezapomnianych dozna\u0144 kulinarnych. Centralnym punktem tego miejsca jest 14-metrowy, wielofunkcyjny bar, kt\u00f3ry zachwyca swoim designem i r\u00f3\u017cnorodno\u015bci\u0105 oferowanych mo\u017cliwo\u015bci. To miejsce, w kt\u00f3rym nie tylko kinomani znajd\u0105 co\u015b dla siebie, ale tak\u017ce mi\u0142o\u015bnicy wyrafinowanych trunk\u00f3w. Bar <strong>KinoGram <\/strong>tworzy atmosfer\u0119, kt\u00f3ra sprzyja niezapomnianym spotkaniom i rozmowom, \u0142\u0105cz\u0105c w sobie smak i estetyk\u0119 w spos\u00f3b wyj\u0105tkowy.<\/p>\n\n\n\n<figure class=\"wp-block-image size-large\"><img loading=\"lazy\" decoding=\"async\" width=\"1024\" height=\"695\" src=\"https:\/\/www.mojekonferencje.pl\/blog\/wp-content\/uploads\/2023\/10\/2-2-1024x695.jpg\" alt=\"\" class=\"wp-image-4400 lazyload\" data-srcset=\"https:\/\/www.mojekonferencje.pl\/blog\/wp-content\/uploads\/2023\/10\/2-2-1024x695.jpg 1024w, https:\/\/www.mojekonferencje.pl\/blog\/wp-content\/uploads\/2023\/10\/2-2-300x204.jpg 300w, https:\/\/www.mojekonferencje.pl\/blog\/wp-content\/uploads\/2023\/10\/2-2-768x521.jpg 768w, https:\/\/www.mojekonferencje.pl\/blog\/wp-content\/uploads\/2023\/10\/2-2-1536x1043.jpg 1536w, https:\/\/www.mojekonferencje.pl\/blog\/wp-content\/uploads\/2023\/10\/2-2.jpg 2000w\" sizes=\"auto\" \/><\/figure>\n\n\n\n<h2 class=\"wp-block-heading has-text-align-center\"><a href=\"https:\/\/www.mojekonferencje.pl\/warszawa\/moxo-restaurant-club\"><span class=\"has-inline-color has-vivid-purple-color\"><span style=\"text-decoration: underline;\">Moxo Restaurant &amp; Club<\/span><\/span><\/a><\/h2>\n\n\n\n<p>Jest to niezwyk\u0142e miejsce, kt\u00f3re rozkwita w samym sercu Warszawy, przyci\u0105gaj\u0105c jak magnes ludzi z ca\u0142ego miasta. To wyj\u0105tkowe po\u0142\u0105czenie wykwintnej kuchni, energetycznej klubowej atmosfery i nowoczesnego designu zlokalizowane w zabytkowym budynku Fabryki Norblina. Dzi\u0119ki swojej presti\u017cowej lokalizacji w jednej z najbardziej ekskluzywnych dzielnic Warszawy, <strong>MOXO <\/strong>stanowi idealne miejsce dla tych, kt\u00f3rzy pragn\u0105 rozrywki, kultury i nowych prze\u017cy\u0107. Jego przestrze\u0144 eventowa oferuje 900 metr\u00f3w kwadratowych, w kt\u00f3rych nawet 600 os\u00f3b mo\u017ce si\u0119 zmie\u015bci\u0107 w uk\u0142adzie coctailowym. Dodatkowo organizatorzy wydarze\u0144 mog\u0105 korzysta\u0107 z klimatycznej antresoli oraz dw\u00f3ch stref VIP, z kt\u00f3rych ka\u017cda pomie\u015bci 20 os\u00f3b. <\/p>\n\n\n\n<p>Oba te miejsca zapewniaj\u0105 niezwyk\u0142e widoki na ca\u0142\u0105 sal\u0119 i scen\u0119, co stanowi idealne miejsce dla tych, kt\u00f3rzy pragn\u0105 poczu\u0107 si\u0119 wyj\u0105tkowo. Kuchnia MOXO Restaurant to prawdziwa podr\u00f3\u017c kulinarna, prezentuj\u0105ca kuchni\u0119 Nikkei, kt\u00f3ra powsta\u0142a z fascynuj\u0105cego po\u0142\u0105czenia japo\u0144skich i peruwia\u0144skich tradycji kulinarnych. <strong>MOXO Restaurant &amp; Club <\/strong>oferuje tak\u017ce wiele dodatkowych atrakcji, kt\u00f3re gwarantuj\u0105 niezapomniane prze\u017cycia. Jednym z nich jest spektakularna scena, na kt\u00f3rej odbywaj\u0105 si\u0119 koncerty, wyst\u0119py i inne wydarzenia kulturalne. W obiekcie znajduj\u0105 si\u0119 r\u00f3wnie\u017c dwa bary z autorskimi koktajlami, obs\u0142ugiwane przez wybitnych barman\u00f3w.<\/p>\n\n\n\n<figure class=\"wp-block-image size-large\"><img loading=\"lazy\" decoding=\"async\" width=\"1024\" height=\"768\" src=\"https:\/\/www.mojekonferencje.pl\/blog\/wp-content\/uploads\/2023\/10\/3-2-1024x768.jpg\" alt=\"\" class=\"wp-image-4402 lazyload\" data-srcset=\"https:\/\/www.mojekonferencje.pl\/blog\/wp-content\/uploads\/2023\/10\/3-2-1024x768.jpg 1024w, https:\/\/www.mojekonferencje.pl\/blog\/wp-content\/uploads\/2023\/10\/3-2-300x225.jpg 300w, https:\/\/www.mojekonferencje.pl\/blog\/wp-content\/uploads\/2023\/10\/3-2-768x576.jpg 768w, https:\/\/www.mojekonferencje.pl\/blog\/wp-content\/uploads\/2023\/10\/3-2-1536x1152.jpg 1536w, https:\/\/www.mojekonferencje.pl\/blog\/wp-content\/uploads\/2023\/10\/3-2-2048x1536.jpg 2048w\" sizes=\"auto\" \/><\/figure>\n\n\n\n<h2 class=\"wp-block-heading has-text-align-center\"><a href=\"https:\/\/www.mojekonferencje.pl\/warszawa\/samo-centrum-wszechswiata\"><span class=\"has-inline-color has-vivid-purple-color\"><span style=\"text-decoration: underline;\">Samo Centrum Wszech\u015bwiata &#8211; Warsaw Event Space<\/span><\/span><\/a><\/h2>\n\n\n\n<p><strong>Samo Centrum Wszech\u015bwiata<\/strong> to kolejne <strong>nowe miejsce na event w Warszawie<\/strong>, ukryte w przedwojennej kamienicy przy malowniczej ulicy Ch\u0142odnej. Wn\u0119trza tego obiektu emanuj\u0105 industrialnym stylem, \u0142\u0105cz\u0105c niezwyk\u0142y klimat minionych czas\u00f3w z nowoczesnym designem. To miejsce otwiera swoje przestronne przestrzenie eventowe na dowolne wykorzystanie, idealne do organizacji szkole\u0144, warsztat\u00f3w, pokaz\u00f3w, imprez integracyjnych oraz wytwornych bankiet\u00f3w. <\/p>\n\n\n\n<p>W <strong>Samym Centrum Wszech\u015bwiata<\/strong> nie ma ogranicze\u0144, co sprawia, \u017ce staje si\u0119 doskona\u0142ym wyborem na r\u00f3\u017cnorodne wydarzenia firmowe, takie jak konferencje, prezentacje produktowe czy warsztaty. <strong>Samo Centrum Wszech\u015bwiata<\/strong> oferuje imponuj\u0105c\u0105 powierzchni\u0119 eventow\u0105 wynosz\u0105c\u0105 \u0142\u0105cznie 1000 metr\u00f3w kwadratowych, sk\u0142adaj\u0105c\u0105 si\u0119 z 7 r\u00f3\u017cnych sal o zr\u00f3\u017cnicowanej wielko\u015bci i charakterze. W samym sercu obiektu znajduje si\u0119 urokliwa kawiarnia, kt\u00f3rej jasny i nowoczesny wyst\u00f3j wprowadza przyjemny kontrast do industrialnej stylistyki reszty miejsca. Niezwyk\u0142\u0105 atrakcj\u0105 w kawiarni jest kilkumetrowy bar oraz profesjonalny w\u0142oski ekspres do kawy, co czyni to miejsce idealnym do relaksu i rozm\u00f3w w przerwach podczas konferencji i firmowych spotka\u0144.<\/p>\n\n\n\n<figure class=\"wp-block-image size-large\"><img loading=\"lazy\" decoding=\"async\" width=\"1024\" height=\"819\" src=\"https:\/\/www.mojekonferencje.pl\/blog\/wp-content\/uploads\/2023\/10\/4-1024x819.png\" alt=\"\" class=\"wp-image-4401 lazyload\" data-srcset=\"https:\/\/www.mojekonferencje.pl\/blog\/wp-content\/uploads\/2023\/10\/4-1024x819.png 1024w, https:\/\/www.mojekonferencje.pl\/blog\/wp-content\/uploads\/2023\/10\/4-300x240.png 300w, https:\/\/www.mojekonferencje.pl\/blog\/wp-content\/uploads\/2023\/10\/4-768x614.png 768w, https:\/\/www.mojekonferencje.pl\/blog\/wp-content\/uploads\/2023\/10\/4-1536x1229.png 1536w, https:\/\/www.mojekonferencje.pl\/blog\/wp-content\/uploads\/2023\/10\/4.png 2000w\" sizes=\"auto\" \/><\/figure>\n\n\n\n<h2 class=\"wp-block-heading has-text-align-center\"><a href=\"https:\/\/www.mojekonferencje.pl\/warszawa\/space-events-club\"><span class=\"has-inline-color has-vivid-purple-color\"><span style=\"text-decoration: underline;\">SPACE Events Club<\/span><\/span><\/a><\/h2>\n\n\n\n<p>To wyj\u0105tkowe <strong>miejsce na event w centrum Warszawy<\/strong>, kt\u00f3re znane jest z doskona\u0142ego organizowania r\u00f3\u017cnorodnych wydarze\u0144 przez ostatnie 17 lat. Dzi\u0119ki swojemu niepowtarzalnemu podej\u015bciu do kreowania niezapomnianych event\u00f3w, <strong>SPACE Events Club<\/strong> sta\u0142 si\u0119 prawdziwym liderem w krajobrazie kulturalnych i rozrywkowych wydarze\u0144 w mie\u015bcie. Obiekt ten to prawdziwa per\u0142a w\u015br\u00f3d miejsc eventowych, charakteryzuj\u0105ca si\u0119 wszechstronn\u0105 przestrzeni\u0105, starannie dostosowan\u0105 do r\u00f3\u017cnych rodzaj\u00f3w wydarze\u0144. G\u0142\u00f3wna sala, przestronna i imponuj\u0105ca, zdolna pomie\u015bci\u0107 nawet 200 os\u00f3b, zapewnia doskona\u0142e warunki dla wi\u0119kszych spotka\u0144. <strong>SPACE Events Club<\/strong> to nie tylko miejsce, ale r\u00f3wnie\u017c obietnica doskona\u0142ego cateringu. <\/p>\n\n\n\n<p>Wydarzenia organizowane w SPACE Events to gwarancja najwy\u017cszej jako\u015bci produkt\u00f3w. Zestawienia kulinarne s\u0105 dopasowywane do indywidualnych potrzeb ka\u017cdego klienta. Przestrze\u0144 <strong>SPACE Events Club <\/strong>zosta\u0142a starannie zaaran\u017cowana, aby zapewni\u0107 niezwyk\u0142e t\u0142o dla wszelkiego rodzaju wydarze\u0144. Klimatyczne o\u015bwietlenie oraz dekoracje \u015bwietlne tworz\u0105 niepowtarzaln\u0105 atmosfer\u0119, kt\u00f3ra nabiera wyj\u0105tkowego charakteru po zachodzie s\u0142o\u0144ca. Otaczaj\u0105ca przestrze\u0144 bujna ro\u015blinno\u015b\u0107 dodaje uroku i naturalno\u015bci, tworz\u0105c harmonijn\u0105 symbioz\u0119 mi\u0119dzy natur\u0105 a ludzk\u0105 kreacj\u0105.<\/p>\n\n\n\n<figure class=\"wp-block-image size-large\"><img loading=\"lazy\" decoding=\"async\" width=\"551\" height=\"360\" src=\"https:\/\/www.mojekonferencje.pl\/blog\/wp-content\/uploads\/2023\/10\/5-2.jpg\" alt=\"\" class=\"wp-image-4403 lazyload\" data-srcset=\"https:\/\/www.mojekonferencje.pl\/blog\/wp-content\/uploads\/2023\/10\/5-2.jpg 551w, https:\/\/www.mojekonferencje.pl\/blog\/wp-content\/uploads\/2023\/10\/5-2-300x196.jpg 300w\" sizes=\"auto\" \/><\/figure>\n\n\n\n<h2 class=\"wp-block-heading has-text-align-center\"><a href=\"https:\/\/www.mojekonferencje.pl\/warszawa\/instytut-wzornictwa-przemyslowego\"><span class=\"has-inline-color has-vivid-purple-color\"><span style=\"text-decoration: underline;\">Instytut Wzornictwa Przemys\u0142owego<\/span><\/span><\/a><\/h2>\n\n\n\n<p>Za\u0142o\u017cony w 1950 roku <strong>Instytut Wzornictwa Przemys\u0142owego <\/strong>to jedna z najwa\u017cniejszych instytucji w Polsce zajmuj\u0105cych si\u0119 projektowaniem przemys\u0142owym i rozwojem produkt\u00f3w. Zyska\u0142 globaln\u0105 renom\u0119 jako lider w dziedzinie wzornictwa przemys\u0142owego. Zlokalizowany nieopodal Zamku Kr\u00f3lewskiego w Warszawie, Instytut ten oferuje doskona\u0142\u0105 baz\u0119 dla firm i biznes\u00f3w jako przestrze\u0144 eventowa. Dzi\u0119ki swojemu centralnemu po\u0142o\u017ceniu, umo\u017cliwia \u0142atw\u0105 komunikacj\u0119 z kluczowymi atrakcjami miasta i centrami biznesowymi. <strong>Instytut Wzornictwa Przemys\u0142owego <\/strong>oferuje wynajem przestrzeni konferencyjnych, kt\u00f3re doskonale sprawdzaj\u0105 si\u0119 jako miejsce spotka\u0144 biznesowych, szkole\u0144, konferencji, prezentacji produkt\u00f3w i innych wydarze\u0144. <\/p>\n\n\n\n<p>Instytut oferuje wiele pi\u0119knych i przestronnych sal o zr\u00f3\u017cnicowanej powierzchni, pocz\u0105wszy od 30, a\u017c do 480 metr\u00f3w kwadratowych. Ponadto <strong>Instytut Wzornictwa Przemys\u0142owego<\/strong> udost\u0119pnia r\u00f3wnie\u017c ponad 600 metr\u00f3w kwadratowych biur i magazyn\u00f3w do wynaj\u0119cia. Biura s\u0105 przyjazne zar\u00f3wno pracy indywidualnej, jak i zespo\u0142owej, zapewniaj\u0105c dost\u0119p do bezprzewodowego Internetu. To miejsce, kt\u00f3re \u0142\u0105czy nowoczesno\u015b\u0107, funkcjonalno\u015b\u0107 i stylowe wn\u0119trza, idealne dla firm poszukuj\u0105cych profesjonalnej organizacji event\u00f3w oraz wysokiego standardu us\u0142ug.<\/p>\n\n\n\n<figure class=\"wp-block-image size-large\"><img loading=\"lazy\" decoding=\"async\" width=\"1024\" height=\"681\" src=\"https:\/\/www.mojekonferencje.pl\/blog\/wp-content\/uploads\/2023\/10\/6-1024x681.png\" alt=\"\" class=\"wp-image-4404 lazyload\" data-srcset=\"https:\/\/www.mojekonferencje.pl\/blog\/wp-content\/uploads\/2023\/10\/6-1024x681.png 1024w, https:\/\/www.mojekonferencje.pl\/blog\/wp-content\/uploads\/2023\/10\/6-300x200.png 300w, https:\/\/www.mojekonferencje.pl\/blog\/wp-content\/uploads\/2023\/10\/6-768x511.png 768w, https:\/\/www.mojekonferencje.pl\/blog\/wp-content\/uploads\/2023\/10\/6-1536x1022.png 1536w, https:\/\/www.mojekonferencje.pl\/blog\/wp-content\/uploads\/2023\/10\/6.png 1623w\" sizes=\"auto\" \/><\/figure>\n\n\n\n<h2 class=\"wp-block-heading has-text-align-center\"><a href=\"https:\/\/www.mojekonferencje.pl\/warszawa\/kultura-wysoka\"><span class=\"has-inline-color has-vivid-purple-color\"><span style=\"text-decoration: underline;\">Kultura Wysoka<\/span><\/span><\/a><\/h2>\n\n\n\n<p>Ten obiekt stanowi <strong>wyj\u0105tkowe miejsce na event na Pradze<\/strong>, gdzie spotyka si\u0119 kultura wysoka, industrialny urok oraz niezapomniana historia. Ta zabytkowa hala o unikalnym charakterze przyci\u0105ga r\u00f3\u017cnorodne konferencje i eventy, doskonale integruj\u0105c si\u0119 z otoczeniem przy ulicy Szwedzkiej. Zar\u00f3wno dla eleganckich spotka\u0144 biznesowych, jak i kreatywnych wydarze\u0144 artystycznych, <strong>Kultura Wysoka <\/strong>wyr\u00f3\u017cnia si\u0119 swoj\u0105 przestronno\u015bci\u0105 i wszechstronno\u015bci\u0105, umo\u017cliwiaj\u0105c dostosowanie przestrzeni do r\u00f3\u017cnych potrzeb klient\u00f3w. <strong>Kultura Wysoka<\/strong> to nowoczesny obiekt konferencyjny, kt\u00f3ry doskonale spe\u0142nia najwy\u017csze wymagania klient\u00f3w. Hala g\u0142\u00f3wna, o imponuj\u0105cej powierzchni 500 metr\u00f3w kwadratowych, pomie\u015bci oko\u0142o 500 os\u00f3b w uk\u0142adzie kinowym, co sprawia, \u017ce jest idealnym miejscem dla r\u00f3\u017cnorodnych wydarze\u0144 biznesowych i kulturalnych. <\/p>\n\n\n\n<p>Architektura tego miejsca jest niezwyk\u0142a &#8211; urokliwe ceglane mury oraz ogromne, niemal 3-metrowe okna dodaj\u0105 wn\u0119trzu wyj\u0105tkowego charakteru. <strong>Kultura Wysoka<\/strong> oferuje tak\u017ce wyj\u0105tkowy VIP-room, kt\u00f3ry mo\u017ce pomie\u015bci\u0107 oko\u0142o 80 os\u00f3b, tworz\u0105c kameraln\u0105 atmosfer\u0119 podczas spotka\u0144 biznesowych i ekskluzywnych przyj\u0119\u0107. Niezapomniana oprawa kulinarnej uczty jest r\u00f3wnie\u017c gwarantowana. Wykwintny catering spe\u0142ni najbardziej wyrafinowane gusta, serwuj\u0105c potrawy przygotowane z najwy\u017csz\u0105 staranno\u015bci\u0105 i pasj\u0105. Bogato wyposa\u017cony bar z r\u00f3\u017cnorodnymi trunkami podkre\u015bli elegancj\u0119 ka\u017cdego wydarzenia.<\/p>\n\n\n\n<figure class=\"wp-block-image size-large\"><img loading=\"lazy\" decoding=\"async\" width=\"1024\" height=\"684\" src=\"https:\/\/www.mojekonferencje.pl\/blog\/wp-content\/uploads\/2023\/10\/7-1-1024x684.jpg\" alt=\"\" class=\"wp-image-4405 lazyload\" data-srcset=\"https:\/\/www.mojekonferencje.pl\/blog\/wp-content\/uploads\/2023\/10\/7-1-1024x684.jpg 1024w, https:\/\/www.mojekonferencje.pl\/blog\/wp-content\/uploads\/2023\/10\/7-1-300x200.jpg 300w, https:\/\/www.mojekonferencje.pl\/blog\/wp-content\/uploads\/2023\/10\/7-1-768x513.jpg 768w, https:\/\/www.mojekonferencje.pl\/blog\/wp-content\/uploads\/2023\/10\/7-1-1536x1025.jpg 1536w, https:\/\/www.mojekonferencje.pl\/blog\/wp-content\/uploads\/2023\/10\/7-1.jpg 2000w\" sizes=\"auto\" \/><\/figure>\n\n\n\n<h2 class=\"wp-block-heading has-text-align-center\"><a href=\"https:\/\/www.mojekonferencje.pl\/warszawa\/studio-sol-i-studio-maka\"><span class=\"has-inline-color has-vivid-purple-color\"><span style=\"text-decoration: underline;\">Studio S\u00f3l i Studio M\u0105ka<\/span><\/span><\/a><\/h2>\n\n\n\n<p>To <strong>obiekt na event w sercu Warszawy<\/strong>, kt\u00f3ry zachwyca mi\u0142o\u015bnik\u00f3w sztuki i estetyki swoim niepowtarzalnym wdzi\u0119kiem. Oba studia \u0142\u0105cz\u0105 wsp\u00f3\u0142czesn\u0105 architektur\u0119 z nowoczesnym designem, tworz\u0105c przestrzenie inspiruj\u0105ce tw\u00f3rcz\u0105 ekspresj\u0119. <strong>Studio Fotograficzne M\u0105ka<\/strong>, zlokalizowane na ulicy Suwak 4 \/ Domaniewska 51, w pobli\u017cu Lotniska Chopina, zach\u0119ca go\u015bci swoimi przestronnymi, jasnymi wn\u0119trzami, zalewanymi naturalnym \u015bwiat\u0142em dziennym. Ta harmonijna symbioza z otaczaj\u0105cym \u015bwiatem sprawia, \u017ce czas zwalnia, a kreatywno\u015b\u0107 znajduje swoje idealne \u015brodowisko. Studio jest wyposa\u017cone w najnowocze\u015bniejszy sprz\u0119t, kt\u00f3ry u\u0142atwia realizacj\u0119 artystycznych wizji, zapewniaj\u0105c profesjonaln\u0105 jako\u015b\u0107 pracy. <\/p>\n\n\n\n<p>To miejsce, gdzie funkcjonalno\u015b\u0107 i estetyka tworz\u0105 inspiruj\u0105c\u0105 atmosfer\u0119. Z kolei <strong>Studio S\u00f3l<\/strong>, o \u0142\u0105cznej powierzchni 280 metr\u00f3w kwadratowych, oferuje przestronn\u0105 hal\u0119 o powierzchni 150 metr\u00f3w kwadratowych. To doskona\u0142e miejsce dla mniejszych konferencji i bardziej kameralnych wydarze\u0144, kt\u00f3re wymagaj\u0105 unikalnej atmosfery. Jasne wn\u0119trze jest elastyczne pod wzgl\u0119dem aran\u017cacji, daj\u0105c klientom mo\u017cliwo\u015b\u0107 dostosowania przestrzeni do swoich potrzeb. To idealne miejsce, w kt\u00f3rym spotykaj\u0105 si\u0119 nowoczesno\u015b\u0107, funkcjonalno\u015b\u0107 i wyj\u0105tkowy urok Warszawy.<\/p>\n\n\n\n<figure class=\"wp-block-image size-large\"><img loading=\"lazy\" decoding=\"async\" width=\"1000\" height=\"667\" src=\"https:\/\/www.mojekonferencje.pl\/blog\/wp-content\/uploads\/2023\/10\/Z8A9647.jpg\" alt=\"\" class=\"wp-image-4461 lazyload\" data-srcset=\"https:\/\/www.mojekonferencje.pl\/blog\/wp-content\/uploads\/2023\/10\/Z8A9647.jpg 1000w, https:\/\/www.mojekonferencje.pl\/blog\/wp-content\/uploads\/2023\/10\/Z8A9647-300x200.jpg 300w, https:\/\/www.mojekonferencje.pl\/blog\/wp-content\/uploads\/2023\/10\/Z8A9647-768x512.jpg 768w\" sizes=\"auto\" \/><\/figure>\n\n\n\n<h2 class=\"wp-block-heading has-text-align-center\"><a href=\"https:\/\/www.mojekonferencje.pl\/warszawa\/hulakula-rozrywkowe-centrum-miasta\"><span class=\"has-inline-color has-vivid-purple-color\"><span style=\"text-decoration: underline;\">Hulakula Rozrywkowe Centrum Miasta<\/span><\/span><\/a><\/h2>\n\n\n\n<p>Kolejne <strong>nowe miejsce na event w Warszawie<\/strong>? Jak najbardziej! To niekwestionowane centrum rozrywki i jedno z najwi\u0119kszych tego typu miejsc w Polsce. Jednak to nie tylko raj dla poszukiwaczy rozrywki, ale tak\u017ce profesjonalne zaplecze konferencyjne idealne na organizacj\u0119 r\u00f3\u017cnorodnych wydarze\u0144 biznesowych. Jest to miejsce o nieograniczonych mo\u017cliwo\u015bciach, oferuj\u0105ce zar\u00f3wno liczne atrakcje, jak gry, bilard czy bowling, jak i komfortowe sale konferencyjne, kt\u00f3re spe\u0142niaj\u0105 najwy\u017csze standardy. <strong>Hulakula <\/strong>posiada dwie przestronne sale konferencyjne oraz dwie kameralne sale VIP, kt\u00f3re s\u0105 wyposa\u017cone w nowoczesny sprz\u0119t audiowizualny i klimatyzacj\u0119. <\/p>\n\n\n\n<p>Niezale\u017cnie od charakteru wydarzenia, od ma\u0142ych, kameralnych spotka\u0144 po du\u017ce eventy dla 3 000 os\u00f3b, <strong>Hulakula<\/strong> jest w stanie sprosta\u0107 oczekiwaniom. W ramach organizacji wydarzenia biznesowego w Centrum Rozrywkowym Hulakula oferowana jest kompleksowa obs\u0142uga gastronomiczna. Do\u015bwiadczeni kucharze, wspierani przez profesjonaln\u0105 obs\u0142ug\u0119 kelnersk\u0105, gwarantuj\u0105 wysokiej jako\u015bci catering. Przerwy w trakcie konferencji to okazja do delektowania si\u0119 przek\u0105skami, takimi jak wykwintne kanapki bankietowe, koreczki czy roladki, a tak\u017ce wybornymi deserami. Dania zawsze dostosowane s\u0105 do charakteru spotkania i oczekiwa\u0144 go\u015bci.<\/p>\n\n\n\n<figure class=\"wp-block-image size-large\"><img loading=\"lazy\" decoding=\"async\" width=\"1024\" height=\"683\" src=\"https:\/\/www.mojekonferencje.pl\/blog\/wp-content\/uploads\/2023\/10\/kreatyw-media_022-1024x683.jpg\" alt=\"\" class=\"wp-image-4463 lazyload\" data-srcset=\"https:\/\/www.mojekonferencje.pl\/blog\/wp-content\/uploads\/2023\/10\/kreatyw-media_022-1024x683.jpg 1024w, https:\/\/www.mojekonferencje.pl\/blog\/wp-content\/uploads\/2023\/10\/kreatyw-media_022-300x200.jpg 300w, https:\/\/www.mojekonferencje.pl\/blog\/wp-content\/uploads\/2023\/10\/kreatyw-media_022-768x512.jpg 768w, https:\/\/www.mojekonferencje.pl\/blog\/wp-content\/uploads\/2023\/10\/kreatyw-media_022-1536x1024.jpg 1536w, https:\/\/www.mojekonferencje.pl\/blog\/wp-content\/uploads\/2023\/10\/kreatyw-media_022.jpg 2048w\" sizes=\"auto\" \/><\/figure>\n\n\n\n<h2 class=\"wp-block-heading has-text-align-center\"><a href=\"https:\/\/www.mojekonferencje.pl\/warszawa\/willa-brzegi\"><span class=\"has-inline-color has-vivid-purple-color\"><span style=\"text-decoration: underline;\">Willa Brzegi<\/span><\/span><\/a><\/h2>\n\n\n\n<p>Poznaj wyj\u0105tkowe <strong>miejsce na event pod Warszaw\u0105<\/strong>, zaledwie 20 kilometr\u00f3w od centrum miasta. To urokliwe miejsce \u0142\u0105cz\u0105ce spok\u00f3j, harmoni\u0119 i wyrafinowan\u0105 kuchni\u0119. Stanowi oaz\u0119 stworzon\u0105 z mi\u0142o\u015bci do doskona\u0142ego jedzenia oraz niez\u0142omnych rodzinnych warto\u015bci, kt\u00f3re stanowi\u0105 serce i dusz\u0119 tego wyj\u0105tkowego miejsca. Po\u0142o\u017cenie na obrze\u017cach miasta gwarantuje \u0142atwy dost\u0119p do miejskiej infrastruktury, zachowuj\u0105c jednocze\u015bnie spok\u00f3j i blisko\u015b\u0107 natury. <strong>Willa Brzegi<\/strong> to miejsce, kt\u00f3re idealnie nadaje si\u0119 do organizacji szkole\u0144, konferencji, przyj\u0119\u0107 czy bankiet\u00f3w firmowych. <\/p>\n\n\n\n<p>Sale konferencyjne s\u0105 nowoczesne, klimatyzowane i wyposa\u017cone w niezb\u0119dny sprz\u0119t audiowizualny, zapewniaj\u0105c komfort i efektywno\u015b\u0107 spotka\u0144 biznesowych. <strong>Willa Brzegi<\/strong> to nie tylko miejsce spotka\u0144, ale tak\u017ce kulinarne doznania. Menu w Willi Brzegi jest owocem pasji i staranno\u015bci szefa kuchni, kt\u00f3ry \u0142\u0105czy europejsk\u0105 kuchni\u0119 z polskimi tradycyjnymi smakami. <strong>Willa Brzegi <\/strong>to miejsce, kt\u00f3re stawia jako\u015b\u0107, harmoni\u0119 i spok\u00f3j na pierwszym miejscu, tworz\u0105c idealne warunki dla udanych spotka\u0144, gdzie zar\u00f3wno duch, jak i podniebienie znajd\u0105 satysfakcj\u0119.<\/p>\n\n\n\n<figure class=\"wp-block-image size-large\"><img loading=\"lazy\" decoding=\"async\" width=\"1024\" height=\"683\" src=\"https:\/\/www.mojekonferencje.pl\/blog\/wp-content\/uploads\/2023\/10\/10-1-1024x683.jpg\" alt=\"\" class=\"wp-image-4408 lazyload\" data-srcset=\"https:\/\/www.mojekonferencje.pl\/blog\/wp-content\/uploads\/2023\/10\/10-1-1024x683.jpg 1024w, https:\/\/www.mojekonferencje.pl\/blog\/wp-content\/uploads\/2023\/10\/10-1-300x200.jpg 300w, https:\/\/www.mojekonferencje.pl\/blog\/wp-content\/uploads\/2023\/10\/10-1-768x512.jpg 768w, https:\/\/www.mojekonferencje.pl\/blog\/wp-content\/uploads\/2023\/10\/10-1-1536x1025.jpg 1536w, https:\/\/www.mojekonferencje.pl\/blog\/wp-content\/uploads\/2023\/10\/10-1.jpg 2027w\" sizes=\"auto\" \/><\/figure>\n\n\n\n<h2 class=\"wp-block-heading has-text-align-center has-vivid-purple-color has-text-color has-link-color wp-elements-147c23884dbd3018571906ac1317436d\"><a href=\"https:\/\/www.mojekonferencje.pl\/warszawa\/mysia-3\"><span style=\"text-decoration: underline;\">MYSIA 3<\/span><\/a><\/h2>\n\n\n\n<p>Jest to <strong>unikatowe miejsce eventowe na mapie Warszawy<\/strong>, kt\u00f3re doskonale sprawdzi si\u0119 przy organizacji konferencji, szkole\u0144, bankiet\u00f3w czy spotka\u0144 firmowych. Zlokalizowany w samym sercu stolicy, w odrestaurowanym budynku z lat 50., obiekt \u0142\u0105czy historyczny charakter z nowoczesnym, industrialnym designem. Przestrze\u0144 konferencyjna na trzecim pi\u0119trze obejmuje 400 m\u00b2, kt\u00f3re mo\u017cna elastycznie podzieli\u0107, dostosowuj\u0105c do potrzeb ka\u017cdego wydarzenia.<\/p>\n\n\n\n<p>Jasne, minimalistyczne wn\u0119trza z du\u017cymi przeszkleniami daj\u0105 nieograniczone mo\u017cliwo\u015bci aran\u017cacji \u015bwiat\u0142em i scenografi\u0105. Przestrze\u0144 mie\u015bci do 300 os\u00f3b w uk\u0142adzie koktajlowym, a funkcjonalne meble oraz dost\u0119p do wysokiej klasy sprz\u0119tu multimedialnego gwarantuj\u0105 komfortow\u0105 organizacj\u0119 eventu. <strong>Mysia 3 <\/strong>oferuje tak\u017ce kompleksowe us\u0142ugi cateringowe oraz wsp\u00f3\u0142prac\u0119 z zaufanymi dostawcami mebli eventowych.<\/p>\n\n\n\n<figure class=\"wp-block-image size-large\"><a href=\"https:\/\/www.mojekonferencje.pl\/blog\/wp-content\/uploads\/2023\/09\/mysia.jpg\"><img loading=\"lazy\" decoding=\"async\" width=\"1024\" height=\"674\" src=\"https:\/\/www.mojekonferencje.pl\/blog\/wp-content\/uploads\/2023\/09\/mysia-1024x674.jpg\" alt=\"\" class=\"wp-image-5709 lazyload\" data-srcset=\"https:\/\/www.mojekonferencje.pl\/blog\/wp-content\/uploads\/2023\/09\/mysia-1024x674.jpg 1024w, https:\/\/www.mojekonferencje.pl\/blog\/wp-content\/uploads\/2023\/09\/mysia-300x198.jpg 300w, https:\/\/www.mojekonferencje.pl\/blog\/wp-content\/uploads\/2023\/09\/mysia-768x506.jpg 768w, https:\/\/www.mojekonferencje.pl\/blog\/wp-content\/uploads\/2023\/09\/mysia.jpg 1200w\" sizes=\"auto\" \/><\/a><\/figure>\n\n\n\n<h2 class=\"wp-block-heading has-text-align-center\"><a href=\"https:\/\/www.mojekonferencje.pl\/warszawa\/teatr-capitol-warszawa\"><mark style=\"background-color:rgba(0, 0, 0, 0)\" class=\"has-inline-color has-vivid-purple-color\"><span style=\"text-decoration: underline;\">Teatr Capitol Warszawa<\/span><\/mark><\/a><\/h2>\n\n\n\n<p>Pe\u0142en artystycznego ducha i nowoczesnej energii, <strong>Teatr Capitol w Warszawie <\/strong>to miejsce, kt\u00f3re zachwyca ju\u017c od pierwszych chwil. Zlokalizowany w miejscu dawnego Kina Oka, \u0142\u0105czy tradycj\u0119 z nowoczesnym podej\u015bciem do sztuki i organizacji wydarze\u0144. Przepych, elegancja i dba\u0142o\u015b\u0107 o ka\u017cdy detal tworz\u0105 tu wyj\u0105tkow\u0105 atmosfer\u0119, kt\u00f3ra przyci\u0105ga zar\u00f3wno mi\u0142o\u015bnik\u00f3w kultury, jak i organizator\u00f3w presti\u017cowych event\u00f3w. <\/p>\n\n\n\n<p>W przestrzeniach Du\u017cej Sceny i Sceny Mniejszej odbywaj\u0105 si\u0119 nie tylko spektakle, ale r\u00f3wnie\u017c <strong>konferencje, seminaria, szkolenia, prezentacje i imprezy okoliczno\u015bciowe<\/strong>. Amfiteatralna widownia, profesjonalne zaplecze multimedialne, lo\u017ca VIP oraz rozbudowana przestrze\u0144 klubowa z czterema barami i antresol\u0105 pozwalaj\u0105 na <strong>organizacj\u0119 wydarze\u0144 nawet dla 930 os\u00f3b<\/strong>. <\/p>\n\n\n\n<p><strong>Teatr Capitol <\/strong>dysponuje tak\u017ce w\u0142asn\u0105 kuchni\u0105 i autorskim menu, kt\u00f3re idealnie komponuje si\u0119 z charakterem spotka\u0144 \u2013 od eleganckich bankiet\u00f3w po kreatywne koktajle. Dodatkowym atutem jest mo\u017cliwo\u015b\u0107 wzbogacenia ka\u017cdego eventu o spektakl teatralny, stand-up, koncert lub recital, co czyni to miejsce unikatowym punktem na eventowej mapie Warszawy.<\/p>\n\n\n\n<figure class=\"wp-block-gallery has-nested-images columns-default is-cropped wp-block-gallery-1 is-layout-flex wp-block-gallery-is-layout-flex\">\n<figure class=\"wp-block-image size-full\"><a href=\"https:\/\/www.mojekonferencje.pl\/blog\/wp-content\/uploads\/2023\/09\/s-mniejsza-2-960x580-1.webp\"><img loading=\"lazy\" decoding=\"async\" width=\"960\" height=\"580\" data-id=\"7195\" src=\"https:\/\/www.mojekonferencje.pl\/blog\/wp-content\/uploads\/2023\/09\/s-mniejsza-2-960x580-1.webp\" alt=\"\" class=\"wp-image-7195 lazyload\" data-srcset=\"https:\/\/www.mojekonferencje.pl\/blog\/wp-content\/uploads\/2023\/09\/s-mniejsza-2-960x580-1.webp 960w, https:\/\/www.mojekonferencje.pl\/blog\/wp-content\/uploads\/2023\/09\/s-mniejsza-2-960x580-1-300x181.webp 300w, https:\/\/www.mojekonferencje.pl\/blog\/wp-content\/uploads\/2023\/09\/s-mniejsza-2-960x580-1-768x464.webp 768w\" sizes=\"auto\" \/><\/a><\/figure>\n<\/figure>\n","protected":false},"excerpt":{"rendered":"<p>Odkryj najnowsze pere\u0142ki w\u015br\u00f3d miejsc eventowych w Warszawie! Ten artyku\u0142 przedstawia nowe, fascynuj\u0105ce obiekty, kt\u00f3re doskonale nadaj\u0105 si\u0119 do organizacji spotka\u0144.<\/p>\n","protected":false},"author":9,"featured_media":4398,"comment_status":"closed","ping_status":"closed","sticky":false,"template":"","format":"standard","meta":{"_acf_changed":false,"footnotes":""},"categories":[8,212,175],"tags":[368,367,271,28],"class_list":["post-4397","post","type-post","status-publish","format-standard","has-post-thumbnail","hentry","category-porady","category-travel","category-wybieranie-miejsca-konferencyjnego","tag-hotel","tag-hotele","tag-hotele-konferencyjne","tag-warszawa"],"acf":[],"yoast_head":"<!-- This site is optimized with the Yoast SEO plugin v27.1.1 - https:\/\/yoast.com\/product\/yoast-seo-wordpress\/ -->\n<title>Nowe ciekawe obiekty na event w Warszawie - blog | MojeKonferencje.pl<\/title>\n<meta name=\"description\" content=\"Nowe ciekawe obiekty na event w Warszawie - blog | MojeKonferencje.pl\" \/>\n<meta name=\"robots\" content=\"index, follow, max-snippet:-1, max-image-preview:large, max-video-preview:-1\" \/>\n<link rel=\"canonical\" href=\"https:\/\/www.mojekonferencje.pl\/blog\/nowe-ciekawe-obiekty-na-event-w-warszawie\/\" \/>\n<meta property=\"og:locale\" content=\"pl_PL\" \/>\n<meta property=\"og:type\" content=\"article\" \/>\n<meta property=\"og:title\" content=\"Nowe ciekawe obiekty na event w Warszawie - blog | MojeKonferencje.pl\" \/>\n<meta property=\"og:description\" content=\"Nowe ciekawe obiekty na event w Warszawie - blog | MojeKonferencje.pl\" \/>\n<meta property=\"og:url\" content=\"https:\/\/www.mojekonferencje.pl\/blog\/nowe-ciekawe-obiekty-na-event-w-warszawie\/\" \/>\n<meta property=\"og:site_name\" content=\"MojeKonferencje.pl\" \/>\n<meta property=\"article:published_time\" content=\"2023-09-30T16:04:00+00:00\" \/>\n<meta property=\"article:modified_time\" content=\"2025-05-20T08:39:02+00:00\" \/>\n<meta property=\"og:image\" content=\"https:\/\/www.mojekonferencje.pl\/blog\/wp-content\/uploads\/2023\/10\/Niebieski-i-Kremowy-Podroz-Wakacje-Plany-Kolaz-Fotograficzny.jpg\" \/>\n\t<meta property=\"og:image:width\" content=\"2000\" \/>\n\t<meta property=\"og:image:height\" content=\"1600\" \/>\n\t<meta property=\"og:image:type\" content=\"image\/jpeg\" \/>\n<meta name=\"author\" content=\"Olga Stawicka-Iwanowska\" \/>\n<meta name=\"twitter:card\" content=\"summary_large_image\" \/>\n<meta name=\"twitter:label1\" content=\"Napisane przez\" \/>\n\t<meta name=\"twitter:data1\" content=\"Olga Stawicka-Iwanowska\" \/>\n\t<meta name=\"twitter:label2\" content=\"Szacowany czas czytania\" \/>\n\t<meta name=\"twitter:data2\" content=\"27 minut\" \/>\n<script type=\"application\/ld+json\" class=\"yoast-schema-graph\">{\"@context\":\"https:\/\/schema.org\",\"@graph\":[{\"@type\":\"Article\",\"@id\":\"https:\/\/www.mojekonferencje.pl\/blog\/nowe-ciekawe-obiekty-na-event-w-warszawie\/#article\",\"isPartOf\":{\"@id\":\"https:\/\/www.mojekonferencje.pl\/blog\/nowe-ciekawe-obiekty-na-event-w-warszawie\/\"},\"author\":{\"name\":\"Olga Stawicka-Iwanowska\",\"@id\":\"https:\/\/www.mojekonferencje.pl\/blog\/#\/schema\/person\/d6751ca3c60de9ec17ee21b744bbb2d4\"},\"headline\":\"Nowe ciekawe obiekty na event w Warszawie\",\"datePublished\":\"2023-09-30T16:04:00+00:00\",\"dateModified\":\"2025-05-20T08:39:02+00:00\",\"mainEntityOfPage\":{\"@id\":\"https:\/\/www.mojekonferencje.pl\/blog\/nowe-ciekawe-obiekty-na-event-w-warszawie\/\"},\"wordCount\":4325,\"image\":{\"@id\":\"https:\/\/www.mojekonferencje.pl\/blog\/nowe-ciekawe-obiekty-na-event-w-warszawie\/#primaryimage\"},\"thumbnailUrl\":\"https:\/\/www.mojekonferencje.pl\/blog\/wp-content\/uploads\/2023\/10\/Niebieski-i-Kremowy-Podroz-Wakacje-Plany-Kolaz-Fotograficzny.jpg\",\"keywords\":[\"hotel\",\"hotele\",\"hotele konferencyjne\",\"warszawa\"],\"articleSection\":[\"Porady\",\"Travel\",\"Wybieranie miejsca konferencyjnego\"],\"inLanguage\":\"pl-PL\"},{\"@type\":\"WebPage\",\"@id\":\"https:\/\/www.mojekonferencje.pl\/blog\/nowe-ciekawe-obiekty-na-event-w-warszawie\/\",\"url\":\"https:\/\/www.mojekonferencje.pl\/blog\/nowe-ciekawe-obiekty-na-event-w-warszawie\/\",\"name\":\"Nowe ciekawe obiekty na event w Warszawie - blog | MojeKonferencje.pl\",\"isPartOf\":{\"@id\":\"https:\/\/www.mojekonferencje.pl\/blog\/#website\"},\"primaryImageOfPage\":{\"@id\":\"https:\/\/www.mojekonferencje.pl\/blog\/nowe-ciekawe-obiekty-na-event-w-warszawie\/#primaryimage\"},\"image\":{\"@id\":\"https:\/\/www.mojekonferencje.pl\/blog\/nowe-ciekawe-obiekty-na-event-w-warszawie\/#primaryimage\"},\"thumbnailUrl\":\"https:\/\/www.mojekonferencje.pl\/blog\/wp-content\/uploads\/2023\/10\/Niebieski-i-Kremowy-Podroz-Wakacje-Plany-Kolaz-Fotograficzny.jpg\",\"datePublished\":\"2023-09-30T16:04:00+00:00\",\"dateModified\":\"2025-05-20T08:39:02+00:00\",\"author\":{\"@id\":\"https:\/\/www.mojekonferencje.pl\/blog\/#\/schema\/person\/d6751ca3c60de9ec17ee21b744bbb2d4\"},\"description\":\"Nowe ciekawe obiekty na event w Warszawie - blog | MojeKonferencje.pl\",\"breadcrumb\":{\"@id\":\"https:\/\/www.mojekonferencje.pl\/blog\/nowe-ciekawe-obiekty-na-event-w-warszawie\/#breadcrumb\"},\"inLanguage\":\"pl-PL\",\"potentialAction\":[{\"@type\":\"ReadAction\",\"target\":[\"https:\/\/www.mojekonferencje.pl\/blog\/nowe-ciekawe-obiekty-na-event-w-warszawie\/\"]}]},{\"@type\":\"ImageObject\",\"inLanguage\":\"pl-PL\",\"@id\":\"https:\/\/www.mojekonferencje.pl\/blog\/nowe-ciekawe-obiekty-na-event-w-warszawie\/#primaryimage\",\"url\":\"https:\/\/www.mojekonferencje.pl\/blog\/wp-content\/uploads\/2023\/10\/Niebieski-i-Kremowy-Podroz-Wakacje-Plany-Kolaz-Fotograficzny.jpg\",\"contentUrl\":\"https:\/\/www.mojekonferencje.pl\/blog\/wp-content\/uploads\/2023\/10\/Niebieski-i-Kremowy-Podroz-Wakacje-Plany-Kolaz-Fotograficzny.jpg\",\"width\":2000,\"height\":1600},{\"@type\":\"BreadcrumbList\",\"@id\":\"https:\/\/www.mojekonferencje.pl\/blog\/nowe-ciekawe-obiekty-na-event-w-warszawie\/#breadcrumb\",\"itemListElement\":[{\"@type\":\"ListItem\",\"position\":1,\"name\":\"Strona g\u0142\u00f3wna\",\"item\":\"https:\/\/www.mojekonferencje.pl\/blog\/\"},{\"@type\":\"ListItem\",\"position\":2,\"name\":\"Nowe ciekawe obiekty na event w Warszawie\"}]},{\"@type\":\"WebSite\",\"@id\":\"https:\/\/www.mojekonferencje.pl\/blog\/#website\",\"url\":\"https:\/\/www.mojekonferencje.pl\/blog\/\",\"name\":\"MojeKonferencje.pl\",\"description\":\"Blog bran\u017cy szkoleniowo-konferencyjnej. W\u0142\u0105cz si\u0119 do dyskusji o obiektach konferencyjnych i nowo\u015bciach z bran\u017cy! Poznaj porady odno\u015bnie organizacji konferencji, szkole\u0144 i event\u00f3w firmowych! Zach\u0119camy do wyra\u017cania opinii oraz komentarzy.\",\"potentialAction\":[{\"@type\":\"SearchAction\",\"target\":{\"@type\":\"EntryPoint\",\"urlTemplate\":\"https:\/\/www.mojekonferencje.pl\/blog\/?s={search_term_string}\"},\"query-input\":{\"@type\":\"PropertyValueSpecification\",\"valueRequired\":true,\"valueName\":\"search_term_string\"}}],\"inLanguage\":\"pl-PL\"},{\"@type\":\"Person\",\"@id\":\"https:\/\/www.mojekonferencje.pl\/blog\/#\/schema\/person\/d6751ca3c60de9ec17ee21b744bbb2d4\",\"name\":\"Olga Stawicka-Iwanowska\",\"description\":\"Head of Marketing z ponad sze\u015bcioletnim do\u015bwiadczeniem w bran\u017cy MICE. Na co dzie\u0144 zajmuje si\u0119 content marketingiem i promocj\u0105 obiekt\u00f3w eventowych, tak aby organizatorzy kongres\u00f3w, targ\u00f3w i konferencji wiedzieli, \u017ce w\u0142a\u015bnie tam warto zrealizowa\u0107 swoje wydarzenie. Prowadzi media spo\u0142eczno\u015bciowe, tworzy strategie komunikacji, pisze artyku\u0142y i dba o sp\u00f3jny wizerunek marki w ka\u017cdym kanale. W swojej pracy \u0142\u0105czy analityczne my\u015blenie z kreatywno\u015bci\u0105 i dobrym copy. Wsp\u00f3\u0142pracuje zar\u00f3wno z organizatorami najwi\u0119kszych wydarze\u0144 w Polsce, jak i z regionalnymi partnerami z bran\u017cy. Po godzinach mi\u0142o\u015bniczka podr\u00f3\u017cy po Europie, dobrej kuchni i klimatycznych miejsc, w kt\u00f3rych mo\u017cna z\u0142apa\u0107 oddech.\",\"sameAs\":[\"http:\/\/MojeKonferencje.pl\",\"https:\/\/www.linkedin.com\/in\/olgastawicka\/\"],\"url\":\"https:\/\/www.mojekonferencje.pl\/blog\/author\/osawicka\/\"}]}<\/script>\n<!-- \/ Yoast SEO plugin. -->","yoast_head_json":{"title":"Nowe ciekawe obiekty na event w Warszawie - blog | MojeKonferencje.pl","description":"Nowe ciekawe obiekty na event w Warszawie - blog | MojeKonferencje.pl","robots":{"index":"index","follow":"follow","max-snippet":"max-snippet:-1","max-image-preview":"max-image-preview:large","max-video-preview":"max-video-preview:-1"},"canonical":"https:\/\/www.mojekonferencje.pl\/blog\/nowe-ciekawe-obiekty-na-event-w-warszawie\/","og_locale":"pl_PL","og_type":"article","og_title":"Nowe ciekawe obiekty na event w Warszawie - blog | MojeKonferencje.pl","og_description":"Nowe ciekawe obiekty na event w Warszawie - blog | MojeKonferencje.pl","og_url":"https:\/\/www.mojekonferencje.pl\/blog\/nowe-ciekawe-obiekty-na-event-w-warszawie\/","og_site_name":"MojeKonferencje.pl","article_published_time":"2023-09-30T16:04:00+00:00","article_modified_time":"2025-05-20T08:39:02+00:00","og_image":[{"width":2000,"height":1600,"url":"https:\/\/www.mojekonferencje.pl\/blog\/wp-content\/uploads\/2023\/10\/Niebieski-i-Kremowy-Podroz-Wakacje-Plany-Kolaz-Fotograficzny.jpg","type":"image\/jpeg"}],"author":"Olga Stawicka-Iwanowska","twitter_card":"summary_large_image","twitter_misc":{"Napisane przez":"Olga Stawicka-Iwanowska","Szacowany czas czytania":"27 minut"},"schema":{"@context":"https:\/\/schema.org","@graph":[{"@type":"Article","@id":"https:\/\/www.mojekonferencje.pl\/blog\/nowe-ciekawe-obiekty-na-event-w-warszawie\/#article","isPartOf":{"@id":"https:\/\/www.mojekonferencje.pl\/blog\/nowe-ciekawe-obiekty-na-event-w-warszawie\/"},"author":{"name":"Olga Stawicka-Iwanowska","@id":"https:\/\/www.mojekonferencje.pl\/blog\/#\/schema\/person\/d6751ca3c60de9ec17ee21b744bbb2d4"},"headline":"Nowe ciekawe obiekty na event w Warszawie","datePublished":"2023-09-30T16:04:00+00:00","dateModified":"2025-05-20T08:39:02+00:00","mainEntityOfPage":{"@id":"https:\/\/www.mojekonferencje.pl\/blog\/nowe-ciekawe-obiekty-na-event-w-warszawie\/"},"wordCount":4325,"image":{"@id":"https:\/\/www.mojekonferencje.pl\/blog\/nowe-ciekawe-obiekty-na-event-w-warszawie\/#primaryimage"},"thumbnailUrl":"https:\/\/www.mojekonferencje.pl\/blog\/wp-content\/uploads\/2023\/10\/Niebieski-i-Kremowy-Podroz-Wakacje-Plany-Kolaz-Fotograficzny.jpg","keywords":["hotel","hotele","hotele konferencyjne","warszawa"],"articleSection":["Porady","Travel","Wybieranie miejsca konferencyjnego"],"inLanguage":"pl-PL"},{"@type":"WebPage","@id":"https:\/\/www.mojekonferencje.pl\/blog\/nowe-ciekawe-obiekty-na-event-w-warszawie\/","url":"https:\/\/www.mojekonferencje.pl\/blog\/nowe-ciekawe-obiekty-na-event-w-warszawie\/","name":"Nowe ciekawe obiekty na event w Warszawie - blog | MojeKonferencje.pl","isPartOf":{"@id":"https:\/\/www.mojekonferencje.pl\/blog\/#website"},"primaryImageOfPage":{"@id":"https:\/\/www.mojekonferencje.pl\/blog\/nowe-ciekawe-obiekty-na-event-w-warszawie\/#primaryimage"},"image":{"@id":"https:\/\/www.mojekonferencje.pl\/blog\/nowe-ciekawe-obiekty-na-event-w-warszawie\/#primaryimage"},"thumbnailUrl":"https:\/\/www.mojekonferencje.pl\/blog\/wp-content\/uploads\/2023\/10\/Niebieski-i-Kremowy-Podroz-Wakacje-Plany-Kolaz-Fotograficzny.jpg","datePublished":"2023-09-30T16:04:00+00:00","dateModified":"2025-05-20T08:39:02+00:00","author":{"@id":"https:\/\/www.mojekonferencje.pl\/blog\/#\/schema\/person\/d6751ca3c60de9ec17ee21b744bbb2d4"},"description":"Nowe ciekawe obiekty na event w Warszawie - blog | MojeKonferencje.pl","breadcrumb":{"@id":"https:\/\/www.mojekonferencje.pl\/blog\/nowe-ciekawe-obiekty-na-event-w-warszawie\/#breadcrumb"},"inLanguage":"pl-PL","potentialAction":[{"@type":"ReadAction","target":["https:\/\/www.mojekonferencje.pl\/blog\/nowe-ciekawe-obiekty-na-event-w-warszawie\/"]}]},{"@type":"ImageObject","inLanguage":"pl-PL","@id":"https:\/\/www.mojekonferencje.pl\/blog\/nowe-ciekawe-obiekty-na-event-w-warszawie\/#primaryimage","url":"https:\/\/www.mojekonferencje.pl\/blog\/wp-content\/uploads\/2023\/10\/Niebieski-i-Kremowy-Podroz-Wakacje-Plany-Kolaz-Fotograficzny.jpg","contentUrl":"https:\/\/www.mojekonferencje.pl\/blog\/wp-content\/uploads\/2023\/10\/Niebieski-i-Kremowy-Podroz-Wakacje-Plany-Kolaz-Fotograficzny.jpg","width":2000,"height":1600},{"@type":"BreadcrumbList","@id":"https:\/\/www.mojekonferencje.pl\/blog\/nowe-ciekawe-obiekty-na-event-w-warszawie\/#breadcrumb","itemListElement":[{"@type":"ListItem","position":1,"name":"Strona g\u0142\u00f3wna","item":"https:\/\/www.mojekonferencje.pl\/blog\/"},{"@type":"ListItem","position":2,"name":"Nowe ciekawe obiekty na event w Warszawie"}]},{"@type":"WebSite","@id":"https:\/\/www.mojekonferencje.pl\/blog\/#website","url":"https:\/\/www.mojekonferencje.pl\/blog\/","name":"MojeKonferencje.pl","description":"Blog bran\u017cy szkoleniowo-konferencyjnej. W\u0142\u0105cz si\u0119 do dyskusji o obiektach konferencyjnych i nowo\u015bciach z bran\u017cy! Poznaj porady odno\u015bnie organizacji konferencji, szkole\u0144 i event\u00f3w firmowych! Zach\u0119camy do wyra\u017cania opinii oraz komentarzy.","potentialAction":[{"@type":"SearchAction","target":{"@type":"EntryPoint","urlTemplate":"https:\/\/www.mojekonferencje.pl\/blog\/?s={search_term_string}"},"query-input":{"@type":"PropertyValueSpecification","valueRequired":true,"valueName":"search_term_string"}}],"inLanguage":"pl-PL"},{"@type":"Person","@id":"https:\/\/www.mojekonferencje.pl\/blog\/#\/schema\/person\/d6751ca3c60de9ec17ee21b744bbb2d4","name":"Olga Stawicka-Iwanowska","description":"Head of Marketing z ponad sze\u015bcioletnim do\u015bwiadczeniem w bran\u017cy MICE. Na co dzie\u0144 zajmuje si\u0119 content marketingiem i promocj\u0105 obiekt\u00f3w eventowych, tak aby organizatorzy kongres\u00f3w, targ\u00f3w i konferencji wiedzieli, \u017ce w\u0142a\u015bnie tam warto zrealizowa\u0107 swoje wydarzenie. Prowadzi media spo\u0142eczno\u015bciowe, tworzy strategie komunikacji, pisze artyku\u0142y i dba o sp\u00f3jny wizerunek marki w ka\u017cdym kanale. W swojej pracy \u0142\u0105czy analityczne my\u015blenie z kreatywno\u015bci\u0105 i dobrym copy. Wsp\u00f3\u0142pracuje zar\u00f3wno z organizatorami najwi\u0119kszych wydarze\u0144 w Polsce, jak i z regionalnymi partnerami z bran\u017cy. Po godzinach mi\u0142o\u015bniczka podr\u00f3\u017cy po Europie, dobrej kuchni i klimatycznych miejsc, w kt\u00f3rych mo\u017cna z\u0142apa\u0107 oddech.","sameAs":["http:\/\/MojeKonferencje.pl","https:\/\/www.linkedin.com\/in\/olgastawicka\/"],"url":"https:\/\/www.mojekonferencje.pl\/blog\/author\/osawicka\/"}]}},"_links":{"self":[{"href":"https:\/\/www.mojekonferencje.pl\/blog\/wp-json\/wp\/v2\/posts\/4397","targetHints":{"allow":["GET"]}}],"collection":[{"href":"https:\/\/www.mojekonferencje.pl\/blog\/wp-json\/wp\/v2\/posts"}],"about":[{"href":"https:\/\/www.mojekonferencje.pl\/blog\/wp-json\/wp\/v2\/types\/post"}],"author":[{"embeddable":true,"href":"https:\/\/www.mojekonferencje.pl\/blog\/wp-json\/wp\/v2\/users\/9"}],"replies":[{"embeddable":true,"href":"https:\/\/www.mojekonferencje.pl\/blog\/wp-json\/wp\/v2\/comments?post=4397"}],"version-history":[{"count":8,"href":"https:\/\/www.mojekonferencje.pl\/blog\/wp-json\/wp\/v2\/posts\/4397\/revisions"}],"predecessor-version":[{"id":7211,"href":"https:\/\/www.mojekonferencje.pl\/blog\/wp-json\/wp\/v2\/posts\/4397\/revisions\/7211"}],"wp:featuredmedia":[{"embeddable":true,"href":"https:\/\/www.mojekonferencje.pl\/blog\/wp-json\/wp\/v2\/media\/4398"}],"wp:attachment":[{"href":"https:\/\/www.mojekonferencje.pl\/blog\/wp-json\/wp\/v2\/media?parent=4397"}],"wp:term":[{"taxonomy":"category","embeddable":true,"href":"https:\/\/www.mojekonferencje.pl\/blog\/wp-json\/wp\/v2\/categories?post=4397"},{"taxonomy":"post_tag","embeddable":true,"href":"https:\/\/www.mojekonferencje.pl\/blog\/wp-json\/wp\/v2\/tags?post=4397"}],"curies":[{"name":"wp","href":"https:\/\/api.w.org\/{rel}","templated":true}]}}