{"id":4574,"date":"2023-10-31T19:56:00","date_gmt":"2023-10-31T17:56:00","guid":{"rendered":"https:\/\/www.mojekonferencje.pl\/blog\/?p=4574"},"modified":"2024-05-07T11:48:20","modified_gmt":"2024-05-07T09:48:20","slug":"najlepsze-obiekty-eventowe-w-polsce","status":"publish","type":"post","link":"https:\/\/www.mojekonferencje.pl\/blog\/najlepsze-obiekty-eventowe-w-polsce\/","title":{"rendered":"Najlepsze obiekty eventowe w Polsce"},"content":{"rendered":"\n<p><strong>Poszukuj\u0105c doskona\u0142ych miejsc na organizacj\u0119 niezapomnianych wydarze\u0144, Polska stoi w czo\u0142\u00f3wce europejskich destynacji. Zr\u00f3\u017cnicowany krajobraz, bogata historia oraz r\u00f3\u017cnorodno\u015b\u0107 kulturowa sprawiaj\u0105, \u017ce istnieje wiele wspania\u0142ych obiekt\u00f3w eventowych, kt\u00f3re nie tylko zachwycaj\u0105 swoj\u0105 estetyk\u0105, ale tak\u017ce oferuj\u0105 odpowiednie warunki dla r\u00f3\u017cnorodnych wydarze\u0144. Od malowniczych zamk\u00f3w po nowoczesne centra konferencyjne, Polska obfituje w miejsca, kt\u00f3re s\u0105 nie tylko doskona\u0142e pod wzgl\u0119dem wizualnym, lecz tak\u017ce gwarantuj\u0105 profesjonaln\u0105 obs\u0142ug\u0119 oraz szeroki wachlarz mo\u017cliwo\u015bci dostosowanych do r\u00f3\u017cnorodnych potrzeb organizator\u00f3w event\u00f3w. <\/strong><\/p>\n\n\n\n<p>W tym artykule przyjrzymy si\u0119 najwy\u017cszej jako\u015bci <strong>obiektom eventowym w Polsce<\/strong>, pozwalaj\u0105cym na organizacj\u0119 konferencji, spotka\u0144 biznesowych, bankiet\u00f3w czy wyj\u0105tkowych imprez okoliczno\u015bciowych. Przygotowali\u015bmy zestawienie najbardziej fascynuj\u0105cych lokacji, kt\u00f3re stanowi\u0105 idealn\u0105 kulminacj\u0119 r\u00f3\u017cnorodno\u015bci i presti\u017cu w \u015bwiecie organizacji wydarze\u0144. Jest to 10 du\u017cych, niehotelowych <strong>miejsc eventowych w Polsce<\/strong>. <\/p>\n\n\n\n<p>Zosta\u0144 z nami i poznaj obiekty, takie jak: <\/p>\n\n\n\n<figure class=\"wp-block-table\"><table><tbody><tr><td><a href=\"https:\/\/www.mojekonferencje.pl\/lublin\/targi-lublin-sa\">Targi Lublin SA<\/a><\/td><td><a href=\"https:\/\/www.mojekonferencje.pl\/warszawa\/the-tides-events\">The Tides event&#8217;s by Toros<\/a><\/td><\/tr><tr><td><a href=\"https:\/\/www.mojekonferencje.pl\/lodz\/centrum-konferencyjno-wystawiennicze-miedzynarodowych-targow-lodzkich\">Expo \u0141\u00f3d\u017a<\/a><\/td><td><a href=\"https:\/\/www.mojekonferencje.pl\/warszawa\/pge-narodowy\">PGE Narodowy<\/a><\/td><\/tr><tr><td><a href=\"https:\/\/www.mojekonferencje.pl\/warszawa\/b-b-julinek-park\">B&amp;B Julinek Park<\/a><\/td><td><a href=\"https:\/\/www.mojekonferencje.pl\/poznan\/centrum-kultury-zamek\">Centrum Kultury ZAMEK w Poznaniu<\/a><\/td><\/tr><tr><td><a href=\"https:\/\/www.mojekonferencje.pl\/poznan\/poznan-congress-center\">Pozna\u0144 Congress Center<\/a><\/td><td><a href=\"https:\/\/www.mojekonferencje.pl\/opole\/restauracja-hotel-opolanka\">Opolanka Restaurant &amp; Leisure<\/a><\/td><\/tr><tr><td><a href=\"https:\/\/www.mojekonferencje.pl\/alwernia\/alvernia-studios-\">ALVERNIA PLANET<\/a><\/td><td><a href=\"https:\/\/www.mojekonferencje.pl\/krakow\/centrum-konferencyjne-fabryczna-13-ckf-13\">Centrum Konferencyjne Fabryczna 13 CKF_13<\/a><\/td><\/tr><\/tbody><\/table><\/figure>\n\n\n\n<h2 class=\"has-text-align-center wp-block-heading\"><a href=\"https:\/\/www.mojekonferencje.pl\/lublin\/targi-lublin-sa\"><span class=\"has-inline-color has-vivid-purple-color\"><span style=\"text-decoration: underline;\">Targi Lublin SA<\/span><\/span><\/a><\/h2>\n\n\n\n<p>Infrastruktura <strong>Targ\u00f3w Lublin <\/strong>to nie tylko doskona\u0142e miejsce do organizacji r\u00f3\u017cnorodnych wydarze\u0144, ale tak\u017ce oaza mo\u017cliwo\u015bci, w kt\u00f3rej ka\u017cde zlecenie traktowane jest indywidualnie. Lokalizacja obiektu, zaledwie krok od serca miasta, u\u0142atwia dost\u0119p, a obszerny parking zapewnia komfort dla go\u015bci. Atutem Targ\u00f3w jest wszechstronno\u015b\u0107. Szukasz miejsca na uroczyst\u0105 gal\u0119, kameralne spotkanie czy imprez\u0119 integracyjn\u0105? Ten obiekt got\u00f3w jest sprosta\u0107 ka\u017cdemu wyzwaniu! <\/p>\n\n\n\n<p>Posiada on dwie sale konferencyjne (B1 i B2), ka\u017cda pomie\u015bci 150 os\u00f3b. Sala B2 z systemem \u015bcian przesuwnych umo\u017cliwia podzia\u0142 na dwie mniejsze sale (B2A i B2B), wyposa\u017cone w nowoczesny sprz\u0119t multimedialny. A to jeszcze nie wszystko! Antresola o powierzchni 700 m\u00b2 mo\u017ce by\u0107 aran\u017cowana zgodnie z potrzebami, mieszcz\u0105c event dla 500 os\u00f3b w ustawieniu bankietowym czy 600 os\u00f3b w ustawieniu teatralnym. Je\u015bli potrzebujesz przestrzeni na wi\u0119ksz\u0105 skal\u0119, to Targi oferuj\u0105 dwie hale. Hala A pomie\u015bci konferencj\u0119 dla 1500 os\u00f3b, a Hala C zapewni miejsce dla imprezy masowej dla nawet 5000 os\u00f3b.<\/p>\n\n\n\n<figure class=\"wp-block-image size-large\"><img loading=\"lazy\" decoding=\"async\" width=\"960\" height=\"580\" src=\"https:\/\/www.mojekonferencje.pl\/blog\/wp-content\/uploads\/2023\/11\/1-4.jpg\" alt=\"\" class=\"wp-image-4576 lazyload\" data-srcset=\"https:\/\/www.mojekonferencje.pl\/blog\/wp-content\/uploads\/2023\/11\/1-4.jpg 960w, https:\/\/www.mojekonferencje.pl\/blog\/wp-content\/uploads\/2023\/11\/1-4-300x181.jpg 300w, https:\/\/www.mojekonferencje.pl\/blog\/wp-content\/uploads\/2023\/11\/1-4-768x464.jpg 768w\" sizes=\"auto\" \/><\/figure>\n\n\n\n<h2 class=\"has-text-align-center wp-block-heading\"><a href=\"https:\/\/www.mojekonferencje.pl\/lodz\/centrum-konferencyjno-wystawiennicze-miedzynarodowych-targow-lodzkich\"><span class=\"has-inline-color has-vivid-purple-color\"><span style=\"text-decoration: underline;\">Expo \u0141\u00f3d\u017a<\/span><\/span><\/a><\/h2>\n\n\n\n<p>To niezwykle nowoczesny i wszechstronny kompleks targowo-konferencyjno-eventowy, usytuowany w samym sercu \u0141odzi, z dogodnym dost\u0119pem do g\u0142\u00f3wnych atrakcji miasta i dworc\u00f3w. Wzniesiony w 2012 roku, ten obiekt nie tylko reprezentuje nowoczesno\u015b\u0107, lecz r\u00f3wnie\u017c ekologi\u0119. Wykorzystanie energii geotermalnej sprawia, \u017ce budynek jest niezale\u017cny od miejskich \u017ar\u00f3de\u0142 ciep\u0142a, zapewniaj\u0105c ch\u0142odzenie i ogrzewanie. Panele s\u0142oneczne na dachu wspomagaj\u0105 proces ogrzewania wody, za\u015b urz\u0105dzenia do zbierania deszcz\u00f3wki s\u0142u\u017c\u0105 celom sanitarnym. <\/p>\n\n\n\n<p>Znaczna powierzchnia 13 117 m\u00b2 obejmuje w g\u0142\u00f3wnej mierze hal\u0119 wystawienniczo-eventow\u0105 o imponuj\u0105cej powierzchni 5700 m\u00b2, z mo\u017cliwo\u015bci\u0105 podzia\u0142u na 4 cz\u0119\u015bci za pomoc\u0105 mobilnych, d\u017awi\u0119koszczelnych \u015bcian. Go\u015bcie mog\u0105 r\u00f3wnie\u017c liczy\u0107 na: przestronne foyer, garderoby oraz pomieszczenia dla t\u0142umaczy symultanicznych. Dodatkowo na drugim pi\u0119trze znajduj\u0105 si\u0119 4 sale konferencyjne oraz aula na 459 os\u00f3b, z przestronnym foyer.<\/p>\n\n\n\n<figure class=\"wp-block-image size-large\"><img loading=\"lazy\" decoding=\"async\" width=\"960\" height=\"580\" src=\"https:\/\/www.mojekonferencje.pl\/blog\/wp-content\/uploads\/2023\/11\/2-4.jpg\" alt=\"\" class=\"wp-image-4577 lazyload\" data-srcset=\"https:\/\/www.mojekonferencje.pl\/blog\/wp-content\/uploads\/2023\/11\/2-4.jpg 960w, https:\/\/www.mojekonferencje.pl\/blog\/wp-content\/uploads\/2023\/11\/2-4-300x181.jpg 300w, https:\/\/www.mojekonferencje.pl\/blog\/wp-content\/uploads\/2023\/11\/2-4-768x464.jpg 768w\" sizes=\"auto\" \/><\/figure>\n\n\n\n<h2 class=\"has-text-align-center wp-block-heading\"><a href=\"https:\/\/www.mojekonferencje.pl\/warszawa\/b-b-julinek-park\"><span class=\"has-inline-color has-vivid-purple-color\"><span style=\"text-decoration: underline;\">B&amp;B Julinek Park<\/span><\/span><\/a><\/h2>\n\n\n\n<p>Jest to urokliwe<strong> miejsce noclegowe niedaleko Warszawy<\/strong>, stanowi\u0105ce cz\u0119\u015b\u0107 nowoczesnego kompleksu wypoczynkowo-rekreacyjnego z Parkiem Julinek. Po\u0142o\u017cony w sercu Puszczy Kampinoskiej, Julinek to oaza zieleni w najbardziej malowniczej cz\u0119\u015bci Mazowsza. Ta lokalizacja, blisko\u015b\u0107 natury oraz wygodny dojazd do stolicy sprawiaj\u0105, \u017ce jest to doskona\u0142e miejsce na organizacj\u0119 szkole\u0144, konferencji i spotka\u0144 biznesowych. Zlokalizowane na terenie obiektu historyczne budynki dawnej bazy cyrkowej przesz\u0142y gruntown\u0105 rewitalizacj\u0119, dostosowuj\u0105c si\u0119 do organizacji wydarze\u0144 kulturalnych, rozrywkowych i biznesowych. <\/p>\n\n\n\n<p>Strefa ta, wygrodzona i zamkni\u0119ta dla reszty go\u015bci parku, mo\u017ce pomie\u015bci\u0107 nawet 4000 os\u00f3b. Elastyczno\u015b\u0107 zapewniaj\u0105 mobilne wygrodzenia, pozwalaj\u0105c na podzia\u0142 terenu na mniejsze strefy. <strong>B&amp;B Julinek Park <\/strong>oferuje noclegi dla 178 go\u015bci jednocze\u015bnie, zapewniaj\u0105c kameralno\u015b\u0107 i wygod\u0119. Dodatkowym atutem jest Park Julinek, kt\u00f3ry harmonijnie \u0142\u0105czy relaks w otoczeniu przyrody z beztrosk\u0105 zabaw\u0105 dla ca\u0142ych rodzin. To \u015bwietne <strong>miejsce na konferencje pod Warszaw\u0105<\/strong>!<\/p>\n\n\n\n<figure class=\"wp-block-image size-large\"><img loading=\"lazy\" decoding=\"async\" width=\"1024\" height=\"682\" src=\"https:\/\/www.mojekonferencje.pl\/blog\/wp-content\/uploads\/2023\/11\/3-3-1024x682.jpg\" alt=\"\" class=\"wp-image-4578 lazyload\" data-srcset=\"https:\/\/www.mojekonferencje.pl\/blog\/wp-content\/uploads\/2023\/11\/3-3-1024x682.jpg 1024w, https:\/\/www.mojekonferencje.pl\/blog\/wp-content\/uploads\/2023\/11\/3-3-300x200.jpg 300w, https:\/\/www.mojekonferencje.pl\/blog\/wp-content\/uploads\/2023\/11\/3-3-768x511.jpg 768w, https:\/\/www.mojekonferencje.pl\/blog\/wp-content\/uploads\/2023\/11\/3-3.jpg 1500w\" sizes=\"auto\" \/><\/figure>\n\n\n\n<h2 class=\"has-text-align-center wp-block-heading\"><a href=\"https:\/\/www.mojekonferencje.pl\/poznan\/poznan-congress-center\"><span class=\"has-inline-color has-vivid-purple-color\"><span style=\"text-decoration: underline;\">Pozna\u0144 Congress Center<\/span><\/span><\/a><\/h2>\n\n\n\n<p>To dynamiczne centrum kongresowe, osadzone w sercu Mi\u0119dzynarodowych Targ\u00f3w Pozna\u0144skich. Stanowi ono odpowiednie<strong> miejsce na event w Poznaniu<\/strong>! Obiekt oferuje r\u00f3\u017cnorodne przestrzenie wystawiennicze, sale plenarne oraz konferencyjne, dostosowane do ka\u017cdego rodzaju wydarzenia. PCC to symbol najwy\u017cszych standard\u00f3w obs\u0142ugi klient\u00f3w biznesowych. To miejsce, gdzie cz\u0119sto goszcz\u0105 mi\u0119dzynarodowe wydarzenia kulturalne, polityczne i muzyczne. <\/p>\n\n\n\n<p>Po\u0142o\u017cenie w Mi\u0119dzynarodowych Targach Pozna\u0144skich gwarantuje doskona\u0142\u0105 lokalizacj\u0119. Blisko\u015b\u0107 Dworca Kolejowego oraz mo\u017cliwo\u015b\u0107 spaceru na Rynek Starego Miasta zdecydowanie zas\u0142uguje na wyr\u00f3\u017cnienie. W zasi\u0119gu kr\u00f3tkiej podr\u00f3\u017cy, oko\u0142o kwadransa, znajduje si\u0119 Port Lotniczy \u0141awica, u\u0142atwiaj\u0105c podr\u00f3\u017ce zar\u00f3wno krajowe, jak i mi\u0119dzynarodowe.<strong> Pozna\u0144 Congress Center<\/strong> to nie tylko miejsce wydarze\u0144, lecz tak\u017ce \u017ar\u00f3d\u0142o inspiracji i dynamizmu dla ka\u017cdego, kto szuka doskona\u0142ego miejsca na organizacj\u0119 znacz\u0105cych spotka\u0144 biznesowych czy wyj\u0105tkowych wydarze\u0144 kulturalnych.<\/p>\n\n\n\n<figure class=\"wp-block-image size-large\"><img loading=\"lazy\" decoding=\"async\" width=\"960\" height=\"580\" src=\"https:\/\/www.mojekonferencje.pl\/blog\/wp-content\/uploads\/2023\/11\/4-4.jpg\" alt=\"\" class=\"wp-image-4579 lazyload\" data-srcset=\"https:\/\/www.mojekonferencje.pl\/blog\/wp-content\/uploads\/2023\/11\/4-4.jpg 960w, https:\/\/www.mojekonferencje.pl\/blog\/wp-content\/uploads\/2023\/11\/4-4-300x181.jpg 300w, https:\/\/www.mojekonferencje.pl\/blog\/wp-content\/uploads\/2023\/11\/4-4-768x464.jpg 768w\" sizes=\"auto\" \/><\/figure>\n\n\n\n<h2 class=\"has-text-align-center wp-block-heading\"><a href=\"https:\/\/www.mojekonferencje.pl\/alwernia\/alvernia-studios-\"><span class=\"has-inline-color has-vivid-purple-color\"><span style=\"text-decoration: underline;\">ALVERNIA PLANET<\/span><\/span><\/a><\/h2>\n\n\n\n<p>Ten <strong>obiekt na event w Ma\u0142opolsce <\/strong>to niezwyk\u0142e studio filmowe, najwi\u0119ksze w Polsce i jedno z najnowocze\u015bniejszych w Europie. Usytuowane jest przy autostradzie A4, zaledwie 30 km od Krakowa oraz 10 km od lotniska Balice. To idealna przestrze\u0144 do organizacji szerokiego spektrum wydarze\u0144: od ekskluzywnych event\u00f3w korporacyjnych, przez pokazy mody i koncerty, a\u017c po konferencje i szkolenia. Trzeba przyzna\u0107, \u017ce<strong> Alvernia Planet<\/strong> wyr\u00f3\u017cnia si\u0119 futurystycznym designem i niezwyk\u0142ymi rozwi\u0105zaniami architektonicznymi, kt\u00f3re z pewno\u015bci\u0105 przyci\u0105gn\u0105 uwag\u0119 i wywo\u0142aj\u0105 dreszczyk emocji. <\/p>\n\n\n\n<p>To miejsce oferuje dwie du\u017ce, klimatyzowane kopu\u0142y o imponuj\u0105cej powierzchni 2000 m\u00b2 i 1700 m\u00b2, osi\u0105gaj\u0105ce wysoko\u015b\u0107 14 metr\u00f3w. Ich wyposa\u017cenie obejmuje profesjonalne o\u015bwietlenie, zasilanie o mocy 1 MW, profesjonalne garderoby oraz stanowiska do charakteryzacji. Dodatkowo posiadaj\u0105 dwie naprzeciwleg\u0142e bramy, u\u0142atwiaj\u0105ce wjazd sprz\u0119tu technicznego i ci\u0119\u017car\u00f3wek do 18 ton.<\/p>\n\n\n\n<figure class=\"wp-block-image size-large\"><img loading=\"lazy\" decoding=\"async\" width=\"960\" height=\"580\" src=\"https:\/\/www.mojekonferencje.pl\/blog\/wp-content\/uploads\/2023\/11\/5-4.jpg\" alt=\"\" class=\"wp-image-4580 lazyload\" data-srcset=\"https:\/\/www.mojekonferencje.pl\/blog\/wp-content\/uploads\/2023\/11\/5-4.jpg 960w, https:\/\/www.mojekonferencje.pl\/blog\/wp-content\/uploads\/2023\/11\/5-4-300x181.jpg 300w, https:\/\/www.mojekonferencje.pl\/blog\/wp-content\/uploads\/2023\/11\/5-4-768x464.jpg 768w\" sizes=\"auto\" \/><\/figure>\n\n\n\n<h2 class=\"has-text-align-center wp-block-heading\"><a href=\"https:\/\/www.mojekonferencje.pl\/warszawa\/the-tides-events\"><span class=\"has-inline-color has-vivid-purple-color\"><span style=\"text-decoration: underline;\">The Tides event&#8217;s by Toros<\/span><\/span><\/a><\/h2>\n\n\n\n<p>To <strong>nowoczesny obiekt eventowy w Warszawie<\/strong>, wyr\u00f3\u017cniaj\u0105cy si\u0119 niezwyk\u0142\u0105 architektur\u0105 i idealnym usytuowaniem nad brzegiem Wis\u0142y. To jedyne miejsce w stolicy, kt\u00f3re oferuje tak bliski kontakt z Wis\u0142ostrad\u0105, otoczone jednocze\u015bnie pi\u0119knym parkiem zielonych bulwar\u00f3w wi\u015blanych. Budynek <strong>The Tides <\/strong>przyci\u0105ga uwag\u0119 swoj\u0105 niepowtarzaln\u0105 form\u0105 architektoniczn\u0105, harmonijnie wkomponowan\u0105 w otaczaj\u0105c\u0105 przestrze\u0144. <\/p>\n\n\n\n<p>Jego wn\u0119trza to spektakularna architektura, oferuj\u0105ca 1600 metr\u00f3w kwadratowych przestrzeni eventowej, elastycznie podzielonej na mniejsze modu\u0142y: 90, 150, 250, 400, 600 i 1000 metr\u00f3w kwadratowych. Funkcjonalne i przestronne pomieszczenia umo\u017cliwiaj\u0105 swobodn\u0105 aran\u017cacj\u0119 zgodnie z indywidualnymi potrzebami. Ka\u017cda sala zapewnia dost\u0119p do naturalnego \u015bwiat\u0142a oraz inspiruj\u0105ce widoki na miasto. Obiekt zapewnia te\u017c catering. Czeka tam zesp\u00f3\u0142 do\u015bwiadczonych kucharzy i profesjonalnych kelner\u00f3w, dbaj\u0105cych o ka\u017cdy detal, aby zapewni\u0107 wyj\u0105tkowe do\u015bwiadczenie kulinarne.<\/p>\n\n\n\n<figure class=\"wp-block-image size-large\"><img loading=\"lazy\" decoding=\"async\" width=\"960\" height=\"580\" src=\"https:\/\/www.mojekonferencje.pl\/blog\/wp-content\/uploads\/2023\/11\/6-4.jpg\" alt=\"\" class=\"wp-image-4581 lazyload\" data-srcset=\"https:\/\/www.mojekonferencje.pl\/blog\/wp-content\/uploads\/2023\/11\/6-4.jpg 960w, https:\/\/www.mojekonferencje.pl\/blog\/wp-content\/uploads\/2023\/11\/6-4-300x181.jpg 300w, https:\/\/www.mojekonferencje.pl\/blog\/wp-content\/uploads\/2023\/11\/6-4-768x464.jpg 768w\" sizes=\"auto\" \/><\/figure>\n\n\n\n<h2 class=\"has-text-align-center wp-block-heading\"><a href=\"https:\/\/www.mojekonferencje.pl\/warszawa\/pge-narodowy\"><span class=\"has-inline-color has-vivid-purple-color\"><span style=\"text-decoration: underline;\">PGE Narodowy<\/span><\/span><\/a><\/h2>\n\n\n\n<p>W zestawieniu z <strong>najlepszymi miejscami eventowymi w Polsce <\/strong>nie mog\u0142o zabrakn\u0105\u0107 tego obiektu! <strong>PGE Narodowy<\/strong> to symbol nowoczesno\u015bci w \u015bwiecie wielofunkcyjnych aren w Europie. Stanowi najwi\u0119kszy stadion w Polsce i jako jedyny w tej cz\u0119\u015bci kontynentu posiada presti\u017cow\u0105 klas\u0119 \u201eUEFA Elite Stadiums\u201d. To miejsce nie tylko sportowych zmaga\u0144 i rozrywki, lecz tak\u017ce doskona\u0142a przestrze\u0144 dla biznesu, przyci\u0105gaj\u0105ca najsilniejsze marki o ugruntowanej pozycji rynkowej. Jako najwi\u0119ksze <strong>centrum konferencyjno-kongresowe w Warszawie<\/strong>, stadion przyci\u0105ga przedsi\u0119biorc\u00f3w jako magnes. <\/p>\n\n\n\n<p>Organizatorom konferencji, targ\u00f3w i spotka\u0144 biznesowych oferuje alternatyw\u0119 dla typowych centr\u00f3w kongresowych czy hoteli. Jego wyj\u0105tkow\u0105 przewag\u0105 jest wszechstronno\u015b\u0107. Centrum Konferencyjne, mog\u0105ce pomie\u015bci\u0107 2000 go\u015bci, oraz Biznes Klub z Galeri\u0105 o powierzchni 3200 m\u00b2 umo\u017cliwiaj\u0105 organizacj\u0119 wydarze\u0144 dla 1000 os\u00f3b w ustawieniu teatralnym. Dla organizator\u00f3w kameralnych spotka\u0144 przygotowano 62 lo\u017ce oraz liczne niestandardowe przestrzenie.<\/p>\n\n\n\n<figure class=\"wp-block-image size-large\"><img loading=\"lazy\" decoding=\"async\" width=\"724\" height=\"502\" src=\"https:\/\/www.mojekonferencje.pl\/blog\/wp-content\/uploads\/2023\/11\/7-4.jpg\" alt=\"\" class=\"wp-image-4582 lazyload\" data-srcset=\"https:\/\/www.mojekonferencje.pl\/blog\/wp-content\/uploads\/2023\/11\/7-4.jpg 724w, https:\/\/www.mojekonferencje.pl\/blog\/wp-content\/uploads\/2023\/11\/7-4-300x208.jpg 300w\" sizes=\"auto\" \/><\/figure>\n\n\n\n<h2 class=\"has-text-align-center wp-block-heading\"><a href=\"https:\/\/www.mojekonferencje.pl\/poznan\/centrum-kultury-zamek\"><span class=\"has-inline-color has-vivid-purple-color\"><span style=\"text-decoration: underline;\">Centrum Kultury ZAMEK w Poznaniu<\/span><\/span><\/a><\/h2>\n\n\n\n<p><strong>CK ZAMEK<\/strong>, idealne <strong>miejsce na event w Poznaniu<\/strong>, stanowi serce miasta przy ulicy \u015awi\u0119ty Marcina. Idealnie usytuowany w pobli\u017cu uczelni, firm, kawiarni, restauracji i sklep\u00f3w, staje si\u0119 doskona\u0142ym miejscem zar\u00f3wno dla podr\u00f3\u017cuj\u0105cych turystycznie, jak i biznesowo. Zamek jest o\u015brodkiem kultury w Poznaniu. To miejsce licznych wernisa\u017cy, koncert\u00f3w, wystaw oraz wyk\u0142ad\u00f3w. <strong>Pozna\u0144skie Centrum Kultury ZAMEK<\/strong> jest wybierane przez organizator\u00f3w spotka\u0144, kt\u00f3rzy poszukuj\u0105 eleganckiej przestrzeni na swoje wydarzenia. <\/p>\n\n\n\n<p>Oferuje on nowoczesne sale i historyczne pokoje, doskona\u0142e na prezentacje, konferencje czy szkolenia, spe\u0142niaj\u0105ce oczekiwania nawet najbardziej wymagaj\u0105cych go\u015bci. Organizatorzy maj\u0105 do dyspozycji wiele sal i korytarzy w Zachodnim Skrzydle Zamku oraz imponuj\u0105c\u0105 Sal\u0119 Wielk\u0105 ze scen\u0105 w Skrzydle Wschodnim. Dodatkowo trzy dziedzi\u0144ce to plenerowa przestrze\u0144, kt\u00f3ra pomie\u015bci nawet 1000 go\u015bci, stanowi\u0105c niepowtarzalne t\u0142o dla wydarze\u0144.<\/p>\n\n\n\n<figure class=\"wp-block-image size-large\"><img loading=\"lazy\" decoding=\"async\" width=\"1024\" height=\"768\" src=\"https:\/\/www.mojekonferencje.pl\/blog\/wp-content\/uploads\/2023\/11\/8-4-1024x768.jpg\" alt=\"\" class=\"wp-image-4583 lazyload\" data-srcset=\"https:\/\/www.mojekonferencje.pl\/blog\/wp-content\/uploads\/2023\/11\/8-4-1024x768.jpg 1024w, https:\/\/www.mojekonferencje.pl\/blog\/wp-content\/uploads\/2023\/11\/8-4-300x225.jpg 300w, https:\/\/www.mojekonferencje.pl\/blog\/wp-content\/uploads\/2023\/11\/8-4-768x576.jpg 768w, https:\/\/www.mojekonferencje.pl\/blog\/wp-content\/uploads\/2023\/11\/8-4-1536x1152.jpg 1536w, https:\/\/www.mojekonferencje.pl\/blog\/wp-content\/uploads\/2023\/11\/8-4.jpg 1920w\" sizes=\"auto\" \/><\/figure>\n\n\n\n<h2 class=\"has-text-align-center wp-block-heading\"><a href=\"https:\/\/www.mojekonferencje.pl\/opole\/restauracja-hotel-opolanka\"><span class=\"has-inline-color has-vivid-purple-color\"><span style=\"text-decoration: underline;\">Opolanka Restaurant &amp; Leisure<\/span><\/span><\/a><\/h2>\n\n\n\n<p>Jest to doskona\u0142e <strong>miejsce eventowe w Opolu <\/strong>dla oficjalnych i nieformalnych wydarze\u0144, od konferencji, bankiet\u00f3w po imprezy integracyjne. Ten nowoczesny obiekt po\u0142o\u017cony jest przy autostradzie A4 oraz nitce kolejowej, zapewniaj\u0105c wygodny dojazd zar\u00f3wno dla mieszka\u0144c\u00f3w Opola, jak i podr\u00f3\u017cnych spoza regionu. Znajduje si\u0119 tam nowopowsta\u0142a Sala Kopu\u0142owa, czyli przestrze\u0144 na 300 os\u00f3b w uk\u0142adzie kabaretowym i nawet 1000 os\u00f3b w uk\u0142adzie teatralnym. <\/p>\n\n\n\n<p>To nie tylko miejsce, ale kompleksowa oferta z profesjonaln\u0105 obs\u0142ug\u0105 i nowoczesnym wyposa\u017ceniem, co czyni ofert\u0119 jedn\u0105 z najlepszych w Opolu. Trzygwiazdkowy <strong>Hotel Opolanka<\/strong> to oaza komfortu dla go\u015bci, kt\u00f3rzy ceni\u0105 sobie wygod\u0119. Restauracja, stanowi\u0105ca serce Opolanki, to spotkanie klasyki z nowoczesno\u015bci\u0105. Przestronna sala to doskona\u0142y wyb\u00f3r na rodzinne uroczysto\u015bci, wesela, kameralne kolacje czy przyj\u0119cia firmowe. Kuchnia Opolanki to po\u0142\u0105czenie smak\u00f3w polskich i mi\u0119dzynarodowych, zawsze z odrobin\u0105 kreatywno\u015bci, by zadowoli\u0107 nawet najbardziej wymagaj\u0105cych go\u015bci.<\/p>\n\n\n\n<figure class=\"wp-block-image size-large\"><img loading=\"lazy\" decoding=\"async\" width=\"960\" height=\"580\" src=\"https:\/\/www.mojekonferencje.pl\/blog\/wp-content\/uploads\/2023\/11\/9-4.jpg\" alt=\"\" class=\"wp-image-4584 lazyload\" data-srcset=\"https:\/\/www.mojekonferencje.pl\/blog\/wp-content\/uploads\/2023\/11\/9-4.jpg 960w, https:\/\/www.mojekonferencje.pl\/blog\/wp-content\/uploads\/2023\/11\/9-4-300x181.jpg 300w, https:\/\/www.mojekonferencje.pl\/blog\/wp-content\/uploads\/2023\/11\/9-4-768x464.jpg 768w\" sizes=\"auto\" \/><\/figure>\n\n\n\n<h2 class=\"has-text-align-center wp-block-heading\"><a href=\"https:\/\/www.mojekonferencje.pl\/krakow\/centrum-konferencyjne-fabryczna-13-ckf-13\"><span class=\"has-inline-color has-vivid-purple-color\"><span style=\"text-decoration: underline;\">Centrum Konferencyjne Fabryczna 13 CKF_13<\/span><\/span><\/a><\/h2>\n\n\n\n<p>Obiekt ten stanowi idealne<strong> miejsce na event w Krakowie<\/strong>, wyr\u00f3\u017cniaj\u0105ce si\u0119 swoj\u0105 wszechstronno\u015bci\u0105 i funkcjonalno\u015bci\u0105. Na przestrzeni ponad 2200 metr\u00f3w kwadratowych znajduje si\u0119 pi\u0119\u0107 w pe\u0142ni wyposa\u017conych, wielofunkcyjnych sal, doskona\u0142ych do organizacji r\u00f3\u017cnorodnych wydarze\u0144: od szkole\u0144 i bankiet\u00f3w po konferencje, pokazy czy imprezy integracyjne. Obiekt oferuje funkcjonalne rozwi\u0105zania, umo\u017cliwiaj\u0105ce podzia\u0142 sal na mniejsze przestrzenie, co zapewnia elastyczno\u015b\u0107 przestrzenn\u0105, dostosowuj\u0105c si\u0119 do potrzeb organizator\u00f3w i zapewniaj\u0105c satysfakcj\u0119 uczestnik\u00f3w. <\/p>\n\n\n\n<p><strong>Centrum Konferencyjne Fabryczna 13 <\/strong>posiada profesjonalne zaplecze audiowizualne, umo\u017cliwiaj\u0105ce wysokiej jako\u015bci prezentacje, projekcje oraz wy\u015bwietlanie film\u00f3w. Dodatkowo, atutem obiektu jest dost\u0119p do windy towarowej oraz szybki roz\u0142adunek scenografii, co u\u0142atwia logistyk\u0119 przed wydarzeniem. Usytuowane w zabytkowej cz\u0119\u015bci kompleksu Fabryczna City, <strong>Centrum Konferencyjne Fabryczna 13<\/strong> zapewnia \u015bwietne skomunikowanie z centrum miasta i mi\u0119dzynarodowym lotniskiem w Balicach.<\/p>\n\n\n\n<figure class=\"wp-block-image size-large\"><img loading=\"lazy\" decoding=\"async\" width=\"960\" height=\"580\" src=\"https:\/\/www.mojekonferencje.pl\/blog\/wp-content\/uploads\/2023\/11\/10-3.jpg\" alt=\"\" class=\"wp-image-4585 lazyload\" data-srcset=\"https:\/\/www.mojekonferencje.pl\/blog\/wp-content\/uploads\/2023\/11\/10-3.jpg 960w, https:\/\/www.mojekonferencje.pl\/blog\/wp-content\/uploads\/2023\/11\/10-3-300x181.jpg 300w, https:\/\/www.mojekonferencje.pl\/blog\/wp-content\/uploads\/2023\/11\/10-3-768x464.jpg 768w\" sizes=\"auto\" \/><\/figure>\n","protected":false},"excerpt":{"rendered":"<p>Odkryj najbardziej wyj\u0105tkowe miejsca na wydarzenia w Polsce. Artyku\u0142 przedstawia najbardziej presti\u017cowe, funkcjonalne i elastyczne obiekty eventowe w kraju. Poznaj je!<\/p>\n","protected":false},"author":9,"featured_media":4575,"comment_status":"closed","ping_status":"closed","sticky":false,"template":"","format":"standard","meta":{"_acf_changed":false,"footnotes":""},"categories":[8,175],"tags":[353,354],"class_list":["post-4574","post","type-post","status-publish","format-standard","has-post-thumbnail","hentry","category-porady","category-wybieranie-miejsca-konferencyjnego","tag-organizacja-imprez","tag-organizacja-wydarzen"],"acf":[],"yoast_head":"<!-- This site is optimized with the Yoast SEO plugin v27.1.1 - https:\/\/yoast.com\/product\/yoast-seo-wordpress\/ -->\n<title>Najlepsze obiekty eventowe w Polsce - blog | MojeKonferencje.pl<\/title>\n<meta name=\"description\" content=\"Najlepsze obiekty eventowe w Polsce - blog | MojeKonferencje.pl\" \/>\n<meta name=\"robots\" content=\"index, follow, max-snippet:-1, max-image-preview:large, max-video-preview:-1\" \/>\n<link rel=\"canonical\" href=\"https:\/\/www.mojekonferencje.pl\/blog\/najlepsze-obiekty-eventowe-w-polsce\/\" \/>\n<meta property=\"og:locale\" content=\"pl_PL\" \/>\n<meta property=\"og:type\" content=\"article\" \/>\n<meta property=\"og:title\" content=\"Najlepsze obiekty eventowe w Polsce - blog | MojeKonferencje.pl\" \/>\n<meta property=\"og:description\" content=\"Najlepsze obiekty eventowe w Polsce - blog | MojeKonferencje.pl\" \/>\n<meta property=\"og:url\" content=\"https:\/\/www.mojekonferencje.pl\/blog\/najlepsze-obiekty-eventowe-w-polsce\/\" \/>\n<meta property=\"og:site_name\" content=\"MojeKonferencje.pl\" \/>\n<meta property=\"article:published_time\" content=\"2023-10-31T17:56:00+00:00\" \/>\n<meta property=\"article:modified_time\" content=\"2024-05-07T09:48:20+00:00\" \/>\n<meta property=\"og:image\" content=\"https:\/\/www.mojekonferencje.pl\/blog\/wp-content\/uploads\/2023\/11\/Fotoram.io-47.jpg\" \/>\n\t<meta property=\"og:image:width\" content=\"1200\" \/>\n\t<meta property=\"og:image:height\" content=\"720\" \/>\n\t<meta property=\"og:image:type\" content=\"image\/jpeg\" \/>\n<meta name=\"author\" content=\"Olga Stawicka-Iwanowska\" \/>\n<meta name=\"twitter:card\" content=\"summary_large_image\" \/>\n<meta name=\"twitter:label1\" content=\"Napisane przez\" \/>\n\t<meta name=\"twitter:data1\" content=\"Olga Stawicka-Iwanowska\" \/>\n\t<meta name=\"twitter:label2\" content=\"Szacowany czas czytania\" \/>\n\t<meta name=\"twitter:data2\" content=\"9 minut\" \/>\n<script type=\"application\/ld+json\" class=\"yoast-schema-graph\">{\"@context\":\"https:\/\/schema.org\",\"@graph\":[{\"@type\":\"Article\",\"@id\":\"https:\/\/www.mojekonferencje.pl\/blog\/najlepsze-obiekty-eventowe-w-polsce\/#article\",\"isPartOf\":{\"@id\":\"https:\/\/www.mojekonferencje.pl\/blog\/najlepsze-obiekty-eventowe-w-polsce\/\"},\"author\":{\"name\":\"Olga Stawicka-Iwanowska\",\"@id\":\"https:\/\/www.mojekonferencje.pl\/blog\/#\/schema\/person\/d6751ca3c60de9ec17ee21b744bbb2d4\"},\"headline\":\"Najlepsze obiekty eventowe w Polsce\",\"datePublished\":\"2023-10-31T17:56:00+00:00\",\"dateModified\":\"2024-05-07T09:48:20+00:00\",\"mainEntityOfPage\":{\"@id\":\"https:\/\/www.mojekonferencje.pl\/blog\/najlepsze-obiekty-eventowe-w-polsce\/\"},\"wordCount\":1757,\"image\":{\"@id\":\"https:\/\/www.mojekonferencje.pl\/blog\/najlepsze-obiekty-eventowe-w-polsce\/#primaryimage\"},\"thumbnailUrl\":\"https:\/\/www.mojekonferencje.pl\/blog\/wp-content\/uploads\/2023\/11\/Fotoram.io-47.jpg\",\"keywords\":[\"organizacja imprez\",\"organizacja wydarze\u0144\"],\"articleSection\":[\"Porady\",\"Wybieranie miejsca konferencyjnego\"],\"inLanguage\":\"pl-PL\"},{\"@type\":\"WebPage\",\"@id\":\"https:\/\/www.mojekonferencje.pl\/blog\/najlepsze-obiekty-eventowe-w-polsce\/\",\"url\":\"https:\/\/www.mojekonferencje.pl\/blog\/najlepsze-obiekty-eventowe-w-polsce\/\",\"name\":\"Najlepsze obiekty eventowe w Polsce - blog | MojeKonferencje.pl\",\"isPartOf\":{\"@id\":\"https:\/\/www.mojekonferencje.pl\/blog\/#website\"},\"primaryImageOfPage\":{\"@id\":\"https:\/\/www.mojekonferencje.pl\/blog\/najlepsze-obiekty-eventowe-w-polsce\/#primaryimage\"},\"image\":{\"@id\":\"https:\/\/www.mojekonferencje.pl\/blog\/najlepsze-obiekty-eventowe-w-polsce\/#primaryimage\"},\"thumbnailUrl\":\"https:\/\/www.mojekonferencje.pl\/blog\/wp-content\/uploads\/2023\/11\/Fotoram.io-47.jpg\",\"datePublished\":\"2023-10-31T17:56:00+00:00\",\"dateModified\":\"2024-05-07T09:48:20+00:00\",\"author\":{\"@id\":\"https:\/\/www.mojekonferencje.pl\/blog\/#\/schema\/person\/d6751ca3c60de9ec17ee21b744bbb2d4\"},\"description\":\"Najlepsze obiekty eventowe w Polsce - blog | MojeKonferencje.pl\",\"breadcrumb\":{\"@id\":\"https:\/\/www.mojekonferencje.pl\/blog\/najlepsze-obiekty-eventowe-w-polsce\/#breadcrumb\"},\"inLanguage\":\"pl-PL\",\"potentialAction\":[{\"@type\":\"ReadAction\",\"target\":[\"https:\/\/www.mojekonferencje.pl\/blog\/najlepsze-obiekty-eventowe-w-polsce\/\"]}]},{\"@type\":\"ImageObject\",\"inLanguage\":\"pl-PL\",\"@id\":\"https:\/\/www.mojekonferencje.pl\/blog\/najlepsze-obiekty-eventowe-w-polsce\/#primaryimage\",\"url\":\"https:\/\/www.mojekonferencje.pl\/blog\/wp-content\/uploads\/2023\/11\/Fotoram.io-47.jpg\",\"contentUrl\":\"https:\/\/www.mojekonferencje.pl\/blog\/wp-content\/uploads\/2023\/11\/Fotoram.io-47.jpg\",\"width\":1200,\"height\":720},{\"@type\":\"BreadcrumbList\",\"@id\":\"https:\/\/www.mojekonferencje.pl\/blog\/najlepsze-obiekty-eventowe-w-polsce\/#breadcrumb\",\"itemListElement\":[{\"@type\":\"ListItem\",\"position\":1,\"name\":\"Strona g\u0142\u00f3wna\",\"item\":\"https:\/\/www.mojekonferencje.pl\/blog\/\"},{\"@type\":\"ListItem\",\"position\":2,\"name\":\"Najlepsze obiekty eventowe w Polsce\"}]},{\"@type\":\"WebSite\",\"@id\":\"https:\/\/www.mojekonferencje.pl\/blog\/#website\",\"url\":\"https:\/\/www.mojekonferencje.pl\/blog\/\",\"name\":\"MojeKonferencje.pl\",\"description\":\"Blog bran\u017cy szkoleniowo-konferencyjnej. W\u0142\u0105cz si\u0119 do dyskusji o obiektach konferencyjnych i nowo\u015bciach z bran\u017cy! Poznaj porady odno\u015bnie organizacji konferencji, szkole\u0144 i event\u00f3w firmowych! Zach\u0119camy do wyra\u017cania opinii oraz komentarzy.\",\"potentialAction\":[{\"@type\":\"SearchAction\",\"target\":{\"@type\":\"EntryPoint\",\"urlTemplate\":\"https:\/\/www.mojekonferencje.pl\/blog\/?s={search_term_string}\"},\"query-input\":{\"@type\":\"PropertyValueSpecification\",\"valueRequired\":true,\"valueName\":\"search_term_string\"}}],\"inLanguage\":\"pl-PL\"},{\"@type\":\"Person\",\"@id\":\"https:\/\/www.mojekonferencje.pl\/blog\/#\/schema\/person\/d6751ca3c60de9ec17ee21b744bbb2d4\",\"name\":\"Olga Stawicka-Iwanowska\",\"description\":\"Head of Marketing z ponad sze\u015bcioletnim do\u015bwiadczeniem w bran\u017cy MICE. Na co dzie\u0144 zajmuje si\u0119 content marketingiem i promocj\u0105 obiekt\u00f3w eventowych, tak aby organizatorzy kongres\u00f3w, targ\u00f3w i konferencji wiedzieli, \u017ce w\u0142a\u015bnie tam warto zrealizowa\u0107 swoje wydarzenie. Prowadzi media spo\u0142eczno\u015bciowe, tworzy strategie komunikacji, pisze artyku\u0142y i dba o sp\u00f3jny wizerunek marki w ka\u017cdym kanale. W swojej pracy \u0142\u0105czy analityczne my\u015blenie z kreatywno\u015bci\u0105 i dobrym copy. Wsp\u00f3\u0142pracuje zar\u00f3wno z organizatorami najwi\u0119kszych wydarze\u0144 w Polsce, jak i z regionalnymi partnerami z bran\u017cy. Po godzinach mi\u0142o\u015bniczka podr\u00f3\u017cy po Europie, dobrej kuchni i klimatycznych miejsc, w kt\u00f3rych mo\u017cna z\u0142apa\u0107 oddech.\",\"sameAs\":[\"http:\/\/MojeKonferencje.pl\",\"https:\/\/www.linkedin.com\/in\/olgastawicka\/\"],\"url\":\"https:\/\/www.mojekonferencje.pl\/blog\/author\/osawicka\/\"}]}<\/script>\n<!-- \/ Yoast SEO plugin. -->","yoast_head_json":{"title":"Najlepsze obiekty eventowe w Polsce - blog | MojeKonferencje.pl","description":"Najlepsze obiekty eventowe w Polsce - blog | MojeKonferencje.pl","robots":{"index":"index","follow":"follow","max-snippet":"max-snippet:-1","max-image-preview":"max-image-preview:large","max-video-preview":"max-video-preview:-1"},"canonical":"https:\/\/www.mojekonferencje.pl\/blog\/najlepsze-obiekty-eventowe-w-polsce\/","og_locale":"pl_PL","og_type":"article","og_title":"Najlepsze obiekty eventowe w Polsce - blog | MojeKonferencje.pl","og_description":"Najlepsze obiekty eventowe w Polsce - blog | MojeKonferencje.pl","og_url":"https:\/\/www.mojekonferencje.pl\/blog\/najlepsze-obiekty-eventowe-w-polsce\/","og_site_name":"MojeKonferencje.pl","article_published_time":"2023-10-31T17:56:00+00:00","article_modified_time":"2024-05-07T09:48:20+00:00","og_image":[{"width":1200,"height":720,"url":"https:\/\/www.mojekonferencje.pl\/blog\/wp-content\/uploads\/2023\/11\/Fotoram.io-47.jpg","type":"image\/jpeg"}],"author":"Olga Stawicka-Iwanowska","twitter_card":"summary_large_image","twitter_misc":{"Napisane przez":"Olga Stawicka-Iwanowska","Szacowany czas czytania":"9 minut"},"schema":{"@context":"https:\/\/schema.org","@graph":[{"@type":"Article","@id":"https:\/\/www.mojekonferencje.pl\/blog\/najlepsze-obiekty-eventowe-w-polsce\/#article","isPartOf":{"@id":"https:\/\/www.mojekonferencje.pl\/blog\/najlepsze-obiekty-eventowe-w-polsce\/"},"author":{"name":"Olga Stawicka-Iwanowska","@id":"https:\/\/www.mojekonferencje.pl\/blog\/#\/schema\/person\/d6751ca3c60de9ec17ee21b744bbb2d4"},"headline":"Najlepsze obiekty eventowe w Polsce","datePublished":"2023-10-31T17:56:00+00:00","dateModified":"2024-05-07T09:48:20+00:00","mainEntityOfPage":{"@id":"https:\/\/www.mojekonferencje.pl\/blog\/najlepsze-obiekty-eventowe-w-polsce\/"},"wordCount":1757,"image":{"@id":"https:\/\/www.mojekonferencje.pl\/blog\/najlepsze-obiekty-eventowe-w-polsce\/#primaryimage"},"thumbnailUrl":"https:\/\/www.mojekonferencje.pl\/blog\/wp-content\/uploads\/2023\/11\/Fotoram.io-47.jpg","keywords":["organizacja imprez","organizacja wydarze\u0144"],"articleSection":["Porady","Wybieranie miejsca konferencyjnego"],"inLanguage":"pl-PL"},{"@type":"WebPage","@id":"https:\/\/www.mojekonferencje.pl\/blog\/najlepsze-obiekty-eventowe-w-polsce\/","url":"https:\/\/www.mojekonferencje.pl\/blog\/najlepsze-obiekty-eventowe-w-polsce\/","name":"Najlepsze obiekty eventowe w Polsce - blog | MojeKonferencje.pl","isPartOf":{"@id":"https:\/\/www.mojekonferencje.pl\/blog\/#website"},"primaryImageOfPage":{"@id":"https:\/\/www.mojekonferencje.pl\/blog\/najlepsze-obiekty-eventowe-w-polsce\/#primaryimage"},"image":{"@id":"https:\/\/www.mojekonferencje.pl\/blog\/najlepsze-obiekty-eventowe-w-polsce\/#primaryimage"},"thumbnailUrl":"https:\/\/www.mojekonferencje.pl\/blog\/wp-content\/uploads\/2023\/11\/Fotoram.io-47.jpg","datePublished":"2023-10-31T17:56:00+00:00","dateModified":"2024-05-07T09:48:20+00:00","author":{"@id":"https:\/\/www.mojekonferencje.pl\/blog\/#\/schema\/person\/d6751ca3c60de9ec17ee21b744bbb2d4"},"description":"Najlepsze obiekty eventowe w Polsce - blog | MojeKonferencje.pl","breadcrumb":{"@id":"https:\/\/www.mojekonferencje.pl\/blog\/najlepsze-obiekty-eventowe-w-polsce\/#breadcrumb"},"inLanguage":"pl-PL","potentialAction":[{"@type":"ReadAction","target":["https:\/\/www.mojekonferencje.pl\/blog\/najlepsze-obiekty-eventowe-w-polsce\/"]}]},{"@type":"ImageObject","inLanguage":"pl-PL","@id":"https:\/\/www.mojekonferencje.pl\/blog\/najlepsze-obiekty-eventowe-w-polsce\/#primaryimage","url":"https:\/\/www.mojekonferencje.pl\/blog\/wp-content\/uploads\/2023\/11\/Fotoram.io-47.jpg","contentUrl":"https:\/\/www.mojekonferencje.pl\/blog\/wp-content\/uploads\/2023\/11\/Fotoram.io-47.jpg","width":1200,"height":720},{"@type":"BreadcrumbList","@id":"https:\/\/www.mojekonferencje.pl\/blog\/najlepsze-obiekty-eventowe-w-polsce\/#breadcrumb","itemListElement":[{"@type":"ListItem","position":1,"name":"Strona g\u0142\u00f3wna","item":"https:\/\/www.mojekonferencje.pl\/blog\/"},{"@type":"ListItem","position":2,"name":"Najlepsze obiekty eventowe w Polsce"}]},{"@type":"WebSite","@id":"https:\/\/www.mojekonferencje.pl\/blog\/#website","url":"https:\/\/www.mojekonferencje.pl\/blog\/","name":"MojeKonferencje.pl","description":"Blog bran\u017cy szkoleniowo-konferencyjnej. W\u0142\u0105cz si\u0119 do dyskusji o obiektach konferencyjnych i nowo\u015bciach z bran\u017cy! Poznaj porady odno\u015bnie organizacji konferencji, szkole\u0144 i event\u00f3w firmowych! Zach\u0119camy do wyra\u017cania opinii oraz komentarzy.","potentialAction":[{"@type":"SearchAction","target":{"@type":"EntryPoint","urlTemplate":"https:\/\/www.mojekonferencje.pl\/blog\/?s={search_term_string}"},"query-input":{"@type":"PropertyValueSpecification","valueRequired":true,"valueName":"search_term_string"}}],"inLanguage":"pl-PL"},{"@type":"Person","@id":"https:\/\/www.mojekonferencje.pl\/blog\/#\/schema\/person\/d6751ca3c60de9ec17ee21b744bbb2d4","name":"Olga Stawicka-Iwanowska","description":"Head of Marketing z ponad sze\u015bcioletnim do\u015bwiadczeniem w bran\u017cy MICE. Na co dzie\u0144 zajmuje si\u0119 content marketingiem i promocj\u0105 obiekt\u00f3w eventowych, tak aby organizatorzy kongres\u00f3w, targ\u00f3w i konferencji wiedzieli, \u017ce w\u0142a\u015bnie tam warto zrealizowa\u0107 swoje wydarzenie. Prowadzi media spo\u0142eczno\u015bciowe, tworzy strategie komunikacji, pisze artyku\u0142y i dba o sp\u00f3jny wizerunek marki w ka\u017cdym kanale. W swojej pracy \u0142\u0105czy analityczne my\u015blenie z kreatywno\u015bci\u0105 i dobrym copy. Wsp\u00f3\u0142pracuje zar\u00f3wno z organizatorami najwi\u0119kszych wydarze\u0144 w Polsce, jak i z regionalnymi partnerami z bran\u017cy. Po godzinach mi\u0142o\u015bniczka podr\u00f3\u017cy po Europie, dobrej kuchni i klimatycznych miejsc, w kt\u00f3rych mo\u017cna z\u0142apa\u0107 oddech.","sameAs":["http:\/\/MojeKonferencje.pl","https:\/\/www.linkedin.com\/in\/olgastawicka\/"],"url":"https:\/\/www.mojekonferencje.pl\/blog\/author\/osawicka\/"}]}},"_links":{"self":[{"href":"https:\/\/www.mojekonferencje.pl\/blog\/wp-json\/wp\/v2\/posts\/4574","targetHints":{"allow":["GET"]}}],"collection":[{"href":"https:\/\/www.mojekonferencje.pl\/blog\/wp-json\/wp\/v2\/posts"}],"about":[{"href":"https:\/\/www.mojekonferencje.pl\/blog\/wp-json\/wp\/v2\/types\/post"}],"author":[{"embeddable":true,"href":"https:\/\/www.mojekonferencje.pl\/blog\/wp-json\/wp\/v2\/users\/9"}],"replies":[{"embeddable":true,"href":"https:\/\/www.mojekonferencje.pl\/blog\/wp-json\/wp\/v2\/comments?post=4574"}],"version-history":[{"count":1,"href":"https:\/\/www.mojekonferencje.pl\/blog\/wp-json\/wp\/v2\/posts\/4574\/revisions"}],"predecessor-version":[{"id":4586,"href":"https:\/\/www.mojekonferencje.pl\/blog\/wp-json\/wp\/v2\/posts\/4574\/revisions\/4586"}],"wp:featuredmedia":[{"embeddable":true,"href":"https:\/\/www.mojekonferencje.pl\/blog\/wp-json\/wp\/v2\/media\/4575"}],"wp:attachment":[{"href":"https:\/\/www.mojekonferencje.pl\/blog\/wp-json\/wp\/v2\/media?parent=4574"}],"wp:term":[{"taxonomy":"category","embeddable":true,"href":"https:\/\/www.mojekonferencje.pl\/blog\/wp-json\/wp\/v2\/categories?post=4574"},{"taxonomy":"post_tag","embeddable":true,"href":"https:\/\/www.mojekonferencje.pl\/blog\/wp-json\/wp\/v2\/tags?post=4574"}],"curies":[{"name":"wp","href":"https:\/\/api.w.org\/{rel}","templated":true}]}}