{"id":4618,"date":"2023-11-28T18:57:00","date_gmt":"2023-11-28T16:57:00","guid":{"rendered":"https:\/\/www.mojekonferencje.pl\/blog\/?p=4618"},"modified":"2024-05-07T11:48:19","modified_gmt":"2024-05-07T09:48:19","slug":"gdzie-zorganizowac-impreze-firmowa-w-gdansku","status":"publish","type":"post","link":"https:\/\/www.mojekonferencje.pl\/blog\/gdzie-zorganizowac-impreze-firmowa-w-gdansku\/","title":{"rendered":"Gdzie zorganizowa\u0107 imprez\u0119 firmow\u0105 w Gda\u0144sku?"},"content":{"rendered":"\n<p><strong>Planowanie idealnej imprezy firmowej to kluczowy element budowania pozytywnych relacji w \u015brodowisku biznesowym. Gda\u0144sk, z swoim malowniczym wybrze\u017cem Ba\u0142tyku i bogactwem atrakcji, stanowi doskona\u0142e miejsce do zorganizowania niezapomnianego wydarzenia korporacyjnego. Jednak wyb\u00f3r idealnej lokalizacji w tym dynamicznym mie\u015bcie mo\u017ce stanowi\u0107 wyzwanie. W tym artykule przyjrzymy si\u0119 najbardziej ekskluzywnym, wyj\u0105tkowym i funkcjonalnym miejscom, kt\u00f3re mog\u0105 by\u0107 idealnym t\u0142em dla Twojej imprezy firmowej w Gda\u0144sku. <\/strong><\/p>\n\n\n\n<p>Niezale\u017cnie od tego, czy szukasz przestrzeni konferencyjnej o wysokim standardzie, oryginalnego miejsca na bankiet czy te\u017c inspiruj\u0105cej scenerii do team buildingu, Gda\u0144sk oferuje mn\u00f3stwo mo\u017cliwo\u015bci. Czy jeste\u015b gotowy, by odkry\u0107 najlepsze <strong>miejsca na niezapomnian\u0105 imprez\u0119 firmow\u0105 w Gda\u0144sku<\/strong>? Przejd\u017amy wi\u0119c do szczeg\u00f3\u0142\u00f3w i znajd\u017amy idealn\u0105 przestrze\u0144, kt\u00f3ra spe\u0142ni wszystkie oczekiwania Twojej firmy! <\/p>\n\n\n\n<p>Zosta\u0144 z nami i poznaj obiekty, takie jak: <\/p>\n\n\n\n<figure class=\"wp-block-table\"><table><tbody><tr><td><a href=\"https:\/\/www.mojekonferencje.pl\/gdansk\/olivia-star\">Olivia Star<\/a><\/td><td><a href=\"https:\/\/www.mojekonferencje.pl\/gdansk\/kinguin-gdansk\">Kinguin Esports Lounge Gda\u0144sk<\/a><\/td><\/tr><tr><td><a href=\"https:\/\/www.mojekonferencje.pl\/gdansk\/hotel-mercure-gdansk-stare-miasto\">Hotel Mercure Gda\u0144sk Stare Miasto<\/a><\/td><td><a href=\"https:\/\/www.mojekonferencje.pl\/gdansk\/stary-manez\">Stary Mane\u017c<\/a><\/td><\/tr><tr><td><a href=\"https:\/\/www.mojekonferencje.pl\/gdansk\/holiday-inn-gdansk-city-centre\">Holiday Inn Gda\u0144sk City Centre<\/a><\/td><td><a href=\"https:\/\/www.mojekonferencje.pl\/gdansk\/hotel-grano-sol-marina\">Hotel Grano SOLMARINA<\/a><\/td><\/tr><tr><td><a href=\"https:\/\/www.mojekonferencje.pl\/gdansk\/progres-event-conference\">Progres Event &amp; Conference<\/a><\/td><td><a href=\"https:\/\/www.mojekonferencje.pl\/gdansk\/montownia-gdansk\">Montownia Lofts &amp; Experience Gda\u0144sk<\/a><\/td><\/tr><tr><td><a href=\"https:\/\/www.mojekonferencje.pl\/gdansk\/dwor-uphagena-arche-gdansk\">ARCHE Dw\u00f3r Uphagena Gda\u0144sk<\/a><\/td><td><a href=\"https:\/\/www.mojekonferencje.pl\/gdansk\/dok-cesarski\">DOK CESARSKI<\/a><\/td><\/tr><tr><td><a href=\"https:\/\/www.mojekonferencje.pl\/gdansk\/radisson-hotel-suites-gdansk\">Radisson Hotel &amp; Suites Gda\u0144sk<\/a><\/td><td><\/td><\/tr><\/tbody><\/table><\/figure>\n\n\n\n<h2 class=\"wp-block-heading has-text-align-center has-vivid-purple-color has-text-color has-link-color wp-elements-169ac031af928935e41a34fdfbf0f5d0\"><a href=\"https:\/\/www.mojekonferencje.pl\/gdansk\/olivia-star\"><span style=\"text-decoration: underline;\">Olivia Star<\/span><\/a><\/h2>\n\n\n\n<p>W sercu <strong>Olivia Star<\/strong> znajduj\u0105 si\u0119 trzy wyj\u0105tkowe restauracje, kt\u00f3re zachwyc\u0105 nawet najbardziej wymagaj\u0105ce podniebienia. Ka\u017cda z nich oferuje niepowtarzalne doznania kulinarnego, \u0142\u0105cz\u0105c lokalne smaki z mi\u0119dzynarodowymi inspiracjami. Na 32. pi\u0119trze budynku znajduje si\u0119 taras, oferuj\u0105cy niepowtarzalny widok na Tr\u00f3jmiasto. <\/p>\n\n\n\n<p>To idealne miejsce do <strong>organizacji presti\u017cowych konferencji<\/strong>, gdzie opr\u00f3cz inspiruj\u0105cych dyskusji, uczestnicy mog\u0105 delektowa\u0107 si\u0119 kulinarnymi doznaniami, podziwiaj\u0105c jednocze\u015bnie malownicze widoki. Elegancja wn\u0119trz i wyj\u0105tkowa atmosfera towarzysz\u0105ca spotkaniom w Olivia Star sprawiaj\u0105, \u017ce ka\u017cde wydarzenie staje si\u0119 niezapomnianym prze\u017cyciem dla wszystkich uczestnik\u00f3w.<\/p>\n\n\n\n<figure class=\"wp-block-image size-full\"><a href=\"https:\/\/www.mojekonferencje.pl\/blog\/wp-content\/uploads\/2024\/04\/0OLIVIAAA-1.jpg\"><img loading=\"lazy\" decoding=\"async\" width=\"960\" height=\"580\" src=\"https:\/\/www.mojekonferencje.pl\/blog\/wp-content\/uploads\/2024\/04\/0OLIVIAAA-1.jpg\" alt=\"\" class=\"wp-image-4945 lazyload\" data-srcset=\"https:\/\/www.mojekonferencje.pl\/blog\/wp-content\/uploads\/2024\/04\/0OLIVIAAA-1.jpg 960w, https:\/\/www.mojekonferencje.pl\/blog\/wp-content\/uploads\/2024\/04\/0OLIVIAAA-1-300x181.jpg 300w, https:\/\/www.mojekonferencje.pl\/blog\/wp-content\/uploads\/2024\/04\/0OLIVIAAA-1-768x464.jpg 768w\" sizes=\"auto\" \/><\/a><\/figure>\n\n\n\n<h2 class=\"wp-block-heading has-text-align-center\"><a href=\"https:\/\/www.mojekonferencje.pl\/gdansk\/hotel-mercure-gdansk-stare-miasto\"><span class=\"has-inline-color has-vivid-purple-color\"><span style=\"text-decoration: underline;\">Hotel Mercure Gda\u0144sk Stare Miasto<\/span><\/span><\/a><\/h2>\n\n\n\n<p>Poznaj ten <strong>hotel na imprez\u0119 firmow\u0105 w Gda\u0144sku<\/strong>, czyli <strong>Mercure Gda\u0144sk Stare Miasto<\/strong>, oaz\u0119 spokoju w sercu historycznego miasta. Ten hotel stanowi doskona\u0142e po\u0142\u0105czenie relaksu i funkcjonalno\u015bci, idealne zar\u00f3wno dla os\u00f3b podr\u00f3\u017cuj\u0105cych w celach biznesowych, jak i tych, kt\u00f3rzy pragn\u0105 oderwa\u0107 si\u0119 od codzienno\u015bci. Jego dogodna lokalizacja w spokojnej cz\u0119\u015bci Starego Miasta zapewnia b\u0142ogi odpoczynek po intensywnym dniu pe\u0142nym wra\u017ce\u0144. Blisko\u015b\u0107 dworca kolejowego oraz przystank\u00f3w to kolejny z naszych atut\u00f3w, umo\u017cliwiaj\u0105c szybkie i \u0142atwe poruszanie si\u0119 po mie\u015bcie. <\/p>\n\n\n\n<p>Go\u015bciom biznesowym oferuje obszerne centrum konferencyjne z\u0142o\u017cone z 12 multifunkcyjnych, klimatyzowanych sal. Dzi\u0119ki temu nawet wydarzenia gromadz\u0105ce a\u017c 400 uczestnik\u00f3w mog\u0105 by\u0107 zorganizowane bezproblemowo i profesjonalnie. Obiekt zapewnia r\u00f3wnie\u017c komfortowe zaplecze noclegowe, sk\u0142adaj\u0105ce si\u0119 z 271 pokoi i apartament\u00f3w. <strong>Hotel Mercure Gda\u0144sk Stare Miasto<\/strong> posiada te\u017c rozbudowane zaplecze gastronomiczne, sk\u0142adaj\u0105ce si\u0119 m.in. z dw\u00f3ch bardzo dobrych restauracji. Dodatkowo ten <strong>hotel na spotkanie biznesowe w Gda\u0144sku<\/strong> oferuje liczne atrakcje i udogodnienia, w tym np. Fitness Centrum.<\/p>\n\n\n\n<figure class=\"wp-block-image size-large\"><img loading=\"lazy\" decoding=\"async\" width=\"960\" height=\"580\" src=\"https:\/\/www.mojekonferencje.pl\/blog\/wp-content\/uploads\/2023\/11\/1-7.jpg\" alt=\"\" class=\"wp-image-4620 lazyload\" data-srcset=\"https:\/\/www.mojekonferencje.pl\/blog\/wp-content\/uploads\/2023\/11\/1-7.jpg 960w, https:\/\/www.mojekonferencje.pl\/blog\/wp-content\/uploads\/2023\/11\/1-7-300x181.jpg 300w, https:\/\/www.mojekonferencje.pl\/blog\/wp-content\/uploads\/2023\/11\/1-7-768x464.jpg 768w\" sizes=\"auto\" \/><\/figure>\n\n\n\n<h2 class=\"wp-block-heading has-text-align-center\"><a href=\"https:\/\/www.mojekonferencje.pl\/gdansk\/holiday-inn-gdansk-city-centre\"><span class=\"has-inline-color has-vivid-purple-color\"><span style=\"text-decoration: underline;\">Holiday Inn Gda\u0144sk City Centre<\/span><\/span><\/a><\/h2>\n\n\n\n<p>To niezwyk\u0142y <strong>hotel 4-gwiazdkowy w Gda\u0144sku<\/strong>, kt\u00f3ry zachwyca swoj\u0105 lokalizacj\u0105 na Wyspie Spichrz\u00f3w, stanowi\u0105cej serce pulsuj\u0105cego \u017cyciem miasta. Budynek \u0142\u0105czy w sobie nowoczesno\u015b\u0107 z historycznym charakterem, oferuj\u0105c go\u015bciom nie tylko komfortowy pobyt, ale i urzekaj\u0105cy widok na star\u00f3wk\u0119. Znajduj\u0105c si\u0119 tu\u017c przy g\u0142\u00f3wnych atrakcjach miasta, taki jak Fontanna Neptuna, Z\u0142ota Brama czy Europejskie Centrum Solidarno\u015bci, hotel stanowi doskona\u0142\u0105 baz\u0119 do odkrywania bogatej historii i kultury Gda\u0144ska.<strong> Holiday Inn Gda\u0144sk &#8211; City Center<\/strong> to nie tylko doskona\u0142e po\u0142o\u017cenie, ale tak\u017ce szeroki wachlarz udogodnie\u0144. <\/p>\n\n\n\n<p>240 pokoi, w tym 3 apartamenty o podwy\u017cszonym standardzie, rozlokowane na 7 pi\u0119trach, zapewniaj\u0105 wygod\u0119 i komfort dla ka\u017cdego go\u015bcia. Dla klient\u00f3w biznesowych dost\u0119pnych jest 5 klimatyzowanych sal konferencyjnych o \u0142\u0105cznej powierzchni 275 m2, doskona\u0142ych do organizacji szkole\u0144 czy event\u00f3w firmowych. Hotelowa restauracja specjalizuje si\u0119 w daniach zar\u00f3wno regionalnych, jak i mi\u0119dzynarodowych, zaspokajaj\u0105c r\u00f3\u017cnorodne gusta kulinarnych podr\u00f3\u017cy. Dodatkowo, w s\u0142oneczne dni Skay Bar stwarza niepowtarzaln\u0105 atmosfer\u0119 do sp\u0119dzania czasu z pi\u0119knym widokiem na okolic\u0119.<\/p>\n\n\n\n<figure class=\"wp-block-image size-large\"><img loading=\"lazy\" decoding=\"async\" width=\"960\" height=\"580\" src=\"https:\/\/www.mojekonferencje.pl\/blog\/wp-content\/uploads\/2023\/11\/2-7.jpg\" alt=\"\" class=\"wp-image-4621 lazyload\" data-srcset=\"https:\/\/www.mojekonferencje.pl\/blog\/wp-content\/uploads\/2023\/11\/2-7.jpg 960w, https:\/\/www.mojekonferencje.pl\/blog\/wp-content\/uploads\/2023\/11\/2-7-300x181.jpg 300w, https:\/\/www.mojekonferencje.pl\/blog\/wp-content\/uploads\/2023\/11\/2-7-768x464.jpg 768w\" sizes=\"auto\" \/><\/figure>\n\n\n\n<h2 class=\"wp-block-heading has-text-align-center\"><a href=\"https:\/\/www.mojekonferencje.pl\/gdansk\/progres-event-conference\"><span class=\"has-inline-color has-vivid-purple-color\"><span style=\"text-decoration: underline;\">Progres Event &amp; Conference<\/span><\/span><\/a><\/h2>\n\n\n\n<p>Jest to <strong>wyj\u0105tkowe miejsce na event nad morzem<\/strong>, skryte w sercu Gda\u0144ska Wrzeszcza, osadzone na terenie s\u0142ynnego osiedla Garnizon, gdzie historie minionych lat splataj\u0105 si\u0119 z nowoczesno\u015bci\u0105. Czekaj\u0105cy tam kameralny kompleks sal konferencyjno-bankietowych oraz restauracja to po\u0142\u0105czenie industrialnego charakteru z elegancj\u0105. <strong>Progres Event &amp; Conference<\/strong> to przestrze\u0144 elastyczna i wielofunkcyjna, doskona\u0142a zar\u00f3wno na kameralne spotkania rodzinne, jak i du\u017ce wydarzenia biznesowe. <\/p>\n\n\n\n<p>Mo\u017cliwe jest dostosowanie przestrzeni dla grup od kilku do 240 os\u00f3b, zapewniaj\u0105c komfort i intymno\u015b\u0107 ka\u017cdemu spotkaniu. Sale urzekaj\u0105 niezwyk\u0142ym klimatem \u2013 sala Progres wyr\u00f3\u017cnia si\u0119 industrialnym designem, efektown\u0105 \u015bcian\u0105 zieleni z \u017cywych ro\u015blin i imponuj\u0105cymi przeszkleniami, kt\u00f3re wprowadzaj\u0105 do wn\u0119trza mn\u00f3stwo naturalnego \u015bwiat\u0142a. Wysokiej jako\u015bci nag\u0142o\u015bnienie, o\u015bwietlenie, profesjonalny sprz\u0119t multimedialny i klimatyzacja gwarantuj\u0105 perfekcyjne warunki techniczne.<\/p>\n\n\n\n<figure class=\"wp-block-image size-large\"><img loading=\"lazy\" decoding=\"async\" width=\"960\" height=\"580\" src=\"https:\/\/www.mojekonferencje.pl\/blog\/wp-content\/uploads\/2023\/11\/3-6.jpg\" alt=\"\" class=\"wp-image-4622 lazyload\" data-srcset=\"https:\/\/www.mojekonferencje.pl\/blog\/wp-content\/uploads\/2023\/11\/3-6.jpg 960w, https:\/\/www.mojekonferencje.pl\/blog\/wp-content\/uploads\/2023\/11\/3-6-300x181.jpg 300w, https:\/\/www.mojekonferencje.pl\/blog\/wp-content\/uploads\/2023\/11\/3-6-768x464.jpg 768w\" sizes=\"auto\" \/><\/figure>\n\n\n\n<h2 class=\"wp-block-heading has-text-align-center\"><a href=\"https:\/\/www.mojekonferencje.pl\/gdansk\/dwor-uphagena-arche-gdansk\"><span class=\"has-inline-color has-vivid-purple-color\"><span style=\"text-decoration: underline;\">ARCHE Dw\u00f3r Uphagena Gda\u0144sk<\/span><\/span><\/a><\/h2>\n\n\n\n<p>To niezwyk\u0142e miejsce, gdzie elegancja \u0142\u0105czy si\u0119 z wyj\u0105tkowym stylem, umiejscowione w sercu gda\u0144skiego Dolnego Miasta. Ten zabytkowy gmach wyr\u00f3\u017cnia si\u0119 niepowtarzalnym designem, zapewniaj\u0105cym pe\u0142en komfort na poziomie czterech gwiazdek. To idealna przestrze\u0144 zar\u00f3wno dla turyst\u00f3w, poszukuj\u0105cych bazy wypadowej, jak i dla klient\u00f3w biznesowych, szukaj\u0105cych doskona\u0142ej przestrzeni eventowej. Dla wygody go\u015bci przygotowano dziewi\u0119\u0107 doskonale zaprojektowanych sal konferencyjnych. Najwi\u0119ksza z nich, Sala Bastion Mi\u015b, mo\u017ce pomie\u015bci\u0107 nawet 120 os\u00f3b. <\/p>\n\n\n\n<p>Dla mniejszych spotka\u0144 istnieje mo\u017cliwo\u015b\u0107 podzia\u0142u na trzy mniejsze pomieszczenia, dzi\u0119ki elastycznym, modu\u0142owym \u015bciankom. <strong>Dw\u00f3r Uphagena <\/strong>sk\u0142ada si\u0119 z trzech klimatycznych i zabytkowych budynk\u00f3w po\u0142\u0105czonych zielonym patio. Znajduj\u0105ca si\u0119 tam restauracja, Stara Kuchnia, s\u0142ynie z aromatycznych, kreatywnych po\u0142\u0105cze\u0144 smakowych i oryginalnych, industrialnych wn\u0119trz. Go\u015bcie mog\u0105 odwiedzi\u0107 klimatyczn\u0105 Kawiarni\u0119 &amp; Bar Maglownia. W obiekcie dzia\u0142a te\u017c strefa Wellness &amp; SPA, zapewniaj\u0105ca regeneracj\u0119 i odnow\u0119.<\/p>\n\n\n\n<figure class=\"wp-block-image size-large\"><img loading=\"lazy\" decoding=\"async\" width=\"1024\" height=\"683\" src=\"https:\/\/www.mojekonferencje.pl\/blog\/wp-content\/uploads\/2023\/11\/4-7-1024x683.jpg\" alt=\"\" class=\"wp-image-4623 lazyload\" data-srcset=\"https:\/\/www.mojekonferencje.pl\/blog\/wp-content\/uploads\/2023\/11\/4-7-1024x683.jpg 1024w, https:\/\/www.mojekonferencje.pl\/blog\/wp-content\/uploads\/2023\/11\/4-7-300x200.jpg 300w, https:\/\/www.mojekonferencje.pl\/blog\/wp-content\/uploads\/2023\/11\/4-7-768x512.jpg 768w, https:\/\/www.mojekonferencje.pl\/blog\/wp-content\/uploads\/2023\/11\/4-7.jpg 1350w\" sizes=\"auto\" \/><\/figure>\n\n\n\n<h2 class=\"wp-block-heading has-text-align-center\"><a href=\"https:\/\/www.mojekonferencje.pl\/gdansk\/radisson-hotel-suites-gdansk\"><span class=\"has-inline-color has-vivid-purple-color\"><span style=\"text-decoration: underline;\">Radisson Hotel &amp; Suites Gda\u0144sk<\/span><\/span><\/a><\/h2>\n\n\n\n<p>Zanurzony na Wyspie Spichrz\u00f3w, <strong>Radisson Hotel &amp; Suites Gda\u0144sk<\/strong> to nie tylko <strong>miejsce odpoczynku nad morzem<\/strong>, ale r\u00f3wnie\u017c idealna przestrze\u0144 do efektywnej pracy. Hotelowe pokoje i apartamenty oferuj\u0105 najwy\u017cszy standard oraz niezb\u0119dne udogodnienia, zapewniaj\u0105c komfortowy pobyt w Tr\u00f3jmie\u015bcie. Wn\u0119trza hotelu s\u0105 klimatyzowane i nowoczesne, stwarzaj\u0105c doskona\u0142e warunki do pe\u0142nego wykorzystania urok\u00f3w pobytu w Gda\u0144sku. Przestrze\u0144 eventowa, jedna z najwi\u0119kszych w mie\u015bcie, rozci\u0105ga si\u0119 na prawie 1000 m2. Sala konferencyjna pomie\u015bci a\u017c 700 os\u00f3b w uk\u0142adzie teatralnym i 300 przy indywidualnych sto\u0142ach, idealna na bankiety czy przyj\u0119cia firmowe dla 350 go\u015bci. <\/p>\n\n\n\n<p>Elastyczno\u015b\u0107 sali pozwala na podzielenie jej na 9 mniejszych cz\u0119\u015bci, idealnych dla kameralnych szkole\u0144 czy warsztat\u00f3w. Hotel dysponuje 350 pokojami i apartamentami. Restauracja w hotelu to prawdziwa uczta dla mi\u0142o\u015bnik\u00f3w polskiej kuchni i mi\u0119dzynarodowych specja\u0142\u00f3w. Dodatkowo, Prana Spa Premium to miejsce, gdzie relaks i profesjonalna terapia spotykaj\u0105 si\u0119 w holistycznym podej\u015bciu do zdrowia. Masa\u017ce orientalne, uznawane za jedne z najskuteczniejszych terapii na \u015bwiecie, s\u0105 sposobem na pozbycie si\u0119 napi\u0119\u0107, stresu i problem\u00f3w zdrowotnych.<\/p>\n\n\n\n<figure class=\"wp-block-image size-large\"><img loading=\"lazy\" decoding=\"async\" width=\"960\" height=\"580\" src=\"https:\/\/www.mojekonferencje.pl\/blog\/wp-content\/uploads\/2023\/11\/5-7.jpg\" alt=\"\" class=\"wp-image-4624 lazyload\" data-srcset=\"https:\/\/www.mojekonferencje.pl\/blog\/wp-content\/uploads\/2023\/11\/5-7.jpg 960w, https:\/\/www.mojekonferencje.pl\/blog\/wp-content\/uploads\/2023\/11\/5-7-300x181.jpg 300w, https:\/\/www.mojekonferencje.pl\/blog\/wp-content\/uploads\/2023\/11\/5-7-768x464.jpg 768w\" sizes=\"auto\" \/><\/figure>\n\n\n\n<h2 class=\"wp-block-heading has-text-align-center\"><a href=\"https:\/\/www.mojekonferencje.pl\/gdansk\/kinguin-gdansk\"><span class=\"has-inline-color has-vivid-purple-color\"><span style=\"text-decoration: underline;\">Kinguin Esports Lounge Gda\u0144sk<\/span><\/span><\/a><\/h2>\n\n\n\n<p>Ten<strong> obiekt eventowy w Gda\u0144sku<\/strong> to nie tylko miejsce, to doznanie dynamiczno\u015bci i nowoczesno\u015bci, przyci\u0105gaj\u0105ce zar\u00f3wno lokaln\u0105 spo\u0142eczno\u015b\u0107, jak i turyst\u00f3w. Z jednej strony jest to sklep, kt\u00f3ry oferuje szeroki wachlarz produkt\u00f3w zwi\u0105zanych z grami komputerowymi i elektronik\u0105 rozrywkow\u0105. To prawdziwy raj dla graczy, entuzjast\u00f3w technologii i fan\u00f3w e-sportu. Z drugiej za\u015b strony<strong> Kinguin Esports Lounge Gda\u0144sk<\/strong> to dostawca niezapomnianych spotka\u0144 i imprez okoliczno\u015bciowych. To miejsce o wyj\u0105tkowej atmosferze i najwy\u017cszej jako\u015bci us\u0142ug. <\/p>\n\n\n\n<p>Cztery prywatne pokoje do gry s\u0105 zaprojektowane dla maksymalnej satysfakcji i rozrywki go\u015bci. D\u017awi\u0119koszczelno\u015b\u0107 ka\u017cdego z pokoi zapewnia intymno\u015b\u0107 i skupienie podczas event\u00f3w. Spotkania w Kinguin Gda\u0144sk to doskona\u0142a okazja do wsp\u00f3lnego sp\u0119dzenia czasu z przyjaci\u00f3\u0142mi, rodzin\u0105 czy kolegami z pracy. R\u00f3\u017cnorodno\u015b\u0107 dost\u0119pnych gier planszowych i konsolowych spe\u0142nia oczekiwania zar\u00f3wno do\u015bwiadczonych graczy, jak i tych, kt\u00f3rzy dopiero rozpoczynaj\u0105 swoj\u0105 przygod\u0119 z grami. To wi\u0119cej ni\u017c sklep &#8211; to przestrze\u0144, kt\u00f3ra \u0142\u0105czy pasj\u0119, entuzjazm i wsp\u00f3lne doznania w \u015bwiecie elektronicznej rozrywki.<\/p>\n\n\n\n<figure class=\"wp-block-image size-large\"><img loading=\"lazy\" decoding=\"async\" width=\"960\" height=\"580\" src=\"https:\/\/www.mojekonferencje.pl\/blog\/wp-content\/uploads\/2023\/11\/6.png\" alt=\"\" class=\"wp-image-4625 lazyload\" data-srcset=\"https:\/\/www.mojekonferencje.pl\/blog\/wp-content\/uploads\/2023\/11\/6.png 960w, https:\/\/www.mojekonferencje.pl\/blog\/wp-content\/uploads\/2023\/11\/6-300x181.png 300w, https:\/\/www.mojekonferencje.pl\/blog\/wp-content\/uploads\/2023\/11\/6-768x464.png 768w\" sizes=\"auto\" \/><\/figure>\n\n\n\n<h2 class=\"wp-block-heading has-text-align-center\"><a href=\"https:\/\/www.mojekonferencje.pl\/gdansk\/stary-manez\"><span class=\"has-inline-color has-vivid-purple-color\"><span style=\"text-decoration: underline;\">Stary Mane\u017c<\/span><\/span><\/a><\/h2>\n\n\n\n<p>Budynek Starego Mane\u017cu, owiany histori\u0105 z czas\u00f3w elitarnych huzar\u00f3w pruskich, powr\u00f3ci\u0142 po ponad stu latach jako nowoczesny obiekt wielofunkcyjny w Gda\u0144sku, wpisuj\u0105cy si\u0119 w historyczn\u0105 przestrze\u0144 w zupe\u0142nie nowej roli. Posiada ogromn\u0105 sal\u0119 konferencyjno-widowisko-koncertow\u0105, mog\u0105c\u0105 pomie\u015bci\u0107 1490 os\u00f3b, idealn\u0105 do r\u00f3\u017cnorodnych wydarze\u0144, takich jak konferencje, prelekcje, koncerty czy bankiety. Najwi\u0119kszym atutem jest zaawansowany system nag\u0142o\u015bnienia i o\u015bwietlenia, spe\u0142niaj\u0105cy standardy koncertowe. Mikrofony, g\u0142o\u015bniki oraz wielokolorowe reflektory tworz\u0105 odpowiedni nastr\u00f3j dla ka\u017cdego wydarzenia. <\/p>\n\n\n\n<p>Dla bardziej kameralnych spotka\u0144 warto wykorzysta\u0107 przestrze\u0144 wine baru. Nowoczesne, jasne wn\u0119trze zapewnia komfortow\u0105 atmosfer\u0119 dla ka\u017cdego spotkania. Go\u015bcie mog\u0105 skorzysta\u0107 z bazy noclegowej w hotelu Smart Hotel w Garnizonie Kultury, oddalonym o zaledwie 300 m od obiektu. W<strong> Starym Mane\u017cu<\/strong> dzia\u0142a restauracja serwuj\u0105ca dania przygotowywane z oryginalnych przepis\u00f3w. Nietuzinkowe po\u0142\u0105czenia smak\u00f3w z naszej karty potraw z pewno\u015bci\u0105 zachwyc\u0105 nawet najbardziej wymagaj\u0105cych.<\/p>\n\n\n\n<figure class=\"wp-block-image size-large\"><img loading=\"lazy\" decoding=\"async\" width=\"960\" height=\"580\" src=\"https:\/\/www.mojekonferencje.pl\/blog\/wp-content\/uploads\/2023\/11\/7-6.jpg\" alt=\"\" class=\"wp-image-4626 lazyload\" data-srcset=\"https:\/\/www.mojekonferencje.pl\/blog\/wp-content\/uploads\/2023\/11\/7-6.jpg 960w, https:\/\/www.mojekonferencje.pl\/blog\/wp-content\/uploads\/2023\/11\/7-6-300x181.jpg 300w, https:\/\/www.mojekonferencje.pl\/blog\/wp-content\/uploads\/2023\/11\/7-6-768x464.jpg 768w\" sizes=\"auto\" \/><\/figure>\n\n\n\n<h2 class=\"wp-block-heading has-text-align-center\"><a href=\"https:\/\/www.mojekonferencje.pl\/gdansk\/hotel-grano-sol-marina\"><span class=\"has-inline-color has-vivid-purple-color\"><span style=\"text-decoration: underline;\">Hotel Grano SOLMARINA<\/span><\/span><\/a><\/h2>\n\n\n\n<p>To nowoczesny o\u015brodek sieci Grano, ukryty w urokliwej okolicy Tr\u00f3jmiasta. Ta wspania\u0142a lokalizacja pozwala go\u015bciom oderwa\u0107 si\u0119 od miejskiego zgie\u0142ku, zapewniaj\u0105c jednocze\u015bnie dost\u0119p do malowniczych krajobraz\u00f3w nadmorskich oraz szybk\u0105 komunikacj\u0119 z infrastruktur\u0105 miejsk\u0105. Dla klient\u00f3w biznesowych przygotowano dwie doskonale wyposa\u017cone sale konferencyjne: Uznam na 80 os\u00f3b w formie bankietowej oraz Wolin, kt\u00f3ra pomie\u015bci 48 uczestnik\u00f3w w ustawieniu teatralnym. Mobilne \u015bcianki pozwalaj\u0105 na po\u0142\u0105czenie sal w jedn\u0105 du\u017c\u0105 przestrze\u0144 dla nawet 120 os\u00f3b, doskona\u0142e dla ma\u0142ych grup szkoleniowych i du\u017cych konferencji. <\/p>\n\n\n\n<p>Nowoczesne wyposa\u017cenie sal gwarantuje komfortowe i efektywne spotkania. Go\u015bcie mog\u0105 wypoczywa\u0107 w nowoczesnych, jasnych i klimatyzowanych pokojach hotelowych oraz apartamentach w niskich budynkach apartamentowych <strong>Marina Residence.<\/strong> Restauracja SOLMARINA zachwyca afrodyzjakami kuchni regionalnej i mi\u0119dzynarodowej &#8211; \u015bwie\u017ce owoce morza oraz idealnie przygotowane steki to jej g\u0142\u00f3wne atuty. Sunset Bar na dachu zapewnia relaksuj\u0105c\u0105 atmosfer\u0119 z widokiem na marin\u0119. <strong>Hotel Grano <\/strong>oferuje r\u00f3wnie\u017c kompleksowy relaks i odpr\u0119\u017cenie w klimatycznej strefie SPA&amp;Wellness.<\/p>\n\n\n\n<figure class=\"wp-block-image size-large\"><img loading=\"lazy\" decoding=\"async\" width=\"960\" height=\"580\" src=\"https:\/\/www.mojekonferencje.pl\/blog\/wp-content\/uploads\/2023\/11\/8-7.jpg\" alt=\"\" class=\"wp-image-4627 lazyload\" data-srcset=\"https:\/\/www.mojekonferencje.pl\/blog\/wp-content\/uploads\/2023\/11\/8-7.jpg 960w, https:\/\/www.mojekonferencje.pl\/blog\/wp-content\/uploads\/2023\/11\/8-7-300x181.jpg 300w, https:\/\/www.mojekonferencje.pl\/blog\/wp-content\/uploads\/2023\/11\/8-7-768x464.jpg 768w\" sizes=\"auto\" \/><\/figure>\n\n\n\n<h2 class=\"wp-block-heading has-text-align-center\"><a href=\"https:\/\/www.mojekonferencje.pl\/gdansk\/montownia-gdansk\"><span class=\"has-inline-color has-vivid-purple-color\"><span style=\"text-decoration: underline;\">Montownia Lofts &amp; Experience Gda\u0144sk<\/span><\/span><\/a><\/h2>\n\n\n\n<p>Ten <strong>hotel na imprez\u0119 firmow\u0105 w Gda\u0144sku<\/strong> to nowy, wielofunkcyjny loft hotelowy, skryty w zrewitalizowanym zabytkowym budynku z lat 30. XX wieku. Jako centrum kulturalne Tr\u00f3jmiasta, \u0142\u0105czy w sobie przestrzenie hotelowe, biurowe i gastronomiczne, przyci\u0105gaj\u0105c turyst\u00f3w i mieszka\u0144c\u00f3w. Trzy sale wyposa\u017cone w nowoczesny sprz\u0119t multimedialny podnosz\u0105 jako\u015b\u0107 prezentacji, wyk\u0142ad\u00f3w i prelekcji. Niezale\u017cne \u0142\u0105cza internetowe w ka\u017cdej sali umo\u017cliwiaj\u0105 p\u0142ynn\u0105 komunikacj\u0119 online, zapewniaj\u0105c pe\u0142ne zrozumienie i zaanga\u017cowanie uczestnik\u00f3w. <\/p>\n\n\n\n<p>Business Room, dedykowany dla potrzeb klient\u00f3w wymagaj\u0105cych prywatno\u015bci podczas rozm\u00f3w biznesowych, gwarantuje dyskrecj\u0119 i komfort w wa\u017cnych spotkaniach. Centrum Konferencyjne oferuje klimatyczne Foyer, idealne na przerwy kawowe czy networking. Loftowy charakter przestrzeni w <strong>Montowni Gda\u0144sk<\/strong>, nasycony stylem industrialnym, nadaje zapleczu noclegowemu unikalny wyraz. Niemal dwukrotnie wi\u0119ksza powierzchnia loft\u00f3w pozwala na swobod\u0119 poruszania si\u0119. Food Hall Montownia Gda\u0144sk to per\u0142a miasta, zachwycaj\u0105ca ka\u017cdego smakosza. To niepowtarzalne miejsce, gdzie aromaty, kolory i smaki prowadz\u0105 w kulinarne podr\u00f3\u017ce przez \u015bwiat.<\/p>\n\n\n\n<figure class=\"wp-block-image size-large\"><img loading=\"lazy\" decoding=\"async\" width=\"960\" height=\"580\" src=\"https:\/\/www.mojekonferencje.pl\/blog\/wp-content\/uploads\/2023\/11\/9-7.jpg\" alt=\"\" class=\"wp-image-4628 lazyload\" data-srcset=\"https:\/\/www.mojekonferencje.pl\/blog\/wp-content\/uploads\/2023\/11\/9-7.jpg 960w, https:\/\/www.mojekonferencje.pl\/blog\/wp-content\/uploads\/2023\/11\/9-7-300x181.jpg 300w, https:\/\/www.mojekonferencje.pl\/blog\/wp-content\/uploads\/2023\/11\/9-7-768x464.jpg 768w\" sizes=\"auto\" \/><\/figure>\n\n\n\n<h2 class=\"wp-block-heading has-text-align-center\"><a href=\"https:\/\/www.mojekonferencje.pl\/gdansk\/dok-cesarski\"><span class=\"has-inline-color has-vivid-purple-color\"><span style=\"text-decoration: underline;\">DOK CESARSKI<\/span><\/span><\/a><\/h2>\n\n\n\n<p>Ten <strong>obiekt na imprez\u0119 firmow\u0105 w Gda\u0144sku <\/strong>to niezwyk\u0142e miejsce, le\u017c\u0105ce dos\u0142ownie w sercu miasta, w najstarszej cz\u0119\u015bci Stoczni Cesarskiej. Tamtejszy historyczny klimat \u0142\u0105czy si\u0119 z nowoczesnymi rozwi\u0105zaniami, tworz\u0105c fantastyczne t\u0142o dla wszelkich event\u00f3w. Ta innowacyjna, postindustrialna przestrze\u0144 otoczona pi\u0119knymi widokami marynistycznymi pozwala na realizacj\u0119 r\u00f3\u017cnorodnych wydarze\u0144 firmowych i prywatnych. <\/p>\n\n\n\n<p><strong>DOK CESARSKI <\/strong>oferuje a\u017c 3500 m2 otwartej przestrzeni z wodnym otoczeniem, co sprawia, \u017ce jest to jedno z najbardziej unikatowych miejsc na konferencje, warsztaty, koncerty, imprezy integracyjne czy wesela. Profesjonalna obs\u0142uga z ogromnym do\u015bwiadczeniem dba o ka\u017cdy detal, zapewniaj\u0105c, \u017ce ka\u017cde wydarzenie jest dopi\u0119te na ostatni guzik. To miejsce, gdzie wsp\u00f3\u0142graj\u0105ca atmosfera i przestrze\u0144 tworz\u0105 niezapomniany klimat dla ka\u017cdego eventu.<\/p>\n\n\n\n<figure class=\"wp-block-image size-large\"><img loading=\"lazy\" decoding=\"async\" width=\"960\" height=\"580\" src=\"https:\/\/www.mojekonferencje.pl\/blog\/wp-content\/uploads\/2023\/11\/10-2.png\" alt=\"\" class=\"wp-image-4629 lazyload\" data-srcset=\"https:\/\/www.mojekonferencje.pl\/blog\/wp-content\/uploads\/2023\/11\/10-2.png 960w, https:\/\/www.mojekonferencje.pl\/blog\/wp-content\/uploads\/2023\/11\/10-2-300x181.png 300w, https:\/\/www.mojekonferencje.pl\/blog\/wp-content\/uploads\/2023\/11\/10-2-768x464.png 768w\" sizes=\"auto\" \/><\/figure>\n","protected":false},"excerpt":{"rendered":"<p>Odkryj najlepsze miejsca na imprez\u0119 firmow\u0105 w Gda\u0144sku! Artyku\u0142 prezentuje r\u00f3\u017cnorodne lokalizacje, od postindustrialnych przestrzeni po nowoczesne centra konferencyjne.<\/p>\n","protected":false},"author":9,"featured_media":4619,"comment_status":"closed","ping_status":"closed","sticky":false,"template":"","format":"standard","meta":{"_acf_changed":false,"footnotes":""},"categories":[8,175],"tags":[31,353,354],"class_list":["post-4618","post","type-post","status-publish","format-standard","has-post-thumbnail","hentry","category-porady","category-wybieranie-miejsca-konferencyjnego","tag-gdansk","tag-organizacja-imprez","tag-organizacja-wydarzen"],"acf":[],"yoast_head":"<!-- This site is optimized with the Yoast SEO plugin v27.1.1 - https:\/\/yoast.com\/product\/yoast-seo-wordpress\/ -->\n<title>Gdzie zorganizowa\u0107 imprez\u0119 firmow\u0105 w Gda\u0144sku? - blog | MojeKonferencje.pl<\/title>\n<meta name=\"description\" content=\"Gdzie zorganizowa\u0107 imprez\u0119 firmow\u0105 w Gda\u0144sku? - blog | MojeKonferencje.pl\" \/>\n<meta name=\"robots\" content=\"index, follow, max-snippet:-1, max-image-preview:large, max-video-preview:-1\" \/>\n<link rel=\"canonical\" href=\"https:\/\/www.mojekonferencje.pl\/blog\/gdzie-zorganizowac-impreze-firmowa-w-gdansku\/\" \/>\n<meta property=\"og:locale\" content=\"pl_PL\" \/>\n<meta property=\"og:type\" content=\"article\" \/>\n<meta property=\"og:title\" content=\"Gdzie zorganizowa\u0107 imprez\u0119 firmow\u0105 w Gda\u0144sku? - blog | MojeKonferencje.pl\" \/>\n<meta property=\"og:description\" content=\"Gdzie zorganizowa\u0107 imprez\u0119 firmow\u0105 w Gda\u0144sku? - blog | MojeKonferencje.pl\" \/>\n<meta property=\"og:url\" content=\"https:\/\/www.mojekonferencje.pl\/blog\/gdzie-zorganizowac-impreze-firmowa-w-gdansku\/\" \/>\n<meta property=\"og:site_name\" content=\"MojeKonferencje.pl\" \/>\n<meta property=\"article:published_time\" content=\"2023-11-28T16:57:00+00:00\" \/>\n<meta property=\"article:modified_time\" content=\"2024-05-07T09:48:19+00:00\" \/>\n<meta property=\"og:image\" content=\"https:\/\/www.mojekonferencje.pl\/blog\/wp-content\/uploads\/2023\/11\/Fotoram.io-50.jpg\" \/>\n\t<meta property=\"og:image:width\" content=\"1200\" \/>\n\t<meta property=\"og:image:height\" content=\"732\" \/>\n\t<meta property=\"og:image:type\" content=\"image\/jpeg\" \/>\n<meta name=\"author\" content=\"Olga Stawicka-Iwanowska\" \/>\n<meta name=\"twitter:card\" content=\"summary_large_image\" \/>\n<meta name=\"twitter:label1\" content=\"Napisane przez\" \/>\n\t<meta name=\"twitter:data1\" content=\"Olga Stawicka-Iwanowska\" \/>\n\t<meta name=\"twitter:label2\" content=\"Szacowany czas czytania\" \/>\n\t<meta name=\"twitter:data2\" content=\"13 minut\" \/>\n<script type=\"application\/ld+json\" class=\"yoast-schema-graph\">{\"@context\":\"https:\/\/schema.org\",\"@graph\":[{\"@type\":\"Article\",\"@id\":\"https:\/\/www.mojekonferencje.pl\/blog\/gdzie-zorganizowac-impreze-firmowa-w-gdansku\/#article\",\"isPartOf\":{\"@id\":\"https:\/\/www.mojekonferencje.pl\/blog\/gdzie-zorganizowac-impreze-firmowa-w-gdansku\/\"},\"author\":{\"name\":\"Olga Stawicka-Iwanowska\",\"@id\":\"https:\/\/www.mojekonferencje.pl\/blog\/#\/schema\/person\/d6751ca3c60de9ec17ee21b744bbb2d4\"},\"headline\":\"Gdzie zorganizowa\u0107 imprez\u0119 firmow\u0105 w Gda\u0144sku?\",\"datePublished\":\"2023-11-28T16:57:00+00:00\",\"dateModified\":\"2024-05-07T09:48:19+00:00\",\"mainEntityOfPage\":{\"@id\":\"https:\/\/www.mojekonferencje.pl\/blog\/gdzie-zorganizowac-impreze-firmowa-w-gdansku\/\"},\"wordCount\":2052,\"image\":{\"@id\":\"https:\/\/www.mojekonferencje.pl\/blog\/gdzie-zorganizowac-impreze-firmowa-w-gdansku\/#primaryimage\"},\"thumbnailUrl\":\"https:\/\/www.mojekonferencje.pl\/blog\/wp-content\/uploads\/2023\/11\/Fotoram.io-50.jpg\",\"keywords\":[\"gda\u0144sk\",\"organizacja imprez\",\"organizacja wydarze\u0144\"],\"articleSection\":[\"Porady\",\"Wybieranie miejsca konferencyjnego\"],\"inLanguage\":\"pl-PL\"},{\"@type\":\"WebPage\",\"@id\":\"https:\/\/www.mojekonferencje.pl\/blog\/gdzie-zorganizowac-impreze-firmowa-w-gdansku\/\",\"url\":\"https:\/\/www.mojekonferencje.pl\/blog\/gdzie-zorganizowac-impreze-firmowa-w-gdansku\/\",\"name\":\"Gdzie zorganizowa\u0107 imprez\u0119 firmow\u0105 w Gda\u0144sku? - blog | MojeKonferencje.pl\",\"isPartOf\":{\"@id\":\"https:\/\/www.mojekonferencje.pl\/blog\/#website\"},\"primaryImageOfPage\":{\"@id\":\"https:\/\/www.mojekonferencje.pl\/blog\/gdzie-zorganizowac-impreze-firmowa-w-gdansku\/#primaryimage\"},\"image\":{\"@id\":\"https:\/\/www.mojekonferencje.pl\/blog\/gdzie-zorganizowac-impreze-firmowa-w-gdansku\/#primaryimage\"},\"thumbnailUrl\":\"https:\/\/www.mojekonferencje.pl\/blog\/wp-content\/uploads\/2023\/11\/Fotoram.io-50.jpg\",\"datePublished\":\"2023-11-28T16:57:00+00:00\",\"dateModified\":\"2024-05-07T09:48:19+00:00\",\"author\":{\"@id\":\"https:\/\/www.mojekonferencje.pl\/blog\/#\/schema\/person\/d6751ca3c60de9ec17ee21b744bbb2d4\"},\"description\":\"Gdzie zorganizowa\u0107 imprez\u0119 firmow\u0105 w Gda\u0144sku? - blog | MojeKonferencje.pl\",\"breadcrumb\":{\"@id\":\"https:\/\/www.mojekonferencje.pl\/blog\/gdzie-zorganizowac-impreze-firmowa-w-gdansku\/#breadcrumb\"},\"inLanguage\":\"pl-PL\",\"potentialAction\":[{\"@type\":\"ReadAction\",\"target\":[\"https:\/\/www.mojekonferencje.pl\/blog\/gdzie-zorganizowac-impreze-firmowa-w-gdansku\/\"]}]},{\"@type\":\"ImageObject\",\"inLanguage\":\"pl-PL\",\"@id\":\"https:\/\/www.mojekonferencje.pl\/blog\/gdzie-zorganizowac-impreze-firmowa-w-gdansku\/#primaryimage\",\"url\":\"https:\/\/www.mojekonferencje.pl\/blog\/wp-content\/uploads\/2023\/11\/Fotoram.io-50.jpg\",\"contentUrl\":\"https:\/\/www.mojekonferencje.pl\/blog\/wp-content\/uploads\/2023\/11\/Fotoram.io-50.jpg\",\"width\":1200,\"height\":732},{\"@type\":\"BreadcrumbList\",\"@id\":\"https:\/\/www.mojekonferencje.pl\/blog\/gdzie-zorganizowac-impreze-firmowa-w-gdansku\/#breadcrumb\",\"itemListElement\":[{\"@type\":\"ListItem\",\"position\":1,\"name\":\"Strona g\u0142\u00f3wna\",\"item\":\"https:\/\/www.mojekonferencje.pl\/blog\/\"},{\"@type\":\"ListItem\",\"position\":2,\"name\":\"Gdzie zorganizowa\u0107 imprez\u0119 firmow\u0105 w Gda\u0144sku?\"}]},{\"@type\":\"WebSite\",\"@id\":\"https:\/\/www.mojekonferencje.pl\/blog\/#website\",\"url\":\"https:\/\/www.mojekonferencje.pl\/blog\/\",\"name\":\"MojeKonferencje.pl\",\"description\":\"Blog bran\u017cy szkoleniowo-konferencyjnej. W\u0142\u0105cz si\u0119 do dyskusji o obiektach konferencyjnych i nowo\u015bciach z bran\u017cy! Poznaj porady odno\u015bnie organizacji konferencji, szkole\u0144 i event\u00f3w firmowych! Zach\u0119camy do wyra\u017cania opinii oraz komentarzy.\",\"potentialAction\":[{\"@type\":\"SearchAction\",\"target\":{\"@type\":\"EntryPoint\",\"urlTemplate\":\"https:\/\/www.mojekonferencje.pl\/blog\/?s={search_term_string}\"},\"query-input\":{\"@type\":\"PropertyValueSpecification\",\"valueRequired\":true,\"valueName\":\"search_term_string\"}}],\"inLanguage\":\"pl-PL\"},{\"@type\":\"Person\",\"@id\":\"https:\/\/www.mojekonferencje.pl\/blog\/#\/schema\/person\/d6751ca3c60de9ec17ee21b744bbb2d4\",\"name\":\"Olga Stawicka-Iwanowska\",\"description\":\"Head of Marketing z ponad sze\u015bcioletnim do\u015bwiadczeniem w bran\u017cy MICE. Na co dzie\u0144 zajmuje si\u0119 content marketingiem i promocj\u0105 obiekt\u00f3w eventowych, tak aby organizatorzy kongres\u00f3w, targ\u00f3w i konferencji wiedzieli, \u017ce w\u0142a\u015bnie tam warto zrealizowa\u0107 swoje wydarzenie. Prowadzi media spo\u0142eczno\u015bciowe, tworzy strategie komunikacji, pisze artyku\u0142y i dba o sp\u00f3jny wizerunek marki w ka\u017cdym kanale. W swojej pracy \u0142\u0105czy analityczne my\u015blenie z kreatywno\u015bci\u0105 i dobrym copy. Wsp\u00f3\u0142pracuje zar\u00f3wno z organizatorami najwi\u0119kszych wydarze\u0144 w Polsce, jak i z regionalnymi partnerami z bran\u017cy. Po godzinach mi\u0142o\u015bniczka podr\u00f3\u017cy po Europie, dobrej kuchni i klimatycznych miejsc, w kt\u00f3rych mo\u017cna z\u0142apa\u0107 oddech.\",\"sameAs\":[\"http:\/\/MojeKonferencje.pl\",\"https:\/\/www.linkedin.com\/in\/olgastawicka\/\"],\"url\":\"https:\/\/www.mojekonferencje.pl\/blog\/author\/osawicka\/\"}]}<\/script>\n<!-- \/ Yoast SEO plugin. -->","yoast_head_json":{"title":"Gdzie zorganizowa\u0107 imprez\u0119 firmow\u0105 w Gda\u0144sku? - blog | MojeKonferencje.pl","description":"Gdzie zorganizowa\u0107 imprez\u0119 firmow\u0105 w Gda\u0144sku? - blog | MojeKonferencje.pl","robots":{"index":"index","follow":"follow","max-snippet":"max-snippet:-1","max-image-preview":"max-image-preview:large","max-video-preview":"max-video-preview:-1"},"canonical":"https:\/\/www.mojekonferencje.pl\/blog\/gdzie-zorganizowac-impreze-firmowa-w-gdansku\/","og_locale":"pl_PL","og_type":"article","og_title":"Gdzie zorganizowa\u0107 imprez\u0119 firmow\u0105 w Gda\u0144sku? - blog | MojeKonferencje.pl","og_description":"Gdzie zorganizowa\u0107 imprez\u0119 firmow\u0105 w Gda\u0144sku? - blog | MojeKonferencje.pl","og_url":"https:\/\/www.mojekonferencje.pl\/blog\/gdzie-zorganizowac-impreze-firmowa-w-gdansku\/","og_site_name":"MojeKonferencje.pl","article_published_time":"2023-11-28T16:57:00+00:00","article_modified_time":"2024-05-07T09:48:19+00:00","og_image":[{"width":1200,"height":732,"url":"https:\/\/www.mojekonferencje.pl\/blog\/wp-content\/uploads\/2023\/11\/Fotoram.io-50.jpg","type":"image\/jpeg"}],"author":"Olga Stawicka-Iwanowska","twitter_card":"summary_large_image","twitter_misc":{"Napisane przez":"Olga Stawicka-Iwanowska","Szacowany czas czytania":"13 minut"},"schema":{"@context":"https:\/\/schema.org","@graph":[{"@type":"Article","@id":"https:\/\/www.mojekonferencje.pl\/blog\/gdzie-zorganizowac-impreze-firmowa-w-gdansku\/#article","isPartOf":{"@id":"https:\/\/www.mojekonferencje.pl\/blog\/gdzie-zorganizowac-impreze-firmowa-w-gdansku\/"},"author":{"name":"Olga Stawicka-Iwanowska","@id":"https:\/\/www.mojekonferencje.pl\/blog\/#\/schema\/person\/d6751ca3c60de9ec17ee21b744bbb2d4"},"headline":"Gdzie zorganizowa\u0107 imprez\u0119 firmow\u0105 w Gda\u0144sku?","datePublished":"2023-11-28T16:57:00+00:00","dateModified":"2024-05-07T09:48:19+00:00","mainEntityOfPage":{"@id":"https:\/\/www.mojekonferencje.pl\/blog\/gdzie-zorganizowac-impreze-firmowa-w-gdansku\/"},"wordCount":2052,"image":{"@id":"https:\/\/www.mojekonferencje.pl\/blog\/gdzie-zorganizowac-impreze-firmowa-w-gdansku\/#primaryimage"},"thumbnailUrl":"https:\/\/www.mojekonferencje.pl\/blog\/wp-content\/uploads\/2023\/11\/Fotoram.io-50.jpg","keywords":["gda\u0144sk","organizacja imprez","organizacja wydarze\u0144"],"articleSection":["Porady","Wybieranie miejsca konferencyjnego"],"inLanguage":"pl-PL"},{"@type":"WebPage","@id":"https:\/\/www.mojekonferencje.pl\/blog\/gdzie-zorganizowac-impreze-firmowa-w-gdansku\/","url":"https:\/\/www.mojekonferencje.pl\/blog\/gdzie-zorganizowac-impreze-firmowa-w-gdansku\/","name":"Gdzie zorganizowa\u0107 imprez\u0119 firmow\u0105 w Gda\u0144sku? - blog | MojeKonferencje.pl","isPartOf":{"@id":"https:\/\/www.mojekonferencje.pl\/blog\/#website"},"primaryImageOfPage":{"@id":"https:\/\/www.mojekonferencje.pl\/blog\/gdzie-zorganizowac-impreze-firmowa-w-gdansku\/#primaryimage"},"image":{"@id":"https:\/\/www.mojekonferencje.pl\/blog\/gdzie-zorganizowac-impreze-firmowa-w-gdansku\/#primaryimage"},"thumbnailUrl":"https:\/\/www.mojekonferencje.pl\/blog\/wp-content\/uploads\/2023\/11\/Fotoram.io-50.jpg","datePublished":"2023-11-28T16:57:00+00:00","dateModified":"2024-05-07T09:48:19+00:00","author":{"@id":"https:\/\/www.mojekonferencje.pl\/blog\/#\/schema\/person\/d6751ca3c60de9ec17ee21b744bbb2d4"},"description":"Gdzie zorganizowa\u0107 imprez\u0119 firmow\u0105 w Gda\u0144sku? - blog | MojeKonferencje.pl","breadcrumb":{"@id":"https:\/\/www.mojekonferencje.pl\/blog\/gdzie-zorganizowac-impreze-firmowa-w-gdansku\/#breadcrumb"},"inLanguage":"pl-PL","potentialAction":[{"@type":"ReadAction","target":["https:\/\/www.mojekonferencje.pl\/blog\/gdzie-zorganizowac-impreze-firmowa-w-gdansku\/"]}]},{"@type":"ImageObject","inLanguage":"pl-PL","@id":"https:\/\/www.mojekonferencje.pl\/blog\/gdzie-zorganizowac-impreze-firmowa-w-gdansku\/#primaryimage","url":"https:\/\/www.mojekonferencje.pl\/blog\/wp-content\/uploads\/2023\/11\/Fotoram.io-50.jpg","contentUrl":"https:\/\/www.mojekonferencje.pl\/blog\/wp-content\/uploads\/2023\/11\/Fotoram.io-50.jpg","width":1200,"height":732},{"@type":"BreadcrumbList","@id":"https:\/\/www.mojekonferencje.pl\/blog\/gdzie-zorganizowac-impreze-firmowa-w-gdansku\/#breadcrumb","itemListElement":[{"@type":"ListItem","position":1,"name":"Strona g\u0142\u00f3wna","item":"https:\/\/www.mojekonferencje.pl\/blog\/"},{"@type":"ListItem","position":2,"name":"Gdzie zorganizowa\u0107 imprez\u0119 firmow\u0105 w Gda\u0144sku?"}]},{"@type":"WebSite","@id":"https:\/\/www.mojekonferencje.pl\/blog\/#website","url":"https:\/\/www.mojekonferencje.pl\/blog\/","name":"MojeKonferencje.pl","description":"Blog bran\u017cy szkoleniowo-konferencyjnej. W\u0142\u0105cz si\u0119 do dyskusji o obiektach konferencyjnych i nowo\u015bciach z bran\u017cy! Poznaj porady odno\u015bnie organizacji konferencji, szkole\u0144 i event\u00f3w firmowych! Zach\u0119camy do wyra\u017cania opinii oraz komentarzy.","potentialAction":[{"@type":"SearchAction","target":{"@type":"EntryPoint","urlTemplate":"https:\/\/www.mojekonferencje.pl\/blog\/?s={search_term_string}"},"query-input":{"@type":"PropertyValueSpecification","valueRequired":true,"valueName":"search_term_string"}}],"inLanguage":"pl-PL"},{"@type":"Person","@id":"https:\/\/www.mojekonferencje.pl\/blog\/#\/schema\/person\/d6751ca3c60de9ec17ee21b744bbb2d4","name":"Olga Stawicka-Iwanowska","description":"Head of Marketing z ponad sze\u015bcioletnim do\u015bwiadczeniem w bran\u017cy MICE. Na co dzie\u0144 zajmuje si\u0119 content marketingiem i promocj\u0105 obiekt\u00f3w eventowych, tak aby organizatorzy kongres\u00f3w, targ\u00f3w i konferencji wiedzieli, \u017ce w\u0142a\u015bnie tam warto zrealizowa\u0107 swoje wydarzenie. Prowadzi media spo\u0142eczno\u015bciowe, tworzy strategie komunikacji, pisze artyku\u0142y i dba o sp\u00f3jny wizerunek marki w ka\u017cdym kanale. W swojej pracy \u0142\u0105czy analityczne my\u015blenie z kreatywno\u015bci\u0105 i dobrym copy. Wsp\u00f3\u0142pracuje zar\u00f3wno z organizatorami najwi\u0119kszych wydarze\u0144 w Polsce, jak i z regionalnymi partnerami z bran\u017cy. Po godzinach mi\u0142o\u015bniczka podr\u00f3\u017cy po Europie, dobrej kuchni i klimatycznych miejsc, w kt\u00f3rych mo\u017cna z\u0142apa\u0107 oddech.","sameAs":["http:\/\/MojeKonferencje.pl","https:\/\/www.linkedin.com\/in\/olgastawicka\/"],"url":"https:\/\/www.mojekonferencje.pl\/blog\/author\/osawicka\/"}]}},"_links":{"self":[{"href":"https:\/\/www.mojekonferencje.pl\/blog\/wp-json\/wp\/v2\/posts\/4618","targetHints":{"allow":["GET"]}}],"collection":[{"href":"https:\/\/www.mojekonferencje.pl\/blog\/wp-json\/wp\/v2\/posts"}],"about":[{"href":"https:\/\/www.mojekonferencje.pl\/blog\/wp-json\/wp\/v2\/types\/post"}],"author":[{"embeddable":true,"href":"https:\/\/www.mojekonferencje.pl\/blog\/wp-json\/wp\/v2\/users\/9"}],"replies":[{"embeddable":true,"href":"https:\/\/www.mojekonferencje.pl\/blog\/wp-json\/wp\/v2\/comments?post=4618"}],"version-history":[{"count":2,"href":"https:\/\/www.mojekonferencje.pl\/blog\/wp-json\/wp\/v2\/posts\/4618\/revisions"}],"predecessor-version":[{"id":4946,"href":"https:\/\/www.mojekonferencje.pl\/blog\/wp-json\/wp\/v2\/posts\/4618\/revisions\/4946"}],"wp:featuredmedia":[{"embeddable":true,"href":"https:\/\/www.mojekonferencje.pl\/blog\/wp-json\/wp\/v2\/media\/4619"}],"wp:attachment":[{"href":"https:\/\/www.mojekonferencje.pl\/blog\/wp-json\/wp\/v2\/media?parent=4618"}],"wp:term":[{"taxonomy":"category","embeddable":true,"href":"https:\/\/www.mojekonferencje.pl\/blog\/wp-json\/wp\/v2\/categories?post=4618"},{"taxonomy":"post_tag","embeddable":true,"href":"https:\/\/www.mojekonferencje.pl\/blog\/wp-json\/wp\/v2\/tags?post=4618"}],"curies":[{"name":"wp","href":"https:\/\/api.w.org\/{rel}","templated":true}]}}