{"id":4658,"date":"2023-12-20T21:00:00","date_gmt":"2023-12-20T19:00:00","guid":{"rendered":"https:\/\/www.mojekonferencje.pl\/blog\/?p=4658"},"modified":"2024-05-07T11:48:19","modified_gmt":"2024-05-07T09:48:19","slug":"konferencje-w-zamku","status":"publish","type":"post","link":"https:\/\/www.mojekonferencje.pl\/blog\/konferencje-w-zamku\/","title":{"rendered":"Konferencje w zamku"},"content":{"rendered":"\n<p><strong>Konferencje w zamku, a tak\u017ce szkolenia i spotkania biznesowe stanowi\u0105 niepowtarzaln\u0105 okazj\u0119 do integrowania wiedzy, wymiany idei i budowania wsp\u00f3\u0142pracy w otoczeniu inspiruj\u0105cym i wyj\u0105tkowym. W tej perspektywie te majestatyczne i historyczne miejsca, pe\u0142ne niepowtarzalnego uroku i bogatej historii \u2013 staj\u0105 si\u0119 idealnym miejscem dla takich spotka\u0144. Ich niezwyk\u0142a aura nie tylko dodaje presti\u017cu wydarzeniom biznesowym, ale tak\u017ce sprzyja koncentracji, kreatywno\u015bci oraz budowaniu relacji, co czyni je doskona\u0142ym wyborem dla organizacji konferencji. <\/strong> Udowodnili\u015bmy to, m.in. prezentuj\u0105c <a href=\"https:\/\/www.mojekonferencje.pl\/blog\/palace-i-dworki-w-woj-mazowieckim\/\">pa\u0142ace i dworki w wojew\u00f3dztwie mazowieckim<\/a>.<\/p>\n\n\n\n<p>Zamki oferuj\u0105 nie tylko malownicze otoczenie, ale r\u00f3wnie\u017c funkcjonalne przestrzenie, kt\u00f3re mog\u0105 by\u0107 dostosowane do potrzeb i charakteru ka\u017cdego spotkania biznesowego. Ich historyczna architektura cz\u0119sto idzie w parze z nowoczesnym wyposa\u017ceniem, co jest kluczowe podczas organizacji profesjonalnych konferencji i szkole\u0144. Konferencje w zamkach to nie tylko mo\u017cliwo\u015b\u0107 prowadzenia spotka\u0144 biznesowych, ale tak\u017ce doskona\u0142a okazja do zapewnienia uczestnikom chwili relaksu i odpoczynku w niezwyk\u0142ej scenerii. To r\u00f3wnie\u017c doskona\u0142y spos\u00f3b na po\u0142\u0105czenie biznesu z kultur\u0105 oraz histori\u0105, co mo\u017ce dodatkowo wzbogaci\u0107 do\u015bwiadczenie uczestnik\u00f3w. <\/p>\n\n\n\n<p>Zosta\u0144 z nami i poznaj zamki na konferencje, takie jak: <\/p>\n\n\n\n<figure class=\"wp-block-table\"><table><tbody><tr><td><a href=\"https:\/\/www.mojekonferencje.pl\/sucha\/zamek-czocha\">Zamek Czocha<\/a><\/td><td><a href=\"https:\/\/www.mojekonferencje.pl\/uniejow\/zamek-i-dom-pracy-tworczej-w-uniejowie\">Zamek w Uniejowie, Dom Pracy Tw\u00f3rczej<\/a><\/td><\/tr><tr><td><a href=\"https:\/\/www.mojekonferencje.pl\/wroclaw\/hotel-zamek-topacz\">Hotel Zamek Topacz<\/a><\/td><td><a href=\"https:\/\/www.mojekonferencje.pl\/pultusk\/hotel-zamek-pultusk--dom-polonii\">Hotel Zamek Pu\u0142tusk Dom Polonii<\/a><\/td><\/tr><tr><td><a href=\"https:\/\/www.mojekonferencje.pl\/poznan\/centrum-kultury-zamek\">Centrum Kultury ZAMEK w Poznaniu<\/a><\/td><td><a href=\"https:\/\/www.mojekonferencje.pl\/gniew\/zamek-gniew\">Hotel ZAMEK GNIEW<\/a><\/td><\/tr><tr><td><a href=\"https:\/\/www.mojekonferencje.pl\/janow-podlaski\/zamek-janow-podlaski\">Zamek Jan\u00f3w Podlaski<\/a><\/td><td><a href=\"https:\/\/www.mojekonferencje.pl\/puck\/zamek-rzucewo\">Zamek Rzucewo<\/a><\/td><\/tr><tr><td><a href=\"https:\/\/www.mojekonferencje.pl\/ryn\/hotel-zamek-ryn\">Hotel Zamek Ryn<\/a><\/td><td><a href=\"https:\/\/www.mojekonferencje.pl\/rydzyna\/zamek-w-rydzynie\">Zamek w Rydzynie<\/a><\/td><\/tr><\/tbody><\/table><\/figure>\n\n\n\n<h2 class=\"has-text-align-center wp-block-heading\"><a href=\"https:\/\/www.mojekonferencje.pl\/sucha\/zamek-czocha\"><span class=\"has-inline-color has-vivid-purple-color\"><span style=\"text-decoration: underline;\">Zamek Czocha<\/span><\/span><\/a><\/h2>\n\n\n\n<p>Ten zamek na konferencje le\u017cy na Dolnym \u015al\u0105sku. Owiany tajemnic\u0105 wiek\u00f3w kryje w sobie nie tylko bogat\u0105 histori\u0119, ale i unikatowe mo\u017cliwo\u015bci dla organizator\u00f3w wydarze\u0144. Usytuowany jest na granitowym wzg\u00f3rzu i rozpo\u015bciera si\u0119 z niego pi\u0119kny widok na jezioro i okolic\u0119, tworz\u0105c niezapomnian\u0105 atmosfer\u0119 dla ka\u017cdej konferencji. Historia Zamku, si\u0119gaj\u0105ca XIII wieku, staje si\u0119 inspiracj\u0105 dla zwiedzaj\u0105cych, kt\u00f3rzy podczas wycieczek z przewodnikiem odkrywaj\u0105 zakamarki tej \u015bredniowiecznej twierdzy. <\/p>\n\n\n\n<p>Sale konferencyjno-bankietowe obiektu urzekaj\u0105 swoim unikatowym wystrojem. Go\u015bcie mog\u0105 liczy\u0107 \u0142\u0105cznie na 4 eleganckie sale. Najwi\u0119ksza z nich jest w stanie pomie\u015bci\u0107 do 120 os\u00f3b. Zamek oferuje tak\u017ce komfortowe noclegi dla 125 os\u00f3b. Restauracja Uczta serwuje za\u015b lokalne przysmaki, a Bar u Nostitza oraz Kawiarnia Filmowa zapewniaj\u0105 wyj\u0105tkowe doznania kulinarne i atmosfer\u0119. Zamek Czocha to nie tylko miejsce biznesu, to tak\u017ce wspania\u0142a okazja na relaks i zabaw\u0119. Sauna, si\u0142ownia oraz atrakcje okolicznych teren\u00f3w pozwalaj\u0105 na aktywny wypoczynek!<\/p>\n\n\n\n<figure class=\"wp-block-image size-large\"><img loading=\"lazy\" decoding=\"async\" width=\"960\" height=\"580\" src=\"https:\/\/www.mojekonferencje.pl\/blog\/wp-content\/uploads\/2023\/12\/1.jpg\" alt=\"\" class=\"wp-image-4660 lazyload\" data-srcset=\"https:\/\/www.mojekonferencje.pl\/blog\/wp-content\/uploads\/2023\/12\/1.jpg 960w, https:\/\/www.mojekonferencje.pl\/blog\/wp-content\/uploads\/2023\/12\/1-300x181.jpg 300w, https:\/\/www.mojekonferencje.pl\/blog\/wp-content\/uploads\/2023\/12\/1-768x464.jpg 768w\" sizes=\"auto\" \/><\/figure>\n\n\n\n<h2 class=\"has-text-align-center wp-block-heading\"><a href=\"https:\/\/www.mojekonferencje.pl\/wroclaw\/hotel-zamek-topacz\"><span class=\"has-inline-color has-vivid-purple-color\"><span style=\"text-decoration: underline;\">Hotel Zamek Topacz<\/span><\/span><\/a><\/h2>\n\n\n\n<p>Jest to kolejny<strong> zamek na konferencj\u0119 na Dolnym \u015al\u0105sku<\/strong>, kt\u00f3ry otwiera swoje wrota dla niezwyk\u0142ych wydarze\u0144 biznesowych. Ten historyczny obiekt, zaledwie 20 minut od serca Wroc\u0142awia, to nie tylko hotel, lecz prawdziwy kompleks konferencyjny z bogatym zapleczem rekreacyjnym na 38 hektarach. Oferuje nie tylko elegancj\u0119 w 81 pokojach i apartamentach, ale tak\u017ce funkcjonalne sale konferencyjno-bankietowe, kt\u00f3re doskonale \u0142\u0105cz\u0105 nowoczesno\u015b\u0107 z historycznym klimatem zamku. Dzi\u0119ki dobremu o\u015bwietleniu i i mo\u017cliwo\u015bci korzystania z taras\u00f3w, te sale staj\u0105 si\u0119 idealnym miejscem dla r\u00f3\u017cnorodnych wydarze\u0144. Jednak to nie wszystko. <\/p>\n\n\n\n<p>Restauracja, znana z wyrafinowanej kuchni, kusi smakoszy daniami polskimi i mi\u0119dzynarodowymi, ale tak\u017ce oferuje mo\u017cliwo\u015b\u0107 bankiet\u00f3w dla 500 os\u00f3b oraz imprez plenerowych dla kilku tysi\u0119cy uczestnik\u00f3w. Bogactwo gastronomiczne spotyka si\u0119 tutaj z wysokim standardem organizacyjnym. Opr\u00f3cz tego, teren Topacza zachwyca r\u00f3\u017cnorodno\u015bci\u0105 atrakcji rekreacyjnych. Muzeum Motoryzacji oraz Galeria Polskiego Designu, staw z pomostami i piaszczyst\u0105 pla\u017c\u0105, trasy rowerowe, korty tenisowe, trasy kajakowe i nawet strzelnica &#8211; to wszystko czeka na tych, kt\u00f3rzy chc\u0105 po\u0142\u0105czy\u0107 prac\u0119 z relaksem.<\/p>\n\n\n\n<figure class=\"wp-block-image size-large\"><img loading=\"lazy\" decoding=\"async\" width=\"960\" height=\"580\" src=\"https:\/\/www.mojekonferencje.pl\/blog\/wp-content\/uploads\/2023\/12\/2.jpg\" alt=\"\" class=\"wp-image-4661 lazyload\" data-srcset=\"https:\/\/www.mojekonferencje.pl\/blog\/wp-content\/uploads\/2023\/12\/2.jpg 960w, https:\/\/www.mojekonferencje.pl\/blog\/wp-content\/uploads\/2023\/12\/2-300x181.jpg 300w, https:\/\/www.mojekonferencje.pl\/blog\/wp-content\/uploads\/2023\/12\/2-768x464.jpg 768w\" sizes=\"auto\" \/><\/figure>\n\n\n\n<h2 class=\"has-text-align-center wp-block-heading\"><a href=\"https:\/\/www.mojekonferencje.pl\/poznan\/centrum-kultury-zamek\"><span class=\"has-inline-color has-vivid-purple-color\"><span style=\"text-decoration: underline;\">Centrum Kultury ZAMEK w Poznaniu<\/span><\/span><\/a><\/h2>\n\n\n\n<p>Pozna\u0144ski Zamek, majestatyczna budowla z XIX wieku, tkwi w sercu miasta przy ulicy \u015awi\u0119ty Marcina. Jego doskona\u0142a lokalizacja w blisko\u015bci uniwersytet\u00f3w, firm, kawiarni i dworca sprawia, \u017ce to idealne miejsce dla podr\u00f3\u017cuj\u0105cych zar\u00f3wno w celach biznesowych, jak i turystycznych. <strong>Centrum Kultury ZAMEK<\/strong> to miejsce o niepowtarzalnym uroku, gdzie organizacja r\u00f3\u017cnorodnych wydarze\u0144 jest codzienno\u015bci\u0105 \u2013 od konferencji po niezwyk\u0142e koncerty. Klimatyczne wn\u0119trza przenosz\u0105 go\u015bci w czasie, a w dodatku dope\u0142nione s\u0105 nowoczesnym wyposa\u017ceniem. <\/p>\n\n\n\n<p>Organizatorzy maj\u0105 do swojej dyspozycji szeroki wachlarz sal i korytarzy w Zachodnim Skrzydle Zamku, a tak\u017ce spektakularn\u0105 Sal\u0119 Wielk\u0105 z imponuj\u0105c\u0105 scen\u0105 w Skrzydle Wschodnim. Trzy dziedzi\u0144ce stanowi\u0105 natomiast idealn\u0105 przestrze\u0144 na wydarzenia plenerowe, mog\u0105c\u0105 pomie\u015bci\u0107 nawet 1000 os\u00f3b.<strong> CK ZAMEK<\/strong> to miejsce, gdzie tworzone s\u0105 wydarzenia niezapomniane, kt\u00f3re na d\u0142ugo pozostan\u0105 w pami\u0119ci go\u015bci. Wspania\u0142a lokalizacja i profesjonalna, do\u015bwiadczona obs\u0142uga gwarantuj\u0105 udane spotkania biznesowe oraz wyj\u0105tkowe koncerty, nadaj\u0105c ka\u017cdemu eventowi niepowtarzalny klimat.<\/p>\n\n\n\n<figure class=\"wp-block-image size-large\"><img loading=\"lazy\" decoding=\"async\" width=\"1024\" height=\"768\" src=\"https:\/\/www.mojekonferencje.pl\/blog\/wp-content\/uploads\/2023\/12\/3.jpg\" alt=\"\" class=\"wp-image-4662 lazyload\" data-srcset=\"https:\/\/www.mojekonferencje.pl\/blog\/wp-content\/uploads\/2023\/12\/3.jpg 1024w, https:\/\/www.mojekonferencje.pl\/blog\/wp-content\/uploads\/2023\/12\/3-300x225.jpg 300w, https:\/\/www.mojekonferencje.pl\/blog\/wp-content\/uploads\/2023\/12\/3-768x576.jpg 768w\" sizes=\"auto\" \/><\/figure>\n\n\n\n<h2 class=\"has-text-align-center wp-block-heading\"><a href=\"https:\/\/www.mojekonferencje.pl\/janow-podlaski\/zamek-janow-podlaski\"><span class=\"has-inline-color has-vivid-purple-color\"><span style=\"text-decoration: underline;\">Zamek Jan\u00f3w Podlaski<\/span><\/span><\/a><\/h2>\n\n\n\n<p>Ten <strong>zamek na konferencje<\/strong> le\u017cy w wojew\u00f3dztwie lubelskim. To obiekt o historii si\u0119gaj\u0105cej XV wieku, kt\u00f3ry stanowi wyj\u0105tkowe Centrum Konferencyjno-Wypoczynkowe, osadzone w malowniczym Parku Krajobrazowym Podlaski Prze\u0142om Bugu. Na obszarze 40 hektar\u00f3w odkryjesz odrestaurowany Zamek, budynki SPA&amp;wellness, historyczne stawy i zalew oraz urokliwe Podzamcze, oddaj\u0105ce ducha folwarcznej architektury i stajni janowskich, po\u0142\u0105czone podziemnym korytarzem. <strong>Centrum Konferencyjne w hotelu Zamek Jan\u00f3w Podlaski<\/strong> to miejsce stworzone do efektywnej pracy, szkole\u0144, konferencji czy wystaw. Obiekt oferuje 15 w pe\u0142ni wyposa\u017conych sal konferencyjnych, historyczne salony oraz przestronne foyer. <\/p>\n\n\n\n<p>Na terenie obiektu mie\u015bci si\u0119 te\u017c \u201eZazamcze\u201d &#8211; sala weselno-konferencyjna o powierzchni 720 m\u00b2. Pomie\u015bci ona do 750 os\u00f3b podczas konferencji i 450 podczas bankietu. Obiekt oferuje r\u00f3wnie\u017c 199 pokoi i apartament\u00f3w, zapewniaj\u0105c \u0142\u0105cznie 467 miejsc noclegowych. W Zamku znajduje si\u0119 79 pokoi, w tym 21 apartament\u00f3w, niekt\u00f3re zachowane w XVIII-wiecznym stylu. G\u0142\u00f3wna Sala Restauracyjna oraz kameralna sala i Bar znajduj\u0105 si\u0119 na poziomie -1. Serwuj\u0105 wykwintne dania kuchni mi\u0119dzynarodowej i lokalne specja\u0142y. W holu recepcji zachwyca Lobby Bar, idealne miejsce na przek\u0105ski, wy\u015bmienit\u0105 kaw\u0119 oraz wypieki z cukierni zamkowej.<\/p>\n\n\n\n<figure class=\"wp-block-image size-large\"><img loading=\"lazy\" decoding=\"async\" width=\"960\" height=\"580\" src=\"https:\/\/www.mojekonferencje.pl\/blog\/wp-content\/uploads\/2023\/12\/4.jpg\" alt=\"\" class=\"wp-image-4663 lazyload\" data-srcset=\"https:\/\/www.mojekonferencje.pl\/blog\/wp-content\/uploads\/2023\/12\/4.jpg 960w, https:\/\/www.mojekonferencje.pl\/blog\/wp-content\/uploads\/2023\/12\/4-300x181.jpg 300w, https:\/\/www.mojekonferencje.pl\/blog\/wp-content\/uploads\/2023\/12\/4-768x464.jpg 768w\" sizes=\"auto\" \/><\/figure>\n\n\n\n<h2 class=\"has-text-align-center wp-block-heading\"><a href=\"https:\/\/www.mojekonferencje.pl\/ryn\/hotel-zamek-ryn\"><span class=\"has-inline-color has-vivid-purple-color\"><span style=\"text-decoration: underline;\">Hotel Zamek Ryn<\/span><\/span><\/a><\/h2>\n\n\n\n<p>Ten <strong>zamek na konferencje <\/strong>to miejsce, gdzie natura mazurskich krajobraz\u00f3w \u0142\u0105czy si\u0119 z ponadczasowym duchem historii, tworz\u0105c wyj\u0105tkowe otoczenie dla ka\u017cdego eventu. Tutaj b\u0142\u0119kit jezior wsp\u00f3\u0142gra z soczyst\u0105 zieleni\u0105 traw, a \u015bpiew ptak\u00f3w i szum drzew tworz\u0105 niepowtarzaln\u0105 symfoni\u0119 natury. Ten luksusowy obiekt to harmonijne po\u0142\u0105czenie XIV-wiecznego Zamku Krzy\u017cackiego z nowatorskim designem, niezr\u00f3wnanym w skali kraju. Przywi\u0105zanie do legendarnej go\u015bcinno\u015bci objawia si\u0119 w indywidualnym podej\u015bciu do ka\u017cdego go\u015bcia. <\/p>\n\n\n\n<p>Wyj\u0105tkowy wachlarz mo\u017cliwo\u015bci noclegowych oferuje 350 miejsc w czterech r\u00f3\u017cnorodnie zaaran\u017cowanych skrzyd\u0142ach Zamku, kameraln\u0105 Will\u0119 Pod Zamkiem oraz Go\u015bciniec Ry\u0144ski M\u0142yn nad samym jeziorem. To miejsca, kt\u00f3re kusz\u0105 wyj\u0105tkowym urokiem i atmosfer\u0105. Dla organizator\u00f3w konferencji przygotowano 12 sal konferencyjnych, gotowych pomie\u015bci\u0107 nawet 1000 go\u015bci, wyposa\u017conych w najnowocze\u015bniejszy sprz\u0119t audiowizualny. To gwarancja spe\u0142nienia nawet najbardziej skomplikowanych potrzeb logistycznych Twojego wydarzenia.<\/p>\n\n\n\n<figure class=\"wp-block-image size-large\"><img loading=\"lazy\" decoding=\"async\" width=\"960\" height=\"580\" src=\"https:\/\/www.mojekonferencje.pl\/blog\/wp-content\/uploads\/2023\/12\/5.jpg\" alt=\"\" class=\"wp-image-4664 lazyload\" data-srcset=\"https:\/\/www.mojekonferencje.pl\/blog\/wp-content\/uploads\/2023\/12\/5.jpg 960w, https:\/\/www.mojekonferencje.pl\/blog\/wp-content\/uploads\/2023\/12\/5-300x181.jpg 300w, https:\/\/www.mojekonferencje.pl\/blog\/wp-content\/uploads\/2023\/12\/5-768x464.jpg 768w\" sizes=\"auto\" \/><\/figure>\n\n\n\n<h2 class=\"has-text-align-center wp-block-heading\"><a href=\"https:\/\/www.mojekonferencje.pl\/uniejow\/zamek-i-dom-pracy-tworczej-w-uniejowie\"><span class=\"has-inline-color has-vivid-purple-color\"><span style=\"text-decoration: underline;\">Zamek w Uniejowie, Dom Pracy Tw\u00f3rczej<\/span><\/span><\/a><\/h2>\n\n\n\n<p>\u00d3w wyj\u0105tkowy <strong>zamek na konferencje <\/strong>przenosi w odleg\u0142e czasy, si\u0119gaj\u0105ce a\u017c XIII wieku, oferuj\u0105c niezapomniane do\u015bwiadczenia podczas organizacji wydarze\u0144. To elegancki hotel z 38 pokojami i 6 luksusowymi apartamentami, gdzie historyczna aura \u0142\u0105czy si\u0119 z nowoczesnym komfortem. Siedem nowocze\u015bnie wyposa\u017conych sal konferencyjnych i wyj\u0105tkowa restauracja, serwuj\u0105ca kuchni\u0119 staropolsk\u0105 w nowatorski spos\u00f3b, tworz\u0105 doskona\u0142e t\u0142o dla wydarze\u0144 biznesowych. Po\u0142o\u017cenie zaledwie 200 metr\u00f3w od basen\u00f3w termalnych Term Uniej\u00f3w w wojew\u00f3dztwie \u0142\u00f3dzkim to wyj\u0105tkowy atut. <\/p>\n\n\n\n<p>Go\u015bcie hotelowi maj\u0105 tak\u017ce mo\u017cliwo\u015b\u0107 skorzystania z 2,5 godzinnego pobytu w tych relaksuj\u0105cych termach. To stanowi doskona\u0142e uzupe\u0142nienie po dniu pe\u0142nym spotka\u0144. Park zamkowy otaczaj\u0105cy kompleks tworzy niepowtarzaln\u0105 atmosfer\u0119 spokoju i przyjazno\u015bci. Profesjonalne podej\u015bcie personelu oraz wyj\u0105tkowy design wn\u0119trz sprawiaj\u0105, \u017ce to doskona\u0142e miejsce na szkolenia, konferencje i imprezy firmowe. Okolica obfituje w atrakcje sportowe i rekreacyjne. Zapewnia dodatkowe mo\u017cliwo\u015bci relaksu po intensywnym dniu pracy \u2013 od strefy saun i salon\u00f3w SPA po park linowy, kr\u0119gielni\u0119 czy zoo.<\/p>\n\n\n\n<figure class=\"wp-block-image size-large\"><img loading=\"lazy\" decoding=\"async\" width=\"960\" height=\"580\" src=\"https:\/\/www.mojekonferencje.pl\/blog\/wp-content\/uploads\/2023\/12\/6.jpg\" alt=\"\" class=\"wp-image-4665 lazyload\" data-srcset=\"https:\/\/www.mojekonferencje.pl\/blog\/wp-content\/uploads\/2023\/12\/6.jpg 960w, https:\/\/www.mojekonferencje.pl\/blog\/wp-content\/uploads\/2023\/12\/6-300x181.jpg 300w, https:\/\/www.mojekonferencje.pl\/blog\/wp-content\/uploads\/2023\/12\/6-768x464.jpg 768w\" sizes=\"auto\" \/><\/figure>\n\n\n\n<h2 class=\"has-text-align-center wp-block-heading\"><a href=\"https:\/\/www.mojekonferencje.pl\/pultusk\/hotel-zamek-pultusk--dom-polonii\"><span class=\"has-inline-color has-vivid-purple-color\"><span style=\"text-decoration: underline;\">Hotel Zamek Pu\u0142tusk Dom Polonii<\/span><\/span><\/a><\/h2>\n\n\n\n<p>To hotel osadzony w zabytkowym XV-wiecznym zamku. Kusi historycznymi opowie\u015bciami i otoczony malowniczym parkiem nad Narwi\u0105 stanowi doskona\u0142e miejsce na organizacj\u0119 konferencji. Zniszczenia, jakim uleg\u0142 zamek podczas wojen i Potopu Szwedzkiego, sta\u0142y si\u0119 inspiracj\u0105 do jego renowacji, zachowuj\u0105c niepowtarzalny charakter miejsca. Dom Polonii to przede wszystkim hotel konferencyjny, oferuj\u0105cy 6 sal na spotkania biznesowe. Profesjonalnie wyposa\u017cone wn\u0119trza gwarantuj\u0105 wysoki standard wydarze\u0144. <\/p>\n\n\n\n<p>Restauracja w zabytkowych wn\u0119trzach zachwyca nie tylko klimatem, ale tak\u017ce kuchni\u0105 szlacheck\u0105, my\u015bliwsk\u0105 i ziemia\u0144sk\u0105, tworz\u0105c wyj\u0105tkowe doznania kulinarnego szlifu. Jedn\u0105 z g\u0142\u00f3wnych atrakcji jest mo\u017cliwo\u015b\u0107 przeja\u017cd\u017cek gondolami po Narwi \u2013 romantyczna kolacja na \u0142odzi to niezapomniane wra\u017cenia. Hotel oferuje r\u00f3\u017cnorodn\u0105 baz\u0119 noclegow\u0105 na 260 os\u00f3b, rozlokowan\u0105 zar\u00f3wno w Zamku, jak i w pobliskim Podzamczu \u2013 Hotelu Stanica. Wyj\u0105tkowe po\u0142o\u017cenie kompleksu to tak\u017ce atut dla aktywnych \u2013 korty tenisowe, bilard, wypo\u017cyczalnia sprz\u0119tu rekreacyjnego, a tak\u017ce miejsca dla kamper\u00f3w nad brzegiem Narwi gwarantuj\u0105 pe\u0142en wachlarz atrakcji.<\/p>\n\n\n\n<figure class=\"wp-block-image size-large\"><img loading=\"lazy\" decoding=\"async\" width=\"960\" height=\"580\" src=\"https:\/\/www.mojekonferencje.pl\/blog\/wp-content\/uploads\/2023\/12\/7.jpg\" alt=\"\" class=\"wp-image-4666 lazyload\" data-srcset=\"https:\/\/www.mojekonferencje.pl\/blog\/wp-content\/uploads\/2023\/12\/7.jpg 960w, https:\/\/www.mojekonferencje.pl\/blog\/wp-content\/uploads\/2023\/12\/7-300x181.jpg 300w, https:\/\/www.mojekonferencje.pl\/blog\/wp-content\/uploads\/2023\/12\/7-768x464.jpg 768w\" sizes=\"auto\" \/><\/figure>\n\n\n\n<h2 class=\"has-text-align-center wp-block-heading\"><a href=\"https:\/\/www.mojekonferencje.pl\/gniew\/zamek-gniew\"><span class=\"has-inline-color has-vivid-purple-color\"><span style=\"text-decoration: underline;\">Hotel ZAMEK GNIEW<\/span><\/span><\/a><\/h2>\n\n\n\n<p>To monumentalna twierdza z histori\u0105 tkwi\u0105c\u0105 w losach rycerzy-mnich\u00f3w, kr\u00f3l\u00f3w i hetman\u00f3w. Zachwyca nie tylko turniejami rycerskimi czy bitewnymi kronikami, ale tak\u017ce oferuje niepowtarzaln\u0105 atmosfer\u0119 dla organizacji konferencji. Obiekt do dyspozycji go\u015bci oddaje 7 sal konferencyjnych, doskonale przystosowanych do organizacji spotka\u0144 firmowych, narad czy szkole\u0144. Hotel Rycerski, nowoczesny obiekt o eleganckim wystroju, oferuje 48 pokoi zapewniaj\u0105cych 130 miejsc noclegowych oraz wykwintn\u0105 restauracj\u0119. <\/p>\n\n\n\n<p>W samym zamku czeka za to 16 luksusowych apartament\u00f3w, \u0142\u0105cz\u0105cych unikalny \u015bredniowieczny klimat z najwy\u017cszym standardem komfortu. Pa\u0142ac Marysie\u0144ki, o bogatej historii zwi\u0105zanej z Janem III Sobieskim, oferuje z kolei noclegi dla 120 os\u00f3b w pi\u0119knych komnatach i apartamentach. Ten zamek na konferencje zaprasza te\u017c go\u015bci do restauracji, gdzie sztuka kulinarna nabiera nowego znaczenia. Wykwintne menu, pe\u0142ne niezwyk\u0142ych po\u0142\u0105cze\u0144 smak\u00f3w i aromat\u00f3w, zadowoli nawet najbardziej wyrafinowane podniebienia.<\/p>\n\n\n\n<figure class=\"wp-block-image size-large\"><img loading=\"lazy\" decoding=\"async\" width=\"960\" height=\"580\" src=\"https:\/\/www.mojekonferencje.pl\/blog\/wp-content\/uploads\/2023\/12\/8.jpg\" alt=\"konferencje w zamku\" class=\"wp-image-4667 lazyload\" data-srcset=\"https:\/\/www.mojekonferencje.pl\/blog\/wp-content\/uploads\/2023\/12\/8.jpg 960w, https:\/\/www.mojekonferencje.pl\/blog\/wp-content\/uploads\/2023\/12\/8-300x181.jpg 300w, https:\/\/www.mojekonferencje.pl\/blog\/wp-content\/uploads\/2023\/12\/8-768x464.jpg 768w\" sizes=\"auto\" \/><\/figure>\n\n\n\n<h2 class=\"has-text-align-center wp-block-heading\"><a href=\"https:\/\/www.mojekonferencje.pl\/puck\/zamek-rzucewo\"><span class=\"has-inline-color has-vivid-purple-color\"><span style=\"text-decoration: underline;\">Zamek Rzucewo<\/span><\/span><\/a><\/h2>\n\n\n\n<p>To niezwyk\u0142e miejsce o bogatej historii i malowniczym po\u0142o\u017ceniu na Cyplu Rzucewskim, zaledwie 25 kilometr\u00f3w od Gdyni. Otoczony 7-hektarowym parkiem, oferuje nie tylko ziele\u0144, ale tak\u017ce ogr\u00f3d hortensji i stadnin\u0119 koni. Przyci\u0105ga r\u00f3wnie\u017c prywatn\u0105 pla\u017c\u0105 nad Zatok\u0105 Puck\u0105, saun\u0105 i obszernymi terenami zieleni. Jest to miejsce idealne nie tylko na kameralne uroczysto\u015bci czy konferencje, ale tak\u017ce na imprezy z udzia\u0142em nawet 2000 os\u00f3b. <\/p>\n\n\n\n<p><strong>Zamek Rzucewo<\/strong>, dzia\u0142aj\u0105cy w bran\u017cy hotelarsko-gastronomicznej od 1997 roku, ma bogate do\u015bwiadczenie, co gwarantuje profesjonalizm na najwy\u017cszym poziomie. Oferuje wyj\u0105tkow\u0105 restauracj\u0119 oraz hotel z baz\u0105 noclegow\u0105 dla 77 os\u00f3b. Dodatkowo na terenie pa\u0142acowo-parkowego kompleksu znajduje si\u0119 namiot eventowy oraz sze\u015b\u0107 sal restauracyjnych, elastycznie dostosowuj\u0105cych si\u0119 do potrzeb go\u015bci.<\/p>\n\n\n\n<figure class=\"wp-block-image size-large\"><img loading=\"lazy\" decoding=\"async\" width=\"960\" height=\"580\" src=\"https:\/\/www.mojekonferencje.pl\/blog\/wp-content\/uploads\/2023\/12\/9.jpg\" alt=\"konferencje w zamku\" class=\"wp-image-4668 lazyload\" data-srcset=\"https:\/\/www.mojekonferencje.pl\/blog\/wp-content\/uploads\/2023\/12\/9.jpg 960w, https:\/\/www.mojekonferencje.pl\/blog\/wp-content\/uploads\/2023\/12\/9-300x181.jpg 300w, https:\/\/www.mojekonferencje.pl\/blog\/wp-content\/uploads\/2023\/12\/9-768x464.jpg 768w\" sizes=\"auto\" \/><\/figure>\n\n\n\n<h2 class=\"has-text-align-center wp-block-heading\"><a href=\"https:\/\/www.mojekonferencje.pl\/rydzyna\/zamek-w-rydzynie\"><span class=\"has-inline-color has-vivid-purple-color\"><span style=\"text-decoration: underline;\">Zamek w Rydzynie<\/span><\/span><\/a><\/h2>\n\n\n\n<p>Ten <strong>zamek na konferencje<\/strong> to historia, elegancja i wyj\u0105tkowy klimat splataj\u0105ce si\u0119 w jednym miejscu. Jego korzenie si\u0119gaj\u0105 XV wieku, a bogata przesz\u0142o\u015b\u0107 jako rezydencja kr\u00f3la Stanis\u0142awa Leszczy\u0144skiego oraz ksi\u0105\u017c\u0105t Su\u0142kowskich nadaje mu niezwyk\u0142y charakter. \u00d3w monumentalny zamek to nie tylko doskona\u0142e miejsce na urlopowy pobyt, ale r\u00f3wnie\u017c idealna przestrze\u0144 do organizacji wyj\u0105tkowych wydarze\u0144 biznesowych. Dysponuje on a\u017c 98 miejscami noclegowymi oraz 9 doskonale przystosowanymi salami eventowymi. Dodatkowo otaczaj\u0105cy zamek malowniczy park stanowi doskona\u0142e t\u0142o dla wydarze\u0144 plenerowych, dodaj\u0105c im wyj\u0105tkowego uroku. <\/p>\n\n\n\n<p>Restauracja U kr\u00f3la Stanis\u0142awa to nie tylko miejsce wybornych da\u0144 przygotowywanych tradycyjnymi metodami, lecz tak\u017ce przyst\u0119pnych cen. Mo\u017cna w niej skosztowa\u0107 da\u0144 regionalnych i dworskich, idealnych smakoszy poszukuj\u0105cych autentyczno\u015bci. Malownicze otoczenie zach\u0119ca do spacer\u00f3w i piknik\u00f3w, a wn\u0119trza zamku ukrywaj\u0105 fascynuj\u0105ce historie. Zwiedzanie z przewodnikiem pozwala zg\u0142\u0119bi\u0107 tajemnice tego miejsca, a strefa rozrywki oferuje relaks w saunie oraz rozmaite gry.<\/p>\n\n\n\n<figure class=\"wp-block-image size-large\"><img loading=\"lazy\" decoding=\"async\" width=\"960\" height=\"580\" src=\"https:\/\/www.mojekonferencje.pl\/blog\/wp-content\/uploads\/2023\/12\/10.jpg\" alt=\"zamek na konferencje\" class=\"wp-image-4669 lazyload\" data-srcset=\"https:\/\/www.mojekonferencje.pl\/blog\/wp-content\/uploads\/2023\/12\/10.jpg 960w, https:\/\/www.mojekonferencje.pl\/blog\/wp-content\/uploads\/2023\/12\/10-300x181.jpg 300w, https:\/\/www.mojekonferencje.pl\/blog\/wp-content\/uploads\/2023\/12\/10-768x464.jpg 768w\" sizes=\"auto\" \/><\/figure>\n\n\n\n<p>Wolisz zorganizowa\u0107 konferencje w hotelu? Na <a href=\"https:\/\/www.mojekonferencje.pl\/\">NASZEJ STRONIE<\/a> znajdziesz odpowiednie obiekty!<\/p>\n","protected":false},"excerpt":{"rendered":"<p>Konferencje w zamku? Organizuj\u0105c je, wybierasz nie tylko presti\u017cowe otoczenie, ale tak\u017ce doskonale wyposa\u017cone przestrzenie, gdzie historia \u0142\u0105czy si\u0119 z nowoczesno\u015bci\u0105.<\/p>\n","protected":false},"author":9,"featured_media":4659,"comment_status":"closed","ping_status":"closed","sticky":false,"template":"","format":"standard","meta":{"_acf_changed":false,"footnotes":""},"categories":[175],"tags":[353,354],"class_list":["post-4658","post","type-post","status-publish","format-standard","has-post-thumbnail","hentry","category-wybieranie-miejsca-konferencyjnego","tag-organizacja-imprez","tag-organizacja-wydarzen"],"acf":[],"yoast_head":"<!-- This site is optimized with the Yoast SEO plugin v27.1.1 - https:\/\/yoast.com\/product\/yoast-seo-wordpress\/ -->\n<title>Konferencje w zamku - blog | MojeKonferencje.pl<\/title>\n<meta name=\"description\" content=\"Konferencje w zamku Konferencje w zamku to atrakcja sama w sobie, kt\u00f3r\u0105 z pewno\u015bci\u0105 doceni\u0105 Twoi go\u015bcie! Wybierz odpowiednie miejsce.\" \/>\n<meta name=\"robots\" content=\"index, follow, max-snippet:-1, max-image-preview:large, max-video-preview:-1\" \/>\n<link rel=\"canonical\" href=\"https:\/\/www.mojekonferencje.pl\/blog\/konferencje-w-zamku\/\" \/>\n<meta property=\"og:locale\" content=\"pl_PL\" \/>\n<meta property=\"og:type\" content=\"article\" \/>\n<meta property=\"og:title\" content=\"Konferencje w zamku - blog | MojeKonferencje.pl\" \/>\n<meta property=\"og:description\" content=\"Konferencje w zamku Konferencje w zamku to atrakcja sama w sobie, kt\u00f3r\u0105 z pewno\u015bci\u0105 doceni\u0105 Twoi go\u015bcie! Wybierz odpowiednie miejsce.\" \/>\n<meta property=\"og:url\" content=\"https:\/\/www.mojekonferencje.pl\/blog\/konferencje-w-zamku\/\" \/>\n<meta property=\"og:site_name\" content=\"MojeKonferencje.pl\" \/>\n<meta property=\"article:published_time\" content=\"2023-12-20T19:00:00+00:00\" \/>\n<meta property=\"article:modified_time\" content=\"2024-05-07T09:48:19+00:00\" \/>\n<meta property=\"og:image\" content=\"https:\/\/www.mojekonferencje.pl\/blog\/wp-content\/uploads\/2023\/12\/Fotoram.io-53.jpg\" \/>\n\t<meta property=\"og:image:width\" content=\"1200\" \/>\n\t<meta property=\"og:image:height\" content=\"720\" \/>\n\t<meta property=\"og:image:type\" content=\"image\/jpeg\" \/>\n<meta name=\"author\" content=\"Olga Stawicka-Iwanowska\" \/>\n<meta name=\"twitter:card\" content=\"summary_large_image\" \/>\n<meta name=\"twitter:label1\" content=\"Napisane przez\" \/>\n\t<meta name=\"twitter:data1\" content=\"Olga Stawicka-Iwanowska\" \/>\n\t<meta name=\"twitter:label2\" content=\"Szacowany czas czytania\" \/>\n\t<meta name=\"twitter:data2\" content=\"10 minut\" \/>\n<script type=\"application\/ld+json\" class=\"yoast-schema-graph\">{\"@context\":\"https:\/\/schema.org\",\"@graph\":[{\"@type\":\"Article\",\"@id\":\"https:\/\/www.mojekonferencje.pl\/blog\/konferencje-w-zamku\/#article\",\"isPartOf\":{\"@id\":\"https:\/\/www.mojekonferencje.pl\/blog\/konferencje-w-zamku\/\"},\"author\":{\"name\":\"Olga Stawicka-Iwanowska\",\"@id\":\"https:\/\/www.mojekonferencje.pl\/blog\/#\/schema\/person\/d6751ca3c60de9ec17ee21b744bbb2d4\"},\"headline\":\"Konferencje w zamku\",\"datePublished\":\"2023-12-20T19:00:00+00:00\",\"dateModified\":\"2024-05-07T09:48:19+00:00\",\"mainEntityOfPage\":{\"@id\":\"https:\/\/www.mojekonferencje.pl\/blog\/konferencje-w-zamku\/\"},\"wordCount\":1965,\"image\":{\"@id\":\"https:\/\/www.mojekonferencje.pl\/blog\/konferencje-w-zamku\/#primaryimage\"},\"thumbnailUrl\":\"https:\/\/www.mojekonferencje.pl\/blog\/wp-content\/uploads\/2023\/12\/Fotoram.io-53.jpg\",\"keywords\":[\"organizacja imprez\",\"organizacja wydarze\u0144\"],\"articleSection\":[\"Wybieranie miejsca konferencyjnego\"],\"inLanguage\":\"pl-PL\"},{\"@type\":\"WebPage\",\"@id\":\"https:\/\/www.mojekonferencje.pl\/blog\/konferencje-w-zamku\/\",\"url\":\"https:\/\/www.mojekonferencje.pl\/blog\/konferencje-w-zamku\/\",\"name\":\"Konferencje w zamku - blog | MojeKonferencje.pl\",\"isPartOf\":{\"@id\":\"https:\/\/www.mojekonferencje.pl\/blog\/#website\"},\"primaryImageOfPage\":{\"@id\":\"https:\/\/www.mojekonferencje.pl\/blog\/konferencje-w-zamku\/#primaryimage\"},\"image\":{\"@id\":\"https:\/\/www.mojekonferencje.pl\/blog\/konferencje-w-zamku\/#primaryimage\"},\"thumbnailUrl\":\"https:\/\/www.mojekonferencje.pl\/blog\/wp-content\/uploads\/2023\/12\/Fotoram.io-53.jpg\",\"datePublished\":\"2023-12-20T19:00:00+00:00\",\"dateModified\":\"2024-05-07T09:48:19+00:00\",\"author\":{\"@id\":\"https:\/\/www.mojekonferencje.pl\/blog\/#\/schema\/person\/d6751ca3c60de9ec17ee21b744bbb2d4\"},\"description\":\"Konferencje w zamku Konferencje w zamku to atrakcja sama w sobie, kt\u00f3r\u0105 z pewno\u015bci\u0105 doceni\u0105 Twoi go\u015bcie! Wybierz odpowiednie miejsce.\",\"breadcrumb\":{\"@id\":\"https:\/\/www.mojekonferencje.pl\/blog\/konferencje-w-zamku\/#breadcrumb\"},\"inLanguage\":\"pl-PL\",\"potentialAction\":[{\"@type\":\"ReadAction\",\"target\":[\"https:\/\/www.mojekonferencje.pl\/blog\/konferencje-w-zamku\/\"]}]},{\"@type\":\"ImageObject\",\"inLanguage\":\"pl-PL\",\"@id\":\"https:\/\/www.mojekonferencje.pl\/blog\/konferencje-w-zamku\/#primaryimage\",\"url\":\"https:\/\/www.mojekonferencje.pl\/blog\/wp-content\/uploads\/2023\/12\/Fotoram.io-53.jpg\",\"contentUrl\":\"https:\/\/www.mojekonferencje.pl\/blog\/wp-content\/uploads\/2023\/12\/Fotoram.io-53.jpg\",\"width\":1200,\"height\":720},{\"@type\":\"BreadcrumbList\",\"@id\":\"https:\/\/www.mojekonferencje.pl\/blog\/konferencje-w-zamku\/#breadcrumb\",\"itemListElement\":[{\"@type\":\"ListItem\",\"position\":1,\"name\":\"Strona g\u0142\u00f3wna\",\"item\":\"https:\/\/www.mojekonferencje.pl\/blog\/\"},{\"@type\":\"ListItem\",\"position\":2,\"name\":\"Konferencje w zamku\"}]},{\"@type\":\"WebSite\",\"@id\":\"https:\/\/www.mojekonferencje.pl\/blog\/#website\",\"url\":\"https:\/\/www.mojekonferencje.pl\/blog\/\",\"name\":\"MojeKonferencje.pl\",\"description\":\"Blog bran\u017cy szkoleniowo-konferencyjnej. W\u0142\u0105cz si\u0119 do dyskusji o obiektach konferencyjnych i nowo\u015bciach z bran\u017cy! Poznaj porady odno\u015bnie organizacji konferencji, szkole\u0144 i event\u00f3w firmowych! Zach\u0119camy do wyra\u017cania opinii oraz komentarzy.\",\"potentialAction\":[{\"@type\":\"SearchAction\",\"target\":{\"@type\":\"EntryPoint\",\"urlTemplate\":\"https:\/\/www.mojekonferencje.pl\/blog\/?s={search_term_string}\"},\"query-input\":{\"@type\":\"PropertyValueSpecification\",\"valueRequired\":true,\"valueName\":\"search_term_string\"}}],\"inLanguage\":\"pl-PL\"},{\"@type\":\"Person\",\"@id\":\"https:\/\/www.mojekonferencje.pl\/blog\/#\/schema\/person\/d6751ca3c60de9ec17ee21b744bbb2d4\",\"name\":\"Olga Stawicka-Iwanowska\",\"description\":\"Head of Marketing z ponad sze\u015bcioletnim do\u015bwiadczeniem w bran\u017cy MICE. Na co dzie\u0144 zajmuje si\u0119 content marketingiem i promocj\u0105 obiekt\u00f3w eventowych, tak aby organizatorzy kongres\u00f3w, targ\u00f3w i konferencji wiedzieli, \u017ce w\u0142a\u015bnie tam warto zrealizowa\u0107 swoje wydarzenie. Prowadzi media spo\u0142eczno\u015bciowe, tworzy strategie komunikacji, pisze artyku\u0142y i dba o sp\u00f3jny wizerunek marki w ka\u017cdym kanale. W swojej pracy \u0142\u0105czy analityczne my\u015blenie z kreatywno\u015bci\u0105 i dobrym copy. Wsp\u00f3\u0142pracuje zar\u00f3wno z organizatorami najwi\u0119kszych wydarze\u0144 w Polsce, jak i z regionalnymi partnerami z bran\u017cy. Po godzinach mi\u0142o\u015bniczka podr\u00f3\u017cy po Europie, dobrej kuchni i klimatycznych miejsc, w kt\u00f3rych mo\u017cna z\u0142apa\u0107 oddech.\",\"sameAs\":[\"http:\/\/MojeKonferencje.pl\",\"https:\/\/www.linkedin.com\/in\/olgastawicka\/\"],\"url\":\"https:\/\/www.mojekonferencje.pl\/blog\/author\/osawicka\/\"}]}<\/script>\n<!-- \/ Yoast SEO plugin. -->","yoast_head_json":{"title":"Konferencje w zamku - blog | MojeKonferencje.pl","description":"Konferencje w zamku Konferencje w zamku to atrakcja sama w sobie, kt\u00f3r\u0105 z pewno\u015bci\u0105 doceni\u0105 Twoi go\u015bcie! Wybierz odpowiednie miejsce.","robots":{"index":"index","follow":"follow","max-snippet":"max-snippet:-1","max-image-preview":"max-image-preview:large","max-video-preview":"max-video-preview:-1"},"canonical":"https:\/\/www.mojekonferencje.pl\/blog\/konferencje-w-zamku\/","og_locale":"pl_PL","og_type":"article","og_title":"Konferencje w zamku - blog | MojeKonferencje.pl","og_description":"Konferencje w zamku Konferencje w zamku to atrakcja sama w sobie, kt\u00f3r\u0105 z pewno\u015bci\u0105 doceni\u0105 Twoi go\u015bcie! Wybierz odpowiednie miejsce.","og_url":"https:\/\/www.mojekonferencje.pl\/blog\/konferencje-w-zamku\/","og_site_name":"MojeKonferencje.pl","article_published_time":"2023-12-20T19:00:00+00:00","article_modified_time":"2024-05-07T09:48:19+00:00","og_image":[{"width":1200,"height":720,"url":"https:\/\/www.mojekonferencje.pl\/blog\/wp-content\/uploads\/2023\/12\/Fotoram.io-53.jpg","type":"image\/jpeg"}],"author":"Olga Stawicka-Iwanowska","twitter_card":"summary_large_image","twitter_misc":{"Napisane przez":"Olga Stawicka-Iwanowska","Szacowany czas czytania":"10 minut"},"schema":{"@context":"https:\/\/schema.org","@graph":[{"@type":"Article","@id":"https:\/\/www.mojekonferencje.pl\/blog\/konferencje-w-zamku\/#article","isPartOf":{"@id":"https:\/\/www.mojekonferencje.pl\/blog\/konferencje-w-zamku\/"},"author":{"name":"Olga Stawicka-Iwanowska","@id":"https:\/\/www.mojekonferencje.pl\/blog\/#\/schema\/person\/d6751ca3c60de9ec17ee21b744bbb2d4"},"headline":"Konferencje w zamku","datePublished":"2023-12-20T19:00:00+00:00","dateModified":"2024-05-07T09:48:19+00:00","mainEntityOfPage":{"@id":"https:\/\/www.mojekonferencje.pl\/blog\/konferencje-w-zamku\/"},"wordCount":1965,"image":{"@id":"https:\/\/www.mojekonferencje.pl\/blog\/konferencje-w-zamku\/#primaryimage"},"thumbnailUrl":"https:\/\/www.mojekonferencje.pl\/blog\/wp-content\/uploads\/2023\/12\/Fotoram.io-53.jpg","keywords":["organizacja imprez","organizacja wydarze\u0144"],"articleSection":["Wybieranie miejsca konferencyjnego"],"inLanguage":"pl-PL"},{"@type":"WebPage","@id":"https:\/\/www.mojekonferencje.pl\/blog\/konferencje-w-zamku\/","url":"https:\/\/www.mojekonferencje.pl\/blog\/konferencje-w-zamku\/","name":"Konferencje w zamku - blog | MojeKonferencje.pl","isPartOf":{"@id":"https:\/\/www.mojekonferencje.pl\/blog\/#website"},"primaryImageOfPage":{"@id":"https:\/\/www.mojekonferencje.pl\/blog\/konferencje-w-zamku\/#primaryimage"},"image":{"@id":"https:\/\/www.mojekonferencje.pl\/blog\/konferencje-w-zamku\/#primaryimage"},"thumbnailUrl":"https:\/\/www.mojekonferencje.pl\/blog\/wp-content\/uploads\/2023\/12\/Fotoram.io-53.jpg","datePublished":"2023-12-20T19:00:00+00:00","dateModified":"2024-05-07T09:48:19+00:00","author":{"@id":"https:\/\/www.mojekonferencje.pl\/blog\/#\/schema\/person\/d6751ca3c60de9ec17ee21b744bbb2d4"},"description":"Konferencje w zamku Konferencje w zamku to atrakcja sama w sobie, kt\u00f3r\u0105 z pewno\u015bci\u0105 doceni\u0105 Twoi go\u015bcie! Wybierz odpowiednie miejsce.","breadcrumb":{"@id":"https:\/\/www.mojekonferencje.pl\/blog\/konferencje-w-zamku\/#breadcrumb"},"inLanguage":"pl-PL","potentialAction":[{"@type":"ReadAction","target":["https:\/\/www.mojekonferencje.pl\/blog\/konferencje-w-zamku\/"]}]},{"@type":"ImageObject","inLanguage":"pl-PL","@id":"https:\/\/www.mojekonferencje.pl\/blog\/konferencje-w-zamku\/#primaryimage","url":"https:\/\/www.mojekonferencje.pl\/blog\/wp-content\/uploads\/2023\/12\/Fotoram.io-53.jpg","contentUrl":"https:\/\/www.mojekonferencje.pl\/blog\/wp-content\/uploads\/2023\/12\/Fotoram.io-53.jpg","width":1200,"height":720},{"@type":"BreadcrumbList","@id":"https:\/\/www.mojekonferencje.pl\/blog\/konferencje-w-zamku\/#breadcrumb","itemListElement":[{"@type":"ListItem","position":1,"name":"Strona g\u0142\u00f3wna","item":"https:\/\/www.mojekonferencje.pl\/blog\/"},{"@type":"ListItem","position":2,"name":"Konferencje w zamku"}]},{"@type":"WebSite","@id":"https:\/\/www.mojekonferencje.pl\/blog\/#website","url":"https:\/\/www.mojekonferencje.pl\/blog\/","name":"MojeKonferencje.pl","description":"Blog bran\u017cy szkoleniowo-konferencyjnej. W\u0142\u0105cz si\u0119 do dyskusji o obiektach konferencyjnych i nowo\u015bciach z bran\u017cy! Poznaj porady odno\u015bnie organizacji konferencji, szkole\u0144 i event\u00f3w firmowych! Zach\u0119camy do wyra\u017cania opinii oraz komentarzy.","potentialAction":[{"@type":"SearchAction","target":{"@type":"EntryPoint","urlTemplate":"https:\/\/www.mojekonferencje.pl\/blog\/?s={search_term_string}"},"query-input":{"@type":"PropertyValueSpecification","valueRequired":true,"valueName":"search_term_string"}}],"inLanguage":"pl-PL"},{"@type":"Person","@id":"https:\/\/www.mojekonferencje.pl\/blog\/#\/schema\/person\/d6751ca3c60de9ec17ee21b744bbb2d4","name":"Olga Stawicka-Iwanowska","description":"Head of Marketing z ponad sze\u015bcioletnim do\u015bwiadczeniem w bran\u017cy MICE. Na co dzie\u0144 zajmuje si\u0119 content marketingiem i promocj\u0105 obiekt\u00f3w eventowych, tak aby organizatorzy kongres\u00f3w, targ\u00f3w i konferencji wiedzieli, \u017ce w\u0142a\u015bnie tam warto zrealizowa\u0107 swoje wydarzenie. Prowadzi media spo\u0142eczno\u015bciowe, tworzy strategie komunikacji, pisze artyku\u0142y i dba o sp\u00f3jny wizerunek marki w ka\u017cdym kanale. W swojej pracy \u0142\u0105czy analityczne my\u015blenie z kreatywno\u015bci\u0105 i dobrym copy. Wsp\u00f3\u0142pracuje zar\u00f3wno z organizatorami najwi\u0119kszych wydarze\u0144 w Polsce, jak i z regionalnymi partnerami z bran\u017cy. Po godzinach mi\u0142o\u015bniczka podr\u00f3\u017cy po Europie, dobrej kuchni i klimatycznych miejsc, w kt\u00f3rych mo\u017cna z\u0142apa\u0107 oddech.","sameAs":["http:\/\/MojeKonferencje.pl","https:\/\/www.linkedin.com\/in\/olgastawicka\/"],"url":"https:\/\/www.mojekonferencje.pl\/blog\/author\/osawicka\/"}]}},"_links":{"self":[{"href":"https:\/\/www.mojekonferencje.pl\/blog\/wp-json\/wp\/v2\/posts\/4658","targetHints":{"allow":["GET"]}}],"collection":[{"href":"https:\/\/www.mojekonferencje.pl\/blog\/wp-json\/wp\/v2\/posts"}],"about":[{"href":"https:\/\/www.mojekonferencje.pl\/blog\/wp-json\/wp\/v2\/types\/post"}],"author":[{"embeddable":true,"href":"https:\/\/www.mojekonferencje.pl\/blog\/wp-json\/wp\/v2\/users\/9"}],"replies":[{"embeddable":true,"href":"https:\/\/www.mojekonferencje.pl\/blog\/wp-json\/wp\/v2\/comments?post=4658"}],"version-history":[{"count":1,"href":"https:\/\/www.mojekonferencje.pl\/blog\/wp-json\/wp\/v2\/posts\/4658\/revisions"}],"predecessor-version":[{"id":4670,"href":"https:\/\/www.mojekonferencje.pl\/blog\/wp-json\/wp\/v2\/posts\/4658\/revisions\/4670"}],"wp:featuredmedia":[{"embeddable":true,"href":"https:\/\/www.mojekonferencje.pl\/blog\/wp-json\/wp\/v2\/media\/4659"}],"wp:attachment":[{"href":"https:\/\/www.mojekonferencje.pl\/blog\/wp-json\/wp\/v2\/media?parent=4658"}],"wp:term":[{"taxonomy":"category","embeddable":true,"href":"https:\/\/www.mojekonferencje.pl\/blog\/wp-json\/wp\/v2\/categories?post=4658"},{"taxonomy":"post_tag","embeddable":true,"href":"https:\/\/www.mojekonferencje.pl\/blog\/wp-json\/wp\/v2\/tags?post=4658"}],"curies":[{"name":"wp","href":"https:\/\/api.w.org\/{rel}","templated":true}]}}