{"id":4713,"date":"2024-01-26T10:32:00","date_gmt":"2024-01-26T08:32:00","guid":{"rendered":"https:\/\/www.mojekonferencje.pl\/blog\/?p=4713"},"modified":"2024-05-07T11:48:19","modified_gmt":"2024-05-07T09:48:19","slug":"4-gwiazdkowe-hotele-we-wroclawiu","status":"publish","type":"post","link":"https:\/\/www.mojekonferencje.pl\/blog\/4-gwiazdkowe-hotele-we-wroclawiu\/","title":{"rendered":"4-gwiazdkowe hotele we Wroc\u0142awiu"},"content":{"rendered":"\n<p><strong>Wroc\u0142aw, niekwestionowana per\u0142a Dolnego \u015al\u0105ska, nie tylko zachwyca malowniczymi widokami i bogat\u0105 histori\u0105, ale tak\u017ce oferuje wyj\u0105tkowe miejsca dla wymagaj\u0105cych podr\u00f3\u017cnych, poszukuj\u0105cych komfortu i elegancji. Dla tych, kt\u00f3rzy szukaj\u0105 idealnej przestrzeni do organizacji konferencji, szkole\u0144 czy spotka\u0144 biznesowych, miasto to staje si\u0119 miejscem, gdzie luksus i profesjonalizm spotykaj\u0105 si\u0119 w harmonii. <\/strong><\/p>\n\n\n\n<p>W tym artykule pragniemy zaprezentowa\u0107 <strong>4-gwiazdkowe hotele we Wroc\u0142awiu<\/strong>, kt\u00f3re nie tylko spe\u0142niaj\u0105 najwy\u017csze standardy jako\u015bci, ale tak\u017ce oferuj\u0105 unikalne sale konferencyjne i doskona\u0142e warunki do organizacji r\u00f3\u017cnorodnych wydarze\u0144 biznesowych. Ka\u017cde z tych miejsc posiada niepowtarzalny charakter, b\u0119d\u0105cy doskona\u0142\u0105 opraw\u0105 dla profesjonalnych spotka\u0144, zar\u00f3wno tych o charakterze biznesowym, jak i szkoleniowym. Przyjrzymy si\u0119 nie tylko elegancji wn\u0119trz, ale tak\u017ce infrastrukturze umo\u017cliwiaj\u0105cej sprawn\u0105 organizacj\u0119 konferencji, a tak\u017ce dost\u0119pnym udogodnieniom, kt\u00f3re sprawi\u0105, \u017ce ka\u017cde przedsi\u0119wzi\u0119cie biznesowe stanie si\u0119 niezapomnianym wydarzeniem. <\/p>\n\n\n\n<p>Dodatkowo na naszej stronie mo\u017cesz zapozna\u0107 si\u0119 z ofert\u0105 r\u00f3\u017cnorodnych obiekt\u00f3w, reprezentuj\u0105cych<a href=\"https:\/\/www.mojekonferencje.pl\/sale-konferencyjne-wroclaw\"> hotele na konferencje we Wroc\u0142awiu<\/a>.<\/p>\n\n\n\n<p>Zosta\u0144 z nami i poznaj obiekty, takie jak: <\/p>\n\n\n\n<figure class=\"wp-block-table\"><table><tbody><tr><td><a href=\"https:\/\/www.mojekonferencje.pl\/wroclaw\/q-hotel-plus-wroclaw-bielany\">Q Hotel Plus Wroc\u0142aw Bielany<\/a><\/td><td><a href=\"https:\/\/www.mojekonferencje.pl\/wroclaw\/wyndham-wroclaw-old-town\">Wyndham Wroc\u0142aw Old Town<\/a><\/td><\/tr><tr><td><a href=\"https:\/\/www.mojekonferencje.pl\/wroclaw\/hotel-mercure-wroclaw-centrum\">Hotel Mercure Wroc\u0142aw Centrum<\/a><\/td><td><a href=\"https:\/\/www.mojekonferencje.pl\/wroclaw\/scandic-wroclaw\">Scandic Wroc\u0142aw<\/a><\/td><\/tr><tr><td><a href=\"https:\/\/www.mojekonferencje.pl\/wroclaw\/art-hotel\"> Art Hotel<\/a><\/td><td><a href=\"https:\/\/www.mojekonferencje.pl\/wroclaw\/q-hotel-plus-wroclaw\">Q Hotel Plus Wroc\u0142aw<\/a><\/td><\/tr><tr><td><a href=\"https:\/\/www.mojekonferencje.pl\/wroclaw\/hotel-hp-park-plaza\">Hotel HP Park Plaza<\/a><\/td><td><a href=\"https:\/\/www.mojekonferencje.pl\/wroclaw\/qubus-hotel-wroclaw\">Qubus Hotel Wroc\u0142aw<\/a><\/td><\/tr><tr><td><a href=\"https:\/\/www.mojekonferencje.pl\/wroclaw\/haston-city-hotel\">Haston City Hotel<\/a><\/td><td><a href=\"https:\/\/www.mojekonferencje.pl\/wroclaw\/hotel-zamek-topacz\">Hotel Zamek Topacz<\/a><\/td><\/tr><\/tbody><\/table><\/figure>\n\n\n\n<h2 class=\"wp-block-heading has-text-align-center has-vivid-purple-color has-text-color has-link-color wp-elements-73fdda6086eec4b4145dd88ce7e3f09f\"><a href=\"https:\/\/www.mojekonferencje.pl\/wroclaw\/q-hotel-plus-wroclaw-bielany\"><span style=\"text-decoration: underline;\">Q Hotel Plus Wroc\u0142aw Bielany<\/span><\/a><\/h2>\n\n\n\n<p>Jest to doskona\u0142e miejsce do zorganizowania konferencji, \u0142\u0105cz\u0105ce wygod\u0119 noclegu, funkcjonalno\u015b\u0107 przestrzeni konferencyjnej i kulinarne doznania w jednym. Po\u0142o\u017cony w bliskim s\u0105siedztwie g\u0142\u00f3wnego w\u0119z\u0142a komunikacyjnego dla ca\u0142ego wojew\u00f3dztwa dolno\u015bl\u0105skiego, hotel stanowi centrum szybkiego dost\u0119pu zar\u00f3wno do centrum miasta, jak i portu lotniczego Wroc\u0142aw-Strachowice. Obiekt oferuje 201 eleganckich i wysoce komfortowych pokoi, z my\u015bl\u0105 o potrzebach klient\u00f3w biznesowych. Zaplecze noclegowe jest przygotowane na przyj\u0119cie nawet ponad 400 go\u015bci, gwarantuj\u0105c spokojn\u0105 prac\u0119 i b\u0142ogi wypoczynek po intensywnym dniu konferencji. <\/p>\n\n\n\n<p>Znakomit\u0105 baz\u0119 konferencyjn\u0105 stanowi \u0142\u0105cznie 14 sal konferencyjnych, z mo\u017cliwo\u015bci\u0105 dowolnej aran\u017cacji i podzia\u0142u przestrzeni dzi\u0119ki systemowi mobilnych \u015bcian. Restauracja \u015bniadaniowo-lunchowa o powierzchni 480 metr\u00f3w kwadratowych proponuje zdrowe i po\u017cywne menu, zapewniaj\u0105c energiczny start ka\u017cdego dnia. Dodatkowym atutem <strong>Q Hotel Plus Wroc\u0142aw Bielany<\/strong> jest strefa relaksu na najwy\u017cszym pi\u0119trze z saun\u0105 i profesjonalnie wyposa\u017con\u0105 si\u0142owni\u0105, oferuj\u0105c\u0105 nie tylko sprz\u0119t do \u0107wicze\u0144, ale r\u00f3wnie\u017c malowniczy widok przez du\u017ce okna.<\/p>\n\n\n\n<figure class=\"wp-block-image size-full\"><a href=\"https:\/\/www.mojekonferencje.pl\/blog\/wp-content\/uploads\/2024\/02\/1.jpg\"><img loading=\"lazy\" decoding=\"async\" width=\"960\" height=\"580\" src=\"https:\/\/www.mojekonferencje.pl\/blog\/wp-content\/uploads\/2024\/02\/1.jpg\" alt=\"\" class=\"wp-image-4715 lazyload\" data-srcset=\"https:\/\/www.mojekonferencje.pl\/blog\/wp-content\/uploads\/2024\/02\/1.jpg 960w, https:\/\/www.mojekonferencje.pl\/blog\/wp-content\/uploads\/2024\/02\/1-300x181.jpg 300w, https:\/\/www.mojekonferencje.pl\/blog\/wp-content\/uploads\/2024\/02\/1-768x464.jpg 768w\" sizes=\"auto\" \/><\/a><\/figure>\n\n\n\n<h2 class=\"wp-block-heading has-text-align-center has-vivid-purple-color has-text-color has-link-color wp-elements-5cf125abba9caa45ef3187985ca45ced\"><a href=\"https:\/\/www.mojekonferencje.pl\/wroclaw\/hotel-mercure-wroclaw-centrum\"><span style=\"text-decoration: underline;\">Hotel Mercure Wroc\u0142aw Centrum<\/span><\/a><\/h2>\n\n\n\n<p>To kolejny <strong>hotel w centrum Wroc\u0142awia<\/strong>, kt\u00f3ry jawi si\u0119 jako doskona\u0142e miejsce dla klient\u00f3w biznesowych, \u0142\u0105cz\u0105c w sobie wyj\u0105tkow\u0105 lokalizacj\u0119 z nowoczesnym Centrum Konferencyjnym i niepowtarzalnym stylem. Po\u0142o\u017cony tu\u017c obok najwi\u0119kszych atrakcji turystycznych, jak Rynek, Ostr\u00f3w Tumski czy Panorama Rac\u0142awicka, hotel oferuje nie tylko doskona\u0142e warunki do pracy, ale tak\u017ce mo\u017cliwo\u015b\u0107 w pe\u0142ni wykorzystania wolnego czasu podczas przerw konferencyjnych. <\/p>\n\n\n\n<p>W <strong>Hotelu Mercure Wroc\u0142aw Centrum<\/strong> znajduje si\u0119 nowoczesne Centrum Konferencyjne, z\u0142o\u017cone z 14 sal szkoleniowych, wyposa\u017conych w najnowocze\u015bniejszy sprz\u0119t multimedialny. To idealne miejsce do zorganizowania spotka\u0144 biznesowych o r\u00f3\u017cnorodnym charakterze. Ponadto, 151 komfortowych pokoi oraz wysublimowana restauracja i bar WINESTONE czekaj\u0105 na go\u015bci, oferuj\u0105c relaksuj\u0105c\u0105 atmosfer\u0119 po intensywnym dniu pracy.<\/p>\n\n\n\n<figure class=\"wp-block-image size-full\"><a href=\"https:\/\/www.mojekonferencje.pl\/blog\/wp-content\/uploads\/2024\/02\/2.jpg\"><img loading=\"lazy\" decoding=\"async\" width=\"960\" height=\"580\" src=\"https:\/\/www.mojekonferencje.pl\/blog\/wp-content\/uploads\/2024\/02\/2.jpg\" alt=\"\" class=\"wp-image-4716 lazyload\" data-srcset=\"https:\/\/www.mojekonferencje.pl\/blog\/wp-content\/uploads\/2024\/02\/2.jpg 960w, https:\/\/www.mojekonferencje.pl\/blog\/wp-content\/uploads\/2024\/02\/2-300x181.jpg 300w, https:\/\/www.mojekonferencje.pl\/blog\/wp-content\/uploads\/2024\/02\/2-768x464.jpg 768w\" sizes=\"auto\" \/><\/a><\/figure>\n\n\n\n<h2 class=\"wp-block-heading has-text-align-center has-vivid-purple-color has-text-color has-link-color wp-elements-c7736ee6cc86a1e869a014e13559fa44\"><a href=\"https:\/\/www.mojekonferencje.pl\/wroclaw\/art-hotel\"><span style=\"text-decoration: underline;\">Art Hotel<\/span><\/a><\/h2>\n\n\n\n<p>Jest to kolejny obiekt, kt\u00f3ry reprezentuje <strong>4-gwiazdkowe hotele w centrum Wroc\u0142awia<\/strong>. To miejsce, gdzie elegancja spotyka si\u0119 z profesjonalizmem, tworz\u0105c atmosfer\u0119 sprzyjaj\u0105c\u0105 zar\u00f3wno pracy, jak i relaksowi. Z bogatym zapleczem konferencyjnym, sk\u0142adaj\u0105cym si\u0119 z czterech sal szkoleniowych, hotel oferuje idealne warunki do organizacji konferencji, szkole\u0144, rozm\u00f3w biznesowych czy bankiet\u00f3w firmowych. Profesjonalna obs\u0142uga, prezentuj\u0105ca najwy\u017cszy poziom pracy i kultury osobistej, gwarantuje, \u017ce ka\u017cde wydarzenie biznesowe b\u0119dzie przebiega\u0107 zgodnie z oczekiwaniami. <\/p>\n\n\n\n<p><strong>Art Hotel <\/strong>dba r\u00f3wnie\u017c o kulinarn\u0105 przyjemno\u015b\u0107 go\u015bci, oferuj\u0105c catering na najwy\u017cszym poziomie. W zale\u017cno\u015bci od charakteru spotkania, istnieje mo\u017cliwo\u015b\u0107 przygotowania lunchu, kolacji czy eleganckiego bankietu. Z my\u015bl\u0105 o r\u00f3\u017cnorodnych preferencjach \u017cywieniowych, hotel proponuje tak\u017ce dania wegetaria\u0144skie, wega\u0144skie czy specjalnie dostosowane do potrzeb alergik\u00f3w. Po intensywnym dniu pracy czy spotka\u0144, go\u015bcie <strong>Art Hotelu<\/strong> mog\u0105 zrelaksowa\u0107 si\u0119 w salkach fitness czy w gabinecie masa\u017cu Biotigo.<\/p>\n\n\n\n<figure class=\"wp-block-image size-full\"><a href=\"https:\/\/www.mojekonferencje.pl\/blog\/wp-content\/uploads\/2024\/02\/3.jpg\"><img loading=\"lazy\" decoding=\"async\" width=\"960\" height=\"580\" src=\"https:\/\/www.mojekonferencje.pl\/blog\/wp-content\/uploads\/2024\/02\/3.jpg\" alt=\"\" class=\"wp-image-4717 lazyload\" data-srcset=\"https:\/\/www.mojekonferencje.pl\/blog\/wp-content\/uploads\/2024\/02\/3.jpg 960w, https:\/\/www.mojekonferencje.pl\/blog\/wp-content\/uploads\/2024\/02\/3-300x181.jpg 300w, https:\/\/www.mojekonferencje.pl\/blog\/wp-content\/uploads\/2024\/02\/3-768x464.jpg 768w\" sizes=\"auto\" \/><\/a><\/figure>\n\n\n\n<h2 class=\"wp-block-heading has-text-align-center has-vivid-purple-color has-text-color has-link-color wp-elements-629b361dc6e989d4fb475bf11417b876\"><a href=\"https:\/\/www.mojekonferencje.pl\/wroclaw\/hotel-hp-park-plaza\"><span style=\"text-decoration: underline;\">Hotel HP Park Plaza<\/span><\/a><\/h2>\n\n\n\n<p>To nie tylko <strong>nowoczesny czterogwiazdkowy hotel we Wroc\u0142awiu<\/strong>, ale r\u00f3wnie\u017c doskona\u0142e miejsce na organizacj\u0119 zar\u00f3wno wyjazd\u00f3w rekreacyjnych, jak i spotka\u0144 biznesowych czy integracyjnych. Po\u0142o\u017cony w spokojnej okolicy, w s\u0105siedztwie malowniczego Ostrowa Tumskiego i urokliwego parku, hotel oferuje niepowtarzalne otoczenie sprzyjaj\u0105ce zar\u00f3wno wypoczynkowi, jak i efektywnej pracy. Z 177 nowocze\u015bnie urz\u0105dzonymi pokojami oraz 7 klimatyzowanymi salami konferencyjnymi, <strong>HP Park Plaza <\/strong>gwarantuje komfortowe warunki zar\u00f3wno dla relaksu, jak i profesjonalnych wydarze\u0144. <\/p>\n\n\n\n<p>Centrum konferencyjne pozwala na organizacj\u0119 spotka\u0144 firmowych dla nawet 180 os\u00f3b w jednej sali i \u0142\u0105cznie na 450 uczestnik\u00f3w. Elastyczno\u015b\u0107 przestrzeni umo\u017cliwia dostosowanie jej do r\u00f3\u017cnorodnych potrzeb, zapewniaj\u0105c udan\u0105 realizacj\u0119 ka\u017cdego przedsi\u0119wzi\u0119cia. Po intensywnym dniu pracy go\u015bcie mog\u0105 zrelaksowa\u0107 si\u0119 w strefie Wellness, ciesz\u0105c si\u0119 chwil\u0105 wytchnienia. Lobby bar to doskona\u0142e miejsce na drinka, a hotelowa restauracja zaprasza na smaczne posi\u0142ki w przyjemnej atmosferze. <strong>Hotel HP Park Plaza<\/strong> dba o komfort swoich go\u015bci, oferuj\u0105c tak\u017ce dost\u0119p do bezp\u0142atnego Wi-Fi oraz udogodnienia dla os\u00f3b niepe\u0142nosprawnych.<\/p>\n\n\n\n<figure class=\"wp-block-image size-full\"><a href=\"https:\/\/www.mojekonferencje.pl\/blog\/wp-content\/uploads\/2024\/02\/4.jpg\"><img loading=\"lazy\" decoding=\"async\" width=\"960\" height=\"580\" src=\"https:\/\/www.mojekonferencje.pl\/blog\/wp-content\/uploads\/2024\/02\/4.jpg\" alt=\"\" class=\"wp-image-4718 lazyload\" data-srcset=\"https:\/\/www.mojekonferencje.pl\/blog\/wp-content\/uploads\/2024\/02\/4.jpg 960w, https:\/\/www.mojekonferencje.pl\/blog\/wp-content\/uploads\/2024\/02\/4-300x181.jpg 300w, https:\/\/www.mojekonferencje.pl\/blog\/wp-content\/uploads\/2024\/02\/4-768x464.jpg 768w\" sizes=\"auto\" \/><\/a><\/figure>\n\n\n\n<h2 class=\"wp-block-heading has-text-align-center has-vivid-purple-color has-text-color has-link-color wp-elements-6266c6da2f3be6ae265d364bcd04a79d\"><a href=\"https:\/\/www.mojekonferencje.pl\/wroclaw\/haston-city-hotel\"><span style=\"text-decoration: underline;\">Haston City Hotel<\/span><\/a><\/h2>\n\n\n\n<p>Obiekt ten le\u017cy przy ulicy Irysowej we Wroc\u0142awiu. To doskona\u0142e miejsce do zorganizowania konferencji, szkolenia czy bankietu. Po\u0142o\u017cony przy g\u0142\u00f3wnej trasie na Pozna\u0144, z dogodnym zjazdem z obwodnicy \u015br\u00f3dmiejskiej, gwarantuje \u0142atwy dost\u0119p dla uczestnik\u00f3w. Znajduj\u0105ce si\u0119 w obiekcie 14 klimatyzowanych sal konferencyjnych, wyposa\u017conych w najnowocze\u015bniejszy sprz\u0119t audiowizualny, tworz\u0105 idealne \u015brodowisko do efektywnej pracy. Sale, r\u00f3\u017cnorodne pod wzgl\u0119dem aran\u017cacji, pomieszcz\u0105 od 18 do 600 os\u00f3b, dzi\u0119ki czemu mo\u017cna dostosowa\u0107 przestrze\u0144 do indywidualnych potrzeb. <\/p>\n\n\n\n<p>Hotel oferuje 111 klimatyzowanych pokoi, w tym apartament, pokoje Junior Suite oraz dostosowane dla os\u00f3b z niepe\u0142nosprawno\u015bciami. Nowoczesna restauracja, mieszcz\u0105ca 135 os\u00f3b, to prawdziwa uczta dla podniebienia. Szef Kuchni prezentuje prekursorskie menu, eksploruj\u0105c nowoczesne oblicze wroc\u0142awskiej sztuki kulinarnej. Lobby bar to z kolei miejsce, gdzie doznania smakowe wzbogacone s\u0105 przez barman\u00f3w oferuj\u0105cych nieziemskie trunki i gor\u0105ce napoje.<\/p>\n\n\n\n<figure class=\"wp-block-image size-full\"><a href=\"https:\/\/www.mojekonferencje.pl\/blog\/wp-content\/uploads\/2024\/02\/5-1.jpg\"><img loading=\"lazy\" decoding=\"async\" width=\"960\" height=\"580\" src=\"https:\/\/www.mojekonferencje.pl\/blog\/wp-content\/uploads\/2024\/02\/5-1.jpg\" alt=\"\" class=\"wp-image-4720 lazyload\" data-srcset=\"https:\/\/www.mojekonferencje.pl\/blog\/wp-content\/uploads\/2024\/02\/5-1.jpg 960w, https:\/\/www.mojekonferencje.pl\/blog\/wp-content\/uploads\/2024\/02\/5-1-300x181.jpg 300w, https:\/\/www.mojekonferencje.pl\/blog\/wp-content\/uploads\/2024\/02\/5-1-768x464.jpg 768w\" sizes=\"auto\" \/><\/a><\/figure>\n\n\n\n<h2 class=\"wp-block-heading has-text-align-center has-vivid-purple-color has-text-color has-link-color wp-elements-158d797470eb56b8b175634e602c568b\"><a href=\"https:\/\/www.mojekonferencje.pl\/wroclaw\/wyndham-wroclaw-old-town\"><span style=\"text-decoration: underline;\">Wyndham Wroc\u0142aw Old Town<\/span><\/a><\/h2>\n\n\n\n<p>\u00d3w obiekt to idealne miejsce dla spotka\u0144 biznesowych, \u0142\u0105cz\u0105ce luksusowy wypoczynek z doskona\u0142\u0105 infrastruktur\u0105 konferencyjn\u0105. Fasada budynku i imponuj\u0105cy szklany dach atrium wprowadzaj\u0105 go\u015bci w atmosfer\u0119 elegancji i nowoczesno\u015bci. Architektura hotelu to doskona\u0142e po\u0142\u0105czenie designu i szlachetnych materia\u0142\u00f3w, b\u0119d\u0105ce wzorcem wsp\u00f3\u0142czesnej polskiej architektury. Hotel oferuje kompleksowo wyposa\u017cone sale konferencyjne, luksusowe SPA, nowoczesne centrum fitness oraz wyszukan\u0105 restauracj\u0119. <\/p>\n\n\n\n<p>Z 1245 metrami kwadratowymi przestrzeni eventowej, w tym salami bankietowymi i o\u015bwietlonymi pomieszczeniami spotka\u0144, hotel mo\u017ce pomie\u015bci\u0107 nawet ponad 1000 uczestnik\u00f3w konferencji i 150 go\u015bci bankiet\u00f3w. <strong>Wyndham Wroc\u0142aw Old Town<\/strong> to nie tylko miejsce konferencji, lecz tak\u017ce podr\u00f3\u017cy s\u0142u\u017cbowej i urlopowej, zapewniaj\u0105cej szybki, bezprzewodowy internet, p\u0142atny parking oraz ergonomiczn\u0105 stref\u0119 pracy w lobby.<\/p>\n\n\n\n<figure class=\"wp-block-image size-full\"><a href=\"https:\/\/www.mojekonferencje.pl\/blog\/wp-content\/uploads\/2024\/02\/6.jpg\"><img loading=\"lazy\" decoding=\"async\" width=\"960\" height=\"580\" src=\"https:\/\/www.mojekonferencje.pl\/blog\/wp-content\/uploads\/2024\/02\/6.jpg\" alt=\"\" class=\"wp-image-4721 lazyload\" data-srcset=\"https:\/\/www.mojekonferencje.pl\/blog\/wp-content\/uploads\/2024\/02\/6.jpg 960w, https:\/\/www.mojekonferencje.pl\/blog\/wp-content\/uploads\/2024\/02\/6-300x181.jpg 300w, https:\/\/www.mojekonferencje.pl\/blog\/wp-content\/uploads\/2024\/02\/6-768x464.jpg 768w\" sizes=\"auto\" \/><\/a><\/figure>\n\n\n\n<h2 class=\"wp-block-heading has-text-align-center has-vivid-purple-color has-text-color has-link-color wp-elements-484b953b087556f764a7d9ef014b168c\"><a href=\"https:\/\/www.mojekonferencje.pl\/wroclaw\/scandic-wroclaw\"><span style=\"text-decoration: underline;\">Scandic Wroc\u0142aw<\/span><\/a><\/h2>\n\n\n\n<p>Po\u0142o\u017cony w samym sercu miasta, zaledwie 30 minut od lotniska im. Miko\u0142aja Kopernika, hotel oferuje nie tylko dogodn\u0105 lokalizacj\u0119, ale r\u00f3wnie\u017c nowoczesny wystr\u00f3j i skandynawskie rozwi\u0105zania, kt\u00f3re wprowadzaj\u0105 do atmosfery wyj\u0105tkowy klimat. Z 10 r\u00f3\u017cnorodnymi salami konferencyjnymi, w tym najwi\u0119ksz\u0105 o powierzchni 250 m2, hotel mo\u017ce pomie\u015bci\u0107 grupy licz\u0105ce nawet 300 os\u00f3b. Sale, wzbogacone o naturalne \u015bwiat\u0142o z mo\u017cliwo\u015bci\u0105 zaciemnienia, tworz\u0105 inspiruj\u0105c\u0105 przestrze\u0144 do efektywnych spotka\u0144.<strong> Scandic Wroc\u0142aw<\/strong> k\u0142adzie szczeg\u00f3lny nacisk na dba\u0142o\u015b\u0107 o \u015brodowisko naturalne, stosuj\u0105c ekologiczne rozwi\u0105zania techniczne. To miejsce, gdzie nowoczesno\u015b\u0107 spotyka si\u0119 z trosk\u0105 o planet\u0119. <\/p>\n\n\n\n<p>Dost\u0119pne 164 klimatyzowane pokoje, w opcjach Standard, Standard Plus, Superior oraz Junior Suite, gwarantuj\u0105 komfortowy nocleg w samym sercu malowniczego Wroc\u0142awia. Restauracja hotelowa to nie tylko miejsce szerokiego wyboru \u015bniada\u0144 w formie bufetu, ale tak\u017ce doskona\u0142ego cateringu podczas spotka\u0144 i specjalnych menu podczas bankiet\u00f3w czy imprez firmowych. <strong>Scandic Wroc\u0142aw<\/strong> to tak\u017ce wygoda parkowania &#8211; dost\u0119p do wewn\u0119trznych i zewn\u0119trznych miejsc parkingowych oraz gara\u017cu. Profesjonalnie wyposa\u017cona si\u0142ownia i sauna to dodatkowe udogodnienia, kt\u00f3re pozwalaj\u0105 na relaks po intensywnym dniu konferencji.<\/p>\n\n\n\n<figure class=\"wp-block-image size-full\"><a href=\"https:\/\/www.mojekonferencje.pl\/blog\/wp-content\/uploads\/2024\/02\/7-1.jpg\"><img loading=\"lazy\" decoding=\"async\" width=\"960\" height=\"580\" src=\"https:\/\/www.mojekonferencje.pl\/blog\/wp-content\/uploads\/2024\/02\/7-1.jpg\" alt=\"\" class=\"wp-image-4723 lazyload\" data-srcset=\"https:\/\/www.mojekonferencje.pl\/blog\/wp-content\/uploads\/2024\/02\/7-1.jpg 960w, https:\/\/www.mojekonferencje.pl\/blog\/wp-content\/uploads\/2024\/02\/7-1-300x181.jpg 300w, https:\/\/www.mojekonferencje.pl\/blog\/wp-content\/uploads\/2024\/02\/7-1-768x464.jpg 768w\" sizes=\"auto\" \/><\/a><\/figure>\n\n\n\n<h2 class=\"wp-block-heading has-text-align-center has-vivid-purple-color has-text-color has-link-color wp-elements-c438c0ae85151f58ec6b9eda85a61d23\"><a href=\"https:\/\/www.mojekonferencje.pl\/wroclaw\/q-hotel-plus-wroclaw\"><span style=\"text-decoration: underline;\">Q Hotel Plus Wroc\u0142aw<\/span><\/a><\/h2>\n\n\n\n<p>Ten 4-gwiazdkowy hotel we Wroc\u0142awiu stanowi kwintesencj\u0119 nowoczesnego luksusu w samym sercu miasta. Po\u0142o\u017cony zaledwie krok od urokliwego Rynku G\u0142\u00f3wnego oraz imponuj\u0105cego Sky Tower, ten elegancki obiekt nie tylko oferuje komfortowe noclegi, ale tak\u017ce stwarza doskona\u0142e warunki do organizacji r\u00f3\u017cnorodnych spotka\u0144 biznesowych. To miejsce wyr\u00f3\u017cnia si\u0119 nie tylko designerskim wn\u0119trzem, ale przede wszystkim profesjonaln\u0105 obs\u0142ug\u0105, co sprawia, \u017ce <strong>Q Hotel Plus Wroc\u0142aw<\/strong> jest jednym z najbardziej po\u017c\u0105danych miejsc na mapie Dolnego \u015al\u0105ska. Jego centrum konferencyjne, o imponuj\u0105cej powierzchni ponad 500 metr\u00f3w kwadratowych, to idealna przestrze\u0144 dla wymagaj\u0105cych przedsi\u0119wzi\u0119\u0107 biznesowych. <\/p>\n\n\n\n<p>W obiekcie znajduje si\u0119 5 sal konferencyjnych, z mo\u017cliwo\u015bci\u0105 \u0142\u0105czenia niekt\u00f3rych z nich dzi\u0119ki innowacyjnemu systemowi mobilnych \u015bcian. <strong>Q Hotel Plus Wroc\u0142aw<\/strong> oferuje tak\u017ce 254 wygodne miejsca noclegowe w 127 nowoczesnych pokojach, zapewniaj\u0105c kompleksow\u0105 obs\u0142ug\u0119 dla go\u015bci. Restauracja Questa, serwuj\u0105ca dania kuchni europejskiej oparte na lokalnych recepturach, zaspokoi nawet najbardziej wyrafinowane podniebienia. Dodatkowe udogodnienia, takie jak sala fitness z najnowocze\u015bniejszym sprz\u0119tem dost\u0119pnym dla go\u015bci przez ca\u0142\u0105 dob\u0119, sprawiaj\u0105, \u017ce pobyt w <strong>Q Hotel Plus Wroc\u0142aw<\/strong> to nie tylko praca, ale tak\u017ce przyjemno\u015b\u0107 i dba\u0142o\u015b\u0107 o zdrowie.<\/p>\n\n\n\n<figure class=\"wp-block-image size-full\"><a href=\"https:\/\/www.mojekonferencje.pl\/blog\/wp-content\/uploads\/2024\/02\/8.jpg\"><img loading=\"lazy\" decoding=\"async\" width=\"960\" height=\"580\" src=\"https:\/\/www.mojekonferencje.pl\/blog\/wp-content\/uploads\/2024\/02\/8.jpg\" alt=\"\" class=\"wp-image-4724 lazyload\" data-srcset=\"https:\/\/www.mojekonferencje.pl\/blog\/wp-content\/uploads\/2024\/02\/8.jpg 960w, https:\/\/www.mojekonferencje.pl\/blog\/wp-content\/uploads\/2024\/02\/8-300x181.jpg 300w, https:\/\/www.mojekonferencje.pl\/blog\/wp-content\/uploads\/2024\/02\/8-768x464.jpg 768w\" sizes=\"auto\" \/><\/a><\/figure>\n\n\n\n<h2 class=\"wp-block-heading has-text-align-center has-vivid-purple-color has-text-color has-link-color wp-elements-f04599bbaa2962809280410cd59cc224\"><a href=\"https:\/\/www.mojekonferencje.pl\/wroclaw\/qubus-hotel-wroclaw\"><span style=\"text-decoration: underline;\">Qubus Hotel Wroc\u0142aw<\/span><\/a><\/h2>\n\n\n\n<p>To nie tylko eleganckie miejsce noclegowe, ale tak\u017ce idealna przestrze\u0144 do zorganizowania udanej konferencji. Zlokalizowany zaledwie 150 metr\u00f3w od pulsuj\u0105cego \u017cyciem rynku, hotel przyci\u0105ga zar\u00f3wno podr\u00f3\u017cnych s\u0142u\u017cbowych, jak i rodziny planuj\u0105ce zwiedzanie miasta. Nowoczesne pokoje z balkonami, wy\u015bmienita restauracja, strefa Fitness oraz profesjonalne centrum biznesowe czyni\u0105 ten obiekt wyj\u0105tkowym. <\/p>\n\n\n\n<p>Hotel oferuje dwie sale konferencyjne, kt\u00f3re dzi\u0119ki inteligentnemu systemowi mobilnych \u015bcian mog\u0105 by\u0107 po\u0142\u0105czone w jedn\u0105 przestrze\u0144, pomie\u015bci\u0107 a\u017c 80 os\u00f3b w ustawieniu teatralnym. Dodatkowo dost\u0119pny jest kameralny pok\u00f3j rekrutacyjny oraz dwa przestronne apartamenty, idealne na mniejsze spotkania do 15 os\u00f3b. W hotelowej strefie Fitness, Go\u015bcie mog\u0105 znale\u017a\u0107 zar\u00f3wno chwile ukojenia i odpoczynku, jak i aktywno\u015bci fizycznej. Profesjonalna si\u0142ownia, du\u017cy basen oraz zesp\u00f3\u0142 saun i jacuzzi to elementy, kt\u00f3re zapewniaj\u0105 kompleksow\u0105 dba\u0142o\u015b\u0107 o kondycj\u0119 fizyczn\u0105 i psychiczn\u0105.<\/p>\n\n\n\n<figure class=\"wp-block-image size-full\"><a href=\"https:\/\/www.mojekonferencje.pl\/blog\/wp-content\/uploads\/2024\/02\/9.jpg\"><img loading=\"lazy\" decoding=\"async\" width=\"960\" height=\"580\" src=\"https:\/\/www.mojekonferencje.pl\/blog\/wp-content\/uploads\/2024\/02\/9.jpg\" alt=\"\" class=\"wp-image-4725 lazyload\" data-srcset=\"https:\/\/www.mojekonferencje.pl\/blog\/wp-content\/uploads\/2024\/02\/9.jpg 960w, https:\/\/www.mojekonferencje.pl\/blog\/wp-content\/uploads\/2024\/02\/9-300x181.jpg 300w, https:\/\/www.mojekonferencje.pl\/blog\/wp-content\/uploads\/2024\/02\/9-768x464.jpg 768w\" sizes=\"auto\" \/><\/a><\/figure>\n\n\n\n<h2 class=\"wp-block-heading has-text-align-center has-vivid-purple-color has-text-color has-link-color wp-elements-078017cba361b9d3859f73ef9ec8c03e\"><a href=\"https:\/\/www.mojekonferencje.pl\/wroclaw\/hotel-zamek-topacz\"><span style=\"text-decoration: underline;\">Hotel Zamek Topacz<\/span><\/a><\/h2>\n\n\n\n<p>Jest to <strong>4-gwiazdkowy hotel pod Wroc\u0142awiem<\/strong>, stanowi\u0105cy niezwyk\u0142e miejsce, gdzie historia spotyka si\u0119 z nowoczesno\u015bci\u0105. Obiekt oferuje 81 eleganckich pokoi i apartament\u00f3w, ale tak\u017ce 38 hektar\u00f3w teren\u00f3w rekreacyjnych, sprawiaj\u0105c, \u017ce ka\u017cde wydarzenie staje si\u0119 wyj\u0105tkowe. Centrum konferencyjne zamku to nie tylko funkcjonalno\u015b\u0107, ale r\u00f3wnie\u017c unikalny klimat historycznych wn\u0119trz. 6 sal konferencyjno-bankietowych, z tarasami w przypadku czterech z nich, daje szerok\u0105 gam\u0119 mo\u017cliwo\u015bci aran\u017cacyjnych, dostosowuj\u0105c si\u0119 do r\u00f3\u017cnych potrzeb i gust\u00f3w. <\/p>\n\n\n\n<p>Elegancja przenosi si\u0119 r\u00f3wnie\u017c do kuchni. Restauracja zamkowa oferuje specja\u0142y kuchni polskiej i mi\u0119dzynarodowej, prezentuj\u0105c kwintesencj\u0119 sztuki kulinarnej. <strong>Zamek Topacz <\/strong>to tak\u017ce oaza rekreacji. Na terenie obiektu znajduje si\u0119 Muzeum Motoryzacji i Galeria Polskiego Designu. Teren rekreacyjny z stawem, pomostami, piaszczyst\u0105 pla\u017c\u0105, \u015bcie\u017ckami rowerowymi i rolkowymi, czterema kortami tenisowymi, trasami kajakowymi oraz strzelnic\u0105 golfow\u0105 zapewniaj\u0105 idealne warunki do odpoczynku i aktywnego sp\u0119dzania czasu.<\/p>\n\n\n\n<figure class=\"wp-block-image size-full\"><a href=\"https:\/\/www.mojekonferencje.pl\/blog\/wp-content\/uploads\/2024\/02\/10.jpg\"><img loading=\"lazy\" decoding=\"async\" width=\"960\" height=\"580\" src=\"https:\/\/www.mojekonferencje.pl\/blog\/wp-content\/uploads\/2024\/02\/10.jpg\" alt=\"\" class=\"wp-image-4726 lazyload\" data-srcset=\"https:\/\/www.mojekonferencje.pl\/blog\/wp-content\/uploads\/2024\/02\/10.jpg 960w, https:\/\/www.mojekonferencje.pl\/blog\/wp-content\/uploads\/2024\/02\/10-300x181.jpg 300w, https:\/\/www.mojekonferencje.pl\/blog\/wp-content\/uploads\/2024\/02\/10-768x464.jpg 768w\" sizes=\"auto\" \/><\/a><\/figure>\n","protected":false},"excerpt":{"rendered":"<p>Odkryj 4-gwiazdkowe hotele we Wroc\u0142awiu, gdzie luksus spotyka si\u0119 z profesjonalizmem. Poznaj miejsca, gdzie komfort, elegancja i doskona\u0142a infrastruktura \u0142\u0105cz\u0105 si\u0119 w jedno!<\/p>\n","protected":false},"author":9,"featured_media":4714,"comment_status":"closed","ping_status":"closed","sticky":false,"template":"","format":"standard","meta":{"_acf_changed":false,"footnotes":""},"categories":[212,175],"tags":[368,367,271,54],"class_list":["post-4713","post","type-post","status-publish","format-standard","has-post-thumbnail","hentry","category-travel","category-wybieranie-miejsca-konferencyjnego","tag-hotel","tag-hotele","tag-hotele-konferencyjne","tag-wroclaw"],"acf":[],"yoast_head":"<!-- This site is optimized with the Yoast SEO plugin v27.1.1 - https:\/\/yoast.com\/product\/yoast-seo-wordpress\/ -->\n<title>4-gwiazdkowe hotele we Wroc\u0142awiu - blog | MojeKonferencje.pl<\/title>\n<meta name=\"description\" content=\"4-gwiazdkowe hotele we Wroc\u0142awiu - blog | MojeKonferencje.pl\" \/>\n<meta name=\"robots\" content=\"index, follow, max-snippet:-1, max-image-preview:large, max-video-preview:-1\" \/>\n<link rel=\"canonical\" href=\"https:\/\/www.mojekonferencje.pl\/blog\/4-gwiazdkowe-hotele-we-wroclawiu\/\" \/>\n<meta property=\"og:locale\" content=\"pl_PL\" \/>\n<meta property=\"og:type\" content=\"article\" \/>\n<meta property=\"og:title\" content=\"4-gwiazdkowe hotele we Wroc\u0142awiu - blog | MojeKonferencje.pl\" \/>\n<meta property=\"og:description\" content=\"4-gwiazdkowe hotele we Wroc\u0142awiu - blog | MojeKonferencje.pl\" \/>\n<meta property=\"og:url\" content=\"https:\/\/www.mojekonferencje.pl\/blog\/4-gwiazdkowe-hotele-we-wroclawiu\/\" \/>\n<meta property=\"og:site_name\" content=\"MojeKonferencje.pl\" \/>\n<meta property=\"article:published_time\" content=\"2024-01-26T08:32:00+00:00\" \/>\n<meta property=\"article:modified_time\" content=\"2024-05-07T09:48:19+00:00\" \/>\n<meta property=\"og:image\" content=\"https:\/\/www.mojekonferencje.pl\/blog\/wp-content\/uploads\/2024\/02\/Fotoram.io-57.jpg\" \/>\n\t<meta property=\"og:image:width\" content=\"1200\" \/>\n\t<meta property=\"og:image:height\" content=\"720\" \/>\n\t<meta property=\"og:image:type\" content=\"image\/jpeg\" \/>\n<meta name=\"author\" content=\"Olga Stawicka-Iwanowska\" \/>\n<meta name=\"twitter:card\" content=\"summary_large_image\" \/>\n<meta name=\"twitter:label1\" content=\"Napisane przez\" \/>\n\t<meta name=\"twitter:data1\" content=\"Olga Stawicka-Iwanowska\" \/>\n\t<meta name=\"twitter:label2\" content=\"Szacowany czas czytania\" \/>\n\t<meta name=\"twitter:data2\" content=\"12 minut\" \/>\n<script type=\"application\/ld+json\" class=\"yoast-schema-graph\">{\"@context\":\"https:\/\/schema.org\",\"@graph\":[{\"@type\":\"Article\",\"@id\":\"https:\/\/www.mojekonferencje.pl\/blog\/4-gwiazdkowe-hotele-we-wroclawiu\/#article\",\"isPartOf\":{\"@id\":\"https:\/\/www.mojekonferencje.pl\/blog\/4-gwiazdkowe-hotele-we-wroclawiu\/\"},\"author\":{\"name\":\"Olga Stawicka-Iwanowska\",\"@id\":\"https:\/\/www.mojekonferencje.pl\/blog\/#\/schema\/person\/d6751ca3c60de9ec17ee21b744bbb2d4\"},\"headline\":\"4-gwiazdkowe hotele we Wroc\u0142awiu\",\"datePublished\":\"2024-01-26T08:32:00+00:00\",\"dateModified\":\"2024-05-07T09:48:19+00:00\",\"mainEntityOfPage\":{\"@id\":\"https:\/\/www.mojekonferencje.pl\/blog\/4-gwiazdkowe-hotele-we-wroclawiu\/\"},\"wordCount\":1927,\"image\":{\"@id\":\"https:\/\/www.mojekonferencje.pl\/blog\/4-gwiazdkowe-hotele-we-wroclawiu\/#primaryimage\"},\"thumbnailUrl\":\"https:\/\/www.mojekonferencje.pl\/blog\/wp-content\/uploads\/2024\/02\/Fotoram.io-57.jpg\",\"keywords\":[\"hotel\",\"hotele\",\"hotele konferencyjne\",\"wroc\u0142aw\"],\"articleSection\":[\"Travel\",\"Wybieranie miejsca konferencyjnego\"],\"inLanguage\":\"pl-PL\"},{\"@type\":\"WebPage\",\"@id\":\"https:\/\/www.mojekonferencje.pl\/blog\/4-gwiazdkowe-hotele-we-wroclawiu\/\",\"url\":\"https:\/\/www.mojekonferencje.pl\/blog\/4-gwiazdkowe-hotele-we-wroclawiu\/\",\"name\":\"4-gwiazdkowe hotele we Wroc\u0142awiu - blog | MojeKonferencje.pl\",\"isPartOf\":{\"@id\":\"https:\/\/www.mojekonferencje.pl\/blog\/#website\"},\"primaryImageOfPage\":{\"@id\":\"https:\/\/www.mojekonferencje.pl\/blog\/4-gwiazdkowe-hotele-we-wroclawiu\/#primaryimage\"},\"image\":{\"@id\":\"https:\/\/www.mojekonferencje.pl\/blog\/4-gwiazdkowe-hotele-we-wroclawiu\/#primaryimage\"},\"thumbnailUrl\":\"https:\/\/www.mojekonferencje.pl\/blog\/wp-content\/uploads\/2024\/02\/Fotoram.io-57.jpg\",\"datePublished\":\"2024-01-26T08:32:00+00:00\",\"dateModified\":\"2024-05-07T09:48:19+00:00\",\"author\":{\"@id\":\"https:\/\/www.mojekonferencje.pl\/blog\/#\/schema\/person\/d6751ca3c60de9ec17ee21b744bbb2d4\"},\"description\":\"4-gwiazdkowe hotele we Wroc\u0142awiu - blog | MojeKonferencje.pl\",\"breadcrumb\":{\"@id\":\"https:\/\/www.mojekonferencje.pl\/blog\/4-gwiazdkowe-hotele-we-wroclawiu\/#breadcrumb\"},\"inLanguage\":\"pl-PL\",\"potentialAction\":[{\"@type\":\"ReadAction\",\"target\":[\"https:\/\/www.mojekonferencje.pl\/blog\/4-gwiazdkowe-hotele-we-wroclawiu\/\"]}]},{\"@type\":\"ImageObject\",\"inLanguage\":\"pl-PL\",\"@id\":\"https:\/\/www.mojekonferencje.pl\/blog\/4-gwiazdkowe-hotele-we-wroclawiu\/#primaryimage\",\"url\":\"https:\/\/www.mojekonferencje.pl\/blog\/wp-content\/uploads\/2024\/02\/Fotoram.io-57.jpg\",\"contentUrl\":\"https:\/\/www.mojekonferencje.pl\/blog\/wp-content\/uploads\/2024\/02\/Fotoram.io-57.jpg\",\"width\":1200,\"height\":720},{\"@type\":\"BreadcrumbList\",\"@id\":\"https:\/\/www.mojekonferencje.pl\/blog\/4-gwiazdkowe-hotele-we-wroclawiu\/#breadcrumb\",\"itemListElement\":[{\"@type\":\"ListItem\",\"position\":1,\"name\":\"Strona g\u0142\u00f3wna\",\"item\":\"https:\/\/www.mojekonferencje.pl\/blog\/\"},{\"@type\":\"ListItem\",\"position\":2,\"name\":\"4-gwiazdkowe hotele we Wroc\u0142awiu\"}]},{\"@type\":\"WebSite\",\"@id\":\"https:\/\/www.mojekonferencje.pl\/blog\/#website\",\"url\":\"https:\/\/www.mojekonferencje.pl\/blog\/\",\"name\":\"MojeKonferencje.pl\",\"description\":\"Blog bran\u017cy szkoleniowo-konferencyjnej. W\u0142\u0105cz si\u0119 do dyskusji o obiektach konferencyjnych i nowo\u015bciach z bran\u017cy! Poznaj porady odno\u015bnie organizacji konferencji, szkole\u0144 i event\u00f3w firmowych! Zach\u0119camy do wyra\u017cania opinii oraz komentarzy.\",\"potentialAction\":[{\"@type\":\"SearchAction\",\"target\":{\"@type\":\"EntryPoint\",\"urlTemplate\":\"https:\/\/www.mojekonferencje.pl\/blog\/?s={search_term_string}\"},\"query-input\":{\"@type\":\"PropertyValueSpecification\",\"valueRequired\":true,\"valueName\":\"search_term_string\"}}],\"inLanguage\":\"pl-PL\"},{\"@type\":\"Person\",\"@id\":\"https:\/\/www.mojekonferencje.pl\/blog\/#\/schema\/person\/d6751ca3c60de9ec17ee21b744bbb2d4\",\"name\":\"Olga Stawicka-Iwanowska\",\"description\":\"Head of Marketing z ponad sze\u015bcioletnim do\u015bwiadczeniem w bran\u017cy MICE. Na co dzie\u0144 zajmuje si\u0119 content marketingiem i promocj\u0105 obiekt\u00f3w eventowych, tak aby organizatorzy kongres\u00f3w, targ\u00f3w i konferencji wiedzieli, \u017ce w\u0142a\u015bnie tam warto zrealizowa\u0107 swoje wydarzenie. Prowadzi media spo\u0142eczno\u015bciowe, tworzy strategie komunikacji, pisze artyku\u0142y i dba o sp\u00f3jny wizerunek marki w ka\u017cdym kanale. W swojej pracy \u0142\u0105czy analityczne my\u015blenie z kreatywno\u015bci\u0105 i dobrym copy. Wsp\u00f3\u0142pracuje zar\u00f3wno z organizatorami najwi\u0119kszych wydarze\u0144 w Polsce, jak i z regionalnymi partnerami z bran\u017cy. Po godzinach mi\u0142o\u015bniczka podr\u00f3\u017cy po Europie, dobrej kuchni i klimatycznych miejsc, w kt\u00f3rych mo\u017cna z\u0142apa\u0107 oddech.\",\"sameAs\":[\"http:\/\/MojeKonferencje.pl\",\"https:\/\/www.linkedin.com\/in\/olgastawicka\/\"],\"url\":\"https:\/\/www.mojekonferencje.pl\/blog\/author\/osawicka\/\"}]}<\/script>\n<!-- \/ Yoast SEO plugin. -->","yoast_head_json":{"title":"4-gwiazdkowe hotele we Wroc\u0142awiu - blog | MojeKonferencje.pl","description":"4-gwiazdkowe hotele we Wroc\u0142awiu - blog | MojeKonferencje.pl","robots":{"index":"index","follow":"follow","max-snippet":"max-snippet:-1","max-image-preview":"max-image-preview:large","max-video-preview":"max-video-preview:-1"},"canonical":"https:\/\/www.mojekonferencje.pl\/blog\/4-gwiazdkowe-hotele-we-wroclawiu\/","og_locale":"pl_PL","og_type":"article","og_title":"4-gwiazdkowe hotele we Wroc\u0142awiu - blog | MojeKonferencje.pl","og_description":"4-gwiazdkowe hotele we Wroc\u0142awiu - blog | MojeKonferencje.pl","og_url":"https:\/\/www.mojekonferencje.pl\/blog\/4-gwiazdkowe-hotele-we-wroclawiu\/","og_site_name":"MojeKonferencje.pl","article_published_time":"2024-01-26T08:32:00+00:00","article_modified_time":"2024-05-07T09:48:19+00:00","og_image":[{"width":1200,"height":720,"url":"https:\/\/www.mojekonferencje.pl\/blog\/wp-content\/uploads\/2024\/02\/Fotoram.io-57.jpg","type":"image\/jpeg"}],"author":"Olga Stawicka-Iwanowska","twitter_card":"summary_large_image","twitter_misc":{"Napisane przez":"Olga Stawicka-Iwanowska","Szacowany czas czytania":"12 minut"},"schema":{"@context":"https:\/\/schema.org","@graph":[{"@type":"Article","@id":"https:\/\/www.mojekonferencje.pl\/blog\/4-gwiazdkowe-hotele-we-wroclawiu\/#article","isPartOf":{"@id":"https:\/\/www.mojekonferencje.pl\/blog\/4-gwiazdkowe-hotele-we-wroclawiu\/"},"author":{"name":"Olga Stawicka-Iwanowska","@id":"https:\/\/www.mojekonferencje.pl\/blog\/#\/schema\/person\/d6751ca3c60de9ec17ee21b744bbb2d4"},"headline":"4-gwiazdkowe hotele we Wroc\u0142awiu","datePublished":"2024-01-26T08:32:00+00:00","dateModified":"2024-05-07T09:48:19+00:00","mainEntityOfPage":{"@id":"https:\/\/www.mojekonferencje.pl\/blog\/4-gwiazdkowe-hotele-we-wroclawiu\/"},"wordCount":1927,"image":{"@id":"https:\/\/www.mojekonferencje.pl\/blog\/4-gwiazdkowe-hotele-we-wroclawiu\/#primaryimage"},"thumbnailUrl":"https:\/\/www.mojekonferencje.pl\/blog\/wp-content\/uploads\/2024\/02\/Fotoram.io-57.jpg","keywords":["hotel","hotele","hotele konferencyjne","wroc\u0142aw"],"articleSection":["Travel","Wybieranie miejsca konferencyjnego"],"inLanguage":"pl-PL"},{"@type":"WebPage","@id":"https:\/\/www.mojekonferencje.pl\/blog\/4-gwiazdkowe-hotele-we-wroclawiu\/","url":"https:\/\/www.mojekonferencje.pl\/blog\/4-gwiazdkowe-hotele-we-wroclawiu\/","name":"4-gwiazdkowe hotele we Wroc\u0142awiu - blog | MojeKonferencje.pl","isPartOf":{"@id":"https:\/\/www.mojekonferencje.pl\/blog\/#website"},"primaryImageOfPage":{"@id":"https:\/\/www.mojekonferencje.pl\/blog\/4-gwiazdkowe-hotele-we-wroclawiu\/#primaryimage"},"image":{"@id":"https:\/\/www.mojekonferencje.pl\/blog\/4-gwiazdkowe-hotele-we-wroclawiu\/#primaryimage"},"thumbnailUrl":"https:\/\/www.mojekonferencje.pl\/blog\/wp-content\/uploads\/2024\/02\/Fotoram.io-57.jpg","datePublished":"2024-01-26T08:32:00+00:00","dateModified":"2024-05-07T09:48:19+00:00","author":{"@id":"https:\/\/www.mojekonferencje.pl\/blog\/#\/schema\/person\/d6751ca3c60de9ec17ee21b744bbb2d4"},"description":"4-gwiazdkowe hotele we Wroc\u0142awiu - blog | MojeKonferencje.pl","breadcrumb":{"@id":"https:\/\/www.mojekonferencje.pl\/blog\/4-gwiazdkowe-hotele-we-wroclawiu\/#breadcrumb"},"inLanguage":"pl-PL","potentialAction":[{"@type":"ReadAction","target":["https:\/\/www.mojekonferencje.pl\/blog\/4-gwiazdkowe-hotele-we-wroclawiu\/"]}]},{"@type":"ImageObject","inLanguage":"pl-PL","@id":"https:\/\/www.mojekonferencje.pl\/blog\/4-gwiazdkowe-hotele-we-wroclawiu\/#primaryimage","url":"https:\/\/www.mojekonferencje.pl\/blog\/wp-content\/uploads\/2024\/02\/Fotoram.io-57.jpg","contentUrl":"https:\/\/www.mojekonferencje.pl\/blog\/wp-content\/uploads\/2024\/02\/Fotoram.io-57.jpg","width":1200,"height":720},{"@type":"BreadcrumbList","@id":"https:\/\/www.mojekonferencje.pl\/blog\/4-gwiazdkowe-hotele-we-wroclawiu\/#breadcrumb","itemListElement":[{"@type":"ListItem","position":1,"name":"Strona g\u0142\u00f3wna","item":"https:\/\/www.mojekonferencje.pl\/blog\/"},{"@type":"ListItem","position":2,"name":"4-gwiazdkowe hotele we Wroc\u0142awiu"}]},{"@type":"WebSite","@id":"https:\/\/www.mojekonferencje.pl\/blog\/#website","url":"https:\/\/www.mojekonferencje.pl\/blog\/","name":"MojeKonferencje.pl","description":"Blog bran\u017cy szkoleniowo-konferencyjnej. W\u0142\u0105cz si\u0119 do dyskusji o obiektach konferencyjnych i nowo\u015bciach z bran\u017cy! Poznaj porady odno\u015bnie organizacji konferencji, szkole\u0144 i event\u00f3w firmowych! Zach\u0119camy do wyra\u017cania opinii oraz komentarzy.","potentialAction":[{"@type":"SearchAction","target":{"@type":"EntryPoint","urlTemplate":"https:\/\/www.mojekonferencje.pl\/blog\/?s={search_term_string}"},"query-input":{"@type":"PropertyValueSpecification","valueRequired":true,"valueName":"search_term_string"}}],"inLanguage":"pl-PL"},{"@type":"Person","@id":"https:\/\/www.mojekonferencje.pl\/blog\/#\/schema\/person\/d6751ca3c60de9ec17ee21b744bbb2d4","name":"Olga Stawicka-Iwanowska","description":"Head of Marketing z ponad sze\u015bcioletnim do\u015bwiadczeniem w bran\u017cy MICE. Na co dzie\u0144 zajmuje si\u0119 content marketingiem i promocj\u0105 obiekt\u00f3w eventowych, tak aby organizatorzy kongres\u00f3w, targ\u00f3w i konferencji wiedzieli, \u017ce w\u0142a\u015bnie tam warto zrealizowa\u0107 swoje wydarzenie. Prowadzi media spo\u0142eczno\u015bciowe, tworzy strategie komunikacji, pisze artyku\u0142y i dba o sp\u00f3jny wizerunek marki w ka\u017cdym kanale. W swojej pracy \u0142\u0105czy analityczne my\u015blenie z kreatywno\u015bci\u0105 i dobrym copy. Wsp\u00f3\u0142pracuje zar\u00f3wno z organizatorami najwi\u0119kszych wydarze\u0144 w Polsce, jak i z regionalnymi partnerami z bran\u017cy. Po godzinach mi\u0142o\u015bniczka podr\u00f3\u017cy po Europie, dobrej kuchni i klimatycznych miejsc, w kt\u00f3rych mo\u017cna z\u0142apa\u0107 oddech.","sameAs":["http:\/\/MojeKonferencje.pl","https:\/\/www.linkedin.com\/in\/olgastawicka\/"],"url":"https:\/\/www.mojekonferencje.pl\/blog\/author\/osawicka\/"}]}},"_links":{"self":[{"href":"https:\/\/www.mojekonferencje.pl\/blog\/wp-json\/wp\/v2\/posts\/4713","targetHints":{"allow":["GET"]}}],"collection":[{"href":"https:\/\/www.mojekonferencje.pl\/blog\/wp-json\/wp\/v2\/posts"}],"about":[{"href":"https:\/\/www.mojekonferencje.pl\/blog\/wp-json\/wp\/v2\/types\/post"}],"author":[{"embeddable":true,"href":"https:\/\/www.mojekonferencje.pl\/blog\/wp-json\/wp\/v2\/users\/9"}],"replies":[{"embeddable":true,"href":"https:\/\/www.mojekonferencje.pl\/blog\/wp-json\/wp\/v2\/comments?post=4713"}],"version-history":[{"count":2,"href":"https:\/\/www.mojekonferencje.pl\/blog\/wp-json\/wp\/v2\/posts\/4713\/revisions"}],"predecessor-version":[{"id":4729,"href":"https:\/\/www.mojekonferencje.pl\/blog\/wp-json\/wp\/v2\/posts\/4713\/revisions\/4729"}],"wp:featuredmedia":[{"embeddable":true,"href":"https:\/\/www.mojekonferencje.pl\/blog\/wp-json\/wp\/v2\/media\/4714"}],"wp:attachment":[{"href":"https:\/\/www.mojekonferencje.pl\/blog\/wp-json\/wp\/v2\/media?parent=4713"}],"wp:term":[{"taxonomy":"category","embeddable":true,"href":"https:\/\/www.mojekonferencje.pl\/blog\/wp-json\/wp\/v2\/categories?post=4713"},{"taxonomy":"post_tag","embeddable":true,"href":"https:\/\/www.mojekonferencje.pl\/blog\/wp-json\/wp\/v2\/tags?post=4713"}],"curies":[{"name":"wp","href":"https:\/\/api.w.org\/{rel}","templated":true}]}}