{"id":4730,"date":"2024-01-29T18:33:10","date_gmt":"2024-01-29T16:33:10","guid":{"rendered":"https:\/\/www.mojekonferencje.pl\/blog\/?p=4730"},"modified":"2025-04-28T10:40:51","modified_gmt":"2025-04-28T08:40:51","slug":"3-gwiazdkowe-hotele-w-krakowie","status":"publish","type":"post","link":"https:\/\/www.mojekonferencje.pl\/blog\/3-gwiazdkowe-hotele-w-krakowie\/","title":{"rendered":"3-gwiazdkowe hotele w Krakowie"},"content":{"rendered":"\n<p><strong>3-gwiazdkowe hotele w Krakowie nie tylko kusz\u0105 wyj\u0105tkowym komfortem i atmosfer\u0105, ale tak\u017ce stawiaj\u0105 sobie za zadanie zaspokoi\u0107 potrzeby klient\u00f3w biznesowych. W \u015bwiecie pe\u0142nym wyzwa\u0144 i innowacji, sale konferencyjne i szkoleniowe staj\u0105 si\u0119 integraln\u0105 cz\u0119\u015bci\u0105 oferty tych miejsc, sprawiaj\u0105c, \u017ce podr\u00f3\u017c s\u0142u\u017cbowa staje si\u0119 jednocze\u015bnie nie tylko produktywna, lecz tak\u017ce niezwykle przyjemna. <\/strong><\/p>\n\n\n\n<p>W tym artykule pragniemy przybli\u017cy\u0107 oferty tych wyj\u0105tkowych miejsc, gdzie ka\u017cdy detal odgrywa kluczow\u0105 rol\u0119 w tworzeniu niezapomnianych wra\u017ce\u0144. Przygotuj si\u0119 na podr\u00f3\u017c po fascynuj\u0105cym \u015bwiecie krakowskich hoteli trzygwiazdkowych, gdzie po\u0142\u0105czenie elegancji z funkcjonalno\u015bci\u0105 widoczne jest na ka\u017cdym kroku. Jednocze\u015bnie zapraszamy Ci\u0119 do odwiedzenia naszej strony, na kt\u00f3rej znajdziesz r\u00f3\u017cnorodne <a href=\"https:\/\/www.mojekonferencje.pl\/sale-konferencyjne-krakow\">hotele na konferencje w Krakowie<\/a>.<\/p>\n\n\n\n<p>Tymczasem zosta\u0144 z nami i poznaj obiekty, takie jak: <\/p>\n\n\n\n<figure class=\"wp-block-table\"><table><tbody><tr><td><a href=\"https:\/\/www.mojekonferencje.pl\/krakow\/hotel-logos-\">Hotel Logos<\/a><\/td><td><a href=\"https:\/\/www.mojekonferencje.pl\/krakow\/hotel-city-sm\">Hotel City SM Business &amp; SPA<\/a><\/td><\/tr><tr><td><a href=\"https:\/\/www.mojekonferencje.pl\/krakow\/hotel-polonia\">Hotel Polonia Krak\u00f3w<\/a><\/td><td><a href=\"https:\/\/www.mojekonferencje.pl\/krakow\/hotel-lavender\">Hotel Lavender<\/a><\/td><\/tr><tr><td><a href=\"https:\/\/www.mojekonferencje.pl\/krakow\/hotel-wyspianski\">Hotel Wyspia\u0144ski<\/a><\/td><td><a href=\"https:\/\/www.mojekonferencje.pl\/krakow\/hotel-galicya\">Hotel Galicya<\/a><\/td><\/tr><tr><td><a href=\"https:\/\/www.mojekonferencje.pl\/krakow\/ibis-styles-krakow-east\">Ibis Styles Krak\u00f3w East<\/a><\/td><td><a href=\"https:\/\/www.mojekonferencje.pl\/krakow\/hotel-wilga\">HOTEL WILGA<\/a><\/td><\/tr><tr><td><a href=\"https:\/\/www.mojekonferencje.pl\/krakow\/hotel-krakus\">Hotel Krakus<\/a><\/td><td><a href=\"https:\/\/www.mojekonferencje.pl\/krakow\/downtown-krakow-hotel\">Downtown Krak\u00f3w Hotel<\/a><\/td><\/tr><tr><td><a href=\"https:\/\/www.mojekonferencje.pl\/krakow\/w-sercu-krakowa-aparthotel\">W Sercu Krakowa Aparthotel<\/a><\/td><td><\/td><\/tr><\/tbody><\/table><\/figure>\n\n\n\n<h2 class=\"wp-block-heading has-text-align-center has-vivid-purple-color has-text-color has-link-color wp-elements-92f14d4d1b6b8e06b1603ef89e826222\"><a href=\"https:\/\/www.mojekonferencje.pl\/krakow\/hotel-logos-\"><span style=\"text-decoration: underline;\">Hotel Logos<\/span><\/a><\/h2>\n\n\n\n<p>To<strong> 3-gwiazdkowy hotel w centrum Krakowa<\/strong>, otoczony eleganck\u0105 fasad\u0105 odrestaurowanej kamienicy. Stanowi on miejsce, kt\u00f3re nie tylko zachwyca go\u015bci indywidualnych swoim urokiem. Staje si\u0119 r\u00f3wnie\u017c oaz\u0105 dla podr\u00f3\u017cuj\u0105cych w celach biznesowych. Jego strategiczna lokalizacja przy spokojnej uliczce, w s\u0105siedztwie renomowanych krakowskich uczelni wy\u017cszych, takich jak Audytorium Maximum UJ czy Biblioteka Wojew\u00f3dzka, sprawia, \u017ce Logos od lat zdobywa serca zar\u00f3wno \u015brodowisk akademickich, jak i go\u015bci biznesowych. <\/p>\n\n\n\n<p>Dwie nowocze\u015bnie wyposa\u017cone i klimatyzowane sale konferencyjne oferuj\u0105 nie tylko komfort, ale tak\u017ce sprzyjaj\u0105 kreatywno\u015bci i efektywnej pracy. Obie sale konferencyjne pozwalaj\u0105 na r\u00f3\u017cne ustawienia, dostosowuj\u0105c si\u0119 do specyfiki danego wydarzenia. Ponadto, dla zapewnienia pe\u0142nej satysfakcji, hotel proponuje korzystn\u0105 ofert\u0119 cateringow\u0105 oraz komfortowe noclegi dla uczestnik\u00f3w konferencji. W przerwie mi\u0119dzy sesjami konferencyjnymi go\u015bcie mog\u0105 zrelaksowa\u0107 si\u0119 w odpr\u0119\u017caj\u0105cej strefie wellness, delektuj\u0105c si\u0119 chwil\u0105 spokoju i regeneracji.<\/p>\n\n\n\n<figure class=\"wp-block-image size-full\"><a href=\"https:\/\/www.mojekonferencje.pl\/blog\/wp-content\/uploads\/2024\/02\/1-1.jpg\"><img loading=\"lazy\" decoding=\"async\" width=\"960\" height=\"580\" src=\"https:\/\/www.mojekonferencje.pl\/blog\/wp-content\/uploads\/2024\/02\/1-1.jpg\" alt=\"\" class=\"wp-image-4732 lazyload\" data-srcset=\"https:\/\/www.mojekonferencje.pl\/blog\/wp-content\/uploads\/2024\/02\/1-1.jpg 960w, https:\/\/www.mojekonferencje.pl\/blog\/wp-content\/uploads\/2024\/02\/1-1-300x181.jpg 300w, https:\/\/www.mojekonferencje.pl\/blog\/wp-content\/uploads\/2024\/02\/1-1-768x464.jpg 768w\" sizes=\"auto\" \/><\/a><\/figure>\n\n\n\n<h2 class=\"wp-block-heading has-text-align-center has-vivid-purple-color has-text-color has-link-color wp-elements-a169f134a450dee59d120314653bbc67\"><a href=\"https:\/\/www.mojekonferencje.pl\/krakow\/hotel-polonia\"><span style=\"text-decoration: underline;\">Hotel Polonia Krak\u00f3w<\/span><\/a><\/h2>\n\n\n\n<p><strong>Hotel Polonia<\/strong>, o bogatej historii si\u0119gaj\u0105cej 1917 roku, to trzygwiazdkowy klejnot w samym sercu Krakowa. Jego zabytkowy urok, po\u0142\u0105czony z doskona\u0142\u0105 lokalizacj\u0105, sprawia, \u017ce staje si\u0119 nie tylko miejscem idealnym do wypoczynku, ale r\u00f3wnie\u017c doskona\u0142\u0105 przestrzeni\u0105 do zorganizowania konferencji czy szkolenia. W ofercie <strong>Hotelu Polonia<\/strong> kryj\u0105 si\u0119 stylowo zaaran\u017cowane pokoje i apartamenty, a tak\u017ce elegancka restauracja serwuj\u0105ca wy\u015bmienite dania kuchni polskiej. <\/p>\n\n\n\n<p>To jednak nie wszystko \u2013 pi\u0119\u0107 sal konferencyjnych o powierzchni od 35 m2 do 73 m2 stwarza idealne warunki do organizacji r\u00f3\u017cnorodnych wydarze\u0144 biznesowych. Od kameralnych spotka\u0144 po konferencje dla wi\u0119kszych grup \u2013 ka\u017cde wydarzenie traktowane jest indywidualnie, z dba\u0142o\u015bci\u0105 o najmniejszy detal. Aby u\u0142atwi\u0107 organizacj\u0119 pobytu, obiekt oferuje r\u00f3wnie\u017c transfery pomi\u0119dzy hotelem a lotniskami w Balicach i Pyrzowicach, a tak\u017ce wycieczki grupowe po Krakowie i okolicach.<\/p>\n\n\n\n<figure class=\"wp-block-image size-full\"><a href=\"https:\/\/www.mojekonferencje.pl\/blog\/wp-content\/uploads\/2024\/02\/2-1.jpg\"><img loading=\"lazy\" decoding=\"async\" width=\"960\" height=\"580\" src=\"https:\/\/www.mojekonferencje.pl\/blog\/wp-content\/uploads\/2024\/02\/2-1.jpg\" alt=\"\" class=\"wp-image-4733 lazyload\" data-srcset=\"https:\/\/www.mojekonferencje.pl\/blog\/wp-content\/uploads\/2024\/02\/2-1.jpg 960w, https:\/\/www.mojekonferencje.pl\/blog\/wp-content\/uploads\/2024\/02\/2-1-300x181.jpg 300w, https:\/\/www.mojekonferencje.pl\/blog\/wp-content\/uploads\/2024\/02\/2-1-768x464.jpg 768w\" sizes=\"auto\" \/><\/a><\/figure>\n\n\n\n<h2 class=\"wp-block-heading has-text-align-center has-vivid-purple-color has-text-color has-link-color wp-elements-e96c1efd7cd0865193879062a90a8971\"><a href=\"https:\/\/www.mojekonferencje.pl\/krakow\/hotel-wyspianski\"><span style=\"text-decoration: underline;\">Hotel Wyspia\u0144ski<\/span><\/a><\/h2>\n\n\n\n<p>Ten <strong>3-gwiazdkowy hotel w Krakowie<\/strong>, usytuowany jest w sercu historycznej cz\u0119\u015bci miasta, przy malowniczych Plantach. Stanowi idealne miejsce do zorganizowania konferencji, seminarium czy szkolenia. Zaledwie pi\u0119\u0107 minut spacerem dzieli go od Starego Rynku. Sprawia to, \u017ce stanowi dogodn\u0105 baz\u0119 dla uczestnik\u00f3w, kt\u00f3rzy chc\u0105 szybko dotrze\u0107 do najwa\u017cniejszych atrakcji miasta. To miejsce przyjazne zar\u00f3wno turystom, jak i biznesowi, oferuje komfortowe noclegi dla 516 go\u015bci, uwzgl\u0119dniaj\u0105c nawet obecno\u015b\u0107 zwierz\u0105t pod opiek\u0105 go\u015bci.<strong> <\/strong><\/p>\n\n\n\n<p><strong>Hotel Wyspia\u0144ski<\/strong> to nie tylko miejsce do spania, to przestrze\u0144, kt\u00f3ra doskonale spe\u0142nia r\u00f3\u017cnorodne potrzeby. Pi\u0119\u0107 wielofunkcyjnych sal konferencyjnych, zdolnych pomie\u015bci\u0107 160 os\u00f3b, jest w pe\u0142ni wyposa\u017conych w nowoczesny sprz\u0119t audiowizualny. Dodatkowo istnieje mo\u017cliwo\u015b\u0107 wydzielenia mniejszych przestrzeni na bardziej kameralne spotkania. Warto te\u017c doda\u0107, \u017ce przy hotelu znajduje si\u0119 monitorowany parking strze\u017cony, oferuj\u0105cy miejsca zar\u00f3wno dla samochod\u00f3w, jak i autokar\u00f3w, co u\u0142atwia logistyk\u0119 uczestnik\u00f3w.<\/p>\n\n\n\n<figure class=\"wp-block-image size-full\"><a href=\"https:\/\/www.mojekonferencje.pl\/blog\/wp-content\/uploads\/2024\/02\/3-1.jpg\"><img loading=\"lazy\" decoding=\"async\" width=\"960\" height=\"580\" src=\"https:\/\/www.mojekonferencje.pl\/blog\/wp-content\/uploads\/2024\/02\/3-1.jpg\" alt=\"\" class=\"wp-image-4734 lazyload\" data-srcset=\"https:\/\/www.mojekonferencje.pl\/blog\/wp-content\/uploads\/2024\/02\/3-1.jpg 960w, https:\/\/www.mojekonferencje.pl\/blog\/wp-content\/uploads\/2024\/02\/3-1-300x181.jpg 300w, https:\/\/www.mojekonferencje.pl\/blog\/wp-content\/uploads\/2024\/02\/3-1-768x464.jpg 768w\" sizes=\"auto\" \/><\/a><\/figure>\n\n\n\n<h2 class=\"wp-block-heading has-text-align-center has-vivid-purple-color has-text-color has-link-color wp-elements-c3ec1df6b17b2bd843b96e797efa3075\"><span style=\"text-decoration: underline;\"><a href=\"https:\/\/www.mojekonferencje.pl\/krakow\/ibis-styles-krakow-east\">Ibis Styles Krak\u00f3w East<\/a><\/span><\/h2>\n\n\n\n<p>Jest to kolejny <strong>3-gwiazdkowy hotel w Krakowie <\/strong>o atrakcyjnym designie. Kusi on nie tylko wyj\u0105tkow\u0105 estetyk\u0105, ale tak\u017ce dogodn\u0105 lokalizacj\u0105 w najbardziej zielonej cz\u0119\u015bci Krakowa, przy Zalewie Nowohuckim i Dworku Jana Matejki. To miejsce, gdzie nowoczesno\u015b\u0107 spotyka si\u0119 z funkcjonalno\u015bci\u0105, tworz\u0105c atmosfer\u0119 sprzyjaj\u0105c\u0105 zar\u00f3wno relaksowi, jak i intensywnej pracy biznesowej. Zaledwie kilka minut dzieli hotel od centrum miasta i autostrady A4, co czyni go doskona\u0142ym wyborem dla podr\u00f3\u017cuj\u0105cych s\u0142u\u017cbowo. <\/p>\n\n\n\n<p>Po\u0142o\u017cenie blisko Mi\u0119dzynarodowego Centrum Kongresowego EXPO i Tauron Areny to dodatkowy atut dla klient\u00f3w biznesowych, szukaj\u0105cych wygodnego miejsca na organizacj\u0119 konferencji czy spotka\u0144. Pi\u0119\u0107 stylowo zaaran\u017cowanych sal konferencyjnych, z najwi\u0119ksz\u0105 zdoln\u0105 pomie\u015bci\u0107 nawet 100 os\u00f3b, stanowi idealne miejsce do przeprowadzenia r\u00f3\u017cnorodnych wydarze\u0144 biznesowych. Komfortowe pokoje oraz wyj\u0105tkowa restauracja Bulwarova Food&amp;More, serwuj\u0105ca dania regionalne, mi\u0119dzynarodowe i sezonowe, to dodatkowe atuty hotelu.<\/p>\n\n\n\n<figure class=\"wp-block-image size-full\"><a href=\"https:\/\/www.mojekonferencje.pl\/blog\/wp-content\/uploads\/2024\/02\/4-1.jpg\"><img loading=\"lazy\" decoding=\"async\" width=\"960\" height=\"580\" src=\"https:\/\/www.mojekonferencje.pl\/blog\/wp-content\/uploads\/2024\/02\/4-1.jpg\" alt=\"\" class=\"wp-image-4735 lazyload\" data-srcset=\"https:\/\/www.mojekonferencje.pl\/blog\/wp-content\/uploads\/2024\/02\/4-1.jpg 960w, https:\/\/www.mojekonferencje.pl\/blog\/wp-content\/uploads\/2024\/02\/4-1-300x181.jpg 300w, https:\/\/www.mojekonferencje.pl\/blog\/wp-content\/uploads\/2024\/02\/4-1-768x464.jpg 768w\" sizes=\"auto\" \/><\/a><\/figure>\n\n\n\n<h2 class=\"wp-block-heading has-text-align-center has-vivid-purple-color has-text-color has-link-color wp-elements-2215315282a6b0fe38e1cee51a041d1b\"><a href=\"https:\/\/www.mojekonferencje.pl\/krakow\/hotel-krakus\"><span style=\"text-decoration: underline;\">Hotel Krakus<\/span><\/a><\/h2>\n\n\n\n<p>\u00d3w trzygwiazdkowy klejnot Krakowa, to nie tylko miejsce wypoczynku, lecz tak\u017ce doskona\u0142a przestrze\u0144 do zorganizowania konferencji czy szkolenia. Zlokalizowany w sercu miasta, stanowi idealny punkt dla go\u015bci, kt\u00f3rym zale\u017cy na komforcie i kompleksowej ofercie. Zapewniaj\u0105c 112 nowoczesnych, komfortowych pokoi, <strong>Hotel Krakus <\/strong>gwarantuje nie tylko relaks, lecz r\u00f3wnie\u017c wygod\u0119 dla ka\u017cdego go\u015bcia. Jednak to profesjonalne zaplecze konferencyjne wyr\u00f3\u017cnia ten obiekt. <\/p>\n\n\n\n<p>Sze\u015b\u0107 kompleksowo wyposa\u017conych sal konferencyjnych to przestrzenie, gdzie nowoczesno\u015b\u0107 \u0142\u0105czy si\u0119 z funkcjonalno\u015bci\u0105, tworz\u0105c idealne warunki do efektywnej pracy. Hotelowa restauracja to kulinarne doznania, gdzie smaki kuchni polskiej i europejskiej spotykaj\u0105 si\u0119 w wyj\u0105tkowy spos\u00f3b. Hotelowy bar z kolei oferuje szeroki wyb\u00f3r alkoholi, idealny na relaksuj\u0105cy wiecz\u00f3r po intensywnym dniu konferencyjnym. Dla wygody go\u015bci <strong>Hotel Krakus <\/strong>zapewnia dwa przestronne parkingi: jeden dla samochod\u00f3w indywidualnych, drugi dla autokar\u00f3w grup zorganizowanych.<\/p>\n\n\n\n<figure class=\"wp-block-image size-large\"><a href=\"https:\/\/www.mojekonferencje.pl\/blog\/wp-content\/uploads\/2024\/02\/5-2.jpg\"><img loading=\"lazy\" decoding=\"async\" width=\"1024\" height=\"576\" src=\"https:\/\/www.mojekonferencje.pl\/blog\/wp-content\/uploads\/2024\/02\/5-2-1024x576.jpg\" alt=\"\" class=\"wp-image-4736 lazyload\" data-srcset=\"https:\/\/www.mojekonferencje.pl\/blog\/wp-content\/uploads\/2024\/02\/5-2-1024x576.jpg 1024w, https:\/\/www.mojekonferencje.pl\/blog\/wp-content\/uploads\/2024\/02\/5-2-300x169.jpg 300w, https:\/\/www.mojekonferencje.pl\/blog\/wp-content\/uploads\/2024\/02\/5-2-768x432.jpg 768w, https:\/\/www.mojekonferencje.pl\/blog\/wp-content\/uploads\/2024\/02\/5-2-1536x864.jpg 1536w, https:\/\/www.mojekonferencje.pl\/blog\/wp-content\/uploads\/2024\/02\/5-2-640x360.jpg 640w, https:\/\/www.mojekonferencje.pl\/blog\/wp-content\/uploads\/2024\/02\/5-2-320x180.jpg 320w, https:\/\/www.mojekonferencje.pl\/blog\/wp-content\/uploads\/2024\/02\/5-2-480x270.jpg 480w, https:\/\/www.mojekonferencje.pl\/blog\/wp-content\/uploads\/2024\/02\/5-2-960x540.jpg 960w, https:\/\/www.mojekonferencje.pl\/blog\/wp-content\/uploads\/2024\/02\/5-2-1280x720.jpg 1280w, https:\/\/www.mojekonferencje.pl\/blog\/wp-content\/uploads\/2024\/02\/5-2.jpg 1600w\" sizes=\"auto\" \/><\/a><\/figure>\n\n\n\n<h2 class=\"wp-block-heading has-text-align-center has-vivid-purple-color has-text-color has-link-color wp-elements-e7c401a19c3b685f2c415d26f783c90d\"><span style=\"text-decoration: underline;\">Hotel City SM Business &amp; SPA<\/span><\/h2>\n\n\n\n<p>Jest to kolejny obiekt, reprezentuj\u0105cy <strong>3-gwiazdkowe hotele w Krakowie<\/strong>. Po\u0142o\u017cony w blisko\u015bci g\u0142\u00f3wnych tras do Zakopanego i Wieliczki, oferuje wygodny dost\u0119p zar\u00f3wno dla os\u00f3b zmotoryzowanych, jak i korzystaj\u0105cych z komunikacji miejskiej. Z 96 komfortowymi miejscami noclegowymi i 6 nowoczesnymi salami konferencyjnymi, <strong>Hotel City SM Business &amp; SPA<\/strong> stawia na komfort i profesjonalizm. Oferuje nie tylko doskona\u0142e warunki do pracy, ale tak\u017ce mo\u017cliwo\u015b\u0107 relaksu po intensywnym dniu spotka\u0144. Lokalizacja w spokojnej dzielnicy pozwala odpocz\u0105\u0107 od zgie\u0142ku miasta, jednocze\u015bnie zachowuj\u0105c \u0142atwy dost\u0119p do jego atrakcji. <\/p>\n\n\n\n<p>Przyhotelowa restauracja z ogr\u00f3dkiem letnim to doskona\u0142e miejsce na przerw\u0119 kawow\u0105 czy biznesowy lunch. Le\u015bne SPA zapewnia odpr\u0119\u017cenie i regeneracj\u0119 si\u0142 po intensywnym dniu pracy. Dla go\u015bci, kt\u00f3rzy chc\u0105 jeszcze bardziej zanurzy\u0107 si\u0119 w atmosfer\u0119 relaksu, <strong>Hotel City SM Business &amp; SPA<\/strong> oferuje pe\u0142en zakres us\u0142ug spa i wellness. Nowoczesny design obiektu, wykwalifikowany personel oraz kompleksowe zaplecze techniczne sprawiaj\u0105, \u017ce organizacja konferencji czy spotkania biznesowego w Hotel City SM Business &amp; SPA to gwarancja sukcesu.<\/p>\n\n\n\n<figure class=\"wp-block-image size-full\"><a href=\"https:\/\/www.mojekonferencje.pl\/blog\/wp-content\/uploads\/2024\/02\/6-1.jpg\"><img loading=\"lazy\" decoding=\"async\" width=\"960\" height=\"580\" src=\"https:\/\/www.mojekonferencje.pl\/blog\/wp-content\/uploads\/2024\/02\/6-1.jpg\" alt=\"\" class=\"wp-image-4737 lazyload\" data-srcset=\"https:\/\/www.mojekonferencje.pl\/blog\/wp-content\/uploads\/2024\/02\/6-1.jpg 960w, https:\/\/www.mojekonferencje.pl\/blog\/wp-content\/uploads\/2024\/02\/6-1-300x181.jpg 300w, https:\/\/www.mojekonferencje.pl\/blog\/wp-content\/uploads\/2024\/02\/6-1-768x464.jpg 768w\" sizes=\"auto\" \/><\/a><\/figure>\n\n\n\n<h2 class=\"wp-block-heading has-text-align-center has-vivid-purple-color has-text-color has-link-color wp-elements-eee587808d077eb1f267d868f8da2f7e\"><span style=\"text-decoration: underline;\"><a href=\"https:\/\/www.mojekonferencje.pl\/krakow\/hotel-lavender\">Hotel Lavender<\/a><\/span><\/h2>\n\n\n\n<p>To nowoczesny, <strong>trzygwiazdkowy hotel w Krakowie<\/strong>, zlokalizowany w zabytkowej kamienicy w samym sercu miasta. Odrestaurowany budynek, rozmieszczony na czterech pi\u0119trach, zachwyca oryginalnym, minimalistycznym wystrojem, harmonijnie \u0142\u0105cz\u0105c nowoczesno\u015b\u0107 z przedwojennym klimatem. Zaledwie kilka krok\u00f3w od hotelu znajduje si\u0119 wej\u015bcie do historycznej cz\u0119\u015bci Krakowa. Dodatkowo w zaledwie 7 minut mo\u017cna dotrze\u0107 na Rynek G\u0142\u00f3wny. <strong>Hotel Lavender <\/strong>to nie tylko doskona\u0142a lokalizacja, lecz r\u00f3wnie\u017c reprezentatywny styl lifestylowy, kt\u00f3ry odzwierciedla si\u0119 w unikalnych i oryginalnych wn\u0119trzach. <\/p>\n\n\n\n<p>Go\u015bcie mog\u0105 cieszy\u0107 si\u0119 komfortowymi, klimatyzowanymi pokojami, funkcjonalnymi salami szkoleniowymi oraz wykwintn\u0105 kuchni\u0105 Restauracji Pestka Awokado. Trzy kameralne sale szkoleniowe stanowi\u0105 idealne przestrzenie do zorganizowania spotka\u0144 biznesowych w intymnej atmosferze. <strong>Hotel Lavender<\/strong> oferuje nie tylko profesjonalne sale konferencyjne. Go\u015bcie maj\u0105 tak\u017ce mo\u017cliwo\u015b\u0107 korzystania z przestrzeni do prowadzenia rozm\u00f3w kwalifikacyjnych, warsztat\u00f3w czy szkole\u0144. Cisza i poczucie intymno\u015bci s\u0105 gwarantowane, co umo\u017cliwia pe\u0142ne skupienie si\u0119 na zadaniach zawodowych. Je\u015bli szukasz miejsca, kt\u00f3re wyr\u00f3\u017cnia si\u0119 stylem, komfortem i profesjonalizmem, <strong>Hotel Lavender <\/strong>to doskona\u0142y wyb\u00f3r dla Twojego spotkania!<\/p>\n\n\n\n<figure class=\"wp-block-image size-full\"><a href=\"https:\/\/www.mojekonferencje.pl\/blog\/wp-content\/uploads\/2024\/02\/7-2.jpg\"><img loading=\"lazy\" decoding=\"async\" width=\"960\" height=\"580\" src=\"https:\/\/www.mojekonferencje.pl\/blog\/wp-content\/uploads\/2024\/02\/7-2.jpg\" alt=\"\" class=\"wp-image-4738 lazyload\" data-srcset=\"https:\/\/www.mojekonferencje.pl\/blog\/wp-content\/uploads\/2024\/02\/7-2.jpg 960w, https:\/\/www.mojekonferencje.pl\/blog\/wp-content\/uploads\/2024\/02\/7-2-300x181.jpg 300w, https:\/\/www.mojekonferencje.pl\/blog\/wp-content\/uploads\/2024\/02\/7-2-768x464.jpg 768w\" sizes=\"auto\" \/><\/a><\/figure>\n\n\n\n<h2 class=\"wp-block-heading has-text-align-center has-vivid-purple-color has-text-color has-link-color wp-elements-9de12cc7ef2a72be4854fa023aec58ba\"><a href=\"https:\/\/www.mojekonferencje.pl\/krakow\/hotel-galicya\"><span style=\"text-decoration: underline;\">Hotel Galicya<\/span><\/a><\/h2>\n\n\n\n<p>Ten hotel usytuowany zaledwie 3 km od serca Krakowa, to idealne miejsce do zorganizowania konferencji, szkolenia czy spotkania biznesowego. Po\u0142o\u017cony przy g\u0142\u00f3wnych drogach dojazdowych z Zakopanego, Wieliczki i Katowic, gwarantuje wygodny dost\u0119p dla go\u015bci indywidualnych i grup wycieczkowych. Z 161 miejscami noclegowymi w 63 pokojach STANDARD, PREMIUM i SUPERIOR, <strong>Hotel Galicya<\/strong> oferuje r\u00f3\u017cnorodno\u015b\u0107 dostosowan\u0105 do r\u00f3\u017cnych oczekiwa\u0144. Obszerny parking zapewnia bezpieczne miejsce dla samochod\u00f3w osobowych i autokar\u00f3w turystycznych, co u\u0142atwia logistyk\u0119 i sprawia, \u017ce pobyt jest komfortowy. <\/p>\n\n\n\n<p>Na terenie obiektu czeka r\u00f3wnie\u017c klimatyzowana sala wielofunkcyjna o powierzchni 90 m2. Wyposa\u017cona jest w profesjonalne urz\u0105dzenia audio-wizualne oraz dost\u0119p do Internetu. Stanowi ona idealne miejsce do organizacji konferencji czy spotkania biznesowego. Restauracja hotelowa, mieszcz\u0105ca nawet 100 os\u00f3b, to doskona\u0142e miejsce na przerw\u0119 kawow\u0105 czy biznesowy lunch. Szeroki wyb\u00f3r wy\u015bmienitych da\u0144 kuchni polskiej i europejskiej z pewno\u015bci\u0105 zaspokoi gusta nawet najbardziej wymagaj\u0105cych go\u015bci. <strong>Hotel Galicya<\/strong> stawia na profesjonalizm, dbaj\u0105c jednocze\u015bnie o komfort i przyjemno\u015b\u0107 pobytu. Bezpo\u015brednio przy hotelu znajduje si\u0119 parking dla samochod\u00f3w osobowych i autokar\u00f3w, co sprawia, \u017ce organizacja konferencji jest jeszcze bardziej wygodna.<\/p>\n\n\n\n<figure class=\"wp-block-image size-full\"><a href=\"https:\/\/www.mojekonferencje.pl\/blog\/wp-content\/uploads\/2024\/02\/8-1.jpg\"><img loading=\"lazy\" decoding=\"async\" width=\"960\" height=\"580\" src=\"https:\/\/www.mojekonferencje.pl\/blog\/wp-content\/uploads\/2024\/02\/8-1.jpg\" alt=\"\" class=\"wp-image-4739 lazyload\" data-srcset=\"https:\/\/www.mojekonferencje.pl\/blog\/wp-content\/uploads\/2024\/02\/8-1.jpg 960w, https:\/\/www.mojekonferencje.pl\/blog\/wp-content\/uploads\/2024\/02\/8-1-300x181.jpg 300w, https:\/\/www.mojekonferencje.pl\/blog\/wp-content\/uploads\/2024\/02\/8-1-768x464.jpg 768w\" sizes=\"auto\" \/><\/a><\/figure>\n\n\n\n<h2 class=\"wp-block-heading has-text-align-center has-vivid-purple-color has-text-color has-link-color wp-elements-59093faa9cc476b4c9d9da591646bfff\"><a href=\"https:\/\/www.mojekonferencje.pl\/krakow\/hotel-wilga\"><span style=\"text-decoration: underline;\">HOTEL WILGA<\/span><\/a><\/h2>\n\n\n\n<p>To <strong>nowoczesny hotel o trzygwiazdkowym standardzie w Krakowie<\/strong>. Stanowi doskona\u0142e miejsce do zorganizowania konferencji w samym sercu miasta. Jego dogodna lokalizacja umo\u017cliwia swobodne przemieszczanie si\u0119 zar\u00f3wno po historycznej cz\u0119\u015bci Podg\u00f3rza, jak i Kazimierzu, Wawelu czy Starym Mie\u015bcie \u2013 wszystko w zasi\u0119gu spaceru. Blisko\u015b\u0107 g\u0142\u00f3wnych tras przelotowych u\u0142atwia r\u00f3wnie\u017c dost\u0119p komunikacj\u0105 miejsk\u0105 oraz samochodem. Pi\u0119\u0107 nowocze\u015bnie wyposa\u017conych sal konferencyjnych o zr\u00f3\u017cnicowanej wielko\u015bci sprawia, \u017ce <strong>Hotel Wilga <\/strong>to miejsce dostosowane do r\u00f3\u017cnych potrzeb organizator\u00f3w. <\/p>\n\n\n\n<p>Z 75 pokojami o r\u00f3\u017cnym standardzie, w tym Superior, De Luxe, Studio, przestronnym Family Room oraz 56-metrowym Apartamencie, hotel oferuje r\u00f3wnie\u017c komfortowy nocleg dla uczestnik\u00f3w wydarzenia. W klimatyzowanej sali hotelowej serwowane s\u0105 \u015bniadania w formie bufetu szwedzkiego. Dodatkowo na obiad czy kolacj\u0119 go\u015bcie mog\u0105 cieszy\u0107 si\u0119 wy\u015bmienitymi daniami kuchni staropolskiej i europejskiej oraz szerokim wyborem win z ca\u0142ego \u015bwiata. <strong>Hotel Wilga <\/strong>to nie tylko miejsce pracy, lecz tak\u017ce doskona\u0142a przestrze\u0144 do relaksu i integracji. To jedyny obiekt w Krakowie z w\u0142asn\u0105 kr\u0119gielni\u0105, gdzie organizacja spotkania firmowego z turniejem kr\u0119glowym staje si\u0119 niezapomnianym prze\u017cyciem.<\/p>\n\n\n\n<figure class=\"wp-block-image size-full\"><a href=\"https:\/\/www.mojekonferencje.pl\/blog\/wp-content\/uploads\/2024\/02\/9-1.jpg\"><img loading=\"lazy\" decoding=\"async\" width=\"960\" height=\"580\" src=\"https:\/\/www.mojekonferencje.pl\/blog\/wp-content\/uploads\/2024\/02\/9-1.jpg\" alt=\"\" class=\"wp-image-4740 lazyload\" data-srcset=\"https:\/\/www.mojekonferencje.pl\/blog\/wp-content\/uploads\/2024\/02\/9-1.jpg 960w, https:\/\/www.mojekonferencje.pl\/blog\/wp-content\/uploads\/2024\/02\/9-1-300x181.jpg 300w, https:\/\/www.mojekonferencje.pl\/blog\/wp-content\/uploads\/2024\/02\/9-1-768x464.jpg 768w\" sizes=\"auto\" \/><\/a><\/figure>\n\n\n\n<h2 class=\"wp-block-heading has-text-align-center has-vivid-purple-color has-text-color has-link-color wp-elements-e2da002b76db2517420a24bd35f143e0\"><a href=\"https:\/\/www.mojekonferencje.pl\/krakow\/downtown-krakow-hotel\"><span style=\"text-decoration: underline;\">Downtown Krak\u00f3w Hotel<\/span><\/a><\/h2>\n\n\n\n<p>Zestawienie to zamyka \u00f3w obiekt, zlokalizowany w samym sercu miasta. Jego doskona\u0142a lokalizacja pozwala na szybki dost\u0119p do g\u0142\u00f3wnych atrakcji Krakowa, co sprawia, \u017ce podr\u00f3\u017c s\u0142u\u017cbowa staje si\u0119 niepowtarzalnym do\u015bwiadczeniem. Dzi\u0119ki kompleksowemu zapleczu biznesowemu, hotel spe\u0142nia oczekiwania nawet najbardziej wymagaj\u0105cych klient\u00f3w. Nowocze\u015bnie wyposa\u017cona sala konferencyjna, zdolna pomie\u015bci\u0107 do 30 os\u00f3b, stanowi idealne miejsce do przeprowadzania szkole\u0144, konferencji i prezentacji. Sprz\u0119t multimedialny oraz profesjonalne wsparcie personelu powoduj\u0105, \u017ce praca staje si\u0119 efektywna, a przekazywanie wiedzy &#8211; skuteczne. <\/p>\n\n\n\n<p>Restauracja hotelowa to nie tylko miejsce na wy\u015bmienite \u015bniadania w formie bufetu, ale tak\u017ce kulinarne podr\u00f3\u017ce poprzez dania kuchni polskiej i mi\u0119dzynarodowej. Smakowite kompozycje potraw zachwyc\u0105 ka\u017cdego smakosza, dodaj\u0105c wyj\u0105tkowy smaczek ka\u017cdemu dniu sp\u0119dzonemu w hotelu. <strong>Downtown Krak\u00f3w Hotel <\/strong>to doskona\u0142e miejsce dla wymagaj\u0105cych klient\u00f3w. Szczeg\u00f3lnie tych, kt\u00f3rzy ceni\u0105 profesjonalizm i komfort, a tak\u017ce chc\u0105 skutecznie wypocz\u0105\u0107 po pracy.<\/p>\n\n\n\n<figure class=\"wp-block-image size-full\"><a href=\"https:\/\/www.mojekonferencje.pl\/blog\/wp-content\/uploads\/2024\/02\/10-1.jpg\"><img loading=\"lazy\" decoding=\"async\" width=\"960\" height=\"580\" src=\"https:\/\/www.mojekonferencje.pl\/blog\/wp-content\/uploads\/2024\/02\/10-1.jpg\" alt=\"\" class=\"wp-image-4741 lazyload\" data-srcset=\"https:\/\/www.mojekonferencje.pl\/blog\/wp-content\/uploads\/2024\/02\/10-1.jpg 960w, https:\/\/www.mojekonferencje.pl\/blog\/wp-content\/uploads\/2024\/02\/10-1-300x181.jpg 300w, https:\/\/www.mojekonferencje.pl\/blog\/wp-content\/uploads\/2024\/02\/10-1-768x464.jpg 768w\" sizes=\"auto\" \/><\/a><\/figure>\n\n\n\n<p><\/p>\n\n\n\n<h2 class=\"wp-block-heading has-text-align-center\"><a href=\"https:\/\/www.mojekonferencje.pl\/krakow\/w-sercu-krakowa-aparthotel\"><mark style=\"background-color:rgba(0, 0, 0, 0)\" class=\"has-inline-color has-vivid-purple-color\"><span style=\"text-decoration: underline;\">W Sercu Krakowa Aparthotel<\/span><\/mark><\/a><\/h2>\n\n\n\n<p>W sercu Krakowa, w pobli\u017cu najwa\u017cniejszych atrakcji turystycznych miasta, znajduje si\u0119 doskona\u0142e miejsce na pobyt zar\u00f3wno s\u0142u\u017cbowy, jak i wypoczynkowy. Oferuje on<strong>o komfortowe pokoje, nowoczesne zaplecze konferencyjne oraz bogat\u0105 ofert\u0119 us\u0142ug dodatkowych<\/strong>, zapewniaj\u0105c wygod\u0119 i doskona\u0142e warunki do organizacji spotka\u0144 i konferencji.<\/p>\n\n\n\n<p>Aparthotel <strong>dysponuje 31 przestronnymi pokojami, w tym 27 pokojami typu comfort, 3 apartamentami oraz przestronnym pokojem typu studio<\/strong>. Ka\u017cdy pok\u00f3j wyposa\u017cony jest w aneks kuchenny, co umo\u017cliwia samodzielne przygotowanie posi\u0142k\u00f3w.<\/p>\n\n\n\n<p>Obiekt zapewnia dogodn\u0105 lokalizacj\u0119 \u2013 zaledwie kilka krok\u00f3w od Rynku G\u0142\u00f3wnego oraz Barbakanu, co umo\u017cliwia \u0142atwy dost\u0119p do atrakcji turystycznych oraz dworca kolejowego i lotniska.<\/p>\n\n\n\n<p>Aparthotel oferuje tak\u017ce<strong> nowoczesn\u0105 sal\u0119 konferencyjn\u0105<\/strong>, idealn\u0105 do organizacji spotka\u0144, szkole\u0144 czy warsztat\u00f3w. Sala wyposa\u017cona jest w profesjonalne nag\u0142o\u015bnienie, telewizor oraz rzutnik multimedialny, a jej du\u017ce okna zapewniaj\u0105 dost\u0119p do naturalnego \u015bwiat\u0142a. Zapewnia doskona\u0142e warunki do pracy w ma\u0142ych i \u015brednich grupach (<strong>do 35 os\u00f3b<\/strong>).<\/p>\n\n\n\n<p>Go\u015bcie mog\u0105 korzysta\u0107 tak\u017ce z dodatkowych us\u0142ug, takich jak<strong> bogate \u015bniadania, przerwy kawowe z przek\u0105skami, a tak\u017ce mo\u017cliwo\u015b\u0107 zam\u00f3wienia lunch\u00f3w i kolacji biznesowych<\/strong>. Menu jest dostosowane do indywidualnych potrzeb, w tym opcji wegetaria\u0144skich, wega\u0144skich oraz bezglutenowych.<\/p>\n\n\n\n<p>Dzi\u0119ki centralnej lokalizacji, komfortowym pokojom i wszechstronnej ofercie, obiekt stanowi idealne miejsce na organizacj\u0119 spotka\u0144 biznesowych i przyjemny wypoczynek w Krakowie.<\/p>\n\n\n\n<figure class=\"wp-block-gallery has-nested-images columns-default is-cropped wp-block-gallery-1 is-layout-flex wp-block-gallery-is-layout-flex\">\n<figure class=\"wp-block-image size-full\"><a href=\"https:\/\/www.mojekonferencje.pl\/blog\/wp-content\/uploads\/2024\/01\/dsc9942-960x580-1.webp\"><img loading=\"lazy\" decoding=\"async\" width=\"960\" height=\"580\" data-id=\"6735\" src=\"https:\/\/www.mojekonferencje.pl\/blog\/wp-content\/uploads\/2024\/01\/dsc9942-960x580-1.webp\" alt=\"\" class=\"wp-image-6735 lazyload\" data-srcset=\"https:\/\/www.mojekonferencje.pl\/blog\/wp-content\/uploads\/2024\/01\/dsc9942-960x580-1.webp 960w, https:\/\/www.mojekonferencje.pl\/blog\/wp-content\/uploads\/2024\/01\/dsc9942-960x580-1-300x181.webp 300w, https:\/\/www.mojekonferencje.pl\/blog\/wp-content\/uploads\/2024\/01\/dsc9942-960x580-1-768x464.webp 768w\" sizes=\"auto\" \/><\/a><\/figure>\n<\/figure>\n","protected":false},"excerpt":{"rendered":"<p>Odkryj wyj\u0105tkowy komfort i profesjonalizm w 3-gwiazdkowych hotelach w Krakowie. Zaprezentowane miejsca nie tylko zapewniaj\u0105 atmosfer\u0119 pe\u0142n\u0105 elegancji, lecz tak\u017ce spe\u0142niaj\u0105 potrzeby podr\u00f3\u017cuj\u0105cych biznesowo.<\/p>\n","protected":false},"author":9,"featured_media":4731,"comment_status":"closed","ping_status":"closed","sticky":false,"template":"","format":"standard","meta":{"_acf_changed":false,"footnotes":""},"categories":[175],"tags":[368,367,271,29],"class_list":["post-4730","post","type-post","status-publish","format-standard","has-post-thumbnail","hentry","category-wybieranie-miejsca-konferencyjnego","tag-hotel","tag-hotele","tag-hotele-konferencyjne","tag-krakow"],"acf":[],"yoast_head":"<!-- This site is optimized with the Yoast SEO plugin v27.1.1 - https:\/\/yoast.com\/product\/yoast-seo-wordpress\/ -->\n<title>3-gwiazdkowe hotele w Krakowie - blog | MojeKonferencje.pl<\/title>\n<meta name=\"description\" content=\"3-gwiazdkowe hotele w Krakowie - blog | MojeKonferencje.pl\" \/>\n<meta name=\"robots\" content=\"index, follow, max-snippet:-1, max-image-preview:large, max-video-preview:-1\" \/>\n<link rel=\"canonical\" href=\"https:\/\/www.mojekonferencje.pl\/blog\/3-gwiazdkowe-hotele-w-krakowie\/\" \/>\n<meta property=\"og:locale\" content=\"pl_PL\" \/>\n<meta property=\"og:type\" content=\"article\" \/>\n<meta property=\"og:title\" content=\"3-gwiazdkowe hotele w Krakowie - blog | MojeKonferencje.pl\" \/>\n<meta property=\"og:description\" content=\"3-gwiazdkowe hotele w Krakowie - blog | MojeKonferencje.pl\" \/>\n<meta property=\"og:url\" content=\"https:\/\/www.mojekonferencje.pl\/blog\/3-gwiazdkowe-hotele-w-krakowie\/\" \/>\n<meta property=\"og:site_name\" content=\"MojeKonferencje.pl\" \/>\n<meta property=\"article:published_time\" content=\"2024-01-29T16:33:10+00:00\" \/>\n<meta property=\"article:modified_time\" content=\"2025-04-28T08:40:51+00:00\" \/>\n<meta property=\"og:image\" content=\"https:\/\/www.mojekonferencje.pl\/blog\/wp-content\/uploads\/2024\/02\/Fotoram.io-58.jpg\" \/>\n\t<meta property=\"og:image:width\" content=\"1200\" \/>\n\t<meta property=\"og:image:height\" content=\"720\" \/>\n\t<meta property=\"og:image:type\" content=\"image\/jpeg\" \/>\n<meta name=\"author\" content=\"Olga Stawicka-Iwanowska\" \/>\n<meta name=\"twitter:card\" content=\"summary_large_image\" \/>\n<meta name=\"twitter:label1\" content=\"Napisane przez\" \/>\n\t<meta name=\"twitter:data1\" content=\"Olga Stawicka-Iwanowska\" \/>\n\t<meta name=\"twitter:label2\" content=\"Szacowany czas czytania\" \/>\n\t<meta name=\"twitter:data2\" content=\"14 minut\" \/>\n<script type=\"application\/ld+json\" class=\"yoast-schema-graph\">{\"@context\":\"https:\/\/schema.org\",\"@graph\":[{\"@type\":\"Article\",\"@id\":\"https:\/\/www.mojekonferencje.pl\/blog\/3-gwiazdkowe-hotele-w-krakowie\/#article\",\"isPartOf\":{\"@id\":\"https:\/\/www.mojekonferencje.pl\/blog\/3-gwiazdkowe-hotele-w-krakowie\/\"},\"author\":{\"name\":\"Olga Stawicka-Iwanowska\",\"@id\":\"https:\/\/www.mojekonferencje.pl\/blog\/#\/schema\/person\/d6751ca3c60de9ec17ee21b744bbb2d4\"},\"headline\":\"3-gwiazdkowe hotele w Krakowie\",\"datePublished\":\"2024-01-29T16:33:10+00:00\",\"dateModified\":\"2025-04-28T08:40:51+00:00\",\"mainEntityOfPage\":{\"@id\":\"https:\/\/www.mojekonferencje.pl\/blog\/3-gwiazdkowe-hotele-w-krakowie\/\"},\"wordCount\":2115,\"image\":{\"@id\":\"https:\/\/www.mojekonferencje.pl\/blog\/3-gwiazdkowe-hotele-w-krakowie\/#primaryimage\"},\"thumbnailUrl\":\"https:\/\/www.mojekonferencje.pl\/blog\/wp-content\/uploads\/2024\/02\/Fotoram.io-58.jpg\",\"keywords\":[\"hotel\",\"hotele\",\"hotele konferencyjne\",\"Krak\u00f3w\"],\"articleSection\":[\"Wybieranie miejsca konferencyjnego\"],\"inLanguage\":\"pl-PL\"},{\"@type\":\"WebPage\",\"@id\":\"https:\/\/www.mojekonferencje.pl\/blog\/3-gwiazdkowe-hotele-w-krakowie\/\",\"url\":\"https:\/\/www.mojekonferencje.pl\/blog\/3-gwiazdkowe-hotele-w-krakowie\/\",\"name\":\"3-gwiazdkowe hotele w Krakowie - blog | MojeKonferencje.pl\",\"isPartOf\":{\"@id\":\"https:\/\/www.mojekonferencje.pl\/blog\/#website\"},\"primaryImageOfPage\":{\"@id\":\"https:\/\/www.mojekonferencje.pl\/blog\/3-gwiazdkowe-hotele-w-krakowie\/#primaryimage\"},\"image\":{\"@id\":\"https:\/\/www.mojekonferencje.pl\/blog\/3-gwiazdkowe-hotele-w-krakowie\/#primaryimage\"},\"thumbnailUrl\":\"https:\/\/www.mojekonferencje.pl\/blog\/wp-content\/uploads\/2024\/02\/Fotoram.io-58.jpg\",\"datePublished\":\"2024-01-29T16:33:10+00:00\",\"dateModified\":\"2025-04-28T08:40:51+00:00\",\"author\":{\"@id\":\"https:\/\/www.mojekonferencje.pl\/blog\/#\/schema\/person\/d6751ca3c60de9ec17ee21b744bbb2d4\"},\"description\":\"3-gwiazdkowe hotele w Krakowie - blog | MojeKonferencje.pl\",\"breadcrumb\":{\"@id\":\"https:\/\/www.mojekonferencje.pl\/blog\/3-gwiazdkowe-hotele-w-krakowie\/#breadcrumb\"},\"inLanguage\":\"pl-PL\",\"potentialAction\":[{\"@type\":\"ReadAction\",\"target\":[\"https:\/\/www.mojekonferencje.pl\/blog\/3-gwiazdkowe-hotele-w-krakowie\/\"]}]},{\"@type\":\"ImageObject\",\"inLanguage\":\"pl-PL\",\"@id\":\"https:\/\/www.mojekonferencje.pl\/blog\/3-gwiazdkowe-hotele-w-krakowie\/#primaryimage\",\"url\":\"https:\/\/www.mojekonferencje.pl\/blog\/wp-content\/uploads\/2024\/02\/Fotoram.io-58.jpg\",\"contentUrl\":\"https:\/\/www.mojekonferencje.pl\/blog\/wp-content\/uploads\/2024\/02\/Fotoram.io-58.jpg\",\"width\":1200,\"height\":720},{\"@type\":\"BreadcrumbList\",\"@id\":\"https:\/\/www.mojekonferencje.pl\/blog\/3-gwiazdkowe-hotele-w-krakowie\/#breadcrumb\",\"itemListElement\":[{\"@type\":\"ListItem\",\"position\":1,\"name\":\"Strona g\u0142\u00f3wna\",\"item\":\"https:\/\/www.mojekonferencje.pl\/blog\/\"},{\"@type\":\"ListItem\",\"position\":2,\"name\":\"3-gwiazdkowe hotele w Krakowie\"}]},{\"@type\":\"WebSite\",\"@id\":\"https:\/\/www.mojekonferencje.pl\/blog\/#website\",\"url\":\"https:\/\/www.mojekonferencje.pl\/blog\/\",\"name\":\"MojeKonferencje.pl\",\"description\":\"Blog bran\u017cy szkoleniowo-konferencyjnej. W\u0142\u0105cz si\u0119 do dyskusji o obiektach konferencyjnych i nowo\u015bciach z bran\u017cy! Poznaj porady odno\u015bnie organizacji konferencji, szkole\u0144 i event\u00f3w firmowych! Zach\u0119camy do wyra\u017cania opinii oraz komentarzy.\",\"potentialAction\":[{\"@type\":\"SearchAction\",\"target\":{\"@type\":\"EntryPoint\",\"urlTemplate\":\"https:\/\/www.mojekonferencje.pl\/blog\/?s={search_term_string}\"},\"query-input\":{\"@type\":\"PropertyValueSpecification\",\"valueRequired\":true,\"valueName\":\"search_term_string\"}}],\"inLanguage\":\"pl-PL\"},{\"@type\":\"Person\",\"@id\":\"https:\/\/www.mojekonferencje.pl\/blog\/#\/schema\/person\/d6751ca3c60de9ec17ee21b744bbb2d4\",\"name\":\"Olga Stawicka-Iwanowska\",\"description\":\"Head of Marketing z ponad sze\u015bcioletnim do\u015bwiadczeniem w bran\u017cy MICE. Na co dzie\u0144 zajmuje si\u0119 content marketingiem i promocj\u0105 obiekt\u00f3w eventowych, tak aby organizatorzy kongres\u00f3w, targ\u00f3w i konferencji wiedzieli, \u017ce w\u0142a\u015bnie tam warto zrealizowa\u0107 swoje wydarzenie. Prowadzi media spo\u0142eczno\u015bciowe, tworzy strategie komunikacji, pisze artyku\u0142y i dba o sp\u00f3jny wizerunek marki w ka\u017cdym kanale. W swojej pracy \u0142\u0105czy analityczne my\u015blenie z kreatywno\u015bci\u0105 i dobrym copy. Wsp\u00f3\u0142pracuje zar\u00f3wno z organizatorami najwi\u0119kszych wydarze\u0144 w Polsce, jak i z regionalnymi partnerami z bran\u017cy. Po godzinach mi\u0142o\u015bniczka podr\u00f3\u017cy po Europie, dobrej kuchni i klimatycznych miejsc, w kt\u00f3rych mo\u017cna z\u0142apa\u0107 oddech.\",\"sameAs\":[\"http:\/\/MojeKonferencje.pl\",\"https:\/\/www.linkedin.com\/in\/olgastawicka\/\"],\"url\":\"https:\/\/www.mojekonferencje.pl\/blog\/author\/osawicka\/\"}]}<\/script>\n<!-- \/ Yoast SEO plugin. -->","yoast_head_json":{"title":"3-gwiazdkowe hotele w Krakowie - blog | MojeKonferencje.pl","description":"3-gwiazdkowe hotele w Krakowie - blog | MojeKonferencje.pl","robots":{"index":"index","follow":"follow","max-snippet":"max-snippet:-1","max-image-preview":"max-image-preview:large","max-video-preview":"max-video-preview:-1"},"canonical":"https:\/\/www.mojekonferencje.pl\/blog\/3-gwiazdkowe-hotele-w-krakowie\/","og_locale":"pl_PL","og_type":"article","og_title":"3-gwiazdkowe hotele w Krakowie - blog | MojeKonferencje.pl","og_description":"3-gwiazdkowe hotele w Krakowie - blog | MojeKonferencje.pl","og_url":"https:\/\/www.mojekonferencje.pl\/blog\/3-gwiazdkowe-hotele-w-krakowie\/","og_site_name":"MojeKonferencje.pl","article_published_time":"2024-01-29T16:33:10+00:00","article_modified_time":"2025-04-28T08:40:51+00:00","og_image":[{"width":1200,"height":720,"url":"https:\/\/www.mojekonferencje.pl\/blog\/wp-content\/uploads\/2024\/02\/Fotoram.io-58.jpg","type":"image\/jpeg"}],"author":"Olga Stawicka-Iwanowska","twitter_card":"summary_large_image","twitter_misc":{"Napisane przez":"Olga Stawicka-Iwanowska","Szacowany czas czytania":"14 minut"},"schema":{"@context":"https:\/\/schema.org","@graph":[{"@type":"Article","@id":"https:\/\/www.mojekonferencje.pl\/blog\/3-gwiazdkowe-hotele-w-krakowie\/#article","isPartOf":{"@id":"https:\/\/www.mojekonferencje.pl\/blog\/3-gwiazdkowe-hotele-w-krakowie\/"},"author":{"name":"Olga Stawicka-Iwanowska","@id":"https:\/\/www.mojekonferencje.pl\/blog\/#\/schema\/person\/d6751ca3c60de9ec17ee21b744bbb2d4"},"headline":"3-gwiazdkowe hotele w Krakowie","datePublished":"2024-01-29T16:33:10+00:00","dateModified":"2025-04-28T08:40:51+00:00","mainEntityOfPage":{"@id":"https:\/\/www.mojekonferencje.pl\/blog\/3-gwiazdkowe-hotele-w-krakowie\/"},"wordCount":2115,"image":{"@id":"https:\/\/www.mojekonferencje.pl\/blog\/3-gwiazdkowe-hotele-w-krakowie\/#primaryimage"},"thumbnailUrl":"https:\/\/www.mojekonferencje.pl\/blog\/wp-content\/uploads\/2024\/02\/Fotoram.io-58.jpg","keywords":["hotel","hotele","hotele konferencyjne","Krak\u00f3w"],"articleSection":["Wybieranie miejsca konferencyjnego"],"inLanguage":"pl-PL"},{"@type":"WebPage","@id":"https:\/\/www.mojekonferencje.pl\/blog\/3-gwiazdkowe-hotele-w-krakowie\/","url":"https:\/\/www.mojekonferencje.pl\/blog\/3-gwiazdkowe-hotele-w-krakowie\/","name":"3-gwiazdkowe hotele w Krakowie - blog | MojeKonferencje.pl","isPartOf":{"@id":"https:\/\/www.mojekonferencje.pl\/blog\/#website"},"primaryImageOfPage":{"@id":"https:\/\/www.mojekonferencje.pl\/blog\/3-gwiazdkowe-hotele-w-krakowie\/#primaryimage"},"image":{"@id":"https:\/\/www.mojekonferencje.pl\/blog\/3-gwiazdkowe-hotele-w-krakowie\/#primaryimage"},"thumbnailUrl":"https:\/\/www.mojekonferencje.pl\/blog\/wp-content\/uploads\/2024\/02\/Fotoram.io-58.jpg","datePublished":"2024-01-29T16:33:10+00:00","dateModified":"2025-04-28T08:40:51+00:00","author":{"@id":"https:\/\/www.mojekonferencje.pl\/blog\/#\/schema\/person\/d6751ca3c60de9ec17ee21b744bbb2d4"},"description":"3-gwiazdkowe hotele w Krakowie - blog | MojeKonferencje.pl","breadcrumb":{"@id":"https:\/\/www.mojekonferencje.pl\/blog\/3-gwiazdkowe-hotele-w-krakowie\/#breadcrumb"},"inLanguage":"pl-PL","potentialAction":[{"@type":"ReadAction","target":["https:\/\/www.mojekonferencje.pl\/blog\/3-gwiazdkowe-hotele-w-krakowie\/"]}]},{"@type":"ImageObject","inLanguage":"pl-PL","@id":"https:\/\/www.mojekonferencje.pl\/blog\/3-gwiazdkowe-hotele-w-krakowie\/#primaryimage","url":"https:\/\/www.mojekonferencje.pl\/blog\/wp-content\/uploads\/2024\/02\/Fotoram.io-58.jpg","contentUrl":"https:\/\/www.mojekonferencje.pl\/blog\/wp-content\/uploads\/2024\/02\/Fotoram.io-58.jpg","width":1200,"height":720},{"@type":"BreadcrumbList","@id":"https:\/\/www.mojekonferencje.pl\/blog\/3-gwiazdkowe-hotele-w-krakowie\/#breadcrumb","itemListElement":[{"@type":"ListItem","position":1,"name":"Strona g\u0142\u00f3wna","item":"https:\/\/www.mojekonferencje.pl\/blog\/"},{"@type":"ListItem","position":2,"name":"3-gwiazdkowe hotele w Krakowie"}]},{"@type":"WebSite","@id":"https:\/\/www.mojekonferencje.pl\/blog\/#website","url":"https:\/\/www.mojekonferencje.pl\/blog\/","name":"MojeKonferencje.pl","description":"Blog bran\u017cy szkoleniowo-konferencyjnej. W\u0142\u0105cz si\u0119 do dyskusji o obiektach konferencyjnych i nowo\u015bciach z bran\u017cy! Poznaj porady odno\u015bnie organizacji konferencji, szkole\u0144 i event\u00f3w firmowych! Zach\u0119camy do wyra\u017cania opinii oraz komentarzy.","potentialAction":[{"@type":"SearchAction","target":{"@type":"EntryPoint","urlTemplate":"https:\/\/www.mojekonferencje.pl\/blog\/?s={search_term_string}"},"query-input":{"@type":"PropertyValueSpecification","valueRequired":true,"valueName":"search_term_string"}}],"inLanguage":"pl-PL"},{"@type":"Person","@id":"https:\/\/www.mojekonferencje.pl\/blog\/#\/schema\/person\/d6751ca3c60de9ec17ee21b744bbb2d4","name":"Olga Stawicka-Iwanowska","description":"Head of Marketing z ponad sze\u015bcioletnim do\u015bwiadczeniem w bran\u017cy MICE. Na co dzie\u0144 zajmuje si\u0119 content marketingiem i promocj\u0105 obiekt\u00f3w eventowych, tak aby organizatorzy kongres\u00f3w, targ\u00f3w i konferencji wiedzieli, \u017ce w\u0142a\u015bnie tam warto zrealizowa\u0107 swoje wydarzenie. Prowadzi media spo\u0142eczno\u015bciowe, tworzy strategie komunikacji, pisze artyku\u0142y i dba o sp\u00f3jny wizerunek marki w ka\u017cdym kanale. W swojej pracy \u0142\u0105czy analityczne my\u015blenie z kreatywno\u015bci\u0105 i dobrym copy. Wsp\u00f3\u0142pracuje zar\u00f3wno z organizatorami najwi\u0119kszych wydarze\u0144 w Polsce, jak i z regionalnymi partnerami z bran\u017cy. Po godzinach mi\u0142o\u015bniczka podr\u00f3\u017cy po Europie, dobrej kuchni i klimatycznych miejsc, w kt\u00f3rych mo\u017cna z\u0142apa\u0107 oddech.","sameAs":["http:\/\/MojeKonferencje.pl","https:\/\/www.linkedin.com\/in\/olgastawicka\/"],"url":"https:\/\/www.mojekonferencje.pl\/blog\/author\/osawicka\/"}]}},"_links":{"self":[{"href":"https:\/\/www.mojekonferencje.pl\/blog\/wp-json\/wp\/v2\/posts\/4730","targetHints":{"allow":["GET"]}}],"collection":[{"href":"https:\/\/www.mojekonferencje.pl\/blog\/wp-json\/wp\/v2\/posts"}],"about":[{"href":"https:\/\/www.mojekonferencje.pl\/blog\/wp-json\/wp\/v2\/types\/post"}],"author":[{"embeddable":true,"href":"https:\/\/www.mojekonferencje.pl\/blog\/wp-json\/wp\/v2\/users\/9"}],"replies":[{"embeddable":true,"href":"https:\/\/www.mojekonferencje.pl\/blog\/wp-json\/wp\/v2\/comments?post=4730"}],"version-history":[{"count":3,"href":"https:\/\/www.mojekonferencje.pl\/blog\/wp-json\/wp\/v2\/posts\/4730\/revisions"}],"predecessor-version":[{"id":6737,"href":"https:\/\/www.mojekonferencje.pl\/blog\/wp-json\/wp\/v2\/posts\/4730\/revisions\/6737"}],"wp:featuredmedia":[{"embeddable":true,"href":"https:\/\/www.mojekonferencje.pl\/blog\/wp-json\/wp\/v2\/media\/4731"}],"wp:attachment":[{"href":"https:\/\/www.mojekonferencje.pl\/blog\/wp-json\/wp\/v2\/media?parent=4730"}],"wp:term":[{"taxonomy":"category","embeddable":true,"href":"https:\/\/www.mojekonferencje.pl\/blog\/wp-json\/wp\/v2\/categories?post=4730"},{"taxonomy":"post_tag","embeddable":true,"href":"https:\/\/www.mojekonferencje.pl\/blog\/wp-json\/wp\/v2\/tags?post=4730"}],"curies":[{"name":"wp","href":"https:\/\/api.w.org\/{rel}","templated":true}]}}