{"id":4744,"date":"2024-01-30T19:53:00","date_gmt":"2024-01-30T17:53:00","guid":{"rendered":"https:\/\/www.mojekonferencje.pl\/blog\/?p=4744"},"modified":"2024-05-07T11:48:19","modified_gmt":"2024-05-07T09:48:19","slug":"3-gwiazdkowe-hotele-we-wroclawiu","status":"publish","type":"post","link":"https:\/\/www.mojekonferencje.pl\/blog\/3-gwiazdkowe-hotele-we-wroclawiu\/","title":{"rendered":"3-gwiazdkowe hotele we Wroc\u0142awiu"},"content":{"rendered":"\n<p><strong>Wroc\u0142aw, miasto bogate w histori\u0119, kultur\u0119 i dynamiczny rozw\u00f3j gospodarczy, przyci\u0105ga nie tylko turyst\u00f3w poszukuj\u0105cych uroku starego miasta, ale tak\u017ce biznesmen\u00f3w i organizator\u00f3w konferencji szukaj\u0105cych idealnego miejsca do spotka\u0144 biznesowych i szkole\u0144. W tej pulsuj\u0105cej metropolii znajduje si\u0119 wiele hoteli, kt\u00f3re nie tylko zapewniaj\u0105 komfortowe noclegi, ale tak\u017ce oferuj\u0105 doskona\u0142e warunki do organizacji konferencji i szkole\u0144. W\u015br\u00f3d nich wyr\u00f3\u017cniaj\u0105 si\u0119 szczeg\u00f3lnie 3-gwiazdkowe hotele, kt\u00f3re w swojej ofercie posiadaj\u0105 nowoczesne sale konferencyjne i szkoleniowe, zapewniaj\u0105c profesjonaln\u0105 obs\u0142ug\u0119 oraz inspiruj\u0105c\u0105 atmosfer\u0119. <\/strong><\/p>\n\n\n\n<p>W tym artykule przyjrzymy si\u0119 dok\u0142adniej wybranym<strong> 3-gwiazdkowym hotelom we Wroc\u0142awiu<\/strong>. Wska\u017cemy ich unikalne cechy, bogat\u0105 ofert\u0119 oraz udowodnimy, dlaczego s\u0105 one idealnym wyborem dla os\u00f3b poszukuj\u0105cych doskona\u0142ego po\u0142\u0105czenia komfortu, profesjonalizmu i inspiruj\u0105cej atmosfery podczas spotka\u0144 biznesowych. <\/p>\n\n\n\n<p>Zosta\u0144 z nami i poznaj<a href=\"https:\/\/www.mojekonferencje.pl\/sale-konferencyjne-wroclaw\"> hotele na konferencje we Wroc\u0142awiu<\/a>, takie jak:<\/p>\n\n\n\n<figure class=\"wp-block-table\"><table><tbody><tr><td><a href=\"https:\/\/www.mojekonferencje.pl\/wroclaw\/stara-garbarnia\">Stara Garbarnia<\/a><\/td><td><a href=\"https:\/\/www.mojekonferencje.pl\/wroclaw\/hotel-europejski-wroclaw\">Hotel Europejski Wroc\u0142aw<\/a><\/td><\/tr><tr><td><a href=\"https:\/\/www.mojekonferencje.pl\/wroclaw\/hotel-slask\">Hotel \u015al\u0105sk<\/a><\/td><td><a href=\"https:\/\/www.mojekonferencje.pl\/wroclaw\/hala-orbita\">Hala Orbita i Hotel<\/a><\/td><\/tr><tr><td><a href=\"https:\/\/www.mojekonferencje.pl\/wroclaw\/hotel-gem\">Hotel GEM<\/a><\/td><td><a href=\"https:\/\/www.mojekonferencje.pl\/wroclaw\/hotel-bacero\">Hotel Bacero<\/a><\/td><\/tr><tr><td><a href=\"https:\/\/www.mojekonferencje.pl\/wroclaw\/hotel-sleep\">Hotel Sleep<\/a><\/td><td><a href=\"https:\/\/www.mojekonferencje.pl\/wroclaw\/hotel-europeum\">Hotel Europeum<\/a><\/td><\/tr><tr><td><a href=\"https:\/\/www.mojekonferencje.pl\/wroclaw\/ibis-styles-wroclaw-centrum\">Ibis Styles Wroc\u0142aw Centrum<\/a><\/td><td><a href=\"https:\/\/www.mojekonferencje.pl\/wroclaw\/hotel-eclipse\">Hotel Eclipse<\/a><\/td><\/tr><\/tbody><\/table><\/figure>\n\n\n\n<h2 class=\"wp-block-heading has-text-align-center has-vivid-purple-color has-text-color has-link-color wp-elements-8927e5ee6621fc36bc33bc9bec93d935\"><a href=\"https:\/\/www.mojekonferencje.pl\/wroclaw\/stara-garbarnia\"><span style=\"text-decoration: underline;\">Stara Garbarnia<\/span><\/a><\/h2>\n\n\n\n<p>Ten<strong> 3-gwiazdkowy hotel we Wroc\u0142awiu<\/strong>, po\u0142o\u017cony zaledwie 15 minut od centrum miasta, oferuje idealn\u0105 przestrze\u0144 do organizacji konferencji, szkole\u0144 i innych wydarze\u0144 biznesowych. Na terenie kompleksu znajduj\u0105 si\u0119 przestronne sale bankietowo-konferencyjne, kt\u00f3re s\u0105 idealne zar\u00f3wno dla du\u017cych kongres\u00f3w, jak i kameralnych narad. Wyr\u00f3\u017cniaj\u0105 si\u0119 one jasnym wn\u0119trzem, dost\u0119pem do naturalnego \u015bwiat\u0142a oraz klimatyzacj\u0105, zapewniaj\u0105c komfortowe warunki pracy przez ca\u0142y dzie\u0144. <\/p>\n\n\n\n<p>Jednak atuty obiektu to nie tylko doskona\u0142e sale konferencyjne. Jego kuchnia to prawdziwa uczta dla podniebienia, \u0142\u0105cz\u0105ca tradycyjne smaki z nowoczesnymi inspiracjami. Hotel po intensywnym dniu pracy zapewnia tak\u017ce 74 komfortowe miejsca noclegowe, kt\u00f3re gwarantuj\u0105 regeneruj\u0105cy sen i pe\u0142ny wypoczynek. Dodatkowo go\u015bcie biznesowi mog\u0105 skorzysta\u0107 z r\u00f3\u017cnorodnych dodatkowych us\u0142ug, takich jak catering czy przerwy kawowe, kt\u00f3re uatrakcyjni\u0105 ka\u017cde wydarzenie.<\/p>\n\n\n\n<figure class=\"wp-block-image size-large\"><a href=\"https:\/\/www.mojekonferencje.pl\/blog\/wp-content\/uploads\/2024\/02\/1-2.jpg\"><img loading=\"lazy\" decoding=\"async\" width=\"1024\" height=\"527\" src=\"https:\/\/www.mojekonferencje.pl\/blog\/wp-content\/uploads\/2024\/02\/1-2-1024x527.jpg\" alt=\"\" class=\"wp-image-4746 lazyload\" data-srcset=\"https:\/\/www.mojekonferencje.pl\/blog\/wp-content\/uploads\/2024\/02\/1-2-1024x527.jpg 1024w, https:\/\/www.mojekonferencje.pl\/blog\/wp-content\/uploads\/2024\/02\/1-2-300x154.jpg 300w, https:\/\/www.mojekonferencje.pl\/blog\/wp-content\/uploads\/2024\/02\/1-2-768x395.jpg 768w, https:\/\/www.mojekonferencje.pl\/blog\/wp-content\/uploads\/2024\/02\/1-2.jpg 1360w\" sizes=\"auto\" \/><\/a><\/figure>\n\n\n\n<h2 class=\"wp-block-heading has-text-align-center has-vivid-purple-color has-text-color has-link-color wp-elements-bd26d36a7223cc4b9a07b4e21f7e2bd7\"><a href=\"https:\/\/www.mojekonferencje.pl\/wroclaw\/hotel-slask\"><span style=\"text-decoration: underline;\">Hotel \u015al\u0105sk<\/span><\/a><\/h2>\n\n\n\n<p>Jest to <strong>hotel o 3-gwiazdkowym standardzie we Wroc\u0142awiu<\/strong>, po\u0142o\u017cony w cichej i spokojnej okolicy w centrum miasta, co gwarantuje komfortowy wypoczynek po intensywnym dniu pracy. Jednocze\u015bnie, dzi\u0119ki doskona\u0142ej lokalizacji, \u0142atwo dotrze\u0107 st\u0105d do najwa\u017cniejszych miejsc i atrakcji Wroc\u0142awia, takich jak Rynek, Port Lotniczy czy Panorama Rac\u0142awicka. W Hotelu \u015al\u0105sk znajdziesz wszystko, czego potrzebujesz. Nowoczesne, wygodne i jasne wn\u0119trza obiektu zapewniaj\u0105 idealne warunki zar\u00f3wno do pracy, jak i relaksu. <\/p>\n\n\n\n<p>Hotel oferuje nowoczesne pokoje i apartamenty zapewniaj\u0105ce ponad 100 miejsc noclegowych oraz przestronn\u0105 restauracj\u0119 serwuj\u0105c\u0105 doskona\u0142\u0105 kuchni\u0119. Eleganckie sale bankietowe i weselne pomieszcz\u0105 ponad 300 os\u00f3b, a nowoczesne sale konferencyjne i szkoleniowe z mo\u017cliwo\u015bci\u0105 dzielenia na niezale\u017cne pomieszczenia s\u0105 idealne do przeprowadzania spotka\u0144 biznesowych. Dodatkowo dla tych, kt\u00f3rzy pragn\u0105 aktywnie sp\u0119dzi\u0107 czas po pracy, przygotowano sal\u0119 fitness. Du\u017cy parking dla samochod\u00f3w i autobus\u00f3w zapewnia wygod\u0119 dla wszystkich uczestnik\u00f3w wydarzenia, a s\u0142oneczny letni taras stanowi idealne miejsce na relaksuj\u0105ce przerwy.<\/p>\n\n\n\n<figure class=\"wp-block-image size-full\"><a href=\"https:\/\/www.mojekonferencje.pl\/blog\/wp-content\/uploads\/2024\/02\/2-2.jpg\"><img loading=\"lazy\" decoding=\"async\" width=\"960\" height=\"580\" src=\"https:\/\/www.mojekonferencje.pl\/blog\/wp-content\/uploads\/2024\/02\/2-2.jpg\" alt=\"\" class=\"wp-image-4747 lazyload\" data-srcset=\"https:\/\/www.mojekonferencje.pl\/blog\/wp-content\/uploads\/2024\/02\/2-2.jpg 960w, https:\/\/www.mojekonferencje.pl\/blog\/wp-content\/uploads\/2024\/02\/2-2-300x181.jpg 300w, https:\/\/www.mojekonferencje.pl\/blog\/wp-content\/uploads\/2024\/02\/2-2-768x464.jpg 768w\" sizes=\"auto\" \/><\/a><\/figure>\n\n\n\n<h2 class=\"wp-block-heading has-text-align-center has-vivid-purple-color has-text-color has-link-color wp-elements-79e8addc31614b539d2da365d4e8401d\"><a href=\"https:\/\/www.mojekonferencje.pl\/wroclaw\/hotel-gem\"><span style=\"text-decoration: underline;\">Hotel GEM<\/span><\/a><\/h2>\n\n\n\n<p>\u00d3w <strong>trzygwiazdkowy hotel we Wroc\u0142awiu<\/strong>, po\u0142o\u017cony w malowniczej dzielnicy Zacisze, zapewnia spok\u00f3j i relaks, otoczony zieleni\u0105 i natur\u0105 Szczytnickiego Zespo\u0142u Przyrodniczo-Krajobrazowego. Ta idylliczna okolica gwarantuje cisz\u0119 i regeneracj\u0119, co pozwala go\u015bciom odpr\u0119\u017cy\u0107 si\u0119 i zapomnie\u0107 o po\u015bpiechu panuj\u0105cym w centrum miasta. Jednak\u017ce, mimo swojego urokliwego po\u0142o\u017cenia, hotel jest \u0142atwo dost\u0119pny, umo\u017cliwiaj\u0105c szybkie i bezproblemowe dotarcie zar\u00f3wno dla lokalnych mieszka\u0144c\u00f3w, jak i dla uczestnik\u00f3w konferencji z innych miejscowo\u015bci. <strong>Hotel GEM <\/strong>dba o komfort wszystkich swoich go\u015bci, dlatego jest dostosowany zar\u00f3wno dla os\u00f3b niepe\u0142nosprawnych, jak i dla rodzin z dzie\u0107mi. <\/p>\n\n\n\n<p>Jego profesjonalnie przygotowane i wyposa\u017cone zaplecze konferencyjne sk\u0142ada si\u0119 z a\u017c 11\/12 sal konferencyjnych, co zapewnia r\u00f3\u017cnorodno\u015b\u0107 i elastyczno\u015b\u0107 w organizacji spotka\u0144 biznesowych. Dodatkowo go\u015bcie mog\u0105 skorzysta\u0107 z szerokiej oferty gastronomicznej, obejmuj\u0105cej cateringu na spotkania biznesowe oraz wyborne posi\u0142ki w restauracji hotelowej \u2013 Bistro ODRANA czy Kawiarni ODRANA. Warto te\u017c doda\u0107, \u017ce rozleg\u0142e tereny zielone i ogrody, jakie otaczaj\u0105 <strong>Hotel GEM<\/strong> daj\u0105 mo\u017cliwo\u015b\u0107 organizacji piknik\u00f3w i grilli oraz bankiet\u00f3w na powietrzu. Poza tym, szeroka oferta rekreacyjna urozmaici ka\u017cd\u0105 konferencj\u0119, szkolenie czy spotkanie integracyjne.<\/p>\n\n\n\n<figure class=\"wp-block-image size-full\"><a href=\"https:\/\/www.mojekonferencje.pl\/blog\/wp-content\/uploads\/2024\/02\/3-2.jpg\"><img loading=\"lazy\" decoding=\"async\" width=\"960\" height=\"580\" src=\"https:\/\/www.mojekonferencje.pl\/blog\/wp-content\/uploads\/2024\/02\/3-2.jpg\" alt=\"\" class=\"wp-image-4748 lazyload\" data-srcset=\"https:\/\/www.mojekonferencje.pl\/blog\/wp-content\/uploads\/2024\/02\/3-2.jpg 960w, https:\/\/www.mojekonferencje.pl\/blog\/wp-content\/uploads\/2024\/02\/3-2-300x181.jpg 300w, https:\/\/www.mojekonferencje.pl\/blog\/wp-content\/uploads\/2024\/02\/3-2-768x464.jpg 768w\" sizes=\"auto\" \/><\/a><\/figure>\n\n\n\n<h2 class=\"wp-block-heading has-text-align-center has-vivid-purple-color has-text-color has-link-color wp-elements-6444d22d080f7cc52dc69451df4ad720\"><a href=\"https:\/\/www.mojekonferencje.pl\/wroclaw\/hotel-sleep\"><span style=\"text-decoration: underline;\">Hotel Sleep<\/span><\/a><\/h2>\n\n\n\n<p>Lokalizacja hotelu to jego niezaprzeczalna zaleta, oferuj\u0105ca spok\u00f3j i urok okolicy, jednocze\u015bnie zapewniaj\u0105c \u0142atwy dost\u0119p do g\u0142\u00f3wnych atrakcji miasta. Dodatkowym atutem jest odleg\u0142o\u015b\u0107 hotelu od Wroc\u0142awskiego Lotniska im. Miko\u0142aja Kopernika, kt\u00f3r\u0105 mo\u017cna pokona\u0107 w zaledwie 20 minut jazdy. Dla wygody go\u015bci istnieje r\u00f3wnie\u017c mo\u017cliwo\u015b\u0107 bezpo\u015bredniego dojazdu \u015brodkami komunikacji publicznej do \u015bcis\u0142ego centrum miasta, u\u0142atwiaj\u0105c zwiedzanie i korzystanie z atrakcji turystycznych. <\/p>\n\n\n\n<p><strong>Hotel Sleep <\/strong>dysponuje trzema nowoczesnymi salami konferencyjnymi, mog\u0105cymi pomie\u015bci\u0107 140, 50 i 30 os\u00f3b. Dla wszystkich poszukuj\u0105cych komfortowego i przyjemnego noclegu obiekt oferuje 42 nowocze\u015bnie umeblowane pokoje z \u0142azienkami, dost\u0119pem do Internetu Wi-Fi\/LAN oraz telewizorem, zapewniaj\u0105c pe\u0142n\u0105 wygod\u0119 i zadowolenie go\u015bci.<\/p>\n\n\n\n<figure class=\"wp-block-image size-full\"><a href=\"https:\/\/www.mojekonferencje.pl\/blog\/wp-content\/uploads\/2024\/02\/4.jpeg\"><img loading=\"lazy\" decoding=\"async\" width=\"1000\" height=\"750\" src=\"https:\/\/www.mojekonferencje.pl\/blog\/wp-content\/uploads\/2024\/02\/4.jpeg\" alt=\"\" class=\"wp-image-4749 lazyload\" data-srcset=\"https:\/\/www.mojekonferencje.pl\/blog\/wp-content\/uploads\/2024\/02\/4.jpeg 1000w, https:\/\/www.mojekonferencje.pl\/blog\/wp-content\/uploads\/2024\/02\/4-300x225.jpeg 300w, https:\/\/www.mojekonferencje.pl\/blog\/wp-content\/uploads\/2024\/02\/4-768x576.jpeg 768w\" sizes=\"auto\" \/><\/a><\/figure>\n\n\n\n<h2 class=\"wp-block-heading has-text-align-center has-vivid-purple-color has-text-color has-link-color wp-elements-44f1d2e2dab92b4ce679245b46f2f533\"><a href=\"https:\/\/www.mojekonferencje.pl\/wroclaw\/ibis-styles-wroclaw-centrum\"><span style=\"text-decoration: underline;\">Ibis Styles Wroc\u0142aw Centrum<\/span><\/a><\/h2>\n\n\n\n<p>To <strong>3-gwiazdkowy hotel w centrum Wroc\u0142awia<\/strong>, vis-a-vis dworca kolejowego i zaledwie 1,5 km od rynku. Wyr\u00f3\u017cnia si\u0119 nie tylko doskona\u0142\u0105 lokalizacj\u0105, ale tak\u017ce unikalnym motywem inspirowanym Alicj\u0105 z Krainy Czar\u00f3w, kt\u00f3ry wp\u0142ywa na go\u015bci swoim charakterem, nowoczesnym designem i komfortem. Hotelowe Silver Conference Center to najwi\u0119ksze centrum konferencyjne w sercu miasta, oferuj\u0105ce 11 klimatyzowanych sal o \u0142\u0105cznej powierzchni ponad 1450 m2. Najwi\u0119ksza z sal mo\u017ce pomie\u015bci\u0107 nawet 550 os\u00f3b, co sprawia, \u017ce jest idealnym miejscem na organizacj\u0119 konferencji, szkole\u0144 czy spotka\u0144 biznesowych. <\/p>\n\n\n\n<p>133 pokoje s\u0105 doskona\u0142ym wyborem zar\u00f3wno dla podr\u00f3\u017cuj\u0105cych biznesowo, jak i turystycznie, a tak\u017ce dla rodzin z dzie\u0107mi. Dodatkowo w hotelowej restauracji Czarymary serwowane s\u0105 dania kuchni \u015br\u00f3dziemnomorskiej, przygotowane ze \u015bwie\u017cych sk\u0142adnik\u00f3w i wysokiej jako\u015bci produkt\u00f3w. Wieczorem warto uda\u0107 si\u0119 do Blackboard pub, gdzie mo\u017cna spr\u00f3bowa\u0107 pysznych drink\u00f3w z bogatej oferty baru i zrelaksowa\u0107 si\u0119 po intensywnym dniu.<\/p>\n\n\n\n<figure class=\"wp-block-image size-full\"><a href=\"https:\/\/www.mojekonferencje.pl\/blog\/wp-content\/uploads\/2024\/02\/5-3.jpg\"><img loading=\"lazy\" decoding=\"async\" width=\"960\" height=\"580\" src=\"https:\/\/www.mojekonferencje.pl\/blog\/wp-content\/uploads\/2024\/02\/5-3.jpg\" alt=\"\" class=\"wp-image-4750 lazyload\" data-srcset=\"https:\/\/www.mojekonferencje.pl\/blog\/wp-content\/uploads\/2024\/02\/5-3.jpg 960w, https:\/\/www.mojekonferencje.pl\/blog\/wp-content\/uploads\/2024\/02\/5-3-300x181.jpg 300w, https:\/\/www.mojekonferencje.pl\/blog\/wp-content\/uploads\/2024\/02\/5-3-768x464.jpg 768w\" sizes=\"auto\" \/><\/a><\/figure>\n\n\n\n<h2 class=\"wp-block-heading has-text-align-center has-vivid-purple-color has-text-color has-link-color wp-elements-930e93d91a5c5c2b5902fd172ba56ab7\"><a href=\"https:\/\/www.mojekonferencje.pl\/wroclaw\/hotel-europejski-wroclaw\"><span style=\"text-decoration: underline;\">Hotel Europejski Wroc\u0142aw<\/span><\/a><\/h2>\n\n\n\n<p>Ten elegancki <strong>trzygwiazdkowy hotel we Wroc\u0142awiu<\/strong> usytuowany jest w samym sercu miasta, zaledwie 400 m od Dworca G\u0142\u00f3wnego PKP. Dzi\u0119ki swojej wspania\u0142ej lokalizacji i klasycznemu, stylowemu wyko\u0144czeniu wn\u0119trz, staje si\u0119 on idealnym miejscem na pobyt. Hotel oferuje ca\u0142odobow\u0105 recepcj\u0119 obs\u0142ugiwan\u0105 przez przyjazny i do\u015bwiadczony personel, eleganck\u0105 restauracj\u0119 serwuj\u0105c\u0105 dopracowane potrawy, \u015bwietnie wyposa\u017con\u0105 sal\u0119 konferencyjn\u0105 oraz klimatyczn\u0105 kawiarni\u0119. To perfekcyjne miejsce zar\u00f3wno dla turyst\u00f3w pragn\u0105cych pozna\u0107 tajemnice miasta, jak i dla zapracowanych uczestnik\u00f3w konferencji. <\/p>\n\n\n\n<p>Organizatorom konferencji <strong>Hotel Europejski <\/strong>oferuje najwy\u017cszej jako\u015bci przestrze\u0144 eventow\u0105, wyr\u00f3\u017cniaj\u0105c\u0105 si\u0119 stylowym wyko\u0144czeniem nawi\u0105zuj\u0105cym do dawnej epoki. Przestronna sala konferencyjna Europejska mo\u017ce pomie\u015bci\u0107 nawet 80 os\u00f3b i dzi\u0119ki systemowi mobilnych \u015bcian istnieje mo\u017cliwo\u015b\u0107 podzia\u0142u jej na dwie mniejsze przestrzenie. Wybieraj\u0105c <strong>Hotel Europejski<\/strong>, wybierasz nie tylko elegancj\u0119 i styl, ale tak\u017ce profesjonalizm i kompleksow\u0105 obs\u0142ug\u0119.<\/p>\n\n\n\n<figure class=\"wp-block-image size-large\"><a href=\"https:\/\/www.mojekonferencje.pl\/blog\/wp-content\/uploads\/2024\/02\/6-2.jpg\"><img loading=\"lazy\" decoding=\"async\" width=\"1024\" height=\"610\" src=\"https:\/\/www.mojekonferencje.pl\/blog\/wp-content\/uploads\/2024\/02\/6-2-1024x610.jpg\" alt=\"\" class=\"wp-image-4751 lazyload\" data-srcset=\"https:\/\/www.mojekonferencje.pl\/blog\/wp-content\/uploads\/2024\/02\/6-2-1024x610.jpg 1024w, https:\/\/www.mojekonferencje.pl\/blog\/wp-content\/uploads\/2024\/02\/6-2-300x179.jpg 300w, https:\/\/www.mojekonferencje.pl\/blog\/wp-content\/uploads\/2024\/02\/6-2-768x457.jpg 768w, https:\/\/www.mojekonferencje.pl\/blog\/wp-content\/uploads\/2024\/02\/6-2-1536x915.jpg 1536w, https:\/\/www.mojekonferencje.pl\/blog\/wp-content\/uploads\/2024\/02\/6-2.jpg 1852w\" sizes=\"auto\" \/><\/a><\/figure>\n\n\n\n<h2 class=\"wp-block-heading has-text-align-center has-vivid-purple-color has-text-color has-link-color wp-elements-fc953f0d5d32f4214201fba0229f0f02\"><a href=\"https:\/\/www.mojekonferencje.pl\/wroclaw\/hala-orbita\"><span style=\"text-decoration: underline;\">Hala Orbita i Hotel<\/span><\/a><\/h2>\n\n\n\n<p>W tym zestawieniu nie mog\u0142o zabrakn\u0105\u0107 trzygwiazdkowego obiektu po\u0142o\u017conego na obrze\u017cach urokliwego Parku Zachodniego, stanowi\u0105cego idealn\u0105 baz\u0119 dla podr\u00f3\u017cuj\u0105cych pragn\u0105cych odkry\u0107 atrakcje Stolicy Dolnego \u015al\u0105ska. <strong>Hotel ORBITA<\/strong> to nie tylko komfortowe zakwaterowanie, ale tak\u017ce liczne udogodnienia oraz przyjazna atmosfera, idealna zar\u00f3wno dla podr\u00f3\u017cuj\u0105cych s\u0142u\u017cbowo, jak i turyst\u00f3w pragn\u0105cych relaksu po intensywnym dniu. W ramach <strong>kompleksu ORBITA<\/strong> znajduje si\u0119 tak\u017ce Hala ORBITA, wielofunkcyjny obiekt, kt\u00f3ry idealnie spe\u0142nia r\u00f3\u017cnorodne potrzeby organizacyjne. <\/p>\n\n\n\n<p>Hala ORBITA to doskona\u0142e miejsce do organizacji koncert\u00f3w, widowisk kulturalnych, konferencji, targ\u00f3w, wystaw oraz imprez sportowych o mi\u0119dzynarodowym zasi\u0119gu w r\u00f3\u017cnych dyscyplinach. Dzi\u0119ki swojej wszechstronno\u015bci, zapewnia profesjonalne warunki techniczne oraz wygod\u0119 uczestnikom. Hotel ORBITA i Hala ORBITA tworz\u0105 harmonijn\u0105 kombinacj\u0119, przyci\u0105gaj\u0105c zar\u00f3wno mi\u0142o\u015bnik\u00f3w kultury, jak i entuzjast\u00f3w sportu. Kompleks oferuje tak\u017ce bogat\u0105 infrastruktur\u0119 rekreacyjn\u0105, w tym p\u0142ywalni\u0119 kryt\u0105, si\u0142owni\u0119, saunarium, p\u0142ywalni\u0119 letni\u0105 oraz lodowisko.<\/p>\n\n\n\n<figure class=\"wp-block-image size-full\"><a href=\"https:\/\/www.mojekonferencje.pl\/blog\/wp-content\/uploads\/2024\/02\/7-3.jpg\"><img loading=\"lazy\" decoding=\"async\" width=\"960\" height=\"580\" src=\"https:\/\/www.mojekonferencje.pl\/blog\/wp-content\/uploads\/2024\/02\/7-3.jpg\" alt=\"\" class=\"wp-image-4752 lazyload\" data-srcset=\"https:\/\/www.mojekonferencje.pl\/blog\/wp-content\/uploads\/2024\/02\/7-3.jpg 960w, https:\/\/www.mojekonferencje.pl\/blog\/wp-content\/uploads\/2024\/02\/7-3-300x181.jpg 300w, https:\/\/www.mojekonferencje.pl\/blog\/wp-content\/uploads\/2024\/02\/7-3-768x464.jpg 768w\" sizes=\"auto\" \/><\/a><\/figure>\n\n\n\n<h2 class=\"wp-block-heading has-text-align-center has-vivid-purple-color has-text-color has-link-color wp-elements-375ee07eed3058dbf7695d50e12d5d47\"><a href=\"https:\/\/www.mojekonferencje.pl\/wroclaw\/hotel-bacero\"><span style=\"text-decoration: underline;\">Hotel Bacero<\/span><\/a><\/h2>\n\n\n\n<p>Ten hotel gwarantuje dogodn\u0105 odleg\u0142o\u015b\u0107 od najciekawszych miejsc Wroc\u0142awia, takich jak Stare Miasto, Aquapark, lotnisko czy dworzec g\u0142\u00f3wny, zapewniaj\u0105c \u0142atwy dojazd dla wszystkich go\u015bci. <strong>Hotel Bacero <\/strong>to oferta skierowana zar\u00f3wno do klient\u00f3w indywidualnych poszukuj\u0105cych udanego wypoczynku, jak i os\u00f3b planuj\u0105cych organizacj\u0119 konferencji lub szkole\u0144. Jego komfortowe pokoje zapewni\u0105 udany relaks, a nowoczesne sale konferencyjne stanowi\u0105 idealne miejsce do przeprowadzenia profesjonalnych spotka\u0144 biznesowych. <\/p>\n\n\n\n<p>Obiekt ma w swojej ofercie cztery sale konferencyjne: Primavera, Estate, Autunno oraz Divani, kt\u00f3re mog\u0105 pomie\u015bci\u0107 od 8 do 68 os\u00f3b. R\u00f3\u017cnorodne wymiary pomieszcze\u0144 oraz ich indywidualny, niepowtarzalny charakter sprawiaj\u0105, \u017ce ka\u017cdy znajdzie tu co\u015b dla siebie, zapewniaj\u0105c idealne warunki do pracy i wymiany pomys\u0142\u00f3w. Dodatkowo hotel oferuje us\u0142ugi dodatkowe, takie jak organizacja transportu w dowolne miejsca czy zwiedzanie miasta, umo\u017cliwiaj\u0105ce go\u015bciom poznanie urok\u00f3w Wroc\u0142awia.<\/p>\n\n\n\n<figure class=\"wp-block-image size-full\"><a href=\"https:\/\/www.mojekonferencje.pl\/blog\/wp-content\/uploads\/2024\/02\/8-2.jpg\"><img loading=\"lazy\" decoding=\"async\" width=\"960\" height=\"580\" src=\"https:\/\/www.mojekonferencje.pl\/blog\/wp-content\/uploads\/2024\/02\/8-2.jpg\" alt=\"\" class=\"wp-image-4753 lazyload\" data-srcset=\"https:\/\/www.mojekonferencje.pl\/blog\/wp-content\/uploads\/2024\/02\/8-2.jpg 960w, https:\/\/www.mojekonferencje.pl\/blog\/wp-content\/uploads\/2024\/02\/8-2-300x181.jpg 300w, https:\/\/www.mojekonferencje.pl\/blog\/wp-content\/uploads\/2024\/02\/8-2-768x464.jpg 768w\" sizes=\"auto\" \/><\/a><\/figure>\n\n\n\n<h2 class=\"wp-block-heading has-text-align-center has-vivid-purple-color has-text-color has-link-color wp-elements-4903c7b2db316e8ae93f0ca08bc1389f\"><a href=\"https:\/\/www.mojekonferencje.pl\/wroclaw\/hotel-europeum\"><span style=\"text-decoration: underline;\">Hotel Europeum<\/span><\/a><\/h2>\n\n\n\n<p>\u00d3w <strong>3-gwiazdkowy hotel we Wroc\u0142awiu <\/strong>to miejsce bez kompromis\u00f3w, kt\u00f3re spe\u0142nia najwy\u017csze oczekiwania go\u015bci dzi\u0119ki swojej lokalizacji, wystrojowi, atmosferze i obs\u0142udze. Po\u0142o\u017cony w sercu miasta jest idealnym miejscem nie tylko dla turyst\u00f3w, ale r\u00f3wnie\u017c dla os\u00f3b podr\u00f3\u017cuj\u0105cych w sprawach biznesowych, zapewniaj\u0105c \u0142atwy dost\u0119p do malowniczej star\u00f3wki oraz dogodn\u0105 komunikacj\u0119 z innymi cz\u0119\u015bciami Wroc\u0142awia. <strong>Centrum Konferencyjne Hotelu Europeum <\/strong>oferuje cztery nowoczesne i przestronne sale konferencyjne o \u0142\u0105cznej powierzchni 163 m2, mog\u0105ce pomie\u015bci\u0107 do 159 os\u00f3b. Doskona\u0142e warunki oraz profesjonalna obs\u0142uga zapewniaj\u0105 udane przebieg spotka\u0144 firmowych, konferencji czy szkole\u0144. <\/p>\n\n\n\n<p>Dodatkowo go\u015bcie mog\u0105 wybiera\u0107 spo\u015br\u00f3d 36 luksusowych, przestronnych pokoi, kt\u00f3rych nowoczesny wystr\u00f3j wzbogacony jest artystycznymi akcentami. Dbaj\u0105c o pe\u0142ne zadowolenie klient\u00f3w, hotel oferuje szeroki zakres dodatkowych us\u0142ug, takich jak transfer z lotniska lub stacji PKP, zwiedzanie miasta, zam\u00f3wienia specjalne (np. szampan, kwiaty, czekoladki), masa\u017ce, us\u0142ugi fryzjerskie, pranie i prasowanie odzie\u017cy oraz pogotowie krawieckie. Dodatkowo go\u015bcie mog\u0105 skorzysta\u0107 z sauny fi\u0144skiej oraz si\u0142owni, zapewniaj\u0105c sobie relaks i odpr\u0119\u017cenie po intensywnym dniu pracy lub zwiedzaniu miasta.<\/p>\n\n\n\n<figure class=\"wp-block-image size-large\"><a href=\"https:\/\/www.mojekonferencje.pl\/blog\/wp-content\/uploads\/2024\/02\/9-2.jpg\"><img loading=\"lazy\" decoding=\"async\" width=\"1024\" height=\"754\" src=\"https:\/\/www.mojekonferencje.pl\/blog\/wp-content\/uploads\/2024\/02\/9-2-1024x754.jpg\" alt=\"\" class=\"wp-image-4754 lazyload\" data-srcset=\"https:\/\/www.mojekonferencje.pl\/blog\/wp-content\/uploads\/2024\/02\/9-2-1024x754.jpg 1024w, https:\/\/www.mojekonferencje.pl\/blog\/wp-content\/uploads\/2024\/02\/9-2-300x221.jpg 300w, https:\/\/www.mojekonferencje.pl\/blog\/wp-content\/uploads\/2024\/02\/9-2-768x565.jpg 768w, https:\/\/www.mojekonferencje.pl\/blog\/wp-content\/uploads\/2024\/02\/9-2.jpg 1223w\" sizes=\"auto\" \/><\/a><\/figure>\n\n\n\n<h2 class=\"wp-block-heading has-text-align-center has-vivid-purple-color has-text-color has-link-color wp-elements-8a6b997ce821605bf405ea4a3eada209\"><a href=\"https:\/\/www.mojekonferencje.pl\/wroclaw\/hotel-eclipse\"><span style=\"text-decoration: underline;\">Hotel Eclipse<\/span><\/a><\/h2>\n\n\n\n<p>Nie mog\u0142oby by\u0107 tego artyku\u0142u bez <strong>trzygwiazdkowego Hotelu Eclipse <\/strong>&#8211; nowoczesnego obiektu po\u0142o\u017conego tu\u017c pod Wroc\u0142awiem, przy obwodnicy autostradowej, zapewniaj\u0105cej dogodny dojazd dla wszystkich go\u015bci. Zaledwie 10 minut jazdy samochodem dzieli obiekt od Portu Lotniczego, a do centrum Wroc\u0142awia mo\u017cna dotrze\u0107 w zaledwie 20 minut. <strong>Hotel Eclipse<\/strong> oferuje eleganckie pokoje, wielofunkcyjne sale konferencyjne, restauracj\u0119, bar oraz stref\u0119 Wellness &amp; Fitness. Doskonale sprawdza si\u0119 jako miejsce zar\u00f3wno dla rodzin z dzie\u0107mi, jak i dla klient\u00f3w biznesowych, pragn\u0105cych zorganizowa\u0107 szkolenie czy konferencj\u0119 w wyj\u0105tkowym otoczeniu. <\/p>\n\n\n\n<p>Nowoczesna przestrze\u0144 konferencyjna mo\u017ce pomie\u015bci\u0107 a\u017c 100 os\u00f3b. Podzielona zosta\u0142a na cztery osobne sale, co pozwala na dogodne dostosowanie pomieszczenia do indywidualnych potrzeb i preferencji organizator\u00f3w. <strong>Hotel Eclipse <\/strong>to idealne miejsce na wypoczynek w okolicy Wroc\u0142awia. Tutaj go\u015bcie mog\u0105 w pe\u0142ni odpr\u0119\u017cy\u0107 i zrelaksowa\u0107 si\u0119 w eleganckich pokojach i apartamentach.<\/p>\n\n\n\n<figure class=\"wp-block-image size-full\"><a href=\"https:\/\/www.mojekonferencje.pl\/blog\/wp-content\/uploads\/2024\/02\/10-2.jpg\"><img loading=\"lazy\" decoding=\"async\" width=\"960\" height=\"580\" src=\"https:\/\/www.mojekonferencje.pl\/blog\/wp-content\/uploads\/2024\/02\/10-2.jpg\" alt=\"\" class=\"wp-image-4755 lazyload\" data-srcset=\"https:\/\/www.mojekonferencje.pl\/blog\/wp-content\/uploads\/2024\/02\/10-2.jpg 960w, https:\/\/www.mojekonferencje.pl\/blog\/wp-content\/uploads\/2024\/02\/10-2-300x181.jpg 300w, https:\/\/www.mojekonferencje.pl\/blog\/wp-content\/uploads\/2024\/02\/10-2-768x464.jpg 768w\" sizes=\"auto\" \/><\/a><\/figure>\n","protected":false},"excerpt":{"rendered":"<p>Odkryj najlepsze 3-gwiazdkowe hotele konferencyjne we Wroc\u0142awiu. Doskona\u0142e miejsce dla biznesu i relaksu w sercu dynamicznej metropolii.<\/p>\n","protected":false},"author":9,"featured_media":4745,"comment_status":"closed","ping_status":"closed","sticky":false,"template":"","format":"standard","meta":{"_acf_changed":false,"footnotes":""},"categories":[212,175],"tags":[368,367,271,54],"class_list":["post-4744","post","type-post","status-publish","format-standard","has-post-thumbnail","hentry","category-travel","category-wybieranie-miejsca-konferencyjnego","tag-hotel","tag-hotele","tag-hotele-konferencyjne","tag-wroclaw"],"acf":[],"yoast_head":"<!-- This site is optimized with the Yoast SEO plugin v27.1.1 - https:\/\/yoast.com\/product\/yoast-seo-wordpress\/ -->\n<title>3-gwiazdkowe hotele we Wroc\u0142awiu - blog | MojeKonferencje.pl<\/title>\n<meta name=\"description\" content=\"3-gwiazdkowe hotele we Wroc\u0142awiu - blog | MojeKonferencje.pl\" \/>\n<meta name=\"robots\" content=\"index, follow, max-snippet:-1, max-image-preview:large, max-video-preview:-1\" \/>\n<link rel=\"canonical\" href=\"https:\/\/www.mojekonferencje.pl\/blog\/3-gwiazdkowe-hotele-we-wroclawiu\/\" \/>\n<meta property=\"og:locale\" content=\"pl_PL\" \/>\n<meta property=\"og:type\" content=\"article\" \/>\n<meta property=\"og:title\" content=\"3-gwiazdkowe hotele we Wroc\u0142awiu - blog | MojeKonferencje.pl\" \/>\n<meta property=\"og:description\" content=\"3-gwiazdkowe hotele we Wroc\u0142awiu - blog | MojeKonferencje.pl\" \/>\n<meta property=\"og:url\" content=\"https:\/\/www.mojekonferencje.pl\/blog\/3-gwiazdkowe-hotele-we-wroclawiu\/\" \/>\n<meta property=\"og:site_name\" content=\"MojeKonferencje.pl\" \/>\n<meta property=\"article:published_time\" content=\"2024-01-30T17:53:00+00:00\" \/>\n<meta property=\"article:modified_time\" content=\"2024-05-07T09:48:19+00:00\" \/>\n<meta property=\"og:image\" content=\"https:\/\/www.mojekonferencje.pl\/blog\/wp-content\/uploads\/2024\/02\/Fotoram.io-59.jpg\" \/>\n\t<meta property=\"og:image:width\" content=\"1200\" \/>\n\t<meta property=\"og:image:height\" content=\"720\" \/>\n\t<meta property=\"og:image:type\" content=\"image\/jpeg\" \/>\n<meta name=\"author\" content=\"Olga Stawicka-Iwanowska\" \/>\n<meta name=\"twitter:card\" content=\"summary_large_image\" \/>\n<meta name=\"twitter:label1\" content=\"Napisane przez\" \/>\n\t<meta name=\"twitter:data1\" content=\"Olga Stawicka-Iwanowska\" \/>\n\t<meta name=\"twitter:label2\" content=\"Szacowany czas czytania\" \/>\n\t<meta name=\"twitter:data2\" content=\"12 minut\" \/>\n<script type=\"application\/ld+json\" class=\"yoast-schema-graph\">{\"@context\":\"https:\/\/schema.org\",\"@graph\":[{\"@type\":\"Article\",\"@id\":\"https:\/\/www.mojekonferencje.pl\/blog\/3-gwiazdkowe-hotele-we-wroclawiu\/#article\",\"isPartOf\":{\"@id\":\"https:\/\/www.mojekonferencje.pl\/blog\/3-gwiazdkowe-hotele-we-wroclawiu\/\"},\"author\":{\"name\":\"Olga Stawicka-Iwanowska\",\"@id\":\"https:\/\/www.mojekonferencje.pl\/blog\/#\/schema\/person\/d6751ca3c60de9ec17ee21b744bbb2d4\"},\"headline\":\"3-gwiazdkowe hotele we Wroc\u0142awiu\",\"datePublished\":\"2024-01-30T17:53:00+00:00\",\"dateModified\":\"2024-05-07T09:48:19+00:00\",\"mainEntityOfPage\":{\"@id\":\"https:\/\/www.mojekonferencje.pl\/blog\/3-gwiazdkowe-hotele-we-wroclawiu\/\"},\"wordCount\":1855,\"image\":{\"@id\":\"https:\/\/www.mojekonferencje.pl\/blog\/3-gwiazdkowe-hotele-we-wroclawiu\/#primaryimage\"},\"thumbnailUrl\":\"https:\/\/www.mojekonferencje.pl\/blog\/wp-content\/uploads\/2024\/02\/Fotoram.io-59.jpg\",\"keywords\":[\"hotel\",\"hotele\",\"hotele konferencyjne\",\"wroc\u0142aw\"],\"articleSection\":[\"Travel\",\"Wybieranie miejsca konferencyjnego\"],\"inLanguage\":\"pl-PL\"},{\"@type\":\"WebPage\",\"@id\":\"https:\/\/www.mojekonferencje.pl\/blog\/3-gwiazdkowe-hotele-we-wroclawiu\/\",\"url\":\"https:\/\/www.mojekonferencje.pl\/blog\/3-gwiazdkowe-hotele-we-wroclawiu\/\",\"name\":\"3-gwiazdkowe hotele we Wroc\u0142awiu - blog | MojeKonferencje.pl\",\"isPartOf\":{\"@id\":\"https:\/\/www.mojekonferencje.pl\/blog\/#website\"},\"primaryImageOfPage\":{\"@id\":\"https:\/\/www.mojekonferencje.pl\/blog\/3-gwiazdkowe-hotele-we-wroclawiu\/#primaryimage\"},\"image\":{\"@id\":\"https:\/\/www.mojekonferencje.pl\/blog\/3-gwiazdkowe-hotele-we-wroclawiu\/#primaryimage\"},\"thumbnailUrl\":\"https:\/\/www.mojekonferencje.pl\/blog\/wp-content\/uploads\/2024\/02\/Fotoram.io-59.jpg\",\"datePublished\":\"2024-01-30T17:53:00+00:00\",\"dateModified\":\"2024-05-07T09:48:19+00:00\",\"author\":{\"@id\":\"https:\/\/www.mojekonferencje.pl\/blog\/#\/schema\/person\/d6751ca3c60de9ec17ee21b744bbb2d4\"},\"description\":\"3-gwiazdkowe hotele we Wroc\u0142awiu - blog | MojeKonferencje.pl\",\"breadcrumb\":{\"@id\":\"https:\/\/www.mojekonferencje.pl\/blog\/3-gwiazdkowe-hotele-we-wroclawiu\/#breadcrumb\"},\"inLanguage\":\"pl-PL\",\"potentialAction\":[{\"@type\":\"ReadAction\",\"target\":[\"https:\/\/www.mojekonferencje.pl\/blog\/3-gwiazdkowe-hotele-we-wroclawiu\/\"]}]},{\"@type\":\"ImageObject\",\"inLanguage\":\"pl-PL\",\"@id\":\"https:\/\/www.mojekonferencje.pl\/blog\/3-gwiazdkowe-hotele-we-wroclawiu\/#primaryimage\",\"url\":\"https:\/\/www.mojekonferencje.pl\/blog\/wp-content\/uploads\/2024\/02\/Fotoram.io-59.jpg\",\"contentUrl\":\"https:\/\/www.mojekonferencje.pl\/blog\/wp-content\/uploads\/2024\/02\/Fotoram.io-59.jpg\",\"width\":1200,\"height\":720},{\"@type\":\"BreadcrumbList\",\"@id\":\"https:\/\/www.mojekonferencje.pl\/blog\/3-gwiazdkowe-hotele-we-wroclawiu\/#breadcrumb\",\"itemListElement\":[{\"@type\":\"ListItem\",\"position\":1,\"name\":\"Strona g\u0142\u00f3wna\",\"item\":\"https:\/\/www.mojekonferencje.pl\/blog\/\"},{\"@type\":\"ListItem\",\"position\":2,\"name\":\"3-gwiazdkowe hotele we Wroc\u0142awiu\"}]},{\"@type\":\"WebSite\",\"@id\":\"https:\/\/www.mojekonferencje.pl\/blog\/#website\",\"url\":\"https:\/\/www.mojekonferencje.pl\/blog\/\",\"name\":\"MojeKonferencje.pl\",\"description\":\"Blog bran\u017cy szkoleniowo-konferencyjnej. W\u0142\u0105cz si\u0119 do dyskusji o obiektach konferencyjnych i nowo\u015bciach z bran\u017cy! Poznaj porady odno\u015bnie organizacji konferencji, szkole\u0144 i event\u00f3w firmowych! Zach\u0119camy do wyra\u017cania opinii oraz komentarzy.\",\"potentialAction\":[{\"@type\":\"SearchAction\",\"target\":{\"@type\":\"EntryPoint\",\"urlTemplate\":\"https:\/\/www.mojekonferencje.pl\/blog\/?s={search_term_string}\"},\"query-input\":{\"@type\":\"PropertyValueSpecification\",\"valueRequired\":true,\"valueName\":\"search_term_string\"}}],\"inLanguage\":\"pl-PL\"},{\"@type\":\"Person\",\"@id\":\"https:\/\/www.mojekonferencje.pl\/blog\/#\/schema\/person\/d6751ca3c60de9ec17ee21b744bbb2d4\",\"name\":\"Olga Stawicka-Iwanowska\",\"description\":\"Head of Marketing z ponad sze\u015bcioletnim do\u015bwiadczeniem w bran\u017cy MICE. Na co dzie\u0144 zajmuje si\u0119 content marketingiem i promocj\u0105 obiekt\u00f3w eventowych, tak aby organizatorzy kongres\u00f3w, targ\u00f3w i konferencji wiedzieli, \u017ce w\u0142a\u015bnie tam warto zrealizowa\u0107 swoje wydarzenie. Prowadzi media spo\u0142eczno\u015bciowe, tworzy strategie komunikacji, pisze artyku\u0142y i dba o sp\u00f3jny wizerunek marki w ka\u017cdym kanale. W swojej pracy \u0142\u0105czy analityczne my\u015blenie z kreatywno\u015bci\u0105 i dobrym copy. Wsp\u00f3\u0142pracuje zar\u00f3wno z organizatorami najwi\u0119kszych wydarze\u0144 w Polsce, jak i z regionalnymi partnerami z bran\u017cy. Po godzinach mi\u0142o\u015bniczka podr\u00f3\u017cy po Europie, dobrej kuchni i klimatycznych miejsc, w kt\u00f3rych mo\u017cna z\u0142apa\u0107 oddech.\",\"sameAs\":[\"http:\/\/MojeKonferencje.pl\",\"https:\/\/www.linkedin.com\/in\/olgastawicka\/\"],\"url\":\"https:\/\/www.mojekonferencje.pl\/blog\/author\/osawicka\/\"}]}<\/script>\n<!-- \/ Yoast SEO plugin. -->","yoast_head_json":{"title":"3-gwiazdkowe hotele we Wroc\u0142awiu - blog | MojeKonferencje.pl","description":"3-gwiazdkowe hotele we Wroc\u0142awiu - blog | MojeKonferencje.pl","robots":{"index":"index","follow":"follow","max-snippet":"max-snippet:-1","max-image-preview":"max-image-preview:large","max-video-preview":"max-video-preview:-1"},"canonical":"https:\/\/www.mojekonferencje.pl\/blog\/3-gwiazdkowe-hotele-we-wroclawiu\/","og_locale":"pl_PL","og_type":"article","og_title":"3-gwiazdkowe hotele we Wroc\u0142awiu - blog | MojeKonferencje.pl","og_description":"3-gwiazdkowe hotele we Wroc\u0142awiu - blog | MojeKonferencje.pl","og_url":"https:\/\/www.mojekonferencje.pl\/blog\/3-gwiazdkowe-hotele-we-wroclawiu\/","og_site_name":"MojeKonferencje.pl","article_published_time":"2024-01-30T17:53:00+00:00","article_modified_time":"2024-05-07T09:48:19+00:00","og_image":[{"width":1200,"height":720,"url":"https:\/\/www.mojekonferencje.pl\/blog\/wp-content\/uploads\/2024\/02\/Fotoram.io-59.jpg","type":"image\/jpeg"}],"author":"Olga Stawicka-Iwanowska","twitter_card":"summary_large_image","twitter_misc":{"Napisane przez":"Olga Stawicka-Iwanowska","Szacowany czas czytania":"12 minut"},"schema":{"@context":"https:\/\/schema.org","@graph":[{"@type":"Article","@id":"https:\/\/www.mojekonferencje.pl\/blog\/3-gwiazdkowe-hotele-we-wroclawiu\/#article","isPartOf":{"@id":"https:\/\/www.mojekonferencje.pl\/blog\/3-gwiazdkowe-hotele-we-wroclawiu\/"},"author":{"name":"Olga Stawicka-Iwanowska","@id":"https:\/\/www.mojekonferencje.pl\/blog\/#\/schema\/person\/d6751ca3c60de9ec17ee21b744bbb2d4"},"headline":"3-gwiazdkowe hotele we Wroc\u0142awiu","datePublished":"2024-01-30T17:53:00+00:00","dateModified":"2024-05-07T09:48:19+00:00","mainEntityOfPage":{"@id":"https:\/\/www.mojekonferencje.pl\/blog\/3-gwiazdkowe-hotele-we-wroclawiu\/"},"wordCount":1855,"image":{"@id":"https:\/\/www.mojekonferencje.pl\/blog\/3-gwiazdkowe-hotele-we-wroclawiu\/#primaryimage"},"thumbnailUrl":"https:\/\/www.mojekonferencje.pl\/blog\/wp-content\/uploads\/2024\/02\/Fotoram.io-59.jpg","keywords":["hotel","hotele","hotele konferencyjne","wroc\u0142aw"],"articleSection":["Travel","Wybieranie miejsca konferencyjnego"],"inLanguage":"pl-PL"},{"@type":"WebPage","@id":"https:\/\/www.mojekonferencje.pl\/blog\/3-gwiazdkowe-hotele-we-wroclawiu\/","url":"https:\/\/www.mojekonferencje.pl\/blog\/3-gwiazdkowe-hotele-we-wroclawiu\/","name":"3-gwiazdkowe hotele we Wroc\u0142awiu - blog | MojeKonferencje.pl","isPartOf":{"@id":"https:\/\/www.mojekonferencje.pl\/blog\/#website"},"primaryImageOfPage":{"@id":"https:\/\/www.mojekonferencje.pl\/blog\/3-gwiazdkowe-hotele-we-wroclawiu\/#primaryimage"},"image":{"@id":"https:\/\/www.mojekonferencje.pl\/blog\/3-gwiazdkowe-hotele-we-wroclawiu\/#primaryimage"},"thumbnailUrl":"https:\/\/www.mojekonferencje.pl\/blog\/wp-content\/uploads\/2024\/02\/Fotoram.io-59.jpg","datePublished":"2024-01-30T17:53:00+00:00","dateModified":"2024-05-07T09:48:19+00:00","author":{"@id":"https:\/\/www.mojekonferencje.pl\/blog\/#\/schema\/person\/d6751ca3c60de9ec17ee21b744bbb2d4"},"description":"3-gwiazdkowe hotele we Wroc\u0142awiu - blog | MojeKonferencje.pl","breadcrumb":{"@id":"https:\/\/www.mojekonferencje.pl\/blog\/3-gwiazdkowe-hotele-we-wroclawiu\/#breadcrumb"},"inLanguage":"pl-PL","potentialAction":[{"@type":"ReadAction","target":["https:\/\/www.mojekonferencje.pl\/blog\/3-gwiazdkowe-hotele-we-wroclawiu\/"]}]},{"@type":"ImageObject","inLanguage":"pl-PL","@id":"https:\/\/www.mojekonferencje.pl\/blog\/3-gwiazdkowe-hotele-we-wroclawiu\/#primaryimage","url":"https:\/\/www.mojekonferencje.pl\/blog\/wp-content\/uploads\/2024\/02\/Fotoram.io-59.jpg","contentUrl":"https:\/\/www.mojekonferencje.pl\/blog\/wp-content\/uploads\/2024\/02\/Fotoram.io-59.jpg","width":1200,"height":720},{"@type":"BreadcrumbList","@id":"https:\/\/www.mojekonferencje.pl\/blog\/3-gwiazdkowe-hotele-we-wroclawiu\/#breadcrumb","itemListElement":[{"@type":"ListItem","position":1,"name":"Strona g\u0142\u00f3wna","item":"https:\/\/www.mojekonferencje.pl\/blog\/"},{"@type":"ListItem","position":2,"name":"3-gwiazdkowe hotele we Wroc\u0142awiu"}]},{"@type":"WebSite","@id":"https:\/\/www.mojekonferencje.pl\/blog\/#website","url":"https:\/\/www.mojekonferencje.pl\/blog\/","name":"MojeKonferencje.pl","description":"Blog bran\u017cy szkoleniowo-konferencyjnej. W\u0142\u0105cz si\u0119 do dyskusji o obiektach konferencyjnych i nowo\u015bciach z bran\u017cy! Poznaj porady odno\u015bnie organizacji konferencji, szkole\u0144 i event\u00f3w firmowych! Zach\u0119camy do wyra\u017cania opinii oraz komentarzy.","potentialAction":[{"@type":"SearchAction","target":{"@type":"EntryPoint","urlTemplate":"https:\/\/www.mojekonferencje.pl\/blog\/?s={search_term_string}"},"query-input":{"@type":"PropertyValueSpecification","valueRequired":true,"valueName":"search_term_string"}}],"inLanguage":"pl-PL"},{"@type":"Person","@id":"https:\/\/www.mojekonferencje.pl\/blog\/#\/schema\/person\/d6751ca3c60de9ec17ee21b744bbb2d4","name":"Olga Stawicka-Iwanowska","description":"Head of Marketing z ponad sze\u015bcioletnim do\u015bwiadczeniem w bran\u017cy MICE. Na co dzie\u0144 zajmuje si\u0119 content marketingiem i promocj\u0105 obiekt\u00f3w eventowych, tak aby organizatorzy kongres\u00f3w, targ\u00f3w i konferencji wiedzieli, \u017ce w\u0142a\u015bnie tam warto zrealizowa\u0107 swoje wydarzenie. Prowadzi media spo\u0142eczno\u015bciowe, tworzy strategie komunikacji, pisze artyku\u0142y i dba o sp\u00f3jny wizerunek marki w ka\u017cdym kanale. W swojej pracy \u0142\u0105czy analityczne my\u015blenie z kreatywno\u015bci\u0105 i dobrym copy. Wsp\u00f3\u0142pracuje zar\u00f3wno z organizatorami najwi\u0119kszych wydarze\u0144 w Polsce, jak i z regionalnymi partnerami z bran\u017cy. Po godzinach mi\u0142o\u015bniczka podr\u00f3\u017cy po Europie, dobrej kuchni i klimatycznych miejsc, w kt\u00f3rych mo\u017cna z\u0142apa\u0107 oddech.","sameAs":["http:\/\/MojeKonferencje.pl","https:\/\/www.linkedin.com\/in\/olgastawicka\/"],"url":"https:\/\/www.mojekonferencje.pl\/blog\/author\/osawicka\/"}]}},"_links":{"self":[{"href":"https:\/\/www.mojekonferencje.pl\/blog\/wp-json\/wp\/v2\/posts\/4744","targetHints":{"allow":["GET"]}}],"collection":[{"href":"https:\/\/www.mojekonferencje.pl\/blog\/wp-json\/wp\/v2\/posts"}],"about":[{"href":"https:\/\/www.mojekonferencje.pl\/blog\/wp-json\/wp\/v2\/types\/post"}],"author":[{"embeddable":true,"href":"https:\/\/www.mojekonferencje.pl\/blog\/wp-json\/wp\/v2\/users\/9"}],"replies":[{"embeddable":true,"href":"https:\/\/www.mojekonferencje.pl\/blog\/wp-json\/wp\/v2\/comments?post=4744"}],"version-history":[{"count":1,"href":"https:\/\/www.mojekonferencje.pl\/blog\/wp-json\/wp\/v2\/posts\/4744\/revisions"}],"predecessor-version":[{"id":4756,"href":"https:\/\/www.mojekonferencje.pl\/blog\/wp-json\/wp\/v2\/posts\/4744\/revisions\/4756"}],"wp:featuredmedia":[{"embeddable":true,"href":"https:\/\/www.mojekonferencje.pl\/blog\/wp-json\/wp\/v2\/media\/4745"}],"wp:attachment":[{"href":"https:\/\/www.mojekonferencje.pl\/blog\/wp-json\/wp\/v2\/media?parent=4744"}],"wp:term":[{"taxonomy":"category","embeddable":true,"href":"https:\/\/www.mojekonferencje.pl\/blog\/wp-json\/wp\/v2\/categories?post=4744"},{"taxonomy":"post_tag","embeddable":true,"href":"https:\/\/www.mojekonferencje.pl\/blog\/wp-json\/wp\/v2\/tags?post=4744"}],"curies":[{"name":"wp","href":"https:\/\/api.w.org\/{rel}","templated":true}]}}