{"id":4804,"date":"2024-02-22T19:30:00","date_gmt":"2024-02-22T17:30:00","guid":{"rendered":"https:\/\/www.mojekonferencje.pl\/blog\/?p=4804"},"modified":"2025-05-12T18:15:33","modified_gmt":"2025-05-12T16:15:33","slug":"hotele-5-gwiazdkowe-w-krakowie","status":"publish","type":"post","link":"https:\/\/www.mojekonferencje.pl\/blog\/hotele-5-gwiazdkowe-w-krakowie\/","title":{"rendered":"Hotele 5-gwiazdkowe w Krakowie"},"content":{"rendered":"\n<p>Krak\u00f3w to miasto, kt\u00f3re nie tylko porywa turyst\u00f3w swoim niezwyk\u0142ym urokiem &#8211; przyci\u0105ga r\u00f3wnie\u017c biznesowym pulsem, t\u0119tni\u0105cy w sercu Ma\u0142opolski. W tym dynamicznym centrum aktywno\u015bci gospodarczej nie brakuje miejsc, gdzie mo\u017cna przeku\u0107 pomys\u0142y w konkretne dzia\u0142ania, a wizje w rzeczywisto\u015b\u0107. Jednym z najbardziej presti\u017cowych i godnych polecenia miejsc s\u0105 bez w\u0105tpienia<strong> 5-gwiazdkowe hotele<\/strong>, kt\u00f3rych luksus i profesjonalizm tworz\u0105 idealne t\u0142o dla organizacji konferencji, szkole\u0144 oraz spotka\u0144 biznesowych.<\/p>\n\n\n\n<p>Krak\u00f3w, b\u0119d\u0105cy nie tylko kulturaln\u0105 stolic\u0105 Polski, ale i centrum naukowym oraz biznesowym, oferuje nieograniczone mo\u017cliwo\u015bci dla organizator\u00f3w wydarze\u0144. Jednak to w\u0142a\u015bnie <strong>5-gwiazdkowe hotele<\/strong> wyr\u00f3\u017cniaj\u0105 si\u0119 na tle innych lokalizacji swoim niepowtarzalnym klimatem, najwy\u017csz\u0105 jako\u015bci\u0105 obs\u0142ugi oraz doskona\u0142ym po\u0142\u0105czeniem nowoczesno\u015bci z tradycj\u0105. Ka\u017cdy detal, od eleganckiego wystroju po najnowocze\u015bniejsze zaplecze techniczne, zosta\u0142 starannie zaplanowany, aby spe\u0142ni\u0107 najwy\u017csze oczekiwania nawet najbardziej wymagaj\u0105cych klient\u00f3w.<\/p>\n\n\n\n<p>W tym artykule zaprezentujemy najlepsze <a href=\"https:\/\/www.mojekonferencje.pl\/sale-konferencyjne-krakow\">hotele w Krakowie <\/a>o 5-gwiazdkowym standardzie. Koniecznie zosta\u0144 z nami i poznaj obiekty, takie jak: <\/p>\n\n\n\n<figure class=\"wp-block-table\"><table><tbody><tr><td><a href=\"https:\/\/www.mojekonferencje.pl\/krakow\/bachleda-luxury-hotel\">Bachleda Luxury Hotel Krakow MGallery Hotel Collection<\/a><\/td><td><a href=\"https:\/\/www.mojekonferencje.pl\/krakow\/hotel-polski-donimirski\">Hotel Polski Pod Bia\u0142ym Or\u0142em<\/a><\/td><\/tr><tr><td><a href=\"https:\/\/www.mojekonferencje.pl\/krakow\/niebieski-art-hotel-spa\">Niebieski Art Hotel &amp; Spa<\/a><\/td><td><a href=\"https:\/\/www.mojekonferencje.pl\/krakow\/sheraton-krakow-hotel\">Sheraton Grand Krakow<\/a><\/td><\/tr><tr><td><a href=\"https:\/\/www.mojekonferencje.pl\/krakow\/autograph-collection-stradom-house\">Stradom House, Autograph Collection<\/a><\/td><td><a href=\"https:\/\/www.mojekonferencje.pl\/krakow\/hotel-saski\">Hotel Saski Krak\u00f3w Curio Collection by Hilton<\/a><\/td><\/tr><tr><td><a href=\"https:\/\/www.mojekonferencje.pl\/krakow\/wyndham-grand-krakow-old-town\">Wyndham Grand Krakow Old Town<\/a><\/td><td><a href=\"https:\/\/www.mojekonferencje.pl\/krakow\/radisson-blu-krakow-\">Radisson Blu Hotel Krak\u00f3w<\/a><\/td><\/tr><tr><td><a href=\"https:\/\/www.mojekonferencje.pl\/krakow\/holiday-inn-krakow-city-center\">Holiday Inn Krakow City Centre<\/a><\/td><td><\/td><\/tr><\/tbody><\/table><\/figure>\n\n\n\n<h2 class=\"wp-block-heading has-text-align-center has-vivid-purple-color has-text-color has-link-color wp-elements-ccc967d366c07a9e1c047da791150c88\"><a href=\"https:\/\/www.mojekonferencje.pl\/krakow\/bachleda-luxury-hotel\"><span style=\"text-decoration: underline;\">Bachleda Luxury Hotel Krakow MGallery Hotel Collection<\/span><\/a><\/h2>\n\n\n\n<p>Obiekt ten wyr\u00f3\u017cnia si\u0119 nie tylko ekskluzywnymi wn\u0119trzami, ale r\u00f3wnie\u017c doskona\u0142\u0105 lokalizacj\u0105 tu\u017c obok Rynku G\u0142\u00f3wnego i Zamku Kr\u00f3lewskiego na Wawelu. To miejsce, gdzie historia XIX-wiecznej kamienicy przeplata si\u0119 z nowoczesnym stylem art d\u00e9co, tworz\u0105c niepowtarzaln\u0105 atmosfer\u0119 elegancji i wyj\u0105tkowo\u015bci. Przekraczaj\u0105c pr\u00f3g tego hotelu, ka\u017cdy go\u015b\u0107 zostaje otoczony trosk\u0105 o najdrobniejsze detale, co sprawia, \u017ce pobyt staje si\u0119 niezapomnianym do\u015bwiadczeniem. Wyj\u0105tkowe wn\u0119trza, wykonane z najszlachetniejszych materia\u0142\u00f3w, emanuj\u0105 subtelno\u015bci\u0105 i klasyk\u0105, zachwycaj\u0105c precyzj\u0105 wykonania w ka\u017cdym detalu. <strong>Bachleda Luxury Hotel Krakow MGallery <\/strong>to nie tylko miejsce relaksu, ale tak\u017ce doskona\u0142a przestrze\u0144 do organizacji spotka\u0144 biznesowych.<\/p>\n\n\n\n<p> Ekskluzywna sala konferencyjna, mog\u0105ca pomie\u015bci\u0107 do 46 os\u00f3b, zapewnia komfort i funkcjonalno\u015b\u0107 podczas ka\u017cdego spotkania. 64 wyj\u0105tkowe pokoje, w tym 3 apartamenty, oferuj\u0105 w dodatku wygod\u0119 na najwy\u017cszym poziomie. Ponadto trzy r\u00f3\u017cnorodne miejsca gastronomiczne &#8211; Restauracja Gavi, Opus Lounge Bar i Patio Gavi &#8211; zach\u0119caj\u0105 do kulinarnej podr\u00f3\u017cy. Dla mi\u0142o\u015bnik\u00f3w relaksu i komfortu, luksusowa strefa wellness jest prawdziwym rajem. Bogata oferta us\u0142ug dodatkowych sprawia, \u017ce ka\u017cdy go\u015b\u0107 mo\u017ce do\u015bwiadczy\u0107 wyj\u0105tkowego luksusu i b\u0142ogiego relaksu, tworz\u0105c niezapomniane wspomnienia z pobytu w sercu Krakowa.<\/p>\n\n\n\n<figure class=\"wp-block-image size-full\"><a href=\"https:\/\/www.mojekonferencje.pl\/blog\/wp-content\/uploads\/2024\/02\/1-9.jpg\"><img loading=\"lazy\" decoding=\"async\" width=\"960\" height=\"580\" src=\"https:\/\/www.mojekonferencje.pl\/blog\/wp-content\/uploads\/2024\/02\/1-9.jpg\" alt=\"\" class=\"wp-image-4806 lazyload\" data-srcset=\"https:\/\/www.mojekonferencje.pl\/blog\/wp-content\/uploads\/2024\/02\/1-9.jpg 960w, https:\/\/www.mojekonferencje.pl\/blog\/wp-content\/uploads\/2024\/02\/1-9-300x181.jpg 300w, https:\/\/www.mojekonferencje.pl\/blog\/wp-content\/uploads\/2024\/02\/1-9-768x464.jpg 768w\" sizes=\"auto\" \/><\/a><\/figure>\n\n\n\n<h2 class=\"wp-block-heading has-text-align-center has-vivid-purple-color has-text-color has-link-color wp-elements-00e9467b11b9c8317f39203491edd707\"><a href=\"https:\/\/www.mojekonferencje.pl\/krakow\/niebieski-art-hotel-spa\"><span style=\"text-decoration: underline;\">Niebieski Art Hotel &amp; Spa<\/span><\/a><\/h2>\n\n\n\n<p>Ten <strong>5-gwiazdkowy hotel w Krakowie<\/strong> to niezwyk\u0142e miejsce, kt\u00f3re zachwyca swoim wyj\u0105tkowym po\u0142\u0105czeniem elegancji i nowoczesno\u015bci. Po\u0142o\u017cony w malowniczej cz\u0119\u015bci Krakowa nad brzegiem Wis\u0142y, stanowi prawdziwy klejnot, inspiruj\u0105cy swoimi unikalnymi wn\u0119trzami i przyjazn\u0105 atmosfer\u0105. Centrum konferencyjne &#8222;Moon-River&#8221;, usytuowane na drugim pi\u0119trze hotelu, oferuje profesjonalne udogodnienia dla biznesu. Z dwiema przestronnymi salami o \u0142\u0105cznej powierzchni 95 m2, elastycznie dostosowuje si\u0119 do potrzeb ka\u017cdej grupy, gwarantuj\u0105c idealne warunki do organizacji spotka\u0144 czy konferencji. <\/p>\n\n\n\n<p>Z 39 przestronnymi pokojami, w tym 2 luksusowymi apartamentami, a tak\u017ce dodatkowymi 11 pokojami w cz\u0119\u015bci Blue Swan, <strong>Niebieski Art Hotel &amp; SPA<\/strong> zapewnia komfortowy i zr\u00f3\u017cnicowany nocleg dla swoich go\u015bci. Restauracja Vanilla Sky, z widokiem na panoram\u0119 Krakowa, to kulinarne doznania po\u0142\u0105czone z wyj\u0105tkowym designem. Vanilla SPA to oaza relaksu, gdzie luksusowe wn\u0119trza i wysoki standard zabieg\u00f3w pozwalaj\u0105 odzyska\u0107 energi\u0119 po dniu pe\u0142nym wra\u017ce\u0144. Kameralna atmosfera oraz strefa Herbarium zapewniaj\u0105 go\u015bciom pe\u0142en spok\u00f3j i wyj\u0105tkowe doznania, kt\u00f3re pozostan\u0105 w pami\u0119ci na d\u0142ugo.<\/p>\n\n\n\n<figure class=\"wp-block-image size-full\"><a href=\"https:\/\/www.mojekonferencje.pl\/blog\/wp-content\/uploads\/2024\/02\/2-9.jpg\"><img loading=\"lazy\" decoding=\"async\" width=\"960\" height=\"580\" src=\"https:\/\/www.mojekonferencje.pl\/blog\/wp-content\/uploads\/2024\/02\/2-9.jpg\" alt=\"\" class=\"wp-image-4807 lazyload\" data-srcset=\"https:\/\/www.mojekonferencje.pl\/blog\/wp-content\/uploads\/2024\/02\/2-9.jpg 960w, https:\/\/www.mojekonferencje.pl\/blog\/wp-content\/uploads\/2024\/02\/2-9-300x181.jpg 300w, https:\/\/www.mojekonferencje.pl\/blog\/wp-content\/uploads\/2024\/02\/2-9-768x464.jpg 768w\" sizes=\"auto\" \/><\/a><\/figure>\n\n\n\n<h2 class=\"wp-block-heading has-text-align-center has-vivid-purple-color has-text-color has-link-color wp-elements-84ec71c00a06b001e7112a9870a4add9\"><a href=\"https:\/\/www.mojekonferencje.pl\/krakow\/autograph-collection-stradom-house\"><span style=\"text-decoration: underline;\">Stradom House, Autograph Collection<\/span><\/a><\/h2>\n\n\n\n<p>\u00d3w obiekt to wi\u0119cej ni\u017c tylko hotel &#8211; to prawdziwe prze\u017cycie dla zmys\u0142\u00f3w, harmonijnie \u0142\u0105cz\u0105ce wykwintny design, histori\u0119 i nowoczesno\u015b\u0107. Po\u0142o\u017cony pomi\u0119dzy Wawelem a dzielnic\u0105 Kazimierz, w samym sercu Krakowa, ten ekskluzywny obiekt przyci\u0105ga swoj\u0105 elegancj\u0105 i unikalnym stylem. Wkraczaj\u0105c do <strong>Stradom House, Autograph Collection<\/strong>, czujesz si\u0119 otoczony luksusem i wyrafinowaniem. Elegancki i nowoczesny wyst\u00f3j, wzbogacony o starannie dobrane detale i wysokiej jako\u015bci materia\u0142y, tworzy niepowtarzaln\u0105 atmosfer\u0119, kt\u00f3ra zaskakuje i zachwyca. Przywr\u00f3cona do \u017cycia historia tego miejsca dodaje mu autentyczno\u015bci i uroku, czyni\u0105c go wyj\u0105tkowym w\u015br\u00f3d hoteli w Krakowie. <\/p>\n\n\n\n<p>Hotel oferuje a\u017c cztery r\u00f3\u017cnorodne sale konferencyjne, kt\u00f3re mog\u0105 pomie\u015bci\u0107 spotkania o r\u00f3\u017cnym charakterze, od kameralnych dyskusji po wi\u0119ksze konferencje. Wielofunkcyjno\u015b\u0107 przestrzeni daje mo\u017cliwo\u015b\u0107 dostosowania ich do indywidualnych potrzeb i wymaga\u0144 klient\u00f3w, zapewniaj\u0105c idealne warunki do efektywnej pracy. Z 125 pokojami o najwy\u017cszym standardzie, gdzie polskie wzornictwo spotyka si\u0119 z elegancj\u0105, oraz trzema wyj\u0105tkowymi restauracjami,<strong> Stradom House<\/strong> oferuje niezapomniane do\u015bwiadczenia dla swoich go\u015bci. To miejsce, gdzie mo\u017cna odkry\u0107 nie tylko wyj\u0105tkowe smaki. Mo\u017cliwe jest te\u017c odetchni\u0119cie od zgie\u0142ku miasta i zanurzenie si\u0119 w luksusie i spokoju.<\/p>\n\n\n\n<figure class=\"wp-block-image size-full\"><a href=\"https:\/\/www.mojekonferencje.pl\/blog\/wp-content\/uploads\/2024\/02\/3-7.jpg\"><img loading=\"lazy\" decoding=\"async\" width=\"960\" height=\"580\" src=\"https:\/\/www.mojekonferencje.pl\/blog\/wp-content\/uploads\/2024\/02\/3-7.jpg\" alt=\"\" class=\"wp-image-4809 lazyload\" data-srcset=\"https:\/\/www.mojekonferencje.pl\/blog\/wp-content\/uploads\/2024\/02\/3-7.jpg 960w, https:\/\/www.mojekonferencje.pl\/blog\/wp-content\/uploads\/2024\/02\/3-7-300x181.jpg 300w, https:\/\/www.mojekonferencje.pl\/blog\/wp-content\/uploads\/2024\/02\/3-7-768x464.jpg 768w\" sizes=\"auto\" \/><\/a><\/figure>\n\n\n\n<h2 class=\"wp-block-heading has-text-align-center has-vivid-purple-color has-text-color has-link-color wp-elements-7cc24d85632b9aa8ac6c6d262dafa218\"><a href=\"https:\/\/www.mojekonferencje.pl\/krakow\/wyndham-grand-krakow-old-town\"><span style=\"text-decoration: underline;\">Wyndham Grand Krakow Old Town<\/span><\/a><\/h2>\n\n\n\n<p>Ten<strong> hotel 5-gwiazdkowy w Krakowie<\/strong> to niezwyk\u0142e po\u0142\u0105czenie luksusu z doskona\u0142ymi udogodnieniami dla organizator\u00f3w konferencji i uczestnik\u00f3w. Po\u0142o\u017cony na rogu ulicy Floria\u0144skiej i \u015bw. Marka, zaledwie krok od historycznego Rynku, ten hotel przyci\u0105ga swoj\u0105 wyj\u0105tkow\u0105 lokalizacj\u0105. Nie tylko \u015bwietna baza noclegowa, ale r\u00f3wnie\u017c doskona\u0142e zaplecze konferencyjne czyni<strong> Wyndham Grand Krakow Old Town<\/strong> idealnym miejscem dla biznesowych spotka\u0144. Nowoczesne sale konferencyjne, w tym Sala Konferencyjna na 90 os\u00f3b oraz klimatyczny Pok\u00f3j \u015aw. Floriana, oferuj\u0105 nie tylko eleganckie wn\u0119trza, ale tak\u017ce kompletny sprz\u0119t multimedialny, gwarantuj\u0105cy wysoki poziom organizacji wydarze\u0144. <\/p>\n\n\n\n<p>Poza tym hotel zapewnia swoim go\u015bciom liczne udogodnienia. Przyk\u0142adami s\u0105: kawiarnia, restauracja serwuj\u0105ca wy\u015bmienite jedzenie, komfortowe pokoje oraz luksusowa strefa relaksu. Profesjonalne zabiegi SPA, jacuzzi, basen, grota solna i sauny sprawiaj\u0105, \u017ce po ca\u0142ym dniu pracy czy zwiedzania mo\u017cna odpr\u0119\u017cy\u0107 si\u0119 i zregenerowa\u0107 si\u0142y. <strong>Wyndham Grand Krakow Old Town<\/strong> to nie tylko miejsce na konferencje. To r\u00f3wnie\u017c oaza luksusu i spokoju, gdzie ka\u017cdy go\u015b\u0107 mo\u017ce poczu\u0107 si\u0119 wyj\u0105tkowo i cieszy\u0107 si\u0119 wypoczynkiem na najwy\u017cszym poziomie.<\/p>\n\n\n\n<figure class=\"wp-block-image size-full\"><a href=\"https:\/\/www.mojekonferencje.pl\/blog\/wp-content\/uploads\/2024\/02\/4-6.jpg\"><img loading=\"lazy\" decoding=\"async\" width=\"960\" height=\"580\" src=\"https:\/\/www.mojekonferencje.pl\/blog\/wp-content\/uploads\/2024\/02\/4-6.jpg\" alt=\"\" class=\"wp-image-4810 lazyload\" data-srcset=\"https:\/\/www.mojekonferencje.pl\/blog\/wp-content\/uploads\/2024\/02\/4-6.jpg 960w, https:\/\/www.mojekonferencje.pl\/blog\/wp-content\/uploads\/2024\/02\/4-6-300x181.jpg 300w, https:\/\/www.mojekonferencje.pl\/blog\/wp-content\/uploads\/2024\/02\/4-6-768x464.jpg 768w\" sizes=\"auto\" \/><\/a><\/figure>\n\n\n\n<h2 class=\"wp-block-heading has-text-align-center has-vivid-purple-color has-text-color has-link-color wp-elements-31582c6194bdc9806de850ecba9a4c82\"><a href=\"https:\/\/www.mojekonferencje.pl\/krakow\/hotel-polski-donimirski\"><span style=\"text-decoration: underline;\">Hotel Polski Pod Bia\u0142ym Or\u0142em<\/span><\/a><\/h2>\n\n\n\n<p>Ten obiekt, reprezentuj\u0105cy <strong>hotele 5-gwiazdkowe w Krakowie<\/strong>, stanowi niezwyk\u0142e po\u0142\u0105czenie luksusu, historii i doskona\u0142ej lokalizacji. Po\u0142o\u017cony w sercu Starego Miasta, przy Bramie Floria\u0144skiej jest idealnym miejscem dla os\u00f3b pragn\u0105cych poczu\u0107 niepowtarzalny klimat Krakowa sprzed wiek\u00f3w. Umieszczony w kamienicy wpisanej do rejestru zabytk\u00f3w, hotel zachwyca autentycznymi \u015bladami z przesz\u0142o\u015bci. Przyk\u0142adem s\u0105 zabytkowe XVI-wieczne belki, freski czy terakota kamionkowa z XIX wieku. <\/p>\n\n\n\n<p>To miejsce, kt\u00f3re nie tylko oferuje luksusowy pobyt, ale tak\u017ce przenosi go\u015bci w podr\u00f3\u017c przez histori\u0119 miasta. Organizacja spotka\u0144 biznesowych w <strong>Hotelu Polski Pod Bia\u0142ym Or\u0142em <\/strong>to gwarancja najwy\u017cszej jako\u015bci dzi\u0119ki wspania\u0142ej lokalizacji i kompleksowemu wyposa\u017ceniu konferencyjnemu. Nowoczesne sale konferencyjne, profesjonalna obs\u0142uga i wyj\u0105tkowa atmosfera sprawiaj\u0105, \u017ce ka\u017cde wydarzenie firmowe staje si\u0119 wyj\u0105tkowe. Restauracja Pijarska 17 to kolejny atut hotelu, gdzie tradycja, smak i wyj\u0105tkowa atmosfera spotykaj\u0105 si\u0119 w serwowanych wy\u015bmienitych polskich daniach.<\/p>\n\n\n\n<figure class=\"wp-block-image size-full\"><a href=\"https:\/\/www.mojekonferencje.pl\/blog\/wp-content\/uploads\/2024\/02\/5-5.jpg\"><img loading=\"lazy\" decoding=\"async\" width=\"960\" height=\"580\" src=\"https:\/\/www.mojekonferencje.pl\/blog\/wp-content\/uploads\/2024\/02\/5-5.jpg\" alt=\"\" class=\"wp-image-4811 lazyload\" data-srcset=\"https:\/\/www.mojekonferencje.pl\/blog\/wp-content\/uploads\/2024\/02\/5-5.jpg 960w, https:\/\/www.mojekonferencje.pl\/blog\/wp-content\/uploads\/2024\/02\/5-5-300x181.jpg 300w, https:\/\/www.mojekonferencje.pl\/blog\/wp-content\/uploads\/2024\/02\/5-5-768x464.jpg 768w\" sizes=\"auto\" \/><\/a><\/figure>\n\n\n\n<h2 class=\"wp-block-heading has-text-align-center has-vivid-purple-color has-text-color has-link-color wp-elements-e7f786206fade737cd9e864112c6365d\"><a href=\"https:\/\/www.mojekonferencje.pl\/krakow\/sheraton-krakow-hotel\"><span style=\"text-decoration: underline;\">Sheraton Grand Krakow<\/span><\/a><\/h2>\n\n\n\n<p>Jest to niezwyk\u0142y <strong>pi\u0119ciogwiazdkowy hotel w Krakowie<\/strong>. Umiejscowiony zosta\u0142 w samym sercu miasta, nad brzegiem Wis\u0142y, z widokiem na Wawel i Bulwary Wi\u015blane. To idealne miejsce dla organizacji konferencji, korzystania z urok\u00f3w miasta oraz biznesowych spotka\u0144. Zaledwie 10-minutowy spacer dzieli hotel od Rynku G\u0142\u00f3wnego, s\u0142ynnego Kazimierza i Podg\u00f3rza. Sprawia to, \u017ce go\u015bcie mog\u0105 swobodnie odkrywa\u0107 uroki stolicy Ma\u0142opolski. \u0141atwy dost\u0119p zar\u00f3wno w\u0142asnym transportem, jak i publicznym, czyni lokalizacj\u0119 jeszcze bardziej atrakcyjn\u0105. Jednak to nie tylko lokalizacja czyni ten hotel wyj\u0105tkowym. <\/p>\n\n\n\n<p>Unikalne wn\u0119trze z imponuj\u0105cym atrium oraz 232 przestronne, nowoczesne pokoje i apartamenty zapewniaj\u0105 wyj\u0105tkowy komfort pobytu. <strong>Sheraton<\/strong> to tak\u017ce doskona\u0142e miejsce dla biznesu, oferuj\u0105ce imponuj\u0105ce zaplecze konferencyjne. Z o\u015bmioma salami konferencyjnymi i obszernym foyer hotel zapewniaj\u0105 odpowiednie warunki dla r\u00f3\u017cnorodnych wydarze\u0144 biznesowych. Go\u015bcie wybieraj\u0105cy opcj\u0119 klubow\u0105 maj\u0105 dost\u0119p do ekskluzywnego Sheraton Club. Mo\u017cna w nim pracowa\u0107 i odpoczywa\u0107, korzystaj\u0105c z bufetu z zimnymi i ciep\u0142ymi przek\u0105skami oraz napojami.<\/p>\n\n\n\n<figure class=\"wp-block-image size-full\"><a href=\"https:\/\/www.mojekonferencje.pl\/blog\/wp-content\/uploads\/2024\/02\/6-4.jpg\"><img loading=\"lazy\" decoding=\"async\" width=\"960\" height=\"580\" src=\"https:\/\/www.mojekonferencje.pl\/blog\/wp-content\/uploads\/2024\/02\/6-4.jpg\" alt=\"\" class=\"wp-image-4812 lazyload\" data-srcset=\"https:\/\/www.mojekonferencje.pl\/blog\/wp-content\/uploads\/2024\/02\/6-4.jpg 960w, https:\/\/www.mojekonferencje.pl\/blog\/wp-content\/uploads\/2024\/02\/6-4-300x181.jpg 300w, https:\/\/www.mojekonferencje.pl\/blog\/wp-content\/uploads\/2024\/02\/6-4-768x464.jpg 768w\" sizes=\"auto\" \/><\/a><\/figure>\n\n\n\n<h2 class=\"wp-block-heading has-text-align-center has-vivid-purple-color has-text-color has-link-color wp-elements-21eba048e15e982493f915ff82ac9517\"><a href=\"https:\/\/www.mojekonferencje.pl\/krakow\/hotel-saski\"><span style=\"text-decoration: underline;\">Hotel Saski Krak\u00f3w Curio Collection by Hilton<\/span><\/a><\/h2>\n\n\n\n<p>Ten <strong>hotel 5-gwiazdkowy w centrum Krakowa<\/strong> oferuje niezr\u00f3wnan\u0105 atmosfer\u0119 dla organizacji konferencji oraz pobytu w luksusowych warunkach. Zaledwie 15 minut od hotelu znajduje si\u0119 uroczy Kazimierz, idealny na relaksuj\u0105ce spacery. Luksusowe wn\u0119trza hotelu skrywaj\u0105 wysokiej klasy pokoje i apartamenty, zapewniaj\u0105c komfortowy pobyt zar\u00f3wno dla rodzin, jak i podr\u00f3\u017cuj\u0105cych s\u0142u\u017cbowo. Przestrze\u0144 eventowa o powierzchni 295 m\u00b2, sk\u0142adaj\u0105ca si\u0119 z 3 pi\u0119knie zaaran\u017cowanych sal, gwarantuje udane i efektywne spotkania biznesowe. <\/p>\n\n\n\n<p><strong>Hotel Saski<\/strong> oferuje tak\u017ce wyj\u0105tkowe doznania kulinarne w eleganckiej Restauracji Regale, serwuj\u0105cej autentyczne polskie dania z mi\u0119dzynarodowymi nutami. S\u0105 one przygotowane z najwy\u017cszej jako\u015bci produkt\u00f3w przez do\u015bwiadczonego szefa kuchni. Dodatkowo go\u015bcie mog\u0105 skorzysta\u0107 z wysoce komfortowych nocleg\u00f3w oraz bogatego zaplecza rekreacyjnego, obejmuj\u0105cego odkryty i kryty basen, centrum fitness, butik oraz SPA z saun\u0105 i gabinetem masa\u017cu. To wszystko sprawia, \u017ce <strong>Hotel Saski <\/strong>to nie tylko miejsce na konferencje. Jest to r\u00f3wnie\u017c doskona\u0142e miejsce na relaks i regeneracj\u0119 po intensywnym dniu.<\/p>\n\n\n\n<figure class=\"wp-block-image size-full\"><a href=\"https:\/\/www.mojekonferencje.pl\/blog\/wp-content\/uploads\/2024\/02\/7-4.jpg\"><img loading=\"lazy\" decoding=\"async\" width=\"960\" height=\"580\" src=\"https:\/\/www.mojekonferencje.pl\/blog\/wp-content\/uploads\/2024\/02\/7-4.jpg\" alt=\"\" class=\"wp-image-4813 lazyload\" data-srcset=\"https:\/\/www.mojekonferencje.pl\/blog\/wp-content\/uploads\/2024\/02\/7-4.jpg 960w, https:\/\/www.mojekonferencje.pl\/blog\/wp-content\/uploads\/2024\/02\/7-4-300x181.jpg 300w, https:\/\/www.mojekonferencje.pl\/blog\/wp-content\/uploads\/2024\/02\/7-4-768x464.jpg 768w\" sizes=\"auto\" \/><\/a><\/figure>\n\n\n\n<h2 class=\"wp-block-heading has-text-align-center has-vivid-purple-color has-text-color has-link-color wp-elements-0cc2560750a7619158ef0c5340a32fdd\"><a href=\"https:\/\/www.mojekonferencje.pl\/krakow\/radisson-blu-krakow-\"><span style=\"text-decoration: underline;\">Radisson Blu Hotel Krak\u00f3w<\/span><\/a><\/h2>\n\n\n\n<p>Zaplanuj swoj\u0105 konferencj\u0119 w pi\u0119ciogwiazdkowym <strong>Hotelu Radisson Blu<\/strong>. Znajduje si\u0119 w samym sercu magicznego Krakowa, przy Plantach, pomi\u0119dzy Rynkiem G\u0142\u00f3wnym a Zamkiem Kr\u00f3lewskim na Wawelu. Hotel oferuje 196 nowoczesnych pokoi, kt\u00f3re zapewni\u0105 wygodny i luksusowy pobyt dla wszystkich uczestnik\u00f3w. Centrum konferencyjno-bankietowe hotelu sk\u0142ada si\u0119 z 8 sal konferencyjnych oraz foyer. Zapewnia wi\u0119c odpowiednie miejsce zar\u00f3wno na du\u017ce wydarzenia, jak szkolenia czy konferencje, jak i na kameralne spotkania w ekskluzywnych salach typu boardroom. <\/p>\n\n\n\n<p>Wszystkie sale s\u0105 klimatyzowane i maj\u0105 naturalne o\u015bwietlenie, co sprzyja efektywnej pracy i komfortowi uczestnik\u00f3w. Dodatkowo <strong>Hotel Radisson Blu<\/strong> oferuje doskona\u0142e udogodnienia, takie jak dwie restauracje, lobby bar, podziemny parking, centrum fitness z saun\u0105 oraz studio urody. Go\u015bcie maj\u0105 tak\u017ce bezp\u0142atny dost\u0119p do internetu oraz mog\u0105 korzysta\u0107 z wypo\u017cyczalni rower\u00f3w w sezonie letnim.<\/p>\n\n\n\n<figure class=\"wp-block-image size-large\"><a href=\"https:\/\/www.mojekonferencje.pl\/blog\/wp-content\/uploads\/2024\/02\/16256-114843-f78955912_4k.jpg\"><img loading=\"lazy\" decoding=\"async\" width=\"1024\" height=\"767\" src=\"https:\/\/www.mojekonferencje.pl\/blog\/wp-content\/uploads\/2024\/02\/16256-114843-f78955912_4k-1024x767.jpg\" alt=\"\" class=\"wp-image-4814 lazyload\" data-srcset=\"https:\/\/www.mojekonferencje.pl\/blog\/wp-content\/uploads\/2024\/02\/16256-114843-f78955912_4k-1024x767.jpg 1024w, https:\/\/www.mojekonferencje.pl\/blog\/wp-content\/uploads\/2024\/02\/16256-114843-f78955912_4k-300x225.jpg 300w, https:\/\/www.mojekonferencje.pl\/blog\/wp-content\/uploads\/2024\/02\/16256-114843-f78955912_4k-768x575.jpg 768w, https:\/\/www.mojekonferencje.pl\/blog\/wp-content\/uploads\/2024\/02\/16256-114843-f78955912_4k.jpg 1068w\" sizes=\"auto\" \/><\/a><\/figure>\n\n\n\n<h2 class=\"wp-block-heading has-text-align-center\"><a href=\"https:\/\/www.mojekonferencje.pl\/krakow\/holiday-inn-krakow-city-center\"><mark style=\"background-color:rgba(0, 0, 0, 0)\" class=\"has-inline-color has-vivid-purple-color\"><span style=\"text-decoration: underline;\">Holiday Inn Krakow City Centre<\/span><\/mark><\/a><\/h2>\n\n\n\n<p>Kolejn\u0105 propozycj\u0105 jest <strong>Holiday Inn Krakow City Centre<\/strong> to presti\u017cowy, pi\u0119ciogwiazdkowy hotel, kt\u00f3ry \u0142\u0105czy elegancj\u0119 zabytkowego Pa\u0142acu Pare\u0144skich z nowoczesn\u0105 architektur\u0105 i komfortem. Po\u0142o\u017cony zaledwie kilka minut spacerem od Rynku G\u0142\u00f3wnego, stanowi doskona\u0142\u0105 baz\u0119 zar\u00f3wno dla turyst\u00f3w, jak i go\u015bci biznesowych.<\/p>\n\n\n\n<p>Hotel oferuje <strong>236 stylowo urz\u0105dzonych, klimatyzowanych pokoi i apartament\u00f3w<\/strong>, w tym pokoje typu Standard, Premium, przestronne suity oraz Apartament Prezydencki. Do dyspozycji go\u015bci<strong> oddano rozbudowane centrum konferencyjne o powierzchni ponad 1500 mkw<\/strong>., rozlokowane na trzech poziomach. Nowoczesne sale wyposa\u017cone s\u0105 w rzutniki, ekrany, system nag\u0142o\u015bnienia oraz bezp\u0142atny dost\u0119p do Wi-Fi, co czyni hotel idealnym miejscem na organizacj\u0119 konferencji, szkole\u0144, spotka\u0144 biznesowych i bankiet\u00f3w.<\/p>\n\n\n\n<p>Holiday Inn Krakow City Centre zapewnia r\u00f3wnie\u017c<strong> szerok\u0105 ofert\u0119 us\u0142ug dodatkowych<\/strong>, w tym Reflections Lobby Bar &amp; Restaurant \u2013 idealny na spotkania towarzyskie i biznesowe, restauracj\u0119 \u015bniadaniow\u0105 The City oraz kameraln\u0105 restauracj\u0119 Impresja dla grup zorganizowanych. Go\u015bcie mog\u0105 <strong>korzysta\u0107 z si\u0142owni, pralni, bankomatu, us\u0142ug concierge i podziemnego parkingu.<\/strong> Na terenie obiektu znajduje si\u0119 tak\u017ce elegancki butik z bi\u017cuteri\u0105 Gale oraz ekskluzywne Tao Tao Balijskie SPA oferuj\u0105ce rytua\u0142y inspirowane kultur\u0105 Dalekiego Wschodu.<\/p>\n\n\n\n<figure class=\"wp-block-gallery has-nested-images columns-default is-cropped wp-block-gallery-1 is-layout-flex wp-block-gallery-is-layout-flex\">\n<figure class=\"wp-block-image size-full\"><a href=\"https:\/\/www.mojekonferencje.pl\/blog\/wp-content\/uploads\/2024\/02\/holiday-inn-krakow-city-center-facade1-960x580-1.webp\"><img loading=\"lazy\" decoding=\"async\" width=\"960\" height=\"580\" data-id=\"7021\" src=\"https:\/\/www.mojekonferencje.pl\/blog\/wp-content\/uploads\/2024\/02\/holiday-inn-krakow-city-center-facade1-960x580-1.webp\" alt=\"\" class=\"wp-image-7021 lazyload\" data-srcset=\"https:\/\/www.mojekonferencje.pl\/blog\/wp-content\/uploads\/2024\/02\/holiday-inn-krakow-city-center-facade1-960x580-1.webp 960w, https:\/\/www.mojekonferencje.pl\/blog\/wp-content\/uploads\/2024\/02\/holiday-inn-krakow-city-center-facade1-960x580-1-300x181.webp 300w, https:\/\/www.mojekonferencje.pl\/blog\/wp-content\/uploads\/2024\/02\/holiday-inn-krakow-city-center-facade1-960x580-1-768x464.webp 768w\" sizes=\"auto\" \/><\/a><\/figure>\n<\/figure>\n","protected":false},"excerpt":{"rendered":"<p>Oto luksusowe hotele 5-gwiazdkowe w Krakowie &#8211; idealne miejsce dla biznesowych spotka\u0144. Poznaj niezr\u00f3wnany urok miasta w po\u0142\u0105czeniu z profesjonalizmem i elegancj\u0105, tworz\u0105cym doskona\u0142e t\u0142o dla konferencji i szkole\u0144.<\/p>\n","protected":false},"author":9,"featured_media":4805,"comment_status":"closed","ping_status":"closed","sticky":false,"template":"","format":"standard","meta":{"_acf_changed":false,"footnotes":""},"categories":[8,175],"tags":[368,367,271,29,354],"class_list":["post-4804","post","type-post","status-publish","format-standard","has-post-thumbnail","hentry","category-porady","category-wybieranie-miejsca-konferencyjnego","tag-hotel","tag-hotele","tag-hotele-konferencyjne","tag-krakow","tag-organizacja-wydarzen"],"acf":[],"yoast_head":"<!-- This site is optimized with the Yoast SEO plugin v27.1.1 - https:\/\/yoast.com\/product\/yoast-seo-wordpress\/ -->\n<title>Hotele 5-gwiazdkowe w Krakowie - blog | MojeKonferencje.pl<\/title>\n<meta name=\"description\" content=\"Hotele 5-gwiazdkowe w Krakowie - blog | MojeKonferencje.pl\" \/>\n<meta name=\"robots\" content=\"index, follow, max-snippet:-1, max-image-preview:large, max-video-preview:-1\" \/>\n<link rel=\"canonical\" href=\"https:\/\/www.mojekonferencje.pl\/blog\/hotele-5-gwiazdkowe-w-krakowie\/\" \/>\n<meta property=\"og:locale\" content=\"pl_PL\" \/>\n<meta property=\"og:type\" content=\"article\" \/>\n<meta property=\"og:title\" content=\"Hotele 5-gwiazdkowe w Krakowie - blog | MojeKonferencje.pl\" \/>\n<meta property=\"og:description\" content=\"Hotele 5-gwiazdkowe w Krakowie - blog | MojeKonferencje.pl\" \/>\n<meta property=\"og:url\" content=\"https:\/\/www.mojekonferencje.pl\/blog\/hotele-5-gwiazdkowe-w-krakowie\/\" \/>\n<meta property=\"og:site_name\" content=\"MojeKonferencje.pl\" \/>\n<meta property=\"article:published_time\" content=\"2024-02-22T17:30:00+00:00\" \/>\n<meta property=\"article:modified_time\" content=\"2025-05-12T16:15:33+00:00\" \/>\n<meta property=\"og:image\" content=\"https:\/\/www.mojekonferencje.pl\/blog\/wp-content\/uploads\/2024\/02\/Fotoram.io-66.jpg\" \/>\n\t<meta property=\"og:image:width\" content=\"1200\" \/>\n\t<meta property=\"og:image:height\" content=\"708\" \/>\n\t<meta property=\"og:image:type\" content=\"image\/jpeg\" \/>\n<meta name=\"author\" content=\"Olga Stawicka-Iwanowska\" \/>\n<meta name=\"twitter:card\" content=\"summary_large_image\" \/>\n<meta name=\"twitter:label1\" content=\"Napisane przez\" \/>\n\t<meta name=\"twitter:data1\" content=\"Olga Stawicka-Iwanowska\" \/>\n\t<meta name=\"twitter:label2\" content=\"Szacowany czas czytania\" \/>\n\t<meta name=\"twitter:data2\" content=\"12 minut\" \/>\n<script type=\"application\/ld+json\" class=\"yoast-schema-graph\">{\"@context\":\"https:\/\/schema.org\",\"@graph\":[{\"@type\":\"Article\",\"@id\":\"https:\/\/www.mojekonferencje.pl\/blog\/hotele-5-gwiazdkowe-w-krakowie\/#article\",\"isPartOf\":{\"@id\":\"https:\/\/www.mojekonferencje.pl\/blog\/hotele-5-gwiazdkowe-w-krakowie\/\"},\"author\":{\"name\":\"Olga Stawicka-Iwanowska\",\"@id\":\"https:\/\/www.mojekonferencje.pl\/blog\/#\/schema\/person\/d6751ca3c60de9ec17ee21b744bbb2d4\"},\"headline\":\"Hotele 5-gwiazdkowe w Krakowie\",\"datePublished\":\"2024-02-22T17:30:00+00:00\",\"dateModified\":\"2025-05-12T16:15:33+00:00\",\"mainEntityOfPage\":{\"@id\":\"https:\/\/www.mojekonferencje.pl\/blog\/hotele-5-gwiazdkowe-w-krakowie\/\"},\"wordCount\":1939,\"image\":{\"@id\":\"https:\/\/www.mojekonferencje.pl\/blog\/hotele-5-gwiazdkowe-w-krakowie\/#primaryimage\"},\"thumbnailUrl\":\"https:\/\/www.mojekonferencje.pl\/blog\/wp-content\/uploads\/2024\/02\/Fotoram.io-66.jpg\",\"keywords\":[\"hotel\",\"hotele\",\"hotele konferencyjne\",\"Krak\u00f3w\",\"organizacja wydarze\u0144\"],\"articleSection\":[\"Porady\",\"Wybieranie miejsca konferencyjnego\"],\"inLanguage\":\"pl-PL\"},{\"@type\":\"WebPage\",\"@id\":\"https:\/\/www.mojekonferencje.pl\/blog\/hotele-5-gwiazdkowe-w-krakowie\/\",\"url\":\"https:\/\/www.mojekonferencje.pl\/blog\/hotele-5-gwiazdkowe-w-krakowie\/\",\"name\":\"Hotele 5-gwiazdkowe w Krakowie - blog | MojeKonferencje.pl\",\"isPartOf\":{\"@id\":\"https:\/\/www.mojekonferencje.pl\/blog\/#website\"},\"primaryImageOfPage\":{\"@id\":\"https:\/\/www.mojekonferencje.pl\/blog\/hotele-5-gwiazdkowe-w-krakowie\/#primaryimage\"},\"image\":{\"@id\":\"https:\/\/www.mojekonferencje.pl\/blog\/hotele-5-gwiazdkowe-w-krakowie\/#primaryimage\"},\"thumbnailUrl\":\"https:\/\/www.mojekonferencje.pl\/blog\/wp-content\/uploads\/2024\/02\/Fotoram.io-66.jpg\",\"datePublished\":\"2024-02-22T17:30:00+00:00\",\"dateModified\":\"2025-05-12T16:15:33+00:00\",\"author\":{\"@id\":\"https:\/\/www.mojekonferencje.pl\/blog\/#\/schema\/person\/d6751ca3c60de9ec17ee21b744bbb2d4\"},\"description\":\"Hotele 5-gwiazdkowe w Krakowie - blog | MojeKonferencje.pl\",\"breadcrumb\":{\"@id\":\"https:\/\/www.mojekonferencje.pl\/blog\/hotele-5-gwiazdkowe-w-krakowie\/#breadcrumb\"},\"inLanguage\":\"pl-PL\",\"potentialAction\":[{\"@type\":\"ReadAction\",\"target\":[\"https:\/\/www.mojekonferencje.pl\/blog\/hotele-5-gwiazdkowe-w-krakowie\/\"]}]},{\"@type\":\"ImageObject\",\"inLanguage\":\"pl-PL\",\"@id\":\"https:\/\/www.mojekonferencje.pl\/blog\/hotele-5-gwiazdkowe-w-krakowie\/#primaryimage\",\"url\":\"https:\/\/www.mojekonferencje.pl\/blog\/wp-content\/uploads\/2024\/02\/Fotoram.io-66.jpg\",\"contentUrl\":\"https:\/\/www.mojekonferencje.pl\/blog\/wp-content\/uploads\/2024\/02\/Fotoram.io-66.jpg\",\"width\":1200,\"height\":708},{\"@type\":\"BreadcrumbList\",\"@id\":\"https:\/\/www.mojekonferencje.pl\/blog\/hotele-5-gwiazdkowe-w-krakowie\/#breadcrumb\",\"itemListElement\":[{\"@type\":\"ListItem\",\"position\":1,\"name\":\"Strona g\u0142\u00f3wna\",\"item\":\"https:\/\/www.mojekonferencje.pl\/blog\/\"},{\"@type\":\"ListItem\",\"position\":2,\"name\":\"Hotele 5-gwiazdkowe w Krakowie\"}]},{\"@type\":\"WebSite\",\"@id\":\"https:\/\/www.mojekonferencje.pl\/blog\/#website\",\"url\":\"https:\/\/www.mojekonferencje.pl\/blog\/\",\"name\":\"MojeKonferencje.pl\",\"description\":\"Blog bran\u017cy szkoleniowo-konferencyjnej. W\u0142\u0105cz si\u0119 do dyskusji o obiektach konferencyjnych i nowo\u015bciach z bran\u017cy! Poznaj porady odno\u015bnie organizacji konferencji, szkole\u0144 i event\u00f3w firmowych! Zach\u0119camy do wyra\u017cania opinii oraz komentarzy.\",\"potentialAction\":[{\"@type\":\"SearchAction\",\"target\":{\"@type\":\"EntryPoint\",\"urlTemplate\":\"https:\/\/www.mojekonferencje.pl\/blog\/?s={search_term_string}\"},\"query-input\":{\"@type\":\"PropertyValueSpecification\",\"valueRequired\":true,\"valueName\":\"search_term_string\"}}],\"inLanguage\":\"pl-PL\"},{\"@type\":\"Person\",\"@id\":\"https:\/\/www.mojekonferencje.pl\/blog\/#\/schema\/person\/d6751ca3c60de9ec17ee21b744bbb2d4\",\"name\":\"Olga Stawicka-Iwanowska\",\"description\":\"Head of Marketing z ponad sze\u015bcioletnim do\u015bwiadczeniem w bran\u017cy MICE. Na co dzie\u0144 zajmuje si\u0119 content marketingiem i promocj\u0105 obiekt\u00f3w eventowych, tak aby organizatorzy kongres\u00f3w, targ\u00f3w i konferencji wiedzieli, \u017ce w\u0142a\u015bnie tam warto zrealizowa\u0107 swoje wydarzenie. Prowadzi media spo\u0142eczno\u015bciowe, tworzy strategie komunikacji, pisze artyku\u0142y i dba o sp\u00f3jny wizerunek marki w ka\u017cdym kanale. W swojej pracy \u0142\u0105czy analityczne my\u015blenie z kreatywno\u015bci\u0105 i dobrym copy. Wsp\u00f3\u0142pracuje zar\u00f3wno z organizatorami najwi\u0119kszych wydarze\u0144 w Polsce, jak i z regionalnymi partnerami z bran\u017cy. Po godzinach mi\u0142o\u015bniczka podr\u00f3\u017cy po Europie, dobrej kuchni i klimatycznych miejsc, w kt\u00f3rych mo\u017cna z\u0142apa\u0107 oddech.\",\"sameAs\":[\"http:\/\/MojeKonferencje.pl\",\"https:\/\/www.linkedin.com\/in\/olgastawicka\/\"],\"url\":\"https:\/\/www.mojekonferencje.pl\/blog\/author\/osawicka\/\"}]}<\/script>\n<!-- \/ Yoast SEO plugin. -->","yoast_head_json":{"title":"Hotele 5-gwiazdkowe w Krakowie - blog | MojeKonferencje.pl","description":"Hotele 5-gwiazdkowe w Krakowie - blog | MojeKonferencje.pl","robots":{"index":"index","follow":"follow","max-snippet":"max-snippet:-1","max-image-preview":"max-image-preview:large","max-video-preview":"max-video-preview:-1"},"canonical":"https:\/\/www.mojekonferencje.pl\/blog\/hotele-5-gwiazdkowe-w-krakowie\/","og_locale":"pl_PL","og_type":"article","og_title":"Hotele 5-gwiazdkowe w Krakowie - blog | MojeKonferencje.pl","og_description":"Hotele 5-gwiazdkowe w Krakowie - blog | MojeKonferencje.pl","og_url":"https:\/\/www.mojekonferencje.pl\/blog\/hotele-5-gwiazdkowe-w-krakowie\/","og_site_name":"MojeKonferencje.pl","article_published_time":"2024-02-22T17:30:00+00:00","article_modified_time":"2025-05-12T16:15:33+00:00","og_image":[{"width":1200,"height":708,"url":"https:\/\/www.mojekonferencje.pl\/blog\/wp-content\/uploads\/2024\/02\/Fotoram.io-66.jpg","type":"image\/jpeg"}],"author":"Olga Stawicka-Iwanowska","twitter_card":"summary_large_image","twitter_misc":{"Napisane przez":"Olga Stawicka-Iwanowska","Szacowany czas czytania":"12 minut"},"schema":{"@context":"https:\/\/schema.org","@graph":[{"@type":"Article","@id":"https:\/\/www.mojekonferencje.pl\/blog\/hotele-5-gwiazdkowe-w-krakowie\/#article","isPartOf":{"@id":"https:\/\/www.mojekonferencje.pl\/blog\/hotele-5-gwiazdkowe-w-krakowie\/"},"author":{"name":"Olga Stawicka-Iwanowska","@id":"https:\/\/www.mojekonferencje.pl\/blog\/#\/schema\/person\/d6751ca3c60de9ec17ee21b744bbb2d4"},"headline":"Hotele 5-gwiazdkowe w Krakowie","datePublished":"2024-02-22T17:30:00+00:00","dateModified":"2025-05-12T16:15:33+00:00","mainEntityOfPage":{"@id":"https:\/\/www.mojekonferencje.pl\/blog\/hotele-5-gwiazdkowe-w-krakowie\/"},"wordCount":1939,"image":{"@id":"https:\/\/www.mojekonferencje.pl\/blog\/hotele-5-gwiazdkowe-w-krakowie\/#primaryimage"},"thumbnailUrl":"https:\/\/www.mojekonferencje.pl\/blog\/wp-content\/uploads\/2024\/02\/Fotoram.io-66.jpg","keywords":["hotel","hotele","hotele konferencyjne","Krak\u00f3w","organizacja wydarze\u0144"],"articleSection":["Porady","Wybieranie miejsca konferencyjnego"],"inLanguage":"pl-PL"},{"@type":"WebPage","@id":"https:\/\/www.mojekonferencje.pl\/blog\/hotele-5-gwiazdkowe-w-krakowie\/","url":"https:\/\/www.mojekonferencje.pl\/blog\/hotele-5-gwiazdkowe-w-krakowie\/","name":"Hotele 5-gwiazdkowe w Krakowie - blog | MojeKonferencje.pl","isPartOf":{"@id":"https:\/\/www.mojekonferencje.pl\/blog\/#website"},"primaryImageOfPage":{"@id":"https:\/\/www.mojekonferencje.pl\/blog\/hotele-5-gwiazdkowe-w-krakowie\/#primaryimage"},"image":{"@id":"https:\/\/www.mojekonferencje.pl\/blog\/hotele-5-gwiazdkowe-w-krakowie\/#primaryimage"},"thumbnailUrl":"https:\/\/www.mojekonferencje.pl\/blog\/wp-content\/uploads\/2024\/02\/Fotoram.io-66.jpg","datePublished":"2024-02-22T17:30:00+00:00","dateModified":"2025-05-12T16:15:33+00:00","author":{"@id":"https:\/\/www.mojekonferencje.pl\/blog\/#\/schema\/person\/d6751ca3c60de9ec17ee21b744bbb2d4"},"description":"Hotele 5-gwiazdkowe w Krakowie - blog | MojeKonferencje.pl","breadcrumb":{"@id":"https:\/\/www.mojekonferencje.pl\/blog\/hotele-5-gwiazdkowe-w-krakowie\/#breadcrumb"},"inLanguage":"pl-PL","potentialAction":[{"@type":"ReadAction","target":["https:\/\/www.mojekonferencje.pl\/blog\/hotele-5-gwiazdkowe-w-krakowie\/"]}]},{"@type":"ImageObject","inLanguage":"pl-PL","@id":"https:\/\/www.mojekonferencje.pl\/blog\/hotele-5-gwiazdkowe-w-krakowie\/#primaryimage","url":"https:\/\/www.mojekonferencje.pl\/blog\/wp-content\/uploads\/2024\/02\/Fotoram.io-66.jpg","contentUrl":"https:\/\/www.mojekonferencje.pl\/blog\/wp-content\/uploads\/2024\/02\/Fotoram.io-66.jpg","width":1200,"height":708},{"@type":"BreadcrumbList","@id":"https:\/\/www.mojekonferencje.pl\/blog\/hotele-5-gwiazdkowe-w-krakowie\/#breadcrumb","itemListElement":[{"@type":"ListItem","position":1,"name":"Strona g\u0142\u00f3wna","item":"https:\/\/www.mojekonferencje.pl\/blog\/"},{"@type":"ListItem","position":2,"name":"Hotele 5-gwiazdkowe w Krakowie"}]},{"@type":"WebSite","@id":"https:\/\/www.mojekonferencje.pl\/blog\/#website","url":"https:\/\/www.mojekonferencje.pl\/blog\/","name":"MojeKonferencje.pl","description":"Blog bran\u017cy szkoleniowo-konferencyjnej. W\u0142\u0105cz si\u0119 do dyskusji o obiektach konferencyjnych i nowo\u015bciach z bran\u017cy! Poznaj porady odno\u015bnie organizacji konferencji, szkole\u0144 i event\u00f3w firmowych! Zach\u0119camy do wyra\u017cania opinii oraz komentarzy.","potentialAction":[{"@type":"SearchAction","target":{"@type":"EntryPoint","urlTemplate":"https:\/\/www.mojekonferencje.pl\/blog\/?s={search_term_string}"},"query-input":{"@type":"PropertyValueSpecification","valueRequired":true,"valueName":"search_term_string"}}],"inLanguage":"pl-PL"},{"@type":"Person","@id":"https:\/\/www.mojekonferencje.pl\/blog\/#\/schema\/person\/d6751ca3c60de9ec17ee21b744bbb2d4","name":"Olga Stawicka-Iwanowska","description":"Head of Marketing z ponad sze\u015bcioletnim do\u015bwiadczeniem w bran\u017cy MICE. Na co dzie\u0144 zajmuje si\u0119 content marketingiem i promocj\u0105 obiekt\u00f3w eventowych, tak aby organizatorzy kongres\u00f3w, targ\u00f3w i konferencji wiedzieli, \u017ce w\u0142a\u015bnie tam warto zrealizowa\u0107 swoje wydarzenie. Prowadzi media spo\u0142eczno\u015bciowe, tworzy strategie komunikacji, pisze artyku\u0142y i dba o sp\u00f3jny wizerunek marki w ka\u017cdym kanale. W swojej pracy \u0142\u0105czy analityczne my\u015blenie z kreatywno\u015bci\u0105 i dobrym copy. Wsp\u00f3\u0142pracuje zar\u00f3wno z organizatorami najwi\u0119kszych wydarze\u0144 w Polsce, jak i z regionalnymi partnerami z bran\u017cy. Po godzinach mi\u0142o\u015bniczka podr\u00f3\u017cy po Europie, dobrej kuchni i klimatycznych miejsc, w kt\u00f3rych mo\u017cna z\u0142apa\u0107 oddech.","sameAs":["http:\/\/MojeKonferencje.pl","https:\/\/www.linkedin.com\/in\/olgastawicka\/"],"url":"https:\/\/www.mojekonferencje.pl\/blog\/author\/osawicka\/"}]}},"_links":{"self":[{"href":"https:\/\/www.mojekonferencje.pl\/blog\/wp-json\/wp\/v2\/posts\/4804","targetHints":{"allow":["GET"]}}],"collection":[{"href":"https:\/\/www.mojekonferencje.pl\/blog\/wp-json\/wp\/v2\/posts"}],"about":[{"href":"https:\/\/www.mojekonferencje.pl\/blog\/wp-json\/wp\/v2\/types\/post"}],"author":[{"embeddable":true,"href":"https:\/\/www.mojekonferencje.pl\/blog\/wp-json\/wp\/v2\/users\/9"}],"replies":[{"embeddable":true,"href":"https:\/\/www.mojekonferencje.pl\/blog\/wp-json\/wp\/v2\/comments?post=4804"}],"version-history":[{"count":3,"href":"https:\/\/www.mojekonferencje.pl\/blog\/wp-json\/wp\/v2\/posts\/4804\/revisions"}],"predecessor-version":[{"id":7024,"href":"https:\/\/www.mojekonferencje.pl\/blog\/wp-json\/wp\/v2\/posts\/4804\/revisions\/7024"}],"wp:featuredmedia":[{"embeddable":true,"href":"https:\/\/www.mojekonferencje.pl\/blog\/wp-json\/wp\/v2\/media\/4805"}],"wp:attachment":[{"href":"https:\/\/www.mojekonferencje.pl\/blog\/wp-json\/wp\/v2\/media?parent=4804"}],"wp:term":[{"taxonomy":"category","embeddable":true,"href":"https:\/\/www.mojekonferencje.pl\/blog\/wp-json\/wp\/v2\/categories?post=4804"},{"taxonomy":"post_tag","embeddable":true,"href":"https:\/\/www.mojekonferencje.pl\/blog\/wp-json\/wp\/v2\/tags?post=4804"}],"curies":[{"name":"wp","href":"https:\/\/api.w.org\/{rel}","templated":true}]}}