{"id":4819,"date":"2024-03-06T16:35:00","date_gmt":"2024-03-06T14:35:00","guid":{"rendered":"https:\/\/www.mojekonferencje.pl\/blog\/?p=4819"},"modified":"2024-05-07T11:48:01","modified_gmt":"2024-05-07T09:48:01","slug":"gorskie-resorty-najlepsze-hotele-na-wypoczynek-w-gorach-i-nad-morzem","status":"publish","type":"post","link":"https:\/\/www.mojekonferencje.pl\/blog\/gorskie-resorty-najlepsze-hotele-na-wypoczynek-w-gorach-i-nad-morzem\/","title":{"rendered":"G\u00f3rskie Resorty &#8211; najlepsze hotele na wypoczynek w g\u00f3rach i nad morzem!"},"content":{"rendered":"\n<p>Czy marzysz o wyj\u0105tkowym miejscu, kt\u00f3re pozwoli Twojej firmie zachwyci\u0107 klient\u00f3w i pracownik\u00f3w podczas biznesowych spotka\u0144? <strong>G\u00f3rskie Resorty <\/strong>to odpowied\u017a na Twoje potrzeby! Ta grupa sk\u0142ada si\u0119 z dziesi\u0119ciu luksusowych obiekt\u00f3w, rozsianych w malowniczych zak\u0105tkach polskich g\u00f3r, takich jak Szklarska Por\u0119ba, Karpacz, \u0141omnica i Wis\u0142a. Wbrew pozorom jednak <strong>G\u00f3rskie Resorty<\/strong> obejmuj\u0105 nie tylko obiekty po\u0142o\u017cone w po\u0142udniowej cz\u0119\u015bci Polski, ale te\u017c nad morzem, np. w Pobierowie. To nie tylko miejsca pe\u0142ne komfortowych pokoi i apartament\u00f3w, ale tak\u017ce prawdziwe oazy przyjemno\u015bci, oferuj\u0105ce niezapomniane atrakcje przez ca\u0142y rok.<\/p>\n\n\n\n<p>Architektura resort\u00f3w zachwyca i zostaje w pami\u0119ci na d\u0142ugie lata! Wn\u0119trza pokoi urzekaj\u0105 elegancj\u0105, a restauracje i bary zachwycaj\u0105 smakami oraz swoim stylem. Ale to nie wszystko! <strong>G\u00f3rskie Resorty<\/strong> oferuj\u0105 \u0142\u0105cznie a\u017c 3000 m2 powierzchni eventowej, sprzyjaj\u0105c tym samym organizacji najbardziej wymagaj\u0105cych wydarze\u0144. Niezale\u017cnie od tego, czy planujesz konferencj\u0119, szkolenie czy spotkanie biznesowe, mo\u017cesz mie\u0107 pewno\u015b\u0107, \u017ce zespo\u0142y Resortu zadbaj\u0105 o to, aby ka\u017cdy detal by\u0142 perfekcyjnie dopracowany! Elastyczne podej\u015bcie, profesjonalizm obs\u0142ugi na ka\u017cdym etapie oraz bogata oferta atrakcji sprawiaj\u0105, \u017ce te obiekty to synonim profesjonalizmu i niezapomnianych wra\u017ce\u0144.<\/p>\n\n\n\n<p>Odkryj, dlaczego <strong>G\u00f3rskie Resorty <\/strong>to doskona\u0142y wyb\u00f3r na Tw\u00f3j nast\u0119pny biznesowy event. Poni\u017cej napisali\u015bmy nieco wi\u0119cej o cz\u0119\u015bci obiekt\u00f3w, nale\u017c\u0105cych do tej grupy. Zosta\u0144 z nami i poznaj nast\u0119puj\u0105ce hotele:<\/p>\n\n\n\n<figure class=\"wp-block-table\"><table><tbody><tr><td><a href=\"https:\/\/www.mojekonferencje.pl\/karpacz\/green-mountain-hotel\">Green Mountain Hotel<\/a><\/td><td><a href=\"https:\/\/www.mojekonferencje.pl\/swieradow-zdroj\/elements-hotel-spa-swieradow-zdroj\">Elements Hotel &amp; Spa \u015awierad\u00f3w Zdr\u00f3j<\/a><\/td><\/tr><tr><td><a href=\"https:\/\/www.mojekonferencje.pl\/wisla\/crystal-mountain\">Crystal Mountain<\/a><\/td><td><a href=\"https:\/\/www.mojekonferencje.pl\/pobierowo\/linea-mare\">Linea Mare<\/a><\/td><\/tr><tr><td><a href=\"https:\/\/www.mojekonferencje.pl\/szklarska-poreba\/platinum-mountain-resort\">PLATINUM MOUNTAIN Hotel &amp; SPA<\/a><\/td><td><\/td><\/tr><\/tbody><\/table><\/figure>\n\n\n\n<h2 class=\"wp-block-heading has-text-align-center has-vivid-purple-color has-text-color has-link-color wp-elements-962830736e1de323b4194138614de4ea\"><a href=\"https:\/\/www.mojekonferencje.pl\/karpacz\/green-mountain-hotel\"><span style=\"text-decoration: underline;\">Green Mountain Hotel<\/span><\/a><\/h2>\n\n\n\n<p>Ten obiekt to prawdziwa per\u0142a w sercu Karkonoszy. Po\u0142o\u017cony w urokliwym Karpaczu, \u00f3w<strong> 5-gwiazdkowy hotel <\/strong>o charakterze wypoczynkowo-szkoleniowym zachwyca nie tylko swoj\u0105 elegancj\u0105, ale i kompleksow\u0105 ofert\u0105. Tu\u017c obok hotelu rozpo\u015bciera si\u0119 bogactwo fauny i flory charakterystycznej dla Karkonoszy, co dodaje uroku ka\u017cdemu wyjazdowi. Jest to doskona\u0142e miejsce nie tylko na turystyczny wypad, ale r\u00f3wnie\u017c na imprezy integracyjne czy firmowe spotkania. W obiekcie na go\u015bci czeka blisko 400 m\u00b2 powierzchni biznesowej. Zapewnia ona najwy\u017cszy standard obs\u0142ugi klient\u00f3w indywidualnych i biznesowych. Sale konferencyjne, wyposa\u017cone w nowoczesny system \u015bcian modu\u0142owych, mog\u0105 by\u0107 \u0142atwo dostosowywane do r\u00f3\u017cnych potrzeb, mieszcz\u0105c od kilkudziesi\u0119ciu do kilkuset uczestnik\u00f3w.<\/p>\n\n\n\n<figure class=\"wp-block-image size-large\"><a href=\"https:\/\/www.mojekonferencje.pl\/blog\/wp-content\/uploads\/2024\/03\/1a.jpg\"><img loading=\"lazy\" decoding=\"async\" width=\"1024\" height=\"682\" src=\"https:\/\/www.mojekonferencje.pl\/blog\/wp-content\/uploads\/2024\/03\/1a-1024x682.jpg\" alt=\"\" class=\"wp-image-4829 lazyload\" data-srcset=\"https:\/\/www.mojekonferencje.pl\/blog\/wp-content\/uploads\/2024\/03\/1a-1024x682.jpg 1024w, https:\/\/www.mojekonferencje.pl\/blog\/wp-content\/uploads\/2024\/03\/1a-300x200.jpg 300w, https:\/\/www.mojekonferencje.pl\/blog\/wp-content\/uploads\/2024\/03\/1a-768x511.jpg 768w, https:\/\/www.mojekonferencje.pl\/blog\/wp-content\/uploads\/2024\/03\/1a.jpg 1500w\" sizes=\"auto\" \/><\/a><\/figure>\n\n\n\n<p>Niezapomniany widok na g\u00f3ry i lasy, roztaczaj\u0105cy si\u0119 zaplecza noclegowego obiektu, tworzy idealne t\u0142o do wypoczynku w przerwie konferencyjnej oraz stanowi niezr\u00f3wnane do\u015bwiadczenie dla podr\u00f3\u017cuj\u0105cych w celach biznesowych. Dost\u0119pne pokoje typu Classic oraz Deluxe gwarantuj\u0105 komfortowy pobyt dla ka\u017cdego go\u015bcia.<\/p>\n\n\n\n<p>Restauracja Green to miejsce, gdzie mo\u017cna nie tylko delektowa\u0107 si\u0119 wy\u015bmienitymi potrawami, ale r\u00f3wnie\u017c podziwia\u0107 pi\u0119kne widoki z klimatycznego tarasu. Lokalne, sezonowe produkty u\u017cywane do przygotowania da\u0144 zapewniaj\u0105 zar\u00f3wno \u015bwie\u017co\u015b\u0107, jak i unikalny smak, kt\u00f3ry podkre\u015bla elegancj\u0119 tego miejsca. W cz\u0119\u015bci apartamentowej znajduje si\u0119 kolejna Restauracja &#8211; Albero, kt\u00f3ra specjalizuje si\u0119 w kuchni w\u0142oskiej. Go\u015bcie maj\u0105 tak\u017ce dost\u0119p do Lobby Caf\u00e9 &amp; Bar, gdzie mog\u0105 zrelaksowa\u0107 si\u0119 przy fili\u017cance aromatycznej kawy oraz skosztowa\u0107 smacznych przek\u0105sek.<\/p>\n\n\n\n<p>Strefa Spa &amp; Wellness to kolejny atut <strong>Green Mountain Hotel<\/strong>, gdzie go\u015bcie mog\u0105 odpr\u0119\u017cy\u0107 si\u0119 w basenie krytym, saunie suchej, parowej z aromaterapi\u0105 oraz infrared. Profesjonalny salon kosmetyczny Dr Irena Eris Beauty Partner oferuje najwy\u017csz\u0105 jako\u015b\u0107 us\u0142ug, pozwalaj\u0105c go\u015bciom zadba\u0107 o indywidualne potrzeby swojego cia\u0142a i sk\u00f3ry.<\/p>\n\n\n\n<figure class=\"wp-block-image size-full\"><a href=\"https:\/\/www.mojekonferencje.pl\/blog\/wp-content\/uploads\/2024\/03\/1.jpg\"><img loading=\"lazy\" decoding=\"async\" width=\"960\" height=\"580\" src=\"https:\/\/www.mojekonferencje.pl\/blog\/wp-content\/uploads\/2024\/03\/1.jpg\" alt=\"\" class=\"wp-image-4821 lazyload\" data-srcset=\"https:\/\/www.mojekonferencje.pl\/blog\/wp-content\/uploads\/2024\/03\/1.jpg 960w, https:\/\/www.mojekonferencje.pl\/blog\/wp-content\/uploads\/2024\/03\/1-300x181.jpg 300w, https:\/\/www.mojekonferencje.pl\/blog\/wp-content\/uploads\/2024\/03\/1-768x464.jpg 768w\" sizes=\"auto\" \/><\/a><\/figure>\n\n\n\n<h2 class=\"wp-block-heading has-text-align-center has-vivid-purple-color has-text-color has-link-color wp-elements-5d0eaef19d92e267e3aea120b1cf7b3f\"><a href=\"https:\/\/www.mojekonferencje.pl\/wisla\/crystal-mountain\"><span style=\"text-decoration: underline;\">Crystal Mountain<\/span><\/a><\/h2>\n\n\n\n<p>Jest to niezwyk\u0142e miejsce w sercu Beskidu \u015al\u0105skiego, kt\u00f3re zachwyca swoim nowoczesnym designem oraz wyj\u0105tkowym po\u0142o\u017ceniem na zboczu G\u00f3ry Bukowej. Malownicza panorama g\u00f3r oraz dolina Wis\u0142y sprawiaj\u0105, \u017ce ka\u017cde spotkanie biznesowe staje si\u0119 niezapomnianym wydarzeniem. Hotel zosta\u0142 zaprojektowany tak, by zapewni\u0107 nie tylko wygod\u0119, ale i funkcjonalno\u015b\u0107 na najwy\u017cszym poziomie. Z 750 m\u00b2 powierzchni konferencyjnej, w sk\u0142ad kt\u00f3rej wchodz\u0105 4 przestronne sale oraz przestronne foyer i taras, <strong>Crystal Mountain<\/strong> staje si\u0119 idealnym miejscem dla r\u00f3\u017cnorodnych wydarze\u0144 biznesowych. Dla bardziej kameralnych spotka\u0144 proponuje on za to biznesow\u0105 sal\u0119 VIP, z dedykowanym miejscem dla 12 os\u00f3b. <\/p>\n\n\n\n<figure class=\"wp-block-image size-large\"><a href=\"https:\/\/www.mojekonferencje.pl\/blog\/wp-content\/uploads\/2024\/03\/2a.jpg\"><img loading=\"lazy\" decoding=\"async\" width=\"1024\" height=\"683\" src=\"https:\/\/www.mojekonferencje.pl\/blog\/wp-content\/uploads\/2024\/03\/2a-1024x683.jpg\" alt=\"\" class=\"wp-image-4830 lazyload\" data-srcset=\"https:\/\/www.mojekonferencje.pl\/blog\/wp-content\/uploads\/2024\/03\/2a-1024x683.jpg 1024w, https:\/\/www.mojekonferencje.pl\/blog\/wp-content\/uploads\/2024\/03\/2a-300x200.jpg 300w, https:\/\/www.mojekonferencje.pl\/blog\/wp-content\/uploads\/2024\/03\/2a-768x512.jpg 768w, https:\/\/www.mojekonferencje.pl\/blog\/wp-content\/uploads\/2024\/03\/2a.jpg 1500w\" sizes=\"auto\" \/><\/a><\/figure>\n\n\n\n<p>Ma on w swojej ofercie r\u00f3wnie\u017c 491 komfortowych pokoi w r\u00f3\u017cnych standardach. Odzwierciedlaj\u0105 one nowoczesny design i elegancj\u0119, a ich metra\u017c sprawia, \u017ce s\u0105 w stanie pomie\u015bci\u0107 nawet 1000 go\u015bci. Restauracje w <strong>Crystal Mountain<\/strong> to nie tylko doskona\u0142a kuchnia, ale r\u00f3wnie\u017c niepowtarzalne widoki na g\u00f3ry i dolin\u0119 Wis\u0142y. Restauracja PANORAMA serwuje bogate bufety \u015bniadaniowe i obiadokolacyjne, podczas gdy w Restauracji Crystal mo\u017cna delektowa\u0107 si\u0119 daniami kuchni regionalnej i mi\u0119dzynarodowej, korzystaj\u0105c z najlepiej dobranych win przez hotelowego sommeliera. Wieczory w hotelu wype\u0142nione s\u0105 muzyk\u0105 na \u017cywo i smakiem doskona\u0142ych drink\u00f3w. <\/p>\n\n\n\n<p>Dodatkowo obiekt du\u017co miejsca po\u015bwi\u0119ca r\u00f3wnie\u017c relaksowi. Znajduj\u0105ca si\u0119 na jego terenie strefa basenowa, sauny, jacuzzi oraz Aquapark Blue Lagoon to idealne miejsca do oderwania si\u0119 od codzienno\u015bci i zrelaksowania si\u0119 po intensywnym dniu pracy. W\u015br\u00f3d atrakcji czekaj\u0105cych w obiekcie mo\u017cna te\u017c wymieni\u0107: si\u0142owni\u0119, game room, kids club oraz lobby bar. <strong>Hotel Crystal Mountain<\/strong> to w dodatku przestrze\u0144 do zr\u00f3wnowa\u017conego wypoczynku i luksusowych zabieg\u00f3w. Oferuje on najwy\u017cszej jako\u015bci zabiegi w gabinecie kosmetycznym Dr Irena Eris Beauty Partner.<\/p>\n\n\n\n<figure class=\"wp-block-image size-full\"><a href=\"https:\/\/www.mojekonferencje.pl\/blog\/wp-content\/uploads\/2024\/03\/2.jpg\"><img loading=\"lazy\" decoding=\"async\" width=\"960\" height=\"580\" src=\"https:\/\/www.mojekonferencje.pl\/blog\/wp-content\/uploads\/2024\/03\/2.jpg\" alt=\"\" class=\"wp-image-4822 lazyload\" data-srcset=\"https:\/\/www.mojekonferencje.pl\/blog\/wp-content\/uploads\/2024\/03\/2.jpg 960w, https:\/\/www.mojekonferencje.pl\/blog\/wp-content\/uploads\/2024\/03\/2-300x181.jpg 300w, https:\/\/www.mojekonferencje.pl\/blog\/wp-content\/uploads\/2024\/03\/2-768x464.jpg 768w\" sizes=\"auto\" \/><\/a><\/figure>\n\n\n\n<h2 class=\"wp-block-heading has-text-align-center has-vivid-purple-color has-text-color has-link-color wp-elements-16d189ac01d374a05e3ea0e838aba0f6\"><a href=\"https:\/\/www.mojekonferencje.pl\/szklarska-poreba\/platinum-mountain-resort\"><span style=\"text-decoration: underline;\">PLATINUM MOUNTAIN Hotel &amp; SPA<\/span><\/a><\/h2>\n\n\n\n<p>To niezwyk\u0142e miejsce w samym sercu malowniczej Szklarskiej Por\u0119by, otulonej przez dwie g\u00f3rskie krainy: Karkonosze i G\u00f3ry Izerskie. Ten nowoczesny kompleks sk\u0142ada si\u0119 z luksusowego 5-gwiazdkowego hotelu, apartamentowc\u00f3w oraz Platinum Adults, spe\u0142niaj\u0105c wszelkie oczekiwania nawet najbardziej wymagaj\u0105cych go\u015bci. Biznesowym sercem obiektu jest nowoczesne centrum konferencyjne, gdzie modu\u0142owa sala konferencyjna Ametyst oraz Pawilon konferencyjny stanowi\u0105 idealne miejsce na organizacj\u0119 spotka\u0144. Sala Ametyst oferuje 390 m2, a pawilon konferencyjny 290 m2 przestrzeni biznesowej, kt\u00f3r\u0105 mo\u017cna dostosowa\u0107 do r\u00f3\u017cnorodnych potrzeb. Mo\u017cliwo\u015bci po\u0142\u0105czenia sali z innymi przestrzeniami, takimi jak Palludium Cafe &amp; Lobby Bar oraz Pawilon konferencyjny, umo\u017cliwiaj\u0105 zorganizowanie bankietu dla nawet 410 os\u00f3b. Obiekt dysponuje te\u017c sal\u0105 Multifunkcyjn\u0105 oraz sal\u0105 Kameraln\u0105, kt\u00f3re doskonale sprawdz\u0105 si\u0119 na mniejsze spotkania. <\/p>\n\n\n\n<figure class=\"wp-block-image size-large\"><a href=\"https:\/\/www.mojekonferencje.pl\/blog\/wp-content\/uploads\/2024\/03\/3a.jpg\"><img loading=\"lazy\" decoding=\"async\" width=\"1024\" height=\"683\" src=\"https:\/\/www.mojekonferencje.pl\/blog\/wp-content\/uploads\/2024\/03\/3a-1024x683.jpg\" alt=\"\" class=\"wp-image-4831 lazyload\" data-srcset=\"https:\/\/www.mojekonferencje.pl\/blog\/wp-content\/uploads\/2024\/03\/3a-1024x683.jpg 1024w, https:\/\/www.mojekonferencje.pl\/blog\/wp-content\/uploads\/2024\/03\/3a-300x200.jpg 300w, https:\/\/www.mojekonferencje.pl\/blog\/wp-content\/uploads\/2024\/03\/3a-768x512.jpg 768w, https:\/\/www.mojekonferencje.pl\/blog\/wp-content\/uploads\/2024\/03\/3a.jpg 1500w\" sizes=\"auto\" \/><\/a><\/figure>\n\n\n\n<p>145 pokoi hotelowych, 320 apartament\u00f3w Platinum oraz 55 apartament\u00f3w w Platinum Adults zapewniaj\u0105 komfortowy pobyt dla ka\u017cdego uczestnika. Doskona\u0142ym dope\u0142nieniem us\u0142ug jest strefa gastronomiczna obiektu. Restauracja Regionalne Talerze to miejsce, gdzie bogate bufety podczas \u015bniadania i obiadokolacji umilane s\u0105 niezwyk\u0142ym widokiem g\u00f3r. Menu \u00e0 la carte, oparte na tradycji kulinarnej, zachwyca go\u015bci smakiem pe\u0142nym barw zmieniaj\u0105cych si\u0119 p\u00f3r roku, a strefa wellness oraz fitness zapewniaj\u0105 relaks i odpr\u0119\u017cenie nawet najbardziej zabieganych osobom. <\/p>\n\n\n\n<p>Ponadto dla najm\u0142odszych go\u015bci przygotowano stref\u0119 rozrywki, gdzie mog\u0105 cieszy\u0107 si\u0119 grami i zabawami. <strong>Platinum Mountain Hotel &amp; SPA<\/strong> to idealne miejsce na organizacj\u0119 konferencji, gdzie komfort, elegancja i funkcjonalno\u015b\u0107 id\u0105 w parze, tworz\u0105c niepowtarzalny klimat dla ka\u017cdego wydarzenia biznesowego.<\/p>\n\n\n\n<figure class=\"wp-block-image size-full\"><a href=\"https:\/\/www.mojekonferencje.pl\/blog\/wp-content\/uploads\/2024\/03\/3.jpg\"><img loading=\"lazy\" decoding=\"async\" width=\"960\" height=\"580\" src=\"https:\/\/www.mojekonferencje.pl\/blog\/wp-content\/uploads\/2024\/03\/3.jpg\" alt=\"\" class=\"wp-image-4823 lazyload\" data-srcset=\"https:\/\/www.mojekonferencje.pl\/blog\/wp-content\/uploads\/2024\/03\/3.jpg 960w, https:\/\/www.mojekonferencje.pl\/blog\/wp-content\/uploads\/2024\/03\/3-300x181.jpg 300w, https:\/\/www.mojekonferencje.pl\/blog\/wp-content\/uploads\/2024\/03\/3-768x464.jpg 768w\" sizes=\"auto\" \/><\/a><\/figure>\n\n\n\n<h2 class=\"wp-block-heading has-text-align-center has-vivid-purple-color has-text-color has-link-color wp-elements-5d7539b3352c1368e1106b88425a2313\"><a href=\"https:\/\/www.mojekonferencje.pl\/swieradow-zdroj\/elements-hotel-spa-swieradow-zdroj\"><span style=\"text-decoration: underline;\">Elements Hotel &amp; Spa \u015awierad\u00f3w Zdr\u00f3j<\/span><\/a><\/h2>\n\n\n\n<p>To kolejne niezwyk\u0142e miejsce, kt\u00f3re zachwyca swoj\u0105 elegancj\u0105 i luksusem, oraz malowniczym po\u0142o\u017ceniem w g\u00f3rach, niedaleko o\u015brodka narciarskiego \u015awierad\u00f3w-Zdr\u00f3j. Ten hotel zosta\u0142 zaprojektowany w unikalny spos\u00f3b, sk\u0142adaj\u0105c si\u0119 z trzech skrzyde\u0142 rozchodz\u0105cych si\u0119 promieni\u015bcie wok\u00f3\u0142 wsp\u00f3lnego trzonu. Dzi\u0119ki temu ka\u017cdy pok\u00f3j oferuje zapieraj\u0105ce dech w piersiach widoki na g\u00f3ry, co stanowi niezapomniane do\u015bwiadczenie dla ka\u017cdego go\u015bcia. Idealna lokalizacja w sercu G\u00f3r Izerskich sprawia, \u017ce <strong>Element Hotel &amp; Spa <\/strong>jest doskona\u0142ym miejscem zar\u00f3wno na wypoczynek, jak i na niezapomniane wyjazdy biznesowe. Jego nowoczesne centrum konferencyjne oferuje 6 sal o r\u00f3\u017cnej wielko\u015bci, kt\u00f3re zapewni\u0105 idealne warunki zar\u00f3wno dla wi\u0119kszych spotka\u0144, jak i kameralnych szkole\u0144. <\/p>\n\n\n\n<figure class=\"wp-block-image size-large\"><a href=\"https:\/\/www.mojekonferencje.pl\/blog\/wp-content\/uploads\/2024\/03\/4a.png\"><img loading=\"lazy\" decoding=\"async\" width=\"1024\" height=\"683\" src=\"https:\/\/www.mojekonferencje.pl\/blog\/wp-content\/uploads\/2024\/03\/4a-1024x683.png\" alt=\"\" class=\"wp-image-4832 lazyload\" data-srcset=\"https:\/\/www.mojekonferencje.pl\/blog\/wp-content\/uploads\/2024\/03\/4a-1024x683.png 1024w, https:\/\/www.mojekonferencje.pl\/blog\/wp-content\/uploads\/2024\/03\/4a-300x200.png 300w, https:\/\/www.mojekonferencje.pl\/blog\/wp-content\/uploads\/2024\/03\/4a-768x512.png 768w, https:\/\/www.mojekonferencje.pl\/blog\/wp-content\/uploads\/2024\/03\/4a.png 1500w\" sizes=\"auto\" \/><\/a><\/figure>\n\n\n\n<p>Dodatkowo go\u015bcie mog\u0105 wybiera\u0107 spo\u015br\u00f3d 291 pokoi i apartament\u00f3w, kt\u00f3re s\u0105 prawdziwym azylem wygody z widokiem na osza\u0142amiaj\u0105c\u0105 g\u00f3rsk\u0105 natur\u0119. Restauracja Elements zaprasza na niezapomnian\u0105 podr\u00f3\u017c po niezwyk\u0142ych smakach, gdzie potrawy przygotowywane przez do\u015bwiadczonych szef\u00f3w kuchni \u0142\u0105cz\u0105 tradycyjne sk\u0142adniki z inspiracjami z g\u00f3r i czterech \u017cywio\u0142\u00f3w. Wa\u017cn\u0105 cz\u0119\u015bci\u0105 obiektu jest te\u017c Lobby Bar Forum, gdzie muzyka na \u017cywo i orze\u017awiaj\u0105ce drinki tworz\u0105 wyj\u0105tkowy klimat, idealny do kameralnych spotka\u0144. <\/p>\n\n\n\n<p>Hotelowa strefa Wellness &amp; Spa, wraz z zewn\u0119trznym basenem Aqua Solis, zapewnia pe\u0142en komfort i relaks. Strefa wodna AQUA IGNIS to idealne miejsce do relaksu i zabawy dla ca\u0142ej rodziny, a r\u00f3\u017cnorodno\u015b\u0107 saun spe\u0142ni oczekiwania nawet najbardziej wymagaj\u0105cych go\u015bci.<\/p>\n\n\n\n<figure class=\"wp-block-image size-full\"><a href=\"https:\/\/www.mojekonferencje.pl\/blog\/wp-content\/uploads\/2024\/03\/4.jpg\"><img loading=\"lazy\" decoding=\"async\" width=\"960\" height=\"580\" src=\"https:\/\/www.mojekonferencje.pl\/blog\/wp-content\/uploads\/2024\/03\/4.jpg\" alt=\"\" class=\"wp-image-4824 lazyload\" data-srcset=\"https:\/\/www.mojekonferencje.pl\/blog\/wp-content\/uploads\/2024\/03\/4.jpg 960w, https:\/\/www.mojekonferencje.pl\/blog\/wp-content\/uploads\/2024\/03\/4-300x181.jpg 300w, https:\/\/www.mojekonferencje.pl\/blog\/wp-content\/uploads\/2024\/03\/4-768x464.jpg 768w\" sizes=\"auto\" \/><\/a><\/figure>\n\n\n\n<h2 class=\"wp-block-heading has-text-align-center has-vivid-purple-color has-text-color has-link-color wp-elements-8f3807dfe2df19f313d02a15e2100915\"><a href=\"https:\/\/www.mojekonferencje.pl\/pobierowo\/linea-mare\"><span style=\"text-decoration: underline;\">Linea Mare<\/span><\/a><\/h2>\n\n\n\n<p>Na sam koniec z g\u00f3r przeniesiemy si\u0119 nad morze! <strong>Linea Mare <\/strong>to oaza luksusu nad Ba\u0142tykiem, doskona\u0142e miejsce na organizacj\u0119 konferencji w wyj\u0105tkowym otoczeniu. Po\u0142o\u017cony zaledwie kilka krok\u00f3w od urokliwej pla\u017cy w Pobierowie, \u00f3w hotel oferuje niezapomniane warunki do pracy i wypoczynku. Do dyspozycji go\u015bci oddaje on nowoczesn\u0105 przestrze\u0144 konferencyjn\u0105. Zaprojektowana zosta\u0142a ona tak, aby zapewnia\u0107 go\u015bciom efektywno\u015b\u0107 oraz komfort, spe\u0142niaj\u0105c ka\u017cde wymagania! <\/p>\n\n\n\n\n\n<p>Ponadto hotel oferuje 115 w pe\u0142ni wyposa\u017conych pokoi oraz 118 przestronnych apartament\u00f3w, gdzie ka\u017cdy detal zosta\u0142 starannie zaprojektowany. Pomieszczenia te gwarantuj\u0105 wysoce komfortowy wypoczynek po pracy oraz d\u0142ugiej podr\u00f3\u017cy. Prawdziw\u0105 wisienk\u0105 na torcie jest wspania\u0142a restauracja Alberto oraz Lobby Cafe &amp; Bar. To naprawd\u0119 doskona\u0142e miejsca na kulinarne doznania i chwil\u0119 relaksu przy pysznej kawie. <\/p>\n\n\n\n<p>B\u0119d\u0105c w obiekcie zdecydowanie warto te\u017c postawi\u0107 na us\u0142ugi SPA, w tym renomowany Salon Dr Irena Eris Beauty Partner. W praktyce okazuje si\u0119 bowiem, \u017ce <strong>Linea Mare<\/strong> to nie tylko miejsce spotka\u0144 biznesowych, ale tak\u017ce idealna przestrze\u0144 do odpr\u0119\u017cenia i dba\u0142o\u015bci o cia\u0142o i umys\u0142. Z basenami, saunami, jacuzzi oraz si\u0142owni\u0105 go\u015bcie mog\u0105 wzmocni\u0107 organizm i poprawi\u0107 kondycj\u0119 fizyczn\u0105, ciesz\u0105c si\u0119 jednocze\u015bnie pi\u0119knymi krajobrazami i zielonymi terenami rekreacyjnymi.<\/p>\n\n\n\n<figure class=\"wp-block-image size-full\"><a href=\"https:\/\/www.mojekonferencje.pl\/blog\/wp-content\/uploads\/2024\/03\/5.jpg\"><img loading=\"lazy\" decoding=\"async\" width=\"960\" height=\"580\" src=\"https:\/\/www.mojekonferencje.pl\/blog\/wp-content\/uploads\/2024\/03\/5.jpg\" alt=\"\" class=\"wp-image-4825 lazyload\" data-srcset=\"https:\/\/www.mojekonferencje.pl\/blog\/wp-content\/uploads\/2024\/03\/5.jpg 960w, https:\/\/www.mojekonferencje.pl\/blog\/wp-content\/uploads\/2024\/03\/5-300x181.jpg 300w, https:\/\/www.mojekonferencje.pl\/blog\/wp-content\/uploads\/2024\/03\/5-768x464.jpg 768w\" sizes=\"auto\" \/><\/a><\/figure>\n","protected":false},"excerpt":{"rendered":"<p>Odkryj G\u00f3rskie Resorty &#8211; najwy\u017cszej klasy hotele w g\u00f3rach i nad morzem, idealne na relaksuj\u0105ce wakacje lub udane spotkania biznesowe! Ich oferta czeka na Ciebie!<\/p>\n","protected":false},"author":9,"featured_media":4820,"comment_status":"closed","ping_status":"closed","sticky":false,"template":"","format":"standard","meta":{"_acf_changed":false,"footnotes":""},"categories":[175],"tags":[368,367,271,353,354],"class_list":["post-4819","post","type-post","status-publish","format-standard","has-post-thumbnail","hentry","category-wybieranie-miejsca-konferencyjnego","tag-hotel","tag-hotele","tag-hotele-konferencyjne","tag-organizacja-imprez","tag-organizacja-wydarzen"],"acf":[],"yoast_head":"<!-- This site is optimized with the Yoast SEO plugin v27.1.1 - https:\/\/yoast.com\/product\/yoast-seo-wordpress\/ -->\n<title>G\u00f3rskie Resorty - najlepsze hotele na wypoczynek w g\u00f3rach i nad morzem! - blog | MojeKonferencje.pl<\/title>\n<meta name=\"description\" content=\"G\u00f3rskie Resorty - najlepsze hotele na wypoczynek w g\u00f3rach i nad morzem! - blog | MojeKonferencje.pl\" \/>\n<meta name=\"robots\" content=\"index, follow, max-snippet:-1, max-image-preview:large, max-video-preview:-1\" \/>\n<link rel=\"canonical\" href=\"https:\/\/www.mojekonferencje.pl\/blog\/gorskie-resorty-najlepsze-hotele-na-wypoczynek-w-gorach-i-nad-morzem\/\" \/>\n<meta property=\"og:locale\" content=\"pl_PL\" \/>\n<meta property=\"og:type\" content=\"article\" \/>\n<meta property=\"og:title\" content=\"G\u00f3rskie Resorty - najlepsze hotele na wypoczynek w g\u00f3rach i nad morzem! - blog | MojeKonferencje.pl\" \/>\n<meta property=\"og:description\" content=\"G\u00f3rskie Resorty - najlepsze hotele na wypoczynek w g\u00f3rach i nad morzem! - blog | MojeKonferencje.pl\" \/>\n<meta property=\"og:url\" content=\"https:\/\/www.mojekonferencje.pl\/blog\/gorskie-resorty-najlepsze-hotele-na-wypoczynek-w-gorach-i-nad-morzem\/\" \/>\n<meta property=\"og:site_name\" content=\"MojeKonferencje.pl\" \/>\n<meta property=\"article:published_time\" content=\"2024-03-06T14:35:00+00:00\" \/>\n<meta property=\"article:modified_time\" content=\"2024-05-07T09:48:01+00:00\" \/>\n<meta property=\"og:image\" content=\"https:\/\/www.mojekonferencje.pl\/blog\/wp-content\/uploads\/2024\/03\/Fotoram.io-67.jpg\" \/>\n\t<meta property=\"og:image:width\" content=\"1200\" \/>\n\t<meta property=\"og:image:height\" content=\"720\" \/>\n\t<meta property=\"og:image:type\" content=\"image\/jpeg\" \/>\n<meta name=\"author\" content=\"Olga Stawicka-Iwanowska\" \/>\n<meta name=\"twitter:card\" content=\"summary_large_image\" \/>\n<meta name=\"twitter:label1\" content=\"Napisane przez\" \/>\n\t<meta name=\"twitter:data1\" content=\"Olga Stawicka-Iwanowska\" \/>\n\t<meta name=\"twitter:label2\" content=\"Szacowany czas czytania\" \/>\n\t<meta name=\"twitter:data2\" content=\"11 minut\" \/>\n<script type=\"application\/ld+json\" class=\"yoast-schema-graph\">{\"@context\":\"https:\/\/schema.org\",\"@graph\":[{\"@type\":\"Article\",\"@id\":\"https:\/\/www.mojekonferencje.pl\/blog\/gorskie-resorty-najlepsze-hotele-na-wypoczynek-w-gorach-i-nad-morzem\/#article\",\"isPartOf\":{\"@id\":\"https:\/\/www.mojekonferencje.pl\/blog\/gorskie-resorty-najlepsze-hotele-na-wypoczynek-w-gorach-i-nad-morzem\/\"},\"author\":{\"name\":\"Olga Stawicka-Iwanowska\",\"@id\":\"https:\/\/www.mojekonferencje.pl\/blog\/#\/schema\/person\/d6751ca3c60de9ec17ee21b744bbb2d4\"},\"headline\":\"G\u00f3rskie Resorty &#8211; najlepsze hotele na wypoczynek w g\u00f3rach i nad morzem!\",\"datePublished\":\"2024-03-06T14:35:00+00:00\",\"dateModified\":\"2024-05-07T09:48:01+00:00\",\"mainEntityOfPage\":{\"@id\":\"https:\/\/www.mojekonferencje.pl\/blog\/gorskie-resorty-najlepsze-hotele-na-wypoczynek-w-gorach-i-nad-morzem\/\"},\"wordCount\":1662,\"image\":{\"@id\":\"https:\/\/www.mojekonferencje.pl\/blog\/gorskie-resorty-najlepsze-hotele-na-wypoczynek-w-gorach-i-nad-morzem\/#primaryimage\"},\"thumbnailUrl\":\"https:\/\/www.mojekonferencje.pl\/blog\/wp-content\/uploads\/2024\/03\/Fotoram.io-67.jpg\",\"keywords\":[\"hotel\",\"hotele\",\"hotele konferencyjne\",\"organizacja imprez\",\"organizacja wydarze\u0144\"],\"articleSection\":[\"Wybieranie miejsca konferencyjnego\"],\"inLanguage\":\"pl-PL\"},{\"@type\":\"WebPage\",\"@id\":\"https:\/\/www.mojekonferencje.pl\/blog\/gorskie-resorty-najlepsze-hotele-na-wypoczynek-w-gorach-i-nad-morzem\/\",\"url\":\"https:\/\/www.mojekonferencje.pl\/blog\/gorskie-resorty-najlepsze-hotele-na-wypoczynek-w-gorach-i-nad-morzem\/\",\"name\":\"G\u00f3rskie Resorty - najlepsze hotele na wypoczynek w g\u00f3rach i nad morzem! - blog | MojeKonferencje.pl\",\"isPartOf\":{\"@id\":\"https:\/\/www.mojekonferencje.pl\/blog\/#website\"},\"primaryImageOfPage\":{\"@id\":\"https:\/\/www.mojekonferencje.pl\/blog\/gorskie-resorty-najlepsze-hotele-na-wypoczynek-w-gorach-i-nad-morzem\/#primaryimage\"},\"image\":{\"@id\":\"https:\/\/www.mojekonferencje.pl\/blog\/gorskie-resorty-najlepsze-hotele-na-wypoczynek-w-gorach-i-nad-morzem\/#primaryimage\"},\"thumbnailUrl\":\"https:\/\/www.mojekonferencje.pl\/blog\/wp-content\/uploads\/2024\/03\/Fotoram.io-67.jpg\",\"datePublished\":\"2024-03-06T14:35:00+00:00\",\"dateModified\":\"2024-05-07T09:48:01+00:00\",\"author\":{\"@id\":\"https:\/\/www.mojekonferencje.pl\/blog\/#\/schema\/person\/d6751ca3c60de9ec17ee21b744bbb2d4\"},\"description\":\"G\u00f3rskie Resorty - najlepsze hotele na wypoczynek w g\u00f3rach i nad morzem! - blog | MojeKonferencje.pl\",\"breadcrumb\":{\"@id\":\"https:\/\/www.mojekonferencje.pl\/blog\/gorskie-resorty-najlepsze-hotele-na-wypoczynek-w-gorach-i-nad-morzem\/#breadcrumb\"},\"inLanguage\":\"pl-PL\",\"potentialAction\":[{\"@type\":\"ReadAction\",\"target\":[\"https:\/\/www.mojekonferencje.pl\/blog\/gorskie-resorty-najlepsze-hotele-na-wypoczynek-w-gorach-i-nad-morzem\/\"]}]},{\"@type\":\"ImageObject\",\"inLanguage\":\"pl-PL\",\"@id\":\"https:\/\/www.mojekonferencje.pl\/blog\/gorskie-resorty-najlepsze-hotele-na-wypoczynek-w-gorach-i-nad-morzem\/#primaryimage\",\"url\":\"https:\/\/www.mojekonferencje.pl\/blog\/wp-content\/uploads\/2024\/03\/Fotoram.io-67.jpg\",\"contentUrl\":\"https:\/\/www.mojekonferencje.pl\/blog\/wp-content\/uploads\/2024\/03\/Fotoram.io-67.jpg\",\"width\":1200,\"height\":720},{\"@type\":\"BreadcrumbList\",\"@id\":\"https:\/\/www.mojekonferencje.pl\/blog\/gorskie-resorty-najlepsze-hotele-na-wypoczynek-w-gorach-i-nad-morzem\/#breadcrumb\",\"itemListElement\":[{\"@type\":\"ListItem\",\"position\":1,\"name\":\"Strona g\u0142\u00f3wna\",\"item\":\"https:\/\/www.mojekonferencje.pl\/blog\/\"},{\"@type\":\"ListItem\",\"position\":2,\"name\":\"G\u00f3rskie Resorty &#8211; najlepsze hotele na wypoczynek w g\u00f3rach i nad morzem!\"}]},{\"@type\":\"WebSite\",\"@id\":\"https:\/\/www.mojekonferencje.pl\/blog\/#website\",\"url\":\"https:\/\/www.mojekonferencje.pl\/blog\/\",\"name\":\"MojeKonferencje.pl\",\"description\":\"Blog bran\u017cy szkoleniowo-konferencyjnej. W\u0142\u0105cz si\u0119 do dyskusji o obiektach konferencyjnych i nowo\u015bciach z bran\u017cy! Poznaj porady odno\u015bnie organizacji konferencji, szkole\u0144 i event\u00f3w firmowych! Zach\u0119camy do wyra\u017cania opinii oraz komentarzy.\",\"potentialAction\":[{\"@type\":\"SearchAction\",\"target\":{\"@type\":\"EntryPoint\",\"urlTemplate\":\"https:\/\/www.mojekonferencje.pl\/blog\/?s={search_term_string}\"},\"query-input\":{\"@type\":\"PropertyValueSpecification\",\"valueRequired\":true,\"valueName\":\"search_term_string\"}}],\"inLanguage\":\"pl-PL\"},{\"@type\":\"Person\",\"@id\":\"https:\/\/www.mojekonferencje.pl\/blog\/#\/schema\/person\/d6751ca3c60de9ec17ee21b744bbb2d4\",\"name\":\"Olga Stawicka-Iwanowska\",\"description\":\"Head of Marketing z ponad sze\u015bcioletnim do\u015bwiadczeniem w bran\u017cy MICE. Na co dzie\u0144 zajmuje si\u0119 content marketingiem i promocj\u0105 obiekt\u00f3w eventowych, tak aby organizatorzy kongres\u00f3w, targ\u00f3w i konferencji wiedzieli, \u017ce w\u0142a\u015bnie tam warto zrealizowa\u0107 swoje wydarzenie. Prowadzi media spo\u0142eczno\u015bciowe, tworzy strategie komunikacji, pisze artyku\u0142y i dba o sp\u00f3jny wizerunek marki w ka\u017cdym kanale. W swojej pracy \u0142\u0105czy analityczne my\u015blenie z kreatywno\u015bci\u0105 i dobrym copy. Wsp\u00f3\u0142pracuje zar\u00f3wno z organizatorami najwi\u0119kszych wydarze\u0144 w Polsce, jak i z regionalnymi partnerami z bran\u017cy. Po godzinach mi\u0142o\u015bniczka podr\u00f3\u017cy po Europie, dobrej kuchni i klimatycznych miejsc, w kt\u00f3rych mo\u017cna z\u0142apa\u0107 oddech.\",\"sameAs\":[\"http:\/\/MojeKonferencje.pl\",\"https:\/\/www.linkedin.com\/in\/olgastawicka\/\"],\"url\":\"https:\/\/www.mojekonferencje.pl\/blog\/author\/osawicka\/\"}]}<\/script>\n<!-- \/ Yoast SEO plugin. -->","yoast_head_json":{"title":"G\u00f3rskie Resorty - najlepsze hotele na wypoczynek w g\u00f3rach i nad morzem! - blog | MojeKonferencje.pl","description":"G\u00f3rskie Resorty - najlepsze hotele na wypoczynek w g\u00f3rach i nad morzem! - blog | MojeKonferencje.pl","robots":{"index":"index","follow":"follow","max-snippet":"max-snippet:-1","max-image-preview":"max-image-preview:large","max-video-preview":"max-video-preview:-1"},"canonical":"https:\/\/www.mojekonferencje.pl\/blog\/gorskie-resorty-najlepsze-hotele-na-wypoczynek-w-gorach-i-nad-morzem\/","og_locale":"pl_PL","og_type":"article","og_title":"G\u00f3rskie Resorty - najlepsze hotele na wypoczynek w g\u00f3rach i nad morzem! - blog | MojeKonferencje.pl","og_description":"G\u00f3rskie Resorty - najlepsze hotele na wypoczynek w g\u00f3rach i nad morzem! - blog | MojeKonferencje.pl","og_url":"https:\/\/www.mojekonferencje.pl\/blog\/gorskie-resorty-najlepsze-hotele-na-wypoczynek-w-gorach-i-nad-morzem\/","og_site_name":"MojeKonferencje.pl","article_published_time":"2024-03-06T14:35:00+00:00","article_modified_time":"2024-05-07T09:48:01+00:00","og_image":[{"width":1200,"height":720,"url":"https:\/\/www.mojekonferencje.pl\/blog\/wp-content\/uploads\/2024\/03\/Fotoram.io-67.jpg","type":"image\/jpeg"}],"author":"Olga Stawicka-Iwanowska","twitter_card":"summary_large_image","twitter_misc":{"Napisane przez":"Olga Stawicka-Iwanowska","Szacowany czas czytania":"11 minut"},"schema":{"@context":"https:\/\/schema.org","@graph":[{"@type":"Article","@id":"https:\/\/www.mojekonferencje.pl\/blog\/gorskie-resorty-najlepsze-hotele-na-wypoczynek-w-gorach-i-nad-morzem\/#article","isPartOf":{"@id":"https:\/\/www.mojekonferencje.pl\/blog\/gorskie-resorty-najlepsze-hotele-na-wypoczynek-w-gorach-i-nad-morzem\/"},"author":{"name":"Olga Stawicka-Iwanowska","@id":"https:\/\/www.mojekonferencje.pl\/blog\/#\/schema\/person\/d6751ca3c60de9ec17ee21b744bbb2d4"},"headline":"G\u00f3rskie Resorty &#8211; najlepsze hotele na wypoczynek w g\u00f3rach i nad morzem!","datePublished":"2024-03-06T14:35:00+00:00","dateModified":"2024-05-07T09:48:01+00:00","mainEntityOfPage":{"@id":"https:\/\/www.mojekonferencje.pl\/blog\/gorskie-resorty-najlepsze-hotele-na-wypoczynek-w-gorach-i-nad-morzem\/"},"wordCount":1662,"image":{"@id":"https:\/\/www.mojekonferencje.pl\/blog\/gorskie-resorty-najlepsze-hotele-na-wypoczynek-w-gorach-i-nad-morzem\/#primaryimage"},"thumbnailUrl":"https:\/\/www.mojekonferencje.pl\/blog\/wp-content\/uploads\/2024\/03\/Fotoram.io-67.jpg","keywords":["hotel","hotele","hotele konferencyjne","organizacja imprez","organizacja wydarze\u0144"],"articleSection":["Wybieranie miejsca konferencyjnego"],"inLanguage":"pl-PL"},{"@type":"WebPage","@id":"https:\/\/www.mojekonferencje.pl\/blog\/gorskie-resorty-najlepsze-hotele-na-wypoczynek-w-gorach-i-nad-morzem\/","url":"https:\/\/www.mojekonferencje.pl\/blog\/gorskie-resorty-najlepsze-hotele-na-wypoczynek-w-gorach-i-nad-morzem\/","name":"G\u00f3rskie Resorty - najlepsze hotele na wypoczynek w g\u00f3rach i nad morzem! - blog | MojeKonferencje.pl","isPartOf":{"@id":"https:\/\/www.mojekonferencje.pl\/blog\/#website"},"primaryImageOfPage":{"@id":"https:\/\/www.mojekonferencje.pl\/blog\/gorskie-resorty-najlepsze-hotele-na-wypoczynek-w-gorach-i-nad-morzem\/#primaryimage"},"image":{"@id":"https:\/\/www.mojekonferencje.pl\/blog\/gorskie-resorty-najlepsze-hotele-na-wypoczynek-w-gorach-i-nad-morzem\/#primaryimage"},"thumbnailUrl":"https:\/\/www.mojekonferencje.pl\/blog\/wp-content\/uploads\/2024\/03\/Fotoram.io-67.jpg","datePublished":"2024-03-06T14:35:00+00:00","dateModified":"2024-05-07T09:48:01+00:00","author":{"@id":"https:\/\/www.mojekonferencje.pl\/blog\/#\/schema\/person\/d6751ca3c60de9ec17ee21b744bbb2d4"},"description":"G\u00f3rskie Resorty - najlepsze hotele na wypoczynek w g\u00f3rach i nad morzem! - blog | MojeKonferencje.pl","breadcrumb":{"@id":"https:\/\/www.mojekonferencje.pl\/blog\/gorskie-resorty-najlepsze-hotele-na-wypoczynek-w-gorach-i-nad-morzem\/#breadcrumb"},"inLanguage":"pl-PL","potentialAction":[{"@type":"ReadAction","target":["https:\/\/www.mojekonferencje.pl\/blog\/gorskie-resorty-najlepsze-hotele-na-wypoczynek-w-gorach-i-nad-morzem\/"]}]},{"@type":"ImageObject","inLanguage":"pl-PL","@id":"https:\/\/www.mojekonferencje.pl\/blog\/gorskie-resorty-najlepsze-hotele-na-wypoczynek-w-gorach-i-nad-morzem\/#primaryimage","url":"https:\/\/www.mojekonferencje.pl\/blog\/wp-content\/uploads\/2024\/03\/Fotoram.io-67.jpg","contentUrl":"https:\/\/www.mojekonferencje.pl\/blog\/wp-content\/uploads\/2024\/03\/Fotoram.io-67.jpg","width":1200,"height":720},{"@type":"BreadcrumbList","@id":"https:\/\/www.mojekonferencje.pl\/blog\/gorskie-resorty-najlepsze-hotele-na-wypoczynek-w-gorach-i-nad-morzem\/#breadcrumb","itemListElement":[{"@type":"ListItem","position":1,"name":"Strona g\u0142\u00f3wna","item":"https:\/\/www.mojekonferencje.pl\/blog\/"},{"@type":"ListItem","position":2,"name":"G\u00f3rskie Resorty &#8211; najlepsze hotele na wypoczynek w g\u00f3rach i nad morzem!"}]},{"@type":"WebSite","@id":"https:\/\/www.mojekonferencje.pl\/blog\/#website","url":"https:\/\/www.mojekonferencje.pl\/blog\/","name":"MojeKonferencje.pl","description":"Blog bran\u017cy szkoleniowo-konferencyjnej. W\u0142\u0105cz si\u0119 do dyskusji o obiektach konferencyjnych i nowo\u015bciach z bran\u017cy! Poznaj porady odno\u015bnie organizacji konferencji, szkole\u0144 i event\u00f3w firmowych! Zach\u0119camy do wyra\u017cania opinii oraz komentarzy.","potentialAction":[{"@type":"SearchAction","target":{"@type":"EntryPoint","urlTemplate":"https:\/\/www.mojekonferencje.pl\/blog\/?s={search_term_string}"},"query-input":{"@type":"PropertyValueSpecification","valueRequired":true,"valueName":"search_term_string"}}],"inLanguage":"pl-PL"},{"@type":"Person","@id":"https:\/\/www.mojekonferencje.pl\/blog\/#\/schema\/person\/d6751ca3c60de9ec17ee21b744bbb2d4","name":"Olga Stawicka-Iwanowska","description":"Head of Marketing z ponad sze\u015bcioletnim do\u015bwiadczeniem w bran\u017cy MICE. Na co dzie\u0144 zajmuje si\u0119 content marketingiem i promocj\u0105 obiekt\u00f3w eventowych, tak aby organizatorzy kongres\u00f3w, targ\u00f3w i konferencji wiedzieli, \u017ce w\u0142a\u015bnie tam warto zrealizowa\u0107 swoje wydarzenie. Prowadzi media spo\u0142eczno\u015bciowe, tworzy strategie komunikacji, pisze artyku\u0142y i dba o sp\u00f3jny wizerunek marki w ka\u017cdym kanale. W swojej pracy \u0142\u0105czy analityczne my\u015blenie z kreatywno\u015bci\u0105 i dobrym copy. Wsp\u00f3\u0142pracuje zar\u00f3wno z organizatorami najwi\u0119kszych wydarze\u0144 w Polsce, jak i z regionalnymi partnerami z bran\u017cy. Po godzinach mi\u0142o\u015bniczka podr\u00f3\u017cy po Europie, dobrej kuchni i klimatycznych miejsc, w kt\u00f3rych mo\u017cna z\u0142apa\u0107 oddech.","sameAs":["http:\/\/MojeKonferencje.pl","https:\/\/www.linkedin.com\/in\/olgastawicka\/"],"url":"https:\/\/www.mojekonferencje.pl\/blog\/author\/osawicka\/"}]}},"_links":{"self":[{"href":"https:\/\/www.mojekonferencje.pl\/blog\/wp-json\/wp\/v2\/posts\/4819","targetHints":{"allow":["GET"]}}],"collection":[{"href":"https:\/\/www.mojekonferencje.pl\/blog\/wp-json\/wp\/v2\/posts"}],"about":[{"href":"https:\/\/www.mojekonferencje.pl\/blog\/wp-json\/wp\/v2\/types\/post"}],"author":[{"embeddable":true,"href":"https:\/\/www.mojekonferencje.pl\/blog\/wp-json\/wp\/v2\/users\/9"}],"replies":[{"embeddable":true,"href":"https:\/\/www.mojekonferencje.pl\/blog\/wp-json\/wp\/v2\/comments?post=4819"}],"version-history":[{"count":4,"href":"https:\/\/www.mojekonferencje.pl\/blog\/wp-json\/wp\/v2\/posts\/4819\/revisions"}],"predecessor-version":[{"id":4835,"href":"https:\/\/www.mojekonferencje.pl\/blog\/wp-json\/wp\/v2\/posts\/4819\/revisions\/4835"}],"wp:featuredmedia":[{"embeddable":true,"href":"https:\/\/www.mojekonferencje.pl\/blog\/wp-json\/wp\/v2\/media\/4820"}],"wp:attachment":[{"href":"https:\/\/www.mojekonferencje.pl\/blog\/wp-json\/wp\/v2\/media?parent=4819"}],"wp:term":[{"taxonomy":"category","embeddable":true,"href":"https:\/\/www.mojekonferencje.pl\/blog\/wp-json\/wp\/v2\/categories?post=4819"},{"taxonomy":"post_tag","embeddable":true,"href":"https:\/\/www.mojekonferencje.pl\/blog\/wp-json\/wp\/v2\/tags?post=4819"}],"curies":[{"name":"wp","href":"https:\/\/api.w.org\/{rel}","templated":true}]}}