{"id":4898,"date":"2024-02-29T19:29:44","date_gmt":"2024-02-29T17:29:44","guid":{"rendered":"https:\/\/www.mojekonferencje.pl\/blog\/?p=4898"},"modified":"2024-05-07T11:48:01","modified_gmt":"2024-05-07T09:48:01","slug":"hotele-spa-w-woj-wielkopolskim","status":"publish","type":"post","link":"https:\/\/www.mojekonferencje.pl\/blog\/hotele-spa-w-woj-wielkopolskim\/","title":{"rendered":"Hotele SPA w woj. wielkopolskim"},"content":{"rendered":"\n<p><strong>Witaj w krainie spokoju i inspiracji, gdzie biznes spotyka relaks, a konferencje staj\u0105 si\u0119 wyj\u0105tkowymi do\u015bwiadczeniami. Wojew\u00f3dztwo Wielkopolskie, znane ze swojego bogactwa historycznego i kulturowego, kryje w sobie tak\u017ce klejnoty wsp\u00f3\u0142czesnego biznesu &#8211; hotele SPA. To tutaj, w otoczeniu malowniczych krajobraz\u00f3w, otwieraj\u0105 si\u0119 przed nami mo\u017cliwo\u015bci nie tylko profesjonalnego rozwoju, ale r\u00f3wnie\u017c pe\u0142nego relaksu i regeneracji. <\/strong><\/p>\n\n\n\n<p><strong>Hotele SPA w woj. wielkopolskim<\/strong> to nie tylko miejsca, gdzie mo\u017cna wypocz\u0105\u0107 i zregenerowa\u0107 si\u0142y po ci\u0119\u017ckim dniu. To przede wszystkim oazy komfortu, nowoczesno\u015bci i doskona\u0142ej infrastruktury, kt\u00f3re idealnie komponuj\u0105 si\u0119 z potrzebami dzisiejszego biznesu. Znajduj\u0105c si\u0119 z dala od miejskiego zgie\u0142ku, zapewniaj\u0105 niepowtarzaln\u0105 atmosfer\u0119 sprzyjaj\u0105c\u0105 skupieniu oraz efektywnej pracy zespo\u0142owej.<\/p>\n\n\n\n<p>Zapraszamy wi\u0119c do odkrycia urok\u00f3w organizacji wydarze\u0144 biznesowych w obiektach takich, jak<a href=\"https:\/\/www.mojekonferencje.pl\/konferencje-wielkopolskie\"> hotele w wojew\u00f3dztwie wielkopolskim<\/a> z zapleczem SPA. To miejsca, gdzie po\u0142\u0105czenie pracy i relaksu nabiera zupe\u0142nie nowego, inspiruj\u0105cego wymiaru. Poni\u017cej przedstawili\u015bmy hotele, takie jak: <\/p>\n\n\n\n<figure class=\"wp-block-table\"><table><tbody><tr><td><a href=\"https:\/\/www.mojekonferencje.pl\/boszkowo\/antoninska-resort-spa\">Antoni\u0144ska Resort SPA<\/a><\/td><td><a href=\"https:\/\/www.mojekonferencje.pl\/nekla\/hotel-barczyzna\">Hotel Barczyzna Medical SPA<\/a><\/td><\/tr><tr><td><a href=\"https:\/\/www.mojekonferencje.pl\/opalenica\/hotel-remes-sport--spa\">Hotel Remes Sport &amp; Spa<\/a><\/td><td><a href=\"https:\/\/www.mojekonferencje.pl\/kwilcz\/olandia\">OLANDIA<\/a><\/td><\/tr><tr><td><a href=\"https:\/\/www.mojekonferencje.pl\/zbaszyn\/hotel-navigator\">Navigator Hotel i Konferencje<\/a><\/td><td><a href=\"https:\/\/www.mojekonferencje.pl\/poznan\/hotelarnia-hotel--spa\">HOT_elarnia HOTEL &amp; SPA<\/a><\/td><\/tr><tr><td><a href=\"https:\/\/www.mojekonferencje.pl\/lichen-stary\/hotel-atut-wielkopolskie-centrum-konferencyjne\">Hotel Atut Wielkopolskie Centrum Konferencyjne<\/a><\/td><td><a href=\"https:\/\/www.mojekonferencje.pl\/poznan\/andersia-hotel-\">Andersia Hotel &amp; Spa, a member of Radisson Individuals<\/a><\/td><\/tr><\/tbody><\/table><\/figure>\n\n\n\n<h2 class=\"wp-block-heading has-text-align-center has-vivid-purple-color has-text-color has-link-color wp-elements-98a8d33739270c2f0cf0e607a88bb24e\"><a href=\"https:\/\/www.mojekonferencje.pl\/boszkowo\/antoninska-resort-spa\"><span style=\"text-decoration: underline;\">Antoni\u0144ska Resort SPA<\/span><\/a><\/h2>\n\n\n\n<p>Ogl\u0105daj\u0105c<strong> hotele SPA w Wielkopolsce<\/strong>, pewnie pr\u0119dzej czy p\u00f3\u017aniej wyl\u0105dujesz w <strong>Hotelu Antoni\u0144ska Resort SPA<\/strong> &#8211; perle Wielkopolski, kt\u00f3ra \u0142\u0105czy w sobie luksus, profesjonalizm i niepowtarzalny urok otaczaj\u0105cej przyrody. Po\u0142o\u017cony nad malowniczym Jeziorem Dominickim, w sercu Przem\u0119ckiego Parku Krajobrazowego, ten obiekt oferuje nie tylko komfortowe zakwaterowanie dla 190 os\u00f3b w 80 pokojach Antoni\u0144ska City, ale tak\u017ce doskona\u0142e warunki do organizacji konferencji, szkole\u0144 oraz innych wydarze\u0144 biznesowych. Jego oferta to nie tylko bogactwo sal konferencyjnych. <\/p>\n\n\n\n<p>Dysponuje on 7 wielofunkcyjnymi salami, w tym najwi\u0119ksz\u0105 o imponuj\u0105cej powierzchni 300 mkw, gwarantuj\u0105c\u0105 przestrze\u0144 i swobod\u0119 dzia\u0142ania nawet dla najwi\u0119kszych grup. Co wi\u0119cej, hotel jako pierwszy w regionie wprowadzi\u0142 innowacyjny pomys\u0142 po\u0142\u0105czenia sal szkoleniowych z grotami solnymi, zapewniaj\u0105c go\u015bciom unikalne doznania oraz korzy\u015bci zdrowotne podczas spotka\u0144 biznesowych. Unikalnym atutem hotelu jest tak\u017ce prywatna piaszczysta pla\u017ca nad Jeziorem Dominickim, z molo prowadz\u0105cym w g\u0142\u0105b jeziora oraz planowan\u0105 na przysz\u0142o\u015b\u0107 p\u0142ywaj\u0105c\u0105 kawiarni\u0105 na jego ko\u0144cu.<\/p>\n\n\n\n<figure class=\"wp-block-image size-large\"><a href=\"https:\/\/www.mojekonferencje.pl\/blog\/wp-content\/uploads\/2024\/04\/1-1.jpg\"><img loading=\"lazy\" decoding=\"async\" width=\"1024\" height=\"768\" src=\"https:\/\/www.mojekonferencje.pl\/blog\/wp-content\/uploads\/2024\/04\/1-1-1024x768.jpg\" alt=\"\" class=\"wp-image-4900 lazyload\" data-srcset=\"https:\/\/www.mojekonferencje.pl\/blog\/wp-content\/uploads\/2024\/04\/1-1-1024x768.jpg 1024w, https:\/\/www.mojekonferencje.pl\/blog\/wp-content\/uploads\/2024\/04\/1-1-300x225.jpg 300w, https:\/\/www.mojekonferencje.pl\/blog\/wp-content\/uploads\/2024\/04\/1-1-768x576.jpg 768w, https:\/\/www.mojekonferencje.pl\/blog\/wp-content\/uploads\/2024\/04\/1-1.jpg 1200w\" sizes=\"auto\" \/><\/a><\/figure>\n\n\n\n<h2 class=\"wp-block-heading has-text-align-center has-vivid-purple-color has-text-color has-link-color wp-elements-20abefd44019f89fc58a7f0952452249\"><a href=\"https:\/\/www.mojekonferencje.pl\/opalenica\/hotel-remes-sport--spa\"><span style=\"text-decoration: underline;\">Hotel Remes Sport &amp; Spa<\/span><\/a><\/h2>\n\n\n\n<p>To kolejny atrakcyjny <strong>hotel SPA w wojew\u00f3dztwie wielkopolskim<\/strong>. Zapraszamy do <strong>Hotelu Remes Sport &amp; Spa<\/strong> o 4-gwiazdkowym standardzie. Po\u0142o\u017cony z dala od miejskiego zgie\u0142ku ten elegancki i komfortowy obiekt stanowi idealn\u0105 przestrze\u0144 nie tylko do wypoczynku, ale tak\u017ce do organizacji najwy\u017cszej jako\u015bci event\u00f3w biznesowych. To miejsce, gdzie tradycja spotyka si\u0119 z nowoczesno\u015bci\u0105, tworz\u0105c niepowtarzalny klimat sprzyjaj\u0105cy kreatywno\u015bci i skupieniu. <\/p>\n\n\n\n<p><strong>Hotel Remes Sport &amp; Spa<\/strong> oferuje 252 miejsca noclegowe w 108 komfortowo wyposa\u017conych pokojach oraz kompleks 6 profesjonalnych boisk sportowych, idealnych do organizacji oboz\u00f3w sportowych czy innych wydarze\u0144 sportowych. Jego centrum konferencyjne oraz zaplecze Spa to doskona\u0142e miejsce do organizacji szkole\u0144, konferencji czy spotka\u0144 integracyjnych dla firm z relaksem w tle. Dla organizator\u00f3w wydarze\u0144 przygotowano 7 nowoczesnych i funkcjonalnych sal konferencyjnych, kt\u00f3re mog\u0105 by\u0107 dostosowane do r\u00f3\u017cnorodnych potrzeb.<\/p>\n\n\n\n<figure class=\"wp-block-image size-full\"><a href=\"https:\/\/www.mojekonferencje.pl\/blog\/wp-content\/uploads\/2024\/04\/2-1.jpg\"><img loading=\"lazy\" decoding=\"async\" width=\"960\" height=\"580\" src=\"https:\/\/www.mojekonferencje.pl\/blog\/wp-content\/uploads\/2024\/04\/2-1.jpg\" alt=\"\" class=\"wp-image-4901 lazyload\" data-srcset=\"https:\/\/www.mojekonferencje.pl\/blog\/wp-content\/uploads\/2024\/04\/2-1.jpg 960w, https:\/\/www.mojekonferencje.pl\/blog\/wp-content\/uploads\/2024\/04\/2-1-300x181.jpg 300w, https:\/\/www.mojekonferencje.pl\/blog\/wp-content\/uploads\/2024\/04\/2-1-768x464.jpg 768w\" sizes=\"auto\" \/><\/a><\/figure>\n\n\n\n<h2 class=\"wp-block-heading has-text-align-center has-vivid-purple-color has-text-color has-link-color wp-elements-c1f335edb42fd200436116cb10238c6b\"><a href=\"https:\/\/www.mojekonferencje.pl\/zbaszyn\/hotel-navigator\"><span style=\"text-decoration: underline;\">Navigator Hotel i Konferencje<\/span><\/a><\/h2>\n\n\n\n<p>Przenie\u015bmy si\u0119 teraz do<strong> Hotelu Navigator<\/strong> &#8211; nowoczesnego, a jednocze\u015bnie klimatycznego miejsca, kt\u00f3re \u0142\u0105czy w sobie elegancj\u0119 i luksus z lokaln\u0105 tradycj\u0105. Po\u0142o\u017cony zaledwie 600 metr\u00f3w od g\u0142\u00f3wnej ulicy miasta, tu\u017c nad brzegiem malowniczego jeziora B\u0142\u0119dno, obj\u0119tego ochron\u0105 programu &#8222;Natura 2000&#8221;, ten hotel to oaza spokoju i ciszy, idealna zar\u00f3wno na relaksacyjne pobyty, jak i spotkania biznesowe. <\/p>\n\n\n\n<p>Oferuje najwi\u0119ksz\u0105 w okolicy baz\u0119 noclegow\u0105 i konferencyjn\u0105 &#8211; 51 pokoi o wysokim standardzie, z cz\u0119\u015bci\u0105 z tarasami i widokiem na jezioro, oraz trzy multimedialne sale konferencyjne, mog\u0105ce pomie\u015bci\u0107 do 160 os\u00f3b. Dodatkowo dysponuje Sal\u0105 Bankietow\u0105, gdzie mo\u017cna zorganizowa\u0107 imprezy dla 110 os\u00f3b oraz restauracj\u0105 serwuj\u0105c\u0105 dania europejskie i regionalne, przy zachwycaj\u0105cym widoku na jezioro. Dla relaksu i regeneracji hotel zapewnia basen z jacuzzi, dwie sauny oraz nowoczesne, eleganckie SPA z dwoma gabinetami masa\u017cu.<\/p>\n\n\n\n<figure class=\"wp-block-image size-full\"><a href=\"https:\/\/www.mojekonferencje.pl\/blog\/wp-content\/uploads\/2024\/04\/3-1.jpg\"><img loading=\"lazy\" decoding=\"async\" width=\"960\" height=\"580\" src=\"https:\/\/www.mojekonferencje.pl\/blog\/wp-content\/uploads\/2024\/04\/3-1.jpg\" alt=\"\" class=\"wp-image-4902 lazyload\" data-srcset=\"https:\/\/www.mojekonferencje.pl\/blog\/wp-content\/uploads\/2024\/04\/3-1.jpg 960w, https:\/\/www.mojekonferencje.pl\/blog\/wp-content\/uploads\/2024\/04\/3-1-300x181.jpg 300w, https:\/\/www.mojekonferencje.pl\/blog\/wp-content\/uploads\/2024\/04\/3-1-768x464.jpg 768w\" sizes=\"auto\" \/><\/a><\/figure>\n\n\n\n<h2 class=\"wp-block-heading has-text-align-center has-vivid-purple-color has-text-color has-link-color wp-elements-9b072cedfe839b76e62bc734ea19f233\"><a href=\"https:\/\/www.mojekonferencje.pl\/lichen-stary\/hotel-atut-wielkopolskie-centrum-konferencyjne\"><span style=\"text-decoration: underline;\">Hotel Atut Wielkopolskie Centrum Konferencyjne<\/span><\/a><\/h2>\n\n\n\n<p>Koniecznie poznaj te\u017c <strong>Hotel Atut<\/strong>, je\u015bli interesuj\u0105 Ci\u0119 <strong>hotele SPA w wojew\u00f3dztwie wielkopolskim<\/strong>. Przenie\u015bmy si\u0119 do tego obiektu, po\u0142o\u017conego w otoczeniu malowniczych las\u00f3w oraz jezior, kt\u00f3re tworz\u0105 wyj\u0105tkow\u0105 tras\u0119 turystyczn\u0105 \u0142\u0105cz\u0105c\u0105 Wart\u0119 z Noteci\u0105. Ta magiczna okolica oferuje nie tylko mo\u017cliwo\u015b\u0107 wypoczynku na \u0142onie natury, ale tak\u017ce bogat\u0105 gam\u0119 aktywno\u015bci rekreacyjnych, takich jak sporty wodne, rowerowe wycieczki czy nurkowanie, zapewniaj\u0105c niezapomniane doznania dla ka\u017cdego go\u015bcia. <\/p>\n\n\n\n<p>Dla organizator\u00f3w spotka\u0144 przygotowano 8 klimatyzowanych sal konferencyjnych, mog\u0105cych pomie\u015bci\u0107 \u0142\u0105cznie oko\u0142o 600 os\u00f3b. Sale s\u0105 wyposa\u017cone w nowoczesny sprz\u0119t audiowizualny, zapewniaj\u0105cy komfortowe warunki do prowadzenia wszelkiego rodzaju prezentacji i dyskusji. Dodatkowo obiekt oferuje bogate zaplecze rekreacyjne, w tym basen, jacuzzi, aromatyczn\u0105 \u0142a\u017ani\u0119 parow\u0105, sauny oraz gabinety SPA, zapewniaj\u0105c pe\u0142en relaks po intensywnym dniu pracy.<\/p>\n\n\n\n<figure class=\"wp-block-image size-full\"><a href=\"https:\/\/www.mojekonferencje.pl\/blog\/wp-content\/uploads\/2024\/04\/4-1.jpg\"><img loading=\"lazy\" decoding=\"async\" width=\"960\" height=\"580\" src=\"https:\/\/www.mojekonferencje.pl\/blog\/wp-content\/uploads\/2024\/04\/4-1.jpg\" alt=\"\" class=\"wp-image-4903 lazyload\" data-srcset=\"https:\/\/www.mojekonferencje.pl\/blog\/wp-content\/uploads\/2024\/04\/4-1.jpg 960w, https:\/\/www.mojekonferencje.pl\/blog\/wp-content\/uploads\/2024\/04\/4-1-300x181.jpg 300w, https:\/\/www.mojekonferencje.pl\/blog\/wp-content\/uploads\/2024\/04\/4-1-768x464.jpg 768w\" sizes=\"auto\" \/><\/a><\/figure>\n\n\n\n<h2 class=\"wp-block-heading has-text-align-center has-vivid-purple-color has-text-color has-link-color wp-elements-2c5f3dcfe9863aab9a4615bae4f3ffac\"><a href=\"https:\/\/www.mojekonferencje.pl\/nekla\/hotel-barczyzna\"><span style=\"text-decoration: underline;\">Hotel Barczyzna Medical SPA<\/span><\/a><\/h2>\n\n\n\n<p><strong>Hotele SPA w woj. wielkopolskim <\/strong>reprezentuje tak\u017ce <strong>Hotel Barczyzna Medical SPA<\/strong>. Zapraszamy do tego nowoczesnego obiektu po\u0142\u0105czonego z natur\u0105, zlokalizowanego zaledwie 35 km od Poznania, w spokojnej okolicy przy lesie. To idealne miejsce na organizacj\u0119 konferencji, gdzie mo\u017cliwe jest zar\u00f3wno wypocz\u0119cie i regeneracja si\u0142, jak i skupienie si\u0119 na biznesowych celach, z dala od zgie\u0142ku wielkiego miasta. <\/p>\n\n\n\n<p>Hotel wyr\u00f3\u017cnia si\u0119 oryginalnym designem, kt\u00f3ry \u0142\u0105czy minimalizm z nowoczesno\u015bci\u0105, tworz\u0105c niepowtarzalny klimat sprzyjaj\u0105cy koncentracji i inspiracji. Dysponuje 45 komfortowymi pokojami, w\u0142asnym SPA oraz salami konferencyjnymi, zapewniaj\u0105c kompleksow\u0105 obs\u0142ug\u0119 i d\u0142ug\u0105 list\u0119 dodatkowych atrakcji dla go\u015bci. W ramach Medical SPA hotel oferuje r\u00f3\u017cnorodne zabiegi relaksacyjne, masa\u017ce, rytua\u0142y piel\u0119gnacyjne oraz dost\u0119p do basenu, saun i jacuzzi.<\/p>\n\n\n\n<figure class=\"wp-block-image size-full\"><a href=\"https:\/\/www.mojekonferencje.pl\/blog\/wp-content\/uploads\/2024\/04\/5-1.jpg\"><img loading=\"lazy\" decoding=\"async\" width=\"960\" height=\"580\" src=\"https:\/\/www.mojekonferencje.pl\/blog\/wp-content\/uploads\/2024\/04\/5-1.jpg\" alt=\"\" class=\"wp-image-4904 lazyload\" data-srcset=\"https:\/\/www.mojekonferencje.pl\/blog\/wp-content\/uploads\/2024\/04\/5-1.jpg 960w, https:\/\/www.mojekonferencje.pl\/blog\/wp-content\/uploads\/2024\/04\/5-1-300x181.jpg 300w, https:\/\/www.mojekonferencje.pl\/blog\/wp-content\/uploads\/2024\/04\/5-1-768x464.jpg 768w\" sizes=\"auto\" \/><\/a><\/figure>\n\n\n\n<h2 class=\"wp-block-heading has-text-align-center has-vivid-purple-color has-text-color has-link-color wp-elements-e2f741e08601ddae08899fc7d622ea84\"><a href=\"https:\/\/www.mojekonferencje.pl\/kwilcz\/olandia\"><span style=\"text-decoration: underline;\">OLANDIA<\/span><\/a><\/h2>\n\n\n\n<p>Ko\u0142o tego wyj\u0105tkowego miejsca trudno jest przej\u015b\u0107 oboj\u0119tnie! To XVIII-wieczny folwark, zrewitalizowany i odrestaurowany, po\u0142o\u017cony nad urokliwym jeziorem Kuchennym, w sercu Sierakowskiego Parku Krajobrazowego. Zaledwie 70 km od Poznania i 120 km od granicy polsko-niemieckiej, <strong>OLANDIA<\/strong> to idealne miejsce na konferencje, gdzie historia spotyka si\u0119 z nowoczesno\u015bci\u0105. Obiekt dysponuje 174 komfortowymi miejscami noclegowymi w 60 pokojach Dworu, Spichlerza i Kamiennika. Restauracja zachwyca olenderskimi smakami, a tradycyjny chleb pieczony w olenderskim piecu nadaje wyj\u0105tkowy smak potrawom. Dla przerw kawowych czy kolacyjnych obiekt proponuje pyszne menu, a profesjonalna obs\u0142uga dba o komfort i zadowolenie go\u015bci. <\/p>\n\n\n\n<p>W <strong>OLANDII<\/strong> znajdziesz r\u00f3wnie\u017c Olendersk\u0105 Zdrowotni\u0119, gdzie mo\u017cna odda\u0107 si\u0119 relaksacyjnym masa\u017com oraz zabiegom w fitosaunach z drzewa cedrowego. Stodo\u0142a Fryzyjska to idealne miejsce na du\u017ce imprezy firmowe czy konferencje. Sala o powierzchni 330 metr\u00f3w, zwie\u0144czona szklan\u0105 kopu\u0142\u0105, oferuje niesamowity widok na jezioro. <strong>OLANDIA<\/strong> dysponuje a\u017c 8 salami konferencyjnymi, w tym unikatow\u0105 sal\u0105, do kt\u00f3rej mo\u017cna wjecha\u0107 samochodem czy nawet kombajnem, idealn\u0105 na pokazy nowych modeli pojazd\u00f3w.<\/p>\n\n\n\n<figure class=\"wp-block-image size-full\"><a href=\"https:\/\/www.mojekonferencje.pl\/blog\/wp-content\/uploads\/2024\/04\/6-1.jpg\"><img loading=\"lazy\" decoding=\"async\" width=\"960\" height=\"580\" src=\"https:\/\/www.mojekonferencje.pl\/blog\/wp-content\/uploads\/2024\/04\/6-1.jpg\" alt=\"\" class=\"wp-image-4905 lazyload\" data-srcset=\"https:\/\/www.mojekonferencje.pl\/blog\/wp-content\/uploads\/2024\/04\/6-1.jpg 960w, https:\/\/www.mojekonferencje.pl\/blog\/wp-content\/uploads\/2024\/04\/6-1-300x181.jpg 300w, https:\/\/www.mojekonferencje.pl\/blog\/wp-content\/uploads\/2024\/04\/6-1-768x464.jpg 768w\" sizes=\"auto\" \/><\/a><\/figure>\n\n\n\n<h2 class=\"wp-block-heading has-text-align-center has-vivid-purple-color has-text-color has-link-color wp-elements-297e7621f4f5f710b3fcf03bfc25c0e3\"><a href=\"https:\/\/www.mojekonferencje.pl\/poznan\/hotelarnia-hotel--spa\"><span style=\"text-decoration: underline;\">HOT_elarnia HOTEL &amp; SPA<\/span><\/a><\/h2>\n\n\n\n<p>W tym zestawieniu zdecydowanie nie mog\u0142o zabrakn\u0105\u0107 <strong>HOT_elarni <\/strong>\u2013 miejsca, kt\u00f3re staje si\u0119 Twoim domem, gdy tylko go odwiedzisz. Ten <strong>hotel SPA w Wielkopolsce<\/strong> dysponuje 24 niepowtarzalnymi pokojami, kt\u00f3re \u0142\u0105cz\u0105 nowoczesny design z magiczn\u0105 atmosfer\u0105, tworz\u0105c niezapomniane do\u015bwiadczenie. Obiekt powsta\u0142 z pasji do tworzenia wyj\u0105tkowych miejsc, gdzie wygoda i doskona\u0142a obs\u0142uga s\u0105 standardem. Je\u015bli pragniesz relaksu dla cia\u0142a i duszy, koniecznie odwied\u017a SPA_larni\u0119. Znajdziesz tu ukojenie oraz \u017ar\u00f3d\u0142o energii i harmonii, przy profesjonalnej opiece personelu. <\/p>\n\n\n\n<p>Hotelowe wn\u0119trza zapewniaj\u0105 dyskrecj\u0119, idealn\u0105 do biznesowych spotka\u0144, jednocze\u015bnie oferuj\u0105c spok\u00f3j od zgie\u0142ku wielkich miast. Po\u0142o\u017cenie zapewnia komfortowy dojazd do centrum Poznania, zachowuj\u0105c przy tym atmosfer\u0119 odosobnienia. <strong>HOT_elarnia**** &amp; SPA_larnia<\/strong> to doskona\u0142e miejsce na zorganizowanie szkolenia czy warsztat\u00f3w. Znajduj\u0105ce si\u0119 tam klimatyzowane sale konferencyjne mog\u0105 pomie\u015bci\u0107 do 150 os\u00f3b i s\u0105 wyposa\u017cone w niezb\u0119dny sprz\u0119t.<\/p>\n\n\n\n<figure class=\"wp-block-image size-large\"><a href=\"https:\/\/www.mojekonferencje.pl\/blog\/wp-content\/uploads\/2024\/04\/7-1.jpg\"><img loading=\"lazy\" decoding=\"async\" width=\"1024\" height=\"683\" src=\"https:\/\/www.mojekonferencje.pl\/blog\/wp-content\/uploads\/2024\/04\/7-1-1024x683.jpg\" alt=\"\" class=\"wp-image-4906 lazyload\" data-srcset=\"https:\/\/www.mojekonferencje.pl\/blog\/wp-content\/uploads\/2024\/04\/7-1-1024x683.jpg 1024w, https:\/\/www.mojekonferencje.pl\/blog\/wp-content\/uploads\/2024\/04\/7-1-300x200.jpg 300w, https:\/\/www.mojekonferencje.pl\/blog\/wp-content\/uploads\/2024\/04\/7-1-768x512.jpg 768w, https:\/\/www.mojekonferencje.pl\/blog\/wp-content\/uploads\/2024\/04\/7-1.jpg 1050w\" sizes=\"auto\" \/><\/a><\/figure>\n\n\n\n<h2 class=\"wp-block-heading has-text-align-center has-vivid-purple-color has-text-color has-link-color wp-elements-787ee9dcc5ceeaed17161959b65d6233\"><a href=\"https:\/\/www.mojekonferencje.pl\/poznan\/andersia-hotel-\"><span style=\"text-decoration: underline;\">Andersia Hotel &amp; Spa, a member of Radisson Individuals<\/span><\/a><\/h2>\n\n\n\n<p>Artyku\u0142 ten zamyka <strong>Andersia Hotel &amp; SPA<\/strong>, po\u0142o\u017cony w samym sercu Poznania. Oferuje on doskona\u0142e warunki do organizacji konferencji, bankiet\u00f3w, szkole\u0144 i spotka\u0144, dzi\u0119ki \u015bwietnej lokalizacji oraz bogatej infrastrukturze. Na dziewi\u0119ciu pi\u0119trach Andersia Tower, znajduj\u0105 si\u0119 172 komfortowe pokoje i luksusowe apartamenty, strefa Wellness z basenem, Novo Beauty Spa, restauracja Flavoria, Lobby Bar oraz nowoczesne centrum konferencyjno-bankietowe. Obiekt oferuje r\u00f3\u017cnorodno\u015b\u0107 pokoi, w tym luksusowe apartamenty Executive Suite, Premium Room oraz Prezydencki, z pi\u0119knym widokiem na panoram\u0119 Poznania. <\/p>\n\n\n\n<p>Hotelowa strefa Wellness, Harmonia Wellness Club &amp; Pool, zapewnia idealny relaks przy basenie z hydromasa\u017cem, jacuzzi, saunach, si\u0142owni oraz barze. Novo Beauty Spa oferuje szeroki zakres zabieg\u00f3w i masa\u017cy, aby zadba\u0107 kompleksowo o Twoje dobre samopoczucie. <strong>Andersia Hotel &amp; SPA<\/strong> posiada najwi\u0119ksze centrum konferencyjne w\u015br\u00f3d pozna\u0144skich hoteli, oferuj\u0105c 10 nowocze\u015bnie wyposa\u017conych i klimatyzowanych sal konferencyjnych i bankietowych.<\/p>\n\n\n\n<figure class=\"wp-block-image size-full\"><a href=\"https:\/\/www.mojekonferencje.pl\/blog\/wp-content\/uploads\/2024\/04\/8-1.jpg\"><img loading=\"lazy\" decoding=\"async\" width=\"960\" height=\"580\" src=\"https:\/\/www.mojekonferencje.pl\/blog\/wp-content\/uploads\/2024\/04\/8-1.jpg\" alt=\"\" class=\"wp-image-4907 lazyload\" data-srcset=\"https:\/\/www.mojekonferencje.pl\/blog\/wp-content\/uploads\/2024\/04\/8-1.jpg 960w, https:\/\/www.mojekonferencje.pl\/blog\/wp-content\/uploads\/2024\/04\/8-1-300x181.jpg 300w, https:\/\/www.mojekonferencje.pl\/blog\/wp-content\/uploads\/2024\/04\/8-1-768x464.jpg 768w\" sizes=\"auto\" \/><\/a><\/figure>\n","protected":false},"excerpt":{"rendered":"<p>Odkryj niepowtarzalne hotele SPA w wojew\u00f3dztwie wielkopolskim, gdzie biznes spotyka relaks, a konferencje staj\u0105 si\u0119 wyj\u0105tkowymi do\u015bwiadczeniami.<\/p>\n","protected":false},"author":9,"featured_media":4899,"comment_status":"closed","ping_status":"closed","sticky":false,"template":"","format":"standard","meta":{"_acf_changed":false,"footnotes":""},"categories":[8,212,175],"tags":[368,367,271,353,354],"class_list":["post-4898","post","type-post","status-publish","format-standard","has-post-thumbnail","hentry","category-porady","category-travel","category-wybieranie-miejsca-konferencyjnego","tag-hotel","tag-hotele","tag-hotele-konferencyjne","tag-organizacja-imprez","tag-organizacja-wydarzen"],"acf":[],"yoast_head":"<!-- This site is optimized with the Yoast SEO plugin v27.1.1 - https:\/\/yoast.com\/product\/yoast-seo-wordpress\/ -->\n<title>Hotele SPA w woj. wielkopolskim - blog | MojeKonferencje.pl<\/title>\n<meta name=\"description\" content=\"Hotele SPA w woj. wielkopolskim - blog | MojeKonferencje.pl\" \/>\n<meta name=\"robots\" content=\"index, follow, max-snippet:-1, max-image-preview:large, max-video-preview:-1\" \/>\n<link rel=\"canonical\" href=\"https:\/\/www.mojekonferencje.pl\/blog\/hotele-spa-w-woj-wielkopolskim\/\" \/>\n<meta property=\"og:locale\" content=\"pl_PL\" \/>\n<meta property=\"og:type\" content=\"article\" \/>\n<meta property=\"og:title\" content=\"Hotele SPA w woj. wielkopolskim - blog | MojeKonferencje.pl\" \/>\n<meta property=\"og:description\" content=\"Hotele SPA w woj. wielkopolskim - blog | MojeKonferencje.pl\" \/>\n<meta property=\"og:url\" content=\"https:\/\/www.mojekonferencje.pl\/blog\/hotele-spa-w-woj-wielkopolskim\/\" \/>\n<meta property=\"og:site_name\" content=\"MojeKonferencje.pl\" \/>\n<meta property=\"article:published_time\" content=\"2024-02-29T17:29:44+00:00\" \/>\n<meta property=\"article:modified_time\" content=\"2024-05-07T09:48:01+00:00\" \/>\n<meta property=\"og:image\" content=\"https:\/\/www.mojekonferencje.pl\/blog\/wp-content\/uploads\/2024\/04\/Fotoram.io-71.jpg\" \/>\n\t<meta property=\"og:image:width\" content=\"1200\" \/>\n\t<meta property=\"og:image:height\" content=\"720\" \/>\n\t<meta property=\"og:image:type\" content=\"image\/jpeg\" \/>\n<meta name=\"author\" content=\"Olga Stawicka-Iwanowska\" \/>\n<meta name=\"twitter:card\" content=\"summary_large_image\" \/>\n<meta name=\"twitter:label1\" content=\"Napisane przez\" \/>\n\t<meta name=\"twitter:data1\" content=\"Olga Stawicka-Iwanowska\" \/>\n\t<meta name=\"twitter:label2\" content=\"Szacowany czas czytania\" \/>\n\t<meta name=\"twitter:data2\" content=\"10 minut\" \/>\n<script type=\"application\/ld+json\" class=\"yoast-schema-graph\">{\"@context\":\"https:\/\/schema.org\",\"@graph\":[{\"@type\":\"Article\",\"@id\":\"https:\/\/www.mojekonferencje.pl\/blog\/hotele-spa-w-woj-wielkopolskim\/#article\",\"isPartOf\":{\"@id\":\"https:\/\/www.mojekonferencje.pl\/blog\/hotele-spa-w-woj-wielkopolskim\/\"},\"author\":{\"name\":\"Olga Stawicka-Iwanowska\",\"@id\":\"https:\/\/www.mojekonferencje.pl\/blog\/#\/schema\/person\/d6751ca3c60de9ec17ee21b744bbb2d4\"},\"headline\":\"Hotele SPA w woj. wielkopolskim\",\"datePublished\":\"2024-02-29T17:29:44+00:00\",\"dateModified\":\"2024-05-07T09:48:01+00:00\",\"mainEntityOfPage\":{\"@id\":\"https:\/\/www.mojekonferencje.pl\/blog\/hotele-spa-w-woj-wielkopolskim\/\"},\"wordCount\":1473,\"image\":{\"@id\":\"https:\/\/www.mojekonferencje.pl\/blog\/hotele-spa-w-woj-wielkopolskim\/#primaryimage\"},\"thumbnailUrl\":\"https:\/\/www.mojekonferencje.pl\/blog\/wp-content\/uploads\/2024\/04\/Fotoram.io-71.jpg\",\"keywords\":[\"hotel\",\"hotele\",\"hotele konferencyjne\",\"organizacja imprez\",\"organizacja wydarze\u0144\"],\"articleSection\":[\"Porady\",\"Travel\",\"Wybieranie miejsca konferencyjnego\"],\"inLanguage\":\"pl-PL\"},{\"@type\":\"WebPage\",\"@id\":\"https:\/\/www.mojekonferencje.pl\/blog\/hotele-spa-w-woj-wielkopolskim\/\",\"url\":\"https:\/\/www.mojekonferencje.pl\/blog\/hotele-spa-w-woj-wielkopolskim\/\",\"name\":\"Hotele SPA w woj. wielkopolskim - blog | MojeKonferencje.pl\",\"isPartOf\":{\"@id\":\"https:\/\/www.mojekonferencje.pl\/blog\/#website\"},\"primaryImageOfPage\":{\"@id\":\"https:\/\/www.mojekonferencje.pl\/blog\/hotele-spa-w-woj-wielkopolskim\/#primaryimage\"},\"image\":{\"@id\":\"https:\/\/www.mojekonferencje.pl\/blog\/hotele-spa-w-woj-wielkopolskim\/#primaryimage\"},\"thumbnailUrl\":\"https:\/\/www.mojekonferencje.pl\/blog\/wp-content\/uploads\/2024\/04\/Fotoram.io-71.jpg\",\"datePublished\":\"2024-02-29T17:29:44+00:00\",\"dateModified\":\"2024-05-07T09:48:01+00:00\",\"author\":{\"@id\":\"https:\/\/www.mojekonferencje.pl\/blog\/#\/schema\/person\/d6751ca3c60de9ec17ee21b744bbb2d4\"},\"description\":\"Hotele SPA w woj. wielkopolskim - blog | MojeKonferencje.pl\",\"breadcrumb\":{\"@id\":\"https:\/\/www.mojekonferencje.pl\/blog\/hotele-spa-w-woj-wielkopolskim\/#breadcrumb\"},\"inLanguage\":\"pl-PL\",\"potentialAction\":[{\"@type\":\"ReadAction\",\"target\":[\"https:\/\/www.mojekonferencje.pl\/blog\/hotele-spa-w-woj-wielkopolskim\/\"]}]},{\"@type\":\"ImageObject\",\"inLanguage\":\"pl-PL\",\"@id\":\"https:\/\/www.mojekonferencje.pl\/blog\/hotele-spa-w-woj-wielkopolskim\/#primaryimage\",\"url\":\"https:\/\/www.mojekonferencje.pl\/blog\/wp-content\/uploads\/2024\/04\/Fotoram.io-71.jpg\",\"contentUrl\":\"https:\/\/www.mojekonferencje.pl\/blog\/wp-content\/uploads\/2024\/04\/Fotoram.io-71.jpg\",\"width\":1200,\"height\":720},{\"@type\":\"BreadcrumbList\",\"@id\":\"https:\/\/www.mojekonferencje.pl\/blog\/hotele-spa-w-woj-wielkopolskim\/#breadcrumb\",\"itemListElement\":[{\"@type\":\"ListItem\",\"position\":1,\"name\":\"Strona g\u0142\u00f3wna\",\"item\":\"https:\/\/www.mojekonferencje.pl\/blog\/\"},{\"@type\":\"ListItem\",\"position\":2,\"name\":\"Hotele SPA w woj. wielkopolskim\"}]},{\"@type\":\"WebSite\",\"@id\":\"https:\/\/www.mojekonferencje.pl\/blog\/#website\",\"url\":\"https:\/\/www.mojekonferencje.pl\/blog\/\",\"name\":\"MojeKonferencje.pl\",\"description\":\"Blog bran\u017cy szkoleniowo-konferencyjnej. W\u0142\u0105cz si\u0119 do dyskusji o obiektach konferencyjnych i nowo\u015bciach z bran\u017cy! Poznaj porady odno\u015bnie organizacji konferencji, szkole\u0144 i event\u00f3w firmowych! Zach\u0119camy do wyra\u017cania opinii oraz komentarzy.\",\"potentialAction\":[{\"@type\":\"SearchAction\",\"target\":{\"@type\":\"EntryPoint\",\"urlTemplate\":\"https:\/\/www.mojekonferencje.pl\/blog\/?s={search_term_string}\"},\"query-input\":{\"@type\":\"PropertyValueSpecification\",\"valueRequired\":true,\"valueName\":\"search_term_string\"}}],\"inLanguage\":\"pl-PL\"},{\"@type\":\"Person\",\"@id\":\"https:\/\/www.mojekonferencje.pl\/blog\/#\/schema\/person\/d6751ca3c60de9ec17ee21b744bbb2d4\",\"name\":\"Olga Stawicka-Iwanowska\",\"description\":\"Head of Marketing z ponad sze\u015bcioletnim do\u015bwiadczeniem w bran\u017cy MICE. Na co dzie\u0144 zajmuje si\u0119 content marketingiem i promocj\u0105 obiekt\u00f3w eventowych, tak aby organizatorzy kongres\u00f3w, targ\u00f3w i konferencji wiedzieli, \u017ce w\u0142a\u015bnie tam warto zrealizowa\u0107 swoje wydarzenie. Prowadzi media spo\u0142eczno\u015bciowe, tworzy strategie komunikacji, pisze artyku\u0142y i dba o sp\u00f3jny wizerunek marki w ka\u017cdym kanale. W swojej pracy \u0142\u0105czy analityczne my\u015blenie z kreatywno\u015bci\u0105 i dobrym copy. Wsp\u00f3\u0142pracuje zar\u00f3wno z organizatorami najwi\u0119kszych wydarze\u0144 w Polsce, jak i z regionalnymi partnerami z bran\u017cy. Po godzinach mi\u0142o\u015bniczka podr\u00f3\u017cy po Europie, dobrej kuchni i klimatycznych miejsc, w kt\u00f3rych mo\u017cna z\u0142apa\u0107 oddech.\",\"sameAs\":[\"http:\/\/MojeKonferencje.pl\",\"https:\/\/www.linkedin.com\/in\/olgastawicka\/\"],\"url\":\"https:\/\/www.mojekonferencje.pl\/blog\/author\/osawicka\/\"}]}<\/script>\n<!-- \/ Yoast SEO plugin. -->","yoast_head_json":{"title":"Hotele SPA w woj. wielkopolskim - blog | MojeKonferencje.pl","description":"Hotele SPA w woj. wielkopolskim - blog | MojeKonferencje.pl","robots":{"index":"index","follow":"follow","max-snippet":"max-snippet:-1","max-image-preview":"max-image-preview:large","max-video-preview":"max-video-preview:-1"},"canonical":"https:\/\/www.mojekonferencje.pl\/blog\/hotele-spa-w-woj-wielkopolskim\/","og_locale":"pl_PL","og_type":"article","og_title":"Hotele SPA w woj. wielkopolskim - blog | MojeKonferencje.pl","og_description":"Hotele SPA w woj. wielkopolskim - blog | MojeKonferencje.pl","og_url":"https:\/\/www.mojekonferencje.pl\/blog\/hotele-spa-w-woj-wielkopolskim\/","og_site_name":"MojeKonferencje.pl","article_published_time":"2024-02-29T17:29:44+00:00","article_modified_time":"2024-05-07T09:48:01+00:00","og_image":[{"width":1200,"height":720,"url":"https:\/\/www.mojekonferencje.pl\/blog\/wp-content\/uploads\/2024\/04\/Fotoram.io-71.jpg","type":"image\/jpeg"}],"author":"Olga Stawicka-Iwanowska","twitter_card":"summary_large_image","twitter_misc":{"Napisane przez":"Olga Stawicka-Iwanowska","Szacowany czas czytania":"10 minut"},"schema":{"@context":"https:\/\/schema.org","@graph":[{"@type":"Article","@id":"https:\/\/www.mojekonferencje.pl\/blog\/hotele-spa-w-woj-wielkopolskim\/#article","isPartOf":{"@id":"https:\/\/www.mojekonferencje.pl\/blog\/hotele-spa-w-woj-wielkopolskim\/"},"author":{"name":"Olga Stawicka-Iwanowska","@id":"https:\/\/www.mojekonferencje.pl\/blog\/#\/schema\/person\/d6751ca3c60de9ec17ee21b744bbb2d4"},"headline":"Hotele SPA w woj. wielkopolskim","datePublished":"2024-02-29T17:29:44+00:00","dateModified":"2024-05-07T09:48:01+00:00","mainEntityOfPage":{"@id":"https:\/\/www.mojekonferencje.pl\/blog\/hotele-spa-w-woj-wielkopolskim\/"},"wordCount":1473,"image":{"@id":"https:\/\/www.mojekonferencje.pl\/blog\/hotele-spa-w-woj-wielkopolskim\/#primaryimage"},"thumbnailUrl":"https:\/\/www.mojekonferencje.pl\/blog\/wp-content\/uploads\/2024\/04\/Fotoram.io-71.jpg","keywords":["hotel","hotele","hotele konferencyjne","organizacja imprez","organizacja wydarze\u0144"],"articleSection":["Porady","Travel","Wybieranie miejsca konferencyjnego"],"inLanguage":"pl-PL"},{"@type":"WebPage","@id":"https:\/\/www.mojekonferencje.pl\/blog\/hotele-spa-w-woj-wielkopolskim\/","url":"https:\/\/www.mojekonferencje.pl\/blog\/hotele-spa-w-woj-wielkopolskim\/","name":"Hotele SPA w woj. wielkopolskim - blog | MojeKonferencje.pl","isPartOf":{"@id":"https:\/\/www.mojekonferencje.pl\/blog\/#website"},"primaryImageOfPage":{"@id":"https:\/\/www.mojekonferencje.pl\/blog\/hotele-spa-w-woj-wielkopolskim\/#primaryimage"},"image":{"@id":"https:\/\/www.mojekonferencje.pl\/blog\/hotele-spa-w-woj-wielkopolskim\/#primaryimage"},"thumbnailUrl":"https:\/\/www.mojekonferencje.pl\/blog\/wp-content\/uploads\/2024\/04\/Fotoram.io-71.jpg","datePublished":"2024-02-29T17:29:44+00:00","dateModified":"2024-05-07T09:48:01+00:00","author":{"@id":"https:\/\/www.mojekonferencje.pl\/blog\/#\/schema\/person\/d6751ca3c60de9ec17ee21b744bbb2d4"},"description":"Hotele SPA w woj. wielkopolskim - blog | MojeKonferencje.pl","breadcrumb":{"@id":"https:\/\/www.mojekonferencje.pl\/blog\/hotele-spa-w-woj-wielkopolskim\/#breadcrumb"},"inLanguage":"pl-PL","potentialAction":[{"@type":"ReadAction","target":["https:\/\/www.mojekonferencje.pl\/blog\/hotele-spa-w-woj-wielkopolskim\/"]}]},{"@type":"ImageObject","inLanguage":"pl-PL","@id":"https:\/\/www.mojekonferencje.pl\/blog\/hotele-spa-w-woj-wielkopolskim\/#primaryimage","url":"https:\/\/www.mojekonferencje.pl\/blog\/wp-content\/uploads\/2024\/04\/Fotoram.io-71.jpg","contentUrl":"https:\/\/www.mojekonferencje.pl\/blog\/wp-content\/uploads\/2024\/04\/Fotoram.io-71.jpg","width":1200,"height":720},{"@type":"BreadcrumbList","@id":"https:\/\/www.mojekonferencje.pl\/blog\/hotele-spa-w-woj-wielkopolskim\/#breadcrumb","itemListElement":[{"@type":"ListItem","position":1,"name":"Strona g\u0142\u00f3wna","item":"https:\/\/www.mojekonferencje.pl\/blog\/"},{"@type":"ListItem","position":2,"name":"Hotele SPA w woj. wielkopolskim"}]},{"@type":"WebSite","@id":"https:\/\/www.mojekonferencje.pl\/blog\/#website","url":"https:\/\/www.mojekonferencje.pl\/blog\/","name":"MojeKonferencje.pl","description":"Blog bran\u017cy szkoleniowo-konferencyjnej. W\u0142\u0105cz si\u0119 do dyskusji o obiektach konferencyjnych i nowo\u015bciach z bran\u017cy! Poznaj porady odno\u015bnie organizacji konferencji, szkole\u0144 i event\u00f3w firmowych! Zach\u0119camy do wyra\u017cania opinii oraz komentarzy.","potentialAction":[{"@type":"SearchAction","target":{"@type":"EntryPoint","urlTemplate":"https:\/\/www.mojekonferencje.pl\/blog\/?s={search_term_string}"},"query-input":{"@type":"PropertyValueSpecification","valueRequired":true,"valueName":"search_term_string"}}],"inLanguage":"pl-PL"},{"@type":"Person","@id":"https:\/\/www.mojekonferencje.pl\/blog\/#\/schema\/person\/d6751ca3c60de9ec17ee21b744bbb2d4","name":"Olga Stawicka-Iwanowska","description":"Head of Marketing z ponad sze\u015bcioletnim do\u015bwiadczeniem w bran\u017cy MICE. Na co dzie\u0144 zajmuje si\u0119 content marketingiem i promocj\u0105 obiekt\u00f3w eventowych, tak aby organizatorzy kongres\u00f3w, targ\u00f3w i konferencji wiedzieli, \u017ce w\u0142a\u015bnie tam warto zrealizowa\u0107 swoje wydarzenie. Prowadzi media spo\u0142eczno\u015bciowe, tworzy strategie komunikacji, pisze artyku\u0142y i dba o sp\u00f3jny wizerunek marki w ka\u017cdym kanale. W swojej pracy \u0142\u0105czy analityczne my\u015blenie z kreatywno\u015bci\u0105 i dobrym copy. Wsp\u00f3\u0142pracuje zar\u00f3wno z organizatorami najwi\u0119kszych wydarze\u0144 w Polsce, jak i z regionalnymi partnerami z bran\u017cy. Po godzinach mi\u0142o\u015bniczka podr\u00f3\u017cy po Europie, dobrej kuchni i klimatycznych miejsc, w kt\u00f3rych mo\u017cna z\u0142apa\u0107 oddech.","sameAs":["http:\/\/MojeKonferencje.pl","https:\/\/www.linkedin.com\/in\/olgastawicka\/"],"url":"https:\/\/www.mojekonferencje.pl\/blog\/author\/osawicka\/"}]}},"_links":{"self":[{"href":"https:\/\/www.mojekonferencje.pl\/blog\/wp-json\/wp\/v2\/posts\/4898","targetHints":{"allow":["GET"]}}],"collection":[{"href":"https:\/\/www.mojekonferencje.pl\/blog\/wp-json\/wp\/v2\/posts"}],"about":[{"href":"https:\/\/www.mojekonferencje.pl\/blog\/wp-json\/wp\/v2\/types\/post"}],"author":[{"embeddable":true,"href":"https:\/\/www.mojekonferencje.pl\/blog\/wp-json\/wp\/v2\/users\/9"}],"replies":[{"embeddable":true,"href":"https:\/\/www.mojekonferencje.pl\/blog\/wp-json\/wp\/v2\/comments?post=4898"}],"version-history":[{"count":1,"href":"https:\/\/www.mojekonferencje.pl\/blog\/wp-json\/wp\/v2\/posts\/4898\/revisions"}],"predecessor-version":[{"id":4908,"href":"https:\/\/www.mojekonferencje.pl\/blog\/wp-json\/wp\/v2\/posts\/4898\/revisions\/4908"}],"wp:featuredmedia":[{"embeddable":true,"href":"https:\/\/www.mojekonferencje.pl\/blog\/wp-json\/wp\/v2\/media\/4899"}],"wp:attachment":[{"href":"https:\/\/www.mojekonferencje.pl\/blog\/wp-json\/wp\/v2\/media?parent=4898"}],"wp:term":[{"taxonomy":"category","embeddable":true,"href":"https:\/\/www.mojekonferencje.pl\/blog\/wp-json\/wp\/v2\/categories?post=4898"},{"taxonomy":"post_tag","embeddable":true,"href":"https:\/\/www.mojekonferencje.pl\/blog\/wp-json\/wp\/v2\/tags?post=4898"}],"curies":[{"name":"wp","href":"https:\/\/api.w.org\/{rel}","templated":true}]}}