{"id":5122,"date":"2024-05-20T17:30:00","date_gmt":"2024-05-20T15:30:00","guid":{"rendered":"https:\/\/www.mojekonferencje.pl\/blog\/?p=5122"},"modified":"2024-11-01T13:40:15","modified_gmt":"2024-11-01T11:40:15","slug":"imprezy-integracyjne-dolnoslaskie","status":"publish","type":"post","link":"https:\/\/www.mojekonferencje.pl\/blog\/imprezy-integracyjne-dolnoslaskie\/","title":{"rendered":"Imprezy integracyjne dolno\u015bl\u0105skie &#8211; najlepsze miejsca w g\u00f3rach i nie tylko!"},"content":{"rendered":"\n<p><strong>Organizacja imprez integracyjnych to kluczowy element budowania zgranych i efektywnych zespo\u0142\u00f3w w ka\u017cdej firmie. Wyb\u00f3r odpowiedniej lokalizacji na takie wydarzenia ma ogromne znaczenie, wp\u0142ywaj\u0105c zar\u00f3wno na atmosfer\u0119, jak i efektywno\u015b\u0107 ca\u0142ej imprezy. Wojew\u00f3dztwo dolno\u015bl\u0105skie, ze swoim bogactwem kulturalnym, przyrodniczym oraz rozbudowan\u0105 infrastruktur\u0105, staje si\u0119 coraz bardziej popularnym miejscem na organizacj\u0119 r\u00f3\u017cnorodnych event\u00f3w biznesowych. <\/strong><\/p>\n\n\n\n<p>W malowniczym otoczeniu g\u00f3r, las\u00f3w i zabytkowych miast uczestnicy mog\u0105 nie tylko wzi\u0105\u0107 udzia\u0142 w inspiruj\u0105cych warsztatach i szkoleniach, ale tak\u017ce cieszy\u0107 si\u0119 relaksem i rozrywk\u0105, co sprzyja integracji i budowaniu silniejszych relacji zawodowych. W tym artykule zaprezentujemy przegl\u0105d najlepszych lokalizacji, kt\u00f3re na pewno przypadn\u0105 Ci do gustu, je\u015bli interesuj\u0105 Ci\u0119 <strong>imprezy integracyjne dolno\u015bl\u0105skie<\/strong>. Poznajmy razem miejsca, kt\u00f3re \u0142\u0105cz\u0105 profesjonalizm z wyj\u0105tkowym urokiem regionu!<\/p>\n\n\n\n<p>Poznaj obiekty reprezentuj\u0105ce <a href=\"https:\/\/www.mojekonferencje.pl\/konferencje-dolnoslaskie\">hotele na eventy w woj. dolno\u015bl\u0105skim<\/a>, takie jak:<\/p>\n\n\n\n<figure class=\"wp-block-table\"><table><tbody><tr><td><a href=\"https:\/\/www.mojekonferencje.pl\/karpacz\/green-mountain-hotel\">Green Mountain Hotel<\/a><\/td><td><a href=\"https:\/\/www.mojekonferencje.pl\/karpacz\/sandra-spa-karpacz\">Sandra SPA Karpacz<\/a><\/td><\/tr><tr><td><a href=\"https:\/\/www.mojekonferencje.pl\/niemcza\/uroczysko-siedmiu-stawow\">Uroczysko Siedmiu Staw\u00f3w Luxury Hotel<\/a><\/td><td><a href=\"https:\/\/www.mojekonferencje.pl\/szklarska-poreba\/blue-mountain-resort\">Blue Mountain Resort<\/a><\/td><\/tr><tr><td><a href=\"https:\/\/www.mojekonferencje.pl\/wroclaw\/palac-krobielowice\">Pa\u0142ac Krobielowice<\/a><\/td><td><a href=\"https:\/\/www.mojekonferencje.pl\/swieradow-zdroj\/elements-hotel-spa-swieradow-zdroj\">Elements Hotel &amp; Spa \u015awierad\u00f3w Zdr\u00f3j<\/a><\/td><\/tr><tr><td><a href=\"https:\/\/www.mojekonferencje.pl\/zgorzelec\/restauracja-z-hotelem-villatoro\">VILLATORO<\/a><\/td><td><a href=\"https:\/\/www.mojekonferencje.pl\/karpacz\/lake-hill-resort-spa\">Lake Hill Resort &amp; SPA<\/a><\/td><\/tr><tr><td><a href=\"https:\/\/www.mojekonferencje.pl\/szklarska-poreba\/mercure-bergo-szklarska-poreba\">Hotel BERGO Resort &amp; Spa w Szklarskiej Por\u0119bie<\/a><\/td><td><a href=\"https:\/\/www.mojekonferencje.pl\/dlugopole-zdroj\/hotel-spa-medical-dwor-elizy\">Hotel Spa Medical Dw\u00f3r Elizy<\/a><\/td><\/tr><tr><td><a href=\"https:\/\/www.mojekonferencje.pl\/lwowek-slaski-\/palac-brunow\">Pa\u0142ac Brun\u00f3w<\/a><\/td><td><a href=\"https:\/\/www.mojekonferencje.pl\/szklarska-poreba\/rezydencja-aqua\">Rezydencja AQUA<\/a><\/td><\/tr><tr><td><a href=\"https:\/\/www.mojekonferencje.pl\/jugowice\/palac-jugowice\">Pa\u0142ac Jugowice<\/a><\/td><td><a href=\"https:\/\/www.mojekonferencje.pl\/wroclaw\/magna-restaurant\">Wroc\u0142aw Golf Events<\/a><\/td><\/tr><\/tbody><\/table><\/figure>\n\n\n\n<h2 class=\"wp-block-heading has-text-align-center has-vivid-purple-color has-text-color has-link-color wp-elements-962830736e1de323b4194138614de4ea\"><a href=\"https:\/\/www.mojekonferencje.pl\/karpacz\/green-mountain-hotel\"><span style=\"text-decoration: underline;\">Green Mountain Hotel<\/span><\/a><\/h2>\n\n\n\n<p>Jest to wyj\u0105tkowy, pi\u0119ciogwiazdkowy obiekt o charakterze wypoczynkowo-szkoleniowym, zlokalizowany w malowniczym Karpaczu w wojew\u00f3dztwie dolno\u015bl\u0105skim. Ten hotel, otoczony starodrzewiem iglastym, czerpie swoj\u0105 nazw\u0119 od zielonego otoczenia, kt\u00f3re zapewnia go\u015bciom wyj\u0105tkow\u0105 atmosfer\u0119 spokoju i blisko\u015bci natury. Jego historia si\u0119ga czas\u00f3w hrabiego Schaffgotscha, co dodaje mu unikalnego uroku. Blisko\u015b\u0107 Karkonoskiego Parku Narodowego oraz najwy\u017cszego szczytu Karkonoszy, \u015anie\u017cki, czyni <strong>Green Mountain Hotel <\/strong>idealnym miejscem na organizacj\u0119 imprez integracyjnych i firmowych spotka\u0144. <\/p>\n\n\n\n<p>Hotel oferuje ponad 400 m\u00b2 powierzchni biznesowej z nowoczesnymi salami konferencyjnymi, kt\u00f3re dzi\u0119ki systemowi \u015bcian modu\u0142owych mog\u0105 by\u0107 dowolnie konfigurowane. Go\u015bcie mog\u0105 r\u00f3wnie\u017c skorzysta\u0107 z luksusowego salonu kosmetycznego Dr Irena Eris Beauty Partner oraz strefy Spa &amp; Wellness. Dost\u0119pne s\u0105 m.in. seanse Floating&#8217;u, kryty basen, sauny suche, parowe z aromaterapi\u0105 oraz infrared. Green <strong>Mountain Hotel <\/strong>to pierwszy tego typu obiekt w Karpaczu, kt\u00f3ry spe\u0142nia najwy\u017csze standardy obs\u0142ugi zar\u00f3wno klient\u00f3w indywidualnych, jak i biznesowych. Gwarantuje on niezapomniane wra\u017cenia i doskona\u0142e warunki do integracji zespo\u0142u.<\/p>\n\n\n\n<figure class=\"wp-block-gallery has-nested-images columns-default is-cropped wp-block-gallery-1 is-layout-flex wp-block-gallery-is-layout-flex\">\n<figure class=\"wp-block-image size-large\"><a href=\"https:\/\/www.mojekonferencje.pl\/blog\/wp-content\/uploads\/2024\/05\/1.jpg\"><img loading=\"lazy\" decoding=\"async\" width=\"1024\" height=\"575\" data-id=\"5124\" src=\"https:\/\/www.mojekonferencje.pl\/blog\/wp-content\/uploads\/2024\/05\/1-1024x575.jpg\" alt=\"\" class=\"wp-image-5124 lazyload\" data-srcset=\"https:\/\/www.mojekonferencje.pl\/blog\/wp-content\/uploads\/2024\/05\/1-1024x575.jpg 1024w, https:\/\/www.mojekonferencje.pl\/blog\/wp-content\/uploads\/2024\/05\/1-300x169.jpg 300w, https:\/\/www.mojekonferencje.pl\/blog\/wp-content\/uploads\/2024\/05\/1-768x432.jpg 768w, https:\/\/www.mojekonferencje.pl\/blog\/wp-content\/uploads\/2024\/05\/1-1536x863.jpg 1536w, https:\/\/www.mojekonferencje.pl\/blog\/wp-content\/uploads\/2024\/05\/1-640x360.jpg 640w, https:\/\/www.mojekonferencje.pl\/blog\/wp-content\/uploads\/2024\/05\/1-320x180.jpg 320w, https:\/\/www.mojekonferencje.pl\/blog\/wp-content\/uploads\/2024\/05\/1-480x270.jpg 480w, https:\/\/www.mojekonferencje.pl\/blog\/wp-content\/uploads\/2024\/05\/1-960x540.jpg 960w, https:\/\/www.mojekonferencje.pl\/blog\/wp-content\/uploads\/2024\/05\/1-1280x720.jpg 1280w, https:\/\/www.mojekonferencje.pl\/blog\/wp-content\/uploads\/2024\/05\/1-1600x900.jpg 1600w, https:\/\/www.mojekonferencje.pl\/blog\/wp-content\/uploads\/2024\/05\/1.jpg 1920w\" sizes=\"auto\" \/><\/a><\/figure>\n<\/figure>\n\n\n\n<h2 class=\"wp-block-heading has-text-align-center has-vivid-purple-color has-text-color has-link-color wp-elements-a4cffaa0e5e5d026bd35fb26eda4b4ab\"><a href=\"https:\/\/www.mojekonferencje.pl\/niemcza\/uroczysko-siedmiu-stawow\"><span style=\"text-decoration: underline;\">Uroczysko Siedmiu Staw\u00f3w Luxury Hotel<\/span><\/a><\/h2>\n\n\n\n<p>W malowniczej okolicy Niemczy i Dzier\u017coniowa, dok\u0142adnie w urokliwej miejscowo\u015bci Gola Dzier\u017coniowska, znajduje si\u0119 wyj\u0105tkowy <strong>Hotel Uroczysko Siedmiu Staw\u00f3w<\/strong>. Ten przepi\u0119kny, XVI-wieczny zamek, b\u0119d\u0105cy prawdziw\u0105 per\u0142\u0105 Odrodzenia, zachwyca staranno\u015bci\u0105 odrestaurowania, kt\u00f3re przywr\u00f3ci\u0142o mu dawny blask. Po latach opuszczenia zamek zyska\u0142 nowe \u017cycie i obecnie przyci\u0105ga turyst\u00f3w z ca\u0142ej Europy, oferuj\u0105c unikaln\u0105 atmosfer\u0119 i historyczne wn\u0119trza. Na posiad\u0142o\u015bci o powierzchni oko\u0142o 12 hektar\u00f3w go\u015bcie mog\u0105 cieszy\u0107 si\u0119 bujn\u0105 ro\u015blinno\u015bci\u0105, stawami, bukow\u0105 alej\u0105 oraz malowniczymi wzg\u00f3rzami, idealnymi na piesze i rowerowe wycieczki. <\/p>\n\n\n\n<p>Obiekt dysponuje pi\u0119cioma nowoczesnymi salami konferencyjnymi o \u0142\u0105cznej powierzchni ponad 400 m\u00b2. To czyni go doskona\u0142ym miejscem na organizacj\u0119 imprez integracyjnych i firmowych spotka\u0144. Go\u015bcie maj\u0105 r\u00f3wnie\u017c dost\u0119p do odrestaurowanej Ku\u017ani, kt\u00f3ra oferuje salon wypoczynkowy z kominkiem, winotek\u0119 oraz kuchni\u0119. <strong>Hotel Uroczysko Siedmiu Staw\u00f3w<\/strong> zapewnia komfortowy pobyt dzi\u0119ki ca\u0142odobowej recepcji, personelowi pos\u0142uguj\u0105cemu si\u0119 j\u0119zykiem angielskim oraz udogodnieniom dla rodzin z dzie\u0107mi i os\u00f3b z niepe\u0142nosprawno\u015bciami. Na terenie obiektu znajduje si\u0119 kryty basen, zaplecze fitness, sauna, \u0142a\u017ania parowa, wanna z hydromasa\u017cem oraz jacuzzi, co gwarantuje szerok\u0105 ofert\u0119 relaksacyjnych zabieg\u00f3w.<\/p>\n\n\n\n<figure class=\"wp-block-image size-large\"><a href=\"https:\/\/www.mojekonferencje.pl\/blog\/wp-content\/uploads\/2024\/05\/2.jpg\"><img loading=\"lazy\" decoding=\"async\" width=\"1024\" height=\"707\" src=\"https:\/\/www.mojekonferencje.pl\/blog\/wp-content\/uploads\/2024\/05\/2-1024x707.jpg\" alt=\"\" class=\"wp-image-5125 lazyload\" data-srcset=\"https:\/\/www.mojekonferencje.pl\/blog\/wp-content\/uploads\/2024\/05\/2-1024x707.jpg 1024w, https:\/\/www.mojekonferencje.pl\/blog\/wp-content\/uploads\/2024\/05\/2-300x207.jpg 300w, https:\/\/www.mojekonferencje.pl\/blog\/wp-content\/uploads\/2024\/05\/2-768x530.jpg 768w, https:\/\/www.mojekonferencje.pl\/blog\/wp-content\/uploads\/2024\/05\/2.jpg 1500w\" sizes=\"auto\" \/><\/a><\/figure>\n\n\n\n<h2 class=\"wp-block-heading has-text-align-center has-vivid-purple-color has-text-color has-link-color wp-elements-3501fd96e63d0022764082def247c2c6\"><a href=\"https:\/\/www.mojekonferencje.pl\/wroclaw\/palac-krobielowice\"><span style=\"text-decoration: underline;\">Pa\u0142ac Krobielowice<\/span><\/a><\/h2>\n\n\n\n<p>To kolejne <strong>miejsce na integracj\u0119 na Dolnym \u015al\u0105sku<\/strong>, kt\u00f3re musisz pozna\u0107! Jest to renesansowo-barokowy obiekt po\u0142o\u017cony we wsi Krobielowice. To zaledwie 3 km od K\u0105t\u00f3w Wroc\u0142awskich, 4 km od autostrady A4 i oko\u0142o 20 km od Wroc\u0142awia. Historia pa\u0142acu jest nierozerwalnie zwi\u0105zana z bitw\u0105 pod Waterloo, dzi\u0119ki jednemu z jego dawnych w\u0142a\u015bcicieli \u2013 feldmarsza\u0142kowi Gebhardowi Leberechtowi von Bl\u00fccherowi, kt\u00f3ry pokona\u0142 Napoleona Bonaparte. W Pa\u0142acu Krobielowice znajduje si\u0119 elegancki hotel, restauracja, sale konferencyjne oraz rzemie\u015blnicza palarnia kawy \u2013 Vaile Coffee. Obiekt otoczony jest malowniczym Parkiem Krajobrazowym Doliny Bystrzycy, co zapewnia wyj\u0105tkow\u0105 atmosfer\u0119 i idealne warunki do relaksu. <\/p>\n\n\n\n<p>Pa\u0142ac dysponuje pi\u0119cioma salami konferencyjnymi, kt\u00f3re dzi\u0119ki dost\u0119powi do \u015bwiat\u0142a dziennego i bezprzewodowego internetu s\u0105 doskona\u0142e na organizacj\u0119 r\u00f3\u017cnorodnych spotka\u0144 biznesowych i imprez integracyjnych. Restauracja oferuje wykwintne dania, a dodatkowe udogodnienia, takie jak sauna, zapewniaj\u0105 pe\u0142en komfort. Organizuj\u0105c imprez\u0119 integracyjn\u0105 w <strong>Pa\u0142acu Krobielowice<\/strong> mo\u017cna skorzysta\u0107 z bogatej oferty atrakcji. M.in. warsztat\u00f3w kawowych prowadzonych przez roastera palarni Vaile Coffee, warsztat\u00f3w winiarskich i kulinarnych, gier VR, zespo\u0142owych zabaw logicznych i ruchowych, warsztat\u00f3w tanecznych, zabawy z DJ-em, a tak\u017ce grillowania na \u015bwie\u017cym powietrzu.<\/p>\n\n\n\n<figure class=\"wp-block-image size-large\"><a href=\"https:\/\/www.mojekonferencje.pl\/blog\/wp-content\/uploads\/2024\/05\/3.jpg\"><img loading=\"lazy\" decoding=\"async\" width=\"1024\" height=\"768\" src=\"https:\/\/www.mojekonferencje.pl\/blog\/wp-content\/uploads\/2024\/05\/3-1024x768.jpg\" alt=\"\" class=\"wp-image-5126 lazyload\" data-srcset=\"https:\/\/www.mojekonferencje.pl\/blog\/wp-content\/uploads\/2024\/05\/3-1024x768.jpg 1024w, https:\/\/www.mojekonferencje.pl\/blog\/wp-content\/uploads\/2024\/05\/3-300x225.jpg 300w, https:\/\/www.mojekonferencje.pl\/blog\/wp-content\/uploads\/2024\/05\/3-768x576.jpg 768w, https:\/\/www.mojekonferencje.pl\/blog\/wp-content\/uploads\/2024\/05\/3.jpg 1440w\" sizes=\"auto\" \/><\/a><\/figure>\n\n\n\n<h2 class=\"wp-block-heading has-text-align-center has-vivid-purple-color has-text-color has-link-color wp-elements-9ad38e0c737533561ed63c4875b8e7f7\"><a href=\"https:\/\/www.mojekonferencje.pl\/zgorzelec\/restauracja-z-hotelem-villatoro\"><span style=\"text-decoration: underline;\">VILLATORO<\/span><\/a><\/h2>\n\n\n\n<p>To<strong> wyj\u0105tkowy obiekt w centrum Zgorzelca<\/strong>, kt\u00f3ry \u0142\u0105czy w sobie nieoczywiste po\u0142\u0105czenia, zapewniaj\u0105c ka\u017cdej chwili wyj\u0105tkow\u0105 przyjemno\u015b\u0107. Jego lokalizacja oferuje pi\u0119kne widoki, urokliw\u0105 okolic\u0119 oraz doskona\u0142\u0105 komunikacj\u0119 z miastem. To czyni go idealnym miejscem na organizacj\u0119 imprez integracyjnych. Stylowe wn\u0119trza Villatoro oraz kuchnia oparta na wielogatunkowych sk\u0142adnikach gwarantuj\u0105 niezapomniane prze\u017cycia kulinarne. Obiekt dysponuje r\u00f3\u017cnorodnymi salami. Od kameralnych przestrzeni po spektakularn\u0105 sal\u0119 balow\u0105 \u2013 kt\u00f3re w po\u0142\u0105czeniu z wy\u015bmienitym jedzeniem i profesjonaln\u0105 obs\u0142ug\u0105, zadowol\u0105 nawet najbardziej wymagaj\u0105cych go\u015bci. <\/p>\n\n\n\n<p>Restauracja z hotelem <strong>Villatoro<\/strong> oferuje osiem elegancko zaaran\u017cowanych sal biznesowych i okoliczno\u015bciowych. Ka\u017cda z tych przestrzeni jest idealna na r\u00f3\u017cnorodne wydarzenia \u2013 od ma\u0142ych, kameralnych spotka\u0144, po bogate i imponuj\u0105ce przyj\u0119cia. <strong>Villatoro<\/strong> to miejsce, gdzie ka\u017cde spotkanie nabiera wyj\u0105tkowego charakteru, a jego organizacja staje si\u0119 czyst\u0105 przyjemno\u015bci\u0105. <strong>Integracja na Dolnym \u015al\u0105sku <\/strong>w takich wn\u0119trzach to istny strza\u0142 w dziesi\u0105tk\u0119!<\/p>\n\n\n\n<figure class=\"wp-block-gallery has-nested-images columns-default is-cropped wp-block-gallery-2 is-layout-flex wp-block-gallery-is-layout-flex\">\n<figure class=\"wp-block-image size-large\"><a href=\"https:\/\/www.mojekonferencje.pl\/blog\/wp-content\/uploads\/2024\/05\/4a.jpg\"><img loading=\"lazy\" decoding=\"async\" width=\"1000\" height=\"667\" data-id=\"5127\" src=\"https:\/\/www.mojekonferencje.pl\/blog\/wp-content\/uploads\/2024\/05\/4a.jpg\" alt=\"\" class=\"wp-image-5127 lazyload\" data-srcset=\"https:\/\/www.mojekonferencje.pl\/blog\/wp-content\/uploads\/2024\/05\/4a.jpg 1000w, https:\/\/www.mojekonferencje.pl\/blog\/wp-content\/uploads\/2024\/05\/4a-300x200.jpg 300w, https:\/\/www.mojekonferencje.pl\/blog\/wp-content\/uploads\/2024\/05\/4a-768x512.jpg 768w\" sizes=\"auto\" \/><\/a><\/figure>\n<\/figure>\n\n\n\n<h2 class=\"wp-block-heading has-text-align-center has-vivid-purple-color has-text-color has-link-color wp-elements-d0e8fbc0c098af2f785874f054d3ec56\"><a href=\"https:\/\/www.mojekonferencje.pl\/szklarska-poreba\/mercure-bergo-szklarska-poreba\"><span style=\"text-decoration: underline;\">Hotel BERGO Resort &amp; Spa w Szklarskiej Por\u0119bie<\/span><\/a><\/h2>\n\n\n\n<p>Ten <strong>hotel na integracj\u0119 w woj. dolno\u015bl\u0105skim<\/strong> to oaza spokoju i luksusu, gdzie czysta natura spotyka si\u0119 z nowoczesnym komfortem. Po\u0142o\u017cony w malowniczych G\u00f3rach Izerskich, w pobli\u017cu Karkonoskiego Parku Narodowego oraz g\u00f3ry Szrenica, hotel stanowi doskona\u0142\u0105 baz\u0119 wypadow\u0105 dla mi\u0142o\u015bnik\u00f3w pieszych w\u0119dr\u00f3wek oraz aktywnego wypoczynku. Zaledwie 200 metr\u00f3w dzieli go\u015bci od nowoczesnego zespo\u0142u nartostrad, co czyni go idealnym miejscem zar\u00f3wno na zimowe, jak i letnie integracje. Restauracja BERGO zachwyca niepowtarzalnymi doznaniami smakowymi, oferuj\u0105c dania inspirowane lokalnymi tradycjami, serwowane z widokiem na przepi\u0119kne krajobrazy. <\/p>\n\n\n\n<p>To wyj\u0105tkowe miejsce na prywatne i biznesowe przyj\u0119cia, gdzie ka\u017cdy szczeg\u00f3\u0142 jest dopracowany z my\u015bl\u0105 o najwy\u017cszym komforcie go\u015bci. <strong>Hotel BERGO Resort &amp; SPA<\/strong> oferuje bogaty wyb\u00f3r dodatkowych atrakcji, kt\u00f3re wzbogac\u0105 ka\u017cd\u0105 imprez\u0119 integracyjn\u0105. Go\u015bcie mog\u0105 zrelaksowa\u0107 si\u0119 w nowoczesnej strefie SPA &amp; Wellness, gdzie dost\u0119pny jest basen wewn\u0119trzny, zewn\u0119trzne jacuzzi, si\u0142ownia oraz centrum SPA z odnawiaj\u0105cymi zabiegami wykonywanymi przez profesjonalist\u00f3w. Dope\u0142nieniem oferty s\u0105 sauny, kt\u00f3re pozwol\u0105 na pe\u0142en relaks po aktywnym dniu.<\/p>\n\n\n\n<figure class=\"wp-block-image size-large\"><a href=\"https:\/\/www.mojekonferencje.pl\/blog\/wp-content\/uploads\/2024\/05\/5.jpg\"><img loading=\"lazy\" decoding=\"async\" width=\"1024\" height=\"768\" src=\"https:\/\/www.mojekonferencje.pl\/blog\/wp-content\/uploads\/2024\/05\/5-1024x768.jpg\" alt=\"\" class=\"wp-image-5128 lazyload\" data-srcset=\"https:\/\/www.mojekonferencje.pl\/blog\/wp-content\/uploads\/2024\/05\/5-1024x768.jpg 1024w, https:\/\/www.mojekonferencje.pl\/blog\/wp-content\/uploads\/2024\/05\/5-300x225.jpg 300w, https:\/\/www.mojekonferencje.pl\/blog\/wp-content\/uploads\/2024\/05\/5-768x576.jpg 768w, https:\/\/www.mojekonferencje.pl\/blog\/wp-content\/uploads\/2024\/05\/5-1536x1152.jpg 1536w, https:\/\/www.mojekonferencje.pl\/blog\/wp-content\/uploads\/2024\/05\/5.jpg 1920w\" sizes=\"auto\" \/><\/a><\/figure>\n\n\n\n<h2 class=\"wp-block-heading has-text-align-center has-vivid-purple-color has-text-color has-link-color wp-elements-e12b8298796b285f06aeb940b27deba6\"><a href=\"https:\/\/www.mojekonferencje.pl\/karpacz\/sandra-spa-karpacz\"><span style=\"text-decoration: underline;\">Sandra SPA Karpacz<\/span><\/a><\/h2>\n\n\n\n<p>Jest to wyj\u0105tkowy obiekt konferencyjny po\u0142o\u017cony w malowniczym Karpaczu, kt\u00f3ry zachwyca swoj\u0105 architektur\u0105 i spokojn\u0105 okolic\u0105. To idealne miejsce dla os\u00f3b poszukuj\u0105cych wypoczynku z dala od zgie\u0142ku miasta, a jednocze\u015bnie pragn\u0105cych zorganizowa\u0107 profesjonalne spotkania biznesowe lub imprezy integracyjne. Obiekt oferuje a\u017c 260 komfortowych pokoi, nowoczesne SPA, kompleks basenowy oraz gabinety rehabilitacyjne, kt\u00f3re pozwalaj\u0105 go\u015bciom zadba\u0107 o zdrowie i relaks. <strong>SANDRA SPA<\/strong> to doskona\u0142a lokalizacja dla klient\u00f3w biznesowych. Oferuje cztery nowoczesne sale konferencyjne, kt\u00f3re idealnie nadaj\u0105 si\u0119 na organizacj\u0119 r\u00f3\u017cnorodnych spotka\u0144 s\u0142u\u017cbowych na najwy\u017cszym poziomie. <\/p>\n\n\n\n<p>Na terenie obiektu dzia\u0142a nowoczesny kompleks basenowy. W sk\u0142ad kt\u00f3rego wchodz\u0105 baseny kryte, odkryte, termalne, cztery zje\u017cd\u017calnie oraz wanny z hydromasa\u017cem. Go\u015bcie mog\u0105 r\u00f3wnie\u017c korzysta\u0107 z tepidarium, saun, \u0142a\u017ani, grot, natrysk\u00f3w dozna\u0144 oraz gabinet\u00f3w odnowy biologicznej, kt\u00f3re pozwalaj\u0105 na pe\u0142en relaks po intensywnym dniu szkole\u0144. Dla os\u00f3b aktywnych fizycznie <strong>SANDRA SPA<\/strong> oferuje korty tenisowe, squash oraz mini golf. Na terenie obiektu znajduje si\u0119 tak\u017ce miejsce na grilla i ognisko, przestronny parking oraz gara\u017c. W najbli\u017cszej okolicy go\u015bcie mog\u0105 korzysta\u0107 z wyci\u0105g\u00f3w narciarskich oraz atrakcyjnych pieszych i rowerowych szlak\u00f3w turystycznych.<\/p>\n\n\n\n<figure class=\"wp-block-image size-large\"><a href=\"https:\/\/www.mojekonferencje.pl\/blog\/wp-content\/uploads\/2024\/05\/6-scaled.jpg\"><img loading=\"lazy\" decoding=\"async\" width=\"1024\" height=\"681\" src=\"https:\/\/www.mojekonferencje.pl\/blog\/wp-content\/uploads\/2024\/05\/6-1024x681.jpg\" alt=\"\" class=\"wp-image-5129 lazyload\" data-srcset=\"https:\/\/www.mojekonferencje.pl\/blog\/wp-content\/uploads\/2024\/05\/6-1024x681.jpg 1024w, https:\/\/www.mojekonferencje.pl\/blog\/wp-content\/uploads\/2024\/05\/6-300x200.jpg 300w, https:\/\/www.mojekonferencje.pl\/blog\/wp-content\/uploads\/2024\/05\/6-768x511.jpg 768w, https:\/\/www.mojekonferencje.pl\/blog\/wp-content\/uploads\/2024\/05\/6-1536x1022.jpg 1536w, https:\/\/www.mojekonferencje.pl\/blog\/wp-content\/uploads\/2024\/05\/6-2048x1363.jpg 2048w\" sizes=\"auto\" \/><\/a><\/figure>\n\n\n\n<h2 class=\"wp-block-heading has-text-align-center has-vivid-purple-color has-text-color has-link-color wp-elements-37aef83fa54bec378c24a15823bfde3f\"><a href=\"https:\/\/www.mojekonferencje.pl\/szklarska-poreba\/blue-mountain-resort\"><span style=\"text-decoration: underline;\">Blue Mountain Resort<\/span><\/a><\/h2>\n\n\n\n<p>\u00d3w <strong>obiekt na integracj\u0119 na Dolnym \u015al\u0105sku <\/strong>to niezwyk\u0142e miejsce, kt\u00f3re zapewnia nie tylko komfortowy wypoczynek. Zapewnia tak\u017ce doskona\u0142e warunki do organizacji imprez. Z my\u015bl\u0105 o r\u00f3\u017cnorodnych potrzebach go\u015bci oddaje do ich dyspozycji 5 nowoczesnych i przestronnych sal konferencyjnych. \u0141\u0105cznie mog\u0105 one pomie\u015bci\u0107 nawet 500 os\u00f3b. Ka\u017cda sala wyposa\u017cona jest w najwy\u017cszej jako\u015bci sprz\u0119t, zapewniaj\u0105c profesjonalne warunki do przeprowadzenia spotka\u0144 biznesowych, konferencji czy szkole\u0144. Po dniu pe\u0142nym pracy go\u015bcie mog\u0105 zrelaksowa\u0107 si\u0119 w aquaparku i strefie SPA. <\/p>\n\n\n\n<p>Dla aktywnych fizycznie hotel proponuje liczne atrakcje, takie jak wycieczki g\u00f3rskie, przelot helikopterem, sp\u0142yw pontonami czy plenerowe gry integracyjne. W najbli\u017cszej okolicy znajduj\u0105 si\u0119 r\u00f3wnie\u017c liczne mo\u017cliwo\u015bci sp\u0119dzenia czasu, od wycieczek rowerowych po paintball czy off-road. <strong>Blue Mountain Resort<\/strong> oferuje tak\u017ce wielkie grillowanie, imprezy tematyczne oraz wiele innych atrakcji, kt\u00f3re zapewni\u0105 niezapomniane prze\u017cycia podczas imprez integracyjnych.<\/p>\n\n\n\n<figure class=\"wp-block-image size-large\"><a href=\"https:\/\/www.mojekonferencje.pl\/blog\/wp-content\/uploads\/2024\/05\/7.jpeg\"><img loading=\"lazy\" decoding=\"async\" width=\"1024\" height=\"575\" src=\"https:\/\/www.mojekonferencje.pl\/blog\/wp-content\/uploads\/2024\/05\/7-1024x575.jpeg\" alt=\"\" class=\"wp-image-5130 lazyload\" data-srcset=\"https:\/\/www.mojekonferencje.pl\/blog\/wp-content\/uploads\/2024\/05\/7-1024x575.jpeg 1024w, https:\/\/www.mojekonferencje.pl\/blog\/wp-content\/uploads\/2024\/05\/7-300x168.jpeg 300w, https:\/\/www.mojekonferencje.pl\/blog\/wp-content\/uploads\/2024\/05\/7-768x431.jpeg 768w, https:\/\/www.mojekonferencje.pl\/blog\/wp-content\/uploads\/2024\/05\/7-1536x862.jpeg 1536w, https:\/\/www.mojekonferencje.pl\/blog\/wp-content\/uploads\/2024\/05\/7-640x360.jpeg 640w, https:\/\/www.mojekonferencje.pl\/blog\/wp-content\/uploads\/2024\/05\/7-320x180.jpeg 320w, https:\/\/www.mojekonferencje.pl\/blog\/wp-content\/uploads\/2024\/05\/7-480x270.jpeg 480w, https:\/\/www.mojekonferencje.pl\/blog\/wp-content\/uploads\/2024\/05\/7-960x540.jpeg 960w, https:\/\/www.mojekonferencje.pl\/blog\/wp-content\/uploads\/2024\/05\/7-1280x720.jpeg 1280w, https:\/\/www.mojekonferencje.pl\/blog\/wp-content\/uploads\/2024\/05\/7-1600x900.jpeg 1600w, https:\/\/www.mojekonferencje.pl\/blog\/wp-content\/uploads\/2024\/05\/7.jpeg 1920w\" sizes=\"auto\" \/><\/a><\/figure>\n\n\n\n<h2 class=\"wp-block-heading has-text-align-center has-vivid-purple-color has-text-color has-link-color wp-elements-5d7539b3352c1368e1106b88425a2313\"><a href=\"https:\/\/www.mojekonferencje.pl\/swieradow-zdroj\/elements-hotel-spa-swieradow-zdroj\"><span style=\"text-decoration: underline;\">Elements Hotel &amp; Spa \u015awierad\u00f3w Zdr\u00f3j<\/span><\/a><\/h2>\n\n\n\n<p>Ten hotel to niezwyk\u0142e miejsce, kt\u00f3re \u0142\u0105czy elegancj\u0119, luksus i harmoni\u0119 z natur\u0105 g\u00f3rskiego krajobrazu. Po\u0142o\u017cony w malowniczej okolicy \u015awieradowa-Zdroju, blisko o\u015brodka narciarskiego \u015awierad\u00f3w-Zdr\u00f3j, oferuje wyj\u0105tkowy design, kt\u00f3ry pozwala podziwia\u0107 widoki na g\u00f3ry praktycznie z ka\u017cdego pokoju. Tradycyjne elementy architektury regionu, takie jak loggie czy konstrukcje ryglowe, nadaj\u0105 budynkowi niepowtarzalny charakter, podkre\u015blaj\u0105c jego harmoni\u0119 z otaczaj\u0105c\u0105 przyrod\u0105. <strong>Elements Hotel &amp; Spa<\/strong> to tak\u017ce doskona\u0142a baza wypadowa do organizacji spotka\u0144 biznesowych. <\/p>\n\n\n\n<p>Posiada on 6 nowoczesnych sal konferencyjnych, kt\u00f3re spe\u0142ni\u0105 oczekiwania zar\u00f3wno podczas wi\u0119kszych spotka\u0144, jak i kameralnych szkole\u0144. Dla pe\u0142nego relaksu i odpr\u0119\u017cenia go\u015bcie mog\u0105 skorzysta\u0107 z bogatej oferty Wellness &amp; Spa. Obejmuje ona baseny, sauny, a tak\u017ce profesjonalne zabiegi piel\u0119gnacyjne i odm\u0142adzaj\u0105ce sk\u00f3r\u0119. Zewn\u0119trzny basen Aqua Solis oraz strefa wodna AQUA IGNIS zapewniaj\u0105 za to doskona\u0142e miejsce do relaksu i zabawy dla ca\u0142ej rodziny.<\/p>\n\n\n\n<figure class=\"wp-block-image size-large\"><a href=\"https:\/\/www.mojekonferencje.pl\/blog\/wp-content\/uploads\/2024\/05\/8-scaled.jpg\"><img loading=\"lazy\" decoding=\"async\" width=\"1024\" height=\"641\" src=\"https:\/\/www.mojekonferencje.pl\/blog\/wp-content\/uploads\/2024\/05\/8-1024x641.jpg\" alt=\"\" class=\"wp-image-5131 lazyload\" data-srcset=\"https:\/\/www.mojekonferencje.pl\/blog\/wp-content\/uploads\/2024\/05\/8-1024x641.jpg 1024w, https:\/\/www.mojekonferencje.pl\/blog\/wp-content\/uploads\/2024\/05\/8-300x188.jpg 300w, https:\/\/www.mojekonferencje.pl\/blog\/wp-content\/uploads\/2024\/05\/8-768x481.jpg 768w, https:\/\/www.mojekonferencje.pl\/blog\/wp-content\/uploads\/2024\/05\/8-1536x961.jpg 1536w, https:\/\/www.mojekonferencje.pl\/blog\/wp-content\/uploads\/2024\/05\/8-2048x1282.jpg 2048w\" sizes=\"auto\" \/><\/a><\/figure>\n\n\n\n<h2 class=\"wp-block-heading has-text-align-center has-vivid-purple-color has-text-color has-link-color wp-elements-93f41f6309bbdfdb4d0eccc1854075bf\"><a href=\"https:\/\/www.mojekonferencje.pl\/karpacz\/lake-hill-resort-spa\"><span style=\"text-decoration: underline;\">Lake Hill Resort &amp; SPA<\/span><\/a><\/h2>\n\n\n\n<p>To oaza spokoju i luksusu w samym sercu Karkonoszy, z niezapomnianym widokiem na Zalew Sosn\u00f3wka i majestatyczne szczyty g\u00f3r. Ten czterogwiazdkowy hotel \u0142\u0105czy nowoczesn\u0105 architektur\u0119 z eleganckimi wn\u0119trzami, oferuj\u0105c go\u015bciom komfortowy i stylowy pobyt. Jest on doskona\u0142ym miejscem zar\u00f3wno na kr\u00f3tkie wypady weekendowe, jak i d\u0142u\u017csze pobyty w g\u00f3rach, w tym w\u0142a\u015bnie na <strong>imprezy integracyjne dolno\u015bl\u0105skie<\/strong>. Oferuje 260 komfortowych pokoi oraz bogate zaplecze konferencyjne, kt\u00f3re zosta\u0142o docenione za wyj\u0105tkowy design i funkcjonalno\u015b\u0107. <\/p>\n\n\n\n<p>Jednym z najwi\u0119kszych atut\u00f3w <strong>Lake Hill Resort &amp; Spa<\/strong> jest jego unikalna architektura, kt\u00f3ra harmonijnie wsp\u00f3\u0142gra z otaczaj\u0105c\u0105 przyrod\u0105. Rozleg\u0142e tereny zielone, tarasy i ogr\u00f3d biodynamiczny sprawiaj\u0105, \u017ce go\u015bcie mog\u0105 cieszy\u0107 si\u0119 cisz\u0105, spokojem i intymno\u015bci\u0105. Dla mi\u0142o\u015bnik\u00f3w aktywnego wypoczynku hotel oferuje nieograniczone mo\u017cliwo\u015bci. Od pieszych w\u0119dr\u00f3wek po malowniczych szlakach, przez rowerowe wyprawy po g\u00f3rskich trasach, po zimowe szale\u0144stwo na nartach i snowboardzie. Strefa Wellness &amp; Spa to prawdziwe serce <strong>Lake Hill Resort &amp; Spa<\/strong>. Oferuje kompleksowe zabiegi relaksacyjne dla cia\u0142a i duszy, w tym baseny, si\u0142owni\u0119, sauny i gabinety spa.<\/p>\n\n\n\n<figure class=\"wp-block-image size-full\"><a href=\"https:\/\/www.mojekonferencje.pl\/blog\/wp-content\/uploads\/2024\/05\/9.jpg\"><img loading=\"lazy\" decoding=\"async\" width=\"960\" height=\"580\" src=\"https:\/\/www.mojekonferencje.pl\/blog\/wp-content\/uploads\/2024\/05\/9.jpg\" alt=\"\" class=\"wp-image-5132 lazyload\" data-srcset=\"https:\/\/www.mojekonferencje.pl\/blog\/wp-content\/uploads\/2024\/05\/9.jpg 960w, https:\/\/www.mojekonferencje.pl\/blog\/wp-content\/uploads\/2024\/05\/9-300x181.jpg 300w, https:\/\/www.mojekonferencje.pl\/blog\/wp-content\/uploads\/2024\/05\/9-768x464.jpg 768w\" sizes=\"auto\" \/><\/a><\/figure>\n\n\n\n<h2 class=\"wp-block-heading has-text-align-center has-vivid-purple-color has-text-color has-link-color wp-elements-d9590972e563840332c02355c67fa82d\"><a href=\"https:\/\/www.mojekonferencje.pl\/dlugopole-zdroj\/hotel-spa-medical-dwor-elizy\"><span style=\"text-decoration: underline;\">Hotel Spa Medical Dw\u00f3r Elizy<\/span><\/a><\/h2>\n\n\n\n<p>W tym zestawieniu, prezentuj\u0105cym <strong>miejsca na imprezy integracyjne w woj. dolno\u015bl\u0105skim <\/strong>nie mog\u0142o zabrakn\u0105\u0107 <strong>Hotelu Spa Medical Dw\u00f3r Elizy<\/strong>! To niezwyk\u0142e miejsce, gdzie historia spotyka si\u0119 z nowoczesno\u015bci\u0105, a g\u00f3ralska atmosfera sprzyja zar\u00f3wno relaksowi, jak i produktywnej pracy. Po\u0142o\u017cony na malowniczej ziemi k\u0142odzkiej, w otoczeniu historycznego Parku Zdrojowego, zapewnia nie tylko komfortowy wypoczynek w 57 przytulnych pokojach. Daje tak\u017ce mo\u017cliwo\u015b\u0107 odkrywania licznych zabytk\u00f3w i urok\u00f3w Matki Natury. <\/p>\n\n\n\n<p>W eleganckiej restauracji serwowane s\u0105 wy\u015bmienite dania kuchni europejskiej, a w przytulnej kawiarni aromatyczna kawa i pyszne wypieki. Czyste powietrze i malownicze krajobrazy sprzyjaj\u0105 relaksowi i odpr\u0119\u017ceniu, tworz\u0105c idealne warunki do organizacji wydarze\u0144 w unikalnej atmosferze g\u00f3ralskiego dworu. Dodatkowo hotel oferuje wiele atrakcji. To m.in. pokazy ta\u0144ca ognia, wyst\u0119py kapeli g\u00f3ralskiej czy wieczory w stylu hiszpa\u0144skim, pirackim lub kasyno. Ponadto dla mi\u0142o\u015bnik\u00f3w aktywno\u015bci fizycznej obiekt proponuje m.in. paintball, jazd\u0119 terenow\u0105, park linowy, sp\u0142yw kajakowy czy kuligi. Mo\u017cliwo\u015bci s\u0105 niemal nieograniczone!<\/p>\n\n\n\n<figure class=\"wp-block-gallery has-nested-images columns-default is-cropped wp-block-gallery-3 is-layout-flex wp-block-gallery-is-layout-flex\">\n<figure class=\"wp-block-image size-large\"><a href=\"https:\/\/www.mojekonferencje.pl\/blog\/wp-content\/uploads\/2024\/05\/10.jpg\"><img loading=\"lazy\" decoding=\"async\" width=\"1024\" height=\"683\" data-id=\"5133\" src=\"https:\/\/www.mojekonferencje.pl\/blog\/wp-content\/uploads\/2024\/05\/10-1024x683.jpg\" alt=\"\" class=\"wp-image-5133 lazyload\" data-srcset=\"https:\/\/www.mojekonferencje.pl\/blog\/wp-content\/uploads\/2024\/05\/10-1024x683.jpg 1024w, https:\/\/www.mojekonferencje.pl\/blog\/wp-content\/uploads\/2024\/05\/10-300x200.jpg 300w, https:\/\/www.mojekonferencje.pl\/blog\/wp-content\/uploads\/2024\/05\/10-768x512.jpg 768w, https:\/\/www.mojekonferencje.pl\/blog\/wp-content\/uploads\/2024\/05\/10.jpg 1200w\" sizes=\"auto\" \/><\/a><\/figure>\n<\/figure>\n\n\n\n<h2 class=\"wp-block-heading has-text-align-center has-vivid-purple-color has-text-color has-link-color wp-elements-909adf39c7de19c8a0eb31caa17c42b9\"><a href=\"https:\/\/www.mojekonferencje.pl\/lwowek-slaski-\/palac-brunow\"><span style=\"text-decoration: underline;\">Pa\u0142ac Brun\u00f3w<\/span><\/a><\/h2>\n\n\n\n<p>To idealne miejsce na organizacj\u0119 r\u00f3\u017cnorodnych event\u00f3w, \u0142\u0105cz\u0105ce w sobie klasyczn\u0105 elegancj\u0119 z nowoczesnymi udogodnieniami. Po\u0142o\u017cony w malowniczej wsi Brun\u00f3w, w pobli\u017cu Lw\u00f3wka \u015al\u0105skiego i autostrady A4, kompleks zapewnia \u0142atwy dojazd dla wszystkich uczestnik\u00f3w. Jego wyj\u0105tkowa atmosfera, wynikaj\u0105ca z zabytkowego charakteru obiektu z 1750 roku, sprawia, \u017ce ka\u017cde wydarzenie nabiera niepowtarzalnego klimatu.<\/p>\n\n\n\n<p>Zar\u00f3wno przestronno\u015b\u0107, jak i nowoczesne wyposa\u017cenie pi\u0119ciu sal konferencyjnych, kt\u00f3re pomieszcz\u0105 od 20 do 450 os\u00f3b, gwarantuj\u0105 komfort i sprzyjaj\u0105 efektywnej pracy. Pa\u0142ac oferuje tak\u017ce eleganck\u0105 restauracj\u0119 LALA, serwuj\u0105c\u0105 regionalne dania w nowoczesnym wydaniu, oraz stref\u0119 SPA &amp; Wellness. Dodatkowe atrakcje, takie jak bilard w Oficynie, sprawiaj\u0105, \u017ce go\u015bcie mog\u0105 w pe\u0142ni korzysta\u0107 z urok\u00f3w kompleksu, tworz\u0105c niezapomniane wspomnienia podczas konferencji, szkole\u0144 czy uroczysto\u015bci.<\/p>\n\n\n\n<figure class=\"wp-block-image size-large\"><a href=\"https:\/\/www.mojekonferencje.pl\/blog\/wp-content\/uploads\/2024\/05\/brunow.jpg\"><img loading=\"lazy\" decoding=\"async\" width=\"1024\" height=\"683\" src=\"https:\/\/www.mojekonferencje.pl\/blog\/wp-content\/uploads\/2024\/05\/brunow-1024x683.jpg\" alt=\"\" class=\"wp-image-5732 lazyload\" data-srcset=\"https:\/\/www.mojekonferencje.pl\/blog\/wp-content\/uploads\/2024\/05\/brunow-1024x683.jpg 1024w, https:\/\/www.mojekonferencje.pl\/blog\/wp-content\/uploads\/2024\/05\/brunow-300x200.jpg 300w, https:\/\/www.mojekonferencje.pl\/blog\/wp-content\/uploads\/2024\/05\/brunow-768x512.jpg 768w, https:\/\/www.mojekonferencje.pl\/blog\/wp-content\/uploads\/2024\/05\/brunow.jpg 1200w\" sizes=\"auto\" \/><\/a><\/figure>\n\n\n\n<h2 class=\"wp-block-heading has-text-align-center has-vivid-purple-color has-text-color has-link-color wp-elements-1774f63623c5756287c06b949c4f5afe\"><a href=\"https:\/\/www.mojekonferencje.pl\/jugowice\/palac-jugowice\"><span style=\"text-decoration: underline;\">Pa\u0142ac Jugowice<\/span><\/a><\/h2>\n\n\n\n<p>Zach\u0119camy r\u00f3wnie\u017c do zapoznania si\u0119 z ofert\u0105 tego wyj\u0105tkowego miejsca na organizacj\u0119 szkole\u0144, konferencji oraz integracji biznesowych. Po\u0142o\u017cony w malowniczej dolinie Jugowic, ten XIX-wieczny pruski pa\u0142acyk my\u015bliwski zachwyca eleganckim urokiem przez ca\u0142y rok. W ofercie znajdziesz sal\u0119 bankietowo-konferencyjn\u0105 na 120 os\u00f3b oraz kameraln\u0105 sal\u0119 szkoleniow\u0105 na 30 os\u00f3b, idealne do efektywnej pracy. Komfortowe pokoje noclegowe, w tym opcje typu twin i deluxe, zapewniaj\u0105 wypoczynek na najwy\u017cszym poziomie.<\/p>\n\n\n\n<p>Rewelacyjna hotelowa restauracja serwuje wykwintne dania z regionalnych produkt\u00f3w, kt\u00f3re zachwyc\u0105 nawet najbardziej wymagaj\u0105cych smakoszy. Z kolei dodatkowe atrakcje, takie jak Wellness &amp; Centrum SPA z saunami oraz basenem, pozwalaj\u0105 na relaks po intensywnym dniu. Bezp\u0142atny parking na dziedzi\u0144cu oraz za restauracj\u0105 sprawia, \u017ce dojazd jest \u0142atwy i komfortowy. Zorganizuj sw\u00f3j event w <strong>Pa\u0142acu Jugowice <\/strong>i do\u015bwiadcz harmonii elegancji, profesjonalizmu oraz relaksu.<\/p>\n\n\n\n<figure class=\"wp-block-image size-large\"><a href=\"https:\/\/www.mojekonferencje.pl\/blog\/wp-content\/uploads\/2024\/05\/jugowice.jpg\"><img loading=\"lazy\" decoding=\"async\" width=\"1024\" height=\"576\" src=\"https:\/\/www.mojekonferencje.pl\/blog\/wp-content\/uploads\/2024\/05\/jugowice-1024x576.jpg\" alt=\"\" class=\"wp-image-5733 lazyload\" data-srcset=\"https:\/\/www.mojekonferencje.pl\/blog\/wp-content\/uploads\/2024\/05\/jugowice-1024x576.jpg 1024w, https:\/\/www.mojekonferencje.pl\/blog\/wp-content\/uploads\/2024\/05\/jugowice-300x169.jpg 300w, https:\/\/www.mojekonferencje.pl\/blog\/wp-content\/uploads\/2024\/05\/jugowice-768x432.jpg 768w, https:\/\/www.mojekonferencje.pl\/blog\/wp-content\/uploads\/2024\/05\/jugowice-1536x864.jpg 1536w, https:\/\/www.mojekonferencje.pl\/blog\/wp-content\/uploads\/2024\/05\/jugowice-640x360.jpg 640w, https:\/\/www.mojekonferencje.pl\/blog\/wp-content\/uploads\/2024\/05\/jugowice-320x180.jpg 320w, https:\/\/www.mojekonferencje.pl\/blog\/wp-content\/uploads\/2024\/05\/jugowice-480x270.jpg 480w, https:\/\/www.mojekonferencje.pl\/blog\/wp-content\/uploads\/2024\/05\/jugowice-960x540.jpg 960w, https:\/\/www.mojekonferencje.pl\/blog\/wp-content\/uploads\/2024\/05\/jugowice-1280x720.jpg 1280w, https:\/\/www.mojekonferencje.pl\/blog\/wp-content\/uploads\/2024\/05\/jugowice.jpg 1600w\" sizes=\"auto\" \/><\/a><\/figure>\n\n\n\n<h2 class=\"wp-block-heading has-text-align-center has-vivid-purple-color has-text-color has-link-color wp-elements-841cf0f895bc0e2b3f28de12e19d8249\"><a href=\"https:\/\/www.mojekonferencje.pl\/szklarska-poreba\/rezydencja-aqua\"><span style=\"text-decoration: underline;\">Rezydencja AQUA<\/span><\/a><\/h2>\n\n\n\n<p>Jest to idealne miejsce na organizacj\u0119 szkole\u0144, konferencji i wyjazd\u00f3w integracyjnych. Nowo otwarty obiekt oferuje nowoczesne apartamenty z balkonami lub tarasami, kt\u00f3re \u0142\u0105cz\u0105 komfort z wysokiej jako\u015bci wyko\u0144czeniem. Po\u0142o\u017cenie w pobli\u017cu kompleksu SKI Arena Szrenica i licznych szlak\u00f3w turystycznych sprawia, \u017ce jest to doskona\u0142y wyb\u00f3r dla mi\u0142o\u015bnik\u00f3w aktywnego wypoczynku. Rezydencja dysponuje klimatyzowanymi salami konferencyjnymi, wyposa\u017conymi w nowoczesne technologie audiowizualne i szybki internet, co czyni j\u0105 idealnym miejscem dla r\u00f3\u017cnorodnych spotka\u0144 biznesowych.<\/p>\n\n\n\n<p>Go\u015bcie mog\u0105 korzysta\u0107 z luksusowych apartament\u00f3w, kt\u00f3re zapewniaj\u0105 wygod\u0119 i relaks, w tym z prywatnymi saunami. Na miejscu znajduje si\u0119 tak\u017ce restauracja 4Seasons, oferuj\u0105ca sezonowe dania oparte na \u015bwie\u017cych sk\u0142adnikach, oraz szereg dodatkowych atrakcji, takich jak grota solna, si\u0142ownia, strefa chill-out i zewn\u0119trzne jacuzzi z widokiem na G\u00f3ry Izerskie. <strong>Rezydencja Aqua<\/strong> to idealne po\u0142\u0105czenie nowoczesno\u015bci i komfortu, sprzyjaj\u0105ce efektywnej pracy i relaksowi.<\/p>\n\n\n\n<figure class=\"wp-block-image size-large\"><a href=\"https:\/\/www.mojekonferencje.pl\/blog\/wp-content\/uploads\/2024\/05\/rezydencja-aqua.jpg\"><img loading=\"lazy\" decoding=\"async\" width=\"1024\" height=\"683\" src=\"https:\/\/www.mojekonferencje.pl\/blog\/wp-content\/uploads\/2024\/05\/rezydencja-aqua-1024x683.jpg\" alt=\"\" class=\"wp-image-5734 lazyload\" data-srcset=\"https:\/\/www.mojekonferencje.pl\/blog\/wp-content\/uploads\/2024\/05\/rezydencja-aqua-1024x683.jpg 1024w, https:\/\/www.mojekonferencje.pl\/blog\/wp-content\/uploads\/2024\/05\/rezydencja-aqua-300x200.jpg 300w, https:\/\/www.mojekonferencje.pl\/blog\/wp-content\/uploads\/2024\/05\/rezydencja-aqua-768x512.jpg 768w, https:\/\/www.mojekonferencje.pl\/blog\/wp-content\/uploads\/2024\/05\/rezydencja-aqua-1536x1025.jpg 1536w, https:\/\/www.mojekonferencje.pl\/blog\/wp-content\/uploads\/2024\/05\/rezydencja-aqua.jpg 2000w\" sizes=\"auto\" \/><\/a><\/figure>\n\n\n\n<h2 class=\"wp-block-heading has-text-align-center has-vivid-purple-color has-text-color has-link-color wp-elements-65393b729ac2cb101693abf4c9a9cb35\"><a href=\"https:\/\/www.mojekonferencje.pl\/wroclaw\/magna-restaurant\"><span style=\"text-decoration: underline;\">Wroc\u0142aw Golf Events<\/span><\/a><\/h2>\n\n\n\n<p>To elegancka przestrze\u0144 idealna do organizacji event\u00f3w, zlokalizowana zaledwie 8,5 kilometra od centrum Wroc\u0142awia. Otoczony malownicz\u0105 przyrod\u0105 obiekt oferuje wysmakowane wn\u0119trza i profesjonaln\u0105 obs\u0142ug\u0119, kt\u00f3re tworz\u0105 doskona\u0142e warunki do spotka\u0144 biznesowych, przyj\u0119\u0107 okoliczno\u015bciowych oraz wesel. Restauracja serwuje wy\u015bmienit\u0105 kuchni\u0119, starannie skomponowan\u0105 z najwy\u017cszej jako\u015bci sk\u0142adnik\u00f3w, co sprawia, \u017ce ka\u017cda wizyta staje si\u0119 niezapomnianym do\u015bwiadczeniem kulinarnym.<\/p>\n\n\n\n<p><strong>Wroc\u0142aw Golf Events<\/strong> dysponuje przestrzeni\u0105, kt\u00f3ra mo\u017ce pomie\u015bci\u0107 do 200 os\u00f3b, z mo\u017cliwo\u015bci\u0105 korzystania z rozleg\u0142ych taras\u00f3w i klimatycznych namiot\u00f3w. Dwie unikalne przestrzenie eventowe, Club House i Grill House, oferuj\u0105 elastyczno\u015b\u0107 i wyj\u0105tkow\u0105 atmosfer\u0119, sprzyjaj\u0105c integracji i relaksowi. <strong>Wroc\u0142aw Golf Club<\/strong> to miejsce, kt\u00f3re \u0142\u0105czy nowoczesno\u015b\u0107 z natur\u0105, tworz\u0105c idealne warunki na niezapomniane wydarzenia, kt\u00f3re zostan\u0105 w pami\u0119ci na d\u0142ugo.<\/p>\n\n\n\n<figure class=\"wp-block-image size-large\"><a href=\"https:\/\/www.mojekonferencje.pl\/blog\/wp-content\/uploads\/2024\/05\/magna-golf.jpg\"><img loading=\"lazy\" decoding=\"async\" width=\"1024\" height=\"684\" src=\"https:\/\/www.mojekonferencje.pl\/blog\/wp-content\/uploads\/2024\/05\/magna-golf-1024x684.jpg\" alt=\"\" class=\"wp-image-5735 lazyload\" data-srcset=\"https:\/\/www.mojekonferencje.pl\/blog\/wp-content\/uploads\/2024\/05\/magna-golf-1024x684.jpg 1024w, https:\/\/www.mojekonferencje.pl\/blog\/wp-content\/uploads\/2024\/05\/magna-golf-300x200.jpg 300w, https:\/\/www.mojekonferencje.pl\/blog\/wp-content\/uploads\/2024\/05\/magna-golf-768x513.jpg 768w, https:\/\/www.mojekonferencje.pl\/blog\/wp-content\/uploads\/2024\/05\/magna-golf-1536x1025.jpg 1536w, https:\/\/www.mojekonferencje.pl\/blog\/wp-content\/uploads\/2024\/05\/magna-golf.jpg 2048w\" sizes=\"auto\" \/><\/a><\/figure>\n","protected":false},"excerpt":{"rendered":"<p>Odkryj najlepsze lokalizacje na imprezy integracyjne w Dolnym \u015al\u0105sku! Poznaj malownicze otoczenie g\u00f3r i zabytkowych miast.<\/p>\n","protected":false},"author":9,"featured_media":5123,"comment_status":"closed","ping_status":"closed","sticky":false,"template":"","format":"standard","meta":{"_acf_changed":false,"footnotes":""},"categories":[8,175],"tags":[368,367,353,354,26],"class_list":["post-5122","post","type-post","status-publish","format-standard","has-post-thumbnail","hentry","category-porady","category-wybieranie-miejsca-konferencyjnego","tag-hotel","tag-hotele","tag-organizacja-imprez","tag-organizacja-wydarzen","tag-wypady-integracyjne"],"acf":[],"yoast_head":"<!-- This site is optimized with the Yoast SEO plugin v27.1.1 - https:\/\/yoast.com\/product\/yoast-seo-wordpress\/ -->\n<title>Imprezy integracyjne dolno\u015bl\u0105skie - najlepsze miejsca w g\u00f3rach i nie tylko! - blog | MojeKonferencje.pl<\/title>\n<meta name=\"description\" content=\"Imprezy integracyjne dolno\u015bl\u0105skie - najlepsze miejsca w g\u00f3rach i nie tylko! - blog | MojeKonferencje.pl\" \/>\n<meta name=\"robots\" content=\"index, follow, max-snippet:-1, max-image-preview:large, max-video-preview:-1\" \/>\n<link rel=\"canonical\" href=\"https:\/\/www.mojekonferencje.pl\/blog\/imprezy-integracyjne-dolnoslaskie\/\" \/>\n<meta property=\"og:locale\" content=\"pl_PL\" \/>\n<meta property=\"og:type\" content=\"article\" \/>\n<meta property=\"og:title\" content=\"Imprezy integracyjne dolno\u015bl\u0105skie - najlepsze miejsca w g\u00f3rach i nie tylko! - blog | MojeKonferencje.pl\" \/>\n<meta property=\"og:description\" content=\"Imprezy integracyjne dolno\u015bl\u0105skie - najlepsze miejsca w g\u00f3rach i nie tylko! - blog | MojeKonferencje.pl\" \/>\n<meta property=\"og:url\" content=\"https:\/\/www.mojekonferencje.pl\/blog\/imprezy-integracyjne-dolnoslaskie\/\" \/>\n<meta property=\"og:site_name\" content=\"MojeKonferencje.pl\" \/>\n<meta property=\"article:published_time\" content=\"2024-05-20T15:30:00+00:00\" \/>\n<meta property=\"article:modified_time\" content=\"2024-11-01T11:40:15+00:00\" \/>\n<meta property=\"og:image\" content=\"https:\/\/www.mojekonferencje.pl\/blog\/wp-content\/uploads\/2024\/05\/Fotoram.io-78.jpg\" \/>\n\t<meta property=\"og:image:width\" content=\"1200\" \/>\n\t<meta property=\"og:image:height\" content=\"720\" \/>\n\t<meta property=\"og:image:type\" content=\"image\/jpeg\" \/>\n<meta name=\"author\" content=\"Olga Stawicka-Iwanowska\" \/>\n<meta name=\"twitter:card\" content=\"summary_large_image\" \/>\n<meta name=\"twitter:label1\" content=\"Napisane przez\" \/>\n\t<meta name=\"twitter:data1\" content=\"Olga Stawicka-Iwanowska\" \/>\n\t<meta name=\"twitter:label2\" content=\"Szacowany czas czytania\" \/>\n\t<meta name=\"twitter:data2\" content=\"17 minut\" \/>\n<script type=\"application\/ld+json\" class=\"yoast-schema-graph\">{\"@context\":\"https:\/\/schema.org\",\"@graph\":[{\"@type\":\"Article\",\"@id\":\"https:\/\/www.mojekonferencje.pl\/blog\/imprezy-integracyjne-dolnoslaskie\/#article\",\"isPartOf\":{\"@id\":\"https:\/\/www.mojekonferencje.pl\/blog\/imprezy-integracyjne-dolnoslaskie\/\"},\"author\":{\"name\":\"Olga Stawicka-Iwanowska\",\"@id\":\"https:\/\/www.mojekonferencje.pl\/blog\/#\/schema\/person\/d6751ca3c60de9ec17ee21b744bbb2d4\"},\"headline\":\"Imprezy integracyjne dolno\u015bl\u0105skie &#8211; najlepsze miejsca w g\u00f3rach i nie tylko!\",\"datePublished\":\"2024-05-20T15:30:00+00:00\",\"dateModified\":\"2024-11-01T11:40:15+00:00\",\"mainEntityOfPage\":{\"@id\":\"https:\/\/www.mojekonferencje.pl\/blog\/imprezy-integracyjne-dolnoslaskie\/\"},\"wordCount\":2749,\"image\":{\"@id\":\"https:\/\/www.mojekonferencje.pl\/blog\/imprezy-integracyjne-dolnoslaskie\/#primaryimage\"},\"thumbnailUrl\":\"https:\/\/www.mojekonferencje.pl\/blog\/wp-content\/uploads\/2024\/05\/Fotoram.io-78.jpg\",\"keywords\":[\"hotel\",\"hotele\",\"organizacja imprez\",\"organizacja wydarze\u0144\",\"wypady integracyjne\"],\"articleSection\":[\"Porady\",\"Wybieranie miejsca konferencyjnego\"],\"inLanguage\":\"pl-PL\"},{\"@type\":\"WebPage\",\"@id\":\"https:\/\/www.mojekonferencje.pl\/blog\/imprezy-integracyjne-dolnoslaskie\/\",\"url\":\"https:\/\/www.mojekonferencje.pl\/blog\/imprezy-integracyjne-dolnoslaskie\/\",\"name\":\"Imprezy integracyjne dolno\u015bl\u0105skie - najlepsze miejsca w g\u00f3rach i nie tylko! - blog | MojeKonferencje.pl\",\"isPartOf\":{\"@id\":\"https:\/\/www.mojekonferencje.pl\/blog\/#website\"},\"primaryImageOfPage\":{\"@id\":\"https:\/\/www.mojekonferencje.pl\/blog\/imprezy-integracyjne-dolnoslaskie\/#primaryimage\"},\"image\":{\"@id\":\"https:\/\/www.mojekonferencje.pl\/blog\/imprezy-integracyjne-dolnoslaskie\/#primaryimage\"},\"thumbnailUrl\":\"https:\/\/www.mojekonferencje.pl\/blog\/wp-content\/uploads\/2024\/05\/Fotoram.io-78.jpg\",\"datePublished\":\"2024-05-20T15:30:00+00:00\",\"dateModified\":\"2024-11-01T11:40:15+00:00\",\"author\":{\"@id\":\"https:\/\/www.mojekonferencje.pl\/blog\/#\/schema\/person\/d6751ca3c60de9ec17ee21b744bbb2d4\"},\"description\":\"Imprezy integracyjne dolno\u015bl\u0105skie - najlepsze miejsca w g\u00f3rach i nie tylko! - blog | MojeKonferencje.pl\",\"breadcrumb\":{\"@id\":\"https:\/\/www.mojekonferencje.pl\/blog\/imprezy-integracyjne-dolnoslaskie\/#breadcrumb\"},\"inLanguage\":\"pl-PL\",\"potentialAction\":[{\"@type\":\"ReadAction\",\"target\":[\"https:\/\/www.mojekonferencje.pl\/blog\/imprezy-integracyjne-dolnoslaskie\/\"]}]},{\"@type\":\"ImageObject\",\"inLanguage\":\"pl-PL\",\"@id\":\"https:\/\/www.mojekonferencje.pl\/blog\/imprezy-integracyjne-dolnoslaskie\/#primaryimage\",\"url\":\"https:\/\/www.mojekonferencje.pl\/blog\/wp-content\/uploads\/2024\/05\/Fotoram.io-78.jpg\",\"contentUrl\":\"https:\/\/www.mojekonferencje.pl\/blog\/wp-content\/uploads\/2024\/05\/Fotoram.io-78.jpg\",\"width\":1200,\"height\":720},{\"@type\":\"BreadcrumbList\",\"@id\":\"https:\/\/www.mojekonferencje.pl\/blog\/imprezy-integracyjne-dolnoslaskie\/#breadcrumb\",\"itemListElement\":[{\"@type\":\"ListItem\",\"position\":1,\"name\":\"Strona g\u0142\u00f3wna\",\"item\":\"https:\/\/www.mojekonferencje.pl\/blog\/\"},{\"@type\":\"ListItem\",\"position\":2,\"name\":\"Imprezy integracyjne dolno\u015bl\u0105skie &#8211; najlepsze miejsca w g\u00f3rach i nie tylko!\"}]},{\"@type\":\"WebSite\",\"@id\":\"https:\/\/www.mojekonferencje.pl\/blog\/#website\",\"url\":\"https:\/\/www.mojekonferencje.pl\/blog\/\",\"name\":\"MojeKonferencje.pl\",\"description\":\"Blog bran\u017cy szkoleniowo-konferencyjnej. W\u0142\u0105cz si\u0119 do dyskusji o obiektach konferencyjnych i nowo\u015bciach z bran\u017cy! Poznaj porady odno\u015bnie organizacji konferencji, szkole\u0144 i event\u00f3w firmowych! Zach\u0119camy do wyra\u017cania opinii oraz komentarzy.\",\"potentialAction\":[{\"@type\":\"SearchAction\",\"target\":{\"@type\":\"EntryPoint\",\"urlTemplate\":\"https:\/\/www.mojekonferencje.pl\/blog\/?s={search_term_string}\"},\"query-input\":{\"@type\":\"PropertyValueSpecification\",\"valueRequired\":true,\"valueName\":\"search_term_string\"}}],\"inLanguage\":\"pl-PL\"},{\"@type\":\"Person\",\"@id\":\"https:\/\/www.mojekonferencje.pl\/blog\/#\/schema\/person\/d6751ca3c60de9ec17ee21b744bbb2d4\",\"name\":\"Olga Stawicka-Iwanowska\",\"description\":\"Head of Marketing z ponad sze\u015bcioletnim do\u015bwiadczeniem w bran\u017cy MICE. Na co dzie\u0144 zajmuje si\u0119 content marketingiem i promocj\u0105 obiekt\u00f3w eventowych, tak aby organizatorzy kongres\u00f3w, targ\u00f3w i konferencji wiedzieli, \u017ce w\u0142a\u015bnie tam warto zrealizowa\u0107 swoje wydarzenie. Prowadzi media spo\u0142eczno\u015bciowe, tworzy strategie komunikacji, pisze artyku\u0142y i dba o sp\u00f3jny wizerunek marki w ka\u017cdym kanale. W swojej pracy \u0142\u0105czy analityczne my\u015blenie z kreatywno\u015bci\u0105 i dobrym copy. Wsp\u00f3\u0142pracuje zar\u00f3wno z organizatorami najwi\u0119kszych wydarze\u0144 w Polsce, jak i z regionalnymi partnerami z bran\u017cy. Po godzinach mi\u0142o\u015bniczka podr\u00f3\u017cy po Europie, dobrej kuchni i klimatycznych miejsc, w kt\u00f3rych mo\u017cna z\u0142apa\u0107 oddech.\",\"sameAs\":[\"http:\/\/MojeKonferencje.pl\",\"https:\/\/www.linkedin.com\/in\/olgastawicka\/\"],\"url\":\"https:\/\/www.mojekonferencje.pl\/blog\/author\/osawicka\/\"}]}<\/script>\n<!-- \/ Yoast SEO plugin. -->","yoast_head_json":{"title":"Imprezy integracyjne dolno\u015bl\u0105skie - najlepsze miejsca w g\u00f3rach i nie tylko! - blog | MojeKonferencje.pl","description":"Imprezy integracyjne dolno\u015bl\u0105skie - najlepsze miejsca w g\u00f3rach i nie tylko! - blog | MojeKonferencje.pl","robots":{"index":"index","follow":"follow","max-snippet":"max-snippet:-1","max-image-preview":"max-image-preview:large","max-video-preview":"max-video-preview:-1"},"canonical":"https:\/\/www.mojekonferencje.pl\/blog\/imprezy-integracyjne-dolnoslaskie\/","og_locale":"pl_PL","og_type":"article","og_title":"Imprezy integracyjne dolno\u015bl\u0105skie - najlepsze miejsca w g\u00f3rach i nie tylko! - blog | MojeKonferencje.pl","og_description":"Imprezy integracyjne dolno\u015bl\u0105skie - najlepsze miejsca w g\u00f3rach i nie tylko! - blog | MojeKonferencje.pl","og_url":"https:\/\/www.mojekonferencje.pl\/blog\/imprezy-integracyjne-dolnoslaskie\/","og_site_name":"MojeKonferencje.pl","article_published_time":"2024-05-20T15:30:00+00:00","article_modified_time":"2024-11-01T11:40:15+00:00","og_image":[{"width":1200,"height":720,"url":"https:\/\/www.mojekonferencje.pl\/blog\/wp-content\/uploads\/2024\/05\/Fotoram.io-78.jpg","type":"image\/jpeg"}],"author":"Olga Stawicka-Iwanowska","twitter_card":"summary_large_image","twitter_misc":{"Napisane przez":"Olga Stawicka-Iwanowska","Szacowany czas czytania":"17 minut"},"schema":{"@context":"https:\/\/schema.org","@graph":[{"@type":"Article","@id":"https:\/\/www.mojekonferencje.pl\/blog\/imprezy-integracyjne-dolnoslaskie\/#article","isPartOf":{"@id":"https:\/\/www.mojekonferencje.pl\/blog\/imprezy-integracyjne-dolnoslaskie\/"},"author":{"name":"Olga Stawicka-Iwanowska","@id":"https:\/\/www.mojekonferencje.pl\/blog\/#\/schema\/person\/d6751ca3c60de9ec17ee21b744bbb2d4"},"headline":"Imprezy integracyjne dolno\u015bl\u0105skie &#8211; najlepsze miejsca w g\u00f3rach i nie tylko!","datePublished":"2024-05-20T15:30:00+00:00","dateModified":"2024-11-01T11:40:15+00:00","mainEntityOfPage":{"@id":"https:\/\/www.mojekonferencje.pl\/blog\/imprezy-integracyjne-dolnoslaskie\/"},"wordCount":2749,"image":{"@id":"https:\/\/www.mojekonferencje.pl\/blog\/imprezy-integracyjne-dolnoslaskie\/#primaryimage"},"thumbnailUrl":"https:\/\/www.mojekonferencje.pl\/blog\/wp-content\/uploads\/2024\/05\/Fotoram.io-78.jpg","keywords":["hotel","hotele","organizacja imprez","organizacja wydarze\u0144","wypady integracyjne"],"articleSection":["Porady","Wybieranie miejsca konferencyjnego"],"inLanguage":"pl-PL"},{"@type":"WebPage","@id":"https:\/\/www.mojekonferencje.pl\/blog\/imprezy-integracyjne-dolnoslaskie\/","url":"https:\/\/www.mojekonferencje.pl\/blog\/imprezy-integracyjne-dolnoslaskie\/","name":"Imprezy integracyjne dolno\u015bl\u0105skie - najlepsze miejsca w g\u00f3rach i nie tylko! - blog | MojeKonferencje.pl","isPartOf":{"@id":"https:\/\/www.mojekonferencje.pl\/blog\/#website"},"primaryImageOfPage":{"@id":"https:\/\/www.mojekonferencje.pl\/blog\/imprezy-integracyjne-dolnoslaskie\/#primaryimage"},"image":{"@id":"https:\/\/www.mojekonferencje.pl\/blog\/imprezy-integracyjne-dolnoslaskie\/#primaryimage"},"thumbnailUrl":"https:\/\/www.mojekonferencje.pl\/blog\/wp-content\/uploads\/2024\/05\/Fotoram.io-78.jpg","datePublished":"2024-05-20T15:30:00+00:00","dateModified":"2024-11-01T11:40:15+00:00","author":{"@id":"https:\/\/www.mojekonferencje.pl\/blog\/#\/schema\/person\/d6751ca3c60de9ec17ee21b744bbb2d4"},"description":"Imprezy integracyjne dolno\u015bl\u0105skie - najlepsze miejsca w g\u00f3rach i nie tylko! - blog | MojeKonferencje.pl","breadcrumb":{"@id":"https:\/\/www.mojekonferencje.pl\/blog\/imprezy-integracyjne-dolnoslaskie\/#breadcrumb"},"inLanguage":"pl-PL","potentialAction":[{"@type":"ReadAction","target":["https:\/\/www.mojekonferencje.pl\/blog\/imprezy-integracyjne-dolnoslaskie\/"]}]},{"@type":"ImageObject","inLanguage":"pl-PL","@id":"https:\/\/www.mojekonferencje.pl\/blog\/imprezy-integracyjne-dolnoslaskie\/#primaryimage","url":"https:\/\/www.mojekonferencje.pl\/blog\/wp-content\/uploads\/2024\/05\/Fotoram.io-78.jpg","contentUrl":"https:\/\/www.mojekonferencje.pl\/blog\/wp-content\/uploads\/2024\/05\/Fotoram.io-78.jpg","width":1200,"height":720},{"@type":"BreadcrumbList","@id":"https:\/\/www.mojekonferencje.pl\/blog\/imprezy-integracyjne-dolnoslaskie\/#breadcrumb","itemListElement":[{"@type":"ListItem","position":1,"name":"Strona g\u0142\u00f3wna","item":"https:\/\/www.mojekonferencje.pl\/blog\/"},{"@type":"ListItem","position":2,"name":"Imprezy integracyjne dolno\u015bl\u0105skie &#8211; najlepsze miejsca w g\u00f3rach i nie tylko!"}]},{"@type":"WebSite","@id":"https:\/\/www.mojekonferencje.pl\/blog\/#website","url":"https:\/\/www.mojekonferencje.pl\/blog\/","name":"MojeKonferencje.pl","description":"Blog bran\u017cy szkoleniowo-konferencyjnej. W\u0142\u0105cz si\u0119 do dyskusji o obiektach konferencyjnych i nowo\u015bciach z bran\u017cy! Poznaj porady odno\u015bnie organizacji konferencji, szkole\u0144 i event\u00f3w firmowych! Zach\u0119camy do wyra\u017cania opinii oraz komentarzy.","potentialAction":[{"@type":"SearchAction","target":{"@type":"EntryPoint","urlTemplate":"https:\/\/www.mojekonferencje.pl\/blog\/?s={search_term_string}"},"query-input":{"@type":"PropertyValueSpecification","valueRequired":true,"valueName":"search_term_string"}}],"inLanguage":"pl-PL"},{"@type":"Person","@id":"https:\/\/www.mojekonferencje.pl\/blog\/#\/schema\/person\/d6751ca3c60de9ec17ee21b744bbb2d4","name":"Olga Stawicka-Iwanowska","description":"Head of Marketing z ponad sze\u015bcioletnim do\u015bwiadczeniem w bran\u017cy MICE. Na co dzie\u0144 zajmuje si\u0119 content marketingiem i promocj\u0105 obiekt\u00f3w eventowych, tak aby organizatorzy kongres\u00f3w, targ\u00f3w i konferencji wiedzieli, \u017ce w\u0142a\u015bnie tam warto zrealizowa\u0107 swoje wydarzenie. Prowadzi media spo\u0142eczno\u015bciowe, tworzy strategie komunikacji, pisze artyku\u0142y i dba o sp\u00f3jny wizerunek marki w ka\u017cdym kanale. W swojej pracy \u0142\u0105czy analityczne my\u015blenie z kreatywno\u015bci\u0105 i dobrym copy. Wsp\u00f3\u0142pracuje zar\u00f3wno z organizatorami najwi\u0119kszych wydarze\u0144 w Polsce, jak i z regionalnymi partnerami z bran\u017cy. Po godzinach mi\u0142o\u015bniczka podr\u00f3\u017cy po Europie, dobrej kuchni i klimatycznych miejsc, w kt\u00f3rych mo\u017cna z\u0142apa\u0107 oddech.","sameAs":["http:\/\/MojeKonferencje.pl","https:\/\/www.linkedin.com\/in\/olgastawicka\/"],"url":"https:\/\/www.mojekonferencje.pl\/blog\/author\/osawicka\/"}]}},"_links":{"self":[{"href":"https:\/\/www.mojekonferencje.pl\/blog\/wp-json\/wp\/v2\/posts\/5122","targetHints":{"allow":["GET"]}}],"collection":[{"href":"https:\/\/www.mojekonferencje.pl\/blog\/wp-json\/wp\/v2\/posts"}],"about":[{"href":"https:\/\/www.mojekonferencje.pl\/blog\/wp-json\/wp\/v2\/types\/post"}],"author":[{"embeddable":true,"href":"https:\/\/www.mojekonferencje.pl\/blog\/wp-json\/wp\/v2\/users\/9"}],"replies":[{"embeddable":true,"href":"https:\/\/www.mojekonferencje.pl\/blog\/wp-json\/wp\/v2\/comments?post=5122"}],"version-history":[{"count":4,"href":"https:\/\/www.mojekonferencje.pl\/blog\/wp-json\/wp\/v2\/posts\/5122\/revisions"}],"predecessor-version":[{"id":5736,"href":"https:\/\/www.mojekonferencje.pl\/blog\/wp-json\/wp\/v2\/posts\/5122\/revisions\/5736"}],"wp:featuredmedia":[{"embeddable":true,"href":"https:\/\/www.mojekonferencje.pl\/blog\/wp-json\/wp\/v2\/media\/5123"}],"wp:attachment":[{"href":"https:\/\/www.mojekonferencje.pl\/blog\/wp-json\/wp\/v2\/media?parent=5122"}],"wp:term":[{"taxonomy":"category","embeddable":true,"href":"https:\/\/www.mojekonferencje.pl\/blog\/wp-json\/wp\/v2\/categories?post=5122"},{"taxonomy":"post_tag","embeddable":true,"href":"https:\/\/www.mojekonferencje.pl\/blog\/wp-json\/wp\/v2\/tags?post=5122"}],"curies":[{"name":"wp","href":"https:\/\/api.w.org\/{rel}","templated":true}]}}