{"id":5137,"date":"2024-05-21T17:47:00","date_gmt":"2024-05-21T15:47:00","guid":{"rendered":"https:\/\/www.mojekonferencje.pl\/blog\/?p=5137"},"modified":"2025-05-21T08:53:03","modified_gmt":"2025-05-21T06:53:03","slug":"imprezy-integracyjne-podlaskie-najlepsze-oferty","status":"publish","type":"post","link":"https:\/\/www.mojekonferencje.pl\/blog\/imprezy-integracyjne-podlaskie-najlepsze-oferty\/","title":{"rendered":"Imprezy integracyjne podlaskie &#8211; najlepsze oferty!"},"content":{"rendered":"\n<p><strong>Wojew\u00f3dztwo podlaskie, malownicza kraina w p\u00f3\u0142nocno-wschodniej Polsce, skrywa w sobie nie tylko bogactwo przyrodnicze i kulturowe, lecz tak\u017ce idealne warunki do organizacji niezapomnianych imprez integracyjnych. W tym dynamicznym regionie mo\u017cna odnale\u017a\u0107 ukojenie w spokoju malowniczych krajobraz\u00f3w i niezwyk\u0142ej go\u015bcinno\u015bci lokalnych mieszka\u0144c\u00f3w. Ale czy to wszystko, co oferuje Podlasie? Zdecydowanie nie. To tak\u017ce oaza mo\u017cliwo\u015bci dla tych, kt\u00f3rzy pragn\u0105 zacie\u015bni\u0107 wi\u0119zi biznesowe, wzmacniaj\u0105c ducha zespo\u0142u w atmosferze wyj\u0105tkowych wydarze\u0144 integracyjnych.<\/strong><\/p>\n\n\n\n<p><strong>Organizacja imprez integracyjnych w wojew\u00f3dztwie podlaskim<\/strong> to nie tylko okazja do ucieczki od monotonii biurowego \u017cycia, lecz tak\u017ce mo\u017cliwo\u015b\u0107 zanurzenia si\u0119 w unikalnej atmosferze tego regionu. Spo\u015br\u00f3d d\u017awi\u0119k\u00f3w przyrody, aromat\u00f3w lokalnej kuchni i tradycyjnych zwyczaj\u00f3w, tworzy si\u0119 niepowtarzalna aura sprzyjaj\u0105ca budowaniu relacji, zar\u00f3wno osobistych, jak i biznesowych. Ale to nie wszystko \u2013 Podlasie to tak\u017ce bogactwo r\u00f3\u017cnorodnych lokalizacji, kt\u00f3re spe\u0142niaj\u0105 najwy\u017csze wymagania organizator\u00f3w wydarze\u0144.<\/p>\n\n\n\n<p>Przekonani o potencjale wojew\u00f3dztwa zapraszamy do bli\u017cszego przyjrzenia si\u0119 najbardziej atrakcyjnym lokalizacjom, kt\u00f3re nie tylko zachwyc\u0105 swoim urokiem, lecz tak\u017ce zapewni\u0105 niezapomniane doznania zar\u00f3wno uczestnikom, jak i organizatorom. Zosta\u0144 z nami i poznaj najlepsze <a href=\"https:\/\/www.mojekonferencje.pl\/konferencje-podlaskie\">obiekty na eventy w wojew\u00f3dztwie podlaskim<\/a>. W\u015br\u00f3d nich znajdziesz m.in.: <\/p>\n\n\n\n<figure class=\"wp-block-table\"><table><tbody><tr><td><a href=\"https:\/\/www.mojekonferencje.pl\/drohiczyn\/hotel-drohicki\">Hotel Drohicki<\/a><\/td><td><a href=\"https:\/\/www.mojekonferencje.pl\/bialystok\/hotel-esperanto\">Hotel Esperanto<\/a><\/td><\/tr><tr><td><a href=\"https:\/\/www.mojekonferencje.pl\/ciechanowiec\/hotel-nowodwory\">Hotel Nowodwory<\/a><\/td><td><a href=\"https:\/\/www.mojekonferencje.pl\/lomza\/hotel-gromada-lomza-\">Hotel Gromada \u0141om\u017ca<\/a><\/td><\/tr><tr><td><a href=\"https:\/\/www.mojekonferencje.pl\/bialowieza\/hotel-zubrowka-bialowieza\">Hotel \u017bubr\u00f3wka Bia\u0142owie\u017ca<\/a><\/td><td><a href=\"https:\/\/www.mojekonferencje.pl\/augustow\/augustow-medical-spa\">August\u00f3w Medical SPA<\/a><\/td><\/tr><tr><td><a href=\"https:\/\/www.mojekonferencje.pl\/augustow\/hotel-wojciech-\">Hotel Wojciech<\/a><\/td><td><a href=\"https:\/\/www.mojekonferencje.pl\/goniadz\/bartlowizna\">Bartlowizna<\/a><\/td><\/tr><\/tbody><\/table><\/figure>\n\n\n\n<h2 class=\"wp-block-heading has-text-align-center has-vivid-purple-color has-text-color has-link-color wp-elements-ee6eceefc5e81297cc81774d2b9876fd\"><a href=\"https:\/\/www.mojekonferencje.pl\/drohiczyn\/hotel-drohicki\"><span style=\"text-decoration: underline;\">Hotel Drohicki<\/span><\/a><\/h2>\n\n\n\n<p>Jest to oaza spokoju i komfortu, ukryta w sercu Nadbu\u017ca\u0144skiego Parku Krajobrazowego. Po\u0142o\u017cony przy drodze krajowej 62, strategicznie mi\u0119dzy Warszaw\u0105 a Bia\u0142owie\u017c\u0105, ten urokliwy obiekt przyci\u0105ga podr\u00f3\u017cnych z r\u00f3\u017cnych stron \u015bwiata. Jako\u015b\u0107 us\u0142ug noclegowych w <strong>Hotelu Drohickim<\/strong> stoi na najwy\u017cszym poziomie, zapewniaj\u0105c go\u015bciom komfortowy wypoczynek. A co powiedzie\u0107 o gastronomii? Restauracja hotelowa serwuje wykwintne dania kuchni polskiej i mi\u0119dzynarodowej, przygotowane z naj\u015bwie\u017cszych sk\u0142adnik\u00f3w, zachwycaj\u0105c podniebienia najbardziej wymagaj\u0105cych smakoszy. <\/p>\n\n\n\n<p>Jednak to nie wszystko, co<strong> Hotel Drohicki <\/strong>ma do zaoferowania. To tak\u017ce doskona\u0142e miejsce na organizacj\u0119 r\u00f3\u017cnego rodzaju wydarze\u0144, takich jak konferencje, szkolenia czy imprezy integracyjne i bankiety. Nowoczesne sale konferencyjne, wyposa\u017cone w niezb\u0119dny sprz\u0119t audiowizualny, oraz profesjonalna obs\u0142uga techniczna zapewniaj\u0105 udane i efektywne spotkania. Pobyt w Hotelu Drohickim to nie tylko wypoczynek w komfortowych warunkach, ale tak\u017ce szansa na odkrycie urok\u00f3w okolicznej przyrody. Basen zewn\u0119trzny otoczony zieleni\u0105 to doskona\u0142e miejsce do relaksu i orze\u017awienia, a malownicze \u015bcie\u017cki prowadz\u0105ce przez podlaskie krajobrazy zach\u0119caj\u0105 do aktywnego wypoczynku na \u0142onie natury.<\/p>\n\n\n\n<figure class=\"wp-block-image size-large\"><a href=\"https:\/\/www.mojekonferencje.pl\/blog\/wp-content\/uploads\/2024\/05\/1-1.jpg\"><img loading=\"lazy\" decoding=\"async\" width=\"1024\" height=\"683\" src=\"https:\/\/www.mojekonferencje.pl\/blog\/wp-content\/uploads\/2024\/05\/1-1-1024x683.jpg\" alt=\"\" class=\"wp-image-5139 lazyload\" data-srcset=\"https:\/\/www.mojekonferencje.pl\/blog\/wp-content\/uploads\/2024\/05\/1-1-1024x683.jpg 1024w, https:\/\/www.mojekonferencje.pl\/blog\/wp-content\/uploads\/2024\/05\/1-1-300x200.jpg 300w, https:\/\/www.mojekonferencje.pl\/blog\/wp-content\/uploads\/2024\/05\/1-1-768x512.jpg 768w, https:\/\/www.mojekonferencje.pl\/blog\/wp-content\/uploads\/2024\/05\/1-1.jpg 1280w\" sizes=\"auto\" \/><\/a><\/figure>\n\n\n\n<h2 class=\"wp-block-heading has-text-align-center has-vivid-purple-color has-text-color has-link-color wp-elements-0311365f68361503f70fd276d67d0203\"><a href=\"https:\/\/www.mojekonferencje.pl\/ciechanowiec\/hotel-nowodwory\"><span style=\"text-decoration: underline;\">Hotel Nowodwory<\/span><\/a><\/h2>\n\n\n\n<p>Ten obiekt, po\u0142o\u017cony tu\u017c obok malowniczego skansenu, to nie tylko miejsce noclegowe, lecz prawdziwa oaza spokoju i harmonii z otaczaj\u0105c\u0105 przyrod\u0105 Podlasia. Otoczony zieleni\u0105, zapewnia swoim go\u015bciom niezapomniane wra\u017cenia i odpr\u0119\u017caj\u0105cy wypoczynek. Wn\u0119trza hotelu emanuj\u0105 elegancj\u0105 i komfortem, zapewniaj\u0105c przyjemne warunki do odpoczynku po dniu pe\u0142nym wra\u017ce\u0144. Jest to naprawd\u0119 fantastyczne <strong>miejsce na integracj\u0119 na Podlasiu<\/strong>! Funkcjonalnie urz\u0105dzone pokoje stwarzaj\u0105 atmosfer\u0119 domowego ciep\u0142a, a dwie sale konferencyjne doskonale sprawdzaj\u0105 si\u0119 jako przestrze\u0144 do organizacji zar\u00f3wno spotka\u0144 biznesowych. <\/p>\n\n\n\n<p>Jednak to nie wszystko, co <strong>Hotel Nowodwory<\/strong> ma do zaoferowania. Du\u017cy parking pomie\u015bci nawet 150 pojazd\u00f3w, gwarantuj\u0105c spok\u00f3j i wygod\u0119 dla wszystkich go\u015bci. Poza tym lokalizacja nad rzek\u0105 Nurzec sprawia, \u017ce hotel oferuje r\u00f3wnie\u017c atrakcje wodne, takie jak kajakarstwo, co stanowi doskona\u0142\u0105 alternatyw\u0119 dla tradycyjnych form wypoczynku. Tereny zielone wok\u00f3\u0142 hotelu zach\u0119caj\u0105 do spacer\u00f3w, piknik\u00f3w i wycieczek rowerowych, pozwalaj\u0105c go\u015bciom ca\u0142kowicie zrelaksowa\u0107 si\u0119 i cieszy\u0107 si\u0119 urokami przyrody Podlasia.<\/p>\n\n\n\n<figure class=\"wp-block-image size-full\"><a href=\"https:\/\/www.mojekonferencje.pl\/blog\/wp-content\/uploads\/2024\/05\/2-1.jpg\"><img loading=\"lazy\" decoding=\"async\" width=\"1000\" height=\"562\" src=\"https:\/\/www.mojekonferencje.pl\/blog\/wp-content\/uploads\/2024\/05\/2-1.jpg\" alt=\"\" class=\"wp-image-5140 lazyload\" data-srcset=\"https:\/\/www.mojekonferencje.pl\/blog\/wp-content\/uploads\/2024\/05\/2-1.jpg 1000w, https:\/\/www.mojekonferencje.pl\/blog\/wp-content\/uploads\/2024\/05\/2-1-300x169.jpg 300w, https:\/\/www.mojekonferencje.pl\/blog\/wp-content\/uploads\/2024\/05\/2-1-768x432.jpg 768w, https:\/\/www.mojekonferencje.pl\/blog\/wp-content\/uploads\/2024\/05\/2-1-640x360.jpg 640w, https:\/\/www.mojekonferencje.pl\/blog\/wp-content\/uploads\/2024\/05\/2-1-320x180.jpg 320w, https:\/\/www.mojekonferencje.pl\/blog\/wp-content\/uploads\/2024\/05\/2-1-480x270.jpg 480w, https:\/\/www.mojekonferencje.pl\/blog\/wp-content\/uploads\/2024\/05\/2-1-960x540.jpg 960w\" sizes=\"auto\" \/><\/a><\/figure>\n\n\n\n<h2 class=\"wp-block-heading has-text-align-center has-vivid-purple-color has-text-color has-link-color wp-elements-f173e8f0903d857665bb2ed2abb717ea\"><a href=\"https:\/\/www.mojekonferencje.pl\/bialowieza\/hotel-zubrowka-bialowieza\"><span style=\"text-decoration: underline;\">Hotel \u017bubr\u00f3wka Bia\u0142owie\u017ca<\/span><\/a><\/h2>\n\n\n\n<p>To niezwyk\u0142e <strong>miejsce na integracj\u0119 w woj. podlaskim<\/strong>, gdzie najwy\u017cszy standard obs\u0142ugi spotyka si\u0119 z wyj\u0105tkowym po\u0142o\u017ceniem. Tutaj go\u015bcie maj\u0105 niepowtarzaln\u0105 okazj\u0119 po\u0142\u0105czy\u0107 wypoczynek lub prac\u0119 z eksploracj\u0105 urok\u00f3w Bia\u0142owieskiego Parku Narodowego. Architektura kompleksu idealnie wpisuje si\u0119 w malowniczy krajobraz Puszczy Bia\u0142owieskiej, jednocze\u015bnie podkre\u015blaj\u0105c nowoczesno\u015b\u0107 oferowanych udogodnie\u0144. Restauracja \u017bubr\u00f3wka to kulinarne centrum, gdzie mo\u017cna degustowa\u0107 autentyczne smaki kuchni regionalnej, wykorzystuj\u0105cej bogactwo sezonowych sk\u0142adnik\u00f3w. Hotel oferuje 110 pokoi i apartament\u00f3w, \u0142\u0105cz\u0105cych elegancj\u0119 pa\u0142acowego stylu z nowoczesnym designem. <\/p>\n\n\n\n<p>To tak\u017ce profesjonalne centrum konferencyjno-szkoleniowe, oferuj\u0105ce 4 sale konferencyjne o \u0142\u0105cznej powierzchni do 150 m2. Do\u015bwiadczenie w organizacji r\u00f3\u017cnorodnych wydarze\u0144 gwarantuje spe\u0142nienie nawet najbardziej wymagaj\u0105cych oczekiwa\u0144. Hotelowe Centrum SPA to oaza relaksu, wyposa\u017cona w 7 gabinet\u00f3w zabiegowych oraz kompleks basenowy inspirowany sceneri\u0105 Puszczy Bia\u0142owieskiej. Dodatkowo hotel oferuje atrakcje zwi\u0105zane z unikalnym po\u0142o\u017ceniem. To m.in. zwiedzanie Bia\u0142owieskiego Parku Narodowego, przeja\u017cd\u017cki bryczkami, czy te\u017c ognisko w sercu puszczy. Wygoda go\u015bci jest priorytetem, dlatego na terenie hotelu znajduj\u0105 si\u0119 korty tenisowe, pole do minigolfa oraz wiele innych atrakcji.<\/p>\n\n\n\n<figure class=\"wp-block-image size-large\"><a href=\"https:\/\/www.mojekonferencje.pl\/blog\/wp-content\/uploads\/2024\/05\/3-1.jpg\"><img loading=\"lazy\" decoding=\"async\" width=\"1024\" height=\"768\" src=\"https:\/\/www.mojekonferencje.pl\/blog\/wp-content\/uploads\/2024\/05\/3-1-1024x768.jpg\" alt=\"\" class=\"wp-image-5141 lazyload\" data-srcset=\"https:\/\/www.mojekonferencje.pl\/blog\/wp-content\/uploads\/2024\/05\/3-1-1024x768.jpg 1024w, https:\/\/www.mojekonferencje.pl\/blog\/wp-content\/uploads\/2024\/05\/3-1-300x225.jpg 300w, https:\/\/www.mojekonferencje.pl\/blog\/wp-content\/uploads\/2024\/05\/3-1-768x576.jpg 768w, https:\/\/www.mojekonferencje.pl\/blog\/wp-content\/uploads\/2024\/05\/3-1.jpg 1200w\" sizes=\"auto\" \/><\/a><\/figure>\n\n\n\n<h2 class=\"wp-block-heading has-text-align-center has-vivid-purple-color has-text-color has-link-color wp-elements-5cc86f3ad036ac30c9a6ce19294b6c9b\"><a href=\"https:\/\/www.mojekonferencje.pl\/augustow\/hotel-wojciech-\"><span style=\"text-decoration: underline;\">Hotel Wojciech<\/span><\/a><\/h2>\n\n\n\n<p>\u00d3w<strong> hotel na imprez\u0119 integracyjn\u0105 na Podlasiu <\/strong>to niezr\u00f3wnane miejsce, gdzie spok\u00f3j i elegancja spotykaj\u0105 si\u0119 z malownicz\u0105 okolic\u0105. Po\u0142o\u017cony w otoczeniu przyrody, z widokiem na jezioro Bia\u0142e, zapewnia atmosfer\u0119 spokoju i harmonii, idealn\u0105 do relaksu i regeneracji. Komfortowe pokoje, urz\u0105dzone z dba\u0142o\u015bci\u0105 o detale, oraz centrum konferencyjne s\u0105 doskona\u0142ym wyborem zar\u00f3wno dla os\u00f3b podr\u00f3\u017cuj\u0105cych w celach biznesowych, jak i tych pragn\u0105cych wypoczynku. Restauracja hotelowa serwuje wyj\u0105tkowe dania kuchni podlaskiej, zachwycaj\u0105c nie tylko smakiem, ale r\u00f3wnie\u017c lokalnymi aromatami i tradycyjnymi recepturami. <\/p>\n\n\n\n<p>Centrum Konferencyjne w <strong>Hotelu Wojciech<\/strong> to doskona\u0142e miejsce dla r\u00f3\u017cnorodnych wydarze\u0144 biznesowych i rodzinnych uroczysto\u015bci. Wyposa\u017cone w dwie sale konferencyjne, pozwala pomie\u015bci\u0107 nawet do 120 os\u00f3b, zapewniaj\u0105c sprawn\u0105 organizacj\u0119 spotka\u0144 i konferencji. Dodatkowo hotel oferuje bogaty zakres udogodnie\u0144. To m.in. basen, strefa wellness, fitness center, czy te\u017c wypo\u017cyczalnia sprz\u0119tu wodnego, zapewniaj\u0105c dodatkowy relaks po intensywnym dniu. Mo\u017cliwo\u015b\u0107 spacer\u00f3w i przeja\u017cd\u017cek rowerowych po okolicznych krajobrazach Podlasia dodaje hotelowi uroku i zach\u0119ca do aktywnego sp\u0119dzania czasu na \u015bwie\u017cym powietrzu.<\/p>\n\n\n\n<figure class=\"wp-block-image size-large\"><a href=\"https:\/\/www.mojekonferencje.pl\/blog\/wp-content\/uploads\/2024\/05\/4-1.jpg\"><img loading=\"lazy\" decoding=\"async\" width=\"1024\" height=\"473\" src=\"https:\/\/www.mojekonferencje.pl\/blog\/wp-content\/uploads\/2024\/05\/4-1-1024x473.jpg\" alt=\"\" class=\"wp-image-5143 lazyload\" data-srcset=\"https:\/\/www.mojekonferencje.pl\/blog\/wp-content\/uploads\/2024\/05\/4-1-1024x473.jpg 1024w, https:\/\/www.mojekonferencje.pl\/blog\/wp-content\/uploads\/2024\/05\/4-1-300x139.jpg 300w, https:\/\/www.mojekonferencje.pl\/blog\/wp-content\/uploads\/2024\/05\/4-1-768x355.jpg 768w, https:\/\/www.mojekonferencje.pl\/blog\/wp-content\/uploads\/2024\/05\/4-1.jpg 1280w\" sizes=\"auto\" \/><\/a><\/figure>\n\n\n\n<h2 class=\"wp-block-heading has-text-align-center has-vivid-purple-color has-text-color has-link-color wp-elements-1dcf165abdf951515b1c9ebd37eac406\"><a href=\"https:\/\/www.mojekonferencje.pl\/bialystok\/hotel-esperanto\"><span style=\"text-decoration: underline;\">Hotel Esperanto<\/span><\/a><\/h2>\n\n\n\n<p>To <strong>miejsce na integracj\u0119 w wojew\u00f3dztwie podlaskim<\/strong>, gdzie komfort i kameralno\u015b\u0107 spotykaj\u0105 si\u0119 z elegancj\u0105 i nowoczesno\u015bci\u0105. Po\u0142o\u017cony w sercu miasta, zaledwie kilka krok\u00f3w od malowniczego rynku, oferuje \u0142atwy dost\u0119p do najwa\u017cniejszych instytucji i urz\u0119d\u00f3w, tworz\u0105c idealne po\u0142\u0105czenie wygody i presti\u017cu. Nowoczesny design wn\u0119trz tworzy atmosfer\u0119 luksusu, a gustownie urz\u0105dzone pokoje zapewniaj\u0105 przyjemne i funkcjonalne przestrzenie do pracy i relaksu. Wyposa\u017cone we wszystkie niezb\u0119dne udogodnienia stanowi\u0105 idealne miejsce zar\u00f3wno dla podr\u00f3\u017cuj\u0105cych w celach biznesowych, jak i tych pragn\u0105cych sp\u0119dzi\u0107 czas na odpoczynku. <\/p>\n\n\n\n<p><strong>Hotel Esperanto <\/strong>to r\u00f3wnie\u017c doskona\u0142a baza wypadowa do eksploracji lokalnej kuchni i atmosfery miasta. W otoczeniu znajduj\u0105 si\u0119 najmodniejsze kluby i restauracje, kt\u00f3re kusz\u0105 r\u00f3\u017cnorodno\u015bci\u0105 kulinarn\u0105 i wyj\u0105tkowym charakterem. Go\u015bcie mog\u0105 nie tylko cieszy\u0107 si\u0119 luksusowym pobytem, ale tak\u017ce odkrywa\u0107 uroki okolicy, korzystaj\u0105c z blisko\u015bci atrakcji turystycznych i rozrywkowych. Dla organizator\u00f3w imprez integracyjnych Hotel Esperanto proponuje cztery r\u00f3\u017cne sale, dopasowane do zr\u00f3\u017cnicowanych potrzeb. Od kameralnych spotka\u0144 po du\u017ce wydarzenia, ka\u017cda sala zapewnia odpowiedni\u0105 przestrze\u0144 i sprzyjaj\u0105ce warunki do efektywnej wymiany informacji i budowania relacji.<\/p>\n\n\n\n<figure class=\"wp-block-image size-full\"><a href=\"https:\/\/www.mojekonferencje.pl\/blog\/wp-content\/uploads\/2024\/05\/5-1.jpg\"><img loading=\"lazy\" decoding=\"async\" width=\"1000\" height=\"667\" src=\"https:\/\/www.mojekonferencje.pl\/blog\/wp-content\/uploads\/2024\/05\/5-1.jpg\" alt=\"\" class=\"wp-image-5144 lazyload\" data-srcset=\"https:\/\/www.mojekonferencje.pl\/blog\/wp-content\/uploads\/2024\/05\/5-1.jpg 1000w, https:\/\/www.mojekonferencje.pl\/blog\/wp-content\/uploads\/2024\/05\/5-1-300x200.jpg 300w, https:\/\/www.mojekonferencje.pl\/blog\/wp-content\/uploads\/2024\/05\/5-1-768x512.jpg 768w\" sizes=\"auto\" \/><\/a><\/figure>\n\n\n\n<h2 class=\"wp-block-heading has-text-align-center has-vivid-purple-color has-text-color has-link-color wp-elements-ec0c51850612e3d98e62bbb0ae6385bf\"><a href=\"https:\/\/www.mojekonferencje.pl\/lomza\/hotel-gromada-lomza-\"><span style=\"text-decoration: underline;\">Hotel Gromada \u0141om\u017ca<\/span><\/a><\/h2>\n\n\n\n<p>Jest to idealne <strong>miejsce na organizacj\u0119 imprez integracyjnych na Podlasiu<\/strong>. Po\u0142o\u017cone jest dok\u0142adnie w sercu miasta, w bliskim s\u0105siedztwie Star\u00f3wki, na malowniczej skarpie rzeki Narew. Otoczony zieleni\u0105 zapewnia optymalne warunki do pracy i relaksu. Budynek jest przystosowany do potrzeb os\u00f3b z niepe\u0142nosprawno\u015bciami, a dla wygody go\u015bci czeka 50 miejsc parkingowych, monitorowanych i bezobs\u0142ugowych. Hotel oferuje 72 komfortowe pokoje, restauracj\u0119 z sal\u0105 bankietow\u0105 oraz w pe\u0142ni wyposa\u017cone zaplecze konferencyjne.<\/p>\n\n\n\n<p>Trzy klimatyzowane sale konferencyjne z pe\u0142nym wyposa\u017ceniem technicznym to doskona\u0142e miejsce do organizacji r\u00f3\u017cnorodnych wydarze\u0144 biznesowych i firmowych. Dodatkowo dost\u0119p do tarasu z widokiem na Dolin\u0119 Narwi sprawia, \u017ce spotkania nabieraj\u0105 wyj\u0105tkowego charakteru. <strong>Hotel Gromada \u0141om\u017ca<\/strong> to nie tylko miejsce na spotkania biznesowe, ale r\u00f3wnie\u017c doskona\u0142a lokalizacja dla event\u00f3w, konferencji, szkole\u0144 i bankiet\u00f3w. Zaprasza do wykorzystania jego mo\u017cliwo\u015bci i stworzenia niezapomnianych chwil integracji w kameralnej atmosferze.<\/p>\n\n\n\n<figure class=\"wp-block-image size-large\"><a href=\"https:\/\/www.mojekonferencje.pl\/blog\/wp-content\/uploads\/2024\/05\/6-2.jpg\"><img loading=\"lazy\" decoding=\"async\" width=\"1024\" height=\"689\" src=\"https:\/\/www.mojekonferencje.pl\/blog\/wp-content\/uploads\/2024\/05\/6-2-1024x689.jpg\" alt=\"\" class=\"wp-image-5146 lazyload\" data-srcset=\"https:\/\/www.mojekonferencje.pl\/blog\/wp-content\/uploads\/2024\/05\/6-2-1024x689.jpg 1024w, https:\/\/www.mojekonferencje.pl\/blog\/wp-content\/uploads\/2024\/05\/6-2-300x202.jpg 300w, https:\/\/www.mojekonferencje.pl\/blog\/wp-content\/uploads\/2024\/05\/6-2-768x516.jpg 768w, https:\/\/www.mojekonferencje.pl\/blog\/wp-content\/uploads\/2024\/05\/6-2.jpg 1200w\" sizes=\"auto\" \/><\/a><\/figure>\n\n\n\n<h2 class=\"wp-block-heading has-text-align-center has-vivid-purple-color has-text-color has-link-color wp-elements-9d5bb455aefdeae4aea139d485bc41ae\"><a href=\"https:\/\/www.mojekonferencje.pl\/augustow\/augustow-medical-spa\"><span style=\"text-decoration: underline;\">August\u00f3w Medical SPA<\/span><\/a><\/h2>\n\n\n\n<p>To obiekt, w kt\u00f3rym luksus \u0142\u0105czy si\u0119 z trosk\u0105 o zdrowie, a komfort spotyka si\u0119 z natur\u0105. Po\u0142o\u017cony tu\u017c przy brzegu jeziora Necko i otoczony sosnowym lasem, stanowi oaz\u0119 spokoju i odpr\u0119\u017cenia zaledwie kilka kilometr\u00f3w od centrum miasta. Oferuj\u0105c szerok\u0105 gam\u0119 zabieg\u00f3w poprawiaj\u0105cych kondycj\u0119 i samopoczucie. <strong>August\u00f3w Medical SPA<\/strong> staje si\u0119 idealnym miejscem dla tych, kt\u00f3rzy pragn\u0105 zadba\u0107 o swoje zdrowie i odpocz\u0105\u0107 od zgie\u0142ku miasta. Komfortowe pokoje, nowoczesne SPA oraz nowoczesna sala konferencyjna sprawiaj\u0105, \u017ce August\u00f3w Medical SPA to doskona\u0142y wyb\u00f3r. W dodatku nie tylko dla relaksu, ale tak\u017ce dla organizacji r\u00f3\u017cnorodnych spotka\u0144 w otoczeniu pi\u0119knej podlaskiej przyrody. <\/p>\n\n\n\n<p>Sala konferencyjna, wyposa\u017cona w niezawodny sprz\u0119t multimedialny, zapewnia odpowiednie warunki do prowadzenia szkole\u0144 i spotka\u0144 biznesowych. Ergonomiczne meble oraz minimalistyczny wystr\u00f3j tworz\u0105 kreatywn\u0105 atmosfer\u0119 sprzyjaj\u0105c\u0105 efektywnej pracy. Dodatkowo bogata oferta zabieg\u00f3w rehabilitacyjnych, uzdrowiskowych, relaksacyjnych i upi\u0119kszaj\u0105cych, w tym dost\u0119p do SPA i basenu, pozwala kompleksowo zadba\u0107 o zdrowie i dobre samopoczucie ka\u017cdego go\u015bcia.<\/p>\n\n\n\n<figure class=\"wp-block-image size-large\"><a href=\"https:\/\/www.mojekonferencje.pl\/blog\/wp-content\/uploads\/2024\/05\/7.jpg\"><img loading=\"lazy\" decoding=\"async\" width=\"1024\" height=\"683\" src=\"https:\/\/www.mojekonferencje.pl\/blog\/wp-content\/uploads\/2024\/05\/7-1024x683.jpg\" alt=\"\" class=\"wp-image-5147 lazyload\" data-srcset=\"https:\/\/www.mojekonferencje.pl\/blog\/wp-content\/uploads\/2024\/05\/7-1024x683.jpg 1024w, https:\/\/www.mojekonferencje.pl\/blog\/wp-content\/uploads\/2024\/05\/7-300x200.jpg 300w, https:\/\/www.mojekonferencje.pl\/blog\/wp-content\/uploads\/2024\/05\/7-768x512.jpg 768w, https:\/\/www.mojekonferencje.pl\/blog\/wp-content\/uploads\/2024\/05\/7.jpg 1350w\" sizes=\"auto\" \/><\/a><\/figure>\n\n\n\n<h2 class=\"wp-block-heading has-text-align-center has-vivid-purple-color has-text-color has-link-color wp-elements-a16f12b411b93e778d91c6de7d50b8e5\"><a href=\"https:\/\/www.mojekonferencje.pl\/goniadz\/bartlowizna\"><span style=\"text-decoration: underline;\">Bartlowizna<\/span><\/a><\/h2>\n\n\n\n<p><strong>Bartlowizna <\/strong>po\u0142o\u017cona w samym sercu Biebrza\u0144skiego Parku Narodowego, nad brzegiem rzeki Biebrzy, oferuje ona doskona\u0142e warunki do organizacji imprez integracyjnych. Hotelowo-gastronomiczny kompleks Bartlowizna zachwyca nie tylko liczb\u0105 miejsc noclegowych. Robi wra\u017cenie r\u00f3wnie\u017c unikaln\u0105 kolekcj\u0105 zegar\u00f3w, obraz\u00f3w i porcelany, tworz\u0105c niepowtarzalny klimat wn\u0119trza hotelowego. Restauracja Gospoda Bartla, z aran\u017cacj\u0105 nawi\u0105zuj\u0105c\u0105 do bogactwa otaczaj\u0105cej przyrody, stanowi doskona\u0142e miejsce do degustacji regionalnych potraw. To nie tylko miejsce na organizacj\u0119 konferencji, szkole\u0144 czy seminari\u00f3w, ale tak\u017ce idealna przestrze\u0144 do integracji zespo\u0142\u00f3w w harmonii z natur\u0105. <\/p>\n\n\n\n<p>Biebrza\u0144skie Centrum Konferencyjne dysponuje trzema klimatyzowanymi salami, kt\u00f3re mo\u017cna dowolnie aran\u017cowa\u0107, daj\u0105c mo\u017cliwo\u015b\u0107 organizacji wydarze\u0144 nawet dla 200 os\u00f3b. Opr\u00f3cz bogatej infrastruktury konferencyjnej, <strong>Bartlowizna<\/strong> oferuje r\u00f3wnie\u017c szereg atrakcji. To m.in. sp\u0142ywy kajakowe po meandrami Biebrzy, wycieczki rowerowe, pokazy wypieku s\u0119kacza czy zwiedzanie Twierdzy Osowiec. Wieczory w Gospodzie Bartla przy suto zastawionym stole, przy d\u017awi\u0119kach muzyki i ta\u0144ca, zapadn\u0105 na d\u0142ugo w pami\u0119ci ka\u017cdego uczestnika. Dla os\u00f3b poszukuj\u0105cych niezapomnianych prze\u017cy\u0107, Bartlowizna proponuje loty balonami, zawody w\u0119dkarskie, strzeleckie czy zabawy integracyjne.<\/p>\n\n\n\n<figure class=\"wp-block-image size-full\"><a href=\"https:\/\/www.mojekonferencje.pl\/blog\/wp-content\/uploads\/2024\/05\/8-1.jpg\"><img loading=\"lazy\" decoding=\"async\" width=\"600\" height=\"314\" src=\"https:\/\/www.mojekonferencje.pl\/blog\/wp-content\/uploads\/2024\/05\/8-1.jpg\" alt=\"\" class=\"wp-image-5148 lazyload\" data-srcset=\"https:\/\/www.mojekonferencje.pl\/blog\/wp-content\/uploads\/2024\/05\/8-1.jpg 600w, https:\/\/www.mojekonferencje.pl\/blog\/wp-content\/uploads\/2024\/05\/8-1-300x157.jpg 300w\" sizes=\"auto\" \/><\/a><\/figure>\n\n\n\n<h2 class=\"wp-block-heading has-text-align-center\"><\/h2>\n\n\n\n<p><\/p>\n\n\n\n<p><\/p>\n\n\n\n<p><\/p>\n\n\n\n<figure class=\"wp-block-gallery has-nested-images columns-default is-cropped wp-block-gallery-1 is-layout-flex wp-block-gallery-is-layout-flex\"><\/figure>\n\n\n\n<p><\/p>\n","protected":false},"excerpt":{"rendered":"<p>Odkryj niepowtarzalne mo\u017cliwo\u015bci organizacji imprez integracyjnych w sercu Podlasia! Zanurz si\u0119 w malowniczych krajobrazach, smakuj lokalne przysmaki i wzmacniaj wi\u0119zi zespo\u0142u.<\/p>\n","protected":false},"author":9,"featured_media":5138,"comment_status":"closed","ping_status":"closed","sticky":false,"template":"","format":"standard","meta":{"_acf_changed":false,"footnotes":""},"categories":[8,212,175],"tags":[368,367,353,354,26],"class_list":["post-5137","post","type-post","status-publish","format-standard","has-post-thumbnail","hentry","category-porady","category-travel","category-wybieranie-miejsca-konferencyjnego","tag-hotel","tag-hotele","tag-organizacja-imprez","tag-organizacja-wydarzen","tag-wypady-integracyjne"],"acf":[],"yoast_head":"<!-- This site is optimized with the Yoast SEO plugin v27.1.1 - https:\/\/yoast.com\/product\/yoast-seo-wordpress\/ -->\n<title>Imprezy integracyjne podlaskie - najlepsze oferty! - blog | MojeKonferencje.pl<\/title>\n<meta name=\"description\" content=\"Imprezy integracyjne podlaskie - najlepsze oferty! - blog | MojeKonferencje.pl\" \/>\n<meta name=\"robots\" content=\"index, follow, max-snippet:-1, max-image-preview:large, max-video-preview:-1\" \/>\n<link rel=\"canonical\" href=\"https:\/\/www.mojekonferencje.pl\/blog\/imprezy-integracyjne-podlaskie-najlepsze-oferty\/\" \/>\n<meta property=\"og:locale\" content=\"pl_PL\" \/>\n<meta property=\"og:type\" content=\"article\" \/>\n<meta property=\"og:title\" content=\"Imprezy integracyjne podlaskie - najlepsze oferty! - blog | MojeKonferencje.pl\" \/>\n<meta property=\"og:description\" content=\"Imprezy integracyjne podlaskie - najlepsze oferty! - blog | MojeKonferencje.pl\" \/>\n<meta property=\"og:url\" content=\"https:\/\/www.mojekonferencje.pl\/blog\/imprezy-integracyjne-podlaskie-najlepsze-oferty\/\" \/>\n<meta property=\"og:site_name\" content=\"MojeKonferencje.pl\" \/>\n<meta property=\"article:published_time\" content=\"2024-05-21T15:47:00+00:00\" \/>\n<meta property=\"article:modified_time\" content=\"2025-05-21T06:53:03+00:00\" \/>\n<meta property=\"og:image\" content=\"https:\/\/www.mojekonferencje.pl\/blog\/wp-content\/uploads\/2024\/05\/Fotoram.io-79.jpg\" \/>\n\t<meta property=\"og:image:width\" content=\"1200\" \/>\n\t<meta property=\"og:image:height\" content=\"720\" \/>\n\t<meta property=\"og:image:type\" content=\"image\/jpeg\" \/>\n<meta name=\"author\" content=\"Olga Stawicka-Iwanowska\" \/>\n<meta name=\"twitter:card\" content=\"summary_large_image\" \/>\n<meta name=\"twitter:label1\" content=\"Napisane przez\" \/>\n\t<meta name=\"twitter:data1\" content=\"Olga Stawicka-Iwanowska\" \/>\n\t<meta name=\"twitter:label2\" content=\"Szacowany czas czytania\" \/>\n\t<meta name=\"twitter:data2\" content=\"11 minut\" \/>\n<script type=\"application\/ld+json\" class=\"yoast-schema-graph\">{\"@context\":\"https:\/\/schema.org\",\"@graph\":[{\"@type\":\"Article\",\"@id\":\"https:\/\/www.mojekonferencje.pl\/blog\/imprezy-integracyjne-podlaskie-najlepsze-oferty\/#article\",\"isPartOf\":{\"@id\":\"https:\/\/www.mojekonferencje.pl\/blog\/imprezy-integracyjne-podlaskie-najlepsze-oferty\/\"},\"author\":{\"name\":\"Olga Stawicka-Iwanowska\",\"@id\":\"https:\/\/www.mojekonferencje.pl\/blog\/#\/schema\/person\/d6751ca3c60de9ec17ee21b744bbb2d4\"},\"headline\":\"Imprezy integracyjne podlaskie &#8211; najlepsze oferty!\",\"datePublished\":\"2024-05-21T15:47:00+00:00\",\"dateModified\":\"2025-05-21T06:53:03+00:00\",\"mainEntityOfPage\":{\"@id\":\"https:\/\/www.mojekonferencje.pl\/blog\/imprezy-integracyjne-podlaskie-najlepsze-oferty\/\"},\"wordCount\":1763,\"image\":{\"@id\":\"https:\/\/www.mojekonferencje.pl\/blog\/imprezy-integracyjne-podlaskie-najlepsze-oferty\/#primaryimage\"},\"thumbnailUrl\":\"https:\/\/www.mojekonferencje.pl\/blog\/wp-content\/uploads\/2024\/05\/Fotoram.io-79.jpg\",\"keywords\":[\"hotel\",\"hotele\",\"organizacja imprez\",\"organizacja wydarze\u0144\",\"wypady integracyjne\"],\"articleSection\":[\"Porady\",\"Travel\",\"Wybieranie miejsca konferencyjnego\"],\"inLanguage\":\"pl-PL\"},{\"@type\":\"WebPage\",\"@id\":\"https:\/\/www.mojekonferencje.pl\/blog\/imprezy-integracyjne-podlaskie-najlepsze-oferty\/\",\"url\":\"https:\/\/www.mojekonferencje.pl\/blog\/imprezy-integracyjne-podlaskie-najlepsze-oferty\/\",\"name\":\"Imprezy integracyjne podlaskie - najlepsze oferty! - blog | MojeKonferencje.pl\",\"isPartOf\":{\"@id\":\"https:\/\/www.mojekonferencje.pl\/blog\/#website\"},\"primaryImageOfPage\":{\"@id\":\"https:\/\/www.mojekonferencje.pl\/blog\/imprezy-integracyjne-podlaskie-najlepsze-oferty\/#primaryimage\"},\"image\":{\"@id\":\"https:\/\/www.mojekonferencje.pl\/blog\/imprezy-integracyjne-podlaskie-najlepsze-oferty\/#primaryimage\"},\"thumbnailUrl\":\"https:\/\/www.mojekonferencje.pl\/blog\/wp-content\/uploads\/2024\/05\/Fotoram.io-79.jpg\",\"datePublished\":\"2024-05-21T15:47:00+00:00\",\"dateModified\":\"2025-05-21T06:53:03+00:00\",\"author\":{\"@id\":\"https:\/\/www.mojekonferencje.pl\/blog\/#\/schema\/person\/d6751ca3c60de9ec17ee21b744bbb2d4\"},\"description\":\"Imprezy integracyjne podlaskie - najlepsze oferty! - blog | MojeKonferencje.pl\",\"breadcrumb\":{\"@id\":\"https:\/\/www.mojekonferencje.pl\/blog\/imprezy-integracyjne-podlaskie-najlepsze-oferty\/#breadcrumb\"},\"inLanguage\":\"pl-PL\",\"potentialAction\":[{\"@type\":\"ReadAction\",\"target\":[\"https:\/\/www.mojekonferencje.pl\/blog\/imprezy-integracyjne-podlaskie-najlepsze-oferty\/\"]}]},{\"@type\":\"ImageObject\",\"inLanguage\":\"pl-PL\",\"@id\":\"https:\/\/www.mojekonferencje.pl\/blog\/imprezy-integracyjne-podlaskie-najlepsze-oferty\/#primaryimage\",\"url\":\"https:\/\/www.mojekonferencje.pl\/blog\/wp-content\/uploads\/2024\/05\/Fotoram.io-79.jpg\",\"contentUrl\":\"https:\/\/www.mojekonferencje.pl\/blog\/wp-content\/uploads\/2024\/05\/Fotoram.io-79.jpg\",\"width\":1200,\"height\":720},{\"@type\":\"BreadcrumbList\",\"@id\":\"https:\/\/www.mojekonferencje.pl\/blog\/imprezy-integracyjne-podlaskie-najlepsze-oferty\/#breadcrumb\",\"itemListElement\":[{\"@type\":\"ListItem\",\"position\":1,\"name\":\"Strona g\u0142\u00f3wna\",\"item\":\"https:\/\/www.mojekonferencje.pl\/blog\/\"},{\"@type\":\"ListItem\",\"position\":2,\"name\":\"Imprezy integracyjne podlaskie &#8211; najlepsze oferty!\"}]},{\"@type\":\"WebSite\",\"@id\":\"https:\/\/www.mojekonferencje.pl\/blog\/#website\",\"url\":\"https:\/\/www.mojekonferencje.pl\/blog\/\",\"name\":\"MojeKonferencje.pl\",\"description\":\"Blog bran\u017cy szkoleniowo-konferencyjnej. W\u0142\u0105cz si\u0119 do dyskusji o obiektach konferencyjnych i nowo\u015bciach z bran\u017cy! Poznaj porady odno\u015bnie organizacji konferencji, szkole\u0144 i event\u00f3w firmowych! Zach\u0119camy do wyra\u017cania opinii oraz komentarzy.\",\"potentialAction\":[{\"@type\":\"SearchAction\",\"target\":{\"@type\":\"EntryPoint\",\"urlTemplate\":\"https:\/\/www.mojekonferencje.pl\/blog\/?s={search_term_string}\"},\"query-input\":{\"@type\":\"PropertyValueSpecification\",\"valueRequired\":true,\"valueName\":\"search_term_string\"}}],\"inLanguage\":\"pl-PL\"},{\"@type\":\"Person\",\"@id\":\"https:\/\/www.mojekonferencje.pl\/blog\/#\/schema\/person\/d6751ca3c60de9ec17ee21b744bbb2d4\",\"name\":\"Olga Stawicka-Iwanowska\",\"description\":\"Head of Marketing z ponad sze\u015bcioletnim do\u015bwiadczeniem w bran\u017cy MICE. Na co dzie\u0144 zajmuje si\u0119 content marketingiem i promocj\u0105 obiekt\u00f3w eventowych, tak aby organizatorzy kongres\u00f3w, targ\u00f3w i konferencji wiedzieli, \u017ce w\u0142a\u015bnie tam warto zrealizowa\u0107 swoje wydarzenie. Prowadzi media spo\u0142eczno\u015bciowe, tworzy strategie komunikacji, pisze artyku\u0142y i dba o sp\u00f3jny wizerunek marki w ka\u017cdym kanale. W swojej pracy \u0142\u0105czy analityczne my\u015blenie z kreatywno\u015bci\u0105 i dobrym copy. Wsp\u00f3\u0142pracuje zar\u00f3wno z organizatorami najwi\u0119kszych wydarze\u0144 w Polsce, jak i z regionalnymi partnerami z bran\u017cy. Po godzinach mi\u0142o\u015bniczka podr\u00f3\u017cy po Europie, dobrej kuchni i klimatycznych miejsc, w kt\u00f3rych mo\u017cna z\u0142apa\u0107 oddech.\",\"sameAs\":[\"http:\/\/MojeKonferencje.pl\",\"https:\/\/www.linkedin.com\/in\/olgastawicka\/\"],\"url\":\"https:\/\/www.mojekonferencje.pl\/blog\/author\/osawicka\/\"}]}<\/script>\n<!-- \/ Yoast SEO plugin. -->","yoast_head_json":{"title":"Imprezy integracyjne podlaskie - najlepsze oferty! - blog | MojeKonferencje.pl","description":"Imprezy integracyjne podlaskie - najlepsze oferty! - blog | MojeKonferencje.pl","robots":{"index":"index","follow":"follow","max-snippet":"max-snippet:-1","max-image-preview":"max-image-preview:large","max-video-preview":"max-video-preview:-1"},"canonical":"https:\/\/www.mojekonferencje.pl\/blog\/imprezy-integracyjne-podlaskie-najlepsze-oferty\/","og_locale":"pl_PL","og_type":"article","og_title":"Imprezy integracyjne podlaskie - najlepsze oferty! - blog | MojeKonferencje.pl","og_description":"Imprezy integracyjne podlaskie - najlepsze oferty! - blog | MojeKonferencje.pl","og_url":"https:\/\/www.mojekonferencje.pl\/blog\/imprezy-integracyjne-podlaskie-najlepsze-oferty\/","og_site_name":"MojeKonferencje.pl","article_published_time":"2024-05-21T15:47:00+00:00","article_modified_time":"2025-05-21T06:53:03+00:00","og_image":[{"width":1200,"height":720,"url":"https:\/\/www.mojekonferencje.pl\/blog\/wp-content\/uploads\/2024\/05\/Fotoram.io-79.jpg","type":"image\/jpeg"}],"author":"Olga Stawicka-Iwanowska","twitter_card":"summary_large_image","twitter_misc":{"Napisane przez":"Olga Stawicka-Iwanowska","Szacowany czas czytania":"11 minut"},"schema":{"@context":"https:\/\/schema.org","@graph":[{"@type":"Article","@id":"https:\/\/www.mojekonferencje.pl\/blog\/imprezy-integracyjne-podlaskie-najlepsze-oferty\/#article","isPartOf":{"@id":"https:\/\/www.mojekonferencje.pl\/blog\/imprezy-integracyjne-podlaskie-najlepsze-oferty\/"},"author":{"name":"Olga Stawicka-Iwanowska","@id":"https:\/\/www.mojekonferencje.pl\/blog\/#\/schema\/person\/d6751ca3c60de9ec17ee21b744bbb2d4"},"headline":"Imprezy integracyjne podlaskie &#8211; najlepsze oferty!","datePublished":"2024-05-21T15:47:00+00:00","dateModified":"2025-05-21T06:53:03+00:00","mainEntityOfPage":{"@id":"https:\/\/www.mojekonferencje.pl\/blog\/imprezy-integracyjne-podlaskie-najlepsze-oferty\/"},"wordCount":1763,"image":{"@id":"https:\/\/www.mojekonferencje.pl\/blog\/imprezy-integracyjne-podlaskie-najlepsze-oferty\/#primaryimage"},"thumbnailUrl":"https:\/\/www.mojekonferencje.pl\/blog\/wp-content\/uploads\/2024\/05\/Fotoram.io-79.jpg","keywords":["hotel","hotele","organizacja imprez","organizacja wydarze\u0144","wypady integracyjne"],"articleSection":["Porady","Travel","Wybieranie miejsca konferencyjnego"],"inLanguage":"pl-PL"},{"@type":"WebPage","@id":"https:\/\/www.mojekonferencje.pl\/blog\/imprezy-integracyjne-podlaskie-najlepsze-oferty\/","url":"https:\/\/www.mojekonferencje.pl\/blog\/imprezy-integracyjne-podlaskie-najlepsze-oferty\/","name":"Imprezy integracyjne podlaskie - najlepsze oferty! - blog | MojeKonferencje.pl","isPartOf":{"@id":"https:\/\/www.mojekonferencje.pl\/blog\/#website"},"primaryImageOfPage":{"@id":"https:\/\/www.mojekonferencje.pl\/blog\/imprezy-integracyjne-podlaskie-najlepsze-oferty\/#primaryimage"},"image":{"@id":"https:\/\/www.mojekonferencje.pl\/blog\/imprezy-integracyjne-podlaskie-najlepsze-oferty\/#primaryimage"},"thumbnailUrl":"https:\/\/www.mojekonferencje.pl\/blog\/wp-content\/uploads\/2024\/05\/Fotoram.io-79.jpg","datePublished":"2024-05-21T15:47:00+00:00","dateModified":"2025-05-21T06:53:03+00:00","author":{"@id":"https:\/\/www.mojekonferencje.pl\/blog\/#\/schema\/person\/d6751ca3c60de9ec17ee21b744bbb2d4"},"description":"Imprezy integracyjne podlaskie - najlepsze oferty! - blog | MojeKonferencje.pl","breadcrumb":{"@id":"https:\/\/www.mojekonferencje.pl\/blog\/imprezy-integracyjne-podlaskie-najlepsze-oferty\/#breadcrumb"},"inLanguage":"pl-PL","potentialAction":[{"@type":"ReadAction","target":["https:\/\/www.mojekonferencje.pl\/blog\/imprezy-integracyjne-podlaskie-najlepsze-oferty\/"]}]},{"@type":"ImageObject","inLanguage":"pl-PL","@id":"https:\/\/www.mojekonferencje.pl\/blog\/imprezy-integracyjne-podlaskie-najlepsze-oferty\/#primaryimage","url":"https:\/\/www.mojekonferencje.pl\/blog\/wp-content\/uploads\/2024\/05\/Fotoram.io-79.jpg","contentUrl":"https:\/\/www.mojekonferencje.pl\/blog\/wp-content\/uploads\/2024\/05\/Fotoram.io-79.jpg","width":1200,"height":720},{"@type":"BreadcrumbList","@id":"https:\/\/www.mojekonferencje.pl\/blog\/imprezy-integracyjne-podlaskie-najlepsze-oferty\/#breadcrumb","itemListElement":[{"@type":"ListItem","position":1,"name":"Strona g\u0142\u00f3wna","item":"https:\/\/www.mojekonferencje.pl\/blog\/"},{"@type":"ListItem","position":2,"name":"Imprezy integracyjne podlaskie &#8211; najlepsze oferty!"}]},{"@type":"WebSite","@id":"https:\/\/www.mojekonferencje.pl\/blog\/#website","url":"https:\/\/www.mojekonferencje.pl\/blog\/","name":"MojeKonferencje.pl","description":"Blog bran\u017cy szkoleniowo-konferencyjnej. W\u0142\u0105cz si\u0119 do dyskusji o obiektach konferencyjnych i nowo\u015bciach z bran\u017cy! Poznaj porady odno\u015bnie organizacji konferencji, szkole\u0144 i event\u00f3w firmowych! Zach\u0119camy do wyra\u017cania opinii oraz komentarzy.","potentialAction":[{"@type":"SearchAction","target":{"@type":"EntryPoint","urlTemplate":"https:\/\/www.mojekonferencje.pl\/blog\/?s={search_term_string}"},"query-input":{"@type":"PropertyValueSpecification","valueRequired":true,"valueName":"search_term_string"}}],"inLanguage":"pl-PL"},{"@type":"Person","@id":"https:\/\/www.mojekonferencje.pl\/blog\/#\/schema\/person\/d6751ca3c60de9ec17ee21b744bbb2d4","name":"Olga Stawicka-Iwanowska","description":"Head of Marketing z ponad sze\u015bcioletnim do\u015bwiadczeniem w bran\u017cy MICE. Na co dzie\u0144 zajmuje si\u0119 content marketingiem i promocj\u0105 obiekt\u00f3w eventowych, tak aby organizatorzy kongres\u00f3w, targ\u00f3w i konferencji wiedzieli, \u017ce w\u0142a\u015bnie tam warto zrealizowa\u0107 swoje wydarzenie. Prowadzi media spo\u0142eczno\u015bciowe, tworzy strategie komunikacji, pisze artyku\u0142y i dba o sp\u00f3jny wizerunek marki w ka\u017cdym kanale. W swojej pracy \u0142\u0105czy analityczne my\u015blenie z kreatywno\u015bci\u0105 i dobrym copy. Wsp\u00f3\u0142pracuje zar\u00f3wno z organizatorami najwi\u0119kszych wydarze\u0144 w Polsce, jak i z regionalnymi partnerami z bran\u017cy. Po godzinach mi\u0142o\u015bniczka podr\u00f3\u017cy po Europie, dobrej kuchni i klimatycznych miejsc, w kt\u00f3rych mo\u017cna z\u0142apa\u0107 oddech.","sameAs":["http:\/\/MojeKonferencje.pl","https:\/\/www.linkedin.com\/in\/olgastawicka\/"],"url":"https:\/\/www.mojekonferencje.pl\/blog\/author\/osawicka\/"}]}},"_links":{"self":[{"href":"https:\/\/www.mojekonferencje.pl\/blog\/wp-json\/wp\/v2\/posts\/5137","targetHints":{"allow":["GET"]}}],"collection":[{"href":"https:\/\/www.mojekonferencje.pl\/blog\/wp-json\/wp\/v2\/posts"}],"about":[{"href":"https:\/\/www.mojekonferencje.pl\/blog\/wp-json\/wp\/v2\/types\/post"}],"author":[{"embeddable":true,"href":"https:\/\/www.mojekonferencje.pl\/blog\/wp-json\/wp\/v2\/users\/9"}],"replies":[{"embeddable":true,"href":"https:\/\/www.mojekonferencje.pl\/blog\/wp-json\/wp\/v2\/comments?post=5137"}],"version-history":[{"count":5,"href":"https:\/\/www.mojekonferencje.pl\/blog\/wp-json\/wp\/v2\/posts\/5137\/revisions"}],"predecessor-version":[{"id":7258,"href":"https:\/\/www.mojekonferencje.pl\/blog\/wp-json\/wp\/v2\/posts\/5137\/revisions\/7258"}],"wp:featuredmedia":[{"embeddable":true,"href":"https:\/\/www.mojekonferencje.pl\/blog\/wp-json\/wp\/v2\/media\/5138"}],"wp:attachment":[{"href":"https:\/\/www.mojekonferencje.pl\/blog\/wp-json\/wp\/v2\/media?parent=5137"}],"wp:term":[{"taxonomy":"category","embeddable":true,"href":"https:\/\/www.mojekonferencje.pl\/blog\/wp-json\/wp\/v2\/categories?post=5137"},{"taxonomy":"post_tag","embeddable":true,"href":"https:\/\/www.mojekonferencje.pl\/blog\/wp-json\/wp\/v2\/tags?post=5137"}],"curies":[{"name":"wp","href":"https:\/\/api.w.org\/{rel}","templated":true}]}}