{"id":5251,"date":"2024-06-19T18:31:51","date_gmt":"2024-06-19T16:31:51","guid":{"rendered":"https:\/\/www.mojekonferencje.pl\/blog\/?p=5251"},"modified":"2024-06-22T18:55:02","modified_gmt":"2024-06-22T16:55:02","slug":"imprezy-integracyjne-swietokrzyskie-gdzie-zorganizowac-event","status":"publish","type":"post","link":"https:\/\/www.mojekonferencje.pl\/blog\/imprezy-integracyjne-swietokrzyskie-gdzie-zorganizowac-event\/","title":{"rendered":"Imprezy integracyjne \u015bwi\u0119tokrzyskie &#8211; gdzie zorganizowa\u0107 event?"},"content":{"rendered":"\n<p><strong>Organizacja imprez integracyjnych to nie tylko okazja do wzmocnienia relacji mi\u0119dzy pracownikami, ale tak\u017ce szansa na od\u015bwie\u017cenie atmosfery w zespole oraz na nowe inspiracje i pomys\u0142y. Wojew\u00f3dztwo \u015bwi\u0119tokrzyskie ze swoim malowniczym krajobrazem, bogat\u0105 histori\u0105 i r\u00f3\u017cnorodnymi atrakcjami, stanowi idealne miejsce do takich wydarze\u0144. To tutaj, w sercu Polski, mo\u017cna znale\u017a\u0107 niezwyk\u0142e miejsca, kt\u00f3re doskonale sprawdz\u0105 si\u0119 jako sceneria dla niezapomnianych spotka\u0144 biznesowych.<\/strong><\/p>\n\n\n\n<p>\u015awi\u0119tokrzyskie to nie tylko pi\u0119kne krajobrazy g\u00f3r czy Roztocza, ale tak\u017ce dynamicznie rozwijaj\u0105ce si\u0119 miasta takie jak Kielce czy Sandomierz, kt\u00f3re oferuj\u0105 nowoczesne infrastruktury konferencyjne i wyj\u0105tkowe miejsca na organizacj\u0119 event\u00f3w. Dzi\u0119ki dogodnemu po\u0142o\u017ceniu geograficznemu i dobrze rozwini\u0119tej sieci komunikacyjnej, wojew\u00f3dztwo to jest \u0142atwo dost\u0119pne z ka\u017cdego zak\u0105tka Polski, co czyni je doskona\u0142\u0105 lokalizacj\u0105 na spotkania biznesowe dla firm z r\u00f3\u017cnych region\u00f3w.<\/p>\n\n\n\n<p>W naszym przegl\u0105dzie <strong>najlepszych lokalizacji na imprezy integracyjne w wojew\u00f3dztwie \u015bwi\u0119tokrzyskim<\/strong> zaprezentujemy miejsca, kt\u00f3re nie tylko zachwyc\u0105 swoim urokiem, ale r\u00f3wnie\u017c zapewni\u0105 profesjonaln\u0105 obs\u0142ug\u0119 oraz unikalne do\u015bwiadczenia, kt\u00f3re umocni\u0105 zesp\u00f3\u0142. Zosta\u0144 z nami i poznaj wyj\u0105tkowe <a href=\"https:\/\/www.mojekonferencje.pl\/konferencje-swietokrzyskie\">hotele w wojew\u00f3dztwie \u015bwi\u0119tokrzyskim<\/a>, takie jak: <\/p>\n\n\n\n<figure class=\"wp-block-table\"><table><tbody><tr><td><a href=\"https:\/\/www.mojekonferencje.pl\/kielce\/odyssey-clubhotel--wellness--spa\">Odyssey ClubHotel Wellness &amp; SPA<\/a><\/td><td><a href=\"https:\/\/www.mojekonferencje.pl\/kielce\/hotel-pod-zlota-roza\">Hotel Pod Z\u0142ot\u0105 R\u00f3\u017c\u0105<\/a><\/td><\/tr><tr><td><a href=\"https:\/\/www.mojekonferencje.pl\/starachowice\/hotel-europa\">Hotel Europa Starachowice<\/a><\/td><td><a href=\"https:\/\/www.mojekonferencje.pl\/daleszyce-\/osrodek-lesny-dworek\">O\u015brodek Le\u015bny Dworek<\/a><\/td><\/tr><tr><td><a href=\"https:\/\/www.mojekonferencje.pl\/starachowice\/hotel-senator--centrum-konferencyjne--spa\">Hotel Senator Centrum Konferencyjne &amp; Spa<\/a><\/td><td><a href=\"https:\/\/www.mojekonferencje.pl\/wloszczowa\/villa-aromat-\">Villa Aromat<\/a><\/td><\/tr><tr><td><a href=\"https:\/\/www.mojekonferencje.pl\/kielce\/hotel-przedwiosnie\">Hotel Przedwio\u015bnie<\/a><\/td><td><a href=\"https:\/\/www.mojekonferencje.pl\/suchedniow\/hotel-paradiso\">Hotel Paradiso<\/a><\/td><\/tr><tr><td><a href=\"https:\/\/www.mojekonferencje.pl\/kielce\/binkowski-hotel\">BINKOWSKI RESORT Centrum konferencyjno-hotelowe<\/a><\/td><td><a href=\"https:\/\/www.mojekonferencje.pl\/pinczow\/osrodek-szkoleniowo-wypoczynko\">Zacisze Nad Nid\u0105 Resort<\/a><\/td><\/tr><\/tbody><\/table><\/figure>\n\n\n\n<h2 class=\"wp-block-heading has-text-align-center has-vivid-purple-color has-text-color has-link-color wp-elements-9e8f40aa40fcee638abf50991692d82f\"><a href=\"https:\/\/www.mojekonferencje.pl\/kielce\/odyssey-clubhotel--wellness--spa\"><span style=\"text-decoration: underline;\">Odyssey ClubHotel Wellness &amp; SPA<\/span><\/a><\/h2>\n\n\n\n<p>Ten <strong>obiekt na integracj\u0119 w \u015bwi\u0119tokrzyskim<\/strong> to oaza luksusu i wyrafinowanego komfortu, idealnie wkomponowana w malownicze krajobrazy \u015bwi\u0119tokrzyskich g\u00f3r. Znajduj\u0105cy si\u0119 na ich szczytach pi\u0119ciogwiazdkowy obiekt zachwyca nie tylko swoj\u0105 ekskluzywno\u015bci\u0105, ale tak\u017ce dyskretnym urokiem i naturalnym designem, kt\u00f3re tworz\u0105 atmosfer\u0119 intymno\u015bci i spokoju. Dzi\u0119ki nowoczesnej architekturze i wysokiej jako\u015bci wyposa\u017ceniu <strong>Odyssey <\/strong>doskonale sprawdza si\u0119 jako idealne miejsce do organizacji r\u00f3\u017cnorodnych wydarze\u0144 biznesowych. <\/p>\n\n\n\n<p>Trzy nowoczesne sale konferencyjne, usytuowane w centralnym punkcie hotelu, zapewniaj\u0105 doskona\u0142e warunki do przeprowadzania konferencji, szkole\u0144 czy biznesowych prezentacji. Odyssey w dodatku oferuje komfortowe pokoje z panoramicznymi widokami na okoliczne lasy i urokliwe Kielce. Gwarantuje te\u017c kompleksowe us\u0142ugi dodatkowe, zapewniaj\u0105ce pe\u0142n\u0105 relaksacj\u0119 i rozrywk\u0119. Dla mi\u0142o\u015bnik\u00f3w SPA przygotowano profesjonalne zabiegi kosmetologiczne oraz egzotyczne masa\u017ce inspirowane tradycjami z r\u00f3\u017cnych cz\u0119\u015bci \u015bwiata, pozwalaj\u0105c na pe\u0142ne odpr\u0119\u017cenie i regeneracj\u0119.<\/p>\n\n\n\n<figure class=\"wp-block-image size-large\"><a href=\"https:\/\/www.mojekonferencje.pl\/blog\/wp-content\/uploads\/2024\/06\/1-3-1.jpg\"><img loading=\"lazy\" decoding=\"async\" width=\"1024\" height=\"653\" src=\"https:\/\/www.mojekonferencje.pl\/blog\/wp-content\/uploads\/2024\/06\/1-3-1-1024x653.jpg\" alt=\"\" class=\"wp-image-5253 lazyload\" data-srcset=\"https:\/\/www.mojekonferencje.pl\/blog\/wp-content\/uploads\/2024\/06\/1-3-1-1024x653.jpg 1024w, https:\/\/www.mojekonferencje.pl\/blog\/wp-content\/uploads\/2024\/06\/1-3-1-300x191.jpg 300w, https:\/\/www.mojekonferencje.pl\/blog\/wp-content\/uploads\/2024\/06\/1-3-1-768x489.jpg 768w, https:\/\/www.mojekonferencje.pl\/blog\/wp-content\/uploads\/2024\/06\/1-3-1.jpg 1500w\" sizes=\"auto\" \/><\/a><\/figure>\n\n\n\n<h2 class=\"wp-block-heading has-text-align-center has-vivid-purple-color has-text-color has-link-color wp-elements-d328d7cfc740e2617250e7d0bd53f00b\"><a href=\"https:\/\/www.mojekonferencje.pl\/starachowice\/hotel-europa\"><span style=\"text-decoration: underline;\">Hotel Europa Starachowice<\/span><\/a><\/h2>\n\n\n\n<p>To niezr\u00f3wnane <strong>miejsce na organizacj\u0119 imprez integracyjnych i biznesowych w sercu G\u00f3r \u015awi\u0119tokrzyskich<\/strong>. Po\u0142o\u017cony w Starachowicach, przy g\u0142\u00f3wnej drodze do Radomia, zapewnia \u0142atwy dost\u0119p z ka\u017cdego miejsca Polski. Obiekt imponuje swoj\u0105 nowoczesn\u0105 infrastruktur\u0105 i rozleg\u0142ymi mo\u017cliwo\u015bciami organizacyjnymi. Z 9 salami konferencyjnymi, z kt\u00f3rych najwi\u0119ksza mo\u017ce pomie\u015bci\u0107 a\u017c 380 os\u00f3b, <strong>Hotel Europa<\/strong> jest najwi\u0119kszym obiektem hotelarskim w regionie, oferuj\u0105cym 380 miejsc noclegowych. Strefa Relaksu &amp; SPA to prawdziwy raj dla ka\u017cdego go\u015bcia. Opr\u00f3cz du\u017cej, bezchlorowej p\u0142ywalni z atrakcjami wodnymi, znajduj\u0105 si\u0119 tu jacuzzi wewn\u0119trzne i zewn\u0119trzne, sauny (fi\u0144ska i \u0142a\u017ania parowa), oraz taras letni z jacuzzi, zapewniaj\u0105ce pe\u0142en relaks i regeneracj\u0119.<\/p>\n\n\n\n<p> Mo\u017cliwo\u015b\u0107 korzystania z kortu do squash\u2019a, wypo\u017cyczenia sprz\u0119tu do nordic walking czy rower\u00f3w, pozwala na aktywny wypoczynek na \u015bwie\u017cym powietrzu. Dodatkowe atrakcje, takie jak Klub nocny Amsterdam czy kameralny Pub Dublin, pot\u0119guj\u0105 mo\u017cliwo\u015bci organizacyjne <strong>Hotelu Europa<\/strong>, tworz\u0105c przyjemn\u0105 atmosfer\u0119 zar\u00f3wno dla pracy, jak i relaksu po wydarzeniach biznesowych. Zielony teren o powierzchni 1200 m2 z zadaszon\u0105 altan\u0105 to idealne miejsce na organizacj\u0119 plenerowych spotka\u0144 integracyjnych dla nawet 300 os\u00f3b, uzupe\u0142niaj\u0105c bogat\u0105 ofert\u0119 tego wyj\u0105tkowego miejsca.<\/p>\n\n\n\n<figure class=\"wp-block-image size-large\"><a href=\"https:\/\/www.mojekonferencje.pl\/blog\/wp-content\/uploads\/2024\/06\/2-7-scaled.jpg\"><img loading=\"lazy\" decoding=\"async\" width=\"1024\" height=\"432\" src=\"https:\/\/www.mojekonferencje.pl\/blog\/wp-content\/uploads\/2024\/06\/2-7-1024x432.jpg\" alt=\"\" class=\"wp-image-5254 lazyload\" data-srcset=\"https:\/\/www.mojekonferencje.pl\/blog\/wp-content\/uploads\/2024\/06\/2-7-1024x432.jpg 1024w, https:\/\/www.mojekonferencje.pl\/blog\/wp-content\/uploads\/2024\/06\/2-7-300x127.jpg 300w, https:\/\/www.mojekonferencje.pl\/blog\/wp-content\/uploads\/2024\/06\/2-7-768x324.jpg 768w, https:\/\/www.mojekonferencje.pl\/blog\/wp-content\/uploads\/2024\/06\/2-7-1536x648.jpg 1536w, https:\/\/www.mojekonferencje.pl\/blog\/wp-content\/uploads\/2024\/06\/2-7-2048x864.jpg 2048w\" sizes=\"auto\" \/><\/a><\/figure>\n\n\n\n<h2 class=\"wp-block-heading has-text-align-center has-vivid-purple-color has-text-color has-link-color wp-elements-1b9dfb9d17d391d862a27873955871d2\"><a href=\"https:\/\/www.mojekonferencje.pl\/starachowice\/hotel-senator--centrum-konferencyjne--spa\"><span style=\"text-decoration: underline;\">Hotel Senator Centrum Konferencyjne &amp; Spa<\/span><\/a><\/h2>\n\n\n\n<p>Ten obiekt stanowi kolejne <strong>miejsce na organizacj\u0119 imprez integracyjnych w wojew\u00f3dztwie \u015bwi\u0119tokrzyskim<\/strong>. \u0141\u0105czy ono luksusowe zakwaterowanie, nowoczesne centrum konferencyjne oraz bogate zaplecze spa. Historia tego miejsca si\u0119ga 1995 roku, a dzi\u015b <strong>Hotel Senator<\/strong> rozwija si\u0119 jako kompleks oferuj\u0105cy 94 pokoje i apartamenty, w tym unikatowe apartamenty w stylu butikowym. Obiekt dysponuje siedmioma salami konferencyjnymi, w tym najwi\u0119ksz\u0105 mog\u0105c\u0105 pomie\u015bci\u0107 do 420 os\u00f3b, co czyni go idealnym miejscem na organizacj\u0119 zar\u00f3wno du\u017cych konferencji, jak i kameralnych spotka\u0144 biznesowych. Po intensywnym dniu pracy go\u015bcie mog\u0105 skorzysta\u0107 z luksusowego Centrum Dream Spa oraz Centrum Termalnego &#8222;Trzy Miot\u0142y&#8221;. <\/p>\n\n\n\n<p>Dream Spa oferuje szeroki wyb\u00f3r zabieg\u00f3w na ekskluzywnych kosmetykach Dr Ireny Eris. Zapewnia tak\u017ce relaksuj\u0105ce masa\u017ce, zapewniaj\u0105c pe\u0142n\u0105 regeneracj\u0119 cia\u0142a i umys\u0142u. Natomiast Centrum Termalne zach\u0119ca swoj\u0105 wyj\u0105tkow\u0105 atmosfer\u0105 i ofert\u0105, obejmuj\u0105c\u0105 basen ze \u015bciank\u0105 wspinaczkow\u0105, jacuzzi, groty solnej, sauny (fi\u0144sk\u0105 i parow\u0105), \u0142a\u017ani\u0119 b\u0142otn\u0105 oraz wypoczywalni\u0119 z barem.<strong> Hotel Senator <\/strong>to tak\u017ce doskona\u0142a gastronomiczna oferta w Restauracji Atrium z w\u0142asnym tarasem, idealna na uroczyste kolacje czy bankiety. Dodatkowo dla aktywnych hotel proponuje nowoczesn\u0105 si\u0142owni\u0119 oraz pole do minigolfa. Atrakcje te s\u0105 \u015bwietnymi opcjami na aktywne sp\u0119dzenie wolnego czasu po zako\u0144czeniu spotka\u0144. Nie brakuje tak\u017ce mo\u017cliwo\u015bci relaksu przy ognisku\/grillu, kt\u00f3re tworzy idealn\u0105 atmosfer\u0119 do nieformalnych spotka\u0144 i integracji zespo\u0142u.<\/p>\n\n\n\n<figure class=\"wp-block-image size-full\"><a href=\"https:\/\/www.mojekonferencje.pl\/blog\/wp-content\/uploads\/2024\/06\/3-6.jpg\"><img loading=\"lazy\" decoding=\"async\" width=\"960\" height=\"539\" src=\"https:\/\/www.mojekonferencje.pl\/blog\/wp-content\/uploads\/2024\/06\/3-6.jpg\" alt=\"\" class=\"wp-image-5255 lazyload\" data-srcset=\"https:\/\/www.mojekonferencje.pl\/blog\/wp-content\/uploads\/2024\/06\/3-6.jpg 960w, https:\/\/www.mojekonferencje.pl\/blog\/wp-content\/uploads\/2024\/06\/3-6-300x168.jpg 300w, https:\/\/www.mojekonferencje.pl\/blog\/wp-content\/uploads\/2024\/06\/3-6-768x431.jpg 768w, https:\/\/www.mojekonferencje.pl\/blog\/wp-content\/uploads\/2024\/06\/3-6-640x360.jpg 640w, https:\/\/www.mojekonferencje.pl\/blog\/wp-content\/uploads\/2024\/06\/3-6-320x180.jpg 320w, https:\/\/www.mojekonferencje.pl\/blog\/wp-content\/uploads\/2024\/06\/3-6-480x270.jpg 480w\" sizes=\"auto\" \/><\/a><\/figure>\n\n\n\n<h2 class=\"wp-block-heading has-text-align-center has-vivid-purple-color has-text-color has-link-color wp-elements-a01fd75727493f039819907ba819d9e3\"><a href=\"https:\/\/www.mojekonferencje.pl\/kielce\/hotel-przedwiosnie\"><span style=\"text-decoration: underline;\">Hotel Przedwio\u015bnie<\/span><\/a><\/h2>\n\n\n\n<p>Jest to wyj\u0105tkowy<strong> hotel w G\u00f3rach \u015awi\u0119tokrzyskich<\/strong>, stanowi\u0105cy idealne miejsce na organizacj\u0119 niezapomnianych imprez integracyjnych i biznesowych przez ca\u0142y rok. Hotel wyr\u00f3\u017cnia si\u0119 nie tylko wyj\u0105tkow\u0105 lokalizacj\u0105, ale tak\u017ce bogat\u0105 ofert\u0105 kulinarn\u0105. Szef Kuchni serwuje zar\u00f3wno tradycyjne dania polskie i regionalne przysmaki, ale tak\u017ce menu inspirowane kuchniami \u015bwiata, w tym niezwyk\u0142\u0105 kuchni\u0105 &#8222;fusion&#8221;. <\/p>\n\n\n\n<p>Ten hotel to tak\u017ce doskona\u0142e miejsce do organizacji konferencji, szkole\u0144, seminari\u00f3w oraz zjazd\u00f3w o charakterze mi\u0119dzynarodowym. Posiada on bogate do\u015bwiadczenie w obs\u0142udze takich wydarze\u0144, zapewniaj\u0105c profesjonalizm na ka\u017cdym etapie organizacji. Na go\u015bci czeka r\u00f3wnie\u017c szereg dodatkowych atrakcji. Mi\u0142o\u015bnicy relaksu mog\u0105 skorzysta\u0107 z sauny, zabieg\u00f3w masa\u017cu oraz brodzika dla maluch\u00f3w. Dla aktywnych sportowo przygotowano za\u015b kort tenisowy, boisko do siatk\u00f3wki, bilard oraz wyci\u0105gi narciarskie w okolicy.<\/p>\n\n\n\n<figure class=\"wp-block-image size-large\"><a href=\"https:\/\/www.mojekonferencje.pl\/blog\/wp-content\/uploads\/2024\/06\/4-7.jpg\"><img loading=\"lazy\" decoding=\"async\" width=\"1024\" height=\"575\" src=\"https:\/\/www.mojekonferencje.pl\/blog\/wp-content\/uploads\/2024\/06\/4-7-1024x575.jpg\" alt=\"\" class=\"wp-image-5256 lazyload\" data-srcset=\"https:\/\/www.mojekonferencje.pl\/blog\/wp-content\/uploads\/2024\/06\/4-7-1024x575.jpg 1024w, https:\/\/www.mojekonferencje.pl\/blog\/wp-content\/uploads\/2024\/06\/4-7-300x168.jpg 300w, https:\/\/www.mojekonferencje.pl\/blog\/wp-content\/uploads\/2024\/06\/4-7-768x431.jpg 768w, https:\/\/www.mojekonferencje.pl\/blog\/wp-content\/uploads\/2024\/06\/4-7-640x360.jpg 640w, https:\/\/www.mojekonferencje.pl\/blog\/wp-content\/uploads\/2024\/06\/4-7-320x180.jpg 320w, https:\/\/www.mojekonferencje.pl\/blog\/wp-content\/uploads\/2024\/06\/4-7-480x270.jpg 480w, https:\/\/www.mojekonferencje.pl\/blog\/wp-content\/uploads\/2024\/06\/4-7-960x540.jpg 960w, https:\/\/www.mojekonferencje.pl\/blog\/wp-content\/uploads\/2024\/06\/4-7-1280x720.jpg 1280w, https:\/\/www.mojekonferencje.pl\/blog\/wp-content\/uploads\/2024\/06\/4-7.jpg 1400w\" sizes=\"auto\" \/><\/a><\/figure>\n\n\n\n<h2 class=\"wp-block-heading has-text-align-center has-vivid-purple-color has-text-color has-link-color wp-elements-8a25bb2f88df7ec28fc958634f766608\"><a href=\"https:\/\/www.mojekonferencje.pl\/kielce\/binkowski-hotel\"><span style=\"text-decoration: underline;\">BINKOWSKI RESORT Centrum konferencyjno-hotelowe<\/span><\/a><\/h2>\n\n\n\n<p>\u00d3w<strong> hotel na integracj\u0119 w \u015bwi\u0119tokrzyskim<\/strong> to prawdziwa pere\u0142ka w\u015br\u00f3d obiekt\u00f3w hotelowo-konferencyjnych w G\u00f3rach \u015awi\u0119tokrzyskich. Zapewnia on nowoczesn\u0105 infrastruktur\u0119 oraz unikaln\u0105 lokalizacj\u0119 w sercu Polski. Zaledwie 2,5 godziny drogi samochodem dziel\u0105 go od najwi\u0119kszych miast jak Warszawa, Krak\u00f3w czy \u0141\u00f3d\u017a. To czyni nas idealnym miejscem na organizacj\u0119 r\u00f3\u017cnorodnych wydarze\u0144 biznesowych i integracyjnych. <\/p>\n\n\n\n<p>Jego atutem jest 12 w pe\u0142ni wyposa\u017conych sal konferencyjnych oraz 3 sale bankietowe. Umo\u017cliwiaj\u0105 one elastyczne aran\u017cacje od kameralnych spotka\u0144 po konferencje dla ponad 1000 os\u00f3b. Dodatkowo oferuje on klub muzyczny i ogr\u00f3d grillowy, idealne na wieczorne spotkania integracyjne. <strong>Binkowski Resort<\/strong> to tak\u017ce oaza relaksu dzi\u0119ki bogatej strefie wellness z basenem, \u015bwiatem saun, si\u0142owni\u0105, kortem do squasha, SPA oraz mo\u017cliwo\u015bci\u0105 gry w tenisa sto\u0142owego czy bilard.<\/p>\n\n\n\n<figure class=\"wp-block-image size-full\"><a href=\"https:\/\/www.mojekonferencje.pl\/blog\/wp-content\/uploads\/2024\/06\/5-7.jpg\"><img loading=\"lazy\" decoding=\"async\" width=\"960\" height=\"580\" src=\"https:\/\/www.mojekonferencje.pl\/blog\/wp-content\/uploads\/2024\/06\/5-7.jpg\" alt=\"\" class=\"wp-image-5257 lazyload\" data-srcset=\"https:\/\/www.mojekonferencje.pl\/blog\/wp-content\/uploads\/2024\/06\/5-7.jpg 960w, https:\/\/www.mojekonferencje.pl\/blog\/wp-content\/uploads\/2024\/06\/5-7-300x181.jpg 300w, https:\/\/www.mojekonferencje.pl\/blog\/wp-content\/uploads\/2024\/06\/5-7-768x464.jpg 768w\" sizes=\"auto\" \/><\/a><\/figure>\n\n\n\n<h2 class=\"wp-block-heading has-text-align-center has-vivid-purple-color has-text-color has-link-color wp-elements-5465fe2c44d1ad7624c1323c3838dd87\"><a href=\"https:\/\/www.mojekonferencje.pl\/kielce\/hotel-pod-zlota-roza\"><span style=\"text-decoration: underline;\">Hotel Pod Z\u0142ot\u0105 R\u00f3\u017c\u0105<\/span><\/a><\/h2>\n\n\n\n<p>Przegl\u0105daj\u0105c najlepsze<strong> hotele na imprezy integracyjne w \u015bwi\u0119tokrzyskim <\/strong>nie mo\u017cesz pomin\u0105\u0107 <strong>Hotelu Pod Z\u0142ot\u0105 R\u00f3\u017c\u0105<\/strong>! Po generalnym remoncie we wrze\u015bniu 2018 roku oferuje on nowoczesno\u015b\u0107 i komfort w sercu Kielc. Po\u0142o\u017cony w zacisznej cz\u0119\u015bci centrum miasta hotel gwarantuje doskona\u0142e warunki do organizacji szkole\u0144, konferencji oraz spotka\u0144 biznesowych i towarzyskich. Dla firm poszukuj\u0105cych profesjonalnych sal konferencyjnych proponuje on dwie klimatyzowane sale. Wyposa\u017cone s\u0105 w nowoczesny sprz\u0119t audio-wizualny i dost\u0119p do szybkiego Internetu. <\/p>\n\n\n\n<p>Stylowa architektura obiektu oraz elastyczno\u015b\u0107 aran\u017cacyjna pozwalaj\u0105 na organizacj\u0119 r\u00f3\u017cnorodnych wydarze\u0144, zapewniaj\u0105c komfort i funkcjonalno\u015b\u0107 na ka\u017cdym etapie. Przestronne pokoje urz\u0105dzone s\u0105 w nowoczesnym stylu, \u0142\u0105cz\u0105cym elegancj\u0119 z funkcjonalno\u015bci\u0105. Podczas chwil odpoczynku warto skorzysta\u0107 z hotelowej sauny oraz mini si\u0142owni.<\/p>\n\n\n\n<figure class=\"wp-block-image size-full\"><a href=\"https:\/\/www.mojekonferencje.pl\/blog\/wp-content\/uploads\/2024\/06\/6-5.jpg\"><img loading=\"lazy\" decoding=\"async\" width=\"960\" height=\"580\" src=\"https:\/\/www.mojekonferencje.pl\/blog\/wp-content\/uploads\/2024\/06\/6-5.jpg\" alt=\"\" class=\"wp-image-5258 lazyload\" data-srcset=\"https:\/\/www.mojekonferencje.pl\/blog\/wp-content\/uploads\/2024\/06\/6-5.jpg 960w, https:\/\/www.mojekonferencje.pl\/blog\/wp-content\/uploads\/2024\/06\/6-5-300x181.jpg 300w, https:\/\/www.mojekonferencje.pl\/blog\/wp-content\/uploads\/2024\/06\/6-5-768x464.jpg 768w\" sizes=\"auto\" \/><\/a><\/figure>\n\n\n\n<h2 class=\"wp-block-heading has-text-align-center has-vivid-purple-color has-text-color has-link-color wp-elements-12790106e2f90f127436d6c2e3a878d3\"><a href=\"https:\/\/www.mojekonferencje.pl\/daleszyce-\/osrodek-lesny-dworek\"><span style=\"text-decoration: underline;\">O\u015brodek Le\u015bny Dworek<\/span><\/a><\/h2>\n\n\n\n<p>Zach\u0119camy r\u00f3wnie\u017c do skorzystania z oferty trzygwiazdkowego <strong>Le\u015bnego Dworka<\/strong>, malowniczo po\u0142o\u017conego w spokojnej okolicy G\u00f3r \u015awi\u0119tokrzyskich. Otoczony pi\u0119knym Cisowsko-Or\u0142owi\u0144skim parkiem krajobrazowym oferuje niepowtarzaln\u0105 atmosfer\u0119 blisko\u015bci z natur\u0105 oraz \u015bwie\u017ce powietrze, idealne na relaks i regeneracj\u0119. Dzi\u0119ki podzia\u0142owi na dwa budynki, Ma\u0142y i Du\u017cy Dworek, kompleks mo\u017ce pomie\u015bci\u0107 du\u017ce grupy os\u00f3b. Zapewnia jednocze\u015bnie intymno\u015b\u0107 i cichy charakter otoczenia. Jest to idealne miejsce nie tylko na konferencje i szkolenia, ale tak\u017ce na rodzinne wypady oraz imprezy integracyjne, z dala od miejskiego zgie\u0142ku. <\/p>\n\n\n\n<p>Oferuje on dwie komfortowo wyposa\u017cone sale konferencyjne, kt\u00f3re s\u0105 doskona\u0142ym miejscem do organizacji spotka\u0144 biznesowych. Jego 32 pokoje zapewniaj\u0105 nocleg dla oko\u0142o 80 os\u00f3b, co czyni lokalizacj\u0119 idealn\u0105 na wydarzenia wieloosobowe. <strong>Le\u015bny Dworek<\/strong> to tak\u017ce oaza dla mi\u0142o\u015bnik\u00f3w aktywnego wypoczynku na \u015bwie\u017cym powietrzu. Le\u015bna altanka z kominkowym grillem oraz urokliwy ogr\u00f3d to doskona\u0142e miejsca na relaksuj\u0105ce spotkania towarzyskie i wieczorne ogniska. Dodatkowo nasz teren jest wzbogacony o atrakcje, takie jak wodna kaskada, oczko wodne z kolorowymi rybami oraz plac zabaw dla dzieci.<\/p>\n\n\n\n<figure class=\"wp-block-image size-large\"><a href=\"https:\/\/www.mojekonferencje.pl\/blog\/wp-content\/uploads\/2024\/06\/zrzut-ekranu-2022-08-11-194715.png\"><img loading=\"lazy\" decoding=\"async\" width=\"1024\" height=\"674\" src=\"https:\/\/www.mojekonferencje.pl\/blog\/wp-content\/uploads\/2024\/06\/zrzut-ekranu-2022-08-11-194715-1024x674.png\" alt=\"\" class=\"wp-image-5263 lazyload\" data-srcset=\"https:\/\/www.mojekonferencje.pl\/blog\/wp-content\/uploads\/2024\/06\/zrzut-ekranu-2022-08-11-194715-1024x674.png 1024w, https:\/\/www.mojekonferencje.pl\/blog\/wp-content\/uploads\/2024\/06\/zrzut-ekranu-2022-08-11-194715-300x197.png 300w, https:\/\/www.mojekonferencje.pl\/blog\/wp-content\/uploads\/2024\/06\/zrzut-ekranu-2022-08-11-194715-768x505.png 768w, https:\/\/www.mojekonferencje.pl\/blog\/wp-content\/uploads\/2024\/06\/zrzut-ekranu-2022-08-11-194715.png 1053w\" sizes=\"auto\" \/><\/a><\/figure>\n\n\n\n<h2 class=\"wp-block-heading has-text-align-center has-vivid-purple-color has-text-color has-link-color wp-elements-bc114d4ebab344c1237d9d7c93a1d2a1\"><a href=\"https:\/\/www.mojekonferencje.pl\/wloszczowa\/villa-aromat-\"><span style=\"text-decoration: underline;\">Villa Aromat<\/span><\/a><\/h2>\n\n\n\n<p>Na <strong>imprezy integracyjne w woj. \u015bwi\u0119tokrzyskim<\/strong> \u015bwietnie sprawdzi si\u0119 <strong>Villa Aromat<\/strong>! Zach\u0119camy do zapoznania si\u0119 z ofert\u0105 tego eleganckiego hotelu, pubu i restauracji w malowniczej W\u0142oszczowie. Komfort spotyka si\u0119 tam z najwy\u017cszym standardem obs\u0142ugi. Obiekt zapewnia nie tylko luksusowy wypoczynek w eleganckich pokojach z bezp\u0142atnym dost\u0119pem do Internetu. Gwarantuje r\u00f3wnie\u017c doskona\u0142\u0105 baz\u0119 dla klient\u00f3w biznesowych. Trzy nowoczesne sale konferencyjne s\u0105 idealnym miejscem na organizacj\u0119 spotka\u0144, szkole\u0144 czy konferencji, zapewniaj\u0105c wysoki poziom wyposa\u017cenia i profesjonaln\u0105 obs\u0142ug\u0119. <\/p>\n\n\n\n<p><strong>Villa Aromat<\/strong> dysponuje 24 pokojami, w tym pokojami jedno-, dwu- oraz czteroosobowymi, a tak\u017ce ekskluzywnymi pokojami VIP o podwy\u017cszonym standardzie. Jego restauracja to prawdziwa uczta dla podniebienia. Serwuje wyborne dania kuchni polskiej i europejskiej, przygotowywane z naj\u015bwie\u017cszych sk\u0142adnik\u00f3w i aromatycznych zi\u00f3\u0142. Na chc\u0105cych odpr\u0119\u017cy\u0107 si\u0119 po intensywnym dniu czeka Mini SPA z masa\u017cami wodnymi i saun\u0105. Wieczorem warto skorzysta\u0107 za to z hotelowego Pubu Carpe Diem, gdzie mo\u017cna w mi\u0142ej atmosferze odpocz\u0105\u0107 przy ulubionym drinku.<\/p>\n\n\n\n<figure class=\"wp-block-image size-full\"><a href=\"https:\/\/www.mojekonferencje.pl\/blog\/wp-content\/uploads\/2024\/06\/8-7.jpg\"><img loading=\"lazy\" decoding=\"async\" width=\"960\" height=\"580\" src=\"https:\/\/www.mojekonferencje.pl\/blog\/wp-content\/uploads\/2024\/06\/8-7.jpg\" alt=\"\" class=\"wp-image-5264 lazyload\" data-srcset=\"https:\/\/www.mojekonferencje.pl\/blog\/wp-content\/uploads\/2024\/06\/8-7.jpg 960w, https:\/\/www.mojekonferencje.pl\/blog\/wp-content\/uploads\/2024\/06\/8-7-300x181.jpg 300w, https:\/\/www.mojekonferencje.pl\/blog\/wp-content\/uploads\/2024\/06\/8-7-768x464.jpg 768w\" sizes=\"auto\" \/><\/a><\/figure>\n\n\n\n<h2 class=\"wp-block-heading has-text-align-center has-vivid-purple-color has-text-color has-link-color wp-elements-a57b67969557b4b39c20c9560b11c7f6\"><a href=\"https:\/\/www.mojekonferencje.pl\/suchedniow\/hotel-paradiso\"><span style=\"text-decoration: underline;\">Hotel Paradiso<\/span><\/a><\/h2>\n\n\n\n<p>Ten <strong>hotel w wojew\u00f3dztwie \u015bwi\u0119tokrzyskim<\/strong> na integracj\u0119 to 3-gwiazdkowy obiekt w sercu malowniczej Suchedniowa, otoczony pi\u0119knymi lasami Suchedniowsko-Obl\u0119gorskiego Parku Krajobrazowego. Jednym z g\u0142\u00f3wnych atut\u00f3w <strong>Hotelu Paradiso<\/strong> jest jego wyj\u0105tkowa lokalizacja. Znajduje si\u0119 niedaleko ekspresowej drogi S-7, co zapewnia \u0142atwy i szybki dojazd dla wszystkich go\u015bci. Obiekt oferuje komfortowe pokoje, klimatyczn\u0105 restauracj\u0119 specjalizuj\u0105c\u0105 si\u0119 w daniach kuchni polskiej oraz mi\u0119dzynarodowej, a tak\u017ce ch\u0119tnie odwiedzan\u0105 chat\u0119 grillow\u0105, drink-bar i przepi\u0119kny, przestronny ogr\u00f3d z ro\u015blinno\u015bci\u0105, oczkiem wodnym i kaskadami. <\/p>\n\n\n\n<p>Dla firm i organizator\u00f3w event\u00f3w<strong> Hotel Paradiso <\/strong>proponuje profesjonalne zaplecze konferencyjne. Dysponuje on czterema klimatyzowanymi salami o r\u00f3\u017cnych wielko\u015bciach, kt\u00f3re mog\u0105 pomie\u015bci\u0107 od 20 do 300 os\u00f3b. Dodatkowo go\u015bcie mog\u0105 korzysta\u0107 z licznych atrakcji i udogodnie\u0144. S\u0105 to m.in.: restauracja z szerok\u0105 gam\u0105 da\u0144 kulinarnych, drink-bar, oraz Grill House z mo\u017cliwo\u015bci\u0105 organizacji imprez dla nawet 500 os\u00f3b.<\/p>\n\n\n\n<figure class=\"wp-block-image size-full\"><a href=\"https:\/\/www.mojekonferencje.pl\/blog\/wp-content\/uploads\/2024\/06\/9-6.jpg\"><img loading=\"lazy\" decoding=\"async\" width=\"960\" height=\"580\" src=\"https:\/\/www.mojekonferencje.pl\/blog\/wp-content\/uploads\/2024\/06\/9-6.jpg\" alt=\"\" class=\"wp-image-5265 lazyload\" data-srcset=\"https:\/\/www.mojekonferencje.pl\/blog\/wp-content\/uploads\/2024\/06\/9-6.jpg 960w, https:\/\/www.mojekonferencje.pl\/blog\/wp-content\/uploads\/2024\/06\/9-6-300x181.jpg 300w, https:\/\/www.mojekonferencje.pl\/blog\/wp-content\/uploads\/2024\/06\/9-6-768x464.jpg 768w\" sizes=\"auto\" \/><\/a><\/figure>\n\n\n\n<h2 class=\"wp-block-heading has-text-align-center has-vivid-purple-color has-text-color has-link-color wp-elements-387120eed925317cedc1b5e534372051\"><a href=\"https:\/\/www.mojekonferencje.pl\/pinczow\/osrodek-szkoleniowo-wypoczynko\"><span style=\"text-decoration: underline;\">Zacisze Nad Nid\u0105 Resort<\/span><\/a><\/h2>\n\n\n\n<p>Nie mo\u017cesz pomin\u0105\u0107 te\u017c tego urokliwego miejsca po\u0142o\u017conego w malowniczej dolinie rzeki Nidy, otoczonego Nadnidzia\u0144skim Parkiem Krajobrazowym. Le\u017cy on niedaleko Pi\u0144czowa i uzdrowiska Busko-Zdr\u00f3j. Jednym z g\u0142\u00f3wnych atut\u00f3w <strong>Zacisza Nad Nid\u0105 Resort<\/strong> jest jego spokojna lokalizacja. Sprzyja ona zar\u00f3wno pracy, jak i relaksowi w otoczeniu natury. Jego kompleksowo wyposa\u017cone sale konferencyjne zapewniaj\u0105 komfort i funkcjonalno\u015b\u0107, idealne na r\u00f3\u017cnego rodzaju spotkania biznesowe. Oferuje on 70 miejsc noclegowych w komfortowych pokojach, kt\u00f3re s\u0105 oaz\u0105 spokoju po intensywnym dniu. <\/p>\n\n\n\n<p>Restauracja Heksagon zachwyci nawet najbardziej wymagaj\u0105ce podniebienia, serwuj\u0105c wykwintne dania kuchni europejskiej oraz regionalne specja\u0142y. Dodatkowo <strong>Zacisze Nad Nid\u0105 Resort<\/strong> oferuje bogat\u0105 ofert\u0119 dodatkowych atrakcji. Strefa Relaksu to miejsce stworzone do odpr\u0119\u017cenia cia\u0142a i umys\u0142u. Wyposa\u017cone jest m.in. w balie z gor\u0105c\u0105 wod\u0105 z drewna sosnowego, skandynawsk\u0105 saun\u0119 w beczce oraz stref\u0119 chilloutu. Dla aktywnych go\u015bci przygotowano z kolei wypo\u017cyczalni\u0119 kajak\u00f3w i rower\u00f3w, idealnych do zwiedzania okolicznych tras.<\/p>\n\n\n\n<figure class=\"wp-block-image size-full\"><a href=\"https:\/\/www.mojekonferencje.pl\/blog\/wp-content\/uploads\/2024\/06\/10-7.jpg\"><img loading=\"lazy\" decoding=\"async\" width=\"722\" height=\"487\" src=\"https:\/\/www.mojekonferencje.pl\/blog\/wp-content\/uploads\/2024\/06\/10-7.jpg\" alt=\"\" class=\"wp-image-5262 lazyload\" data-srcset=\"https:\/\/www.mojekonferencje.pl\/blog\/wp-content\/uploads\/2024\/06\/10-7.jpg 722w, https:\/\/www.mojekonferencje.pl\/blog\/wp-content\/uploads\/2024\/06\/10-7-300x202.jpg 300w, https:\/\/www.mojekonferencje.pl\/blog\/wp-content\/uploads\/2024\/06\/10-7-720x487.jpg 720w\" sizes=\"auto\" \/><\/a><\/figure>\n","protected":false},"excerpt":{"rendered":"<p>Imprezy integracyjne w \u015bwi\u0119tokrzyskim &#8211; odkryj idealne miejsce na event! Malownicze krajobrazy, bogata historia i nowoczesna infrastruktura.<\/p>\n","protected":false},"author":9,"featured_media":5252,"comment_status":"closed","ping_status":"closed","sticky":false,"template":"","format":"standard","meta":{"_acf_changed":false,"footnotes":""},"categories":[8,175],"tags":[368,367,271,353,354,26],"class_list":["post-5251","post","type-post","status-publish","format-standard","has-post-thumbnail","hentry","category-porady","category-wybieranie-miejsca-konferencyjnego","tag-hotel","tag-hotele","tag-hotele-konferencyjne","tag-organizacja-imprez","tag-organizacja-wydarzen","tag-wypady-integracyjne"],"acf":[],"yoast_head":"<!-- This site is optimized with the Yoast SEO plugin v27.1.1 - https:\/\/yoast.com\/product\/yoast-seo-wordpress\/ -->\n<title>Imprezy integracyjne \u015bwi\u0119tokrzyskie - gdzie zorganizowa\u0107 event? - blog | MojeKonferencje.pl<\/title>\n<meta name=\"description\" content=\"Imprezy integracyjne \u015bwi\u0119tokrzyskie - gdzie zorganizowa\u0107 event? - blog | MojeKonferencje.pl\" \/>\n<meta name=\"robots\" content=\"index, follow, max-snippet:-1, max-image-preview:large, max-video-preview:-1\" \/>\n<link rel=\"canonical\" href=\"https:\/\/www.mojekonferencje.pl\/blog\/imprezy-integracyjne-swietokrzyskie-gdzie-zorganizowac-event\/\" \/>\n<meta property=\"og:locale\" content=\"pl_PL\" \/>\n<meta property=\"og:type\" content=\"article\" \/>\n<meta property=\"og:title\" content=\"Imprezy integracyjne \u015bwi\u0119tokrzyskie - gdzie zorganizowa\u0107 event? - blog | MojeKonferencje.pl\" \/>\n<meta property=\"og:description\" content=\"Imprezy integracyjne \u015bwi\u0119tokrzyskie - gdzie zorganizowa\u0107 event? - blog | MojeKonferencje.pl\" \/>\n<meta property=\"og:url\" content=\"https:\/\/www.mojekonferencje.pl\/blog\/imprezy-integracyjne-swietokrzyskie-gdzie-zorganizowac-event\/\" \/>\n<meta property=\"og:site_name\" content=\"MojeKonferencje.pl\" \/>\n<meta property=\"article:published_time\" content=\"2024-06-19T16:31:51+00:00\" \/>\n<meta property=\"article:modified_time\" content=\"2024-06-22T16:55:02+00:00\" \/>\n<meta property=\"og:image\" content=\"https:\/\/www.mojekonferencje.pl\/blog\/wp-content\/uploads\/2024\/06\/Fotoram.io-88.jpg\" \/>\n\t<meta property=\"og:image:width\" content=\"1200\" \/>\n\t<meta property=\"og:image:height\" content=\"720\" \/>\n\t<meta property=\"og:image:type\" content=\"image\/jpeg\" \/>\n<meta name=\"author\" content=\"Olga Stawicka-Iwanowska\" \/>\n<meta name=\"twitter:card\" content=\"summary_large_image\" \/>\n<meta name=\"twitter:label1\" content=\"Napisane przez\" \/>\n\t<meta name=\"twitter:data1\" content=\"Olga Stawicka-Iwanowska\" \/>\n\t<meta name=\"twitter:label2\" content=\"Szacowany czas czytania\" \/>\n\t<meta name=\"twitter:data2\" content=\"13 minut\" \/>\n<script type=\"application\/ld+json\" class=\"yoast-schema-graph\">{\"@context\":\"https:\/\/schema.org\",\"@graph\":[{\"@type\":\"Article\",\"@id\":\"https:\/\/www.mojekonferencje.pl\/blog\/imprezy-integracyjne-swietokrzyskie-gdzie-zorganizowac-event\/#article\",\"isPartOf\":{\"@id\":\"https:\/\/www.mojekonferencje.pl\/blog\/imprezy-integracyjne-swietokrzyskie-gdzie-zorganizowac-event\/\"},\"author\":{\"name\":\"Olga Stawicka-Iwanowska\",\"@id\":\"https:\/\/www.mojekonferencje.pl\/blog\/#\/schema\/person\/d6751ca3c60de9ec17ee21b744bbb2d4\"},\"headline\":\"Imprezy integracyjne \u015bwi\u0119tokrzyskie &#8211; gdzie zorganizowa\u0107 event?\",\"datePublished\":\"2024-06-19T16:31:51+00:00\",\"dateModified\":\"2024-06-22T16:55:02+00:00\",\"mainEntityOfPage\":{\"@id\":\"https:\/\/www.mojekonferencje.pl\/blog\/imprezy-integracyjne-swietokrzyskie-gdzie-zorganizowac-event\/\"},\"wordCount\":2011,\"image\":{\"@id\":\"https:\/\/www.mojekonferencje.pl\/blog\/imprezy-integracyjne-swietokrzyskie-gdzie-zorganizowac-event\/#primaryimage\"},\"thumbnailUrl\":\"https:\/\/www.mojekonferencje.pl\/blog\/wp-content\/uploads\/2024\/06\/Fotoram.io-88.jpg\",\"keywords\":[\"hotel\",\"hotele\",\"hotele konferencyjne\",\"organizacja imprez\",\"organizacja wydarze\u0144\",\"wypady integracyjne\"],\"articleSection\":[\"Porady\",\"Wybieranie miejsca konferencyjnego\"],\"inLanguage\":\"pl-PL\"},{\"@type\":\"WebPage\",\"@id\":\"https:\/\/www.mojekonferencje.pl\/blog\/imprezy-integracyjne-swietokrzyskie-gdzie-zorganizowac-event\/\",\"url\":\"https:\/\/www.mojekonferencje.pl\/blog\/imprezy-integracyjne-swietokrzyskie-gdzie-zorganizowac-event\/\",\"name\":\"Imprezy integracyjne \u015bwi\u0119tokrzyskie - gdzie zorganizowa\u0107 event? - blog | MojeKonferencje.pl\",\"isPartOf\":{\"@id\":\"https:\/\/www.mojekonferencje.pl\/blog\/#website\"},\"primaryImageOfPage\":{\"@id\":\"https:\/\/www.mojekonferencje.pl\/blog\/imprezy-integracyjne-swietokrzyskie-gdzie-zorganizowac-event\/#primaryimage\"},\"image\":{\"@id\":\"https:\/\/www.mojekonferencje.pl\/blog\/imprezy-integracyjne-swietokrzyskie-gdzie-zorganizowac-event\/#primaryimage\"},\"thumbnailUrl\":\"https:\/\/www.mojekonferencje.pl\/blog\/wp-content\/uploads\/2024\/06\/Fotoram.io-88.jpg\",\"datePublished\":\"2024-06-19T16:31:51+00:00\",\"dateModified\":\"2024-06-22T16:55:02+00:00\",\"author\":{\"@id\":\"https:\/\/www.mojekonferencje.pl\/blog\/#\/schema\/person\/d6751ca3c60de9ec17ee21b744bbb2d4\"},\"description\":\"Imprezy integracyjne \u015bwi\u0119tokrzyskie - gdzie zorganizowa\u0107 event? - blog | MojeKonferencje.pl\",\"breadcrumb\":{\"@id\":\"https:\/\/www.mojekonferencje.pl\/blog\/imprezy-integracyjne-swietokrzyskie-gdzie-zorganizowac-event\/#breadcrumb\"},\"inLanguage\":\"pl-PL\",\"potentialAction\":[{\"@type\":\"ReadAction\",\"target\":[\"https:\/\/www.mojekonferencje.pl\/blog\/imprezy-integracyjne-swietokrzyskie-gdzie-zorganizowac-event\/\"]}]},{\"@type\":\"ImageObject\",\"inLanguage\":\"pl-PL\",\"@id\":\"https:\/\/www.mojekonferencje.pl\/blog\/imprezy-integracyjne-swietokrzyskie-gdzie-zorganizowac-event\/#primaryimage\",\"url\":\"https:\/\/www.mojekonferencje.pl\/blog\/wp-content\/uploads\/2024\/06\/Fotoram.io-88.jpg\",\"contentUrl\":\"https:\/\/www.mojekonferencje.pl\/blog\/wp-content\/uploads\/2024\/06\/Fotoram.io-88.jpg\",\"width\":1200,\"height\":720},{\"@type\":\"BreadcrumbList\",\"@id\":\"https:\/\/www.mojekonferencje.pl\/blog\/imprezy-integracyjne-swietokrzyskie-gdzie-zorganizowac-event\/#breadcrumb\",\"itemListElement\":[{\"@type\":\"ListItem\",\"position\":1,\"name\":\"Strona g\u0142\u00f3wna\",\"item\":\"https:\/\/www.mojekonferencje.pl\/blog\/\"},{\"@type\":\"ListItem\",\"position\":2,\"name\":\"Imprezy integracyjne \u015bwi\u0119tokrzyskie &#8211; gdzie zorganizowa\u0107 event?\"}]},{\"@type\":\"WebSite\",\"@id\":\"https:\/\/www.mojekonferencje.pl\/blog\/#website\",\"url\":\"https:\/\/www.mojekonferencje.pl\/blog\/\",\"name\":\"MojeKonferencje.pl\",\"description\":\"Blog bran\u017cy szkoleniowo-konferencyjnej. W\u0142\u0105cz si\u0119 do dyskusji o obiektach konferencyjnych i nowo\u015bciach z bran\u017cy! Poznaj porady odno\u015bnie organizacji konferencji, szkole\u0144 i event\u00f3w firmowych! Zach\u0119camy do wyra\u017cania opinii oraz komentarzy.\",\"potentialAction\":[{\"@type\":\"SearchAction\",\"target\":{\"@type\":\"EntryPoint\",\"urlTemplate\":\"https:\/\/www.mojekonferencje.pl\/blog\/?s={search_term_string}\"},\"query-input\":{\"@type\":\"PropertyValueSpecification\",\"valueRequired\":true,\"valueName\":\"search_term_string\"}}],\"inLanguage\":\"pl-PL\"},{\"@type\":\"Person\",\"@id\":\"https:\/\/www.mojekonferencje.pl\/blog\/#\/schema\/person\/d6751ca3c60de9ec17ee21b744bbb2d4\",\"name\":\"Olga Stawicka-Iwanowska\",\"description\":\"Head of Marketing z ponad sze\u015bcioletnim do\u015bwiadczeniem w bran\u017cy MICE. Na co dzie\u0144 zajmuje si\u0119 content marketingiem i promocj\u0105 obiekt\u00f3w eventowych, tak aby organizatorzy kongres\u00f3w, targ\u00f3w i konferencji wiedzieli, \u017ce w\u0142a\u015bnie tam warto zrealizowa\u0107 swoje wydarzenie. Prowadzi media spo\u0142eczno\u015bciowe, tworzy strategie komunikacji, pisze artyku\u0142y i dba o sp\u00f3jny wizerunek marki w ka\u017cdym kanale. W swojej pracy \u0142\u0105czy analityczne my\u015blenie z kreatywno\u015bci\u0105 i dobrym copy. Wsp\u00f3\u0142pracuje zar\u00f3wno z organizatorami najwi\u0119kszych wydarze\u0144 w Polsce, jak i z regionalnymi partnerami z bran\u017cy. Po godzinach mi\u0142o\u015bniczka podr\u00f3\u017cy po Europie, dobrej kuchni i klimatycznych miejsc, w kt\u00f3rych mo\u017cna z\u0142apa\u0107 oddech.\",\"sameAs\":[\"http:\/\/MojeKonferencje.pl\",\"https:\/\/www.linkedin.com\/in\/olgastawicka\/\"],\"url\":\"https:\/\/www.mojekonferencje.pl\/blog\/author\/osawicka\/\"}]}<\/script>\n<!-- \/ Yoast SEO plugin. -->","yoast_head_json":{"title":"Imprezy integracyjne \u015bwi\u0119tokrzyskie - gdzie zorganizowa\u0107 event? - blog | MojeKonferencje.pl","description":"Imprezy integracyjne \u015bwi\u0119tokrzyskie - gdzie zorganizowa\u0107 event? - blog | MojeKonferencje.pl","robots":{"index":"index","follow":"follow","max-snippet":"max-snippet:-1","max-image-preview":"max-image-preview:large","max-video-preview":"max-video-preview:-1"},"canonical":"https:\/\/www.mojekonferencje.pl\/blog\/imprezy-integracyjne-swietokrzyskie-gdzie-zorganizowac-event\/","og_locale":"pl_PL","og_type":"article","og_title":"Imprezy integracyjne \u015bwi\u0119tokrzyskie - gdzie zorganizowa\u0107 event? - blog | MojeKonferencje.pl","og_description":"Imprezy integracyjne \u015bwi\u0119tokrzyskie - gdzie zorganizowa\u0107 event? - blog | MojeKonferencje.pl","og_url":"https:\/\/www.mojekonferencje.pl\/blog\/imprezy-integracyjne-swietokrzyskie-gdzie-zorganizowac-event\/","og_site_name":"MojeKonferencje.pl","article_published_time":"2024-06-19T16:31:51+00:00","article_modified_time":"2024-06-22T16:55:02+00:00","og_image":[{"width":1200,"height":720,"url":"https:\/\/www.mojekonferencje.pl\/blog\/wp-content\/uploads\/2024\/06\/Fotoram.io-88.jpg","type":"image\/jpeg"}],"author":"Olga Stawicka-Iwanowska","twitter_card":"summary_large_image","twitter_misc":{"Napisane przez":"Olga Stawicka-Iwanowska","Szacowany czas czytania":"13 minut"},"schema":{"@context":"https:\/\/schema.org","@graph":[{"@type":"Article","@id":"https:\/\/www.mojekonferencje.pl\/blog\/imprezy-integracyjne-swietokrzyskie-gdzie-zorganizowac-event\/#article","isPartOf":{"@id":"https:\/\/www.mojekonferencje.pl\/blog\/imprezy-integracyjne-swietokrzyskie-gdzie-zorganizowac-event\/"},"author":{"name":"Olga Stawicka-Iwanowska","@id":"https:\/\/www.mojekonferencje.pl\/blog\/#\/schema\/person\/d6751ca3c60de9ec17ee21b744bbb2d4"},"headline":"Imprezy integracyjne \u015bwi\u0119tokrzyskie &#8211; gdzie zorganizowa\u0107 event?","datePublished":"2024-06-19T16:31:51+00:00","dateModified":"2024-06-22T16:55:02+00:00","mainEntityOfPage":{"@id":"https:\/\/www.mojekonferencje.pl\/blog\/imprezy-integracyjne-swietokrzyskie-gdzie-zorganizowac-event\/"},"wordCount":2011,"image":{"@id":"https:\/\/www.mojekonferencje.pl\/blog\/imprezy-integracyjne-swietokrzyskie-gdzie-zorganizowac-event\/#primaryimage"},"thumbnailUrl":"https:\/\/www.mojekonferencje.pl\/blog\/wp-content\/uploads\/2024\/06\/Fotoram.io-88.jpg","keywords":["hotel","hotele","hotele konferencyjne","organizacja imprez","organizacja wydarze\u0144","wypady integracyjne"],"articleSection":["Porady","Wybieranie miejsca konferencyjnego"],"inLanguage":"pl-PL"},{"@type":"WebPage","@id":"https:\/\/www.mojekonferencje.pl\/blog\/imprezy-integracyjne-swietokrzyskie-gdzie-zorganizowac-event\/","url":"https:\/\/www.mojekonferencje.pl\/blog\/imprezy-integracyjne-swietokrzyskie-gdzie-zorganizowac-event\/","name":"Imprezy integracyjne \u015bwi\u0119tokrzyskie - gdzie zorganizowa\u0107 event? - blog | MojeKonferencje.pl","isPartOf":{"@id":"https:\/\/www.mojekonferencje.pl\/blog\/#website"},"primaryImageOfPage":{"@id":"https:\/\/www.mojekonferencje.pl\/blog\/imprezy-integracyjne-swietokrzyskie-gdzie-zorganizowac-event\/#primaryimage"},"image":{"@id":"https:\/\/www.mojekonferencje.pl\/blog\/imprezy-integracyjne-swietokrzyskie-gdzie-zorganizowac-event\/#primaryimage"},"thumbnailUrl":"https:\/\/www.mojekonferencje.pl\/blog\/wp-content\/uploads\/2024\/06\/Fotoram.io-88.jpg","datePublished":"2024-06-19T16:31:51+00:00","dateModified":"2024-06-22T16:55:02+00:00","author":{"@id":"https:\/\/www.mojekonferencje.pl\/blog\/#\/schema\/person\/d6751ca3c60de9ec17ee21b744bbb2d4"},"description":"Imprezy integracyjne \u015bwi\u0119tokrzyskie - gdzie zorganizowa\u0107 event? - blog | MojeKonferencje.pl","breadcrumb":{"@id":"https:\/\/www.mojekonferencje.pl\/blog\/imprezy-integracyjne-swietokrzyskie-gdzie-zorganizowac-event\/#breadcrumb"},"inLanguage":"pl-PL","potentialAction":[{"@type":"ReadAction","target":["https:\/\/www.mojekonferencje.pl\/blog\/imprezy-integracyjne-swietokrzyskie-gdzie-zorganizowac-event\/"]}]},{"@type":"ImageObject","inLanguage":"pl-PL","@id":"https:\/\/www.mojekonferencje.pl\/blog\/imprezy-integracyjne-swietokrzyskie-gdzie-zorganizowac-event\/#primaryimage","url":"https:\/\/www.mojekonferencje.pl\/blog\/wp-content\/uploads\/2024\/06\/Fotoram.io-88.jpg","contentUrl":"https:\/\/www.mojekonferencje.pl\/blog\/wp-content\/uploads\/2024\/06\/Fotoram.io-88.jpg","width":1200,"height":720},{"@type":"BreadcrumbList","@id":"https:\/\/www.mojekonferencje.pl\/blog\/imprezy-integracyjne-swietokrzyskie-gdzie-zorganizowac-event\/#breadcrumb","itemListElement":[{"@type":"ListItem","position":1,"name":"Strona g\u0142\u00f3wna","item":"https:\/\/www.mojekonferencje.pl\/blog\/"},{"@type":"ListItem","position":2,"name":"Imprezy integracyjne \u015bwi\u0119tokrzyskie &#8211; gdzie zorganizowa\u0107 event?"}]},{"@type":"WebSite","@id":"https:\/\/www.mojekonferencje.pl\/blog\/#website","url":"https:\/\/www.mojekonferencje.pl\/blog\/","name":"MojeKonferencje.pl","description":"Blog bran\u017cy szkoleniowo-konferencyjnej. W\u0142\u0105cz si\u0119 do dyskusji o obiektach konferencyjnych i nowo\u015bciach z bran\u017cy! Poznaj porady odno\u015bnie organizacji konferencji, szkole\u0144 i event\u00f3w firmowych! Zach\u0119camy do wyra\u017cania opinii oraz komentarzy.","potentialAction":[{"@type":"SearchAction","target":{"@type":"EntryPoint","urlTemplate":"https:\/\/www.mojekonferencje.pl\/blog\/?s={search_term_string}"},"query-input":{"@type":"PropertyValueSpecification","valueRequired":true,"valueName":"search_term_string"}}],"inLanguage":"pl-PL"},{"@type":"Person","@id":"https:\/\/www.mojekonferencje.pl\/blog\/#\/schema\/person\/d6751ca3c60de9ec17ee21b744bbb2d4","name":"Olga Stawicka-Iwanowska","description":"Head of Marketing z ponad sze\u015bcioletnim do\u015bwiadczeniem w bran\u017cy MICE. Na co dzie\u0144 zajmuje si\u0119 content marketingiem i promocj\u0105 obiekt\u00f3w eventowych, tak aby organizatorzy kongres\u00f3w, targ\u00f3w i konferencji wiedzieli, \u017ce w\u0142a\u015bnie tam warto zrealizowa\u0107 swoje wydarzenie. Prowadzi media spo\u0142eczno\u015bciowe, tworzy strategie komunikacji, pisze artyku\u0142y i dba o sp\u00f3jny wizerunek marki w ka\u017cdym kanale. W swojej pracy \u0142\u0105czy analityczne my\u015blenie z kreatywno\u015bci\u0105 i dobrym copy. Wsp\u00f3\u0142pracuje zar\u00f3wno z organizatorami najwi\u0119kszych wydarze\u0144 w Polsce, jak i z regionalnymi partnerami z bran\u017cy. Po godzinach mi\u0142o\u015bniczka podr\u00f3\u017cy po Europie, dobrej kuchni i klimatycznych miejsc, w kt\u00f3rych mo\u017cna z\u0142apa\u0107 oddech.","sameAs":["http:\/\/MojeKonferencje.pl","https:\/\/www.linkedin.com\/in\/olgastawicka\/"],"url":"https:\/\/www.mojekonferencje.pl\/blog\/author\/osawicka\/"}]}},"_links":{"self":[{"href":"https:\/\/www.mojekonferencje.pl\/blog\/wp-json\/wp\/v2\/posts\/5251","targetHints":{"allow":["GET"]}}],"collection":[{"href":"https:\/\/www.mojekonferencje.pl\/blog\/wp-json\/wp\/v2\/posts"}],"about":[{"href":"https:\/\/www.mojekonferencje.pl\/blog\/wp-json\/wp\/v2\/types\/post"}],"author":[{"embeddable":true,"href":"https:\/\/www.mojekonferencje.pl\/blog\/wp-json\/wp\/v2\/users\/9"}],"replies":[{"embeddable":true,"href":"https:\/\/www.mojekonferencje.pl\/blog\/wp-json\/wp\/v2\/comments?post=5251"}],"version-history":[{"count":1,"href":"https:\/\/www.mojekonferencje.pl\/blog\/wp-json\/wp\/v2\/posts\/5251\/revisions"}],"predecessor-version":[{"id":5266,"href":"https:\/\/www.mojekonferencje.pl\/blog\/wp-json\/wp\/v2\/posts\/5251\/revisions\/5266"}],"wp:featuredmedia":[{"embeddable":true,"href":"https:\/\/www.mojekonferencje.pl\/blog\/wp-json\/wp\/v2\/media\/5252"}],"wp:attachment":[{"href":"https:\/\/www.mojekonferencje.pl\/blog\/wp-json\/wp\/v2\/media?parent=5251"}],"wp:term":[{"taxonomy":"category","embeddable":true,"href":"https:\/\/www.mojekonferencje.pl\/blog\/wp-json\/wp\/v2\/categories?post=5251"},{"taxonomy":"post_tag","embeddable":true,"href":"https:\/\/www.mojekonferencje.pl\/blog\/wp-json\/wp\/v2\/tags?post=5251"}],"curies":[{"name":"wp","href":"https:\/\/api.w.org\/{rel}","templated":true}]}}