{"id":5324,"date":"2024-06-28T17:40:47","date_gmt":"2024-06-28T15:40:47","guid":{"rendered":"https:\/\/www.mojekonferencje.pl\/blog\/?p=5324"},"modified":"2025-05-20T17:29:31","modified_gmt":"2025-05-20T15:29:31","slug":"imprezy-firmowe-lodz-wyjatkowe-miejsca-na-eventy","status":"publish","type":"post","link":"https:\/\/www.mojekonferencje.pl\/blog\/imprezy-firmowe-lodz-wyjatkowe-miejsca-na-eventy\/","title":{"rendered":"Imprezy firmowe \u0141\u00f3d\u017a &#8211; wyj\u0105tkowe miejsca na eventy"},"content":{"rendered":"\n<p><strong>\u0141\u00f3d\u017a \u2013 dynamiczne miasto, kt\u00f3re idealnie \u0142\u0105czy histori\u0119 z nowoczesno\u015bci\u0105, tworz\u0105c niepowtarzalny klimat dla organizacji imprez firmowych. Czym wyr\u00f3\u017cnia si\u0119 \u0141\u00f3d\u017a jako miejsce idealne na konferencje, szkolenia i spotkania biznesowe? <\/strong><\/p>\n\n\n\n<p>Miejscowo\u015b\u0107 ta, po\u0142o\u017cona strategicznie w sercu Polski, nie tylko fascynuje bogat\u0105 histori\u0105 przemys\u0142ow\u0105 i artystyczn\u0105, ale r\u00f3wnie\u017c imponuje nowoczesn\u0105 infrastruktur\u0105 i dostosowanymi do potrzeb biznesowych obiektami. W \u0141odzi znajduj\u0105 si\u0119 zar\u00f3wno sale konferencyjne w zabytkowych fabrykach przemys\u0142owych, nowoczesne centra konferencyjne, jak i urokliwe hotele, kt\u00f3re oferuj\u0105 nie tylko komfortowe warunki, ale r\u00f3wnie\u017c inspiruj\u0105ce otoczenie do tw\u00f3rczej pracy.<\/p>\n\n\n\n<p>Ten artyku\u0142 jest szczeg\u00f3\u0142owych opis\u00f3w najlepszych lokalizacji, kt\u00f3re pomog\u0105 w planowaniu i organizacji udanych imprez firmowych w tym wyj\u0105tkowym mie\u015bcie. Zosta\u0144 wi\u0119c z nami i poznaj <a href=\"https:\/\/www.mojekonferencje.pl\/sale-konferencyjne-lodz\">hotele w \u0141odzi<\/a> na imprezy firmowe, takie jak: <\/p>\n\n\n\n<figure class=\"wp-block-table\"><table><tbody><tr><td><a href=\"https:\/\/www.mojekonferencje.pl\/lodz\/vienna-house-by-wyndham-andel-s-lodz\">Vienna House by Wyndham Andel&#8217;s \u0141\u00f3d\u017a<\/a><\/td><td><a href=\"https:\/\/www.mojekonferencje.pl\/lodz\/hampton-by-hilton-lodz\">Hampton by Hilton \u0141\u00f3d\u017a City Center<\/a><\/td><\/tr><tr><td><a href=\"https:\/\/www.mojekonferencje.pl\/lodz\/hotel-the-loom\">Hotel The Loom<\/a><\/td><td><a href=\"https:\/\/www.mojekonferencje.pl\/lodz\/hotel-porto\">Hotel Porto<\/a><\/td><\/tr><tr><td><a href=\"https:\/\/www.mojekonferencje.pl\/lodz\/holiday-inn-lodz\">Holiday Inn \u0141\u00f3d\u017a<\/a><\/td><td><a href=\"https:\/\/www.mojekonferencje.pl\/lodz\/hotel-czarny-staw\">Czarny Staw Hotel<\/a><\/td><\/tr><tr><td><a href=\"https:\/\/www.mojekonferencje.pl\/lodz\/doubletree-by-hilton-lodz\">DoubleTree by Hilton \u0141\u00f3d\u017a<\/a><\/td><td><a href=\"https:\/\/www.mojekonferencje.pl\/lodz\/columna-medica\">Columna Medica<\/a><\/td><\/tr><tr><td><a href=\"https:\/\/www.mojekonferencje.pl\/lodz\/tobaco-hotel-lodz\">Tobaco Hotel \u0141\u00f3d\u017a<\/a><\/td><td><a href=\"https:\/\/www.mojekonferencje.pl\/lodz\/fabryka-welny-hotel--spa\">Fabryka We\u0142ny Hotel &amp; Spa<\/a><\/td><\/tr><tr><td><a href=\"https:\/\/www.mojekonferencje.pl\/spala\/hotel-moscicki-resort--conference\">Hotel Mo\u015bcicki<\/a><\/td><td><a href=\"https:\/\/www.mojekonferencje.pl\/uniejow\/aparthotel-termy-uniejow\">Aparthotel Termy Uniej\u00f3w<\/a><\/td><\/tr><tr><td><a href=\"https:\/\/www.mojekonferencje.pl\/spala\/savoy-spala\">Reset Savoy Spa\u0142a<\/a><\/td><td><a href=\"https:\/\/www.mojekonferencje.pl\/wolborz\/hotel-magellan-\">Hotel MAGELLAN<\/a><\/td><\/tr><tr><td><a href=\"https:\/\/www.mojekonferencje.pl\/lodz\/centralne-muzeum-wlokiennictwa-w-lodzi\">Centralne Muzeum W\u0142okiennictwa w \u0141odzi<\/a><\/td><td><a href=\"https:\/\/www.mojekonferencje.pl\/lodz\/restauracja-manuarte\">Manuarte &#8211; Scena | Eventy | Restauracja | Cafeteria&amp;Bar<\/a><\/td><\/tr><\/tbody><\/table><\/figure>\n\n\n\n<h2 class=\"wp-block-heading has-text-align-center has-vivid-purple-color has-text-color has-link-color wp-elements-1b81ca47d5d8a0c8447d01f1bf4328a7\"><a href=\"https:\/\/www.mojekonferencje.pl\/lodz\/vienna-house-by-wyndham-andel-s-lodz\"><span style=\"text-decoration: underline;\">Vienna House by Wyndham Andel&#8217;s \u0141\u00f3d\u017a<\/span><\/a><\/h2>\n\n\n\n<p>Zach\u0119camy do zapoznania si\u0119 z ofert\u0105 <strong>Vienna House by Wyndham Andel&#8217;s \u0141\u00f3d\u017a<\/strong>. Jest to per\u0142a w koronie \u0142\u00f3dzkiej Manufaktury i pierwszy czterogwiazdkowy deluxe design hotel w \u0141odzi. Zlokalizowany w zabytkowej prz\u0119dzalni Izraela Pozna\u0144skiego, ten wyj\u0105tkowy obiekt \u0142\u0105czy histori\u0119 z nowoczesno\u015bci\u0105, oferuj\u0105c nie tylko komfortowe pokoje i apartamenty, ale r\u00f3wnie\u017c najwi\u0119ksze centrum konferencyjne w regionie. Dla organizator\u00f3w spotka\u0144 biznesowych to idealne miejsce, gdzie 16 sal konferencyjnych oraz sala balowa wyposa\u017cone s\u0105 w najnowocze\u015bniejsze technologie audio-wizualne i klimatyzacj\u0119. <\/p>\n\n\n\n<p>Ekskluzywny design wn\u0119trz autorstwa londy\u0144skiego duetu Jestico &amp; Whiles, charakteryzuj\u0105cy si\u0119 \u015bmia\u0142ymi kszta\u0142tami i \u017cywymi kolorami, tworzy niepowtarzaln\u0105 atmosfer\u0119 sprzyjaj\u0105c\u0105 inspiracji i efektywnej pracy. Po dniu pe\u0142nym intensywnych spotka\u0144 go\u015bcie mog\u0105 odpr\u0119\u017cy\u0107 si\u0119 w centrum Spa &amp; Fitness skySPAce, znajduj\u0105cym si\u0119 na najwy\u017cszym pi\u0119trze hotelu. Oferuje ono osza\u0142amiaj\u0105cy widok na miasto oraz bogaty wyb\u00f3r luksusowych zabieg\u00f3w kosmetycznych, sauny suche i parowe, sale do treningu oraz studio masa\u017cu \u2013 wszystko to zapewnia harmoni\u0119 i rewitalizacj\u0119 zmys\u0142\u00f3w.<\/p>\n\n\n\n<figure class=\"wp-block-image size-full\"><a href=\"https:\/\/www.mojekonferencje.pl\/blog\/wp-content\/uploads\/2024\/06\/1-10.jpg\"><img loading=\"lazy\" decoding=\"async\" width=\"600\" height=\"400\" src=\"https:\/\/www.mojekonferencje.pl\/blog\/wp-content\/uploads\/2024\/06\/1-10.jpg\" alt=\"\" class=\"wp-image-5326 lazyload\" data-srcset=\"https:\/\/www.mojekonferencje.pl\/blog\/wp-content\/uploads\/2024\/06\/1-10.jpg 600w, https:\/\/www.mojekonferencje.pl\/blog\/wp-content\/uploads\/2024\/06\/1-10-300x200.jpg 300w\" sizes=\"auto\" \/><\/a><\/figure>\n\n\n\n<h2 class=\"wp-block-heading has-text-align-center has-vivid-purple-color has-text-color has-link-color wp-elements-6bbbda504929916b1399058ceff11d4d\"><a href=\"https:\/\/www.mojekonferencje.pl\/lodz\/hotel-the-loom\"><span style=\"text-decoration: underline;\">Hotel The Loom<\/span><\/a><\/h2>\n\n\n\n<p>To kolejny <strong>hotel na imprez\u0119 firmow\u0105 w \u0141odzi<\/strong>. Zapraszamy do tego nowoczesnego obiektu o unikalnym charakterze, zainspirowanego bogat\u0105 histori\u0105 \u0142\u00f3dzkiego przemys\u0142u w\u0142\u00f3kienniczego. To doskona\u0142e miejsce zar\u00f3wno dla podr\u00f3\u017cuj\u0105cych s\u0142u\u017cbowo, jak i dla organizator\u00f3w r\u00f3\u017cnorodnych spotka\u0144 firmowych. <strong>Hotel The Loom<\/strong> oferuje przestronne i w pe\u0142ni wyposa\u017cone sale konferencyjne, eleganck\u0105 restauracj\u0119 W\u0105tek, komfortowe pokoje oraz przestrze\u0144 klubow\u0105 Cotton Club \u2013 idealn\u0105 na wieczorne integracje. <\/p>\n\n\n\n<p>Designersko zaprojektowane pokoje oraz starannie wybrane detale tworz\u0105 atmosfer\u0119 elegancji i wyrafinowania, podkre\u015blaj\u0105c unikalny charakter tego miejsca. Restauracja W\u0105tek serwuje wyborne dania \u0142\u0105cz\u0105ce tradycj\u0119 z nowoczesno\u015bci\u0105, idealne na po\u017cywne \u015bniadania, pyszne lunch&#8217;e czy romantyczne kolacje. Natomiast Lobby Bar Ig\u0142a zaprasza na kameralne spotkania przy aromatycznej kawie lub autorskich drinkach. Dla os\u00f3b pragn\u0105cych relaksu <strong>Hotel The Loom<\/strong> przygotowa\u0142 r\u00f3wnie\u017c bogaty zestaw us\u0142ug dodatkowych. Czekaj\u0105 tam m.in.: gabinet masa\u017cu, sauna oraz nowoczesna sala fitness. To wszystko sprawia, \u017ce ka\u017cdy go\u015b\u0107 znajdzie tu miejsce dopasowane do swoich potrzeb, \u0142\u0105cz\u0105c komfort z niepowtarzalnym klimatem \u0142\u00f3dzkiego dziedzictwa przemys\u0142owego.<\/p>\n\n\n\n<figure class=\"wp-block-image size-large\"><a href=\"https:\/\/www.mojekonferencje.pl\/blog\/wp-content\/uploads\/2024\/06\/2-11.jpg\"><img loading=\"lazy\" decoding=\"async\" width=\"1024\" height=\"683\" src=\"https:\/\/www.mojekonferencje.pl\/blog\/wp-content\/uploads\/2024\/06\/2-11-1024x683.jpg\" alt=\"\" class=\"wp-image-5327 lazyload\" data-srcset=\"https:\/\/www.mojekonferencje.pl\/blog\/wp-content\/uploads\/2024\/06\/2-11-1024x683.jpg 1024w, https:\/\/www.mojekonferencje.pl\/blog\/wp-content\/uploads\/2024\/06\/2-11-300x200.jpg 300w, https:\/\/www.mojekonferencje.pl\/blog\/wp-content\/uploads\/2024\/06\/2-11-768x512.jpg 768w, https:\/\/www.mojekonferencje.pl\/blog\/wp-content\/uploads\/2024\/06\/2-11.jpg 1280w\" sizes=\"auto\" \/><\/a><\/figure>\n\n\n\n<h2 class=\"wp-block-heading has-text-align-center has-vivid-purple-color has-text-color has-link-color wp-elements-9a357885ff7912de0c81d493612e57b0\"><a href=\"https:\/\/www.mojekonferencje.pl\/lodz\/holiday-inn-lodz\"><span style=\"text-decoration: underline;\">Holiday Inn \u0141\u00f3d\u017a<\/span><\/a><\/h2>\n\n\n\n<p>Jest to idealne <strong>miejsce na imprezy firmowe w centrum \u0141odzi<\/strong>. Po\u0142o\u017cony przy ulicy Piotrkowskiej, w bliskim s\u0105siedztwie g\u0142\u00f3wnych atrakcji miasta, hotel zapewnia \u0142atwy dost\u0119p do dworca \u0141\u00f3d\u017a Kaliska oraz lotniska, co jest nieocenione dla podr\u00f3\u017cuj\u0105cych s\u0142u\u017cbowo. <strong>Hotel Holiday Inn<\/strong> wyr\u00f3\u017cnia si\u0119 nie tylko dogodn\u0105 lokalizacj\u0105, ale tak\u017ce eleganckim i nowoczesnym wn\u0119trzem. 127 klimatyzowanych pokoi, Restauracja \u0141\u00f3dzka serwuj\u0105ca wykwintne dania oraz DiM Bar to gwarancja komfortowego pobytu i wy\u015bmienitego wy\u017cywienia dla uczestnik\u00f3w konferencji. <\/p>\n\n\n\n<p>Obiekt dysponuje 8 nowoczesnymi salami konferencyjnymi, idealnymi na organizacj\u0119 szkole\u0144, warsztat\u00f3w czy sympozj\u00f3w. Bogate wyposa\u017cenie techniczne oraz profesjonalna obs\u0142uga zapewniaj\u0105 sprawn\u0105 realizacj\u0119 ka\u017cdego typu wydarzenia biznesowego. Dla go\u015bci pragn\u0105cych relaksu po intensywnym dniu pracy <strong>Hotel Holiday Inn \u0141\u00f3d\u017a <\/strong>oferuje Stref\u0119 Relaksu z saun\u0105 oraz ca\u0142odobowo otwart\u0105 si\u0142owni\u0105. Monitorowany i zamykany parking na 80 samochod\u00f3w zapewnia z kolei komfortowy pobyt dla wszystkich go\u015bci.<\/p>\n\n\n\n<figure class=\"wp-block-image size-large\"><a href=\"https:\/\/www.mojekonferencje.pl\/blog\/wp-content\/uploads\/2024\/06\/3-10-scaled.jpg\"><img loading=\"lazy\" decoding=\"async\" width=\"1024\" height=\"683\" src=\"https:\/\/www.mojekonferencje.pl\/blog\/wp-content\/uploads\/2024\/06\/3-10-1024x683.jpg\" alt=\"\" class=\"wp-image-5328 lazyload\" data-srcset=\"https:\/\/www.mojekonferencje.pl\/blog\/wp-content\/uploads\/2024\/06\/3-10-1024x683.jpg 1024w, https:\/\/www.mojekonferencje.pl\/blog\/wp-content\/uploads\/2024\/06\/3-10-300x200.jpg 300w, https:\/\/www.mojekonferencje.pl\/blog\/wp-content\/uploads\/2024\/06\/3-10-768x512.jpg 768w, https:\/\/www.mojekonferencje.pl\/blog\/wp-content\/uploads\/2024\/06\/3-10-1536x1024.jpg 1536w, https:\/\/www.mojekonferencje.pl\/blog\/wp-content\/uploads\/2024\/06\/3-10-2048x1365.jpg 2048w\" sizes=\"auto\" \/><\/a><\/figure>\n\n\n\n<h2 class=\"wp-block-heading has-text-align-center has-vivid-purple-color has-text-color has-link-color wp-elements-5761d49387ae6f26fe75a5eed63b87cc\"><a href=\"https:\/\/www.mojekonferencje.pl\/lodz\/doubletree-by-hilton-lodz\"><span style=\"text-decoration: underline;\">DoubleTree by Hilton \u0141\u00f3d\u017a<\/span><\/a><\/h2>\n\n\n\n<p>Ten <strong>4-gwiazdkowy hotel w \u0141odzi<\/strong> to idealne miejsce na organizacj\u0119 presti\u017cowych imprez firmowych w samym sercu miasta. Zlokalizowany tu\u017c obok Atlas Areny i zaledwie 1 km od s\u0142ynnej ulicy Piotrkowskiej zapewnia nie tylko doskona\u0142y dost\u0119p do kluczowych punkt\u00f3w miasta. Posiada r\u00f3wnie\u017c najwi\u0119ksz\u0105 powierzchni\u0119 konferencyjn\u0105 w \u0141odzi \u2013 prawie 5000 m\u00b2. Oferuje 13 sal konferencyjnych w cz\u0119\u015bci hotelowej, w tym imponuj\u0105c\u0105 Sal\u0119 Balow\u0105 oraz sal\u0119 kinow\u0105 3D. <\/p>\n\n\n\n<p>Dodatkowo w dawnej Wytw\u00f3rni Film\u00f3w Fabularnych, bezpo\u015brednio po\u0142\u0105czonej z hotelem, dost\u0119pne s\u0105 4 hale kongresowo-wystawiennicze, umo\u017cliwiaj\u0105ce organizacj\u0119 du\u017cych konferencji i event\u00f3w. W hotelowej restauracji Four Colors oraz w Golden Barze Go\u015bcie mog\u0105 delektowa\u0107 si\u0119 mi\u0119dzynarodowymi specja\u0142ami kuchni polskiej oraz szerokim wyborem alkoholi, w tym ponad 120 rodzajami whisky. Na najwy\u017cszym, dziesi\u0105tym pi\u0119trze hotelu znajduje si\u0119 Wellness &amp; Health Club z basenem, jacuzzi oraz saunami, oferuj\u0105cy relaksuj\u0105c\u0105 atmosfer\u0119 oraz panoramiczny widok na miasto.<\/p>\n\n\n\n<figure class=\"wp-block-image size-large\"><a href=\"https:\/\/www.mojekonferencje.pl\/blog\/wp-content\/uploads\/2024\/06\/4-12.jpg\"><img loading=\"lazy\" decoding=\"async\" width=\"1024\" height=\"742\" src=\"https:\/\/www.mojekonferencje.pl\/blog\/wp-content\/uploads\/2024\/06\/4-12-1024x742.jpg\" alt=\"\" class=\"wp-image-5329 lazyload\" data-srcset=\"https:\/\/www.mojekonferencje.pl\/blog\/wp-content\/uploads\/2024\/06\/4-12-1024x742.jpg 1024w, https:\/\/www.mojekonferencje.pl\/blog\/wp-content\/uploads\/2024\/06\/4-12-300x217.jpg 300w, https:\/\/www.mojekonferencje.pl\/blog\/wp-content\/uploads\/2024\/06\/4-12-768x556.jpg 768w, https:\/\/www.mojekonferencje.pl\/blog\/wp-content\/uploads\/2024\/06\/4-12.jpg 1042w\" sizes=\"auto\" \/><\/a><\/figure>\n\n\n\n<h2 class=\"wp-block-heading has-text-align-center has-vivid-purple-color has-text-color has-link-color wp-elements-cfbf5f75492f669e32c770ae5ac9f29d\"><a href=\"https:\/\/www.mojekonferencje.pl\/lodz\/tobaco-hotel-lodz\"><span style=\"text-decoration: underline;\">Tobaco Hotel \u0141\u00f3d\u017a<\/span><\/a><\/h2>\n\n\n\n<p>Zach\u0119camy r\u00f3wnie\u017c do skorzystania z oferty <strong>Hotelu Tobaco<\/strong> \u2013 butikowego obiektu o wyj\u0105tkowym charakterze i doskona\u0142ej lokalizacji. Obiekt ten le\u017cy w sercu \u0141odzi, tu\u017c obok Dworca \u0141\u00f3d\u017a Kaliska i Atlas Areny. Ten wielokrotnie nagradzany hotel, umiejscowiony w historycznej fabryce tytoniu, zachwyca nie tylko unikalnym designem nawi\u0105zuj\u0105cym do industrialnej surowo\u015bci. Dysponuje tak\u017ce barwnymi wn\u0119trzami stylizowanymi na lata 60-te.<\/p>\n\n\n\n<p><strong>Hotel Tobaco <\/strong>oferuje 115 pokoi, zapewniaj\u0105c 184 miejsca noclegowe oraz monitorowany parking na hotelowym patio, co sprawia, \u017ce jest to idealne miejsce dla os\u00f3b podr\u00f3\u017cuj\u0105cych s\u0142u\u017cbowo oraz organizator\u00f3w imprez firmowych. W obiekcie znajduje si\u0119 r\u00f3wnie\u017c Strefa Relaksu z mini si\u0142owni\u0105 i saun\u0105 fi\u0144sk\u0105, zapewniaj\u0105ca go\u015bciom mo\u017cliwo\u015b\u0107 odpr\u0119\u017cenia po intensywnym dniu. Hotel dysponuje 8 nowoczesnymi salami konferencyjnymi, wyposa\u017conymi w najnowszy sprz\u0119t audiowizualny. To gwarantuje sprawn\u0105 realizacj\u0119 ka\u017cdego typu spotkania biznesowego.<\/p>\n\n\n\n<figure class=\"wp-block-image size-large\"><a href=\"https:\/\/www.mojekonferencje.pl\/blog\/wp-content\/uploads\/2024\/06\/5-1.png\"><img loading=\"lazy\" decoding=\"async\" width=\"1024\" height=\"760\" src=\"https:\/\/www.mojekonferencje.pl\/blog\/wp-content\/uploads\/2024\/06\/5-1-1024x760.png\" alt=\"\" class=\"wp-image-5330 lazyload\" data-srcset=\"https:\/\/www.mojekonferencje.pl\/blog\/wp-content\/uploads\/2024\/06\/5-1-1024x760.png 1024w, https:\/\/www.mojekonferencje.pl\/blog\/wp-content\/uploads\/2024\/06\/5-1-300x223.png 300w, https:\/\/www.mojekonferencje.pl\/blog\/wp-content\/uploads\/2024\/06\/5-1-768x570.png 768w, https:\/\/www.mojekonferencje.pl\/blog\/wp-content\/uploads\/2024\/06\/5-1.png 1500w\" sizes=\"auto\" \/><\/a><\/figure>\n\n\n\n<h2 class=\"wp-block-heading has-text-align-center has-vivid-purple-color has-text-color has-link-color wp-elements-3c21176c32f4a6b2f9fe242057e48bc2\"><a href=\"https:\/\/www.mojekonferencje.pl\/lodz\/hampton-by-hilton-lodz\"><span style=\"text-decoration: underline;\">Hampton by Hilton \u0141\u00f3d\u017a City Center<\/span><\/a><\/h2>\n\n\n\n<p>Obiekt ten reprezentuje <strong>nowoczesne hotele w \u0141odzi<\/strong>. Le\u017cy on w samym sercu miasta przy ulicy Piotrkowskiej. Idealna lokalizacja zapewnia \u0142atwy dost\u0119p do wszystkich atrakcji oraz instytucji biznesowych w \u0141odzi. Hotel oferuje 149 komfortowo urz\u0105dzonych pokoi zgodnych ze standardami sieci Hilton. Ma te\u017c w swojej ofercie 3 \u015bwietnie wyposa\u017cone sale konferencyjne, kt\u00f3re mog\u0105 pomie\u015bci\u0107 od 16 do 123 os\u00f3b. Ka\u017cda sala wyposa\u017cona jest w nowoczesny sprz\u0119t audiowizualny, gwarantuj\u0105cy sprawn\u0105 organizacj\u0119 spotka\u0144 biznesowych, szkole\u0144 czy konferencji. <\/p>\n\n\n\n<p>Go\u015bcie mog\u0105 r\u00f3wnie\u017c korzysta\u0107 z restauracji, baru i przestronnego lobby o \u0142\u0105cznej powierzchni 500 m. Warto doda\u0107, \u017ce rozci\u0105ga si\u0119 z niego pi\u0119kny widok na panoram\u0119 miasta. <strong>Hotel Hampton by Hilton \u0141\u00f3d\u017a City Center <\/strong>dba o kondycj\u0119 swoich go\u015bci oferuj\u0105c dost\u0119p do Fitness Center czynnego przez 24 godziny na dob\u0119. Si\u0142ownia wyposa\u017cona jest w najnowszy sprz\u0119t sportowy, zapewniaj\u0105c mo\u017cliwo\u015b\u0107 aktywnego wypoczynku o ka\u017cdej porze dnia.<\/p>\n\n\n\n<figure class=\"wp-block-image size-full\"><a href=\"https:\/\/www.mojekonferencje.pl\/blog\/wp-content\/uploads\/2024\/06\/6-12.jpg\"><img loading=\"lazy\" decoding=\"async\" width=\"960\" height=\"580\" src=\"https:\/\/www.mojekonferencje.pl\/blog\/wp-content\/uploads\/2024\/06\/6-12.jpg\" alt=\"\" class=\"wp-image-5331 lazyload\" data-srcset=\"https:\/\/www.mojekonferencje.pl\/blog\/wp-content\/uploads\/2024\/06\/6-12.jpg 960w, https:\/\/www.mojekonferencje.pl\/blog\/wp-content\/uploads\/2024\/06\/6-12-300x181.jpg 300w, https:\/\/www.mojekonferencje.pl\/blog\/wp-content\/uploads\/2024\/06\/6-12-768x464.jpg 768w\" sizes=\"auto\" \/><\/a><\/figure>\n\n\n\n<h2 class=\"wp-block-heading has-text-align-center has-vivid-purple-color has-text-color has-link-color wp-elements-1d5210018e95f35e983e44f2947ef7fd\"><a href=\"https:\/\/www.mojekonferencje.pl\/lodz\/hotel-porto\"><span style=\"text-decoration: underline;\">Hotel Porto<\/span><\/a><\/h2>\n\n\n\n<p>Jako <strong>miejsce na imprezy firmowe w \u0141odzi<\/strong> \u015bwietnie sprawdzi si\u0119 te\u017c ten obiekt! Zach\u0119camy do poznania Hotelu Porto, nowoczesnego 3-gwiazdkowego obiektu zlokalizowanego przy autostradzie A1. <strong>Hotel Porto<\/strong> wyr\u00f3\u017cnia si\u0119 nie tylko doskona\u0142\u0105 lokalizacj\u0105. To tak\u017ce ponad 1000 metrami kwadratowymi nowoczesnej powierzchni konferencyjnej wyposa\u017conej w najnowszy sprz\u0119t audiowizualny. To idealne miejsce na organizacj\u0119 konferencji, szkole\u0144 czy bankiet\u00f3w. <\/p>\n\n\n\n<p>Restauracja bankietowa Portofine oraz Restauracja a&#8217;la carte Porto Grill &amp; Fun z kr\u0119gielni\u0105 zapewniaj\u0105 niezapomniane doznania kulinarne i rozrywkowe dla uczestnik\u00f3w. <strong>Hotel Porto<\/strong> oferuje 72 komfortowe pokoje, zapewniaj\u0105c przyjemny wypoczynek po intensywnym dniu. Go\u015bcie mog\u0105 r\u00f3wnie\u017c korzysta\u0107 ze strefy fitness oraz sauny, dbaj\u0105c o kondycj\u0119 i relaks. Pe\u0142en 24-godzinny Room Service, bezp\u0142atny dost\u0119p do Internetu oraz wygodny parking zewn\u0119trzny to dodatkowe udogodnienia, kt\u00f3re sprawiaj\u0105, \u017ce pobyt w Hotelu Porto jest komfortowy i bezproblemowy.<\/p>\n\n\n\n<figure class=\"wp-block-image size-large\"><a href=\"https:\/\/www.mojekonferencje.pl\/blog\/wp-content\/uploads\/2024\/06\/7-8.jpg\"><img loading=\"lazy\" decoding=\"async\" width=\"1024\" height=\"669\" src=\"https:\/\/www.mojekonferencje.pl\/blog\/wp-content\/uploads\/2024\/06\/7-8-1024x669.jpg\" alt=\"\" class=\"wp-image-5332 lazyload\" data-srcset=\"https:\/\/www.mojekonferencje.pl\/blog\/wp-content\/uploads\/2024\/06\/7-8-1024x669.jpg 1024w, https:\/\/www.mojekonferencje.pl\/blog\/wp-content\/uploads\/2024\/06\/7-8-300x196.jpg 300w, https:\/\/www.mojekonferencje.pl\/blog\/wp-content\/uploads\/2024\/06\/7-8-768x502.jpg 768w, https:\/\/www.mojekonferencje.pl\/blog\/wp-content\/uploads\/2024\/06\/7-8-1536x1004.jpg 1536w, https:\/\/www.mojekonferencje.pl\/blog\/wp-content\/uploads\/2024\/06\/7-8.jpg 1926w\" sizes=\"auto\" \/><\/a><\/figure>\n\n\n\n<h2 class=\"wp-block-heading has-text-align-center has-vivid-purple-color has-text-color has-link-color wp-elements-987425108154381f8d2530b581af8724\"><a href=\"https:\/\/www.mojekonferencje.pl\/lodz\/hotel-czarny-staw\"><span style=\"text-decoration: underline;\">Czarny Staw Hotel<\/span><\/a><\/h2>\n\n\n\n<p>To nie tylko <strong>3-gwiazdkowy hotel w \u0141odzi<\/strong>, lecz prawdziwy kompleks konferencyjny oferuj\u0105cy idealne warunki do organizacji r\u00f3\u017cnorodnych imprez biznesowych i event\u00f3w. Znajduj\u0105cy si\u0119 na terenie kompleksu hotel, Restauracja Czarny Staw oraz Altana grillowa &#8222;Kurnik&#8221; zapewniaj\u0105 wysok\u0105 jako\u015b\u0107 obs\u0142ugi i niepowtarzalny klimat. Jednym z najwi\u0119kszych atut\u00f3w hotelu jest jego otoczenie. 4 hektary teren\u00f3w zielonych, kt\u00f3re nie tylko sprzyjaj\u0105 relaksowi, ale tak\u017ce umo\u017cliwiaj\u0105 organizacj\u0119 imprez plenerowych dla nawet 1000 os\u00f3b. To idealne miejsce na pikniki, integracyjne wydarzenia firmowe czy team-building na \u015bwie\u017cym powietrzu. <\/p>\n\n\n\n<p>Dodatkowo kompleks dysponuje boiskiem do pi\u0142ki no\u017cnej, siatk\u00f3wki oraz bajkowym placem zabaw. To sprawia, \u017ce oferuje pe\u0142en wachlarz mo\u017cliwo\u015bci dla organizator\u00f3w. <strong>Hotel Czarny Staw <\/strong>mo\u017ce r\u00f3wnie\u017c pochwali\u0107 si\u0119 nowoczesnym zapleczem konferencyjnym o \u0142\u0105cznej powierzchni 1600 m2. W sk\u0142ad kompleksu wchodzi 9 przestronnych sal konferencyjnych. Elastyczno\u015b\u0107 przestrzeni oraz zaawansowane technologicznie wyposa\u017cenie gwarantuj\u0105, \u017ce ka\u017cde wydarzenie b\u0119dzie zorganizowane na najwy\u017cszym poziomie.<\/p>\n\n\n\n<figure class=\"wp-block-image size-large\"><a href=\"https:\/\/www.mojekonferencje.pl\/blog\/wp-content\/uploads\/2024\/06\/8-10.jpg\"><img loading=\"lazy\" decoding=\"async\" width=\"1024\" height=\"576\" src=\"https:\/\/www.mojekonferencje.pl\/blog\/wp-content\/uploads\/2024\/06\/8-10-1024x576.jpg\" alt=\"\" class=\"wp-image-5333 lazyload\" data-srcset=\"https:\/\/www.mojekonferencje.pl\/blog\/wp-content\/uploads\/2024\/06\/8-10-1024x576.jpg 1024w, https:\/\/www.mojekonferencje.pl\/blog\/wp-content\/uploads\/2024\/06\/8-10-300x169.jpg 300w, https:\/\/www.mojekonferencje.pl\/blog\/wp-content\/uploads\/2024\/06\/8-10-768x432.jpg 768w, https:\/\/www.mojekonferencje.pl\/blog\/wp-content\/uploads\/2024\/06\/8-10-640x360.jpg 640w, https:\/\/www.mojekonferencje.pl\/blog\/wp-content\/uploads\/2024\/06\/8-10-320x180.jpg 320w, https:\/\/www.mojekonferencje.pl\/blog\/wp-content\/uploads\/2024\/06\/8-10-480x270.jpg 480w, https:\/\/www.mojekonferencje.pl\/blog\/wp-content\/uploads\/2024\/06\/8-10-960x540.jpg 960w, https:\/\/www.mojekonferencje.pl\/blog\/wp-content\/uploads\/2024\/06\/8-10.jpg 1280w\" sizes=\"auto\" \/><\/a><\/figure>\n\n\n\n<h2 class=\"wp-block-heading has-text-align-center has-vivid-purple-color has-text-color has-link-color wp-elements-b1b5c319ca307a8e11c6b390b18b163e\"><a href=\"https:\/\/www.mojekonferencje.pl\/lodz\/columna-medica\"><span style=\"text-decoration: underline;\">Columna Medica<\/span><\/a><\/h2>\n\n\n\n<p>Jest to ekskluzywny czterogwiazdkowy<strong> hotel w pobli\u017cu \u0141odzi<\/strong>. Wyr\u00f3\u017cnia si\u0119 nie tylko doskona\u0142ym po\u0142o\u017ceniem, ale tak\u017ce wysokim standardem bazy noclegowej, zgodnym z europejskimi normami. Nowoczesny design budynku harmonijnie wsp\u00f3\u0142gra z otaczaj\u0105cym naturalnym \u015brodowiskiem. Wyj\u0105tkowo\u015b\u0107 Columna Medica podkre\u015bla tak\u017ce obecno\u015b\u0107 kliniki rehabilitacyjnej, kt\u00f3ra dostarcza najwy\u017cszej jako\u015bci sprz\u0119t medyczny i sportowy. W hotelu znajdziesz r\u00f3\u017cnorodno\u015b\u0107 pokoi, od komfortowych jednoosobowych i dwuosobowych, po luksusowe apartamenty dla najbardziej wymagaj\u0105cych.<\/p>\n\n\n\n<p><strong>Hotel Columna Medica <\/strong>oferuje tak\u017ce szerok\u0105 gam\u0119 atrakcji i udogodnie\u0144 dla go\u015bci biznesowych. Strefa Wellness to miejsce relaksu i regeneracji, z basenem, jacuzzi, hydromasa\u017cami oraz saun\u0105. Strefa Medical wyposa\u017cona jest w nowoczesny sprz\u0119t sportowy, kt\u00f3ry zach\u0119ca do aktywno\u015bci fizycznej. Organizacja konferencji w Hotelu Columna Medica to gwarancja profesjonalizmu, wysokiej jako\u015bci obs\u0142ugi i niezapomnianych do\u015bwiadcze\u0144.<\/p>\n\n\n\n<figure class=\"wp-block-image size-large\"><a href=\"https:\/\/www.mojekonferencje.pl\/blog\/wp-content\/uploads\/2024\/06\/9-9.jpg\"><img loading=\"lazy\" decoding=\"async\" width=\"1024\" height=\"443\" src=\"https:\/\/www.mojekonferencje.pl\/blog\/wp-content\/uploads\/2024\/06\/9-9-1024x443.jpg\" alt=\"\" class=\"wp-image-5334 lazyload\" data-srcset=\"https:\/\/www.mojekonferencje.pl\/blog\/wp-content\/uploads\/2024\/06\/9-9-1024x443.jpg 1024w, https:\/\/www.mojekonferencje.pl\/blog\/wp-content\/uploads\/2024\/06\/9-9-300x130.jpg 300w, https:\/\/www.mojekonferencje.pl\/blog\/wp-content\/uploads\/2024\/06\/9-9-768x332.jpg 768w, https:\/\/www.mojekonferencje.pl\/blog\/wp-content\/uploads\/2024\/06\/9-9-1536x664.jpg 1536w, https:\/\/www.mojekonferencje.pl\/blog\/wp-content\/uploads\/2024\/06\/9-9.jpg 1920w\" sizes=\"auto\" \/><\/a><\/figure>\n\n\n\n<h2 class=\"wp-block-heading has-text-align-center has-vivid-purple-color has-text-color has-link-color wp-elements-dd33750066b1bb68308137edf8cece29\"><a href=\"https:\/\/www.mojekonferencje.pl\/lodz\/fabryka-welny-hotel--spa\"><span style=\"text-decoration: underline;\">Fabryka We\u0142ny Hotel &amp; Spa<\/span><\/a><\/h2>\n\n\n\n<p><strong>Imprezy firmowe w \u0141odzi<\/strong> warto te\u017c zorganizowa\u0107 w tym obiekcie! <strong>Fabryka We\u0142ny Hotel &amp; SPA<\/strong> le\u017cy zaledwie 11 km od miasta. Ten obiekt to harmonijne po\u0142\u0105czenie nowoczesno\u015bci, elegancji i funkcjonalno\u015bci, idealne na organizacj\u0119 imprez firmowych. Posiada on 122 pokoje o nowoczesnym designie, kt\u00f3re zapewniaj\u0105 komfortowy wypoczynek po intensywnym dniu. 9 sal konferencyjnych, w tym przeszklone foyer i sala koncertowo-balowa Pawelana, s\u0105 doskonale wyposa\u017cone w najnowocze\u015bniejszy sprz\u0119t audiowizualny. <\/p>\n\n\n\n<p><strong>Fabryka We\u0142ny Hotel &amp; SPA<\/strong> to nie tylko miejsce do pracy, ale tak\u017ce rekreacji i relaksu. Hotelowa strefa SPA &amp; Wellness zosta\u0142a wielokrotnie nagrodzona. Oferuje 10 specjalistycznych gabinet\u00f3w zabiegowych, basen z przeszklonymi \u015bcianami i tarasem widokowym, jacuzzi, sauny, \u0142a\u017ani\u0119 parow\u0105 oraz unikalne zabiegi aromaterapii i koloroterapii. Na mi\u0142o\u015bnik\u00f3w aktywno\u015bci fizycznej czekaj\u0105 dwa korty do squasha ASB, salka fitness oraz kr\u0119gielnia z trzema profesjonalnymi torami.<\/p>\n\n\n\n<figure class=\"wp-block-image size-large\"><a href=\"https:\/\/www.mojekonferencje.pl\/blog\/wp-content\/uploads\/2024\/06\/10-12.jpg\"><img loading=\"lazy\" decoding=\"async\" width=\"1024\" height=\"682\" src=\"https:\/\/www.mojekonferencje.pl\/blog\/wp-content\/uploads\/2024\/06\/10-12-1024x682.jpg\" alt=\"\" class=\"wp-image-5335 lazyload\" data-srcset=\"https:\/\/www.mojekonferencje.pl\/blog\/wp-content\/uploads\/2024\/06\/10-12-1024x682.jpg 1024w, https:\/\/www.mojekonferencje.pl\/blog\/wp-content\/uploads\/2024\/06\/10-12-300x200.jpg 300w, https:\/\/www.mojekonferencje.pl\/blog\/wp-content\/uploads\/2024\/06\/10-12-768x512.jpg 768w, https:\/\/www.mojekonferencje.pl\/blog\/wp-content\/uploads\/2024\/06\/10-12-1536x1024.jpg 1536w, https:\/\/www.mojekonferencje.pl\/blog\/wp-content\/uploads\/2024\/06\/10-12.jpg 1772w\" sizes=\"auto\" \/><\/a><\/figure>\n\n\n\n<h2 class=\"wp-block-heading has-text-align-center\"><a href=\"https:\/\/www.mojekonferencje.pl\/spala\/hotel-moscicki-resort--conference\"><mark style=\"background-color:rgba(0, 0, 0, 0)\" class=\"has-inline-color has-vivid-purple-color\"><span style=\"text-decoration: underline;\">Hotel Mo\u015bcicki<\/span><\/mark><\/a><\/h2>\n\n\n\n<p>Na firmow\u0105 integracj\u0119 sprawdzi si\u0119 r\u00f3wnie\u017c <strong>Hotel Mo\u015bcicki<\/strong>. To elegancki obiekt konferencyjno-wypoczynkowy, po\u0142o\u017cony w zabytkowym parku w centrum Spa\u0142y, w wojew\u00f3dztwie \u0142\u00f3dzkim. Doskona\u0142a lokalizacja w sercu Polski oraz \u0142atwy dojazd z najwi\u0119kszych miast sprawiaj\u0105, \u017ce to idealne miejsce na konferencje, szkolenia czy firmow\u0105 imprez\u0119.<\/p>\n\n\n\n<p>Hotel oferuje<strong> 56 stylowych pokoi oraz 11 dodatkowych miejsc w butikowym Dworze Carskim<\/strong>. Nowoczesne sale konferencyjne pomieszcz\u0105 do 150 os\u00f3b i wyposa\u017cone s\u0105 w sprz\u0119t audiowizualny i klimatyzacj\u0119.<\/p>\n\n\n\n<p>Na Go\u015bci czeka restauracja z daniami kuchni polskiej i europejskiej, grillowy Taras Japo\u0144ski, klimatyczny Taras Wiede\u0144ski oraz sezonowe kolacje tematyczne na dachu. W sezonie letnim organizowane s\u0105 kolacje tematyczne na dachowych tarasach, idealne dla grup do 70 os\u00f3b.<\/p>\n\n\n\n<p><strong>Hotel Mo\u015bcicki<\/strong> to po\u0142\u0105czenie elegancji, funkcjonalno\u015bci i wyj\u0105tkowego klimatu \u2013 idealne miejsce na wypoczynek i wydarzenia firmowe w centrum Polski.<\/p>\n\n\n\n<figure class=\"wp-block-image size-full\"><a href=\"https:\/\/www.mojekonferencje.pl\/blog\/wp-content\/uploads\/2024\/06\/6157313-960x580-1.webp\"><img loading=\"lazy\" decoding=\"async\" width=\"960\" height=\"580\" src=\"https:\/\/www.mojekonferencje.pl\/blog\/wp-content\/uploads\/2024\/06\/6157313-960x580-1.webp\" alt=\"\" class=\"wp-image-6813 lazyload\" data-srcset=\"https:\/\/www.mojekonferencje.pl\/blog\/wp-content\/uploads\/2024\/06\/6157313-960x580-1.webp 960w, https:\/\/www.mojekonferencje.pl\/blog\/wp-content\/uploads\/2024\/06\/6157313-960x580-1-300x181.webp 300w, https:\/\/www.mojekonferencje.pl\/blog\/wp-content\/uploads\/2024\/06\/6157313-960x580-1-768x464.webp 768w\" sizes=\"auto\" \/><\/a><\/figure>\n\n\n\n<h2 class=\"wp-block-heading has-text-align-center\"><a href=\"https:\/\/www.mojekonferencje.pl\/uniejow\/aparthotel-termy-uniejow\"><mark style=\"background-color:rgba(0, 0, 0, 0)\" class=\"has-inline-color has-vivid-purple-color\"><span style=\"text-decoration: underline;\">Aparthotel Termy Uniej\u00f3w<\/span><\/mark><\/a><\/h2>\n\n\n\n<p>Czterogwiazdkowy kompleks konferencyjno-noclegowy w Uniejowie to doskona\u0142y wyb\u00f3r dla organizator\u00f3w szkole\u0144, konferencji i imprez firmowych, a tak\u017ce dla rodzin szukaj\u0105cych komfortowego wypoczynku blisko Term Uniej\u00f3w.<\/p>\n\n\n\n<p>Na go\u015bci biznesowych czeka <strong>nowoczesne centrum konferencyjne o powierzchni 745 mkw<\/strong>., obejmuj\u0105ce 6 klimatyzowanych sal z pe\u0142nym wyposa\u017ceniem multimedialnym, mo\u017cliwo\u015bci\u0105 \u0142\u0105czenia przestrzeni i dost\u0119pem do naturalnego \u015bwiat\u0142a.<\/p>\n\n\n\n<p>W ofercie noclegowej znajduje si\u0119 <strong>172 stylowo urz\u0105dzone pokoje <\/strong>z klimatyzacj\u0105, smart TV, Wi-Fi i innymi udogodnieniami, umo\u017cliwiaj\u0105ce<strong> zakwaterowanie do 344 os\u00f3b<\/strong>.<\/p>\n\n\n\n<p>Na miejscu dzia\u0142a<strong> elegancka restauracja<\/strong> serwuj\u0105ca dania kuchni mi\u0119dzynarodowej oraz lobby bar z przek\u0105skami i napojami.<\/p>\n\n\n\n<p>Dodatkowym atutem jest <strong>blisko\u015b\u0107 kompleksu Term Uniej\u00f3w<\/strong> \u2013 idealne miejsce na relaks po intensywnym dniu spotka\u0144 biznesowych lub rodzinnych aktywno\u015bciach.<\/p>\n\n\n\n<figure class=\"wp-block-gallery has-nested-images columns-default is-cropped wp-block-gallery-1 is-layout-flex wp-block-gallery-is-layout-flex\">\n<figure class=\"wp-block-image size-full\"><a href=\"https:\/\/www.mojekonferencje.pl\/blog\/wp-content\/uploads\/2024\/06\/290249523-960x580-1.webp\"><img loading=\"lazy\" decoding=\"async\" width=\"960\" height=\"580\" data-id=\"6816\" src=\"https:\/\/www.mojekonferencje.pl\/blog\/wp-content\/uploads\/2024\/06\/290249523-960x580-1.webp\" alt=\"\" class=\"wp-image-6816 lazyload\" data-srcset=\"https:\/\/www.mojekonferencje.pl\/blog\/wp-content\/uploads\/2024\/06\/290249523-960x580-1.webp 960w, https:\/\/www.mojekonferencje.pl\/blog\/wp-content\/uploads\/2024\/06\/290249523-960x580-1-300x181.webp 300w, https:\/\/www.mojekonferencje.pl\/blog\/wp-content\/uploads\/2024\/06\/290249523-960x580-1-768x464.webp 768w\" sizes=\"auto\" \/><\/a><\/figure>\n<\/figure>\n\n\n\n<h2 class=\"wp-block-heading has-text-align-center\"><a href=\"https:\/\/www.mojekonferencje.pl\/spala\/savoy-spala\"><mark style=\"background-color:rgba(0, 0, 0, 0)\" class=\"has-inline-color has-vivid-purple-color\"><span style=\"text-decoration: underline;\">Reset Savoy Spa\u0142a<\/span><\/mark><\/a><\/h2>\n\n\n\n<p>W sercu Spalskiego Parku Krajobrazowego, tu\u017c nad Pilic\u0105<strong> znajduje si\u0119 Reset Savoy Spa\u0142a<\/strong>.<\/p>\n\n\n\n<p>Kompleks sk\u0142ada si\u0119 z trzech budynk\u00f3w \u2013 <strong>Reset, Savoy i Mi\u015b<\/strong> \u2013 oferuj\u0105cych \u0142\u0105cznie<strong> 245 miejsc noclegowych <\/strong>w przestronnych, komfortowych pokojach z \u0142azienk\u0105 i dost\u0119pem do Wi-Fi. Wszystkie pokoje posiadaj\u0105 balkony, a apartamenty zachwycaj\u0105 stylowym wystrojem i wyj\u0105tkow\u0105 atmosfer\u0105.<\/p>\n\n\n\n<p>Obiekt dysponuje <strong>nowoczesnym zapleczem konferencyjnym<\/strong>. Dwie sale w cz\u0119\u015bci RESET \u2013 <strong>wi\u0119ksza dla 124 os\u00f3b i mniejsza dla 50<\/strong> \u2013 zosta\u0142y wyposa\u017cone w profesjonalny sprz\u0119t audiowizualny, klimatyzacj\u0119 oraz szybki Internet. Dodatkowo w cz\u0119\u015bci SAVOY dost\u0119pne s\u0105 trzy przestrzenie eventowe: <strong>Sala Multi, Klubowa i Sala Restauracyjna<\/strong>.<\/p>\n\n\n\n<p>Na terenie kompleksu dzia\u0142a restauracja <strong>Rzemios\u0142o Smaku<\/strong>, serwuj\u0105ca dania z naturalnych produkt\u00f3w w eleganckiej i nowoczesnej oprawie. Restauracja ta wieczorami zamienia si\u0119 w stylow\u0105 sal\u0119 bankietow\u0105. Dodatkowo w pizzerii<strong> Zabujana Pizza Bar <\/strong>mo\u017cna zorganizowa\u0107 mniej formalne spotkanie \u2013 do dyspozycji s\u0105 dwie klimatyczne sale i menu oparte na wysokiej jako\u015bci sk\u0142adnikach.<\/p>\n\n\n\n<p>W wolnym czasie go\u015bcie mog\u0105<strong> korzysta\u0107 z urok\u00f3w okolicy<\/strong> \u2013 w Spale czeka wiele atrakcji, takich jak \u015bcie\u017cki przyrodnicze, zabytkowe mosty i kapliczki, a tak\u017ce wartych odwiedzenia miejsc<\/p>\n\n\n\n<figure class=\"wp-block-gallery has-nested-images columns-default is-cropped wp-block-gallery-2 is-layout-flex wp-block-gallery-is-layout-flex\">\n<figure class=\"wp-block-image size-full\"><a href=\"https:\/\/www.mojekonferencje.pl\/blog\/wp-content\/uploads\/2024\/06\/pa211119-hdr-960x580-1.webp\"><img loading=\"lazy\" decoding=\"async\" width=\"960\" height=\"580\" data-id=\"6859\" src=\"https:\/\/www.mojekonferencje.pl\/blog\/wp-content\/uploads\/2024\/06\/pa211119-hdr-960x580-1.webp\" alt=\"\" class=\"wp-image-6859 lazyload\" data-srcset=\"https:\/\/www.mojekonferencje.pl\/blog\/wp-content\/uploads\/2024\/06\/pa211119-hdr-960x580-1.webp 960w, https:\/\/www.mojekonferencje.pl\/blog\/wp-content\/uploads\/2024\/06\/pa211119-hdr-960x580-1-300x181.webp 300w, https:\/\/www.mojekonferencje.pl\/blog\/wp-content\/uploads\/2024\/06\/pa211119-hdr-960x580-1-768x464.webp 768w\" sizes=\"auto\" \/><\/a><\/figure>\n<\/figure>\n\n\n\n<h2 class=\"wp-block-heading has-text-align-center\"><a href=\"https:\/\/www.mojekonferencje.pl\/wolborz\/hotel-magellan-\"><mark style=\"background-color:rgba(0, 0, 0, 0)\" class=\"has-inline-color has-vivid-purple-color\"><span style=\"text-decoration: underline;\">Hotel MAGELLAN<\/span><\/mark><\/a><\/h2>\n\n\n\n<p>Nast\u0119pn\u0105 propozycj\u0105 na imprez\u0119 firmow\u0105 w \u0141odzi jest <strong>Hotel MAGELLAN Spa &amp; Business<\/strong>. To komfortowy obiekt konferencyjno-wypoczynkowy po\u0142o\u017cony w Bronis\u0142awowie, w malowniczym otoczeniu las\u00f3w i nad Zalewem Sulejowskim, zaledwie 100 km od Warszawy i 50 km od \u0141odzi. To idealne miejsce zar\u00f3wno na konferencje, jak i relaks z dala od miejskiego zgie\u0142ku.<\/p>\n\n\n\n<p>Do dyspozycji go\u015bci oddano <strong>121 stylowo urz\u0105dzonych pokoi (242 miejsca noclegowe)<\/strong>. W hotelu znajduje si\u0119 nowoczesne zaplecze konferencyjne<strong> z 8 salami<\/strong> \u2013 w tym sal\u0105 Oceania o powierzchni 300 mkw. dla 400 os\u00f3b<strong> <\/strong>\u2013 oraz<strong> Instytut Spa &amp; Wellness <\/strong>z basenem, jacuzzi i saunami. <\/p>\n\n\n\n<p>Hotel oferuje r\u00f3wnie\u017c profesjonalne gabinety odnowy biologicznej, klimatyczn\u0105 Restauracj\u0119 Magellan i Park Linowy, a dla firm \u2013 szerok\u0105 ofert\u0119 integracyjnych atrakcji terenowych.<\/p>\n\n\n\n<figure class=\"wp-block-gallery has-nested-images columns-default is-cropped wp-block-gallery-3 is-layout-flex wp-block-gallery-is-layout-flex\">\n<figure class=\"wp-block-image size-full\"><a href=\"https:\/\/www.mojekonferencje.pl\/blog\/wp-content\/uploads\/2024\/06\/zdjecie-glowne-960x580-1.webp\"><img loading=\"lazy\" decoding=\"async\" width=\"960\" height=\"580\" data-id=\"6867\" src=\"https:\/\/www.mojekonferencje.pl\/blog\/wp-content\/uploads\/2024\/06\/zdjecie-glowne-960x580-1.webp\" alt=\"\" class=\"wp-image-6867 lazyload\" data-srcset=\"https:\/\/www.mojekonferencje.pl\/blog\/wp-content\/uploads\/2024\/06\/zdjecie-glowne-960x580-1.webp 960w, https:\/\/www.mojekonferencje.pl\/blog\/wp-content\/uploads\/2024\/06\/zdjecie-glowne-960x580-1-300x181.webp 300w, https:\/\/www.mojekonferencje.pl\/blog\/wp-content\/uploads\/2024\/06\/zdjecie-glowne-960x580-1-768x464.webp 768w\" sizes=\"auto\" \/><\/a><\/figure>\n<\/figure>\n\n\n\n<h2 class=\"wp-block-heading has-text-align-center\"><a href=\"https:\/\/www.mojekonferencje.pl\/lodz\/centralne-muzeum-wlokiennictwa-w-lodzi\"><mark style=\"background-color:rgba(0, 0, 0, 0)\" class=\"has-inline-color has-vivid-purple-color\"><span style=\"text-decoration: underline;\">Centralne Muzeum W\u0142okiennictwa w \u0141odzi<\/span><\/mark><\/a><\/h2>\n\n\n\n<p>To wyj\u0105tkowy obiekt zlokalizowany w historycznej Bia\u0142ej Fabryce Ludwika Geyera, kt\u00f3ry \u0142\u0105czy industrialny klimat z funkcj\u0105 kulturaln\u0105 i eventow\u0105. <strong>Centralne Muzeum W\u0142okiennictwa w \u0141odzi<\/strong> prezentuje bogat\u0105 kolekcj\u0119 tkanin artystycznych oraz organizuje wystawy, warsztaty i wydarzenia tematyczne.<\/p>\n\n\n\n<p>Obiekt udost\u0119pnia do wynaj\u0119cia <strong>przestrzenie o unikalnym charakterze<\/strong>: Plac Brukowy, Plac \u017beliwny oraz zabytkowy drewniany ko\u015bci\u00f3\u0142 pw. \u015bw. Andrzeja Boboli. To miejsca doskona\u0142e na konferencje, spotkania firmowe, sesje zdj\u0119ciowe czy wydarzenia plenerowe.<\/p>\n\n\n\n<p>Na terenie muzeum znajduj\u0105 si\u0119 tak\u017ce <strong>cztery miejsca noclegowe (dwa pokoje jednoosobowe i jeden dwuosobowy) <\/strong>oraz zaplecze dla firm cateringowych. Dodatkow\u0105 atrakcj\u0105 mo\u017ce by\u0107 zwiedzanie ekspozycji z przewodnikiem, r\u00f3wnie\u017c w j\u0119zyku angielskim.<\/p>\n\n\n\n<figure class=\"wp-block-gallery has-nested-images columns-default is-cropped wp-block-gallery-4 is-layout-flex wp-block-gallery-is-layout-flex\">\n<figure class=\"wp-block-image size-full\"><a href=\"https:\/\/www.mojekonferencje.pl\/blog\/wp-content\/uploads\/2024\/06\/dziedziniec-1-960x580-1.webp\"><img loading=\"lazy\" decoding=\"async\" width=\"960\" height=\"580\" data-id=\"7104\" src=\"https:\/\/www.mojekonferencje.pl\/blog\/wp-content\/uploads\/2024\/06\/dziedziniec-1-960x580-1.webp\" alt=\"\" class=\"wp-image-7104 lazyload\" data-srcset=\"https:\/\/www.mojekonferencje.pl\/blog\/wp-content\/uploads\/2024\/06\/dziedziniec-1-960x580-1.webp 960w, https:\/\/www.mojekonferencje.pl\/blog\/wp-content\/uploads\/2024\/06\/dziedziniec-1-960x580-1-300x181.webp 300w, https:\/\/www.mojekonferencje.pl\/blog\/wp-content\/uploads\/2024\/06\/dziedziniec-1-960x580-1-768x464.webp 768w\" sizes=\"auto\" \/><\/a><\/figure>\n<\/figure>\n\n\n\n<h2 class=\"wp-block-heading has-text-align-center\"><a href=\"https:\/\/www.mojekonferencje.pl\/lodz\/restauracja-manuarte\"><mark style=\"background-color:rgba(0, 0, 0, 0)\" class=\"has-inline-color has-vivid-purple-color\"><span style=\"text-decoration: underline;\">Manuarte &#8211; Scena | Eventy | Restauracja | Cafeteria&amp;Bar<\/span><\/mark><\/a><\/h2>\n\n\n\n<p>W\u015br\u00f3d wyj\u0105tkowych miejsc na imprezy firmowe w \u0141odzi, <strong>Manuarte<\/strong> wyr\u00f3\u017cnia si\u0119 niepowtarzalnym klimatem i imponuj\u0105c\u0105 ofert\u0105 eventow\u0105. Po\u0142o\u017cone przy ul. Drewnowskiej 58D, na terenie Manufaktury, to przestrze\u0144 stworzona przez Agustina Egurrol\u0119. Stylowe wn\u0119trza inspirowane Hawan\u0105, bogate w oryginalne detale i pami\u0105tki z Kuby, tworz\u0105 idealne t\u0142o dla firmowych spotka\u0144 \u2013 od eleganckich kolacji po widowiskowe gale.<\/p>\n\n\n\n<p>Obiekt oferuje r\u00f3\u017cnorodne przestrzenie:<strong> kameralna Restauracja Manuarte, klimatyczny Bar Buena Vista, ekskluzywna strefa VIP El Capitolio z widokiem na Manufaktur\u0119<\/strong>, a tak\u017ce spektakularna przestrze\u0144 CLUB \/ EL SHOW \u2013 z profesjonaln\u0105 scen\u0105, o\u015bwietleniem i multimediami, gotowa na koncerty i pokazy dla nawet 1000 os\u00f3b. <\/p>\n\n\n\n<p>Wysokiej klasy zaplecze techniczne, w\u0142asny catering, obs\u0142uga na najwy\u017cszym poziomie oraz doskona\u0142a lokalizacja czyni\u0105 Manuarte miejscem stworzonym do organizacji presti\u017cowych event\u00f3w, konferencji i integracji. Karaibska energia i profesjonalizm w jednym \u2013 Manuarte to wyb\u00f3r, kt\u00f3ry gwarantuje niezapomniane firmowe wydarzenie.<\/p>\n\n\n\n<figure class=\"wp-block-gallery has-nested-images columns-default is-cropped wp-block-gallery-5 is-layout-flex wp-block-gallery-is-layout-flex\">\n<figure class=\"wp-block-image size-full\"><a href=\"https:\/\/www.mojekonferencje.pl\/blog\/wp-content\/uploads\/2024\/06\/196-960x580-1.webp\"><img loading=\"lazy\" decoding=\"async\" width=\"960\" height=\"580\" data-id=\"7244\" src=\"https:\/\/www.mojekonferencje.pl\/blog\/wp-content\/uploads\/2024\/06\/196-960x580-1.webp\" alt=\"\" class=\"wp-image-7244 lazyload\" data-srcset=\"https:\/\/www.mojekonferencje.pl\/blog\/wp-content\/uploads\/2024\/06\/196-960x580-1.webp 960w, https:\/\/www.mojekonferencje.pl\/blog\/wp-content\/uploads\/2024\/06\/196-960x580-1-300x181.webp 300w, https:\/\/www.mojekonferencje.pl\/blog\/wp-content\/uploads\/2024\/06\/196-960x580-1-768x464.webp 768w\" sizes=\"auto\" \/><\/a><\/figure>\n<\/figure>\n","protected":false},"excerpt":{"rendered":"<p>Odkryj niezwyk\u0142e miejsca na imprezy firmowe w \u0141odzi. Jest to dynamiczne miasto, \u0142\u0105cz\u0105ce histori\u0119 z nowoczesno\u015bci\u0105, idealne na konferencje i szkolenia. <\/p>\n","protected":false},"author":9,"featured_media":5325,"comment_status":"closed","ping_status":"closed","sticky":false,"template":"","format":"standard","meta":{"_acf_changed":false,"footnotes":""},"categories":[8,175],"tags":[368,367,271,353,354],"class_list":["post-5324","post","type-post","status-publish","format-standard","has-post-thumbnail","hentry","category-porady","category-wybieranie-miejsca-konferencyjnego","tag-hotel","tag-hotele","tag-hotele-konferencyjne","tag-organizacja-imprez","tag-organizacja-wydarzen"],"acf":[],"yoast_head":"<!-- This site is optimized with the Yoast SEO plugin v27.1.1 - https:\/\/yoast.com\/product\/yoast-seo-wordpress\/ -->\n<title>Imprezy firmowe \u0141\u00f3d\u017a - wyj\u0105tkowe miejsca na eventy - blog | MojeKonferencje.pl<\/title>\n<meta name=\"description\" content=\"Imprezy firmowe \u0141\u00f3d\u017a - wyj\u0105tkowe miejsca na eventy - blog | MojeKonferencje.pl\" \/>\n<meta name=\"robots\" content=\"index, follow, max-snippet:-1, max-image-preview:large, max-video-preview:-1\" \/>\n<link rel=\"canonical\" href=\"https:\/\/www.mojekonferencje.pl\/blog\/imprezy-firmowe-lodz-wyjatkowe-miejsca-na-eventy\/\" \/>\n<meta property=\"og:locale\" content=\"pl_PL\" \/>\n<meta property=\"og:type\" content=\"article\" \/>\n<meta property=\"og:title\" content=\"Imprezy firmowe \u0141\u00f3d\u017a - wyj\u0105tkowe miejsca na eventy - blog | MojeKonferencje.pl\" \/>\n<meta property=\"og:description\" content=\"Imprezy firmowe \u0141\u00f3d\u017a - wyj\u0105tkowe miejsca na eventy - blog | MojeKonferencje.pl\" \/>\n<meta property=\"og:url\" content=\"https:\/\/www.mojekonferencje.pl\/blog\/imprezy-firmowe-lodz-wyjatkowe-miejsca-na-eventy\/\" \/>\n<meta property=\"og:site_name\" content=\"MojeKonferencje.pl\" \/>\n<meta property=\"article:published_time\" content=\"2024-06-28T15:40:47+00:00\" \/>\n<meta property=\"article:modified_time\" content=\"2025-05-20T15:29:31+00:00\" \/>\n<meta property=\"og:image\" content=\"https:\/\/www.mojekonferencje.pl\/blog\/wp-content\/uploads\/2024\/06\/Fotoram.io-93.jpg\" \/>\n\t<meta property=\"og:image:width\" content=\"1200\" \/>\n\t<meta property=\"og:image:height\" content=\"720\" \/>\n\t<meta property=\"og:image:type\" content=\"image\/jpeg\" \/>\n<meta name=\"author\" content=\"Olga Stawicka-Iwanowska\" \/>\n<meta name=\"twitter:card\" content=\"summary_large_image\" \/>\n<meta name=\"twitter:label1\" content=\"Napisane przez\" \/>\n\t<meta name=\"twitter:data1\" content=\"Olga Stawicka-Iwanowska\" \/>\n\t<meta name=\"twitter:label2\" content=\"Szacowany czas czytania\" \/>\n\t<meta name=\"twitter:data2\" content=\"18 minut\" \/>\n<script type=\"application\/ld+json\" class=\"yoast-schema-graph\">{\"@context\":\"https:\/\/schema.org\",\"@graph\":[{\"@type\":\"Article\",\"@id\":\"https:\/\/www.mojekonferencje.pl\/blog\/imprezy-firmowe-lodz-wyjatkowe-miejsca-na-eventy\/#article\",\"isPartOf\":{\"@id\":\"https:\/\/www.mojekonferencje.pl\/blog\/imprezy-firmowe-lodz-wyjatkowe-miejsca-na-eventy\/\"},\"author\":{\"name\":\"Olga Stawicka-Iwanowska\",\"@id\":\"https:\/\/www.mojekonferencje.pl\/blog\/#\/schema\/person\/d6751ca3c60de9ec17ee21b744bbb2d4\"},\"headline\":\"Imprezy firmowe \u0141\u00f3d\u017a &#8211; wyj\u0105tkowe miejsca na eventy\",\"datePublished\":\"2024-06-28T15:40:47+00:00\",\"dateModified\":\"2025-05-20T15:29:31+00:00\",\"mainEntityOfPage\":{\"@id\":\"https:\/\/www.mojekonferencje.pl\/blog\/imprezy-firmowe-lodz-wyjatkowe-miejsca-na-eventy\/\"},\"wordCount\":2716,\"image\":{\"@id\":\"https:\/\/www.mojekonferencje.pl\/blog\/imprezy-firmowe-lodz-wyjatkowe-miejsca-na-eventy\/#primaryimage\"},\"thumbnailUrl\":\"https:\/\/www.mojekonferencje.pl\/blog\/wp-content\/uploads\/2024\/06\/Fotoram.io-93.jpg\",\"keywords\":[\"hotel\",\"hotele\",\"hotele konferencyjne\",\"organizacja imprez\",\"organizacja wydarze\u0144\"],\"articleSection\":[\"Porady\",\"Wybieranie miejsca konferencyjnego\"],\"inLanguage\":\"pl-PL\"},{\"@type\":\"WebPage\",\"@id\":\"https:\/\/www.mojekonferencje.pl\/blog\/imprezy-firmowe-lodz-wyjatkowe-miejsca-na-eventy\/\",\"url\":\"https:\/\/www.mojekonferencje.pl\/blog\/imprezy-firmowe-lodz-wyjatkowe-miejsca-na-eventy\/\",\"name\":\"Imprezy firmowe \u0141\u00f3d\u017a - wyj\u0105tkowe miejsca na eventy - blog | MojeKonferencje.pl\",\"isPartOf\":{\"@id\":\"https:\/\/www.mojekonferencje.pl\/blog\/#website\"},\"primaryImageOfPage\":{\"@id\":\"https:\/\/www.mojekonferencje.pl\/blog\/imprezy-firmowe-lodz-wyjatkowe-miejsca-na-eventy\/#primaryimage\"},\"image\":{\"@id\":\"https:\/\/www.mojekonferencje.pl\/blog\/imprezy-firmowe-lodz-wyjatkowe-miejsca-na-eventy\/#primaryimage\"},\"thumbnailUrl\":\"https:\/\/www.mojekonferencje.pl\/blog\/wp-content\/uploads\/2024\/06\/Fotoram.io-93.jpg\",\"datePublished\":\"2024-06-28T15:40:47+00:00\",\"dateModified\":\"2025-05-20T15:29:31+00:00\",\"author\":{\"@id\":\"https:\/\/www.mojekonferencje.pl\/blog\/#\/schema\/person\/d6751ca3c60de9ec17ee21b744bbb2d4\"},\"description\":\"Imprezy firmowe \u0141\u00f3d\u017a - wyj\u0105tkowe miejsca na eventy - blog | MojeKonferencje.pl\",\"breadcrumb\":{\"@id\":\"https:\/\/www.mojekonferencje.pl\/blog\/imprezy-firmowe-lodz-wyjatkowe-miejsca-na-eventy\/#breadcrumb\"},\"inLanguage\":\"pl-PL\",\"potentialAction\":[{\"@type\":\"ReadAction\",\"target\":[\"https:\/\/www.mojekonferencje.pl\/blog\/imprezy-firmowe-lodz-wyjatkowe-miejsca-na-eventy\/\"]}]},{\"@type\":\"ImageObject\",\"inLanguage\":\"pl-PL\",\"@id\":\"https:\/\/www.mojekonferencje.pl\/blog\/imprezy-firmowe-lodz-wyjatkowe-miejsca-na-eventy\/#primaryimage\",\"url\":\"https:\/\/www.mojekonferencje.pl\/blog\/wp-content\/uploads\/2024\/06\/Fotoram.io-93.jpg\",\"contentUrl\":\"https:\/\/www.mojekonferencje.pl\/blog\/wp-content\/uploads\/2024\/06\/Fotoram.io-93.jpg\",\"width\":1200,\"height\":720},{\"@type\":\"BreadcrumbList\",\"@id\":\"https:\/\/www.mojekonferencje.pl\/blog\/imprezy-firmowe-lodz-wyjatkowe-miejsca-na-eventy\/#breadcrumb\",\"itemListElement\":[{\"@type\":\"ListItem\",\"position\":1,\"name\":\"Strona g\u0142\u00f3wna\",\"item\":\"https:\/\/www.mojekonferencje.pl\/blog\/\"},{\"@type\":\"ListItem\",\"position\":2,\"name\":\"Imprezy firmowe \u0141\u00f3d\u017a &#8211; wyj\u0105tkowe miejsca na eventy\"}]},{\"@type\":\"WebSite\",\"@id\":\"https:\/\/www.mojekonferencje.pl\/blog\/#website\",\"url\":\"https:\/\/www.mojekonferencje.pl\/blog\/\",\"name\":\"MojeKonferencje.pl\",\"description\":\"Blog bran\u017cy szkoleniowo-konferencyjnej. W\u0142\u0105cz si\u0119 do dyskusji o obiektach konferencyjnych i nowo\u015bciach z bran\u017cy! Poznaj porady odno\u015bnie organizacji konferencji, szkole\u0144 i event\u00f3w firmowych! Zach\u0119camy do wyra\u017cania opinii oraz komentarzy.\",\"potentialAction\":[{\"@type\":\"SearchAction\",\"target\":{\"@type\":\"EntryPoint\",\"urlTemplate\":\"https:\/\/www.mojekonferencje.pl\/blog\/?s={search_term_string}\"},\"query-input\":{\"@type\":\"PropertyValueSpecification\",\"valueRequired\":true,\"valueName\":\"search_term_string\"}}],\"inLanguage\":\"pl-PL\"},{\"@type\":\"Person\",\"@id\":\"https:\/\/www.mojekonferencje.pl\/blog\/#\/schema\/person\/d6751ca3c60de9ec17ee21b744bbb2d4\",\"name\":\"Olga Stawicka-Iwanowska\",\"description\":\"Head of Marketing z ponad sze\u015bcioletnim do\u015bwiadczeniem w bran\u017cy MICE. Na co dzie\u0144 zajmuje si\u0119 content marketingiem i promocj\u0105 obiekt\u00f3w eventowych, tak aby organizatorzy kongres\u00f3w, targ\u00f3w i konferencji wiedzieli, \u017ce w\u0142a\u015bnie tam warto zrealizowa\u0107 swoje wydarzenie. Prowadzi media spo\u0142eczno\u015bciowe, tworzy strategie komunikacji, pisze artyku\u0142y i dba o sp\u00f3jny wizerunek marki w ka\u017cdym kanale. W swojej pracy \u0142\u0105czy analityczne my\u015blenie z kreatywno\u015bci\u0105 i dobrym copy. Wsp\u00f3\u0142pracuje zar\u00f3wno z organizatorami najwi\u0119kszych wydarze\u0144 w Polsce, jak i z regionalnymi partnerami z bran\u017cy. Po godzinach mi\u0142o\u015bniczka podr\u00f3\u017cy po Europie, dobrej kuchni i klimatycznych miejsc, w kt\u00f3rych mo\u017cna z\u0142apa\u0107 oddech.\",\"sameAs\":[\"http:\/\/MojeKonferencje.pl\",\"https:\/\/www.linkedin.com\/in\/olgastawicka\/\"],\"url\":\"https:\/\/www.mojekonferencje.pl\/blog\/author\/osawicka\/\"}]}<\/script>\n<!-- \/ Yoast SEO plugin. -->","yoast_head_json":{"title":"Imprezy firmowe \u0141\u00f3d\u017a - wyj\u0105tkowe miejsca na eventy - blog | MojeKonferencje.pl","description":"Imprezy firmowe \u0141\u00f3d\u017a - wyj\u0105tkowe miejsca na eventy - blog | MojeKonferencje.pl","robots":{"index":"index","follow":"follow","max-snippet":"max-snippet:-1","max-image-preview":"max-image-preview:large","max-video-preview":"max-video-preview:-1"},"canonical":"https:\/\/www.mojekonferencje.pl\/blog\/imprezy-firmowe-lodz-wyjatkowe-miejsca-na-eventy\/","og_locale":"pl_PL","og_type":"article","og_title":"Imprezy firmowe \u0141\u00f3d\u017a - wyj\u0105tkowe miejsca na eventy - blog | MojeKonferencje.pl","og_description":"Imprezy firmowe \u0141\u00f3d\u017a - wyj\u0105tkowe miejsca na eventy - blog | MojeKonferencje.pl","og_url":"https:\/\/www.mojekonferencje.pl\/blog\/imprezy-firmowe-lodz-wyjatkowe-miejsca-na-eventy\/","og_site_name":"MojeKonferencje.pl","article_published_time":"2024-06-28T15:40:47+00:00","article_modified_time":"2025-05-20T15:29:31+00:00","og_image":[{"width":1200,"height":720,"url":"https:\/\/www.mojekonferencje.pl\/blog\/wp-content\/uploads\/2024\/06\/Fotoram.io-93.jpg","type":"image\/jpeg"}],"author":"Olga Stawicka-Iwanowska","twitter_card":"summary_large_image","twitter_misc":{"Napisane przez":"Olga Stawicka-Iwanowska","Szacowany czas czytania":"18 minut"},"schema":{"@context":"https:\/\/schema.org","@graph":[{"@type":"Article","@id":"https:\/\/www.mojekonferencje.pl\/blog\/imprezy-firmowe-lodz-wyjatkowe-miejsca-na-eventy\/#article","isPartOf":{"@id":"https:\/\/www.mojekonferencje.pl\/blog\/imprezy-firmowe-lodz-wyjatkowe-miejsca-na-eventy\/"},"author":{"name":"Olga Stawicka-Iwanowska","@id":"https:\/\/www.mojekonferencje.pl\/blog\/#\/schema\/person\/d6751ca3c60de9ec17ee21b744bbb2d4"},"headline":"Imprezy firmowe \u0141\u00f3d\u017a &#8211; wyj\u0105tkowe miejsca na eventy","datePublished":"2024-06-28T15:40:47+00:00","dateModified":"2025-05-20T15:29:31+00:00","mainEntityOfPage":{"@id":"https:\/\/www.mojekonferencje.pl\/blog\/imprezy-firmowe-lodz-wyjatkowe-miejsca-na-eventy\/"},"wordCount":2716,"image":{"@id":"https:\/\/www.mojekonferencje.pl\/blog\/imprezy-firmowe-lodz-wyjatkowe-miejsca-na-eventy\/#primaryimage"},"thumbnailUrl":"https:\/\/www.mojekonferencje.pl\/blog\/wp-content\/uploads\/2024\/06\/Fotoram.io-93.jpg","keywords":["hotel","hotele","hotele konferencyjne","organizacja imprez","organizacja wydarze\u0144"],"articleSection":["Porady","Wybieranie miejsca konferencyjnego"],"inLanguage":"pl-PL"},{"@type":"WebPage","@id":"https:\/\/www.mojekonferencje.pl\/blog\/imprezy-firmowe-lodz-wyjatkowe-miejsca-na-eventy\/","url":"https:\/\/www.mojekonferencje.pl\/blog\/imprezy-firmowe-lodz-wyjatkowe-miejsca-na-eventy\/","name":"Imprezy firmowe \u0141\u00f3d\u017a - wyj\u0105tkowe miejsca na eventy - blog | MojeKonferencje.pl","isPartOf":{"@id":"https:\/\/www.mojekonferencje.pl\/blog\/#website"},"primaryImageOfPage":{"@id":"https:\/\/www.mojekonferencje.pl\/blog\/imprezy-firmowe-lodz-wyjatkowe-miejsca-na-eventy\/#primaryimage"},"image":{"@id":"https:\/\/www.mojekonferencje.pl\/blog\/imprezy-firmowe-lodz-wyjatkowe-miejsca-na-eventy\/#primaryimage"},"thumbnailUrl":"https:\/\/www.mojekonferencje.pl\/blog\/wp-content\/uploads\/2024\/06\/Fotoram.io-93.jpg","datePublished":"2024-06-28T15:40:47+00:00","dateModified":"2025-05-20T15:29:31+00:00","author":{"@id":"https:\/\/www.mojekonferencje.pl\/blog\/#\/schema\/person\/d6751ca3c60de9ec17ee21b744bbb2d4"},"description":"Imprezy firmowe \u0141\u00f3d\u017a - wyj\u0105tkowe miejsca na eventy - blog | MojeKonferencje.pl","breadcrumb":{"@id":"https:\/\/www.mojekonferencje.pl\/blog\/imprezy-firmowe-lodz-wyjatkowe-miejsca-na-eventy\/#breadcrumb"},"inLanguage":"pl-PL","potentialAction":[{"@type":"ReadAction","target":["https:\/\/www.mojekonferencje.pl\/blog\/imprezy-firmowe-lodz-wyjatkowe-miejsca-na-eventy\/"]}]},{"@type":"ImageObject","inLanguage":"pl-PL","@id":"https:\/\/www.mojekonferencje.pl\/blog\/imprezy-firmowe-lodz-wyjatkowe-miejsca-na-eventy\/#primaryimage","url":"https:\/\/www.mojekonferencje.pl\/blog\/wp-content\/uploads\/2024\/06\/Fotoram.io-93.jpg","contentUrl":"https:\/\/www.mojekonferencje.pl\/blog\/wp-content\/uploads\/2024\/06\/Fotoram.io-93.jpg","width":1200,"height":720},{"@type":"BreadcrumbList","@id":"https:\/\/www.mojekonferencje.pl\/blog\/imprezy-firmowe-lodz-wyjatkowe-miejsca-na-eventy\/#breadcrumb","itemListElement":[{"@type":"ListItem","position":1,"name":"Strona g\u0142\u00f3wna","item":"https:\/\/www.mojekonferencje.pl\/blog\/"},{"@type":"ListItem","position":2,"name":"Imprezy firmowe \u0141\u00f3d\u017a &#8211; wyj\u0105tkowe miejsca na eventy"}]},{"@type":"WebSite","@id":"https:\/\/www.mojekonferencje.pl\/blog\/#website","url":"https:\/\/www.mojekonferencje.pl\/blog\/","name":"MojeKonferencje.pl","description":"Blog bran\u017cy szkoleniowo-konferencyjnej. W\u0142\u0105cz si\u0119 do dyskusji o obiektach konferencyjnych i nowo\u015bciach z bran\u017cy! Poznaj porady odno\u015bnie organizacji konferencji, szkole\u0144 i event\u00f3w firmowych! Zach\u0119camy do wyra\u017cania opinii oraz komentarzy.","potentialAction":[{"@type":"SearchAction","target":{"@type":"EntryPoint","urlTemplate":"https:\/\/www.mojekonferencje.pl\/blog\/?s={search_term_string}"},"query-input":{"@type":"PropertyValueSpecification","valueRequired":true,"valueName":"search_term_string"}}],"inLanguage":"pl-PL"},{"@type":"Person","@id":"https:\/\/www.mojekonferencje.pl\/blog\/#\/schema\/person\/d6751ca3c60de9ec17ee21b744bbb2d4","name":"Olga Stawicka-Iwanowska","description":"Head of Marketing z ponad sze\u015bcioletnim do\u015bwiadczeniem w bran\u017cy MICE. Na co dzie\u0144 zajmuje si\u0119 content marketingiem i promocj\u0105 obiekt\u00f3w eventowych, tak aby organizatorzy kongres\u00f3w, targ\u00f3w i konferencji wiedzieli, \u017ce w\u0142a\u015bnie tam warto zrealizowa\u0107 swoje wydarzenie. Prowadzi media spo\u0142eczno\u015bciowe, tworzy strategie komunikacji, pisze artyku\u0142y i dba o sp\u00f3jny wizerunek marki w ka\u017cdym kanale. W swojej pracy \u0142\u0105czy analityczne my\u015blenie z kreatywno\u015bci\u0105 i dobrym copy. Wsp\u00f3\u0142pracuje zar\u00f3wno z organizatorami najwi\u0119kszych wydarze\u0144 w Polsce, jak i z regionalnymi partnerami z bran\u017cy. Po godzinach mi\u0142o\u015bniczka podr\u00f3\u017cy po Europie, dobrej kuchni i klimatycznych miejsc, w kt\u00f3rych mo\u017cna z\u0142apa\u0107 oddech.","sameAs":["http:\/\/MojeKonferencje.pl","https:\/\/www.linkedin.com\/in\/olgastawicka\/"],"url":"https:\/\/www.mojekonferencje.pl\/blog\/author\/osawicka\/"}]}},"_links":{"self":[{"href":"https:\/\/www.mojekonferencje.pl\/blog\/wp-json\/wp\/v2\/posts\/5324","targetHints":{"allow":["GET"]}}],"collection":[{"href":"https:\/\/www.mojekonferencje.pl\/blog\/wp-json\/wp\/v2\/posts"}],"about":[{"href":"https:\/\/www.mojekonferencje.pl\/blog\/wp-json\/wp\/v2\/types\/post"}],"author":[{"embeddable":true,"href":"https:\/\/www.mojekonferencje.pl\/blog\/wp-json\/wp\/v2\/users\/9"}],"replies":[{"embeddable":true,"href":"https:\/\/www.mojekonferencje.pl\/blog\/wp-json\/wp\/v2\/comments?post=5324"}],"version-history":[{"count":11,"href":"https:\/\/www.mojekonferencje.pl\/blog\/wp-json\/wp\/v2\/posts\/5324\/revisions"}],"predecessor-version":[{"id":7245,"href":"https:\/\/www.mojekonferencje.pl\/blog\/wp-json\/wp\/v2\/posts\/5324\/revisions\/7245"}],"wp:featuredmedia":[{"embeddable":true,"href":"https:\/\/www.mojekonferencje.pl\/blog\/wp-json\/wp\/v2\/media\/5325"}],"wp:attachment":[{"href":"https:\/\/www.mojekonferencje.pl\/blog\/wp-json\/wp\/v2\/media?parent=5324"}],"wp:term":[{"taxonomy":"category","embeddable":true,"href":"https:\/\/www.mojekonferencje.pl\/blog\/wp-json\/wp\/v2\/categories?post=5324"},{"taxonomy":"post_tag","embeddable":true,"href":"https:\/\/www.mojekonferencje.pl\/blog\/wp-json\/wp\/v2\/tags?post=5324"}],"curies":[{"name":"wp","href":"https:\/\/api.w.org\/{rel}","templated":true}]}}