{"id":5450,"date":"2024-08-20T16:00:00","date_gmt":"2024-08-20T14:00:00","guid":{"rendered":"https:\/\/www.mojekonferencje.pl\/blog\/?p=5450"},"modified":"2025-05-07T17:33:42","modified_gmt":"2025-05-07T15:33:42","slug":"najlepsze-hotele-na-warmii","status":"publish","type":"post","link":"https:\/\/www.mojekonferencje.pl\/blog\/najlepsze-hotele-na-warmii\/","title":{"rendered":"Najlepsze hotele na Warmii"},"content":{"rendered":"\n<p><strong>Warmia to region, kt\u00f3ry nieustannie zachwyca swoim malowniczym krajobrazem, bogat\u0105 histori\u0105 oraz spokojem, kt\u00f3ry sprzyja zar\u00f3wno relaksowi, jak i efektywnej pracy. Organizacja konferencji, szkole\u0144 czy spotka\u0144 biznesowych w tej cz\u0119\u015bci Polski to gwarancja wyj\u0105tkowej atmosfery, kt\u00f3ra sprzyja budowaniu relacji oraz kreatywnemu my\u015bleniu. <\/strong><\/p>\n\n\n\n<p><strong>Hotele na Warmii<\/strong> oferuj\u0105 nie tylko komfortowe warunki do pracy, ale tak\u017ce dost\u0119p do nowoczesnych sal konferencyjnych, profesjonalnej obs\u0142ugi i atrakcji, kt\u00f3re umil\u0105 czas po intensywnych spotkaniach. Wybieraj\u0105c ten region, \u0142\u0105czysz przyjemne z po\u017cytecznym \u2013 organizujesz udane wydarzenie w otoczeniu natury, kt\u00f3re sprzyja inspiracji i wypoczynkowi.<\/p>\n\n\n\n<p>Koniecznie zosta\u0144 z nami i poznaj <a href=\"https:\/\/www.mojekonferencje.pl\/konferencje-warminsko-mazurskie\">hotele na Warmii<\/a>, takie jak:<\/p>\n\n\n\n<figure class=\"wp-block-table\"><table class=\"has-fixed-layout\"><tbody><tr><td><a href=\"https:\/\/www.mojekonferencje.pl\/olsztyn\/hotel-marina-club\">Hotel Marina Club<\/a><\/td><td><a href=\"https:\/\/www.mojekonferencje.pl\/olsztyn\/warminski-hotel--conference\">Warmi\u0144ski Hotel &amp; Conference<\/a><\/td><\/tr><tr><td><a href=\"https:\/\/www.mojekonferencje.pl\/barczewo\/hotel-azzun-orient-spa--wellness\">Hotel Azzun Orient SPA &amp; Wellness<\/a><\/td><td><a href=\"https:\/\/www.mojekonferencje.pl\/olsztyn\/przystan-hotel--spa\">Przysta\u0144 Hotel &amp; SPA<\/a><\/td><\/tr><tr><td><a href=\"https:\/\/www.mojekonferencje.pl\/pluski\/hotel-warmia-park\">Hotel WARMIA PARK<\/a><\/td><td><a href=\"https:\/\/www.mojekonferencje.pl\/olsztyn\/hotel-hp-parkolsztyn\">Hotel HP Park Olsztyn<\/a><\/td><\/tr><tr><td><a href=\"https:\/\/www.mojekonferencje.pl\/stawiguda-\/osrodek-wypoczynkowy-lansk-centrum-obslugi-kprm\">O\u015brodek Wypoczynkowy \u0141a\u0144sk<\/a><\/td><td><a href=\"https:\/\/www.mojekonferencje.pl\/jeziorany\/osada-debowo\">Osada D\u0119bowo<\/a><\/td><\/tr><tr><td><a href=\"https:\/\/www.mojekonferencje.pl\/olsztyn\/villa-garden-dyplomat\">Villa Garden Dyplomat<\/a><\/td><td><\/td><\/tr><\/tbody><\/table><\/figure>\n\n\n\n<h2 class=\"wp-block-heading has-text-align-center has-vivid-purple-color has-text-color has-link-color wp-elements-af739e0896699f9eaa084028797c7d76\"><a href=\"https:\/\/www.mojekonferencje.pl\/olsztyn\/hotel-marina-club\"><span style=\"text-decoration: underline;\">Hotel Marina Club<\/span><\/a><\/h2>\n\n\n\n<p>Ten <strong>hotel na Warmii<\/strong> zapewnia niezapomniane widoki z ka\u017cdego pokoju, co sprawia, \u017ce ka\u017cde spotkanie nabiera wyj\u0105tkowego charakteru. Hotel dysponuje sze\u015bcioma nowoczesnymi salami konferencyjnymi, w tym imponuj\u0105c\u0105 Sal\u0105 Omega o wysoko\u015bci 9 metr\u00f3w, kt\u00f3r\u0105 mo\u017cna po\u0142\u0105czy\u0107 z innymi pomieszczeniami, tworz\u0105c przestrze\u0144 nawet dla du\u017cych kongres\u00f3w. <\/p>\n\n\n\n<p>Profesjonalne wyposa\u017cenie audiowizualne i szybki internet zapewniaj\u0105 idealne warunki do pracy. Po intensywnym dniu go\u015bcie mog\u0105 zrelaksowa\u0107 si\u0119 w <strong>Marina SPA<\/strong> lub cieszy\u0107 si\u0119 atrakcjami wodnymi i okolicznymi szlakami. <strong>Hotel Marina Club<\/strong> to miejsce, kt\u00f3re \u0142\u0105czy luksus, komfort i niezapomniane wra\u017cenia z ka\u017cdej konferencji czy spotkania biznesowego.<\/p>\n\n\n\n<figure class=\"wp-block-gallery has-nested-images columns-default is-cropped wp-block-gallery-1 is-layout-flex wp-block-gallery-is-layout-flex\">\n<figure class=\"wp-block-image size-large\"><a href=\"https:\/\/www.mojekonferencje.pl\/blog\/wp-content\/uploads\/2024\/08\/1_Easy-Resize.com-1.jpg\"><img loading=\"lazy\" decoding=\"async\" width=\"1024\" height=\"682\" data-id=\"5452\" src=\"https:\/\/www.mojekonferencje.pl\/blog\/wp-content\/uploads\/2024\/08\/1_Easy-Resize.com-1-1024x682.jpg\" alt=\"\" class=\"wp-image-5452 lazyload\" data-srcset=\"https:\/\/www.mojekonferencje.pl\/blog\/wp-content\/uploads\/2024\/08\/1_Easy-Resize.com-1-1024x682.jpg 1024w, https:\/\/www.mojekonferencje.pl\/blog\/wp-content\/uploads\/2024\/08\/1_Easy-Resize.com-1-300x200.jpg 300w, https:\/\/www.mojekonferencje.pl\/blog\/wp-content\/uploads\/2024\/08\/1_Easy-Resize.com-1-768x512.jpg 768w, https:\/\/www.mojekonferencje.pl\/blog\/wp-content\/uploads\/2024\/08\/1_Easy-Resize.com-1.jpg 1280w\" sizes=\"auto\" \/><\/a><\/figure>\n<\/figure>\n\n\n\n<h2 class=\"wp-block-heading has-text-align-center has-vivid-purple-color has-text-color has-link-color wp-elements-e49f18cace64a6ba3f8c21d7da670b54\"><a href=\"https:\/\/www.mojekonferencje.pl\/barczewo\/hotel-azzun-orient-spa--wellness\"><span style=\"text-decoration: underline;\">Hotel Azzun Orient SPA &amp; Wellness<\/span><\/a><\/h2>\n\n\n\n<p>To kolejne wyj\u0105tkowe <strong>miejsce na mapie Warmii<\/strong>, idealne do organizacji event\u00f3w biznesowych, kt\u00f3re \u0142\u0105cz\u0105 prac\u0119 z relaksem. Po\u0142o\u017cony w otoczeniu malowniczej przyrody, hotel oferuje 9 funkcjonalnych sal konferencyjnych, kt\u00f3re mo\u017cna dostosowa\u0107 do ka\u017cdej potrzeby, od kameralnych spotka\u0144 po du\u017ce kongresy. <\/p>\n\n\n\n<p>W hotelu znajduje si\u0119 200 miejsc noclegowych, w tym luksusowe apartamenty, a tak\u017ce orientalne Centrum SPA, gdzie go\u015bcie mog\u0105 zregenerowa\u0107 si\u0142y po intensywnym dniu pracy. <strong>Azzun <\/strong>to tak\u017ce wy\u015bmienita kuchnia w restauracji Sofra, plenerowa Wyspa Boho z jacuzzi i saunami, oraz liczne atrakcje na \u015bwie\u017cym powietrzu. To miejsce, gdzie ka\u017cda konferencja staje si\u0119 niezapomnianym do\u015bwiadczeniem, \u0142\u0105cz\u0105cym biznes z luksusem i spokojem.<\/p>\n\n\n\n<figure class=\"wp-block-image size-full\"><a href=\"https:\/\/www.mojekonferencje.pl\/blog\/wp-content\/uploads\/2024\/08\/2.jpg\"><img loading=\"lazy\" decoding=\"async\" width=\"960\" height=\"580\" src=\"https:\/\/www.mojekonferencje.pl\/blog\/wp-content\/uploads\/2024\/08\/2.jpg\" alt=\"\" class=\"wp-image-5453 lazyload\" data-srcset=\"https:\/\/www.mojekonferencje.pl\/blog\/wp-content\/uploads\/2024\/08\/2.jpg 960w, https:\/\/www.mojekonferencje.pl\/blog\/wp-content\/uploads\/2024\/08\/2-300x181.jpg 300w, https:\/\/www.mojekonferencje.pl\/blog\/wp-content\/uploads\/2024\/08\/2-768x464.jpg 768w\" sizes=\"auto\" \/><\/a><\/figure>\n\n\n\n<h2 class=\"wp-block-heading has-text-align-center has-vivid-purple-color has-text-color has-link-color wp-elements-217c1baed8e8f285eb669cab347c675a\"><a href=\"https:\/\/www.mojekonferencje.pl\/pluski\/hotel-warmia-park\"><span style=\"text-decoration: underline;\">Hotel WARMIA PARK<\/span><\/a><\/h2>\n\n\n\n<p>\u00d3w <strong>hotel na Warmii<\/strong>, po\u0142o\u017cony w sercu malowniczej Puszczy Napiwodzko-Ramuckiej, to idealne miejsce na organizacj\u0119 event\u00f3w biznesowych w pi\u0119knych okoliczno\u015bciach przyrody. Blisko\u015b\u0107 jezior Pluszne i \u0141a\u0144skie, a tak\u017ce niedaleka odleg\u0142o\u015b\u0107 od Olsztyna sprawiaj\u0105, \u017ce hotel jest doskona\u0142\u0105 lokalizacj\u0105 dla konferencji, szkole\u0144 oraz spotka\u0144 firmowych. <strong>Warmia Park <\/strong>oferuje trzy nowoczesne sale konferencyjne, kt\u00f3re mog\u0105 pomie\u015bci\u0107 do 126 os\u00f3b, oraz 53 komfortowe pokoje, w tym eleganckie apartamenty. <\/p>\n\n\n\n<p>Hotel wyr\u00f3\u017cnia si\u0119 unikalnym po\u0142\u0105czeniem przytulno\u015bci i luksusu, a jego restauracja serwuje dania inspirowane lokalnymi smakami. Po intensywnym dniu pracy go\u015bcie mog\u0105 zrelaksowa\u0107 si\u0119 w rozbudowanym aquaparku, korzystaj\u0105c z basen\u00f3w, saun i jacuzzi, lub zregenerowa\u0107 si\u0142y w Medical SPA. Bogata oferta atrakcji na \u015bwie\u017cym powietrzu, takich jak sp\u0142ywy kajakowe, ogniska czy wycieczki rowerowe, sprawia, \u017ce Warmia Park to miejsce, gdzie praca i relaks id\u0105 w parze.<\/p>\n\n\n\n<figure class=\"wp-block-image size-large\"><a href=\"https:\/\/www.mojekonferencje.pl\/blog\/wp-content\/uploads\/2024\/08\/3_Easy-Resize.com_.jpg\"><img loading=\"lazy\" decoding=\"async\" width=\"1024\" height=\"624\" src=\"https:\/\/www.mojekonferencje.pl\/blog\/wp-content\/uploads\/2024\/08\/3_Easy-Resize.com_-1024x624.jpg\" alt=\"\" class=\"wp-image-5454 lazyload\" data-srcset=\"https:\/\/www.mojekonferencje.pl\/blog\/wp-content\/uploads\/2024\/08\/3_Easy-Resize.com_-1024x624.jpg 1024w, https:\/\/www.mojekonferencje.pl\/blog\/wp-content\/uploads\/2024\/08\/3_Easy-Resize.com_-300x183.jpg 300w, https:\/\/www.mojekonferencje.pl\/blog\/wp-content\/uploads\/2024\/08\/3_Easy-Resize.com_-768x468.jpg 768w, https:\/\/www.mojekonferencje.pl\/blog\/wp-content\/uploads\/2024\/08\/3_Easy-Resize.com_.jpg 1280w\" sizes=\"auto\" \/><\/a><\/figure>\n\n\n\n<h2 class=\"wp-block-heading has-text-align-center has-vivid-purple-color has-text-color has-link-color wp-elements-04fe92c06734830b3407759ca9f22c9b\"><a href=\"https:\/\/www.mojekonferencje.pl\/stawiguda-\/osrodek-wypoczynkowy-lansk-centrum-obslugi-kprm\"><span style=\"text-decoration: underline;\">O\u015brodek Wypoczynkowy \u0141a\u0144sk<\/span><\/a><\/h2>\n\n\n\n<p>Jest to wyj\u0105tkowe miejsce na organizacj\u0119 konferencji i event\u00f3w, po\u0142o\u017cone w samym sercu Puszczy Napiwodzko-Ramuckiej, nad brzegiem urokliwego Jeziora \u0141a\u0144sk. O\u015brodek dysponuje nowoczesnymi salami konferencyjnymi, komfortowymi miejscami noclegowymi oraz r\u00f3\u017cnorodnymi atrakcjami \u2013 od sport\u00f3w wodnych po malownicze trasy spacerowe. Ka\u017cdy z czekaj\u0105cych obiekt\u00f3w, od klimatycznych domk\u00f3w fi\u0144skich po eleganckie pokoje Premium, zapewnia go\u015bciom prywatno\u015b\u0107 i wygod\u0119. <\/p>\n\n\n\n<p><strong>O\u015brodek \u0141a\u0144sk<\/strong> to tak\u017ce doskona\u0142e miejsce na organizacj\u0119 imprez plenerowych. Ponadto restauracja serwuje tradycyjn\u0105 polsk\u0105 kuchni\u0119, a dodatkowym atutem jest mo\u017cliwo\u015b\u0107 organizacji spotka\u0144 na s\u0142onecznym tarasie z widokiem na jezioro. Dla go\u015bci ceni\u0105cych relaks przygotowano stref\u0119 wellness z basenem, saunami i jacuzzi. Czeka tam tak\u017ce wiele form aktywnego wypoczynku, w tym wypo\u017cyczalnia sprz\u0119tu wodnego, boiska sportowe i stadnina koni.<\/p>\n\n\n\n<figure class=\"wp-block-image size-large\"><a href=\"https:\/\/www.mojekonferencje.pl\/blog\/wp-content\/uploads\/2024\/08\/4_Easy-Resize.com_.jpg\"><img loading=\"lazy\" decoding=\"async\" width=\"1024\" height=\"576\" src=\"https:\/\/www.mojekonferencje.pl\/blog\/wp-content\/uploads\/2024\/08\/4_Easy-Resize.com_-1024x576.jpg\" alt=\"\" class=\"wp-image-5455 lazyload\" data-srcset=\"https:\/\/www.mojekonferencje.pl\/blog\/wp-content\/uploads\/2024\/08\/4_Easy-Resize.com_-1024x576.jpg 1024w, https:\/\/www.mojekonferencje.pl\/blog\/wp-content\/uploads\/2024\/08\/4_Easy-Resize.com_-300x169.jpg 300w, https:\/\/www.mojekonferencje.pl\/blog\/wp-content\/uploads\/2024\/08\/4_Easy-Resize.com_-768x432.jpg 768w, https:\/\/www.mojekonferencje.pl\/blog\/wp-content\/uploads\/2024\/08\/4_Easy-Resize.com_-640x360.jpg 640w, https:\/\/www.mojekonferencje.pl\/blog\/wp-content\/uploads\/2024\/08\/4_Easy-Resize.com_-320x180.jpg 320w, https:\/\/www.mojekonferencje.pl\/blog\/wp-content\/uploads\/2024\/08\/4_Easy-Resize.com_-480x270.jpg 480w, https:\/\/www.mojekonferencje.pl\/blog\/wp-content\/uploads\/2024\/08\/4_Easy-Resize.com_-960x540.jpg 960w, https:\/\/www.mojekonferencje.pl\/blog\/wp-content\/uploads\/2024\/08\/4_Easy-Resize.com_.jpg 1280w\" sizes=\"auto\" \/><\/a><\/figure>\n\n\n\n<h2 class=\"wp-block-heading has-text-align-center has-vivid-purple-color has-text-color has-link-color wp-elements-f676f16a399c63a9a86639bbd34a1dc7\"><a href=\"https:\/\/www.mojekonferencje.pl\/olsztyn\/warminski-hotel--conference\"><span style=\"text-decoration: underline;\">Warmi\u0144ski Hotel &amp; Conference<\/span><\/a><\/h2>\n\n\n\n<p>To kolejny obiekt reprezentuj\u0105cy<strong> najlepsze hotele na Warmii<\/strong>. To \u015bwietne miejsce na organizacj\u0119 event\u00f3w, szkole\u0144 i konferencji w samym sercu Olsztyna. Dzi\u0119ki blisko\u015bci kluczowych instytucji kulturalnych i sportowych oraz \u0142atwemu dost\u0119powi do malowniczej star\u00f3wki, hotel stanowi doskona\u0142\u0105 baz\u0119 dla go\u015bci zar\u00f3wno biznesowych, jak i turystycznych. Obiekt oferuje kompleks 8 wielofunkcyjnych, klimatyzowanych sal konferencyjnych o \u0142\u0105cznej powierzchni ponad 800 m\u00b2, wyposa\u017conych w nowoczesny sprz\u0119t audiowizualny. <\/p>\n\n\n\n<p>Hotel dysponuje jedn\u0105 z najwi\u0119kszych baz noclegowych w Olsztynie, oferuj\u0105c 134 komfortowe pokoje o zr\u00f3\u017cnicowanym standardzie, od Standard po luksusowe apartamenty. Go\u015bcie mog\u0105 r\u00f3wnie\u017c korzysta\u0107 z restauracji Nowoczesna, kt\u00f3ra serwuje wy\u015bmienite dania kuchni europejskiej z regionalnymi akcentami, idealnie nadaj\u0105cej si\u0119 do organizacji imprez okoliczno\u015bciowych. Dodatkowe atuty <strong>Warmi\u0144ski Hotel &amp; Conference<\/strong> to sauna, sala do \u0107wicze\u0144 oraz profesjonalna pomoc personelu w organizacji wszelkich atrakcji zwi\u0105zanych z pobytami integracyjnymi i szkoleniowymi. Hotel ten \u0142\u0105czy w sobie wygod\u0119, nowoczesno\u015b\u0107 i doskona\u0142\u0105 lokalizacj\u0119, co czyni go idealnym wyborem na ka\u017cde wydarzenie.<\/p>\n\n\n\n<figure class=\"wp-block-image size-full\"><a href=\"https:\/\/www.mojekonferencje.pl\/blog\/wp-content\/uploads\/2024\/08\/5.jpg\"><img loading=\"lazy\" decoding=\"async\" width=\"960\" height=\"580\" src=\"https:\/\/www.mojekonferencje.pl\/blog\/wp-content\/uploads\/2024\/08\/5.jpg\" alt=\"\" class=\"wp-image-5456 lazyload\" data-srcset=\"https:\/\/www.mojekonferencje.pl\/blog\/wp-content\/uploads\/2024\/08\/5.jpg 960w, https:\/\/www.mojekonferencje.pl\/blog\/wp-content\/uploads\/2024\/08\/5-300x181.jpg 300w, https:\/\/www.mojekonferencje.pl\/blog\/wp-content\/uploads\/2024\/08\/5-768x464.jpg 768w\" sizes=\"auto\" \/><\/a><\/figure>\n\n\n\n<h2 class=\"wp-block-heading has-text-align-center has-vivid-purple-color has-text-color has-link-color wp-elements-a304a2b1df72834f12b97de30fe98372\"><a href=\"https:\/\/www.mojekonferencje.pl\/olsztyn\/przystan-hotel--spa\"><span style=\"text-decoration: underline;\">Przysta\u0144 Hotel &amp; SPA<\/span><\/a><\/h2>\n\n\n\n<p>Jest to wyj\u0105tkowy <strong>hotel na Warmii<\/strong>, kt\u00f3ry idealnie \u0142\u0105czy nowoczesno\u015b\u0107 z malowniczym otoczeniem jeziora Ukiel. Po\u0142o\u017cony w Olsztynie, przy ulicy \u017beglarskiej 4, czterogwiazdkowy hotel oferuje doskona\u0142e warunki do organizacji konferencji, spotka\u0144 biznesowych i r\u00f3\u017cnorodnych event\u00f3w. Jego najwi\u0119kszym atutem jest lokalizacja bezpo\u015brednio przy linii brzegowej, co sprawia, \u017ce ponad 60% pokoi posiada zapieraj\u0105cy dech w piersiach widok na jezioro. Hotel dysponuje 12 nowoczesnymi salami konferencyjnymi, kt\u00f3re z \u0142atwo\u015bci\u0105 pomieszcz\u0105 zar\u00f3wno kameralne spotkania, jak i du\u017ce konferencje dla kilkuset uczestnik\u00f3w. <\/p>\n\n\n\n<p>Najwi\u0119ksza sala, po\u0142\u0105czona z kilku mniejszych, oferuje przestrze\u0144 dla a\u017c 500 os\u00f3b, co czyni j\u0105 idealnym miejscem na organizacj\u0119 imponuj\u0105cych wydarze\u0144. Opr\u00f3cz doskona\u0142ej infrastruktury konferencyjnej, <strong>Przysta\u0144 Hotel &amp; SPA <\/strong>oferuje luksusowe zakwaterowanie w 129 pokojach i apartamentach, kt\u00f3re \u0142\u0105cznie mog\u0105 pomie\u015bci\u0107 450 go\u015bci. Dwie restauracje serwuj\u0105ce wykwintne dania regionalne i europejskie, z wyj\u0105tkowymi specja\u0142ami z ryb i szerok\u0105 ofert\u0105 win, stanowi\u0105 idealne dope\u0142nienie ka\u017cdego eventu. Go\u015bcie mog\u0105 r\u00f3wnie\u017c korzysta\u0107 z bogatej oferty rekreacyjnej, w tym centrum SPA &amp; Wellness, krytego basenu, si\u0142owni oraz malowniczej pla\u017cy i mariny jachtowej.<\/p>\n\n\n\n<figure class=\"wp-block-image size-large\"><a href=\"https:\/\/www.mojekonferencje.pl\/blog\/wp-content\/uploads\/2024\/08\/6.jpg\"><img loading=\"lazy\" decoding=\"async\" width=\"1024\" height=\"655\" src=\"https:\/\/www.mojekonferencje.pl\/blog\/wp-content\/uploads\/2024\/08\/6-1024x655.jpg\" alt=\"\" class=\"wp-image-5457 lazyload\" data-srcset=\"https:\/\/www.mojekonferencje.pl\/blog\/wp-content\/uploads\/2024\/08\/6-1024x655.jpg 1024w, https:\/\/www.mojekonferencje.pl\/blog\/wp-content\/uploads\/2024\/08\/6-300x192.jpg 300w, https:\/\/www.mojekonferencje.pl\/blog\/wp-content\/uploads\/2024\/08\/6-768x492.jpg 768w, https:\/\/www.mojekonferencje.pl\/blog\/wp-content\/uploads\/2024\/08\/6.jpg 1406w\" sizes=\"auto\" \/><\/a><\/figure>\n\n\n\n<h2 class=\"wp-block-heading has-text-align-center has-vivid-purple-color has-text-color has-link-color wp-elements-6ef5945a8e5ff8f98a242f1b515289a1\"><a href=\"https:\/\/www.mojekonferencje.pl\/olsztyn\/hotel-hp-parkolsztyn\"><span style=\"text-decoration: underline;\">Hotel HP Park Olsztyn<\/span><\/a><\/h2>\n\n\n\n<p>To idealne miejsce dla organizator\u00f3w event\u00f3w, kt\u00f3rzy szukaj\u0105 wyj\u0105tkowej przestrzeni na swoje wydarzenie. Zlokalizowany na obrze\u017cach Olsztyna, hotel oferuje doskona\u0142\u0105 r\u00f3wnowag\u0119 mi\u0119dzy spokojem przyrody a miejskimi udogodnieniami. To perfekcyjne t\u0142o dla konferencji, spotka\u0144 biznesowych i szkole\u0144. Obiekt dysponuje pi\u0119cioma nowocze\u015bnie wyposa\u017conymi salami konferencyjnymi, kt\u00f3re dzi\u0119ki przesuwnym \u015bciankom mog\u0105 by\u0107 dowolnie \u0142\u0105czone, dostosowuj\u0105c przestrze\u0144 do potrzeb ka\u017cdego wydarzenia. <\/p>\n\n\n\n<p><strong>Hotel HP Park Olsztyn<\/strong> oferuje tak\u017ce malowniczy ogr\u00f3d, kt\u00f3ry stanowi idealne miejsce na przyj\u0119cia plenerowe, dodaj\u0105c elegancji i spokoju ka\u017cdej uroczysto\u015bci. Ponadto hotelowa restauracja serwuje wykwintne dania oparte na lokalnych sk\u0142adnikach, tworz\u0105c niezapomniane do\u015bwiadczenia kulinarne. Przestrze\u0144 restauracyjna, mog\u0105ca pomie\u015bci\u0107 do 150 os\u00f3b, doskonale sprawdza si\u0119 jako miejsce na bankiety i eventy. Profesjonalna obs\u0142uga hotelu dba o ka\u017cdy detal, zapewniaj\u0105c wsparcie na ka\u017cdym etapie organizacji wydarzenia. Dodatkowe us\u0142ugi cateringowe podnosz\u0105 presti\u017c ka\u017cdego eventu, a 97 komfortowych pokoi zapewnia go\u015bciom pe\u0142en relaks po dniu pe\u0142nym wra\u017ce\u0144.<\/p>\n\n\n\n<figure class=\"wp-block-image size-large\"><a href=\"https:\/\/www.mojekonferencje.pl\/blog\/wp-content\/uploads\/2024\/08\/7.jpg\"><img loading=\"lazy\" decoding=\"async\" width=\"1024\" height=\"682\" src=\"https:\/\/www.mojekonferencje.pl\/blog\/wp-content\/uploads\/2024\/08\/7-1024x682.jpg\" alt=\"\" class=\"wp-image-5458 lazyload\" data-srcset=\"https:\/\/www.mojekonferencje.pl\/blog\/wp-content\/uploads\/2024\/08\/7-1024x682.jpg 1024w, https:\/\/www.mojekonferencje.pl\/blog\/wp-content\/uploads\/2024\/08\/7-300x200.jpg 300w, https:\/\/www.mojekonferencje.pl\/blog\/wp-content\/uploads\/2024\/08\/7-768x512.jpg 768w, https:\/\/www.mojekonferencje.pl\/blog\/wp-content\/uploads\/2024\/08\/7.jpg 1351w\" sizes=\"auto\" \/><\/a><\/figure>\n\n\n\n<h2 class=\"wp-block-heading has-text-align-center has-vivid-purple-color has-text-color has-link-color wp-elements-764997a50f16941793e2561d629c5442\"><a href=\"https:\/\/www.mojekonferencje.pl\/jeziorany\/osada-debowo\"><span style=\"text-decoration: underline;\">Osada D\u0119bowo<\/span><\/a><\/h2>\n\n\n\n<p>Jest to <strong>wyj\u0105tkowe miejsce na Warmii<\/strong>, doskona\u0142e do organizacji wydarze\u0144 firmowych, szkole\u0144 czy wyjazd\u00f3w integracyjnych. Otoczona naturalnym pi\u0119knem przyrody, z dala od miejskiego zgie\u0142ku, Osada oferuje przestrze\u0144, w kt\u00f3rej praca i relaks harmonijnie si\u0119 \u0142\u0105cz\u0105. Trzy komfortowe sale konferencyjne, w tym najwi\u0119ksza na 120 os\u00f3b, s\u0105 doskonale wyposa\u017cone, a dodatkowo kompleks zapewnia wygodne noclegi w drewnianych domkach oraz przytulnych pokojach go\u015bcinnych. <\/p>\n\n\n\n<p><strong>Osada D\u0119bowo <\/strong>to nie tylko miejsce spotka\u0144 biznesowych, ale tak\u017ce oaza spokoju, gdzie mo\u017cna cieszy\u0107 si\u0119 blisko\u015bci\u0105 przyrody i darami natury. Gospodarstwo oferuje ekologiczne posi\u0142ki oparte na regionalnych specja\u0142ach, a tak\u017ce mo\u017cliwo\u015b\u0107 skosztowania w\u0119dlin i ryb z w\u0142asnej w\u0119dzarni. Dla urozmaicenia pobytu go\u015bcie mog\u0105 skorzysta\u0107 z wielu atrakcji, takich jak sp\u0142ywy kajakowe, warsztaty kulinarne, grzybobranie czy nordic walking.<\/p>\n\n\n\n<figure class=\"wp-block-image size-large\"><a href=\"https:\/\/www.mojekonferencje.pl\/blog\/wp-content\/uploads\/2024\/08\/8.jpg\"><img loading=\"lazy\" decoding=\"async\" width=\"1024\" height=\"683\" src=\"https:\/\/www.mojekonferencje.pl\/blog\/wp-content\/uploads\/2024\/08\/8-1024x683.jpg\" alt=\"\" class=\"wp-image-5459 lazyload\" data-srcset=\"https:\/\/www.mojekonferencje.pl\/blog\/wp-content\/uploads\/2024\/08\/8-1024x683.jpg 1024w, https:\/\/www.mojekonferencje.pl\/blog\/wp-content\/uploads\/2024\/08\/8-300x200.jpg 300w, https:\/\/www.mojekonferencje.pl\/blog\/wp-content\/uploads\/2024\/08\/8-768x512.jpg 768w, https:\/\/www.mojekonferencje.pl\/blog\/wp-content\/uploads\/2024\/08\/8-1536x1025.jpg 1536w, https:\/\/www.mojekonferencje.pl\/blog\/wp-content\/uploads\/2024\/08\/8.jpg 2048w\" sizes=\"auto\" \/><\/a><\/figure>\n\n\n\n<h2 class=\"wp-block-heading has-text-align-center\"><a href=\"https:\/\/www.mojekonferencje.pl\/olsztyn\/villa-garden-dyplomat\"><mark style=\"background-color:rgba(0, 0, 0, 0)\" class=\"has-inline-color has-vivid-purple-color\"><span style=\"text-decoration: underline;\">Villa Garden Dyplomat<\/span><\/mark><\/a><\/h2>\n\n\n\n<p>To elegancki obiekt w zabytkowej kamienicy w Olsztynie, gdzie klasyczna architektura spotyka si\u0119 z nowoczesnym komfortem. Villa Garden Dyplomat oferuje<strong> 20 stylowo urz\u0105dzonych pokoi<\/strong>, idealnych zar\u00f3wno dla go\u015bci biznesowych, jak i turyst\u00f3w. <\/p>\n\n\n\n<p>Na ostatnim pi\u0119trze obiektu mie\u015bci si\u0119 elegancki <strong>Gabinet Biznesowy \u201eSky View\u201d<\/strong> dla 46 os\u00f3b, kt\u00f3ry oferuje wyj\u0105tkowe warunki do organizacji spotka\u0144 zarz\u0105du, prezentacji, warsztat\u00f3w, rekrutacji, negocjacji czy kameralnych konferencji.<\/p>\n\n\n\n<p>Na miejscu dzia\u0142a <strong>restauracja BOSCO<\/strong> \u2013 po\u0142\u0105czenie warmi\u0144skich smak\u00f3w i w\u0142oskiej filozofii \u017cycia \u2013 kt\u00f3ra oferuje zar\u00f3wno codzienne posi\u0142ki, jak i kompleksow\u0105 obs\u0142ug\u0119 event\u00f3w. Villa Garden Dyplomat wyr\u00f3\u017cnia si\u0119 kameraln\u0105 atmosfer\u0105, wysokim standardem obs\u0142ugi i dogodn\u0105 lokalizacj\u0105 w centrum miasta.<\/p>\n\n\n\n<figure class=\"wp-block-gallery has-nested-images columns-default is-cropped wp-block-gallery-2 is-layout-flex wp-block-gallery-is-layout-flex\">\n<figure class=\"wp-block-image size-full\"><a href=\"https:\/\/www.mojekonferencje.pl\/blog\/wp-content\/uploads\/2024\/08\/20240803-134659-960x580-1.webp\"><img loading=\"lazy\" decoding=\"async\" width=\"960\" height=\"580\" data-id=\"6904\" src=\"https:\/\/www.mojekonferencje.pl\/blog\/wp-content\/uploads\/2024\/08\/20240803-134659-960x580-1.webp\" alt=\"\" class=\"wp-image-6904 lazyload\" data-srcset=\"https:\/\/www.mojekonferencje.pl\/blog\/wp-content\/uploads\/2024\/08\/20240803-134659-960x580-1.webp 960w, https:\/\/www.mojekonferencje.pl\/blog\/wp-content\/uploads\/2024\/08\/20240803-134659-960x580-1-300x181.webp 300w, https:\/\/www.mojekonferencje.pl\/blog\/wp-content\/uploads\/2024\/08\/20240803-134659-960x580-1-768x464.webp 768w\" sizes=\"auto\" \/><\/a><\/figure>\n<\/figure>\n","protected":false},"excerpt":{"rendered":"<p>Odkryj najlepsze hotele na Warmii, idealne do organizacji konferencji, szkole\u0144 i spotka\u0144 biznesowych. Po\u0142\u0105cz komfort pracy z relaksem w malowniczym otoczeniu!<\/p>\n","protected":false},"author":9,"featured_media":5451,"comment_status":"closed","ping_status":"closed","sticky":false,"template":"","format":"standard","meta":{"_acf_changed":false,"footnotes":""},"categories":[8,175],"tags":[368,367,271,354],"class_list":["post-5450","post","type-post","status-publish","format-standard","has-post-thumbnail","hentry","category-porady","category-wybieranie-miejsca-konferencyjnego","tag-hotel","tag-hotele","tag-hotele-konferencyjne","tag-organizacja-wydarzen"],"acf":[],"yoast_head":"<!-- This site is optimized with the Yoast SEO plugin v27.1.1 - https:\/\/yoast.com\/product\/yoast-seo-wordpress\/ -->\n<title>Najlepsze hotele na Warmii - blog | MojeKonferencje.pl<\/title>\n<meta name=\"description\" content=\"Najlepsze hotele na Warmii - blog | MojeKonferencje.pl\" \/>\n<meta name=\"robots\" content=\"index, follow, max-snippet:-1, max-image-preview:large, max-video-preview:-1\" \/>\n<link rel=\"canonical\" href=\"https:\/\/www.mojekonferencje.pl\/blog\/najlepsze-hotele-na-warmii\/\" \/>\n<meta property=\"og:locale\" content=\"pl_PL\" \/>\n<meta property=\"og:type\" content=\"article\" \/>\n<meta property=\"og:title\" content=\"Najlepsze hotele na Warmii - blog | MojeKonferencje.pl\" \/>\n<meta property=\"og:description\" content=\"Najlepsze hotele na Warmii - blog | MojeKonferencje.pl\" \/>\n<meta property=\"og:url\" content=\"https:\/\/www.mojekonferencje.pl\/blog\/najlepsze-hotele-na-warmii\/\" \/>\n<meta property=\"og:site_name\" content=\"MojeKonferencje.pl\" \/>\n<meta property=\"article:published_time\" content=\"2024-08-20T14:00:00+00:00\" \/>\n<meta property=\"article:modified_time\" content=\"2025-05-07T15:33:42+00:00\" \/>\n<meta property=\"og:image\" content=\"https:\/\/www.mojekonferencje.pl\/blog\/wp-content\/uploads\/2024\/08\/Fotoram.io-2024-08-25T145207.245.jpg\" \/>\n\t<meta property=\"og:image:width\" content=\"1200\" \/>\n\t<meta property=\"og:image:height\" content=\"720\" \/>\n\t<meta property=\"og:image:type\" content=\"image\/jpeg\" \/>\n<meta name=\"author\" content=\"Olga Stawicka-Iwanowska\" \/>\n<meta name=\"twitter:card\" content=\"summary_large_image\" \/>\n<meta name=\"twitter:label1\" content=\"Napisane przez\" \/>\n\t<meta name=\"twitter:data1\" content=\"Olga Stawicka-Iwanowska\" \/>\n\t<meta name=\"twitter:label2\" content=\"Szacowany czas czytania\" \/>\n\t<meta name=\"twitter:data2\" content=\"10 minut\" \/>\n<script type=\"application\/ld+json\" class=\"yoast-schema-graph\">{\"@context\":\"https:\/\/schema.org\",\"@graph\":[{\"@type\":\"Article\",\"@id\":\"https:\/\/www.mojekonferencje.pl\/blog\/najlepsze-hotele-na-warmii\/#article\",\"isPartOf\":{\"@id\":\"https:\/\/www.mojekonferencje.pl\/blog\/najlepsze-hotele-na-warmii\/\"},\"author\":{\"name\":\"Olga Stawicka-Iwanowska\",\"@id\":\"https:\/\/www.mojekonferencje.pl\/blog\/#\/schema\/person\/d6751ca3c60de9ec17ee21b744bbb2d4\"},\"headline\":\"Najlepsze hotele na Warmii\",\"datePublished\":\"2024-08-20T14:00:00+00:00\",\"dateModified\":\"2025-05-07T15:33:42+00:00\",\"mainEntityOfPage\":{\"@id\":\"https:\/\/www.mojekonferencje.pl\/blog\/najlepsze-hotele-na-warmii\/\"},\"wordCount\":1503,\"image\":{\"@id\":\"https:\/\/www.mojekonferencje.pl\/blog\/najlepsze-hotele-na-warmii\/#primaryimage\"},\"thumbnailUrl\":\"https:\/\/www.mojekonferencje.pl\/blog\/wp-content\/uploads\/2024\/08\/Fotoram.io-2024-08-25T145207.245.jpg\",\"keywords\":[\"hotel\",\"hotele\",\"hotele konferencyjne\",\"organizacja wydarze\u0144\"],\"articleSection\":[\"Porady\",\"Wybieranie miejsca konferencyjnego\"],\"inLanguage\":\"pl-PL\"},{\"@type\":\"WebPage\",\"@id\":\"https:\/\/www.mojekonferencje.pl\/blog\/najlepsze-hotele-na-warmii\/\",\"url\":\"https:\/\/www.mojekonferencje.pl\/blog\/najlepsze-hotele-na-warmii\/\",\"name\":\"Najlepsze hotele na Warmii - blog | MojeKonferencje.pl\",\"isPartOf\":{\"@id\":\"https:\/\/www.mojekonferencje.pl\/blog\/#website\"},\"primaryImageOfPage\":{\"@id\":\"https:\/\/www.mojekonferencje.pl\/blog\/najlepsze-hotele-na-warmii\/#primaryimage\"},\"image\":{\"@id\":\"https:\/\/www.mojekonferencje.pl\/blog\/najlepsze-hotele-na-warmii\/#primaryimage\"},\"thumbnailUrl\":\"https:\/\/www.mojekonferencje.pl\/blog\/wp-content\/uploads\/2024\/08\/Fotoram.io-2024-08-25T145207.245.jpg\",\"datePublished\":\"2024-08-20T14:00:00+00:00\",\"dateModified\":\"2025-05-07T15:33:42+00:00\",\"author\":{\"@id\":\"https:\/\/www.mojekonferencje.pl\/blog\/#\/schema\/person\/d6751ca3c60de9ec17ee21b744bbb2d4\"},\"description\":\"Najlepsze hotele na Warmii - blog | MojeKonferencje.pl\",\"breadcrumb\":{\"@id\":\"https:\/\/www.mojekonferencje.pl\/blog\/najlepsze-hotele-na-warmii\/#breadcrumb\"},\"inLanguage\":\"pl-PL\",\"potentialAction\":[{\"@type\":\"ReadAction\",\"target\":[\"https:\/\/www.mojekonferencje.pl\/blog\/najlepsze-hotele-na-warmii\/\"]}]},{\"@type\":\"ImageObject\",\"inLanguage\":\"pl-PL\",\"@id\":\"https:\/\/www.mojekonferencje.pl\/blog\/najlepsze-hotele-na-warmii\/#primaryimage\",\"url\":\"https:\/\/www.mojekonferencje.pl\/blog\/wp-content\/uploads\/2024\/08\/Fotoram.io-2024-08-25T145207.245.jpg\",\"contentUrl\":\"https:\/\/www.mojekonferencje.pl\/blog\/wp-content\/uploads\/2024\/08\/Fotoram.io-2024-08-25T145207.245.jpg\",\"width\":1200,\"height\":720,\"caption\":\"Najlepsze hotele na Warmii\"},{\"@type\":\"BreadcrumbList\",\"@id\":\"https:\/\/www.mojekonferencje.pl\/blog\/najlepsze-hotele-na-warmii\/#breadcrumb\",\"itemListElement\":[{\"@type\":\"ListItem\",\"position\":1,\"name\":\"Strona g\u0142\u00f3wna\",\"item\":\"https:\/\/www.mojekonferencje.pl\/blog\/\"},{\"@type\":\"ListItem\",\"position\":2,\"name\":\"Najlepsze hotele na Warmii\"}]},{\"@type\":\"WebSite\",\"@id\":\"https:\/\/www.mojekonferencje.pl\/blog\/#website\",\"url\":\"https:\/\/www.mojekonferencje.pl\/blog\/\",\"name\":\"MojeKonferencje.pl\",\"description\":\"Blog bran\u017cy szkoleniowo-konferencyjnej. W\u0142\u0105cz si\u0119 do dyskusji o obiektach konferencyjnych i nowo\u015bciach z bran\u017cy! Poznaj porady odno\u015bnie organizacji konferencji, szkole\u0144 i event\u00f3w firmowych! Zach\u0119camy do wyra\u017cania opinii oraz komentarzy.\",\"potentialAction\":[{\"@type\":\"SearchAction\",\"target\":{\"@type\":\"EntryPoint\",\"urlTemplate\":\"https:\/\/www.mojekonferencje.pl\/blog\/?s={search_term_string}\"},\"query-input\":{\"@type\":\"PropertyValueSpecification\",\"valueRequired\":true,\"valueName\":\"search_term_string\"}}],\"inLanguage\":\"pl-PL\"},{\"@type\":\"Person\",\"@id\":\"https:\/\/www.mojekonferencje.pl\/blog\/#\/schema\/person\/d6751ca3c60de9ec17ee21b744bbb2d4\",\"name\":\"Olga Stawicka-Iwanowska\",\"description\":\"Head of Marketing z ponad sze\u015bcioletnim do\u015bwiadczeniem w bran\u017cy MICE. Na co dzie\u0144 zajmuje si\u0119 content marketingiem i promocj\u0105 obiekt\u00f3w eventowych, tak aby organizatorzy kongres\u00f3w, targ\u00f3w i konferencji wiedzieli, \u017ce w\u0142a\u015bnie tam warto zrealizowa\u0107 swoje wydarzenie. Prowadzi media spo\u0142eczno\u015bciowe, tworzy strategie komunikacji, pisze artyku\u0142y i dba o sp\u00f3jny wizerunek marki w ka\u017cdym kanale. W swojej pracy \u0142\u0105czy analityczne my\u015blenie z kreatywno\u015bci\u0105 i dobrym copy. Wsp\u00f3\u0142pracuje zar\u00f3wno z organizatorami najwi\u0119kszych wydarze\u0144 w Polsce, jak i z regionalnymi partnerami z bran\u017cy. Po godzinach mi\u0142o\u015bniczka podr\u00f3\u017cy po Europie, dobrej kuchni i klimatycznych miejsc, w kt\u00f3rych mo\u017cna z\u0142apa\u0107 oddech.\",\"sameAs\":[\"http:\/\/MojeKonferencje.pl\",\"https:\/\/www.linkedin.com\/in\/olgastawicka\/\"],\"url\":\"https:\/\/www.mojekonferencje.pl\/blog\/author\/osawicka\/\"}]}<\/script>\n<!-- \/ Yoast SEO plugin. -->","yoast_head_json":{"title":"Najlepsze hotele na Warmii - blog | MojeKonferencje.pl","description":"Najlepsze hotele na Warmii - blog | MojeKonferencje.pl","robots":{"index":"index","follow":"follow","max-snippet":"max-snippet:-1","max-image-preview":"max-image-preview:large","max-video-preview":"max-video-preview:-1"},"canonical":"https:\/\/www.mojekonferencje.pl\/blog\/najlepsze-hotele-na-warmii\/","og_locale":"pl_PL","og_type":"article","og_title":"Najlepsze hotele na Warmii - blog | MojeKonferencje.pl","og_description":"Najlepsze hotele na Warmii - blog | MojeKonferencje.pl","og_url":"https:\/\/www.mojekonferencje.pl\/blog\/najlepsze-hotele-na-warmii\/","og_site_name":"MojeKonferencje.pl","article_published_time":"2024-08-20T14:00:00+00:00","article_modified_time":"2025-05-07T15:33:42+00:00","og_image":[{"width":1200,"height":720,"url":"https:\/\/www.mojekonferencje.pl\/blog\/wp-content\/uploads\/2024\/08\/Fotoram.io-2024-08-25T145207.245.jpg","type":"image\/jpeg"}],"author":"Olga Stawicka-Iwanowska","twitter_card":"summary_large_image","twitter_misc":{"Napisane przez":"Olga Stawicka-Iwanowska","Szacowany czas czytania":"10 minut"},"schema":{"@context":"https:\/\/schema.org","@graph":[{"@type":"Article","@id":"https:\/\/www.mojekonferencje.pl\/blog\/najlepsze-hotele-na-warmii\/#article","isPartOf":{"@id":"https:\/\/www.mojekonferencje.pl\/blog\/najlepsze-hotele-na-warmii\/"},"author":{"name":"Olga Stawicka-Iwanowska","@id":"https:\/\/www.mojekonferencje.pl\/blog\/#\/schema\/person\/d6751ca3c60de9ec17ee21b744bbb2d4"},"headline":"Najlepsze hotele na Warmii","datePublished":"2024-08-20T14:00:00+00:00","dateModified":"2025-05-07T15:33:42+00:00","mainEntityOfPage":{"@id":"https:\/\/www.mojekonferencje.pl\/blog\/najlepsze-hotele-na-warmii\/"},"wordCount":1503,"image":{"@id":"https:\/\/www.mojekonferencje.pl\/blog\/najlepsze-hotele-na-warmii\/#primaryimage"},"thumbnailUrl":"https:\/\/www.mojekonferencje.pl\/blog\/wp-content\/uploads\/2024\/08\/Fotoram.io-2024-08-25T145207.245.jpg","keywords":["hotel","hotele","hotele konferencyjne","organizacja wydarze\u0144"],"articleSection":["Porady","Wybieranie miejsca konferencyjnego"],"inLanguage":"pl-PL"},{"@type":"WebPage","@id":"https:\/\/www.mojekonferencje.pl\/blog\/najlepsze-hotele-na-warmii\/","url":"https:\/\/www.mojekonferencje.pl\/blog\/najlepsze-hotele-na-warmii\/","name":"Najlepsze hotele na Warmii - blog | MojeKonferencje.pl","isPartOf":{"@id":"https:\/\/www.mojekonferencje.pl\/blog\/#website"},"primaryImageOfPage":{"@id":"https:\/\/www.mojekonferencje.pl\/blog\/najlepsze-hotele-na-warmii\/#primaryimage"},"image":{"@id":"https:\/\/www.mojekonferencje.pl\/blog\/najlepsze-hotele-na-warmii\/#primaryimage"},"thumbnailUrl":"https:\/\/www.mojekonferencje.pl\/blog\/wp-content\/uploads\/2024\/08\/Fotoram.io-2024-08-25T145207.245.jpg","datePublished":"2024-08-20T14:00:00+00:00","dateModified":"2025-05-07T15:33:42+00:00","author":{"@id":"https:\/\/www.mojekonferencje.pl\/blog\/#\/schema\/person\/d6751ca3c60de9ec17ee21b744bbb2d4"},"description":"Najlepsze hotele na Warmii - blog | MojeKonferencje.pl","breadcrumb":{"@id":"https:\/\/www.mojekonferencje.pl\/blog\/najlepsze-hotele-na-warmii\/#breadcrumb"},"inLanguage":"pl-PL","potentialAction":[{"@type":"ReadAction","target":["https:\/\/www.mojekonferencje.pl\/blog\/najlepsze-hotele-na-warmii\/"]}]},{"@type":"ImageObject","inLanguage":"pl-PL","@id":"https:\/\/www.mojekonferencje.pl\/blog\/najlepsze-hotele-na-warmii\/#primaryimage","url":"https:\/\/www.mojekonferencje.pl\/blog\/wp-content\/uploads\/2024\/08\/Fotoram.io-2024-08-25T145207.245.jpg","contentUrl":"https:\/\/www.mojekonferencje.pl\/blog\/wp-content\/uploads\/2024\/08\/Fotoram.io-2024-08-25T145207.245.jpg","width":1200,"height":720,"caption":"Najlepsze hotele na Warmii"},{"@type":"BreadcrumbList","@id":"https:\/\/www.mojekonferencje.pl\/blog\/najlepsze-hotele-na-warmii\/#breadcrumb","itemListElement":[{"@type":"ListItem","position":1,"name":"Strona g\u0142\u00f3wna","item":"https:\/\/www.mojekonferencje.pl\/blog\/"},{"@type":"ListItem","position":2,"name":"Najlepsze hotele na Warmii"}]},{"@type":"WebSite","@id":"https:\/\/www.mojekonferencje.pl\/blog\/#website","url":"https:\/\/www.mojekonferencje.pl\/blog\/","name":"MojeKonferencje.pl","description":"Blog bran\u017cy szkoleniowo-konferencyjnej. W\u0142\u0105cz si\u0119 do dyskusji o obiektach konferencyjnych i nowo\u015bciach z bran\u017cy! Poznaj porady odno\u015bnie organizacji konferencji, szkole\u0144 i event\u00f3w firmowych! Zach\u0119camy do wyra\u017cania opinii oraz komentarzy.","potentialAction":[{"@type":"SearchAction","target":{"@type":"EntryPoint","urlTemplate":"https:\/\/www.mojekonferencje.pl\/blog\/?s={search_term_string}"},"query-input":{"@type":"PropertyValueSpecification","valueRequired":true,"valueName":"search_term_string"}}],"inLanguage":"pl-PL"},{"@type":"Person","@id":"https:\/\/www.mojekonferencje.pl\/blog\/#\/schema\/person\/d6751ca3c60de9ec17ee21b744bbb2d4","name":"Olga Stawicka-Iwanowska","description":"Head of Marketing z ponad sze\u015bcioletnim do\u015bwiadczeniem w bran\u017cy MICE. Na co dzie\u0144 zajmuje si\u0119 content marketingiem i promocj\u0105 obiekt\u00f3w eventowych, tak aby organizatorzy kongres\u00f3w, targ\u00f3w i konferencji wiedzieli, \u017ce w\u0142a\u015bnie tam warto zrealizowa\u0107 swoje wydarzenie. Prowadzi media spo\u0142eczno\u015bciowe, tworzy strategie komunikacji, pisze artyku\u0142y i dba o sp\u00f3jny wizerunek marki w ka\u017cdym kanale. W swojej pracy \u0142\u0105czy analityczne my\u015blenie z kreatywno\u015bci\u0105 i dobrym copy. Wsp\u00f3\u0142pracuje zar\u00f3wno z organizatorami najwi\u0119kszych wydarze\u0144 w Polsce, jak i z regionalnymi partnerami z bran\u017cy. Po godzinach mi\u0142o\u015bniczka podr\u00f3\u017cy po Europie, dobrej kuchni i klimatycznych miejsc, w kt\u00f3rych mo\u017cna z\u0142apa\u0107 oddech.","sameAs":["http:\/\/MojeKonferencje.pl","https:\/\/www.linkedin.com\/in\/olgastawicka\/"],"url":"https:\/\/www.mojekonferencje.pl\/blog\/author\/osawicka\/"}]}},"_links":{"self":[{"href":"https:\/\/www.mojekonferencje.pl\/blog\/wp-json\/wp\/v2\/posts\/5450","targetHints":{"allow":["GET"]}}],"collection":[{"href":"https:\/\/www.mojekonferencje.pl\/blog\/wp-json\/wp\/v2\/posts"}],"about":[{"href":"https:\/\/www.mojekonferencje.pl\/blog\/wp-json\/wp\/v2\/types\/post"}],"author":[{"embeddable":true,"href":"https:\/\/www.mojekonferencje.pl\/blog\/wp-json\/wp\/v2\/users\/9"}],"replies":[{"embeddable":true,"href":"https:\/\/www.mojekonferencje.pl\/blog\/wp-json\/wp\/v2\/comments?post=5450"}],"version-history":[{"count":2,"href":"https:\/\/www.mojekonferencje.pl\/blog\/wp-json\/wp\/v2\/posts\/5450\/revisions"}],"predecessor-version":[{"id":6905,"href":"https:\/\/www.mojekonferencje.pl\/blog\/wp-json\/wp\/v2\/posts\/5450\/revisions\/6905"}],"wp:featuredmedia":[{"embeddable":true,"href":"https:\/\/www.mojekonferencje.pl\/blog\/wp-json\/wp\/v2\/media\/5451"}],"wp:attachment":[{"href":"https:\/\/www.mojekonferencje.pl\/blog\/wp-json\/wp\/v2\/media?parent=5450"}],"wp:term":[{"taxonomy":"category","embeddable":true,"href":"https:\/\/www.mojekonferencje.pl\/blog\/wp-json\/wp\/v2\/categories?post=5450"},{"taxonomy":"post_tag","embeddable":true,"href":"https:\/\/www.mojekonferencje.pl\/blog\/wp-json\/wp\/v2\/tags?post=5450"}],"curies":[{"name":"wp","href":"https:\/\/api.w.org\/{rel}","templated":true}]}}